{"id":19583,"date":"2019-05-27T12:52:21","date_gmt":"2019-05-27T10:52:21","guid":{"rendered":"https:\/\/www.jazzzeitung.de\/cms\/?p=19583"},"modified":"2019-05-27T12:52:21","modified_gmt":"2019-05-27T10:52:21","slug":"union-deutscher-jazzmusiker-udj-in-deutsche-jazzunion-umbenannt","status":"publish","type":"post","link":"https:\/\/www.jazzzeitung.de\/cms\/2019\/05\/union-deutscher-jazzmusiker-udj-in-deutsche-jazzunion-umbenannt\/","title":{"rendered":"\u201eUnion Deutscher Jazzmusiker\u201c (UDJ) in \u201eDeutsche Jazzunion\u201c umbenannt"},"content":{"rendered":"<p><strong>Berlin, 27.05.2019<\/strong> | Die Interessenvertretung der Jazzmusikerinnen und -musiker in Deutschland hat einen neuen Namen. Die Mitglieder des 1973 gegr\u00fcndeten Verbands beschlossen auf ihrer Mitgliederversammlung in Bremen, den Namen \u201eUnion Deutscher Jazzmusiker\u201c in \u201eDeutsche Jazzunion\u201c zu \u00e4ndern. Mit der Namens\u00e4nderung will der Verband als Sprachrohr der Jazzmusiker*innen in Deutschland der gro\u00dfen Vielfalt von Jazzschaffenden in Deutschland Rechnung tragen.<\/p>\n<figure id=\"attachment_19584\" aria-describedby=\"caption-attachment-19584\" style=\"width: 200px\" class=\"wp-caption alignleft\"><a href=\"https:\/\/i0.wp.com\/www.jazzzeitung.de\/cms\/wp-content\/uploads\/2019\/05\/877d186a-5d26-48eb-9cfe-9c545847e371.jpg?ssl=1\"><img data-recalc-dims=\"1\" loading=\"lazy\" decoding=\"async\" data-attachment-id=\"19584\" data-permalink=\"https:\/\/www.jazzzeitung.de\/cms\/2019\/05\/union-deutscher-jazzmusiker-udj-in-deutsche-jazzunion-umbenannt\/877d186a-5d26-48eb-9cfe-9c545847e371\/\" data-orig-file=\"https:\/\/i0.wp.com\/www.jazzzeitung.de\/cms\/wp-content\/uploads\/2019\/05\/877d186a-5d26-48eb-9cfe-9c545847e371.jpg?fit=3072%2C4608&amp;ssl=1\" data-orig-size=\"3072,4608\" data-comments-opened=\"1\" data-image-meta=\"{&quot;aperture&quot;:&quot;5.6&quot;,&quot;credit&quot;:&quot;Manuel Miethe&quot;,&quot;camera&quot;:&quot;NIKON D3100&quot;,&quot;caption&quot;:&quot;&quot;,&quot;created_timestamp&quot;:&quot;1435588740&quot;,&quot;copyright&quot;:&quot;2015 - Manuel Miethe&quot;,&quot;focal_length&quot;:&quot;55&quot;,&quot;iso&quot;:&quot;200&quot;,&quot;shutter_speed&quot;:&quot;0.008&quot;,&quot;title&quot;:&quot;&quot;,&quot;orientation&quot;:&quot;1&quot;}\" data-image-title=\"\" data-image-description=\"\" data-image-caption=\"\" data-large-file=\"https:\/\/i0.wp.com\/www.jazzzeitung.de\/cms\/wp-content\/uploads\/2019\/05\/877d186a-5d26-48eb-9cfe-9c545847e371.jpg?fit=400%2C600&amp;ssl=1\" class=\"wp-image-19584 size-medium\" src=\"https:\/\/i0.wp.com\/www.jazzzeitung.de\/cms\/wp-content\/uploads\/2019\/05\/877d186a-5d26-48eb-9cfe-9c545847e371.jpg?resize=200%2C300&#038;ssl=1\" alt=\"\" width=\"200\" height=\"300\" srcset=\"https:\/\/i0.wp.com\/www.jazzzeitung.de\/cms\/wp-content\/uploads\/2019\/05\/877d186a-5d26-48eb-9cfe-9c545847e371.jpg?resize=200%2C300&amp;ssl=1 200w, https:\/\/i0.wp.com\/www.jazzzeitung.de\/cms\/wp-content\/uploads\/2019\/05\/877d186a-5d26-48eb-9cfe-9c545847e371.jpg?resize=768%2C1152&amp;ssl=1 768w, https:\/\/i0.wp.com\/www.jazzzeitung.de\/cms\/wp-content\/uploads\/2019\/05\/877d186a-5d26-48eb-9cfe-9c545847e371.jpg?resize=400%2C600&amp;ssl=1 400w, https:\/\/i0.wp.com\/www.jazzzeitung.de\/cms\/wp-content\/uploads\/2019\/05\/877d186a-5d26-48eb-9cfe-9c545847e371.jpg?resize=1320%2C1980&amp;ssl=1 1320w, https:\/\/i0.wp.com\/www.jazzzeitung.de\/cms\/wp-content\/uploads\/2019\/05\/877d186a-5d26-48eb-9cfe-9c545847e371.jpg?w=1680&amp;ssl=1 1680w, https:\/\/i0.wp.com\/www.jazzzeitung.de\/cms\/wp-content\/uploads\/2019\/05\/877d186a-5d26-48eb-9cfe-9c545847e371.jpg?w=2520&amp;ssl=1 2520w\" sizes=\"auto, (max-width: 200px) 100vw, 200px\" \/><\/a><figcaption id=\"caption-attachment-19584\" class=\"wp-caption-text\">Nikolaus Neuser, Vorsitzender der Deutschen Jazzunion. Foto: Deutsche Jazzunion<\/figcaption><\/figure>\n<p>\u201eMit dem neuen Namen \u201eDeutsche Jazzunion\u201c bringen wir ganz klar zum Ausdruck, dass die Gleichberechtigung von Jazzschaffenden jeglichen Geschlechts eine Selbstverst\u00e4ndlichkeit ist, f\u00fcr die wir alle gemeinsam eintreten!\u201c, sagte Nikolaus Neuser, Vorsitzender der Deutschen Jazzunion. \u201eZudem machen wir damit deutlich, dass wir uns keineswegs nur f\u00fcr deutsche Kolleginnen und Kollegen einsetzen, sondern f\u00fcr die Belange aller Musikerinnen und Musiker, die zur hiesigen Jazzszene geh\u00f6ren \u2013 egal, welcher Herkunft.\u201c<\/p>\n<p>Der Namens\u00e4nderung war die Ver\u00f6ffentlichung einer gemeinsamen Erkl\u00e4rung zur Gleichstellung von Frauen im Jazz im Herbst 2018 vorausgegangen, der sich \u00fcber 450 Personen und Institutionen der Jazzszene angeschlossen haben. Darin beschreibt der Verband m\u00f6gliche Gr\u00fcnde f\u00fcr den geringen Frauenanteil im Jazz, vor allem unter den Instrumentalisten. Das ungleiche Verh\u00e4ltnis entstehe bereits im Kindes- und Jugendalter, wo schon wesentlich weniger M\u00e4dchen als Jungen in Jazz-Ensembles spielten. Das Ergebnis in zwei extremen Beispielen: Deutschlandweit gibt es nur eine einzige Instrumental-Professorin f\u00fcr Jazz an einer Musikhochschule und in den vier Bigbands des \u00f6ffentlich-rechtlichen Rundfunks spielen aktuell nur zwei Instrumentalistinnen.<\/p>\n<p>Zusammen mit bereits bestehenden Initiativen wie beispielsweise der Jazz-K\u00fcnstlerinnenf\u00f6rderung in Berlin, dem Peng!-Festival in Essen oder dem Programm \u201aimproviser in residence\u2018 in Moers m\u00f6chte der Verband die Sichtbarkeit der Jazzmusikerinnen verbessern und die \u201eRepr\u00e4sentanz von Frauen auf allen Qualifikationsstufen und F\u00fchrungspositionen in allen den Jazz betreffenden Bereichen\u201c erh\u00f6hen. Ans\u00e4tze daf\u00fcr sind Forschungs- und Weiterbildungsma\u00dfnahmen bei geschlechterspezifischen Themen, um Probleme genauer definieren und angehen zu k\u00f6nnen, eine Musikp\u00e4dagogik, die geschlechtsbezogenen Vorurteilen entgegenwirkt, spezielle F\u00f6rderprogramme f\u00fcr Frauen im Jazz, ein gr\u00f6\u00dferer Frauenanteil in Lehrpositionen, \u00c4mtern und Gremien, eine ausgewogene und stereotypfreie Berichterstattung und nicht zuletzt auch eine geschlechtergerechte Sprache, die mit der aktuellen Umbenennung des Verbands einen wichtigen Impuls erh\u00e4lt.<\/p>\n<p>In der Folge hat die Deutsche Jazzunion bereits konkrete Ma\u00dfnahmen umgesetzt. Unter anderem wurde beschlossen, den renommierten Albert-Mangelsdorff-Preis ab 2019 im festgeschriebenen Wechsel an M\u00e4nner und Frauen zu vergeben. Zu den Ma\u00dfnahmen geh\u00f6rt au\u00dferdem eine Selbstverpflichtung zur Parit\u00e4t in Jurys und Gremien sowie die Einrichtung eines Vertrauenskolleginnen-Programms f\u00fcr Jazzmusikerinnen. Die Gemeinsame Erkl\u00e4rung zur Gleichstellung von Frauen im Jazz kann weiterhin unter <a href=\"http:\/\/www.deutsche-jazzunion.de\/ziele\/gleichstellung\/\">www.deutsche-jazzunion.de\/gleichstellung<\/a> mitgezeichnet werden.<\/p>\n<p><strong>Beitragsbild: Neues Logo der Deutschen Jazzunion<\/strong><\/p>\n","protected":false},"excerpt":{"rendered":"<p>Berlin, 27.05.2019 | Die Interessenvertretung der Jazzmusikerinnen und -musiker in Deutschland hat einen neuen Namen. Die Mitglieder des 1973 gegr\u00fcndeten Verbands beschlossen auf ihrer Mitgliederversammlung in Bremen, den Namen \u201eUnion Deutscher Jazzmusiker\u201c in \u201eDeutsche Jazzunion\u201c zu \u00e4ndern. Mit der Namens\u00e4nderung will der Verband als Sprachrohr der Jazzmusiker*innen in Deutschland der gro\u00dfen Vielfalt von Jazzschaffenden in Deutschland Rechnung tragen. \u201eMit dem neuen Namen \u201eDeutsche Jazzunion\u201c bringen wir ganz klar zum Ausdruck, dass die Gleichberechtigung von Jazzschaffenden jeglichen Geschlechts eine Selbstverst\u00e4ndlichkeit ist, f\u00fcr die wir alle gemeinsam eintreten!\u201c, sagte Nikolaus Neuser, Vorsitzender der Deutschen Jazzunion. \u201eZudem machen wir damit deutlich, dass wir uns keineswegs nur f\u00fcr deutsche Kolleginnen und Kollegen einsetzen, sondern f\u00fcr die Belange aller Musikerinnen und Musiker, die zur hiesigen Jazzszene geh\u00f6ren \u2013 egal, welcher Herkunft.\u201c Der Namens\u00e4nderung war die Ver\u00f6ffentlichung einer gemeinsamen Erkl\u00e4rung zur Gleichstellung von Frauen im Jazz im Herbst 2018 vorausgegangen, der sich \u00fcber 450 Personen und Institutionen der Jazzszene angeschlossen haben. Darin beschreibt der Verband m\u00f6gliche Gr\u00fcnde f\u00fcr den geringen Frauenanteil im Jazz, vor allem unter den Instrumentalisten. Das ungleiche Verh\u00e4ltnis entstehe bereits im Kindes- und Jugendalter, wo schon wesentlich weniger &hellip;<\/p>\n","protected":false},"author":18,"featured_media":19592,"comment_status":"open","ping_status":"closed","sticky":false,"template":"","format":"standard","meta":{"_jetpack_memberships_contains_paid_content":false,"footnotes":"","jetpack_publicize_message":"","jetpack_publicize_feature_enabled":true,"jetpack_social_post_already_shared":false,"jetpack_social_options":{"image_generator_settings":{"template":"highway","default_image_id":0,"font":"","enabled":false},"version":2}},"categories":[633],"tags":[2445,2446,1303,571],"coauthors":[695],"class_list":["post-19583","post","type-post","status-publish","format-standard","has-post-thumbnail","hentry","category-nachrichten","tag-deutsche-jazzunion","tag-gleichstellung","tag-nikolaus-neuser","tag-union-deutscher-jazzmusiker"],"yoast_head":"<!-- This site is optimized with the Yoast SEO plugin v27.5 - https:\/\/yoast.com\/product\/yoast-seo-wordpress\/ -->\n<title>\u201eUnion Deutscher Jazzmusiker\u201c (UDJ) in \u201eDeutsche Jazzunion\u201c umbenannt - JazzZeitung<\/title>\n<meta name=\"robots\" content=\"index, follow, max-snippet:-1, max-image-preview:large, max-video-preview:-1\" \/>\n<link rel=\"canonical\" href=\"https:\/\/www.jazzzeitung.de\/cms\/2019\/05\/union-deutscher-jazzmusiker-udj-in-deutsche-jazzunion-umbenannt\/\" \/>\n<meta property=\"og:locale\" content=\"de_DE\" \/>\n<meta property=\"og:type\" content=\"article\" \/>\n<meta property=\"og:title\" content=\"\u201eUnion Deutscher Jazzmusiker\u201c (UDJ) in \u201eDeutsche Jazzunion\u201c umbenannt - JazzZeitung\" \/>\n<meta property=\"og:description\" content=\"Berlin, 27.05.2019 | Die Interessenvertretung der Jazzmusikerinnen und -musiker in Deutschland hat einen neuen Namen. Die Mitglieder des 1973 gegr\u00fcndeten Verbands beschlossen auf ihrer Mitgliederversammlung in Bremen, den Namen \u201eUnion Deutscher Jazzmusiker\u201c in \u201eDeutsche Jazzunion\u201c zu \u00e4ndern. Mit der Namens\u00e4nderung will der Verband als Sprachrohr der Jazzmusiker*innen in Deutschland der gro\u00dfen Vielfalt von Jazzschaffenden in Deutschland Rechnung tragen. \u201eMit dem neuen Namen \u201eDeutsche Jazzunion\u201c bringen wir ganz klar zum Ausdruck, dass die Gleichberechtigung von Jazzschaffenden jeglichen Geschlechts eine Selbstverst\u00e4ndlichkeit ist, f\u00fcr die wir alle gemeinsam eintreten!\u201c, sagte Nikolaus Neuser, Vorsitzender der Deutschen Jazzunion. \u201eZudem machen wir damit deutlich, dass wir uns keineswegs nur f\u00fcr deutsche Kolleginnen und Kollegen einsetzen, sondern f\u00fcr die Belange aller Musikerinnen und Musiker, die zur hiesigen Jazzszene geh\u00f6ren \u2013 egal, welcher Herkunft.\u201c Der Namens\u00e4nderung war die Ver\u00f6ffentlichung einer gemeinsamen Erkl\u00e4rung zur Gleichstellung von Frauen im Jazz im Herbst 2018 vorausgegangen, der sich \u00fcber 450 Personen und Institutionen der Jazzszene angeschlossen haben. Darin beschreibt der Verband m\u00f6gliche Gr\u00fcnde f\u00fcr den geringen Frauenanteil im Jazz, vor allem unter den Instrumentalisten. Das ungleiche Verh\u00e4ltnis entstehe bereits im Kindes- und Jugendalter, wo schon wesentlich weniger &hellip;\" \/>\n<meta property=\"og:url\" content=\"https:\/\/www.jazzzeitung.de\/cms\/2019\/05\/union-deutscher-jazzmusiker-udj-in-deutsche-jazzunion-umbenannt\/\" \/>\n<meta property=\"og:site_name\" content=\"JazzZeitung\" \/>\n<meta property=\"article:publisher\" content=\"https:\/\/www.facebook.com\/JazzZeitung\/\" \/>\n<meta property=\"article:published_time\" content=\"2019-05-27T10:52:21+00:00\" \/>\n<meta property=\"og:image\" content=\"https:\/\/i0.wp.com\/www.jazzzeitung.de\/cms\/wp-content\/uploads\/2019\/05\/DeutscheJazzunion.png?fit=811%2C456&ssl=1\" \/>\n\t<meta property=\"og:image:width\" content=\"811\" \/>\n\t<meta property=\"og:image:height\" content=\"456\" \/>\n\t<meta property=\"og:image:type\" content=\"image\/png\" \/>\n<meta name=\"author\" content=\"Redaktion JazzZeitung\" \/>\n<script type=\"application\/ld+json\" class=\"yoast-schema-graph\">{\"@context\":\"https:\\\/\\\/schema.org\",\"@graph\":[{\"@type\":\"Article\",\"@id\":\"https:\\\/\\\/www.jazzzeitung.de\\\/cms\\\/2019\\\/05\\\/union-deutscher-jazzmusiker-udj-in-deutsche-jazzunion-umbenannt\\\/#article\",\"isPartOf\":{\"@id\":\"https:\\\/\\\/www.jazzzeitung.de\\\/cms\\\/2019\\\/05\\\/union-deutscher-jazzmusiker-udj-in-deutsche-jazzunion-umbenannt\\\/\"},\"author\":{\"name\":\"Redaktion JazzZeitung\",\"@id\":\"https:\\\/\\\/www.jazzzeitung.de\\\/cms\\\/#\\\/schema\\\/person\\\/2245b36b9cd1d24cea10f01c031fb92b\"},\"headline\":\"\u201eUnion Deutscher Jazzmusiker\u201c (UDJ) in \u201eDeutsche Jazzunion\u201c umbenannt\",\"datePublished\":\"2019-05-27T10:52:21+00:00\",\"mainEntityOfPage\":{\"@id\":\"https:\\\/\\\/www.jazzzeitung.de\\\/cms\\\/2019\\\/05\\\/union-deutscher-jazzmusiker-udj-in-deutsche-jazzunion-umbenannt\\\/\"},\"wordCount\":462,\"commentCount\":0,\"publisher\":{\"@id\":\"https:\\\/\\\/www.jazzzeitung.de\\\/cms\\\/#organization\"},\"image\":{\"@id\":\"https:\\\/\\\/www.jazzzeitung.de\\\/cms\\\/2019\\\/05\\\/union-deutscher-jazzmusiker-udj-in-deutsche-jazzunion-umbenannt\\\/#primaryimage\"},\"thumbnailUrl\":\"https:\\\/\\\/i0.wp.com\\\/www.jazzzeitung.de\\\/cms\\\/wp-content\\\/uploads\\\/2019\\\/05\\\/DeutscheJazzunion.png?fit=811%2C456&ssl=1\",\"keywords\":[\"Deutsche Jazzunion\",\"Gleichstellung\",\"Nikolaus Neuser\",\"Union deutscher Jazzmusiker\"],\"articleSection\":[\"News\"],\"inLanguage\":\"de\",\"potentialAction\":[{\"@type\":\"CommentAction\",\"name\":\"Comment\",\"target\":[\"https:\\\/\\\/www.jazzzeitung.de\\\/cms\\\/2019\\\/05\\\/union-deutscher-jazzmusiker-udj-in-deutsche-jazzunion-umbenannt\\\/#respond\"]}]},{\"@type\":\"WebPage\",\"@id\":\"https:\\\/\\\/www.jazzzeitung.de\\\/cms\\\/2019\\\/05\\\/union-deutscher-jazzmusiker-udj-in-deutsche-jazzunion-umbenannt\\\/\",\"url\":\"https:\\\/\\\/www.jazzzeitung.de\\\/cms\\\/2019\\\/05\\\/union-deutscher-jazzmusiker-udj-in-deutsche-jazzunion-umbenannt\\\/\",\"name\":\"\u201eUnion Deutscher Jazzmusiker\u201c (UDJ) in \u201eDeutsche Jazzunion\u201c umbenannt - JazzZeitung\",\"isPartOf\":{\"@id\":\"https:\\\/\\\/www.jazzzeitung.de\\\/cms\\\/#website\"},\"primaryImageOfPage\":{\"@id\":\"https:\\\/\\\/www.jazzzeitung.de\\\/cms\\\/2019\\\/05\\\/union-deutscher-jazzmusiker-udj-in-deutsche-jazzunion-umbenannt\\\/#primaryimage\"},\"image\":{\"@id\":\"https:\\\/\\\/www.jazzzeitung.de\\\/cms\\\/2019\\\/05\\\/union-deutscher-jazzmusiker-udj-in-deutsche-jazzunion-umbenannt\\\/#primaryimage\"},\"thumbnailUrl\":\"https:\\\/\\\/i0.wp.com\\\/www.jazzzeitung.de\\\/cms\\\/wp-content\\\/uploads\\\/2019\\\/05\\\/DeutscheJazzunion.png?fit=811%2C456&ssl=1\",\"datePublished\":\"2019-05-27T10:52:21+00:00\",\"breadcrumb\":{\"@id\":\"https:\\\/\\\/www.jazzzeitung.de\\\/cms\\\/2019\\\/05\\\/union-deutscher-jazzmusiker-udj-in-deutsche-jazzunion-umbenannt\\\/#breadcrumb\"},\"inLanguage\":\"de\",\"potentialAction\":[{\"@type\":\"ReadAction\",\"target\":[\"https:\\\/\\\/www.jazzzeitung.de\\\/cms\\\/2019\\\/05\\\/union-deutscher-jazzmusiker-udj-in-deutsche-jazzunion-umbenannt\\\/\"]}]},{\"@type\":\"ImageObject\",\"inLanguage\":\"de\",\"@id\":\"https:\\\/\\\/www.jazzzeitung.de\\\/cms\\\/2019\\\/05\\\/union-deutscher-jazzmusiker-udj-in-deutsche-jazzunion-umbenannt\\\/#primaryimage\",\"url\":\"https:\\\/\\\/i0.wp.com\\\/www.jazzzeitung.de\\\/cms\\\/wp-content\\\/uploads\\\/2019\\\/05\\\/DeutscheJazzunion.png?fit=811%2C456&ssl=1\",\"contentUrl\":\"https:\\\/\\\/i0.wp.com\\\/www.jazzzeitung.de\\\/cms\\\/wp-content\\\/uploads\\\/2019\\\/05\\\/DeutscheJazzunion.png?fit=811%2C456&ssl=1\",\"width\":811,\"height\":456,\"caption\":\"Logo der Deutschen Jazzunion\"},{\"@type\":\"BreadcrumbList\",\"@id\":\"https:\\\/\\\/www.jazzzeitung.de\\\/cms\\\/2019\\\/05\\\/union-deutscher-jazzmusiker-udj-in-deutsche-jazzunion-umbenannt\\\/#breadcrumb\",\"itemListElement\":[{\"@type\":\"ListItem\",\"position\":1,\"name\":\"Startseite\",\"item\":\"https:\\\/\\\/www.jazzzeitung.de\\\/cms\\\/\"},{\"@type\":\"ListItem\",\"position\":2,\"name\":\"\u201eUnion Deutscher Jazzmusiker\u201c (UDJ) in \u201eDeutsche Jazzunion\u201c umbenannt\"}]},{\"@type\":\"WebSite\",\"@id\":\"https:\\\/\\\/www.jazzzeitung.de\\\/cms\\\/#website\",\"url\":\"https:\\\/\\\/www.jazzzeitung.de\\\/cms\\\/\",\"name\":\"JazzZeitung\",\"description\":\"Jazz-News und Jazz-Kontroverses\",\"publisher\":{\"@id\":\"https:\\\/\\\/www.jazzzeitung.de\\\/cms\\\/#organization\"},\"potentialAction\":[{\"@type\":\"SearchAction\",\"target\":{\"@type\":\"EntryPoint\",\"urlTemplate\":\"https:\\\/\\\/www.jazzzeitung.de\\\/cms\\\/?s={search_term_string}\"},\"query-input\":{\"@type\":\"PropertyValueSpecification\",\"valueRequired\":true,\"valueName\":\"search_term_string\"}}],\"inLanguage\":\"de\"},{\"@type\":\"Organization\",\"@id\":\"https:\\\/\\\/www.jazzzeitung.de\\\/cms\\\/#organization\",\"name\":\"JazzZeitung online\",\"url\":\"https:\\\/\\\/www.jazzzeitung.de\\\/cms\\\/\",\"logo\":{\"@type\":\"ImageObject\",\"inLanguage\":\"de\",\"@id\":\"https:\\\/\\\/www.jazzzeitung.de\\\/cms\\\/#\\\/schema\\\/logo\\\/image\\\/\",\"url\":\"https:\\\/\\\/i0.wp.com\\\/www.jazzzeitung.de\\\/cms\\\/wp-content\\\/uploads\\\/2015\\\/08\\\/JAZZZEITUNGDE_Logo_Neu.png?fit=499%2C200&ssl=1\",\"contentUrl\":\"https:\\\/\\\/i0.wp.com\\\/www.jazzzeitung.de\\\/cms\\\/wp-content\\\/uploads\\\/2015\\\/08\\\/JAZZZEITUNGDE_Logo_Neu.png?fit=499%2C200&ssl=1\",\"width\":499,\"height\":200,\"caption\":\"JazzZeitung online\"},\"image\":{\"@id\":\"https:\\\/\\\/www.jazzzeitung.de\\\/cms\\\/#\\\/schema\\\/logo\\\/image\\\/\"},\"sameAs\":[\"https:\\\/\\\/www.facebook.com\\\/JazzZeitung\\\/\"]},{\"@type\":\"Person\",\"@id\":\"https:\\\/\\\/www.jazzzeitung.de\\\/cms\\\/#\\\/schema\\\/person\\\/2245b36b9cd1d24cea10f01c031fb92b\",\"name\":\"Redaktion JazzZeitung\",\"image\":{\"@type\":\"ImageObject\",\"inLanguage\":\"de\",\"@id\":\"https:\\\/\\\/i0.wp.com\\\/www.jazzzeitung.de\\\/cms\\\/wp-content\\\/uploads\\\/2015\\\/08\\\/JAZZZEITUNGDE_Logo_Neu.png?resize=96%2C96&ssl=159975dcacb611b5700bd619b5daf0a7a\",\"url\":\"https:\\\/\\\/i0.wp.com\\\/www.jazzzeitung.de\\\/cms\\\/wp-content\\\/uploads\\\/2015\\\/08\\\/JAZZZEITUNGDE_Logo_Neu.png?resize=96%2C96&ssl=1\",\"contentUrl\":\"https:\\\/\\\/i0.wp.com\\\/www.jazzzeitung.de\\\/cms\\\/wp-content\\\/uploads\\\/2015\\\/08\\\/JAZZZEITUNGDE_Logo_Neu.png?resize=96%2C96&ssl=1\",\"caption\":\"Redaktion JazzZeitung\"},\"description\":\"Artikel der Redaktion der JazzZeitung.\",\"sameAs\":[\"http:\\\/\\\/www.jazzzeitung.de\\\/cms\\\/\"],\"url\":\"https:\\\/\\\/www.jazzzeitung.de\\\/cms\\\/author\\\/redaktion\\\/\"}]}<\/script>\n<!-- \/ Yoast SEO plugin. -->","yoast_head_json":{"title":"\u201eUnion Deutscher Jazzmusiker\u201c (UDJ) in \u201eDeutsche Jazzunion\u201c umbenannt - JazzZeitung","robots":{"index":"index","follow":"follow","max-snippet":"max-snippet:-1","max-image-preview":"max-image-preview:large","max-video-preview":"max-video-preview:-1"},"canonical":"https:\/\/www.jazzzeitung.de\/cms\/2019\/05\/union-deutscher-jazzmusiker-udj-in-deutsche-jazzunion-umbenannt\/","og_locale":"de_DE","og_type":"article","og_title":"\u201eUnion Deutscher Jazzmusiker\u201c (UDJ) in \u201eDeutsche Jazzunion\u201c umbenannt - JazzZeitung","og_description":"Berlin, 27.05.2019 | Die Interessenvertretung der Jazzmusikerinnen und -musiker in Deutschland hat einen neuen Namen. Die Mitglieder des 1973 gegr\u00fcndeten Verbands beschlossen auf ihrer Mitgliederversammlung in Bremen, den Namen \u201eUnion Deutscher Jazzmusiker\u201c in \u201eDeutsche Jazzunion\u201c zu \u00e4ndern. Mit der Namens\u00e4nderung will der Verband als Sprachrohr der Jazzmusiker*innen in Deutschland der gro\u00dfen Vielfalt von Jazzschaffenden in Deutschland Rechnung tragen. \u201eMit dem neuen Namen \u201eDeutsche Jazzunion\u201c bringen wir ganz klar zum Ausdruck, dass die Gleichberechtigung von Jazzschaffenden jeglichen Geschlechts eine Selbstverst\u00e4ndlichkeit ist, f\u00fcr die wir alle gemeinsam eintreten!\u201c, sagte Nikolaus Neuser, Vorsitzender der Deutschen Jazzunion. \u201eZudem machen wir damit deutlich, dass wir uns keineswegs nur f\u00fcr deutsche Kolleginnen und Kollegen einsetzen, sondern f\u00fcr die Belange aller Musikerinnen und Musiker, die zur hiesigen Jazzszene geh\u00f6ren \u2013 egal, welcher Herkunft.\u201c Der Namens\u00e4nderung war die Ver\u00f6ffentlichung einer gemeinsamen Erkl\u00e4rung zur Gleichstellung von Frauen im Jazz im Herbst 2018 vorausgegangen, der sich \u00fcber 450 Personen und Institutionen der Jazzszene angeschlossen haben. Darin beschreibt der Verband m\u00f6gliche Gr\u00fcnde f\u00fcr den geringen Frauenanteil im Jazz, vor allem unter den Instrumentalisten. Das ungleiche Verh\u00e4ltnis entstehe bereits im Kindes- und Jugendalter, wo schon wesentlich weniger &hellip;","og_url":"https:\/\/www.jazzzeitung.de\/cms\/2019\/05\/union-deutscher-jazzmusiker-udj-in-deutsche-jazzunion-umbenannt\/","og_site_name":"JazzZeitung","article_publisher":"https:\/\/www.facebook.com\/JazzZeitung\/","article_published_time":"2019-05-27T10:52:21+00:00","og_image":[{"width":811,"height":456,"url":"https:\/\/i0.wp.com\/www.jazzzeitung.de\/cms\/wp-content\/uploads\/2019\/05\/DeutscheJazzunion.png?fit=811%2C456&ssl=1","type":"image\/png"}],"author":"Redaktion JazzZeitung","schema":{"@context":"https:\/\/schema.org","@graph":[{"@type":"Article","@id":"https:\/\/www.jazzzeitung.de\/cms\/2019\/05\/union-deutscher-jazzmusiker-udj-in-deutsche-jazzunion-umbenannt\/#article","isPartOf":{"@id":"https:\/\/www.jazzzeitung.de\/cms\/2019\/05\/union-deutscher-jazzmusiker-udj-in-deutsche-jazzunion-umbenannt\/"},"author":{"name":"Redaktion JazzZeitung","@id":"https:\/\/www.jazzzeitung.de\/cms\/#\/schema\/person\/2245b36b9cd1d24cea10f01c031fb92b"},"headline":"\u201eUnion Deutscher Jazzmusiker\u201c (UDJ) in \u201eDeutsche Jazzunion\u201c umbenannt","datePublished":"2019-05-27T10:52:21+00:00","mainEntityOfPage":{"@id":"https:\/\/www.jazzzeitung.de\/cms\/2019\/05\/union-deutscher-jazzmusiker-udj-in-deutsche-jazzunion-umbenannt\/"},"wordCount":462,"commentCount":0,"publisher":{"@id":"https:\/\/www.jazzzeitung.de\/cms\/#organization"},"image":{"@id":"https:\/\/www.jazzzeitung.de\/cms\/2019\/05\/union-deutscher-jazzmusiker-udj-in-deutsche-jazzunion-umbenannt\/#primaryimage"},"thumbnailUrl":"https:\/\/i0.wp.com\/www.jazzzeitung.de\/cms\/wp-content\/uploads\/2019\/05\/DeutscheJazzunion.png?fit=811%2C456&ssl=1","keywords":["Deutsche Jazzunion","Gleichstellung","Nikolaus Neuser","Union deutscher Jazzmusiker"],"articleSection":["News"],"inLanguage":"de","potentialAction":[{"@type":"CommentAction","name":"Comment","target":["https:\/\/www.jazzzeitung.de\/cms\/2019\/05\/union-deutscher-jazzmusiker-udj-in-deutsche-jazzunion-umbenannt\/#respond"]}]},{"@type":"WebPage","@id":"https:\/\/www.jazzzeitung.de\/cms\/2019\/05\/union-deutscher-jazzmusiker-udj-in-deutsche-jazzunion-umbenannt\/","url":"https:\/\/www.jazzzeitung.de\/cms\/2019\/05\/union-deutscher-jazzmusiker-udj-in-deutsche-jazzunion-umbenannt\/","name":"\u201eUnion Deutscher Jazzmusiker\u201c (UDJ) in \u201eDeutsche Jazzunion\u201c umbenannt - JazzZeitung","isPartOf":{"@id":"https:\/\/www.jazzzeitung.de\/cms\/#website"},"primaryImageOfPage":{"@id":"https:\/\/www.jazzzeitung.de\/cms\/2019\/05\/union-deutscher-jazzmusiker-udj-in-deutsche-jazzunion-umbenannt\/#primaryimage"},"image":{"@id":"https:\/\/www.jazzzeitung.de\/cms\/2019\/05\/union-deutscher-jazzmusiker-udj-in-deutsche-jazzunion-umbenannt\/#primaryimage"},"thumbnailUrl":"https:\/\/i0.wp.com\/www.jazzzeitung.de\/cms\/wp-content\/uploads\/2019\/05\/DeutscheJazzunion.png?fit=811%2C456&ssl=1","datePublished":"2019-05-27T10:52:21+00:00","breadcrumb":{"@id":"https:\/\/www.jazzzeitung.de\/cms\/2019\/05\/union-deutscher-jazzmusiker-udj-in-deutsche-jazzunion-umbenannt\/#breadcrumb"},"inLanguage":"de","potentialAction":[{"@type":"ReadAction","target":["https:\/\/www.jazzzeitung.de\/cms\/2019\/05\/union-deutscher-jazzmusiker-udj-in-deutsche-jazzunion-umbenannt\/"]}]},{"@type":"ImageObject","inLanguage":"de","@id":"https:\/\/www.jazzzeitung.de\/cms\/2019\/05\/union-deutscher-jazzmusiker-udj-in-deutsche-jazzunion-umbenannt\/#primaryimage","url":"https:\/\/i0.wp.com\/www.jazzzeitung.de\/cms\/wp-content\/uploads\/2019\/05\/DeutscheJazzunion.png?fit=811%2C456&ssl=1","contentUrl":"https:\/\/i0.wp.com\/www.jazzzeitung.de\/cms\/wp-content\/uploads\/2019\/05\/DeutscheJazzunion.png?fit=811%2C456&ssl=1","width":811,"height":456,"caption":"Logo der Deutschen Jazzunion"},{"@type":"BreadcrumbList","@id":"https:\/\/www.jazzzeitung.de\/cms\/2019\/05\/union-deutscher-jazzmusiker-udj-in-deutsche-jazzunion-umbenannt\/#breadcrumb","itemListElement":[{"@type":"ListItem","position":1,"name":"Startseite","item":"https:\/\/www.jazzzeitung.de\/cms\/"},{"@type":"ListItem","position":2,"name":"\u201eUnion Deutscher Jazzmusiker\u201c (UDJ) in \u201eDeutsche Jazzunion\u201c umbenannt"}]},{"@type":"WebSite","@id":"https:\/\/www.jazzzeitung.de\/cms\/#website","url":"https:\/\/www.jazzzeitung.de\/cms\/","name":"JazzZeitung","description":"Jazz-News und Jazz-Kontroverses","publisher":{"@id":"https:\/\/www.jazzzeitung.de\/cms\/#organization"},"potentialAction":[{"@type":"SearchAction","target":{"@type":"EntryPoint","urlTemplate":"https:\/\/www.jazzzeitung.de\/cms\/?s={search_term_string}"},"query-input":{"@type":"PropertyValueSpecification","valueRequired":true,"valueName":"search_term_string"}}],"inLanguage":"de"},{"@type":"Organization","@id":"https:\/\/www.jazzzeitung.de\/cms\/#organization","name":"JazzZeitung online","url":"https:\/\/www.jazzzeitung.de\/cms\/","logo":{"@type":"ImageObject","inLanguage":"de","@id":"https:\/\/www.jazzzeitung.de\/cms\/#\/schema\/logo\/image\/","url":"https:\/\/i0.wp.com\/www.jazzzeitung.de\/cms\/wp-content\/uploads\/2015\/08\/JAZZZEITUNGDE_Logo_Neu.png?fit=499%2C200&ssl=1","contentUrl":"https:\/\/i0.wp.com\/www.jazzzeitung.de\/cms\/wp-content\/uploads\/2015\/08\/JAZZZEITUNGDE_Logo_Neu.png?fit=499%2C200&ssl=1","width":499,"height":200,"caption":"JazzZeitung online"},"image":{"@id":"https:\/\/www.jazzzeitung.de\/cms\/#\/schema\/logo\/image\/"},"sameAs":["https:\/\/www.facebook.com\/JazzZeitung\/"]},{"@type":"Person","@id":"https:\/\/www.jazzzeitung.de\/cms\/#\/schema\/person\/2245b36b9cd1d24cea10f01c031fb92b","name":"Redaktion JazzZeitung","image":{"@type":"ImageObject","inLanguage":"de","@id":"https:\/\/i0.wp.com\/www.jazzzeitung.de\/cms\/wp-content\/uploads\/2015\/08\/JAZZZEITUNGDE_Logo_Neu.png?resize=96%2C96&ssl=159975dcacb611b5700bd619b5daf0a7a","url":"https:\/\/i0.wp.com\/www.jazzzeitung.de\/cms\/wp-content\/uploads\/2015\/08\/JAZZZEITUNGDE_Logo_Neu.png?resize=96%2C96&ssl=1","contentUrl":"https:\/\/i0.wp.com\/www.jazzzeitung.de\/cms\/wp-content\/uploads\/2015\/08\/JAZZZEITUNGDE_Logo_Neu.png?resize=96%2C96&ssl=1","caption":"Redaktion JazzZeitung"},"description":"Artikel der Redaktion der JazzZeitung.","sameAs":["http:\/\/www.jazzzeitung.de\/cms\/"],"url":"https:\/\/www.jazzzeitung.de\/cms\/author\/redaktion\/"}]}},"wp-worthy-pixel":{"ignored":false,"public":null,"server":null,"url":null},"wp-worthy-type":"normal","jetpack_publicize_connections":[],"cc_featured_image_caption":{"caption_text":"","source_text":"","source_url":""},"jetpack_featured_media_url":"https:\/\/i0.wp.com\/www.jazzzeitung.de\/cms\/wp-content\/uploads\/2019\/05\/DeutscheJazzunion.png?fit=811%2C456&ssl=1","jetpack_shortlink":"https:\/\/wp.me\/p3KEcT-55R","jetpack-related-posts":[{"id":24656,"url":"https:\/\/www.jazzzeitung.de\/cms\/2021\/04\/aufruf-jazzbrauchtdialog\/","url_meta":{"origin":19583,"position":0},"title":"Aufruf: #jazzbrauchtdialog","author":"Redaktion JazzZeitung","date":"9. April 2021","format":false,"excerpt":"#jazzbrauchtdialog: Interessenverb\u00e4nde in Bund und L\u00e4ndern rufen Jazz- und Politikschaffende zum Gespr\u00e4ch auf | +++ Jazzschaffende und politische Mandats- und Entscheidungstr\u00e4gerinnen in ganz Deutschland sollen miteinander ins Gespr\u00e4ch kommen +++ Ziel der Aktion: Besseres Verst\u00e4ndnis der Lebens- und Arbeitsrealit\u00e4t von Jazzmusikerinnen und gemeinsame Verbesserungsans\u00e4tze +++ Begleitende Social Media-Kampagne unter dem\u2026","rel":"","context":"In &quot;News&quot;","block_context":{"text":"News","link":"https:\/\/www.jazzzeitung.de\/cms\/thema\/nachrichten\/"},"img":{"alt_text":"jazz_news. Motiv. Foto: Hufner","src":"https:\/\/i0.wp.com\/www.jazzzeitung.de\/cms\/wp-content\/uploads\/2017\/10\/jazz_news.jpg?fit=1200%2C873&ssl=1&resize=350%2C200","width":350,"height":200,"srcset":"https:\/\/i0.wp.com\/www.jazzzeitung.de\/cms\/wp-content\/uploads\/2017\/10\/jazz_news.jpg?fit=1200%2C873&ssl=1&resize=350%2C200 1x, https:\/\/i0.wp.com\/www.jazzzeitung.de\/cms\/wp-content\/uploads\/2017\/10\/jazz_news.jpg?fit=1200%2C873&ssl=1&resize=525%2C300 1.5x, https:\/\/i0.wp.com\/www.jazzzeitung.de\/cms\/wp-content\/uploads\/2017\/10\/jazz_news.jpg?fit=1200%2C873&ssl=1&resize=700%2C400 2x, https:\/\/i0.wp.com\/www.jazzzeitung.de\/cms\/wp-content\/uploads\/2017\/10\/jazz_news.jpg?fit=1200%2C873&ssl=1&resize=1050%2C600 3x"},"classes":[]},{"id":22133,"url":"https:\/\/www.jazzzeitung.de\/cms\/2020\/03\/deutsche-jazzunion-existenz-vieler-jazzmusikerinnen-in-gefahr\/","url_meta":{"origin":19583,"position":1},"title":"Deutsche Jazzunion: Existenz vieler Jazzmusiker*innen in Gefahr","author":"Redaktion JazzZeitung","date":"12. M\u00e4rz 2020","format":false,"excerpt":"Wirtschaftliche Existenz vieler Jazzmusiker*innen durch Veranstaltungsabsagen wegen Coronavirus in Gefahr. Abgesagte Messen, geschlossene Konzerth\u00e4user und auf unbestimmte Zeit verschobene Veranstaltungen: Von den staatlichen Ma\u00dfnahmen gegen die Ausbreitung des neuartigen Coronavirus CoVid-19 in Deutschland sind nicht nur Gro\u00dfveranstaltungen betroffen, sondern auch unz\u00e4hlige Jazzspielst\u00e4tten wie Clubs und Kleinkunstb\u00fchnen. Gerade die \u00fcberwiegend freischaffenden\u2026","rel":"","context":"In &quot;News&quot;","block_context":{"text":"News","link":"https:\/\/www.jazzzeitung.de\/cms\/thema\/nachrichten\/"},"img":{"alt_text":"Logo der Deutschen Jazzunion","src":"https:\/\/i0.wp.com\/www.jazzzeitung.de\/cms\/wp-content\/uploads\/2019\/05\/DeutscheJazzunion.png?fit=811%2C456&ssl=1&resize=350%2C200","width":350,"height":200,"srcset":"https:\/\/i0.wp.com\/www.jazzzeitung.de\/cms\/wp-content\/uploads\/2019\/05\/DeutscheJazzunion.png?fit=811%2C456&ssl=1&resize=350%2C200 1x, https:\/\/i0.wp.com\/www.jazzzeitung.de\/cms\/wp-content\/uploads\/2019\/05\/DeutscheJazzunion.png?fit=811%2C456&ssl=1&resize=525%2C300 1.5x, https:\/\/i0.wp.com\/www.jazzzeitung.de\/cms\/wp-content\/uploads\/2019\/05\/DeutscheJazzunion.png?fit=811%2C456&ssl=1&resize=700%2C400 2x"},"classes":[]},{"id":30866,"url":"https:\/\/www.jazzzeitung.de\/cms\/2024\/04\/wechsel-in-vorstand-und-geschaeftsfuehrung-der-deutschen-jazzunion\/","url_meta":{"origin":19583,"position":2},"title":"Wechsel in Vorstand und Gesch\u00e4ftsf\u00fchrung der Deutschen Jazzunion","author":"Redaktion JazzZeitung","date":"17. April 2024","format":false,"excerpt":"Doppelte Stabs\u00fcbergabe beim Sprachrohr der Jazzmusiker*innen in Deutschland: im Rahmen der jazzahead! in Bremen wurden Gesch\u00e4ftsf\u00fchrer Urs Johnen und Vorstandsmitglied Nikolaus Neuser verabschiedet. Ihnen folgen Camille Buscot und Michael Griener nach. Die Vorsitzenden der Deutschen Jazzunion Anette von Eichel und Felix Falk w\u00fcrdigten Johnens Verdienste auf einer Mitgliederversammlung mit einem\u2026","rel":"","context":"In &quot;News&quot;","block_context":{"text":"News","link":"https:\/\/www.jazzzeitung.de\/cms\/thema\/nachrichten\/"},"img":{"alt_text":"Stabswechel bei der Deutschen Jazzunion (v.l.n.r., hinten: Johanna Schneider, Camille Buscot, Michael Griener, Urs Johnen, Anette von Eichel; vorne: Felix Falk, Janning Trumann, Robert Lucaciu \u00a9 Julia Tornier","src":"https:\/\/i0.wp.com\/www.jazzzeitung.de\/cms\/wp-content\/uploads\/2024\/04\/2024-04-13_VerabschiedungUrsJohnen_VorstandCamilleUrs-scaled.jpg?fit=1200%2C900&ssl=1&resize=350%2C200","width":350,"height":200,"srcset":"https:\/\/i0.wp.com\/www.jazzzeitung.de\/cms\/wp-content\/uploads\/2024\/04\/2024-04-13_VerabschiedungUrsJohnen_VorstandCamilleUrs-scaled.jpg?fit=1200%2C900&ssl=1&resize=350%2C200 1x, https:\/\/i0.wp.com\/www.jazzzeitung.de\/cms\/wp-content\/uploads\/2024\/04\/2024-04-13_VerabschiedungUrsJohnen_VorstandCamilleUrs-scaled.jpg?fit=1200%2C900&ssl=1&resize=525%2C300 1.5x, https:\/\/i0.wp.com\/www.jazzzeitung.de\/cms\/wp-content\/uploads\/2024\/04\/2024-04-13_VerabschiedungUrsJohnen_VorstandCamilleUrs-scaled.jpg?fit=1200%2C900&ssl=1&resize=700%2C400 2x, https:\/\/i0.wp.com\/www.jazzzeitung.de\/cms\/wp-content\/uploads\/2024\/04\/2024-04-13_VerabschiedungUrsJohnen_VorstandCamilleUrs-scaled.jpg?fit=1200%2C900&ssl=1&resize=1050%2C600 3x"},"classes":[]},{"id":27327,"url":"https:\/\/www.jazzzeitung.de\/cms\/2022\/05\/newsneun-jahre-sofiadeutsche-jazzunion-waehlt-neuen-vorstanddie-neue-jazzstudie-2022-der-deutschen-jazzunion\/","url_meta":{"origin":19583,"position":3},"title":"+++ news +++ Neun Jahre SOFIA +++ Deutsche Jazzunion w\u00e4hlt neuen Vorstand +++ Die neue Jazzstudie 2022 der Deutschen Jazzunion +++","author":"Redaktion JazzZeitung","date":"12. Mai 2022","format":false,"excerpt":"+++ Neun Jahre SOFIA +++ Nicole Joh\u00e4nntgen l\u00e4dt wieder einmal zu einer neuen Ausgabe von SOFIA ein. 2013, vor neun Jahren,\u00a0 hat sie den Music- und Business Workshop SOFIA Support Of Female Improvising Artists ins Leben gerufen. SOFIA unterst\u00fctzt seither erfolgreich Nachwuchs-Jazzmusikerinnen weltweit. Ab 18. Mai finden in Z\u00fcrich, Villa\u2026","rel":"","context":"In &quot;News&quot;","block_context":{"text":"News","link":"https:\/\/www.jazzzeitung.de\/cms\/thema\/nachrichten\/"},"img":{"alt_text":"","src":"https:\/\/i0.wp.com\/www.jazzzeitung.de\/cms\/wp-content\/uploads\/2022\/05\/SOFIAscreenshot-e1652352739176.png?fit=1200%2C627&ssl=1&resize=350%2C200","width":350,"height":200,"srcset":"https:\/\/i0.wp.com\/www.jazzzeitung.de\/cms\/wp-content\/uploads\/2022\/05\/SOFIAscreenshot-e1652352739176.png?fit=1200%2C627&ssl=1&resize=350%2C200 1x, https:\/\/i0.wp.com\/www.jazzzeitung.de\/cms\/wp-content\/uploads\/2022\/05\/SOFIAscreenshot-e1652352739176.png?fit=1200%2C627&ssl=1&resize=525%2C300 1.5x, https:\/\/i0.wp.com\/www.jazzzeitung.de\/cms\/wp-content\/uploads\/2022\/05\/SOFIAscreenshot-e1652352739176.png?fit=1200%2C627&ssl=1&resize=700%2C400 2x, https:\/\/i0.wp.com\/www.jazzzeitung.de\/cms\/wp-content\/uploads\/2022\/05\/SOFIAscreenshot-e1652352739176.png?fit=1200%2C627&ssl=1&resize=1050%2C600 3x"},"classes":[]},{"id":23646,"url":"https:\/\/www.jazzzeitung.de\/cms\/2020\/10\/jazz-now-2020-25-jazzforum-der-deutschen-jazzunion-fand-trotz-corona-pandemie-in-leipzig-statt\/","url_meta":{"origin":19583,"position":4},"title":"Jazz Now! 2020: 25. Jazzforum der Deutschen Jazzunion fand trotz Corona-Pandemie in Leipzig statt","author":"Redaktion JazzZeitung","date":"19. Oktober 2020","format":false,"excerpt":"Trotz den Corona-Einschr\u00e4nkungen hat die Deutsche Jazzunion an den vergangenen zwei Tagen ihre biennale Bundeskonferenz \u201eJazz Now! 2020\u201c im Kunstkraftwerk Leipzig durchgef\u00fchrt. Mit Abstand und Masken, sowie mit vielen digitalen und hybriden Formaten fanden Panels und Workshops statt, die von Jazzmusiker*innen aus ganz Deutschland und Europa beachtet wurden. Durch die\u2026","rel":"","context":"In &quot;News&quot;","block_context":{"text":"News","link":"https:\/\/www.jazzzeitung.de\/cms\/thema\/nachrichten\/"},"img":{"alt_text":"JazzNow Jazztage Leipzig 2020. Foto: Lukas Diller.","src":"https:\/\/i0.wp.com\/www.jazzzeitung.de\/cms\/wp-content\/uploads\/2020\/10\/JazzNow_Jazztage_c_LukasDiller-9.jpg?fit=1200%2C800&ssl=1&resize=350%2C200","width":350,"height":200,"srcset":"https:\/\/i0.wp.com\/www.jazzzeitung.de\/cms\/wp-content\/uploads\/2020\/10\/JazzNow_Jazztage_c_LukasDiller-9.jpg?fit=1200%2C800&ssl=1&resize=350%2C200 1x, https:\/\/i0.wp.com\/www.jazzzeitung.de\/cms\/wp-content\/uploads\/2020\/10\/JazzNow_Jazztage_c_LukasDiller-9.jpg?fit=1200%2C800&ssl=1&resize=525%2C300 1.5x, https:\/\/i0.wp.com\/www.jazzzeitung.de\/cms\/wp-content\/uploads\/2020\/10\/JazzNow_Jazztage_c_LukasDiller-9.jpg?fit=1200%2C800&ssl=1&resize=700%2C400 2x, https:\/\/i0.wp.com\/www.jazzzeitung.de\/cms\/wp-content\/uploads\/2020\/10\/JazzNow_Jazztage_c_LukasDiller-9.jpg?fit=1200%2C800&ssl=1&resize=1050%2C600 3x"},"classes":[]},{"id":32443,"url":"https:\/\/www.jazzzeitung.de\/cms\/2025\/04\/deutsche-jazzunion-begruesst-koalitionsvertrag-und-betont-bedeutung-der-freien-kuenste\/","url_meta":{"origin":19583,"position":5},"title":"Deutsche Jazzunion begr\u00fc\u00dft Koalitionsvertrag und betont Bedeutung der freien K\u00fcnste","author":"Martin Hufner","date":"10. April 2025","format":false,"excerpt":"Koalitionsvertrag beinhaltet wichtige Signale im Bereich der sozialen Absicherung und Bundeskulturf\u00f6rderung +++ Jazz in der Initiative Musik muss gest\u00e4rkt werden +++ +++ Nachhaltige Finanzierung der freien Musik sicherstellen","rel":"","context":"In &quot;News&quot;","block_context":{"text":"News","link":"https:\/\/www.jazzzeitung.de\/cms\/thema\/nachrichten\/"},"img":{"alt_text":"Vogel ins Freie. Foto \u00a9 Martin Hufner","src":"https:\/\/i0.wp.com\/www.jazzzeitung.de\/cms\/wp-content\/uploads\/2024\/06\/Vogel-ins-Freie.-Foto-%C2%A9-Martin-Hufner.jpg?fit=1200%2C795&ssl=1&resize=350%2C200","width":350,"height":200,"srcset":"https:\/\/i0.wp.com\/www.jazzzeitung.de\/cms\/wp-content\/uploads\/2024\/06\/Vogel-ins-Freie.-Foto-%C2%A9-Martin-Hufner.jpg?fit=1200%2C795&ssl=1&resize=350%2C200 1x, https:\/\/i0.wp.com\/www.jazzzeitung.de\/cms\/wp-content\/uploads\/2024\/06\/Vogel-ins-Freie.-Foto-%C2%A9-Martin-Hufner.jpg?fit=1200%2C795&ssl=1&resize=525%2C300 1.5x, https:\/\/i0.wp.com\/www.jazzzeitung.de\/cms\/wp-content\/uploads\/2024\/06\/Vogel-ins-Freie.-Foto-%C2%A9-Martin-Hufner.jpg?fit=1200%2C795&ssl=1&resize=700%2C400 2x, https:\/\/i0.wp.com\/www.jazzzeitung.de\/cms\/wp-content\/uploads\/2024\/06\/Vogel-ins-Freie.-Foto-%C2%A9-Martin-Hufner.jpg?fit=1200%2C795&ssl=1&resize=1050%2C600 3x"},"classes":[]}],"jetpack_sharing_enabled":true,"_links":{"self":[{"href":"https:\/\/www.jazzzeitung.de\/cms\/wp-json\/wp\/v2\/posts\/19583","targetHints":{"allow":["GET"]}}],"collection":[{"href":"https:\/\/www.jazzzeitung.de\/cms\/wp-json\/wp\/v2\/posts"}],"about":[{"href":"https:\/\/www.jazzzeitung.de\/cms\/wp-json\/wp\/v2\/types\/post"}],"author":[{"embeddable":true,"href":"https:\/\/www.jazzzeitung.de\/cms\/wp-json\/wp\/v2\/users\/18"}],"replies":[{"embeddable":true,"href":"https:\/\/www.jazzzeitung.de\/cms\/wp-json\/wp\/v2\/comments?post=19583"}],"version-history":[{"count":4,"href":"https:\/\/www.jazzzeitung.de\/cms\/wp-json\/wp\/v2\/posts\/19583\/revisions"}],"predecessor-version":[{"id":19593,"href":"https:\/\/www.jazzzeitung.de\/cms\/wp-json\/wp\/v2\/posts\/19583\/revisions\/19593"}],"wp:featuredmedia":[{"embeddable":true,"href":"https:\/\/www.jazzzeitung.de\/cms\/wp-json\/wp\/v2\/media\/19592"}],"wp:attachment":[{"href":"https:\/\/www.jazzzeitung.de\/cms\/wp-json\/wp\/v2\/media?parent=19583"}],"wp:term":[{"taxonomy":"category","embeddable":true,"href":"https:\/\/www.jazzzeitung.de\/cms\/wp-json\/wp\/v2\/categories?post=19583"},{"taxonomy":"post_tag","embeddable":true,"href":"https:\/\/www.jazzzeitung.de\/cms\/wp-json\/wp\/v2\/tags?post=19583"},{"taxonomy":"author","embeddable":true,"href":"https:\/\/www.jazzzeitung.de\/cms\/wp-json\/wp\/v2\/coauthors?post=19583"}],"curies":[{"name":"wp","href":"https:\/\/api.w.org\/{rel}","templated":true}]}}