{"id":19541,"date":"2019-05-24T09:27:10","date_gmt":"2019-05-24T07:27:10","guid":{"rendered":"https:\/\/www.jazzzeitung.de\/cms\/?p=19541"},"modified":"2019-05-23T12:56:18","modified_gmt":"2019-05-23T10:56:18","slug":"evans-in-england-resonance-veroeffentlicht-live-mitschnitt-des-bill-evans-trios-von-1969","status":"publish","type":"post","link":"https:\/\/www.jazzzeitung.de\/cms\/2019\/05\/evans-in-england-resonance-veroeffentlicht-live-mitschnitt-des-bill-evans-trios-von-1969\/","title":{"rendered":"\u201eEvans in England\u201c \u2013 Resonance ver\u00f6ffentlicht Live-Mitschnitt des Bill Evans Trios von 1969"},"content":{"rendered":"<p>Bei der aktuell auf dem Resonance Label erschienenen CD \u201eEvans in England\u201c handelt es sich um einen \u00e4u\u00dferst h\u00f6renswerten Live-Mitschnitt des Bill Evans Trios, der im Dezember 1969 im Londoner Ronnie Scott\u2019s Club aufgenommen wurde. Es ist die mittlerweile vierte Bill Evans Live-Trio-Produktion (neben Top of the Gate (23.10.1968), Black Forest (20.06.1968) und Hilversum 22.06.1968)) mit bis dato unver\u00f6ffentlichtem Material, das Resonance den geneigten H\u00f6rern und Bill Evans Fans zug\u00e4nglich macht. W\u00e4hrend bei den Konzerten in Hilversum und Villingen (Black Forest) Jack De Johnette mit von der Partie war, sa\u00df bei den Konzerten im Greenwich Village (Top of the Gate) und im Ronnie Scott\u2019s Club, neben Eddie Gomez am Bass, Marty Morell am Schlagzeug.<\/p>\n<figure id=\"attachment_19543\" aria-describedby=\"caption-attachment-19543\" style=\"width: 300px\" class=\"wp-caption alignleft\"><a href=\"https:\/\/i0.wp.com\/www.jazzzeitung.de\/cms\/wp-content\/uploads\/2019\/05\/Bill-Evans-In-England-Cover.jpg?ssl=1\"><img data-recalc-dims=\"1\" loading=\"lazy\" decoding=\"async\" data-attachment-id=\"19543\" data-permalink=\"https:\/\/www.jazzzeitung.de\/cms\/2019\/05\/evans-in-england-resonance-veroeffentlicht-live-mitschnitt-des-bill-evans-trios-von-1969\/bill-evans-in-england-cover\/\" data-orig-file=\"https:\/\/i0.wp.com\/www.jazzzeitung.de\/cms\/wp-content\/uploads\/2019\/05\/Bill-Evans-In-England-Cover.jpg?fit=1500%2C1489&amp;ssl=1\" data-orig-size=\"1500,1489\" data-comments-opened=\"1\" data-image-meta=\"{&quot;aperture&quot;:&quot;0&quot;,&quot;credit&quot;:&quot;&quot;,&quot;camera&quot;:&quot;&quot;,&quot;caption&quot;:&quot;&quot;,&quot;created_timestamp&quot;:&quot;0&quot;,&quot;copyright&quot;:&quot;&quot;,&quot;focal_length&quot;:&quot;0&quot;,&quot;iso&quot;:&quot;0&quot;,&quot;shutter_speed&quot;:&quot;0&quot;,&quot;title&quot;:&quot;&quot;,&quot;orientation&quot;:&quot;1&quot;}\" data-image-title=\"\" data-image-description=\"\" data-image-caption=\"&lt;p&gt;Cover des neuen Albums \u201eBill Evans In England\u201c&lt;\/p&gt;\n\" data-large-file=\"https:\/\/i0.wp.com\/www.jazzzeitung.de\/cms\/wp-content\/uploads\/2019\/05\/Bill-Evans-In-England-Cover.jpg?fit=604%2C600&amp;ssl=1\" class=\"wp-image-19543 size-medium\" src=\"https:\/\/i0.wp.com\/www.jazzzeitung.de\/cms\/wp-content\/uploads\/2019\/05\/Bill-Evans-In-England-Cover.jpg?resize=300%2C298&#038;ssl=1\" alt=\"\" width=\"300\" height=\"298\" srcset=\"https:\/\/i0.wp.com\/www.jazzzeitung.de\/cms\/wp-content\/uploads\/2019\/05\/Bill-Evans-In-England-Cover.jpg?resize=300%2C298&amp;ssl=1 300w, https:\/\/i0.wp.com\/www.jazzzeitung.de\/cms\/wp-content\/uploads\/2019\/05\/Bill-Evans-In-England-Cover.jpg?resize=150%2C150&amp;ssl=1 150w, https:\/\/i0.wp.com\/www.jazzzeitung.de\/cms\/wp-content\/uploads\/2019\/05\/Bill-Evans-In-England-Cover.jpg?resize=768%2C762&amp;ssl=1 768w, https:\/\/i0.wp.com\/www.jazzzeitung.de\/cms\/wp-content\/uploads\/2019\/05\/Bill-Evans-In-England-Cover.jpg?resize=604%2C600&amp;ssl=1 604w, https:\/\/i0.wp.com\/www.jazzzeitung.de\/cms\/wp-content\/uploads\/2019\/05\/Bill-Evans-In-England-Cover.jpg?resize=1320%2C1310&amp;ssl=1 1320w, https:\/\/i0.wp.com\/www.jazzzeitung.de\/cms\/wp-content\/uploads\/2019\/05\/Bill-Evans-In-England-Cover.jpg?w=1500&amp;ssl=1 1500w\" sizes=\"auto, (max-width: 300px) 100vw, 300px\" \/><\/a><figcaption id=\"caption-attachment-19543\" class=\"wp-caption-text\">Cover des neuen Albums \u201eEvans In England\u201c<\/figcaption><\/figure>\n<p>Dieses Trio z\u00e4hlt unbestritten zu den herausragenden Evans-Formationen. Hoch virtuos, mal aufbrausend und gleichzeitig mit Feingef\u00fchl begegnen Gomez und Morell dem Spiel von Bill Evans, fordern ihn mit Soli, L\u00e4ufen, spannenden Rhythmussequenzen und geben musikalisch Vollgas. Angesichts der mittlerweile gut dokumentierten Auswahl an Tontr\u00e4gern dieses Trios, ist hier trotzdem auch der eine und andere musikalische Schatz zu h\u00f6ren. So spielt das Trio eine fr\u00fche Aufnahme des Evans-Klassikers \u201eThe Two Lonely People\u201c und eine wunderbare, fast impressionistisch anmutende Interpretation von \u201eSugar Plum\u201c. Weitere Highlights dieses Konzertes sind, neben ein paar Standards wie \u201eMy foolish Heart\u201c, umwerfende Versionen der Evans Kompositionen \u201eTurn Out The Stars\u201c, \u201eRe: Person I Knew\u201c, \u201eWaltz For Debbie\u201c und \u201eVery Early\u201c. Zu guter Letzt \u00fcberzeugt die Aufnahme auch soundtechnisch \u2013 da bleiben so gut wie keine W\u00fcnsche offen. Das Booklet ist, wie \u00fcblich bei Resonance, umfangreich und liebevoll ausgestattet. Es enth\u00e4lt Interviews mit Marty Morell, Eddie Gomez, dem Filmemacher Leon Terjanian, der nach dem Fund des Live-Mitschnitts den Stein zu dieser Ver\u00f6ffentlichung praktisch ins Rollen brachte, sowie stimmungsvolle Fotos von Jean-Pierre Leloir und Jan Persson. Die Linernotes stammen von Resonance Produzent Zev Feldman und dem Musikjournalisten Marc Myers.<\/p>\n<p>By the way: Resonance Records, ein amerikanisches Independent-Label aus Los Angeles, wurde im Jahr 2008 gegr\u00fcndet und widmet sich als Non-Profit-Organisation unter Produzent und CEO George Klabin und Vize CEO Zev Feldman voller Enthusiasmus dem Erhalt des Jazz-Erbes und der F\u00f6rderung des Jazz-Nachwuchses. Das Label ist ein wunderbares Beispiel daf\u00fcr, dass es sich immer wieder lohnt, in Archiven zu graben, Aufnahmen zu sichten und musikalische Entdeckungsreisen\u00a0 zu unternehmen. Auch soundtechnisch werden immer wieder hohe Anforderungen gestellt \u2013 hier muss alles stimmen, damit ein Mitschnitt ver\u00f6ffentlicht wird. \u00a0Der Mut, den Zev Feldman und George Klabin an den Tag legen, ist in dieser hart umk\u00e4mpften Branche in der Tat vorbildlich und einzigartig.<\/p>\n<p><strong>Bill Evans: Evans in England<br \/>\nResonance Records HCD \u2013 2037<\/strong><\/p>\n<p><strong>Beitragsbild: Bill Evans beim Konzert im Londoner Ronnie Scott\u2019s Club 1969. Foto: Jean-Pierre Leloir<\/strong><\/p>\n","protected":false},"excerpt":{"rendered":"<p>Bei der aktuell auf dem Resonance Label erschienenen CD \u201eEvans in England\u201c handelt es sich um einen \u00e4u\u00dferst h\u00f6renswerten Live-Mitschnitt des Bill Evans Trios, der im Dezember 1969 im Londoner Ronnie Scott\u2019s Club aufgenommen wurde. Es ist die mittlerweile vierte Bill Evans Live-Trio-Produktion (neben Top of the Gate (23.10.1968), Black Forest (20.06.1968) und Hilversum 22.06.1968)) mit bis dato unver\u00f6ffentlichtem Material, das Resonance den geneigten H\u00f6rern und Bill Evans Fans zug\u00e4nglich macht. W\u00e4hrend bei den Konzerten in Hilversum und Villingen (Black Forest) Jack De Johnette mit von der Partie war, sa\u00df bei den Konzerten im Greenwich Village (Top of the Gate) und im Ronnie Scott\u2019s Club, neben Eddie Gomez am Bass, Marty Morell am Schlagzeug. Dieses Trio z\u00e4hlt unbestritten zu den herausragenden Evans-Formationen. Hoch virtuos, mal aufbrausend und gleichzeitig mit Feingef\u00fchl begegnen Gomez und Morell dem Spiel von Bill Evans, fordern ihn mit Soli, L\u00e4ufen, spannenden Rhythmussequenzen und geben musikalisch Vollgas. Angesichts der mittlerweile gut dokumentierten Auswahl an Tontr\u00e4gern dieses Trios, ist hier trotzdem auch der eine und andere musikalische Schatz zu h\u00f6ren. So spielt das Trio eine fr\u00fche Aufnahme des Evans-Klassikers \u201eThe Two Lonely People\u201c &hellip;<\/p>\n","protected":false},"author":35,"featured_media":19542,"comment_status":"open","ping_status":"closed","sticky":false,"template":"","format":"standard","meta":{"_jetpack_memberships_contains_paid_content":false,"footnotes":"","jetpack_publicize_message":"","jetpack_publicize_feature_enabled":true,"jetpack_social_post_already_shared":false,"jetpack_social_options":{"image_generator_settings":{"template":"highway","default_image_id":0,"font":"","enabled":false},"version":2}},"categories":[1152],"tags":[75,109,2428,2427,2429,2430],"coauthors":[1602],"class_list":["post-19541","post","type-post","status-publish","format-standard","has-post-thumbnail","hentry","category-rezension","tag-bill-evans","tag-cd","tag-eddie-gomez","tag-evans-in-england","tag-marty-morell","tag-resonance-records"],"yoast_head":"<!-- This site is optimized with the Yoast SEO plugin v27.5 - https:\/\/yoast.com\/product\/yoast-seo-wordpress\/ -->\n<title>\u201eEvans in England\u201c \u2013 Resonance ver\u00f6ffentlicht Live-Mitschnitt des Bill Evans Trios von 1969 - JazzZeitung<\/title>\n<meta name=\"robots\" content=\"index, follow, max-snippet:-1, max-image-preview:large, max-video-preview:-1\" \/>\n<link rel=\"canonical\" href=\"https:\/\/www.jazzzeitung.de\/cms\/2019\/05\/evans-in-england-resonance-veroeffentlicht-live-mitschnitt-des-bill-evans-trios-von-1969\/\" \/>\n<meta property=\"og:locale\" content=\"de_DE\" \/>\n<meta property=\"og:type\" content=\"article\" \/>\n<meta property=\"og:title\" content=\"\u201eEvans in England\u201c \u2013 Resonance ver\u00f6ffentlicht Live-Mitschnitt des Bill Evans Trios von 1969 - JazzZeitung\" \/>\n<meta property=\"og:description\" content=\"Bei der aktuell auf dem Resonance Label erschienenen CD \u201eEvans in England\u201c handelt es sich um einen \u00e4u\u00dferst h\u00f6renswerten Live-Mitschnitt des Bill Evans Trios, der im Dezember 1969 im Londoner Ronnie Scott\u2019s Club aufgenommen wurde. Es ist die mittlerweile vierte Bill Evans Live-Trio-Produktion (neben Top of the Gate (23.10.1968), Black Forest (20.06.1968) und Hilversum 22.06.1968)) mit bis dato unver\u00f6ffentlichtem Material, das Resonance den geneigten H\u00f6rern und Bill Evans Fans zug\u00e4nglich macht. W\u00e4hrend bei den Konzerten in Hilversum und Villingen (Black Forest) Jack De Johnette mit von der Partie war, sa\u00df bei den Konzerten im Greenwich Village (Top of the Gate) und im Ronnie Scott\u2019s Club, neben Eddie Gomez am Bass, Marty Morell am Schlagzeug. Dieses Trio z\u00e4hlt unbestritten zu den herausragenden Evans-Formationen. Hoch virtuos, mal aufbrausend und gleichzeitig mit Feingef\u00fchl begegnen Gomez und Morell dem Spiel von Bill Evans, fordern ihn mit Soli, L\u00e4ufen, spannenden Rhythmussequenzen und geben musikalisch Vollgas. Angesichts der mittlerweile gut dokumentierten Auswahl an Tontr\u00e4gern dieses Trios, ist hier trotzdem auch der eine und andere musikalische Schatz zu h\u00f6ren. So spielt das Trio eine fr\u00fche Aufnahme des Evans-Klassikers \u201eThe Two Lonely People\u201c &hellip;\" \/>\n<meta property=\"og:url\" content=\"https:\/\/www.jazzzeitung.de\/cms\/2019\/05\/evans-in-england-resonance-veroeffentlicht-live-mitschnitt-des-bill-evans-trios-von-1969\/\" \/>\n<meta property=\"og:site_name\" content=\"JazzZeitung\" \/>\n<meta property=\"article:publisher\" content=\"https:\/\/www.facebook.com\/JazzZeitung\/\" \/>\n<meta property=\"article:published_time\" content=\"2019-05-24T07:27:10+00:00\" \/>\n<meta property=\"og:image\" content=\"https:\/\/i0.wp.com\/www.jazzzeitung.de\/cms\/wp-content\/uploads\/2019\/05\/bill_evans_crop.png?fit=800%2C612&ssl=1\" \/>\n\t<meta property=\"og:image:width\" content=\"800\" \/>\n\t<meta property=\"og:image:height\" content=\"612\" \/>\n\t<meta property=\"og:image:type\" content=\"image\/png\" \/>\n<meta name=\"author\" content=\"Thomas J. Krebs\" \/>\n<script type=\"application\/ld+json\" class=\"yoast-schema-graph\">{\"@context\":\"https:\\\/\\\/schema.org\",\"@graph\":[{\"@type\":\"Article\",\"@id\":\"https:\\\/\\\/www.jazzzeitung.de\\\/cms\\\/2019\\\/05\\\/evans-in-england-resonance-veroeffentlicht-live-mitschnitt-des-bill-evans-trios-von-1969\\\/#article\",\"isPartOf\":{\"@id\":\"https:\\\/\\\/www.jazzzeitung.de\\\/cms\\\/2019\\\/05\\\/evans-in-england-resonance-veroeffentlicht-live-mitschnitt-des-bill-evans-trios-von-1969\\\/\"},\"author\":{\"name\":\"Thomas J. Krebs\",\"@id\":\"https:\\\/\\\/www.jazzzeitung.de\\\/cms\\\/#\\\/schema\\\/person\\\/ba94c5bbea92d014d6a3d1f0105daa18\"},\"headline\":\"\u201eEvans in England\u201c \u2013 Resonance ver\u00f6ffentlicht Live-Mitschnitt des Bill Evans Trios von 1969\",\"datePublished\":\"2019-05-24T07:27:10+00:00\",\"mainEntityOfPage\":{\"@id\":\"https:\\\/\\\/www.jazzzeitung.de\\\/cms\\\/2019\\\/05\\\/evans-in-england-resonance-veroeffentlicht-live-mitschnitt-des-bill-evans-trios-von-1969\\\/\"},\"wordCount\":477,\"commentCount\":1,\"publisher\":{\"@id\":\"https:\\\/\\\/www.jazzzeitung.de\\\/cms\\\/#organization\"},\"image\":{\"@id\":\"https:\\\/\\\/www.jazzzeitung.de\\\/cms\\\/2019\\\/05\\\/evans-in-england-resonance-veroeffentlicht-live-mitschnitt-des-bill-evans-trios-von-1969\\\/#primaryimage\"},\"thumbnailUrl\":\"https:\\\/\\\/i0.wp.com\\\/www.jazzzeitung.de\\\/cms\\\/wp-content\\\/uploads\\\/2019\\\/05\\\/bill_evans_crop.png?fit=800%2C612&ssl=1\",\"keywords\":[\"Bill Evans\",\"CD\",\"Eddie Gomez\",\"Evans in England\",\"Marty Morell\",\"Resonance Records\"],\"articleSection\":[\"Rezension\"],\"inLanguage\":\"de\",\"potentialAction\":[{\"@type\":\"CommentAction\",\"name\":\"Comment\",\"target\":[\"https:\\\/\\\/www.jazzzeitung.de\\\/cms\\\/2019\\\/05\\\/evans-in-england-resonance-veroeffentlicht-live-mitschnitt-des-bill-evans-trios-von-1969\\\/#respond\"]}]},{\"@type\":\"WebPage\",\"@id\":\"https:\\\/\\\/www.jazzzeitung.de\\\/cms\\\/2019\\\/05\\\/evans-in-england-resonance-veroeffentlicht-live-mitschnitt-des-bill-evans-trios-von-1969\\\/\",\"url\":\"https:\\\/\\\/www.jazzzeitung.de\\\/cms\\\/2019\\\/05\\\/evans-in-england-resonance-veroeffentlicht-live-mitschnitt-des-bill-evans-trios-von-1969\\\/\",\"name\":\"\u201eEvans in England\u201c \u2013 Resonance ver\u00f6ffentlicht Live-Mitschnitt des Bill Evans Trios von 1969 - JazzZeitung\",\"isPartOf\":{\"@id\":\"https:\\\/\\\/www.jazzzeitung.de\\\/cms\\\/#website\"},\"primaryImageOfPage\":{\"@id\":\"https:\\\/\\\/www.jazzzeitung.de\\\/cms\\\/2019\\\/05\\\/evans-in-england-resonance-veroeffentlicht-live-mitschnitt-des-bill-evans-trios-von-1969\\\/#primaryimage\"},\"image\":{\"@id\":\"https:\\\/\\\/www.jazzzeitung.de\\\/cms\\\/2019\\\/05\\\/evans-in-england-resonance-veroeffentlicht-live-mitschnitt-des-bill-evans-trios-von-1969\\\/#primaryimage\"},\"thumbnailUrl\":\"https:\\\/\\\/i0.wp.com\\\/www.jazzzeitung.de\\\/cms\\\/wp-content\\\/uploads\\\/2019\\\/05\\\/bill_evans_crop.png?fit=800%2C612&ssl=1\",\"datePublished\":\"2019-05-24T07:27:10+00:00\",\"breadcrumb\":{\"@id\":\"https:\\\/\\\/www.jazzzeitung.de\\\/cms\\\/2019\\\/05\\\/evans-in-england-resonance-veroeffentlicht-live-mitschnitt-des-bill-evans-trios-von-1969\\\/#breadcrumb\"},\"inLanguage\":\"de\",\"potentialAction\":[{\"@type\":\"ReadAction\",\"target\":[\"https:\\\/\\\/www.jazzzeitung.de\\\/cms\\\/2019\\\/05\\\/evans-in-england-resonance-veroeffentlicht-live-mitschnitt-des-bill-evans-trios-von-1969\\\/\"]}]},{\"@type\":\"ImageObject\",\"inLanguage\":\"de\",\"@id\":\"https:\\\/\\\/www.jazzzeitung.de\\\/cms\\\/2019\\\/05\\\/evans-in-england-resonance-veroeffentlicht-live-mitschnitt-des-bill-evans-trios-von-1969\\\/#primaryimage\",\"url\":\"https:\\\/\\\/i0.wp.com\\\/www.jazzzeitung.de\\\/cms\\\/wp-content\\\/uploads\\\/2019\\\/05\\\/bill_evans_crop.png?fit=800%2C612&ssl=1\",\"contentUrl\":\"https:\\\/\\\/i0.wp.com\\\/www.jazzzeitung.de\\\/cms\\\/wp-content\\\/uploads\\\/2019\\\/05\\\/bill_evans_crop.png?fit=800%2C612&ssl=1\",\"width\":800,\"height\":612},{\"@type\":\"BreadcrumbList\",\"@id\":\"https:\\\/\\\/www.jazzzeitung.de\\\/cms\\\/2019\\\/05\\\/evans-in-england-resonance-veroeffentlicht-live-mitschnitt-des-bill-evans-trios-von-1969\\\/#breadcrumb\",\"itemListElement\":[{\"@type\":\"ListItem\",\"position\":1,\"name\":\"Startseite\",\"item\":\"https:\\\/\\\/www.jazzzeitung.de\\\/cms\\\/\"},{\"@type\":\"ListItem\",\"position\":2,\"name\":\"\u201eEvans in England\u201c \u2013 Resonance ver\u00f6ffentlicht Live-Mitschnitt des Bill Evans Trios von 1969\"}]},{\"@type\":\"WebSite\",\"@id\":\"https:\\\/\\\/www.jazzzeitung.de\\\/cms\\\/#website\",\"url\":\"https:\\\/\\\/www.jazzzeitung.de\\\/cms\\\/\",\"name\":\"JazzZeitung\",\"description\":\"Jazz-News und Jazz-Kontroverses\",\"publisher\":{\"@id\":\"https:\\\/\\\/www.jazzzeitung.de\\\/cms\\\/#organization\"},\"potentialAction\":[{\"@type\":\"SearchAction\",\"target\":{\"@type\":\"EntryPoint\",\"urlTemplate\":\"https:\\\/\\\/www.jazzzeitung.de\\\/cms\\\/?s={search_term_string}\"},\"query-input\":{\"@type\":\"PropertyValueSpecification\",\"valueRequired\":true,\"valueName\":\"search_term_string\"}}],\"inLanguage\":\"de\"},{\"@type\":\"Organization\",\"@id\":\"https:\\\/\\\/www.jazzzeitung.de\\\/cms\\\/#organization\",\"name\":\"JazzZeitung online\",\"url\":\"https:\\\/\\\/www.jazzzeitung.de\\\/cms\\\/\",\"logo\":{\"@type\":\"ImageObject\",\"inLanguage\":\"de\",\"@id\":\"https:\\\/\\\/www.jazzzeitung.de\\\/cms\\\/#\\\/schema\\\/logo\\\/image\\\/\",\"url\":\"https:\\\/\\\/i0.wp.com\\\/www.jazzzeitung.de\\\/cms\\\/wp-content\\\/uploads\\\/2015\\\/08\\\/JAZZZEITUNGDE_Logo_Neu.png?fit=499%2C200&ssl=1\",\"contentUrl\":\"https:\\\/\\\/i0.wp.com\\\/www.jazzzeitung.de\\\/cms\\\/wp-content\\\/uploads\\\/2015\\\/08\\\/JAZZZEITUNGDE_Logo_Neu.png?fit=499%2C200&ssl=1\",\"width\":499,\"height\":200,\"caption\":\"JazzZeitung online\"},\"image\":{\"@id\":\"https:\\\/\\\/www.jazzzeitung.de\\\/cms\\\/#\\\/schema\\\/logo\\\/image\\\/\"},\"sameAs\":[\"https:\\\/\\\/www.facebook.com\\\/JazzZeitung\\\/\"]},{\"@type\":\"Person\",\"@id\":\"https:\\\/\\\/www.jazzzeitung.de\\\/cms\\\/#\\\/schema\\\/person\\\/ba94c5bbea92d014d6a3d1f0105daa18\",\"name\":\"Thomas J. Krebs\",\"image\":{\"@type\":\"ImageObject\",\"inLanguage\":\"de\",\"@id\":\"https:\\\/\\\/secure.gravatar.com\\\/avatar\\\/e362b221c114fbcde56be31a2eacbbab541308e5bf72f20d4519b16cdeb5c667?s=96&d=wp_user_avatar&r=ga12b8f4e2750c9ca30f9e22cab2177c6\",\"url\":\"https:\\\/\\\/secure.gravatar.com\\\/avatar\\\/e362b221c114fbcde56be31a2eacbbab541308e5bf72f20d4519b16cdeb5c667?s=96&d=wp_user_avatar&r=g\",\"contentUrl\":\"https:\\\/\\\/secure.gravatar.com\\\/avatar\\\/e362b221c114fbcde56be31a2eacbbab541308e5bf72f20d4519b16cdeb5c667?s=96&d=wp_user_avatar&r=g\",\"caption\":\"Thomas J. Krebs\"},\"url\":\"https:\\\/\\\/www.jazzzeitung.de\\\/cms\\\/author\\\/krebs\\\/\"}]}<\/script>\n<!-- \/ Yoast SEO plugin. -->","yoast_head_json":{"title":"\u201eEvans in England\u201c \u2013 Resonance ver\u00f6ffentlicht Live-Mitschnitt des Bill Evans Trios von 1969 - JazzZeitung","robots":{"index":"index","follow":"follow","max-snippet":"max-snippet:-1","max-image-preview":"max-image-preview:large","max-video-preview":"max-video-preview:-1"},"canonical":"https:\/\/www.jazzzeitung.de\/cms\/2019\/05\/evans-in-england-resonance-veroeffentlicht-live-mitschnitt-des-bill-evans-trios-von-1969\/","og_locale":"de_DE","og_type":"article","og_title":"\u201eEvans in England\u201c \u2013 Resonance ver\u00f6ffentlicht Live-Mitschnitt des Bill Evans Trios von 1969 - JazzZeitung","og_description":"Bei der aktuell auf dem Resonance Label erschienenen CD \u201eEvans in England\u201c handelt es sich um einen \u00e4u\u00dferst h\u00f6renswerten Live-Mitschnitt des Bill Evans Trios, der im Dezember 1969 im Londoner Ronnie Scott\u2019s Club aufgenommen wurde. Es ist die mittlerweile vierte Bill Evans Live-Trio-Produktion (neben Top of the Gate (23.10.1968), Black Forest (20.06.1968) und Hilversum 22.06.1968)) mit bis dato unver\u00f6ffentlichtem Material, das Resonance den geneigten H\u00f6rern und Bill Evans Fans zug\u00e4nglich macht. W\u00e4hrend bei den Konzerten in Hilversum und Villingen (Black Forest) Jack De Johnette mit von der Partie war, sa\u00df bei den Konzerten im Greenwich Village (Top of the Gate) und im Ronnie Scott\u2019s Club, neben Eddie Gomez am Bass, Marty Morell am Schlagzeug. Dieses Trio z\u00e4hlt unbestritten zu den herausragenden Evans-Formationen. Hoch virtuos, mal aufbrausend und gleichzeitig mit Feingef\u00fchl begegnen Gomez und Morell dem Spiel von Bill Evans, fordern ihn mit Soli, L\u00e4ufen, spannenden Rhythmussequenzen und geben musikalisch Vollgas. Angesichts der mittlerweile gut dokumentierten Auswahl an Tontr\u00e4gern dieses Trios, ist hier trotzdem auch der eine und andere musikalische Schatz zu h\u00f6ren. So spielt das Trio eine fr\u00fche Aufnahme des Evans-Klassikers \u201eThe Two Lonely People\u201c &hellip;","og_url":"https:\/\/www.jazzzeitung.de\/cms\/2019\/05\/evans-in-england-resonance-veroeffentlicht-live-mitschnitt-des-bill-evans-trios-von-1969\/","og_site_name":"JazzZeitung","article_publisher":"https:\/\/www.facebook.com\/JazzZeitung\/","article_published_time":"2019-05-24T07:27:10+00:00","og_image":[{"width":800,"height":612,"url":"https:\/\/i0.wp.com\/www.jazzzeitung.de\/cms\/wp-content\/uploads\/2019\/05\/bill_evans_crop.png?fit=800%2C612&ssl=1","type":"image\/png"}],"author":"Thomas J. Krebs","schema":{"@context":"https:\/\/schema.org","@graph":[{"@type":"Article","@id":"https:\/\/www.jazzzeitung.de\/cms\/2019\/05\/evans-in-england-resonance-veroeffentlicht-live-mitschnitt-des-bill-evans-trios-von-1969\/#article","isPartOf":{"@id":"https:\/\/www.jazzzeitung.de\/cms\/2019\/05\/evans-in-england-resonance-veroeffentlicht-live-mitschnitt-des-bill-evans-trios-von-1969\/"},"author":{"name":"Thomas J. Krebs","@id":"https:\/\/www.jazzzeitung.de\/cms\/#\/schema\/person\/ba94c5bbea92d014d6a3d1f0105daa18"},"headline":"\u201eEvans in England\u201c \u2013 Resonance ver\u00f6ffentlicht Live-Mitschnitt des Bill Evans Trios von 1969","datePublished":"2019-05-24T07:27:10+00:00","mainEntityOfPage":{"@id":"https:\/\/www.jazzzeitung.de\/cms\/2019\/05\/evans-in-england-resonance-veroeffentlicht-live-mitschnitt-des-bill-evans-trios-von-1969\/"},"wordCount":477,"commentCount":1,"publisher":{"@id":"https:\/\/www.jazzzeitung.de\/cms\/#organization"},"image":{"@id":"https:\/\/www.jazzzeitung.de\/cms\/2019\/05\/evans-in-england-resonance-veroeffentlicht-live-mitschnitt-des-bill-evans-trios-von-1969\/#primaryimage"},"thumbnailUrl":"https:\/\/i0.wp.com\/www.jazzzeitung.de\/cms\/wp-content\/uploads\/2019\/05\/bill_evans_crop.png?fit=800%2C612&ssl=1","keywords":["Bill Evans","CD","Eddie Gomez","Evans in England","Marty Morell","Resonance Records"],"articleSection":["Rezension"],"inLanguage":"de","potentialAction":[{"@type":"CommentAction","name":"Comment","target":["https:\/\/www.jazzzeitung.de\/cms\/2019\/05\/evans-in-england-resonance-veroeffentlicht-live-mitschnitt-des-bill-evans-trios-von-1969\/#respond"]}]},{"@type":"WebPage","@id":"https:\/\/www.jazzzeitung.de\/cms\/2019\/05\/evans-in-england-resonance-veroeffentlicht-live-mitschnitt-des-bill-evans-trios-von-1969\/","url":"https:\/\/www.jazzzeitung.de\/cms\/2019\/05\/evans-in-england-resonance-veroeffentlicht-live-mitschnitt-des-bill-evans-trios-von-1969\/","name":"\u201eEvans in England\u201c \u2013 Resonance ver\u00f6ffentlicht Live-Mitschnitt des Bill Evans Trios von 1969 - JazzZeitung","isPartOf":{"@id":"https:\/\/www.jazzzeitung.de\/cms\/#website"},"primaryImageOfPage":{"@id":"https:\/\/www.jazzzeitung.de\/cms\/2019\/05\/evans-in-england-resonance-veroeffentlicht-live-mitschnitt-des-bill-evans-trios-von-1969\/#primaryimage"},"image":{"@id":"https:\/\/www.jazzzeitung.de\/cms\/2019\/05\/evans-in-england-resonance-veroeffentlicht-live-mitschnitt-des-bill-evans-trios-von-1969\/#primaryimage"},"thumbnailUrl":"https:\/\/i0.wp.com\/www.jazzzeitung.de\/cms\/wp-content\/uploads\/2019\/05\/bill_evans_crop.png?fit=800%2C612&ssl=1","datePublished":"2019-05-24T07:27:10+00:00","breadcrumb":{"@id":"https:\/\/www.jazzzeitung.de\/cms\/2019\/05\/evans-in-england-resonance-veroeffentlicht-live-mitschnitt-des-bill-evans-trios-von-1969\/#breadcrumb"},"inLanguage":"de","potentialAction":[{"@type":"ReadAction","target":["https:\/\/www.jazzzeitung.de\/cms\/2019\/05\/evans-in-england-resonance-veroeffentlicht-live-mitschnitt-des-bill-evans-trios-von-1969\/"]}]},{"@type":"ImageObject","inLanguage":"de","@id":"https:\/\/www.jazzzeitung.de\/cms\/2019\/05\/evans-in-england-resonance-veroeffentlicht-live-mitschnitt-des-bill-evans-trios-von-1969\/#primaryimage","url":"https:\/\/i0.wp.com\/www.jazzzeitung.de\/cms\/wp-content\/uploads\/2019\/05\/bill_evans_crop.png?fit=800%2C612&ssl=1","contentUrl":"https:\/\/i0.wp.com\/www.jazzzeitung.de\/cms\/wp-content\/uploads\/2019\/05\/bill_evans_crop.png?fit=800%2C612&ssl=1","width":800,"height":612},{"@type":"BreadcrumbList","@id":"https:\/\/www.jazzzeitung.de\/cms\/2019\/05\/evans-in-england-resonance-veroeffentlicht-live-mitschnitt-des-bill-evans-trios-von-1969\/#breadcrumb","itemListElement":[{"@type":"ListItem","position":1,"name":"Startseite","item":"https:\/\/www.jazzzeitung.de\/cms\/"},{"@type":"ListItem","position":2,"name":"\u201eEvans in England\u201c \u2013 Resonance ver\u00f6ffentlicht Live-Mitschnitt des Bill Evans Trios von 1969"}]},{"@type":"WebSite","@id":"https:\/\/www.jazzzeitung.de\/cms\/#website","url":"https:\/\/www.jazzzeitung.de\/cms\/","name":"JazzZeitung","description":"Jazz-News und Jazz-Kontroverses","publisher":{"@id":"https:\/\/www.jazzzeitung.de\/cms\/#organization"},"potentialAction":[{"@type":"SearchAction","target":{"@type":"EntryPoint","urlTemplate":"https:\/\/www.jazzzeitung.de\/cms\/?s={search_term_string}"},"query-input":{"@type":"PropertyValueSpecification","valueRequired":true,"valueName":"search_term_string"}}],"inLanguage":"de"},{"@type":"Organization","@id":"https:\/\/www.jazzzeitung.de\/cms\/#organization","name":"JazzZeitung online","url":"https:\/\/www.jazzzeitung.de\/cms\/","logo":{"@type":"ImageObject","inLanguage":"de","@id":"https:\/\/www.jazzzeitung.de\/cms\/#\/schema\/logo\/image\/","url":"https:\/\/i0.wp.com\/www.jazzzeitung.de\/cms\/wp-content\/uploads\/2015\/08\/JAZZZEITUNGDE_Logo_Neu.png?fit=499%2C200&ssl=1","contentUrl":"https:\/\/i0.wp.com\/www.jazzzeitung.de\/cms\/wp-content\/uploads\/2015\/08\/JAZZZEITUNGDE_Logo_Neu.png?fit=499%2C200&ssl=1","width":499,"height":200,"caption":"JazzZeitung online"},"image":{"@id":"https:\/\/www.jazzzeitung.de\/cms\/#\/schema\/logo\/image\/"},"sameAs":["https:\/\/www.facebook.com\/JazzZeitung\/"]},{"@type":"Person","@id":"https:\/\/www.jazzzeitung.de\/cms\/#\/schema\/person\/ba94c5bbea92d014d6a3d1f0105daa18","name":"Thomas J. Krebs","image":{"@type":"ImageObject","inLanguage":"de","@id":"https:\/\/secure.gravatar.com\/avatar\/e362b221c114fbcde56be31a2eacbbab541308e5bf72f20d4519b16cdeb5c667?s=96&d=wp_user_avatar&r=ga12b8f4e2750c9ca30f9e22cab2177c6","url":"https:\/\/secure.gravatar.com\/avatar\/e362b221c114fbcde56be31a2eacbbab541308e5bf72f20d4519b16cdeb5c667?s=96&d=wp_user_avatar&r=g","contentUrl":"https:\/\/secure.gravatar.com\/avatar\/e362b221c114fbcde56be31a2eacbbab541308e5bf72f20d4519b16cdeb5c667?s=96&d=wp_user_avatar&r=g","caption":"Thomas J. Krebs"},"url":"https:\/\/www.jazzzeitung.de\/cms\/author\/krebs\/"}]}},"wp-worthy-pixel":{"ignored":false,"public":null,"server":null,"url":null},"wp-worthy-type":"normal","jetpack_publicize_connections":[],"cc_featured_image_caption":{"caption_text":"","source_text":"","source_url":""},"jetpack_featured_media_url":"https:\/\/i0.wp.com\/www.jazzzeitung.de\/cms\/wp-content\/uploads\/2019\/05\/bill_evans_crop.png?fit=800%2C612&ssl=1","jetpack_shortlink":"https:\/\/wp.me\/p3KEcT-55b","jetpack-related-posts":[{"id":12011,"url":"https:\/\/www.jazzzeitung.de\/cms\/2017\/03\/abgehoert-ralph-towner-my-foolish-heart-bill-evans-trio-on-a-monday-evening\/","url_meta":{"origin":19541,"position":0},"title":"ABGEH\u00d6RT: Ralph Towner &#8211; My Foolish Heart   &#038;   Bill Evans Trio &#8211; On A Monday Evening","author":"Redaktion JazzZeitung","date":"24. M\u00e4rz 2017","format":false,"excerpt":"Es gibt Aufnahmen, die pr\u00e4gen und begleiten einen ein ganzes Leben lang. Ralph Towners erstes ECM Soloalbum \u201eDiary\u201c von 1973 ist -zumindest f\u00fcr mich- eine davon. Auch im Laufe der Jahre hat sie nichts an Frische verloren. Es folgten vier weitere beachtliche Soloaufnahmen von ihm: \u00a0\u201eSolo Concert\u201c, \u201eAna\u201c, \u201eAnthem\u201c und\u2026","rel":"","context":"In &quot;Rezension&quot;","block_context":{"text":"Rezension","link":"https:\/\/www.jazzzeitung.de\/cms\/thema\/rezension\/"},"img":{"alt_text":"","src":"https:\/\/i0.wp.com\/www.jazzzeitung.de\/cms\/wp-content\/uploads\/2017\/03\/Ralph-Towner-My-foolish-heart-Cover-ECM-2516-150x150.jpg?resize=350%2C200","width":350,"height":200},"classes":[]},{"id":27174,"url":"https:\/\/www.jazzzeitung.de\/cms\/2022\/04\/start-einer-grandiosen-cd-serie-live-at-fabrik\/","url_meta":{"origin":19541,"position":1},"title":"Start einer grandiosen CD Serie: Live at Fabrik","author":"Thomas J. Krebs","date":"23. April 2022","format":false,"excerpt":"(Fotos, auch Beitragsbild: Thomas J. Krebs) Vor ein paar Jahren startete das Jazzline Label bereits eine CD Reihe \u201eAt Onkel P\u00f6's Carnegie Hall \/ Hamburg\u201c mit Livemitschnitten von Chet Baker, Dizzy Gillespie, Dave Liebman oder den Brecker Brothers, die der NDR seinerzeit aufgenommen hat. Nun ist der Startschuss f\u00fcr \u201eLive\u2026","rel":"","context":"In &quot;Rezension&quot;","block_context":{"text":"Rezension","link":"https:\/\/www.jazzzeitung.de\/cms\/thema\/rezension\/"},"img":{"alt_text":"","src":"https:\/\/i0.wp.com\/www.jazzzeitung.de\/cms\/wp-content\/uploads\/2022\/04\/Hubbard-Tyner-sw-Fabrik-HH-1986-Foto-TJ-Krebs.jpg?fit=1200%2C800&ssl=1&resize=350%2C200","width":350,"height":200,"srcset":"https:\/\/i0.wp.com\/www.jazzzeitung.de\/cms\/wp-content\/uploads\/2022\/04\/Hubbard-Tyner-sw-Fabrik-HH-1986-Foto-TJ-Krebs.jpg?fit=1200%2C800&ssl=1&resize=350%2C200 1x, https:\/\/i0.wp.com\/www.jazzzeitung.de\/cms\/wp-content\/uploads\/2022\/04\/Hubbard-Tyner-sw-Fabrik-HH-1986-Foto-TJ-Krebs.jpg?fit=1200%2C800&ssl=1&resize=525%2C300 1.5x, https:\/\/i0.wp.com\/www.jazzzeitung.de\/cms\/wp-content\/uploads\/2022\/04\/Hubbard-Tyner-sw-Fabrik-HH-1986-Foto-TJ-Krebs.jpg?fit=1200%2C800&ssl=1&resize=700%2C400 2x, https:\/\/i0.wp.com\/www.jazzzeitung.de\/cms\/wp-content\/uploads\/2022\/04\/Hubbard-Tyner-sw-Fabrik-HH-1986-Foto-TJ-Krebs.jpg?fit=1200%2C800&ssl=1&resize=1050%2C600 3x"},"classes":[]},{"id":4517,"url":"https:\/\/www.jazzzeitung.de\/cms\/2014\/09\/improvisation-ueber-improvisation-9\/","url_meta":{"origin":19541,"position":2},"title":"Improvisation \u00fcber Improvisation #9","author":"Benjamin Schaefer","date":"15. September 2014","format":false,"excerpt":"Meine erstes Jazzalbum war \u201ePortrait in Jazz\u201c des Pianisten Bill Evans. Vom Cover blickte mir ein adrett gekleideter Endzwanziger entgegen, mit Seitenscheitel, Intellektuellenbrille und traurigem Gesichtsausdruck. Das Album war fortan Dauergast in meinem CD-Spieler, und auch wenn mich die gesamte Aufnahme auf vielf\u00e4ltige Art faszinierte, so stach doch ein St\u00fcck\u2026","rel":"","context":"In &quot;Blog&quot;","block_context":{"text":"Blog","link":"https:\/\/www.jazzzeitung.de\/cms\/thema\/blog\/"},"img":{"alt_text":"","src":"","width":0,"height":0},"classes":[]},{"id":15511,"url":"https:\/\/www.jazzzeitung.de\/cms\/2018\/03\/newsprogramm-des-elbjazz-2018-ist-nun-vollstaendig\/","url_meta":{"origin":19541,"position":3},"title":"+++News+++Programm des ELBJAZZ 2018 ist nun vollst\u00e4ndig+++JazzBaltica 2018+++","author":"Redaktion JazzZeitung","date":"31. M\u00e4rz 2018","format":false,"excerpt":"+++Programm des ELBJAZZ 2018 ist nun vollst\u00e4ndig+++ Das musikalische Programm des ELBJAZZ 2018 ist vollst\u00e4ndig: Mehr als 50 Konzerte am 1. und 2. Juni 2018 \u2013 plus drei weitere, die es bereits einen Tag zuvor, am 31. Mai., im Gro\u00dfen Saal der Elbphilharmonie in Hamburg zu erleben gibt \u2013 pr\u00e4gen\u2026","rel":"","context":"In &quot;News&quot;","block_context":{"text":"News","link":"https:\/\/www.jazzzeitung.de\/cms\/thema\/nachrichten\/"},"img":{"alt_text":"","src":"https:\/\/i0.wp.com\/www.jazzzeitung.de\/cms\/wp-content\/uploads\/2018\/03\/2_ELBJAZZ_Elbphilharmonie_Logo_Poller-%C2%A9-Claudia_H%C3%B6hne.jpg?fit=1200%2C800&ssl=1&resize=350%2C200","width":350,"height":200,"srcset":"https:\/\/i0.wp.com\/www.jazzzeitung.de\/cms\/wp-content\/uploads\/2018\/03\/2_ELBJAZZ_Elbphilharmonie_Logo_Poller-%C2%A9-Claudia_H%C3%B6hne.jpg?fit=1200%2C800&ssl=1&resize=350%2C200 1x, https:\/\/i0.wp.com\/www.jazzzeitung.de\/cms\/wp-content\/uploads\/2018\/03\/2_ELBJAZZ_Elbphilharmonie_Logo_Poller-%C2%A9-Claudia_H%C3%B6hne.jpg?fit=1200%2C800&ssl=1&resize=525%2C300 1.5x, https:\/\/i0.wp.com\/www.jazzzeitung.de\/cms\/wp-content\/uploads\/2018\/03\/2_ELBJAZZ_Elbphilharmonie_Logo_Poller-%C2%A9-Claudia_H%C3%B6hne.jpg?fit=1200%2C800&ssl=1&resize=700%2C400 2x, https:\/\/i0.wp.com\/www.jazzzeitung.de\/cms\/wp-content\/uploads\/2018\/03\/2_ELBJAZZ_Elbphilharmonie_Logo_Poller-%C2%A9-Claudia_H%C3%B6hne.jpg?fit=1200%2C800&ssl=1&resize=1050%2C600 3x"},"classes":[]},{"id":9509,"url":"https:\/\/www.jazzzeitung.de\/cms\/2016\/06\/music-feed-soul-anne-hartkamp-legt-zwei-neue-alben-vor-dear-bill-und-songs-dances\/","url_meta":{"origin":19541,"position":4},"title":"Music To Feed The Soul &#8211; Anne Hartkamp legt zwei neue Alben vor: &#8222;Dear Bill&#8220; und &#8222;Songs &#038; Dances&#8220;","author":"Redaktion JazzZeitung","date":"15. Juni 2016","format":false,"excerpt":"Wer heute Anne Hartkamp h\u00f6rt, im Konzert oder auf CD, ihre Entwicklung zu einer unserer vielseitigsten und profiliertesten, immer authentischen Jazzvokalistinnen seit Jahren verfolgt, kann kaum glauben, dass ihr zu Beginn ihrer Karriere abgeraten wurde, Jazz zu singen. Ihre Stimme sei zu hell. Jazzs\u00e4ngerinnen hatten, in den Achtzigern, schwarz, dunkel,\u2026","rel":"","context":"In &quot;Portrait&quot;","block_context":{"text":"Portrait","link":"https:\/\/www.jazzzeitung.de\/cms\/thema\/portrait\/"},"img":{"alt_text":"","src":"https:\/\/i0.wp.com\/www.jazzzeitung.de\/cms\/wp-content\/uploads\/2016\/06\/fushiya-cd-218-c-01.jpg?fit=600%2C600&ssl=1&resize=350%2C200","width":350,"height":200,"srcset":"https:\/\/i0.wp.com\/www.jazzzeitung.de\/cms\/wp-content\/uploads\/2016\/06\/fushiya-cd-218-c-01.jpg?fit=600%2C600&ssl=1&resize=350%2C200 1x, https:\/\/i0.wp.com\/www.jazzzeitung.de\/cms\/wp-content\/uploads\/2016\/06\/fushiya-cd-218-c-01.jpg?fit=600%2C600&ssl=1&resize=525%2C300 1.5x"},"classes":[]},{"id":17946,"url":"https:\/\/www.jazzzeitung.de\/cms\/2018\/11\/peter-evans-pulverize-the-sound-beim-krefelder-jazzherbst\/","url_meta":{"origin":19541,"position":5},"title":"Peter Evans \u201ePulverize the Sound\u201c beim Krefelder Jazzherbst","author":"Redaktion JazzZeitung","date":"23. November 2018","format":false,"excerpt":"Von Stefan Pieper.\u00a0Ungest\u00fcmer Spielwitz im Livekonzert deutet darauf hin, dass es Musikern, die solchen auf der B\u00fchne ausleben, auch im \u201erealen\u201c Leben nicht daran mangelt. So erg\u00f6tzte sich der New Yorker Bassist Tim Dahl erst mal ausgiebig \u00fcber das deutsche Wort \u201eSchweinshaxe\u201c, was sich in amerikanischem Zungenschlag ja auch sehr\u2026","rel":"","context":"In &quot;Bericht&quot;","block_context":{"text":"Bericht","link":"https:\/\/www.jazzzeitung.de\/cms\/thema\/bericht\/"},"img":{"alt_text":"","src":"https:\/\/i0.wp.com\/www.jazzzeitung.de\/cms\/wp-content\/uploads\/2018\/11\/DSC01920.jpg?fit=1200%2C900&ssl=1&resize=350%2C200","width":350,"height":200,"srcset":"https:\/\/i0.wp.com\/www.jazzzeitung.de\/cms\/wp-content\/uploads\/2018\/11\/DSC01920.jpg?fit=1200%2C900&ssl=1&resize=350%2C200 1x, https:\/\/i0.wp.com\/www.jazzzeitung.de\/cms\/wp-content\/uploads\/2018\/11\/DSC01920.jpg?fit=1200%2C900&ssl=1&resize=525%2C300 1.5x, https:\/\/i0.wp.com\/www.jazzzeitung.de\/cms\/wp-content\/uploads\/2018\/11\/DSC01920.jpg?fit=1200%2C900&ssl=1&resize=700%2C400 2x, https:\/\/i0.wp.com\/www.jazzzeitung.de\/cms\/wp-content\/uploads\/2018\/11\/DSC01920.jpg?fit=1200%2C900&ssl=1&resize=1050%2C600 3x"},"classes":[]}],"jetpack_sharing_enabled":true,"_links":{"self":[{"href":"https:\/\/www.jazzzeitung.de\/cms\/wp-json\/wp\/v2\/posts\/19541","targetHints":{"allow":["GET"]}}],"collection":[{"href":"https:\/\/www.jazzzeitung.de\/cms\/wp-json\/wp\/v2\/posts"}],"about":[{"href":"https:\/\/www.jazzzeitung.de\/cms\/wp-json\/wp\/v2\/types\/post"}],"author":[{"embeddable":true,"href":"https:\/\/www.jazzzeitung.de\/cms\/wp-json\/wp\/v2\/users\/35"}],"replies":[{"embeddable":true,"href":"https:\/\/www.jazzzeitung.de\/cms\/wp-json\/wp\/v2\/comments?post=19541"}],"version-history":[{"count":3,"href":"https:\/\/www.jazzzeitung.de\/cms\/wp-json\/wp\/v2\/posts\/19541\/revisions"}],"predecessor-version":[{"id":19546,"href":"https:\/\/www.jazzzeitung.de\/cms\/wp-json\/wp\/v2\/posts\/19541\/revisions\/19546"}],"wp:featuredmedia":[{"embeddable":true,"href":"https:\/\/www.jazzzeitung.de\/cms\/wp-json\/wp\/v2\/media\/19542"}],"wp:attachment":[{"href":"https:\/\/www.jazzzeitung.de\/cms\/wp-json\/wp\/v2\/media?parent=19541"}],"wp:term":[{"taxonomy":"category","embeddable":true,"href":"https:\/\/www.jazzzeitung.de\/cms\/wp-json\/wp\/v2\/categories?post=19541"},{"taxonomy":"post_tag","embeddable":true,"href":"https:\/\/www.jazzzeitung.de\/cms\/wp-json\/wp\/v2\/tags?post=19541"},{"taxonomy":"author","embeddable":true,"href":"https:\/\/www.jazzzeitung.de\/cms\/wp-json\/wp\/v2\/coauthors?post=19541"}],"curies":[{"name":"wp","href":"https:\/\/api.w.org\/{rel}","templated":true}]}}