{"id":19405,"date":"2019-05-08T15:37:43","date_gmt":"2019-05-08T13:37:43","guid":{"rendered":"https:\/\/www.jazzzeitung.de\/cms\/?p=19405"},"modified":"2019-05-07T15:40:36","modified_gmt":"2019-05-07T13:40:36","slug":"bassistin-lisa-wulff-erhaelt-hamburger-jazzpreis-2019","status":"publish","type":"post","link":"https:\/\/www.jazzzeitung.de\/cms\/2019\/05\/bassistin-lisa-wulff-erhaelt-hamburger-jazzpreis-2019\/","title":{"rendered":"Bassistin Lisa Wulff erh\u00e4lt Hamburger Jazzpreis 2019"},"content":{"rendered":"<p>Die Bassistin Lisa Wulff ist Preistr\u00e4gerin des renommierten Hamburger Jazzpreises, der 2019 zum siebten Mal vergeben wird. Der mit 10.000 Euro dotierte Peis zeichnet alle zwei Jahre Musikerinnen und Musiker aus, die einen besonders qualifizierten k\u00fcnstlerischen Beitrag zur Jazzmusik in Hamburg geleistet und sich f\u00fcr die Belange des Jazz in der Stadt eingesetzt haben.<\/p>\n<p>Der Hamburger Jazzpreis wurde 2007 von der Dr. E.A. Langner Stiftung ins Leben gerufen. 2011 wurde die Tr\u00e4gerschaft an die ELBJAZZ GmbH \u00fcbertragen. 2017 hat das Jazzb\u00fcro Hamburg die Ausrichtung des Preises \u00fcbernommen, ELBJAZZ bleibt Gastgeber der Preisverleihung. Eine Fachjury hat zun\u00e4chst Kandidaten nominiert und dann die diesj\u00e4hrige Preistr\u00e4gerin bestimmt. Die 28-j\u00e4hrige Musikerin und Komponistin Lisa Wulff ist in Hamburg geboren und aufgewachsen. Mit neun Jahren hat sie angefangen, Bass zu spielen. Ihre Karriere ist sicher in erster Linie das Ergebnis ihres gro\u00dfen Talents aber auch ein Musterbeispiel f\u00fcr gelungene Nachwuchsf\u00f6rderung. Nach einem Studium der Musikerziehung in Bremen bei Prof. Detlev Beier kam sie f\u00fcr das Bachelor-Studium bei Prof. Lucas Lindholm zur\u00fcck nach Hamburg. Lisa Wulff ist auf dem E-Bass gleicherma\u00dfen versiert wie auf dem Kontrabass. Sie ist eine gefragte Begleiterin in verschiedensten Kontexten und eine erfolgreiche Bandleaderin.<\/p>\n<p>Die Begr\u00fcndung der Jury: Die Bassistin, S\u00e4ngerin und Komponistin Lisa Wulff ist eine Jazzmusikerin mit au\u00dferordentlichen technischen und kreativen F\u00e4higkeiten, die weit \u00fcber die Grenzen der Stadt hinaus nationale und internationale Aufmerksamkeit genie\u00dft. Als stilistisch \u00e4u\u00dferst offene und stilsichere Bassistin erweist sie sich in vielf\u00e4ltigen Bandkontexten (vom Duo bis zur Big Band) als ein verl\u00e4sslicher, energetischer Ruhepol und zugleich inspirierender Motor. In ihren Beitr\u00e4gen als Solistin kommen ihre Technik und ihre Phantasie auf ideale Weise zusammen. Bereits fr\u00fch haben renommierte K\u00fcnstler wie Nils Landgren und Rolf K\u00fchn ihre F\u00e4higkeiten erkannt und die Bassistin in ihre Bands eingeladen. Auf zwei Alben unter eigenem Namen zeigt Lisa Wulff, dass sie auch als Bandleaderin und Komponistin \u00fcber eine erkennbare, eigene Handschrift verf\u00fcgt. Ihre Musik ist ebenso zeitgen\u00f6ssisch wie vielf\u00e4ltig und vielschichtig und bietet ihren Partnern zugleich ausf\u00fchrliche M\u00f6glichkeiten zur Gestaltung. In ihrem Quartett hat sie mit Adrian Hanack, Martin Terens und Silvan Strau\u00df vier starke Pers\u00f6nlichkeiten der j\u00fcngeren Hamburger Jazz-Szene vereint, mit denen sie seit f\u00fcnf Jahren kontinuierlich an der Weiterentwicklung des gemeinsamen Klangbildes arbeitet.<\/p>\n<p>Der Jury geh\u00f6rten dieses Jahr Dr. Reiner Br\u00fcggestrat (Vorstandssprecher der Hamburger Volksbank), Gabriel Coburger (Musiker und Preistr\u00e4ger des 1. Hamburger Jazzpreises), Stefan Gerdes (NDR Jazzredaktion), Stefan Hentz (Journalist), Michael Langkamp (Musiker und Koordinator des Jazzstudiengangs an der HfMT), M\u00fccke Quinckhardt (Jazzb\u00fcro Hamburg) und Nina Sauer (ELBJAZZ Gr\u00fcnderin) an. Die Verleihung des HAMBURGER JAZZPREISES 2019 findet im Rahmen von ELBJAZZ am Samstag, den 1. Juni 2019 von 16.30 bis 17.30 Uhr in der Schiffbauhalle bei Blohm+Voss statt. Laudator des Hamburger Jazzpreises 2019 ist Nils Landgren. Im Anschluss an die Preisverleihung gibt es ein Preistr\u00e4ger-Konzert mit: Lisa Wulff, Saxophonist Gabriel Coburger, Pianist Benjamin Schaefer und Schlagzeugerin Christin Neddens.<\/p>\n<p><strong>Weitere Informationen unter:<\/strong><br \/>\n<a href=\"http:\/\/www.jazzbuero-hamburg.de\/de\/\">www.jazzbuero-hamburg.de<\/a><br \/>\n<a href=\"https:\/\/www.elbjazz.de\/de\/festival\/hamburger-jazzpreis--0\">www.elbjazz.de<\/a><br \/>\n<a href=\"https:\/\/lisawulff.de\/\">www.lisawulff.de<\/a><\/p>\n","protected":false},"excerpt":{"rendered":"<p>Die Bassistin Lisa Wulff ist Preistr\u00e4gerin des renommierten Hamburger Jazzpreises, der 2019 zum siebten Mal vergeben wird. Der mit 10.000 Euro dotierte Peis zeichnet alle zwei Jahre Musikerinnen und Musiker aus, die einen besonders qualifizierten k\u00fcnstlerischen Beitrag zur Jazzmusik in Hamburg geleistet und sich f\u00fcr die Belange des Jazz in der Stadt eingesetzt haben. Der Hamburger Jazzpreis wurde 2007 von der Dr. E.A. Langner Stiftung ins Leben gerufen. 2011 wurde die Tr\u00e4gerschaft an die ELBJAZZ GmbH \u00fcbertragen. 2017 hat das Jazzb\u00fcro Hamburg die Ausrichtung des Preises \u00fcbernommen, ELBJAZZ bleibt Gastgeber der Preisverleihung. Eine Fachjury hat zun\u00e4chst Kandidaten nominiert und dann die diesj\u00e4hrige Preistr\u00e4gerin bestimmt. Die 28-j\u00e4hrige Musikerin und Komponistin Lisa Wulff ist in Hamburg geboren und aufgewachsen. Mit neun Jahren hat sie angefangen, Bass zu spielen. Ihre Karriere ist sicher in erster Linie das Ergebnis ihres gro\u00dfen Talents aber auch ein Musterbeispiel f\u00fcr gelungene Nachwuchsf\u00f6rderung. Nach einem Studium der Musikerziehung in Bremen bei Prof. Detlev Beier kam sie f\u00fcr das Bachelor-Studium bei Prof. Lucas Lindholm zur\u00fcck nach Hamburg. Lisa Wulff ist auf dem E-Bass gleicherma\u00dfen versiert wie auf dem Kontrabass. Sie ist eine gefragte Begleiterin &hellip;<\/p>\n","protected":false},"author":18,"featured_media":19410,"comment_status":"open","ping_status":"closed","sticky":false,"template":"","format":"standard","meta":{"_jetpack_memberships_contains_paid_content":false,"footnotes":"","jetpack_publicize_message":"","jetpack_publicize_feature_enabled":true,"jetpack_social_post_already_shared":false,"jetpack_social_options":{"image_generator_settings":{"template":"highway","default_image_id":0,"font":"","enabled":false},"version":2}},"categories":[633],"tags":[802,2340,2337,2339,2335,2336,2338,417],"coauthors":[695],"class_list":["post-19405","post","type-post","status-publish","format-standard","has-post-thumbnail","hentry","category-nachrichten","tag-benjamin-schaefer","tag-christin-neddens","tag-elbjazz","tag-gabriel-coburger","tag-hamburger-jazzpreis","tag-jazzbuero-hamburg","tag-lisa-wulff","tag-nils-landgren"],"yoast_head":"<!-- This site is optimized with the Yoast SEO plugin v27.5 - https:\/\/yoast.com\/product\/yoast-seo-wordpress\/ -->\n<title>Bassistin Lisa Wulff erh\u00e4lt Hamburger Jazzpreis 2019 - JazzZeitung<\/title>\n<meta name=\"robots\" content=\"index, follow, max-snippet:-1, max-image-preview:large, max-video-preview:-1\" \/>\n<link rel=\"canonical\" href=\"https:\/\/www.jazzzeitung.de\/cms\/2019\/05\/bassistin-lisa-wulff-erhaelt-hamburger-jazzpreis-2019\/\" \/>\n<meta property=\"og:locale\" content=\"de_DE\" \/>\n<meta property=\"og:type\" content=\"article\" \/>\n<meta property=\"og:title\" content=\"Bassistin Lisa Wulff erh\u00e4lt Hamburger Jazzpreis 2019 - JazzZeitung\" \/>\n<meta property=\"og:description\" content=\"Die Bassistin Lisa Wulff ist Preistr\u00e4gerin des renommierten Hamburger Jazzpreises, der 2019 zum siebten Mal vergeben wird. Der mit 10.000 Euro dotierte Peis zeichnet alle zwei Jahre Musikerinnen und Musiker aus, die einen besonders qualifizierten k\u00fcnstlerischen Beitrag zur Jazzmusik in Hamburg geleistet und sich f\u00fcr die Belange des Jazz in der Stadt eingesetzt haben. Der Hamburger Jazzpreis wurde 2007 von der Dr. E.A. Langner Stiftung ins Leben gerufen. 2011 wurde die Tr\u00e4gerschaft an die ELBJAZZ GmbH \u00fcbertragen. 2017 hat das Jazzb\u00fcro Hamburg die Ausrichtung des Preises \u00fcbernommen, ELBJAZZ bleibt Gastgeber der Preisverleihung. Eine Fachjury hat zun\u00e4chst Kandidaten nominiert und dann die diesj\u00e4hrige Preistr\u00e4gerin bestimmt. Die 28-j\u00e4hrige Musikerin und Komponistin Lisa Wulff ist in Hamburg geboren und aufgewachsen. Mit neun Jahren hat sie angefangen, Bass zu spielen. Ihre Karriere ist sicher in erster Linie das Ergebnis ihres gro\u00dfen Talents aber auch ein Musterbeispiel f\u00fcr gelungene Nachwuchsf\u00f6rderung. Nach einem Studium der Musikerziehung in Bremen bei Prof. Detlev Beier kam sie f\u00fcr das Bachelor-Studium bei Prof. Lucas Lindholm zur\u00fcck nach Hamburg. Lisa Wulff ist auf dem E-Bass gleicherma\u00dfen versiert wie auf dem Kontrabass. Sie ist eine gefragte Begleiterin &hellip;\" \/>\n<meta property=\"og:url\" content=\"https:\/\/www.jazzzeitung.de\/cms\/2019\/05\/bassistin-lisa-wulff-erhaelt-hamburger-jazzpreis-2019\/\" \/>\n<meta property=\"og:site_name\" content=\"JazzZeitung\" \/>\n<meta property=\"article:publisher\" content=\"https:\/\/www.facebook.com\/JazzZeitung\/\" \/>\n<meta property=\"article:published_time\" content=\"2019-05-08T13:37:43+00:00\" \/>\n<meta property=\"og:image\" content=\"https:\/\/i0.wp.com\/www.jazzzeitung.de\/cms\/wp-content\/uploads\/2019\/05\/Lisa_Wulff_-HELLWAGE-Fotoigrafie-e1557236344785.jpeg?fit=3515%2C2135&ssl=1\" \/>\n\t<meta property=\"og:image:width\" content=\"3515\" \/>\n\t<meta property=\"og:image:height\" content=\"2135\" \/>\n\t<meta property=\"og:image:type\" content=\"image\/jpeg\" \/>\n<meta name=\"author\" content=\"Redaktion JazzZeitung\" \/>\n<script type=\"application\/ld+json\" class=\"yoast-schema-graph\">{\"@context\":\"https:\\\/\\\/schema.org\",\"@graph\":[{\"@type\":\"Article\",\"@id\":\"https:\\\/\\\/www.jazzzeitung.de\\\/cms\\\/2019\\\/05\\\/bassistin-lisa-wulff-erhaelt-hamburger-jazzpreis-2019\\\/#article\",\"isPartOf\":{\"@id\":\"https:\\\/\\\/www.jazzzeitung.de\\\/cms\\\/2019\\\/05\\\/bassistin-lisa-wulff-erhaelt-hamburger-jazzpreis-2019\\\/\"},\"author\":{\"name\":\"Redaktion JazzZeitung\",\"@id\":\"https:\\\/\\\/www.jazzzeitung.de\\\/cms\\\/#\\\/schema\\\/person\\\/2245b36b9cd1d24cea10f01c031fb92b\"},\"headline\":\"Bassistin Lisa Wulff erh\u00e4lt Hamburger Jazzpreis 2019\",\"datePublished\":\"2019-05-08T13:37:43+00:00\",\"mainEntityOfPage\":{\"@id\":\"https:\\\/\\\/www.jazzzeitung.de\\\/cms\\\/2019\\\/05\\\/bassistin-lisa-wulff-erhaelt-hamburger-jazzpreis-2019\\\/\"},\"wordCount\":522,\"commentCount\":0,\"publisher\":{\"@id\":\"https:\\\/\\\/www.jazzzeitung.de\\\/cms\\\/#organization\"},\"image\":{\"@id\":\"https:\\\/\\\/www.jazzzeitung.de\\\/cms\\\/2019\\\/05\\\/bassistin-lisa-wulff-erhaelt-hamburger-jazzpreis-2019\\\/#primaryimage\"},\"thumbnailUrl\":\"https:\\\/\\\/i0.wp.com\\\/www.jazzzeitung.de\\\/cms\\\/wp-content\\\/uploads\\\/2019\\\/05\\\/Lisa_Wulff_-HELLWAGE-Fotoigrafie-e1557236344785.jpeg?fit=3515%2C2135&ssl=1\",\"keywords\":[\"Benjamin Schaefer\",\"Christin Neddens\",\"ELBJAZZ\",\"Gabriel Coburger\",\"Hamburger Jazzpreis\",\"Jazzb\u00fcro Hamburg\",\"Lisa Wulff\",\"Nils Landgren\"],\"articleSection\":[\"News\"],\"inLanguage\":\"de\",\"potentialAction\":[{\"@type\":\"CommentAction\",\"name\":\"Comment\",\"target\":[\"https:\\\/\\\/www.jazzzeitung.de\\\/cms\\\/2019\\\/05\\\/bassistin-lisa-wulff-erhaelt-hamburger-jazzpreis-2019\\\/#respond\"]}]},{\"@type\":\"WebPage\",\"@id\":\"https:\\\/\\\/www.jazzzeitung.de\\\/cms\\\/2019\\\/05\\\/bassistin-lisa-wulff-erhaelt-hamburger-jazzpreis-2019\\\/\",\"url\":\"https:\\\/\\\/www.jazzzeitung.de\\\/cms\\\/2019\\\/05\\\/bassistin-lisa-wulff-erhaelt-hamburger-jazzpreis-2019\\\/\",\"name\":\"Bassistin Lisa Wulff erh\u00e4lt Hamburger Jazzpreis 2019 - JazzZeitung\",\"isPartOf\":{\"@id\":\"https:\\\/\\\/www.jazzzeitung.de\\\/cms\\\/#website\"},\"primaryImageOfPage\":{\"@id\":\"https:\\\/\\\/www.jazzzeitung.de\\\/cms\\\/2019\\\/05\\\/bassistin-lisa-wulff-erhaelt-hamburger-jazzpreis-2019\\\/#primaryimage\"},\"image\":{\"@id\":\"https:\\\/\\\/www.jazzzeitung.de\\\/cms\\\/2019\\\/05\\\/bassistin-lisa-wulff-erhaelt-hamburger-jazzpreis-2019\\\/#primaryimage\"},\"thumbnailUrl\":\"https:\\\/\\\/i0.wp.com\\\/www.jazzzeitung.de\\\/cms\\\/wp-content\\\/uploads\\\/2019\\\/05\\\/Lisa_Wulff_-HELLWAGE-Fotoigrafie-e1557236344785.jpeg?fit=3515%2C2135&ssl=1\",\"datePublished\":\"2019-05-08T13:37:43+00:00\",\"breadcrumb\":{\"@id\":\"https:\\\/\\\/www.jazzzeitung.de\\\/cms\\\/2019\\\/05\\\/bassistin-lisa-wulff-erhaelt-hamburger-jazzpreis-2019\\\/#breadcrumb\"},\"inLanguage\":\"de\",\"potentialAction\":[{\"@type\":\"ReadAction\",\"target\":[\"https:\\\/\\\/www.jazzzeitung.de\\\/cms\\\/2019\\\/05\\\/bassistin-lisa-wulff-erhaelt-hamburger-jazzpreis-2019\\\/\"]}]},{\"@type\":\"ImageObject\",\"inLanguage\":\"de\",\"@id\":\"https:\\\/\\\/www.jazzzeitung.de\\\/cms\\\/2019\\\/05\\\/bassistin-lisa-wulff-erhaelt-hamburger-jazzpreis-2019\\\/#primaryimage\",\"url\":\"https:\\\/\\\/i0.wp.com\\\/www.jazzzeitung.de\\\/cms\\\/wp-content\\\/uploads\\\/2019\\\/05\\\/Lisa_Wulff_-HELLWAGE-Fotoigrafie-e1557236344785.jpeg?fit=3515%2C2135&ssl=1\",\"contentUrl\":\"https:\\\/\\\/i0.wp.com\\\/www.jazzzeitung.de\\\/cms\\\/wp-content\\\/uploads\\\/2019\\\/05\\\/Lisa_Wulff_-HELLWAGE-Fotoigrafie-e1557236344785.jpeg?fit=3515%2C2135&ssl=1\",\"width\":3515,\"height\":2135},{\"@type\":\"BreadcrumbList\",\"@id\":\"https:\\\/\\\/www.jazzzeitung.de\\\/cms\\\/2019\\\/05\\\/bassistin-lisa-wulff-erhaelt-hamburger-jazzpreis-2019\\\/#breadcrumb\",\"itemListElement\":[{\"@type\":\"ListItem\",\"position\":1,\"name\":\"Startseite\",\"item\":\"https:\\\/\\\/www.jazzzeitung.de\\\/cms\\\/\"},{\"@type\":\"ListItem\",\"position\":2,\"name\":\"Bassistin Lisa Wulff erh\u00e4lt Hamburger Jazzpreis 2019\"}]},{\"@type\":\"WebSite\",\"@id\":\"https:\\\/\\\/www.jazzzeitung.de\\\/cms\\\/#website\",\"url\":\"https:\\\/\\\/www.jazzzeitung.de\\\/cms\\\/\",\"name\":\"JazzZeitung\",\"description\":\"Jazz-News und Jazz-Kontroverses\",\"publisher\":{\"@id\":\"https:\\\/\\\/www.jazzzeitung.de\\\/cms\\\/#organization\"},\"potentialAction\":[{\"@type\":\"SearchAction\",\"target\":{\"@type\":\"EntryPoint\",\"urlTemplate\":\"https:\\\/\\\/www.jazzzeitung.de\\\/cms\\\/?s={search_term_string}\"},\"query-input\":{\"@type\":\"PropertyValueSpecification\",\"valueRequired\":true,\"valueName\":\"search_term_string\"}}],\"inLanguage\":\"de\"},{\"@type\":\"Organization\",\"@id\":\"https:\\\/\\\/www.jazzzeitung.de\\\/cms\\\/#organization\",\"name\":\"JazzZeitung online\",\"url\":\"https:\\\/\\\/www.jazzzeitung.de\\\/cms\\\/\",\"logo\":{\"@type\":\"ImageObject\",\"inLanguage\":\"de\",\"@id\":\"https:\\\/\\\/www.jazzzeitung.de\\\/cms\\\/#\\\/schema\\\/logo\\\/image\\\/\",\"url\":\"https:\\\/\\\/i0.wp.com\\\/www.jazzzeitung.de\\\/cms\\\/wp-content\\\/uploads\\\/2015\\\/08\\\/JAZZZEITUNGDE_Logo_Neu.png?fit=499%2C200&ssl=1\",\"contentUrl\":\"https:\\\/\\\/i0.wp.com\\\/www.jazzzeitung.de\\\/cms\\\/wp-content\\\/uploads\\\/2015\\\/08\\\/JAZZZEITUNGDE_Logo_Neu.png?fit=499%2C200&ssl=1\",\"width\":499,\"height\":200,\"caption\":\"JazzZeitung online\"},\"image\":{\"@id\":\"https:\\\/\\\/www.jazzzeitung.de\\\/cms\\\/#\\\/schema\\\/logo\\\/image\\\/\"},\"sameAs\":[\"https:\\\/\\\/www.facebook.com\\\/JazzZeitung\\\/\"]},{\"@type\":\"Person\",\"@id\":\"https:\\\/\\\/www.jazzzeitung.de\\\/cms\\\/#\\\/schema\\\/person\\\/2245b36b9cd1d24cea10f01c031fb92b\",\"name\":\"Redaktion JazzZeitung\",\"image\":{\"@type\":\"ImageObject\",\"inLanguage\":\"de\",\"@id\":\"https:\\\/\\\/i0.wp.com\\\/www.jazzzeitung.de\\\/cms\\\/wp-content\\\/uploads\\\/2015\\\/08\\\/JAZZZEITUNGDE_Logo_Neu.png?resize=96%2C96&ssl=159975dcacb611b5700bd619b5daf0a7a\",\"url\":\"https:\\\/\\\/i0.wp.com\\\/www.jazzzeitung.de\\\/cms\\\/wp-content\\\/uploads\\\/2015\\\/08\\\/JAZZZEITUNGDE_Logo_Neu.png?resize=96%2C96&ssl=1\",\"contentUrl\":\"https:\\\/\\\/i0.wp.com\\\/www.jazzzeitung.de\\\/cms\\\/wp-content\\\/uploads\\\/2015\\\/08\\\/JAZZZEITUNGDE_Logo_Neu.png?resize=96%2C96&ssl=1\",\"caption\":\"Redaktion JazzZeitung\"},\"description\":\"Artikel der Redaktion der JazzZeitung.\",\"sameAs\":[\"http:\\\/\\\/www.jazzzeitung.de\\\/cms\\\/\"],\"url\":\"https:\\\/\\\/www.jazzzeitung.de\\\/cms\\\/author\\\/redaktion\\\/\"}]}<\/script>\n<!-- \/ Yoast SEO plugin. -->","yoast_head_json":{"title":"Bassistin Lisa Wulff erh\u00e4lt Hamburger Jazzpreis 2019 - JazzZeitung","robots":{"index":"index","follow":"follow","max-snippet":"max-snippet:-1","max-image-preview":"max-image-preview:large","max-video-preview":"max-video-preview:-1"},"canonical":"https:\/\/www.jazzzeitung.de\/cms\/2019\/05\/bassistin-lisa-wulff-erhaelt-hamburger-jazzpreis-2019\/","og_locale":"de_DE","og_type":"article","og_title":"Bassistin Lisa Wulff erh\u00e4lt Hamburger Jazzpreis 2019 - JazzZeitung","og_description":"Die Bassistin Lisa Wulff ist Preistr\u00e4gerin des renommierten Hamburger Jazzpreises, der 2019 zum siebten Mal vergeben wird. Der mit 10.000 Euro dotierte Peis zeichnet alle zwei Jahre Musikerinnen und Musiker aus, die einen besonders qualifizierten k\u00fcnstlerischen Beitrag zur Jazzmusik in Hamburg geleistet und sich f\u00fcr die Belange des Jazz in der Stadt eingesetzt haben. Der Hamburger Jazzpreis wurde 2007 von der Dr. E.A. Langner Stiftung ins Leben gerufen. 2011 wurde die Tr\u00e4gerschaft an die ELBJAZZ GmbH \u00fcbertragen. 2017 hat das Jazzb\u00fcro Hamburg die Ausrichtung des Preises \u00fcbernommen, ELBJAZZ bleibt Gastgeber der Preisverleihung. Eine Fachjury hat zun\u00e4chst Kandidaten nominiert und dann die diesj\u00e4hrige Preistr\u00e4gerin bestimmt. Die 28-j\u00e4hrige Musikerin und Komponistin Lisa Wulff ist in Hamburg geboren und aufgewachsen. Mit neun Jahren hat sie angefangen, Bass zu spielen. Ihre Karriere ist sicher in erster Linie das Ergebnis ihres gro\u00dfen Talents aber auch ein Musterbeispiel f\u00fcr gelungene Nachwuchsf\u00f6rderung. Nach einem Studium der Musikerziehung in Bremen bei Prof. Detlev Beier kam sie f\u00fcr das Bachelor-Studium bei Prof. Lucas Lindholm zur\u00fcck nach Hamburg. Lisa Wulff ist auf dem E-Bass gleicherma\u00dfen versiert wie auf dem Kontrabass. Sie ist eine gefragte Begleiterin &hellip;","og_url":"https:\/\/www.jazzzeitung.de\/cms\/2019\/05\/bassistin-lisa-wulff-erhaelt-hamburger-jazzpreis-2019\/","og_site_name":"JazzZeitung","article_publisher":"https:\/\/www.facebook.com\/JazzZeitung\/","article_published_time":"2019-05-08T13:37:43+00:00","og_image":[{"width":3515,"height":2135,"url":"https:\/\/i0.wp.com\/www.jazzzeitung.de\/cms\/wp-content\/uploads\/2019\/05\/Lisa_Wulff_-HELLWAGE-Fotoigrafie-e1557236344785.jpeg?fit=3515%2C2135&ssl=1","type":"image\/jpeg"}],"author":"Redaktion JazzZeitung","schema":{"@context":"https:\/\/schema.org","@graph":[{"@type":"Article","@id":"https:\/\/www.jazzzeitung.de\/cms\/2019\/05\/bassistin-lisa-wulff-erhaelt-hamburger-jazzpreis-2019\/#article","isPartOf":{"@id":"https:\/\/www.jazzzeitung.de\/cms\/2019\/05\/bassistin-lisa-wulff-erhaelt-hamburger-jazzpreis-2019\/"},"author":{"name":"Redaktion JazzZeitung","@id":"https:\/\/www.jazzzeitung.de\/cms\/#\/schema\/person\/2245b36b9cd1d24cea10f01c031fb92b"},"headline":"Bassistin Lisa Wulff erh\u00e4lt Hamburger Jazzpreis 2019","datePublished":"2019-05-08T13:37:43+00:00","mainEntityOfPage":{"@id":"https:\/\/www.jazzzeitung.de\/cms\/2019\/05\/bassistin-lisa-wulff-erhaelt-hamburger-jazzpreis-2019\/"},"wordCount":522,"commentCount":0,"publisher":{"@id":"https:\/\/www.jazzzeitung.de\/cms\/#organization"},"image":{"@id":"https:\/\/www.jazzzeitung.de\/cms\/2019\/05\/bassistin-lisa-wulff-erhaelt-hamburger-jazzpreis-2019\/#primaryimage"},"thumbnailUrl":"https:\/\/i0.wp.com\/www.jazzzeitung.de\/cms\/wp-content\/uploads\/2019\/05\/Lisa_Wulff_-HELLWAGE-Fotoigrafie-e1557236344785.jpeg?fit=3515%2C2135&ssl=1","keywords":["Benjamin Schaefer","Christin Neddens","ELBJAZZ","Gabriel Coburger","Hamburger Jazzpreis","Jazzb\u00fcro Hamburg","Lisa Wulff","Nils Landgren"],"articleSection":["News"],"inLanguage":"de","potentialAction":[{"@type":"CommentAction","name":"Comment","target":["https:\/\/www.jazzzeitung.de\/cms\/2019\/05\/bassistin-lisa-wulff-erhaelt-hamburger-jazzpreis-2019\/#respond"]}]},{"@type":"WebPage","@id":"https:\/\/www.jazzzeitung.de\/cms\/2019\/05\/bassistin-lisa-wulff-erhaelt-hamburger-jazzpreis-2019\/","url":"https:\/\/www.jazzzeitung.de\/cms\/2019\/05\/bassistin-lisa-wulff-erhaelt-hamburger-jazzpreis-2019\/","name":"Bassistin Lisa Wulff erh\u00e4lt Hamburger Jazzpreis 2019 - JazzZeitung","isPartOf":{"@id":"https:\/\/www.jazzzeitung.de\/cms\/#website"},"primaryImageOfPage":{"@id":"https:\/\/www.jazzzeitung.de\/cms\/2019\/05\/bassistin-lisa-wulff-erhaelt-hamburger-jazzpreis-2019\/#primaryimage"},"image":{"@id":"https:\/\/www.jazzzeitung.de\/cms\/2019\/05\/bassistin-lisa-wulff-erhaelt-hamburger-jazzpreis-2019\/#primaryimage"},"thumbnailUrl":"https:\/\/i0.wp.com\/www.jazzzeitung.de\/cms\/wp-content\/uploads\/2019\/05\/Lisa_Wulff_-HELLWAGE-Fotoigrafie-e1557236344785.jpeg?fit=3515%2C2135&ssl=1","datePublished":"2019-05-08T13:37:43+00:00","breadcrumb":{"@id":"https:\/\/www.jazzzeitung.de\/cms\/2019\/05\/bassistin-lisa-wulff-erhaelt-hamburger-jazzpreis-2019\/#breadcrumb"},"inLanguage":"de","potentialAction":[{"@type":"ReadAction","target":["https:\/\/www.jazzzeitung.de\/cms\/2019\/05\/bassistin-lisa-wulff-erhaelt-hamburger-jazzpreis-2019\/"]}]},{"@type":"ImageObject","inLanguage":"de","@id":"https:\/\/www.jazzzeitung.de\/cms\/2019\/05\/bassistin-lisa-wulff-erhaelt-hamburger-jazzpreis-2019\/#primaryimage","url":"https:\/\/i0.wp.com\/www.jazzzeitung.de\/cms\/wp-content\/uploads\/2019\/05\/Lisa_Wulff_-HELLWAGE-Fotoigrafie-e1557236344785.jpeg?fit=3515%2C2135&ssl=1","contentUrl":"https:\/\/i0.wp.com\/www.jazzzeitung.de\/cms\/wp-content\/uploads\/2019\/05\/Lisa_Wulff_-HELLWAGE-Fotoigrafie-e1557236344785.jpeg?fit=3515%2C2135&ssl=1","width":3515,"height":2135},{"@type":"BreadcrumbList","@id":"https:\/\/www.jazzzeitung.de\/cms\/2019\/05\/bassistin-lisa-wulff-erhaelt-hamburger-jazzpreis-2019\/#breadcrumb","itemListElement":[{"@type":"ListItem","position":1,"name":"Startseite","item":"https:\/\/www.jazzzeitung.de\/cms\/"},{"@type":"ListItem","position":2,"name":"Bassistin Lisa Wulff erh\u00e4lt Hamburger Jazzpreis 2019"}]},{"@type":"WebSite","@id":"https:\/\/www.jazzzeitung.de\/cms\/#website","url":"https:\/\/www.jazzzeitung.de\/cms\/","name":"JazzZeitung","description":"Jazz-News und Jazz-Kontroverses","publisher":{"@id":"https:\/\/www.jazzzeitung.de\/cms\/#organization"},"potentialAction":[{"@type":"SearchAction","target":{"@type":"EntryPoint","urlTemplate":"https:\/\/www.jazzzeitung.de\/cms\/?s={search_term_string}"},"query-input":{"@type":"PropertyValueSpecification","valueRequired":true,"valueName":"search_term_string"}}],"inLanguage":"de"},{"@type":"Organization","@id":"https:\/\/www.jazzzeitung.de\/cms\/#organization","name":"JazzZeitung online","url":"https:\/\/www.jazzzeitung.de\/cms\/","logo":{"@type":"ImageObject","inLanguage":"de","@id":"https:\/\/www.jazzzeitung.de\/cms\/#\/schema\/logo\/image\/","url":"https:\/\/i0.wp.com\/www.jazzzeitung.de\/cms\/wp-content\/uploads\/2015\/08\/JAZZZEITUNGDE_Logo_Neu.png?fit=499%2C200&ssl=1","contentUrl":"https:\/\/i0.wp.com\/www.jazzzeitung.de\/cms\/wp-content\/uploads\/2015\/08\/JAZZZEITUNGDE_Logo_Neu.png?fit=499%2C200&ssl=1","width":499,"height":200,"caption":"JazzZeitung online"},"image":{"@id":"https:\/\/www.jazzzeitung.de\/cms\/#\/schema\/logo\/image\/"},"sameAs":["https:\/\/www.facebook.com\/JazzZeitung\/"]},{"@type":"Person","@id":"https:\/\/www.jazzzeitung.de\/cms\/#\/schema\/person\/2245b36b9cd1d24cea10f01c031fb92b","name":"Redaktion JazzZeitung","image":{"@type":"ImageObject","inLanguage":"de","@id":"https:\/\/i0.wp.com\/www.jazzzeitung.de\/cms\/wp-content\/uploads\/2015\/08\/JAZZZEITUNGDE_Logo_Neu.png?resize=96%2C96&ssl=159975dcacb611b5700bd619b5daf0a7a","url":"https:\/\/i0.wp.com\/www.jazzzeitung.de\/cms\/wp-content\/uploads\/2015\/08\/JAZZZEITUNGDE_Logo_Neu.png?resize=96%2C96&ssl=1","contentUrl":"https:\/\/i0.wp.com\/www.jazzzeitung.de\/cms\/wp-content\/uploads\/2015\/08\/JAZZZEITUNGDE_Logo_Neu.png?resize=96%2C96&ssl=1","caption":"Redaktion JazzZeitung"},"description":"Artikel der Redaktion der JazzZeitung.","sameAs":["http:\/\/www.jazzzeitung.de\/cms\/"],"url":"https:\/\/www.jazzzeitung.de\/cms\/author\/redaktion\/"}]}},"wp-worthy-pixel":{"ignored":false,"public":null,"server":null,"url":null},"wp-worthy-type":"normal","jetpack_publicize_connections":[],"cc_featured_image_caption":{"caption_text":"","source_text":"","source_url":""},"jetpack_featured_media_url":"https:\/\/i0.wp.com\/www.jazzzeitung.de\/cms\/wp-content\/uploads\/2019\/05\/Lisa_Wulff_-HELLWAGE-Fotoigrafie-e1557236344785.jpeg?fit=3515%2C2135&ssl=1","jetpack_shortlink":"https:\/\/wp.me\/p3KEcT-52Z","jetpack-related-posts":[{"id":25246,"url":"https:\/\/www.jazzzeitung.de\/cms\/2021\/08\/news-silvan-strauss-erhaelt-hamburger-jazzpreis-2021\/","url_meta":{"origin":19405,"position":0},"title":"+++ news +++ Silvan Strau\u00df erh\u00e4lt Hamburger Jazzpreis 2021 +++","author":"Redaktion JazzZeitung","date":"4. August 2021","format":false,"excerpt":"(Pressenmitteilung) Der Schlagzeuger Silvan Strau\u00df ist Preistr\u00e4ger des renommierten Hamburger Jazzpreises, der 2021 zum achten Mal vergeben wird. Der mit 10.000 Euro dotierte Preis zeichnet alle zwei Jahre Musikerinnen und Musiker aus, die einen besonders qualifizierten k\u00fcnstlerischen Beitrag zur Jazzmusik in Hamburg geleistet und sich f\u00fcr die Belange des Jazz\u2026","rel":"","context":"In &quot;News&quot;","block_context":{"text":"News","link":"https:\/\/www.jazzzeitung.de\/cms\/thema\/nachrichten\/"},"img":{"alt_text":"","src":"https:\/\/i0.wp.com\/www.jazzzeitung.de\/cms\/wp-content\/uploads\/2021\/08\/silvan_strass_steven-Haberland.jpg?fit=800%2C534&ssl=1&resize=350%2C200","width":350,"height":200,"srcset":"https:\/\/i0.wp.com\/www.jazzzeitung.de\/cms\/wp-content\/uploads\/2021\/08\/silvan_strass_steven-Haberland.jpg?fit=800%2C534&ssl=1&resize=350%2C200 1x, https:\/\/i0.wp.com\/www.jazzzeitung.de\/cms\/wp-content\/uploads\/2021\/08\/silvan_strass_steven-Haberland.jpg?fit=800%2C534&ssl=1&resize=525%2C300 1.5x, https:\/\/i0.wp.com\/www.jazzzeitung.de\/cms\/wp-content\/uploads\/2021\/08\/silvan_strass_steven-Haberland.jpg?fit=800%2C534&ssl=1&resize=700%2C400 2x"},"classes":[]},{"id":12348,"url":"https:\/\/www.jazzzeitung.de\/cms\/2017\/05\/wolfgang-schlueter-erhaelt-den-hamburger-jazzpreis-2017\/","url_meta":{"origin":19405,"position":1},"title":"+++ Wolfgang Schl\u00fcter erh\u00e4lt den Hamburger Jazzpreis 2017 +++","author":"Redaktion JazzZeitung","date":"13. Mai 2017","format":false,"excerpt":"Seit 2007 werden alle zwei Jahre Musikerinnen und Musiker mit dem Hamburger Jazzpreis ausgezeichnet, die einen besonders qualifizierten k\u00fcnstlerischen Beitrag zur Jazzmusik leisten, die ihren Arbeits- und Lebensmittelpunkt in Hamburg haben und sich f\u00fcr die Belange des Jazz in der Stadt einsetzen. Der mit 10,000 Euro dotierte Preis wurde von\u2026","rel":"","context":"In &quot;Bericht&quot;","block_context":{"text":"Bericht","link":"https:\/\/www.jazzzeitung.de\/cms\/thema\/bericht\/"},"img":{"alt_text":"","src":"https:\/\/i0.wp.com\/www.jazzzeitung.de\/cms\/wp-content\/uploads\/2017\/05\/WOLFGANG_SCHL%C3%9CTER_BILD_MANFRED_KRATZAT%C2%A9skip-records1-300x295.jpg?resize=350%2C200","width":350,"height":200},"classes":[]},{"id":9338,"url":"https:\/\/www.jazzzeitung.de\/cms\/2016\/05\/ib-sh-jazzaward-2016-geht-im-rahmen-des-schleswig-holstein-musik-festivals-lisa-rebecca-wulff\/","url_meta":{"origin":19405,"position":2},"title":"Bassistin Lisa-Rebecca Wulff erh\u00e4lt den IB.SH-JazzAward 2016 im Rahmen des Schleswig-Holstein Musik Festivals","author":"Redaktion JazzZeitung","date":"19. Mai 2016","format":false,"excerpt":"Preistr\u00e4gerin des IB.SH-JazzAwards 2016 ist die Bassistin, Komponistin und S\u00e4ngerin Lisa-Rebecca Wulff. Der von der Investitionsbank Schleswig-Holstein gestiftete Geldpreis in H\u00f6he von 3.000 Euro wird im Rahmen von JazzBaltica 2016 verliehen. Seit 2008 wird der IB.SH-Jazz-Award als Auszeichnung an junge, aufstrebende Jazzmusiker vergeben. Nachdem in den vergangenen Jahren die Preise\u2026","rel":"","context":"In &quot;News&quot;","block_context":{"text":"News","link":"https:\/\/www.jazzzeitung.de\/cms\/thema\/nachrichten\/"},"img":{"alt_text":"","src":"https:\/\/i0.wp.com\/www.jazzzeitung.de\/cms\/wp-content\/uploads\/2016\/05\/lisa_wulff_l.wulff_-150x150.jpg?resize=350%2C200","width":350,"height":200},"classes":[]},{"id":24893,"url":"https:\/\/www.jazzzeitung.de\/cms\/2021\/05\/deutscher-jazzpreis-geht-an-den-hamburger-konzertveranstalter-karsten-jahnke\/","url_meta":{"origin":19405,"position":3},"title":"Deutscher Jazzpreis geht an den Hamburger Konzertveranstalter Karsten Jahnke","author":"Redaktion JazzZeitung","date":"31. Mai 2021","format":false,"excerpt":"Live\u00fcbertragung von Preisverleihung und diversen Musik-Acts aus Hamburg, Berlin, Mannheim und M\u00fcnchen am Donnerstag, 3. Juni 2021, ab 19:30 Uhr. Karsten Jahnke wird bei der Premiere des Deutschen Jazzpreises am 3. Juni f\u00fcr sein Lebenswerk ausgezeichnet. Mit dem Preis w\u00fcrdigt die Hauptjury das jahrzehntelange Wirken eines gro\u00dfen Musikliebhabers und -kenners\u2026","rel":"","context":"In &quot;News&quot;","block_context":{"text":"News","link":"https:\/\/www.jazzzeitung.de\/cms\/thema\/nachrichten\/"},"img":{"alt_text":"","src":"https:\/\/i0.wp.com\/www.jazzzeitung.de\/cms\/wp-content\/uploads\/2021\/05\/jahnke_karsten_2012_by_steven_haberland-e1622468689708.jpg?fit=850%2C635&ssl=1&resize=350%2C200","width":350,"height":200,"srcset":"https:\/\/i0.wp.com\/www.jazzzeitung.de\/cms\/wp-content\/uploads\/2021\/05\/jahnke_karsten_2012_by_steven_haberland-e1622468689708.jpg?fit=850%2C635&ssl=1&resize=350%2C200 1x, https:\/\/i0.wp.com\/www.jazzzeitung.de\/cms\/wp-content\/uploads\/2021\/05\/jahnke_karsten_2012_by_steven_haberland-e1622468689708.jpg?fit=850%2C635&ssl=1&resize=525%2C300 1.5x, https:\/\/i0.wp.com\/www.jazzzeitung.de\/cms\/wp-content\/uploads\/2021\/05\/jahnke_karsten_2012_by_steven_haberland-e1622468689708.jpg?fit=850%2C635&ssl=1&resize=700%2C400 2x"},"classes":[]},{"id":12408,"url":"https:\/\/www.jazzzeitung.de\/cms\/2017\/05\/ib-sh-jazzaward-2017-an-anna-lena-schnabel\/","url_meta":{"origin":19405,"position":4},"title":"IB.SH-JazzAward 2017 an Anna-Lena Schnabel","author":"Redaktion JazzZeitung","date":"15. Mai 2017","format":false,"excerpt":"Preistr\u00e4gerin des diesj\u00e4hrigen IB.SH-JazzAward ist die Altsaxophonistin, Fl\u00f6tistin und Komponistin Anna-Lena Schnabel. Der von der Investitionsbank Schleswig-Holstein (IB.SH) gestiftete Geldpreis in H\u00f6he von 3.000 Euro wird im Rahmen von JazzBaltica 2017 verliehen. Seit 2008 wird der IB.SH-JazzAward als Auszeichnung an junge, aufstrebende Jazzmusiker vergeben. Die Verleihung des mit 3.000 Euro\u2026","rel":"","context":"In &quot;News&quot;","block_context":{"text":"News","link":"https:\/\/www.jazzzeitung.de\/cms\/thema\/nachrichten\/"},"img":{"alt_text":"","src":"https:\/\/i0.wp.com\/www.jazzzeitung.de\/cms\/wp-content\/uploads\/2017\/05\/Anna-Lena-Schnabel_Foto-Haberland-1-150x150.jpg?resize=350%2C200&ssl=1","width":350,"height":200},"classes":[]},{"id":7993,"url":"https:\/\/www.jazzzeitung.de\/cms\/2015\/12\/elbjazz-2016-faellt-aus\/","url_meta":{"origin":19405,"position":5},"title":"Elbjazz 2016 f\u00e4llt aus","author":"Redaktion JazzZeitung","date":"18. Dezember 2015","format":false,"excerpt":"Gemunkelt wurde schon lange, jetzt ist es amtlich: Das Elbjazz Festival muss 2016 pausieren und k\u00fcndigt nach personeller und gesellschaftlicher Umgestaltung eine Fortsetzung in 2017 an. Das n\u00e4chste Festival inmitten der Hafenkulisse sollte eigentlich Ende Mai \u00fcber die B\u00fchne gehen. In einer Presserkl\u00e4rung der Elbjazz GmbH von heute hei\u00dft es:\u2026","rel":"","context":"In &quot;News&quot;","block_context":{"text":"News","link":"https:\/\/www.jazzzeitung.de\/cms\/thema\/nachrichten\/"},"img":{"alt_text":"Foto: J\u00f6rg Schwalfenberg\/Elbjazz","src":"https:\/\/i0.wp.com\/www.jazzzeitung.de\/cms\/wp-content\/uploads\/2015\/12\/elbjazz-2015-1615-150x150.jpg?resize=350%2C200","width":350,"height":200},"classes":[]}],"jetpack_sharing_enabled":true,"_links":{"self":[{"href":"https:\/\/www.jazzzeitung.de\/cms\/wp-json\/wp\/v2\/posts\/19405","targetHints":{"allow":["GET"]}}],"collection":[{"href":"https:\/\/www.jazzzeitung.de\/cms\/wp-json\/wp\/v2\/posts"}],"about":[{"href":"https:\/\/www.jazzzeitung.de\/cms\/wp-json\/wp\/v2\/types\/post"}],"author":[{"embeddable":true,"href":"https:\/\/www.jazzzeitung.de\/cms\/wp-json\/wp\/v2\/users\/18"}],"replies":[{"embeddable":true,"href":"https:\/\/www.jazzzeitung.de\/cms\/wp-json\/wp\/v2\/comments?post=19405"}],"version-history":[{"count":1,"href":"https:\/\/www.jazzzeitung.de\/cms\/wp-json\/wp\/v2\/posts\/19405\/revisions"}],"predecessor-version":[{"id":19409,"href":"https:\/\/www.jazzzeitung.de\/cms\/wp-json\/wp\/v2\/posts\/19405\/revisions\/19409"}],"wp:featuredmedia":[{"embeddable":true,"href":"https:\/\/www.jazzzeitung.de\/cms\/wp-json\/wp\/v2\/media\/19410"}],"wp:attachment":[{"href":"https:\/\/www.jazzzeitung.de\/cms\/wp-json\/wp\/v2\/media?parent=19405"}],"wp:term":[{"taxonomy":"category","embeddable":true,"href":"https:\/\/www.jazzzeitung.de\/cms\/wp-json\/wp\/v2\/categories?post=19405"},{"taxonomy":"post_tag","embeddable":true,"href":"https:\/\/www.jazzzeitung.de\/cms\/wp-json\/wp\/v2\/tags?post=19405"},{"taxonomy":"author","embeddable":true,"href":"https:\/\/www.jazzzeitung.de\/cms\/wp-json\/wp\/v2\/coauthors?post=19405"}],"curies":[{"name":"wp","href":"https:\/\/api.w.org\/{rel}","templated":true}]}}