{"id":1934,"date":"2008-03-23T09:24:02","date_gmt":"2008-03-23T08:24:02","guid":{"rendered":"http:\/\/www.jazzzeitung.de\/cms\/?p=1934"},"modified":"2013-12-04T18:02:32","modified_gmt":"2013-12-04T17:02:32","slug":"bestandigkeit-und-engagement-50-jahre-birdland-jazzclub-in-neuburg-an-der-donau","status":"publish","type":"post","link":"https:\/\/www.jazzzeitung.de\/cms\/2008\/03\/bestandigkeit-und-engagement-50-jahre-birdland-jazzclub-in-neuburg-an-der-donau\/","title":{"rendered":"Best\u00e4ndigkeit und Engagement \u2013 50 Jahre Birdland Jazzclub in Neuburg an der Donau"},"content":{"rendered":"<p>7. Juni 1958: Ein wichtiges Datum f\u00fcr den Jazz in Bayern. An jenem Abend fand sich in Neuburg an der Donau eine Handvoll Jazzfans zusammen zur Gr\u00fcndung des Birdland Jazzclubs. 50 Jahre sp\u00e4ter hat sich der aus kleinen Anf\u00e4ngen heraus pr\u00e4chtig entwickelt, ist zu einem der wichtigsten regelm\u00e4\u00dfig bespielten Clubs in Deutschland geworden. Von Anfang an mit dabei: Der damals erst 17j\u00e4hrige Manfred Rehm, der bereits ein Jahr nach der Gr\u00fcndung zun\u00e4chst als Schriftf\u00fchrer in den Vorstand gew\u00e4hlt wurde und seit 1985 als Pr\u00e4sident die Geschicke des Clubs in vorbildlicher Weise zu gestalten wusste.<!--more--><\/p>\n<figure id=\"attachment_1935\" aria-describedby=\"caption-attachment-1935\" style=\"width: 150px\" class=\"wp-caption alignright\"><a href=\"https:\/\/i0.wp.com\/www.jazzzeitung.de\/cms\/wp-content\/uploads\/2013\/07\/bericht-birdland-big.jpg\"><img data-recalc-dims=\"1\" loading=\"lazy\" decoding=\"async\" data-attachment-id=\"1935\" data-permalink=\"https:\/\/www.jazzzeitung.de\/cms\/2008\/03\/bestandigkeit-und-engagement-50-jahre-birdland-jazzclub-in-neuburg-an-der-donau\/bericht-birdland-big\/\" data-orig-file=\"https:\/\/i0.wp.com\/www.jazzzeitung.de\/cms\/wp-content\/uploads\/2013\/07\/bericht-birdland-big.jpg?fit=422%2C580&amp;ssl=1\" data-orig-size=\"422,580\" data-comments-opened=\"1\" data-image-meta=\"{&quot;aperture&quot;:&quot;0&quot;,&quot;credit&quot;:&quot;&quot;,&quot;camera&quot;:&quot;&quot;,&quot;caption&quot;:&quot;&quot;,&quot;created_timestamp&quot;:&quot;0&quot;,&quot;copyright&quot;:&quot;&quot;,&quot;focal_length&quot;:&quot;0&quot;,&quot;iso&quot;:&quot;0&quot;,&quot;shutter_speed&quot;:&quot;0&quot;,&quot;title&quot;:&quot;&quot;}\" data-image-title=\"Manfred Rehm. Foto: Birdland\" data-image-description=\"&lt;p&gt;Manfred Rehm. Foto: Birdland&lt;\/p&gt;\n\" data-image-caption=\"&lt;p&gt;Manfred Rehm. Foto: Birdland&lt;\/p&gt;\n\" data-large-file=\"https:\/\/i0.wp.com\/www.jazzzeitung.de\/cms\/wp-content\/uploads\/2013\/07\/bericht-birdland-big.jpg?fit=422%2C580&amp;ssl=1\" class=\"size-thumbnail wp-image-1935\" alt=\"Manfred Rehm. Foto: Birdland\" src=\"https:\/\/i0.wp.com\/www.jazzzeitung.de\/cms\/wp-content\/uploads\/2013\/07\/bericht-birdland-big-150x150.jpg?resize=150%2C150\" width=\"150\" height=\"150\" srcset=\"https:\/\/i0.wp.com\/www.jazzzeitung.de\/cms\/wp-content\/uploads\/2013\/07\/bericht-birdland-big.jpg?resize=150%2C150&amp;ssl=1 150w, https:\/\/i0.wp.com\/www.jazzzeitung.de\/cms\/wp-content\/uploads\/2013\/07\/bericht-birdland-big.jpg?resize=96%2C96&amp;ssl=1 96w, https:\/\/i0.wp.com\/www.jazzzeitung.de\/cms\/wp-content\/uploads\/2013\/07\/bericht-birdland-big.jpg?resize=24%2C24&amp;ssl=1 24w, https:\/\/i0.wp.com\/www.jazzzeitung.de\/cms\/wp-content\/uploads\/2013\/07\/bericht-birdland-big.jpg?resize=36%2C36&amp;ssl=1 36w, https:\/\/i0.wp.com\/www.jazzzeitung.de\/cms\/wp-content\/uploads\/2013\/07\/bericht-birdland-big.jpg?resize=48%2C48&amp;ssl=1 48w, https:\/\/i0.wp.com\/www.jazzzeitung.de\/cms\/wp-content\/uploads\/2013\/07\/bericht-birdland-big.jpg?resize=64%2C64&amp;ssl=1 64w, https:\/\/i0.wp.com\/www.jazzzeitung.de\/cms\/wp-content\/uploads\/2013\/07\/bericht-birdland-big.jpg?resize=32%2C32&amp;ssl=1 32w, https:\/\/i0.wp.com\/www.jazzzeitung.de\/cms\/wp-content\/uploads\/2013\/07\/bericht-birdland-big.jpg?resize=128%2C128&amp;ssl=1 128w, https:\/\/i0.wp.com\/www.jazzzeitung.de\/cms\/wp-content\/uploads\/2013\/07\/bericht-birdland-big.jpg?zoom=2&amp;resize=150%2C150&amp;ssl=1 300w\" sizes=\"auto, (max-width: 150px) 100vw, 150px\" \/><\/a><figcaption id=\"caption-attachment-1935\" class=\"wp-caption-text\">Manfred Rehm. Foto: Birdland<\/figcaption><\/figure>\n<p>Vor allem ihm und seinem schier unerm\u00fcdlichen und komplett ehrenamtlichen Engagement ist es zu verdanken, dass der Club heute bei Musikern und Fans einen herausragenden Ruf genie\u00dft. Unter seiner \u00c4gide hat sich das Birdland nicht allein zum unbestrittenen, international wahrgenommenen und anerkannten kulturellen Aush\u00e4ngeschild der ehemaligen Residenzstadt an der Donau gemausert, sondern auch zu einem der wichtigsten Live-Orte der deutschen Jazzszene.<\/p>\n<p>Das Anliegen in den Gr\u00fcndungstagen war weitaus bescheidener: Ziel war zun\u00e4chst, einen gemeinsamen Clubraum zu schaffen, in dem es m\u00f6glich war, miteinander Schallplatten anzuh\u00f6ren. Die waren damals rar und teuer: Die 30 Mark f\u00fcr eine der kostbaren schwarzen Scheiben konnten von jungen Leuten oft nur schrittweise in 5-Mark-Raten abgestottert werden. Die Clubmitglieder veranstalteten also Plattenabende, lauschten, tauschten, fachsimpelten, genossen eine Musik, die damals in Deutschland immer noch bei Vielen verfemt war, im Radio nur auf AFN und \u2013 moderiert von Werner G\u00f6tze \u2013 im Bayerischen Rundfunk zu h\u00f6ren war.<\/p>\n<p>Neuburger Jazz-Highlights waren auch in jenen Tagen schon Livekonzerte, oft von Bands befreundeter Clubs, die man selbst auch mit der Birdland Jazzband besuchte. Motor des Ganzen in jenen Pioniertagen war Helmut Viertl, der Gr\u00fcndungsvorsitzende des Clubs. Der wurde 1962 von Neuburg nach Burghausen versetzt und war dort in den Folgejahren gemeinsam mit Joe Viera ma\u00dfgeblich beteiligt an Idee, Gr\u00fcndung, Aufbau und Etablierung der internationalen Jazzwoche.<\/p>\n<p>Nach Viertls Weggang \u2013 auch Manfred Rehm war als Student von 1962 bis 1968 nur wenig in Neuburg \u2013 stagnierte das Clubleben f\u00fcr etliche Jahre, wohl auch deshalb, weil es immer schwieriger wurde, ein geeignetes Clublokal zu finden. Dennoch gab es auch in dieser Zeit Bemerkenswertes: Anfang der 60er spielte das Albert Mangelsdorff Quintett in Neuburg, auch Michael Naura lie\u00df sich gemeinsam mit Wolfgang Schl\u00fcter an der Donau h\u00f6ren. Dennoch: Ein Problem blieb die Suche nach einem geeigneten Lokal. In den 70ern und fr\u00fchen 80ern fanden nur noch sporadisch Konzerte statt. Das Blatt wendete sich 1985, als man einen Neubeginn wagte, zun\u00e4chst im Keller eines Speiselokals, der sich allerdings wiederum nur als Ausgangspunkt einer Odyssee durch diverse Lokalit\u00e4ten erwies. Das Jahr 1991 schlie\u00dflich brachte den Durchbruch: Eher zuf\u00e4llig hatte man bei Renovierungsarbeiten an der Hofapotheke in der Neuburger Altstadt einen Gew\u00f6lbekeller aus dem 18. Jahrhundert entdeckt. Manfred Rehm erkannte unmittelbar, was die R\u00e4umlichkeiten f\u00fcr ein Potenzial boten und setzte alles daran, den Raum f\u00fcr den Jazz zu erschlie\u00dfen. Seit nun am 1.2.1991 das Dusko Gojkovich Quintet eine neue \u00c4ra des Clubs einl\u00e4utete, residiert das Birdland im Keller unter der Hofapotheke am Karlsplatz. Immer wieder begeisternd: die faszinierende Atmosph\u00e4re, eine hervorragende Akustik, ein au\u00dfergew\u00f6hnlich niveauvolles Programm. Um die 1.000 Konzerte hat Manfred Rehm seither veranstaltet.<\/p>\n<p>Das Programm des Birdland liest sich wie ein Who is Who des Jazz. Die Liste der beteiligten Musiker aus der deutschen, europ\u00e4ischen, weltweiten Spitzenklasse sprengt jede Zeilenvorgabe, allein 2008 waren unter anderem (!) Dave Douglas, Greg Osby, Charly Antolini, Alvin Queen, Jimmy Cobb, Marty Ehrlich, David Friedman zu h\u00f6ren, zu erwarten sind im Herbst noch (wiederum unter anderem) Eddie Gomez, das Marcin Wasilewski Trio, Jeff Hamilton und Rosario Giuliani.<\/p>\n<p>Seit 2001 ist der Neuburger Birdland Jazzclub auch im benachbarten Ingolstadt als Veranstalter aktiv: Niemand geringerer als Ray Brown l\u00e4utete die Reihe \u201eJazz im Audi Forum\u201c ein. Im kreisrunden Bau des museum mobile finden seither monatlich Konzerte zumeist gr\u00f6\u00dferer Formationen statt. Eine ideale B\u00fchne f\u00fcr Big Bands, unter international renommierten nicht zuletzt solche aus dem s\u00fcddeutschen Raum! Zugleich bietet die After Work Lounge im M\u00f6venpick Restaurant w\u00f6chentlich die Begegnung mit Jazz im kleinen Format.<\/p>\n<p>Standesgem\u00e4\u00df gefeiert wird das 50-j\u00e4hrige Clubjubil\u00e4um des Birdland Jazzclubs Neuburg an der Donau vom 10. bis 13. Juli bei einem Festival im malerischen Innenhof des Neuburger Schlosses mit David Sanchez, dem Ron Carter Trio, Curtis Stigers, Till Br\u00f6nner, H\u00e4ns\u2019che Weiss, Paul Kuhn &amp; the Best sowie den Lokalmatadoren der Birdland Jazzband. Ein Geburtstagsst\u00e4ndchen f\u00fcr den Club und die Fans soll das Festival sein, keine neue Schwerpunktsetzung in der Programmatik, denn, wie Manfred Rehm Bilanz zieht und zugleich Ausblick gibt: \u201eUnsere St\u00e4rke ist, dass immer was ist!\u201c<\/p>\n<p><em>Tobias B\u00f6cker<\/em><\/p>\n<h3>Adresse<\/h3>\n<p>[codepeople-post-map]<\/p>\n","protected":false},"excerpt":{"rendered":"<p>7. Juni 1958: Ein wichtiges Datum f\u00fcr den Jazz in Bayern. An jenem Abend fand sich in Neuburg an der Donau eine Handvoll Jazzfans zusammen zur Gr\u00fcndung des Birdland Jazzclubs. 50 Jahre sp\u00e4ter hat sich der aus kleinen Anf\u00e4ngen heraus pr\u00e4chtig entwickelt, ist zu einem der wichtigsten regelm\u00e4\u00dfig bespielten Clubs in Deutschland geworden. Von Anfang an mit dabei: Der damals erst 17j\u00e4hrige Manfred Rehm, der bereits ein Jahr nach der Gr\u00fcndung zun\u00e4chst als Schriftf\u00fchrer in den Vorstand gew\u00e4hlt wurde und seit 1985 als Pr\u00e4sident die Geschicke des Clubs in vorbildlicher Weise zu gestalten wusste.<\/p>\n","protected":false},"author":1,"featured_media":0,"comment_status":"open","ping_status":"closed","sticky":false,"template":"","format":"standard","meta":{"_jetpack_memberships_contains_paid_content":false,"footnotes":"","jetpack_publicize_message":"","jetpack_publicize_feature_enabled":true,"jetpack_social_post_already_shared":false,"jetpack_social_options":{"image_generator_settings":{"template":"highway","default_image_id":0,"font":"","enabled":false},"version":2}},"categories":[121,663],"tags":[31,667,722,120,1192,137,3,271,323,372,666,701,1193,15,596],"coauthors":[665],"class_list":["post-1934","post","type-post","status-publish","format-standard","hentry","category-clubs","category-jazzzeitung-print","tag-afn","tag-birdland","tag-burghausen","tag-club","tag-clubs","tag-deutschland","tag-festival","tag-jazzclub","tag-konzerte","tag-manfred-rehm","tag-neuburg","tag-paul-kuhn","tag-radio","tag-rundfunk","tag-werner-goetze"],"yoast_head":"<!-- This site is optimized with the Yoast SEO plugin v27.5 - https:\/\/yoast.com\/product\/yoast-seo-wordpress\/ -->\n<title>Best\u00e4ndigkeit und Engagement \u2013 50 Jahre Birdland Jazzclub in Neuburg an der Donau - JazzZeitung<\/title>\n<meta name=\"robots\" content=\"index, follow, max-snippet:-1, max-image-preview:large, max-video-preview:-1\" \/>\n<link rel=\"canonical\" href=\"https:\/\/www.jazzzeitung.de\/cms\/2008\/03\/bestandigkeit-und-engagement-50-jahre-birdland-jazzclub-in-neuburg-an-der-donau\/\" \/>\n<meta property=\"og:locale\" content=\"de_DE\" \/>\n<meta property=\"og:type\" content=\"article\" \/>\n<meta property=\"og:title\" content=\"Best\u00e4ndigkeit und Engagement \u2013 50 Jahre Birdland Jazzclub in Neuburg an der Donau - JazzZeitung\" \/>\n<meta property=\"og:description\" content=\"7. Juni 1958: Ein wichtiges Datum f\u00fcr den Jazz in Bayern. An jenem Abend fand sich in Neuburg an der Donau eine Handvoll Jazzfans zusammen zur Gr\u00fcndung des Birdland Jazzclubs. 50 Jahre sp\u00e4ter hat sich der aus kleinen Anf\u00e4ngen heraus pr\u00e4chtig entwickelt, ist zu einem der wichtigsten regelm\u00e4\u00dfig bespielten Clubs in Deutschland geworden. Von Anfang an mit dabei: Der damals erst 17j\u00e4hrige Manfred Rehm, der bereits ein Jahr nach der Gr\u00fcndung zun\u00e4chst als Schriftf\u00fchrer in den Vorstand gew\u00e4hlt wurde und seit 1985 als Pr\u00e4sident die Geschicke des Clubs in vorbildlicher Weise zu gestalten wusste.\" \/>\n<meta property=\"og:url\" content=\"https:\/\/www.jazzzeitung.de\/cms\/2008\/03\/bestandigkeit-und-engagement-50-jahre-birdland-jazzclub-in-neuburg-an-der-donau\/\" \/>\n<meta property=\"og:site_name\" content=\"JazzZeitung\" \/>\n<meta property=\"article:publisher\" content=\"https:\/\/www.facebook.com\/JazzZeitung\/\" \/>\n<meta property=\"article:author\" content=\"https:\/\/www.facebook.com\/hufner\" \/>\n<meta property=\"article:published_time\" content=\"2008-03-23T08:24:02+00:00\" \/>\n<meta property=\"article:modified_time\" content=\"2013-12-04T17:02:32+00:00\" \/>\n<meta property=\"og:image\" content=\"http:\/\/www.jazzzeitung.de\/cms\/wp-content\/uploads\/2013\/07\/bericht-birdland-big-150x150.jpg\" \/>\n<meta name=\"author\" content=\"Tobias B\u00f6cker\" \/>\n<script type=\"application\/ld+json\" class=\"yoast-schema-graph\">{\"@context\":\"https:\\\/\\\/schema.org\",\"@graph\":[{\"@type\":\"Article\",\"@id\":\"https:\\\/\\\/www.jazzzeitung.de\\\/cms\\\/2008\\\/03\\\/bestandigkeit-und-engagement-50-jahre-birdland-jazzclub-in-neuburg-an-der-donau\\\/#article\",\"isPartOf\":{\"@id\":\"https:\\\/\\\/www.jazzzeitung.de\\\/cms\\\/2008\\\/03\\\/bestandigkeit-und-engagement-50-jahre-birdland-jazzclub-in-neuburg-an-der-donau\\\/\"},\"author\":{\"name\":\"Martin Hufner\",\"@id\":\"https:\\\/\\\/www.jazzzeitung.de\\\/cms\\\/#\\\/schema\\\/person\\\/b9a4e5ac765d94fb8f617bfa8f1fc5f7\"},\"headline\":\"Best\u00e4ndigkeit und Engagement \u2013 50 Jahre Birdland Jazzclub in Neuburg an der Donau\",\"datePublished\":\"2008-03-23T08:24:02+00:00\",\"dateModified\":\"2013-12-04T17:02:32+00:00\",\"mainEntityOfPage\":{\"@id\":\"https:\\\/\\\/www.jazzzeitung.de\\\/cms\\\/2008\\\/03\\\/bestandigkeit-und-engagement-50-jahre-birdland-jazzclub-in-neuburg-an-der-donau\\\/\"},\"wordCount\":817,\"commentCount\":0,\"publisher\":{\"@id\":\"https:\\\/\\\/www.jazzzeitung.de\\\/cms\\\/#organization\"},\"image\":{\"@id\":\"https:\\\/\\\/www.jazzzeitung.de\\\/cms\\\/2008\\\/03\\\/bestandigkeit-und-engagement-50-jahre-birdland-jazzclub-in-neuburg-an-der-donau\\\/#primaryimage\"},\"thumbnailUrl\":\"http:\\\/\\\/www.jazzzeitung.de\\\/cms\\\/wp-content\\\/uploads\\\/2013\\\/07\\\/bericht-birdland-big-150x150.jpg\",\"keywords\":[\"AFN\",\"Birdland\",\"Burghausen\",\"Club\",\"Clubs\",\"Deutschland\",\"Festival\",\"Jazzclub\",\"Konzerte\",\"Manfred Rehm\",\"Neuburg\",\"Paul Kuhn\",\"Radio\",\"Rundfunk\",\"Werner G\u00f6tze\"],\"articleSection\":[\"Clubs\",\"JazzZeitung (print)\"],\"inLanguage\":\"de\",\"potentialAction\":[{\"@type\":\"CommentAction\",\"name\":\"Comment\",\"target\":[\"https:\\\/\\\/www.jazzzeitung.de\\\/cms\\\/2008\\\/03\\\/bestandigkeit-und-engagement-50-jahre-birdland-jazzclub-in-neuburg-an-der-donau\\\/#respond\"]}]},{\"@type\":\"WebPage\",\"@id\":\"https:\\\/\\\/www.jazzzeitung.de\\\/cms\\\/2008\\\/03\\\/bestandigkeit-und-engagement-50-jahre-birdland-jazzclub-in-neuburg-an-der-donau\\\/\",\"url\":\"https:\\\/\\\/www.jazzzeitung.de\\\/cms\\\/2008\\\/03\\\/bestandigkeit-und-engagement-50-jahre-birdland-jazzclub-in-neuburg-an-der-donau\\\/\",\"name\":\"Best\u00e4ndigkeit und Engagement \u2013 50 Jahre Birdland Jazzclub in Neuburg an der Donau - JazzZeitung\",\"isPartOf\":{\"@id\":\"https:\\\/\\\/www.jazzzeitung.de\\\/cms\\\/#website\"},\"primaryImageOfPage\":{\"@id\":\"https:\\\/\\\/www.jazzzeitung.de\\\/cms\\\/2008\\\/03\\\/bestandigkeit-und-engagement-50-jahre-birdland-jazzclub-in-neuburg-an-der-donau\\\/#primaryimage\"},\"image\":{\"@id\":\"https:\\\/\\\/www.jazzzeitung.de\\\/cms\\\/2008\\\/03\\\/bestandigkeit-und-engagement-50-jahre-birdland-jazzclub-in-neuburg-an-der-donau\\\/#primaryimage\"},\"thumbnailUrl\":\"http:\\\/\\\/www.jazzzeitung.de\\\/cms\\\/wp-content\\\/uploads\\\/2013\\\/07\\\/bericht-birdland-big-150x150.jpg\",\"datePublished\":\"2008-03-23T08:24:02+00:00\",\"dateModified\":\"2013-12-04T17:02:32+00:00\",\"breadcrumb\":{\"@id\":\"https:\\\/\\\/www.jazzzeitung.de\\\/cms\\\/2008\\\/03\\\/bestandigkeit-und-engagement-50-jahre-birdland-jazzclub-in-neuburg-an-der-donau\\\/#breadcrumb\"},\"inLanguage\":\"de\",\"potentialAction\":[{\"@type\":\"ReadAction\",\"target\":[\"https:\\\/\\\/www.jazzzeitung.de\\\/cms\\\/2008\\\/03\\\/bestandigkeit-und-engagement-50-jahre-birdland-jazzclub-in-neuburg-an-der-donau\\\/\"]}]},{\"@type\":\"ImageObject\",\"inLanguage\":\"de\",\"@id\":\"https:\\\/\\\/www.jazzzeitung.de\\\/cms\\\/2008\\\/03\\\/bestandigkeit-und-engagement-50-jahre-birdland-jazzclub-in-neuburg-an-der-donau\\\/#primaryimage\",\"url\":\"http:\\\/\\\/www.jazzzeitung.de\\\/cms\\\/wp-content\\\/uploads\\\/2013\\\/07\\\/bericht-birdland-big-150x150.jpg\",\"contentUrl\":\"http:\\\/\\\/www.jazzzeitung.de\\\/cms\\\/wp-content\\\/uploads\\\/2013\\\/07\\\/bericht-birdland-big-150x150.jpg\"},{\"@type\":\"BreadcrumbList\",\"@id\":\"https:\\\/\\\/www.jazzzeitung.de\\\/cms\\\/2008\\\/03\\\/bestandigkeit-und-engagement-50-jahre-birdland-jazzclub-in-neuburg-an-der-donau\\\/#breadcrumb\",\"itemListElement\":[{\"@type\":\"ListItem\",\"position\":1,\"name\":\"Startseite\",\"item\":\"https:\\\/\\\/www.jazzzeitung.de\\\/cms\\\/\"},{\"@type\":\"ListItem\",\"position\":2,\"name\":\"Best\u00e4ndigkeit und Engagement \u2013 50 Jahre Birdland Jazzclub in Neuburg an der Donau\"}]},{\"@type\":\"WebSite\",\"@id\":\"https:\\\/\\\/www.jazzzeitung.de\\\/cms\\\/#website\",\"url\":\"https:\\\/\\\/www.jazzzeitung.de\\\/cms\\\/\",\"name\":\"JazzZeitung\",\"description\":\"Jazz-News und Jazz-Kontroverses\",\"publisher\":{\"@id\":\"https:\\\/\\\/www.jazzzeitung.de\\\/cms\\\/#organization\"},\"potentialAction\":[{\"@type\":\"SearchAction\",\"target\":{\"@type\":\"EntryPoint\",\"urlTemplate\":\"https:\\\/\\\/www.jazzzeitung.de\\\/cms\\\/?s={search_term_string}\"},\"query-input\":{\"@type\":\"PropertyValueSpecification\",\"valueRequired\":true,\"valueName\":\"search_term_string\"}}],\"inLanguage\":\"de\"},{\"@type\":\"Organization\",\"@id\":\"https:\\\/\\\/www.jazzzeitung.de\\\/cms\\\/#organization\",\"name\":\"JazzZeitung online\",\"url\":\"https:\\\/\\\/www.jazzzeitung.de\\\/cms\\\/\",\"logo\":{\"@type\":\"ImageObject\",\"inLanguage\":\"de\",\"@id\":\"https:\\\/\\\/www.jazzzeitung.de\\\/cms\\\/#\\\/schema\\\/logo\\\/image\\\/\",\"url\":\"https:\\\/\\\/i0.wp.com\\\/www.jazzzeitung.de\\\/cms\\\/wp-content\\\/uploads\\\/2015\\\/08\\\/JAZZZEITUNGDE_Logo_Neu.png?fit=499%2C200&ssl=1\",\"contentUrl\":\"https:\\\/\\\/i0.wp.com\\\/www.jazzzeitung.de\\\/cms\\\/wp-content\\\/uploads\\\/2015\\\/08\\\/JAZZZEITUNGDE_Logo_Neu.png?fit=499%2C200&ssl=1\",\"width\":499,\"height\":200,\"caption\":\"JazzZeitung online\"},\"image\":{\"@id\":\"https:\\\/\\\/www.jazzzeitung.de\\\/cms\\\/#\\\/schema\\\/logo\\\/image\\\/\"},\"sameAs\":[\"https:\\\/\\\/www.facebook.com\\\/JazzZeitung\\\/\"]},{\"@type\":\"Person\",\"@id\":\"https:\\\/\\\/www.jazzzeitung.de\\\/cms\\\/#\\\/schema\\\/person\\\/b9a4e5ac765d94fb8f617bfa8f1fc5f7\",\"name\":\"Martin Hufner\",\"image\":{\"@type\":\"ImageObject\",\"inLanguage\":\"de\",\"@id\":\"https:\\\/\\\/i0.wp.com\\\/www.jazzzeitung.de\\\/cms\\\/wp-content\\\/uploads\\\/2013\\\/07\\\/huf-06.jpg?resize=96%2C96&ssl=15fcc31aa94540751a3b804516452be00\",\"url\":\"https:\\\/\\\/i0.wp.com\\\/www.jazzzeitung.de\\\/cms\\\/wp-content\\\/uploads\\\/2013\\\/07\\\/huf-06.jpg?resize=96%2C96&ssl=1\",\"contentUrl\":\"https:\\\/\\\/i0.wp.com\\\/www.jazzzeitung.de\\\/cms\\\/wp-content\\\/uploads\\\/2013\\\/07\\\/huf-06.jpg?resize=96%2C96&ssl=1\",\"caption\":\"Martin Hufner\"},\"description\":\"Martin Hufner ist freier Autor der JazzZeitung.\",\"sameAs\":[\"https:\\\/\\\/www.kritische-masse.de\\\/logbuch\",\"https:\\\/\\\/www.facebook.com\\\/hufner\"],\"url\":\"https:\\\/\\\/www.jazzzeitung.de\\\/cms\\\/author\\\/admin\\\/\"}]}<\/script>\n<!-- \/ Yoast SEO plugin. -->","yoast_head_json":{"title":"Best\u00e4ndigkeit und Engagement \u2013 50 Jahre Birdland Jazzclub in Neuburg an der Donau - JazzZeitung","robots":{"index":"index","follow":"follow","max-snippet":"max-snippet:-1","max-image-preview":"max-image-preview:large","max-video-preview":"max-video-preview:-1"},"canonical":"https:\/\/www.jazzzeitung.de\/cms\/2008\/03\/bestandigkeit-und-engagement-50-jahre-birdland-jazzclub-in-neuburg-an-der-donau\/","og_locale":"de_DE","og_type":"article","og_title":"Best\u00e4ndigkeit und Engagement \u2013 50 Jahre Birdland Jazzclub in Neuburg an der Donau - JazzZeitung","og_description":"7. Juni 1958: Ein wichtiges Datum f\u00fcr den Jazz in Bayern. An jenem Abend fand sich in Neuburg an der Donau eine Handvoll Jazzfans zusammen zur Gr\u00fcndung des Birdland Jazzclubs. 50 Jahre sp\u00e4ter hat sich der aus kleinen Anf\u00e4ngen heraus pr\u00e4chtig entwickelt, ist zu einem der wichtigsten regelm\u00e4\u00dfig bespielten Clubs in Deutschland geworden. Von Anfang an mit dabei: Der damals erst 17j\u00e4hrige Manfred Rehm, der bereits ein Jahr nach der Gr\u00fcndung zun\u00e4chst als Schriftf\u00fchrer in den Vorstand gew\u00e4hlt wurde und seit 1985 als Pr\u00e4sident die Geschicke des Clubs in vorbildlicher Weise zu gestalten wusste.","og_url":"https:\/\/www.jazzzeitung.de\/cms\/2008\/03\/bestandigkeit-und-engagement-50-jahre-birdland-jazzclub-in-neuburg-an-der-donau\/","og_site_name":"JazzZeitung","article_publisher":"https:\/\/www.facebook.com\/JazzZeitung\/","article_author":"https:\/\/www.facebook.com\/hufner","article_published_time":"2008-03-23T08:24:02+00:00","article_modified_time":"2013-12-04T17:02:32+00:00","og_image":[{"url":"http:\/\/www.jazzzeitung.de\/cms\/wp-content\/uploads\/2013\/07\/bericht-birdland-big-150x150.jpg","type":"","width":"","height":""}],"author":"Tobias B\u00f6cker","schema":{"@context":"https:\/\/schema.org","@graph":[{"@type":"Article","@id":"https:\/\/www.jazzzeitung.de\/cms\/2008\/03\/bestandigkeit-und-engagement-50-jahre-birdland-jazzclub-in-neuburg-an-der-donau\/#article","isPartOf":{"@id":"https:\/\/www.jazzzeitung.de\/cms\/2008\/03\/bestandigkeit-und-engagement-50-jahre-birdland-jazzclub-in-neuburg-an-der-donau\/"},"author":{"name":"Martin Hufner","@id":"https:\/\/www.jazzzeitung.de\/cms\/#\/schema\/person\/b9a4e5ac765d94fb8f617bfa8f1fc5f7"},"headline":"Best\u00e4ndigkeit und Engagement \u2013 50 Jahre Birdland Jazzclub in Neuburg an der Donau","datePublished":"2008-03-23T08:24:02+00:00","dateModified":"2013-12-04T17:02:32+00:00","mainEntityOfPage":{"@id":"https:\/\/www.jazzzeitung.de\/cms\/2008\/03\/bestandigkeit-und-engagement-50-jahre-birdland-jazzclub-in-neuburg-an-der-donau\/"},"wordCount":817,"commentCount":0,"publisher":{"@id":"https:\/\/www.jazzzeitung.de\/cms\/#organization"},"image":{"@id":"https:\/\/www.jazzzeitung.de\/cms\/2008\/03\/bestandigkeit-und-engagement-50-jahre-birdland-jazzclub-in-neuburg-an-der-donau\/#primaryimage"},"thumbnailUrl":"http:\/\/www.jazzzeitung.de\/cms\/wp-content\/uploads\/2013\/07\/bericht-birdland-big-150x150.jpg","keywords":["AFN","Birdland","Burghausen","Club","Clubs","Deutschland","Festival","Jazzclub","Konzerte","Manfred Rehm","Neuburg","Paul Kuhn","Radio","Rundfunk","Werner G\u00f6tze"],"articleSection":["Clubs","JazzZeitung (print)"],"inLanguage":"de","potentialAction":[{"@type":"CommentAction","name":"Comment","target":["https:\/\/www.jazzzeitung.de\/cms\/2008\/03\/bestandigkeit-und-engagement-50-jahre-birdland-jazzclub-in-neuburg-an-der-donau\/#respond"]}]},{"@type":"WebPage","@id":"https:\/\/www.jazzzeitung.de\/cms\/2008\/03\/bestandigkeit-und-engagement-50-jahre-birdland-jazzclub-in-neuburg-an-der-donau\/","url":"https:\/\/www.jazzzeitung.de\/cms\/2008\/03\/bestandigkeit-und-engagement-50-jahre-birdland-jazzclub-in-neuburg-an-der-donau\/","name":"Best\u00e4ndigkeit und Engagement \u2013 50 Jahre Birdland Jazzclub in Neuburg an der Donau - JazzZeitung","isPartOf":{"@id":"https:\/\/www.jazzzeitung.de\/cms\/#website"},"primaryImageOfPage":{"@id":"https:\/\/www.jazzzeitung.de\/cms\/2008\/03\/bestandigkeit-und-engagement-50-jahre-birdland-jazzclub-in-neuburg-an-der-donau\/#primaryimage"},"image":{"@id":"https:\/\/www.jazzzeitung.de\/cms\/2008\/03\/bestandigkeit-und-engagement-50-jahre-birdland-jazzclub-in-neuburg-an-der-donau\/#primaryimage"},"thumbnailUrl":"http:\/\/www.jazzzeitung.de\/cms\/wp-content\/uploads\/2013\/07\/bericht-birdland-big-150x150.jpg","datePublished":"2008-03-23T08:24:02+00:00","dateModified":"2013-12-04T17:02:32+00:00","breadcrumb":{"@id":"https:\/\/www.jazzzeitung.de\/cms\/2008\/03\/bestandigkeit-und-engagement-50-jahre-birdland-jazzclub-in-neuburg-an-der-donau\/#breadcrumb"},"inLanguage":"de","potentialAction":[{"@type":"ReadAction","target":["https:\/\/www.jazzzeitung.de\/cms\/2008\/03\/bestandigkeit-und-engagement-50-jahre-birdland-jazzclub-in-neuburg-an-der-donau\/"]}]},{"@type":"ImageObject","inLanguage":"de","@id":"https:\/\/www.jazzzeitung.de\/cms\/2008\/03\/bestandigkeit-und-engagement-50-jahre-birdland-jazzclub-in-neuburg-an-der-donau\/#primaryimage","url":"http:\/\/www.jazzzeitung.de\/cms\/wp-content\/uploads\/2013\/07\/bericht-birdland-big-150x150.jpg","contentUrl":"http:\/\/www.jazzzeitung.de\/cms\/wp-content\/uploads\/2013\/07\/bericht-birdland-big-150x150.jpg"},{"@type":"BreadcrumbList","@id":"https:\/\/www.jazzzeitung.de\/cms\/2008\/03\/bestandigkeit-und-engagement-50-jahre-birdland-jazzclub-in-neuburg-an-der-donau\/#breadcrumb","itemListElement":[{"@type":"ListItem","position":1,"name":"Startseite","item":"https:\/\/www.jazzzeitung.de\/cms\/"},{"@type":"ListItem","position":2,"name":"Best\u00e4ndigkeit und Engagement \u2013 50 Jahre Birdland Jazzclub in Neuburg an der Donau"}]},{"@type":"WebSite","@id":"https:\/\/www.jazzzeitung.de\/cms\/#website","url":"https:\/\/www.jazzzeitung.de\/cms\/","name":"JazzZeitung","description":"Jazz-News und Jazz-Kontroverses","publisher":{"@id":"https:\/\/www.jazzzeitung.de\/cms\/#organization"},"potentialAction":[{"@type":"SearchAction","target":{"@type":"EntryPoint","urlTemplate":"https:\/\/www.jazzzeitung.de\/cms\/?s={search_term_string}"},"query-input":{"@type":"PropertyValueSpecification","valueRequired":true,"valueName":"search_term_string"}}],"inLanguage":"de"},{"@type":"Organization","@id":"https:\/\/www.jazzzeitung.de\/cms\/#organization","name":"JazzZeitung online","url":"https:\/\/www.jazzzeitung.de\/cms\/","logo":{"@type":"ImageObject","inLanguage":"de","@id":"https:\/\/www.jazzzeitung.de\/cms\/#\/schema\/logo\/image\/","url":"https:\/\/i0.wp.com\/www.jazzzeitung.de\/cms\/wp-content\/uploads\/2015\/08\/JAZZZEITUNGDE_Logo_Neu.png?fit=499%2C200&ssl=1","contentUrl":"https:\/\/i0.wp.com\/www.jazzzeitung.de\/cms\/wp-content\/uploads\/2015\/08\/JAZZZEITUNGDE_Logo_Neu.png?fit=499%2C200&ssl=1","width":499,"height":200,"caption":"JazzZeitung online"},"image":{"@id":"https:\/\/www.jazzzeitung.de\/cms\/#\/schema\/logo\/image\/"},"sameAs":["https:\/\/www.facebook.com\/JazzZeitung\/"]},{"@type":"Person","@id":"https:\/\/www.jazzzeitung.de\/cms\/#\/schema\/person\/b9a4e5ac765d94fb8f617bfa8f1fc5f7","name":"Martin Hufner","image":{"@type":"ImageObject","inLanguage":"de","@id":"https:\/\/i0.wp.com\/www.jazzzeitung.de\/cms\/wp-content\/uploads\/2013\/07\/huf-06.jpg?resize=96%2C96&ssl=15fcc31aa94540751a3b804516452be00","url":"https:\/\/i0.wp.com\/www.jazzzeitung.de\/cms\/wp-content\/uploads\/2013\/07\/huf-06.jpg?resize=96%2C96&ssl=1","contentUrl":"https:\/\/i0.wp.com\/www.jazzzeitung.de\/cms\/wp-content\/uploads\/2013\/07\/huf-06.jpg?resize=96%2C96&ssl=1","caption":"Martin Hufner"},"description":"Martin Hufner ist freier Autor der JazzZeitung.","sameAs":["https:\/\/www.kritische-masse.de\/logbuch","https:\/\/www.facebook.com\/hufner"],"url":"https:\/\/www.jazzzeitung.de\/cms\/author\/admin\/"}]}},"wp-worthy-pixel":{"ignored":false,"public":null,"server":null,"url":null},"wp-worthy-type":"normal","jetpack_publicize_connections":[],"cc_featured_image_caption":{"caption_text":false,"source_text":false,"source_url":false},"jetpack_featured_media_url":"","jetpack_shortlink":"https:\/\/wp.me\/p3KEcT-vc","jetpack-related-posts":[{"id":4423,"url":"https:\/\/www.jazzzeitung.de\/cms\/2014\/09\/das-gibts-nur-einmal-das-birdland-neuburg\/","url_meta":{"origin":1934,"position":0},"title":"Das gibt&#8217;s nur einmal: das Birdland Neuburg","author":"Redaktion JazzZeitung","date":"2. September 2014","format":false,"excerpt":"Jazzclubs gibt es einige in Deutschland, vor allem nat\u00fcrlich in den mittleren und den Gro\u00dfst\u00e4dten. Warum ist einer der ber\u00fchmtesten und angesehensten dann mitten in der bayerischen Provinz, im kleinen Barockst\u00e4dtchen Neuburg an der Donau angesiedelt? - Alles begann bereits im Jahr 1958, als der sp\u00e4tere Gr\u00fcnder der Jazzwoche Burghausen,\u2026","rel":"","context":"In &quot;Jazzclub des Monats&quot;","block_context":{"text":"Jazzclub des Monats","link":"https:\/\/www.jazzzeitung.de\/cms\/thema\/clubs\/jazzclub-des-monats\/"},"img":{"alt_text":"","src":"https:\/\/i0.wp.com\/www.jazzzeitung.de\/cms\/wp-content\/uploads\/2014\/08\/IMG_3901.jpg?resize=350%2C200","width":350,"height":200,"srcset":"https:\/\/i0.wp.com\/www.jazzzeitung.de\/cms\/wp-content\/uploads\/2014\/08\/IMG_3901.jpg?resize=350%2C200 1x, https:\/\/i0.wp.com\/www.jazzzeitung.de\/cms\/wp-content\/uploads\/2014\/08\/IMG_3901.jpg?resize=525%2C300 1.5x, https:\/\/i0.wp.com\/www.jazzzeitung.de\/cms\/wp-content\/uploads\/2014\/08\/IMG_3901.jpg?resize=700%2C400 2x, https:\/\/i0.wp.com\/www.jazzzeitung.de\/cms\/wp-content\/uploads\/2014\/08\/IMG_3901.jpg?resize=1050%2C600 3x, https:\/\/i0.wp.com\/www.jazzzeitung.de\/cms\/wp-content\/uploads\/2014\/08\/IMG_3901.jpg?resize=1400%2C800 4x"},"classes":[]},{"id":84,"url":"https:\/\/www.jazzzeitung.de\/cms\/2010\/05\/musikhoeren\/","url_meta":{"origin":1934,"position":1},"title":"Musikh\u00f6ren","author":"Ursula Gaisa","date":"11. Mai 2010","format":false,"excerpt":"Und jetzt? Alles vorbei: jazzahead!, Jazz ECHO, Musikmesse, und der JazzZeit-Blog verstummt. Damit dem nicht lange so ist, hier ein paar Gedanken und Statements, die w\u00e4hrend der letzten \"Scheiben-Jury\" im Regensburger Leeren Beutel, aufkamen. Zum Thema Jamie Cullum, den der Drummer Gerwin Eisenhauer mitgebracht hatte, meinte BR-Klassik-Redakteur Roland Spiegel, das\u2026","rel":"","context":"In &quot;Blog&quot;","block_context":{"text":"Blog","link":"https:\/\/www.jazzzeitung.de\/cms\/thema\/blog\/"},"img":{"alt_text":"","src":"","width":0,"height":0},"classes":[]},{"id":5744,"url":"https:\/\/www.jazzzeitung.de\/cms\/2015\/03\/news-burghauser-nachwuchs-jazzpreis-jazzica-der-weyhalla-sparda-jazz-awwrds-2015\/","url_meta":{"origin":1934,"position":2},"title":"News: Burghauser Nachwuchs-Jazzpreis +++ Jazzica in der Weyhalla +++ Sparda Jazz Awards 2015","author":"Redaktion JazzZeitung","date":"18. M\u00e4rz 2015","format":false,"excerpt":"\"Malstrom\" gewinnt Burghauser Nachwuchs-Jazzpreis Wieder waren es f\u00fcnf hochqualifizierte Bands, die zum diesj\u00e4hrigen 7. Europ\u00e4ischen Burghauser Nachwuchs-Jazzpreis antraten und wieder stand die Jury vor einer schweren Entscheidung, um aus den Wettstreitern den Gewinner zu k\u00fcren.\u00a0Als zum Ende eines spannenden Abends mit vielen unterschiedlichen musikalischen Facetten die Band Malstrom den mit\u2026","rel":"","context":"In &quot;News&quot;","block_context":{"text":"News","link":"https:\/\/www.jazzzeitung.de\/cms\/thema\/nachrichten\/"},"img":{"alt_text":"\"Malstrom\" gewann den Burghauser Nachwuchs-Jazzpreis","src":"https:\/\/i0.wp.com\/www.jazzzeitung.de\/cms\/wp-content\/uploads\/2015\/03\/Malstrom-Bandfoto1-150x150.jpg?resize=350%2C200","width":350,"height":200},"classes":[]},{"id":21448,"url":"https:\/\/www.jazzzeitung.de\/cms\/2019\/12\/nicotheo-gastieren-im-birdland-neuburg\/","url_meta":{"origin":1934,"position":3},"title":"Nicotheo gastieren im Birdland Neuburg","author":"Redaktion JazzZeitung","date":"10. Dezember 2019","format":false,"excerpt":"Text und Foto: Karl Leitner. Immer wieder bietet der Birdland Jazzclub in Neuburg neben internationalen Gr\u00f6\u00dfen auch einheimischen Jazzmusikern ein Forum. Diesmal ist das Quintett Nicotheo zu Gast. Die Band passt deswegen in die dort bereits seit Jahren etablierte Reihe \u201eJazz aus der Region\u201c, weil Gitarrist Simon Schneid seine Kindheit\u2026","rel":"","context":"In &quot;Bericht&quot;","block_context":{"text":"Bericht","link":"https:\/\/www.jazzzeitung.de\/cms\/thema\/bericht\/"},"img":{"alt_text":"","src":"https:\/\/i0.wp.com\/www.jazzzeitung.de\/cms\/wp-content\/uploads\/2019\/12\/PC070113-scaled.jpg?fit=1200%2C900&ssl=1&resize=350%2C200","width":350,"height":200,"srcset":"https:\/\/i0.wp.com\/www.jazzzeitung.de\/cms\/wp-content\/uploads\/2019\/12\/PC070113-scaled.jpg?fit=1200%2C900&ssl=1&resize=350%2C200 1x, https:\/\/i0.wp.com\/www.jazzzeitung.de\/cms\/wp-content\/uploads\/2019\/12\/PC070113-scaled.jpg?fit=1200%2C900&ssl=1&resize=525%2C300 1.5x, https:\/\/i0.wp.com\/www.jazzzeitung.de\/cms\/wp-content\/uploads\/2019\/12\/PC070113-scaled.jpg?fit=1200%2C900&ssl=1&resize=700%2C400 2x, https:\/\/i0.wp.com\/www.jazzzeitung.de\/cms\/wp-content\/uploads\/2019\/12\/PC070113-scaled.jpg?fit=1200%2C900&ssl=1&resize=1050%2C600 3x"},"classes":[]},{"id":6118,"url":"https:\/\/www.jazzzeitung.de\/cms\/2015\/05\/john-scofield-und-pablo-held-im-neuburger-birdland\/","url_meta":{"origin":1934,"position":4},"title":"John Scofield und Pablo Held im Neuburger Birdland","author":"Redaktion JazzZeitung","date":"11. Mai 2015","format":"gallery","excerpt":"Am vergangenen Freitag stattete Gitarren-Star John Scofield zum f\u00fcnften Mal dem Neuburger Jazzclub \"Birdland\" seinen Besuch ab. Ralf Dombrowski war mit seiner Kamera f\u00fcr uns\u00a0 dabei. \u201eSco\u201c hat nie einen Hehl daraus gemacht, dass er den Keller unter der Hofapotheke f\u00fcr eine der sch\u00f6nsten Locations dieser Art weltweit h\u00e4lt. Nun\u2026","rel":"","context":"In &quot;Galerie&quot;","block_context":{"text":"Galerie","link":"https:\/\/www.jazzzeitung.de\/cms\/thema\/galerie\/"},"img":{"alt_text":"","src":"https:\/\/i0.wp.com\/www.jazzzeitung.de\/cms\/wp-content\/uploads\/2015\/05\/0K3A4683-Sco-dombr.jpg?resize=350%2C200","width":350,"height":200,"srcset":"https:\/\/i0.wp.com\/www.jazzzeitung.de\/cms\/wp-content\/uploads\/2015\/05\/0K3A4683-Sco-dombr.jpg?resize=350%2C200 1x, https:\/\/i0.wp.com\/www.jazzzeitung.de\/cms\/wp-content\/uploads\/2015\/05\/0K3A4683-Sco-dombr.jpg?resize=525%2C300 1.5x, https:\/\/i0.wp.com\/www.jazzzeitung.de\/cms\/wp-content\/uploads\/2015\/05\/0K3A4683-Sco-dombr.jpg?resize=700%2C400 2x, https:\/\/i0.wp.com\/www.jazzzeitung.de\/cms\/wp-content\/uploads\/2015\/05\/0K3A4683-Sco-dombr.jpg?resize=1050%2C600 3x"},"classes":[]},{"id":7974,"url":"https:\/\/www.jazzzeitung.de\/cms\/2015\/12\/veranstaltungstipps-birdland-neuburg-3-vibrafon-festival-vibraphonissimo-nuernbergfuerth-jazzclub-augsburg-e-v\/","url_meta":{"origin":1934,"position":5},"title":"+++ Veranstaltungstipps +++ Birdland Neuburg +++ 3. Vibrafon Festival \u201eVibraphonissimo\u201c in N\u00fcrnberg\/F\u00fcrth +++ jazzclub augsburg e.V. +++","author":"Redaktion JazzZeitung","date":"16. Dezember 2015","format":false,"excerpt":"+++Birdland Neuburg +++ Freitag, 8. Januar 2016 und Samstag, 9. Januar 2016, 20.30 Uhr: C\u00e9cile Verny Quartet (C\u00e9cile Verny (voc), Bernd Heitzler (b), Andreas Erchinger (p), Lars Binder (dr, perc)) - Alle Jahre wieder \u2013 obliegt es dem C\u00e9cile Verny Quartet, die neue Jazzsaison in Neuburg zu er\u00f6ffnen. Dass es\u2026","rel":"","context":"In &quot;Redaktionelle Nachrichten&quot;","block_context":{"text":"Redaktionelle Nachrichten","link":"https:\/\/www.jazzzeitung.de\/cms\/thema\/redaktion\/"},"img":{"alt_text":"Mareike","src":"https:\/\/i0.wp.com\/www.jazzzeitung.de\/cms\/wp-content\/uploads\/2015\/12\/Mareike-150x150.jpg?resize=350%2C200","width":350,"height":200},"classes":[]}],"jetpack_sharing_enabled":true,"_links":{"self":[{"href":"https:\/\/www.jazzzeitung.de\/cms\/wp-json\/wp\/v2\/posts\/1934","targetHints":{"allow":["GET"]}}],"collection":[{"href":"https:\/\/www.jazzzeitung.de\/cms\/wp-json\/wp\/v2\/posts"}],"about":[{"href":"https:\/\/www.jazzzeitung.de\/cms\/wp-json\/wp\/v2\/types\/post"}],"author":[{"embeddable":true,"href":"https:\/\/www.jazzzeitung.de\/cms\/wp-json\/wp\/v2\/users\/1"}],"replies":[{"embeddable":true,"href":"https:\/\/www.jazzzeitung.de\/cms\/wp-json\/wp\/v2\/comments?post=1934"}],"version-history":[{"count":3,"href":"https:\/\/www.jazzzeitung.de\/cms\/wp-json\/wp\/v2\/posts\/1934\/revisions"}],"predecessor-version":[{"id":2204,"href":"https:\/\/www.jazzzeitung.de\/cms\/wp-json\/wp\/v2\/posts\/1934\/revisions\/2204"}],"wp:attachment":[{"href":"https:\/\/www.jazzzeitung.de\/cms\/wp-json\/wp\/v2\/media?parent=1934"}],"wp:term":[{"taxonomy":"category","embeddable":true,"href":"https:\/\/www.jazzzeitung.de\/cms\/wp-json\/wp\/v2\/categories?post=1934"},{"taxonomy":"post_tag","embeddable":true,"href":"https:\/\/www.jazzzeitung.de\/cms\/wp-json\/wp\/v2\/tags?post=1934"},{"taxonomy":"author","embeddable":true,"href":"https:\/\/www.jazzzeitung.de\/cms\/wp-json\/wp\/v2\/coauthors?post=1934"}],"curies":[{"name":"wp","href":"https:\/\/api.w.org\/{rel}","templated":true}]}}