{"id":19329,"date":"2019-04-30T11:49:50","date_gmt":"2019-04-30T09:49:50","guid":{"rendered":"https:\/\/www.jazzzeitung.de\/cms\/?p=19329"},"modified":"2019-05-02T10:53:46","modified_gmt":"2019-05-02T08:53:46","slug":"jazzahead-2019-besucher-aus-64-nationen-tauschten-sich-vier-tage-in-bremen-lang-aus","status":"publish","type":"post","link":"https:\/\/www.jazzzeitung.de\/cms\/2019\/04\/jazzahead-2019-besucher-aus-64-nationen-tauschten-sich-vier-tage-in-bremen-lang-aus\/","title":{"rendered":"+++ jazzahead! 2019 +++ Besucher aus 64 Nationen tauschten sich vier Tage lang in Bremen aus +++"},"content":{"rendered":"<p>Die Fachmesse jazzahead! 2019 in der Messe Bremen ist mit einem erneuten Plus an Fachteilnehmerinnen und -teilnehmern aus diesmal 64 Nationen zu Ende gegangen. Von Donnerstag bis Sonntag, 25. bis 28. April z\u00e4hlten die Veranstalter 3.408 (2018: 3.282) Teilnehmer. Rund 18.000 Besucher (2018: 17.362) erlebten die Messe und die 100 Konzerte am Messewochenende.\u00a0\u201eDie jazzahead! ist eben der weltweit gr\u00f6\u00dfte Branchentreffpunkt\u201c, res\u00fcmiert Hans Peter Schneider, Gesch\u00e4ftsf\u00fchrer Messe Bremen und Gr\u00fcnder der jazzahead!. \u201eWer internationale Kontakte kn\u00fcpfen und ausbauen will, der ist bei uns richtig. Das spricht sich immer weiter herum.\u201c\u00a0Nach der Messe ist vor der Messe \u2013 und die Veranstalter haben 2020 Grund zum Feiern: Die jazzahead! wird 15 Jahre alt, zum zehnten Mal findet das begleitende Festival rund um die Kultur des Partnerlandes statt. Welches das ist im kommenden Jahr? \u201eWegen des Doppeljubil\u00e4ums bereiten wir etwas Besonderes vor\u201c, sagt die Projektleiterin der jazzahead!, Sybille Kornitschky von der Messe Bremen. \u201eDie Tinte auf dem Vertrag ist aber noch nicht trocken \u2013 wir bitten um noch einige Tage Geduld.\u201c<\/p>\n<p>Unterdessen laufen bereits die inhaltlichen Planungen f\u00fcrs Jubil\u00e4umsjahr. \u201eEin Schwerpunkt wird sein, unsere Vermittlerfunktion f\u00fcr internationale Gesch\u00e4ftskontakte noch weiter auszubauen\u201c, sagt Sybille Kornitschky. \u201eMusiker und Fachteilnehmer aus \u00dcbersee kommen hierher, um auf dem europ\u00e4ischen Markt Fu\u00df zu fassen, und die aus Europa zieht es auch auf andere internationale M\u00e4rkte.\u201c Diese Interessen besser aufeinander abzustimmen werde der leitende Gedanke bei der Entwicklung des Programms sein.\u00a0Auch f\u00fcr das Konferenzprogramm 2020 gibt es schon diverse Pl\u00e4ne. Unter anderem soll sich der Blick noch st\u00e4rker auf Anliegen internationaler Veranstalter und Programmmacher richten. Die jazzahead!-Macher wollen zudem eine Initiative des diesj\u00e4hrigen Partnerlandes Norwegen unterst\u00fctzen, ein internationales Nachwuchs-Netzwerk f\u00fcr die Branche zu initiieren.<\/p>\n<p>Die jazzahead! f\u00fchrt seit 2006 allj\u00e4hrlich die weltweite Jazzszene in der Messe Bremen zusammen. Unter den Fachteilnehmern waren auch 1.419 ausstellenden Firmen an 121 Haupt- und Gemeinschaftsst\u00e4nden (2018: 1.319). 2020 findet die jazzahead! vom 23. bis 26. April statt.<\/p>\n<p>Mehr Infos: <a href=\"http:\/\/www.jazzahead.de\">www.jazzahead.de<\/a><\/p>\n<p>Einen Bericht zum Thema Musikvermittlung in der Juniausgabe der neuen musikzeitung <a href=\"http:\/\/www.nmz.de\">www.nmz.de<\/a><\/p>\n","protected":false},"excerpt":{"rendered":"<p>Die Fachmesse jazzahead! 2019 in der Messe Bremen ist mit einem erneuten Plus an Fachteilnehmerinnen und -teilnehmern aus diesmal 64 Nationen zu Ende gegangen. Von Donnerstag bis Sonntag, 25. bis 28. April z\u00e4hlten die Veranstalter 3.408 (2018: 3.282) Teilnehmer. Rund 18.000 Besucher (2018: 17.362) erlebten die Messe und die 100 Konzerte am Messewochenende.\u00a0\u201eDie jazzahead! ist eben der weltweit gr\u00f6\u00dfte Branchentreffpunkt\u201c, res\u00fcmiert Hans Peter Schneider, Gesch\u00e4ftsf\u00fchrer Messe Bremen und Gr\u00fcnder der jazzahead!. \u201eWer internationale Kontakte kn\u00fcpfen und ausbauen will, der ist bei uns richtig. Das spricht sich immer weiter herum.\u201c\u00a0Nach der Messe ist vor der Messe \u2013 und die Veranstalter haben 2020 Grund zum Feiern: Die jazzahead! wird 15 Jahre alt, zum zehnten Mal findet das begleitende Festival rund um die Kultur des Partnerlandes statt. Welches das ist im kommenden Jahr? \u201eWegen des Doppeljubil\u00e4ums bereiten wir etwas Besonderes vor\u201c, sagt die Projektleiterin der jazzahead!, Sybille Kornitschky von der Messe Bremen. \u201eDie Tinte auf dem Vertrag ist aber noch nicht trocken \u2013 wir bitten um noch einige Tage Geduld.\u201c Unterdessen laufen bereits die inhaltlichen Planungen f\u00fcrs Jubil\u00e4umsjahr. \u201eEin Schwerpunkt wird sein, unsere Vermittlerfunktion f\u00fcr internationale Gesch\u00e4ftskontakte noch &hellip;<\/p>\n","protected":false},"author":18,"featured_media":19330,"comment_status":"open","ping_status":"closed","sticky":false,"template":"","format":"standard","meta":{"_jetpack_memberships_contains_paid_content":false,"footnotes":"","jetpack_publicize_message":"","jetpack_publicize_feature_enabled":true,"jetpack_social_post_already_shared":false,"jetpack_social_options":{"image_generator_settings":{"template":"highway","default_image_id":0,"font":"","enabled":false},"version":2}},"categories":[633],"tags":[95,1504,2249,2307,2308],"coauthors":[695],"class_list":["post-19329","post","type-post","status-publish","format-standard","has-post-thumbnail","hentry","category-nachrichten","tag-bremen","tag-hans-peter-schneider","tag-jazzahead-2019","tag-messe","tag-sibylle-kornitschky"],"yoast_head":"<!-- This site is optimized with the Yoast SEO plugin v27.5 - https:\/\/yoast.com\/product\/yoast-seo-wordpress\/ -->\n<title>+++ jazzahead! 2019 +++ Besucher aus 64 Nationen tauschten sich vier Tage lang in Bremen aus +++ - JazzZeitung<\/title>\n<meta name=\"robots\" content=\"index, follow, max-snippet:-1, max-image-preview:large, max-video-preview:-1\" \/>\n<link rel=\"canonical\" href=\"https:\/\/www.jazzzeitung.de\/cms\/2019\/04\/jazzahead-2019-besucher-aus-64-nationen-tauschten-sich-vier-tage-in-bremen-lang-aus\/\" \/>\n<meta property=\"og:locale\" content=\"de_DE\" \/>\n<meta property=\"og:type\" content=\"article\" \/>\n<meta property=\"og:title\" content=\"+++ jazzahead! 2019 +++ Besucher aus 64 Nationen tauschten sich vier Tage lang in Bremen aus +++ - JazzZeitung\" \/>\n<meta property=\"og:description\" content=\"Die Fachmesse jazzahead! 2019 in der Messe Bremen ist mit einem erneuten Plus an Fachteilnehmerinnen und -teilnehmern aus diesmal 64 Nationen zu Ende gegangen. Von Donnerstag bis Sonntag, 25. bis 28. April z\u00e4hlten die Veranstalter 3.408 (2018: 3.282) Teilnehmer. Rund 18.000 Besucher (2018: 17.362) erlebten die Messe und die 100 Konzerte am Messewochenende.\u00a0\u201eDie jazzahead! ist eben der weltweit gr\u00f6\u00dfte Branchentreffpunkt\u201c, res\u00fcmiert Hans Peter Schneider, Gesch\u00e4ftsf\u00fchrer Messe Bremen und Gr\u00fcnder der jazzahead!. \u201eWer internationale Kontakte kn\u00fcpfen und ausbauen will, der ist bei uns richtig. Das spricht sich immer weiter herum.\u201c\u00a0Nach der Messe ist vor der Messe \u2013 und die Veranstalter haben 2020 Grund zum Feiern: Die jazzahead! wird 15 Jahre alt, zum zehnten Mal findet das begleitende Festival rund um die Kultur des Partnerlandes statt. Welches das ist im kommenden Jahr? \u201eWegen des Doppeljubil\u00e4ums bereiten wir etwas Besonderes vor\u201c, sagt die Projektleiterin der jazzahead!, Sybille Kornitschky von der Messe Bremen. \u201eDie Tinte auf dem Vertrag ist aber noch nicht trocken \u2013 wir bitten um noch einige Tage Geduld.\u201c Unterdessen laufen bereits die inhaltlichen Planungen f\u00fcrs Jubil\u00e4umsjahr. \u201eEin Schwerpunkt wird sein, unsere Vermittlerfunktion f\u00fcr internationale Gesch\u00e4ftskontakte noch &hellip;\" \/>\n<meta property=\"og:url\" content=\"https:\/\/www.jazzzeitung.de\/cms\/2019\/04\/jazzahead-2019-besucher-aus-64-nationen-tauschten-sich-vier-tage-in-bremen-lang-aus\/\" \/>\n<meta property=\"og:site_name\" content=\"JazzZeitung\" \/>\n<meta property=\"article:publisher\" content=\"https:\/\/www.facebook.com\/JazzZeitung\/\" \/>\n<meta property=\"article:published_time\" content=\"2019-04-30T09:49:50+00:00\" \/>\n<meta property=\"article:modified_time\" content=\"2019-05-02T08:53:46+00:00\" \/>\n<meta property=\"og:image\" content=\"https:\/\/www.jazzzeitung.de\/cms\/wp-content\/uploads\/2019\/04\/Sarbach_Messe-900x585.png\" \/>\n\t<meta property=\"og:image:width\" content=\"900\" \/>\n\t<meta property=\"og:image:height\" content=\"585\" \/>\n\t<meta property=\"og:image:type\" content=\"image\/png\" \/>\n<meta name=\"author\" content=\"Redaktion JazzZeitung\" \/>\n<script type=\"application\/ld+json\" class=\"yoast-schema-graph\">{\"@context\":\"https:\\\/\\\/schema.org\",\"@graph\":[{\"@type\":\"Article\",\"@id\":\"https:\\\/\\\/www.jazzzeitung.de\\\/cms\\\/2019\\\/04\\\/jazzahead-2019-besucher-aus-64-nationen-tauschten-sich-vier-tage-in-bremen-lang-aus\\\/#article\",\"isPartOf\":{\"@id\":\"https:\\\/\\\/www.jazzzeitung.de\\\/cms\\\/2019\\\/04\\\/jazzahead-2019-besucher-aus-64-nationen-tauschten-sich-vier-tage-in-bremen-lang-aus\\\/\"},\"author\":{\"name\":\"Redaktion JazzZeitung\",\"@id\":\"https:\\\/\\\/www.jazzzeitung.de\\\/cms\\\/#\\\/schema\\\/person\\\/2245b36b9cd1d24cea10f01c031fb92b\"},\"headline\":\"+++ jazzahead! 2019 +++ Besucher aus 64 Nationen tauschten sich vier Tage lang in Bremen aus +++\",\"datePublished\":\"2019-04-30T09:49:50+00:00\",\"dateModified\":\"2019-05-02T08:53:46+00:00\",\"mainEntityOfPage\":{\"@id\":\"https:\\\/\\\/www.jazzzeitung.de\\\/cms\\\/2019\\\/04\\\/jazzahead-2019-besucher-aus-64-nationen-tauschten-sich-vier-tage-in-bremen-lang-aus\\\/\"},\"wordCount\":347,\"commentCount\":0,\"publisher\":{\"@id\":\"https:\\\/\\\/www.jazzzeitung.de\\\/cms\\\/#organization\"},\"image\":{\"@id\":\"https:\\\/\\\/www.jazzzeitung.de\\\/cms\\\/2019\\\/04\\\/jazzahead-2019-besucher-aus-64-nationen-tauschten-sich-vier-tage-in-bremen-lang-aus\\\/#primaryimage\"},\"thumbnailUrl\":\"https:\\\/\\\/i0.wp.com\\\/www.jazzzeitung.de\\\/cms\\\/wp-content\\\/uploads\\\/2019\\\/04\\\/Sarbach_Messe.png?fit=3133%2C2038&ssl=1\",\"keywords\":[\"Bremen\",\"Hans Peter Schneider\",\"jazzahead! 2019\",\"Messe\",\"Sibylle Kornitschky\"],\"articleSection\":[\"News\"],\"inLanguage\":\"de\",\"potentialAction\":[{\"@type\":\"CommentAction\",\"name\":\"Comment\",\"target\":[\"https:\\\/\\\/www.jazzzeitung.de\\\/cms\\\/2019\\\/04\\\/jazzahead-2019-besucher-aus-64-nationen-tauschten-sich-vier-tage-in-bremen-lang-aus\\\/#respond\"]}]},{\"@type\":\"WebPage\",\"@id\":\"https:\\\/\\\/www.jazzzeitung.de\\\/cms\\\/2019\\\/04\\\/jazzahead-2019-besucher-aus-64-nationen-tauschten-sich-vier-tage-in-bremen-lang-aus\\\/\",\"url\":\"https:\\\/\\\/www.jazzzeitung.de\\\/cms\\\/2019\\\/04\\\/jazzahead-2019-besucher-aus-64-nationen-tauschten-sich-vier-tage-in-bremen-lang-aus\\\/\",\"name\":\"+++ jazzahead! 2019 +++ Besucher aus 64 Nationen tauschten sich vier Tage lang in Bremen aus +++ - JazzZeitung\",\"isPartOf\":{\"@id\":\"https:\\\/\\\/www.jazzzeitung.de\\\/cms\\\/#website\"},\"primaryImageOfPage\":{\"@id\":\"https:\\\/\\\/www.jazzzeitung.de\\\/cms\\\/2019\\\/04\\\/jazzahead-2019-besucher-aus-64-nationen-tauschten-sich-vier-tage-in-bremen-lang-aus\\\/#primaryimage\"},\"image\":{\"@id\":\"https:\\\/\\\/www.jazzzeitung.de\\\/cms\\\/2019\\\/04\\\/jazzahead-2019-besucher-aus-64-nationen-tauschten-sich-vier-tage-in-bremen-lang-aus\\\/#primaryimage\"},\"thumbnailUrl\":\"https:\\\/\\\/i0.wp.com\\\/www.jazzzeitung.de\\\/cms\\\/wp-content\\\/uploads\\\/2019\\\/04\\\/Sarbach_Messe.png?fit=3133%2C2038&ssl=1\",\"datePublished\":\"2019-04-30T09:49:50+00:00\",\"dateModified\":\"2019-05-02T08:53:46+00:00\",\"breadcrumb\":{\"@id\":\"https:\\\/\\\/www.jazzzeitung.de\\\/cms\\\/2019\\\/04\\\/jazzahead-2019-besucher-aus-64-nationen-tauschten-sich-vier-tage-in-bremen-lang-aus\\\/#breadcrumb\"},\"inLanguage\":\"de\",\"potentialAction\":[{\"@type\":\"ReadAction\",\"target\":[\"https:\\\/\\\/www.jazzzeitung.de\\\/cms\\\/2019\\\/04\\\/jazzahead-2019-besucher-aus-64-nationen-tauschten-sich-vier-tage-in-bremen-lang-aus\\\/\"]}]},{\"@type\":\"ImageObject\",\"inLanguage\":\"de\",\"@id\":\"https:\\\/\\\/www.jazzzeitung.de\\\/cms\\\/2019\\\/04\\\/jazzahead-2019-besucher-aus-64-nationen-tauschten-sich-vier-tage-in-bremen-lang-aus\\\/#primaryimage\",\"url\":\"https:\\\/\\\/i0.wp.com\\\/www.jazzzeitung.de\\\/cms\\\/wp-content\\\/uploads\\\/2019\\\/04\\\/Sarbach_Messe.png?fit=3133%2C2038&ssl=1\",\"contentUrl\":\"https:\\\/\\\/i0.wp.com\\\/www.jazzzeitung.de\\\/cms\\\/wp-content\\\/uploads\\\/2019\\\/04\\\/Sarbach_Messe.png?fit=3133%2C2038&ssl=1\",\"width\":3133,\"height\":2038,\"caption\":\"M3B GmbH\\\/J\u00f6rg Sarbach\"},{\"@type\":\"BreadcrumbList\",\"@id\":\"https:\\\/\\\/www.jazzzeitung.de\\\/cms\\\/2019\\\/04\\\/jazzahead-2019-besucher-aus-64-nationen-tauschten-sich-vier-tage-in-bremen-lang-aus\\\/#breadcrumb\",\"itemListElement\":[{\"@type\":\"ListItem\",\"position\":1,\"name\":\"Startseite\",\"item\":\"https:\\\/\\\/www.jazzzeitung.de\\\/cms\\\/\"},{\"@type\":\"ListItem\",\"position\":2,\"name\":\"+++ jazzahead! 2019 +++ Besucher aus 64 Nationen tauschten sich vier Tage lang in Bremen aus +++\"}]},{\"@type\":\"WebSite\",\"@id\":\"https:\\\/\\\/www.jazzzeitung.de\\\/cms\\\/#website\",\"url\":\"https:\\\/\\\/www.jazzzeitung.de\\\/cms\\\/\",\"name\":\"JazzZeitung\",\"description\":\"Jazz-News und Jazz-Kontroverses\",\"publisher\":{\"@id\":\"https:\\\/\\\/www.jazzzeitung.de\\\/cms\\\/#organization\"},\"potentialAction\":[{\"@type\":\"SearchAction\",\"target\":{\"@type\":\"EntryPoint\",\"urlTemplate\":\"https:\\\/\\\/www.jazzzeitung.de\\\/cms\\\/?s={search_term_string}\"},\"query-input\":{\"@type\":\"PropertyValueSpecification\",\"valueRequired\":true,\"valueName\":\"search_term_string\"}}],\"inLanguage\":\"de\"},{\"@type\":\"Organization\",\"@id\":\"https:\\\/\\\/www.jazzzeitung.de\\\/cms\\\/#organization\",\"name\":\"JazzZeitung online\",\"url\":\"https:\\\/\\\/www.jazzzeitung.de\\\/cms\\\/\",\"logo\":{\"@type\":\"ImageObject\",\"inLanguage\":\"de\",\"@id\":\"https:\\\/\\\/www.jazzzeitung.de\\\/cms\\\/#\\\/schema\\\/logo\\\/image\\\/\",\"url\":\"https:\\\/\\\/i0.wp.com\\\/www.jazzzeitung.de\\\/cms\\\/wp-content\\\/uploads\\\/2015\\\/08\\\/JAZZZEITUNGDE_Logo_Neu.png?fit=499%2C200&ssl=1\",\"contentUrl\":\"https:\\\/\\\/i0.wp.com\\\/www.jazzzeitung.de\\\/cms\\\/wp-content\\\/uploads\\\/2015\\\/08\\\/JAZZZEITUNGDE_Logo_Neu.png?fit=499%2C200&ssl=1\",\"width\":499,\"height\":200,\"caption\":\"JazzZeitung online\"},\"image\":{\"@id\":\"https:\\\/\\\/www.jazzzeitung.de\\\/cms\\\/#\\\/schema\\\/logo\\\/image\\\/\"},\"sameAs\":[\"https:\\\/\\\/www.facebook.com\\\/JazzZeitung\\\/\"]},{\"@type\":\"Person\",\"@id\":\"https:\\\/\\\/www.jazzzeitung.de\\\/cms\\\/#\\\/schema\\\/person\\\/2245b36b9cd1d24cea10f01c031fb92b\",\"name\":\"Redaktion JazzZeitung\",\"image\":{\"@type\":\"ImageObject\",\"inLanguage\":\"de\",\"@id\":\"https:\\\/\\\/i0.wp.com\\\/www.jazzzeitung.de\\\/cms\\\/wp-content\\\/uploads\\\/2015\\\/08\\\/JAZZZEITUNGDE_Logo_Neu.png?resize=96%2C96&ssl=159975dcacb611b5700bd619b5daf0a7a\",\"url\":\"https:\\\/\\\/i0.wp.com\\\/www.jazzzeitung.de\\\/cms\\\/wp-content\\\/uploads\\\/2015\\\/08\\\/JAZZZEITUNGDE_Logo_Neu.png?resize=96%2C96&ssl=1\",\"contentUrl\":\"https:\\\/\\\/i0.wp.com\\\/www.jazzzeitung.de\\\/cms\\\/wp-content\\\/uploads\\\/2015\\\/08\\\/JAZZZEITUNGDE_Logo_Neu.png?resize=96%2C96&ssl=1\",\"caption\":\"Redaktion JazzZeitung\"},\"description\":\"Artikel der Redaktion der JazzZeitung.\",\"sameAs\":[\"http:\\\/\\\/www.jazzzeitung.de\\\/cms\\\/\"],\"url\":\"https:\\\/\\\/www.jazzzeitung.de\\\/cms\\\/author\\\/redaktion\\\/\"}]}<\/script>\n<!-- \/ Yoast SEO plugin. -->","yoast_head_json":{"title":"+++ jazzahead! 2019 +++ Besucher aus 64 Nationen tauschten sich vier Tage lang in Bremen aus +++ - JazzZeitung","robots":{"index":"index","follow":"follow","max-snippet":"max-snippet:-1","max-image-preview":"max-image-preview:large","max-video-preview":"max-video-preview:-1"},"canonical":"https:\/\/www.jazzzeitung.de\/cms\/2019\/04\/jazzahead-2019-besucher-aus-64-nationen-tauschten-sich-vier-tage-in-bremen-lang-aus\/","og_locale":"de_DE","og_type":"article","og_title":"+++ jazzahead! 2019 +++ Besucher aus 64 Nationen tauschten sich vier Tage lang in Bremen aus +++ - JazzZeitung","og_description":"Die Fachmesse jazzahead! 2019 in der Messe Bremen ist mit einem erneuten Plus an Fachteilnehmerinnen und -teilnehmern aus diesmal 64 Nationen zu Ende gegangen. Von Donnerstag bis Sonntag, 25. bis 28. April z\u00e4hlten die Veranstalter 3.408 (2018: 3.282) Teilnehmer. Rund 18.000 Besucher (2018: 17.362) erlebten die Messe und die 100 Konzerte am Messewochenende.\u00a0\u201eDie jazzahead! ist eben der weltweit gr\u00f6\u00dfte Branchentreffpunkt\u201c, res\u00fcmiert Hans Peter Schneider, Gesch\u00e4ftsf\u00fchrer Messe Bremen und Gr\u00fcnder der jazzahead!. \u201eWer internationale Kontakte kn\u00fcpfen und ausbauen will, der ist bei uns richtig. Das spricht sich immer weiter herum.\u201c\u00a0Nach der Messe ist vor der Messe \u2013 und die Veranstalter haben 2020 Grund zum Feiern: Die jazzahead! wird 15 Jahre alt, zum zehnten Mal findet das begleitende Festival rund um die Kultur des Partnerlandes statt. Welches das ist im kommenden Jahr? \u201eWegen des Doppeljubil\u00e4ums bereiten wir etwas Besonderes vor\u201c, sagt die Projektleiterin der jazzahead!, Sybille Kornitschky von der Messe Bremen. \u201eDie Tinte auf dem Vertrag ist aber noch nicht trocken \u2013 wir bitten um noch einige Tage Geduld.\u201c Unterdessen laufen bereits die inhaltlichen Planungen f\u00fcrs Jubil\u00e4umsjahr. \u201eEin Schwerpunkt wird sein, unsere Vermittlerfunktion f\u00fcr internationale Gesch\u00e4ftskontakte noch &hellip;","og_url":"https:\/\/www.jazzzeitung.de\/cms\/2019\/04\/jazzahead-2019-besucher-aus-64-nationen-tauschten-sich-vier-tage-in-bremen-lang-aus\/","og_site_name":"JazzZeitung","article_publisher":"https:\/\/www.facebook.com\/JazzZeitung\/","article_published_time":"2019-04-30T09:49:50+00:00","article_modified_time":"2019-05-02T08:53:46+00:00","og_image":[{"width":900,"height":585,"url":"https:\/\/www.jazzzeitung.de\/cms\/wp-content\/uploads\/2019\/04\/Sarbach_Messe-900x585.png","type":"image\/png"}],"author":"Redaktion JazzZeitung","schema":{"@context":"https:\/\/schema.org","@graph":[{"@type":"Article","@id":"https:\/\/www.jazzzeitung.de\/cms\/2019\/04\/jazzahead-2019-besucher-aus-64-nationen-tauschten-sich-vier-tage-in-bremen-lang-aus\/#article","isPartOf":{"@id":"https:\/\/www.jazzzeitung.de\/cms\/2019\/04\/jazzahead-2019-besucher-aus-64-nationen-tauschten-sich-vier-tage-in-bremen-lang-aus\/"},"author":{"name":"Redaktion JazzZeitung","@id":"https:\/\/www.jazzzeitung.de\/cms\/#\/schema\/person\/2245b36b9cd1d24cea10f01c031fb92b"},"headline":"+++ jazzahead! 2019 +++ Besucher aus 64 Nationen tauschten sich vier Tage lang in Bremen aus +++","datePublished":"2019-04-30T09:49:50+00:00","dateModified":"2019-05-02T08:53:46+00:00","mainEntityOfPage":{"@id":"https:\/\/www.jazzzeitung.de\/cms\/2019\/04\/jazzahead-2019-besucher-aus-64-nationen-tauschten-sich-vier-tage-in-bremen-lang-aus\/"},"wordCount":347,"commentCount":0,"publisher":{"@id":"https:\/\/www.jazzzeitung.de\/cms\/#organization"},"image":{"@id":"https:\/\/www.jazzzeitung.de\/cms\/2019\/04\/jazzahead-2019-besucher-aus-64-nationen-tauschten-sich-vier-tage-in-bremen-lang-aus\/#primaryimage"},"thumbnailUrl":"https:\/\/i0.wp.com\/www.jazzzeitung.de\/cms\/wp-content\/uploads\/2019\/04\/Sarbach_Messe.png?fit=3133%2C2038&ssl=1","keywords":["Bremen","Hans Peter Schneider","jazzahead! 2019","Messe","Sibylle Kornitschky"],"articleSection":["News"],"inLanguage":"de","potentialAction":[{"@type":"CommentAction","name":"Comment","target":["https:\/\/www.jazzzeitung.de\/cms\/2019\/04\/jazzahead-2019-besucher-aus-64-nationen-tauschten-sich-vier-tage-in-bremen-lang-aus\/#respond"]}]},{"@type":"WebPage","@id":"https:\/\/www.jazzzeitung.de\/cms\/2019\/04\/jazzahead-2019-besucher-aus-64-nationen-tauschten-sich-vier-tage-in-bremen-lang-aus\/","url":"https:\/\/www.jazzzeitung.de\/cms\/2019\/04\/jazzahead-2019-besucher-aus-64-nationen-tauschten-sich-vier-tage-in-bremen-lang-aus\/","name":"+++ jazzahead! 2019 +++ Besucher aus 64 Nationen tauschten sich vier Tage lang in Bremen aus +++ - JazzZeitung","isPartOf":{"@id":"https:\/\/www.jazzzeitung.de\/cms\/#website"},"primaryImageOfPage":{"@id":"https:\/\/www.jazzzeitung.de\/cms\/2019\/04\/jazzahead-2019-besucher-aus-64-nationen-tauschten-sich-vier-tage-in-bremen-lang-aus\/#primaryimage"},"image":{"@id":"https:\/\/www.jazzzeitung.de\/cms\/2019\/04\/jazzahead-2019-besucher-aus-64-nationen-tauschten-sich-vier-tage-in-bremen-lang-aus\/#primaryimage"},"thumbnailUrl":"https:\/\/i0.wp.com\/www.jazzzeitung.de\/cms\/wp-content\/uploads\/2019\/04\/Sarbach_Messe.png?fit=3133%2C2038&ssl=1","datePublished":"2019-04-30T09:49:50+00:00","dateModified":"2019-05-02T08:53:46+00:00","breadcrumb":{"@id":"https:\/\/www.jazzzeitung.de\/cms\/2019\/04\/jazzahead-2019-besucher-aus-64-nationen-tauschten-sich-vier-tage-in-bremen-lang-aus\/#breadcrumb"},"inLanguage":"de","potentialAction":[{"@type":"ReadAction","target":["https:\/\/www.jazzzeitung.de\/cms\/2019\/04\/jazzahead-2019-besucher-aus-64-nationen-tauschten-sich-vier-tage-in-bremen-lang-aus\/"]}]},{"@type":"ImageObject","inLanguage":"de","@id":"https:\/\/www.jazzzeitung.de\/cms\/2019\/04\/jazzahead-2019-besucher-aus-64-nationen-tauschten-sich-vier-tage-in-bremen-lang-aus\/#primaryimage","url":"https:\/\/i0.wp.com\/www.jazzzeitung.de\/cms\/wp-content\/uploads\/2019\/04\/Sarbach_Messe.png?fit=3133%2C2038&ssl=1","contentUrl":"https:\/\/i0.wp.com\/www.jazzzeitung.de\/cms\/wp-content\/uploads\/2019\/04\/Sarbach_Messe.png?fit=3133%2C2038&ssl=1","width":3133,"height":2038,"caption":"M3B GmbH\/J\u00f6rg Sarbach"},{"@type":"BreadcrumbList","@id":"https:\/\/www.jazzzeitung.de\/cms\/2019\/04\/jazzahead-2019-besucher-aus-64-nationen-tauschten-sich-vier-tage-in-bremen-lang-aus\/#breadcrumb","itemListElement":[{"@type":"ListItem","position":1,"name":"Startseite","item":"https:\/\/www.jazzzeitung.de\/cms\/"},{"@type":"ListItem","position":2,"name":"+++ jazzahead! 2019 +++ Besucher aus 64 Nationen tauschten sich vier Tage lang in Bremen aus +++"}]},{"@type":"WebSite","@id":"https:\/\/www.jazzzeitung.de\/cms\/#website","url":"https:\/\/www.jazzzeitung.de\/cms\/","name":"JazzZeitung","description":"Jazz-News und Jazz-Kontroverses","publisher":{"@id":"https:\/\/www.jazzzeitung.de\/cms\/#organization"},"potentialAction":[{"@type":"SearchAction","target":{"@type":"EntryPoint","urlTemplate":"https:\/\/www.jazzzeitung.de\/cms\/?s={search_term_string}"},"query-input":{"@type":"PropertyValueSpecification","valueRequired":true,"valueName":"search_term_string"}}],"inLanguage":"de"},{"@type":"Organization","@id":"https:\/\/www.jazzzeitung.de\/cms\/#organization","name":"JazzZeitung online","url":"https:\/\/www.jazzzeitung.de\/cms\/","logo":{"@type":"ImageObject","inLanguage":"de","@id":"https:\/\/www.jazzzeitung.de\/cms\/#\/schema\/logo\/image\/","url":"https:\/\/i0.wp.com\/www.jazzzeitung.de\/cms\/wp-content\/uploads\/2015\/08\/JAZZZEITUNGDE_Logo_Neu.png?fit=499%2C200&ssl=1","contentUrl":"https:\/\/i0.wp.com\/www.jazzzeitung.de\/cms\/wp-content\/uploads\/2015\/08\/JAZZZEITUNGDE_Logo_Neu.png?fit=499%2C200&ssl=1","width":499,"height":200,"caption":"JazzZeitung online"},"image":{"@id":"https:\/\/www.jazzzeitung.de\/cms\/#\/schema\/logo\/image\/"},"sameAs":["https:\/\/www.facebook.com\/JazzZeitung\/"]},{"@type":"Person","@id":"https:\/\/www.jazzzeitung.de\/cms\/#\/schema\/person\/2245b36b9cd1d24cea10f01c031fb92b","name":"Redaktion JazzZeitung","image":{"@type":"ImageObject","inLanguage":"de","@id":"https:\/\/i0.wp.com\/www.jazzzeitung.de\/cms\/wp-content\/uploads\/2015\/08\/JAZZZEITUNGDE_Logo_Neu.png?resize=96%2C96&ssl=159975dcacb611b5700bd619b5daf0a7a","url":"https:\/\/i0.wp.com\/www.jazzzeitung.de\/cms\/wp-content\/uploads\/2015\/08\/JAZZZEITUNGDE_Logo_Neu.png?resize=96%2C96&ssl=1","contentUrl":"https:\/\/i0.wp.com\/www.jazzzeitung.de\/cms\/wp-content\/uploads\/2015\/08\/JAZZZEITUNGDE_Logo_Neu.png?resize=96%2C96&ssl=1","caption":"Redaktion JazzZeitung"},"description":"Artikel der Redaktion der JazzZeitung.","sameAs":["http:\/\/www.jazzzeitung.de\/cms\/"],"url":"https:\/\/www.jazzzeitung.de\/cms\/author\/redaktion\/"}]}},"wp-worthy-pixel":{"ignored":false,"public":null,"server":null,"url":null},"wp-worthy-type":"normal","jetpack_publicize_connections":[],"cc_featured_image_caption":{"caption_text":"","source_text":"","source_url":""},"jetpack_featured_media_url":"https:\/\/i0.wp.com\/www.jazzzeitung.de\/cms\/wp-content\/uploads\/2019\/04\/Sarbach_Messe.png?fit=3133%2C2038&ssl=1","jetpack_shortlink":"https:\/\/wp.me\/p3KEcT-51L","jetpack-related-posts":[{"id":22172,"url":"https:\/\/www.jazzzeitung.de\/cms\/2020\/03\/jazzahead-2020-wird-abgesagt-und-2021-nachgeholt\/","url_meta":{"origin":19329,"position":0},"title":"jazzahead! 2020 wird abgesagt und erst im Mai 2021 nachgeholt","author":"Redaktion JazzZeitung","date":"20. M\u00e4rz 2020","format":false,"excerpt":"Die jazzahead! 2020 wird abgesagt, dies gab die Bremer Messegesellschaft heute bekannt. Die Entscheidung begr\u00fcndet Hans Peter Schneider, Gesch\u00e4ftsf\u00fchrer der M3B GmbH, zu der die Messe Bremen geh\u00f6rt, wie folgt: \u201eDie jazzahead! lebt vom internationalen Austausch und von Begegnungen \u2013 dies wird in Corona-Zeiten leider nicht m\u00f6glich sein, auch Ende\u2026","rel":"","context":"In &quot;News&quot;","block_context":{"text":"News","link":"https:\/\/www.jazzzeitung.de\/cms\/thema\/nachrichten\/"},"img":{"alt_text":"","src":"https:\/\/i0.wp.com\/www.jazzzeitung.de\/cms\/wp-content\/uploads\/2017\/04\/001_Foto-van-Loon.jpg?fit=1200%2C801&ssl=1&resize=350%2C200","width":350,"height":200,"srcset":"https:\/\/i0.wp.com\/www.jazzzeitung.de\/cms\/wp-content\/uploads\/2017\/04\/001_Foto-van-Loon.jpg?fit=1200%2C801&ssl=1&resize=350%2C200 1x, https:\/\/i0.wp.com\/www.jazzzeitung.de\/cms\/wp-content\/uploads\/2017\/04\/001_Foto-van-Loon.jpg?fit=1200%2C801&ssl=1&resize=525%2C300 1.5x, https:\/\/i0.wp.com\/www.jazzzeitung.de\/cms\/wp-content\/uploads\/2017\/04\/001_Foto-van-Loon.jpg?fit=1200%2C801&ssl=1&resize=700%2C400 2x, https:\/\/i0.wp.com\/www.jazzzeitung.de\/cms\/wp-content\/uploads\/2017\/04\/001_Foto-van-Loon.jpg?fit=1200%2C801&ssl=1&resize=1050%2C600 3x"},"classes":[]},{"id":4907,"url":"https:\/\/www.jazzzeitung.de\/cms\/2014\/11\/showcase-bewerbungsphase-fuer-jazzahead-endet-heute\/","url_meta":{"origin":19329,"position":1},"title":"Showcase-Bewerbungsphase f\u00fcr jazzahead endet heute","author":"Redaktion JazzZeitung","date":"11. November 2014","format":false,"excerpt":"Showcase-Bewerbungsphase endet am 11. November 2014 Bewerbungen f\u00fcr die 40 Showcases auf der zehnten jazzahead! k\u00f6nnen f\u00fcr die Module German Jazz Expo (K\u00fcnstler aus Deutschland), French Night (Jazz aus dem Partnerland 2015: Frankreich), European Jazz Meeting (europ\u00e4ische Jazzformationen) und Overseas Night (Jazz aus \u00dcbersee) eingereicht werden. Konditionen f\u00fcr eine Bewerbung\u2026","rel":"","context":"In &quot;News&quot;","block_context":{"text":"News","link":"https:\/\/www.jazzzeitung.de\/cms\/thema\/nachrichten\/"},"img":{"alt_text":"Staatsministerin f\u00fcr Kultur und Medien, Monika Gr\u00fctters, \u00fcbernimmt 2015 die Schirmherrschaft zur Jubil\u00e4umsausgabe der jazzahead! Foto: Christof Rieken","src":"https:\/\/i0.wp.com\/www.jazzzeitung.de\/cms\/wp-content\/uploads\/2014\/11\/Photo1-MonikaGr%C3%BCtters-c_Quelle-Christof-Rieken_800KB.jpg?fit=799%2C1200&ssl=1&resize=350%2C200","width":350,"height":200,"srcset":"https:\/\/i0.wp.com\/www.jazzzeitung.de\/cms\/wp-content\/uploads\/2014\/11\/Photo1-MonikaGr%C3%BCtters-c_Quelle-Christof-Rieken_800KB.jpg?fit=799%2C1200&ssl=1&resize=350%2C200 1x, https:\/\/i0.wp.com\/www.jazzzeitung.de\/cms\/wp-content\/uploads\/2014\/11\/Photo1-MonikaGr%C3%BCtters-c_Quelle-Christof-Rieken_800KB.jpg?fit=799%2C1200&ssl=1&resize=525%2C300 1.5x, https:\/\/i0.wp.com\/www.jazzzeitung.de\/cms\/wp-content\/uploads\/2014\/11\/Photo1-MonikaGr%C3%BCtters-c_Quelle-Christof-Rieken_800KB.jpg?fit=799%2C1200&ssl=1&resize=700%2C400 2x"},"classes":[]},{"id":9007,"url":"https:\/\/www.jazzzeitung.de\/cms\/2016\/04\/jazzahead-macht-bremen-wieder-zur-jazzmetropole\/","url_meta":{"origin":19329,"position":2},"title":"Jazzahead! macht Bremen wieder zur Jazzmetropole","author":"Redaktion JazzZeitung","date":"22. April 2016","format":false,"excerpt":"Weltgr\u00f6\u00dfter Jazz-Branchentreff in der Hansestadt er\u00f6ffnet - die 11. Ausgabe der jazzahead! wurde heute am fr\u00fchen Abend in Bremen er\u00f6ffnet. Bei der offiziellen Er\u00f6ffnungsfeier kamen G\u00e4ste aus Bremen, Berlin und dem Partnerland Schweiz sowie die internationalen Aussteller und Teilnehmer zusammen. Als besonderer Gast konnte zudem die Schweizer Botschafterin f\u00fcr Deutschland\u2026","rel":"","context":"In &quot;News&quot;","block_context":{"text":"News","link":"https:\/\/www.jazzzeitung.de\/cms\/thema\/nachrichten\/"},"img":{"alt_text":"Erika_stucky_jazzahead__c_IngoWagner_MesseBremen","src":"https:\/\/i0.wp.com\/www.jazzzeitung.de\/cms\/wp-content\/uploads\/2016\/04\/Erika_stucky_jazzahead__c_IngoWagner_MesseBremen-859x600.jpg?resize=350%2C200","width":350,"height":200,"srcset":"https:\/\/i0.wp.com\/www.jazzzeitung.de\/cms\/wp-content\/uploads\/2016\/04\/Erika_stucky_jazzahead__c_IngoWagner_MesseBremen-859x600.jpg?resize=350%2C200 1x, https:\/\/i0.wp.com\/www.jazzzeitung.de\/cms\/wp-content\/uploads\/2016\/04\/Erika_stucky_jazzahead__c_IngoWagner_MesseBremen-859x600.jpg?resize=525%2C300 1.5x"},"classes":[]},{"id":21283,"url":"https:\/\/www.jazzzeitung.de\/cms\/2019\/11\/news-jazzahead-europaeische-kulturmarke-2019-jetzt-bewerben-um-showcases-fuer-kinder\/","url_meta":{"origin":19329,"position":3},"title":"+++ news +++ jazzahead! Europ\u00e4ische Kulturmarke 2019 +++ Jetzt bewerben um Showcases f\u00fcr Kinder +++","author":"Redaktion JazzZeitung","date":"12. November 2019","format":false,"excerpt":"+++ jazzahead! Europ\u00e4ische Kulturmarke 2019 +++ Die jazzahead!, weltweit einzigartige Kombination aus Fachmesse und begleitendem Festival, ist am Donnerstag, 7. November 2019, im Zollverein in Essen als Europ\u00e4ische Kulturmarke des Jahres 2019 ausgezeichnet worden. Der Award gilt als einer der der avanciertesten Kulturpreise in Europa. \u201eWir waren bereits sehr stolz,\u2026","rel":"","context":"In &quot;News&quot;","block_context":{"text":"News","link":"https:\/\/www.jazzzeitung.de\/cms\/thema\/nachrichten\/"},"img":{"alt_text":"","src":"https:\/\/i0.wp.com\/www.jazzzeitung.de\/cms\/wp-content\/uploads\/2019\/11\/jazzahead1.jpg?fit=1200%2C800&ssl=1&resize=350%2C200","width":350,"height":200,"srcset":"https:\/\/i0.wp.com\/www.jazzzeitung.de\/cms\/wp-content\/uploads\/2019\/11\/jazzahead1.jpg?fit=1200%2C800&ssl=1&resize=350%2C200 1x, https:\/\/i0.wp.com\/www.jazzzeitung.de\/cms\/wp-content\/uploads\/2019\/11\/jazzahead1.jpg?fit=1200%2C800&ssl=1&resize=525%2C300 1.5x, https:\/\/i0.wp.com\/www.jazzzeitung.de\/cms\/wp-content\/uploads\/2019\/11\/jazzahead1.jpg?fit=1200%2C800&ssl=1&resize=700%2C400 2x, https:\/\/i0.wp.com\/www.jazzzeitung.de\/cms\/wp-content\/uploads\/2019\/11\/jazzahead1.jpg?fit=1200%2C800&ssl=1&resize=1050%2C600 3x"},"classes":[]},{"id":24006,"url":"https:\/\/www.jazzzeitung.de\/cms\/2020\/12\/fachmesse-jazzahead-startet-2021-online-man-hofft-aber-auch-auf-konzerte-vor-publikum\/","url_meta":{"origin":19329,"position":4},"title":"Fachmesse jazzahead! startet 2021 online \u2013 man hofft aber auch auf Konzerte vor Publikum","author":"Redaktion JazzZeitung","date":"18. Dezember 2020","format":false,"excerpt":"Die 15. jazzahead!, die Jubil\u00e4umsausgabe der gr\u00f6\u00dften Jazz-Fachmesse der Welt, sollte urspr\u00fcnglich von Donnerstag bis Sonntag, 23. bis 26. April 2020, in den Hallen 6 und 7 der MESSE BREMEN stattfinden, das begleitende Festival von Freitag bis Sonntag, 17. bis 26. April 2020. Die gesamte Veranstaltung wurde wegen der Corona-Pandemie\u2026","rel":"","context":"In &quot;News&quot;","block_context":{"text":"News","link":"https:\/\/www.jazzzeitung.de\/cms\/thema\/nachrichten\/"},"img":{"alt_text":"","src":"https:\/\/i0.wp.com\/www.jazzzeitung.de\/cms\/wp-content\/uploads\/2020\/12\/Thomas-Koch.jpg?fit=800%2C1200&ssl=1&resize=350%2C200","width":350,"height":200,"srcset":"https:\/\/i0.wp.com\/www.jazzzeitung.de\/cms\/wp-content\/uploads\/2020\/12\/Thomas-Koch.jpg?fit=800%2C1200&ssl=1&resize=350%2C200 1x, https:\/\/i0.wp.com\/www.jazzzeitung.de\/cms\/wp-content\/uploads\/2020\/12\/Thomas-Koch.jpg?fit=800%2C1200&ssl=1&resize=525%2C300 1.5x, https:\/\/i0.wp.com\/www.jazzzeitung.de\/cms\/wp-content\/uploads\/2020\/12\/Thomas-Koch.jpg?fit=800%2C1200&ssl=1&resize=700%2C400 2x"},"classes":[]},{"id":18049,"url":"https:\/\/www.jazzzeitung.de\/cms\/2018\/12\/erstmals-auf-der-jazzahead-showcases-zu-improvisation-und-jazz-fuer-kinder\/","url_meta":{"origin":19329,"position":5},"title":"Erstmals auf der jazzahead: Showcases zu Improvisation und Jazz f\u00fcr Kinder","author":"Redaktion JazzZeitung","date":"10. Dezember 2018","format":false,"excerpt":"Trotz der diesmal deutlich verk\u00fcrzten Einreichungsfrist gingen 764 Bewerbungen f\u00fcr die 40 Showcase-Konzerte ein und damit 25 Prozent mehr als im Vorjahr. In diesem Jahr sind unter den f\u00fcnf am st\u00e4rksten vertretenen Herkunftsl\u00e4ndern jenseits von Deutschland und dem Partnerland Norwegen die USA und Brasilien, womit Bewerbungen aus \u00dcbersee signifikant zulegten.\u2026","rel":"","context":"In &quot;News&quot;","block_context":{"text":"News","link":"https:\/\/www.jazzzeitung.de\/cms\/thema\/nachrichten\/"},"img":{"alt_text":"Jazzbusiness auf der Bremer jazzahead!. Foto: Jan Rathke","src":"https:\/\/i0.wp.com\/www.jazzzeitung.de\/cms\/wp-content\/uploads\/2018\/12\/MESSE-BREMENJan-RathkeDSC_9355.jpg?fit=1200%2C857&ssl=1&resize=350%2C200","width":350,"height":200,"srcset":"https:\/\/i0.wp.com\/www.jazzzeitung.de\/cms\/wp-content\/uploads\/2018\/12\/MESSE-BREMENJan-RathkeDSC_9355.jpg?fit=1200%2C857&ssl=1&resize=350%2C200 1x, https:\/\/i0.wp.com\/www.jazzzeitung.de\/cms\/wp-content\/uploads\/2018\/12\/MESSE-BREMENJan-RathkeDSC_9355.jpg?fit=1200%2C857&ssl=1&resize=525%2C300 1.5x, https:\/\/i0.wp.com\/www.jazzzeitung.de\/cms\/wp-content\/uploads\/2018\/12\/MESSE-BREMENJan-RathkeDSC_9355.jpg?fit=1200%2C857&ssl=1&resize=700%2C400 2x, https:\/\/i0.wp.com\/www.jazzzeitung.de\/cms\/wp-content\/uploads\/2018\/12\/MESSE-BREMENJan-RathkeDSC_9355.jpg?fit=1200%2C857&ssl=1&resize=1050%2C600 3x"},"classes":[]}],"jetpack_sharing_enabled":true,"_links":{"self":[{"href":"https:\/\/www.jazzzeitung.de\/cms\/wp-json\/wp\/v2\/posts\/19329","targetHints":{"allow":["GET"]}}],"collection":[{"href":"https:\/\/www.jazzzeitung.de\/cms\/wp-json\/wp\/v2\/posts"}],"about":[{"href":"https:\/\/www.jazzzeitung.de\/cms\/wp-json\/wp\/v2\/types\/post"}],"author":[{"embeddable":true,"href":"https:\/\/www.jazzzeitung.de\/cms\/wp-json\/wp\/v2\/users\/18"}],"replies":[{"embeddable":true,"href":"https:\/\/www.jazzzeitung.de\/cms\/wp-json\/wp\/v2\/comments?post=19329"}],"version-history":[{"count":2,"href":"https:\/\/www.jazzzeitung.de\/cms\/wp-json\/wp\/v2\/posts\/19329\/revisions"}],"predecessor-version":[{"id":19353,"href":"https:\/\/www.jazzzeitung.de\/cms\/wp-json\/wp\/v2\/posts\/19329\/revisions\/19353"}],"wp:featuredmedia":[{"embeddable":true,"href":"https:\/\/www.jazzzeitung.de\/cms\/wp-json\/wp\/v2\/media\/19330"}],"wp:attachment":[{"href":"https:\/\/www.jazzzeitung.de\/cms\/wp-json\/wp\/v2\/media?parent=19329"}],"wp:term":[{"taxonomy":"category","embeddable":true,"href":"https:\/\/www.jazzzeitung.de\/cms\/wp-json\/wp\/v2\/categories?post=19329"},{"taxonomy":"post_tag","embeddable":true,"href":"https:\/\/www.jazzzeitung.de\/cms\/wp-json\/wp\/v2\/tags?post=19329"},{"taxonomy":"author","embeddable":true,"href":"https:\/\/www.jazzzeitung.de\/cms\/wp-json\/wp\/v2\/coauthors?post=19329"}],"curies":[{"name":"wp","href":"https:\/\/api.w.org\/{rel}","templated":true}]}}