{"id":19194,"date":"2019-04-12T09:44:02","date_gmt":"2019-04-12T07:44:02","guid":{"rendered":"https:\/\/www.jazzzeitung.de\/cms\/?p=19194"},"modified":"2019-04-09T13:58:33","modified_gmt":"2019-04-09T11:58:33","slug":"30-jahre-loft-in-koeln-ein-orchestermusiker-engagiert-sich-fuer-die-freie-musikszene","status":"publish","type":"post","link":"https:\/\/www.jazzzeitung.de\/cms\/2019\/04\/30-jahre-loft-in-koeln-ein-orchestermusiker-engagiert-sich-fuer-die-freie-musikszene\/","title":{"rendered":"30 Jahre Loft in K\u00f6ln \u2013 Ein Orchestermusiker engagiert sich f\u00fcr die freie Musikszene"},"content":{"rendered":"<p>Erst 2 Jahre Bergbaustudium, nach kurzem Musikstudium fast 40 Jahre stellvertretender Solo-Fl\u00f6tist des WDR Sinfonieorchesters K\u00f6ln, 16 Jahre Vorstand dieses Orchesters, 8 Jahre Mitglied des Personalrats des WDR, 25 Jahre Lehrer einer Hauptfachklasse an der K\u00f6lner Musikhochschule und seit 30 Jahren Hausherr des Lofts in K\u00f6ln-Ehrenfeld: eine stolze Zahlenbilanz, die der geb\u00fcrtig vom Niederrhein stammende Fl\u00f6tist und Konzertveranstalter Hans Martin M\u00fcller aus K\u00f6ln sein Eigen nennen darf. \u00dcber seine langj\u00e4hrige Berufserfahrung, seine breitgef\u00e4cherte, mit einem Bundesverdienstkreuz ausgezeichnete, Nachwuchsarbeit und sein politisches Engagement sprach mit ihm Andrea Will.<\/p>\n<p><strong>Andrea Will<\/strong>: Wenn man in K\u00f6ln \u00fcber Jazz spricht, kommt man am Loft \u2013 von der britischen Zeitung \u201eThe Guardian\u201c in eine Liste von \u201e10 of the best jazz clubs in Europe\u201c aufgenommen \u2013 nicht vorbei. Die Verbindung von Fl\u00f6tist im WDR Sinfonieorchester und einem international bekannten Konzertort f\u00fcr improvisierte Musik, zeitgen\u00f6ssische Musik und Jazz ist nicht die naheliegendste. Wie kam es dazu?<\/p>\n<p><strong>Hans Martin M\u00fcller<\/strong>: In meiner Jugend spielte ich neben Fl\u00f6te auch Saxophon. Mit 14 Jahren habe ich dann schon in einer Rhythm and Blues Band gespielt und bis zum Abitur einiges an Banderfahrung gesammelt. Mit der damaligen Moerser Kultband \u201eSchacht IV\u201c, deren \u201eLeader\u201c ich auch war, sind wir dann auch im Fernsehen und in zahlreichen deutschen Clubs aufgetreten. Zudem waren wir die Hausband des Moerser Clubs \u201eDie R\u00f6hre\u201c, der 1968 gegr\u00fcndet wurde und aus dem dann 1972 das ber\u00fchmte Moerser Jazzfestival hervorgegangen ist. Im Jahr 1968 ist in einer so kleinen Stadt wie Moers wirklich viel passiert. In gewisser Weise war \u201eDie R\u00f6hre\u201c auch Vorbild f\u00fcr das Loft. W\u00e4hrend des Studiums in K\u00f6ln und danach habe ich f\u00fcnf Jahre \u00fcber dem K\u00f6lner Jazzclub \u201eP\u00e4ff\u201c gewohnt. Als ich 1986 dann das Loft gr\u00fcndete, war das auch ein \u201eback to the roots\u201c, dann jedoch ausschlie\u00dflich als Organisator, nicht als Musiker.<\/p>\n<p><strong>Will<\/strong>: Das Loft zu einer in ganz Europa angesagten Location f\u00fcr Jazz zu machen war ein langer Weg. Was sind die entscheidenden Eigenschaften daf\u00fcr?<\/p>\n<p><strong>M\u00fcller<\/strong>: Die entscheidenden Eigenschaften sind dieselben, die man \u00fcberhaupt braucht, um ein Ziel zu erreichen. Den Willen und auch die Kondition zu haben, das zu tun, was man sich vorgenommen hat. Da kam mir zugute, dass ich aus einem Manager- und Ingenieurshaushalt kam. Nicht Musik, sondern Organisationstalent und auch handwerkliches Geschick waren mir in die Wiege gelegt, f\u00fcr Musik hatte man sich bei uns zu Hause nicht so sehr interessiert und obwohl ich vom K\u00f6rperbau kein typischer Marathonl\u00e4ufer bin, war meine Zeit mit 3:30 Stunden bei 95\u00a0kg Gewicht mit 50 Jahren ganz anst\u00e4ndig. Ein Talent f\u00fcr Kondition und Durchhaltewillen habe ich anscheinend auch.<\/p>\n<p><strong>Will<\/strong>: Wie hat das Loft dein fl\u00f6tistisches Schaffen ver\u00e4ndert?<\/p>\n<p><strong>M\u00fcller<\/strong>: Erst einmal hatte ich mit dem Loft einen tollen Unterrichts- und Konzertraum f\u00fcr meine Lehrt\u00e4tigkeit. Mein fl\u00f6tistisches Schaffen hat es insofern ver\u00e4ndert, als dass ich nicht mehr ausschlie\u00dflich auf das Fl\u00f6tenspiel konzentriert war. Dieser Zustand hat mir schon bei meinen ersten Probespielen gut geholfen, denn da stand mir der R\u00fcckweg zum Bergbaustudium immer offen. Man ist lockerer, wenn man Alternativen hat. Dann habe ich nat\u00fcrlich sehr viele gro\u00dfartige Musiker im Loft kennengelernt, deren Musik hat \u201emeine Ohren\u201c bereichert, mich aber auch dem\u00fctig gemacht. Ich habe dann auch einige \u201eJazzer\u201c unterrichtet, z.B. Saxophonisten, die in der Bigband auch Fl\u00f6te spielen mussten, aber auch frei improvisierende Musiker, die mit der Fl\u00f6te ihr Klangspektrum erweitern wollten. Von denen wiederum habe ich aber auch vieles gelernt und durch sie Musik kennengelernt, auf die ich sonst nie gesto\u00dfen w\u00e4re. Es waren zudem Komponisten der zeitgen\u00f6ssischen E-Musik wie Karlheinz Stockhausen, Luciano Berio, P\u00e9ter E\u00f6tv\u00f6s, Mauricio Kagel und viele andere mehr hier zu Gast. Das Loft war und ist durch diese Begegnungen eine ungeheure Bereicherung f\u00fcr mich als Person und Musiker.<\/p>\n<figure id=\"attachment_19197\" aria-describedby=\"caption-attachment-19197\" style=\"width: 169px\" class=\"wp-caption alignleft\"><a href=\"https:\/\/i0.wp.com\/www.jazzzeitung.de\/cms\/wp-content\/uploads\/2019\/04\/Loft2.jpg?ssl=1\"><img data-recalc-dims=\"1\" loading=\"lazy\" decoding=\"async\" data-attachment-id=\"19197\" data-permalink=\"https:\/\/www.jazzzeitung.de\/cms\/2019\/04\/30-jahre-loft-in-koeln-ein-orchestermusiker-engagiert-sich-fuer-die-freie-musikszene\/loft2\/\" data-orig-file=\"https:\/\/i0.wp.com\/www.jazzzeitung.de\/cms\/wp-content\/uploads\/2019\/04\/Loft2.jpg?fit=1167%2C2071&amp;ssl=1\" data-orig-size=\"1167,2071\" data-comments-opened=\"1\" data-image-meta=\"{&quot;aperture&quot;:&quot;0&quot;,&quot;credit&quot;:&quot;&quot;,&quot;camera&quot;:&quot;&quot;,&quot;caption&quot;:&quot;&quot;,&quot;created_timestamp&quot;:&quot;0&quot;,&quot;copyright&quot;:&quot;&quot;,&quot;focal_length&quot;:&quot;0&quot;,&quot;iso&quot;:&quot;0&quot;,&quot;shutter_speed&quot;:&quot;0&quot;,&quot;title&quot;:&quot;&quot;,&quot;orientation&quot;:&quot;0&quot;}\" data-image-title=\"Loft2\" data-image-description=\"\" data-image-caption=\"&lt;p&gt;Hans Martin M\u00fcller bei der Verleihung des Bundesverdienstkreuzes&lt;\/p&gt;\n\" data-large-file=\"https:\/\/i0.wp.com\/www.jazzzeitung.de\/cms\/wp-content\/uploads\/2019\/04\/Loft2.jpg?fit=338%2C600&amp;ssl=1\" class=\"size-medium wp-image-19197\" src=\"https:\/\/i0.wp.com\/www.jazzzeitung.de\/cms\/wp-content\/uploads\/2019\/04\/Loft2.jpg?resize=169%2C300&#038;ssl=1\" alt=\"\" width=\"169\" height=\"300\" srcset=\"https:\/\/i0.wp.com\/www.jazzzeitung.de\/cms\/wp-content\/uploads\/2019\/04\/Loft2.jpg?resize=169%2C300&amp;ssl=1 169w, https:\/\/i0.wp.com\/www.jazzzeitung.de\/cms\/wp-content\/uploads\/2019\/04\/Loft2.jpg?resize=768%2C1363&amp;ssl=1 768w, https:\/\/i0.wp.com\/www.jazzzeitung.de\/cms\/wp-content\/uploads\/2019\/04\/Loft2.jpg?resize=338%2C600&amp;ssl=1 338w, https:\/\/i0.wp.com\/www.jazzzeitung.de\/cms\/wp-content\/uploads\/2019\/04\/Loft2.jpg?w=1167&amp;ssl=1 1167w\" sizes=\"auto, (max-width: 169px) 100vw, 169px\" \/><\/a><figcaption id=\"caption-attachment-19197\" class=\"wp-caption-text\">Hans Martin M\u00fcller bei der Verleihung des Bundesverdienstkreuzes<\/figcaption><\/figure>\n<p><strong>Will<\/strong>: F\u00fcr deine Arbeit im Loft bist du mit dem Bundesverdienstkreuz ausgezeichnet worden. F\u00fcr viele junge Jazzer ist das Loft Sprungbrett f\u00fcr ihre Karrieren und Einstieg f\u00fcr Vieles. Bleibt man durch Nachwuchsf\u00f6rderung auch jung?<\/p>\n<p><strong>M\u00fcller<\/strong>: Ich bin ja nicht nur f\u00fcr die T\u00e4tigkeit im Loft, sondern auch f\u00fcr die kulturpolitischen Auswirkungen meines Wirkens in K\u00f6ln ausgezeichnet worden. Als junger \u201e68iger\u201c war und bin ich ein sehr politischer Mensch, der gestalten und ver\u00e4ndern will und wollte, z.B. bei den Demonstrationen f\u00fcr den Bau einer neuen Musikhochschule zu Anfang der Siebziger, dann als ein Sprecher der Lehrbeauftragten, der Streiks mit angeschoben hat f\u00fcr bessere Bedingungen der Lehrbeauftragten. Im Orchester war ich lange Zeit im Vorstand und zus\u00e4tzlich auch acht Jahre Mitglied des Gesamtpersonalrats des WDR.<\/p>\n<p>Nat\u00fcrlich bleibt man jung durch den Kontakt mit jungen Menschen durch deren positive Energie. Ich habe zum Gl\u00fcck auch mit meinen beiden Kindern und den drei Enkels\u00f6hnen einen engen Kontakt, ein weiterer \u201eJungbrunnen\u201c und dann h\u00e4lt ja auch die st\u00e4ndige Herausforderung so einen Betrieb wie das Loft am Leben zu erhalten jung.<\/p>\n<p><strong>Will<\/strong>: Kommen wir zu deiner kulturpolitischen Arbeit. Du hast in K\u00f6ln die \u201eK\u00f6lner Jazzkonferenz\u201c mit begr\u00fcndet und warst auch Sprecher des \u201eInitiativkreis Freie Musik\u201c. Wie haben diese Initiativen die K\u00f6lner Szene ver\u00e4ndert?<\/p>\n<p><strong>M\u00fcller<\/strong>: Erst einmal hoffe ich noch, dass die Gr\u00fcndung der K\u00f6lner Jazz Konferenz (KJK) vor dreieinhalb Jahren aber auch die von mir betriebene Umorganisation des Initiativkreises Freie Musik (IFM) die M\u00f6glichkeiten verbessern, bei der Politik strukturierter auf die Anwesenheit und auf die Probleme der freien Musiker und speziell auf die der Jazzszene hinzuweisen und jetzt mit einem Mandat ausgestattet ins Gespr\u00e4ch zu kommen. F\u00fcr das, was sie in der Kultur dieser Republik leisten werden die K\u00fcnstler, die nicht in Institutionen arbeiten, zu wenig wahrgenommen und dadurch auch viel zu wenig finanziell gef\u00f6rdert. In K\u00f6ln gibt es gerade eine gro\u00dfe Diskussion \u00fcber die Besetzung der Intendanz des Theaters \u2013 darauf reagieren die Presse und Medien mit \u201eEs fehlt der Kulturmetropole K\u00f6ln an Format\u201c. Dass die freie Szene durchaus ein gro\u00dfes Format hat und unbeirrt weiter arbeitet wird da gar nicht oder kaum wahrgenommen. Jedenfalls hat die Gr\u00fcndung der KJK und die Umstrukturierung des IFM schon mal die Wahrnehmung in der \u00d6ffentlichkeit und auch bei der Politik f\u00fcr die Probleme der einzelnen Szenen erh\u00f6ht und dass ein Orchestermusiker das mit angesto\u00dfen hat ist schon ziemlich ungew\u00f6hnlich.<\/p>\n<p><strong>Will<\/strong>: Das Loft hat zum 10. Mal in Folge den Spielst\u00e4ttenprogrammpreis NRW verliehen bekommen. Welches Erfolgsrezept steckt dahinter?<\/p>\n<p><strong>M\u00fcller<\/strong>: Das Erfolgsrezept ist eigentlich relativ einfach: die Wahrnehmung \u2013 ich habe \u00fcber viele Jahre bis jetzt auf fast jede Anfrage wenigstens geantwortet \u2013 auch wenn nat\u00fcrlich nicht immer positiv. Aber schon dadurch f\u00fchlten und f\u00fchlen die Musiker sich wahrgenommen und wertgesch\u00e4tzt. Als Musiker habe ich vor jedem Respekt, der sich auf eine B\u00fchne stellt, wir bem\u00fchen uns, alle Musiker immer gut zu behandeln oder wenigstens versuchen wir es und einige behandeln wir eben auch ein wenig besser, diese bessere \u201eW\u00fcrdigung\u201c ist uns aber anscheinend nie \u00fcbel genommen worden. Es ist schon erstaunlich, wie viele Jazzmusiker im Loft ihren Weg begonnen haben, Frank Gratkowski, Hayden Chisholm, Nils Wogram, Pablo Held und sein Trio um nur einige zu nennen. Das Loft ist aber auch vor allem auch ein Ort der Dokumentation \u2013 das professionelle Tonstudio hat mittlerweile \u00fcber 1.000 CDs aufgenommen \u2013 darunter viele Live-Mitschnitte.<\/p>\n<p><strong>Will<\/strong>: Ver\u00e4ndert sich etwas in der Zusammenarbeit mit der Stadt K\u00f6ln und anderen Gremien durch den wachsenden Erfolg des Lofts?<\/p>\n<p><strong>M\u00fcller<\/strong>: Das Loft z\u00e4hlt nun schon l\u00e4nger zu den Aktivposten der K\u00f6lner Musikszene und nichts ist nat\u00fcrlich so sexy wie \u201eErfolg\u201c, den das Kulturamt der Stadt K\u00f6ln nat\u00fcrlich wahrgenommen hat und dementsprechend auch reagiert hat. Ich habe das Loft als Ort von einem Musiker f\u00fcr die Musiker organisiert, das Wichtigste war f\u00fcr mich immer eine sehr gute Infrastruktur und diese war dann auch der Garant des Erfolgs. Es gibt wohl kaum einen Jazz Club, der qualitativ so ausgestattet ist wie wir. Zwei Konzertfl\u00fcgel, ein sehr guter Kontrabass, Schlagzeug \u2013 alle Instrumente auf h\u00f6chstem Niveau \u2013 dazu eben ein professionelles Tonstudio, das von DLF, SWR und auch vom WDR gerne f\u00fcr Live-Mitschnitte benutzt wird. Die Stadt hat das dann vor 10 Jahren mit einem Betriebskostenzuschuss, der nach und nach erh\u00f6ht wurde, honoriert, der jetzt, nachdem ich pensioniert bin und meine privaten Mittel nicht mehr so einsetzen kann, dem Loft das \u00dcberleben sichert.<\/p>\n<figure id=\"attachment_19198\" aria-describedby=\"caption-attachment-19198\" style=\"width: 300px\" class=\"wp-caption alignleft\"><a href=\"https:\/\/i0.wp.com\/www.jazzzeitung.de\/cms\/wp-content\/uploads\/2019\/04\/Loft3.jpg?ssl=1\"><img data-recalc-dims=\"1\" loading=\"lazy\" decoding=\"async\" data-attachment-id=\"19198\" data-permalink=\"https:\/\/www.jazzzeitung.de\/cms\/2019\/04\/30-jahre-loft-in-koeln-ein-orchestermusiker-engagiert-sich-fuer-die-freie-musikszene\/loft3\/\" data-orig-file=\"https:\/\/i0.wp.com\/www.jazzzeitung.de\/cms\/wp-content\/uploads\/2019\/04\/Loft3.jpg?fit=1840%2C1232&amp;ssl=1\" data-orig-size=\"1840,1232\" data-comments-opened=\"1\" data-image-meta=\"{&quot;aperture&quot;:&quot;0&quot;,&quot;credit&quot;:&quot;&quot;,&quot;camera&quot;:&quot;&quot;,&quot;caption&quot;:&quot;&quot;,&quot;created_timestamp&quot;:&quot;0&quot;,&quot;copyright&quot;:&quot;&quot;,&quot;focal_length&quot;:&quot;0&quot;,&quot;iso&quot;:&quot;0&quot;,&quot;shutter_speed&quot;:&quot;0&quot;,&quot;title&quot;:&quot;&quot;,&quot;orientation&quot;:&quot;0&quot;}\" data-image-title=\"Loft3\" data-image-description=\"\" data-image-caption=\"&lt;p&gt;Hans Martin M\u00fcller bei einem Konzert im Loft K\u00f6ln&lt;\/p&gt;\n\" data-large-file=\"https:\/\/i0.wp.com\/www.jazzzeitung.de\/cms\/wp-content\/uploads\/2019\/04\/Loft3.jpg?fit=840%2C563&amp;ssl=1\" class=\"size-medium wp-image-19198\" src=\"https:\/\/i0.wp.com\/www.jazzzeitung.de\/cms\/wp-content\/uploads\/2019\/04\/Loft3.jpg?resize=300%2C201&#038;ssl=1\" alt=\"\" width=\"300\" height=\"201\" srcset=\"https:\/\/i0.wp.com\/www.jazzzeitung.de\/cms\/wp-content\/uploads\/2019\/04\/Loft3.jpg?resize=300%2C201&amp;ssl=1 300w, https:\/\/i0.wp.com\/www.jazzzeitung.de\/cms\/wp-content\/uploads\/2019\/04\/Loft3.jpg?resize=768%2C514&amp;ssl=1 768w, https:\/\/i0.wp.com\/www.jazzzeitung.de\/cms\/wp-content\/uploads\/2019\/04\/Loft3.jpg?resize=896%2C600&amp;ssl=1 896w, https:\/\/i0.wp.com\/www.jazzzeitung.de\/cms\/wp-content\/uploads\/2019\/04\/Loft3.jpg?resize=120%2C80&amp;ssl=1 120w, https:\/\/i0.wp.com\/www.jazzzeitung.de\/cms\/wp-content\/uploads\/2019\/04\/Loft3.jpg?resize=1320%2C884&amp;ssl=1 1320w, https:\/\/i0.wp.com\/www.jazzzeitung.de\/cms\/wp-content\/uploads\/2019\/04\/Loft3.jpg?w=1840&amp;ssl=1 1840w, https:\/\/i0.wp.com\/www.jazzzeitung.de\/cms\/wp-content\/uploads\/2019\/04\/Loft3.jpg?w=1680&amp;ssl=1 1680w\" sizes=\"auto, (max-width: 300px) 100vw, 300px\" \/><\/a><figcaption id=\"caption-attachment-19198\" class=\"wp-caption-text\">Hans Martin M\u00fcller bei einem Konzert im Loft<\/figcaption><\/figure>\n<p><strong>Will<\/strong>: War es f\u00fcr dein Engagement in der freien Szene immer von Vorteil, eine Stelle in einem der gro\u00dfen K\u00f6lner Orchester zu haben?<\/p>\n<p><strong>M\u00fcller<\/strong>: Das war nat\u00fcrlich ein gro\u00dfer Vorteil so eine Stelle zu haben, vor allem was die finanziellen M\u00f6glichkeiten anging. Und dann war es erstaunlicherweise so, dass man eben als Mitglied eines gro\u00dfen Orchesters, aber eben auch zum Beispiel als Solo-Fl\u00f6tist des Bayreuther Festspielorchesters manchmal ernster genommen wurde, als wenn man jetzt selbst ein Mitglied dieser freien Szene gewesen w\u00e4re.<\/p>\n<p><strong>Will<\/strong>: Im Loft als Jazzstudierender aufzutreten gilt als \u201eRitterschlag\u201c unter jungen Musikern und S\u00e4ngern. Sieht sich das Loft auch als Erg\u00e4nzung zum Studium f\u00fcr mehr Praxiserfahrung unter professionellen Rahmenbedingungen, \u00e4hnlich wie die zahlreichen Orchester- und Chorakademien im Klassikbereich?<\/p>\n<p><strong>M\u00fcller<\/strong>: Ich sehe das nicht so ernst. Wir haben und hatten immer ein gro\u00dfes Herz und haben vielen Musikern einen Auftritt im Loft erm\u00f6glicht, die zahlreichen Examenskonzerte der Jazzabteilung sind ein Beispiel hierf\u00fcr. Das Loft hat neben den \u201eexternen Examenskonzerten\u201c \u00fcbrigens auch die Semesterabschlusskonzerte der Jazzabteilung erfunden, die jetzt unter dem Namen \u201eJazz Against The Machine\u201c im benachbarten ARTheater stattfinden. Nat\u00fcrlich ist f\u00fcr viele Studenten und junge Musiker das Loft der Ort, wo sie ziemlich unkompliziert ihre ersten Auftrittserfahrungen sammeln k\u00f6nnen und zugleich ihre Konzerte sehr kosteng\u00fcnstig vom Studio mitschneiden lassen k\u00f6nnen. Fast alle K\u00f6lner Jazzpreistr\u00e4ger haben sich mit Aufnahmen aus dem Loft beworben.<\/p>\n<p><strong>Will<\/strong>: Hat das Loft Einfluss auf die Szene indem das, was gespielt wird, bzw. die Bands, die auftreten, dann \u201eangesagt\u201c sind?<\/p>\n<p><strong>M\u00fcller<\/strong>: Eher durch die zahlreichen Konzerte von Musikern die nicht in K\u00f6ln leben hat man evtl. Einfluss auf die Szene, aber wir w\u00e4hlen nicht aus nach dem Motto \u2013 \u201edas soll und das soll nicht\u201c. Es geht um Qualit\u00e4t und dass wir als Motto eben \u201ebeyond mainstream\u201c haben, gibt den Musikern schon ein wenig die Richtung vor, die uns vorschwebt und \u201eJazz Sessions\u201c z.B. haben wir nie im Loft veranstaltet, das \u00fcberlassen wir gerne anderen Veranstaltungsorten.<\/p>\n<p><strong>Will<\/strong>: K\u00f6nnen \u201eKlassiker\u201c in ihrer k\u00fcnstlerischen Entwicklung etwas von den \u201eJazzern\u201c lernen?<\/p>\n<p><strong>M\u00fcller<\/strong>: Ich habe jetzt schon 50 Jahre Jazzgeschichte mitbekommen und eben auch die Unterschiede von k\u00fcnstlerischer Entwicklung im Jazz \u00fcber die Zeit. Das Spielen von Jazz wird heute fast genauso gelernt wie klassische Musik \u2013 beide k\u00f6nnen voneinander lernen \u2013 obwohl: es gibt ja kaum noch gro\u00dfe Unterschiede. Nat\u00fcrlich k\u00f6nnten die \u201eKlassiker\u201c von Jazzern lernen, mehr zu \u201eimprovisieren\u201c, aber das Improvisieren gab es in der klassischen Musik ja fr\u00fcher auch, in der Barock Musik aber auch noch in der Klassik und Romantik Beethoven war ein gro\u00dfer Improvisator, ebenso wie Franz Liszt. Da k\u00f6nnte sich die klassische Musik Ausbildung auch auf ihre \u201eWurzeln\u201c besinnen. Der Jazzmusiker k\u00f6nnte vom klassischen Musiker vor allem lernen, dass man zu Proben und Verabredungen p\u00fcnktlich erscheint \u2013 das war und ist f\u00fcr mich als ewig Wartender immer ein Problem gewesen.<\/p>\n<p><strong>Will<\/strong>: Was gibt dir die Arbeit mit den jungen Musikern zur\u00fcck?<\/p>\n<p><strong>M\u00fcller<\/strong>: Der immer wieder neue Blick auf die Zust\u00e4nde der Gesellschaft aber auch auf mein eigenes Musizieren kommt durch die Nachwuchsarbeit zur\u00fcck. Die Fragen und Antworten, die man h\u00f6rt, bringen neue Ideen und neue Sichtweisen und die sind bereichernd. Wer also in die Arbeit mit jungen Musikern investiert, bekommt reichlich zur\u00fcck. Alles, was ich investiert habe, ist irgendwann auch wieder positiv zu mir zur\u00fcckgekommen. Solche Erfahrungen helfen, um die Kraft zu haben, auch schwierige Situationen und Durststrecken zu \u00fcberstehen. Und es tut jedem Menschen gut, wenn er sp\u00fcrt, dass er etwas tut was anderen hilft und die das dann auch zur\u00fcckspiegeln.<\/p>\n<p><strong>Will<\/strong>: Was sind deine n\u00e4chsten Projekte?<\/p>\n<p><strong>M\u00fcller<\/strong>: Mein Hauptprojekt ist, das Loft in j\u00fcngere H\u00e4nde zu \u00fcbergeben und meine Nachfolge vorzubereiten. Das ist bei einem Konzertort, der als Ein-Mann-Betrieb immerhin \u00fcber 200 Konzerte im Jahr veranstaltet, gar nicht so einfach. \u00dcber 30 Jahre ist man da herein gewachsen. Nun ist es Zeit, die Erfahrungen weiterzugeben und vor allem die Finanzierung zu sichern, damit alles auf sicheren F\u00fc\u00dfen steht. Kostenlos, so wie ich es \u00fcber die Jahre gemacht habe, wird das kaum noch jemand machen. Zurzeit baut mein Sohn Urs Benedikt, der eigentlich promovierter Biologe ist, aber mit dem Loft aufwuchs, die Strukturen f\u00fcr einen Wechsel auf und wie gesagt steht uns die Stadt K\u00f6ln auch finanziell f\u00f6rdernd sehr wohlwollend zur Seite. Zudem gibt es seit drei Jahren ein Kollektiv von neun jungen Musikern, die sehr erfolgreich im Loft mitarbeiten. Ich bin also bester Hoffnung, dass der Wechsel klappt und das Loft der K\u00f6lner aber auch der nationalen und internationalen Jazz Szene erhalten bleibt.<\/p>\n<p><strong>Will<\/strong>: Du bist erfolgreich in verschiedenen Gebieten unterwegs. Was kannst du aus deiner Erfahrung jungen Musikern heute mit auf den Weg geben?<\/p>\n<p><strong>M\u00fcller<\/strong>: Leider ist die Art meiner \u201eKarriere\u201c nicht wirklich oder nur zum Teil als Vorbild geeignet \u2013 sie w\u00e4re heutzutage so auch kaum noch m\u00f6glich. Nach dem Abitur habe ich ja nach anderthalb Jahren Praktikum unter Tage Bergbau studiert, aber ich habe das unglaubliche Gl\u00fcck gehabt, zur rechten Zeit die richtigen Menschen wie meine Fl\u00f6tenlehrer Walter Jeschke oder Karlheinz Ullrich zu treffen, die mich als Musiker gef\u00f6rdert haben und ich habe diese Chancen dann genutzt und konnte, obwohl ich sp\u00e4t begonnen hatte, noch Musiker werden.<\/p>\n<p>Es gibt sie leider nicht, die optimalen \u201eTipps und Tricks\u201c, die sicher zum Erfolg f\u00fchren. Dar\u00fcber ist fast alles gesagt und geschrieben worden. Der \u201eMarkt\u201c ist ungeheuer hart, denn der Run auf die Positionen in den deutschen Orchestern ist ein internationaler Wettkampf und nur die Fittesten und Begabtesten werden Erfolg haben. Die Spitze einer Pyramide bleibt eine Spitze. Der Mut zur Vielseitigkeit w\u00e4re ein Vorschlag, aber das ist in der heutigen Zeit auch schon eine Plattit\u00fcde, denn es ist nicht mehr die Zeit der einfachen Biografien. Ich habe Bergbau studiert und bin Musiker geworden \u2013 mein Sohn ist in Genetik promoviert und betreibt jetzt das Loft als mein Nachfolger \u2013 c<em>&#8218;<\/em>est la vie!<\/p>\n","protected":false},"excerpt":{"rendered":"<p>Erst 2 Jahre Bergbaustudium, nach kurzem Musikstudium fast 40 Jahre stellvertretender Solo-Fl\u00f6tist des WDR Sinfonieorchesters K\u00f6ln, 16 Jahre Vorstand dieses Orchesters, 8 Jahre Mitglied des Personalrats des WDR, 25 Jahre Lehrer einer Hauptfachklasse an der K\u00f6lner Musikhochschule und seit 30 Jahren Hausherr des Lofts in K\u00f6ln-Ehrenfeld: eine stolze Zahlenbilanz, die der geb\u00fcrtig vom Niederrhein stammende Fl\u00f6tist und Konzertveranstalter Hans Martin M\u00fcller aus K\u00f6ln sein Eigen nennen darf. \u00dcber seine langj\u00e4hrige Berufserfahrung, seine breitgef\u00e4cherte, mit einem Bundesverdienstkreuz ausgezeichnete, Nachwuchsarbeit und sein politisches Engagement sprach mit ihm Andrea Will. Andrea Will: Wenn man in K\u00f6ln \u00fcber Jazz spricht, kommt man am Loft \u2013 von der britischen Zeitung \u201eThe Guardian\u201c in eine Liste von \u201e10 of the best jazz clubs in Europe\u201c aufgenommen \u2013 nicht vorbei. Die Verbindung von Fl\u00f6tist im WDR Sinfonieorchester und einem international bekannten Konzertort f\u00fcr improvisierte Musik, zeitgen\u00f6ssische Musik und Jazz ist nicht die naheliegendste. Wie kam es dazu? Hans Martin M\u00fcller: In meiner Jugend spielte ich neben Fl\u00f6te auch Saxophon. Mit 14 Jahren habe ich dann schon in einer Rhythm and Blues Band gespielt und bis zum Abitur einiges an Banderfahrung gesammelt. Mit &hellip;<\/p>\n","protected":false},"author":18,"featured_media":19196,"comment_status":"open","ping_status":"closed","sticky":false,"template":"","format":"standard","meta":{"_jetpack_memberships_contains_paid_content":false,"footnotes":"","jetpack_publicize_message":"","jetpack_publicize_feature_enabled":true,"jetpack_social_post_already_shared":false,"jetpack_social_options":{"image_generator_settings":{"template":"highway","default_image_id":0,"font":"","enabled":false},"version":2}},"categories":[1063],"tags":[2202,2205,2204,2203],"coauthors":[695],"class_list":["post-19194","post","type-post","status-publish","format-standard","has-post-thumbnail","hentry","category-portrait","tag-hans-martin-mueller","tag-initiativkreis-freie-musik","tag-koelner-jazzkonferenz","tag-loft-koeln"],"yoast_head":"<!-- This site is optimized with the Yoast SEO plugin v27.5 - https:\/\/yoast.com\/product\/yoast-seo-wordpress\/ -->\n<title>30 Jahre Loft in K\u00f6ln \u2013 Ein Orchestermusiker engagiert sich f\u00fcr die freie Musikszene - JazzZeitung<\/title>\n<meta name=\"robots\" content=\"index, follow, max-snippet:-1, max-image-preview:large, max-video-preview:-1\" \/>\n<link rel=\"canonical\" href=\"https:\/\/www.jazzzeitung.de\/cms\/2019\/04\/30-jahre-loft-in-koeln-ein-orchestermusiker-engagiert-sich-fuer-die-freie-musikszene\/\" \/>\n<meta property=\"og:locale\" content=\"de_DE\" \/>\n<meta property=\"og:type\" content=\"article\" \/>\n<meta property=\"og:title\" content=\"30 Jahre Loft in K\u00f6ln \u2013 Ein Orchestermusiker engagiert sich f\u00fcr die freie Musikszene - JazzZeitung\" \/>\n<meta property=\"og:description\" content=\"Erst 2 Jahre Bergbaustudium, nach kurzem Musikstudium fast 40 Jahre stellvertretender Solo-Fl\u00f6tist des WDR Sinfonieorchesters K\u00f6ln, 16 Jahre Vorstand dieses Orchesters, 8 Jahre Mitglied des Personalrats des WDR, 25 Jahre Lehrer einer Hauptfachklasse an der K\u00f6lner Musikhochschule und seit 30 Jahren Hausherr des Lofts in K\u00f6ln-Ehrenfeld: eine stolze Zahlenbilanz, die der geb\u00fcrtig vom Niederrhein stammende Fl\u00f6tist und Konzertveranstalter Hans Martin M\u00fcller aus K\u00f6ln sein Eigen nennen darf. \u00dcber seine langj\u00e4hrige Berufserfahrung, seine breitgef\u00e4cherte, mit einem Bundesverdienstkreuz ausgezeichnete, Nachwuchsarbeit und sein politisches Engagement sprach mit ihm Andrea Will. Andrea Will: Wenn man in K\u00f6ln \u00fcber Jazz spricht, kommt man am Loft \u2013 von der britischen Zeitung \u201eThe Guardian\u201c in eine Liste von \u201e10 of the best jazz clubs in Europe\u201c aufgenommen \u2013 nicht vorbei. Die Verbindung von Fl\u00f6tist im WDR Sinfonieorchester und einem international bekannten Konzertort f\u00fcr improvisierte Musik, zeitgen\u00f6ssische Musik und Jazz ist nicht die naheliegendste. Wie kam es dazu? Hans Martin M\u00fcller: In meiner Jugend spielte ich neben Fl\u00f6te auch Saxophon. Mit 14 Jahren habe ich dann schon in einer Rhythm and Blues Band gespielt und bis zum Abitur einiges an Banderfahrung gesammelt. Mit &hellip;\" \/>\n<meta property=\"og:url\" content=\"https:\/\/www.jazzzeitung.de\/cms\/2019\/04\/30-jahre-loft-in-koeln-ein-orchestermusiker-engagiert-sich-fuer-die-freie-musikszene\/\" \/>\n<meta property=\"og:site_name\" content=\"JazzZeitung\" \/>\n<meta property=\"article:publisher\" content=\"https:\/\/www.facebook.com\/JazzZeitung\/\" \/>\n<meta property=\"article:published_time\" content=\"2019-04-12T07:44:02+00:00\" \/>\n<meta property=\"og:image\" content=\"https:\/\/i0.wp.com\/www.jazzzeitung.de\/cms\/wp-content\/uploads\/2019\/04\/Loft1.jpg?fit=960%2C640&ssl=1\" \/>\n\t<meta property=\"og:image:width\" content=\"960\" \/>\n\t<meta property=\"og:image:height\" content=\"640\" \/>\n\t<meta property=\"og:image:type\" content=\"image\/jpeg\" \/>\n<meta name=\"author\" content=\"Redaktion JazzZeitung\" \/>\n<script type=\"application\/ld+json\" class=\"yoast-schema-graph\">{\"@context\":\"https:\\\/\\\/schema.org\",\"@graph\":[{\"@type\":\"Article\",\"@id\":\"https:\\\/\\\/www.jazzzeitung.de\\\/cms\\\/2019\\\/04\\\/30-jahre-loft-in-koeln-ein-orchestermusiker-engagiert-sich-fuer-die-freie-musikszene\\\/#article\",\"isPartOf\":{\"@id\":\"https:\\\/\\\/www.jazzzeitung.de\\\/cms\\\/2019\\\/04\\\/30-jahre-loft-in-koeln-ein-orchestermusiker-engagiert-sich-fuer-die-freie-musikszene\\\/\"},\"author\":{\"name\":\"Redaktion JazzZeitung\",\"@id\":\"https:\\\/\\\/www.jazzzeitung.de\\\/cms\\\/#\\\/schema\\\/person\\\/2245b36b9cd1d24cea10f01c031fb92b\"},\"headline\":\"30 Jahre Loft in K\u00f6ln \u2013 Ein Orchestermusiker engagiert sich f\u00fcr die freie Musikszene\",\"datePublished\":\"2019-04-12T07:44:02+00:00\",\"mainEntityOfPage\":{\"@id\":\"https:\\\/\\\/www.jazzzeitung.de\\\/cms\\\/2019\\\/04\\\/30-jahre-loft-in-koeln-ein-orchestermusiker-engagiert-sich-fuer-die-freie-musikszene\\\/\"},\"wordCount\":2503,\"commentCount\":1,\"publisher\":{\"@id\":\"https:\\\/\\\/www.jazzzeitung.de\\\/cms\\\/#organization\"},\"image\":{\"@id\":\"https:\\\/\\\/www.jazzzeitung.de\\\/cms\\\/2019\\\/04\\\/30-jahre-loft-in-koeln-ein-orchestermusiker-engagiert-sich-fuer-die-freie-musikszene\\\/#primaryimage\"},\"thumbnailUrl\":\"https:\\\/\\\/i0.wp.com\\\/www.jazzzeitung.de\\\/cms\\\/wp-content\\\/uploads\\\/2019\\\/04\\\/Loft1.jpg?fit=960%2C640&ssl=1\",\"keywords\":[\"Hans Martin M\u00fcller\",\"Initiativkreis Freie Musik\",\"K\u00f6lner Jazzkonferenz\",\"Loft K\u00f6ln\"],\"articleSection\":[\"Portrait\"],\"inLanguage\":\"de\",\"potentialAction\":[{\"@type\":\"CommentAction\",\"name\":\"Comment\",\"target\":[\"https:\\\/\\\/www.jazzzeitung.de\\\/cms\\\/2019\\\/04\\\/30-jahre-loft-in-koeln-ein-orchestermusiker-engagiert-sich-fuer-die-freie-musikszene\\\/#respond\"]}]},{\"@type\":\"WebPage\",\"@id\":\"https:\\\/\\\/www.jazzzeitung.de\\\/cms\\\/2019\\\/04\\\/30-jahre-loft-in-koeln-ein-orchestermusiker-engagiert-sich-fuer-die-freie-musikszene\\\/\",\"url\":\"https:\\\/\\\/www.jazzzeitung.de\\\/cms\\\/2019\\\/04\\\/30-jahre-loft-in-koeln-ein-orchestermusiker-engagiert-sich-fuer-die-freie-musikszene\\\/\",\"name\":\"30 Jahre Loft in K\u00f6ln \u2013 Ein Orchestermusiker engagiert sich f\u00fcr die freie Musikszene - JazzZeitung\",\"isPartOf\":{\"@id\":\"https:\\\/\\\/www.jazzzeitung.de\\\/cms\\\/#website\"},\"primaryImageOfPage\":{\"@id\":\"https:\\\/\\\/www.jazzzeitung.de\\\/cms\\\/2019\\\/04\\\/30-jahre-loft-in-koeln-ein-orchestermusiker-engagiert-sich-fuer-die-freie-musikszene\\\/#primaryimage\"},\"image\":{\"@id\":\"https:\\\/\\\/www.jazzzeitung.de\\\/cms\\\/2019\\\/04\\\/30-jahre-loft-in-koeln-ein-orchestermusiker-engagiert-sich-fuer-die-freie-musikszene\\\/#primaryimage\"},\"thumbnailUrl\":\"https:\\\/\\\/i0.wp.com\\\/www.jazzzeitung.de\\\/cms\\\/wp-content\\\/uploads\\\/2019\\\/04\\\/Loft1.jpg?fit=960%2C640&ssl=1\",\"datePublished\":\"2019-04-12T07:44:02+00:00\",\"breadcrumb\":{\"@id\":\"https:\\\/\\\/www.jazzzeitung.de\\\/cms\\\/2019\\\/04\\\/30-jahre-loft-in-koeln-ein-orchestermusiker-engagiert-sich-fuer-die-freie-musikszene\\\/#breadcrumb\"},\"inLanguage\":\"de\",\"potentialAction\":[{\"@type\":\"ReadAction\",\"target\":[\"https:\\\/\\\/www.jazzzeitung.de\\\/cms\\\/2019\\\/04\\\/30-jahre-loft-in-koeln-ein-orchestermusiker-engagiert-sich-fuer-die-freie-musikszene\\\/\"]}]},{\"@type\":\"ImageObject\",\"inLanguage\":\"de\",\"@id\":\"https:\\\/\\\/www.jazzzeitung.de\\\/cms\\\/2019\\\/04\\\/30-jahre-loft-in-koeln-ein-orchestermusiker-engagiert-sich-fuer-die-freie-musikszene\\\/#primaryimage\",\"url\":\"https:\\\/\\\/i0.wp.com\\\/www.jazzzeitung.de\\\/cms\\\/wp-content\\\/uploads\\\/2019\\\/04\\\/Loft1.jpg?fit=960%2C640&ssl=1\",\"contentUrl\":\"https:\\\/\\\/i0.wp.com\\\/www.jazzzeitung.de\\\/cms\\\/wp-content\\\/uploads\\\/2019\\\/04\\\/Loft1.jpg?fit=960%2C640&ssl=1\",\"width\":960,\"height\":640},{\"@type\":\"BreadcrumbList\",\"@id\":\"https:\\\/\\\/www.jazzzeitung.de\\\/cms\\\/2019\\\/04\\\/30-jahre-loft-in-koeln-ein-orchestermusiker-engagiert-sich-fuer-die-freie-musikszene\\\/#breadcrumb\",\"itemListElement\":[{\"@type\":\"ListItem\",\"position\":1,\"name\":\"Startseite\",\"item\":\"https:\\\/\\\/www.jazzzeitung.de\\\/cms\\\/\"},{\"@type\":\"ListItem\",\"position\":2,\"name\":\"30 Jahre Loft in K\u00f6ln \u2013 Ein Orchestermusiker engagiert sich f\u00fcr die freie Musikszene\"}]},{\"@type\":\"WebSite\",\"@id\":\"https:\\\/\\\/www.jazzzeitung.de\\\/cms\\\/#website\",\"url\":\"https:\\\/\\\/www.jazzzeitung.de\\\/cms\\\/\",\"name\":\"JazzZeitung\",\"description\":\"Jazz-News und Jazz-Kontroverses\",\"publisher\":{\"@id\":\"https:\\\/\\\/www.jazzzeitung.de\\\/cms\\\/#organization\"},\"potentialAction\":[{\"@type\":\"SearchAction\",\"target\":{\"@type\":\"EntryPoint\",\"urlTemplate\":\"https:\\\/\\\/www.jazzzeitung.de\\\/cms\\\/?s={search_term_string}\"},\"query-input\":{\"@type\":\"PropertyValueSpecification\",\"valueRequired\":true,\"valueName\":\"search_term_string\"}}],\"inLanguage\":\"de\"},{\"@type\":\"Organization\",\"@id\":\"https:\\\/\\\/www.jazzzeitung.de\\\/cms\\\/#organization\",\"name\":\"JazzZeitung online\",\"url\":\"https:\\\/\\\/www.jazzzeitung.de\\\/cms\\\/\",\"logo\":{\"@type\":\"ImageObject\",\"inLanguage\":\"de\",\"@id\":\"https:\\\/\\\/www.jazzzeitung.de\\\/cms\\\/#\\\/schema\\\/logo\\\/image\\\/\",\"url\":\"https:\\\/\\\/i0.wp.com\\\/www.jazzzeitung.de\\\/cms\\\/wp-content\\\/uploads\\\/2015\\\/08\\\/JAZZZEITUNGDE_Logo_Neu.png?fit=499%2C200&ssl=1\",\"contentUrl\":\"https:\\\/\\\/i0.wp.com\\\/www.jazzzeitung.de\\\/cms\\\/wp-content\\\/uploads\\\/2015\\\/08\\\/JAZZZEITUNGDE_Logo_Neu.png?fit=499%2C200&ssl=1\",\"width\":499,\"height\":200,\"caption\":\"JazzZeitung online\"},\"image\":{\"@id\":\"https:\\\/\\\/www.jazzzeitung.de\\\/cms\\\/#\\\/schema\\\/logo\\\/image\\\/\"},\"sameAs\":[\"https:\\\/\\\/www.facebook.com\\\/JazzZeitung\\\/\"]},{\"@type\":\"Person\",\"@id\":\"https:\\\/\\\/www.jazzzeitung.de\\\/cms\\\/#\\\/schema\\\/person\\\/2245b36b9cd1d24cea10f01c031fb92b\",\"name\":\"Redaktion JazzZeitung\",\"image\":{\"@type\":\"ImageObject\",\"inLanguage\":\"de\",\"@id\":\"https:\\\/\\\/i0.wp.com\\\/www.jazzzeitung.de\\\/cms\\\/wp-content\\\/uploads\\\/2015\\\/08\\\/JAZZZEITUNGDE_Logo_Neu.png?resize=96%2C96&ssl=159975dcacb611b5700bd619b5daf0a7a\",\"url\":\"https:\\\/\\\/i0.wp.com\\\/www.jazzzeitung.de\\\/cms\\\/wp-content\\\/uploads\\\/2015\\\/08\\\/JAZZZEITUNGDE_Logo_Neu.png?resize=96%2C96&ssl=1\",\"contentUrl\":\"https:\\\/\\\/i0.wp.com\\\/www.jazzzeitung.de\\\/cms\\\/wp-content\\\/uploads\\\/2015\\\/08\\\/JAZZZEITUNGDE_Logo_Neu.png?resize=96%2C96&ssl=1\",\"caption\":\"Redaktion JazzZeitung\"},\"description\":\"Artikel der Redaktion der JazzZeitung.\",\"sameAs\":[\"http:\\\/\\\/www.jazzzeitung.de\\\/cms\\\/\"],\"url\":\"https:\\\/\\\/www.jazzzeitung.de\\\/cms\\\/author\\\/redaktion\\\/\"}]}<\/script>\n<!-- \/ Yoast SEO plugin. -->","yoast_head_json":{"title":"30 Jahre Loft in K\u00f6ln \u2013 Ein Orchestermusiker engagiert sich f\u00fcr die freie Musikszene - JazzZeitung","robots":{"index":"index","follow":"follow","max-snippet":"max-snippet:-1","max-image-preview":"max-image-preview:large","max-video-preview":"max-video-preview:-1"},"canonical":"https:\/\/www.jazzzeitung.de\/cms\/2019\/04\/30-jahre-loft-in-koeln-ein-orchestermusiker-engagiert-sich-fuer-die-freie-musikszene\/","og_locale":"de_DE","og_type":"article","og_title":"30 Jahre Loft in K\u00f6ln \u2013 Ein Orchestermusiker engagiert sich f\u00fcr die freie Musikszene - JazzZeitung","og_description":"Erst 2 Jahre Bergbaustudium, nach kurzem Musikstudium fast 40 Jahre stellvertretender Solo-Fl\u00f6tist des WDR Sinfonieorchesters K\u00f6ln, 16 Jahre Vorstand dieses Orchesters, 8 Jahre Mitglied des Personalrats des WDR, 25 Jahre Lehrer einer Hauptfachklasse an der K\u00f6lner Musikhochschule und seit 30 Jahren Hausherr des Lofts in K\u00f6ln-Ehrenfeld: eine stolze Zahlenbilanz, die der geb\u00fcrtig vom Niederrhein stammende Fl\u00f6tist und Konzertveranstalter Hans Martin M\u00fcller aus K\u00f6ln sein Eigen nennen darf. \u00dcber seine langj\u00e4hrige Berufserfahrung, seine breitgef\u00e4cherte, mit einem Bundesverdienstkreuz ausgezeichnete, Nachwuchsarbeit und sein politisches Engagement sprach mit ihm Andrea Will. Andrea Will: Wenn man in K\u00f6ln \u00fcber Jazz spricht, kommt man am Loft \u2013 von der britischen Zeitung \u201eThe Guardian\u201c in eine Liste von \u201e10 of the best jazz clubs in Europe\u201c aufgenommen \u2013 nicht vorbei. Die Verbindung von Fl\u00f6tist im WDR Sinfonieorchester und einem international bekannten Konzertort f\u00fcr improvisierte Musik, zeitgen\u00f6ssische Musik und Jazz ist nicht die naheliegendste. Wie kam es dazu? Hans Martin M\u00fcller: In meiner Jugend spielte ich neben Fl\u00f6te auch Saxophon. Mit 14 Jahren habe ich dann schon in einer Rhythm and Blues Band gespielt und bis zum Abitur einiges an Banderfahrung gesammelt. Mit &hellip;","og_url":"https:\/\/www.jazzzeitung.de\/cms\/2019\/04\/30-jahre-loft-in-koeln-ein-orchestermusiker-engagiert-sich-fuer-die-freie-musikszene\/","og_site_name":"JazzZeitung","article_publisher":"https:\/\/www.facebook.com\/JazzZeitung\/","article_published_time":"2019-04-12T07:44:02+00:00","og_image":[{"width":960,"height":640,"url":"https:\/\/i0.wp.com\/www.jazzzeitung.de\/cms\/wp-content\/uploads\/2019\/04\/Loft1.jpg?fit=960%2C640&ssl=1","type":"image\/jpeg"}],"author":"Redaktion JazzZeitung","schema":{"@context":"https:\/\/schema.org","@graph":[{"@type":"Article","@id":"https:\/\/www.jazzzeitung.de\/cms\/2019\/04\/30-jahre-loft-in-koeln-ein-orchestermusiker-engagiert-sich-fuer-die-freie-musikszene\/#article","isPartOf":{"@id":"https:\/\/www.jazzzeitung.de\/cms\/2019\/04\/30-jahre-loft-in-koeln-ein-orchestermusiker-engagiert-sich-fuer-die-freie-musikszene\/"},"author":{"name":"Redaktion JazzZeitung","@id":"https:\/\/www.jazzzeitung.de\/cms\/#\/schema\/person\/2245b36b9cd1d24cea10f01c031fb92b"},"headline":"30 Jahre Loft in K\u00f6ln \u2013 Ein Orchestermusiker engagiert sich f\u00fcr die freie Musikszene","datePublished":"2019-04-12T07:44:02+00:00","mainEntityOfPage":{"@id":"https:\/\/www.jazzzeitung.de\/cms\/2019\/04\/30-jahre-loft-in-koeln-ein-orchestermusiker-engagiert-sich-fuer-die-freie-musikszene\/"},"wordCount":2503,"commentCount":1,"publisher":{"@id":"https:\/\/www.jazzzeitung.de\/cms\/#organization"},"image":{"@id":"https:\/\/www.jazzzeitung.de\/cms\/2019\/04\/30-jahre-loft-in-koeln-ein-orchestermusiker-engagiert-sich-fuer-die-freie-musikszene\/#primaryimage"},"thumbnailUrl":"https:\/\/i0.wp.com\/www.jazzzeitung.de\/cms\/wp-content\/uploads\/2019\/04\/Loft1.jpg?fit=960%2C640&ssl=1","keywords":["Hans Martin M\u00fcller","Initiativkreis Freie Musik","K\u00f6lner Jazzkonferenz","Loft K\u00f6ln"],"articleSection":["Portrait"],"inLanguage":"de","potentialAction":[{"@type":"CommentAction","name":"Comment","target":["https:\/\/www.jazzzeitung.de\/cms\/2019\/04\/30-jahre-loft-in-koeln-ein-orchestermusiker-engagiert-sich-fuer-die-freie-musikszene\/#respond"]}]},{"@type":"WebPage","@id":"https:\/\/www.jazzzeitung.de\/cms\/2019\/04\/30-jahre-loft-in-koeln-ein-orchestermusiker-engagiert-sich-fuer-die-freie-musikszene\/","url":"https:\/\/www.jazzzeitung.de\/cms\/2019\/04\/30-jahre-loft-in-koeln-ein-orchestermusiker-engagiert-sich-fuer-die-freie-musikszene\/","name":"30 Jahre Loft in K\u00f6ln \u2013 Ein Orchestermusiker engagiert sich f\u00fcr die freie Musikszene - JazzZeitung","isPartOf":{"@id":"https:\/\/www.jazzzeitung.de\/cms\/#website"},"primaryImageOfPage":{"@id":"https:\/\/www.jazzzeitung.de\/cms\/2019\/04\/30-jahre-loft-in-koeln-ein-orchestermusiker-engagiert-sich-fuer-die-freie-musikszene\/#primaryimage"},"image":{"@id":"https:\/\/www.jazzzeitung.de\/cms\/2019\/04\/30-jahre-loft-in-koeln-ein-orchestermusiker-engagiert-sich-fuer-die-freie-musikszene\/#primaryimage"},"thumbnailUrl":"https:\/\/i0.wp.com\/www.jazzzeitung.de\/cms\/wp-content\/uploads\/2019\/04\/Loft1.jpg?fit=960%2C640&ssl=1","datePublished":"2019-04-12T07:44:02+00:00","breadcrumb":{"@id":"https:\/\/www.jazzzeitung.de\/cms\/2019\/04\/30-jahre-loft-in-koeln-ein-orchestermusiker-engagiert-sich-fuer-die-freie-musikszene\/#breadcrumb"},"inLanguage":"de","potentialAction":[{"@type":"ReadAction","target":["https:\/\/www.jazzzeitung.de\/cms\/2019\/04\/30-jahre-loft-in-koeln-ein-orchestermusiker-engagiert-sich-fuer-die-freie-musikszene\/"]}]},{"@type":"ImageObject","inLanguage":"de","@id":"https:\/\/www.jazzzeitung.de\/cms\/2019\/04\/30-jahre-loft-in-koeln-ein-orchestermusiker-engagiert-sich-fuer-die-freie-musikszene\/#primaryimage","url":"https:\/\/i0.wp.com\/www.jazzzeitung.de\/cms\/wp-content\/uploads\/2019\/04\/Loft1.jpg?fit=960%2C640&ssl=1","contentUrl":"https:\/\/i0.wp.com\/www.jazzzeitung.de\/cms\/wp-content\/uploads\/2019\/04\/Loft1.jpg?fit=960%2C640&ssl=1","width":960,"height":640},{"@type":"BreadcrumbList","@id":"https:\/\/www.jazzzeitung.de\/cms\/2019\/04\/30-jahre-loft-in-koeln-ein-orchestermusiker-engagiert-sich-fuer-die-freie-musikszene\/#breadcrumb","itemListElement":[{"@type":"ListItem","position":1,"name":"Startseite","item":"https:\/\/www.jazzzeitung.de\/cms\/"},{"@type":"ListItem","position":2,"name":"30 Jahre Loft in K\u00f6ln \u2013 Ein Orchestermusiker engagiert sich f\u00fcr die freie Musikszene"}]},{"@type":"WebSite","@id":"https:\/\/www.jazzzeitung.de\/cms\/#website","url":"https:\/\/www.jazzzeitung.de\/cms\/","name":"JazzZeitung","description":"Jazz-News und Jazz-Kontroverses","publisher":{"@id":"https:\/\/www.jazzzeitung.de\/cms\/#organization"},"potentialAction":[{"@type":"SearchAction","target":{"@type":"EntryPoint","urlTemplate":"https:\/\/www.jazzzeitung.de\/cms\/?s={search_term_string}"},"query-input":{"@type":"PropertyValueSpecification","valueRequired":true,"valueName":"search_term_string"}}],"inLanguage":"de"},{"@type":"Organization","@id":"https:\/\/www.jazzzeitung.de\/cms\/#organization","name":"JazzZeitung online","url":"https:\/\/www.jazzzeitung.de\/cms\/","logo":{"@type":"ImageObject","inLanguage":"de","@id":"https:\/\/www.jazzzeitung.de\/cms\/#\/schema\/logo\/image\/","url":"https:\/\/i0.wp.com\/www.jazzzeitung.de\/cms\/wp-content\/uploads\/2015\/08\/JAZZZEITUNGDE_Logo_Neu.png?fit=499%2C200&ssl=1","contentUrl":"https:\/\/i0.wp.com\/www.jazzzeitung.de\/cms\/wp-content\/uploads\/2015\/08\/JAZZZEITUNGDE_Logo_Neu.png?fit=499%2C200&ssl=1","width":499,"height":200,"caption":"JazzZeitung online"},"image":{"@id":"https:\/\/www.jazzzeitung.de\/cms\/#\/schema\/logo\/image\/"},"sameAs":["https:\/\/www.facebook.com\/JazzZeitung\/"]},{"@type":"Person","@id":"https:\/\/www.jazzzeitung.de\/cms\/#\/schema\/person\/2245b36b9cd1d24cea10f01c031fb92b","name":"Redaktion JazzZeitung","image":{"@type":"ImageObject","inLanguage":"de","@id":"https:\/\/i0.wp.com\/www.jazzzeitung.de\/cms\/wp-content\/uploads\/2015\/08\/JAZZZEITUNGDE_Logo_Neu.png?resize=96%2C96&ssl=159975dcacb611b5700bd619b5daf0a7a","url":"https:\/\/i0.wp.com\/www.jazzzeitung.de\/cms\/wp-content\/uploads\/2015\/08\/JAZZZEITUNGDE_Logo_Neu.png?resize=96%2C96&ssl=1","contentUrl":"https:\/\/i0.wp.com\/www.jazzzeitung.de\/cms\/wp-content\/uploads\/2015\/08\/JAZZZEITUNGDE_Logo_Neu.png?resize=96%2C96&ssl=1","caption":"Redaktion JazzZeitung"},"description":"Artikel der Redaktion der JazzZeitung.","sameAs":["http:\/\/www.jazzzeitung.de\/cms\/"],"url":"https:\/\/www.jazzzeitung.de\/cms\/author\/redaktion\/"}]}},"wp-worthy-pixel":{"ignored":false,"public":null,"server":null,"url":null},"wp-worthy-type":"normal","jetpack_publicize_connections":[],"cc_featured_image_caption":{"caption_text":"","source_text":"","source_url":""},"jetpack_featured_media_url":"https:\/\/i0.wp.com\/www.jazzzeitung.de\/cms\/wp-content\/uploads\/2019\/04\/Loft1.jpg?fit=960%2C640&ssl=1","jetpack_shortlink":"https:\/\/wp.me\/p3KEcT-4ZA","jetpack-related-posts":[{"id":5576,"url":"https:\/\/www.jazzzeitung.de\/cms\/2015\/02\/defrancesco-oberthulba-jazz-jubilaeum-syke-verdienstkreuz-fuer-hans-martin-mueller\/","url_meta":{"origin":19194,"position":0},"title":"News: Defrancesco in Oberthulba +++ Jazz-Jubil\u00e4um in Syke +++ Verdienstkreuz f\u00fcr Hans-Martin M\u00fcller","author":"Redaktion JazzZeitung","date":"24. Februar 2015","format":false,"excerpt":"Joey Defrancesco an der Hammond-Orgel in Oberthulba Nach dem Auftritt im Juli 2004 von Legende\u00a0Jimmy Smith\u00a0an der Hammond Orgel, kommt nun auch sein designierter Nachfolger Joey Defrancesco (USA) mit Trio auf die Piano-B\u00fchne in Oberthulba. Auf allen gro\u00dfen B\u00fchnen der Welt zeigt er seine Klasse an der \"Hammond B3\" Orgel.\u2026","rel":"","context":"In &quot;News&quot;","block_context":{"text":"News","link":"https:\/\/www.jazzzeitung.de\/cms\/thema\/nachrichten\/"},"img":{"alt_text":"Joey Defrancesco kommt mit Trio nach Oberthulba","src":"https:\/\/i0.wp.com\/www.jazzzeitung.de\/cms\/wp-content\/uploads\/2015\/02\/Joey-in-Action-150x150.jpg?resize=350%2C200","width":350,"height":200},"classes":[]},{"id":22634,"url":"https:\/\/www.jazzzeitung.de\/cms\/2020\/06\/die-offene-jazz-haus-schule-ojhs-in-koeln-feiert-den-40-jahrestag-ihrer-gruendung\/","url_meta":{"origin":19194,"position":1},"title":"Die Offene Jazz Haus Schule (OJHS) in K\u00f6ln feiert den 40. Jahrestag ihrer Gr\u00fcndung","author":"Redaktion JazzZeitung","date":"11. Juni 2020","format":false,"excerpt":"Das Reservoir einer Kulturmetropole Die Offene Jazz Haus Schule (OJHS) in K\u00f6ln feiert den 40. Jahrestag ihrer Gr\u00fcndung \u2013 Rainer Linke \u00fcbergibt die Schulleitung an Joscha Oetz Als die\u00a0 Offene Jazz Haus Schule (OJHS) 1980 in K\u00f6ln von Mitgliedern der Initiative K\u00f6lner Jazz Haus gegr\u00fcndet wurde, reagierte sie auf einen\u2026","rel":"","context":"In &quot;Bericht&quot;","block_context":{"text":"Bericht","link":"https:\/\/www.jazzzeitung.de\/cms\/thema\/bericht\/"},"img":{"alt_text":"","src":"https:\/\/i0.wp.com\/www.jazzzeitung.de\/cms\/wp-content\/uploads\/2020\/06\/rainer-linke-und-joscha-oetz-e1591813340638.jpg?fit=1200%2C833&ssl=1&resize=350%2C200","width":350,"height":200,"srcset":"https:\/\/i0.wp.com\/www.jazzzeitung.de\/cms\/wp-content\/uploads\/2020\/06\/rainer-linke-und-joscha-oetz-e1591813340638.jpg?fit=1200%2C833&ssl=1&resize=350%2C200 1x, https:\/\/i0.wp.com\/www.jazzzeitung.de\/cms\/wp-content\/uploads\/2020\/06\/rainer-linke-und-joscha-oetz-e1591813340638.jpg?fit=1200%2C833&ssl=1&resize=525%2C300 1.5x, https:\/\/i0.wp.com\/www.jazzzeitung.de\/cms\/wp-content\/uploads\/2020\/06\/rainer-linke-und-joscha-oetz-e1591813340638.jpg?fit=1200%2C833&ssl=1&resize=700%2C400 2x, https:\/\/i0.wp.com\/www.jazzzeitung.de\/cms\/wp-content\/uploads\/2020\/06\/rainer-linke-und-joscha-oetz-e1591813340638.jpg?fit=1200%2C833&ssl=1&resize=1050%2C600 3x"},"classes":[]},{"id":4536,"url":"https:\/\/www.jazzzeitung.de\/cms\/2014\/09\/abschied-mit-der-hoffnung-auf-ein-wiedersehen-chefdirigent-michael-abene-verlaesst-die-wdr-big-band\/","url_meta":{"origin":19194,"position":2},"title":"Abschied mit der Hoffnung auf ein Wiedersehen: Chefdirigent Michael Abene verl\u00e4sst die WDR Big Band","author":"Dietrich Schlegel","date":"12. September 2014","format":false,"excerpt":"Von Dietrich Schlegel. \u201eTomorrow Is Just Another Tomorrow\u201c \u2013 der heitere Gelassenheit ausdr\u00fcckende Titel dieser Ballade, die Michael Abene eigens f\u00fcr sein Abschiedskonzert als Chefdirigent der WDR Big Band geschrieben hat, klingt wie das Lebensmotto dieses Meisters des gro\u00dfochestralen Jazz. Als 2003 Zeit in die Dienste einer \u2013 wie er\u2026","rel":"","context":"In &quot;Portrait&quot;","block_context":{"text":"Portrait","link":"https:\/\/www.jazzzeitung.de\/cms\/thema\/portrait\/"},"img":{"alt_text":"Abene_conducting_cropped","src":"https:\/\/i0.wp.com\/www.jazzzeitung.de\/cms\/wp-content\/uploads\/2014\/09\/Abene_conducting_cropped-150x150.jpg?resize=350%2C200","width":350,"height":200},"classes":[]},{"id":14994,"url":"https:\/\/www.jazzzeitung.de\/cms\/2018\/02\/jetzt-bewerben-foerderstipendium-der-stadt-koeln-2018-fuer-jazzimprovisierte-musik\/","url_meta":{"origin":19194,"position":3},"title":"Jetzt bewerben: F\u00f6rderstipendium der Stadt K\u00f6ln 2018 f\u00fcr Jazz\/Improvisierte Musik","author":"Redaktion JazzZeitung","date":"6. Februar 2018","format":false,"excerpt":"Zur F\u00f6rderung der zeitgen\u00f6ssischen Musik und der freien k\u00fcnstlerischen Entfaltung junger Musikerinnen und Musiker vergibt die Stadt K\u00f6ln das von der Horst und Gretl Will-Stiftung finanzierte Horst und Gretl WillStipendium f\u00fcr Jazz\/Improvisierte Musik. Stipendiat des Vorjahres ist der K\u00f6lner Schlagzeuger Dominik Mahnig. Dotierung Das Stipendium ist mit 10.000 Euro dotiert.\u2026","rel":"","context":"In &quot;News&quot;","block_context":{"text":"News","link":"https:\/\/www.jazzzeitung.de\/cms\/thema\/nachrichten\/"},"img":{"alt_text":"Jazz News. Foto: Hufner","src":"https:\/\/i0.wp.com\/www.jazzzeitung.de\/cms\/wp-content\/uploads\/2017\/11\/jazznews.jpg?fit=1200%2C900&ssl=1&resize=350%2C200","width":350,"height":200,"srcset":"https:\/\/i0.wp.com\/www.jazzzeitung.de\/cms\/wp-content\/uploads\/2017\/11\/jazznews.jpg?fit=1200%2C900&ssl=1&resize=350%2C200 1x, https:\/\/i0.wp.com\/www.jazzzeitung.de\/cms\/wp-content\/uploads\/2017\/11\/jazznews.jpg?fit=1200%2C900&ssl=1&resize=525%2C300 1.5x, https:\/\/i0.wp.com\/www.jazzzeitung.de\/cms\/wp-content\/uploads\/2017\/11\/jazznews.jpg?fit=1200%2C900&ssl=1&resize=700%2C400 2x, https:\/\/i0.wp.com\/www.jazzzeitung.de\/cms\/wp-content\/uploads\/2017\/11\/jazznews.jpg?fit=1200%2C900&ssl=1&resize=1050%2C600 3x"},"classes":[]},{"id":26784,"url":"https:\/\/www.jazzzeitung.de\/cms\/2022\/02\/%d1%81%d0%b2%d0%be%d0%b1%d0%be%d0%b4%d0%b0-freiheit-solidaritaetskonzert-in-koeln\/","url_meta":{"origin":19194,"position":4},"title":"\u0441\u0432\u043e\u0431\u043e\u0434\u0430 &#8211; Freiheit \/\/ Solidarit\u00e4tskonzert in K\u00f6ln","author":"Martin Hufner","date":"27. Februar 2022","format":false,"excerpt":"Pressemeldung vom Stadtgarten K\u00f6ln: Auf Initiative der ukrainischen, in K\u00f6ln lebenden Musikerin Tamara Lukasheva und unter der Schirmherrschaft der K\u00f6lner Oberb\u00fcrgermeisterin Henriette Reker veranstalten wir am kommenden Dienstag, 01. M\u00e4rz 2022, um 20.00 Uhr, ein Solidarit\u00e4tskonzert f\u00fcr die in der Ukraine lebenden und arbeitenden Musikerinnen und Musiker. Moderiert wird der\u2026","rel":"","context":"In &quot;News&quot;","block_context":{"text":"News","link":"https:\/\/www.jazzzeitung.de\/cms\/thema\/nachrichten\/"},"img":{"alt_text":"Tamara Lukasheva beim Jazzweekend Regensburg 2015. Foto: Hufner","src":"https:\/\/i0.wp.com\/www.jazzzeitung.de\/cms\/wp-content\/uploads\/2022\/02\/tamara_c_hufner.jpg?fit=1200%2C900&ssl=1&resize=350%2C200","width":350,"height":200,"srcset":"https:\/\/i0.wp.com\/www.jazzzeitung.de\/cms\/wp-content\/uploads\/2022\/02\/tamara_c_hufner.jpg?fit=1200%2C900&ssl=1&resize=350%2C200 1x, https:\/\/i0.wp.com\/www.jazzzeitung.de\/cms\/wp-content\/uploads\/2022\/02\/tamara_c_hufner.jpg?fit=1200%2C900&ssl=1&resize=525%2C300 1.5x, https:\/\/i0.wp.com\/www.jazzzeitung.de\/cms\/wp-content\/uploads\/2022\/02\/tamara_c_hufner.jpg?fit=1200%2C900&ssl=1&resize=700%2C400 2x, https:\/\/i0.wp.com\/www.jazzzeitung.de\/cms\/wp-content\/uploads\/2022\/02\/tamara_c_hufner.jpg?fit=1200%2C900&ssl=1&resize=1050%2C600 3x"},"classes":[]},{"id":26435,"url":"https:\/\/www.jazzzeitung.de\/cms\/2021\/12\/klaus-graf-wird-neuer-kuenstlerischer-leiter-beim-ljjo-baden-wuerttemberg-25-jahre-jazz-fabrik-ruesselsheim-15-neuer-deutscher-jazzpreis-koeln-vergibt-foerderstipendien\/","url_meta":{"origin":19194,"position":5},"title":"+++ Klaus Graf wird neuer k\u00fcnstlerischer Leiter beim LJJO Baden-W\u00fcrttemberg+++ 25 Jahre Jazz-Fabrik R\u00fcsselsheim+++ 15. Neuer Deutscher Jazzpreis+++ K\u00f6ln vergibt F\u00f6rderstipendien +++","author":"Redaktion JazzZeitung","date":"21. Dezember 2021","format":false,"excerpt":"Klaus Graf wird neuer k\u00fcnstlerischer Leiter beim Landesjugendjazzorchester Baden-W\u00fcrttemberg Der Arbeitskreis des LMR-Pr\u00e4sidiums entschied sich f\u00fcr den Dirigenten Klaus Graf als neuen k\u00fcnstlerischen Leiter des Landesjugendjazzorchesters Baden-W\u00fcrttemberg. Als ehemaliges Mitglied des LaJazzO und Mitglied der SWR-Bigband, sowie als Co-Dirigent des bisherigen Leiters Rainer Tempel qualifizierte sich Klaus Graf f\u00fcr diesen\u2026","rel":"","context":"In &quot;News&quot;","block_context":{"text":"News","link":"https:\/\/www.jazzzeitung.de\/cms\/thema\/nachrichten\/"},"img":{"alt_text":"","src":"https:\/\/i0.wp.com\/www.jazzzeitung.de\/cms\/wp-content\/uploads\/2021\/12\/Prof.KlausGraf-scaled-e1639994178473.jpg?fit=1200%2C1050&ssl=1&resize=350%2C200","width":350,"height":200,"srcset":"https:\/\/i0.wp.com\/www.jazzzeitung.de\/cms\/wp-content\/uploads\/2021\/12\/Prof.KlausGraf-scaled-e1639994178473.jpg?fit=1200%2C1050&ssl=1&resize=350%2C200 1x, https:\/\/i0.wp.com\/www.jazzzeitung.de\/cms\/wp-content\/uploads\/2021\/12\/Prof.KlausGraf-scaled-e1639994178473.jpg?fit=1200%2C1050&ssl=1&resize=525%2C300 1.5x, https:\/\/i0.wp.com\/www.jazzzeitung.de\/cms\/wp-content\/uploads\/2021\/12\/Prof.KlausGraf-scaled-e1639994178473.jpg?fit=1200%2C1050&ssl=1&resize=700%2C400 2x, https:\/\/i0.wp.com\/www.jazzzeitung.de\/cms\/wp-content\/uploads\/2021\/12\/Prof.KlausGraf-scaled-e1639994178473.jpg?fit=1200%2C1050&ssl=1&resize=1050%2C600 3x"},"classes":[]}],"jetpack_sharing_enabled":true,"_links":{"self":[{"href":"https:\/\/www.jazzzeitung.de\/cms\/wp-json\/wp\/v2\/posts\/19194","targetHints":{"allow":["GET"]}}],"collection":[{"href":"https:\/\/www.jazzzeitung.de\/cms\/wp-json\/wp\/v2\/posts"}],"about":[{"href":"https:\/\/www.jazzzeitung.de\/cms\/wp-json\/wp\/v2\/types\/post"}],"author":[{"embeddable":true,"href":"https:\/\/www.jazzzeitung.de\/cms\/wp-json\/wp\/v2\/users\/18"}],"replies":[{"embeddable":true,"href":"https:\/\/www.jazzzeitung.de\/cms\/wp-json\/wp\/v2\/comments?post=19194"}],"version-history":[{"count":3,"href":"https:\/\/www.jazzzeitung.de\/cms\/wp-json\/wp\/v2\/posts\/19194\/revisions"}],"predecessor-version":[{"id":19201,"href":"https:\/\/www.jazzzeitung.de\/cms\/wp-json\/wp\/v2\/posts\/19194\/revisions\/19201"}],"wp:featuredmedia":[{"embeddable":true,"href":"https:\/\/www.jazzzeitung.de\/cms\/wp-json\/wp\/v2\/media\/19196"}],"wp:attachment":[{"href":"https:\/\/www.jazzzeitung.de\/cms\/wp-json\/wp\/v2\/media?parent=19194"}],"wp:term":[{"taxonomy":"category","embeddable":true,"href":"https:\/\/www.jazzzeitung.de\/cms\/wp-json\/wp\/v2\/categories?post=19194"},{"taxonomy":"post_tag","embeddable":true,"href":"https:\/\/www.jazzzeitung.de\/cms\/wp-json\/wp\/v2\/tags?post=19194"},{"taxonomy":"author","embeddable":true,"href":"https:\/\/www.jazzzeitung.de\/cms\/wp-json\/wp\/v2\/coauthors?post=19194"}],"curies":[{"name":"wp","href":"https:\/\/api.w.org\/{rel}","templated":true}]}}