{"id":19152,"date":"2019-04-16T09:09:43","date_gmt":"2019-04-16T07:09:43","guid":{"rendered":"https:\/\/www.jazzzeitung.de\/cms\/?p=19152"},"modified":"2019-04-10T16:31:05","modified_gmt":"2019-04-10T14:31:05","slug":"ebe-jazz-2019-mit-konzerten-ausstellungen-und-neuen-formaten","status":"publish","type":"post","link":"https:\/\/www.jazzzeitung.de\/cms\/2019\/04\/ebe-jazz-2019-mit-konzerten-ausstellungen-und-neuen-formaten\/","title":{"rendered":"Konzerte, Ausstellungen und neue Formate: das EBE-JAZZ 2019"},"content":{"rendered":"<p>Beim 3. internationalen Festival EBE-JAZZ in Ebersberg und Grafing sind vom 12. bis 20. Oktober 2019 wieder viele internationale Jazz-Gr\u00f6\u00dfen, unter anderem das Brecker Liebman Copland 5tet, zu Gast.<\/p>\n<p><a href=\"https:\/\/i0.wp.com\/www.jazzzeitung.de\/cms\/wp-content\/uploads\/2019\/04\/Header.png?ssl=1\"><img data-recalc-dims=\"1\" loading=\"lazy\" decoding=\"async\" data-attachment-id=\"19154\" data-permalink=\"https:\/\/www.jazzzeitung.de\/cms\/2019\/04\/ebe-jazz-2019-mit-konzerten-ausstellungen-und-neuen-formaten\/header\/\" data-orig-file=\"https:\/\/i0.wp.com\/www.jazzzeitung.de\/cms\/wp-content\/uploads\/2019\/04\/Header.png?fit=320%2C180&amp;ssl=1\" data-orig-size=\"320,180\" data-comments-opened=\"1\" data-image-meta=\"{&quot;aperture&quot;:&quot;0&quot;,&quot;credit&quot;:&quot;&quot;,&quot;camera&quot;:&quot;&quot;,&quot;caption&quot;:&quot;&quot;,&quot;created_timestamp&quot;:&quot;0&quot;,&quot;copyright&quot;:&quot;&quot;,&quot;focal_length&quot;:&quot;0&quot;,&quot;iso&quot;:&quot;0&quot;,&quot;shutter_speed&quot;:&quot;0&quot;,&quot;title&quot;:&quot;&quot;,&quot;orientation&quot;:&quot;0&quot;}\" data-image-title=\"Header\" data-image-description=\"\" data-image-caption=\"\" data-large-file=\"https:\/\/i0.wp.com\/www.jazzzeitung.de\/cms\/wp-content\/uploads\/2019\/04\/Header.png?fit=320%2C180&amp;ssl=1\" class=\"alignleft size-medium wp-image-19154\" src=\"https:\/\/i0.wp.com\/www.jazzzeitung.de\/cms\/wp-content\/uploads\/2019\/04\/Header.png?resize=300%2C169&#038;ssl=1\" alt=\"\" width=\"300\" height=\"169\" srcset=\"https:\/\/i0.wp.com\/www.jazzzeitung.de\/cms\/wp-content\/uploads\/2019\/04\/Header.png?resize=300%2C169&amp;ssl=1 300w, https:\/\/i0.wp.com\/www.jazzzeitung.de\/cms\/wp-content\/uploads\/2019\/04\/Header.png?w=320&amp;ssl=1 320w\" sizes=\"auto, (max-width: 300px) 100vw, 300px\" \/><\/a>EBE-JAZZ hat sich zu einem kulturellen Event mit \u00fcberregionaler Bedeutung entwickelt. \u00dcber 3.000 G\u00e4ste z\u00e4hlten die Veranstalter bei den letzten beiden Ausgaben 2017 und 2015. Organisiert wird das Festival ehrenamtlich von der IG EBE-JAZZ, allen voran von der Musiker-Initiative jazz.grafing mit Frank Haschler, Michael Liese und Joachim Jann. Neben dem k\u00fcnstlerischen Leiter Martin Zenker sind au\u00dferdem Josef Ametsbichler, Musikschulleiter Peter Pfaff, Markus Bachmeier und Sebastian Schlagenhaufer in der Planung aktiv.<\/p>\n<p>Die Finanzierung ruht auf mehreren S\u00e4ulen:\u00a0 Hauptsponsor ist die \u00f6rtliche\u00a0 Kreissparkasse. F\u00fcr zus\u00e4tzlichen Ansporn sorgte die\u00a0 Zusage des Landrates Robert Niederges\u00e4\u00df, nicht nur wiederum als Schirmherr zu fungieren, sondern sich auch f\u00fcr eine finanzielle Unterst\u00fctzung des Festivals aus dem Topf der Kulturf\u00f6rderung des Landkreises einzusetzen. Die erneut gew\u00e4hrten F\u00f6rdermittel, die die beiden B\u00fcrgermeister der St\u00e4dte Ebersberg und Grafing zusagten, verschafften den Festivalplanern weitere Sicherheit f\u00fcr die Finanzierung der Konzerte. \u00dcber 30 heimatliche Betriebe aus Handwerk und Dienstleistung sind eine weitere wichtige S\u00e4ule der Festival-Finanzen, ohne die ein Festival in diesem Umfang und auf diesem Niveau wohl nicht stattfinden k\u00f6nnte.<\/p>\n<p>2019 wird es vor dem musikalischen Festivalbeginn am 12.10. ein \u201eWarm-Up\u201c in Sachen Jazz geben: Der Jazz-Film \u201eIt must Schwing &#8211; The Blue Note Story&#8220; sowie Vernissagen zu den Ausstellungen \u201e45 Jahre Jazz in Grafing\u201c und\u00a0 \u201eCoverfotos f\u00fcr ECM\u201c am 9., 10. und 11. Oktober in Ebersberg und Grafing. Au\u00dferdem wird eine charmante Jazz-Vocal-Gruppe aus der Mongolei im Vorfeld des Festivals an ausgew\u00e4hlten Orten in M\u00fcnchen und im Landkreis mit Auftritten Werbung f\u00fcr das Festival machen. Danach t\u00f6nt es an neun Tagen in zehn Locations in \u00fcber 20 Konzerten, einstudiert und improvisiert, sanft und wild, traditionell und modern. Neben den Festival-S\u00e4ulen der vergangenen Jahre, wie dem Alten Kino, dem Alten Speicher, der Stadthalle Grafing, dem Turm, der Musikschule, der Alten Brennerei des Kunstvereins Ebersberg und der katholischen Kirche in Grafing, gibt es dieses Jahr einige neue Veranstaltungsorte. Die Stadtb\u00fccherei und das Stadtmuseum in Grafing, sowie das Caf\u00e9-Bar ARTESANO in Ebersberg sind neu dazu gekommen.<\/p>\n<figure id=\"attachment_19178\" aria-describedby=\"caption-attachment-19178\" style=\"width: 300px\" class=\"wp-caption alignleft\"><a href=\"https:\/\/i0.wp.com\/www.jazzzeitung.de\/cms\/wp-content\/uploads\/2019\/04\/pwe_press_16wmWEB-1.jpg?ssl=1\"><img data-recalc-dims=\"1\" loading=\"lazy\" decoding=\"async\" data-attachment-id=\"19178\" data-permalink=\"https:\/\/www.jazzzeitung.de\/cms\/2019\/04\/ebe-jazz-2019-mit-konzerten-ausstellungen-und-neuen-formaten\/pwe_press_16wmweb-1\/\" data-orig-file=\"https:\/\/i0.wp.com\/www.jazzzeitung.de\/cms\/wp-content\/uploads\/2019\/04\/pwe_press_16wmWEB-1.jpg?fit=828%2C483&amp;ssl=1\" data-orig-size=\"828,483\" data-comments-opened=\"1\" data-image-meta=\"{&quot;aperture&quot;:&quot;0&quot;,&quot;credit&quot;:&quot;&quot;,&quot;camera&quot;:&quot;&quot;,&quot;caption&quot;:&quot;&quot;,&quot;created_timestamp&quot;:&quot;0&quot;,&quot;copyright&quot;:&quot;&quot;,&quot;focal_length&quot;:&quot;0&quot;,&quot;iso&quot;:&quot;0&quot;,&quot;shutter_speed&quot;:&quot;0&quot;,&quot;title&quot;:&quot;&quot;,&quot;orientation&quot;:&quot;1&quot;}\" data-image-title=\"pwe_press_16wmWEB-1\" data-image-description=\"\" data-image-caption=\"&lt;p&gt;Pee Wee Ellis. Foto: EBE-JAZZ&lt;\/p&gt;\n\" data-large-file=\"https:\/\/i0.wp.com\/www.jazzzeitung.de\/cms\/wp-content\/uploads\/2019\/04\/pwe_press_16wmWEB-1.jpg?fit=828%2C483&amp;ssl=1\" class=\"size-medium wp-image-19178\" src=\"https:\/\/i0.wp.com\/www.jazzzeitung.de\/cms\/wp-content\/uploads\/2019\/04\/pwe_press_16wmWEB-1.jpg?resize=300%2C175&#038;ssl=1\" alt=\"\" width=\"300\" height=\"175\" srcset=\"https:\/\/i0.wp.com\/www.jazzzeitung.de\/cms\/wp-content\/uploads\/2019\/04\/pwe_press_16wmWEB-1.jpg?resize=300%2C175&amp;ssl=1 300w, https:\/\/i0.wp.com\/www.jazzzeitung.de\/cms\/wp-content\/uploads\/2019\/04\/pwe_press_16wmWEB-1.jpg?resize=768%2C448&amp;ssl=1 768w, https:\/\/i0.wp.com\/www.jazzzeitung.de\/cms\/wp-content\/uploads\/2019\/04\/pwe_press_16wmWEB-1.jpg?w=828&amp;ssl=1 828w\" sizes=\"auto, (max-width: 300px) 100vw, 300px\" \/><\/a><figcaption id=\"caption-attachment-19178\" class=\"wp-caption-text\">Pee Wee Ellis. Foto: EBE-JAZZ<\/figcaption><\/figure>\n<p>Die publikumstr\u00e4chtigsten Acts des Festivals d\u00fcrfte wie jedes Jahr das Er\u00f6ffnungskonzert und die Abende des langen Wochenendes Donnerstag bis Samstag sein, wozu EBE-JAZZ internationale Stars der verschiedensten Jazz-Genres eingeladen hat und in Doppelkonzerten jeweils eine Band voranstellt, die entweder (noch) nicht so bekannt ist, oder stilistisch etwas ganz Anderes bietet. Zur Er\u00f6ffnung am 17. Oktober steht beispielsweise Pee Wee Ellis und seine Funk Assembly mit dem Gewinnerensemble des F\u00f6rderpreises des Bayerischen Jazzverbands (Fresh Jazz) auf der B\u00fchne und am 18. Oktober trifft das Joey DeFrancesco Trio auf das Bayerische Landesjazzensemble. Der Bayerische Rundfunk als Medienpartner wird mindestens eine Veranstaltung live \u00fcbertragen.<\/p>\n<p><a href=\"https:\/\/ebe-jazz.de\/\">Weitere Informationen<\/a><\/p>\n<p>Beitragsbild: Randy Brecker. Foto: John Abbott<\/p>\n<table class=\"wolf-upcoming-shows wolf-shows\" width=\"5\">\n<tbody>\n<tr class=\"wolf-single-date wolf-show-linked\">\n<td><\/td>\n<\/tr>\n<\/tbody>\n<\/table>\n<p>&nbsp;<\/p>\n<table class=\"wolf-upcoming-shows wolf-shows\" style=\"height: 12px;\" width=\"5\">\n<tbody>\n<tr class=\"wolf-single-date wolf-show-linked\">\n<td><\/td>\n<td class=\"wolf-show-entry\"><\/td>\n<td class=\"wolf-show-venue wolf-show-mobile-hide\"><\/td>\n<td class=\"wolf-show-icons\"><\/td>\n<td class=\"wolf-show-action\"><\/td>\n<\/tr>\n<tr class=\"wolf-single-date wolf-show-linked\">\n<td class=\"wolf-show-date\"><\/td>\n<td><\/td>\n<\/tr>\n<\/tbody>\n<\/table>\n<p>&nbsp;<\/p>\n","protected":false},"excerpt":{"rendered":"<p>Beim 3. internationalen Festival EBE-JAZZ in Ebersberg und Grafing sind vom 12. bis 20. Oktober 2019 wieder viele internationale Jazz-Gr\u00f6\u00dfen, unter anderem das Brecker Liebman Copland 5tet, zu Gast. EBE-JAZZ hat sich zu einem kulturellen Event mit \u00fcberregionaler Bedeutung entwickelt. \u00dcber 3.000 G\u00e4ste z\u00e4hlten die Veranstalter bei den letzten beiden Ausgaben 2017 und 2015. Organisiert wird das Festival ehrenamtlich von der IG EBE-JAZZ, allen voran von der Musiker-Initiative jazz.grafing mit Frank Haschler, Michael Liese und Joachim Jann. Neben dem k\u00fcnstlerischen Leiter Martin Zenker sind au\u00dferdem Josef Ametsbichler, Musikschulleiter Peter Pfaff, Markus Bachmeier und Sebastian Schlagenhaufer in der Planung aktiv. Die Finanzierung ruht auf mehreren S\u00e4ulen:\u00a0 Hauptsponsor ist die \u00f6rtliche\u00a0 Kreissparkasse. F\u00fcr zus\u00e4tzlichen Ansporn sorgte die\u00a0 Zusage des Landrates Robert Niederges\u00e4\u00df, nicht nur wiederum als Schirmherr zu fungieren, sondern sich auch f\u00fcr eine finanzielle Unterst\u00fctzung des Festivals aus dem Topf der Kulturf\u00f6rderung des Landkreises einzusetzen. Die erneut gew\u00e4hrten F\u00f6rdermittel, die die beiden B\u00fcrgermeister der St\u00e4dte Ebersberg und Grafing zusagten, verschafften den Festivalplanern weitere Sicherheit f\u00fcr die Finanzierung der Konzerte. \u00dcber 30 heimatliche Betriebe aus Handwerk und Dienstleistung sind eine weitere wichtige S\u00e4ule der Festival-Finanzen, ohne die &hellip;<\/p>\n","protected":false},"author":18,"featured_media":19179,"comment_status":"open","ping_status":"closed","sticky":false,"template":"","format":"standard","meta":{"_jetpack_memberships_contains_paid_content":false,"footnotes":"","jetpack_publicize_message":"","jetpack_publicize_feature_enabled":true,"jetpack_social_post_already_shared":false,"jetpack_social_options":{"image_generator_settings":{"template":"highway","default_image_id":0,"font":"","enabled":false},"version":2}},"categories":[633],"tags":[2187,2188,1616,2184,2185,2186,2189,456],"coauthors":[695],"class_list":["post-19152","post","type-post","status-publish","format-standard","has-post-thumbnail","hentry","category-nachrichten","tag-bayerisches-landesjazzensemble","tag-brecker-liebman-copland-5tet","tag-ebe-jazz","tag-ebersberg","tag-grafing","tag-joey-defrancesco-trio","tag-pee-wee-ellis","tag-randy-brecker"],"yoast_head":"<!-- This site is optimized with the Yoast SEO plugin v27.5 - https:\/\/yoast.com\/product\/yoast-seo-wordpress\/ -->\n<title>Konzerte, Ausstellungen und neue Formate: das EBE-JAZZ 2019 - JazzZeitung<\/title>\n<meta name=\"robots\" content=\"index, follow, max-snippet:-1, max-image-preview:large, max-video-preview:-1\" \/>\n<link rel=\"canonical\" href=\"https:\/\/www.jazzzeitung.de\/cms\/2019\/04\/ebe-jazz-2019-mit-konzerten-ausstellungen-und-neuen-formaten\/\" \/>\n<meta property=\"og:locale\" content=\"de_DE\" \/>\n<meta property=\"og:type\" content=\"article\" \/>\n<meta property=\"og:title\" content=\"Konzerte, Ausstellungen und neue Formate: das EBE-JAZZ 2019 - JazzZeitung\" \/>\n<meta property=\"og:description\" content=\"Beim 3. internationalen Festival EBE-JAZZ in Ebersberg und Grafing sind vom 12. bis 20. Oktober 2019 wieder viele internationale Jazz-Gr\u00f6\u00dfen, unter anderem das Brecker Liebman Copland 5tet, zu Gast. EBE-JAZZ hat sich zu einem kulturellen Event mit \u00fcberregionaler Bedeutung entwickelt. \u00dcber 3.000 G\u00e4ste z\u00e4hlten die Veranstalter bei den letzten beiden Ausgaben 2017 und 2015. Organisiert wird das Festival ehrenamtlich von der IG EBE-JAZZ, allen voran von der Musiker-Initiative jazz.grafing mit Frank Haschler, Michael Liese und Joachim Jann. Neben dem k\u00fcnstlerischen Leiter Martin Zenker sind au\u00dferdem Josef Ametsbichler, Musikschulleiter Peter Pfaff, Markus Bachmeier und Sebastian Schlagenhaufer in der Planung aktiv. Die Finanzierung ruht auf mehreren S\u00e4ulen:\u00a0 Hauptsponsor ist die \u00f6rtliche\u00a0 Kreissparkasse. F\u00fcr zus\u00e4tzlichen Ansporn sorgte die\u00a0 Zusage des Landrates Robert Niederges\u00e4\u00df, nicht nur wiederum als Schirmherr zu fungieren, sondern sich auch f\u00fcr eine finanzielle Unterst\u00fctzung des Festivals aus dem Topf der Kulturf\u00f6rderung des Landkreises einzusetzen. Die erneut gew\u00e4hrten F\u00f6rdermittel, die die beiden B\u00fcrgermeister der St\u00e4dte Ebersberg und Grafing zusagten, verschafften den Festivalplanern weitere Sicherheit f\u00fcr die Finanzierung der Konzerte. \u00dcber 30 heimatliche Betriebe aus Handwerk und Dienstleistung sind eine weitere wichtige S\u00e4ule der Festival-Finanzen, ohne die &hellip;\" \/>\n<meta property=\"og:url\" content=\"https:\/\/www.jazzzeitung.de\/cms\/2019\/04\/ebe-jazz-2019-mit-konzerten-ausstellungen-und-neuen-formaten\/\" \/>\n<meta property=\"og:site_name\" content=\"JazzZeitung\" \/>\n<meta property=\"article:publisher\" content=\"https:\/\/www.facebook.com\/JazzZeitung\/\" \/>\n<meta property=\"article:published_time\" content=\"2019-04-16T07:09:43+00:00\" \/>\n<meta property=\"og:image\" content=\"https:\/\/i0.wp.com\/www.jazzzeitung.de\/cms\/wp-content\/uploads\/2019\/04\/Randy-Brecker-by-JohnAbbottWEB.jpg?fit=936%2C603&ssl=1\" \/>\n\t<meta property=\"og:image:width\" content=\"936\" \/>\n\t<meta property=\"og:image:height\" content=\"603\" \/>\n\t<meta property=\"og:image:type\" content=\"image\/jpeg\" \/>\n<meta name=\"author\" content=\"Redaktion JazzZeitung\" \/>\n<script type=\"application\/ld+json\" class=\"yoast-schema-graph\">{\"@context\":\"https:\\\/\\\/schema.org\",\"@graph\":[{\"@type\":\"Article\",\"@id\":\"https:\\\/\\\/www.jazzzeitung.de\\\/cms\\\/2019\\\/04\\\/ebe-jazz-2019-mit-konzerten-ausstellungen-und-neuen-formaten\\\/#article\",\"isPartOf\":{\"@id\":\"https:\\\/\\\/www.jazzzeitung.de\\\/cms\\\/2019\\\/04\\\/ebe-jazz-2019-mit-konzerten-ausstellungen-und-neuen-formaten\\\/\"},\"author\":{\"name\":\"Redaktion JazzZeitung\",\"@id\":\"https:\\\/\\\/www.jazzzeitung.de\\\/cms\\\/#\\\/schema\\\/person\\\/2245b36b9cd1d24cea10f01c031fb92b\"},\"headline\":\"Konzerte, Ausstellungen und neue Formate: das EBE-JAZZ 2019\",\"datePublished\":\"2019-04-16T07:09:43+00:00\",\"mainEntityOfPage\":{\"@id\":\"https:\\\/\\\/www.jazzzeitung.de\\\/cms\\\/2019\\\/04\\\/ebe-jazz-2019-mit-konzerten-ausstellungen-und-neuen-formaten\\\/\"},\"wordCount\":499,\"commentCount\":0,\"publisher\":{\"@id\":\"https:\\\/\\\/www.jazzzeitung.de\\\/cms\\\/#organization\"},\"image\":{\"@id\":\"https:\\\/\\\/www.jazzzeitung.de\\\/cms\\\/2019\\\/04\\\/ebe-jazz-2019-mit-konzerten-ausstellungen-und-neuen-formaten\\\/#primaryimage\"},\"thumbnailUrl\":\"https:\\\/\\\/i0.wp.com\\\/www.jazzzeitung.de\\\/cms\\\/wp-content\\\/uploads\\\/2019\\\/04\\\/Randy-Brecker-by-JohnAbbottWEB.jpg?fit=936%2C603&ssl=1\",\"keywords\":[\"Bayerisches Landesjazzensemble\",\"Brecker Liebman Copland 5tet\",\"EBE Jazz\",\"Ebersberg\",\"Grafing\",\"Joey DeFrancesco Trio\",\"Pee Wee Ellis\",\"Randy Brecker\"],\"articleSection\":[\"News\"],\"inLanguage\":\"de\",\"potentialAction\":[{\"@type\":\"CommentAction\",\"name\":\"Comment\",\"target\":[\"https:\\\/\\\/www.jazzzeitung.de\\\/cms\\\/2019\\\/04\\\/ebe-jazz-2019-mit-konzerten-ausstellungen-und-neuen-formaten\\\/#respond\"]}]},{\"@type\":\"WebPage\",\"@id\":\"https:\\\/\\\/www.jazzzeitung.de\\\/cms\\\/2019\\\/04\\\/ebe-jazz-2019-mit-konzerten-ausstellungen-und-neuen-formaten\\\/\",\"url\":\"https:\\\/\\\/www.jazzzeitung.de\\\/cms\\\/2019\\\/04\\\/ebe-jazz-2019-mit-konzerten-ausstellungen-und-neuen-formaten\\\/\",\"name\":\"Konzerte, Ausstellungen und neue Formate: das EBE-JAZZ 2019 - JazzZeitung\",\"isPartOf\":{\"@id\":\"https:\\\/\\\/www.jazzzeitung.de\\\/cms\\\/#website\"},\"primaryImageOfPage\":{\"@id\":\"https:\\\/\\\/www.jazzzeitung.de\\\/cms\\\/2019\\\/04\\\/ebe-jazz-2019-mit-konzerten-ausstellungen-und-neuen-formaten\\\/#primaryimage\"},\"image\":{\"@id\":\"https:\\\/\\\/www.jazzzeitung.de\\\/cms\\\/2019\\\/04\\\/ebe-jazz-2019-mit-konzerten-ausstellungen-und-neuen-formaten\\\/#primaryimage\"},\"thumbnailUrl\":\"https:\\\/\\\/i0.wp.com\\\/www.jazzzeitung.de\\\/cms\\\/wp-content\\\/uploads\\\/2019\\\/04\\\/Randy-Brecker-by-JohnAbbottWEB.jpg?fit=936%2C603&ssl=1\",\"datePublished\":\"2019-04-16T07:09:43+00:00\",\"breadcrumb\":{\"@id\":\"https:\\\/\\\/www.jazzzeitung.de\\\/cms\\\/2019\\\/04\\\/ebe-jazz-2019-mit-konzerten-ausstellungen-und-neuen-formaten\\\/#breadcrumb\"},\"inLanguage\":\"de\",\"potentialAction\":[{\"@type\":\"ReadAction\",\"target\":[\"https:\\\/\\\/www.jazzzeitung.de\\\/cms\\\/2019\\\/04\\\/ebe-jazz-2019-mit-konzerten-ausstellungen-und-neuen-formaten\\\/\"]}]},{\"@type\":\"ImageObject\",\"inLanguage\":\"de\",\"@id\":\"https:\\\/\\\/www.jazzzeitung.de\\\/cms\\\/2019\\\/04\\\/ebe-jazz-2019-mit-konzerten-ausstellungen-und-neuen-formaten\\\/#primaryimage\",\"url\":\"https:\\\/\\\/i0.wp.com\\\/www.jazzzeitung.de\\\/cms\\\/wp-content\\\/uploads\\\/2019\\\/04\\\/Randy-Brecker-by-JohnAbbottWEB.jpg?fit=936%2C603&ssl=1\",\"contentUrl\":\"https:\\\/\\\/i0.wp.com\\\/www.jazzzeitung.de\\\/cms\\\/wp-content\\\/uploads\\\/2019\\\/04\\\/Randy-Brecker-by-JohnAbbottWEB.jpg?fit=936%2C603&ssl=1\",\"width\":936,\"height\":603,\"caption\":\"Randy Brecker. Foto: John Abbott\"},{\"@type\":\"BreadcrumbList\",\"@id\":\"https:\\\/\\\/www.jazzzeitung.de\\\/cms\\\/2019\\\/04\\\/ebe-jazz-2019-mit-konzerten-ausstellungen-und-neuen-formaten\\\/#breadcrumb\",\"itemListElement\":[{\"@type\":\"ListItem\",\"position\":1,\"name\":\"Startseite\",\"item\":\"https:\\\/\\\/www.jazzzeitung.de\\\/cms\\\/\"},{\"@type\":\"ListItem\",\"position\":2,\"name\":\"Konzerte, Ausstellungen und neue Formate: das EBE-JAZZ 2019\"}]},{\"@type\":\"WebSite\",\"@id\":\"https:\\\/\\\/www.jazzzeitung.de\\\/cms\\\/#website\",\"url\":\"https:\\\/\\\/www.jazzzeitung.de\\\/cms\\\/\",\"name\":\"JazzZeitung\",\"description\":\"Jazz-News und Jazz-Kontroverses\",\"publisher\":{\"@id\":\"https:\\\/\\\/www.jazzzeitung.de\\\/cms\\\/#organization\"},\"potentialAction\":[{\"@type\":\"SearchAction\",\"target\":{\"@type\":\"EntryPoint\",\"urlTemplate\":\"https:\\\/\\\/www.jazzzeitung.de\\\/cms\\\/?s={search_term_string}\"},\"query-input\":{\"@type\":\"PropertyValueSpecification\",\"valueRequired\":true,\"valueName\":\"search_term_string\"}}],\"inLanguage\":\"de\"},{\"@type\":\"Organization\",\"@id\":\"https:\\\/\\\/www.jazzzeitung.de\\\/cms\\\/#organization\",\"name\":\"JazzZeitung online\",\"url\":\"https:\\\/\\\/www.jazzzeitung.de\\\/cms\\\/\",\"logo\":{\"@type\":\"ImageObject\",\"inLanguage\":\"de\",\"@id\":\"https:\\\/\\\/www.jazzzeitung.de\\\/cms\\\/#\\\/schema\\\/logo\\\/image\\\/\",\"url\":\"https:\\\/\\\/i0.wp.com\\\/www.jazzzeitung.de\\\/cms\\\/wp-content\\\/uploads\\\/2015\\\/08\\\/JAZZZEITUNGDE_Logo_Neu.png?fit=499%2C200&ssl=1\",\"contentUrl\":\"https:\\\/\\\/i0.wp.com\\\/www.jazzzeitung.de\\\/cms\\\/wp-content\\\/uploads\\\/2015\\\/08\\\/JAZZZEITUNGDE_Logo_Neu.png?fit=499%2C200&ssl=1\",\"width\":499,\"height\":200,\"caption\":\"JazzZeitung online\"},\"image\":{\"@id\":\"https:\\\/\\\/www.jazzzeitung.de\\\/cms\\\/#\\\/schema\\\/logo\\\/image\\\/\"},\"sameAs\":[\"https:\\\/\\\/www.facebook.com\\\/JazzZeitung\\\/\"]},{\"@type\":\"Person\",\"@id\":\"https:\\\/\\\/www.jazzzeitung.de\\\/cms\\\/#\\\/schema\\\/person\\\/2245b36b9cd1d24cea10f01c031fb92b\",\"name\":\"Redaktion JazzZeitung\",\"image\":{\"@type\":\"ImageObject\",\"inLanguage\":\"de\",\"@id\":\"https:\\\/\\\/i0.wp.com\\\/www.jazzzeitung.de\\\/cms\\\/wp-content\\\/uploads\\\/2015\\\/08\\\/JAZZZEITUNGDE_Logo_Neu.png?resize=96%2C96&ssl=159975dcacb611b5700bd619b5daf0a7a\",\"url\":\"https:\\\/\\\/i0.wp.com\\\/www.jazzzeitung.de\\\/cms\\\/wp-content\\\/uploads\\\/2015\\\/08\\\/JAZZZEITUNGDE_Logo_Neu.png?resize=96%2C96&ssl=1\",\"contentUrl\":\"https:\\\/\\\/i0.wp.com\\\/www.jazzzeitung.de\\\/cms\\\/wp-content\\\/uploads\\\/2015\\\/08\\\/JAZZZEITUNGDE_Logo_Neu.png?resize=96%2C96&ssl=1\",\"caption\":\"Redaktion JazzZeitung\"},\"description\":\"Artikel der Redaktion der JazzZeitung.\",\"sameAs\":[\"http:\\\/\\\/www.jazzzeitung.de\\\/cms\\\/\"],\"url\":\"https:\\\/\\\/www.jazzzeitung.de\\\/cms\\\/author\\\/redaktion\\\/\"}]}<\/script>\n<!-- \/ Yoast SEO plugin. -->","yoast_head_json":{"title":"Konzerte, Ausstellungen und neue Formate: das EBE-JAZZ 2019 - JazzZeitung","robots":{"index":"index","follow":"follow","max-snippet":"max-snippet:-1","max-image-preview":"max-image-preview:large","max-video-preview":"max-video-preview:-1"},"canonical":"https:\/\/www.jazzzeitung.de\/cms\/2019\/04\/ebe-jazz-2019-mit-konzerten-ausstellungen-und-neuen-formaten\/","og_locale":"de_DE","og_type":"article","og_title":"Konzerte, Ausstellungen und neue Formate: das EBE-JAZZ 2019 - JazzZeitung","og_description":"Beim 3. internationalen Festival EBE-JAZZ in Ebersberg und Grafing sind vom 12. bis 20. Oktober 2019 wieder viele internationale Jazz-Gr\u00f6\u00dfen, unter anderem das Brecker Liebman Copland 5tet, zu Gast. EBE-JAZZ hat sich zu einem kulturellen Event mit \u00fcberregionaler Bedeutung entwickelt. \u00dcber 3.000 G\u00e4ste z\u00e4hlten die Veranstalter bei den letzten beiden Ausgaben 2017 und 2015. Organisiert wird das Festival ehrenamtlich von der IG EBE-JAZZ, allen voran von der Musiker-Initiative jazz.grafing mit Frank Haschler, Michael Liese und Joachim Jann. Neben dem k\u00fcnstlerischen Leiter Martin Zenker sind au\u00dferdem Josef Ametsbichler, Musikschulleiter Peter Pfaff, Markus Bachmeier und Sebastian Schlagenhaufer in der Planung aktiv. Die Finanzierung ruht auf mehreren S\u00e4ulen:\u00a0 Hauptsponsor ist die \u00f6rtliche\u00a0 Kreissparkasse. F\u00fcr zus\u00e4tzlichen Ansporn sorgte die\u00a0 Zusage des Landrates Robert Niederges\u00e4\u00df, nicht nur wiederum als Schirmherr zu fungieren, sondern sich auch f\u00fcr eine finanzielle Unterst\u00fctzung des Festivals aus dem Topf der Kulturf\u00f6rderung des Landkreises einzusetzen. Die erneut gew\u00e4hrten F\u00f6rdermittel, die die beiden B\u00fcrgermeister der St\u00e4dte Ebersberg und Grafing zusagten, verschafften den Festivalplanern weitere Sicherheit f\u00fcr die Finanzierung der Konzerte. \u00dcber 30 heimatliche Betriebe aus Handwerk und Dienstleistung sind eine weitere wichtige S\u00e4ule der Festival-Finanzen, ohne die &hellip;","og_url":"https:\/\/www.jazzzeitung.de\/cms\/2019\/04\/ebe-jazz-2019-mit-konzerten-ausstellungen-und-neuen-formaten\/","og_site_name":"JazzZeitung","article_publisher":"https:\/\/www.facebook.com\/JazzZeitung\/","article_published_time":"2019-04-16T07:09:43+00:00","og_image":[{"width":936,"height":603,"url":"https:\/\/i0.wp.com\/www.jazzzeitung.de\/cms\/wp-content\/uploads\/2019\/04\/Randy-Brecker-by-JohnAbbottWEB.jpg?fit=936%2C603&ssl=1","type":"image\/jpeg"}],"author":"Redaktion JazzZeitung","schema":{"@context":"https:\/\/schema.org","@graph":[{"@type":"Article","@id":"https:\/\/www.jazzzeitung.de\/cms\/2019\/04\/ebe-jazz-2019-mit-konzerten-ausstellungen-und-neuen-formaten\/#article","isPartOf":{"@id":"https:\/\/www.jazzzeitung.de\/cms\/2019\/04\/ebe-jazz-2019-mit-konzerten-ausstellungen-und-neuen-formaten\/"},"author":{"name":"Redaktion JazzZeitung","@id":"https:\/\/www.jazzzeitung.de\/cms\/#\/schema\/person\/2245b36b9cd1d24cea10f01c031fb92b"},"headline":"Konzerte, Ausstellungen und neue Formate: das EBE-JAZZ 2019","datePublished":"2019-04-16T07:09:43+00:00","mainEntityOfPage":{"@id":"https:\/\/www.jazzzeitung.de\/cms\/2019\/04\/ebe-jazz-2019-mit-konzerten-ausstellungen-und-neuen-formaten\/"},"wordCount":499,"commentCount":0,"publisher":{"@id":"https:\/\/www.jazzzeitung.de\/cms\/#organization"},"image":{"@id":"https:\/\/www.jazzzeitung.de\/cms\/2019\/04\/ebe-jazz-2019-mit-konzerten-ausstellungen-und-neuen-formaten\/#primaryimage"},"thumbnailUrl":"https:\/\/i0.wp.com\/www.jazzzeitung.de\/cms\/wp-content\/uploads\/2019\/04\/Randy-Brecker-by-JohnAbbottWEB.jpg?fit=936%2C603&ssl=1","keywords":["Bayerisches Landesjazzensemble","Brecker Liebman Copland 5tet","EBE Jazz","Ebersberg","Grafing","Joey DeFrancesco Trio","Pee Wee Ellis","Randy Brecker"],"articleSection":["News"],"inLanguage":"de","potentialAction":[{"@type":"CommentAction","name":"Comment","target":["https:\/\/www.jazzzeitung.de\/cms\/2019\/04\/ebe-jazz-2019-mit-konzerten-ausstellungen-und-neuen-formaten\/#respond"]}]},{"@type":"WebPage","@id":"https:\/\/www.jazzzeitung.de\/cms\/2019\/04\/ebe-jazz-2019-mit-konzerten-ausstellungen-und-neuen-formaten\/","url":"https:\/\/www.jazzzeitung.de\/cms\/2019\/04\/ebe-jazz-2019-mit-konzerten-ausstellungen-und-neuen-formaten\/","name":"Konzerte, Ausstellungen und neue Formate: das EBE-JAZZ 2019 - JazzZeitung","isPartOf":{"@id":"https:\/\/www.jazzzeitung.de\/cms\/#website"},"primaryImageOfPage":{"@id":"https:\/\/www.jazzzeitung.de\/cms\/2019\/04\/ebe-jazz-2019-mit-konzerten-ausstellungen-und-neuen-formaten\/#primaryimage"},"image":{"@id":"https:\/\/www.jazzzeitung.de\/cms\/2019\/04\/ebe-jazz-2019-mit-konzerten-ausstellungen-und-neuen-formaten\/#primaryimage"},"thumbnailUrl":"https:\/\/i0.wp.com\/www.jazzzeitung.de\/cms\/wp-content\/uploads\/2019\/04\/Randy-Brecker-by-JohnAbbottWEB.jpg?fit=936%2C603&ssl=1","datePublished":"2019-04-16T07:09:43+00:00","breadcrumb":{"@id":"https:\/\/www.jazzzeitung.de\/cms\/2019\/04\/ebe-jazz-2019-mit-konzerten-ausstellungen-und-neuen-formaten\/#breadcrumb"},"inLanguage":"de","potentialAction":[{"@type":"ReadAction","target":["https:\/\/www.jazzzeitung.de\/cms\/2019\/04\/ebe-jazz-2019-mit-konzerten-ausstellungen-und-neuen-formaten\/"]}]},{"@type":"ImageObject","inLanguage":"de","@id":"https:\/\/www.jazzzeitung.de\/cms\/2019\/04\/ebe-jazz-2019-mit-konzerten-ausstellungen-und-neuen-formaten\/#primaryimage","url":"https:\/\/i0.wp.com\/www.jazzzeitung.de\/cms\/wp-content\/uploads\/2019\/04\/Randy-Brecker-by-JohnAbbottWEB.jpg?fit=936%2C603&ssl=1","contentUrl":"https:\/\/i0.wp.com\/www.jazzzeitung.de\/cms\/wp-content\/uploads\/2019\/04\/Randy-Brecker-by-JohnAbbottWEB.jpg?fit=936%2C603&ssl=1","width":936,"height":603,"caption":"Randy Brecker. Foto: John Abbott"},{"@type":"BreadcrumbList","@id":"https:\/\/www.jazzzeitung.de\/cms\/2019\/04\/ebe-jazz-2019-mit-konzerten-ausstellungen-und-neuen-formaten\/#breadcrumb","itemListElement":[{"@type":"ListItem","position":1,"name":"Startseite","item":"https:\/\/www.jazzzeitung.de\/cms\/"},{"@type":"ListItem","position":2,"name":"Konzerte, Ausstellungen und neue Formate: das EBE-JAZZ 2019"}]},{"@type":"WebSite","@id":"https:\/\/www.jazzzeitung.de\/cms\/#website","url":"https:\/\/www.jazzzeitung.de\/cms\/","name":"JazzZeitung","description":"Jazz-News und Jazz-Kontroverses","publisher":{"@id":"https:\/\/www.jazzzeitung.de\/cms\/#organization"},"potentialAction":[{"@type":"SearchAction","target":{"@type":"EntryPoint","urlTemplate":"https:\/\/www.jazzzeitung.de\/cms\/?s={search_term_string}"},"query-input":{"@type":"PropertyValueSpecification","valueRequired":true,"valueName":"search_term_string"}}],"inLanguage":"de"},{"@type":"Organization","@id":"https:\/\/www.jazzzeitung.de\/cms\/#organization","name":"JazzZeitung online","url":"https:\/\/www.jazzzeitung.de\/cms\/","logo":{"@type":"ImageObject","inLanguage":"de","@id":"https:\/\/www.jazzzeitung.de\/cms\/#\/schema\/logo\/image\/","url":"https:\/\/i0.wp.com\/www.jazzzeitung.de\/cms\/wp-content\/uploads\/2015\/08\/JAZZZEITUNGDE_Logo_Neu.png?fit=499%2C200&ssl=1","contentUrl":"https:\/\/i0.wp.com\/www.jazzzeitung.de\/cms\/wp-content\/uploads\/2015\/08\/JAZZZEITUNGDE_Logo_Neu.png?fit=499%2C200&ssl=1","width":499,"height":200,"caption":"JazzZeitung online"},"image":{"@id":"https:\/\/www.jazzzeitung.de\/cms\/#\/schema\/logo\/image\/"},"sameAs":["https:\/\/www.facebook.com\/JazzZeitung\/"]},{"@type":"Person","@id":"https:\/\/www.jazzzeitung.de\/cms\/#\/schema\/person\/2245b36b9cd1d24cea10f01c031fb92b","name":"Redaktion JazzZeitung","image":{"@type":"ImageObject","inLanguage":"de","@id":"https:\/\/i0.wp.com\/www.jazzzeitung.de\/cms\/wp-content\/uploads\/2015\/08\/JAZZZEITUNGDE_Logo_Neu.png?resize=96%2C96&ssl=159975dcacb611b5700bd619b5daf0a7a","url":"https:\/\/i0.wp.com\/www.jazzzeitung.de\/cms\/wp-content\/uploads\/2015\/08\/JAZZZEITUNGDE_Logo_Neu.png?resize=96%2C96&ssl=1","contentUrl":"https:\/\/i0.wp.com\/www.jazzzeitung.de\/cms\/wp-content\/uploads\/2015\/08\/JAZZZEITUNGDE_Logo_Neu.png?resize=96%2C96&ssl=1","caption":"Redaktion JazzZeitung"},"description":"Artikel der Redaktion der JazzZeitung.","sameAs":["http:\/\/www.jazzzeitung.de\/cms\/"],"url":"https:\/\/www.jazzzeitung.de\/cms\/author\/redaktion\/"}]}},"wp-worthy-pixel":{"ignored":false,"public":null,"server":null,"url":null},"wp-worthy-type":"normal","jetpack_publicize_connections":[],"cc_featured_image_caption":{"caption_text":"","source_text":"","source_url":""},"jetpack_featured_media_url":"https:\/\/i0.wp.com\/www.jazzzeitung.de\/cms\/wp-content\/uploads\/2019\/04\/Randy-Brecker-by-JohnAbbottWEB.jpg?fit=936%2C603&ssl=1","jetpack_shortlink":"https:\/\/wp.me\/p3KEcT-4YU","jetpack-related-posts":[{"id":19859,"url":"https:\/\/www.jazzzeitung.de\/cms\/2019\/06\/ritterschlag-fuer-ebe-jazz-ernennung-zum-diesjaehrigen-landes-jazzfestival-bayern\/","url_meta":{"origin":19152,"position":0},"title":"Ritterschlag f\u00fcr EBE-JAZZ \u2013 Ernennung zum diesj\u00e4hrigen \u201eLandes-Jazzfestival Bayern\u201c","author":"Redaktion JazzZeitung","date":"25. Juni 2019","format":false,"excerpt":"Das Internationale Jazzfestival EBE-JAZZ 19 wird zum offiziellen \u201eLandes-Jazzfestival Bayern\u201c ernannt. Seit vier Jahren ruft der Bayerische Jazzverband e.V. ein Landes-Jazzfestival aus. Bisher wurden Konzertreihen in Regensburg (2016), Murnau (2017) und W\u00fcrzburg (2018) realisiert. Das 4. Landes-Jazzfestival Bayern 2019 findet nun in Ebersberg und Grafing statt. Das Bayerische Staatsministerium f\u00fcr\u2026","rel":"","context":"In &quot;News&quot;","block_context":{"text":"News","link":"https:\/\/www.jazzzeitung.de\/cms\/thema\/nachrichten\/"},"img":{"alt_text":"","src":"https:\/\/i0.wp.com\/www.jazzzeitung.de\/cms\/wp-content\/uploads\/2019\/06\/Logo_Ljf_Bayern19.jpg?fit=1200%2C851&ssl=1&resize=350%2C200","width":350,"height":200,"srcset":"https:\/\/i0.wp.com\/www.jazzzeitung.de\/cms\/wp-content\/uploads\/2019\/06\/Logo_Ljf_Bayern19.jpg?fit=1200%2C851&ssl=1&resize=350%2C200 1x, https:\/\/i0.wp.com\/www.jazzzeitung.de\/cms\/wp-content\/uploads\/2019\/06\/Logo_Ljf_Bayern19.jpg?fit=1200%2C851&ssl=1&resize=525%2C300 1.5x, https:\/\/i0.wp.com\/www.jazzzeitung.de\/cms\/wp-content\/uploads\/2019\/06\/Logo_Ljf_Bayern19.jpg?fit=1200%2C851&ssl=1&resize=700%2C400 2x, https:\/\/i0.wp.com\/www.jazzzeitung.de\/cms\/wp-content\/uploads\/2019\/06\/Logo_Ljf_Bayern19.jpg?fit=1200%2C851&ssl=1&resize=1050%2C600 3x"},"classes":[]},{"id":21031,"url":"https:\/\/www.jazzzeitung.de\/cms\/2019\/10\/ebe-jazz-19-ein-festivalrueckblick\/","url_meta":{"origin":19152,"position":1},"title":"EBE-Jazz 19 &#8211; ein Festivalr\u00fcckblick","author":"Thomas J. Krebs","date":"26. Oktober 2019","format":false,"excerpt":"Mei - schee wars und am\u00fcsiert hamma uns vielf\u00e4ltig, bei aufregenden und abwechslungsreichen EBE-Jazz Tagen, die dieses Jahr gleichzeitig auch Austragungsort des Landes-Jazzfestival waren!\u00a0F\u00fcr\u2019s Auge gab es eine wunderbare Ausstellung des Fotografen Thomas Wunsch unter dem Motto \u201eCoverfotos f\u00fcr ECM\u201c sowie im Stadtmueum Grafing eine \u201eLocal Jazz History\u201c, in der\u2026","rel":"","context":"In &quot;Bericht&quot;","block_context":{"text":"Bericht","link":"https:\/\/www.jazzzeitung.de\/cms\/thema\/bericht\/"},"img":{"alt_text":"","src":"https:\/\/i0.wp.com\/www.jazzzeitung.de\/cms\/wp-content\/uploads\/2019\/10\/P1560144-Liebman-Brecker-Copland-Quintet-Foto-TJ-Krebs.jpg?fit=1200%2C800&ssl=1&resize=350%2C200","width":350,"height":200,"srcset":"https:\/\/i0.wp.com\/www.jazzzeitung.de\/cms\/wp-content\/uploads\/2019\/10\/P1560144-Liebman-Brecker-Copland-Quintet-Foto-TJ-Krebs.jpg?fit=1200%2C800&ssl=1&resize=350%2C200 1x, https:\/\/i0.wp.com\/www.jazzzeitung.de\/cms\/wp-content\/uploads\/2019\/10\/P1560144-Liebman-Brecker-Copland-Quintet-Foto-TJ-Krebs.jpg?fit=1200%2C800&ssl=1&resize=525%2C300 1.5x, https:\/\/i0.wp.com\/www.jazzzeitung.de\/cms\/wp-content\/uploads\/2019\/10\/P1560144-Liebman-Brecker-Copland-Quintet-Foto-TJ-Krebs.jpg?fit=1200%2C800&ssl=1&resize=700%2C400 2x, https:\/\/i0.wp.com\/www.jazzzeitung.de\/cms\/wp-content\/uploads\/2019\/10\/P1560144-Liebman-Brecker-Copland-Quintet-Foto-TJ-Krebs.jpg?fit=1200%2C800&ssl=1&resize=1050%2C600 3x"},"classes":[]},{"id":7459,"url":"https:\/\/www.jazzzeitung.de\/cms\/2015\/10\/ebe-jazz-15\/","url_meta":{"origin":19152,"position":2},"title":"Bildergalerie: das Festival Ebe-Jazz 2015","author":"Redaktion JazzZeitung","date":"26. Oktober 2015","format":"gallery","excerpt":"Am 22. Oktober ging das EBE-JAZZ 15 zu Ende. Fotograf Ralf Dombrowski hat die Hauptacts des internationalen Jazzfestival mit Lokalkolorit in Ebersberg und Grafing bei M\u00fcnchen f\u00fcr uns dokumentiert. EBE-JAZZ bietet einmal im Jahr Jazz f\u00fcr alle mit Oldtime-Jazz, Swing, Bebop, Modern- und Electro-\/Ambient- und World-Jazz. Jam-Sessions, Vortr\u00e4gen, Jazz-Filmen oder\u2026","rel":"","context":"In &quot;Galerie&quot;","block_context":{"text":"Galerie","link":"https:\/\/www.jazzzeitung.de\/cms\/thema\/galerie\/"},"img":{"alt_text":"","src":"https:\/\/i0.wp.com\/www.jazzzeitung.de\/cms\/wp-content\/uploads\/2015\/10\/0K3A0734-Potter-Trio-dombr1.jpg?resize=350%2C200","width":350,"height":200,"srcset":"https:\/\/i0.wp.com\/www.jazzzeitung.de\/cms\/wp-content\/uploads\/2015\/10\/0K3A0734-Potter-Trio-dombr1.jpg?resize=350%2C200 1x, https:\/\/i0.wp.com\/www.jazzzeitung.de\/cms\/wp-content\/uploads\/2015\/10\/0K3A0734-Potter-Trio-dombr1.jpg?resize=525%2C300 1.5x, https:\/\/i0.wp.com\/www.jazzzeitung.de\/cms\/wp-content\/uploads\/2015\/10\/0K3A0734-Potter-Trio-dombr1.jpg?resize=700%2C400 2x, https:\/\/i0.wp.com\/www.jazzzeitung.de\/cms\/wp-content\/uploads\/2015\/10\/0K3A0734-Potter-Trio-dombr1.jpg?resize=1050%2C600 3x"},"classes":[]},{"id":33083,"url":"https:\/\/www.jazzzeitung.de\/cms\/2025\/09\/ebe-jazz-2025-das-besondere-festival\/","url_meta":{"origin":19152,"position":3},"title":"EBE-JAZZ 2025: Das besondere Festival\u00a0","author":"Thomas J. Krebs","date":"12. September 2025","format":false,"excerpt":"Vor genau 10 Jahren hat alles begonnen, als sich ein paar \u201everr\u00fcckte\u201c Jazz Enthusiasten in Ebersberg zusammengesetzt und beschlossen haben: wir veranstalten ein Jazzfestival. Bereits im ersten Jahr traten beim EBE-JAZZ 2015 u.a. Stars wie Chris Potter und Ron Carter auf. Das Festival war ein gro\u00dfer Erfolg f\u00fcr die Region\u2026","rel":"","context":"In &quot;Bericht&quot;","block_context":{"text":"Bericht","link":"https:\/\/www.jazzzeitung.de\/cms\/thema\/bericht\/"},"img":{"alt_text":"","src":"https:\/\/i0.wp.com\/www.jazzzeitung.de\/cms\/wp-content\/uploads\/2025\/09\/P1376834-sw-Bertault-Foto-TJ-Krebs.jpg?fit=1200%2C800&ssl=1&resize=350%2C200","width":350,"height":200,"srcset":"https:\/\/i0.wp.com\/www.jazzzeitung.de\/cms\/wp-content\/uploads\/2025\/09\/P1376834-sw-Bertault-Foto-TJ-Krebs.jpg?fit=1200%2C800&ssl=1&resize=350%2C200 1x, https:\/\/i0.wp.com\/www.jazzzeitung.de\/cms\/wp-content\/uploads\/2025\/09\/P1376834-sw-Bertault-Foto-TJ-Krebs.jpg?fit=1200%2C800&ssl=1&resize=525%2C300 1.5x, https:\/\/i0.wp.com\/www.jazzzeitung.de\/cms\/wp-content\/uploads\/2025\/09\/P1376834-sw-Bertault-Foto-TJ-Krebs.jpg?fit=1200%2C800&ssl=1&resize=700%2C400 2x, https:\/\/i0.wp.com\/www.jazzzeitung.de\/cms\/wp-content\/uploads\/2025\/09\/P1376834-sw-Bertault-Foto-TJ-Krebs.jpg?fit=1200%2C800&ssl=1&resize=1050%2C600 3x"},"classes":[]},{"id":20735,"url":"https:\/\/www.jazzzeitung.de\/cms\/2019\/09\/news-35-jazz-festival-wuerzburg-2019-gary-smulyan-new-encounter-quintet-in-concert-multiphonics-festival-koeln-2019\/","url_meta":{"origin":19152,"position":4},"title":"+++ News +++ 35. Jazz Festival W\u00fcrzburg 2019 +++ Gary Smulyan &#8211; &#8222;New Encounter&#8220;-Quintet in Weiden+++ multiphonics Festival K\u00f6ln 2019 +++ Internationales Jazzfestival EBE-JAZZ 2019 in Ebersberg +++","author":"Redaktion JazzZeitung","date":"24. September 2019","format":false,"excerpt":"+++ 35. Jazz Festival W\u00fcrzburg 2019 +++ Auch in diesem Jahr beginnt der W\u00fcrzburger Herbst mit einem Jazzfestival der Jazzinitiative W\u00fcrzburg am 26. und 27. Oktober 2019 im W\u00fcrzburger Felix-Fechenbach-Haus.\u00a0 An zwei Abenden der 35. Ausgabe von \u201eJazz made in Germany\u201c, werden insgesamt sechs Bands auftretet. Der Headliner des Festivals\u2026","rel":"","context":"In &quot;News&quot;","block_context":{"text":"News","link":"https:\/\/www.jazzzeitung.de\/cms\/thema\/nachrichten\/"},"img":{"alt_text":"","src":"https:\/\/i0.wp.com\/www.jazzzeitung.de\/cms\/wp-content\/uploads\/2019\/09\/6-Jazzkantine_Foto_Marc-Stantien.jpg?fit=1200%2C830&ssl=1&resize=350%2C200","width":350,"height":200,"srcset":"https:\/\/i0.wp.com\/www.jazzzeitung.de\/cms\/wp-content\/uploads\/2019\/09\/6-Jazzkantine_Foto_Marc-Stantien.jpg?fit=1200%2C830&ssl=1&resize=350%2C200 1x, https:\/\/i0.wp.com\/www.jazzzeitung.de\/cms\/wp-content\/uploads\/2019\/09\/6-Jazzkantine_Foto_Marc-Stantien.jpg?fit=1200%2C830&ssl=1&resize=525%2C300 1.5x, https:\/\/i0.wp.com\/www.jazzzeitung.de\/cms\/wp-content\/uploads\/2019\/09\/6-Jazzkantine_Foto_Marc-Stantien.jpg?fit=1200%2C830&ssl=1&resize=700%2C400 2x, https:\/\/i0.wp.com\/www.jazzzeitung.de\/cms\/wp-content\/uploads\/2019\/09\/6-Jazzkantine_Foto_Marc-Stantien.jpg?fit=1200%2C830&ssl=1&resize=1050%2C600 3x"},"classes":[]},{"id":24803,"url":"https:\/\/www.jazzzeitung.de\/cms\/2021\/05\/international-jazz-day-in-grafing-mit-rising-stars-back-home\/","url_meta":{"origin":19152,"position":5},"title":"International Jazz Day in Grafing mit \u201eRISING STARS &#8211; BACK HOME\u201c","author":"Redaktion JazzZeitung","date":"8. Mai 2021","format":false,"excerpt":"Seit 2012 findet der International Jazz Day statt und seit vier Jahren beteiligt sich auch der Verein JAZZ.GRAFING in Kooperation mit der Stadt Grafing daran. Unter dem Motto \u201eRISING STARS - BACK HOME\u201c pr\u00e4sentierte der Verein junge Musiker, die in der heimischen Umfeld gro\u00df geworden sind und sich mittlerweile als\u2026","rel":"","context":"In &quot;Bericht&quot;","block_context":{"text":"Bericht","link":"https:\/\/www.jazzzeitung.de\/cms\/thema\/bericht\/"},"img":{"alt_text":"","src":"https:\/\/i0.wp.com\/www.jazzzeitung.de\/cms\/wp-content\/uploads\/2021\/05\/P1011643-Roever-Naidu-Hornung-Haschler-Jann-Rothmoser-Foto-TJ-Krebs.jpg?fit=1200%2C800&ssl=1&resize=350%2C200","width":350,"height":200,"srcset":"https:\/\/i0.wp.com\/www.jazzzeitung.de\/cms\/wp-content\/uploads\/2021\/05\/P1011643-Roever-Naidu-Hornung-Haschler-Jann-Rothmoser-Foto-TJ-Krebs.jpg?fit=1200%2C800&ssl=1&resize=350%2C200 1x, https:\/\/i0.wp.com\/www.jazzzeitung.de\/cms\/wp-content\/uploads\/2021\/05\/P1011643-Roever-Naidu-Hornung-Haschler-Jann-Rothmoser-Foto-TJ-Krebs.jpg?fit=1200%2C800&ssl=1&resize=525%2C300 1.5x, https:\/\/i0.wp.com\/www.jazzzeitung.de\/cms\/wp-content\/uploads\/2021\/05\/P1011643-Roever-Naidu-Hornung-Haschler-Jann-Rothmoser-Foto-TJ-Krebs.jpg?fit=1200%2C800&ssl=1&resize=700%2C400 2x, https:\/\/i0.wp.com\/www.jazzzeitung.de\/cms\/wp-content\/uploads\/2021\/05\/P1011643-Roever-Naidu-Hornung-Haschler-Jann-Rothmoser-Foto-TJ-Krebs.jpg?fit=1200%2C800&ssl=1&resize=1050%2C600 3x"},"classes":[]}],"jetpack_sharing_enabled":true,"_links":{"self":[{"href":"https:\/\/www.jazzzeitung.de\/cms\/wp-json\/wp\/v2\/posts\/19152","targetHints":{"allow":["GET"]}}],"collection":[{"href":"https:\/\/www.jazzzeitung.de\/cms\/wp-json\/wp\/v2\/posts"}],"about":[{"href":"https:\/\/www.jazzzeitung.de\/cms\/wp-json\/wp\/v2\/types\/post"}],"author":[{"embeddable":true,"href":"https:\/\/www.jazzzeitung.de\/cms\/wp-json\/wp\/v2\/users\/18"}],"replies":[{"embeddable":true,"href":"https:\/\/www.jazzzeitung.de\/cms\/wp-json\/wp\/v2\/comments?post=19152"}],"version-history":[{"count":9,"href":"https:\/\/www.jazzzeitung.de\/cms\/wp-json\/wp\/v2\/posts\/19152\/revisions"}],"predecessor-version":[{"id":19214,"href":"https:\/\/www.jazzzeitung.de\/cms\/wp-json\/wp\/v2\/posts\/19152\/revisions\/19214"}],"wp:featuredmedia":[{"embeddable":true,"href":"https:\/\/www.jazzzeitung.de\/cms\/wp-json\/wp\/v2\/media\/19179"}],"wp:attachment":[{"href":"https:\/\/www.jazzzeitung.de\/cms\/wp-json\/wp\/v2\/media?parent=19152"}],"wp:term":[{"taxonomy":"category","embeddable":true,"href":"https:\/\/www.jazzzeitung.de\/cms\/wp-json\/wp\/v2\/categories?post=19152"},{"taxonomy":"post_tag","embeddable":true,"href":"https:\/\/www.jazzzeitung.de\/cms\/wp-json\/wp\/v2\/tags?post=19152"},{"taxonomy":"author","embeddable":true,"href":"https:\/\/www.jazzzeitung.de\/cms\/wp-json\/wp\/v2\/coauthors?post=19152"}],"curies":[{"name":"wp","href":"https:\/\/api.w.org\/{rel}","templated":true}]}}