{"id":19138,"date":"2019-04-09T09:51:19","date_gmt":"2019-04-09T07:51:19","guid":{"rendered":"https:\/\/www.jazzzeitung.de\/cms\/?p=19138"},"modified":"2019-04-05T13:51:55","modified_gmt":"2019-04-05T11:51:55","slug":"news-opus-gewinnt-live-entertainment-award-27-schauinsland-reisen-jazz-rally-duesseldorf","status":"publish","type":"post","link":"https:\/\/www.jazzzeitung.de\/cms\/2019\/04\/news-opus-gewinnt-live-entertainment-award-27-schauinsland-reisen-jazz-rally-duesseldorf\/","title":{"rendered":"+++ news +++ Opus gewinnt Live Entertainment Award +++ 27. schauinsland-reisen Jazz Rally D\u00fcsseldorf +++"},"content":{"rendered":"<p>Der Stuttgarter Veranstalter Opus wurde bei der 14. Verleihung des PRG Live Entertainment Awards zusammen mit der MCT Agentur GmbH und dem Europ\u00e4ischen Astronautenzentrum (EAC) f\u00fcr das Konzert von Kraftwerk mit dem Special Guest Dr. Alexander Gerst am 20. Juli 2018 bei den jazzopen in der Kategorie \u201eKonzert des Jahres 2018\u201c mit dem LEA Award ausgezeichnet.<\/p>\n<p>Die Verleihung des deutschen Veranstalterpreises fand am 01. April in der Festhalle der Messe in Frankfurt am Main statt. Der Auftritt der sich immer rarer machenden legend\u00e4ren Elektro-Band Kraftwerk am 20. Juli 2018 auf dem Stuttgarter Schlossplatz allein war schon Highlight genug \u2013 f\u00fcr gro\u00dfe Sensation sorgte allerdings zus\u00e4tzlich noch die Live-Schalte zu ESA-Astronaut Alexander Gerst, der die Band und 7.000 jazzopen-Besucher um 21:50 Uhr Ortszeit aus der Internationalen Raumstation ISS mit\u201eGuten Abend Kraftwerk, Guten Abend Stuttgart!\u201c begr\u00fc\u00dfte. Via Tabletcomputer jammte er dann mit Kraftwerk zum Song \u201eSpacelab\u201c.<\/p>\n<figure id=\"attachment_19141\" aria-describedby=\"caption-attachment-19141\" style=\"width: 300px\" class=\"wp-caption alignleft\"><a href=\"https:\/\/i0.wp.com\/www.jazzzeitung.de\/cms\/wp-content\/uploads\/2019\/04\/Kraftwerk_ReinerPfisterer3.jpg?ssl=1\"><img data-recalc-dims=\"1\" loading=\"lazy\" decoding=\"async\" data-attachment-id=\"19141\" data-permalink=\"https:\/\/www.jazzzeitung.de\/cms\/2019\/04\/news-opus-gewinnt-live-entertainment-award-27-schauinsland-reisen-jazz-rally-duesseldorf\/kraftwerk_reinerpfisterer3\/\" data-orig-file=\"https:\/\/i0.wp.com\/www.jazzzeitung.de\/cms\/wp-content\/uploads\/2019\/04\/Kraftwerk_ReinerPfisterer3.jpg?fit=3543%2C2362&amp;ssl=1\" data-orig-size=\"3543,2362\" data-comments-opened=\"1\" data-image-meta=\"{&quot;aperture&quot;:&quot;6.3&quot;,&quot;credit&quot;:&quot;Reiner Pfisterer&quot;,&quot;camera&quot;:&quot;NIKON D4S&quot;,&quot;caption&quot;:&quot;&quot;,&quot;created_timestamp&quot;:&quot;1532124075&quot;,&quot;copyright&quot;:&quot;Reiner Pfisterer&quot;,&quot;focal_length&quot;:&quot;98&quot;,&quot;iso&quot;:&quot;1000&quot;,&quot;shutter_speed&quot;:&quot;0.01&quot;,&quot;title&quot;:&quot;&quot;,&quot;orientation&quot;:&quot;1&quot;}\" data-image-title=\"Kraftwerk_ReinerPfisterer3\" data-image-description=\"\" data-image-caption=\"\" data-large-file=\"https:\/\/i0.wp.com\/www.jazzzeitung.de\/cms\/wp-content\/uploads\/2019\/04\/Kraftwerk_ReinerPfisterer3.jpg?fit=840%2C560&amp;ssl=1\" class=\"wp-image-19141 size-medium\" src=\"https:\/\/i0.wp.com\/www.jazzzeitung.de\/cms\/wp-content\/uploads\/2019\/04\/Kraftwerk_ReinerPfisterer3.jpg?resize=300%2C200&#038;ssl=1\" alt=\"\" width=\"300\" height=\"200\" srcset=\"https:\/\/i0.wp.com\/www.jazzzeitung.de\/cms\/wp-content\/uploads\/2019\/04\/Kraftwerk_ReinerPfisterer3.jpg?resize=300%2C200&amp;ssl=1 300w, https:\/\/i0.wp.com\/www.jazzzeitung.de\/cms\/wp-content\/uploads\/2019\/04\/Kraftwerk_ReinerPfisterer3.jpg?resize=768%2C512&amp;ssl=1 768w, https:\/\/i0.wp.com\/www.jazzzeitung.de\/cms\/wp-content\/uploads\/2019\/04\/Kraftwerk_ReinerPfisterer3.jpg?resize=900%2C600&amp;ssl=1 900w, https:\/\/i0.wp.com\/www.jazzzeitung.de\/cms\/wp-content\/uploads\/2019\/04\/Kraftwerk_ReinerPfisterer3.jpg?resize=120%2C80&amp;ssl=1 120w, https:\/\/i0.wp.com\/www.jazzzeitung.de\/cms\/wp-content\/uploads\/2019\/04\/Kraftwerk_ReinerPfisterer3.jpg?w=1680&amp;ssl=1 1680w, https:\/\/i0.wp.com\/www.jazzzeitung.de\/cms\/wp-content\/uploads\/2019\/04\/Kraftwerk_ReinerPfisterer3.jpg?w=2520&amp;ssl=1 2520w\" sizes=\"auto, (max-width: 300px) 100vw, 300px\" \/><\/a><figcaption id=\"caption-attachment-19141\" class=\"wp-caption-text\">Alexander Gerst mit Kraftwerk bei der jazzopen. Foto: Reiner Pfisterer<\/figcaption><\/figure>\n<p>Der Live-Kontakt aus knapp vierhundert Kilometern H\u00f6he zum Schlossplatz wurde in enger und vertraulicher Zusammenarbeit zwischen Opus, dem Europ\u00e4ischen Astronautenzentrum (EAC) und Kraftwerk\/MCT realisiert. Alexander Gerst hatte den geheimen Gastauftritt bereits vor seiner Abreise ins All mit Kraftwerk geplant. Mit dem Ziel, mit seiner Lieblingsband eine spezielle Version des Songs \u201eSpacelab\u201c im Duett zu spielen, nahm er einen mit virtuellen Synthesizern konfigurierten Tablet-Computer mit an Bord. Die technische Herausforderung war die \u00dcberbr\u00fcckung der Zeitdifferenz von 5 Sekunden und wurde auf Erden gel\u00f6st. Diese au\u00dfergew\u00f6hnliche Aktion verbreitete sich weltweit \u00fcber Agenturen, im Internet und auf TV-Sendern. \u201eWir sind stolz auf diesen Award\u201c, so J\u00fcrgen Schlensog, Managing Partner Opus Stuttgart. \u201eDie Auszeichnung macht vor allem eines deutlich: Musik ist die universelle Sprache der Welt.\u201c<\/p>\n<p>Fotos: Reiner Pfisterer<\/p>\n<p>&nbsp;<\/p>\n<p><strong>Jazz Rally D\u00fcsseldorf sucht Saxophonisten f\u00fcr gro\u00dfes Get-together<\/strong><\/p>\n<p>Am langen Pfingstwochenende d\u00fcrfen sich Jazzfans aus D\u00fcsseldorf und Umgebung wieder auf ein besonderes Programm freuen. Zu den Highlights z\u00e4hlen die Auftritte von Aloe Blacc (\u201eI Need A Dollar\u201c), Third World (\u201eNow That We Found Love\u201c) und der ehemaligen Prince-Bassistin Nik West. Die 27. schauinsland-reisen Jazz Rally D\u00fcsseldorf bietet 68 Konzerte auf 29 B\u00fchnen mit \u00fcber 400 Musikern aus der ganzen Welt, aber auch aus der Region D\u00fcsseldorf. Das komplette Programm gibt es <a href=\"https:\/\/www.duesseldorfer-jazzrally.de\/\">hier<\/a>.<\/p>\n<p>Die erste Jam-Session von Saxophonisten aus dem Gro\u00dfraum D\u00fcsseldorf im Vorfeld der Jazz Rally 2018 war spektakul\u00e4r: 30 Saxophonisten spielten gemeinsam im Andreas-Quartier und anschlie\u00dfend vor Publikum in der Altstadt. Grund genug, diesen \u201emusikalischen Flashmob\u201c in diesem April zu wiederholen. Er soll auf die 27. schauinsland-reisen Jazz Rally D\u00fcsseldorf einstimmen, die vom 6. bis 9. Juni wieder jede Menge Jazz, Funk, Soul, Blues und sogar Reggae in die Stadt bringt.<\/p>\n<p>Deshalb sucht der Veranstalter Destination D\u00fcsseldorf erneut jede Menge Saxophonistinnen und Saxophonisten aus D\u00fcsseldorf und der Region f\u00fcr eine zweite, gemeinsame Session am 13. April im \u201eWohnzimmer D\u00fcsseldorfs\u201c. Eingeladen sind wieder alle Hobby- sowie semiprofessionellen und professionellen Saxophonspieler. Ziel ist es bis zu 40 Musiker\/-innen mit ihren Instrumenten dabei zu haben. Sie werden dann gemeinsam ein von Reiner Witzel komponiertes, kurzes St\u00fcck spielen. Witzel ist einer der beiden K\u00fcnstlerischen Leiter des Festivals. Alle Interessenten bekommen vorab ein Notenblatt und weitere Informationen zugesendet. Zuschauer sind willkommen.<\/p>\n<p><strong>Samstag, 13. April 2019, von 12.00 bis 14.00 Uhr<\/strong><br \/>\n<strong>Gro\u00dfe Treppe im Andreas Quartier, M\u00fchlenstra\u00dfe 34, D\u00fcsseldorf<\/strong><br \/>\n<strong>Anmeldung bis 8. April unter presse@destination-duesseldorf.de<\/strong><\/p>\n","protected":false},"excerpt":{"rendered":"<p>Der Stuttgarter Veranstalter Opus wurde bei der 14. Verleihung des PRG Live Entertainment Awards zusammen mit der MCT Agentur GmbH und dem Europ\u00e4ischen Astronautenzentrum (EAC) f\u00fcr das Konzert von Kraftwerk mit dem Special Guest Dr. Alexander Gerst am 20. Juli 2018 bei den jazzopen in der Kategorie \u201eKonzert des Jahres 2018\u201c mit dem LEA Award ausgezeichnet. Die Verleihung des deutschen Veranstalterpreises fand am 01. April in der Festhalle der Messe in Frankfurt am Main statt. Der Auftritt der sich immer rarer machenden legend\u00e4ren Elektro-Band Kraftwerk am 20. Juli 2018 auf dem Stuttgarter Schlossplatz allein war schon Highlight genug \u2013 f\u00fcr gro\u00dfe Sensation sorgte allerdings zus\u00e4tzlich noch die Live-Schalte zu ESA-Astronaut Alexander Gerst, der die Band und 7.000 jazzopen-Besucher um 21:50 Uhr Ortszeit aus der Internationalen Raumstation ISS mit\u201eGuten Abend Kraftwerk, Guten Abend Stuttgart!\u201c begr\u00fc\u00dfte. Via Tabletcomputer jammte er dann mit Kraftwerk zum Song \u201eSpacelab\u201c. Der Live-Kontakt aus knapp vierhundert Kilometern H\u00f6he zum Schlossplatz wurde in enger und vertraulicher Zusammenarbeit zwischen Opus, dem Europ\u00e4ischen Astronautenzentrum (EAC) und Kraftwerk\/MCT realisiert. Alexander Gerst hatte den geheimen Gastauftritt bereits vor seiner Abreise ins All mit Kraftwerk geplant. Mit dem &hellip;<\/p>\n","protected":false},"author":18,"featured_media":19140,"comment_status":"open","ping_status":"closed","sticky":false,"template":"","format":"standard","meta":{"_jetpack_memberships_contains_paid_content":false,"footnotes":"","jetpack_publicize_message":"","jetpack_publicize_feature_enabled":true,"jetpack_social_post_already_shared":false,"jetpack_social_options":{"image_generator_settings":{"template":"highway","default_image_id":0,"font":"","enabled":false},"version":2}},"categories":[633],"tags":[2181,2178,2179,1859,2180,2182,2183,2125,2177],"coauthors":[695],"class_list":["post-19138","post","type-post","status-publish","format-standard","has-post-thumbnail","hentry","category-nachrichten","tag-alexander-gerst","tag-duesseldorf","tag-jam-session","tag-jazzopen","tag-kraftwerk","tag-opus","tag-prg-live-entertainment-awards","tag-saxophon","tag-schauinsland-reisen-jazz-rally-duesseldorf"],"yoast_head":"<!-- This site is optimized with the Yoast SEO plugin v27.5 - https:\/\/yoast.com\/product\/yoast-seo-wordpress\/ -->\n<title>+++ news +++ Opus gewinnt Live Entertainment Award +++ 27. schauinsland-reisen Jazz Rally D\u00fcsseldorf +++ - JazzZeitung<\/title>\n<meta name=\"robots\" content=\"index, follow, max-snippet:-1, max-image-preview:large, max-video-preview:-1\" \/>\n<link rel=\"canonical\" href=\"https:\/\/www.jazzzeitung.de\/cms\/2019\/04\/news-opus-gewinnt-live-entertainment-award-27-schauinsland-reisen-jazz-rally-duesseldorf\/\" \/>\n<meta property=\"og:locale\" content=\"de_DE\" \/>\n<meta property=\"og:type\" content=\"article\" \/>\n<meta property=\"og:title\" content=\"+++ news +++ Opus gewinnt Live Entertainment Award +++ 27. schauinsland-reisen Jazz Rally D\u00fcsseldorf +++ - JazzZeitung\" \/>\n<meta property=\"og:description\" content=\"Der Stuttgarter Veranstalter Opus wurde bei der 14. Verleihung des PRG Live Entertainment Awards zusammen mit der MCT Agentur GmbH und dem Europ\u00e4ischen Astronautenzentrum (EAC) f\u00fcr das Konzert von Kraftwerk mit dem Special Guest Dr. Alexander Gerst am 20. Juli 2018 bei den jazzopen in der Kategorie \u201eKonzert des Jahres 2018\u201c mit dem LEA Award ausgezeichnet. Die Verleihung des deutschen Veranstalterpreises fand am 01. April in der Festhalle der Messe in Frankfurt am Main statt. Der Auftritt der sich immer rarer machenden legend\u00e4ren Elektro-Band Kraftwerk am 20. Juli 2018 auf dem Stuttgarter Schlossplatz allein war schon Highlight genug \u2013 f\u00fcr gro\u00dfe Sensation sorgte allerdings zus\u00e4tzlich noch die Live-Schalte zu ESA-Astronaut Alexander Gerst, der die Band und 7.000 jazzopen-Besucher um 21:50 Uhr Ortszeit aus der Internationalen Raumstation ISS mit\u201eGuten Abend Kraftwerk, Guten Abend Stuttgart!\u201c begr\u00fc\u00dfte. Via Tabletcomputer jammte er dann mit Kraftwerk zum Song \u201eSpacelab\u201c. Der Live-Kontakt aus knapp vierhundert Kilometern H\u00f6he zum Schlossplatz wurde in enger und vertraulicher Zusammenarbeit zwischen Opus, dem Europ\u00e4ischen Astronautenzentrum (EAC) und Kraftwerk\/MCT realisiert. Alexander Gerst hatte den geheimen Gastauftritt bereits vor seiner Abreise ins All mit Kraftwerk geplant. Mit dem &hellip;\" \/>\n<meta property=\"og:url\" content=\"https:\/\/www.jazzzeitung.de\/cms\/2019\/04\/news-opus-gewinnt-live-entertainment-award-27-schauinsland-reisen-jazz-rally-duesseldorf\/\" \/>\n<meta property=\"og:site_name\" content=\"JazzZeitung\" \/>\n<meta property=\"article:publisher\" content=\"https:\/\/www.facebook.com\/JazzZeitung\/\" \/>\n<meta property=\"article:published_time\" content=\"2019-04-09T07:51:19+00:00\" \/>\n<meta property=\"og:image\" content=\"https:\/\/www.jazzzeitung.de\/cms\/wp-content\/uploads\/2019\/04\/Kraftwerk_ReinerPfisterer2-900x600.jpg\" \/>\n\t<meta property=\"og:image:width\" content=\"900\" \/>\n\t<meta property=\"og:image:height\" content=\"600\" \/>\n\t<meta property=\"og:image:type\" content=\"image\/jpeg\" \/>\n<meta name=\"author\" content=\"Redaktion JazzZeitung\" \/>\n<script type=\"application\/ld+json\" class=\"yoast-schema-graph\">{\"@context\":\"https:\\\/\\\/schema.org\",\"@graph\":[{\"@type\":\"Article\",\"@id\":\"https:\\\/\\\/www.jazzzeitung.de\\\/cms\\\/2019\\\/04\\\/news-opus-gewinnt-live-entertainment-award-27-schauinsland-reisen-jazz-rally-duesseldorf\\\/#article\",\"isPartOf\":{\"@id\":\"https:\\\/\\\/www.jazzzeitung.de\\\/cms\\\/2019\\\/04\\\/news-opus-gewinnt-live-entertainment-award-27-schauinsland-reisen-jazz-rally-duesseldorf\\\/\"},\"author\":{\"name\":\"Redaktion JazzZeitung\",\"@id\":\"https:\\\/\\\/www.jazzzeitung.de\\\/cms\\\/#\\\/schema\\\/person\\\/2245b36b9cd1d24cea10f01c031fb92b\"},\"headline\":\"+++ news +++ Opus gewinnt Live Entertainment Award +++ 27. schauinsland-reisen Jazz Rally D\u00fcsseldorf +++\",\"datePublished\":\"2019-04-09T07:51:19+00:00\",\"mainEntityOfPage\":{\"@id\":\"https:\\\/\\\/www.jazzzeitung.de\\\/cms\\\/2019\\\/04\\\/news-opus-gewinnt-live-entertainment-award-27-schauinsland-reisen-jazz-rally-duesseldorf\\\/\"},\"wordCount\":573,\"commentCount\":0,\"publisher\":{\"@id\":\"https:\\\/\\\/www.jazzzeitung.de\\\/cms\\\/#organization\"},\"image\":{\"@id\":\"https:\\\/\\\/www.jazzzeitung.de\\\/cms\\\/2019\\\/04\\\/news-opus-gewinnt-live-entertainment-award-27-schauinsland-reisen-jazz-rally-duesseldorf\\\/#primaryimage\"},\"thumbnailUrl\":\"https:\\\/\\\/i0.wp.com\\\/www.jazzzeitung.de\\\/cms\\\/wp-content\\\/uploads\\\/2019\\\/04\\\/Kraftwerk_ReinerPfisterer2.jpg?fit=3543%2C2362&ssl=1\",\"keywords\":[\"Alexander Gerst\",\"D\u00fcsseldorf\",\"Jam-Session\",\"Jazzopen\",\"Kraftwerk\",\"Opus\",\"PRG Live Entertainment Awards\",\"Saxophon\",\"schauinsland-reisen Jazz Rally D\u00fcsseldorf\"],\"articleSection\":[\"News\"],\"inLanguage\":\"de\",\"potentialAction\":[{\"@type\":\"CommentAction\",\"name\":\"Comment\",\"target\":[\"https:\\\/\\\/www.jazzzeitung.de\\\/cms\\\/2019\\\/04\\\/news-opus-gewinnt-live-entertainment-award-27-schauinsland-reisen-jazz-rally-duesseldorf\\\/#respond\"]}]},{\"@type\":\"WebPage\",\"@id\":\"https:\\\/\\\/www.jazzzeitung.de\\\/cms\\\/2019\\\/04\\\/news-opus-gewinnt-live-entertainment-award-27-schauinsland-reisen-jazz-rally-duesseldorf\\\/\",\"url\":\"https:\\\/\\\/www.jazzzeitung.de\\\/cms\\\/2019\\\/04\\\/news-opus-gewinnt-live-entertainment-award-27-schauinsland-reisen-jazz-rally-duesseldorf\\\/\",\"name\":\"+++ news +++ Opus gewinnt Live Entertainment Award +++ 27. schauinsland-reisen Jazz Rally D\u00fcsseldorf +++ - JazzZeitung\",\"isPartOf\":{\"@id\":\"https:\\\/\\\/www.jazzzeitung.de\\\/cms\\\/#website\"},\"primaryImageOfPage\":{\"@id\":\"https:\\\/\\\/www.jazzzeitung.de\\\/cms\\\/2019\\\/04\\\/news-opus-gewinnt-live-entertainment-award-27-schauinsland-reisen-jazz-rally-duesseldorf\\\/#primaryimage\"},\"image\":{\"@id\":\"https:\\\/\\\/www.jazzzeitung.de\\\/cms\\\/2019\\\/04\\\/news-opus-gewinnt-live-entertainment-award-27-schauinsland-reisen-jazz-rally-duesseldorf\\\/#primaryimage\"},\"thumbnailUrl\":\"https:\\\/\\\/i0.wp.com\\\/www.jazzzeitung.de\\\/cms\\\/wp-content\\\/uploads\\\/2019\\\/04\\\/Kraftwerk_ReinerPfisterer2.jpg?fit=3543%2C2362&ssl=1\",\"datePublished\":\"2019-04-09T07:51:19+00:00\",\"breadcrumb\":{\"@id\":\"https:\\\/\\\/www.jazzzeitung.de\\\/cms\\\/2019\\\/04\\\/news-opus-gewinnt-live-entertainment-award-27-schauinsland-reisen-jazz-rally-duesseldorf\\\/#breadcrumb\"},\"inLanguage\":\"de\",\"potentialAction\":[{\"@type\":\"ReadAction\",\"target\":[\"https:\\\/\\\/www.jazzzeitung.de\\\/cms\\\/2019\\\/04\\\/news-opus-gewinnt-live-entertainment-award-27-schauinsland-reisen-jazz-rally-duesseldorf\\\/\"]}]},{\"@type\":\"ImageObject\",\"inLanguage\":\"de\",\"@id\":\"https:\\\/\\\/www.jazzzeitung.de\\\/cms\\\/2019\\\/04\\\/news-opus-gewinnt-live-entertainment-award-27-schauinsland-reisen-jazz-rally-duesseldorf\\\/#primaryimage\",\"url\":\"https:\\\/\\\/i0.wp.com\\\/www.jazzzeitung.de\\\/cms\\\/wp-content\\\/uploads\\\/2019\\\/04\\\/Kraftwerk_ReinerPfisterer2.jpg?fit=3543%2C2362&ssl=1\",\"contentUrl\":\"https:\\\/\\\/i0.wp.com\\\/www.jazzzeitung.de\\\/cms\\\/wp-content\\\/uploads\\\/2019\\\/04\\\/Kraftwerk_ReinerPfisterer2.jpg?fit=3543%2C2362&ssl=1\",\"width\":3543,\"height\":2362},{\"@type\":\"BreadcrumbList\",\"@id\":\"https:\\\/\\\/www.jazzzeitung.de\\\/cms\\\/2019\\\/04\\\/news-opus-gewinnt-live-entertainment-award-27-schauinsland-reisen-jazz-rally-duesseldorf\\\/#breadcrumb\",\"itemListElement\":[{\"@type\":\"ListItem\",\"position\":1,\"name\":\"Startseite\",\"item\":\"https:\\\/\\\/www.jazzzeitung.de\\\/cms\\\/\"},{\"@type\":\"ListItem\",\"position\":2,\"name\":\"+++ news +++ Opus gewinnt Live Entertainment Award +++ 27. schauinsland-reisen Jazz Rally D\u00fcsseldorf +++\"}]},{\"@type\":\"WebSite\",\"@id\":\"https:\\\/\\\/www.jazzzeitung.de\\\/cms\\\/#website\",\"url\":\"https:\\\/\\\/www.jazzzeitung.de\\\/cms\\\/\",\"name\":\"JazzZeitung\",\"description\":\"Jazz-News und Jazz-Kontroverses\",\"publisher\":{\"@id\":\"https:\\\/\\\/www.jazzzeitung.de\\\/cms\\\/#organization\"},\"potentialAction\":[{\"@type\":\"SearchAction\",\"target\":{\"@type\":\"EntryPoint\",\"urlTemplate\":\"https:\\\/\\\/www.jazzzeitung.de\\\/cms\\\/?s={search_term_string}\"},\"query-input\":{\"@type\":\"PropertyValueSpecification\",\"valueRequired\":true,\"valueName\":\"search_term_string\"}}],\"inLanguage\":\"de\"},{\"@type\":\"Organization\",\"@id\":\"https:\\\/\\\/www.jazzzeitung.de\\\/cms\\\/#organization\",\"name\":\"JazzZeitung online\",\"url\":\"https:\\\/\\\/www.jazzzeitung.de\\\/cms\\\/\",\"logo\":{\"@type\":\"ImageObject\",\"inLanguage\":\"de\",\"@id\":\"https:\\\/\\\/www.jazzzeitung.de\\\/cms\\\/#\\\/schema\\\/logo\\\/image\\\/\",\"url\":\"https:\\\/\\\/i0.wp.com\\\/www.jazzzeitung.de\\\/cms\\\/wp-content\\\/uploads\\\/2015\\\/08\\\/JAZZZEITUNGDE_Logo_Neu.png?fit=499%2C200&ssl=1\",\"contentUrl\":\"https:\\\/\\\/i0.wp.com\\\/www.jazzzeitung.de\\\/cms\\\/wp-content\\\/uploads\\\/2015\\\/08\\\/JAZZZEITUNGDE_Logo_Neu.png?fit=499%2C200&ssl=1\",\"width\":499,\"height\":200,\"caption\":\"JazzZeitung online\"},\"image\":{\"@id\":\"https:\\\/\\\/www.jazzzeitung.de\\\/cms\\\/#\\\/schema\\\/logo\\\/image\\\/\"},\"sameAs\":[\"https:\\\/\\\/www.facebook.com\\\/JazzZeitung\\\/\"]},{\"@type\":\"Person\",\"@id\":\"https:\\\/\\\/www.jazzzeitung.de\\\/cms\\\/#\\\/schema\\\/person\\\/2245b36b9cd1d24cea10f01c031fb92b\",\"name\":\"Redaktion JazzZeitung\",\"image\":{\"@type\":\"ImageObject\",\"inLanguage\":\"de\",\"@id\":\"https:\\\/\\\/i0.wp.com\\\/www.jazzzeitung.de\\\/cms\\\/wp-content\\\/uploads\\\/2015\\\/08\\\/JAZZZEITUNGDE_Logo_Neu.png?resize=96%2C96&ssl=159975dcacb611b5700bd619b5daf0a7a\",\"url\":\"https:\\\/\\\/i0.wp.com\\\/www.jazzzeitung.de\\\/cms\\\/wp-content\\\/uploads\\\/2015\\\/08\\\/JAZZZEITUNGDE_Logo_Neu.png?resize=96%2C96&ssl=1\",\"contentUrl\":\"https:\\\/\\\/i0.wp.com\\\/www.jazzzeitung.de\\\/cms\\\/wp-content\\\/uploads\\\/2015\\\/08\\\/JAZZZEITUNGDE_Logo_Neu.png?resize=96%2C96&ssl=1\",\"caption\":\"Redaktion JazzZeitung\"},\"description\":\"Artikel der Redaktion der JazzZeitung.\",\"sameAs\":[\"http:\\\/\\\/www.jazzzeitung.de\\\/cms\\\/\"],\"url\":\"https:\\\/\\\/www.jazzzeitung.de\\\/cms\\\/author\\\/redaktion\\\/\"}]}<\/script>\n<!-- \/ Yoast SEO plugin. -->","yoast_head_json":{"title":"+++ news +++ Opus gewinnt Live Entertainment Award +++ 27. schauinsland-reisen Jazz Rally D\u00fcsseldorf +++ - JazzZeitung","robots":{"index":"index","follow":"follow","max-snippet":"max-snippet:-1","max-image-preview":"max-image-preview:large","max-video-preview":"max-video-preview:-1"},"canonical":"https:\/\/www.jazzzeitung.de\/cms\/2019\/04\/news-opus-gewinnt-live-entertainment-award-27-schauinsland-reisen-jazz-rally-duesseldorf\/","og_locale":"de_DE","og_type":"article","og_title":"+++ news +++ Opus gewinnt Live Entertainment Award +++ 27. schauinsland-reisen Jazz Rally D\u00fcsseldorf +++ - JazzZeitung","og_description":"Der Stuttgarter Veranstalter Opus wurde bei der 14. Verleihung des PRG Live Entertainment Awards zusammen mit der MCT Agentur GmbH und dem Europ\u00e4ischen Astronautenzentrum (EAC) f\u00fcr das Konzert von Kraftwerk mit dem Special Guest Dr. Alexander Gerst am 20. Juli 2018 bei den jazzopen in der Kategorie \u201eKonzert des Jahres 2018\u201c mit dem LEA Award ausgezeichnet. Die Verleihung des deutschen Veranstalterpreises fand am 01. April in der Festhalle der Messe in Frankfurt am Main statt. Der Auftritt der sich immer rarer machenden legend\u00e4ren Elektro-Band Kraftwerk am 20. Juli 2018 auf dem Stuttgarter Schlossplatz allein war schon Highlight genug \u2013 f\u00fcr gro\u00dfe Sensation sorgte allerdings zus\u00e4tzlich noch die Live-Schalte zu ESA-Astronaut Alexander Gerst, der die Band und 7.000 jazzopen-Besucher um 21:50 Uhr Ortszeit aus der Internationalen Raumstation ISS mit\u201eGuten Abend Kraftwerk, Guten Abend Stuttgart!\u201c begr\u00fc\u00dfte. Via Tabletcomputer jammte er dann mit Kraftwerk zum Song \u201eSpacelab\u201c. Der Live-Kontakt aus knapp vierhundert Kilometern H\u00f6he zum Schlossplatz wurde in enger und vertraulicher Zusammenarbeit zwischen Opus, dem Europ\u00e4ischen Astronautenzentrum (EAC) und Kraftwerk\/MCT realisiert. Alexander Gerst hatte den geheimen Gastauftritt bereits vor seiner Abreise ins All mit Kraftwerk geplant. Mit dem &hellip;","og_url":"https:\/\/www.jazzzeitung.de\/cms\/2019\/04\/news-opus-gewinnt-live-entertainment-award-27-schauinsland-reisen-jazz-rally-duesseldorf\/","og_site_name":"JazzZeitung","article_publisher":"https:\/\/www.facebook.com\/JazzZeitung\/","article_published_time":"2019-04-09T07:51:19+00:00","og_image":[{"width":900,"height":600,"url":"https:\/\/www.jazzzeitung.de\/cms\/wp-content\/uploads\/2019\/04\/Kraftwerk_ReinerPfisterer2-900x600.jpg","type":"image\/jpeg"}],"author":"Redaktion JazzZeitung","schema":{"@context":"https:\/\/schema.org","@graph":[{"@type":"Article","@id":"https:\/\/www.jazzzeitung.de\/cms\/2019\/04\/news-opus-gewinnt-live-entertainment-award-27-schauinsland-reisen-jazz-rally-duesseldorf\/#article","isPartOf":{"@id":"https:\/\/www.jazzzeitung.de\/cms\/2019\/04\/news-opus-gewinnt-live-entertainment-award-27-schauinsland-reisen-jazz-rally-duesseldorf\/"},"author":{"name":"Redaktion JazzZeitung","@id":"https:\/\/www.jazzzeitung.de\/cms\/#\/schema\/person\/2245b36b9cd1d24cea10f01c031fb92b"},"headline":"+++ news +++ Opus gewinnt Live Entertainment Award +++ 27. schauinsland-reisen Jazz Rally D\u00fcsseldorf +++","datePublished":"2019-04-09T07:51:19+00:00","mainEntityOfPage":{"@id":"https:\/\/www.jazzzeitung.de\/cms\/2019\/04\/news-opus-gewinnt-live-entertainment-award-27-schauinsland-reisen-jazz-rally-duesseldorf\/"},"wordCount":573,"commentCount":0,"publisher":{"@id":"https:\/\/www.jazzzeitung.de\/cms\/#organization"},"image":{"@id":"https:\/\/www.jazzzeitung.de\/cms\/2019\/04\/news-opus-gewinnt-live-entertainment-award-27-schauinsland-reisen-jazz-rally-duesseldorf\/#primaryimage"},"thumbnailUrl":"https:\/\/i0.wp.com\/www.jazzzeitung.de\/cms\/wp-content\/uploads\/2019\/04\/Kraftwerk_ReinerPfisterer2.jpg?fit=3543%2C2362&ssl=1","keywords":["Alexander Gerst","D\u00fcsseldorf","Jam-Session","Jazzopen","Kraftwerk","Opus","PRG Live Entertainment Awards","Saxophon","schauinsland-reisen Jazz Rally D\u00fcsseldorf"],"articleSection":["News"],"inLanguage":"de","potentialAction":[{"@type":"CommentAction","name":"Comment","target":["https:\/\/www.jazzzeitung.de\/cms\/2019\/04\/news-opus-gewinnt-live-entertainment-award-27-schauinsland-reisen-jazz-rally-duesseldorf\/#respond"]}]},{"@type":"WebPage","@id":"https:\/\/www.jazzzeitung.de\/cms\/2019\/04\/news-opus-gewinnt-live-entertainment-award-27-schauinsland-reisen-jazz-rally-duesseldorf\/","url":"https:\/\/www.jazzzeitung.de\/cms\/2019\/04\/news-opus-gewinnt-live-entertainment-award-27-schauinsland-reisen-jazz-rally-duesseldorf\/","name":"+++ news +++ Opus gewinnt Live Entertainment Award +++ 27. schauinsland-reisen Jazz Rally D\u00fcsseldorf +++ - JazzZeitung","isPartOf":{"@id":"https:\/\/www.jazzzeitung.de\/cms\/#website"},"primaryImageOfPage":{"@id":"https:\/\/www.jazzzeitung.de\/cms\/2019\/04\/news-opus-gewinnt-live-entertainment-award-27-schauinsland-reisen-jazz-rally-duesseldorf\/#primaryimage"},"image":{"@id":"https:\/\/www.jazzzeitung.de\/cms\/2019\/04\/news-opus-gewinnt-live-entertainment-award-27-schauinsland-reisen-jazz-rally-duesseldorf\/#primaryimage"},"thumbnailUrl":"https:\/\/i0.wp.com\/www.jazzzeitung.de\/cms\/wp-content\/uploads\/2019\/04\/Kraftwerk_ReinerPfisterer2.jpg?fit=3543%2C2362&ssl=1","datePublished":"2019-04-09T07:51:19+00:00","breadcrumb":{"@id":"https:\/\/www.jazzzeitung.de\/cms\/2019\/04\/news-opus-gewinnt-live-entertainment-award-27-schauinsland-reisen-jazz-rally-duesseldorf\/#breadcrumb"},"inLanguage":"de","potentialAction":[{"@type":"ReadAction","target":["https:\/\/www.jazzzeitung.de\/cms\/2019\/04\/news-opus-gewinnt-live-entertainment-award-27-schauinsland-reisen-jazz-rally-duesseldorf\/"]}]},{"@type":"ImageObject","inLanguage":"de","@id":"https:\/\/www.jazzzeitung.de\/cms\/2019\/04\/news-opus-gewinnt-live-entertainment-award-27-schauinsland-reisen-jazz-rally-duesseldorf\/#primaryimage","url":"https:\/\/i0.wp.com\/www.jazzzeitung.de\/cms\/wp-content\/uploads\/2019\/04\/Kraftwerk_ReinerPfisterer2.jpg?fit=3543%2C2362&ssl=1","contentUrl":"https:\/\/i0.wp.com\/www.jazzzeitung.de\/cms\/wp-content\/uploads\/2019\/04\/Kraftwerk_ReinerPfisterer2.jpg?fit=3543%2C2362&ssl=1","width":3543,"height":2362},{"@type":"BreadcrumbList","@id":"https:\/\/www.jazzzeitung.de\/cms\/2019\/04\/news-opus-gewinnt-live-entertainment-award-27-schauinsland-reisen-jazz-rally-duesseldorf\/#breadcrumb","itemListElement":[{"@type":"ListItem","position":1,"name":"Startseite","item":"https:\/\/www.jazzzeitung.de\/cms\/"},{"@type":"ListItem","position":2,"name":"+++ news +++ Opus gewinnt Live Entertainment Award +++ 27. schauinsland-reisen Jazz Rally D\u00fcsseldorf +++"}]},{"@type":"WebSite","@id":"https:\/\/www.jazzzeitung.de\/cms\/#website","url":"https:\/\/www.jazzzeitung.de\/cms\/","name":"JazzZeitung","description":"Jazz-News und Jazz-Kontroverses","publisher":{"@id":"https:\/\/www.jazzzeitung.de\/cms\/#organization"},"potentialAction":[{"@type":"SearchAction","target":{"@type":"EntryPoint","urlTemplate":"https:\/\/www.jazzzeitung.de\/cms\/?s={search_term_string}"},"query-input":{"@type":"PropertyValueSpecification","valueRequired":true,"valueName":"search_term_string"}}],"inLanguage":"de"},{"@type":"Organization","@id":"https:\/\/www.jazzzeitung.de\/cms\/#organization","name":"JazzZeitung online","url":"https:\/\/www.jazzzeitung.de\/cms\/","logo":{"@type":"ImageObject","inLanguage":"de","@id":"https:\/\/www.jazzzeitung.de\/cms\/#\/schema\/logo\/image\/","url":"https:\/\/i0.wp.com\/www.jazzzeitung.de\/cms\/wp-content\/uploads\/2015\/08\/JAZZZEITUNGDE_Logo_Neu.png?fit=499%2C200&ssl=1","contentUrl":"https:\/\/i0.wp.com\/www.jazzzeitung.de\/cms\/wp-content\/uploads\/2015\/08\/JAZZZEITUNGDE_Logo_Neu.png?fit=499%2C200&ssl=1","width":499,"height":200,"caption":"JazzZeitung online"},"image":{"@id":"https:\/\/www.jazzzeitung.de\/cms\/#\/schema\/logo\/image\/"},"sameAs":["https:\/\/www.facebook.com\/JazzZeitung\/"]},{"@type":"Person","@id":"https:\/\/www.jazzzeitung.de\/cms\/#\/schema\/person\/2245b36b9cd1d24cea10f01c031fb92b","name":"Redaktion JazzZeitung","image":{"@type":"ImageObject","inLanguage":"de","@id":"https:\/\/i0.wp.com\/www.jazzzeitung.de\/cms\/wp-content\/uploads\/2015\/08\/JAZZZEITUNGDE_Logo_Neu.png?resize=96%2C96&ssl=159975dcacb611b5700bd619b5daf0a7a","url":"https:\/\/i0.wp.com\/www.jazzzeitung.de\/cms\/wp-content\/uploads\/2015\/08\/JAZZZEITUNGDE_Logo_Neu.png?resize=96%2C96&ssl=1","contentUrl":"https:\/\/i0.wp.com\/www.jazzzeitung.de\/cms\/wp-content\/uploads\/2015\/08\/JAZZZEITUNGDE_Logo_Neu.png?resize=96%2C96&ssl=1","caption":"Redaktion JazzZeitung"},"description":"Artikel der Redaktion der JazzZeitung.","sameAs":["http:\/\/www.jazzzeitung.de\/cms\/"],"url":"https:\/\/www.jazzzeitung.de\/cms\/author\/redaktion\/"}]}},"wp-worthy-pixel":{"ignored":false,"public":null,"server":null,"url":null},"wp-worthy-type":"normal","jetpack_publicize_connections":[],"cc_featured_image_caption":{"caption_text":"","source_text":"","source_url":""},"jetpack_featured_media_url":"https:\/\/i0.wp.com\/www.jazzzeitung.de\/cms\/wp-content\/uploads\/2019\/04\/Kraftwerk_ReinerPfisterer2.jpg?fit=3543%2C2362&ssl=1","jetpack_shortlink":"https:\/\/wp.me\/p3KEcT-4YG","jetpack-related-posts":[{"id":16636,"url":"https:\/\/www.jazzzeitung.de\/cms\/2018\/07\/16636\/","url_meta":{"origin":19138,"position":0},"title":"Das Stuttgarter Festival jazzopen feiert sein 25-j\u00e4hriges Jubil\u00e4um","author":"Redaktion JazzZeitung","date":"11. Juli 2018","format":false,"excerpt":"Vom 12. bis 22. Juli 2018 feiern die \"jazzopen stuttgart\" ihr 25-j\u00e4hriges Jubil\u00e4um. An 11 Tagen und auf sechs B\u00fchnen pr\u00e4sentiert der Veranstalter Opus unter dem Motto \u201ebe JAZZ be OPEN\u201c K\u00fcnstler internationaler Klasse \u2013 darunter Jamiroquai, Lenny Kravitz, Kraftwerk, Gregory Porter, Pat Metheny und viele mehr. Auftakt ist erneut\u2026","rel":"","context":"In &quot;News&quot;","block_context":{"text":"News","link":"https:\/\/www.jazzzeitung.de\/cms\/thema\/nachrichten\/"},"img":{"alt_text":"","src":"https:\/\/i0.wp.com\/www.jazzzeitung.de\/cms\/wp-content\/uploads\/2018\/07\/JO17_Altes-Schloss_Reiner-Pfisterer_.jpg?fit=1200%2C799&ssl=1&resize=350%2C200","width":350,"height":200,"srcset":"https:\/\/i0.wp.com\/www.jazzzeitung.de\/cms\/wp-content\/uploads\/2018\/07\/JO17_Altes-Schloss_Reiner-Pfisterer_.jpg?fit=1200%2C799&ssl=1&resize=350%2C200 1x, https:\/\/i0.wp.com\/www.jazzzeitung.de\/cms\/wp-content\/uploads\/2018\/07\/JO17_Altes-Schloss_Reiner-Pfisterer_.jpg?fit=1200%2C799&ssl=1&resize=525%2C300 1.5x, https:\/\/i0.wp.com\/www.jazzzeitung.de\/cms\/wp-content\/uploads\/2018\/07\/JO17_Altes-Schloss_Reiner-Pfisterer_.jpg?fit=1200%2C799&ssl=1&resize=700%2C400 2x, https:\/\/i0.wp.com\/www.jazzzeitung.de\/cms\/wp-content\/uploads\/2018\/07\/JO17_Altes-Schloss_Reiner-Pfisterer_.jpg?fit=1200%2C799&ssl=1&resize=1050%2C600 3x"},"classes":[]},{"id":15250,"url":"https:\/\/www.jazzzeitung.de\/cms\/2018\/03\/newseroeffnungsabend-der-jazzahead-2018banduebersicht-zur-26-schauinsland-reisen-jazz-rally-duesseldorf\/","url_meta":{"origin":19138,"position":1},"title":"+++News+++Er\u00f6ffnungsabend der jazzahead! 2018+++Band\u00fcbersicht zur 26. schauinsland-reisen Jazz Rally D\u00fcsseldorf+++","author":"Redaktion JazzZeitung","date":"9. M\u00e4rz 2018","format":false,"excerpt":"+++Er\u00f6ffnungsabend der jazzahead! 2018+++ 2018 ist Polen Partnerland der jazzahead! und acht, von einer international besetzten Fachjury ausgew\u00e4hlte polnische Ensembles werden innerhalb des Showcasefestivals am Donnerstag, 19.04.2018 auf dem Messegel\u00e4nde und im Kulturzentrum Schlachthof auftreten. Der genaue Ablaufplan des Abends steht mittlerweile fest: 19:30 Uhr Halle 7.1: Kamil Piotrowicz Sextet\u2026","rel":"","context":"In &quot;News&quot;","block_context":{"text":"News","link":"https:\/\/www.jazzzeitung.de\/cms\/thema\/nachrichten\/"},"img":{"alt_text":"","src":"https:\/\/i0.wp.com\/www.jazzzeitung.de\/cms\/wp-content\/uploads\/2018\/03\/Poland_jazzahead2017_cJanRathke_MesseBremen.jpg?fit=1200%2C856&ssl=1&resize=350%2C200","width":350,"height":200,"srcset":"https:\/\/i0.wp.com\/www.jazzzeitung.de\/cms\/wp-content\/uploads\/2018\/03\/Poland_jazzahead2017_cJanRathke_MesseBremen.jpg?fit=1200%2C856&ssl=1&resize=350%2C200 1x, https:\/\/i0.wp.com\/www.jazzzeitung.de\/cms\/wp-content\/uploads\/2018\/03\/Poland_jazzahead2017_cJanRathke_MesseBremen.jpg?fit=1200%2C856&ssl=1&resize=525%2C300 1.5x, https:\/\/i0.wp.com\/www.jazzzeitung.de\/cms\/wp-content\/uploads\/2018\/03\/Poland_jazzahead2017_cJanRathke_MesseBremen.jpg?fit=1200%2C856&ssl=1&resize=700%2C400 2x, https:\/\/i0.wp.com\/www.jazzzeitung.de\/cms\/wp-content\/uploads\/2018\/03\/Poland_jazzahead2017_cJanRathke_MesseBremen.jpg?fit=1200%2C856&ssl=1&resize=1050%2C600 3x"},"classes":[]},{"id":18653,"url":"https:\/\/www.jazzzeitung.de\/cms\/2019\/02\/festival-jazzopen-stuttgart-eroeffnet-mit-verleihung-der-german-jazz-trophy-2019-an-dee-dee-bridgewater\/","url_meta":{"origin":19138,"position":2},"title":"Festival jazzopen Stuttgart er\u00f6ffnet mit Verleihung der German Jazz Trophy 2019 an Dee Dee Bridgewater","author":"Redaktion JazzZeitung","date":"14. Februar 2019","format":false,"excerpt":"Stuttgart. \u00dcber 50 Acts in elf Tagen auf f\u00fcnf B\u00fchnen. Nach der 25-j\u00e4hrigen Jubil\u00e4umsfeier im Juli letzten Jahres pr\u00e4sentieren die jazzopen Stuttgart vom 4. bis 14. Juli 2019 erneut ein vielf\u00e4ltiges Programm, in dem Jazz trotz allem Popstarrummel noch immer die DNA darstellt. Der Veranstalter Opus rechnet Pop-timistisch mit einem\u2026","rel":"","context":"In &quot;Bericht&quot;","block_context":{"text":"Bericht","link":"https:\/\/www.jazzzeitung.de\/cms\/thema\/bericht\/"},"img":{"alt_text":"","src":"https:\/\/i0.wp.com\/www.jazzzeitung.de\/cms\/wp-content\/uploads\/2019\/02\/Dee-Dee-Bridgewater-1Mark-Higashino-e1550152051836.jpg?fit=587%2C412&ssl=1&resize=350%2C200","width":350,"height":200,"srcset":"https:\/\/i0.wp.com\/www.jazzzeitung.de\/cms\/wp-content\/uploads\/2019\/02\/Dee-Dee-Bridgewater-1Mark-Higashino-e1550152051836.jpg?fit=587%2C412&ssl=1&resize=350%2C200 1x, https:\/\/i0.wp.com\/www.jazzzeitung.de\/cms\/wp-content\/uploads\/2019\/02\/Dee-Dee-Bridgewater-1Mark-Higashino-e1550152051836.jpg?fit=587%2C412&ssl=1&resize=525%2C300 1.5x"},"classes":[]},{"id":26829,"url":"https:\/\/www.jazzzeitung.de\/cms\/2022\/03\/newsantragstellung-bayerische-festivalfoerderung-bis-15-maerzkemptener-jazzfruehlingjazz-rally-duesseldorfneue-konzertreihe-prism-o-scopes\/","url_meta":{"origin":19138,"position":3},"title":"+++news+++Antragstellung Bayerische Festivalf\u00f6rderung bis 15. M\u00e4rz+++Kemptener Jazzfr\u00fchling+++Jazz Rally D\u00fcsseldorf+++Neue Konzertreihe &#8222;Prism-O-Scopes&#8220;+++","author":"Redaktion JazzZeitung","date":"8. M\u00e4rz 2022","format":false,"excerpt":"Bis 15. M\u00e4rz: Antragstellung Bayerische Festivalf\u00f6rderung Mit Mitteln des Bayerischen Staatsministeriums f\u00fcr Wissenschaft und Kunst werden Bayerische Jazzfestivals und Konzertreihen gef\u00f6rdert. \u00dcber die Verteilung der F\u00f6rdermittel f\u00fcr 2022 wird voraussichtlich im Mai\/Juni entschieden. Bis zum 15. M\u00e4rz k\u00f6nnen Antr\u00e4ge im Projektb\u00fcro Marktoberdorf eingereicht werden. Weitere Informationen hier \u00a0 37. Kemptener\u2026","rel":"","context":"In &quot;News&quot;","block_context":{"text":"News","link":"https:\/\/www.jazzzeitung.de\/cms\/thema\/nachrichten\/"},"img":{"alt_text":"","src":"https:\/\/i0.wp.com\/www.jazzzeitung.de\/cms\/wp-content\/uploads\/2022\/03\/SH_153-c-Maximilian-Koenig-002-scaled.jpg?fit=1200%2C800&ssl=1&resize=350%2C200","width":350,"height":200,"srcset":"https:\/\/i0.wp.com\/www.jazzzeitung.de\/cms\/wp-content\/uploads\/2022\/03\/SH_153-c-Maximilian-Koenig-002-scaled.jpg?fit=1200%2C800&ssl=1&resize=350%2C200 1x, https:\/\/i0.wp.com\/www.jazzzeitung.de\/cms\/wp-content\/uploads\/2022\/03\/SH_153-c-Maximilian-Koenig-002-scaled.jpg?fit=1200%2C800&ssl=1&resize=525%2C300 1.5x, https:\/\/i0.wp.com\/www.jazzzeitung.de\/cms\/wp-content\/uploads\/2022\/03\/SH_153-c-Maximilian-Koenig-002-scaled.jpg?fit=1200%2C800&ssl=1&resize=700%2C400 2x, https:\/\/i0.wp.com\/www.jazzzeitung.de\/cms\/wp-content\/uploads\/2022\/03\/SH_153-c-Maximilian-Koenig-002-scaled.jpg?fit=1200%2C800&ssl=1&resize=1050%2C600 3x"},"classes":[]},{"id":18964,"url":"https:\/\/www.jazzzeitung.de\/cms\/2019\/03\/news-deutscher-musikautorenpreis-2019-in-berlin-neuer-deutscher-jazzpreis-2019-in-mannheim-paul-sennewalds-bop-gewinnt-den-sparda-jazz-award-2019\/","url_meta":{"origin":19138,"position":4},"title":"+++ News: +++ Deutscher \u00a0Musikautorenpreis 2019 in Berlin +++ Neuer Deutscher Jazzpreis 2019 in Mannheim +++ Paul Sennewalds BOP gewinnt den Sparda Jazz Award 2019 +++","author":"Redaktion JazzZeitung","date":"19. M\u00e4rz 2019","format":false,"excerpt":"\u201eGegenseitige Anerkennung abseits jeder Konkurrenz\u201c beim DMAP 2019 in Berlin Der Deutsche Musikautorenpreis wurde 2009 von der GEMA ins Leben gerufen, um die Komponisten und Textdichter der deutschen Musikbranche f\u00fcr ihre herausragenden Leistungen zu w\u00fcrdigen. Unter dem Motto \u201eAutoren ehren Autoren\u201c r\u00fccken Musikschaffende in den Vordergrund, die oftmals nicht auf\u2026","rel":"","context":"In &quot;News&quot;","block_context":{"text":"News","link":"https:\/\/www.jazzzeitung.de\/cms\/thema\/nachrichten\/"},"img":{"alt_text":"","src":"https:\/\/i0.wp.com\/www.jazzzeitung.de\/cms\/wp-content\/uploads\/2019\/03\/BB2DMAP2019_Abschlussbild_c.Sebastian_Linder_046.jpg?fit=1200%2C800&ssl=1&resize=350%2C200","width":350,"height":200,"srcset":"https:\/\/i0.wp.com\/www.jazzzeitung.de\/cms\/wp-content\/uploads\/2019\/03\/BB2DMAP2019_Abschlussbild_c.Sebastian_Linder_046.jpg?fit=1200%2C800&ssl=1&resize=350%2C200 1x, https:\/\/i0.wp.com\/www.jazzzeitung.de\/cms\/wp-content\/uploads\/2019\/03\/BB2DMAP2019_Abschlussbild_c.Sebastian_Linder_046.jpg?fit=1200%2C800&ssl=1&resize=525%2C300 1.5x, https:\/\/i0.wp.com\/www.jazzzeitung.de\/cms\/wp-content\/uploads\/2019\/03\/BB2DMAP2019_Abschlussbild_c.Sebastian_Linder_046.jpg?fit=1200%2C800&ssl=1&resize=700%2C400 2x, https:\/\/i0.wp.com\/www.jazzzeitung.de\/cms\/wp-content\/uploads\/2019\/03\/BB2DMAP2019_Abschlussbild_c.Sebastian_Linder_046.jpg?fit=1200%2C800&ssl=1&resize=1050%2C600 3x"},"classes":[]},{"id":32134,"url":"https:\/\/www.jazzzeitung.de\/cms\/2025\/01\/news-zwingenberger-in-oberthulba-jazzopen-stuttgart-2025\/","url_meta":{"origin":19138,"position":5},"title":"+++ news +++ Zwingenberger in Oberthulba +++ jazzopen Stuttgart 2025 +++","author":"Redaktion JazzZeitung","date":"20. Januar 2025","format":false,"excerpt":"+++ Axel Zwingenberger, der Meister aus Hamburg, kommt wieder auf die Piano-B\u00fchne +++ Boogie&Woogie & Blues-Piano-Spiel der Spitzenklasse sind angesagt Zwingenberger, Sohn eines Arztes, erhielt ab seinem 6. Lebensjahr Klavierunterricht, kam aber erst mit 17 Jahren mit dem Boogie-Woogie in Ber\u00fchrung. Bis dahin habe er (Zitat) \u201enicht gewusst, dass man\u2026","rel":"","context":"In &quot;News&quot;","block_context":{"text":"News","link":"https:\/\/www.jazzzeitung.de\/cms\/thema\/nachrichten\/"},"img":{"alt_text":"","src":"https:\/\/i0.wp.com\/www.jazzzeitung.de\/cms\/wp-content\/uploads\/2025\/01\/AxelPeter.jpg?fit=1200%2C800&ssl=1&resize=350%2C200","width":350,"height":200,"srcset":"https:\/\/i0.wp.com\/www.jazzzeitung.de\/cms\/wp-content\/uploads\/2025\/01\/AxelPeter.jpg?fit=1200%2C800&ssl=1&resize=350%2C200 1x, https:\/\/i0.wp.com\/www.jazzzeitung.de\/cms\/wp-content\/uploads\/2025\/01\/AxelPeter.jpg?fit=1200%2C800&ssl=1&resize=525%2C300 1.5x, https:\/\/i0.wp.com\/www.jazzzeitung.de\/cms\/wp-content\/uploads\/2025\/01\/AxelPeter.jpg?fit=1200%2C800&ssl=1&resize=700%2C400 2x, https:\/\/i0.wp.com\/www.jazzzeitung.de\/cms\/wp-content\/uploads\/2025\/01\/AxelPeter.jpg?fit=1200%2C800&ssl=1&resize=1050%2C600 3x"},"classes":[]}],"jetpack_sharing_enabled":true,"_links":{"self":[{"href":"https:\/\/www.jazzzeitung.de\/cms\/wp-json\/wp\/v2\/posts\/19138","targetHints":{"allow":["GET"]}}],"collection":[{"href":"https:\/\/www.jazzzeitung.de\/cms\/wp-json\/wp\/v2\/posts"}],"about":[{"href":"https:\/\/www.jazzzeitung.de\/cms\/wp-json\/wp\/v2\/types\/post"}],"author":[{"embeddable":true,"href":"https:\/\/www.jazzzeitung.de\/cms\/wp-json\/wp\/v2\/users\/18"}],"replies":[{"embeddable":true,"href":"https:\/\/www.jazzzeitung.de\/cms\/wp-json\/wp\/v2\/comments?post=19138"}],"version-history":[{"count":6,"href":"https:\/\/www.jazzzeitung.de\/cms\/wp-json\/wp\/v2\/posts\/19138\/revisions"}],"predecessor-version":[{"id":19174,"href":"https:\/\/www.jazzzeitung.de\/cms\/wp-json\/wp\/v2\/posts\/19138\/revisions\/19174"}],"wp:featuredmedia":[{"embeddable":true,"href":"https:\/\/www.jazzzeitung.de\/cms\/wp-json\/wp\/v2\/media\/19140"}],"wp:attachment":[{"href":"https:\/\/www.jazzzeitung.de\/cms\/wp-json\/wp\/v2\/media?parent=19138"}],"wp:term":[{"taxonomy":"category","embeddable":true,"href":"https:\/\/www.jazzzeitung.de\/cms\/wp-json\/wp\/v2\/categories?post=19138"},{"taxonomy":"post_tag","embeddable":true,"href":"https:\/\/www.jazzzeitung.de\/cms\/wp-json\/wp\/v2\/tags?post=19138"},{"taxonomy":"author","embeddable":true,"href":"https:\/\/www.jazzzeitung.de\/cms\/wp-json\/wp\/v2\/coauthors?post=19138"}],"curies":[{"name":"wp","href":"https:\/\/api.w.org\/{rel}","templated":true}]}}