{"id":19132,"date":"2019-04-13T12:26:11","date_gmt":"2019-04-13T10:26:11","guid":{"rendered":"https:\/\/www.jazzzeitung.de\/cms\/?p=19132"},"modified":"2019-04-10T16:03:23","modified_gmt":"2019-04-10T14:03:23","slug":"hollenbeck-blade-und-somi-bei-hr-bigband-zu-gast","status":"publish","type":"post","link":"https:\/\/www.jazzzeitung.de\/cms\/2019\/04\/hollenbeck-blade-und-somi-bei-hr-bigband-zu-gast\/","title":{"rendered":"Hollenbeck, Blade und Somi bei hr-Bigband zu Gast"},"content":{"rendered":"<p>Die hr-Bigband pr\u00e4sentiert im Mai gleich zwei Stars, die bisher eher in kleinerer Besetzung zu h\u00f6ren waren und nun erstmals ihren Sound mit Bigband-Kl\u00e4ngen kombinieren. Zum Monatsabschluss d\u00fcrfen sich die Zuschauer au\u00dferdem auf verjazzte Lieblingssongs von John Hollenbeck freuen.<\/p>\n<p>Am 3. und 4. Mai ist die S\u00e4ngerin Somi zu Gast in Frankfurt. Die US-Amerikanerin mit zentralafrikanischen Wurzeln wird als neuer Stern am Firmament des Jazz gehandelt und wurde schon als die \u201eneue Nina Simone&#8220; bezeichnet. Nun betritt sie gemeinsam mit der hr-Bigband die B\u00fchne der Alten Oper Frankfurt und verbindet ihr gro\u00dfes stimmliches Charisma und ihren weiten musikalischen Horizont mit den klanglichen M\u00f6glichkeiten eines Jazzorchesters. John Beasley leitet die hr-Bigband.<\/p>\n<p><strong> Petite Afrique<\/strong> <strong>\u2013 hr-Bigband meets Somi<br \/>\n<\/strong>Freitag, 3. Mai, 20 Uhr, Alte Oper Frankfurt<br \/>\nSamstag, 4. Mai, 19.30 Uhr, Staatstheater Kassel<\/p>\n<p><a href=\"https:\/\/www.hr-bigband.de\/konzerte\/konzerte-18-19\/petite-afrique--hr-bigband-meets-somi,somi-100.html\">Weitere Informationen<\/a><\/p>\n<p>Am 16. und 17. Mai kommt dann der legend\u00e4re Schlagzeuger Brian Blade mit seiner Fellowship Band, bestehend aus Melvin Butler und Myron Walden am Saxofon, Jon Cowherd am Klavier und Doug Weiss am Bass mit einer Weltpremiere zur hr-Bigband: Blade hat noch nie zuvor mit einer Bigband gespielt und gibt nun mit der hr-Bigband sein Deb\u00fct. Bekannt ist er f\u00fcr sein charakteristisches, stets erkennbares Schlagzeugspiel unter anderem bei Jazzgr\u00f6\u00dfen wie Wayne Shorter, Joshua Redman, Chick Corea, Joni Mitchell und Norah Jones.<\/p>\n<p><strong> Brian Blade &amp; The Fellowship Band<br \/>\n<\/strong>Donnerstag, 16. Mai, 20 Uhr, hr-Sendesaal, Frankfurt<br \/>\nFreitag, 17. Mai, 20 Uhr, hr-Sendesaal, Frankfurt<\/p>\n<p><a href=\"https:\/\/www.hr-bigband.de\/konzerte\/konzerte-18-19\/brian-blade--the-fellowship-band,brian-blade-100.html\"> Weitere Informationen<\/a><\/p>\n<p>Mit \u201eSongs you like a lot\u201c kommt am 25. Mai John Hollenbeck nach Frankfurt, um mit der hr-Bigband sein Triple zu vervollst\u00e4ndigen. Denn nach seinem\u00a0 f\u00fcr einen Grammy nomminierten Album \u201eSongs I like a lot\u201c und dem Nachfolger \u201eSongs we like a lot\u201c mit Lieblingssongs seiner Band, folgt nun ein Konzert mit den Lieblingssongs der Zuschauer. Seine extravaganten Bearbeitungen popul\u00e4rer Songs und sein eingespieltes Trio mit Theo Bleckmann und Kate McGary, sowie Pianist Gary Versace versprechen einen au\u00dfergew\u00f6hnlichen Konzertabend.<\/p>\n<p><strong>Songs you like a lot<br \/>\n<\/strong>Samstag, 25. Mai, 20 Uhr, Dr. Hoch&#8217;s Konservatorium<strong><br \/>\n<\/strong><\/p>\n<p><a href=\"https:\/\/www.hr-bigband.de\/konzerte\/konzerte-18-19\/songs-you-like-a-lot,john-hollenbeck-100.html\">Weitere Informationen<\/a><\/p>\n","protected":false},"excerpt":{"rendered":"<p>Die hr-Bigband pr\u00e4sentiert im Mai gleich zwei Stars, die bisher eher in kleinerer Besetzung zu h\u00f6ren waren und nun erstmals ihren Sound mit Bigband-Kl\u00e4ngen kombinieren. Zum Monatsabschluss d\u00fcrfen sich die Zuschauer au\u00dferdem auf verjazzte Lieblingssongs von John Hollenbeck freuen. Am 3. und 4. Mai ist die S\u00e4ngerin Somi zu Gast in Frankfurt. Die US-Amerikanerin mit zentralafrikanischen Wurzeln wird als neuer Stern am Firmament des Jazz gehandelt und wurde schon als die \u201eneue Nina Simone&#8220; bezeichnet. Nun betritt sie gemeinsam mit der hr-Bigband die B\u00fchne der Alten Oper Frankfurt und verbindet ihr gro\u00dfes stimmliches Charisma und ihren weiten musikalischen Horizont mit den klanglichen M\u00f6glichkeiten eines Jazzorchesters. John Beasley leitet die hr-Bigband. Petite Afrique \u2013 hr-Bigband meets Somi Freitag, 3. Mai, 20 Uhr, Alte Oper Frankfurt Samstag, 4. Mai, 19.30 Uhr, Staatstheater Kassel Weitere Informationen Am 16. und 17. Mai kommt dann der legend\u00e4re Schlagzeuger Brian Blade mit seiner Fellowship Band, bestehend aus Melvin Butler und Myron Walden am Saxofon, Jon Cowherd am Klavier und Doug Weiss am Bass mit einer Weltpremiere zur hr-Bigband: Blade hat noch nie zuvor mit einer Bigband gespielt und gibt nun mit &hellip;<\/p>\n","protected":false},"author":18,"featured_media":19134,"comment_status":"open","ping_status":"closed","sticky":false,"template":"","format":"standard","meta":{"_jetpack_memberships_contains_paid_content":false,"footnotes":"","jetpack_publicize_message":"","jetpack_publicize_feature_enabled":true,"jetpack_social_post_already_shared":false,"jetpack_social_options":{"image_generator_settings":{"template":"highway","default_image_id":0,"font":"","enabled":false},"version":2}},"categories":[633],"tags":[34,1763,73,184,1811,1025,1876,1335,322,1951,2139,1219,1356],"coauthors":[695],"class_list":["post-19132","post","type-post","status-publish","format-standard","has-post-thumbnail","hentry","category-nachrichten","tag-album","tag-bass","tag-bigband","tag-frankfurt","tag-grammy","tag-hr-bigband","tag-jazz","tag-joshua-redman","tag-konzert-2","tag-news","tag-s","tag-theo-bleckmann","tag-trio"],"yoast_head":"<!-- This site is optimized with the Yoast SEO plugin v27.5 - https:\/\/yoast.com\/product\/yoast-seo-wordpress\/ -->\n<title>Hollenbeck, Blade und Somi bei hr-Bigband zu Gast - JazzZeitung<\/title>\n<meta name=\"robots\" content=\"index, follow, max-snippet:-1, max-image-preview:large, max-video-preview:-1\" \/>\n<link rel=\"canonical\" href=\"https:\/\/www.jazzzeitung.de\/cms\/2019\/04\/hollenbeck-blade-und-somi-bei-hr-bigband-zu-gast\/\" \/>\n<meta property=\"og:locale\" content=\"de_DE\" \/>\n<meta property=\"og:type\" content=\"article\" \/>\n<meta property=\"og:title\" content=\"Hollenbeck, Blade und Somi bei hr-Bigband zu Gast - JazzZeitung\" \/>\n<meta property=\"og:description\" content=\"Die hr-Bigband pr\u00e4sentiert im Mai gleich zwei Stars, die bisher eher in kleinerer Besetzung zu h\u00f6ren waren und nun erstmals ihren Sound mit Bigband-Kl\u00e4ngen kombinieren. Zum Monatsabschluss d\u00fcrfen sich die Zuschauer au\u00dferdem auf verjazzte Lieblingssongs von John Hollenbeck freuen. Am 3. und 4. Mai ist die S\u00e4ngerin Somi zu Gast in Frankfurt. Die US-Amerikanerin mit zentralafrikanischen Wurzeln wird als neuer Stern am Firmament des Jazz gehandelt und wurde schon als die \u201eneue Nina Simone&#8220; bezeichnet. Nun betritt sie gemeinsam mit der hr-Bigband die B\u00fchne der Alten Oper Frankfurt und verbindet ihr gro\u00dfes stimmliches Charisma und ihren weiten musikalischen Horizont mit den klanglichen M\u00f6glichkeiten eines Jazzorchesters. John Beasley leitet die hr-Bigband. Petite Afrique \u2013 hr-Bigband meets Somi Freitag, 3. Mai, 20 Uhr, Alte Oper Frankfurt Samstag, 4. Mai, 19.30 Uhr, Staatstheater Kassel Weitere Informationen Am 16. und 17. Mai kommt dann der legend\u00e4re Schlagzeuger Brian Blade mit seiner Fellowship Band, bestehend aus Melvin Butler und Myron Walden am Saxofon, Jon Cowherd am Klavier und Doug Weiss am Bass mit einer Weltpremiere zur hr-Bigband: Blade hat noch nie zuvor mit einer Bigband gespielt und gibt nun mit &hellip;\" \/>\n<meta property=\"og:url\" content=\"https:\/\/www.jazzzeitung.de\/cms\/2019\/04\/hollenbeck-blade-und-somi-bei-hr-bigband-zu-gast\/\" \/>\n<meta property=\"og:site_name\" content=\"JazzZeitung\" \/>\n<meta property=\"article:publisher\" content=\"https:\/\/www.facebook.com\/JazzZeitung\/\" \/>\n<meta property=\"article:published_time\" content=\"2019-04-13T10:26:11+00:00\" \/>\n<meta property=\"og:image\" content=\"https:\/\/i0.wp.com\/www.jazzzeitung.de\/cms\/wp-content\/uploads\/2019\/04\/hr-bigband-118.jpg?fit=2303%2C1535&ssl=1\" \/>\n\t<meta property=\"og:image:width\" content=\"2303\" \/>\n\t<meta property=\"og:image:height\" content=\"1535\" \/>\n\t<meta property=\"og:image:type\" content=\"image\/jpeg\" \/>\n<meta name=\"author\" content=\"Redaktion JazzZeitung\" \/>\n<script type=\"application\/ld+json\" class=\"yoast-schema-graph\">{\"@context\":\"https:\\\/\\\/schema.org\",\"@graph\":[{\"@type\":\"Article\",\"@id\":\"https:\\\/\\\/www.jazzzeitung.de\\\/cms\\\/2019\\\/04\\\/hollenbeck-blade-und-somi-bei-hr-bigband-zu-gast\\\/#article\",\"isPartOf\":{\"@id\":\"https:\\\/\\\/www.jazzzeitung.de\\\/cms\\\/2019\\\/04\\\/hollenbeck-blade-und-somi-bei-hr-bigband-zu-gast\\\/\"},\"author\":{\"name\":\"Redaktion JazzZeitung\",\"@id\":\"https:\\\/\\\/www.jazzzeitung.de\\\/cms\\\/#\\\/schema\\\/person\\\/2245b36b9cd1d24cea10f01c031fb92b\"},\"headline\":\"Hollenbeck, Blade und Somi bei hr-Bigband zu Gast\",\"datePublished\":\"2019-04-13T10:26:11+00:00\",\"mainEntityOfPage\":{\"@id\":\"https:\\\/\\\/www.jazzzeitung.de\\\/cms\\\/2019\\\/04\\\/hollenbeck-blade-und-somi-bei-hr-bigband-zu-gast\\\/\"},\"wordCount\":341,\"commentCount\":0,\"publisher\":{\"@id\":\"https:\\\/\\\/www.jazzzeitung.de\\\/cms\\\/#organization\"},\"image\":{\"@id\":\"https:\\\/\\\/www.jazzzeitung.de\\\/cms\\\/2019\\\/04\\\/hollenbeck-blade-und-somi-bei-hr-bigband-zu-gast\\\/#primaryimage\"},\"thumbnailUrl\":\"https:\\\/\\\/i0.wp.com\\\/www.jazzzeitung.de\\\/cms\\\/wp-content\\\/uploads\\\/2019\\\/04\\\/hr-bigband-118.jpg?fit=2303%2C1535&ssl=1\",\"keywords\":[\"Album\",\"Bass\",\"Bigband\",\"Frankfurt\",\"Grammy\",\"hr-Bigband\",\"Jazz\",\"Joshua Redman\",\"Konzert\",\"News\",\"S\",\"Theo Bleckmann\",\"trio\"],\"articleSection\":[\"News\"],\"inLanguage\":\"de\",\"potentialAction\":[{\"@type\":\"CommentAction\",\"name\":\"Comment\",\"target\":[\"https:\\\/\\\/www.jazzzeitung.de\\\/cms\\\/2019\\\/04\\\/hollenbeck-blade-und-somi-bei-hr-bigband-zu-gast\\\/#respond\"]}]},{\"@type\":\"WebPage\",\"@id\":\"https:\\\/\\\/www.jazzzeitung.de\\\/cms\\\/2019\\\/04\\\/hollenbeck-blade-und-somi-bei-hr-bigband-zu-gast\\\/\",\"url\":\"https:\\\/\\\/www.jazzzeitung.de\\\/cms\\\/2019\\\/04\\\/hollenbeck-blade-und-somi-bei-hr-bigband-zu-gast\\\/\",\"name\":\"Hollenbeck, Blade und Somi bei hr-Bigband zu Gast - JazzZeitung\",\"isPartOf\":{\"@id\":\"https:\\\/\\\/www.jazzzeitung.de\\\/cms\\\/#website\"},\"primaryImageOfPage\":{\"@id\":\"https:\\\/\\\/www.jazzzeitung.de\\\/cms\\\/2019\\\/04\\\/hollenbeck-blade-und-somi-bei-hr-bigband-zu-gast\\\/#primaryimage\"},\"image\":{\"@id\":\"https:\\\/\\\/www.jazzzeitung.de\\\/cms\\\/2019\\\/04\\\/hollenbeck-blade-und-somi-bei-hr-bigband-zu-gast\\\/#primaryimage\"},\"thumbnailUrl\":\"https:\\\/\\\/i0.wp.com\\\/www.jazzzeitung.de\\\/cms\\\/wp-content\\\/uploads\\\/2019\\\/04\\\/hr-bigband-118.jpg?fit=2303%2C1535&ssl=1\",\"datePublished\":\"2019-04-13T10:26:11+00:00\",\"breadcrumb\":{\"@id\":\"https:\\\/\\\/www.jazzzeitung.de\\\/cms\\\/2019\\\/04\\\/hollenbeck-blade-und-somi-bei-hr-bigband-zu-gast\\\/#breadcrumb\"},\"inLanguage\":\"de\",\"potentialAction\":[{\"@type\":\"ReadAction\",\"target\":[\"https:\\\/\\\/www.jazzzeitung.de\\\/cms\\\/2019\\\/04\\\/hollenbeck-blade-und-somi-bei-hr-bigband-zu-gast\\\/\"]}]},{\"@type\":\"ImageObject\",\"inLanguage\":\"de\",\"@id\":\"https:\\\/\\\/www.jazzzeitung.de\\\/cms\\\/2019\\\/04\\\/hollenbeck-blade-und-somi-bei-hr-bigband-zu-gast\\\/#primaryimage\",\"url\":\"https:\\\/\\\/i0.wp.com\\\/www.jazzzeitung.de\\\/cms\\\/wp-content\\\/uploads\\\/2019\\\/04\\\/hr-bigband-118.jpg?fit=2303%2C1535&ssl=1\",\"contentUrl\":\"https:\\\/\\\/i0.wp.com\\\/www.jazzzeitung.de\\\/cms\\\/wp-content\\\/uploads\\\/2019\\\/04\\\/hr-bigband-118.jpg?fit=2303%2C1535&ssl=1\",\"width\":2303,\"height\":1535,\"caption\":\"\u00a9 HR\\\/Dirk Ostermeier - honorarfrei, Verwendung nur im Zusammenhang mit einem redaktionellen Beitrag \u00fcber Sendungen oder Aktivit\u00e4ten des Hessischen Rundfunks, seiner Personen oder seiner Einrichtungen bei Nennung \\\"Bild: HR\\\/Dirk Ostermeier\\\". Andere Verwendung nur nach Absprache. HR\\\/Pressestelle 069\\\/155 -4954, Fax -3005. Bild: Die hr-Bigband.\"},{\"@type\":\"BreadcrumbList\",\"@id\":\"https:\\\/\\\/www.jazzzeitung.de\\\/cms\\\/2019\\\/04\\\/hollenbeck-blade-und-somi-bei-hr-bigband-zu-gast\\\/#breadcrumb\",\"itemListElement\":[{\"@type\":\"ListItem\",\"position\":1,\"name\":\"Startseite\",\"item\":\"https:\\\/\\\/www.jazzzeitung.de\\\/cms\\\/\"},{\"@type\":\"ListItem\",\"position\":2,\"name\":\"Hollenbeck, Blade und Somi bei hr-Bigband zu Gast\"}]},{\"@type\":\"WebSite\",\"@id\":\"https:\\\/\\\/www.jazzzeitung.de\\\/cms\\\/#website\",\"url\":\"https:\\\/\\\/www.jazzzeitung.de\\\/cms\\\/\",\"name\":\"JazzZeitung\",\"description\":\"Jazz-News und Jazz-Kontroverses\",\"publisher\":{\"@id\":\"https:\\\/\\\/www.jazzzeitung.de\\\/cms\\\/#organization\"},\"potentialAction\":[{\"@type\":\"SearchAction\",\"target\":{\"@type\":\"EntryPoint\",\"urlTemplate\":\"https:\\\/\\\/www.jazzzeitung.de\\\/cms\\\/?s={search_term_string}\"},\"query-input\":{\"@type\":\"PropertyValueSpecification\",\"valueRequired\":true,\"valueName\":\"search_term_string\"}}],\"inLanguage\":\"de\"},{\"@type\":\"Organization\",\"@id\":\"https:\\\/\\\/www.jazzzeitung.de\\\/cms\\\/#organization\",\"name\":\"JazzZeitung online\",\"url\":\"https:\\\/\\\/www.jazzzeitung.de\\\/cms\\\/\",\"logo\":{\"@type\":\"ImageObject\",\"inLanguage\":\"de\",\"@id\":\"https:\\\/\\\/www.jazzzeitung.de\\\/cms\\\/#\\\/schema\\\/logo\\\/image\\\/\",\"url\":\"https:\\\/\\\/i0.wp.com\\\/www.jazzzeitung.de\\\/cms\\\/wp-content\\\/uploads\\\/2015\\\/08\\\/JAZZZEITUNGDE_Logo_Neu.png?fit=499%2C200&ssl=1\",\"contentUrl\":\"https:\\\/\\\/i0.wp.com\\\/www.jazzzeitung.de\\\/cms\\\/wp-content\\\/uploads\\\/2015\\\/08\\\/JAZZZEITUNGDE_Logo_Neu.png?fit=499%2C200&ssl=1\",\"width\":499,\"height\":200,\"caption\":\"JazzZeitung online\"},\"image\":{\"@id\":\"https:\\\/\\\/www.jazzzeitung.de\\\/cms\\\/#\\\/schema\\\/logo\\\/image\\\/\"},\"sameAs\":[\"https:\\\/\\\/www.facebook.com\\\/JazzZeitung\\\/\"]},{\"@type\":\"Person\",\"@id\":\"https:\\\/\\\/www.jazzzeitung.de\\\/cms\\\/#\\\/schema\\\/person\\\/2245b36b9cd1d24cea10f01c031fb92b\",\"name\":\"Redaktion JazzZeitung\",\"image\":{\"@type\":\"ImageObject\",\"inLanguage\":\"de\",\"@id\":\"https:\\\/\\\/i0.wp.com\\\/www.jazzzeitung.de\\\/cms\\\/wp-content\\\/uploads\\\/2015\\\/08\\\/JAZZZEITUNGDE_Logo_Neu.png?resize=96%2C96&ssl=159975dcacb611b5700bd619b5daf0a7a\",\"url\":\"https:\\\/\\\/i0.wp.com\\\/www.jazzzeitung.de\\\/cms\\\/wp-content\\\/uploads\\\/2015\\\/08\\\/JAZZZEITUNGDE_Logo_Neu.png?resize=96%2C96&ssl=1\",\"contentUrl\":\"https:\\\/\\\/i0.wp.com\\\/www.jazzzeitung.de\\\/cms\\\/wp-content\\\/uploads\\\/2015\\\/08\\\/JAZZZEITUNGDE_Logo_Neu.png?resize=96%2C96&ssl=1\",\"caption\":\"Redaktion JazzZeitung\"},\"description\":\"Artikel der Redaktion der JazzZeitung.\",\"sameAs\":[\"http:\\\/\\\/www.jazzzeitung.de\\\/cms\\\/\"],\"url\":\"https:\\\/\\\/www.jazzzeitung.de\\\/cms\\\/author\\\/redaktion\\\/\"}]}<\/script>\n<!-- \/ Yoast SEO plugin. -->","yoast_head_json":{"title":"Hollenbeck, Blade und Somi bei hr-Bigband zu Gast - JazzZeitung","robots":{"index":"index","follow":"follow","max-snippet":"max-snippet:-1","max-image-preview":"max-image-preview:large","max-video-preview":"max-video-preview:-1"},"canonical":"https:\/\/www.jazzzeitung.de\/cms\/2019\/04\/hollenbeck-blade-und-somi-bei-hr-bigband-zu-gast\/","og_locale":"de_DE","og_type":"article","og_title":"Hollenbeck, Blade und Somi bei hr-Bigband zu Gast - JazzZeitung","og_description":"Die hr-Bigband pr\u00e4sentiert im Mai gleich zwei Stars, die bisher eher in kleinerer Besetzung zu h\u00f6ren waren und nun erstmals ihren Sound mit Bigband-Kl\u00e4ngen kombinieren. Zum Monatsabschluss d\u00fcrfen sich die Zuschauer au\u00dferdem auf verjazzte Lieblingssongs von John Hollenbeck freuen. Am 3. und 4. Mai ist die S\u00e4ngerin Somi zu Gast in Frankfurt. Die US-Amerikanerin mit zentralafrikanischen Wurzeln wird als neuer Stern am Firmament des Jazz gehandelt und wurde schon als die \u201eneue Nina Simone&#8220; bezeichnet. Nun betritt sie gemeinsam mit der hr-Bigband die B\u00fchne der Alten Oper Frankfurt und verbindet ihr gro\u00dfes stimmliches Charisma und ihren weiten musikalischen Horizont mit den klanglichen M\u00f6glichkeiten eines Jazzorchesters. John Beasley leitet die hr-Bigband. Petite Afrique \u2013 hr-Bigband meets Somi Freitag, 3. Mai, 20 Uhr, Alte Oper Frankfurt Samstag, 4. Mai, 19.30 Uhr, Staatstheater Kassel Weitere Informationen Am 16. und 17. Mai kommt dann der legend\u00e4re Schlagzeuger Brian Blade mit seiner Fellowship Band, bestehend aus Melvin Butler und Myron Walden am Saxofon, Jon Cowherd am Klavier und Doug Weiss am Bass mit einer Weltpremiere zur hr-Bigband: Blade hat noch nie zuvor mit einer Bigband gespielt und gibt nun mit &hellip;","og_url":"https:\/\/www.jazzzeitung.de\/cms\/2019\/04\/hollenbeck-blade-und-somi-bei-hr-bigband-zu-gast\/","og_site_name":"JazzZeitung","article_publisher":"https:\/\/www.facebook.com\/JazzZeitung\/","article_published_time":"2019-04-13T10:26:11+00:00","og_image":[{"width":2303,"height":1535,"url":"https:\/\/i0.wp.com\/www.jazzzeitung.de\/cms\/wp-content\/uploads\/2019\/04\/hr-bigband-118.jpg?fit=2303%2C1535&ssl=1","type":"image\/jpeg"}],"author":"Redaktion JazzZeitung","schema":{"@context":"https:\/\/schema.org","@graph":[{"@type":"Article","@id":"https:\/\/www.jazzzeitung.de\/cms\/2019\/04\/hollenbeck-blade-und-somi-bei-hr-bigband-zu-gast\/#article","isPartOf":{"@id":"https:\/\/www.jazzzeitung.de\/cms\/2019\/04\/hollenbeck-blade-und-somi-bei-hr-bigband-zu-gast\/"},"author":{"name":"Redaktion JazzZeitung","@id":"https:\/\/www.jazzzeitung.de\/cms\/#\/schema\/person\/2245b36b9cd1d24cea10f01c031fb92b"},"headline":"Hollenbeck, Blade und Somi bei hr-Bigband zu Gast","datePublished":"2019-04-13T10:26:11+00:00","mainEntityOfPage":{"@id":"https:\/\/www.jazzzeitung.de\/cms\/2019\/04\/hollenbeck-blade-und-somi-bei-hr-bigband-zu-gast\/"},"wordCount":341,"commentCount":0,"publisher":{"@id":"https:\/\/www.jazzzeitung.de\/cms\/#organization"},"image":{"@id":"https:\/\/www.jazzzeitung.de\/cms\/2019\/04\/hollenbeck-blade-und-somi-bei-hr-bigband-zu-gast\/#primaryimage"},"thumbnailUrl":"https:\/\/i0.wp.com\/www.jazzzeitung.de\/cms\/wp-content\/uploads\/2019\/04\/hr-bigband-118.jpg?fit=2303%2C1535&ssl=1","keywords":["Album","Bass","Bigband","Frankfurt","Grammy","hr-Bigband","Jazz","Joshua Redman","Konzert","News","S","Theo Bleckmann","trio"],"articleSection":["News"],"inLanguage":"de","potentialAction":[{"@type":"CommentAction","name":"Comment","target":["https:\/\/www.jazzzeitung.de\/cms\/2019\/04\/hollenbeck-blade-und-somi-bei-hr-bigband-zu-gast\/#respond"]}]},{"@type":"WebPage","@id":"https:\/\/www.jazzzeitung.de\/cms\/2019\/04\/hollenbeck-blade-und-somi-bei-hr-bigband-zu-gast\/","url":"https:\/\/www.jazzzeitung.de\/cms\/2019\/04\/hollenbeck-blade-und-somi-bei-hr-bigband-zu-gast\/","name":"Hollenbeck, Blade und Somi bei hr-Bigband zu Gast - JazzZeitung","isPartOf":{"@id":"https:\/\/www.jazzzeitung.de\/cms\/#website"},"primaryImageOfPage":{"@id":"https:\/\/www.jazzzeitung.de\/cms\/2019\/04\/hollenbeck-blade-und-somi-bei-hr-bigband-zu-gast\/#primaryimage"},"image":{"@id":"https:\/\/www.jazzzeitung.de\/cms\/2019\/04\/hollenbeck-blade-und-somi-bei-hr-bigband-zu-gast\/#primaryimage"},"thumbnailUrl":"https:\/\/i0.wp.com\/www.jazzzeitung.de\/cms\/wp-content\/uploads\/2019\/04\/hr-bigband-118.jpg?fit=2303%2C1535&ssl=1","datePublished":"2019-04-13T10:26:11+00:00","breadcrumb":{"@id":"https:\/\/www.jazzzeitung.de\/cms\/2019\/04\/hollenbeck-blade-und-somi-bei-hr-bigband-zu-gast\/#breadcrumb"},"inLanguage":"de","potentialAction":[{"@type":"ReadAction","target":["https:\/\/www.jazzzeitung.de\/cms\/2019\/04\/hollenbeck-blade-und-somi-bei-hr-bigband-zu-gast\/"]}]},{"@type":"ImageObject","inLanguage":"de","@id":"https:\/\/www.jazzzeitung.de\/cms\/2019\/04\/hollenbeck-blade-und-somi-bei-hr-bigband-zu-gast\/#primaryimage","url":"https:\/\/i0.wp.com\/www.jazzzeitung.de\/cms\/wp-content\/uploads\/2019\/04\/hr-bigband-118.jpg?fit=2303%2C1535&ssl=1","contentUrl":"https:\/\/i0.wp.com\/www.jazzzeitung.de\/cms\/wp-content\/uploads\/2019\/04\/hr-bigband-118.jpg?fit=2303%2C1535&ssl=1","width":2303,"height":1535,"caption":"\u00a9 HR\/Dirk Ostermeier - honorarfrei, Verwendung nur im Zusammenhang mit einem redaktionellen Beitrag \u00fcber Sendungen oder Aktivit\u00e4ten des Hessischen Rundfunks, seiner Personen oder seiner Einrichtungen bei Nennung \"Bild: HR\/Dirk Ostermeier\". Andere Verwendung nur nach Absprache. HR\/Pressestelle 069\/155 -4954, Fax -3005. Bild: Die hr-Bigband."},{"@type":"BreadcrumbList","@id":"https:\/\/www.jazzzeitung.de\/cms\/2019\/04\/hollenbeck-blade-und-somi-bei-hr-bigband-zu-gast\/#breadcrumb","itemListElement":[{"@type":"ListItem","position":1,"name":"Startseite","item":"https:\/\/www.jazzzeitung.de\/cms\/"},{"@type":"ListItem","position":2,"name":"Hollenbeck, Blade und Somi bei hr-Bigband zu Gast"}]},{"@type":"WebSite","@id":"https:\/\/www.jazzzeitung.de\/cms\/#website","url":"https:\/\/www.jazzzeitung.de\/cms\/","name":"JazzZeitung","description":"Jazz-News und Jazz-Kontroverses","publisher":{"@id":"https:\/\/www.jazzzeitung.de\/cms\/#organization"},"potentialAction":[{"@type":"SearchAction","target":{"@type":"EntryPoint","urlTemplate":"https:\/\/www.jazzzeitung.de\/cms\/?s={search_term_string}"},"query-input":{"@type":"PropertyValueSpecification","valueRequired":true,"valueName":"search_term_string"}}],"inLanguage":"de"},{"@type":"Organization","@id":"https:\/\/www.jazzzeitung.de\/cms\/#organization","name":"JazzZeitung online","url":"https:\/\/www.jazzzeitung.de\/cms\/","logo":{"@type":"ImageObject","inLanguage":"de","@id":"https:\/\/www.jazzzeitung.de\/cms\/#\/schema\/logo\/image\/","url":"https:\/\/i0.wp.com\/www.jazzzeitung.de\/cms\/wp-content\/uploads\/2015\/08\/JAZZZEITUNGDE_Logo_Neu.png?fit=499%2C200&ssl=1","contentUrl":"https:\/\/i0.wp.com\/www.jazzzeitung.de\/cms\/wp-content\/uploads\/2015\/08\/JAZZZEITUNGDE_Logo_Neu.png?fit=499%2C200&ssl=1","width":499,"height":200,"caption":"JazzZeitung online"},"image":{"@id":"https:\/\/www.jazzzeitung.de\/cms\/#\/schema\/logo\/image\/"},"sameAs":["https:\/\/www.facebook.com\/JazzZeitung\/"]},{"@type":"Person","@id":"https:\/\/www.jazzzeitung.de\/cms\/#\/schema\/person\/2245b36b9cd1d24cea10f01c031fb92b","name":"Redaktion JazzZeitung","image":{"@type":"ImageObject","inLanguage":"de","@id":"https:\/\/i0.wp.com\/www.jazzzeitung.de\/cms\/wp-content\/uploads\/2015\/08\/JAZZZEITUNGDE_Logo_Neu.png?resize=96%2C96&ssl=159975dcacb611b5700bd619b5daf0a7a","url":"https:\/\/i0.wp.com\/www.jazzzeitung.de\/cms\/wp-content\/uploads\/2015\/08\/JAZZZEITUNGDE_Logo_Neu.png?resize=96%2C96&ssl=1","contentUrl":"https:\/\/i0.wp.com\/www.jazzzeitung.de\/cms\/wp-content\/uploads\/2015\/08\/JAZZZEITUNGDE_Logo_Neu.png?resize=96%2C96&ssl=1","caption":"Redaktion JazzZeitung"},"description":"Artikel der Redaktion der JazzZeitung.","sameAs":["http:\/\/www.jazzzeitung.de\/cms\/"],"url":"https:\/\/www.jazzzeitung.de\/cms\/author\/redaktion\/"}]}},"wp-worthy-pixel":{"ignored":false,"public":null,"server":null,"url":null},"wp-worthy-type":"normal","jetpack_publicize_connections":[],"cc_featured_image_caption":{"caption_text":"","source_text":"","source_url":""},"jetpack_featured_media_url":"https:\/\/i0.wp.com\/www.jazzzeitung.de\/cms\/wp-content\/uploads\/2019\/04\/hr-bigband-118.jpg?fit=2303%2C1535&ssl=1","jetpack_shortlink":"https:\/\/wp.me\/p3KEcT-4YA","jetpack-related-posts":[{"id":23905,"url":"https:\/\/www.jazzzeitung.de\/cms\/2020\/12\/zweifache-grammy-nominierung-fuer-die-hr-bigband\/","url_meta":{"origin":19132,"position":0},"title":"Zweifache Grammy-Nominierung f\u00fcr die hr-Bigband","author":"Redaktion JazzZeitung","date":"1. Dezember 2020","format":false,"excerpt":"Die beiden Produktionen \u201eHoly Room\u201c mit der S\u00e4ngerin Somi sowie \u201eSongs You Like A Lot\u201c mit John Hollenbeck sind f\u00fcr die Grammy Awards 2021 nominiert worden. \u201eWir freuen uns riesig, dass diese beiden Produktionen in diesen wichtigen Kategorien nominiert sind\u201c, so der Orchestermanager der hr-Bigband, Olaf St\u00f6tzler, \u201ef\u00fcr die hr-Bigband\u2026","rel":"","context":"In &quot;News&quot;","block_context":{"text":"News","link":"https:\/\/www.jazzzeitung.de\/cms\/thema\/nachrichten\/"},"img":{"alt_text":"","src":"https:\/\/i0.wp.com\/www.jazzzeitung.de\/cms\/wp-content\/uploads\/2020\/12\/somi-holy-room-download-100.jpg?fit=1200%2C1200&ssl=1&resize=350%2C200","width":350,"height":200,"srcset":"https:\/\/i0.wp.com\/www.jazzzeitung.de\/cms\/wp-content\/uploads\/2020\/12\/somi-holy-room-download-100.jpg?fit=1200%2C1200&ssl=1&resize=350%2C200 1x, https:\/\/i0.wp.com\/www.jazzzeitung.de\/cms\/wp-content\/uploads\/2020\/12\/somi-holy-room-download-100.jpg?fit=1200%2C1200&ssl=1&resize=525%2C300 1.5x, https:\/\/i0.wp.com\/www.jazzzeitung.de\/cms\/wp-content\/uploads\/2020\/12\/somi-holy-room-download-100.jpg?fit=1200%2C1200&ssl=1&resize=700%2C400 2x, https:\/\/i0.wp.com\/www.jazzzeitung.de\/cms\/wp-content\/uploads\/2020\/12\/somi-holy-room-download-100.jpg?fit=1200%2C1200&ssl=1&resize=1050%2C600 3x"},"classes":[]},{"id":7450,"url":"https:\/\/www.jazzzeitung.de\/cms\/2015\/10\/hoellen-jazz-und-michael-mantler-frankfurt\/","url_meta":{"origin":19132,"position":1},"title":"H\u00f6llen-Jazz und Michael Mantler in Frankfurt","author":"Redaktion JazzZeitung","date":"23. Oktober 2015","format":false,"excerpt":"Der Auftritt der hr-Bigband am ersten Konzertabend des 46. Deutschen Jazzfestivals Frankfurt wird eine spannende Begegnung mit dem Free-Jazz-Trompeter und Bigband-Komponisten Michael Mantler. Unter der Leitung von Christoph Cech wird er das dreit\u00e4gige Festival am Donnerstag, 29. Oktober, im hr-Sendesaal er\u00f6ffnen. Der Festivalsamstag, 31. Oktober, steht ganz im Zeichen von\u2026","rel":"","context":"In &quot;Redaktionelle Nachrichten&quot;","block_context":{"text":"Redaktionelle Nachrichten","link":"https:\/\/www.jazzzeitung.de\/cms\/thema\/redaktion\/"},"img":{"alt_text":"\u00a9 HR\/Sascha Rheker\/attenzione","src":"https:\/\/i0.wp.com\/www.jazzzeitung.de\/cms\/wp-content\/uploads\/2015\/10\/michael-mantler-150x150.jpg?resize=350%2C200","width":350,"height":200},"classes":[]},{"id":15922,"url":"https:\/\/www.jazzzeitung.de\/cms\/2018\/05\/jugend-jazzt-2018\/","url_meta":{"origin":19132,"position":2},"title":"16. Bundesbegegnung Jugend jazzt in Frankfurt am Main","author":"Redaktion JazzZeitung","date":"7. Mai 2018","format":false,"excerpt":"Diese Woche startet die 16. Bundesbegegnung Jugend jazzt (10.-12. Mai 2018) in Frankfurt am Main. Rund 350 junge Jazzmusikerinnen und -musiker werden aus der gesamten Republik nach Frankfurt reisen, um sich in Wertungsspielen, Konzerten, Sessions und Workshops zu begegnen, sich kennenzulernen und auszutauschen. Die Bundesbegegnung wird er\u00f6ffnet mit einem Konzert\u2026","rel":"","context":"In &quot;News&quot;","block_context":{"text":"News","link":"https:\/\/www.jazzzeitung.de\/cms\/thema\/nachrichten\/"},"img":{"alt_text":"","src":"https:\/\/i0.wp.com\/www.jazzzeitung.de\/cms\/wp-content\/uploads\/2018\/05\/Logo_Jugend_jazzt.jpg?fit=1200%2C802&ssl=1&resize=350%2C200","width":350,"height":200,"srcset":"https:\/\/i0.wp.com\/www.jazzzeitung.de\/cms\/wp-content\/uploads\/2018\/05\/Logo_Jugend_jazzt.jpg?fit=1200%2C802&ssl=1&resize=350%2C200 1x, https:\/\/i0.wp.com\/www.jazzzeitung.de\/cms\/wp-content\/uploads\/2018\/05\/Logo_Jugend_jazzt.jpg?fit=1200%2C802&ssl=1&resize=525%2C300 1.5x, https:\/\/i0.wp.com\/www.jazzzeitung.de\/cms\/wp-content\/uploads\/2018\/05\/Logo_Jugend_jazzt.jpg?fit=1200%2C802&ssl=1&resize=700%2C400 2x, https:\/\/i0.wp.com\/www.jazzzeitung.de\/cms\/wp-content\/uploads\/2018\/05\/Logo_Jugend_jazzt.jpg?fit=1200%2C802&ssl=1&resize=1050%2C600 3x"},"classes":[]},{"id":19512,"url":"https:\/\/www.jazzzeitung.de\/cms\/2019\/05\/news-hr-bigband-mit-cuba-2-0-gaststar-till-broenner-und-weiteren-hoehepunkten-spanien-und-portugal-schwerpunktlaender-beim-suedtirol-jazzfestival\/","url_meta":{"origin":19132,"position":3},"title":"+++ news +++ hr-Bigband mit \u201eCuba 2.0\u201c, Gaststar Till Br\u00f6nner und weiteren H\u00f6hepunkten +++ Spanien und Portugal Schwerpunktl\u00e4nder beim S\u00fcdtirol Jazzfestival +++","author":"Redaktion JazzZeitung","date":"23. Mai 2019","format":false,"excerpt":"\u201eDen eigenen Gef\u00fchlen und Assoziationen freien Lauf lassen und aus der Musik das sch\u00f6pfen, was man von ihr will oder was man von ihr braucht.\u201c Das legt Orchestermanager Olaf St\u00f6tzler in seinem Vorwort zur neuen Saison den Zuh\u00f6rerinnen und Zuh\u00f6rern der hr-Bigband ans Herz. Die neue Spielzeit birgt mit ihren\u2026","rel":"","context":"In &quot;News&quot;","block_context":{"text":"News","link":"https:\/\/www.jazzzeitung.de\/cms\/thema\/nachrichten\/"},"img":{"alt_text":"","src":"https:\/\/i0.wp.com\/www.jazzzeitung.de\/cms\/wp-content\/uploads\/2019\/04\/hr-bigband-118.jpg?fit=1200%2C800&ssl=1&resize=350%2C200","width":350,"height":200,"srcset":"https:\/\/i0.wp.com\/www.jazzzeitung.de\/cms\/wp-content\/uploads\/2019\/04\/hr-bigband-118.jpg?fit=1200%2C800&ssl=1&resize=350%2C200 1x, https:\/\/i0.wp.com\/www.jazzzeitung.de\/cms\/wp-content\/uploads\/2019\/04\/hr-bigband-118.jpg?fit=1200%2C800&ssl=1&resize=525%2C300 1.5x, https:\/\/i0.wp.com\/www.jazzzeitung.de\/cms\/wp-content\/uploads\/2019\/04\/hr-bigband-118.jpg?fit=1200%2C800&ssl=1&resize=700%2C400 2x, https:\/\/i0.wp.com\/www.jazzzeitung.de\/cms\/wp-content\/uploads\/2019\/04\/hr-bigband-118.jpg?fit=1200%2C800&ssl=1&resize=1050%2C600 3x"},"classes":[]},{"id":9472,"url":"https:\/\/www.jazzzeitung.de\/cms\/2016\/06\/news-hr-bigband-saison-20162017-applaus-workshops-trio-rosenrot-braucht-unterstuetzung\/","url_meta":{"origin":19132,"position":4},"title":"+++ News +++ hr-Bigband Saison 2016\/2017 +++ Applaus-Workshops +++ trio Rosenrot braucht Unterst\u00fctzung +++","author":"Redaktion JazzZeitung","date":"8. Juni 2016","format":false,"excerpt":"+++ hr-Bigband in der Saison 2016\/2017 +++ \u201eEine Reise von Louis Armstrong bis Nik B\u00e4rtsch mit einigen faszinierenden Zwischenstopps \u2013 das wird eine gro\u00dfartige Saison\u201c, sagt Jim McNeely voller Vorfreude auf seine sechste Spielzeit bei der hr-Bigband. \u201eEs ist eine der besten Nebeneffekte als Chefdirigent der hr-Bigband, dass ich eine\u2026","rel":"","context":"In &quot;News&quot;","block_context":{"text":"News","link":"https:\/\/www.jazzzeitung.de\/cms\/thema\/nachrichten\/"},"img":{"alt_text":"Foto: hr\/Dirk Ostermeier","src":"https:\/\/i0.wp.com\/www.jazzzeitung.de\/cms\/wp-content\/uploads\/2016\/06\/hr.cms_.servlet.IMS_-150x150.jpg?resize=350%2C200","width":350,"height":200},"classes":[]},{"id":12974,"url":"https:\/\/www.jazzzeitung.de\/cms\/2017\/07\/neue-cd-von-django-bates-und-hr-bigband-saluting-sgt-pepper\/","url_meta":{"origin":19132,"position":5},"title":"Neue CD von Django Bates und hr-Bigband: &#8222;Saluting Sgt. Pepper&#8220;","author":"Redaktion JazzZeitung","date":"11. Juli 2017","format":false,"excerpt":"Im Juni 1967 erschien das wohl einflussreichste Rockalbum aller Zeiten: \u201eSgt. Pepper\u2019s Lonely Hearts Club Band\u201c von den Beatles. Django Bates schenkte es damals seiner Schwester: \u201eDurch die geschlossene T\u00fcr ihres Zimmers h\u00f6rte ich diese unglaubliche Vielfalt der Kl\u00e4nge, Genres, Effekte und \u00dcberraschungen.\" Zum 50. Geburtstag dieses Meilensteins der Popgeschichte\u2026","rel":"","context":"In &quot;Rezension&quot;","block_context":{"text":"Rezension","link":"https:\/\/www.jazzzeitung.de\/cms\/thema\/rezension\/"},"img":{"alt_text":"","src":"https:\/\/i0.wp.com\/www.jazzzeitung.de\/cms\/wp-content\/uploads\/2017\/07\/salutingsgtpepper_cdcover-100_story-salutingsgtpepper__cd-100-150x150.jpg?resize=350%2C200&ssl=1","width":350,"height":200},"classes":[]}],"jetpack_sharing_enabled":true,"_links":{"self":[{"href":"https:\/\/www.jazzzeitung.de\/cms\/wp-json\/wp\/v2\/posts\/19132","targetHints":{"allow":["GET"]}}],"collection":[{"href":"https:\/\/www.jazzzeitung.de\/cms\/wp-json\/wp\/v2\/posts"}],"about":[{"href":"https:\/\/www.jazzzeitung.de\/cms\/wp-json\/wp\/v2\/types\/post"}],"author":[{"embeddable":true,"href":"https:\/\/www.jazzzeitung.de\/cms\/wp-json\/wp\/v2\/users\/18"}],"replies":[{"embeddable":true,"href":"https:\/\/www.jazzzeitung.de\/cms\/wp-json\/wp\/v2\/comments?post=19132"}],"version-history":[{"count":5,"href":"https:\/\/www.jazzzeitung.de\/cms\/wp-json\/wp\/v2\/posts\/19132\/revisions"}],"predecessor-version":[{"id":19210,"href":"https:\/\/www.jazzzeitung.de\/cms\/wp-json\/wp\/v2\/posts\/19132\/revisions\/19210"}],"wp:featuredmedia":[{"embeddable":true,"href":"https:\/\/www.jazzzeitung.de\/cms\/wp-json\/wp\/v2\/media\/19134"}],"wp:attachment":[{"href":"https:\/\/www.jazzzeitung.de\/cms\/wp-json\/wp\/v2\/media?parent=19132"}],"wp:term":[{"taxonomy":"category","embeddable":true,"href":"https:\/\/www.jazzzeitung.de\/cms\/wp-json\/wp\/v2\/categories?post=19132"},{"taxonomy":"post_tag","embeddable":true,"href":"https:\/\/www.jazzzeitung.de\/cms\/wp-json\/wp\/v2\/tags?post=19132"},{"taxonomy":"author","embeddable":true,"href":"https:\/\/www.jazzzeitung.de\/cms\/wp-json\/wp\/v2\/coauthors?post=19132"}],"curies":[{"name":"wp","href":"https:\/\/api.w.org\/{rel}","templated":true}]}}