{"id":19084,"date":"2019-04-02T11:19:46","date_gmt":"2019-04-02T09:19:46","guid":{"rendered":"https:\/\/www.jazzzeitung.de\/cms\/?p=19084"},"modified":"2019-04-02T12:43:17","modified_gmt":"2019-04-02T10:43:17","slug":"der-wdr-startet-seine-programmreform-und-stolpert","status":"publish","type":"post","link":"https:\/\/www.jazzzeitung.de\/cms\/2019\/04\/der-wdr-startet-seine-programmreform-und-stolpert\/","title":{"rendered":"Der WDR startet seine Programmreform und stolpert"},"content":{"rendered":"<figure id=\"attachment_19085\" aria-describedby=\"caption-attachment-19085\" style=\"width: 346px\" class=\"wp-caption alignright\"><a href=\"https:\/\/i0.wp.com\/www.jazzzeitung.de\/cms\/wp-content\/uploads\/2019\/04\/screenshot-www.jazzzeitung.de-2019.04.02-09-53-33.png?ssl=1\"><img data-recalc-dims=\"1\" loading=\"lazy\" decoding=\"async\" data-attachment-id=\"19085\" data-permalink=\"https:\/\/www.jazzzeitung.de\/cms\/2019\/04\/der-wdr-startet-seine-programmreform-und-stolpert\/screenshot-www-jazzzeitung-de-2019-04-02-09-53-33\/\" data-orig-file=\"https:\/\/i0.wp.com\/www.jazzzeitung.de\/cms\/wp-content\/uploads\/2019\/04\/screenshot-www.jazzzeitung.de-2019.04.02-09-53-33.png?fit=346%2C417&amp;ssl=1\" data-orig-size=\"346,417\" data-comments-opened=\"1\" data-image-meta=\"{&quot;aperture&quot;:&quot;0&quot;,&quot;credit&quot;:&quot;&quot;,&quot;camera&quot;:&quot;&quot;,&quot;caption&quot;:&quot;&quot;,&quot;created_timestamp&quot;:&quot;0&quot;,&quot;copyright&quot;:&quot;&quot;,&quot;focal_length&quot;:&quot;0&quot;,&quot;iso&quot;:&quot;0&quot;,&quot;shutter_speed&quot;:&quot;0&quot;,&quot;title&quot;:&quot;&quot;,&quot;orientation&quot;:&quot;0&quot;}\" data-image-title=\"Ergebnis der Umfrage zu Jazzsendungen im Rundfunk.\" data-image-description=\"&lt;p&gt;Ergebnis der Umfrage zu Jazzsendungen im Rundfunk.&lt;\/p&gt;\n\" data-image-caption=\"&lt;p&gt;Ergebnis der Umfrage zu Jazzsendungen im Rundfunk.&lt;\/p&gt;\n\" data-large-file=\"https:\/\/i0.wp.com\/www.jazzzeitung.de\/cms\/wp-content\/uploads\/2019\/04\/screenshot-www.jazzzeitung.de-2019.04.02-09-53-33.png?fit=346%2C417&amp;ssl=1\" class=\"size-full wp-image-19085\" src=\"https:\/\/i0.wp.com\/www.jazzzeitung.de\/cms\/wp-content\/uploads\/2019\/04\/screenshot-www.jazzzeitung.de-2019.04.02-09-53-33.png?resize=346%2C417&#038;ssl=1\" alt=\"Ergebnis der Umfrage zu Jazzsendungen im Rundfunk.\" width=\"346\" height=\"417\" srcset=\"https:\/\/i0.wp.com\/www.jazzzeitung.de\/cms\/wp-content\/uploads\/2019\/04\/screenshot-www.jazzzeitung.de-2019.04.02-09-53-33.png?w=346&amp;ssl=1 346w, https:\/\/i0.wp.com\/www.jazzzeitung.de\/cms\/wp-content\/uploads\/2019\/04\/screenshot-www.jazzzeitung.de-2019.04.02-09-53-33.png?resize=249%2C300&amp;ssl=1 249w\" sizes=\"auto, (max-width: 346px) 100vw, 346px\" \/><\/a><figcaption id=\"caption-attachment-19085\" class=\"wp-caption-text\">Ergebnis der Umfrage zu Jazzsendungen im Rundfunk.<\/figcaption><\/figure>\n<p>Bis gestern lief unsere kleine Umfrage in Sachen \u201e<a href=\"https:\/\/www.jazzzeitung.de\/cms\/2019\/03\/jazzprogramme-im-hessischen-und-westdeutschen-rundfunk-im-umbruch\/\">Reform der Jazzstrecke\u201c beim WDR<\/a>. Diese nicht repr\u00e4sentative Umfrage auf jazzzeitung.de kam gleichwohl zu einem klaren Ergebnis. Auf die Frage, ob man sich lieber Autorinnensendungen oder kuratierte und moderierte Playlists w\u00fcnsche, gaben doch ca. 73 % der Abstimmenden der Autorinnensendung ihren Vorzug. Nur 12,5 % erwarten eher moderierte und kuratierte Playlist. Mehr von beidem w\u00fcnschten sich etwa 14 %. Nat\u00fcrlich handelt es sich nur um ein Stimmungsbild von wahrscheinlich jazzaffinen Personen. Der WDR hat sich aber l\u00e4ngst gegen die Autorinnensendung ausgesprochen. Und hat daf\u00fcr von Michael R\u00fcsenberg auf jazzcity.de ordentlich Kritik im Vorfeld unter dem Titel \u201e<a href=\"https:\/\/jazzcity.de\/index.php\/news\/2289-jazz-kahlschlag-auf-wdr3\">Jazz-Kahlschlag auf WDR3<\/a>\u201c oder Hans Hoff bei der S\u00fcddeutschen Zeitung (\u201e<a href=\"https:\/\/www.sueddeutsche.de\/medien\/ende-von-jazz-world-genug-improvisiert-1.4381342\">Genug improvisiert<\/a>\u201c) bekommen.<\/p>\n<h2>Zur Sache<\/h2>\n<p>Gestern ging es los mit Nina Heinrichs moderiertem Mixtape zum aktuellen Jazz und drumherum. Das Ganze startete unspektakul\u00e4r mit den Worten:<\/p>\n<p>\u201e[Trailer]WDR 3 mit Jazz &amp; World \u2013 [Moderation] \u201emit <a href=\"https:\/\/www1.wdr.de\/radio\/wdr3\/musik\/jazz\/vorstellung-mod-nina-heinrichs-100.html\">Nina Heinrichs<\/a>. Einen wundersch\u00f6nen guten Abend w\u00fcnsche ich. So. \u201eThe Oracles\u201c, so hei\u00dft das Deb\u00fctalbum von Angel Bat Davis. Wobei man eigentlich sagen m\u00fcsste: Deb\u00fctkassette. Sie hat das Ganze n\u00e4mlich auf Tape ver\u00f6ffentlicht. Nachdem Plattenspieler kann man nun also getrost seinen Walkman aus dem Keller holen. Das beruhigt mich pers\u00f6nlich sehr. Angel Bat Davis ist Klarinettistin aus Chicago und sie hat irgendwann ihren Job hingeschmissen, ist auf Weltreise gegangen und dabei ist \u201eThe Oracles\u201c entstanden. Das Album ist `ne One-Woman-Show. Sie hat alle Stimmen und Instrumente selber eingespielt und das Album auch selber produziert, und zwar unterwegs auf ihrem iPhone. Thematisch steht es in der Tradition des Afrofuturismus, erinnert an Sun Ra oder auch George Clinton. Angel Bat Davis zieht sich zwar keinen Raumanzug an, oder spielt mit Adroiden als Symbol f\u00fcr Versklavung wie das beispielsweise Janell Monet gemacht hat, aber auch sie macht auf Rassismus aufmerksam und erz\u00e4hlt, wie es ist, in einer schwarzen Haut zu stecken. Der Song, den wir jetzt h\u00f6ren, weist dezent darauf hin, womit wir uns heute in der Sendung noch ausgiebig besch\u00e4ftigen werden. Hier ist Angel Bat Davis mit \u201eLondon\u201c. [Musik]<\/p>\n<p>Kein Wort zur Neuausrichtung der Jazzstrecke von irgendwem. Es geht einfach los. Der WDR macht weiter wie bisher ohne so weiterzumachen wie bisher. Das ist irgendwie mutig, d\u00fcrfte aber die traditionellen H\u00f6renden etwas ratlos zur\u00fccklassen. Wer das neue Jazz-Programmschema vielleicht doch zuvor angeschaut hat, ist aber im Bilde: \u201e<strong>Improvisiertes zum Tagesausklang<\/strong>\u201c nennt sich dieser Sendeplatz im Untertitel, dem sie nun wohl tats\u00e4chlich gerecht wird. Die Sendung h\u00fcpft dann thematisch zwischen Rassismus, Brexit und Mauerbau herum, bringt sicher viel neue Musik, die man nicht direkt auf dem Schirm hat. Die Live-Moderation ist dabei locker und wenig tiefsch\u00fcrfend. Immer wieder werden mal so \u201ekleine Geschichten\u201c von der Hintertreppe der Jazzgeschichte eingeflochten. Man muss ja Br\u00fccken bauen zwischen den Musikeinspielungen. Ich finde das reichlich nett, aber auch egal. Vielleicht muss man den Jazz und sein musikalisches Drumherum auch nicht so wichtig nehmen.<\/p>\n<p><strong>Manche Stilbl\u00fcte ist dabei<\/strong>: Wenn Nina Heinrichs \u00fcber den Mauerbauwunsch Trumps \u00fcberleitet zur Br\u00fccke Mary Halvorson und London, weshalb es ein Beatles-Cover von \u201eWith a little help from my friends\u201c g\u00e4be, weil \u201eFreunde braucht man, wenn man Mauern bauen will\u201c. Das ging reichlich schief. Improvisiertes zum Tagesausklang wird da dann doch etwas sehr wortw\u00f6rtlich genommen.<\/p>\n<p>Ich hatte ehrlich gesagt zu Beginn der Sendung erwartet, dass man ein bisschen erkl\u00e4rt, warum man was an der Jazzstrecke nun \u00e4ndert. Vielleicht ein erkl\u00e4rendes Wort der neuen Redakteurin Tinka Koch. Aber man hat es eben anders entschieden. Diskurs ist ja immer auch irgendwie gef\u00e4hrlich.<\/p>\n<p>Die Musikauswahl war ja \u201einteressant\u201c, die Gesamtlinie wirkte aber auf mich doch relativ locker die Musik anekdotisch bequasselnd, einige O-T\u00f6ne sichern Authentizit\u00e4t und Recherche-Wissen. Sicher professionell gemacht und gesprochen.<\/p>\n<p>Man wird schauen m\u00fcssen, wie sich die anderen drei Moderatorinnen schlagen werden. Es d\u00fcrfte aber doch sehr schade sein, wenn man nun wirklich auf Autorinnensendungen mit l\u00e4ngeren ausgearbeiteten Jazz-Recherchen beim WDR verzichten wollte. Jeden Abend das \u201eUnbekannte\u201c erwarten zu m\u00fcssen (das Programm online schweigt beharrlich \u00fcber Inhalte oder selbst die jeweiligen Moderatorinnen), das geht tats\u00e4chlich nur, als <strong>Tagesausklangbegleitprogramm<\/strong>. Ob das wirklich funktionieren kann? Ich habe da so meine Zweifel. F\u00fcr die Jazz-Kennerinnen ist das zu d\u00fcnn, f\u00fcr die zuf\u00e4llig Hinzuh\u00f6renden zu sehr kennerisch (was bitte ist Afrofuturismus, wer ist Janell Monet?). Aber das Jahr ist noch lang und \u00dcbung macht die Meisterin. Wer wei\u00df \u2026<\/p>\n<p>Hat sonst noch jemand zugeh\u00f6rt? Gibt es Meinungen zum Neuausrichtung des WDR.<\/p>\n","protected":false},"excerpt":{"rendered":"<p>Bis gestern lief unsere kleine Umfrage in Sachen \u201eReform der Jazzstrecke\u201c beim WDR. Diese nicht repr\u00e4sentative Umfrage auf jazzzeitung.de kam gleichwohl zu einem klaren Ergebnis. Auf die Frage, ob man sich lieber Autorinnensendungen oder kuratierte und moderierte Playlists w\u00fcnsche, gaben doch ca. 73 % der Abstimmenden der Autorinnensendung ihren Vorzug. Nur 12,5 % erwarten eher moderierte und kuratierte Playlist. Mehr von beidem w\u00fcnschten sich etwa 14 %. Nat\u00fcrlich handelt es sich nur um ein Stimmungsbild von wahrscheinlich jazzaffinen Personen. Der WDR hat sich aber l\u00e4ngst gegen die Autorinnensendung ausgesprochen. Und hat daf\u00fcr von Michael R\u00fcsenberg auf jazzcity.de ordentlich Kritik im Vorfeld unter dem Titel \u201eJazz-Kahlschlag auf WDR3\u201c oder Hans Hoff bei der S\u00fcddeutschen Zeitung (\u201eGenug improvisiert\u201c) bekommen. Zur Sache Gestern ging es los mit Nina Heinrichs moderiertem Mixtape zum aktuellen Jazz und drumherum. Das Ganze startete unspektakul\u00e4r mit den Worten: \u201e[Trailer]WDR 3 mit Jazz &amp; World \u2013 [Moderation] \u201emit Nina Heinrichs. Einen wundersch\u00f6nen guten Abend w\u00fcnsche ich. So. \u201eThe Oracles\u201c, so hei\u00dft das Deb\u00fctalbum von Angel Bat Davis. Wobei man eigentlich sagen m\u00fcsste: Deb\u00fctkassette. Sie hat das Ganze n\u00e4mlich auf Tape ver\u00f6ffentlicht. Nachdem Plattenspieler kann &hellip;<\/p>\n","protected":false},"author":1,"featured_media":19086,"comment_status":"open","ping_status":"closed","sticky":false,"template":"","format":"standard","meta":{"_jetpack_memberships_contains_paid_content":false,"footnotes":"","jetpack_publicize_message":"","jetpack_publicize_feature_enabled":true,"jetpack_social_post_already_shared":false,"jetpack_social_options":{"image_generator_settings":{"template":"highway","default_image_id":0,"font":"","enabled":false},"version":2}},"categories":[82,452],"tags":[1629,2162,589],"coauthors":[650],"class_list":["post-19084","post","type-post","status-publish","format-standard","has-post-thumbnail","hentry","category-blog","category-radio","tag-jazz-im-radio","tag-musikjournalismus","tag-wdr"],"yoast_head":"<!-- This site is optimized with the Yoast SEO plugin v27.5 - https:\/\/yoast.com\/product\/yoast-seo-wordpress\/ -->\n<title>Der WDR startet seine Programmreform und stolpert - JazzZeitung<\/title>\n<meta name=\"robots\" content=\"index, follow, max-snippet:-1, max-image-preview:large, max-video-preview:-1\" \/>\n<link rel=\"canonical\" href=\"https:\/\/www.jazzzeitung.de\/cms\/2019\/04\/der-wdr-startet-seine-programmreform-und-stolpert\/\" \/>\n<meta property=\"og:locale\" content=\"de_DE\" \/>\n<meta property=\"og:type\" content=\"article\" \/>\n<meta property=\"og:title\" content=\"Der WDR startet seine Programmreform und stolpert - JazzZeitung\" \/>\n<meta property=\"og:description\" content=\"Bis gestern lief unsere kleine Umfrage in Sachen \u201eReform der Jazzstrecke\u201c beim WDR. Diese nicht repr\u00e4sentative Umfrage auf jazzzeitung.de kam gleichwohl zu einem klaren Ergebnis. Auf die Frage, ob man sich lieber Autorinnensendungen oder kuratierte und moderierte Playlists w\u00fcnsche, gaben doch ca. 73 % der Abstimmenden der Autorinnensendung ihren Vorzug. Nur 12,5 % erwarten eher moderierte und kuratierte Playlist. Mehr von beidem w\u00fcnschten sich etwa 14 %. Nat\u00fcrlich handelt es sich nur um ein Stimmungsbild von wahrscheinlich jazzaffinen Personen. Der WDR hat sich aber l\u00e4ngst gegen die Autorinnensendung ausgesprochen. Und hat daf\u00fcr von Michael R\u00fcsenberg auf jazzcity.de ordentlich Kritik im Vorfeld unter dem Titel \u201eJazz-Kahlschlag auf WDR3\u201c oder Hans Hoff bei der S\u00fcddeutschen Zeitung (\u201eGenug improvisiert\u201c) bekommen. Zur Sache Gestern ging es los mit Nina Heinrichs moderiertem Mixtape zum aktuellen Jazz und drumherum. Das Ganze startete unspektakul\u00e4r mit den Worten: \u201e[Trailer]WDR 3 mit Jazz &amp; World \u2013 [Moderation] \u201emit Nina Heinrichs. Einen wundersch\u00f6nen guten Abend w\u00fcnsche ich. So. \u201eThe Oracles\u201c, so hei\u00dft das Deb\u00fctalbum von Angel Bat Davis. Wobei man eigentlich sagen m\u00fcsste: Deb\u00fctkassette. Sie hat das Ganze n\u00e4mlich auf Tape ver\u00f6ffentlicht. Nachdem Plattenspieler kann &hellip;\" \/>\n<meta property=\"og:url\" content=\"https:\/\/www.jazzzeitung.de\/cms\/2019\/04\/der-wdr-startet-seine-programmreform-und-stolpert\/\" \/>\n<meta property=\"og:site_name\" content=\"JazzZeitung\" \/>\n<meta property=\"article:publisher\" content=\"https:\/\/www.facebook.com\/JazzZeitung\/\" \/>\n<meta property=\"article:author\" content=\"https:\/\/www.facebook.com\/hufner\" \/>\n<meta property=\"article:published_time\" content=\"2019-04-02T09:19:46+00:00\" \/>\n<meta property=\"article:modified_time\" content=\"2019-04-02T10:43:17+00:00\" \/>\n<meta property=\"og:image\" content=\"https:\/\/i0.wp.com\/www.jazzzeitung.de\/cms\/wp-content\/uploads\/2019\/04\/lajazzo-huf-0823.jpg?fit=1067%2C800&ssl=1\" \/>\n\t<meta property=\"og:image:width\" content=\"1067\" \/>\n\t<meta property=\"og:image:height\" content=\"800\" \/>\n\t<meta property=\"og:image:type\" content=\"image\/jpeg\" \/>\n<meta name=\"author\" content=\"Martin Hufner\" \/>\n<script type=\"application\/ld+json\" class=\"yoast-schema-graph\">{\"@context\":\"https:\\\/\\\/schema.org\",\"@graph\":[{\"@type\":\"Article\",\"@id\":\"https:\\\/\\\/www.jazzzeitung.de\\\/cms\\\/2019\\\/04\\\/der-wdr-startet-seine-programmreform-und-stolpert\\\/#article\",\"isPartOf\":{\"@id\":\"https:\\\/\\\/www.jazzzeitung.de\\\/cms\\\/2019\\\/04\\\/der-wdr-startet-seine-programmreform-und-stolpert\\\/\"},\"author\":{\"name\":\"Martin Hufner\",\"@id\":\"https:\\\/\\\/www.jazzzeitung.de\\\/cms\\\/#\\\/schema\\\/person\\\/b9a4e5ac765d94fb8f617bfa8f1fc5f7\"},\"headline\":\"Der WDR startet seine Programmreform und stolpert\",\"datePublished\":\"2019-04-02T09:19:46+00:00\",\"dateModified\":\"2019-04-02T10:43:17+00:00\",\"mainEntityOfPage\":{\"@id\":\"https:\\\/\\\/www.jazzzeitung.de\\\/cms\\\/2019\\\/04\\\/der-wdr-startet-seine-programmreform-und-stolpert\\\/\"},\"wordCount\":785,\"commentCount\":4,\"publisher\":{\"@id\":\"https:\\\/\\\/www.jazzzeitung.de\\\/cms\\\/#organization\"},\"image\":{\"@id\":\"https:\\\/\\\/www.jazzzeitung.de\\\/cms\\\/2019\\\/04\\\/der-wdr-startet-seine-programmreform-und-stolpert\\\/#primaryimage\"},\"thumbnailUrl\":\"https:\\\/\\\/i0.wp.com\\\/www.jazzzeitung.de\\\/cms\\\/wp-content\\\/uploads\\\/2019\\\/04\\\/lajazzo-huf-0823.jpg?fit=1067%2C800&ssl=1\",\"keywords\":[\"Jazz im Radio\",\"Musikjournalismus\",\"WDR\"],\"articleSection\":[\"Blog\",\"Radio\"],\"inLanguage\":\"de\",\"potentialAction\":[{\"@type\":\"CommentAction\",\"name\":\"Comment\",\"target\":[\"https:\\\/\\\/www.jazzzeitung.de\\\/cms\\\/2019\\\/04\\\/der-wdr-startet-seine-programmreform-und-stolpert\\\/#respond\"]}]},{\"@type\":\"WebPage\",\"@id\":\"https:\\\/\\\/www.jazzzeitung.de\\\/cms\\\/2019\\\/04\\\/der-wdr-startet-seine-programmreform-und-stolpert\\\/\",\"url\":\"https:\\\/\\\/www.jazzzeitung.de\\\/cms\\\/2019\\\/04\\\/der-wdr-startet-seine-programmreform-und-stolpert\\\/\",\"name\":\"Der WDR startet seine Programmreform und stolpert - JazzZeitung\",\"isPartOf\":{\"@id\":\"https:\\\/\\\/www.jazzzeitung.de\\\/cms\\\/#website\"},\"primaryImageOfPage\":{\"@id\":\"https:\\\/\\\/www.jazzzeitung.de\\\/cms\\\/2019\\\/04\\\/der-wdr-startet-seine-programmreform-und-stolpert\\\/#primaryimage\"},\"image\":{\"@id\":\"https:\\\/\\\/www.jazzzeitung.de\\\/cms\\\/2019\\\/04\\\/der-wdr-startet-seine-programmreform-und-stolpert\\\/#primaryimage\"},\"thumbnailUrl\":\"https:\\\/\\\/i0.wp.com\\\/www.jazzzeitung.de\\\/cms\\\/wp-content\\\/uploads\\\/2019\\\/04\\\/lajazzo-huf-0823.jpg?fit=1067%2C800&ssl=1\",\"datePublished\":\"2019-04-02T09:19:46+00:00\",\"dateModified\":\"2019-04-02T10:43:17+00:00\",\"breadcrumb\":{\"@id\":\"https:\\\/\\\/www.jazzzeitung.de\\\/cms\\\/2019\\\/04\\\/der-wdr-startet-seine-programmreform-und-stolpert\\\/#breadcrumb\"},\"inLanguage\":\"de\",\"potentialAction\":[{\"@type\":\"ReadAction\",\"target\":[\"https:\\\/\\\/www.jazzzeitung.de\\\/cms\\\/2019\\\/04\\\/der-wdr-startet-seine-programmreform-und-stolpert\\\/\"]}]},{\"@type\":\"ImageObject\",\"inLanguage\":\"de\",\"@id\":\"https:\\\/\\\/www.jazzzeitung.de\\\/cms\\\/2019\\\/04\\\/der-wdr-startet-seine-programmreform-und-stolpert\\\/#primaryimage\",\"url\":\"https:\\\/\\\/i0.wp.com\\\/www.jazzzeitung.de\\\/cms\\\/wp-content\\\/uploads\\\/2019\\\/04\\\/lajazzo-huf-0823.jpg?fit=1067%2C800&ssl=1\",\"contentUrl\":\"https:\\\/\\\/i0.wp.com\\\/www.jazzzeitung.de\\\/cms\\\/wp-content\\\/uploads\\\/2019\\\/04\\\/lajazzo-huf-0823.jpg?fit=1067%2C800&ssl=1\",\"width\":1067,\"height\":800,\"caption\":\"Jazz am Abend. Foto: Hufner\"},{\"@type\":\"BreadcrumbList\",\"@id\":\"https:\\\/\\\/www.jazzzeitung.de\\\/cms\\\/2019\\\/04\\\/der-wdr-startet-seine-programmreform-und-stolpert\\\/#breadcrumb\",\"itemListElement\":[{\"@type\":\"ListItem\",\"position\":1,\"name\":\"Startseite\",\"item\":\"https:\\\/\\\/www.jazzzeitung.de\\\/cms\\\/\"},{\"@type\":\"ListItem\",\"position\":2,\"name\":\"Der WDR startet seine Programmreform und stolpert\"}]},{\"@type\":\"WebSite\",\"@id\":\"https:\\\/\\\/www.jazzzeitung.de\\\/cms\\\/#website\",\"url\":\"https:\\\/\\\/www.jazzzeitung.de\\\/cms\\\/\",\"name\":\"JazzZeitung\",\"description\":\"Jazz-News und Jazz-Kontroverses\",\"publisher\":{\"@id\":\"https:\\\/\\\/www.jazzzeitung.de\\\/cms\\\/#organization\"},\"potentialAction\":[{\"@type\":\"SearchAction\",\"target\":{\"@type\":\"EntryPoint\",\"urlTemplate\":\"https:\\\/\\\/www.jazzzeitung.de\\\/cms\\\/?s={search_term_string}\"},\"query-input\":{\"@type\":\"PropertyValueSpecification\",\"valueRequired\":true,\"valueName\":\"search_term_string\"}}],\"inLanguage\":\"de\"},{\"@type\":\"Organization\",\"@id\":\"https:\\\/\\\/www.jazzzeitung.de\\\/cms\\\/#organization\",\"name\":\"JazzZeitung online\",\"url\":\"https:\\\/\\\/www.jazzzeitung.de\\\/cms\\\/\",\"logo\":{\"@type\":\"ImageObject\",\"inLanguage\":\"de\",\"@id\":\"https:\\\/\\\/www.jazzzeitung.de\\\/cms\\\/#\\\/schema\\\/logo\\\/image\\\/\",\"url\":\"https:\\\/\\\/i0.wp.com\\\/www.jazzzeitung.de\\\/cms\\\/wp-content\\\/uploads\\\/2015\\\/08\\\/JAZZZEITUNGDE_Logo_Neu.png?fit=499%2C200&ssl=1\",\"contentUrl\":\"https:\\\/\\\/i0.wp.com\\\/www.jazzzeitung.de\\\/cms\\\/wp-content\\\/uploads\\\/2015\\\/08\\\/JAZZZEITUNGDE_Logo_Neu.png?fit=499%2C200&ssl=1\",\"width\":499,\"height\":200,\"caption\":\"JazzZeitung online\"},\"image\":{\"@id\":\"https:\\\/\\\/www.jazzzeitung.de\\\/cms\\\/#\\\/schema\\\/logo\\\/image\\\/\"},\"sameAs\":[\"https:\\\/\\\/www.facebook.com\\\/JazzZeitung\\\/\"]},{\"@type\":\"Person\",\"@id\":\"https:\\\/\\\/www.jazzzeitung.de\\\/cms\\\/#\\\/schema\\\/person\\\/b9a4e5ac765d94fb8f617bfa8f1fc5f7\",\"name\":\"Martin Hufner\",\"image\":{\"@type\":\"ImageObject\",\"inLanguage\":\"de\",\"@id\":\"https:\\\/\\\/i0.wp.com\\\/www.jazzzeitung.de\\\/cms\\\/wp-content\\\/uploads\\\/2013\\\/07\\\/huf-06.jpg?resize=96%2C96&ssl=15fcc31aa94540751a3b804516452be00\",\"url\":\"https:\\\/\\\/i0.wp.com\\\/www.jazzzeitung.de\\\/cms\\\/wp-content\\\/uploads\\\/2013\\\/07\\\/huf-06.jpg?resize=96%2C96&ssl=1\",\"contentUrl\":\"https:\\\/\\\/i0.wp.com\\\/www.jazzzeitung.de\\\/cms\\\/wp-content\\\/uploads\\\/2013\\\/07\\\/huf-06.jpg?resize=96%2C96&ssl=1\",\"caption\":\"Martin Hufner\"},\"description\":\"Martin Hufner ist freier Autor der JazzZeitung.\",\"sameAs\":[\"https:\\\/\\\/www.kritische-masse.de\\\/logbuch\",\"https:\\\/\\\/www.facebook.com\\\/hufner\"],\"url\":\"https:\\\/\\\/www.jazzzeitung.de\\\/cms\\\/author\\\/admin\\\/\"}]}<\/script>\n<!-- \/ Yoast SEO plugin. -->","yoast_head_json":{"title":"Der WDR startet seine Programmreform und stolpert - JazzZeitung","robots":{"index":"index","follow":"follow","max-snippet":"max-snippet:-1","max-image-preview":"max-image-preview:large","max-video-preview":"max-video-preview:-1"},"canonical":"https:\/\/www.jazzzeitung.de\/cms\/2019\/04\/der-wdr-startet-seine-programmreform-und-stolpert\/","og_locale":"de_DE","og_type":"article","og_title":"Der WDR startet seine Programmreform und stolpert - JazzZeitung","og_description":"Bis gestern lief unsere kleine Umfrage in Sachen \u201eReform der Jazzstrecke\u201c beim WDR. Diese nicht repr\u00e4sentative Umfrage auf jazzzeitung.de kam gleichwohl zu einem klaren Ergebnis. Auf die Frage, ob man sich lieber Autorinnensendungen oder kuratierte und moderierte Playlists w\u00fcnsche, gaben doch ca. 73 % der Abstimmenden der Autorinnensendung ihren Vorzug. Nur 12,5 % erwarten eher moderierte und kuratierte Playlist. Mehr von beidem w\u00fcnschten sich etwa 14 %. Nat\u00fcrlich handelt es sich nur um ein Stimmungsbild von wahrscheinlich jazzaffinen Personen. Der WDR hat sich aber l\u00e4ngst gegen die Autorinnensendung ausgesprochen. Und hat daf\u00fcr von Michael R\u00fcsenberg auf jazzcity.de ordentlich Kritik im Vorfeld unter dem Titel \u201eJazz-Kahlschlag auf WDR3\u201c oder Hans Hoff bei der S\u00fcddeutschen Zeitung (\u201eGenug improvisiert\u201c) bekommen. Zur Sache Gestern ging es los mit Nina Heinrichs moderiertem Mixtape zum aktuellen Jazz und drumherum. Das Ganze startete unspektakul\u00e4r mit den Worten: \u201e[Trailer]WDR 3 mit Jazz &amp; World \u2013 [Moderation] \u201emit Nina Heinrichs. Einen wundersch\u00f6nen guten Abend w\u00fcnsche ich. So. \u201eThe Oracles\u201c, so hei\u00dft das Deb\u00fctalbum von Angel Bat Davis. Wobei man eigentlich sagen m\u00fcsste: Deb\u00fctkassette. Sie hat das Ganze n\u00e4mlich auf Tape ver\u00f6ffentlicht. Nachdem Plattenspieler kann &hellip;","og_url":"https:\/\/www.jazzzeitung.de\/cms\/2019\/04\/der-wdr-startet-seine-programmreform-und-stolpert\/","og_site_name":"JazzZeitung","article_publisher":"https:\/\/www.facebook.com\/JazzZeitung\/","article_author":"https:\/\/www.facebook.com\/hufner","article_published_time":"2019-04-02T09:19:46+00:00","article_modified_time":"2019-04-02T10:43:17+00:00","og_image":[{"width":1067,"height":800,"url":"https:\/\/i0.wp.com\/www.jazzzeitung.de\/cms\/wp-content\/uploads\/2019\/04\/lajazzo-huf-0823.jpg?fit=1067%2C800&ssl=1","type":"image\/jpeg"}],"author":"Martin Hufner","schema":{"@context":"https:\/\/schema.org","@graph":[{"@type":"Article","@id":"https:\/\/www.jazzzeitung.de\/cms\/2019\/04\/der-wdr-startet-seine-programmreform-und-stolpert\/#article","isPartOf":{"@id":"https:\/\/www.jazzzeitung.de\/cms\/2019\/04\/der-wdr-startet-seine-programmreform-und-stolpert\/"},"author":{"name":"Martin Hufner","@id":"https:\/\/www.jazzzeitung.de\/cms\/#\/schema\/person\/b9a4e5ac765d94fb8f617bfa8f1fc5f7"},"headline":"Der WDR startet seine Programmreform und stolpert","datePublished":"2019-04-02T09:19:46+00:00","dateModified":"2019-04-02T10:43:17+00:00","mainEntityOfPage":{"@id":"https:\/\/www.jazzzeitung.de\/cms\/2019\/04\/der-wdr-startet-seine-programmreform-und-stolpert\/"},"wordCount":785,"commentCount":4,"publisher":{"@id":"https:\/\/www.jazzzeitung.de\/cms\/#organization"},"image":{"@id":"https:\/\/www.jazzzeitung.de\/cms\/2019\/04\/der-wdr-startet-seine-programmreform-und-stolpert\/#primaryimage"},"thumbnailUrl":"https:\/\/i0.wp.com\/www.jazzzeitung.de\/cms\/wp-content\/uploads\/2019\/04\/lajazzo-huf-0823.jpg?fit=1067%2C800&ssl=1","keywords":["Jazz im Radio","Musikjournalismus","WDR"],"articleSection":["Blog","Radio"],"inLanguage":"de","potentialAction":[{"@type":"CommentAction","name":"Comment","target":["https:\/\/www.jazzzeitung.de\/cms\/2019\/04\/der-wdr-startet-seine-programmreform-und-stolpert\/#respond"]}]},{"@type":"WebPage","@id":"https:\/\/www.jazzzeitung.de\/cms\/2019\/04\/der-wdr-startet-seine-programmreform-und-stolpert\/","url":"https:\/\/www.jazzzeitung.de\/cms\/2019\/04\/der-wdr-startet-seine-programmreform-und-stolpert\/","name":"Der WDR startet seine Programmreform und stolpert - JazzZeitung","isPartOf":{"@id":"https:\/\/www.jazzzeitung.de\/cms\/#website"},"primaryImageOfPage":{"@id":"https:\/\/www.jazzzeitung.de\/cms\/2019\/04\/der-wdr-startet-seine-programmreform-und-stolpert\/#primaryimage"},"image":{"@id":"https:\/\/www.jazzzeitung.de\/cms\/2019\/04\/der-wdr-startet-seine-programmreform-und-stolpert\/#primaryimage"},"thumbnailUrl":"https:\/\/i0.wp.com\/www.jazzzeitung.de\/cms\/wp-content\/uploads\/2019\/04\/lajazzo-huf-0823.jpg?fit=1067%2C800&ssl=1","datePublished":"2019-04-02T09:19:46+00:00","dateModified":"2019-04-02T10:43:17+00:00","breadcrumb":{"@id":"https:\/\/www.jazzzeitung.de\/cms\/2019\/04\/der-wdr-startet-seine-programmreform-und-stolpert\/#breadcrumb"},"inLanguage":"de","potentialAction":[{"@type":"ReadAction","target":["https:\/\/www.jazzzeitung.de\/cms\/2019\/04\/der-wdr-startet-seine-programmreform-und-stolpert\/"]}]},{"@type":"ImageObject","inLanguage":"de","@id":"https:\/\/www.jazzzeitung.de\/cms\/2019\/04\/der-wdr-startet-seine-programmreform-und-stolpert\/#primaryimage","url":"https:\/\/i0.wp.com\/www.jazzzeitung.de\/cms\/wp-content\/uploads\/2019\/04\/lajazzo-huf-0823.jpg?fit=1067%2C800&ssl=1","contentUrl":"https:\/\/i0.wp.com\/www.jazzzeitung.de\/cms\/wp-content\/uploads\/2019\/04\/lajazzo-huf-0823.jpg?fit=1067%2C800&ssl=1","width":1067,"height":800,"caption":"Jazz am Abend. Foto: Hufner"},{"@type":"BreadcrumbList","@id":"https:\/\/www.jazzzeitung.de\/cms\/2019\/04\/der-wdr-startet-seine-programmreform-und-stolpert\/#breadcrumb","itemListElement":[{"@type":"ListItem","position":1,"name":"Startseite","item":"https:\/\/www.jazzzeitung.de\/cms\/"},{"@type":"ListItem","position":2,"name":"Der WDR startet seine Programmreform und stolpert"}]},{"@type":"WebSite","@id":"https:\/\/www.jazzzeitung.de\/cms\/#website","url":"https:\/\/www.jazzzeitung.de\/cms\/","name":"JazzZeitung","description":"Jazz-News und Jazz-Kontroverses","publisher":{"@id":"https:\/\/www.jazzzeitung.de\/cms\/#organization"},"potentialAction":[{"@type":"SearchAction","target":{"@type":"EntryPoint","urlTemplate":"https:\/\/www.jazzzeitung.de\/cms\/?s={search_term_string}"},"query-input":{"@type":"PropertyValueSpecification","valueRequired":true,"valueName":"search_term_string"}}],"inLanguage":"de"},{"@type":"Organization","@id":"https:\/\/www.jazzzeitung.de\/cms\/#organization","name":"JazzZeitung online","url":"https:\/\/www.jazzzeitung.de\/cms\/","logo":{"@type":"ImageObject","inLanguage":"de","@id":"https:\/\/www.jazzzeitung.de\/cms\/#\/schema\/logo\/image\/","url":"https:\/\/i0.wp.com\/www.jazzzeitung.de\/cms\/wp-content\/uploads\/2015\/08\/JAZZZEITUNGDE_Logo_Neu.png?fit=499%2C200&ssl=1","contentUrl":"https:\/\/i0.wp.com\/www.jazzzeitung.de\/cms\/wp-content\/uploads\/2015\/08\/JAZZZEITUNGDE_Logo_Neu.png?fit=499%2C200&ssl=1","width":499,"height":200,"caption":"JazzZeitung online"},"image":{"@id":"https:\/\/www.jazzzeitung.de\/cms\/#\/schema\/logo\/image\/"},"sameAs":["https:\/\/www.facebook.com\/JazzZeitung\/"]},{"@type":"Person","@id":"https:\/\/www.jazzzeitung.de\/cms\/#\/schema\/person\/b9a4e5ac765d94fb8f617bfa8f1fc5f7","name":"Martin Hufner","image":{"@type":"ImageObject","inLanguage":"de","@id":"https:\/\/i0.wp.com\/www.jazzzeitung.de\/cms\/wp-content\/uploads\/2013\/07\/huf-06.jpg?resize=96%2C96&ssl=15fcc31aa94540751a3b804516452be00","url":"https:\/\/i0.wp.com\/www.jazzzeitung.de\/cms\/wp-content\/uploads\/2013\/07\/huf-06.jpg?resize=96%2C96&ssl=1","contentUrl":"https:\/\/i0.wp.com\/www.jazzzeitung.de\/cms\/wp-content\/uploads\/2013\/07\/huf-06.jpg?resize=96%2C96&ssl=1","caption":"Martin Hufner"},"description":"Martin Hufner ist freier Autor der JazzZeitung.","sameAs":["https:\/\/www.kritische-masse.de\/logbuch","https:\/\/www.facebook.com\/hufner"],"url":"https:\/\/www.jazzzeitung.de\/cms\/author\/admin\/"}]}},"wp-worthy-pixel":{"ignored":false,"public":"e05c2b7859014a6e806be22bf63746fa","server":"vg04.met.vgwort.de","url":"https:\/\/vg04.met.vgwort.de\/na\/e05c2b7859014a6e806be22bf63746fa"},"wp-worthy-type":"normal","jetpack_publicize_connections":[],"cc_featured_image_caption":{"caption_text":"Jazz am Abend.","source_text":"Foto: \u00a9 HuPe-kollektiv","source_url":"https:\/\/hupe.urteilskraft.de"},"jetpack_featured_media_url":"https:\/\/i0.wp.com\/www.jazzzeitung.de\/cms\/wp-content\/uploads\/2019\/04\/lajazzo-huf-0823.jpg?fit=1067%2C800&ssl=1","jetpack_shortlink":"https:\/\/wp.me\/p3KEcT-4XO","jetpack-related-posts":[{"id":18993,"url":"https:\/\/www.jazzzeitung.de\/cms\/2019\/03\/jazzprogramme-im-hessischen-und-westdeutschen-rundfunk-im-umbruch\/","url_meta":{"origin":19084,"position":0},"title":"Jazzprogramme im Hessischen und Westdeutschen Rundfunk im Umbruch","author":"Huflaikhan","date":"20. M\u00e4rz 2019","format":false,"excerpt":"Jazz ist nicht tot, er riecht nur komisch \u2013 dieses Diktum von Frank Zappa ist schon tausendfach bem\u00fcht und \u2013 was die Geruchsbel\u00e4stigung angeht \u2013 schon oft widerlegt worden. Zum Beispiel jede Woche aufs Neue von Martin Hufner, dem Online-Redakteur der neuen musikzeitung. Woche f\u00fcr Woche publiziert er f\u00fcr Jazzzeitung.de\u2026","rel":"","context":"In &quot;Blog&quot;","block_context":{"text":"Blog","link":"https:\/\/www.jazzzeitung.de\/cms\/thema\/blog\/"},"img":{"alt_text":"Jazz im Radio. Foto\/Montage: Hufner","src":"https:\/\/i0.wp.com\/www.jazzzeitung.de\/cms\/wp-content\/uploads\/2018\/05\/radio-jazz_journalisten.jpg?fit=1200%2C900&ssl=1&resize=350%2C200","width":350,"height":200,"srcset":"https:\/\/i0.wp.com\/www.jazzzeitung.de\/cms\/wp-content\/uploads\/2018\/05\/radio-jazz_journalisten.jpg?fit=1200%2C900&ssl=1&resize=350%2C200 1x, https:\/\/i0.wp.com\/www.jazzzeitung.de\/cms\/wp-content\/uploads\/2018\/05\/radio-jazz_journalisten.jpg?fit=1200%2C900&ssl=1&resize=525%2C300 1.5x, https:\/\/i0.wp.com\/www.jazzzeitung.de\/cms\/wp-content\/uploads\/2018\/05\/radio-jazz_journalisten.jpg?fit=1200%2C900&ssl=1&resize=700%2C400 2x, https:\/\/i0.wp.com\/www.jazzzeitung.de\/cms\/wp-content\/uploads\/2018\/05\/radio-jazz_journalisten.jpg?fit=1200%2C900&ssl=1&resize=1050%2C600 3x"},"classes":[]},{"id":30802,"url":"https:\/\/www.jazzzeitung.de\/cms\/2024\/03\/nur-noch-einen-monat-bis-zum-jazzfest-bonn-neue-klaenge-und-premieren-radiotipp\/","url_meta":{"origin":19084,"position":1},"title":"Jazzfest Bonn! +++ Neue Kl\u00e4nge und Premieren +++ Radiotipp","author":"Redaktion JazzZeitung","date":"28. M\u00e4rz 2024","format":false,"excerpt":"+++ Jazzfest Bonn +++ Vom 19. April bis zum 1. Mai findet zum 15. Mal das Jazzfest Bonn statt. Dort werden neben international bekannten Musiker*innen wie Rebekka Bakken, Thomas Quasthoff, Ute Lemper und Harold Lop\u00e9z-Nussa wieder viele Neuentdeckungen zu sehen sein. Karten k\u00f6nnen Sie an allen \u00fcblichen Vorverkaufsstellen sowie \u00fcber\u2026","rel":"","context":"In &quot;News&quot;","block_context":{"text":"News","link":"https:\/\/www.jazzzeitung.de\/cms\/thema\/nachrichten\/"},"img":{"alt_text":"","src":"https:\/\/i0.wp.com\/www.jazzzeitung.de\/cms\/wp-content\/uploads\/2024\/03\/JAZZZEITUNGDE_Logo_web_chronos_var1-e1711617903270.webp?fit=1134%2C400&ssl=1&resize=350%2C200","width":350,"height":200,"srcset":"https:\/\/i0.wp.com\/www.jazzzeitung.de\/cms\/wp-content\/uploads\/2024\/03\/JAZZZEITUNGDE_Logo_web_chronos_var1-e1711617903270.webp?fit=1134%2C400&ssl=1&resize=350%2C200 1x, https:\/\/i0.wp.com\/www.jazzzeitung.de\/cms\/wp-content\/uploads\/2024\/03\/JAZZZEITUNGDE_Logo_web_chronos_var1-e1711617903270.webp?fit=1134%2C400&ssl=1&resize=525%2C300 1.5x, https:\/\/i0.wp.com\/www.jazzzeitung.de\/cms\/wp-content\/uploads\/2024\/03\/JAZZZEITUNGDE_Logo_web_chronos_var1-e1711617903270.webp?fit=1134%2C400&ssl=1&resize=700%2C400 2x, https:\/\/i0.wp.com\/www.jazzzeitung.de\/cms\/wp-content\/uploads\/2024\/03\/JAZZZEITUNGDE_Logo_web_chronos_var1-e1711617903270.webp?fit=1134%2C400&ssl=1&resize=1050%2C600 3x"},"classes":[]},{"id":19422,"url":"https:\/\/www.jazzzeitung.de\/cms\/2019\/05\/abschied-vom-einschaltradio-jazz-im-wdr-dialektisch-oder-digital\/","url_meta":{"origin":19084,"position":2},"title":"Abschied vom Einschaltradio \u2013 Jazz im WDR: dialektisch oder digital?","author":"Martin Hufner","date":"9. Mai 2019","format":false,"excerpt":"Es gab und gibt immer noch etwas Trubel um die \u201eReform\u201c der Jazz-Strecke beim Westdeutschen Rundfunk in K\u00f6ln. Neue Redaktion, neue Moderatorinnen, neue Programmausrichtung \u2013 alles neu, alles gut? Gl\u00fcckliche Ohren allenthalben? Martin Hufner hat sich die aktuelle Entwicklung im Detail angesehen. Jetzt sind alle vier Moderatorinnen der neuen Jazz-Strecke\u2026","rel":"","context":"In &quot;Blog&quot;","block_context":{"text":"Blog","link":"https:\/\/www.jazzzeitung.de\/cms\/thema\/blog\/"},"img":{"alt_text":"","src":"https:\/\/i0.wp.com\/www.jazzzeitung.de\/cms\/wp-content\/uploads\/2019\/05\/wdr3_jazzandworld.jpg?fit=1200%2C715&ssl=1&resize=350%2C200","width":350,"height":200,"srcset":"https:\/\/i0.wp.com\/www.jazzzeitung.de\/cms\/wp-content\/uploads\/2019\/05\/wdr3_jazzandworld.jpg?fit=1200%2C715&ssl=1&resize=350%2C200 1x, https:\/\/i0.wp.com\/www.jazzzeitung.de\/cms\/wp-content\/uploads\/2019\/05\/wdr3_jazzandworld.jpg?fit=1200%2C715&ssl=1&resize=525%2C300 1.5x, https:\/\/i0.wp.com\/www.jazzzeitung.de\/cms\/wp-content\/uploads\/2019\/05\/wdr3_jazzandworld.jpg?fit=1200%2C715&ssl=1&resize=700%2C400 2x, https:\/\/i0.wp.com\/www.jazzzeitung.de\/cms\/wp-content\/uploads\/2019\/05\/wdr3_jazzandworld.jpg?fit=1200%2C715&ssl=1&resize=1050%2C600 3x"},"classes":[]},{"id":4927,"url":"https:\/\/www.jazzzeitung.de\/cms\/2014\/11\/wdr-jazzpreis-2015-fuer-tobias-wember-nicolas-simion-michael-ruesenberg-und-das-curuba-jazzorchester\/","url_meta":{"origin":19084,"position":3},"title":"WDR Jazzpreis 2015 f\u00fcr Tobias Wember, Nicolas Simion, Michael R\u00fcsenberg und das Curuba Jazzorchester","author":"Redaktion JazzZeitung","date":"15. November 2014","format":false,"excerpt":"K\u00f6ln. Die Preistr\u00e4ger des WDR Jazzpreises 2015 stehen fest: In der Kategorie \"Jazz Komposition\" wird der Posaunist und Komponist Tobias Wember ausgezeichnet. Gewinner in der Kategorie \"Jazz Improvisation\" ist der aus Rum\u00e4nien stammende Saxophonist und Klarinettist Nicolas Simion. \u00dcber den \"Jazz Nachwuchs\"-Preis freut sich die Bigband \"Curuba Jazzorchester\" unter der\u2026","rel":"","context":"In &quot;News&quot;","block_context":{"text":"News","link":"https:\/\/www.jazzzeitung.de\/cms\/thema\/nachrichten\/"},"img":{"alt_text":"Tobias Wember. Foto: http:\/\/www.tobiaswember.de\/","src":"https:\/\/i0.wp.com\/www.jazzzeitung.de\/cms\/wp-content\/uploads\/2014\/11\/Tobias-Wember-Foto-Homepage.jpg?resize=350%2C200","width":350,"height":200},"classes":[]},{"id":8290,"url":"https:\/\/www.jazzzeitung.de\/cms\/2016\/02\/wdr-vergibt-preise-fuer-jazz-nicht-nur-fuers-musikmachen\/","url_meta":{"origin":19084,"position":4},"title":"WDR vergibt Preise f\u00fcr Jazz \u2013 nicht nur f\u00fcrs Musikmachen","author":"Redaktion JazzZeitung","date":"2. Februar 2016","format":false,"excerpt":"Text und Fotos von Stefan Pieper - Seit 2004 w\u00fcrdigt der WDR Jazzpreis alle Jahre wieder herausragende Leistungen rund um den Jazz in seinen vielf\u00e4ltigen Facetten. Die Preisverleihung alle Jahre wieder hat sich mittlerweile zu einem mehrt\u00e4gigen Festival ausgeweitet, welches eben bewusst nicht in K\u00f6ln, der Heimatstadt des WDR, sondern\u2026","rel":"","context":"In &quot;Bericht&quot;","block_context":{"text":"Bericht","link":"https:\/\/www.jazzzeitung.de\/cms\/thema\/bericht\/"},"img":{"alt_text":"Trompeter der WDR Bigband ","src":"https:\/\/i0.wp.com\/www.jazzzeitung.de\/cms\/wp-content\/uploads\/2016\/02\/DSC01536-300x257.jpg?resize=350%2C200","width":350,"height":200},"classes":[]},{"id":22585,"url":"https:\/\/www.jazzzeitung.de\/cms\/2020\/05\/die-jazz-radiowoche-vom-01-06-20-bis-07-06-20\/","url_meta":{"origin":19084,"position":5},"title":"Die Jazz-Radiowoche vom 01.06.20 bis 07.06.20","author":"Martin Hufner","date":"31. Mai 2020","format":false,"excerpt":"Ein kleiner Blick in die Jazzwoche 23 im Radio. Alle Angaben ohne Gew\u00e4hr. Zum 100. Geburtstag des Bigbandleiters Kurt Edelhagen | B\u00fchne frei im Studio 2 f\u00fcr Janning Trumann 4.","rel":"","context":"In &quot;News&quot;","block_context":{"text":"News","link":"https:\/\/www.jazzzeitung.de\/cms\/thema\/nachrichten\/"},"img":{"alt_text":"Jazz im Radio. Foto: Hufner","src":"https:\/\/i0.wp.com\/www.jazzzeitung.de\/cms\/wp-content\/uploads\/2019\/03\/jazz_im_radio.jpg?fit=1200%2C773&ssl=1&resize=350%2C200","width":350,"height":200,"srcset":"https:\/\/i0.wp.com\/www.jazzzeitung.de\/cms\/wp-content\/uploads\/2019\/03\/jazz_im_radio.jpg?fit=1200%2C773&ssl=1&resize=350%2C200 1x, https:\/\/i0.wp.com\/www.jazzzeitung.de\/cms\/wp-content\/uploads\/2019\/03\/jazz_im_radio.jpg?fit=1200%2C773&ssl=1&resize=525%2C300 1.5x, https:\/\/i0.wp.com\/www.jazzzeitung.de\/cms\/wp-content\/uploads\/2019\/03\/jazz_im_radio.jpg?fit=1200%2C773&ssl=1&resize=700%2C400 2x, https:\/\/i0.wp.com\/www.jazzzeitung.de\/cms\/wp-content\/uploads\/2019\/03\/jazz_im_radio.jpg?fit=1200%2C773&ssl=1&resize=1050%2C600 3x"},"classes":[]}],"jetpack_sharing_enabled":true,"_links":{"self":[{"href":"https:\/\/www.jazzzeitung.de\/cms\/wp-json\/wp\/v2\/posts\/19084","targetHints":{"allow":["GET"]}}],"collection":[{"href":"https:\/\/www.jazzzeitung.de\/cms\/wp-json\/wp\/v2\/posts"}],"about":[{"href":"https:\/\/www.jazzzeitung.de\/cms\/wp-json\/wp\/v2\/types\/post"}],"author":[{"embeddable":true,"href":"https:\/\/www.jazzzeitung.de\/cms\/wp-json\/wp\/v2\/users\/1"}],"replies":[{"embeddable":true,"href":"https:\/\/www.jazzzeitung.de\/cms\/wp-json\/wp\/v2\/comments?post=19084"}],"version-history":[{"count":6,"href":"https:\/\/www.jazzzeitung.de\/cms\/wp-json\/wp\/v2\/posts\/19084\/revisions"}],"predecessor-version":[{"id":19093,"href":"https:\/\/www.jazzzeitung.de\/cms\/wp-json\/wp\/v2\/posts\/19084\/revisions\/19093"}],"wp:featuredmedia":[{"embeddable":true,"href":"https:\/\/www.jazzzeitung.de\/cms\/wp-json\/wp\/v2\/media\/19086"}],"wp:attachment":[{"href":"https:\/\/www.jazzzeitung.de\/cms\/wp-json\/wp\/v2\/media?parent=19084"}],"wp:term":[{"taxonomy":"category","embeddable":true,"href":"https:\/\/www.jazzzeitung.de\/cms\/wp-json\/wp\/v2\/categories?post=19084"},{"taxonomy":"post_tag","embeddable":true,"href":"https:\/\/www.jazzzeitung.de\/cms\/wp-json\/wp\/v2\/tags?post=19084"},{"taxonomy":"author","embeddable":true,"href":"https:\/\/www.jazzzeitung.de\/cms\/wp-json\/wp\/v2\/coauthors?post=19084"}],"curies":[{"name":"wp","href":"https:\/\/api.w.org\/{rel}","templated":true}]}}