{"id":19056,"date":"2019-04-01T13:26:46","date_gmt":"2019-04-01T11:26:46","guid":{"rendered":"https:\/\/www.jazzzeitung.de\/cms\/?p=19056"},"modified":"2019-04-05T12:29:55","modified_gmt":"2019-04-05T10:29:55","slug":"bmw-welt-jazz-award-finalisten-2019-maciej-obara-quartet-und-rudresh-mahanthappa-quintet","status":"publish","type":"post","link":"https:\/\/www.jazzzeitung.de\/cms\/2019\/04\/bmw-welt-jazz-award-finalisten-2019-maciej-obara-quartet-und-rudresh-mahanthappa-quintet\/","title":{"rendered":"BMW Welt Jazz Award Finalisten 2019: Maciej Obara Quartet und Rudresh Mahanthappa Quintet"},"content":{"rendered":"<p>Nach sechs rauschenden Matineen geht der BMW Welt Jazz Award 2019 am 4. Mai in die finale Runde. Dabei treten das Maciej Obara Quartet und Rudresh Mahanthappa Quintet in den &#8222;Zweikampf&#8220; und performen ihre Interpretation des diesj\u00e4hrigen Mottos \u201eSaxophone Worlds\u201c im Auditorium der BMW Welt. Nach dem Duell von Quartett und Quintett entscheidet die Jury, wer die von BMW Design entworfene Troph\u00e4e mit nach Hause nehmen darf. Dem Gewinnerensemble winkt zus\u00e4tzlich eine Siegespr\u00e4mie von 10.000 Euro. Der Zweitplatzierte kann sich \u00fcber ein Preisgeld von 5.000 Euro freuen.<br \/>\nDas jazzbegeisterte Publikum konnte sich von dem musikalischen K\u00f6nnen der Interpreten in sechs kostenfreien Matineen von Januar bis M\u00e4rz selbst \u00fcberzeugen. Der von Schloss Elmau gestiftete Publikumspreis wird im Finale an den Gewinner verliehen, der zugleich eingeladen ist, im Schloss aufzutreten.<\/p>\n<figure id=\"attachment_19057\" aria-describedby=\"caption-attachment-19057\" style=\"width: 300px\" class=\"wp-caption alignleft\"><a href=\"https:\/\/i0.wp.com\/www.jazzzeitung.de\/cms\/wp-content\/uploads\/2019\/04\/P90332906-highRes.jpg?ssl=1\"><img data-recalc-dims=\"1\" loading=\"lazy\" decoding=\"async\" data-attachment-id=\"19057\" data-permalink=\"https:\/\/www.jazzzeitung.de\/cms\/2019\/04\/bmw-welt-jazz-award-finalisten-2019-maciej-obara-quartet-und-rudresh-mahanthappa-quintet\/maciej-obara\/\" data-orig-file=\"https:\/\/i0.wp.com\/www.jazzzeitung.de\/cms\/wp-content\/uploads\/2019\/04\/P90332906-highRes.jpg?fit=5760%2C3840&amp;ssl=1\" data-orig-size=\"5760,3840\" data-comments-opened=\"1\" data-image-meta=\"{&quot;aperture&quot;:&quot;3.5&quot;,&quot;credit&quot;:&quot;Ursula Tarasiewicz&quot;,&quot;camera&quot;:&quot;Canon EOS 5D Mark III&quot;,&quot;caption&quot;:&quot;Maciej Obara&quot;,&quot;created_timestamp&quot;:&quot;1503600419&quot;,&quot;copyright&quot;:&quot;&quot;,&quot;focal_length&quot;:&quot;35&quot;,&quot;iso&quot;:&quot;3200&quot;,&quot;shutter_speed&quot;:&quot;0.0125&quot;,&quot;title&quot;:&quot;Maciej Obara&quot;,&quot;orientation&quot;:&quot;1&quot;}\" data-image-title=\"Maciej Obara\" data-image-description=\"\" data-image-caption=\"&lt;p&gt;Maciej Obara&lt;\/p&gt;\n\" data-large-file=\"https:\/\/i0.wp.com\/www.jazzzeitung.de\/cms\/wp-content\/uploads\/2019\/04\/P90332906-highRes.jpg?fit=840%2C560&amp;ssl=1\" class=\"wp-image-19057 size-medium\" src=\"https:\/\/i0.wp.com\/www.jazzzeitung.de\/cms\/wp-content\/uploads\/2019\/04\/P90332906-highRes.jpg?resize=300%2C200&#038;ssl=1\" alt=\"\" width=\"300\" height=\"200\" srcset=\"https:\/\/i0.wp.com\/www.jazzzeitung.de\/cms\/wp-content\/uploads\/2019\/04\/P90332906-highRes.jpg?resize=300%2C200&amp;ssl=1 300w, https:\/\/i0.wp.com\/www.jazzzeitung.de\/cms\/wp-content\/uploads\/2019\/04\/P90332906-highRes.jpg?resize=768%2C512&amp;ssl=1 768w, https:\/\/i0.wp.com\/www.jazzzeitung.de\/cms\/wp-content\/uploads\/2019\/04\/P90332906-highRes.jpg?resize=900%2C600&amp;ssl=1 900w, https:\/\/i0.wp.com\/www.jazzzeitung.de\/cms\/wp-content\/uploads\/2019\/04\/P90332906-highRes.jpg?resize=120%2C80&amp;ssl=1 120w, https:\/\/i0.wp.com\/www.jazzzeitung.de\/cms\/wp-content\/uploads\/2019\/04\/P90332906-highRes.jpg?resize=1320%2C880&amp;ssl=1 1320w, https:\/\/i0.wp.com\/www.jazzzeitung.de\/cms\/wp-content\/uploads\/2019\/04\/P90332906-highRes.jpg?w=1680&amp;ssl=1 1680w, https:\/\/i0.wp.com\/www.jazzzeitung.de\/cms\/wp-content\/uploads\/2019\/04\/P90332906-highRes.jpg?w=2520&amp;ssl=1 2520w\" sizes=\"auto, (max-width: 300px) 100vw, 300px\" \/><\/a><figcaption id=\"caption-attachment-19057\" class=\"wp-caption-text\">Maciej Obara Quartet. Foto: Urszula Tarasiewicz<\/figcaption><\/figure>\n<p>Am 27. Januar startete das Maciej Obara Quartet den Wettbewerb um den BMW Welt Jazz Award 2019. Dabei begeisterte es unter dem Motto \u201eSaxophone Worlds\u201c die Zuh\u00f6rerschaft sowie die hoch anerkannte Jury. Maciej Obara geh\u00f6rt zu den wichtigsten Musikern des europ\u00e4ischen Jazz der jungen Generation. Mit seinem sechsten eigenen Album \u201eUnloved\u201c feierte der polnische Alt- und Tenorsaxofonist 2017 sein Deb\u00fct beim M\u00fcnchner ECM-Label. Das lyrische sowie facettenreiche und zugleich technisch atemberaubende Musikspiel wird durch den Landsmann Dominik Wania am Klavier sowie den Norwegern Ole Morten Vagan am Bass und Gard Nilssen am Schlagzeug vervollst\u00e4ndigt. Aus dieser Fusion ergibt sich das Jazz-Ensemble Maciej Obara Quartet. Dieses konnte so nachhaltig beeindrucken, dass sich das Ensemble sich einen Platz im Finale sichern konnte.<\/p>\n<figure id=\"attachment_19058\" aria-describedby=\"caption-attachment-19058\" style=\"width: 300px\" class=\"wp-caption alignleft\"><a href=\"https:\/\/i0.wp.com\/www.jazzzeitung.de\/cms\/wp-content\/uploads\/2019\/04\/P90332910-highRes.jpg?ssl=1\"><img data-recalc-dims=\"1\" loading=\"lazy\" decoding=\"async\" data-attachment-id=\"19058\" data-permalink=\"https:\/\/www.jazzzeitung.de\/cms\/2019\/04\/bmw-welt-jazz-award-finalisten-2019-maciej-obara-quartet-und-rudresh-mahanthappa-quintet\/p90332910-highres\/\" data-orig-file=\"https:\/\/i0.wp.com\/www.jazzzeitung.de\/cms\/wp-content\/uploads\/2019\/04\/P90332910-highRes.jpg?fit=4200%2C2800&amp;ssl=1\" data-orig-size=\"4200,2800\" data-comments-opened=\"1\" data-image-meta=\"{&quot;aperture&quot;:&quot;0&quot;,&quot;credit&quot;:&quot;&quot;,&quot;camera&quot;:&quot;&quot;,&quot;caption&quot;:&quot;&quot;,&quot;created_timestamp&quot;:&quot;0&quot;,&quot;copyright&quot;:&quot;&quot;,&quot;focal_length&quot;:&quot;0&quot;,&quot;iso&quot;:&quot;0&quot;,&quot;shutter_speed&quot;:&quot;0&quot;,&quot;title&quot;:&quot;&quot;,&quot;orientation&quot;:&quot;1&quot;}\" data-image-title=\"P90332910-highRes\" data-image-description=\"\" data-image-caption=\"\" data-large-file=\"https:\/\/i0.wp.com\/www.jazzzeitung.de\/cms\/wp-content\/uploads\/2019\/04\/P90332910-highRes.jpg?fit=840%2C560&amp;ssl=1\" class=\"wp-image-19058 size-medium\" src=\"https:\/\/i0.wp.com\/www.jazzzeitung.de\/cms\/wp-content\/uploads\/2019\/04\/P90332910-highRes.jpg?resize=300%2C200&#038;ssl=1\" alt=\"\" width=\"300\" height=\"200\" srcset=\"https:\/\/i0.wp.com\/www.jazzzeitung.de\/cms\/wp-content\/uploads\/2019\/04\/P90332910-highRes.jpg?resize=300%2C200&amp;ssl=1 300w, https:\/\/i0.wp.com\/www.jazzzeitung.de\/cms\/wp-content\/uploads\/2019\/04\/P90332910-highRes.jpg?resize=768%2C512&amp;ssl=1 768w, https:\/\/i0.wp.com\/www.jazzzeitung.de\/cms\/wp-content\/uploads\/2019\/04\/P90332910-highRes.jpg?resize=900%2C600&amp;ssl=1 900w, https:\/\/i0.wp.com\/www.jazzzeitung.de\/cms\/wp-content\/uploads\/2019\/04\/P90332910-highRes.jpg?resize=120%2C80&amp;ssl=1 120w, https:\/\/i0.wp.com\/www.jazzzeitung.de\/cms\/wp-content\/uploads\/2019\/04\/P90332910-highRes.jpg?resize=1320%2C880&amp;ssl=1 1320w, https:\/\/i0.wp.com\/www.jazzzeitung.de\/cms\/wp-content\/uploads\/2019\/04\/P90332910-highRes.jpg?w=1680&amp;ssl=1 1680w, https:\/\/i0.wp.com\/www.jazzzeitung.de\/cms\/wp-content\/uploads\/2019\/04\/P90332910-highRes.jpg?w=2520&amp;ssl=1 2520w\" sizes=\"auto, (max-width: 300px) 100vw, 300px\" \/><\/a><figcaption id=\"caption-attachment-19058\" class=\"wp-caption-text\">Rudresh Mahanthappa. Foto: Ethan Levitas<\/figcaption><\/figure>\n<p>Seine Leidenschaft f\u00fcr karnatische Musik und seine indischen Wurzeln bilden die Grundlage f\u00fcr das internationale Ansehen des Jazzk\u00fcnstlers Rudresh Mahanthappa. Am 24. M\u00e4rz verzauberten Mahanthappa und sein Quintett mit Rez Abbasi an der Gitarre, Bobby Avey am Piano, Francois Moutin am Bass und Rudy Royston am Schlagzeug den BMW-Doppelkegel mit ihrer Interpretation von Kompositionen der Saxofonlegende Charlie \u201eBird\u201c Parker, wie sie auch auf Mahanthappas Erfolgsalbum \u201eBird Calls\u201c dokumentiert sind. Mit seiner unersch\u00f6pflichen Spielfreude, gepaart mit raffinierten Parker-Arrangements und Neukompositionen konnte das Quintett den Einzug ins Finale erzielen.<\/p>\n","protected":false},"excerpt":{"rendered":"<p>Nach sechs rauschenden Matineen geht der BMW Welt Jazz Award 2019 am 4. Mai in die finale Runde. Dabei treten das Maciej Obara Quartet und Rudresh Mahanthappa Quintet in den &#8222;Zweikampf&#8220; und performen ihre Interpretation des diesj\u00e4hrigen Mottos \u201eSaxophone Worlds\u201c im Auditorium der BMW Welt. Nach dem Duell von Quartett und Quintett entscheidet die Jury, wer die von BMW Design entworfene Troph\u00e4e mit nach Hause nehmen darf. Dem Gewinnerensemble winkt zus\u00e4tzlich eine Siegespr\u00e4mie von 10.000 Euro. Der Zweitplatzierte kann sich \u00fcber ein Preisgeld von 5.000 Euro freuen. Das jazzbegeisterte Publikum konnte sich von dem musikalischen K\u00f6nnen der Interpreten in sechs kostenfreien Matineen von Januar bis M\u00e4rz selbst \u00fcberzeugen. Der von Schloss Elmau gestiftete Publikumspreis wird im Finale an den Gewinner verliehen, der zugleich eingeladen ist, im Schloss aufzutreten. Am 27. Januar startete das Maciej Obara Quartet den Wettbewerb um den BMW Welt Jazz Award 2019. Dabei begeisterte es unter dem Motto \u201eSaxophone Worlds\u201c die Zuh\u00f6rerschaft sowie die hoch anerkannte Jury. Maciej Obara geh\u00f6rt zu den wichtigsten Musikern des europ\u00e4ischen Jazz der jungen Generation. Mit seinem sechsten eigenen Album \u201eUnloved\u201c feierte der polnische Alt- und Tenorsaxofonist &hellip;<\/p>\n","protected":false},"author":18,"featured_media":19059,"comment_status":"open","ping_status":"closed","sticky":false,"template":"","format":"standard","meta":{"_jetpack_memberships_contains_paid_content":false,"footnotes":"","jetpack_publicize_message":"","jetpack_publicize_feature_enabled":true,"jetpack_social_post_already_shared":false,"jetpack_social_options":{"image_generator_settings":{"template":"highway","default_image_id":0,"font":"","enabled":false},"version":2}},"categories":[633],"tags":[86,2152,2151,401,2150,2153,19],"coauthors":[695],"class_list":["post-19056","post","type-post","status-publish","format-standard","has-post-thumbnail","hentry","category-nachrichten","tag-bmw-welt-jazz-award","tag-finale","tag-maciej-obara-quartet","tag-muenchen","tag-rudresh-mahanthappa","tag-saxophone-worlds","tag-wettbewerb"],"yoast_head":"<!-- This site is optimized with the Yoast SEO plugin v27.5 - https:\/\/yoast.com\/product\/yoast-seo-wordpress\/ -->\n<title>BMW Welt Jazz Award Finalisten 2019: Maciej Obara Quartet und Rudresh Mahanthappa Quintet - JazzZeitung<\/title>\n<meta name=\"robots\" content=\"index, follow, max-snippet:-1, max-image-preview:large, max-video-preview:-1\" \/>\n<link rel=\"canonical\" href=\"https:\/\/www.jazzzeitung.de\/cms\/2019\/04\/bmw-welt-jazz-award-finalisten-2019-maciej-obara-quartet-und-rudresh-mahanthappa-quintet\/\" \/>\n<meta property=\"og:locale\" content=\"de_DE\" \/>\n<meta property=\"og:type\" content=\"article\" \/>\n<meta property=\"og:title\" content=\"BMW Welt Jazz Award Finalisten 2019: Maciej Obara Quartet und Rudresh Mahanthappa Quintet - JazzZeitung\" \/>\n<meta property=\"og:description\" content=\"Nach sechs rauschenden Matineen geht der BMW Welt Jazz Award 2019 am 4. Mai in die finale Runde. Dabei treten das Maciej Obara Quartet und Rudresh Mahanthappa Quintet in den &#8222;Zweikampf&#8220; und performen ihre Interpretation des diesj\u00e4hrigen Mottos \u201eSaxophone Worlds\u201c im Auditorium der BMW Welt. Nach dem Duell von Quartett und Quintett entscheidet die Jury, wer die von BMW Design entworfene Troph\u00e4e mit nach Hause nehmen darf. Dem Gewinnerensemble winkt zus\u00e4tzlich eine Siegespr\u00e4mie von 10.000 Euro. Der Zweitplatzierte kann sich \u00fcber ein Preisgeld von 5.000 Euro freuen. Das jazzbegeisterte Publikum konnte sich von dem musikalischen K\u00f6nnen der Interpreten in sechs kostenfreien Matineen von Januar bis M\u00e4rz selbst \u00fcberzeugen. Der von Schloss Elmau gestiftete Publikumspreis wird im Finale an den Gewinner verliehen, der zugleich eingeladen ist, im Schloss aufzutreten. Am 27. Januar startete das Maciej Obara Quartet den Wettbewerb um den BMW Welt Jazz Award 2019. Dabei begeisterte es unter dem Motto \u201eSaxophone Worlds\u201c die Zuh\u00f6rerschaft sowie die hoch anerkannte Jury. Maciej Obara geh\u00f6rt zu den wichtigsten Musikern des europ\u00e4ischen Jazz der jungen Generation. Mit seinem sechsten eigenen Album \u201eUnloved\u201c feierte der polnische Alt- und Tenorsaxofonist &hellip;\" \/>\n<meta property=\"og:url\" content=\"https:\/\/www.jazzzeitung.de\/cms\/2019\/04\/bmw-welt-jazz-award-finalisten-2019-maciej-obara-quartet-und-rudresh-mahanthappa-quintet\/\" \/>\n<meta property=\"og:site_name\" content=\"JazzZeitung\" \/>\n<meta property=\"article:publisher\" content=\"https:\/\/www.facebook.com\/JazzZeitung\/\" \/>\n<meta property=\"article:published_time\" content=\"2019-04-01T11:26:46+00:00\" \/>\n<meta property=\"article:modified_time\" content=\"2019-04-05T10:29:55+00:00\" \/>\n<meta property=\"og:image\" content=\"https:\/\/i0.wp.com\/www.jazzzeitung.de\/cms\/wp-content\/uploads\/2019\/04\/P90332911-highRes.jpg?fit=2081%2C1041&ssl=1\" \/>\n\t<meta property=\"og:image:width\" content=\"2081\" \/>\n\t<meta property=\"og:image:height\" content=\"1041\" \/>\n\t<meta property=\"og:image:type\" content=\"image\/jpeg\" \/>\n<meta name=\"author\" content=\"Redaktion JazzZeitung\" \/>\n<script type=\"application\/ld+json\" class=\"yoast-schema-graph\">{\"@context\":\"https:\\\/\\\/schema.org\",\"@graph\":[{\"@type\":\"Article\",\"@id\":\"https:\\\/\\\/www.jazzzeitung.de\\\/cms\\\/2019\\\/04\\\/bmw-welt-jazz-award-finalisten-2019-maciej-obara-quartet-und-rudresh-mahanthappa-quintet\\\/#article\",\"isPartOf\":{\"@id\":\"https:\\\/\\\/www.jazzzeitung.de\\\/cms\\\/2019\\\/04\\\/bmw-welt-jazz-award-finalisten-2019-maciej-obara-quartet-und-rudresh-mahanthappa-quintet\\\/\"},\"author\":{\"name\":\"Redaktion JazzZeitung\",\"@id\":\"https:\\\/\\\/www.jazzzeitung.de\\\/cms\\\/#\\\/schema\\\/person\\\/2245b36b9cd1d24cea10f01c031fb92b\"},\"headline\":\"BMW Welt Jazz Award Finalisten 2019: Maciej Obara Quartet und Rudresh Mahanthappa Quintet\",\"datePublished\":\"2019-04-01T11:26:46+00:00\",\"dateModified\":\"2019-04-05T10:29:55+00:00\",\"mainEntityOfPage\":{\"@id\":\"https:\\\/\\\/www.jazzzeitung.de\\\/cms\\\/2019\\\/04\\\/bmw-welt-jazz-award-finalisten-2019-maciej-obara-quartet-und-rudresh-mahanthappa-quintet\\\/\"},\"wordCount\":381,\"commentCount\":0,\"publisher\":{\"@id\":\"https:\\\/\\\/www.jazzzeitung.de\\\/cms\\\/#organization\"},\"image\":{\"@id\":\"https:\\\/\\\/www.jazzzeitung.de\\\/cms\\\/2019\\\/04\\\/bmw-welt-jazz-award-finalisten-2019-maciej-obara-quartet-und-rudresh-mahanthappa-quintet\\\/#primaryimage\"},\"thumbnailUrl\":\"https:\\\/\\\/i0.wp.com\\\/www.jazzzeitung.de\\\/cms\\\/wp-content\\\/uploads\\\/2019\\\/04\\\/P90332911-highRes.jpg?fit=2081%2C1041&ssl=1\",\"keywords\":[\"bmw welt jazz award\",\"Finale\",\"Maciej Obara Quartet\",\"M\u00fcnchen\",\"Rudresh Mahanthappa\",\"Saxophone Worlds\",\"Wettbewerb\"],\"articleSection\":[\"News\"],\"inLanguage\":\"de\",\"potentialAction\":[{\"@type\":\"CommentAction\",\"name\":\"Comment\",\"target\":[\"https:\\\/\\\/www.jazzzeitung.de\\\/cms\\\/2019\\\/04\\\/bmw-welt-jazz-award-finalisten-2019-maciej-obara-quartet-und-rudresh-mahanthappa-quintet\\\/#respond\"]}]},{\"@type\":\"WebPage\",\"@id\":\"https:\\\/\\\/www.jazzzeitung.de\\\/cms\\\/2019\\\/04\\\/bmw-welt-jazz-award-finalisten-2019-maciej-obara-quartet-und-rudresh-mahanthappa-quintet\\\/\",\"url\":\"https:\\\/\\\/www.jazzzeitung.de\\\/cms\\\/2019\\\/04\\\/bmw-welt-jazz-award-finalisten-2019-maciej-obara-quartet-und-rudresh-mahanthappa-quintet\\\/\",\"name\":\"BMW Welt Jazz Award Finalisten 2019: Maciej Obara Quartet und Rudresh Mahanthappa Quintet - JazzZeitung\",\"isPartOf\":{\"@id\":\"https:\\\/\\\/www.jazzzeitung.de\\\/cms\\\/#website\"},\"primaryImageOfPage\":{\"@id\":\"https:\\\/\\\/www.jazzzeitung.de\\\/cms\\\/2019\\\/04\\\/bmw-welt-jazz-award-finalisten-2019-maciej-obara-quartet-und-rudresh-mahanthappa-quintet\\\/#primaryimage\"},\"image\":{\"@id\":\"https:\\\/\\\/www.jazzzeitung.de\\\/cms\\\/2019\\\/04\\\/bmw-welt-jazz-award-finalisten-2019-maciej-obara-quartet-und-rudresh-mahanthappa-quintet\\\/#primaryimage\"},\"thumbnailUrl\":\"https:\\\/\\\/i0.wp.com\\\/www.jazzzeitung.de\\\/cms\\\/wp-content\\\/uploads\\\/2019\\\/04\\\/P90332911-highRes.jpg?fit=2081%2C1041&ssl=1\",\"datePublished\":\"2019-04-01T11:26:46+00:00\",\"dateModified\":\"2019-04-05T10:29:55+00:00\",\"breadcrumb\":{\"@id\":\"https:\\\/\\\/www.jazzzeitung.de\\\/cms\\\/2019\\\/04\\\/bmw-welt-jazz-award-finalisten-2019-maciej-obara-quartet-und-rudresh-mahanthappa-quintet\\\/#breadcrumb\"},\"inLanguage\":\"de\",\"potentialAction\":[{\"@type\":\"ReadAction\",\"target\":[\"https:\\\/\\\/www.jazzzeitung.de\\\/cms\\\/2019\\\/04\\\/bmw-welt-jazz-award-finalisten-2019-maciej-obara-quartet-und-rudresh-mahanthappa-quintet\\\/\"]}]},{\"@type\":\"ImageObject\",\"inLanguage\":\"de\",\"@id\":\"https:\\\/\\\/www.jazzzeitung.de\\\/cms\\\/2019\\\/04\\\/bmw-welt-jazz-award-finalisten-2019-maciej-obara-quartet-und-rudresh-mahanthappa-quintet\\\/#primaryimage\",\"url\":\"https:\\\/\\\/i0.wp.com\\\/www.jazzzeitung.de\\\/cms\\\/wp-content\\\/uploads\\\/2019\\\/04\\\/P90332911-highRes.jpg?fit=2081%2C1041&ssl=1\",\"contentUrl\":\"https:\\\/\\\/i0.wp.com\\\/www.jazzzeitung.de\\\/cms\\\/wp-content\\\/uploads\\\/2019\\\/04\\\/P90332911-highRes.jpg?fit=2081%2C1041&ssl=1\",\"width\":2081,\"height\":1041},{\"@type\":\"BreadcrumbList\",\"@id\":\"https:\\\/\\\/www.jazzzeitung.de\\\/cms\\\/2019\\\/04\\\/bmw-welt-jazz-award-finalisten-2019-maciej-obara-quartet-und-rudresh-mahanthappa-quintet\\\/#breadcrumb\",\"itemListElement\":[{\"@type\":\"ListItem\",\"position\":1,\"name\":\"Startseite\",\"item\":\"https:\\\/\\\/www.jazzzeitung.de\\\/cms\\\/\"},{\"@type\":\"ListItem\",\"position\":2,\"name\":\"BMW Welt Jazz Award Finalisten 2019: Maciej Obara Quartet und Rudresh Mahanthappa Quintet\"}]},{\"@type\":\"WebSite\",\"@id\":\"https:\\\/\\\/www.jazzzeitung.de\\\/cms\\\/#website\",\"url\":\"https:\\\/\\\/www.jazzzeitung.de\\\/cms\\\/\",\"name\":\"JazzZeitung\",\"description\":\"Jazz-News und Jazz-Kontroverses\",\"publisher\":{\"@id\":\"https:\\\/\\\/www.jazzzeitung.de\\\/cms\\\/#organization\"},\"potentialAction\":[{\"@type\":\"SearchAction\",\"target\":{\"@type\":\"EntryPoint\",\"urlTemplate\":\"https:\\\/\\\/www.jazzzeitung.de\\\/cms\\\/?s={search_term_string}\"},\"query-input\":{\"@type\":\"PropertyValueSpecification\",\"valueRequired\":true,\"valueName\":\"search_term_string\"}}],\"inLanguage\":\"de\"},{\"@type\":\"Organization\",\"@id\":\"https:\\\/\\\/www.jazzzeitung.de\\\/cms\\\/#organization\",\"name\":\"JazzZeitung online\",\"url\":\"https:\\\/\\\/www.jazzzeitung.de\\\/cms\\\/\",\"logo\":{\"@type\":\"ImageObject\",\"inLanguage\":\"de\",\"@id\":\"https:\\\/\\\/www.jazzzeitung.de\\\/cms\\\/#\\\/schema\\\/logo\\\/image\\\/\",\"url\":\"https:\\\/\\\/i0.wp.com\\\/www.jazzzeitung.de\\\/cms\\\/wp-content\\\/uploads\\\/2015\\\/08\\\/JAZZZEITUNGDE_Logo_Neu.png?fit=499%2C200&ssl=1\",\"contentUrl\":\"https:\\\/\\\/i0.wp.com\\\/www.jazzzeitung.de\\\/cms\\\/wp-content\\\/uploads\\\/2015\\\/08\\\/JAZZZEITUNGDE_Logo_Neu.png?fit=499%2C200&ssl=1\",\"width\":499,\"height\":200,\"caption\":\"JazzZeitung online\"},\"image\":{\"@id\":\"https:\\\/\\\/www.jazzzeitung.de\\\/cms\\\/#\\\/schema\\\/logo\\\/image\\\/\"},\"sameAs\":[\"https:\\\/\\\/www.facebook.com\\\/JazzZeitung\\\/\"]},{\"@type\":\"Person\",\"@id\":\"https:\\\/\\\/www.jazzzeitung.de\\\/cms\\\/#\\\/schema\\\/person\\\/2245b36b9cd1d24cea10f01c031fb92b\",\"name\":\"Redaktion JazzZeitung\",\"image\":{\"@type\":\"ImageObject\",\"inLanguage\":\"de\",\"@id\":\"https:\\\/\\\/i0.wp.com\\\/www.jazzzeitung.de\\\/cms\\\/wp-content\\\/uploads\\\/2015\\\/08\\\/JAZZZEITUNGDE_Logo_Neu.png?resize=96%2C96&ssl=159975dcacb611b5700bd619b5daf0a7a\",\"url\":\"https:\\\/\\\/i0.wp.com\\\/www.jazzzeitung.de\\\/cms\\\/wp-content\\\/uploads\\\/2015\\\/08\\\/JAZZZEITUNGDE_Logo_Neu.png?resize=96%2C96&ssl=1\",\"contentUrl\":\"https:\\\/\\\/i0.wp.com\\\/www.jazzzeitung.de\\\/cms\\\/wp-content\\\/uploads\\\/2015\\\/08\\\/JAZZZEITUNGDE_Logo_Neu.png?resize=96%2C96&ssl=1\",\"caption\":\"Redaktion JazzZeitung\"},\"description\":\"Artikel der Redaktion der JazzZeitung.\",\"sameAs\":[\"http:\\\/\\\/www.jazzzeitung.de\\\/cms\\\/\"],\"url\":\"https:\\\/\\\/www.jazzzeitung.de\\\/cms\\\/author\\\/redaktion\\\/\"}]}<\/script>\n<!-- \/ Yoast SEO plugin. -->","yoast_head_json":{"title":"BMW Welt Jazz Award Finalisten 2019: Maciej Obara Quartet und Rudresh Mahanthappa Quintet - JazzZeitung","robots":{"index":"index","follow":"follow","max-snippet":"max-snippet:-1","max-image-preview":"max-image-preview:large","max-video-preview":"max-video-preview:-1"},"canonical":"https:\/\/www.jazzzeitung.de\/cms\/2019\/04\/bmw-welt-jazz-award-finalisten-2019-maciej-obara-quartet-und-rudresh-mahanthappa-quintet\/","og_locale":"de_DE","og_type":"article","og_title":"BMW Welt Jazz Award Finalisten 2019: Maciej Obara Quartet und Rudresh Mahanthappa Quintet - JazzZeitung","og_description":"Nach sechs rauschenden Matineen geht der BMW Welt Jazz Award 2019 am 4. Mai in die finale Runde. Dabei treten das Maciej Obara Quartet und Rudresh Mahanthappa Quintet in den &#8222;Zweikampf&#8220; und performen ihre Interpretation des diesj\u00e4hrigen Mottos \u201eSaxophone Worlds\u201c im Auditorium der BMW Welt. Nach dem Duell von Quartett und Quintett entscheidet die Jury, wer die von BMW Design entworfene Troph\u00e4e mit nach Hause nehmen darf. Dem Gewinnerensemble winkt zus\u00e4tzlich eine Siegespr\u00e4mie von 10.000 Euro. Der Zweitplatzierte kann sich \u00fcber ein Preisgeld von 5.000 Euro freuen. Das jazzbegeisterte Publikum konnte sich von dem musikalischen K\u00f6nnen der Interpreten in sechs kostenfreien Matineen von Januar bis M\u00e4rz selbst \u00fcberzeugen. Der von Schloss Elmau gestiftete Publikumspreis wird im Finale an den Gewinner verliehen, der zugleich eingeladen ist, im Schloss aufzutreten. Am 27. Januar startete das Maciej Obara Quartet den Wettbewerb um den BMW Welt Jazz Award 2019. Dabei begeisterte es unter dem Motto \u201eSaxophone Worlds\u201c die Zuh\u00f6rerschaft sowie die hoch anerkannte Jury. Maciej Obara geh\u00f6rt zu den wichtigsten Musikern des europ\u00e4ischen Jazz der jungen Generation. Mit seinem sechsten eigenen Album \u201eUnloved\u201c feierte der polnische Alt- und Tenorsaxofonist &hellip;","og_url":"https:\/\/www.jazzzeitung.de\/cms\/2019\/04\/bmw-welt-jazz-award-finalisten-2019-maciej-obara-quartet-und-rudresh-mahanthappa-quintet\/","og_site_name":"JazzZeitung","article_publisher":"https:\/\/www.facebook.com\/JazzZeitung\/","article_published_time":"2019-04-01T11:26:46+00:00","article_modified_time":"2019-04-05T10:29:55+00:00","og_image":[{"width":2081,"height":1041,"url":"https:\/\/i0.wp.com\/www.jazzzeitung.de\/cms\/wp-content\/uploads\/2019\/04\/P90332911-highRes.jpg?fit=2081%2C1041&ssl=1","type":"image\/jpeg"}],"author":"Redaktion JazzZeitung","schema":{"@context":"https:\/\/schema.org","@graph":[{"@type":"Article","@id":"https:\/\/www.jazzzeitung.de\/cms\/2019\/04\/bmw-welt-jazz-award-finalisten-2019-maciej-obara-quartet-und-rudresh-mahanthappa-quintet\/#article","isPartOf":{"@id":"https:\/\/www.jazzzeitung.de\/cms\/2019\/04\/bmw-welt-jazz-award-finalisten-2019-maciej-obara-quartet-und-rudresh-mahanthappa-quintet\/"},"author":{"name":"Redaktion JazzZeitung","@id":"https:\/\/www.jazzzeitung.de\/cms\/#\/schema\/person\/2245b36b9cd1d24cea10f01c031fb92b"},"headline":"BMW Welt Jazz Award Finalisten 2019: Maciej Obara Quartet und Rudresh Mahanthappa Quintet","datePublished":"2019-04-01T11:26:46+00:00","dateModified":"2019-04-05T10:29:55+00:00","mainEntityOfPage":{"@id":"https:\/\/www.jazzzeitung.de\/cms\/2019\/04\/bmw-welt-jazz-award-finalisten-2019-maciej-obara-quartet-und-rudresh-mahanthappa-quintet\/"},"wordCount":381,"commentCount":0,"publisher":{"@id":"https:\/\/www.jazzzeitung.de\/cms\/#organization"},"image":{"@id":"https:\/\/www.jazzzeitung.de\/cms\/2019\/04\/bmw-welt-jazz-award-finalisten-2019-maciej-obara-quartet-und-rudresh-mahanthappa-quintet\/#primaryimage"},"thumbnailUrl":"https:\/\/i0.wp.com\/www.jazzzeitung.de\/cms\/wp-content\/uploads\/2019\/04\/P90332911-highRes.jpg?fit=2081%2C1041&ssl=1","keywords":["bmw welt jazz award","Finale","Maciej Obara Quartet","M\u00fcnchen","Rudresh Mahanthappa","Saxophone Worlds","Wettbewerb"],"articleSection":["News"],"inLanguage":"de","potentialAction":[{"@type":"CommentAction","name":"Comment","target":["https:\/\/www.jazzzeitung.de\/cms\/2019\/04\/bmw-welt-jazz-award-finalisten-2019-maciej-obara-quartet-und-rudresh-mahanthappa-quintet\/#respond"]}]},{"@type":"WebPage","@id":"https:\/\/www.jazzzeitung.de\/cms\/2019\/04\/bmw-welt-jazz-award-finalisten-2019-maciej-obara-quartet-und-rudresh-mahanthappa-quintet\/","url":"https:\/\/www.jazzzeitung.de\/cms\/2019\/04\/bmw-welt-jazz-award-finalisten-2019-maciej-obara-quartet-und-rudresh-mahanthappa-quintet\/","name":"BMW Welt Jazz Award Finalisten 2019: Maciej Obara Quartet und Rudresh Mahanthappa Quintet - JazzZeitung","isPartOf":{"@id":"https:\/\/www.jazzzeitung.de\/cms\/#website"},"primaryImageOfPage":{"@id":"https:\/\/www.jazzzeitung.de\/cms\/2019\/04\/bmw-welt-jazz-award-finalisten-2019-maciej-obara-quartet-und-rudresh-mahanthappa-quintet\/#primaryimage"},"image":{"@id":"https:\/\/www.jazzzeitung.de\/cms\/2019\/04\/bmw-welt-jazz-award-finalisten-2019-maciej-obara-quartet-und-rudresh-mahanthappa-quintet\/#primaryimage"},"thumbnailUrl":"https:\/\/i0.wp.com\/www.jazzzeitung.de\/cms\/wp-content\/uploads\/2019\/04\/P90332911-highRes.jpg?fit=2081%2C1041&ssl=1","datePublished":"2019-04-01T11:26:46+00:00","dateModified":"2019-04-05T10:29:55+00:00","breadcrumb":{"@id":"https:\/\/www.jazzzeitung.de\/cms\/2019\/04\/bmw-welt-jazz-award-finalisten-2019-maciej-obara-quartet-und-rudresh-mahanthappa-quintet\/#breadcrumb"},"inLanguage":"de","potentialAction":[{"@type":"ReadAction","target":["https:\/\/www.jazzzeitung.de\/cms\/2019\/04\/bmw-welt-jazz-award-finalisten-2019-maciej-obara-quartet-und-rudresh-mahanthappa-quintet\/"]}]},{"@type":"ImageObject","inLanguage":"de","@id":"https:\/\/www.jazzzeitung.de\/cms\/2019\/04\/bmw-welt-jazz-award-finalisten-2019-maciej-obara-quartet-und-rudresh-mahanthappa-quintet\/#primaryimage","url":"https:\/\/i0.wp.com\/www.jazzzeitung.de\/cms\/wp-content\/uploads\/2019\/04\/P90332911-highRes.jpg?fit=2081%2C1041&ssl=1","contentUrl":"https:\/\/i0.wp.com\/www.jazzzeitung.de\/cms\/wp-content\/uploads\/2019\/04\/P90332911-highRes.jpg?fit=2081%2C1041&ssl=1","width":2081,"height":1041},{"@type":"BreadcrumbList","@id":"https:\/\/www.jazzzeitung.de\/cms\/2019\/04\/bmw-welt-jazz-award-finalisten-2019-maciej-obara-quartet-und-rudresh-mahanthappa-quintet\/#breadcrumb","itemListElement":[{"@type":"ListItem","position":1,"name":"Startseite","item":"https:\/\/www.jazzzeitung.de\/cms\/"},{"@type":"ListItem","position":2,"name":"BMW Welt Jazz Award Finalisten 2019: Maciej Obara Quartet und Rudresh Mahanthappa Quintet"}]},{"@type":"WebSite","@id":"https:\/\/www.jazzzeitung.de\/cms\/#website","url":"https:\/\/www.jazzzeitung.de\/cms\/","name":"JazzZeitung","description":"Jazz-News und Jazz-Kontroverses","publisher":{"@id":"https:\/\/www.jazzzeitung.de\/cms\/#organization"},"potentialAction":[{"@type":"SearchAction","target":{"@type":"EntryPoint","urlTemplate":"https:\/\/www.jazzzeitung.de\/cms\/?s={search_term_string}"},"query-input":{"@type":"PropertyValueSpecification","valueRequired":true,"valueName":"search_term_string"}}],"inLanguage":"de"},{"@type":"Organization","@id":"https:\/\/www.jazzzeitung.de\/cms\/#organization","name":"JazzZeitung online","url":"https:\/\/www.jazzzeitung.de\/cms\/","logo":{"@type":"ImageObject","inLanguage":"de","@id":"https:\/\/www.jazzzeitung.de\/cms\/#\/schema\/logo\/image\/","url":"https:\/\/i0.wp.com\/www.jazzzeitung.de\/cms\/wp-content\/uploads\/2015\/08\/JAZZZEITUNGDE_Logo_Neu.png?fit=499%2C200&ssl=1","contentUrl":"https:\/\/i0.wp.com\/www.jazzzeitung.de\/cms\/wp-content\/uploads\/2015\/08\/JAZZZEITUNGDE_Logo_Neu.png?fit=499%2C200&ssl=1","width":499,"height":200,"caption":"JazzZeitung online"},"image":{"@id":"https:\/\/www.jazzzeitung.de\/cms\/#\/schema\/logo\/image\/"},"sameAs":["https:\/\/www.facebook.com\/JazzZeitung\/"]},{"@type":"Person","@id":"https:\/\/www.jazzzeitung.de\/cms\/#\/schema\/person\/2245b36b9cd1d24cea10f01c031fb92b","name":"Redaktion JazzZeitung","image":{"@type":"ImageObject","inLanguage":"de","@id":"https:\/\/i0.wp.com\/www.jazzzeitung.de\/cms\/wp-content\/uploads\/2015\/08\/JAZZZEITUNGDE_Logo_Neu.png?resize=96%2C96&ssl=159975dcacb611b5700bd619b5daf0a7a","url":"https:\/\/i0.wp.com\/www.jazzzeitung.de\/cms\/wp-content\/uploads\/2015\/08\/JAZZZEITUNGDE_Logo_Neu.png?resize=96%2C96&ssl=1","contentUrl":"https:\/\/i0.wp.com\/www.jazzzeitung.de\/cms\/wp-content\/uploads\/2015\/08\/JAZZZEITUNGDE_Logo_Neu.png?resize=96%2C96&ssl=1","caption":"Redaktion JazzZeitung"},"description":"Artikel der Redaktion der JazzZeitung.","sameAs":["http:\/\/www.jazzzeitung.de\/cms\/"],"url":"https:\/\/www.jazzzeitung.de\/cms\/author\/redaktion\/"}]}},"wp-worthy-pixel":{"ignored":false,"public":null,"server":null,"url":null},"wp-worthy-type":"normal","jetpack_publicize_connections":[],"cc_featured_image_caption":{"caption_text":"","source_text":"","source_url":""},"jetpack_featured_media_url":"https:\/\/i0.wp.com\/www.jazzzeitung.de\/cms\/wp-content\/uploads\/2019\/04\/P90332911-highRes.jpg?fit=2081%2C1041&ssl=1","jetpack_shortlink":"https:\/\/wp.me\/p3KEcT-4Xm","jetpack-related-posts":[{"id":19376,"url":"https:\/\/www.jazzzeitung.de\/cms\/2019\/05\/maciej-obara-quartett-gewinnt-den-bmw-welt-jazz-award-2019\/","url_meta":{"origin":19056,"position":0},"title":"Maciej Obara Quartett gewinnt den BMW Welt Jazz Award 2019","author":"Redaktion JazzZeitung","date":"6. Mai 2019","format":false,"excerpt":"M\u00fcnchen, 4. Mai 2019. \u201eSaxophone Worlds\u201c verwandelte das Auditorium der BMW Welt zu einem Jazz Erlebnis der besonderen Art. Das Maciej Obara Quartett mit Dominik Wania am Klavier, Ole Morten Vagan am Bass und Gard Nilssen am Schlagzeug konnte sich gegen das Rudresh Mahanthappa Quintett durchsetzen und den Wettbewerb f\u00fcr\u2026","rel":"","context":"In &quot;News&quot;","block_context":{"text":"News","link":"https:\/\/www.jazzzeitung.de\/cms\/thema\/nachrichten\/"},"img":{"alt_text":"","src":"https:\/\/i0.wp.com\/www.jazzzeitung.de\/cms\/wp-content\/uploads\/2019\/05\/P1335598-Obara-Quartett-Foto-TJ-Krebs.jpg?fit=1200%2C800&ssl=1&resize=350%2C200","width":350,"height":200,"srcset":"https:\/\/i0.wp.com\/www.jazzzeitung.de\/cms\/wp-content\/uploads\/2019\/05\/P1335598-Obara-Quartett-Foto-TJ-Krebs.jpg?fit=1200%2C800&ssl=1&resize=350%2C200 1x, https:\/\/i0.wp.com\/www.jazzzeitung.de\/cms\/wp-content\/uploads\/2019\/05\/P1335598-Obara-Quartett-Foto-TJ-Krebs.jpg?fit=1200%2C800&ssl=1&resize=525%2C300 1.5x, https:\/\/i0.wp.com\/www.jazzzeitung.de\/cms\/wp-content\/uploads\/2019\/05\/P1335598-Obara-Quartett-Foto-TJ-Krebs.jpg?fit=1200%2C800&ssl=1&resize=700%2C400 2x, https:\/\/i0.wp.com\/www.jazzzeitung.de\/cms\/wp-content\/uploads\/2019\/05\/P1335598-Obara-Quartett-Foto-TJ-Krebs.jpg?fit=1200%2C800&ssl=1&resize=1050%2C600 3x"},"classes":[]},{"id":18374,"url":"https:\/\/www.jazzzeitung.de\/cms\/2019\/01\/news-auftakt-des-bmw-welt-jazz-award-2019-in-muenchen\/","url_meta":{"origin":19056,"position":1},"title":"Auftakt des BMW Welt Jazz Award 2019 mit Jazzrausch-Techno","author":"Redaktion JazzZeitung","date":"18. Januar 2019","format":false,"excerpt":"M\u00fcnchen im Jazzrausch Mit einer ausgelassenen Tanzparty angefeuert von der Jazzrausch Bigband wurde am Donnerstag der Auftakt des BMW Welt Jazz Award 2019 gefeiert. Durch den Abend f\u00fchrten BR-Moderatorin Beate Sampson und Roman Sladek, Gewinner des BMW Welt Young Artist Jazz Award 2017. Jazzrausch begeisterte mit dem Programm \u201eDancing Wittgenstein\u201c,\u2026","rel":"","context":"In &quot;News&quot;","block_context":{"text":"News","link":"https:\/\/www.jazzzeitung.de\/cms\/thema\/nachrichten\/"},"img":{"alt_text":"","src":"https:\/\/i0.wp.com\/www.jazzzeitung.de\/cms\/wp-content\/uploads\/2019\/01\/JRBB-%40-BMW-Foto-TJ-Krebs-jazzphotoagency%40web.de_.jpg?fit=1200%2C800&ssl=1&resize=350%2C200","width":350,"height":200,"srcset":"https:\/\/i0.wp.com\/www.jazzzeitung.de\/cms\/wp-content\/uploads\/2019\/01\/JRBB-%40-BMW-Foto-TJ-Krebs-jazzphotoagency%40web.de_.jpg?fit=1200%2C800&ssl=1&resize=350%2C200 1x, https:\/\/i0.wp.com\/www.jazzzeitung.de\/cms\/wp-content\/uploads\/2019\/01\/JRBB-%40-BMW-Foto-TJ-Krebs-jazzphotoagency%40web.de_.jpg?fit=1200%2C800&ssl=1&resize=525%2C300 1.5x, https:\/\/i0.wp.com\/www.jazzzeitung.de\/cms\/wp-content\/uploads\/2019\/01\/JRBB-%40-BMW-Foto-TJ-Krebs-jazzphotoagency%40web.de_.jpg?fit=1200%2C800&ssl=1&resize=700%2C400 2x, https:\/\/i0.wp.com\/www.jazzzeitung.de\/cms\/wp-content\/uploads\/2019\/01\/JRBB-%40-BMW-Foto-TJ-Krebs-jazzphotoagency%40web.de_.jpg?fit=1200%2C800&ssl=1&resize=1050%2C600 3x"},"classes":[]},{"id":18144,"url":"https:\/\/www.jazzzeitung.de\/cms\/2018\/12\/bmw-welt-jazz-award-2019-der-elfte-wettbewerb-feiert-jazz-mit-dem-motto-saxophone-worlds\/","url_meta":{"origin":19056,"position":2},"title":"BMW Welt Jazz Award 2019:  Der elfte Wettbewerb feiert Jazz mit dem Motto \u201eSaxophone Worlds\u201c","author":"Redaktion JazzZeitung","date":"17. Dezember 2018","format":false,"excerpt":"M\u00fcnchen. Der elfte BMW Welt Jazz Award wird mit dem Leitmotiv \u201eSaxophone Worlds\u201c zelebriert. So sind auch im Jahr 2019 Jazz-Begeisterte und solche, die es werden wollen, wieder zu sechs kostenfreien Sonntagsmatineen von Januar bis M\u00e4rz eingeladen. Im Mittelpunkt steht dabei das Instrument, das wie kein anderes den Jazz repr\u00e4sentiert\u2026","rel":"","context":"In &quot;News&quot;","block_context":{"text":"News","link":"https:\/\/www.jazzzeitung.de\/cms\/thema\/nachrichten\/"},"img":{"alt_text":"","src":"https:\/\/i0.wp.com\/www.jazzzeitung.de\/cms\/wp-content\/uploads\/2018\/12\/BMW-Welt-Jazz-Award-2019_Saxophone-Worlds-c-BMW-AG.jpg?fit=1200%2C600&ssl=1&resize=350%2C200","width":350,"height":200,"srcset":"https:\/\/i0.wp.com\/www.jazzzeitung.de\/cms\/wp-content\/uploads\/2018\/12\/BMW-Welt-Jazz-Award-2019_Saxophone-Worlds-c-BMW-AG.jpg?fit=1200%2C600&ssl=1&resize=350%2C200 1x, https:\/\/i0.wp.com\/www.jazzzeitung.de\/cms\/wp-content\/uploads\/2018\/12\/BMW-Welt-Jazz-Award-2019_Saxophone-Worlds-c-BMW-AG.jpg?fit=1200%2C600&ssl=1&resize=525%2C300 1.5x, https:\/\/i0.wp.com\/www.jazzzeitung.de\/cms\/wp-content\/uploads\/2018\/12\/BMW-Welt-Jazz-Award-2019_Saxophone-Worlds-c-BMW-AG.jpg?fit=1200%2C600&ssl=1&resize=700%2C400 2x, https:\/\/i0.wp.com\/www.jazzzeitung.de\/cms\/wp-content\/uploads\/2018\/12\/BMW-Welt-Jazz-Award-2019_Saxophone-Worlds-c-BMW-AG.jpg?fit=1200%2C600&ssl=1&resize=1050%2C600 3x"},"classes":[]},{"id":18476,"url":"https:\/\/www.jazzzeitung.de\/cms\/2019\/01\/obara-quartett-eroeffnet-bmw-jazz-award-2019-in-muenchen\/","url_meta":{"origin":19056,"position":3},"title":"Richtig beliebt: Maciej Obara Quartett er\u00f6ffnet BMW Welt Jazz Award 2019","author":"Redaktion JazzZeitung","date":"29. Januar 2019","format":false,"excerpt":"\u201eUnloved\u201c hie\u00df das Programm, das Altsaxophonist Maciej Obara am vergangenen Sonntag in den den Doppelzylinder der BMW Welt in\u00a0 M\u00fcnchen mitbrachte.\u00a0 Nach gut zwei Stunden hoch energetischem Spiel seines polnisch-norwegischen Quartetts waren die vier Musiker beim Publikum das krasse Gegenteil von \u201eunloved\u201c, n\u00e4mlich extrem beliebt. \u201eUnloved\u201c ist ein Song des\u2026","rel":"","context":"In &quot;News&quot;","block_context":{"text":"News","link":"https:\/\/www.jazzzeitung.de\/cms\/thema\/nachrichten\/"},"img":{"alt_text":"","src":"https:\/\/i0.wp.com\/www.jazzzeitung.de\/cms\/wp-content\/uploads\/2019\/01\/DSC02731.jpg?fit=1200%2C800&ssl=1&resize=350%2C200","width":350,"height":200,"srcset":"https:\/\/i0.wp.com\/www.jazzzeitung.de\/cms\/wp-content\/uploads\/2019\/01\/DSC02731.jpg?fit=1200%2C800&ssl=1&resize=350%2C200 1x, https:\/\/i0.wp.com\/www.jazzzeitung.de\/cms\/wp-content\/uploads\/2019\/01\/DSC02731.jpg?fit=1200%2C800&ssl=1&resize=525%2C300 1.5x, https:\/\/i0.wp.com\/www.jazzzeitung.de\/cms\/wp-content\/uploads\/2019\/01\/DSC02731.jpg?fit=1200%2C800&ssl=1&resize=700%2C400 2x, https:\/\/i0.wp.com\/www.jazzzeitung.de\/cms\/wp-content\/uploads\/2019\/01\/DSC02731.jpg?fit=1200%2C800&ssl=1&resize=1050%2C600 3x"},"classes":[]},{"id":19019,"url":"https:\/\/www.jazzzeitung.de\/cms\/2019\/03\/charlie-parker-recomposed-das-rudresh-mahanthappa-quintett-beim-bmw-jazz-award-in-muenchen\/","url_meta":{"origin":19056,"position":4},"title":"Charlie Parker recomposed \u2013 das Rudresh Mahanthappa Quintett beim BMW Jazz Award in M\u00fcnchen","author":"Redaktion JazzZeitung","date":"27. M\u00e4rz 2019","format":false,"excerpt":"Als sechster und letzter Gast kam Altsaxophonist Rudresh Mahanthappa mit Rez Abbasi an der Gitarre, Bobby Avey am Klavier, Fran\u00e7ois Moutin am Bass und Rudy Royston am Schlagzeug zur Auswahlmatinee in den Doppelkegel der BMW Welt. Kennzeichnend f\u00fcr Mahanthappas Spiel ist die Verschmelzung von Modern Jazz mit den komplexen rhythmischen\u2026","rel":"","context":"In &quot;News&quot;","block_context":{"text":"News","link":"https:\/\/www.jazzzeitung.de\/cms\/thema\/nachrichten\/"},"img":{"alt_text":"","src":"https:\/\/i0.wp.com\/www.jazzzeitung.de\/cms\/wp-content\/uploads\/2019\/03\/BBP1268619-Mahanthappa-Quintett-live-Foto-TJ-Krebs.jpg?fit=1200%2C800&ssl=1&resize=350%2C200","width":350,"height":200,"srcset":"https:\/\/i0.wp.com\/www.jazzzeitung.de\/cms\/wp-content\/uploads\/2019\/03\/BBP1268619-Mahanthappa-Quintett-live-Foto-TJ-Krebs.jpg?fit=1200%2C800&ssl=1&resize=350%2C200 1x, https:\/\/i0.wp.com\/www.jazzzeitung.de\/cms\/wp-content\/uploads\/2019\/03\/BBP1268619-Mahanthappa-Quintett-live-Foto-TJ-Krebs.jpg?fit=1200%2C800&ssl=1&resize=525%2C300 1.5x, https:\/\/i0.wp.com\/www.jazzzeitung.de\/cms\/wp-content\/uploads\/2019\/03\/BBP1268619-Mahanthappa-Quintett-live-Foto-TJ-Krebs.jpg?fit=1200%2C800&ssl=1&resize=700%2C400 2x, https:\/\/i0.wp.com\/www.jazzzeitung.de\/cms\/wp-content\/uploads\/2019\/03\/BBP1268619-Mahanthappa-Quintett-live-Foto-TJ-Krebs.jpg?fit=1200%2C800&ssl=1&resize=1050%2C600 3x"},"classes":[]},{"id":25219,"url":"https:\/\/www.jazzzeitung.de\/cms\/2021\/08\/peter-gall-quintet-gewinnt-bmw-welt-jazz-award-2020\/","url_meta":{"origin":19056,"position":5},"title":"Sp\u00e4tes Finale: Das Peter Gall Quintet gewinnt den BMW Welt Jazz Award 2020","author":"Redaktion JazzZeitung","date":"4. August 2021","format":false,"excerpt":"M\u00fcnchen. Beim Finale des BMW Welt Jazz Award 2020 konnte das Peter Gall Quintet die Jury von sich \u00fcberzeugen. Zusammen mit Wanja Slavin am Saxophon, Reinier Baas an der Gitarre, Rainer B\u00f6hm am Piano sowie dem Bassisten Felix Henkelhausen setzte sich der Schlagzeuger Peter Gall gegen das Adam Baldych Quartet\u2026","rel":"","context":"In &quot;Bericht&quot;","block_context":{"text":"Bericht","link":"https:\/\/www.jazzzeitung.de\/cms\/thema\/bericht\/"},"img":{"alt_text":"","src":"https:\/\/i0.wp.com\/www.jazzzeitung.de\/cms\/wp-content\/uploads\/2021\/08\/P1166181-Peter-Gall-Quintett-Foto-TJ-Krebs-1.jpg?fit=907%2C605&ssl=1&resize=350%2C200","width":350,"height":200,"srcset":"https:\/\/i0.wp.com\/www.jazzzeitung.de\/cms\/wp-content\/uploads\/2021\/08\/P1166181-Peter-Gall-Quintett-Foto-TJ-Krebs-1.jpg?fit=907%2C605&ssl=1&resize=350%2C200 1x, https:\/\/i0.wp.com\/www.jazzzeitung.de\/cms\/wp-content\/uploads\/2021\/08\/P1166181-Peter-Gall-Quintett-Foto-TJ-Krebs-1.jpg?fit=907%2C605&ssl=1&resize=525%2C300 1.5x, https:\/\/i0.wp.com\/www.jazzzeitung.de\/cms\/wp-content\/uploads\/2021\/08\/P1166181-Peter-Gall-Quintett-Foto-TJ-Krebs-1.jpg?fit=907%2C605&ssl=1&resize=700%2C400 2x"},"classes":[]}],"jetpack_sharing_enabled":true,"_links":{"self":[{"href":"https:\/\/www.jazzzeitung.de\/cms\/wp-json\/wp\/v2\/posts\/19056","targetHints":{"allow":["GET"]}}],"collection":[{"href":"https:\/\/www.jazzzeitung.de\/cms\/wp-json\/wp\/v2\/posts"}],"about":[{"href":"https:\/\/www.jazzzeitung.de\/cms\/wp-json\/wp\/v2\/types\/post"}],"author":[{"embeddable":true,"href":"https:\/\/www.jazzzeitung.de\/cms\/wp-json\/wp\/v2\/users\/18"}],"replies":[{"embeddable":true,"href":"https:\/\/www.jazzzeitung.de\/cms\/wp-json\/wp\/v2\/comments?post=19056"}],"version-history":[{"count":7,"href":"https:\/\/www.jazzzeitung.de\/cms\/wp-json\/wp\/v2\/posts\/19056\/revisions"}],"predecessor-version":[{"id":19166,"href":"https:\/\/www.jazzzeitung.de\/cms\/wp-json\/wp\/v2\/posts\/19056\/revisions\/19166"}],"wp:featuredmedia":[{"embeddable":true,"href":"https:\/\/www.jazzzeitung.de\/cms\/wp-json\/wp\/v2\/media\/19059"}],"wp:attachment":[{"href":"https:\/\/www.jazzzeitung.de\/cms\/wp-json\/wp\/v2\/media?parent=19056"}],"wp:term":[{"taxonomy":"category","embeddable":true,"href":"https:\/\/www.jazzzeitung.de\/cms\/wp-json\/wp\/v2\/categories?post=19056"},{"taxonomy":"post_tag","embeddable":true,"href":"https:\/\/www.jazzzeitung.de\/cms\/wp-json\/wp\/v2\/tags?post=19056"},{"taxonomy":"author","embeddable":true,"href":"https:\/\/www.jazzzeitung.de\/cms\/wp-json\/wp\/v2\/coauthors?post=19056"}],"curies":[{"name":"wp","href":"https:\/\/api.w.org\/{rel}","templated":true}]}}