{"id":18911,"date":"2019-03-10T12:00:01","date_gmt":"2019-03-10T11:00:01","guid":{"rendered":"https:\/\/www.jazzzeitung.de\/cms\/?p=18911"},"modified":"2019-03-10T09:40:46","modified_gmt":"2019-03-10T08:40:46","slug":"die-jazz-radiowoche-vom-11-03-19-bis-17-03-2019","status":"publish","type":"post","link":"https:\/\/www.jazzzeitung.de\/cms\/2019\/03\/die-jazz-radiowoche-vom-11-03-19-bis-17-03-2019\/","title":{"rendered":"Die Jazz-Radiowoche vom 11.03.19 bis 17.03.2019"},"content":{"rendered":"<p>Ein kleiner Blick in die Jazzwoche 11 im Radio. Im Zentrum der Woche stehen drei Pianistinnen und deren Geburtstage: 75. Geburtstag von Joachim K\u00fchn, der 90. Geburtstag von Cecil Taylor und der 100. Geburtstag von Lennie Tristano.<\/p>\n<p>Die \u00dcbersicht zum <a href=\"https:\/\/service.conbrio.de\/service\/download\/278\/\">Download als PDF<\/a>. Alle Angaben ohne Gew\u00e4hr.<\/p>\n<hr \/>\n<h2>Jazz im Radio (Fernsehen)<\/h2>\n<ul>\n<li><strong>SR2<\/strong> \u2013 <a href=\"http:\/\/www.sr.de\/sr\/sr2\/sendungen_a-z\/uebersicht\/jazznow\/index.html\">JazzNow<\/a> \u2013 Sonntags von 20.04 bis 22.30 Uhr<\/li>\n<li><strong>BR-KLASSIK \u2013 <\/strong><a href=\"https:\/\/www.br-klassik.de\/themen\/jazz-und-weltmusik\/jazztime-die-ganze-welt-des-jazz-100.html\">Jazztime<\/a><strong> \u2013 <\/strong>Von Montag bis Freitag t\u00e4glich um 23.05 Uhr<\/li>\n<li><strong>rbb-kulturradio<\/strong> \u2013 <a href=\"https:\/\/www.kulturradio.de\/programm\/schema\/sendungen\/late_night_jazz.html\">Late Night Jazz<\/a> \u2013 Sa und So 23:04 \u2013 24:00 Uhr<\/li>\n<li><strong>hr2-kultur<\/strong> \u2013 <a href=\"http:\/\/www.hr2.de\/musik\/jazz\/index.html\">Jazz in hr2-kultur<\/a> \u2013 t\u00e4glich<\/li>\n<li><strong>SWR2<\/strong> \u2013 <a href=\"https:\/\/www.swr.de\/swr2\/programm\/sendungen\/jazz\/startseite-mit-vorschau\/-\/id=659242\/did=13778140\/nid=659242\/13ttn4d\/index.html\">Jazz<\/a> \u2013 t\u00e4glich<\/li>\n<li><strong>WDR3<\/strong> \u2013 <a href=\"http:\/\/www1.wdr.de\/radio\/wdr3\/programm\/sendungen\/wdr3-jazz-world\/index.html\">JAZZ &amp; WORLD<\/a> \u2013 Improvisiertes zum Tagesausklang \u2013 Montag bis Freitag, 22.04 \u2013 0:00 Uhr<\/li>\n<li><strong>Deutschlandfunk<\/strong> \u2013 <a href=\"http:\/\/www.deutschlandfunk.de\/jazz.747.de.html\">Jazz (\u00dcberblick)<\/a> \u2013 <a href=\"http:\/\/www.deutschlandfunk.de\/jazz-live.822.de.html\">Jazz Live<\/a>, <a href=\"http:\/\/www.deutschlandfunk.de\/jazzfacts.824.de.html\">JazzFacts<\/a> und <a href=\"http:\/\/www.deutschlandfunk.de\/milestones.1805.de.html\">Milestones<\/a><\/li>\n<li><strong>Deutschlandfunk Kultur<\/strong> \u2013 <a href=\"http:\/\/www.deutschlandfunkkultur.de\/jazz.1142.de.html\">Jazz<\/a> \u2013 diverse Sendetermine<\/li>\n<li><strong>ARTE TV<\/strong> \u2013 <a href=\"https:\/\/www.arte.tv\/de\/videos\/arte-concert\/jazz\/?xtor=AD-6-%5bMV_CFR_ARTE_DE_Google_GEN_GDN%5d-%5bGDN_GEN_Arte_Concerts_Jazz%5d-C-%5bjazz%20musik%5d\">Jazz<\/a><\/li>\n<\/ul>\n<hr \/>\n<h2>11.03.2019<\/h2>\n<hr \/>\n<p>17:50 bis 18:00 | SWR 2<br \/>\n<strong>SWR2 Jazz vor Sechs<\/strong><\/p>\n<p>19:04 bis 20:00 | hr2-kultur<br \/>\n<strong>H\u00f6rbar: Musik grenzenlos<\/strong><\/p>\n<p>19:35 bis 20:00 | MDR Kultur<br \/>\n<strong>MDR KULTUR \u2013 Jazz Lounge<\/strong><\/p>\n<p style=\"padding-left: 40px;\">Die Sendung will Jazz-Begeisterte erfreuen, ebenso wie H\u00f6rer, die mit dem Genre bisher wenig anfangen konnten. \u201eJazz Lounge\u201c begleitet sie entspannt in den Abend.<\/p>\n<p>22:04 bis 00:00 | WDR 3<br \/>\n<strong>WDR 3 Jazz &amp; World: Toshiko Akiyoshi-Lew Tabackin Big Band<\/strong><\/p>\n<p style=\"padding-left: 40px;\">Aufnahme vom 2. November 1979 aus der Villa Berg, Stuttgart. \u201eJapanisch-amerikanische Verbindungen\u201c \u2013 die Pianistin Toshiko Akiyoshi<\/p>\n<p>22:05 bis 23:00 | NDR Info<br \/>\n<strong>Play Jazz! Das Jazzmagazin \u2013 Mit Ralf Dorschel<\/strong><\/p>\n<p style=\"padding-left: 40px;\">Das Magazin aus der Welt des Jazz. Auf dem Programm stehen aktuelle CDs (darunter das \u201eAlbum der Woche\u201c) und Klassiker, Portr\u00e4ts von K\u00fcnstlern und Plattenfirmen, Konzerte, B\u00fccher und Filme. Play Jazz! sp\u00fcrt Trends nach und erinnert in der Rubrik \u201eRemember\u201c an die gro\u00dfen Momente der Jazzgeschichte. Im \u201eFenster nach Europa\u201c gibt es regelm\u00e4\u00dfig H\u00f6hepunkte von allen bedeutenden europ\u00e4ischen Jazzfestivals. Play Jazz! blickt auf die Jazz Szene im Sendegebiet und informiert in Interviews und Reportagen \u00fcber die Arbeit von Clubs, Jazzinitiativen und Festivals in Norddeutschland.<\/p>\n<p>22:30 bis 23:00 | hr2-kultur<br \/>\n<strong>Jazz Now: Aus dem Dschungel der Neuver\u00f6ffentlichungen<\/strong><\/p>\n<p style=\"padding-left: 40px;\">Am Mikrofon: Guenter Hottmann. heute mit: Javier Girotto Trio: Tango Nuevo Revisited | Daniel Herskedal: Voyage | BergSeidlDuo: The Garden | R\u00e9mi Dumoulin \/ Bruno Ruder \/ Araud Biscay: Das Rainer Trio | Christoph Stiefel Inner Language Trio: Embracing |<\/p>\n<p>23:05 bis 00:00 | BR-KLASSIK<br \/>\n<strong>Jazztime: Jazztoday<\/strong><\/p>\n<p style=\"padding-left: 40px;\">Play Bach and more: Zum Tod des franz\u00f6sischen Jazzpianisten Jacques Loussier (26. Oktober 1934 bis 5. M\u00e4rz 2019). Moderation und Auswahl: Henning Sieverts<\/p>\n<hr \/>\n<h2>12.03.2019<\/h2>\n<hr \/>\n<p>01:05 bis 05:00 | Deutschlandfunk Kultur<br \/>\n<strong>Tonart: Jazz \u2013 Moderation: Andreas M\u00fcller<\/strong><\/p>\n<p>17:50 bis 18:00 | SWR 2<br \/>\n<strong>SWR2 Jazz vor Sechs<\/strong><\/p>\n<p>19:35 bis 20:00 | MDR Kultur<br \/>\n<strong>MDR KULTUR \u2013 Jazz Lounge<\/strong><\/p>\n<p>21:03 bis 22:00 | SWR 2<br \/>\n<strong>SWR2 Jazz Session: My Favorite Discs<\/strong><\/p>\n<p style=\"padding-left: 40px;\">Von Nina Polaschegg. Pers\u00f6nliche Lieblingsalben aus der \u00e4lteren oder j\u00fcngeren Jazzgeschichte werden in der Reihe \u201eMy Favorite Discs\u201c regelm\u00e4\u00dfig vorgestellt: von den Autorinnen und Autoren unserer SWR2-Jazzredaktion. Legend\u00e4re Klassiker oder weniger bekannte Favoriten \u2013 warum gerade ein bestimmtes Album sie so beeindruckt hat, erkl\u00e4ren sie in dieser Sendung.<\/p>\n<p>21:05 bis 22:00 | Deutschlandfunk<br \/>\n<strong>Jazz Live: Dejan Terzic Melanoia + Quatuor IXI<\/strong><\/p>\n<p style=\"padding-left: 40px;\">Dejan Terzic, Schlagzeug, Komposition; Christian Weidner, Altsaxofon; Ronny Graupe, Gitarre; Jozef Dumoulin, Piano, Fender Rhodes; Regis Huby, Violine; Johan Renard, Violine; Guillaume Roy, Viola; Atsushi Sakai, Violoncello; Aufnahme vom 6.10.2018 aus dem Loft in K\u00f6ln. Am Mikrofon: Thomas Loewner<\/p>\n<p style=\"padding-left: 40px;\">Komplexe Rhythmen federleicht klingen zu lassen \u2013 nur wenige Schlagzeuger beherrschen diese Kunst so vollkommen wie der Schlagzeuger und Komponist Dejan Terzic. Mit einem hohen Ma\u00df an Sensibilit\u00e4t versteht es Dejan Terzic, die reiche Palette der Kl\u00e4nge, die ein Schlagzeugset bietet, in seine Musik zu integrieren. Doch nicht nur als Instrumentalist legt der aus Bosnien-Herzegowina stammende Schlagzeuger Wert auf feinste Nuancen. Auch als Arrangeur und Bandleader beweist er immer wieder gro\u00dfes Gesp\u00fcr darin, Dinge in eine perfekte Balance zu bringen. Die Grenzen zwischen Improvisation und Komposition scheinen aufgehoben zu sein; je nach Situation erg\u00e4nzen sich instrumentale Klangfarben zu einem harmonischen Ensembleklang oder stehen im bewussten Kontrast zueinander. Diese Qualit\u00e4t zeichnet vor allem die Zusammenarbeit von Terzics Quartett Melanoia mit dem franz\u00f6sischen Streichquartett Quatuor IXI aus.<\/p>\n<p>22:00 bis 00:00 | Bremen Zwei<br \/>\n<strong>Jazz Grooves<\/strong><\/p>\n<p style=\"padding-left: 40px;\">Die ganze Welt des Jazz. Blue Note, Big Band, Neuerscheinungen und bekannte Stars \u2013 und Tipps zum Konzertgeschehen in Bremen und der Region.<\/p>\n<p>22:04 bis 00:00 | WDR 3<br \/>\n<strong>WDR 3 Jazz &amp; World: Marcin Wasilewski Trio<\/strong><\/p>\n<p style=\"padding-left: 40px;\">Aufnahmen vom 12. August 2016 bei Jazz Middelheim, Antwerpen. From Poland with Jazz \u2013 Die Geschichte des Marcin Wasilewski Trios<\/p>\n<p>22:05 bis 23:00 | NDR Info<br \/>\n<strong>Play Jazz! Das Jazzmagazin \u2013 Mit Ralf Dorschel<\/strong><\/p>\n<p>22:30 bis 23:00 | hr2-kultur<br \/>\n<strong>Jazzgroove: An den R\u00e4ndern des Jazz<\/strong><\/p>\n<p style=\"padding-left: 40px;\">Am Mikrofon: Guenter Hottmann. heute mit: Randy Brecker &amp; NDR Bigband w\/ David Sanborn \/ Ada Rovatti \/ Wolfgang Haffner: Rocks | Chris Potter: Circuits | Jasper Bloom Quartet feat. Nils Wogram: Polyphony | Nils Landgren \/ Michael Wollny \/ Lars Danielsson \/ Wolfgang Haffner: 4 Wheel Drive | Marilyn Mazur\u2019s Shamania: Marilyn Mazur\u2019s Shamania |<\/p>\n<p>23:05 bis 00:00 | BR-KLASSIK<br \/>\n<strong>Jazztime: News &amp; Roots<\/strong><\/p>\n<p>News from New York II: mit dem Tenorsaxophonisten Joshua Redman, Trompeter Ralph Alessi und dem Solo-Bassisten Larry Grenadier.. Auswahl und Moderation: Henning Sieverts<\/p>\n<hr \/>\n<h2>13.03.2019<\/h2>\n<hr \/>\n<p>17:50 bis 18:00 | SWR 2<br \/>\n<strong>SWR2 Jazz vor Sechs<\/strong><\/p>\n<p>19:05 bis 20:00 | BR-KLASSIK<br \/>\n<strong>Classic Sounds in Jazz: Blue Feelings<\/strong><\/p>\n<p style=\"padding-left: 40px;\">Mit Musik von Norah Jones, Wayne Shorter, Chet Baker und anderen. Moderation und Auswahl: Roland Spiegel<\/p>\n<p>19:35 bis 20:00 | MDR Kultur<br \/>\n<strong>MDR KULTUR \u2013 Jazz Lounge<\/strong><\/p>\n<p>22:04 bis 00:00 | WDR 3<br \/>\n<strong>WDR 3 Jazz &amp; World: Das Kioomars Musayyebi Quartett im \u201eMittwochskonzert der Musikkulturen\u201c<\/strong><\/p>\n<p style=\"padding-left: 40px;\">Aufnahmen vom 13. M\u00e4rz 2019 aus der Rudolf-Oetker-Halle, Bielefeld. Orientalische Impressionen<\/p>\n<p>22:05 bis 23:00 | NDR Info<br \/>\n<strong>Play Jazz! Das Jazzmagazin \u2013 Mit Ralf Dorschel<\/strong><\/p>\n<p>22:30 bis 23:00 | hr2-kultur<br \/>\n<strong>Jazzfacts: What\u2019s going on? \u2013 Features, Interviews und was die Szene (um-)treibt<\/strong><\/p>\n<p style=\"padding-left: 40px;\">Ein Dreivierteljahrhundert musikalische Pfadfinder-Suche: Joachim K\u00fchn. Freiheit als zentrale Kategorie des Spiels: Der Pianist Joachim K\u00fchn interpretiert zu seinem 75. Geburtstag den \u201eMelodiker\u201c Ornette Coleman. Am Mikrofon: Sarah Seidel<\/p>\n<p>23:05 bis 00:00 | BR-KLASSIK<br \/>\n<strong>Jazztime: Jazz aus N\u00fcrnberg: Live-Mitschnitte<\/strong><\/p>\n<p style=\"padding-left: 40px;\">Musikalische Evolution \u2013 die Band Tiktaalik beim Jazzfest W\u00fcrzburg am 27. Oktober 2018. Moderation und Auswahl: Beate Sampson<\/p>\n<hr \/>\n<h2>14.03.2019<\/h2>\n<hr \/>\n<p>17:50 bis 18:00 | SWR 2<br \/>\n<strong>SWR2 Jazz vor Sechs<\/strong><\/p>\n<p>19:35 bis 20:00 | MDR Kultur<br \/>\n<strong>MDR KULTUR \u2013 Jazz Lounge<\/strong><\/p>\n<p>21:00 bis 22:00 | MDR Kultur<br \/>\n<strong>MDR KULTUR \u2013 Jazz: Kosmopolit am Klavier \u2013 Zum 75. Geburtstag von Joachim K\u00fchn<\/strong><\/p>\n<p style=\"padding-left: 40px;\">Eine Sendung von Bert Noglik<\/p>\n<p>21:05 bis 22:00 | Deutschlandfunk<br \/>\n<strong>JazzFacts: Nie in denselben Fluss steigen \u2013 Ein Portr\u00e4t des d\u00e4nischen Gitarristen Jakob Bro<\/strong><\/p>\n<p style=\"padding-left: 40px;\">Von Karl Lippegaus. Der Gitarrist Jakob Bro aus Kopenhagen versteht sich auf improvisierte H\u00f6rfilme, eine Art Zeitlupenmusik in Pastellt\u00f6nen. Seit er mit dem Bassisten Thomas Morgan und dem Drummer Joey Baron gro\u00dfe Alben wie ,Gefion\u2019 und ,Streams\u2019 einspielte, sind die drei ein unzertrennliches Team. Eine E-Gitarre singt eine Hymne auf Stille und Kontemplation, ein behutsames \u00d6ffnen der Klangr\u00e4ume findet statt. Mag der Begriff des Traumt\u00e4nzers im Deutschen negativ konnotiert sein: Das Jakob Bro Trio deutet ihn ins Positive um. Seine Themen entwickeln einen starken Sog. Oft sind es flie\u00dfende volksliedhafte Melodien, die leise verhallen, Fragmente von Songs, die keiner Texte bed\u00fcrfen. Auf Jakob Bros Album ,Streams\u2019 wird undogmatisch deutlich, was Gleichheit im Jazz bedeutet. Der Saxofonist Lee Konitz sagt \u00fcber die Musik des Gitarristen, er habe daf\u00fcr keinen Namen \u2013 sie sei weder Folk noch Jazz oder Rock und er spreche lieber von \u201aballadeering\u2019. Oder wie Heraklit sagte: \u201eWir steigen in denselben Fluss und doch nicht in denselben; wir sind es, und wir sind es nicht.\u201c<\/p>\n<p>22:04 bis 00:00 | WDR 3<br \/>\n<strong>WDR 3 Jazz &amp; World: Szene NRW \u2013 Aktuelles aus der Region \u2013 Der Aachener Organist und Pianist Simon Oslender<\/strong><\/p>\n<p style=\"padding-left: 40px;\">Preview Jazz: Michael R\u00fcsenberg. Preview World: Antje Hollunder<\/p>\n<p>22:05 bis 23:00 | NDR Info<br \/>\n<strong>Play Jazz! Das Jazzmagazin \u2013 Mit Ralf Dorschel<\/strong><\/p>\n<p>22:30 bis 23:00 | hr2-kultur<br \/>\n<strong>Jazz Now: Aus dem Dschungel der Neuver\u00f6ffentlichungen<\/strong><\/p>\n<p style=\"padding-left: 40px;\">Am Mikrofon: Guenter Hottmann. heute mit: Rigmor Gustafsson: Come Home | Andrea Motis: Do Outro Lado Do Azul | Youn Sun Nah: Immersion | Susanna &amp; The Brotherhood Of Our Lady: Garden Of Earthly Delights | Maggie Nicols \/ Silke Eberhard \/ Nikolaus Neuser \/ Christian Marien: I Am Three &amp; Me | Ornella Vanoni: Argilla | A Filetta \/ Paolo Fresu \/ Daniele Di Bonaventura: Danse Memoire, Danse |<\/p>\n<p>23:03 bis 00:00 | SWR 2<br \/>\n<strong>SWR2 NOWJazz: \u201eSing Me A Pop Song\u201c \u2013 Neue Allianzen zwischen Jazz und Pop<\/strong><\/p>\n<p style=\"padding-left: 40px;\">Von Odilo Clausnitzer. Dass Musiker aus Jazz und Pop f\u00fcr das jeweils andere Genre eine heimliche Liebe hegen \u2013 das ist nichts Neues. Dass sie sie auch ausleben schon. In j\u00fcngerer Zeit gab es mehrere Beispiele f\u00fcr grenz\u00fcberschreitende Kooperationen. So h\u00f6rt man auf Platten der S\u00e4ngerin Julia Holter den Saxofonisten Chris Speed, Songwriter Ryley Walker arbeitete mit Gr\u00f6\u00dfen der Chicagoer Improvisationsszene wie dem Cellisten Fred Lonberg-Holm. Die Dichterin\/S\u00e4ngerin Lydia Daher lie\u00df sich auf ihrer letzten CD von Berliner Jazzmusikern begleiten. Umgekehrt hat der Kontrabassist David Helm k\u00fcrzlich ein Album als Singer-Songwriter vorgelegt. Die Sendung sp\u00fcrt den neuen Allianzen nach.<\/p>\n<p>23:05 bis 00:00 | BR-KLASSIK<br \/>\n<strong>Jazztime: All that Jazz \u2013 Der wildeste Mann des Jazz<\/strong><\/p>\n<p style=\"padding-left: 40px;\">BR-Aufnahmen mit dem Pianisten Cecil Taylor, der diesen M\u00e4rz 90 Jahre alt geworden w\u00e4re. Moderation und Auswahl: Roland Spiegel<\/p>\n<hr \/>\n<h2>15.03.2019<\/h2>\n<hr \/>\n<p>17:50 bis 18:00 | SWR 2<br \/>\n<strong>SWR2 Jazz vor Sechs<\/strong><\/p>\n<p>19:35 bis 20:00 | MDR Kultur<br \/>\n<strong>MDR KULTUR \u2013 Jazz Lounge<\/strong><\/p>\n<p>22:04 bis 00:00 | WDR 3<br \/>\n<strong>WDR 3 Jazz &amp; World: Klanglandschaft \u2013 Italien: \u201eSemilla\u201c<\/strong><\/p>\n<p style=\"padding-left: 40px;\">Lavinia Mancusi &amp; Gabriele Gagliarini Quartett. Aufnahmen vom 21. Februar 2019 aus dem Theater an der Ruhr, M\u00fclheim<\/p>\n<p>22:05 bis 23:00 | NDR Info<br \/>\n<strong>Jazz Special: Jazz und Europa: Grenzenlose Lust am Ertasten der Welt \u2013 Zum 75. Geburtstag des Pianisten Joachim K\u00fchn<\/strong><\/p>\n<p style=\"padding-left: 40px;\">Mit Bert Noglik. Er wandert seit Jahren \u00fcber ein Hochplateau und strebt best\u00e4ndig voran. Zugleich geht es ihm um die Vertiefung des Spiels, um die Essenzen des Musikalischen. Joachim K\u00fchn ist besessen von der Sinnsuche im Medium des Klanges und von der Erweiterung der Erfahrung im Prozess der Begegnung. Von seiner Heimatstadt Leipzig aufbrechend, ging er in die Welt. Nach Stationen in Paris, Los Angeles, New York und Hamburg fand er seinen R\u00fcckzugsort auf Ibiza. Schon fr\u00fch ermutigt von seinem Bruder, dem Klarinettisten Rolf K\u00fchn, profilierte er sich zu einem Spitzenmusiker \u2013 in den Gefilden des Free Jazz und der Fusion Music, dann weiter mit einer freien und dabei g\u00e4nzlich eigenen Spielweise.<\/p>\n<p>22:05 bis 22:50 | Deutschlandfunk<br \/>\n<strong>Milestones \u2013 Jazzklassiker \u2013 Das Trio als Klanglabor und Kommunikationszentrum, Joachim K\u00fchn zum 75. Geburtstag<\/strong><\/p>\n<p style=\"padding-left: 40px;\">Eine W\u00fcrdigung von Bert Noglik. Das facettenreiche Werk von Joachim K\u00fchn spannt sich vom Solospiel \u00fcber Duo-Begegnungen bis zur Zusammenarbeit mit Big Bands, Ch\u00f6ren und Orchestern. Im Zentrum seiner Kreativit\u00e4t stand allerdings stets die Arbeit mit wechselnden Trio-Formationen. Bereits das von Joachim K\u00fchn 1964 in Leipzig gegr\u00fcndete Trio mit dem Bassisten Klaus Koch und dem Schlagzeuger Reinhard Schwartz wirkte bahnbrechend und reichte weit in die Bereiche der freien Improvisation hinein. Die sp\u00e4ter in Paris formierte Dreiergemeinschaft mit dem Bassisten Jean-Fran\u00e7ois Jenny-Clark und dem Schlagzeuger Daniel Humair hat europ\u00e4ische Jazzgeschichte mitgestaltet \u2013 als eine Einheit geradezu telepathisch miteinander verbundener Individuen.<\/p>\n<p style=\"padding-left: 40px;\">Einen ganz anderen Weg beschritt Joachim K\u00fchn im Musizieren mit dem aus Marokko stammenden Guembri-Meister Majid Bekkas und dem Perkussionisten Ram\u00f3n L\u00f3pez. Im Spiel dieses Trios flie\u00dfen jazzinspirierte Improvisationen, europ\u00e4ische Einfl\u00fcsse, arabische Skalen und afrikanische Rhythmen ganz selbstverst\u00e4ndlich zusammen. Vor drei Jahren entstand schlie\u00dflich das New Trio Joachim K\u00fchns mit Chris Jennings und Eric Schaefer, in dem sich die jahrzehntelangen Erfahrungen des Pianisten und der Spielgestus j\u00fcngerer Generationen auf das Trefflichste erg\u00e4nzen.<\/p>\n<p>22:30 bis 23:00 | hr2-kultur<br \/>\n<strong>Jazz Classics: Aufnahmen, die die Welt beweg(t)en \u2013 Benny Goodman: B.G. in HI-FI<\/strong><\/p>\n<p style=\"padding-left: 40px;\">Heute: Benny Goodman: B.G. in HI-FI, Capitol Jazz CDP 7 92864 2 (1954). Am Mikrofon: Jesko von Schwichow<\/p>\n<p>23:03 bis 00:00 | SWR 2<br \/>\n<strong>SWR2 NOWJazz: Freiheit und Architektur \u2013 Zum 90. Geburtstag des Pianisten Cecil Taylor<\/strong><\/p>\n<p style=\"padding-left: 40px;\">Von Harry Lachner. So einzigartig der im M\u00e4rz 1929 geborene und im April vergangenen Jahres verstorbene Cecil Taylor in seinem Spiel war, so einflussreich war er f\u00fcr den Lauf der Jazzgeschichte. Und aus der Tradition sch\u00f6pfte auch er, wobei er sich nicht nur auf die Formen und die Improvisationskunst des afro-amerikanischen Jazz bezog, sondern auch auf Soul- und Funk-Musiker bezog. Wir blicken zur\u00fcck auf das Leben eines Ausnahmek\u00fcnstlers \u2013 mit Aufnahmen aus den vielen Stationen seiner musikalischen Karriere. (Produktion 2018)<\/p>\n<p>23:05 bis 00:00 | BR-KLASSIK<br \/>\n<strong>Jazztime: Zum 75. Geburtstag des Pianisten Joachim K\u00fchn<\/strong><\/p>\n<p style=\"padding-left: 40px;\">Lockenkopf mit Langzeit-Power: Joachim K\u00fchn. Live-Aufnahmen mit den Trio-Partnern Daniel Humair und Bruno Chevillon sowie im Duo mit Klarinettist Rolf K\u00fchn. Ausschnitte aus der BR-Reihe \u201eJazz auf Reisen\u201c. Moderation und Auswahl: Roland Spiegel<\/p>\n<hr \/>\n<h2>16.03.2019<\/h2>\n<hr \/>\n<p>01:05 bis 06:00 | Deutschlandfunk<br \/>\n<strong>Deutschlandfunk Radionacht \u2013 School of Cool \u2013 Lennie Tristano zum 100. Geburtstag<\/strong><\/p>\n<p>13:04 bis 15:00 | WDR 3<br \/>\n<strong>WDR 3 Pers\u00f6nlich mit G\u00f6tz Alsmann<\/strong><\/p>\n<p style=\"padding-left: 40px;\">Unter anderem mit Musik von Paul Abraham, Eugen Cicero, George Gruntz und Jack McVea<\/p>\n<p>17:50 bis 18:00 | SWR 2<br \/>\n<strong>SWR2 Jazz vor Sechs<\/strong><\/p>\n<p>19:04 bis 20:00 | hr2-kultur<br \/>\n<strong>Live Jazz: Reis\/Demuth\/Wiltgen &amp; Joshua Redman | Cully Jazz Festival 2018<\/strong><\/p>\n<p style=\"padding-left: 40px;\">Reis\/Demuth\/Wiltgen &amp; Joshua Redman || Michel Reis, p | Marc Demuth, b | Paul Wiltgen, dr | Joshua Redman, ts | Cully Jazz Festival 2018, Chapiteau Cully, April 2018. Am Mikrofon: J\u00fcrgen Schwab<\/p>\n<p>19:30 bis 20:00 | MDR Kultur<br \/>\n<strong>MDR KULTUR \u2013 Jazz Lounge<\/strong><\/p>\n<p>20:15 bis 21:00 | NDR Info<br \/>\n<strong>Jazz Klassiker: H\u00f6rerinnenw\u00fcnsche<\/strong><\/p>\n<p style=\"padding-left: 40px;\">Mit Marianne Therstappen. Von Blues und Swing bis Bebop, Funk und Weltmusik, von den Sch\u00e4tzen aus den NDR Studios bis zu mitrei\u00dfenden Festival-Aufnahmen \u2013 alles ist m\u00f6glich und alles auf Wunsch. Einmal im Monat, am Sonnabend von 20.15 bis 21 Uhr, pr\u00e4sentiert Marianne Therstappen in ihrer Sendung auf NDR Info, was sich die H\u00f6rer f\u00fcr ihr Jazzprogramm ausgesucht haben.<\/p>\n<p>22:03 bis 23:00 | SWR 2<br \/>\n<strong>SWR2 Jazztime: School of Cool \u2013 Zum 100. <\/strong><strong>Geburtstag: Der Pianist Lennie Tristano und seine Sch\u00fcler<\/strong><\/p>\n<p style=\"padding-left: 40px;\">Von Odilo Clausnitzer. Der Pianist Lennie Tristano (1919 \u2013 1978) geh\u00f6rt zu den mysteri\u00f6sen Figuren der Jazzgeschichte. W\u00e4hrend er von seinen Sch\u00fclern zeitweise fast wie ein Guru verehrt wurde, ist sein Werk einem gro\u00dfen Teil von Jazzfans bis heute kaum bekannt. Seine Musik erfuhr entweder gl\u00fchende Bewunderung und scharfe Ablehnung \u2013 aber kaum etwas dazwischen. Tristano gilt als entscheidender Innovator des Cool Jazz. Sein extrem virtuoses Klavierspiel war nach eigenen Angaben st\u00e4rker von Bl\u00e4sern wie Lester Young und Charlie Parker beeinflusst als von Pianokollegen.<\/p>\n<p>22:05 bis 23:00 | NDR Info<br \/>\n<strong>NDR Info Jazz Nacht \u2013 Jazz und Europa: Die Br\u00fcder Rolf und Joachim K\u00fchn in Aufnahmen des NDR<\/strong><\/p>\n<p style=\"padding-left: 40px;\">Mit Sarah Seidel. Der Klarinettisten Rolf K\u00fchn und seinen j\u00fcngeren Bruder, der Pianisten Joachim K\u00fchn haben die deutsche Jazzszene \u00fcber Jahrzehnte hinweg bereichert und stark gemacht. Beide haben jenseits und diesseits der innerdeutschen Mauer Jazz gemacht, sich auf einer Ost-West-Achse bewegt. Sie haben immer wieder neue Ideen aus ihren musikalischen Abenteuern gezogen, die oft von Begegnungen mit internationalen Jazzgr\u00f6\u00dfen inspiriert waren. Rolf K\u00fchn war in den 1960er-Jahren Leiter des NDR Fernsehorchesters, arbeitete mit Albert Mangelsdorff und Wolfgang Dauner, schrieb Film- und Theatermusiken. Joachim K\u00fchns in Paris gegr\u00fcndete Trios mit Jean-Fran\u00e7ois Jenny-Clark und Daniel Humair, mit Majid Bekkas und Ramon Lopez und aktuelle Projekte mit dem Schlagzeuger Eric Schaefer oder dem Saxofonisten \u00c9mile Parisien, konnte man \u00fcber die Jahre auch immer wieder im Rolf-Liebermann-Studio des NDR in Hamburg erleben. Im Herbst 2019 wird Rolf K\u00fchn 90, im M\u00e4rz feiert Joachim K\u00fchn den 75. Geburtstag.<\/p>\n<hr \/>\n<h2>17.03.2019<\/h2>\n<hr \/>\n<p>00:00 bis 02:00 | NDR Info<br \/>\n<strong>NDR Info Jazz Nacht: Jazz und Europa: Die Br\u00fcder Rolf und Joachim K\u00fchn in Aufnahmen des NDR<\/strong><\/p>\n<p style=\"padding-left: 40px;\">Mit Sarah Seidel. Der Klarinettisten Rolf K\u00fchn und seinen j\u00fcngeren Bruder, der Pianisten Joachim K\u00fchn haben die deutsche Jazzszene \u00fcber Jahrzehnte hinweg bereichert und stark gemacht. Beide haben jenseits und diesseits der innerdeutschen Mauer Jazz gemacht, sich auf einer Ost-West-Achse bewegt. Sie haben immer wieder neue Ideen aus ihren musikalischen Abenteuern gezogen, die oft von Begegnungen mit internationalen Jazzgr\u00f6\u00dfen inspiriert waren. Rolf K\u00fchn war in den 1960er-Jahren Leiter des NDR Fernsehorchesters, arbeitete mit Albert Mangelsdorff und Wolfgang Dauner, schrieb Film- und Theatermusiken. Joachim K\u00fchns in Paris gegr\u00fcndete Trios mit Jean-Fran\u00e7ois Jenny-Clark und Daniel Humair, mit Majid Bekkas und Ramon Lopez und aktuelle Projekte mit dem Schlagzeuger Eric Schaefer oder dem Saxofonisten \u00c9mile Parisien, konnte man \u00fcber die Jahre auch immer wieder im Rolf-Liebermann-Studio des NDR in Hamburg erleben. Im Herbst 2019 wird Rolf K\u00fchn 90, im M\u00e4rz feiert Joachim K\u00fchn den 75. Geburtstag.<\/p>\n<p>00:05 bis 04:58 | Bayern 2<br \/>\n<strong>radioJazznacht extra: Highlights aus allen Jahrzehnten der Jazzwoche Burghausen<\/strong><\/p>\n<p style=\"padding-left: 40px;\">Highlights aus allen Jahrzehnten der Internationalen Jazzwoche Burghausen. Moderation: Roland Spiegel und Ulrich Habersetzer<\/p>\n<p>19:04 bis 20:00 | hr2-kultur<br \/>\n<strong>hr-Bigband. Konzerte und Produktionen u.a. mit: \u201eBach Goes Big Band\u201c \u2013 hr-Bigband, cond. <\/strong><strong>&amp; arr. by J\u00f6rg Achim Keller<\/strong><\/p>\n<p style=\"padding-left: 40px;\">\u201eBach Goes Big Band\u201c \u2013 hr-Bigband, cond. &amp; arr. by J\u00f6rg Achim Keller, Alte Oper Frankfurt, November 2018, Teil 1 .Am Mikrofon: Daniella Baumeister<\/p>\n<p>20:04 bis 22:30 | SR2 KulturRadio<br \/>\n<strong>JazzNow: Jazz live with friends \u2013 Die SWR Bigband feat. Fola Dada<\/strong><\/p>\n<p style=\"padding-left: 40px;\">Aufnahme vom 3. Februar 2019 in der Gebl\u00e4sehalle Neunkirchen<\/p>\n<p>22:05 bis 23:00 | NDR Info<br \/>\n<strong>Jazz NDR Bigband: Fiete\u2019s Favorites<\/strong><\/p>\n<p style=\"padding-left: 40px;\">Mitschnitt vom 30. November 2018. Mit Henry Altmann. Seit 23 Jahren besetzt Fiete Felsch die Stelle des Ersten Altsaxofonisten in der NDR Bigband, zuverl\u00e4ssig virtuos und druckvoll, einf\u00fchlsam und wandlungsf\u00e4hig in den unterschiedlichsten Projekten. Ein Musiker, der keine Probleme damit hat, sein K\u00f6nnen ganz in den Dienst der so verschiedenartigen Arrangeure und Bandleader zu stellen, mit denen er zusammenarbeitet. Besondere Aufmerksamkeit m\u00f6chte Felsch dabei auf die poetische Zartheit seines Fl\u00f6tenspiels lenken, das mit den Jahren als ein kreativer Ausgleich zum Hochdruck vieler Jazzproduktionen zu seinem ganz pers\u00f6nlichen \u201eFavorite\u201c geworden ist.<\/p>\n","protected":false},"excerpt":{"rendered":"<p>Ein kleiner Blick in die Jazzwoche 11 im Radio. Im Zentrum der Woche stehen drei Pianistinnen und deren Geburtstage: 75. Geburtstag von Joachim K\u00fchn, der 90. Geburtstag von Cecil Taylor und der 100. Geburtstag von Lennie Tristano. Die \u00dcbersicht zum Download als PDF. Alle Angaben ohne Gew\u00e4hr. Jazz im Radio (Fernsehen) SR2 \u2013 JazzNow \u2013 Sonntags von 20.04 bis 22.30 Uhr BR-KLASSIK \u2013 Jazztime \u2013 Von Montag bis Freitag t\u00e4glich um 23.05 Uhr rbb-kulturradio \u2013 Late Night Jazz \u2013 Sa und So 23:04 \u2013 24:00 Uhr hr2-kultur \u2013 Jazz in hr2-kultur \u2013 t\u00e4glich SWR2 \u2013 Jazz \u2013 t\u00e4glich WDR3 \u2013 JAZZ &amp; WORLD \u2013 Improvisiertes zum Tagesausklang \u2013 Montag bis Freitag, 22.04 \u2013 0:00 Uhr Deutschlandfunk \u2013 Jazz (\u00dcberblick) \u2013 Jazz Live, JazzFacts und Milestones Deutschlandfunk Kultur \u2013 Jazz \u2013 diverse Sendetermine ARTE TV \u2013 Jazz 11.03.2019 17:50 bis 18:00 | SWR 2 SWR2 Jazz vor Sechs 19:04 bis 20:00 | hr2-kultur H\u00f6rbar: Musik grenzenlos 19:35 bis 20:00 | MDR Kultur MDR KULTUR \u2013 Jazz Lounge Die Sendung will Jazz-Begeisterte erfreuen, ebenso wie H\u00f6rer, die mit dem Genre bisher wenig anfangen konnten. \u201eJazz Lounge\u201c begleitet &hellip;<\/p>\n","protected":false},"author":1,"featured_media":18913,"comment_status":"open","ping_status":"closed","sticky":false,"template":"","format":"standard","meta":{"_jetpack_memberships_contains_paid_content":false,"footnotes":"","jetpack_publicize_message":"","jetpack_publicize_feature_enabled":true,"jetpack_social_post_already_shared":false,"jetpack_social_options":{"image_generator_settings":{"template":"highway","default_image_id":0,"font":"","enabled":false},"version":2}},"categories":[633,452],"tags":[1959,2019,34,48,1798,61,1108,71,72,73,1104,83,94,95,722,109,1969,111,953,1192,1174,1406,166,3,682,1351,184,754,790,198,214,215,221,1025,1007,1799,1559,1876,253,1629,751,1058,1978,290,947,753,1335,1341,310,316,852,323,327,344,347,349,1672,1410,2062,384,1679,388,2126,410,1664,904,1951,1303,417,420,423,2048,1691,2147,431,2080,442,447,1965,1193,456,1250,473,474,2139,1564,496,1682,510,1860,535,1398,862,1356,562,589,590,1749,599,607],"coauthors":[650],"class_list":["post-18911","post","type-post","status-publish","format-standard","has-post-thumbnail","hentry","category-nachrichten","category-radio","tag-1959","tag-2019","tag-album","tag-arte","tag-bayern","tag-beate-sampson","tag-bert-noglik","tag-big-band","tag-big-bands","tag-bigband","tag-blue-note","tag-blues","tag-br-klassik","tag-bremen","tag-burghausen","tag-cd","tag-cecil-taylor","tag-charlie-parker","tag-chet-baker","tag-clubs","tag-download","tag-duo","tag-eric-schaefer","tag-festival","tag-festivals","tag-film","tag-frankfurt","tag-free-jazz","tag-geburtstag","tag-geschichte","tag-halle","tag-hamburg","tag-henning-sieverts","tag-hr-bigband","tag-improvisation","tag-jacques-loussier","tag-jakob-bro","tag-jazz","tag-jazz-auf-reisen","tag-jazz-im-radio","tag-jazzfest","tag-jazzgeschichte","tag-jazzszene","tag-jazztime","tag-jazzwoche-burghausen","tag-joachim-kuehn","tag-joshua-redman","tag-julia-holter","tag-karl-lippegaus","tag-klassik","tag-koeln","tag-konzerte","tag-kultur","tag-lars-danielsson","tag-lee-konitz","tag-leipzig","tag-live","tag-loft","tag-marilyn-mazur","tag-mdr","tag-michael-ruesenberg","tag-michael-wollny","tag-mitschnitte","tag-ndr","tag-ndr-bigband","tag-new-york","tag-news","tag-nikolaus-neuser","tag-nils-landgren","tag-nils-wogram","tag-nuernberg","tag-oktober","tag-ornette-coleman","tag-paolo-fresu","tag-paris","tag-pianisten","tag-piano","tag-pop","tag-quartett","tag-radio","tag-randy-brecker","tag-rock","tag-roland-spiegel","tag-rolf-kuehn","tag-s","tag-schlagzeug","tag-sendung","tag-silke-eberhard","tag-spiegel","tag-stuttgart","tag-swing","tag-swr","tag-tod","tag-trio","tag-tv","tag-wdr","tag-wdr-3","tag-wolfgang-dauner","tag-wolfgang-haffner","tag-youn-sun-nah"],"yoast_head":"<!-- This site is optimized with the Yoast SEO plugin v27.5 - https:\/\/yoast.com\/product\/yoast-seo-wordpress\/ -->\n<title>Die Jazz-Radiowoche vom 11.03.19 bis 17.03.2019 - JazzZeitung<\/title>\n<meta name=\"robots\" content=\"index, follow, max-snippet:-1, max-image-preview:large, max-video-preview:-1\" \/>\n<link rel=\"canonical\" href=\"https:\/\/www.jazzzeitung.de\/cms\/2019\/03\/die-jazz-radiowoche-vom-11-03-19-bis-17-03-2019\/\" \/>\n<meta property=\"og:locale\" content=\"de_DE\" \/>\n<meta property=\"og:type\" content=\"article\" \/>\n<meta property=\"og:title\" content=\"Die Jazz-Radiowoche vom 11.03.19 bis 17.03.2019 - JazzZeitung\" \/>\n<meta property=\"og:description\" content=\"Ein kleiner Blick in die Jazzwoche 11 im Radio. Im Zentrum der Woche stehen drei Pianistinnen und deren Geburtstage: 75. Geburtstag von Joachim K\u00fchn, der 90. Geburtstag von Cecil Taylor und der 100. Geburtstag von Lennie Tristano. Die \u00dcbersicht zum Download als PDF. Alle Angaben ohne Gew\u00e4hr. Jazz im Radio (Fernsehen) SR2 \u2013 JazzNow \u2013 Sonntags von 20.04 bis 22.30 Uhr BR-KLASSIK \u2013 Jazztime \u2013 Von Montag bis Freitag t\u00e4glich um 23.05 Uhr rbb-kulturradio \u2013 Late Night Jazz \u2013 Sa und So 23:04 \u2013 24:00 Uhr hr2-kultur \u2013 Jazz in hr2-kultur \u2013 t\u00e4glich SWR2 \u2013 Jazz \u2013 t\u00e4glich WDR3 \u2013 JAZZ &amp; WORLD \u2013 Improvisiertes zum Tagesausklang \u2013 Montag bis Freitag, 22.04 \u2013 0:00 Uhr Deutschlandfunk \u2013 Jazz (\u00dcberblick) \u2013 Jazz Live, JazzFacts und Milestones Deutschlandfunk Kultur \u2013 Jazz \u2013 diverse Sendetermine ARTE TV \u2013 Jazz 11.03.2019 17:50 bis 18:00 | SWR 2 SWR2 Jazz vor Sechs 19:04 bis 20:00 | hr2-kultur H\u00f6rbar: Musik grenzenlos 19:35 bis 20:00 | MDR Kultur MDR KULTUR \u2013 Jazz Lounge Die Sendung will Jazz-Begeisterte erfreuen, ebenso wie H\u00f6rer, die mit dem Genre bisher wenig anfangen konnten. \u201eJazz Lounge\u201c begleitet &hellip;\" \/>\n<meta property=\"og:url\" content=\"https:\/\/www.jazzzeitung.de\/cms\/2019\/03\/die-jazz-radiowoche-vom-11-03-19-bis-17-03-2019\/\" \/>\n<meta property=\"og:site_name\" content=\"JazzZeitung\" \/>\n<meta property=\"article:publisher\" content=\"https:\/\/www.facebook.com\/JazzZeitung\/\" \/>\n<meta property=\"article:author\" content=\"https:\/\/www.facebook.com\/hufner\" \/>\n<meta property=\"article:published_time\" content=\"2019-03-10T11:00:01+00:00\" \/>\n<meta property=\"og:image\" content=\"https:\/\/i0.wp.com\/www.jazzzeitung.de\/cms\/wp-content\/uploads\/2019\/03\/jazz_im_radio.jpg?fit=2200%2C1417&ssl=1\" \/>\n\t<meta property=\"og:image:width\" content=\"2200\" \/>\n\t<meta property=\"og:image:height\" content=\"1417\" \/>\n\t<meta property=\"og:image:type\" content=\"image\/jpeg\" \/>\n<meta name=\"author\" content=\"Martin Hufner\" \/>\n<script type=\"application\/ld+json\" class=\"yoast-schema-graph\">{\"@context\":\"https:\\\/\\\/schema.org\",\"@graph\":[{\"@type\":\"Article\",\"@id\":\"https:\\\/\\\/www.jazzzeitung.de\\\/cms\\\/2019\\\/03\\\/die-jazz-radiowoche-vom-11-03-19-bis-17-03-2019\\\/#article\",\"isPartOf\":{\"@id\":\"https:\\\/\\\/www.jazzzeitung.de\\\/cms\\\/2019\\\/03\\\/die-jazz-radiowoche-vom-11-03-19-bis-17-03-2019\\\/\"},\"author\":{\"name\":\"Martin Hufner\",\"@id\":\"https:\\\/\\\/www.jazzzeitung.de\\\/cms\\\/#\\\/schema\\\/person\\\/b9a4e5ac765d94fb8f617bfa8f1fc5f7\"},\"headline\":\"Die Jazz-Radiowoche vom 11.03.19 bis 17.03.2019\",\"datePublished\":\"2019-03-10T11:00:01+00:00\",\"mainEntityOfPage\":{\"@id\":\"https:\\\/\\\/www.jazzzeitung.de\\\/cms\\\/2019\\\/03\\\/die-jazz-radiowoche-vom-11-03-19-bis-17-03-2019\\\/\"},\"wordCount\":2755,\"commentCount\":0,\"publisher\":{\"@id\":\"https:\\\/\\\/www.jazzzeitung.de\\\/cms\\\/#organization\"},\"image\":{\"@id\":\"https:\\\/\\\/www.jazzzeitung.de\\\/cms\\\/2019\\\/03\\\/die-jazz-radiowoche-vom-11-03-19-bis-17-03-2019\\\/#primaryimage\"},\"thumbnailUrl\":\"https:\\\/\\\/i0.wp.com\\\/www.jazzzeitung.de\\\/cms\\\/wp-content\\\/uploads\\\/2019\\\/03\\\/jazz_im_radio.jpg?fit=2200%2C1417&ssl=1\",\"keywords\":[\"2018\",\"2019\",\"Album\",\"Arte\",\"Bayern\",\"Beate Sampson\",\"Bert Noglik\",\"Big Band\",\"Big Bands\",\"Bigband\",\"Blue Note\",\"Blues\",\"Br-Klassik\",\"Bremen\",\"Burghausen\",\"CD\",\"Cecil Taylor\",\"Charlie Parker\",\"Chet Baker\",\"Clubs\",\"Download\",\"duo\",\"Eric Schaefer\",\"Festival\",\"Festivals\",\"Film\",\"Frankfurt\",\"Free Jazz\",\"Geburtstag\",\"Geschichte\",\"Halle\",\"Hamburg\",\"Henning Sieverts\",\"hr-Bigband\",\"Improvisation\",\"Jacques Loussier\",\"Jakob Bro\",\"Jazz\",\"Jazz auf Reisen\",\"Jazz im Radio\",\"Jazzfest\",\"Jazzgeschichte\",\"Jazzszene\",\"jazztime\",\"Jazzwoche Burghausen\",\"Joachim K\u00fchn\",\"Joshua Redman\",\"Julia Holter\",\"Karl Lippegaus\",\"Klassik\",\"K\u00f6ln\",\"Konzerte\",\"Kultur\",\"Lars Danielsson\",\"Lee Konitz\",\"Leipzig\",\"Live\",\"LOFT\",\"Marilyn Mazur\",\"MDR\",\"Michael R\u00fcsenberg\",\"Michael Wollny\",\"Mitschnitte\",\"NDR\",\"NDR Bigband\",\"New York\",\"News\",\"Nikolaus Neuser\",\"Nils Landgren\",\"Nils Wogram\",\"N\u00fcrnberg\",\"Oktober\",\"Ornette Coleman\",\"Paolo Fresu\",\"Paris\",\"Pianisten\",\"Piano\",\"Pop\",\"Quartett\",\"Radio\",\"Randy Brecker\",\"Rock\",\"Roland Spiegel\",\"Rolf K\u00fchn\",\"S\",\"Schlagzeug\",\"Sendung\",\"Silke Eberhard\",\"Spiegel\",\"Stuttgart\",\"Swing\",\"SWR\",\"Tod\",\"trio\",\"TV\",\"WDR\",\"WDR 3\",\"Wolfgang Dauner\",\"Wolfgang Haffner\",\"Youn Sun Nah\"],\"articleSection\":[\"News\",\"Radio\"],\"inLanguage\":\"de\",\"potentialAction\":[{\"@type\":\"CommentAction\",\"name\":\"Comment\",\"target\":[\"https:\\\/\\\/www.jazzzeitung.de\\\/cms\\\/2019\\\/03\\\/die-jazz-radiowoche-vom-11-03-19-bis-17-03-2019\\\/#respond\"]}]},{\"@type\":\"WebPage\",\"@id\":\"https:\\\/\\\/www.jazzzeitung.de\\\/cms\\\/2019\\\/03\\\/die-jazz-radiowoche-vom-11-03-19-bis-17-03-2019\\\/\",\"url\":\"https:\\\/\\\/www.jazzzeitung.de\\\/cms\\\/2019\\\/03\\\/die-jazz-radiowoche-vom-11-03-19-bis-17-03-2019\\\/\",\"name\":\"Die Jazz-Radiowoche vom 11.03.19 bis 17.03.2019 - JazzZeitung\",\"isPartOf\":{\"@id\":\"https:\\\/\\\/www.jazzzeitung.de\\\/cms\\\/#website\"},\"primaryImageOfPage\":{\"@id\":\"https:\\\/\\\/www.jazzzeitung.de\\\/cms\\\/2019\\\/03\\\/die-jazz-radiowoche-vom-11-03-19-bis-17-03-2019\\\/#primaryimage\"},\"image\":{\"@id\":\"https:\\\/\\\/www.jazzzeitung.de\\\/cms\\\/2019\\\/03\\\/die-jazz-radiowoche-vom-11-03-19-bis-17-03-2019\\\/#primaryimage\"},\"thumbnailUrl\":\"https:\\\/\\\/i0.wp.com\\\/www.jazzzeitung.de\\\/cms\\\/wp-content\\\/uploads\\\/2019\\\/03\\\/jazz_im_radio.jpg?fit=2200%2C1417&ssl=1\",\"datePublished\":\"2019-03-10T11:00:01+00:00\",\"breadcrumb\":{\"@id\":\"https:\\\/\\\/www.jazzzeitung.de\\\/cms\\\/2019\\\/03\\\/die-jazz-radiowoche-vom-11-03-19-bis-17-03-2019\\\/#breadcrumb\"},\"inLanguage\":\"de\",\"potentialAction\":[{\"@type\":\"ReadAction\",\"target\":[\"https:\\\/\\\/www.jazzzeitung.de\\\/cms\\\/2019\\\/03\\\/die-jazz-radiowoche-vom-11-03-19-bis-17-03-2019\\\/\"]}]},{\"@type\":\"ImageObject\",\"inLanguage\":\"de\",\"@id\":\"https:\\\/\\\/www.jazzzeitung.de\\\/cms\\\/2019\\\/03\\\/die-jazz-radiowoche-vom-11-03-19-bis-17-03-2019\\\/#primaryimage\",\"url\":\"https:\\\/\\\/i0.wp.com\\\/www.jazzzeitung.de\\\/cms\\\/wp-content\\\/uploads\\\/2019\\\/03\\\/jazz_im_radio.jpg?fit=2200%2C1417&ssl=1\",\"contentUrl\":\"https:\\\/\\\/i0.wp.com\\\/www.jazzzeitung.de\\\/cms\\\/wp-content\\\/uploads\\\/2019\\\/03\\\/jazz_im_radio.jpg?fit=2200%2C1417&ssl=1\",\"width\":2200,\"height\":1417,\"caption\":\"Jazz im Radio. Foto: Hufner\"},{\"@type\":\"BreadcrumbList\",\"@id\":\"https:\\\/\\\/www.jazzzeitung.de\\\/cms\\\/2019\\\/03\\\/die-jazz-radiowoche-vom-11-03-19-bis-17-03-2019\\\/#breadcrumb\",\"itemListElement\":[{\"@type\":\"ListItem\",\"position\":1,\"name\":\"Startseite\",\"item\":\"https:\\\/\\\/www.jazzzeitung.de\\\/cms\\\/\"},{\"@type\":\"ListItem\",\"position\":2,\"name\":\"Die Jazz-Radiowoche vom 11.03.19 bis 17.03.2019\"}]},{\"@type\":\"WebSite\",\"@id\":\"https:\\\/\\\/www.jazzzeitung.de\\\/cms\\\/#website\",\"url\":\"https:\\\/\\\/www.jazzzeitung.de\\\/cms\\\/\",\"name\":\"JazzZeitung\",\"description\":\"Jazz-News und Jazz-Kontroverses\",\"publisher\":{\"@id\":\"https:\\\/\\\/www.jazzzeitung.de\\\/cms\\\/#organization\"},\"potentialAction\":[{\"@type\":\"SearchAction\",\"target\":{\"@type\":\"EntryPoint\",\"urlTemplate\":\"https:\\\/\\\/www.jazzzeitung.de\\\/cms\\\/?s={search_term_string}\"},\"query-input\":{\"@type\":\"PropertyValueSpecification\",\"valueRequired\":true,\"valueName\":\"search_term_string\"}}],\"inLanguage\":\"de\"},{\"@type\":\"Organization\",\"@id\":\"https:\\\/\\\/www.jazzzeitung.de\\\/cms\\\/#organization\",\"name\":\"JazzZeitung online\",\"url\":\"https:\\\/\\\/www.jazzzeitung.de\\\/cms\\\/\",\"logo\":{\"@type\":\"ImageObject\",\"inLanguage\":\"de\",\"@id\":\"https:\\\/\\\/www.jazzzeitung.de\\\/cms\\\/#\\\/schema\\\/logo\\\/image\\\/\",\"url\":\"https:\\\/\\\/i0.wp.com\\\/www.jazzzeitung.de\\\/cms\\\/wp-content\\\/uploads\\\/2015\\\/08\\\/JAZZZEITUNGDE_Logo_Neu.png?fit=499%2C200&ssl=1\",\"contentUrl\":\"https:\\\/\\\/i0.wp.com\\\/www.jazzzeitung.de\\\/cms\\\/wp-content\\\/uploads\\\/2015\\\/08\\\/JAZZZEITUNGDE_Logo_Neu.png?fit=499%2C200&ssl=1\",\"width\":499,\"height\":200,\"caption\":\"JazzZeitung online\"},\"image\":{\"@id\":\"https:\\\/\\\/www.jazzzeitung.de\\\/cms\\\/#\\\/schema\\\/logo\\\/image\\\/\"},\"sameAs\":[\"https:\\\/\\\/www.facebook.com\\\/JazzZeitung\\\/\"]},{\"@type\":\"Person\",\"@id\":\"https:\\\/\\\/www.jazzzeitung.de\\\/cms\\\/#\\\/schema\\\/person\\\/b9a4e5ac765d94fb8f617bfa8f1fc5f7\",\"name\":\"Martin Hufner\",\"image\":{\"@type\":\"ImageObject\",\"inLanguage\":\"de\",\"@id\":\"https:\\\/\\\/i0.wp.com\\\/www.jazzzeitung.de\\\/cms\\\/wp-content\\\/uploads\\\/2013\\\/07\\\/huf-06.jpg?resize=96%2C96&ssl=15fcc31aa94540751a3b804516452be00\",\"url\":\"https:\\\/\\\/i0.wp.com\\\/www.jazzzeitung.de\\\/cms\\\/wp-content\\\/uploads\\\/2013\\\/07\\\/huf-06.jpg?resize=96%2C96&ssl=1\",\"contentUrl\":\"https:\\\/\\\/i0.wp.com\\\/www.jazzzeitung.de\\\/cms\\\/wp-content\\\/uploads\\\/2013\\\/07\\\/huf-06.jpg?resize=96%2C96&ssl=1\",\"caption\":\"Martin Hufner\"},\"description\":\"Martin Hufner ist freier Autor der JazzZeitung.\",\"sameAs\":[\"https:\\\/\\\/www.kritische-masse.de\\\/logbuch\",\"https:\\\/\\\/www.facebook.com\\\/hufner\"],\"url\":\"https:\\\/\\\/www.jazzzeitung.de\\\/cms\\\/author\\\/admin\\\/\"}]}<\/script>\n<!-- \/ Yoast SEO plugin. -->","yoast_head_json":{"title":"Die Jazz-Radiowoche vom 11.03.19 bis 17.03.2019 - JazzZeitung","robots":{"index":"index","follow":"follow","max-snippet":"max-snippet:-1","max-image-preview":"max-image-preview:large","max-video-preview":"max-video-preview:-1"},"canonical":"https:\/\/www.jazzzeitung.de\/cms\/2019\/03\/die-jazz-radiowoche-vom-11-03-19-bis-17-03-2019\/","og_locale":"de_DE","og_type":"article","og_title":"Die Jazz-Radiowoche vom 11.03.19 bis 17.03.2019 - JazzZeitung","og_description":"Ein kleiner Blick in die Jazzwoche 11 im Radio. Im Zentrum der Woche stehen drei Pianistinnen und deren Geburtstage: 75. Geburtstag von Joachim K\u00fchn, der 90. Geburtstag von Cecil Taylor und der 100. Geburtstag von Lennie Tristano. Die \u00dcbersicht zum Download als PDF. Alle Angaben ohne Gew\u00e4hr. Jazz im Radio (Fernsehen) SR2 \u2013 JazzNow \u2013 Sonntags von 20.04 bis 22.30 Uhr BR-KLASSIK \u2013 Jazztime \u2013 Von Montag bis Freitag t\u00e4glich um 23.05 Uhr rbb-kulturradio \u2013 Late Night Jazz \u2013 Sa und So 23:04 \u2013 24:00 Uhr hr2-kultur \u2013 Jazz in hr2-kultur \u2013 t\u00e4glich SWR2 \u2013 Jazz \u2013 t\u00e4glich WDR3 \u2013 JAZZ &amp; WORLD \u2013 Improvisiertes zum Tagesausklang \u2013 Montag bis Freitag, 22.04 \u2013 0:00 Uhr Deutschlandfunk \u2013 Jazz (\u00dcberblick) \u2013 Jazz Live, JazzFacts und Milestones Deutschlandfunk Kultur \u2013 Jazz \u2013 diverse Sendetermine ARTE TV \u2013 Jazz 11.03.2019 17:50 bis 18:00 | SWR 2 SWR2 Jazz vor Sechs 19:04 bis 20:00 | hr2-kultur H\u00f6rbar: Musik grenzenlos 19:35 bis 20:00 | MDR Kultur MDR KULTUR \u2013 Jazz Lounge Die Sendung will Jazz-Begeisterte erfreuen, ebenso wie H\u00f6rer, die mit dem Genre bisher wenig anfangen konnten. \u201eJazz Lounge\u201c begleitet &hellip;","og_url":"https:\/\/www.jazzzeitung.de\/cms\/2019\/03\/die-jazz-radiowoche-vom-11-03-19-bis-17-03-2019\/","og_site_name":"JazzZeitung","article_publisher":"https:\/\/www.facebook.com\/JazzZeitung\/","article_author":"https:\/\/www.facebook.com\/hufner","article_published_time":"2019-03-10T11:00:01+00:00","og_image":[{"width":2200,"height":1417,"url":"https:\/\/i0.wp.com\/www.jazzzeitung.de\/cms\/wp-content\/uploads\/2019\/03\/jazz_im_radio.jpg?fit=2200%2C1417&ssl=1","type":"image\/jpeg"}],"author":"Martin Hufner","schema":{"@context":"https:\/\/schema.org","@graph":[{"@type":"Article","@id":"https:\/\/www.jazzzeitung.de\/cms\/2019\/03\/die-jazz-radiowoche-vom-11-03-19-bis-17-03-2019\/#article","isPartOf":{"@id":"https:\/\/www.jazzzeitung.de\/cms\/2019\/03\/die-jazz-radiowoche-vom-11-03-19-bis-17-03-2019\/"},"author":{"name":"Martin Hufner","@id":"https:\/\/www.jazzzeitung.de\/cms\/#\/schema\/person\/b9a4e5ac765d94fb8f617bfa8f1fc5f7"},"headline":"Die Jazz-Radiowoche vom 11.03.19 bis 17.03.2019","datePublished":"2019-03-10T11:00:01+00:00","mainEntityOfPage":{"@id":"https:\/\/www.jazzzeitung.de\/cms\/2019\/03\/die-jazz-radiowoche-vom-11-03-19-bis-17-03-2019\/"},"wordCount":2755,"commentCount":0,"publisher":{"@id":"https:\/\/www.jazzzeitung.de\/cms\/#organization"},"image":{"@id":"https:\/\/www.jazzzeitung.de\/cms\/2019\/03\/die-jazz-radiowoche-vom-11-03-19-bis-17-03-2019\/#primaryimage"},"thumbnailUrl":"https:\/\/i0.wp.com\/www.jazzzeitung.de\/cms\/wp-content\/uploads\/2019\/03\/jazz_im_radio.jpg?fit=2200%2C1417&ssl=1","keywords":["2018","2019","Album","Arte","Bayern","Beate Sampson","Bert Noglik","Big Band","Big Bands","Bigband","Blue Note","Blues","Br-Klassik","Bremen","Burghausen","CD","Cecil Taylor","Charlie Parker","Chet Baker","Clubs","Download","duo","Eric Schaefer","Festival","Festivals","Film","Frankfurt","Free Jazz","Geburtstag","Geschichte","Halle","Hamburg","Henning Sieverts","hr-Bigband","Improvisation","Jacques Loussier","Jakob Bro","Jazz","Jazz auf Reisen","Jazz im Radio","Jazzfest","Jazzgeschichte","Jazzszene","jazztime","Jazzwoche Burghausen","Joachim K\u00fchn","Joshua Redman","Julia Holter","Karl Lippegaus","Klassik","K\u00f6ln","Konzerte","Kultur","Lars Danielsson","Lee Konitz","Leipzig","Live","LOFT","Marilyn Mazur","MDR","Michael R\u00fcsenberg","Michael Wollny","Mitschnitte","NDR","NDR Bigband","New York","News","Nikolaus Neuser","Nils Landgren","Nils Wogram","N\u00fcrnberg","Oktober","Ornette Coleman","Paolo Fresu","Paris","Pianisten","Piano","Pop","Quartett","Radio","Randy Brecker","Rock","Roland Spiegel","Rolf K\u00fchn","S","Schlagzeug","Sendung","Silke Eberhard","Spiegel","Stuttgart","Swing","SWR","Tod","trio","TV","WDR","WDR 3","Wolfgang Dauner","Wolfgang Haffner","Youn Sun Nah"],"articleSection":["News","Radio"],"inLanguage":"de","potentialAction":[{"@type":"CommentAction","name":"Comment","target":["https:\/\/www.jazzzeitung.de\/cms\/2019\/03\/die-jazz-radiowoche-vom-11-03-19-bis-17-03-2019\/#respond"]}]},{"@type":"WebPage","@id":"https:\/\/www.jazzzeitung.de\/cms\/2019\/03\/die-jazz-radiowoche-vom-11-03-19-bis-17-03-2019\/","url":"https:\/\/www.jazzzeitung.de\/cms\/2019\/03\/die-jazz-radiowoche-vom-11-03-19-bis-17-03-2019\/","name":"Die Jazz-Radiowoche vom 11.03.19 bis 17.03.2019 - JazzZeitung","isPartOf":{"@id":"https:\/\/www.jazzzeitung.de\/cms\/#website"},"primaryImageOfPage":{"@id":"https:\/\/www.jazzzeitung.de\/cms\/2019\/03\/die-jazz-radiowoche-vom-11-03-19-bis-17-03-2019\/#primaryimage"},"image":{"@id":"https:\/\/www.jazzzeitung.de\/cms\/2019\/03\/die-jazz-radiowoche-vom-11-03-19-bis-17-03-2019\/#primaryimage"},"thumbnailUrl":"https:\/\/i0.wp.com\/www.jazzzeitung.de\/cms\/wp-content\/uploads\/2019\/03\/jazz_im_radio.jpg?fit=2200%2C1417&ssl=1","datePublished":"2019-03-10T11:00:01+00:00","breadcrumb":{"@id":"https:\/\/www.jazzzeitung.de\/cms\/2019\/03\/die-jazz-radiowoche-vom-11-03-19-bis-17-03-2019\/#breadcrumb"},"inLanguage":"de","potentialAction":[{"@type":"ReadAction","target":["https:\/\/www.jazzzeitung.de\/cms\/2019\/03\/die-jazz-radiowoche-vom-11-03-19-bis-17-03-2019\/"]}]},{"@type":"ImageObject","inLanguage":"de","@id":"https:\/\/www.jazzzeitung.de\/cms\/2019\/03\/die-jazz-radiowoche-vom-11-03-19-bis-17-03-2019\/#primaryimage","url":"https:\/\/i0.wp.com\/www.jazzzeitung.de\/cms\/wp-content\/uploads\/2019\/03\/jazz_im_radio.jpg?fit=2200%2C1417&ssl=1","contentUrl":"https:\/\/i0.wp.com\/www.jazzzeitung.de\/cms\/wp-content\/uploads\/2019\/03\/jazz_im_radio.jpg?fit=2200%2C1417&ssl=1","width":2200,"height":1417,"caption":"Jazz im Radio. Foto: Hufner"},{"@type":"BreadcrumbList","@id":"https:\/\/www.jazzzeitung.de\/cms\/2019\/03\/die-jazz-radiowoche-vom-11-03-19-bis-17-03-2019\/#breadcrumb","itemListElement":[{"@type":"ListItem","position":1,"name":"Startseite","item":"https:\/\/www.jazzzeitung.de\/cms\/"},{"@type":"ListItem","position":2,"name":"Die Jazz-Radiowoche vom 11.03.19 bis 17.03.2019"}]},{"@type":"WebSite","@id":"https:\/\/www.jazzzeitung.de\/cms\/#website","url":"https:\/\/www.jazzzeitung.de\/cms\/","name":"JazzZeitung","description":"Jazz-News und Jazz-Kontroverses","publisher":{"@id":"https:\/\/www.jazzzeitung.de\/cms\/#organization"},"potentialAction":[{"@type":"SearchAction","target":{"@type":"EntryPoint","urlTemplate":"https:\/\/www.jazzzeitung.de\/cms\/?s={search_term_string}"},"query-input":{"@type":"PropertyValueSpecification","valueRequired":true,"valueName":"search_term_string"}}],"inLanguage":"de"},{"@type":"Organization","@id":"https:\/\/www.jazzzeitung.de\/cms\/#organization","name":"JazzZeitung online","url":"https:\/\/www.jazzzeitung.de\/cms\/","logo":{"@type":"ImageObject","inLanguage":"de","@id":"https:\/\/www.jazzzeitung.de\/cms\/#\/schema\/logo\/image\/","url":"https:\/\/i0.wp.com\/www.jazzzeitung.de\/cms\/wp-content\/uploads\/2015\/08\/JAZZZEITUNGDE_Logo_Neu.png?fit=499%2C200&ssl=1","contentUrl":"https:\/\/i0.wp.com\/www.jazzzeitung.de\/cms\/wp-content\/uploads\/2015\/08\/JAZZZEITUNGDE_Logo_Neu.png?fit=499%2C200&ssl=1","width":499,"height":200,"caption":"JazzZeitung online"},"image":{"@id":"https:\/\/www.jazzzeitung.de\/cms\/#\/schema\/logo\/image\/"},"sameAs":["https:\/\/www.facebook.com\/JazzZeitung\/"]},{"@type":"Person","@id":"https:\/\/www.jazzzeitung.de\/cms\/#\/schema\/person\/b9a4e5ac765d94fb8f617bfa8f1fc5f7","name":"Martin Hufner","image":{"@type":"ImageObject","inLanguage":"de","@id":"https:\/\/i0.wp.com\/www.jazzzeitung.de\/cms\/wp-content\/uploads\/2013\/07\/huf-06.jpg?resize=96%2C96&ssl=15fcc31aa94540751a3b804516452be00","url":"https:\/\/i0.wp.com\/www.jazzzeitung.de\/cms\/wp-content\/uploads\/2013\/07\/huf-06.jpg?resize=96%2C96&ssl=1","contentUrl":"https:\/\/i0.wp.com\/www.jazzzeitung.de\/cms\/wp-content\/uploads\/2013\/07\/huf-06.jpg?resize=96%2C96&ssl=1","caption":"Martin Hufner"},"description":"Martin Hufner ist freier Autor der JazzZeitung.","sameAs":["https:\/\/www.kritische-masse.de\/logbuch","https:\/\/www.facebook.com\/hufner"],"url":"https:\/\/www.jazzzeitung.de\/cms\/author\/admin\/"}]}},"wp-worthy-pixel":{"ignored":true,"public":null,"server":null,"url":null},"wp-worthy-type":"normal","jetpack_publicize_connections":[],"cc_featured_image_caption":{"caption_text":"Jazz im Radio","source_text":"Foto\/Montage: Martin Hufner","source_url":"https:\/\/www.musikkritik.org"},"jetpack_featured_media_url":"https:\/\/i0.wp.com\/www.jazzzeitung.de\/cms\/wp-content\/uploads\/2019\/03\/jazz_im_radio.jpg?fit=2200%2C1417&ssl=1","jetpack_shortlink":"https:\/\/wp.me\/p3KEcT-4V1","jetpack-related-posts":[{"id":22387,"url":"https:\/\/www.jazzzeitung.de\/cms\/2020\/04\/die-jazz-radiowoche-vom-20-04-20-bis-26-04-20\/","url_meta":{"origin":18911,"position":0},"title":"Die Jazz-Radiowoche vom 20.04.20 bis 26.04.20","author":"Martin Hufner","date":"19. April 2020","format":false,"excerpt":"Ein kleiner Blick in die Jazzwoche 17 im Radio. Die \u00dcbersicht zum Download als PDF. Alle Angaben ohne Gew\u00e4hr. Jazz im Radio (Fernsehen) SR2 \u2013 JazzNow \u2013 Sonntags von 20.04 bis 22.30 Uhr BR-KLASSIK \u2013 Jazztime \u2013 Von Montag bis Freitag t\u00e4glich um 23.05 Uhr rbb-kultur \u2013 Late Night Jazz\u2026","rel":"","context":"In &quot;News&quot;","block_context":{"text":"News","link":"https:\/\/www.jazzzeitung.de\/cms\/thema\/nachrichten\/"},"img":{"alt_text":"Jazz im Radio. Foto: Hufner","src":"https:\/\/i0.wp.com\/www.jazzzeitung.de\/cms\/wp-content\/uploads\/2019\/03\/jazz_im_radio.jpg?fit=1200%2C773&ssl=1&resize=350%2C200","width":350,"height":200,"srcset":"https:\/\/i0.wp.com\/www.jazzzeitung.de\/cms\/wp-content\/uploads\/2019\/03\/jazz_im_radio.jpg?fit=1200%2C773&ssl=1&resize=350%2C200 1x, https:\/\/i0.wp.com\/www.jazzzeitung.de\/cms\/wp-content\/uploads\/2019\/03\/jazz_im_radio.jpg?fit=1200%2C773&ssl=1&resize=525%2C300 1.5x, https:\/\/i0.wp.com\/www.jazzzeitung.de\/cms\/wp-content\/uploads\/2019\/03\/jazz_im_radio.jpg?fit=1200%2C773&ssl=1&resize=700%2C400 2x, https:\/\/i0.wp.com\/www.jazzzeitung.de\/cms\/wp-content\/uploads\/2019\/03\/jazz_im_radio.jpg?fit=1200%2C773&ssl=1&resize=1050%2C600 3x"},"classes":[]},{"id":18988,"url":"https:\/\/www.jazzzeitung.de\/cms\/2019\/03\/die-jazz-radiowoche-vom-25-03-19-bis-31-03-2019\/","url_meta":{"origin":18911,"position":1},"title":"Die Jazz-Radiowoche vom 25.03.19 bis 31.03.2019","author":"Martin Hufner","date":"24. M\u00e4rz 2019","format":false,"excerpt":"Ein kleiner Blick in die Jazzwoche 13 im Radio. TIP: 27.3.2019: 22:04 bis 00:00 | WDR 3: WDR 3 Jazz & World: Klangkosmos NRW: Me\u00efkh\u00e2neh. Die \u00dcbersicht zum Download als PDF. Alle Angaben ohne Gew\u00e4hr. Jazz im Radio (Fernsehen) SR2 \u2013 JazzNow \u2013 Sonntags von 20.04 bis 22.30 Uhr BR-KLASSIK\u2026","rel":"","context":"In &quot;Radio&quot;","block_context":{"text":"Radio","link":"https:\/\/www.jazzzeitung.de\/cms\/thema\/radio\/"},"img":{"alt_text":"Jazz im Radio. Foto: Hufner","src":"https:\/\/i0.wp.com\/www.jazzzeitung.de\/cms\/wp-content\/uploads\/2019\/03\/jazz_im_radio.jpg?fit=1200%2C773&ssl=1&resize=350%2C200","width":350,"height":200,"srcset":"https:\/\/i0.wp.com\/www.jazzzeitung.de\/cms\/wp-content\/uploads\/2019\/03\/jazz_im_radio.jpg?fit=1200%2C773&ssl=1&resize=350%2C200 1x, https:\/\/i0.wp.com\/www.jazzzeitung.de\/cms\/wp-content\/uploads\/2019\/03\/jazz_im_radio.jpg?fit=1200%2C773&ssl=1&resize=525%2C300 1.5x, https:\/\/i0.wp.com\/www.jazzzeitung.de\/cms\/wp-content\/uploads\/2019\/03\/jazz_im_radio.jpg?fit=1200%2C773&ssl=1&resize=700%2C400 2x, https:\/\/i0.wp.com\/www.jazzzeitung.de\/cms\/wp-content\/uploads\/2019\/03\/jazz_im_radio.jpg?fit=1200%2C773&ssl=1&resize=1050%2C600 3x"},"classes":[]},{"id":22259,"url":"https:\/\/www.jazzzeitung.de\/cms\/2020\/04\/die-jazz-radiowoche-vom-06-04-20-bis-12-04-20\/","url_meta":{"origin":18911,"position":2},"title":"Die Jazz-Radiowoche vom 06.04.20 bis 12.04.20","author":"Martin Hufner","date":"5. April 2020","format":false,"excerpt":"Ein kleiner Blick in die Jazzwoche 15 im Radio. Die \u00dcbersicht zum Download als PDF. Alle Angaben ohne Gew\u00e4hr. Jazz im Radio (Fernsehen) SR2 \u2013 JazzNow \u2013 Sonntags von 20.04 bis 22.30 Uhr BR-KLASSIK \u2013 Jazztime \u2013 Von Montag bis Freitag t\u00e4glich um 23.05 Uhr rbb-kultur \u2013 Late Night Jazz\u2026","rel":"","context":"In &quot;News&quot;","block_context":{"text":"News","link":"https:\/\/www.jazzzeitung.de\/cms\/thema\/nachrichten\/"},"img":{"alt_text":"Jazz im Radio. Foto: Hufner","src":"https:\/\/i0.wp.com\/www.jazzzeitung.de\/cms\/wp-content\/uploads\/2019\/03\/jazz_im_radio.jpg?fit=1200%2C773&ssl=1&resize=350%2C200","width":350,"height":200,"srcset":"https:\/\/i0.wp.com\/www.jazzzeitung.de\/cms\/wp-content\/uploads\/2019\/03\/jazz_im_radio.jpg?fit=1200%2C773&ssl=1&resize=350%2C200 1x, https:\/\/i0.wp.com\/www.jazzzeitung.de\/cms\/wp-content\/uploads\/2019\/03\/jazz_im_radio.jpg?fit=1200%2C773&ssl=1&resize=525%2C300 1.5x, https:\/\/i0.wp.com\/www.jazzzeitung.de\/cms\/wp-content\/uploads\/2019\/03\/jazz_im_radio.jpg?fit=1200%2C773&ssl=1&resize=700%2C400 2x, https:\/\/i0.wp.com\/www.jazzzeitung.de\/cms\/wp-content\/uploads\/2019\/03\/jazz_im_radio.jpg?fit=1200%2C773&ssl=1&resize=1050%2C600 3x"},"classes":[]},{"id":23084,"url":"https:\/\/www.jazzzeitung.de\/cms\/2020\/08\/die-jazz-radiowoche-vom-03-08-20-bis-09-08-20\/","url_meta":{"origin":18911,"position":3},"title":"Die Jazz-Radiowoche vom 03.08.20 bis 09.08.20","author":"Martin Hufner","date":"2. August 2020","format":false,"excerpt":"Ein kleiner Blick in die Jazzwoche 32 im Radio. Alle Angaben ohne Gew\u00e4hr. Unter anderem: Siggi Loch \u2013 ein Labelchef mit 80.","rel":"","context":"In &quot;News&quot;","block_context":{"text":"News","link":"https:\/\/www.jazzzeitung.de\/cms\/thema\/nachrichten\/"},"img":{"alt_text":"Jazz im Radio. Foto: Hufner","src":"https:\/\/i0.wp.com\/www.jazzzeitung.de\/cms\/wp-content\/uploads\/2019\/03\/jazz_im_radio.jpg?fit=1200%2C773&ssl=1&resize=350%2C200","width":350,"height":200,"srcset":"https:\/\/i0.wp.com\/www.jazzzeitung.de\/cms\/wp-content\/uploads\/2019\/03\/jazz_im_radio.jpg?fit=1200%2C773&ssl=1&resize=350%2C200 1x, https:\/\/i0.wp.com\/www.jazzzeitung.de\/cms\/wp-content\/uploads\/2019\/03\/jazz_im_radio.jpg?fit=1200%2C773&ssl=1&resize=525%2C300 1.5x, https:\/\/i0.wp.com\/www.jazzzeitung.de\/cms\/wp-content\/uploads\/2019\/03\/jazz_im_radio.jpg?fit=1200%2C773&ssl=1&resize=700%2C400 2x, https:\/\/i0.wp.com\/www.jazzzeitung.de\/cms\/wp-content\/uploads\/2019\/03\/jazz_im_radio.jpg?fit=1200%2C773&ssl=1&resize=1050%2C600 3x"},"classes":[]},{"id":15173,"url":"https:\/\/www.jazzzeitung.de\/cms\/2018\/03\/die-jazz-radiowoche-vom-05-03-bis-11-03-2018\/","url_meta":{"origin":18911,"position":4},"title":"Die Jazz-Radiowoche vom 05.03. bis 11.03.2018","author":"Martin Hufner","date":"4. M\u00e4rz 2018","format":false,"excerpt":"Ein subjektiver Blick in die Jazzwoche 10 im Radio. Unter anderem mit: Trompeter Buck Clayton, Michael Wollny \u2013 Piano Solo, 60 Jahre NDR Jazzworkshop, Der Jazz und seine gl\u00fccklichen Momente, Cologne Contemporary Jazz Orchestra, Martin Luther King \u2013 Die B\u00fcrgerrechtsbewegung und der Jazz, Pianist Bobo Stenson, Jazzmusiker als Orchestratoren, Marsella\u2026","rel":"","context":"In &quot;News&quot;","block_context":{"text":"News","link":"https:\/\/www.jazzzeitung.de\/cms\/thema\/nachrichten\/"},"img":{"alt_text":"Jazz im Radio","src":"https:\/\/i0.wp.com\/www.jazzzeitung.de\/cms\/wp-content\/uploads\/2017\/10\/radio-jazz-neu.jpg?fit=1200%2C900&ssl=1&resize=350%2C200","width":350,"height":200,"srcset":"https:\/\/i0.wp.com\/www.jazzzeitung.de\/cms\/wp-content\/uploads\/2017\/10\/radio-jazz-neu.jpg?fit=1200%2C900&ssl=1&resize=350%2C200 1x, https:\/\/i0.wp.com\/www.jazzzeitung.de\/cms\/wp-content\/uploads\/2017\/10\/radio-jazz-neu.jpg?fit=1200%2C900&ssl=1&resize=525%2C300 1.5x, https:\/\/i0.wp.com\/www.jazzzeitung.de\/cms\/wp-content\/uploads\/2017\/10\/radio-jazz-neu.jpg?fit=1200%2C900&ssl=1&resize=700%2C400 2x, https:\/\/i0.wp.com\/www.jazzzeitung.de\/cms\/wp-content\/uploads\/2017\/10\/radio-jazz-neu.jpg?fit=1200%2C900&ssl=1&resize=1050%2C600 3x"},"classes":[]},{"id":22441,"url":"https:\/\/www.jazzzeitung.de\/cms\/2020\/05\/die-jazz-radiowoche-vom-04-05-20-bis-10-05-20\/","url_meta":{"origin":18911,"position":5},"title":"Die Jazz-Radiowoche vom 04.05.20 bis 10.05.20","author":"Martin Hufner","date":"3. Mai 2020","format":false,"excerpt":"Ein kleiner Blick in die Jazzwoche 19 im Radio. Alle Angaben ohne Gew\u00e4hr. Jazz Special \u2013 Fire Music \u2013 Die unheilige Allianz von Jazz und Krieg | The Space Between \u2013 Mikrotonalit\u00e4t im Jazz","rel":"","context":"In &quot;News&quot;","block_context":{"text":"News","link":"https:\/\/www.jazzzeitung.de\/cms\/thema\/nachrichten\/"},"img":{"alt_text":"Jazz im Radio. Foto: Hufner","src":"https:\/\/i0.wp.com\/www.jazzzeitung.de\/cms\/wp-content\/uploads\/2019\/03\/jazz_im_radio.jpg?fit=1200%2C773&ssl=1&resize=350%2C200","width":350,"height":200,"srcset":"https:\/\/i0.wp.com\/www.jazzzeitung.de\/cms\/wp-content\/uploads\/2019\/03\/jazz_im_radio.jpg?fit=1200%2C773&ssl=1&resize=350%2C200 1x, https:\/\/i0.wp.com\/www.jazzzeitung.de\/cms\/wp-content\/uploads\/2019\/03\/jazz_im_radio.jpg?fit=1200%2C773&ssl=1&resize=525%2C300 1.5x, https:\/\/i0.wp.com\/www.jazzzeitung.de\/cms\/wp-content\/uploads\/2019\/03\/jazz_im_radio.jpg?fit=1200%2C773&ssl=1&resize=700%2C400 2x, https:\/\/i0.wp.com\/www.jazzzeitung.de\/cms\/wp-content\/uploads\/2019\/03\/jazz_im_radio.jpg?fit=1200%2C773&ssl=1&resize=1050%2C600 3x"},"classes":[]}],"jetpack_sharing_enabled":true,"_links":{"self":[{"href":"https:\/\/www.jazzzeitung.de\/cms\/wp-json\/wp\/v2\/posts\/18911","targetHints":{"allow":["GET"]}}],"collection":[{"href":"https:\/\/www.jazzzeitung.de\/cms\/wp-json\/wp\/v2\/posts"}],"about":[{"href":"https:\/\/www.jazzzeitung.de\/cms\/wp-json\/wp\/v2\/types\/post"}],"author":[{"embeddable":true,"href":"https:\/\/www.jazzzeitung.de\/cms\/wp-json\/wp\/v2\/users\/1"}],"replies":[{"embeddable":true,"href":"https:\/\/www.jazzzeitung.de\/cms\/wp-json\/wp\/v2\/comments?post=18911"}],"version-history":[{"count":1,"href":"https:\/\/www.jazzzeitung.de\/cms\/wp-json\/wp\/v2\/posts\/18911\/revisions"}],"predecessor-version":[{"id":18912,"href":"https:\/\/www.jazzzeitung.de\/cms\/wp-json\/wp\/v2\/posts\/18911\/revisions\/18912"}],"wp:featuredmedia":[{"embeddable":true,"href":"https:\/\/www.jazzzeitung.de\/cms\/wp-json\/wp\/v2\/media\/18913"}],"wp:attachment":[{"href":"https:\/\/www.jazzzeitung.de\/cms\/wp-json\/wp\/v2\/media?parent=18911"}],"wp:term":[{"taxonomy":"category","embeddable":true,"href":"https:\/\/www.jazzzeitung.de\/cms\/wp-json\/wp\/v2\/categories?post=18911"},{"taxonomy":"post_tag","embeddable":true,"href":"https:\/\/www.jazzzeitung.de\/cms\/wp-json\/wp\/v2\/tags?post=18911"},{"taxonomy":"author","embeddable":true,"href":"https:\/\/www.jazzzeitung.de\/cms\/wp-json\/wp\/v2\/coauthors?post=18911"}],"curies":[{"name":"wp","href":"https:\/\/api.w.org\/{rel}","templated":true}]}}