{"id":18903,"date":"2019-03-09T12:57:09","date_gmt":"2019-03-09T11:57:09","guid":{"rendered":"https:\/\/www.jazzzeitung.de\/cms\/?p=18903"},"modified":"2019-03-08T12:02:21","modified_gmt":"2019-03-08T11:02:21","slug":"laura-block-verstaerkt-udj-geschaeftsstelle-im-bereich-gleichstellung-von-frauen-im-jazz","status":"publish","type":"post","link":"https:\/\/www.jazzzeitung.de\/cms\/2019\/03\/laura-block-verstaerkt-udj-geschaeftsstelle-im-bereich-gleichstellung-von-frauen-im-jazz\/","title":{"rendered":"Laura Block verst\u00e4rkt UDJ-Gesch\u00e4ftsstelle im Bereich Gleichstellung von Frauen im Jazz"},"content":{"rendered":"<p>Gleichstellung von Frauen im Jazz ist aktuell eines der wichtigsten Themen, f\u00fcr die sich die Union Deutscher Jazzmusiker e.V. (UDJ) als \u201eSprachrohr der Jazzmusikerinnen und Jazzmusiker in Deutschland&#8220; einsetzt. Zum Jahresbeginn 2019 hat das Team der Gesch\u00e4ftsstelle in Berlin nun Verst\u00e4rkung bekommen: Die promovierte Sozialwissenschaftlerin Laura Block ist seit Januar bei der UDJ als Projektleiterin f\u00fcr den Themenbereich Gleichstellung zust\u00e4ndig. In dieser Funktion betreut sie unter anderem eine von der Bundesbeauftragten f\u00fcr Kultur und Medien ma\u00dfgeblich finanzierte wissenschaftliche Nachauswertung der Jazzstudie 2016 unter Aspekten der Geschlechtergerechtigkeit. Dar\u00fcber hinaus unterst\u00fctzt sie den Vorstand und die Mitglieder in allen weiteren Anliegen rund um das Thema Gleichstellung.<\/p>\n<p>\u201eEs ist wichtig, dass die UDJ bei Gleichstellung und Geschlechtergerechtigkeit im Jazz deutliche Zeichen setzt. Innerhalb der Jazz- und Kulturszene, aber auch gesamtgesellschaftlich sp\u00fcren wir einen gro\u00dfen Aufbruchswillen&#8220;, sagte Laura Block. \u201eIch freue mich, die Themen gemeinsam mit der UDJ weiter voran zu bringen und zu einer emanzipatorischen und solidarischen Geschlechtergerechtigkeit beizutragen \u2013 im Jazz und dar\u00fcber hinaus.&#8220;<\/p>\n<p>Im Oktober 2018 ver\u00f6ffentlichte die UDJ eine \u201eGemeinsame Erkl\u00e4rung f\u00fcr die Gleichstellung von Frauen im Jazz&#8220;, der sich mehr als 450 Institutionen und Einzelpersonen anschlossen. Darin fordert der Verband gemeinsam mit einer breiten Allianz aus dem Jazzbereich unter anderem eine st\u00e4rkere Ber\u00fccksichtigung von Frauen in Gremien und \u00c4mtern, eine vielfaltsbewusste Musikp\u00e4dagogik und mehr F\u00f6rderprogramme f\u00fcr Frauen und M\u00e4dchen im Jazz.<\/p>\n<p>Mit eigenen Schritten ging die UDJ unmittelbar nach Ver\u00f6ffentlichung der Erkl\u00e4rung voraus: Unter anderem z\u00e4hlen ein Vertrauenskollegin-Programm, Selbstverpflichtung zur Parit\u00e4t in Gremien und die k\u00fcnftig wechselnde Vergabe des renommierten Albert-Mangelsdorff-Preises (Deutscher Jazzpreis) an Frauen und M\u00e4nner zu den eigenen Ma\u00dfnahmen des Verbands.<\/p>\n<p><strong>\u00dcber die Union Deutscher Jazzmusiker:<\/strong><\/p>\n<p>Die Union Deutscher Jazzmusiker wurde 1973 von renommierten Pers\u00f6nlichkeiten der deutschen Jazzszene ins Leben gerufen und versteht sich seither als Sprachrohr der Jazzmusikerinnen und Jazzmusiker in Deutschland.<\/p>\n<p>Die Gemeinsame Erkl\u00e4rung zur Gleichstellung von Frauen im Jazz kann weiterhin unter <a href=\"http:\/\/www.u-d-j.de\/gleichstellung\">www.u-d-j.de\/gleichstellung<\/a> mitgezeichnet werden.<\/p>\n<p>Weitere Informationen finden Sie unter <a href=\"http:\/\/www.u-d-j.de\">www.u-d-j.de<\/a>.<\/p>\n<p>Foto: UDJ<\/p>\n","protected":false},"excerpt":{"rendered":"<p>Gleichstellung von Frauen im Jazz ist aktuell eines der wichtigsten Themen, f\u00fcr die sich die Union Deutscher Jazzmusiker e.V. (UDJ) als \u201eSprachrohr der Jazzmusikerinnen und Jazzmusiker in Deutschland&#8220; einsetzt. Zum Jahresbeginn 2019 hat das Team der Gesch\u00e4ftsstelle in Berlin nun Verst\u00e4rkung bekommen: Die promovierte Sozialwissenschaftlerin Laura Block ist seit Januar bei der UDJ als Projektleiterin f\u00fcr den Themenbereich Gleichstellung zust\u00e4ndig. In dieser Funktion betreut sie unter anderem eine von der Bundesbeauftragten f\u00fcr Kultur und Medien ma\u00dfgeblich finanzierte wissenschaftliche Nachauswertung der Jazzstudie 2016 unter Aspekten der Geschlechtergerechtigkeit. Dar\u00fcber hinaus unterst\u00fctzt sie den Vorstand und die Mitglieder in allen weiteren Anliegen rund um das Thema Gleichstellung. \u201eEs ist wichtig, dass die UDJ bei Gleichstellung und Geschlechtergerechtigkeit im Jazz deutliche Zeichen setzt. Innerhalb der Jazz- und Kulturszene, aber auch gesamtgesellschaftlich sp\u00fcren wir einen gro\u00dfen Aufbruchswillen&#8220;, sagte Laura Block. \u201eIch freue mich, die Themen gemeinsam mit der UDJ weiter voran zu bringen und zu einer emanzipatorischen und solidarischen Geschlechtergerechtigkeit beizutragen \u2013 im Jazz und dar\u00fcber hinaus.&#8220; Im Oktober 2018 ver\u00f6ffentlichte die UDJ eine \u201eGemeinsame Erkl\u00e4rung f\u00fcr die Gleichstellung von Frauen im Jazz&#8220;, der sich mehr als 450 Institutionen und &hellip;<\/p>\n","protected":false},"author":18,"featured_media":18904,"comment_status":"open","ping_status":"closed","sticky":false,"template":"","format":"standard","meta":{"_jetpack_memberships_contains_paid_content":false,"footnotes":"","jetpack_publicize_message":"","jetpack_publicize_feature_enabled":true,"jetpack_social_post_already_shared":false,"jetpack_social_options":{"image_generator_settings":{"template":"highway","default_image_id":0,"font":"","enabled":false},"version":2}},"categories":[633],"tags":[1959,2019,66,735,137,185,1876,281,798,1423,1978,327,2048,565,571],"coauthors":[695],"class_list":["post-18903","post","type-post","status-publish","format-standard","has-post-thumbnail","hentry","category-nachrichten","tag-1959","tag-2019","tag-berlin","tag-deutscher-jazzpreis","tag-deutschland","tag-frauen-im-jazz","tag-jazz","tag-jazzmusiker","tag-jazzmusikerinnen","tag-jazzpreis","tag-jazzszene","tag-kultur","tag-oktober","tag-udj","tag-union-deutscher-jazzmusiker"],"yoast_head":"<!-- This site is optimized with the Yoast SEO plugin v27.5 - https:\/\/yoast.com\/product\/yoast-seo-wordpress\/ -->\n<title>Laura Block verst\u00e4rkt UDJ-Gesch\u00e4ftsstelle im Bereich Gleichstellung von Frauen im Jazz - JazzZeitung<\/title>\n<meta name=\"robots\" content=\"index, follow, max-snippet:-1, max-image-preview:large, max-video-preview:-1\" \/>\n<link rel=\"canonical\" href=\"https:\/\/www.jazzzeitung.de\/cms\/2019\/03\/laura-block-verstaerkt-udj-geschaeftsstelle-im-bereich-gleichstellung-von-frauen-im-jazz\/\" \/>\n<meta property=\"og:locale\" content=\"de_DE\" \/>\n<meta property=\"og:type\" content=\"article\" \/>\n<meta property=\"og:title\" content=\"Laura Block verst\u00e4rkt UDJ-Gesch\u00e4ftsstelle im Bereich Gleichstellung von Frauen im Jazz - JazzZeitung\" \/>\n<meta property=\"og:description\" content=\"Gleichstellung von Frauen im Jazz ist aktuell eines der wichtigsten Themen, f\u00fcr die sich die Union Deutscher Jazzmusiker e.V. (UDJ) als \u201eSprachrohr der Jazzmusikerinnen und Jazzmusiker in Deutschland&#8220; einsetzt. Zum Jahresbeginn 2019 hat das Team der Gesch\u00e4ftsstelle in Berlin nun Verst\u00e4rkung bekommen: Die promovierte Sozialwissenschaftlerin Laura Block ist seit Januar bei der UDJ als Projektleiterin f\u00fcr den Themenbereich Gleichstellung zust\u00e4ndig. In dieser Funktion betreut sie unter anderem eine von der Bundesbeauftragten f\u00fcr Kultur und Medien ma\u00dfgeblich finanzierte wissenschaftliche Nachauswertung der Jazzstudie 2016 unter Aspekten der Geschlechtergerechtigkeit. Dar\u00fcber hinaus unterst\u00fctzt sie den Vorstand und die Mitglieder in allen weiteren Anliegen rund um das Thema Gleichstellung. \u201eEs ist wichtig, dass die UDJ bei Gleichstellung und Geschlechtergerechtigkeit im Jazz deutliche Zeichen setzt. Innerhalb der Jazz- und Kulturszene, aber auch gesamtgesellschaftlich sp\u00fcren wir einen gro\u00dfen Aufbruchswillen&#8220;, sagte Laura Block. \u201eIch freue mich, die Themen gemeinsam mit der UDJ weiter voran zu bringen und zu einer emanzipatorischen und solidarischen Geschlechtergerechtigkeit beizutragen \u2013 im Jazz und dar\u00fcber hinaus.&#8220; Im Oktober 2018 ver\u00f6ffentlichte die UDJ eine \u201eGemeinsame Erkl\u00e4rung f\u00fcr die Gleichstellung von Frauen im Jazz&#8220;, der sich mehr als 450 Institutionen und &hellip;\" \/>\n<meta property=\"og:url\" content=\"https:\/\/www.jazzzeitung.de\/cms\/2019\/03\/laura-block-verstaerkt-udj-geschaeftsstelle-im-bereich-gleichstellung-von-frauen-im-jazz\/\" \/>\n<meta property=\"og:site_name\" content=\"JazzZeitung\" \/>\n<meta property=\"article:publisher\" content=\"https:\/\/www.facebook.com\/JazzZeitung\/\" \/>\n<meta property=\"article:published_time\" content=\"2019-03-09T11:57:09+00:00\" \/>\n<meta property=\"og:image\" content=\"https:\/\/i0.wp.com\/www.jazzzeitung.de\/cms\/wp-content\/uploads\/2019\/03\/25bc0c91-5930-40a9-9c11-96afc256849a-e1552037230758.jpg?fit=2098%2C2807&ssl=1\" \/>\n\t<meta property=\"og:image:width\" content=\"2098\" \/>\n\t<meta property=\"og:image:height\" content=\"2807\" \/>\n\t<meta property=\"og:image:type\" content=\"image\/jpeg\" \/>\n<meta name=\"author\" content=\"Redaktion JazzZeitung\" \/>\n<script type=\"application\/ld+json\" class=\"yoast-schema-graph\">{\"@context\":\"https:\\\/\\\/schema.org\",\"@graph\":[{\"@type\":\"Article\",\"@id\":\"https:\\\/\\\/www.jazzzeitung.de\\\/cms\\\/2019\\\/03\\\/laura-block-verstaerkt-udj-geschaeftsstelle-im-bereich-gleichstellung-von-frauen-im-jazz\\\/#article\",\"isPartOf\":{\"@id\":\"https:\\\/\\\/www.jazzzeitung.de\\\/cms\\\/2019\\\/03\\\/laura-block-verstaerkt-udj-geschaeftsstelle-im-bereich-gleichstellung-von-frauen-im-jazz\\\/\"},\"author\":{\"name\":\"Redaktion JazzZeitung\",\"@id\":\"https:\\\/\\\/www.jazzzeitung.de\\\/cms\\\/#\\\/schema\\\/person\\\/2245b36b9cd1d24cea10f01c031fb92b\"},\"headline\":\"Laura Block verst\u00e4rkt UDJ-Gesch\u00e4ftsstelle im Bereich Gleichstellung von Frauen im Jazz\",\"datePublished\":\"2019-03-09T11:57:09+00:00\",\"mainEntityOfPage\":{\"@id\":\"https:\\\/\\\/www.jazzzeitung.de\\\/cms\\\/2019\\\/03\\\/laura-block-verstaerkt-udj-geschaeftsstelle-im-bereich-gleichstellung-von-frauen-im-jazz\\\/\"},\"wordCount\":362,\"commentCount\":0,\"publisher\":{\"@id\":\"https:\\\/\\\/www.jazzzeitung.de\\\/cms\\\/#organization\"},\"image\":{\"@id\":\"https:\\\/\\\/www.jazzzeitung.de\\\/cms\\\/2019\\\/03\\\/laura-block-verstaerkt-udj-geschaeftsstelle-im-bereich-gleichstellung-von-frauen-im-jazz\\\/#primaryimage\"},\"thumbnailUrl\":\"https:\\\/\\\/i0.wp.com\\\/www.jazzzeitung.de\\\/cms\\\/wp-content\\\/uploads\\\/2019\\\/03\\\/25bc0c91-5930-40a9-9c11-96afc256849a-e1552037230758.jpg?fit=2098%2C2807&ssl=1\",\"keywords\":[\"2018\",\"2019\",\"Berlin\",\"Deutscher Jazzpreis\",\"Deutschland\",\"Frauen im Jazz\",\"Jazz\",\"Jazzmusiker\",\"Jazzmusikerinnen\",\"Jazzpreis\",\"Jazzszene\",\"Kultur\",\"Oktober\",\"UdJ\",\"Union deutscher Jazzmusiker\"],\"articleSection\":[\"News\"],\"inLanguage\":\"de\",\"potentialAction\":[{\"@type\":\"CommentAction\",\"name\":\"Comment\",\"target\":[\"https:\\\/\\\/www.jazzzeitung.de\\\/cms\\\/2019\\\/03\\\/laura-block-verstaerkt-udj-geschaeftsstelle-im-bereich-gleichstellung-von-frauen-im-jazz\\\/#respond\"]}]},{\"@type\":\"WebPage\",\"@id\":\"https:\\\/\\\/www.jazzzeitung.de\\\/cms\\\/2019\\\/03\\\/laura-block-verstaerkt-udj-geschaeftsstelle-im-bereich-gleichstellung-von-frauen-im-jazz\\\/\",\"url\":\"https:\\\/\\\/www.jazzzeitung.de\\\/cms\\\/2019\\\/03\\\/laura-block-verstaerkt-udj-geschaeftsstelle-im-bereich-gleichstellung-von-frauen-im-jazz\\\/\",\"name\":\"Laura Block verst\u00e4rkt UDJ-Gesch\u00e4ftsstelle im Bereich Gleichstellung von Frauen im Jazz - JazzZeitung\",\"isPartOf\":{\"@id\":\"https:\\\/\\\/www.jazzzeitung.de\\\/cms\\\/#website\"},\"primaryImageOfPage\":{\"@id\":\"https:\\\/\\\/www.jazzzeitung.de\\\/cms\\\/2019\\\/03\\\/laura-block-verstaerkt-udj-geschaeftsstelle-im-bereich-gleichstellung-von-frauen-im-jazz\\\/#primaryimage\"},\"image\":{\"@id\":\"https:\\\/\\\/www.jazzzeitung.de\\\/cms\\\/2019\\\/03\\\/laura-block-verstaerkt-udj-geschaeftsstelle-im-bereich-gleichstellung-von-frauen-im-jazz\\\/#primaryimage\"},\"thumbnailUrl\":\"https:\\\/\\\/i0.wp.com\\\/www.jazzzeitung.de\\\/cms\\\/wp-content\\\/uploads\\\/2019\\\/03\\\/25bc0c91-5930-40a9-9c11-96afc256849a-e1552037230758.jpg?fit=2098%2C2807&ssl=1\",\"datePublished\":\"2019-03-09T11:57:09+00:00\",\"breadcrumb\":{\"@id\":\"https:\\\/\\\/www.jazzzeitung.de\\\/cms\\\/2019\\\/03\\\/laura-block-verstaerkt-udj-geschaeftsstelle-im-bereich-gleichstellung-von-frauen-im-jazz\\\/#breadcrumb\"},\"inLanguage\":\"de\",\"potentialAction\":[{\"@type\":\"ReadAction\",\"target\":[\"https:\\\/\\\/www.jazzzeitung.de\\\/cms\\\/2019\\\/03\\\/laura-block-verstaerkt-udj-geschaeftsstelle-im-bereich-gleichstellung-von-frauen-im-jazz\\\/\"]}]},{\"@type\":\"ImageObject\",\"inLanguage\":\"de\",\"@id\":\"https:\\\/\\\/www.jazzzeitung.de\\\/cms\\\/2019\\\/03\\\/laura-block-verstaerkt-udj-geschaeftsstelle-im-bereich-gleichstellung-von-frauen-im-jazz\\\/#primaryimage\",\"url\":\"https:\\\/\\\/i0.wp.com\\\/www.jazzzeitung.de\\\/cms\\\/wp-content\\\/uploads\\\/2019\\\/03\\\/25bc0c91-5930-40a9-9c11-96afc256849a-e1552037230758.jpg?fit=2098%2C2807&ssl=1\",\"contentUrl\":\"https:\\\/\\\/i0.wp.com\\\/www.jazzzeitung.de\\\/cms\\\/wp-content\\\/uploads\\\/2019\\\/03\\\/25bc0c91-5930-40a9-9c11-96afc256849a-e1552037230758.jpg?fit=2098%2C2807&ssl=1\",\"width\":2098,\"height\":2807},{\"@type\":\"BreadcrumbList\",\"@id\":\"https:\\\/\\\/www.jazzzeitung.de\\\/cms\\\/2019\\\/03\\\/laura-block-verstaerkt-udj-geschaeftsstelle-im-bereich-gleichstellung-von-frauen-im-jazz\\\/#breadcrumb\",\"itemListElement\":[{\"@type\":\"ListItem\",\"position\":1,\"name\":\"Startseite\",\"item\":\"https:\\\/\\\/www.jazzzeitung.de\\\/cms\\\/\"},{\"@type\":\"ListItem\",\"position\":2,\"name\":\"Laura Block verst\u00e4rkt UDJ-Gesch\u00e4ftsstelle im Bereich Gleichstellung von Frauen im Jazz\"}]},{\"@type\":\"WebSite\",\"@id\":\"https:\\\/\\\/www.jazzzeitung.de\\\/cms\\\/#website\",\"url\":\"https:\\\/\\\/www.jazzzeitung.de\\\/cms\\\/\",\"name\":\"JazzZeitung\",\"description\":\"Jazz-News und Jazz-Kontroverses\",\"publisher\":{\"@id\":\"https:\\\/\\\/www.jazzzeitung.de\\\/cms\\\/#organization\"},\"potentialAction\":[{\"@type\":\"SearchAction\",\"target\":{\"@type\":\"EntryPoint\",\"urlTemplate\":\"https:\\\/\\\/www.jazzzeitung.de\\\/cms\\\/?s={search_term_string}\"},\"query-input\":{\"@type\":\"PropertyValueSpecification\",\"valueRequired\":true,\"valueName\":\"search_term_string\"}}],\"inLanguage\":\"de\"},{\"@type\":\"Organization\",\"@id\":\"https:\\\/\\\/www.jazzzeitung.de\\\/cms\\\/#organization\",\"name\":\"JazzZeitung online\",\"url\":\"https:\\\/\\\/www.jazzzeitung.de\\\/cms\\\/\",\"logo\":{\"@type\":\"ImageObject\",\"inLanguage\":\"de\",\"@id\":\"https:\\\/\\\/www.jazzzeitung.de\\\/cms\\\/#\\\/schema\\\/logo\\\/image\\\/\",\"url\":\"https:\\\/\\\/i0.wp.com\\\/www.jazzzeitung.de\\\/cms\\\/wp-content\\\/uploads\\\/2015\\\/08\\\/JAZZZEITUNGDE_Logo_Neu.png?fit=499%2C200&ssl=1\",\"contentUrl\":\"https:\\\/\\\/i0.wp.com\\\/www.jazzzeitung.de\\\/cms\\\/wp-content\\\/uploads\\\/2015\\\/08\\\/JAZZZEITUNGDE_Logo_Neu.png?fit=499%2C200&ssl=1\",\"width\":499,\"height\":200,\"caption\":\"JazzZeitung online\"},\"image\":{\"@id\":\"https:\\\/\\\/www.jazzzeitung.de\\\/cms\\\/#\\\/schema\\\/logo\\\/image\\\/\"},\"sameAs\":[\"https:\\\/\\\/www.facebook.com\\\/JazzZeitung\\\/\"]},{\"@type\":\"Person\",\"@id\":\"https:\\\/\\\/www.jazzzeitung.de\\\/cms\\\/#\\\/schema\\\/person\\\/2245b36b9cd1d24cea10f01c031fb92b\",\"name\":\"Redaktion JazzZeitung\",\"image\":{\"@type\":\"ImageObject\",\"inLanguage\":\"de\",\"@id\":\"https:\\\/\\\/i0.wp.com\\\/www.jazzzeitung.de\\\/cms\\\/wp-content\\\/uploads\\\/2015\\\/08\\\/JAZZZEITUNGDE_Logo_Neu.png?resize=96%2C96&ssl=159975dcacb611b5700bd619b5daf0a7a\",\"url\":\"https:\\\/\\\/i0.wp.com\\\/www.jazzzeitung.de\\\/cms\\\/wp-content\\\/uploads\\\/2015\\\/08\\\/JAZZZEITUNGDE_Logo_Neu.png?resize=96%2C96&ssl=1\",\"contentUrl\":\"https:\\\/\\\/i0.wp.com\\\/www.jazzzeitung.de\\\/cms\\\/wp-content\\\/uploads\\\/2015\\\/08\\\/JAZZZEITUNGDE_Logo_Neu.png?resize=96%2C96&ssl=1\",\"caption\":\"Redaktion JazzZeitung\"},\"description\":\"Artikel der Redaktion der JazzZeitung.\",\"sameAs\":[\"http:\\\/\\\/www.jazzzeitung.de\\\/cms\\\/\"],\"url\":\"https:\\\/\\\/www.jazzzeitung.de\\\/cms\\\/author\\\/redaktion\\\/\"}]}<\/script>\n<!-- \/ Yoast SEO plugin. -->","yoast_head_json":{"title":"Laura Block verst\u00e4rkt UDJ-Gesch\u00e4ftsstelle im Bereich Gleichstellung von Frauen im Jazz - JazzZeitung","robots":{"index":"index","follow":"follow","max-snippet":"max-snippet:-1","max-image-preview":"max-image-preview:large","max-video-preview":"max-video-preview:-1"},"canonical":"https:\/\/www.jazzzeitung.de\/cms\/2019\/03\/laura-block-verstaerkt-udj-geschaeftsstelle-im-bereich-gleichstellung-von-frauen-im-jazz\/","og_locale":"de_DE","og_type":"article","og_title":"Laura Block verst\u00e4rkt UDJ-Gesch\u00e4ftsstelle im Bereich Gleichstellung von Frauen im Jazz - JazzZeitung","og_description":"Gleichstellung von Frauen im Jazz ist aktuell eines der wichtigsten Themen, f\u00fcr die sich die Union Deutscher Jazzmusiker e.V. (UDJ) als \u201eSprachrohr der Jazzmusikerinnen und Jazzmusiker in Deutschland&#8220; einsetzt. Zum Jahresbeginn 2019 hat das Team der Gesch\u00e4ftsstelle in Berlin nun Verst\u00e4rkung bekommen: Die promovierte Sozialwissenschaftlerin Laura Block ist seit Januar bei der UDJ als Projektleiterin f\u00fcr den Themenbereich Gleichstellung zust\u00e4ndig. In dieser Funktion betreut sie unter anderem eine von der Bundesbeauftragten f\u00fcr Kultur und Medien ma\u00dfgeblich finanzierte wissenschaftliche Nachauswertung der Jazzstudie 2016 unter Aspekten der Geschlechtergerechtigkeit. Dar\u00fcber hinaus unterst\u00fctzt sie den Vorstand und die Mitglieder in allen weiteren Anliegen rund um das Thema Gleichstellung. \u201eEs ist wichtig, dass die UDJ bei Gleichstellung und Geschlechtergerechtigkeit im Jazz deutliche Zeichen setzt. Innerhalb der Jazz- und Kulturszene, aber auch gesamtgesellschaftlich sp\u00fcren wir einen gro\u00dfen Aufbruchswillen&#8220;, sagte Laura Block. \u201eIch freue mich, die Themen gemeinsam mit der UDJ weiter voran zu bringen und zu einer emanzipatorischen und solidarischen Geschlechtergerechtigkeit beizutragen \u2013 im Jazz und dar\u00fcber hinaus.&#8220; Im Oktober 2018 ver\u00f6ffentlichte die UDJ eine \u201eGemeinsame Erkl\u00e4rung f\u00fcr die Gleichstellung von Frauen im Jazz&#8220;, der sich mehr als 450 Institutionen und &hellip;","og_url":"https:\/\/www.jazzzeitung.de\/cms\/2019\/03\/laura-block-verstaerkt-udj-geschaeftsstelle-im-bereich-gleichstellung-von-frauen-im-jazz\/","og_site_name":"JazzZeitung","article_publisher":"https:\/\/www.facebook.com\/JazzZeitung\/","article_published_time":"2019-03-09T11:57:09+00:00","og_image":[{"width":2098,"height":2807,"url":"https:\/\/i0.wp.com\/www.jazzzeitung.de\/cms\/wp-content\/uploads\/2019\/03\/25bc0c91-5930-40a9-9c11-96afc256849a-e1552037230758.jpg?fit=2098%2C2807&ssl=1","type":"image\/jpeg"}],"author":"Redaktion JazzZeitung","schema":{"@context":"https:\/\/schema.org","@graph":[{"@type":"Article","@id":"https:\/\/www.jazzzeitung.de\/cms\/2019\/03\/laura-block-verstaerkt-udj-geschaeftsstelle-im-bereich-gleichstellung-von-frauen-im-jazz\/#article","isPartOf":{"@id":"https:\/\/www.jazzzeitung.de\/cms\/2019\/03\/laura-block-verstaerkt-udj-geschaeftsstelle-im-bereich-gleichstellung-von-frauen-im-jazz\/"},"author":{"name":"Redaktion JazzZeitung","@id":"https:\/\/www.jazzzeitung.de\/cms\/#\/schema\/person\/2245b36b9cd1d24cea10f01c031fb92b"},"headline":"Laura Block verst\u00e4rkt UDJ-Gesch\u00e4ftsstelle im Bereich Gleichstellung von Frauen im Jazz","datePublished":"2019-03-09T11:57:09+00:00","mainEntityOfPage":{"@id":"https:\/\/www.jazzzeitung.de\/cms\/2019\/03\/laura-block-verstaerkt-udj-geschaeftsstelle-im-bereich-gleichstellung-von-frauen-im-jazz\/"},"wordCount":362,"commentCount":0,"publisher":{"@id":"https:\/\/www.jazzzeitung.de\/cms\/#organization"},"image":{"@id":"https:\/\/www.jazzzeitung.de\/cms\/2019\/03\/laura-block-verstaerkt-udj-geschaeftsstelle-im-bereich-gleichstellung-von-frauen-im-jazz\/#primaryimage"},"thumbnailUrl":"https:\/\/i0.wp.com\/www.jazzzeitung.de\/cms\/wp-content\/uploads\/2019\/03\/25bc0c91-5930-40a9-9c11-96afc256849a-e1552037230758.jpg?fit=2098%2C2807&ssl=1","keywords":["2018","2019","Berlin","Deutscher Jazzpreis","Deutschland","Frauen im Jazz","Jazz","Jazzmusiker","Jazzmusikerinnen","Jazzpreis","Jazzszene","Kultur","Oktober","UdJ","Union deutscher Jazzmusiker"],"articleSection":["News"],"inLanguage":"de","potentialAction":[{"@type":"CommentAction","name":"Comment","target":["https:\/\/www.jazzzeitung.de\/cms\/2019\/03\/laura-block-verstaerkt-udj-geschaeftsstelle-im-bereich-gleichstellung-von-frauen-im-jazz\/#respond"]}]},{"@type":"WebPage","@id":"https:\/\/www.jazzzeitung.de\/cms\/2019\/03\/laura-block-verstaerkt-udj-geschaeftsstelle-im-bereich-gleichstellung-von-frauen-im-jazz\/","url":"https:\/\/www.jazzzeitung.de\/cms\/2019\/03\/laura-block-verstaerkt-udj-geschaeftsstelle-im-bereich-gleichstellung-von-frauen-im-jazz\/","name":"Laura Block verst\u00e4rkt UDJ-Gesch\u00e4ftsstelle im Bereich Gleichstellung von Frauen im Jazz - JazzZeitung","isPartOf":{"@id":"https:\/\/www.jazzzeitung.de\/cms\/#website"},"primaryImageOfPage":{"@id":"https:\/\/www.jazzzeitung.de\/cms\/2019\/03\/laura-block-verstaerkt-udj-geschaeftsstelle-im-bereich-gleichstellung-von-frauen-im-jazz\/#primaryimage"},"image":{"@id":"https:\/\/www.jazzzeitung.de\/cms\/2019\/03\/laura-block-verstaerkt-udj-geschaeftsstelle-im-bereich-gleichstellung-von-frauen-im-jazz\/#primaryimage"},"thumbnailUrl":"https:\/\/i0.wp.com\/www.jazzzeitung.de\/cms\/wp-content\/uploads\/2019\/03\/25bc0c91-5930-40a9-9c11-96afc256849a-e1552037230758.jpg?fit=2098%2C2807&ssl=1","datePublished":"2019-03-09T11:57:09+00:00","breadcrumb":{"@id":"https:\/\/www.jazzzeitung.de\/cms\/2019\/03\/laura-block-verstaerkt-udj-geschaeftsstelle-im-bereich-gleichstellung-von-frauen-im-jazz\/#breadcrumb"},"inLanguage":"de","potentialAction":[{"@type":"ReadAction","target":["https:\/\/www.jazzzeitung.de\/cms\/2019\/03\/laura-block-verstaerkt-udj-geschaeftsstelle-im-bereich-gleichstellung-von-frauen-im-jazz\/"]}]},{"@type":"ImageObject","inLanguage":"de","@id":"https:\/\/www.jazzzeitung.de\/cms\/2019\/03\/laura-block-verstaerkt-udj-geschaeftsstelle-im-bereich-gleichstellung-von-frauen-im-jazz\/#primaryimage","url":"https:\/\/i0.wp.com\/www.jazzzeitung.de\/cms\/wp-content\/uploads\/2019\/03\/25bc0c91-5930-40a9-9c11-96afc256849a-e1552037230758.jpg?fit=2098%2C2807&ssl=1","contentUrl":"https:\/\/i0.wp.com\/www.jazzzeitung.de\/cms\/wp-content\/uploads\/2019\/03\/25bc0c91-5930-40a9-9c11-96afc256849a-e1552037230758.jpg?fit=2098%2C2807&ssl=1","width":2098,"height":2807},{"@type":"BreadcrumbList","@id":"https:\/\/www.jazzzeitung.de\/cms\/2019\/03\/laura-block-verstaerkt-udj-geschaeftsstelle-im-bereich-gleichstellung-von-frauen-im-jazz\/#breadcrumb","itemListElement":[{"@type":"ListItem","position":1,"name":"Startseite","item":"https:\/\/www.jazzzeitung.de\/cms\/"},{"@type":"ListItem","position":2,"name":"Laura Block verst\u00e4rkt UDJ-Gesch\u00e4ftsstelle im Bereich Gleichstellung von Frauen im Jazz"}]},{"@type":"WebSite","@id":"https:\/\/www.jazzzeitung.de\/cms\/#website","url":"https:\/\/www.jazzzeitung.de\/cms\/","name":"JazzZeitung","description":"Jazz-News und Jazz-Kontroverses","publisher":{"@id":"https:\/\/www.jazzzeitung.de\/cms\/#organization"},"potentialAction":[{"@type":"SearchAction","target":{"@type":"EntryPoint","urlTemplate":"https:\/\/www.jazzzeitung.de\/cms\/?s={search_term_string}"},"query-input":{"@type":"PropertyValueSpecification","valueRequired":true,"valueName":"search_term_string"}}],"inLanguage":"de"},{"@type":"Organization","@id":"https:\/\/www.jazzzeitung.de\/cms\/#organization","name":"JazzZeitung online","url":"https:\/\/www.jazzzeitung.de\/cms\/","logo":{"@type":"ImageObject","inLanguage":"de","@id":"https:\/\/www.jazzzeitung.de\/cms\/#\/schema\/logo\/image\/","url":"https:\/\/i0.wp.com\/www.jazzzeitung.de\/cms\/wp-content\/uploads\/2015\/08\/JAZZZEITUNGDE_Logo_Neu.png?fit=499%2C200&ssl=1","contentUrl":"https:\/\/i0.wp.com\/www.jazzzeitung.de\/cms\/wp-content\/uploads\/2015\/08\/JAZZZEITUNGDE_Logo_Neu.png?fit=499%2C200&ssl=1","width":499,"height":200,"caption":"JazzZeitung online"},"image":{"@id":"https:\/\/www.jazzzeitung.de\/cms\/#\/schema\/logo\/image\/"},"sameAs":["https:\/\/www.facebook.com\/JazzZeitung\/"]},{"@type":"Person","@id":"https:\/\/www.jazzzeitung.de\/cms\/#\/schema\/person\/2245b36b9cd1d24cea10f01c031fb92b","name":"Redaktion JazzZeitung","image":{"@type":"ImageObject","inLanguage":"de","@id":"https:\/\/i0.wp.com\/www.jazzzeitung.de\/cms\/wp-content\/uploads\/2015\/08\/JAZZZEITUNGDE_Logo_Neu.png?resize=96%2C96&ssl=159975dcacb611b5700bd619b5daf0a7a","url":"https:\/\/i0.wp.com\/www.jazzzeitung.de\/cms\/wp-content\/uploads\/2015\/08\/JAZZZEITUNGDE_Logo_Neu.png?resize=96%2C96&ssl=1","contentUrl":"https:\/\/i0.wp.com\/www.jazzzeitung.de\/cms\/wp-content\/uploads\/2015\/08\/JAZZZEITUNGDE_Logo_Neu.png?resize=96%2C96&ssl=1","caption":"Redaktion JazzZeitung"},"description":"Artikel der Redaktion der JazzZeitung.","sameAs":["http:\/\/www.jazzzeitung.de\/cms\/"],"url":"https:\/\/www.jazzzeitung.de\/cms\/author\/redaktion\/"}]}},"wp-worthy-pixel":{"ignored":false,"public":null,"server":null,"url":null},"wp-worthy-type":"normal","jetpack_publicize_connections":[],"cc_featured_image_caption":{"caption_text":"","source_text":"","source_url":""},"jetpack_featured_media_url":"https:\/\/i0.wp.com\/www.jazzzeitung.de\/cms\/wp-content\/uploads\/2019\/03\/25bc0c91-5930-40a9-9c11-96afc256849a-e1552037230758.jpg?fit=2098%2C2807&ssl=1","jetpack_shortlink":"https:\/\/wp.me\/p3KEcT-4UT","jetpack-related-posts":[{"id":17487,"url":"https:\/\/www.jazzzeitung.de\/cms\/2018\/10\/nach-erklaerungsveroeffentlichung-jazzmusiker-innen-setzen-massnahmen-zur-gleichstellung-um\/","url_meta":{"origin":18903,"position":0},"title":"Nach Erkl\u00e4rungsver\u00f6ffentlichung: Jazzmusiker\/-innen setzen Ma\u00dfnahmen zur Gleichstellung um","author":"Redaktion JazzZeitung","date":"18. Oktober 2018","format":false,"excerpt":"Jetzt sollen auch Taten folgen: Nach der \u00f6ffentlichen Erkl\u00e4rung zur Gleichstellung der Frauen im Jazz, die die Union Deutscher Jazzmusiker\/-innen vergangene Woche im Rahmen ihres 24. Jazzforums vorgestellt hatten, konkretisierten die jungen Jazzmusikerinnen und -musiker nun die beabsichtigten Ma\u00dfnahmen f\u00fcr eine Gleichberechtigung der Geschlechter. Neben der Aufkl\u00e4rung und der Sensiblisierung\u2026","rel":"","context":"In &quot;News&quot;","block_context":{"text":"News","link":"https:\/\/www.jazzzeitung.de\/cms\/thema\/nachrichten\/"},"img":{"alt_text":"","src":"https:\/\/i0.wp.com\/www.jazzzeitung.de\/cms\/wp-content\/uploads\/2018\/03\/Candy-Dulfer_Vesandgr_Foto_Carolien-Sikkenk_-Photoline-1.jpg?fit=1200%2C800&ssl=1&resize=350%2C200","width":350,"height":200,"srcset":"https:\/\/i0.wp.com\/www.jazzzeitung.de\/cms\/wp-content\/uploads\/2018\/03\/Candy-Dulfer_Vesandgr_Foto_Carolien-Sikkenk_-Photoline-1.jpg?fit=1200%2C800&ssl=1&resize=350%2C200 1x, https:\/\/i0.wp.com\/www.jazzzeitung.de\/cms\/wp-content\/uploads\/2018\/03\/Candy-Dulfer_Vesandgr_Foto_Carolien-Sikkenk_-Photoline-1.jpg?fit=1200%2C800&ssl=1&resize=525%2C300 1.5x, https:\/\/i0.wp.com\/www.jazzzeitung.de\/cms\/wp-content\/uploads\/2018\/03\/Candy-Dulfer_Vesandgr_Foto_Carolien-Sikkenk_-Photoline-1.jpg?fit=1200%2C800&ssl=1&resize=700%2C400 2x, https:\/\/i0.wp.com\/www.jazzzeitung.de\/cms\/wp-content\/uploads\/2018\/03\/Candy-Dulfer_Vesandgr_Foto_Carolien-Sikkenk_-Photoline-1.jpg?fit=1200%2C800&ssl=1&resize=1050%2C600 3x"},"classes":[]},{"id":17437,"url":"https:\/\/www.jazzzeitung.de\/cms\/2018\/10\/erklaerung-zur-gleichstellung-von-frauen-im-jazz-ruft-zur-mitzeichnung-auf\/","url_meta":{"origin":18903,"position":1},"title":"Erkl\u00e4rung zur Gleichstellung von Frauen im Jazz ruft zur Mitzeichnung auf","author":"Redaktion JazzZeitung","date":"11. Oktober 2018","format":false,"excerpt":"Anl\u00e4sslich ihres 24. Jazzforums, das am 11. und 12. Oktober 2018 im Kulturzentrum Pavillon in Hannover stattfindet,\u00a0 hat die Union Deutscher Jazz-Musiker\/-innen gemeinsam mit zahlreichen Erstunterzeichner\/-innen die \u201eGemeinsame Erkl\u00e4rung zur Gleichstellung von Frauen im Jazz\" ver\u00f6ffentlicht. Wie es in der vierseitigen Erkl\u00e4rung hei\u00dft, ist die Jazzszene Deutschlands \"nach wie vor\u2026","rel":"","context":"In &quot;News&quot;","block_context":{"text":"News","link":"https:\/\/www.jazzzeitung.de\/cms\/thema\/nachrichten\/"},"img":{"alt_text":"","src":"https:\/\/i0.wp.com\/www.jazzzeitung.de\/cms\/wp-content\/uploads\/2018\/05\/Moses-china_94.jpg?fit=1200%2C804&ssl=1&resize=350%2C200","width":350,"height":200,"srcset":"https:\/\/i0.wp.com\/www.jazzzeitung.de\/cms\/wp-content\/uploads\/2018\/05\/Moses-china_94.jpg?fit=1200%2C804&ssl=1&resize=350%2C200 1x, https:\/\/i0.wp.com\/www.jazzzeitung.de\/cms\/wp-content\/uploads\/2018\/05\/Moses-china_94.jpg?fit=1200%2C804&ssl=1&resize=525%2C300 1.5x, https:\/\/i0.wp.com\/www.jazzzeitung.de\/cms\/wp-content\/uploads\/2018\/05\/Moses-china_94.jpg?fit=1200%2C804&ssl=1&resize=700%2C400 2x, https:\/\/i0.wp.com\/www.jazzzeitung.de\/cms\/wp-content\/uploads\/2018\/05\/Moses-china_94.jpg?fit=1200%2C804&ssl=1&resize=1050%2C600 3x"},"classes":[]},{"id":19583,"url":"https:\/\/www.jazzzeitung.de\/cms\/2019\/05\/union-deutscher-jazzmusiker-udj-in-deutsche-jazzunion-umbenannt\/","url_meta":{"origin":18903,"position":2},"title":"\u201eUnion Deutscher Jazzmusiker\u201c (UDJ) in \u201eDeutsche Jazzunion\u201c umbenannt","author":"Redaktion JazzZeitung","date":"27. Mai 2019","format":false,"excerpt":"Berlin, 27.05.2019 | Die Interessenvertretung der Jazzmusikerinnen und -musiker in Deutschland hat einen neuen Namen. Die Mitglieder des 1973 gegr\u00fcndeten Verbands beschlossen auf ihrer Mitgliederversammlung in Bremen, den Namen \u201eUnion Deutscher Jazzmusiker\u201c in \u201eDeutsche Jazzunion\u201c zu \u00e4ndern. Mit der Namens\u00e4nderung will der Verband als Sprachrohr der Jazzmusiker*innen in Deutschland der\u2026","rel":"","context":"In &quot;News&quot;","block_context":{"text":"News","link":"https:\/\/www.jazzzeitung.de\/cms\/thema\/nachrichten\/"},"img":{"alt_text":"Logo der Deutschen Jazzunion","src":"https:\/\/i0.wp.com\/www.jazzzeitung.de\/cms\/wp-content\/uploads\/2019\/05\/DeutscheJazzunion.png?fit=811%2C456&ssl=1&resize=350%2C200","width":350,"height":200,"srcset":"https:\/\/i0.wp.com\/www.jazzzeitung.de\/cms\/wp-content\/uploads\/2019\/05\/DeutscheJazzunion.png?fit=811%2C456&ssl=1&resize=350%2C200 1x, https:\/\/i0.wp.com\/www.jazzzeitung.de\/cms\/wp-content\/uploads\/2019\/05\/DeutscheJazzunion.png?fit=811%2C456&ssl=1&resize=525%2C300 1.5x, https:\/\/i0.wp.com\/www.jazzzeitung.de\/cms\/wp-content\/uploads\/2019\/05\/DeutscheJazzunion.png?fit=811%2C456&ssl=1&resize=700%2C400 2x"},"classes":[]},{"id":17353,"url":"https:\/\/www.jazzzeitung.de\/cms\/2018\/10\/24-udj-jazzforum-am-11-12-oktober-2018-im-kulturzentrum-pavillon-in-hannover\/","url_meta":{"origin":18903,"position":3},"title":"24. UDJ-Jazzforum am 11.\/12. Oktober 2018 im Kulturzentrum Pavillon in Hannover","author":"Redaktion JazzZeitung","date":"2. Oktober 2018","format":false,"excerpt":"Am 11. und 12. Oktober 2018 findet das 24. UDJ-Jazzforum im Kulturzentrum Pavillon in Hannover statt. Unter anderem stehen in diesem Jahr spannende Panels mit viel Prominenz aus Szene und Politik auf dem Programm der zweit\u00e4gigen Tagung, zu der die Union Deutscher Jazzmusiker (UDJ) alle Interessierten bei kostenloser Anmeldung einl\u00e4dt.\u2026","rel":"","context":"In &quot;News&quot;","block_context":{"text":"News","link":"https:\/\/www.jazzzeitung.de\/cms\/thema\/nachrichten\/"},"img":{"alt_text":"","src":"https:\/\/i0.wp.com\/www.jazzzeitung.de\/cms\/wp-content\/uploads\/2018\/10\/240dpi_AMEO_Bandphoto%40Sibylle-Fendt.jpg?fit=1200%2C951&ssl=1&resize=350%2C200","width":350,"height":200,"srcset":"https:\/\/i0.wp.com\/www.jazzzeitung.de\/cms\/wp-content\/uploads\/2018\/10\/240dpi_AMEO_Bandphoto%40Sibylle-Fendt.jpg?fit=1200%2C951&ssl=1&resize=350%2C200 1x, https:\/\/i0.wp.com\/www.jazzzeitung.de\/cms\/wp-content\/uploads\/2018\/10\/240dpi_AMEO_Bandphoto%40Sibylle-Fendt.jpg?fit=1200%2C951&ssl=1&resize=525%2C300 1.5x, https:\/\/i0.wp.com\/www.jazzzeitung.de\/cms\/wp-content\/uploads\/2018\/10\/240dpi_AMEO_Bandphoto%40Sibylle-Fendt.jpg?fit=1200%2C951&ssl=1&resize=700%2C400 2x, https:\/\/i0.wp.com\/www.jazzzeitung.de\/cms\/wp-content\/uploads\/2018\/10\/240dpi_AMEO_Bandphoto%40Sibylle-Fendt.jpg?fit=1200%2C951&ssl=1&resize=1050%2C600 3x"},"classes":[]},{"id":16031,"url":"https:\/\/www.jazzzeitung.de\/cms\/2018\/05\/news-musik-verbaende-kritisieren-reduzierung-des-etats-fuer-den-applaus-udj-sieht-echo-jazz-neuauflage-als-chance\/","url_meta":{"origin":18903,"position":4},"title":"+++News+++ Musik-Verb\u00e4nde kritisieren Reduzierung des Etats f\u00fcr den APPLAUS+++ UDJ sieht ECHO JAZZ-Neuauflage als Chance+++","author":"Redaktion JazzZeitung","date":"15. Mai 2018","format":false,"excerpt":"Musik-Verb\u00e4nde warnen vor Reduzierung des Etats f\u00fcr den Spielst\u00e4ttenprogrammpreis APPLAUS Anl\u00e4sslich des Starts der Antragsphase beim APPLAUS kritisieren die Bundeskonferenz Jazz und LiveKomm gemeinsam mit weiteren Partnern die drohende Halbierung des Budgets des Spielst\u00e4ttenprogrammpreises. Konnten im vergangenen Jahr noch 86 Clubs und Veranstaltungsreihen mit insgesamt 1,8 Millionen Euro werden, ist\u2026","rel":"","context":"In &quot;News&quot;","block_context":{"text":"News","link":"https:\/\/www.jazzzeitung.de\/cms\/thema\/nachrichten\/"},"img":{"alt_text":"","src":"https:\/\/i0.wp.com\/www.jazzzeitung.de\/cms\/wp-content\/uploads\/2018\/05\/Wuestenhagen_echojazz2013_56201_12718_5a09ab00b0.jpg?fit=1200%2C779&ssl=1&resize=350%2C200","width":350,"height":200,"srcset":"https:\/\/i0.wp.com\/www.jazzzeitung.de\/cms\/wp-content\/uploads\/2018\/05\/Wuestenhagen_echojazz2013_56201_12718_5a09ab00b0.jpg?fit=1200%2C779&ssl=1&resize=350%2C200 1x, https:\/\/i0.wp.com\/www.jazzzeitung.de\/cms\/wp-content\/uploads\/2018\/05\/Wuestenhagen_echojazz2013_56201_12718_5a09ab00b0.jpg?fit=1200%2C779&ssl=1&resize=525%2C300 1.5x, https:\/\/i0.wp.com\/www.jazzzeitung.de\/cms\/wp-content\/uploads\/2018\/05\/Wuestenhagen_echojazz2013_56201_12718_5a09ab00b0.jpg?fit=1200%2C779&ssl=1&resize=700%2C400 2x, https:\/\/i0.wp.com\/www.jazzzeitung.de\/cms\/wp-content\/uploads\/2018\/05\/Wuestenhagen_echojazz2013_56201_12718_5a09ab00b0.jpg?fit=1200%2C779&ssl=1&resize=1050%2C600 3x"},"classes":[]},{"id":14205,"url":"https:\/\/www.jazzzeitung.de\/cms\/2017\/11\/nikolaus-neuser-ist-neuer-vorsitzender-der-union-deutscher-jazzmusiker\/","url_meta":{"origin":18903,"position":5},"title":"Nikolaus Neuser ist neuer Vorsitzender der Union Deutscher Jazzmusiker","author":"Redaktion JazzZeitung","date":"7. November 2017","format":false,"excerpt":"Der Berliner Jazztrompeter Nikolaus Neuser ist neuer Vorsitzender der Union Deutscher Jazzmusiker (UDJ). Er wurde auf der Mitgliederversammlung der berufs- und fachpolitischen Interessenvereinigung am 04. November 2017 in Berlin in das Amt gew\u00e4hlt. Neuser tritt die Nachfolge des Saxophonisten und Komponisten Gebhard Ullmann an, der den Vorsitz seit 2013 innehatte.\u2026","rel":"","context":"In &quot;News&quot;","block_context":{"text":"News","link":"https:\/\/www.jazzzeitung.de\/cms\/thema\/nachrichten\/"},"img":{"alt_text":"UDJ-Vorstand und Gesch\u00e4ftsf\u00fchrer mit altem und neuem Vorsitzenden. V. l. n. r.: Silke Eberhard, Benjamin Schaefer, Anette von Eichel, Felix Falk,Gebhard Ullmann, Nikolaus Neuser, Alexandra Lehmler und Urs Johnen","src":"https:\/\/i0.wp.com\/www.jazzzeitung.de\/cms\/wp-content\/uploads\/2017\/11\/udj_vorstand_c_manuel_miethe.jpg?fit=1200%2C800&ssl=1&resize=350%2C200","width":350,"height":200,"srcset":"https:\/\/i0.wp.com\/www.jazzzeitung.de\/cms\/wp-content\/uploads\/2017\/11\/udj_vorstand_c_manuel_miethe.jpg?fit=1200%2C800&ssl=1&resize=350%2C200 1x, https:\/\/i0.wp.com\/www.jazzzeitung.de\/cms\/wp-content\/uploads\/2017\/11\/udj_vorstand_c_manuel_miethe.jpg?fit=1200%2C800&ssl=1&resize=525%2C300 1.5x, https:\/\/i0.wp.com\/www.jazzzeitung.de\/cms\/wp-content\/uploads\/2017\/11\/udj_vorstand_c_manuel_miethe.jpg?fit=1200%2C800&ssl=1&resize=700%2C400 2x, https:\/\/i0.wp.com\/www.jazzzeitung.de\/cms\/wp-content\/uploads\/2017\/11\/udj_vorstand_c_manuel_miethe.jpg?fit=1200%2C800&ssl=1&resize=1050%2C600 3x"},"classes":[]}],"jetpack_sharing_enabled":true,"_links":{"self":[{"href":"https:\/\/www.jazzzeitung.de\/cms\/wp-json\/wp\/v2\/posts\/18903","targetHints":{"allow":["GET"]}}],"collection":[{"href":"https:\/\/www.jazzzeitung.de\/cms\/wp-json\/wp\/v2\/posts"}],"about":[{"href":"https:\/\/www.jazzzeitung.de\/cms\/wp-json\/wp\/v2\/types\/post"}],"author":[{"embeddable":true,"href":"https:\/\/www.jazzzeitung.de\/cms\/wp-json\/wp\/v2\/users\/18"}],"replies":[{"embeddable":true,"href":"https:\/\/www.jazzzeitung.de\/cms\/wp-json\/wp\/v2\/comments?post=18903"}],"version-history":[{"count":5,"href":"https:\/\/www.jazzzeitung.de\/cms\/wp-json\/wp\/v2\/posts\/18903\/revisions"}],"predecessor-version":[{"id":18909,"href":"https:\/\/www.jazzzeitung.de\/cms\/wp-json\/wp\/v2\/posts\/18903\/revisions\/18909"}],"wp:featuredmedia":[{"embeddable":true,"href":"https:\/\/www.jazzzeitung.de\/cms\/wp-json\/wp\/v2\/media\/18904"}],"wp:attachment":[{"href":"https:\/\/www.jazzzeitung.de\/cms\/wp-json\/wp\/v2\/media?parent=18903"}],"wp:term":[{"taxonomy":"category","embeddable":true,"href":"https:\/\/www.jazzzeitung.de\/cms\/wp-json\/wp\/v2\/categories?post=18903"},{"taxonomy":"post_tag","embeddable":true,"href":"https:\/\/www.jazzzeitung.de\/cms\/wp-json\/wp\/v2\/tags?post=18903"},{"taxonomy":"author","embeddable":true,"href":"https:\/\/www.jazzzeitung.de\/cms\/wp-json\/wp\/v2\/coauthors?post=18903"}],"curies":[{"name":"wp","href":"https:\/\/api.w.org\/{rel}","templated":true}]}}