{"id":18828,"date":"2019-03-06T10:19:01","date_gmt":"2019-03-06T09:19:01","guid":{"rendered":"https:\/\/www.jazzzeitung.de\/cms\/?p=18828"},"modified":"2019-03-06T10:19:01","modified_gmt":"2019-03-06T09:19:01","slug":"45-foerderrunde-der-initiative-musik-eine-million-euro-fuer-78-musikprojekte","status":"publish","type":"post","link":"https:\/\/www.jazzzeitung.de\/cms\/2019\/03\/45-foerderrunde-der-initiative-musik-eine-million-euro-fuer-78-musikprojekte\/","title":{"rendered":"45. F\u00f6rderrunde der Initiative Musik &#8211; eine Million Euro f\u00fcr 78 Musikprojekte"},"content":{"rendered":"<figure id=\"attachment_18830\" aria-describedby=\"caption-attachment-18830\" style=\"width: 178px\" class=\"wp-caption alignleft\"><a href=\"https:\/\/i0.wp.com\/www.jazzzeitung.de\/cms\/wp-content\/uploads\/2019\/03\/Ark-Noir.jpeg?ssl=1\"><img data-recalc-dims=\"1\" loading=\"lazy\" decoding=\"async\" data-attachment-id=\"18830\" data-permalink=\"https:\/\/www.jazzzeitung.de\/cms\/2019\/03\/45-foerderrunde-der-initiative-musik-eine-million-euro-fuer-78-musikprojekte\/ark-noir\/\" data-orig-file=\"https:\/\/i0.wp.com\/www.jazzzeitung.de\/cms\/wp-content\/uploads\/2019\/03\/Ark-Noir.jpeg?fit=178%2C178&amp;ssl=1\" data-orig-size=\"178,178\" data-comments-opened=\"1\" data-image-meta=\"{&quot;aperture&quot;:&quot;0&quot;,&quot;credit&quot;:&quot;&quot;,&quot;camera&quot;:&quot;&quot;,&quot;caption&quot;:&quot;&quot;,&quot;created_timestamp&quot;:&quot;0&quot;,&quot;copyright&quot;:&quot;&quot;,&quot;focal_length&quot;:&quot;0&quot;,&quot;iso&quot;:&quot;0&quot;,&quot;shutter_speed&quot;:&quot;0&quot;,&quot;title&quot;:&quot;&quot;,&quot;orientation&quot;:&quot;0&quot;}\" data-image-title=\"Ark Noir\" data-image-description=\"\" data-image-caption=\"\" data-large-file=\"https:\/\/i0.wp.com\/www.jazzzeitung.de\/cms\/wp-content\/uploads\/2019\/03\/Ark-Noir.jpeg?fit=178%2C178&amp;ssl=1\" class=\"wp-image-18830 size-full\" src=\"https:\/\/i0.wp.com\/www.jazzzeitung.de\/cms\/wp-content\/uploads\/2019\/03\/Ark-Noir.jpeg?resize=178%2C178&#038;ssl=1\" alt=\"\" width=\"178\" height=\"178\" srcset=\"https:\/\/i0.wp.com\/www.jazzzeitung.de\/cms\/wp-content\/uploads\/2019\/03\/Ark-Noir.jpeg?w=178&amp;ssl=1 178w, https:\/\/i0.wp.com\/www.jazzzeitung.de\/cms\/wp-content\/uploads\/2019\/03\/Ark-Noir.jpeg?resize=150%2C150&amp;ssl=1 150w\" sizes=\"auto, (max-width: 178px) 100vw, 178px\" \/><\/a><figcaption id=\"caption-attachment-18830\" class=\"wp-caption-text\">Ark Noir aus M\u00fcnchen<\/figcaption><\/figure>\n<p>In der 45. Runde sagt die Initiative Musik F\u00f6rderung f\u00fcr 78 Projekte aus elf Bundesl\u00e4ndern zu. Finanzielle Unterst\u00fctzung erhalten 70 Musikerinnen und Musiker oder Bands und ihre Partnerunternehmen aus der Musikwirtschaft. Es werden acht Infrastrukturprojekte gef\u00f6rdert, darunter \u201edialog.pop&#8220;, die Fachkonferenz f\u00fcr Popmusikf\u00f6rdernde und Popmusikf\u00f6rdergebende am 29. und 30. April 2019 in der Bayerischen Musikakademie bei Regensburg. Auch die Projekte \u201eupStage!&#8220; in Bremen, \u201eN\u00fcrnberg Pop&#8220; und der \u201eRostocker Botschaft&#8220; erhielten eine Zusage. Das gemeinsame Ziel ist, die Rahmenbedingungen f\u00fcr Musikerinnen und Musiker sowie Musikunternehmen aus ihren Regionen zu verbessern.<\/p>\n<p>Die Auswahl der F\u00f6rderprojekte erfolgt durch eine zw\u00f6lfk\u00f6pfige Jury, in der zum Beispiel die Komponistin und Saxophonistin Silke Eberhard mitwirkt: \u201eEine echte Entdeckung ist f\u00fcr mich Ark Noir aus M\u00fcnchen. Die f\u00fcnf Musiker verbinden Jazz und elektronische Musik auf eine bisher nicht geh\u00f6rte Weise.&#8220;<\/p>\n<figure id=\"attachment_18834\" aria-describedby=\"caption-attachment-18834\" style=\"width: 178px\" class=\"wp-caption alignleft\"><a href=\"https:\/\/i0.wp.com\/www.jazzzeitung.de\/cms\/wp-content\/uploads\/2019\/03\/Sookee.jpeg?ssl=1\"><img data-recalc-dims=\"1\" loading=\"lazy\" decoding=\"async\" data-attachment-id=\"18834\" data-permalink=\"https:\/\/www.jazzzeitung.de\/cms\/2019\/03\/45-foerderrunde-der-initiative-musik-eine-million-euro-fuer-78-musikprojekte\/sookee\/\" data-orig-file=\"https:\/\/i0.wp.com\/www.jazzzeitung.de\/cms\/wp-content\/uploads\/2019\/03\/Sookee.jpeg?fit=178%2C178&amp;ssl=1\" data-orig-size=\"178,178\" data-comments-opened=\"1\" data-image-meta=\"{&quot;aperture&quot;:&quot;0&quot;,&quot;credit&quot;:&quot;&quot;,&quot;camera&quot;:&quot;&quot;,&quot;caption&quot;:&quot;&quot;,&quot;created_timestamp&quot;:&quot;0&quot;,&quot;copyright&quot;:&quot;&quot;,&quot;focal_length&quot;:&quot;0&quot;,&quot;iso&quot;:&quot;0&quot;,&quot;shutter_speed&quot;:&quot;0&quot;,&quot;title&quot;:&quot;&quot;,&quot;orientation&quot;:&quot;0&quot;}\" data-image-title=\"\" data-image-description=\"\" data-image-caption=\"&lt;p&gt;Sookee&lt;\/p&gt;\n\" data-large-file=\"https:\/\/i0.wp.com\/www.jazzzeitung.de\/cms\/wp-content\/uploads\/2019\/03\/Sookee.jpeg?fit=178%2C178&amp;ssl=1\" class=\"size-full wp-image-18834\" src=\"https:\/\/i0.wp.com\/www.jazzzeitung.de\/cms\/wp-content\/uploads\/2019\/03\/Sookee.jpeg?resize=178%2C178&#038;ssl=1\" alt=\"\" width=\"178\" height=\"178\" srcset=\"https:\/\/i0.wp.com\/www.jazzzeitung.de\/cms\/wp-content\/uploads\/2019\/03\/Sookee.jpeg?w=178&amp;ssl=1 178w, https:\/\/i0.wp.com\/www.jazzzeitung.de\/cms\/wp-content\/uploads\/2019\/03\/Sookee.jpeg?resize=150%2C150&amp;ssl=1 150w\" sizes=\"auto, (max-width: 178px) 100vw, 178px\" \/><\/a><figcaption id=\"caption-attachment-18834\" class=\"wp-caption-text\">Rapperin Sookee oder auch &#8222;Quing of Berlin&#8220;<\/figcaption><\/figure>\n<p>Auch Oliver von Felbert von Melting Pot Music erkl\u00e4rt: \u201eMit Sookee, Fiva, M\u00e4dness und D\u00f6ll f\u00f6rdern wir vier Independent-Rap K\u00fcnstlerinnen und K\u00fcnstler, mit eigenem Sound und eigenen Inhalten. &#8220; Der Labelmanager aus K\u00f6ln ist der Vorsitzender der Jury f\u00fcr die K\u00fcnstler- und Infrastrukturf\u00f6rderung der Initiative Musik.<\/p>\n<p>&nbsp;<\/p>\n<p>Die Initiative Musik unterst\u00fctzt seit 2008 professionelle K\u00fcnstlerinnen und K\u00fcnstler, sowohl beim Karriereaufbau in Deutschland als auch beim Markteintritt und der Etablierung im Ausland. Das F\u00f6rder- und Exportb\u00fcro hilft auch beim Ausbau bundesweit nachhaltiger Strukturen f\u00fcr Rock, Pop und Jazz. Mit ihren F\u00f6rderprogrammen hat die Initiative Musik seit 2008 bereits \u00fcber 3.200 Projekte von Rock bis Jazz unterst\u00fctzt \u2013 darunter zum Beispiel die mittlerweile popul\u00e4ren K\u00fcnstler wie Bosse, Mark Forster oder Johannes Oerding.<\/p>\n<figure id=\"attachment_18832\" aria-describedby=\"caption-attachment-18832\" style=\"width: 178px\" class=\"wp-caption alignleft\"><a href=\"https:\/\/i0.wp.com\/www.jazzzeitung.de\/cms\/wp-content\/uploads\/2019\/03\/Fiva.jpeg?ssl=1\"><img data-recalc-dims=\"1\" loading=\"lazy\" decoding=\"async\" data-attachment-id=\"18832\" data-permalink=\"https:\/\/www.jazzzeitung.de\/cms\/2019\/03\/45-foerderrunde-der-initiative-musik-eine-million-euro-fuer-78-musikprojekte\/fiva\/\" data-orig-file=\"https:\/\/i0.wp.com\/www.jazzzeitung.de\/cms\/wp-content\/uploads\/2019\/03\/Fiva.jpeg?fit=178%2C178&amp;ssl=1\" data-orig-size=\"178,178\" data-comments-opened=\"1\" data-image-meta=\"{&quot;aperture&quot;:&quot;0&quot;,&quot;credit&quot;:&quot;&quot;,&quot;camera&quot;:&quot;&quot;,&quot;caption&quot;:&quot;&quot;,&quot;created_timestamp&quot;:&quot;0&quot;,&quot;copyright&quot;:&quot;&quot;,&quot;focal_length&quot;:&quot;0&quot;,&quot;iso&quot;:&quot;0&quot;,&quot;shutter_speed&quot;:&quot;0&quot;,&quot;title&quot;:&quot;&quot;,&quot;orientation&quot;:&quot;0&quot;}\" data-image-title=\"\" data-image-description=\"\" data-image-caption=\"&lt;p&gt;Fiva&lt;\/p&gt;\n\" data-large-file=\"https:\/\/i0.wp.com\/www.jazzzeitung.de\/cms\/wp-content\/uploads\/2019\/03\/Fiva.jpeg?fit=178%2C178&amp;ssl=1\" class=\"size-full wp-image-18832\" src=\"https:\/\/i0.wp.com\/www.jazzzeitung.de\/cms\/wp-content\/uploads\/2019\/03\/Fiva.jpeg?resize=178%2C178&#038;ssl=1\" alt=\"\" width=\"178\" height=\"178\" srcset=\"https:\/\/i0.wp.com\/www.jazzzeitung.de\/cms\/wp-content\/uploads\/2019\/03\/Fiva.jpeg?w=178&amp;ssl=1 178w, https:\/\/i0.wp.com\/www.jazzzeitung.de\/cms\/wp-content\/uploads\/2019\/03\/Fiva.jpeg?resize=150%2C150&amp;ssl=1 150w\" sizes=\"auto, (max-width: 178px) 100vw, 178px\" \/><\/a><figcaption id=\"caption-attachment-18832\" class=\"wp-caption-text\">Rapperin Fiva aus M\u00fcnchen<\/figcaption><\/figure>\n<p>Die Projektmittel f\u00fcr die F\u00f6rderprogramme der Initiative Musik stellt die Beauftragte der Bundesregierung f\u00fcr Kultur und Medien zur Verf\u00fcgung. Die Initiative Musik wird getragen von der Gesellschaft zur Verwertung von Leistungsschutzrechten (GVL) und dem Deutschen Musikrat sowie finanziell unterst\u00fctzt von GVL und GEMA, die die Gesch\u00e4ftsstelle in Berlin erm\u00f6glichen.<\/p>\n<p>Der Abgabeschluss f\u00fcr Antr\u00e4ge zur 46. F\u00f6rderrunde ist der 30. April 2019<\/p>\n<p>&nbsp;<\/p>\n<p>&nbsp;<\/p>\n<p>Beitragsfoto; die Jury v.l.n.r. Elke Kuhlen &#8211; c\/o pop;\u00a0Anne Haffmans &#8211; Domino Rec \/ Preis f\u00fcr Popkultur;\u00a0Oliver von Felbert &#8211; Melting Pot Music;\u00a0Mark Chung &#8211; Freibank \/ VUT;\u00a0Stefanie Marcus &#8211; Traumton Rec.;\u00a0Mike P. Heisel &#8211; Musikmanager;\u00a0Silke Eberhard &#8211; Musikerin;\u00a0Ueli H\u00e4fliger &#8211; Flux.FM<\/p>\n<p><strong>Nicht im Bild:\u00a0<\/strong>Dr. Ralf Weigand,\u00a0Gudrun Gut,\u00a0Michelle Leonard,\u00a0Florian Brauch<\/p>\n<p>Foto: Christoph Petras\/Initiative Musik<\/p>\n<p>&nbsp;<\/p>\n","protected":false},"excerpt":{"rendered":"<p>In der 45. Runde sagt die Initiative Musik F\u00f6rderung f\u00fcr 78 Projekte aus elf Bundesl\u00e4ndern zu. Finanzielle Unterst\u00fctzung erhalten 70 Musikerinnen und Musiker oder Bands und ihre Partnerunternehmen aus der Musikwirtschaft. Es werden acht Infrastrukturprojekte gef\u00f6rdert, darunter \u201edialog.pop&#8220;, die Fachkonferenz f\u00fcr Popmusikf\u00f6rdernde und Popmusikf\u00f6rdergebende am 29. und 30. April 2019 in der Bayerischen Musikakademie bei Regensburg. Auch die Projekte \u201eupStage!&#8220; in Bremen, \u201eN\u00fcrnberg Pop&#8220; und der \u201eRostocker Botschaft&#8220; erhielten eine Zusage. Das gemeinsame Ziel ist, die Rahmenbedingungen f\u00fcr Musikerinnen und Musiker sowie Musikunternehmen aus ihren Regionen zu verbessern. Die Auswahl der F\u00f6rderprojekte erfolgt durch eine zw\u00f6lfk\u00f6pfige Jury, in der zum Beispiel die Komponistin und Saxophonistin Silke Eberhard mitwirkt: \u201eEine echte Entdeckung ist f\u00fcr mich Ark Noir aus M\u00fcnchen. Die f\u00fcnf Musiker verbinden Jazz und elektronische Musik auf eine bisher nicht geh\u00f6rte Weise.&#8220; Auch Oliver von Felbert von Melting Pot Music erkl\u00e4rt: \u201eMit Sookee, Fiva, M\u00e4dness und D\u00f6ll f\u00f6rdern wir vier Independent-Rap K\u00fcnstlerinnen und K\u00fcnstler, mit eigenem Sound und eigenen Inhalten. &#8220; Der Labelmanager aus K\u00f6ln ist der Vorsitzender der Jury f\u00fcr die K\u00fcnstler- und Infrastrukturf\u00f6rderung der Initiative Musik. &nbsp; Die Initiative Musik unterst\u00fctzt seit 2008 &hellip;<\/p>\n","protected":false},"author":18,"featured_media":18865,"comment_status":"open","ping_status":"closed","sticky":false,"template":"","format":"standard","meta":{"_jetpack_memberships_contains_paid_content":false,"footnotes":"","jetpack_publicize_message":"","jetpack_publicize_feature_enabled":true,"jetpack_social_post_already_shared":false,"jetpack_social_options":{"image_generator_settings":{"template":"highway","default_image_id":0,"font":"","enabled":false},"version":2}},"categories":[633],"tags":[2019,66,95,103,137,194,200,241,1876,852,327,401,423,447,1502,1797,1250,1682,961],"coauthors":[695],"class_list":["post-18828","post","type-post","status-publish","format-standard","has-post-thumbnail","hentry","category-nachrichten","tag-2019","tag-berlin","tag-bremen","tag-bundesregierung","tag-deutschland","tag-gema","tag-gesellschaft","tag-initiative-musik","tag-jazz","tag-koeln","tag-kultur","tag-muenchen","tag-nuernberg","tag-pop","tag-preis","tag-regensburg","tag-rock","tag-silke-eberhard","tag-traumton"],"yoast_head":"<!-- This site is optimized with the Yoast SEO plugin v27.5 - https:\/\/yoast.com\/product\/yoast-seo-wordpress\/ -->\n<title>45. F\u00f6rderrunde der Initiative Musik - eine Million Euro f\u00fcr 78 Musikprojekte - JazzZeitung<\/title>\n<meta name=\"robots\" content=\"index, follow, max-snippet:-1, max-image-preview:large, max-video-preview:-1\" \/>\n<link rel=\"canonical\" href=\"https:\/\/www.jazzzeitung.de\/cms\/2019\/03\/45-foerderrunde-der-initiative-musik-eine-million-euro-fuer-78-musikprojekte\/\" \/>\n<meta property=\"og:locale\" content=\"de_DE\" \/>\n<meta property=\"og:type\" content=\"article\" \/>\n<meta property=\"og:title\" content=\"45. F\u00f6rderrunde der Initiative Musik - eine Million Euro f\u00fcr 78 Musikprojekte - JazzZeitung\" \/>\n<meta property=\"og:description\" content=\"In der 45. Runde sagt die Initiative Musik F\u00f6rderung f\u00fcr 78 Projekte aus elf Bundesl\u00e4ndern zu. Finanzielle Unterst\u00fctzung erhalten 70 Musikerinnen und Musiker oder Bands und ihre Partnerunternehmen aus der Musikwirtschaft. Es werden acht Infrastrukturprojekte gef\u00f6rdert, darunter \u201edialog.pop&#8220;, die Fachkonferenz f\u00fcr Popmusikf\u00f6rdernde und Popmusikf\u00f6rdergebende am 29. und 30. April 2019 in der Bayerischen Musikakademie bei Regensburg. Auch die Projekte \u201eupStage!&#8220; in Bremen, \u201eN\u00fcrnberg Pop&#8220; und der \u201eRostocker Botschaft&#8220; erhielten eine Zusage. Das gemeinsame Ziel ist, die Rahmenbedingungen f\u00fcr Musikerinnen und Musiker sowie Musikunternehmen aus ihren Regionen zu verbessern. Die Auswahl der F\u00f6rderprojekte erfolgt durch eine zw\u00f6lfk\u00f6pfige Jury, in der zum Beispiel die Komponistin und Saxophonistin Silke Eberhard mitwirkt: \u201eEine echte Entdeckung ist f\u00fcr mich Ark Noir aus M\u00fcnchen. Die f\u00fcnf Musiker verbinden Jazz und elektronische Musik auf eine bisher nicht geh\u00f6rte Weise.&#8220; Auch Oliver von Felbert von Melting Pot Music erkl\u00e4rt: \u201eMit Sookee, Fiva, M\u00e4dness und D\u00f6ll f\u00f6rdern wir vier Independent-Rap K\u00fcnstlerinnen und K\u00fcnstler, mit eigenem Sound und eigenen Inhalten. &#8220; Der Labelmanager aus K\u00f6ln ist der Vorsitzender der Jury f\u00fcr die K\u00fcnstler- und Infrastrukturf\u00f6rderung der Initiative Musik. &nbsp; Die Initiative Musik unterst\u00fctzt seit 2008 &hellip;\" \/>\n<meta property=\"og:url\" content=\"https:\/\/www.jazzzeitung.de\/cms\/2019\/03\/45-foerderrunde-der-initiative-musik-eine-million-euro-fuer-78-musikprojekte\/\" \/>\n<meta property=\"og:site_name\" content=\"JazzZeitung\" \/>\n<meta property=\"article:publisher\" content=\"https:\/\/www.facebook.com\/JazzZeitung\/\" \/>\n<meta property=\"article:published_time\" content=\"2019-03-06T09:19:01+00:00\" \/>\n<meta property=\"og:image\" content=\"https:\/\/i0.wp.com\/www.jazzzeitung.de\/cms\/wp-content\/uploads\/2019\/03\/IM-Jury_IniMu.jpg?fit=1527%2C1019&ssl=1\" \/>\n\t<meta property=\"og:image:width\" content=\"1527\" \/>\n\t<meta property=\"og:image:height\" content=\"1019\" \/>\n\t<meta property=\"og:image:type\" content=\"image\/jpeg\" \/>\n<meta name=\"author\" content=\"Redaktion JazzZeitung\" \/>\n<script type=\"application\/ld+json\" class=\"yoast-schema-graph\">{\"@context\":\"https:\\\/\\\/schema.org\",\"@graph\":[{\"@type\":\"Article\",\"@id\":\"https:\\\/\\\/www.jazzzeitung.de\\\/cms\\\/2019\\\/03\\\/45-foerderrunde-der-initiative-musik-eine-million-euro-fuer-78-musikprojekte\\\/#article\",\"isPartOf\":{\"@id\":\"https:\\\/\\\/www.jazzzeitung.de\\\/cms\\\/2019\\\/03\\\/45-foerderrunde-der-initiative-musik-eine-million-euro-fuer-78-musikprojekte\\\/\"},\"author\":{\"name\":\"Redaktion JazzZeitung\",\"@id\":\"https:\\\/\\\/www.jazzzeitung.de\\\/cms\\\/#\\\/schema\\\/person\\\/2245b36b9cd1d24cea10f01c031fb92b\"},\"headline\":\"45. F\u00f6rderrunde der Initiative Musik &#8211; eine Million Euro f\u00fcr 78 Musikprojekte\",\"datePublished\":\"2019-03-06T09:19:01+00:00\",\"mainEntityOfPage\":{\"@id\":\"https:\\\/\\\/www.jazzzeitung.de\\\/cms\\\/2019\\\/03\\\/45-foerderrunde-der-initiative-musik-eine-million-euro-fuer-78-musikprojekte\\\/\"},\"wordCount\":471,\"commentCount\":0,\"publisher\":{\"@id\":\"https:\\\/\\\/www.jazzzeitung.de\\\/cms\\\/#organization\"},\"image\":{\"@id\":\"https:\\\/\\\/www.jazzzeitung.de\\\/cms\\\/2019\\\/03\\\/45-foerderrunde-der-initiative-musik-eine-million-euro-fuer-78-musikprojekte\\\/#primaryimage\"},\"thumbnailUrl\":\"https:\\\/\\\/i0.wp.com\\\/www.jazzzeitung.de\\\/cms\\\/wp-content\\\/uploads\\\/2019\\\/03\\\/IM-Jury_IniMu.jpg?fit=1527%2C1019&ssl=1\",\"keywords\":[\"2019\",\"Berlin\",\"Bremen\",\"Bundesregierung\",\"Deutschland\",\"GEMA\",\"Gesellschaft\",\"Initiative Musik\",\"Jazz\",\"K\u00f6ln\",\"Kultur\",\"M\u00fcnchen\",\"N\u00fcrnberg\",\"Pop\",\"Preis\",\"Regensburg\",\"Rock\",\"Silke Eberhard\",\"Traumton\"],\"articleSection\":[\"News\"],\"inLanguage\":\"de\",\"potentialAction\":[{\"@type\":\"CommentAction\",\"name\":\"Comment\",\"target\":[\"https:\\\/\\\/www.jazzzeitung.de\\\/cms\\\/2019\\\/03\\\/45-foerderrunde-der-initiative-musik-eine-million-euro-fuer-78-musikprojekte\\\/#respond\"]}]},{\"@type\":\"WebPage\",\"@id\":\"https:\\\/\\\/www.jazzzeitung.de\\\/cms\\\/2019\\\/03\\\/45-foerderrunde-der-initiative-musik-eine-million-euro-fuer-78-musikprojekte\\\/\",\"url\":\"https:\\\/\\\/www.jazzzeitung.de\\\/cms\\\/2019\\\/03\\\/45-foerderrunde-der-initiative-musik-eine-million-euro-fuer-78-musikprojekte\\\/\",\"name\":\"45. F\u00f6rderrunde der Initiative Musik - eine Million Euro f\u00fcr 78 Musikprojekte - JazzZeitung\",\"isPartOf\":{\"@id\":\"https:\\\/\\\/www.jazzzeitung.de\\\/cms\\\/#website\"},\"primaryImageOfPage\":{\"@id\":\"https:\\\/\\\/www.jazzzeitung.de\\\/cms\\\/2019\\\/03\\\/45-foerderrunde-der-initiative-musik-eine-million-euro-fuer-78-musikprojekte\\\/#primaryimage\"},\"image\":{\"@id\":\"https:\\\/\\\/www.jazzzeitung.de\\\/cms\\\/2019\\\/03\\\/45-foerderrunde-der-initiative-musik-eine-million-euro-fuer-78-musikprojekte\\\/#primaryimage\"},\"thumbnailUrl\":\"https:\\\/\\\/i0.wp.com\\\/www.jazzzeitung.de\\\/cms\\\/wp-content\\\/uploads\\\/2019\\\/03\\\/IM-Jury_IniMu.jpg?fit=1527%2C1019&ssl=1\",\"datePublished\":\"2019-03-06T09:19:01+00:00\",\"breadcrumb\":{\"@id\":\"https:\\\/\\\/www.jazzzeitung.de\\\/cms\\\/2019\\\/03\\\/45-foerderrunde-der-initiative-musik-eine-million-euro-fuer-78-musikprojekte\\\/#breadcrumb\"},\"inLanguage\":\"de\",\"potentialAction\":[{\"@type\":\"ReadAction\",\"target\":[\"https:\\\/\\\/www.jazzzeitung.de\\\/cms\\\/2019\\\/03\\\/45-foerderrunde-der-initiative-musik-eine-million-euro-fuer-78-musikprojekte\\\/\"]}]},{\"@type\":\"ImageObject\",\"inLanguage\":\"de\",\"@id\":\"https:\\\/\\\/www.jazzzeitung.de\\\/cms\\\/2019\\\/03\\\/45-foerderrunde-der-initiative-musik-eine-million-euro-fuer-78-musikprojekte\\\/#primaryimage\",\"url\":\"https:\\\/\\\/i0.wp.com\\\/www.jazzzeitung.de\\\/cms\\\/wp-content\\\/uploads\\\/2019\\\/03\\\/IM-Jury_IniMu.jpg?fit=1527%2C1019&ssl=1\",\"contentUrl\":\"https:\\\/\\\/i0.wp.com\\\/www.jazzzeitung.de\\\/cms\\\/wp-content\\\/uploads\\\/2019\\\/03\\\/IM-Jury_IniMu.jpg?fit=1527%2C1019&ssl=1\",\"width\":1527,\"height\":1019},{\"@type\":\"BreadcrumbList\",\"@id\":\"https:\\\/\\\/www.jazzzeitung.de\\\/cms\\\/2019\\\/03\\\/45-foerderrunde-der-initiative-musik-eine-million-euro-fuer-78-musikprojekte\\\/#breadcrumb\",\"itemListElement\":[{\"@type\":\"ListItem\",\"position\":1,\"name\":\"Startseite\",\"item\":\"https:\\\/\\\/www.jazzzeitung.de\\\/cms\\\/\"},{\"@type\":\"ListItem\",\"position\":2,\"name\":\"45. F\u00f6rderrunde der Initiative Musik &#8211; eine Million Euro f\u00fcr 78 Musikprojekte\"}]},{\"@type\":\"WebSite\",\"@id\":\"https:\\\/\\\/www.jazzzeitung.de\\\/cms\\\/#website\",\"url\":\"https:\\\/\\\/www.jazzzeitung.de\\\/cms\\\/\",\"name\":\"JazzZeitung\",\"description\":\"Jazz-News und Jazz-Kontroverses\",\"publisher\":{\"@id\":\"https:\\\/\\\/www.jazzzeitung.de\\\/cms\\\/#organization\"},\"potentialAction\":[{\"@type\":\"SearchAction\",\"target\":{\"@type\":\"EntryPoint\",\"urlTemplate\":\"https:\\\/\\\/www.jazzzeitung.de\\\/cms\\\/?s={search_term_string}\"},\"query-input\":{\"@type\":\"PropertyValueSpecification\",\"valueRequired\":true,\"valueName\":\"search_term_string\"}}],\"inLanguage\":\"de\"},{\"@type\":\"Organization\",\"@id\":\"https:\\\/\\\/www.jazzzeitung.de\\\/cms\\\/#organization\",\"name\":\"JazzZeitung online\",\"url\":\"https:\\\/\\\/www.jazzzeitung.de\\\/cms\\\/\",\"logo\":{\"@type\":\"ImageObject\",\"inLanguage\":\"de\",\"@id\":\"https:\\\/\\\/www.jazzzeitung.de\\\/cms\\\/#\\\/schema\\\/logo\\\/image\\\/\",\"url\":\"https:\\\/\\\/i0.wp.com\\\/www.jazzzeitung.de\\\/cms\\\/wp-content\\\/uploads\\\/2015\\\/08\\\/JAZZZEITUNGDE_Logo_Neu.png?fit=499%2C200&ssl=1\",\"contentUrl\":\"https:\\\/\\\/i0.wp.com\\\/www.jazzzeitung.de\\\/cms\\\/wp-content\\\/uploads\\\/2015\\\/08\\\/JAZZZEITUNGDE_Logo_Neu.png?fit=499%2C200&ssl=1\",\"width\":499,\"height\":200,\"caption\":\"JazzZeitung online\"},\"image\":{\"@id\":\"https:\\\/\\\/www.jazzzeitung.de\\\/cms\\\/#\\\/schema\\\/logo\\\/image\\\/\"},\"sameAs\":[\"https:\\\/\\\/www.facebook.com\\\/JazzZeitung\\\/\"]},{\"@type\":\"Person\",\"@id\":\"https:\\\/\\\/www.jazzzeitung.de\\\/cms\\\/#\\\/schema\\\/person\\\/2245b36b9cd1d24cea10f01c031fb92b\",\"name\":\"Redaktion JazzZeitung\",\"image\":{\"@type\":\"ImageObject\",\"inLanguage\":\"de\",\"@id\":\"https:\\\/\\\/i0.wp.com\\\/www.jazzzeitung.de\\\/cms\\\/wp-content\\\/uploads\\\/2015\\\/08\\\/JAZZZEITUNGDE_Logo_Neu.png?resize=96%2C96&ssl=159975dcacb611b5700bd619b5daf0a7a\",\"url\":\"https:\\\/\\\/i0.wp.com\\\/www.jazzzeitung.de\\\/cms\\\/wp-content\\\/uploads\\\/2015\\\/08\\\/JAZZZEITUNGDE_Logo_Neu.png?resize=96%2C96&ssl=1\",\"contentUrl\":\"https:\\\/\\\/i0.wp.com\\\/www.jazzzeitung.de\\\/cms\\\/wp-content\\\/uploads\\\/2015\\\/08\\\/JAZZZEITUNGDE_Logo_Neu.png?resize=96%2C96&ssl=1\",\"caption\":\"Redaktion JazzZeitung\"},\"description\":\"Artikel der Redaktion der JazzZeitung.\",\"sameAs\":[\"http:\\\/\\\/www.jazzzeitung.de\\\/cms\\\/\"],\"url\":\"https:\\\/\\\/www.jazzzeitung.de\\\/cms\\\/author\\\/redaktion\\\/\"}]}<\/script>\n<!-- \/ Yoast SEO plugin. -->","yoast_head_json":{"title":"45. F\u00f6rderrunde der Initiative Musik - eine Million Euro f\u00fcr 78 Musikprojekte - JazzZeitung","robots":{"index":"index","follow":"follow","max-snippet":"max-snippet:-1","max-image-preview":"max-image-preview:large","max-video-preview":"max-video-preview:-1"},"canonical":"https:\/\/www.jazzzeitung.de\/cms\/2019\/03\/45-foerderrunde-der-initiative-musik-eine-million-euro-fuer-78-musikprojekte\/","og_locale":"de_DE","og_type":"article","og_title":"45. F\u00f6rderrunde der Initiative Musik - eine Million Euro f\u00fcr 78 Musikprojekte - JazzZeitung","og_description":"In der 45. Runde sagt die Initiative Musik F\u00f6rderung f\u00fcr 78 Projekte aus elf Bundesl\u00e4ndern zu. Finanzielle Unterst\u00fctzung erhalten 70 Musikerinnen und Musiker oder Bands und ihre Partnerunternehmen aus der Musikwirtschaft. Es werden acht Infrastrukturprojekte gef\u00f6rdert, darunter \u201edialog.pop&#8220;, die Fachkonferenz f\u00fcr Popmusikf\u00f6rdernde und Popmusikf\u00f6rdergebende am 29. und 30. April 2019 in der Bayerischen Musikakademie bei Regensburg. Auch die Projekte \u201eupStage!&#8220; in Bremen, \u201eN\u00fcrnberg Pop&#8220; und der \u201eRostocker Botschaft&#8220; erhielten eine Zusage. Das gemeinsame Ziel ist, die Rahmenbedingungen f\u00fcr Musikerinnen und Musiker sowie Musikunternehmen aus ihren Regionen zu verbessern. Die Auswahl der F\u00f6rderprojekte erfolgt durch eine zw\u00f6lfk\u00f6pfige Jury, in der zum Beispiel die Komponistin und Saxophonistin Silke Eberhard mitwirkt: \u201eEine echte Entdeckung ist f\u00fcr mich Ark Noir aus M\u00fcnchen. Die f\u00fcnf Musiker verbinden Jazz und elektronische Musik auf eine bisher nicht geh\u00f6rte Weise.&#8220; Auch Oliver von Felbert von Melting Pot Music erkl\u00e4rt: \u201eMit Sookee, Fiva, M\u00e4dness und D\u00f6ll f\u00f6rdern wir vier Independent-Rap K\u00fcnstlerinnen und K\u00fcnstler, mit eigenem Sound und eigenen Inhalten. &#8220; Der Labelmanager aus K\u00f6ln ist der Vorsitzender der Jury f\u00fcr die K\u00fcnstler- und Infrastrukturf\u00f6rderung der Initiative Musik. &nbsp; Die Initiative Musik unterst\u00fctzt seit 2008 &hellip;","og_url":"https:\/\/www.jazzzeitung.de\/cms\/2019\/03\/45-foerderrunde-der-initiative-musik-eine-million-euro-fuer-78-musikprojekte\/","og_site_name":"JazzZeitung","article_publisher":"https:\/\/www.facebook.com\/JazzZeitung\/","article_published_time":"2019-03-06T09:19:01+00:00","og_image":[{"width":1527,"height":1019,"url":"https:\/\/i0.wp.com\/www.jazzzeitung.de\/cms\/wp-content\/uploads\/2019\/03\/IM-Jury_IniMu.jpg?fit=1527%2C1019&ssl=1","type":"image\/jpeg"}],"author":"Redaktion JazzZeitung","schema":{"@context":"https:\/\/schema.org","@graph":[{"@type":"Article","@id":"https:\/\/www.jazzzeitung.de\/cms\/2019\/03\/45-foerderrunde-der-initiative-musik-eine-million-euro-fuer-78-musikprojekte\/#article","isPartOf":{"@id":"https:\/\/www.jazzzeitung.de\/cms\/2019\/03\/45-foerderrunde-der-initiative-musik-eine-million-euro-fuer-78-musikprojekte\/"},"author":{"name":"Redaktion JazzZeitung","@id":"https:\/\/www.jazzzeitung.de\/cms\/#\/schema\/person\/2245b36b9cd1d24cea10f01c031fb92b"},"headline":"45. F\u00f6rderrunde der Initiative Musik &#8211; eine Million Euro f\u00fcr 78 Musikprojekte","datePublished":"2019-03-06T09:19:01+00:00","mainEntityOfPage":{"@id":"https:\/\/www.jazzzeitung.de\/cms\/2019\/03\/45-foerderrunde-der-initiative-musik-eine-million-euro-fuer-78-musikprojekte\/"},"wordCount":471,"commentCount":0,"publisher":{"@id":"https:\/\/www.jazzzeitung.de\/cms\/#organization"},"image":{"@id":"https:\/\/www.jazzzeitung.de\/cms\/2019\/03\/45-foerderrunde-der-initiative-musik-eine-million-euro-fuer-78-musikprojekte\/#primaryimage"},"thumbnailUrl":"https:\/\/i0.wp.com\/www.jazzzeitung.de\/cms\/wp-content\/uploads\/2019\/03\/IM-Jury_IniMu.jpg?fit=1527%2C1019&ssl=1","keywords":["2019","Berlin","Bremen","Bundesregierung","Deutschland","GEMA","Gesellschaft","Initiative Musik","Jazz","K\u00f6ln","Kultur","M\u00fcnchen","N\u00fcrnberg","Pop","Preis","Regensburg","Rock","Silke Eberhard","Traumton"],"articleSection":["News"],"inLanguage":"de","potentialAction":[{"@type":"CommentAction","name":"Comment","target":["https:\/\/www.jazzzeitung.de\/cms\/2019\/03\/45-foerderrunde-der-initiative-musik-eine-million-euro-fuer-78-musikprojekte\/#respond"]}]},{"@type":"WebPage","@id":"https:\/\/www.jazzzeitung.de\/cms\/2019\/03\/45-foerderrunde-der-initiative-musik-eine-million-euro-fuer-78-musikprojekte\/","url":"https:\/\/www.jazzzeitung.de\/cms\/2019\/03\/45-foerderrunde-der-initiative-musik-eine-million-euro-fuer-78-musikprojekte\/","name":"45. F\u00f6rderrunde der Initiative Musik - eine Million Euro f\u00fcr 78 Musikprojekte - JazzZeitung","isPartOf":{"@id":"https:\/\/www.jazzzeitung.de\/cms\/#website"},"primaryImageOfPage":{"@id":"https:\/\/www.jazzzeitung.de\/cms\/2019\/03\/45-foerderrunde-der-initiative-musik-eine-million-euro-fuer-78-musikprojekte\/#primaryimage"},"image":{"@id":"https:\/\/www.jazzzeitung.de\/cms\/2019\/03\/45-foerderrunde-der-initiative-musik-eine-million-euro-fuer-78-musikprojekte\/#primaryimage"},"thumbnailUrl":"https:\/\/i0.wp.com\/www.jazzzeitung.de\/cms\/wp-content\/uploads\/2019\/03\/IM-Jury_IniMu.jpg?fit=1527%2C1019&ssl=1","datePublished":"2019-03-06T09:19:01+00:00","breadcrumb":{"@id":"https:\/\/www.jazzzeitung.de\/cms\/2019\/03\/45-foerderrunde-der-initiative-musik-eine-million-euro-fuer-78-musikprojekte\/#breadcrumb"},"inLanguage":"de","potentialAction":[{"@type":"ReadAction","target":["https:\/\/www.jazzzeitung.de\/cms\/2019\/03\/45-foerderrunde-der-initiative-musik-eine-million-euro-fuer-78-musikprojekte\/"]}]},{"@type":"ImageObject","inLanguage":"de","@id":"https:\/\/www.jazzzeitung.de\/cms\/2019\/03\/45-foerderrunde-der-initiative-musik-eine-million-euro-fuer-78-musikprojekte\/#primaryimage","url":"https:\/\/i0.wp.com\/www.jazzzeitung.de\/cms\/wp-content\/uploads\/2019\/03\/IM-Jury_IniMu.jpg?fit=1527%2C1019&ssl=1","contentUrl":"https:\/\/i0.wp.com\/www.jazzzeitung.de\/cms\/wp-content\/uploads\/2019\/03\/IM-Jury_IniMu.jpg?fit=1527%2C1019&ssl=1","width":1527,"height":1019},{"@type":"BreadcrumbList","@id":"https:\/\/www.jazzzeitung.de\/cms\/2019\/03\/45-foerderrunde-der-initiative-musik-eine-million-euro-fuer-78-musikprojekte\/#breadcrumb","itemListElement":[{"@type":"ListItem","position":1,"name":"Startseite","item":"https:\/\/www.jazzzeitung.de\/cms\/"},{"@type":"ListItem","position":2,"name":"45. F\u00f6rderrunde der Initiative Musik &#8211; eine Million Euro f\u00fcr 78 Musikprojekte"}]},{"@type":"WebSite","@id":"https:\/\/www.jazzzeitung.de\/cms\/#website","url":"https:\/\/www.jazzzeitung.de\/cms\/","name":"JazzZeitung","description":"Jazz-News und Jazz-Kontroverses","publisher":{"@id":"https:\/\/www.jazzzeitung.de\/cms\/#organization"},"potentialAction":[{"@type":"SearchAction","target":{"@type":"EntryPoint","urlTemplate":"https:\/\/www.jazzzeitung.de\/cms\/?s={search_term_string}"},"query-input":{"@type":"PropertyValueSpecification","valueRequired":true,"valueName":"search_term_string"}}],"inLanguage":"de"},{"@type":"Organization","@id":"https:\/\/www.jazzzeitung.de\/cms\/#organization","name":"JazzZeitung online","url":"https:\/\/www.jazzzeitung.de\/cms\/","logo":{"@type":"ImageObject","inLanguage":"de","@id":"https:\/\/www.jazzzeitung.de\/cms\/#\/schema\/logo\/image\/","url":"https:\/\/i0.wp.com\/www.jazzzeitung.de\/cms\/wp-content\/uploads\/2015\/08\/JAZZZEITUNGDE_Logo_Neu.png?fit=499%2C200&ssl=1","contentUrl":"https:\/\/i0.wp.com\/www.jazzzeitung.de\/cms\/wp-content\/uploads\/2015\/08\/JAZZZEITUNGDE_Logo_Neu.png?fit=499%2C200&ssl=1","width":499,"height":200,"caption":"JazzZeitung online"},"image":{"@id":"https:\/\/www.jazzzeitung.de\/cms\/#\/schema\/logo\/image\/"},"sameAs":["https:\/\/www.facebook.com\/JazzZeitung\/"]},{"@type":"Person","@id":"https:\/\/www.jazzzeitung.de\/cms\/#\/schema\/person\/2245b36b9cd1d24cea10f01c031fb92b","name":"Redaktion JazzZeitung","image":{"@type":"ImageObject","inLanguage":"de","@id":"https:\/\/i0.wp.com\/www.jazzzeitung.de\/cms\/wp-content\/uploads\/2015\/08\/JAZZZEITUNGDE_Logo_Neu.png?resize=96%2C96&ssl=159975dcacb611b5700bd619b5daf0a7a","url":"https:\/\/i0.wp.com\/www.jazzzeitung.de\/cms\/wp-content\/uploads\/2015\/08\/JAZZZEITUNGDE_Logo_Neu.png?resize=96%2C96&ssl=1","contentUrl":"https:\/\/i0.wp.com\/www.jazzzeitung.de\/cms\/wp-content\/uploads\/2015\/08\/JAZZZEITUNGDE_Logo_Neu.png?resize=96%2C96&ssl=1","caption":"Redaktion JazzZeitung"},"description":"Artikel der Redaktion der JazzZeitung.","sameAs":["http:\/\/www.jazzzeitung.de\/cms\/"],"url":"https:\/\/www.jazzzeitung.de\/cms\/author\/redaktion\/"}]}},"wp-worthy-pixel":{"ignored":false,"public":null,"server":null,"url":null},"wp-worthy-type":"normal","jetpack_publicize_connections":[],"cc_featured_image_caption":{"caption_text":"","source_text":"","source_url":""},"jetpack_featured_media_url":"https:\/\/i0.wp.com\/www.jazzzeitung.de\/cms\/wp-content\/uploads\/2019\/03\/IM-Jury_IniMu.jpg?fit=1527%2C1019&ssl=1","jetpack_shortlink":"https:\/\/wp.me\/p3KEcT-4TG","jetpack-related-posts":[{"id":6071,"url":"https:\/\/www.jazzzeitung.de\/cms\/2015\/05\/lag-jazzpreis-2015-das-konstantin-herleinsberger-4tet-im-herbst-auf-bayerntour\/","url_meta":{"origin":18828,"position":0},"title":"LAG-Jazzpreis 2015: Das \u201eKonstantin Herleinsberger 4tet\u201c im Herbst auf Bayerntour","author":"Redaktion JazzZeitung","date":"6. Mai 2015","format":false,"excerpt":"Mit einer Fotogalerie von Ralf Dombrowski - Im Herbst wird das Quartett des jungen N\u00fcrnberger Saxophonisten Konstantin Herleinsberger den LAG-Jazzpreis einl\u00f6sen, den es am 28.4. beim Hansj\u00fcrg Hensler Wettbewerb im Rahmen des Kemptener Jazz-Fr\u00fchlings gewonnen hat. Der Preis ist eine Tournee durch bayerische Jazzclubs, die von der Landesarbeitsgemeinschaft (LAG) Jazz\u2026","rel":"","context":"In &quot;Bericht&quot;","block_context":{"text":"Bericht","link":"https:\/\/www.jazzzeitung.de\/cms\/thema\/bericht\/"},"img":{"alt_text":"","src":"https:\/\/i0.wp.com\/www.jazzzeitung.de\/cms\/wp-content\/uploads\/2015\/05\/0K3A3551-Jury-dombr.jpg?resize=350%2C200","width":350,"height":200,"srcset":"https:\/\/i0.wp.com\/www.jazzzeitung.de\/cms\/wp-content\/uploads\/2015\/05\/0K3A3551-Jury-dombr.jpg?resize=350%2C200 1x, https:\/\/i0.wp.com\/www.jazzzeitung.de\/cms\/wp-content\/uploads\/2015\/05\/0K3A3551-Jury-dombr.jpg?resize=525%2C300 1.5x, https:\/\/i0.wp.com\/www.jazzzeitung.de\/cms\/wp-content\/uploads\/2015\/05\/0K3A3551-Jury-dombr.jpg?resize=700%2C400 2x, https:\/\/i0.wp.com\/www.jazzzeitung.de\/cms\/wp-content\/uploads\/2015\/05\/0K3A3551-Jury-dombr.jpg?resize=1050%2C600 3x"},"classes":[]},{"id":13763,"url":"https:\/\/www.jazzzeitung.de\/cms\/2017\/10\/popmusikfoerderung-initiative-musik-bewilligt-51-projekte-von-pop-bis-jazz\/","url_meta":{"origin":18828,"position":1},"title":"\u201eInitiative Musik\u201c bewilligt F\u00f6rderung f\u00fcr 51 Projekte von Pop bis Jazz","author":"Huflaikhan","date":"12. Oktober 2017","format":false,"excerpt":"Da hat die Wahl zum deutschen Bundestag noch keinen Einfluss. Bestimmte F\u00f6rdereinrichtungen des Bundes laufen und laufen und laufen. Von der Initiative Musik wurden wieder F\u00f6rdergelder bereitgestellt \u2013 und das schon seit 2008. Nach einer ersten Sichtung allerdings gar nicht so sehr umfangreich f\u00fcr den Bereich des Jazz. Vielleicht kommt\u2026","rel":"","context":"In &quot;News&quot;","block_context":{"text":"News","link":"https:\/\/www.jazzzeitung.de\/cms\/thema\/nachrichten\/"},"img":{"alt_text":"Wird auch gef\u00f6rdert: Das Pulsar Trio.","src":"https:\/\/i0.wp.com\/www.jazzzeitung.de\/cms\/wp-content\/uploads\/2017\/10\/Pulsar_Trio_Bild1.jpg?fit=1200%2C653&ssl=1&resize=350%2C200","width":350,"height":200,"srcset":"https:\/\/i0.wp.com\/www.jazzzeitung.de\/cms\/wp-content\/uploads\/2017\/10\/Pulsar_Trio_Bild1.jpg?fit=1200%2C653&ssl=1&resize=350%2C200 1x, https:\/\/i0.wp.com\/www.jazzzeitung.de\/cms\/wp-content\/uploads\/2017\/10\/Pulsar_Trio_Bild1.jpg?fit=1200%2C653&ssl=1&resize=525%2C300 1.5x, https:\/\/i0.wp.com\/www.jazzzeitung.de\/cms\/wp-content\/uploads\/2017\/10\/Pulsar_Trio_Bild1.jpg?fit=1200%2C653&ssl=1&resize=700%2C400 2x, https:\/\/i0.wp.com\/www.jazzzeitung.de\/cms\/wp-content\/uploads\/2017\/10\/Pulsar_Trio_Bild1.jpg?fit=1200%2C653&ssl=1&resize=1050%2C600 3x"},"classes":[]},{"id":1360,"url":"https:\/\/www.jazzzeitung.de\/cms\/2011\/10\/one-for-richard-two-for-the-rest\/","url_meta":{"origin":18828,"position":2},"title":"One for Richard \u2013 Two for the Rest","author":"J\u00f6rg Lichtinger","date":"27. Oktober 2011","format":false,"excerpt":"LUX \u2013 3 Herbstkonzerte des Landes-Jugendjazzorchesters Bayern mit dem Bayerischen Jugendchor Das Herbstprojekt des Bayerischen Landes-Jugendjazzorchesters ist in diesem Jahr eine Gemeinschaftsproduktion mit dem Bayerischen Landesjugendchor unter dem Motto \u201eLux \u2013 Licht\u201c. Im ersten Teil des Programms besch\u00e4ftigt sich der Landesjugendchor unter der Leitung von Gerd Guglh\u00f6r mit der zeitlosen\u2026","rel":"","context":"In &quot;Blog&quot;","block_context":{"text":"Blog","link":"https:\/\/www.jazzzeitung.de\/cms\/thema\/blog\/"},"img":{"alt_text":"","src":"https:\/\/i0.wp.com\/www.jazzzeitung.de\/cms\/wp-content\/uploads\/2011\/01\/WiedamannR-507-3-300x228.jpg?resize=350%2C200","width":350,"height":200},"classes":[]},{"id":14492,"url":"https:\/\/www.jazzzeitung.de\/cms\/2017\/12\/initiative-musik-foerdert-44-projekte-von-pop-bis-jazz\/","url_meta":{"origin":18828,"position":3},"title":"Initiative Musik f\u00f6rdert 44 Projekte von Pop bis Jazz","author":"Redaktion JazzZeitung","date":"11. Dezember 2017","format":false,"excerpt":"In ihrer 40. F\u00f6rderrunde sagt die Initiative Musik Unterst\u00fctzung f\u00fcr 44 Projekte aus elf Bundesl\u00e4ndern zu. \u201eDie sensitive und zugleich ungest\u00fcme Kreativit\u00e4t eines Henrik Schwarz, die epischen Kl\u00e4nge eingebettet in die zart-fesselnde Stimme bei Bayuk oder die beeindruckende Energie von Adam Angst zeigen die spannende Bandbreite in der wir uns\u2026","rel":"","context":"In &quot;News&quot;","block_context":{"text":"News","link":"https:\/\/www.jazzzeitung.de\/cms\/thema\/nachrichten\/"},"img":{"alt_text":"Johannes Bigge Trio.","src":"https:\/\/i0.wp.com\/www.jazzzeitung.de\/cms\/wp-content\/uploads\/2017\/12\/JohannesBiggeTrio_1.jpg?fit=1200%2C800&ssl=1&resize=350%2C200","width":350,"height":200,"srcset":"https:\/\/i0.wp.com\/www.jazzzeitung.de\/cms\/wp-content\/uploads\/2017\/12\/JohannesBiggeTrio_1.jpg?fit=1200%2C800&ssl=1&resize=350%2C200 1x, https:\/\/i0.wp.com\/www.jazzzeitung.de\/cms\/wp-content\/uploads\/2017\/12\/JohannesBiggeTrio_1.jpg?fit=1200%2C800&ssl=1&resize=525%2C300 1.5x, https:\/\/i0.wp.com\/www.jazzzeitung.de\/cms\/wp-content\/uploads\/2017\/12\/JohannesBiggeTrio_1.jpg?fit=1200%2C800&ssl=1&resize=700%2C400 2x, https:\/\/i0.wp.com\/www.jazzzeitung.de\/cms\/wp-content\/uploads\/2017\/12\/JohannesBiggeTrio_1.jpg?fit=1200%2C800&ssl=1&resize=1050%2C600 3x"},"classes":[]},{"id":10678,"url":"https:\/\/www.jazzzeitung.de\/cms\/2016\/10\/applaus-2016-auszeichnungen-und-foerderungen-fuer-64-herausragende-livemusikprogramme-aus-13-bundeslaendern\/","url_meta":{"origin":18828,"position":4},"title":"APPLAUS 2016 \u2013 Auszeichnungen und F\u00f6rderungen f\u00fcr 64 herausragende Livemusikprogramme aus 13 Bundesl\u00e4ndern","author":"Redaktion JazzZeitung","date":"26. Oktober 2016","format":false,"excerpt":"Hauptpreise gehen an Stadtgarten in K\u00f6ln, Golden Pudel Club in Hamburg und \u201ebiegungen im ausland\u201c in Berlin Kulturstaatsministerin Prof. Monika Gr\u00fctters: \u201eMit ihren ambitionierten und innovativen Programmen, die sie oft mit erheblichem finanziellem Risiko realisieren, sind sie es, die f\u00fcr eine vielf\u00e4ltige Musik- und Clublandschaft in Deutschland sorgen.\u201c Unabh\u00e4ngige Musikclubs\u2026","rel":"","context":"In &quot;News&quot;","block_context":{"text":"News","link":"https:\/\/www.jazzzeitung.de\/cms\/thema\/nachrichten\/"},"img":{"alt_text":"applaus2016_8","src":"https:\/\/i0.wp.com\/www.jazzzeitung.de\/cms\/wp-content\/uploads\/2016\/10\/APPLAUS2016_8-150x150.jpg?resize=350%2C200","width":350,"height":200},"classes":[]},{"id":27456,"url":"https:\/\/www.jazzzeitung.de\/cms\/2022\/06\/programm-fuer-das-41-bayerische-jazzweekend-2022-steht\/","url_meta":{"origin":18828,"position":5},"title":"Programm f\u00fcr das 41. Bayerische Jazzweekend 2022 steht","author":"Redaktion JazzZeitung","date":"1. Juni 2022","format":false,"excerpt":"Endlich wieder Jazz in Regensburg - und das ein ganzes verl\u00e4ngertes Wochenende lang vom 14. bis 17. Juli 2022. 14 B\u00fchnen verteilen sich auf die ganze Innenstadt: Vom Degginger zum Leeren Beutel, vom italienischen Restaurant bis zum Nachtclub, vom Schiffsanleger am Marc-Aurel-Ufer bis zum Thon-Dittmer-Palais - und das alles kostenlos\u2026","rel":"","context":"In &quot;Bericht&quot;","block_context":{"text":"Bericht","link":"https:\/\/www.jazzzeitung.de\/cms\/thema\/bericht\/"},"img":{"alt_text":"","src":"https:\/\/i0.wp.com\/www.jazzzeitung.de\/cms\/wp-content\/uploads\/2022\/05\/weekend_regensburg_gaisa_pressekonferenz-3-scaled.jpg?fit=1200%2C675&ssl=1&resize=350%2C200","width":350,"height":200,"srcset":"https:\/\/i0.wp.com\/www.jazzzeitung.de\/cms\/wp-content\/uploads\/2022\/05\/weekend_regensburg_gaisa_pressekonferenz-3-scaled.jpg?fit=1200%2C675&ssl=1&resize=350%2C200 1x, https:\/\/i0.wp.com\/www.jazzzeitung.de\/cms\/wp-content\/uploads\/2022\/05\/weekend_regensburg_gaisa_pressekonferenz-3-scaled.jpg?fit=1200%2C675&ssl=1&resize=525%2C300 1.5x, https:\/\/i0.wp.com\/www.jazzzeitung.de\/cms\/wp-content\/uploads\/2022\/05\/weekend_regensburg_gaisa_pressekonferenz-3-scaled.jpg?fit=1200%2C675&ssl=1&resize=700%2C400 2x, https:\/\/i0.wp.com\/www.jazzzeitung.de\/cms\/wp-content\/uploads\/2022\/05\/weekend_regensburg_gaisa_pressekonferenz-3-scaled.jpg?fit=1200%2C675&ssl=1&resize=1050%2C600 3x"},"classes":[]}],"jetpack_sharing_enabled":true,"_links":{"self":[{"href":"https:\/\/www.jazzzeitung.de\/cms\/wp-json\/wp\/v2\/posts\/18828","targetHints":{"allow":["GET"]}}],"collection":[{"href":"https:\/\/www.jazzzeitung.de\/cms\/wp-json\/wp\/v2\/posts"}],"about":[{"href":"https:\/\/www.jazzzeitung.de\/cms\/wp-json\/wp\/v2\/types\/post"}],"author":[{"embeddable":true,"href":"https:\/\/www.jazzzeitung.de\/cms\/wp-json\/wp\/v2\/users\/18"}],"replies":[{"embeddable":true,"href":"https:\/\/www.jazzzeitung.de\/cms\/wp-json\/wp\/v2\/comments?post=18828"}],"version-history":[{"count":20,"href":"https:\/\/www.jazzzeitung.de\/cms\/wp-json\/wp\/v2\/posts\/18828\/revisions"}],"predecessor-version":[{"id":18870,"href":"https:\/\/www.jazzzeitung.de\/cms\/wp-json\/wp\/v2\/posts\/18828\/revisions\/18870"}],"wp:featuredmedia":[{"embeddable":true,"href":"https:\/\/www.jazzzeitung.de\/cms\/wp-json\/wp\/v2\/media\/18865"}],"wp:attachment":[{"href":"https:\/\/www.jazzzeitung.de\/cms\/wp-json\/wp\/v2\/media?parent=18828"}],"wp:term":[{"taxonomy":"category","embeddable":true,"href":"https:\/\/www.jazzzeitung.de\/cms\/wp-json\/wp\/v2\/categories?post=18828"},{"taxonomy":"post_tag","embeddable":true,"href":"https:\/\/www.jazzzeitung.de\/cms\/wp-json\/wp\/v2\/tags?post=18828"},{"taxonomy":"author","embeddable":true,"href":"https:\/\/www.jazzzeitung.de\/cms\/wp-json\/wp\/v2\/coauthors?post=18828"}],"curies":[{"name":"wp","href":"https:\/\/api.w.org\/{rel}","templated":true}]}}