{"id":18796,"date":"2019-02-28T16:00:09","date_gmt":"2019-02-28T15:00:09","guid":{"rendered":"https:\/\/www.jazzzeitung.de\/cms\/?p=18796"},"modified":"2019-02-28T15:45:34","modified_gmt":"2019-02-28T14:45:34","slug":"news-kanadische-saengerin-adi-braun-auf-tour-das-jazzfestival-in-baden-baden-und-sein-soul-schwerpunkt","status":"publish","type":"post","link":"https:\/\/www.jazzzeitung.de\/cms\/2019\/02\/news-kanadische-saengerin-adi-braun-auf-tour-das-jazzfestival-in-baden-baden-und-sein-soul-schwerpunkt\/","title":{"rendered":"+++ News: +++ Kanadische S\u00e4ngerin Adi Braun auf Tour +++ Das Jazzfestival in Baden-Baden und sein Soul-Schwerpunkt +++"},"content":{"rendered":"<h3><strong>Eine \u201eModerne Frau\u201c auf Tour und zum Pressegespr\u00e4ch in Berlin<\/strong><\/h3>\n<p>Adi Braun, eine popul\u00e4re Musikerin der kanadischen Jazz-Szene gastiert mit ihrem Jazz-Kabarett-Programm \u201eModerne Frau\u201c, die in der Weimarer Republik das musikalische Berlin der 1920er-Jahre pr\u00e4gten, erstmals in Europa. Dabei pr\u00e4sentiert sie Songs von Kurt Weill, Mischa Spoliansky\u00a0 und anderen, die in der Weimarer Republik zu Welterfolgen wurden, direkt am Entstehungsort in der Mitte Berlins sowie beim Kurt-Weill-Fest in Dessau, der Geburtsstadt Kurt Weills.<\/p>\n<p>Adi Braun unterrichtete und forschte in Toronto am Konservatorium\u00a0 \u00fcber \u201eThe history of european cabaret\u201c: das sind die Wurzeln ihrer Jazz-musikalische Hommage an die stilbildenden Chansonetten Berlins der Weimarer \u00c4ra wie Trude Hesterberg, Margo Lion oder Kate K\u00fchl. Neben den Songs von Weill, Spoliansky und Franz Grothe pr\u00e4sentiert Adi Braun auch Eigenkompositionen, die das Frauen-Bild der \u201eRoaring Twenties\u201c mit kritischem Augenzwinkern hinterfragen. So zum Beispiel im biografischen Song \u201eJosephine\u201c, der der legend\u00e4ren Josephine Baker gewidmet ist. Das 2017 bei Blue Rider Records auf CD erschienene Programm erreichte weit \u00fcber Kanada hinaus eine breite Zuh\u00f6rerschaft.<\/p>\n<p><strong>Adi Braun Tour:<\/strong><\/p>\n<ol start=\"7\">\n<li>M\u00e4rz 2019, 21.00 Uhr b-flat, Dircksenstra\u00dfe 40,10178 Berlin<\/li>\n<li>M\u00e4rz 2019, 19.30 Uhr, Kurt-Weill-Fest, Marienkirche Dessau<\/li>\n<li>M\u00e4rz 2019 , 16.00 Uhr, Klosterscheune, Am Kloster 1, Zehdenick<\/li>\n<\/ol>\n<p><a href=\"http:\/\/www.adibraun.com\">www.adibraun.com<\/a><\/p>\n<p><strong>\u00a0<\/strong><strong>\u00a0Jazzfestival Mr. M\u2019s Jazz Club im Kurhaus Baden-Baden<\/strong><\/p>\n<p>Baden-Baden: Ganz unter dem Motto \u201eSoul Jazz\u201c steht der zweite Tag des Jazzfestivals Mr. M\u2019s Jazz Club im Kurhaus Baden-Baden. Am Freitag, den 15. M\u00e4rz begr\u00fc\u00dft Impresario Marc Marshall gemeinsam mit seiner Mr. M\u2019s All Stars Band G\u00e4ste der Soul- und Jazzszene.<\/p>\n<figure id=\"attachment_18797\" aria-describedby=\"caption-attachment-18797\" style=\"width: 278px\" class=\"wp-caption alignleft\"><a href=\"https:\/\/i0.wp.com\/www.jazzzeitung.de\/cms\/wp-content\/uploads\/2019\/02\/NikWest_FotoPR.jpg?ssl=1\"><img data-recalc-dims=\"1\" loading=\"lazy\" decoding=\"async\" data-attachment-id=\"18797\" data-permalink=\"https:\/\/www.jazzzeitung.de\/cms\/2019\/02\/news-kanadische-saengerin-adi-braun-auf-tour-das-jazzfestival-in-baden-baden-und-sein-soul-schwerpunkt\/nikwest_fotopr\/\" data-orig-file=\"https:\/\/i0.wp.com\/www.jazzzeitung.de\/cms\/wp-content\/uploads\/2019\/02\/NikWest_FotoPR.jpg?fit=3800%2C2388&amp;ssl=1\" data-orig-size=\"3800,2388\" data-comments-opened=\"1\" data-image-meta=\"{&quot;aperture&quot;:&quot;9&quot;,&quot;credit&quot;:&quot;&quot;,&quot;camera&quot;:&quot;Canon EOS 5D Mark II&quot;,&quot;caption&quot;:&quot;&quot;,&quot;created_timestamp&quot;:&quot;1482414461&quot;,&quot;copyright&quot;:&quot;&quot;,&quot;focal_length&quot;:&quot;85&quot;,&quot;iso&quot;:&quot;160&quot;,&quot;shutter_speed&quot;:&quot;0.0125&quot;,&quot;title&quot;:&quot;&quot;,&quot;orientation&quot;:&quot;1&quot;}\" data-image-title=\"\" data-image-description=\"\" data-image-caption=\"&lt;p&gt;Nik West&lt;\/p&gt;\n\" data-large-file=\"https:\/\/i0.wp.com\/www.jazzzeitung.de\/cms\/wp-content\/uploads\/2019\/02\/NikWest_FotoPR.jpg?fit=840%2C528&amp;ssl=1\" class=\" wp-image-18797\" src=\"https:\/\/i0.wp.com\/www.jazzzeitung.de\/cms\/wp-content\/uploads\/2019\/02\/NikWest_FotoPR.jpg?resize=278%2C175&#038;ssl=1\" alt=\"\" width=\"278\" height=\"175\" srcset=\"https:\/\/i0.wp.com\/www.jazzzeitung.de\/cms\/wp-content\/uploads\/2019\/02\/NikWest_FotoPR.jpg?resize=300%2C189&amp;ssl=1 300w, https:\/\/i0.wp.com\/www.jazzzeitung.de\/cms\/wp-content\/uploads\/2019\/02\/NikWest_FotoPR.jpg?resize=768%2C483&amp;ssl=1 768w, https:\/\/i0.wp.com\/www.jazzzeitung.de\/cms\/wp-content\/uploads\/2019\/02\/NikWest_FotoPR.jpg?resize=900%2C566&amp;ssl=1 900w, https:\/\/i0.wp.com\/www.jazzzeitung.de\/cms\/wp-content\/uploads\/2019\/02\/NikWest_FotoPR.jpg?resize=600%2C375&amp;ssl=1 600w, https:\/\/i0.wp.com\/www.jazzzeitung.de\/cms\/wp-content\/uploads\/2019\/02\/NikWest_FotoPR.jpg?resize=840%2C525&amp;ssl=1 840w, https:\/\/i0.wp.com\/www.jazzzeitung.de\/cms\/wp-content\/uploads\/2019\/02\/NikWest_FotoPR.jpg?resize=280%2C175&amp;ssl=1 280w, https:\/\/i0.wp.com\/www.jazzzeitung.de\/cms\/wp-content\/uploads\/2019\/02\/NikWest_FotoPR.jpg?w=1680&amp;ssl=1 1680w, https:\/\/i0.wp.com\/www.jazzzeitung.de\/cms\/wp-content\/uploads\/2019\/02\/NikWest_FotoPR.jpg?w=2520&amp;ssl=1 2520w\" sizes=\"auto, (max-width: 278px) 100vw, 278px\" \/><\/a><figcaption id=\"caption-attachment-18797\" class=\"wp-caption-text\">Nik West<\/figcaption><\/figure>\n<p>Der Name ihres im September 2017 ver\u00f6ffentlichten Albums beschreibt die Bassistin und S\u00e4ngerin Nik West sehr passend: Purple Unicorn \u2013 lilafarbenes Einhorn. Die US-Amerikanerin wird als wahrer Paradiesvogel gesehen. Fr\u00fch \u00fcbte sie sich an der Rhythmus-Gitarre, ehe sie sich zu High-School-Zeiten, inspiriert von Michael Jackson am elektrischen Bass versuchte. Mittlerweile sind schon Zusammenarbeiten mit Dave Stewart, John Mayer und Prince entstanden.<\/p>\n<figure id=\"attachment_18798\" aria-describedby=\"caption-attachment-18798\" style=\"width: 272px\" class=\"wp-caption alignleft\"><a href=\"https:\/\/i0.wp.com\/www.jazzzeitung.de\/cms\/wp-content\/uploads\/2019\/02\/Baldauf_Foto_SimonEngelbert_Photogroove.jpg?ssl=1\"><img data-recalc-dims=\"1\" loading=\"lazy\" decoding=\"async\" data-attachment-id=\"18798\" data-permalink=\"https:\/\/www.jazzzeitung.de\/cms\/2019\/02\/news-kanadische-saengerin-adi-braun-auf-tour-das-jazzfestival-in-baden-baden-und-sein-soul-schwerpunkt\/baldauf_foto_simonengelbert_photogroove\/\" data-orig-file=\"https:\/\/i0.wp.com\/www.jazzzeitung.de\/cms\/wp-content\/uploads\/2019\/02\/Baldauf_Foto_SimonEngelbert_Photogroove.jpg?fit=2000%2C1333&amp;ssl=1\" data-orig-size=\"2000,1333\" data-comments-opened=\"1\" data-image-meta=\"{&quot;aperture&quot;:&quot;4.5&quot;,&quot;credit&quot;:&quot;&quot;,&quot;camera&quot;:&quot;NIKON D500&quot;,&quot;caption&quot;:&quot;&quot;,&quot;created_timestamp&quot;:&quot;1501804274&quot;,&quot;copyright&quot;:&quot;&quot;,&quot;focal_length&quot;:&quot;150&quot;,&quot;iso&quot;:&quot;2000&quot;,&quot;shutter_speed&quot;:&quot;0.004&quot;,&quot;title&quot;:&quot;&quot;,&quot;orientation&quot;:&quot;0&quot;}\" data-image-title=\"\" data-image-description=\"\" data-image-caption=\"&lt;p&gt;Baldauf. Foto: Simon Engelbert&lt;\/p&gt;\n\" data-large-file=\"https:\/\/i0.wp.com\/www.jazzzeitung.de\/cms\/wp-content\/uploads\/2019\/02\/Baldauf_Foto_SimonEngelbert_Photogroove.jpg?fit=840%2C560&amp;ssl=1\" class=\" wp-image-18798\" src=\"https:\/\/i0.wp.com\/www.jazzzeitung.de\/cms\/wp-content\/uploads\/2019\/02\/Baldauf_Foto_SimonEngelbert_Photogroove.jpg?resize=272%2C181&#038;ssl=1\" alt=\"\" width=\"272\" height=\"181\" srcset=\"https:\/\/i0.wp.com\/www.jazzzeitung.de\/cms\/wp-content\/uploads\/2019\/02\/Baldauf_Foto_SimonEngelbert_Photogroove.jpg?resize=300%2C200&amp;ssl=1 300w, https:\/\/i0.wp.com\/www.jazzzeitung.de\/cms\/wp-content\/uploads\/2019\/02\/Baldauf_Foto_SimonEngelbert_Photogroove.jpg?resize=768%2C512&amp;ssl=1 768w, https:\/\/i0.wp.com\/www.jazzzeitung.de\/cms\/wp-content\/uploads\/2019\/02\/Baldauf_Foto_SimonEngelbert_Photogroove.jpg?resize=900%2C600&amp;ssl=1 900w, https:\/\/i0.wp.com\/www.jazzzeitung.de\/cms\/wp-content\/uploads\/2019\/02\/Baldauf_Foto_SimonEngelbert_Photogroove.jpg?resize=600%2C400&amp;ssl=1 600w, https:\/\/i0.wp.com\/www.jazzzeitung.de\/cms\/wp-content\/uploads\/2019\/02\/Baldauf_Foto_SimonEngelbert_Photogroove.jpg?resize=120%2C80&amp;ssl=1 120w, https:\/\/i0.wp.com\/www.jazzzeitung.de\/cms\/wp-content\/uploads\/2019\/02\/Baldauf_Foto_SimonEngelbert_Photogroove.jpg?w=2000&amp;ssl=1 2000w, https:\/\/i0.wp.com\/www.jazzzeitung.de\/cms\/wp-content\/uploads\/2019\/02\/Baldauf_Foto_SimonEngelbert_Photogroove.jpg?w=1680&amp;ssl=1 1680w\" sizes=\"auto, (max-width: 272px) 100vw, 272px\" \/><\/a><figcaption id=\"caption-attachment-18798\" class=\"wp-caption-text\">R\u00fcdiger Baldauf. Foto: Simon Engelbert<\/figcaption><\/figure>\n<p>Am selben Abend betritt ebenfalls ein popul\u00e4rer Trompeter Deutschlands die B\u00fchne: R\u00fcdiger Baldauf war 13 Jahre lang Trompeter bei TV Total, zuvor Mitglied im United Jazz &amp; Rock Ensemble, bei den RTL Samstag-Nacht Allstars und der Paul Kuhn Big Band. Er spielte mit Gr\u00f6\u00dfen wie Ray Charles, Seal, Michael Bubl\u00e9, James Brown, Lionel Richie und Barbra Streisand. Nach mehreren Alben folgten au\u00dferdem Auftritte mit Joo Kraus und Ack van Rooyen, Nils Landgren und Billy Cobham.<\/p>\n<p>Als dritter Gast an diesem Abend wird Cosmo Klein auftreten. Er wandelt zwischen den musikalischen Welten Pop, Funk, Soul und House. Bei Mr. M\u2019s Jazz Club erweitert der S\u00e4nger aus Lippstadt nun zum zweiten Mal nach 2018 sein Portfolio um den Jazz. Mehrere internationale Beteiligungen an erfolgreichen Arbeiten in Portugal, Brasilien und Griechenland kann der K\u00fcnstler aufweisen. Cosmo Klein tourt als House Live Act und baut sein Herzensprojekt \u201eThe Phunkguerilla\u201c auf. (siehe Beitragsfotografie: Cosmo Klein)<\/p>\n<p>Mehr Informationen zum gesamten Festival unter:<\/p>\n<p><a href=\"http:\/\/www.badenbadenevents.de\">www.badenbadenevents.de<\/a><\/p>\n<p>&nbsp;<\/p>\n<p>&nbsp;<\/p>\n","protected":false},"excerpt":{"rendered":"<p>Eine \u201eModerne Frau\u201c auf Tour und zum Pressegespr\u00e4ch in Berlin Adi Braun, eine popul\u00e4re Musikerin der kanadischen Jazz-Szene gastiert mit ihrem Jazz-Kabarett-Programm \u201eModerne Frau\u201c, die in der Weimarer Republik das musikalische Berlin der 1920er-Jahre pr\u00e4gten, erstmals in Europa. Dabei pr\u00e4sentiert sie Songs von Kurt Weill, Mischa Spoliansky\u00a0 und anderen, die in der Weimarer Republik zu Welterfolgen wurden, direkt am Entstehungsort in der Mitte Berlins sowie beim Kurt-Weill-Fest in Dessau, der Geburtsstadt Kurt Weills. Adi Braun unterrichtete und forschte in Toronto am Konservatorium\u00a0 \u00fcber \u201eThe history of european cabaret\u201c: das sind die Wurzeln ihrer Jazz-musikalische Hommage an die stilbildenden Chansonetten Berlins der Weimarer \u00c4ra wie Trude Hesterberg, Margo Lion oder Kate K\u00fchl. Neben den Songs von Weill, Spoliansky und Franz Grothe pr\u00e4sentiert Adi Braun auch Eigenkompositionen, die das Frauen-Bild der \u201eRoaring Twenties\u201c mit kritischem Augenzwinkern hinterfragen. So zum Beispiel im biografischen Song \u201eJosephine\u201c, der der legend\u00e4ren Josephine Baker gewidmet ist. Das 2017 bei Blue Rider Records auf CD erschienene Programm erreichte weit \u00fcber Kanada hinaus eine breite Zuh\u00f6rerschaft. Adi Braun Tour: M\u00e4rz 2019, 21.00 Uhr b-flat, Dircksenstra\u00dfe 40,10178 Berlin M\u00e4rz 2019, 19.30 Uhr, Kurt-Weill-Fest, Marienkirche Dessau &hellip;<\/p>\n","protected":false},"author":18,"featured_media":18799,"comment_status":"open","ping_status":"closed","sticky":false,"template":"","format":"standard","meta":{"_jetpack_memberships_contains_paid_content":false,"footnotes":"","jetpack_publicize_message":"","jetpack_publicize_feature_enabled":true,"jetpack_social_post_already_shared":false,"jetpack_social_options":{"image_generator_settings":{"template":"highway","default_image_id":0,"font":"","enabled":false},"version":2}},"categories":[633],"tags":[1959,2019,1533,29,1110,807,1763,66,71,76,109,120,3,1876,918,1978,1672,1951,417,701,447,1250,2139,495,558,562],"coauthors":[695],"class_list":["post-18796","post","type-post","status-publish","format-standard","has-post-thumbnail","hentry","category-nachrichten","tag-1959","tag-2019","tag-ack-van-rooyen","tag-act","tag-all-stars","tag-barbra-streisand","tag-bass","tag-berlin","tag-big-band","tag-billy-cobham","tag-cd","tag-club","tag-festival","tag-jazz","tag-jazzfestival","tag-jazzszene","tag-live","tag-news","tag-nils-landgren","tag-paul-kuhn","tag-pop","tag-rock","tag-s","tag-seal","tag-tour","tag-tv"],"yoast_head":"<!-- This site is optimized with the Yoast SEO plugin v27.5 - https:\/\/yoast.com\/product\/yoast-seo-wordpress\/ -->\n<title>+++ News: +++ Kanadische S\u00e4ngerin Adi Braun auf Tour +++ Das Jazzfestival in Baden-Baden und sein Soul-Schwerpunkt +++ - JazzZeitung<\/title>\n<meta name=\"robots\" content=\"index, follow, max-snippet:-1, max-image-preview:large, max-video-preview:-1\" \/>\n<link rel=\"canonical\" href=\"https:\/\/www.jazzzeitung.de\/cms\/2019\/02\/news-kanadische-saengerin-adi-braun-auf-tour-das-jazzfestival-in-baden-baden-und-sein-soul-schwerpunkt\/\" \/>\n<meta property=\"og:locale\" content=\"de_DE\" \/>\n<meta property=\"og:type\" content=\"article\" \/>\n<meta property=\"og:title\" content=\"+++ News: +++ Kanadische S\u00e4ngerin Adi Braun auf Tour +++ Das Jazzfestival in Baden-Baden und sein Soul-Schwerpunkt +++ - JazzZeitung\" \/>\n<meta property=\"og:description\" content=\"Eine \u201eModerne Frau\u201c auf Tour und zum Pressegespr\u00e4ch in Berlin Adi Braun, eine popul\u00e4re Musikerin der kanadischen Jazz-Szene gastiert mit ihrem Jazz-Kabarett-Programm \u201eModerne Frau\u201c, die in der Weimarer Republik das musikalische Berlin der 1920er-Jahre pr\u00e4gten, erstmals in Europa. Dabei pr\u00e4sentiert sie Songs von Kurt Weill, Mischa Spoliansky\u00a0 und anderen, die in der Weimarer Republik zu Welterfolgen wurden, direkt am Entstehungsort in der Mitte Berlins sowie beim Kurt-Weill-Fest in Dessau, der Geburtsstadt Kurt Weills. Adi Braun unterrichtete und forschte in Toronto am Konservatorium\u00a0 \u00fcber \u201eThe history of european cabaret\u201c: das sind die Wurzeln ihrer Jazz-musikalische Hommage an die stilbildenden Chansonetten Berlins der Weimarer \u00c4ra wie Trude Hesterberg, Margo Lion oder Kate K\u00fchl. Neben den Songs von Weill, Spoliansky und Franz Grothe pr\u00e4sentiert Adi Braun auch Eigenkompositionen, die das Frauen-Bild der \u201eRoaring Twenties\u201c mit kritischem Augenzwinkern hinterfragen. So zum Beispiel im biografischen Song \u201eJosephine\u201c, der der legend\u00e4ren Josephine Baker gewidmet ist. Das 2017 bei Blue Rider Records auf CD erschienene Programm erreichte weit \u00fcber Kanada hinaus eine breite Zuh\u00f6rerschaft. Adi Braun Tour: M\u00e4rz 2019, 21.00 Uhr b-flat, Dircksenstra\u00dfe 40,10178 Berlin M\u00e4rz 2019, 19.30 Uhr, Kurt-Weill-Fest, Marienkirche Dessau &hellip;\" \/>\n<meta property=\"og:url\" content=\"https:\/\/www.jazzzeitung.de\/cms\/2019\/02\/news-kanadische-saengerin-adi-braun-auf-tour-das-jazzfestival-in-baden-baden-und-sein-soul-schwerpunkt\/\" \/>\n<meta property=\"og:site_name\" content=\"JazzZeitung\" \/>\n<meta property=\"article:publisher\" content=\"https:\/\/www.facebook.com\/JazzZeitung\/\" \/>\n<meta property=\"article:published_time\" content=\"2019-02-28T15:00:09+00:00\" \/>\n<meta property=\"og:image\" content=\"https:\/\/i0.wp.com\/www.jazzzeitung.de\/cms\/wp-content\/uploads\/2019\/02\/CosmosKlein_2_FotoPR.jpg?fit=3000%2C2000&ssl=1\" \/>\n\t<meta property=\"og:image:width\" content=\"3000\" \/>\n\t<meta property=\"og:image:height\" content=\"2000\" \/>\n\t<meta property=\"og:image:type\" content=\"image\/jpeg\" \/>\n<meta name=\"author\" content=\"Redaktion JazzZeitung\" \/>\n<script type=\"application\/ld+json\" class=\"yoast-schema-graph\">{\"@context\":\"https:\\\/\\\/schema.org\",\"@graph\":[{\"@type\":\"Article\",\"@id\":\"https:\\\/\\\/www.jazzzeitung.de\\\/cms\\\/2019\\\/02\\\/news-kanadische-saengerin-adi-braun-auf-tour-das-jazzfestival-in-baden-baden-und-sein-soul-schwerpunkt\\\/#article\",\"isPartOf\":{\"@id\":\"https:\\\/\\\/www.jazzzeitung.de\\\/cms\\\/2019\\\/02\\\/news-kanadische-saengerin-adi-braun-auf-tour-das-jazzfestival-in-baden-baden-und-sein-soul-schwerpunkt\\\/\"},\"author\":{\"name\":\"Redaktion JazzZeitung\",\"@id\":\"https:\\\/\\\/www.jazzzeitung.de\\\/cms\\\/#\\\/schema\\\/person\\\/2245b36b9cd1d24cea10f01c031fb92b\"},\"headline\":\"+++ News: +++ Kanadische S\u00e4ngerin Adi Braun auf Tour +++ Das Jazzfestival in Baden-Baden und sein Soul-Schwerpunkt +++\",\"datePublished\":\"2019-02-28T15:00:09+00:00\",\"mainEntityOfPage\":{\"@id\":\"https:\\\/\\\/www.jazzzeitung.de\\\/cms\\\/2019\\\/02\\\/news-kanadische-saengerin-adi-braun-auf-tour-das-jazzfestival-in-baden-baden-und-sein-soul-schwerpunkt\\\/\"},\"wordCount\":521,\"commentCount\":0,\"publisher\":{\"@id\":\"https:\\\/\\\/www.jazzzeitung.de\\\/cms\\\/#organization\"},\"image\":{\"@id\":\"https:\\\/\\\/www.jazzzeitung.de\\\/cms\\\/2019\\\/02\\\/news-kanadische-saengerin-adi-braun-auf-tour-das-jazzfestival-in-baden-baden-und-sein-soul-schwerpunkt\\\/#primaryimage\"},\"thumbnailUrl\":\"https:\\\/\\\/i0.wp.com\\\/www.jazzzeitung.de\\\/cms\\\/wp-content\\\/uploads\\\/2019\\\/02\\\/CosmosKlein_2_FotoPR.jpg?fit=3000%2C2000&ssl=1\",\"keywords\":[\"2018\",\"2019\",\"Ack van Rooyen\",\"act\",\"All Stars\",\"Barbra Streisand\",\"Bass\",\"Berlin\",\"Big Band\",\"Billy Cobham\",\"CD\",\"Club\",\"Festival\",\"Jazz\",\"Jazzfestival\",\"Jazzszene\",\"Live\",\"News\",\"Nils Landgren\",\"Paul Kuhn\",\"Pop\",\"Rock\",\"S\",\"Seal\",\"Tour\",\"TV\"],\"articleSection\":[\"News\"],\"inLanguage\":\"de\",\"potentialAction\":[{\"@type\":\"CommentAction\",\"name\":\"Comment\",\"target\":[\"https:\\\/\\\/www.jazzzeitung.de\\\/cms\\\/2019\\\/02\\\/news-kanadische-saengerin-adi-braun-auf-tour-das-jazzfestival-in-baden-baden-und-sein-soul-schwerpunkt\\\/#respond\"]}]},{\"@type\":\"WebPage\",\"@id\":\"https:\\\/\\\/www.jazzzeitung.de\\\/cms\\\/2019\\\/02\\\/news-kanadische-saengerin-adi-braun-auf-tour-das-jazzfestival-in-baden-baden-und-sein-soul-schwerpunkt\\\/\",\"url\":\"https:\\\/\\\/www.jazzzeitung.de\\\/cms\\\/2019\\\/02\\\/news-kanadische-saengerin-adi-braun-auf-tour-das-jazzfestival-in-baden-baden-und-sein-soul-schwerpunkt\\\/\",\"name\":\"+++ News: +++ Kanadische S\u00e4ngerin Adi Braun auf Tour +++ Das Jazzfestival in Baden-Baden und sein Soul-Schwerpunkt +++ - JazzZeitung\",\"isPartOf\":{\"@id\":\"https:\\\/\\\/www.jazzzeitung.de\\\/cms\\\/#website\"},\"primaryImageOfPage\":{\"@id\":\"https:\\\/\\\/www.jazzzeitung.de\\\/cms\\\/2019\\\/02\\\/news-kanadische-saengerin-adi-braun-auf-tour-das-jazzfestival-in-baden-baden-und-sein-soul-schwerpunkt\\\/#primaryimage\"},\"image\":{\"@id\":\"https:\\\/\\\/www.jazzzeitung.de\\\/cms\\\/2019\\\/02\\\/news-kanadische-saengerin-adi-braun-auf-tour-das-jazzfestival-in-baden-baden-und-sein-soul-schwerpunkt\\\/#primaryimage\"},\"thumbnailUrl\":\"https:\\\/\\\/i0.wp.com\\\/www.jazzzeitung.de\\\/cms\\\/wp-content\\\/uploads\\\/2019\\\/02\\\/CosmosKlein_2_FotoPR.jpg?fit=3000%2C2000&ssl=1\",\"datePublished\":\"2019-02-28T15:00:09+00:00\",\"breadcrumb\":{\"@id\":\"https:\\\/\\\/www.jazzzeitung.de\\\/cms\\\/2019\\\/02\\\/news-kanadische-saengerin-adi-braun-auf-tour-das-jazzfestival-in-baden-baden-und-sein-soul-schwerpunkt\\\/#breadcrumb\"},\"inLanguage\":\"de\",\"potentialAction\":[{\"@type\":\"ReadAction\",\"target\":[\"https:\\\/\\\/www.jazzzeitung.de\\\/cms\\\/2019\\\/02\\\/news-kanadische-saengerin-adi-braun-auf-tour-das-jazzfestival-in-baden-baden-und-sein-soul-schwerpunkt\\\/\"]}]},{\"@type\":\"ImageObject\",\"inLanguage\":\"de\",\"@id\":\"https:\\\/\\\/www.jazzzeitung.de\\\/cms\\\/2019\\\/02\\\/news-kanadische-saengerin-adi-braun-auf-tour-das-jazzfestival-in-baden-baden-und-sein-soul-schwerpunkt\\\/#primaryimage\",\"url\":\"https:\\\/\\\/i0.wp.com\\\/www.jazzzeitung.de\\\/cms\\\/wp-content\\\/uploads\\\/2019\\\/02\\\/CosmosKlein_2_FotoPR.jpg?fit=3000%2C2000&ssl=1\",\"contentUrl\":\"https:\\\/\\\/i0.wp.com\\\/www.jazzzeitung.de\\\/cms\\\/wp-content\\\/uploads\\\/2019\\\/02\\\/CosmosKlein_2_FotoPR.jpg?fit=3000%2C2000&ssl=1\",\"width\":3000,\"height\":2000,\"caption\":\"Cosmos Klein\"},{\"@type\":\"BreadcrumbList\",\"@id\":\"https:\\\/\\\/www.jazzzeitung.de\\\/cms\\\/2019\\\/02\\\/news-kanadische-saengerin-adi-braun-auf-tour-das-jazzfestival-in-baden-baden-und-sein-soul-schwerpunkt\\\/#breadcrumb\",\"itemListElement\":[{\"@type\":\"ListItem\",\"position\":1,\"name\":\"Startseite\",\"item\":\"https:\\\/\\\/www.jazzzeitung.de\\\/cms\\\/\"},{\"@type\":\"ListItem\",\"position\":2,\"name\":\"+++ News: +++ Kanadische S\u00e4ngerin Adi Braun auf Tour +++ Das Jazzfestival in Baden-Baden und sein Soul-Schwerpunkt +++\"}]},{\"@type\":\"WebSite\",\"@id\":\"https:\\\/\\\/www.jazzzeitung.de\\\/cms\\\/#website\",\"url\":\"https:\\\/\\\/www.jazzzeitung.de\\\/cms\\\/\",\"name\":\"JazzZeitung\",\"description\":\"Jazz-News und Jazz-Kontroverses\",\"publisher\":{\"@id\":\"https:\\\/\\\/www.jazzzeitung.de\\\/cms\\\/#organization\"},\"potentialAction\":[{\"@type\":\"SearchAction\",\"target\":{\"@type\":\"EntryPoint\",\"urlTemplate\":\"https:\\\/\\\/www.jazzzeitung.de\\\/cms\\\/?s={search_term_string}\"},\"query-input\":{\"@type\":\"PropertyValueSpecification\",\"valueRequired\":true,\"valueName\":\"search_term_string\"}}],\"inLanguage\":\"de\"},{\"@type\":\"Organization\",\"@id\":\"https:\\\/\\\/www.jazzzeitung.de\\\/cms\\\/#organization\",\"name\":\"JazzZeitung online\",\"url\":\"https:\\\/\\\/www.jazzzeitung.de\\\/cms\\\/\",\"logo\":{\"@type\":\"ImageObject\",\"inLanguage\":\"de\",\"@id\":\"https:\\\/\\\/www.jazzzeitung.de\\\/cms\\\/#\\\/schema\\\/logo\\\/image\\\/\",\"url\":\"https:\\\/\\\/i0.wp.com\\\/www.jazzzeitung.de\\\/cms\\\/wp-content\\\/uploads\\\/2015\\\/08\\\/JAZZZEITUNGDE_Logo_Neu.png?fit=499%2C200&ssl=1\",\"contentUrl\":\"https:\\\/\\\/i0.wp.com\\\/www.jazzzeitung.de\\\/cms\\\/wp-content\\\/uploads\\\/2015\\\/08\\\/JAZZZEITUNGDE_Logo_Neu.png?fit=499%2C200&ssl=1\",\"width\":499,\"height\":200,\"caption\":\"JazzZeitung online\"},\"image\":{\"@id\":\"https:\\\/\\\/www.jazzzeitung.de\\\/cms\\\/#\\\/schema\\\/logo\\\/image\\\/\"},\"sameAs\":[\"https:\\\/\\\/www.facebook.com\\\/JazzZeitung\\\/\"]},{\"@type\":\"Person\",\"@id\":\"https:\\\/\\\/www.jazzzeitung.de\\\/cms\\\/#\\\/schema\\\/person\\\/2245b36b9cd1d24cea10f01c031fb92b\",\"name\":\"Redaktion JazzZeitung\",\"image\":{\"@type\":\"ImageObject\",\"inLanguage\":\"de\",\"@id\":\"https:\\\/\\\/i0.wp.com\\\/www.jazzzeitung.de\\\/cms\\\/wp-content\\\/uploads\\\/2015\\\/08\\\/JAZZZEITUNGDE_Logo_Neu.png?resize=96%2C96&ssl=159975dcacb611b5700bd619b5daf0a7a\",\"url\":\"https:\\\/\\\/i0.wp.com\\\/www.jazzzeitung.de\\\/cms\\\/wp-content\\\/uploads\\\/2015\\\/08\\\/JAZZZEITUNGDE_Logo_Neu.png?resize=96%2C96&ssl=1\",\"contentUrl\":\"https:\\\/\\\/i0.wp.com\\\/www.jazzzeitung.de\\\/cms\\\/wp-content\\\/uploads\\\/2015\\\/08\\\/JAZZZEITUNGDE_Logo_Neu.png?resize=96%2C96&ssl=1\",\"caption\":\"Redaktion JazzZeitung\"},\"description\":\"Artikel der Redaktion der JazzZeitung.\",\"sameAs\":[\"http:\\\/\\\/www.jazzzeitung.de\\\/cms\\\/\"],\"url\":\"https:\\\/\\\/www.jazzzeitung.de\\\/cms\\\/author\\\/redaktion\\\/\"}]}<\/script>\n<!-- \/ Yoast SEO plugin. -->","yoast_head_json":{"title":"+++ News: +++ Kanadische S\u00e4ngerin Adi Braun auf Tour +++ Das Jazzfestival in Baden-Baden und sein Soul-Schwerpunkt +++ - JazzZeitung","robots":{"index":"index","follow":"follow","max-snippet":"max-snippet:-1","max-image-preview":"max-image-preview:large","max-video-preview":"max-video-preview:-1"},"canonical":"https:\/\/www.jazzzeitung.de\/cms\/2019\/02\/news-kanadische-saengerin-adi-braun-auf-tour-das-jazzfestival-in-baden-baden-und-sein-soul-schwerpunkt\/","og_locale":"de_DE","og_type":"article","og_title":"+++ News: +++ Kanadische S\u00e4ngerin Adi Braun auf Tour +++ Das Jazzfestival in Baden-Baden und sein Soul-Schwerpunkt +++ - JazzZeitung","og_description":"Eine \u201eModerne Frau\u201c auf Tour und zum Pressegespr\u00e4ch in Berlin Adi Braun, eine popul\u00e4re Musikerin der kanadischen Jazz-Szene gastiert mit ihrem Jazz-Kabarett-Programm \u201eModerne Frau\u201c, die in der Weimarer Republik das musikalische Berlin der 1920er-Jahre pr\u00e4gten, erstmals in Europa. Dabei pr\u00e4sentiert sie Songs von Kurt Weill, Mischa Spoliansky\u00a0 und anderen, die in der Weimarer Republik zu Welterfolgen wurden, direkt am Entstehungsort in der Mitte Berlins sowie beim Kurt-Weill-Fest in Dessau, der Geburtsstadt Kurt Weills. Adi Braun unterrichtete und forschte in Toronto am Konservatorium\u00a0 \u00fcber \u201eThe history of european cabaret\u201c: das sind die Wurzeln ihrer Jazz-musikalische Hommage an die stilbildenden Chansonetten Berlins der Weimarer \u00c4ra wie Trude Hesterberg, Margo Lion oder Kate K\u00fchl. Neben den Songs von Weill, Spoliansky und Franz Grothe pr\u00e4sentiert Adi Braun auch Eigenkompositionen, die das Frauen-Bild der \u201eRoaring Twenties\u201c mit kritischem Augenzwinkern hinterfragen. So zum Beispiel im biografischen Song \u201eJosephine\u201c, der der legend\u00e4ren Josephine Baker gewidmet ist. Das 2017 bei Blue Rider Records auf CD erschienene Programm erreichte weit \u00fcber Kanada hinaus eine breite Zuh\u00f6rerschaft. Adi Braun Tour: M\u00e4rz 2019, 21.00 Uhr b-flat, Dircksenstra\u00dfe 40,10178 Berlin M\u00e4rz 2019, 19.30 Uhr, Kurt-Weill-Fest, Marienkirche Dessau &hellip;","og_url":"https:\/\/www.jazzzeitung.de\/cms\/2019\/02\/news-kanadische-saengerin-adi-braun-auf-tour-das-jazzfestival-in-baden-baden-und-sein-soul-schwerpunkt\/","og_site_name":"JazzZeitung","article_publisher":"https:\/\/www.facebook.com\/JazzZeitung\/","article_published_time":"2019-02-28T15:00:09+00:00","og_image":[{"width":3000,"height":2000,"url":"https:\/\/i0.wp.com\/www.jazzzeitung.de\/cms\/wp-content\/uploads\/2019\/02\/CosmosKlein_2_FotoPR.jpg?fit=3000%2C2000&ssl=1","type":"image\/jpeg"}],"author":"Redaktion JazzZeitung","schema":{"@context":"https:\/\/schema.org","@graph":[{"@type":"Article","@id":"https:\/\/www.jazzzeitung.de\/cms\/2019\/02\/news-kanadische-saengerin-adi-braun-auf-tour-das-jazzfestival-in-baden-baden-und-sein-soul-schwerpunkt\/#article","isPartOf":{"@id":"https:\/\/www.jazzzeitung.de\/cms\/2019\/02\/news-kanadische-saengerin-adi-braun-auf-tour-das-jazzfestival-in-baden-baden-und-sein-soul-schwerpunkt\/"},"author":{"name":"Redaktion JazzZeitung","@id":"https:\/\/www.jazzzeitung.de\/cms\/#\/schema\/person\/2245b36b9cd1d24cea10f01c031fb92b"},"headline":"+++ News: +++ Kanadische S\u00e4ngerin Adi Braun auf Tour +++ Das Jazzfestival in Baden-Baden und sein Soul-Schwerpunkt +++","datePublished":"2019-02-28T15:00:09+00:00","mainEntityOfPage":{"@id":"https:\/\/www.jazzzeitung.de\/cms\/2019\/02\/news-kanadische-saengerin-adi-braun-auf-tour-das-jazzfestival-in-baden-baden-und-sein-soul-schwerpunkt\/"},"wordCount":521,"commentCount":0,"publisher":{"@id":"https:\/\/www.jazzzeitung.de\/cms\/#organization"},"image":{"@id":"https:\/\/www.jazzzeitung.de\/cms\/2019\/02\/news-kanadische-saengerin-adi-braun-auf-tour-das-jazzfestival-in-baden-baden-und-sein-soul-schwerpunkt\/#primaryimage"},"thumbnailUrl":"https:\/\/i0.wp.com\/www.jazzzeitung.de\/cms\/wp-content\/uploads\/2019\/02\/CosmosKlein_2_FotoPR.jpg?fit=3000%2C2000&ssl=1","keywords":["2018","2019","Ack van Rooyen","act","All Stars","Barbra Streisand","Bass","Berlin","Big Band","Billy Cobham","CD","Club","Festival","Jazz","Jazzfestival","Jazzszene","Live","News","Nils Landgren","Paul Kuhn","Pop","Rock","S","Seal","Tour","TV"],"articleSection":["News"],"inLanguage":"de","potentialAction":[{"@type":"CommentAction","name":"Comment","target":["https:\/\/www.jazzzeitung.de\/cms\/2019\/02\/news-kanadische-saengerin-adi-braun-auf-tour-das-jazzfestival-in-baden-baden-und-sein-soul-schwerpunkt\/#respond"]}]},{"@type":"WebPage","@id":"https:\/\/www.jazzzeitung.de\/cms\/2019\/02\/news-kanadische-saengerin-adi-braun-auf-tour-das-jazzfestival-in-baden-baden-und-sein-soul-schwerpunkt\/","url":"https:\/\/www.jazzzeitung.de\/cms\/2019\/02\/news-kanadische-saengerin-adi-braun-auf-tour-das-jazzfestival-in-baden-baden-und-sein-soul-schwerpunkt\/","name":"+++ News: +++ Kanadische S\u00e4ngerin Adi Braun auf Tour +++ Das Jazzfestival in Baden-Baden und sein Soul-Schwerpunkt +++ - JazzZeitung","isPartOf":{"@id":"https:\/\/www.jazzzeitung.de\/cms\/#website"},"primaryImageOfPage":{"@id":"https:\/\/www.jazzzeitung.de\/cms\/2019\/02\/news-kanadische-saengerin-adi-braun-auf-tour-das-jazzfestival-in-baden-baden-und-sein-soul-schwerpunkt\/#primaryimage"},"image":{"@id":"https:\/\/www.jazzzeitung.de\/cms\/2019\/02\/news-kanadische-saengerin-adi-braun-auf-tour-das-jazzfestival-in-baden-baden-und-sein-soul-schwerpunkt\/#primaryimage"},"thumbnailUrl":"https:\/\/i0.wp.com\/www.jazzzeitung.de\/cms\/wp-content\/uploads\/2019\/02\/CosmosKlein_2_FotoPR.jpg?fit=3000%2C2000&ssl=1","datePublished":"2019-02-28T15:00:09+00:00","breadcrumb":{"@id":"https:\/\/www.jazzzeitung.de\/cms\/2019\/02\/news-kanadische-saengerin-adi-braun-auf-tour-das-jazzfestival-in-baden-baden-und-sein-soul-schwerpunkt\/#breadcrumb"},"inLanguage":"de","potentialAction":[{"@type":"ReadAction","target":["https:\/\/www.jazzzeitung.de\/cms\/2019\/02\/news-kanadische-saengerin-adi-braun-auf-tour-das-jazzfestival-in-baden-baden-und-sein-soul-schwerpunkt\/"]}]},{"@type":"ImageObject","inLanguage":"de","@id":"https:\/\/www.jazzzeitung.de\/cms\/2019\/02\/news-kanadische-saengerin-adi-braun-auf-tour-das-jazzfestival-in-baden-baden-und-sein-soul-schwerpunkt\/#primaryimage","url":"https:\/\/i0.wp.com\/www.jazzzeitung.de\/cms\/wp-content\/uploads\/2019\/02\/CosmosKlein_2_FotoPR.jpg?fit=3000%2C2000&ssl=1","contentUrl":"https:\/\/i0.wp.com\/www.jazzzeitung.de\/cms\/wp-content\/uploads\/2019\/02\/CosmosKlein_2_FotoPR.jpg?fit=3000%2C2000&ssl=1","width":3000,"height":2000,"caption":"Cosmos Klein"},{"@type":"BreadcrumbList","@id":"https:\/\/www.jazzzeitung.de\/cms\/2019\/02\/news-kanadische-saengerin-adi-braun-auf-tour-das-jazzfestival-in-baden-baden-und-sein-soul-schwerpunkt\/#breadcrumb","itemListElement":[{"@type":"ListItem","position":1,"name":"Startseite","item":"https:\/\/www.jazzzeitung.de\/cms\/"},{"@type":"ListItem","position":2,"name":"+++ News: +++ Kanadische S\u00e4ngerin Adi Braun auf Tour +++ Das Jazzfestival in Baden-Baden und sein Soul-Schwerpunkt +++"}]},{"@type":"WebSite","@id":"https:\/\/www.jazzzeitung.de\/cms\/#website","url":"https:\/\/www.jazzzeitung.de\/cms\/","name":"JazzZeitung","description":"Jazz-News und Jazz-Kontroverses","publisher":{"@id":"https:\/\/www.jazzzeitung.de\/cms\/#organization"},"potentialAction":[{"@type":"SearchAction","target":{"@type":"EntryPoint","urlTemplate":"https:\/\/www.jazzzeitung.de\/cms\/?s={search_term_string}"},"query-input":{"@type":"PropertyValueSpecification","valueRequired":true,"valueName":"search_term_string"}}],"inLanguage":"de"},{"@type":"Organization","@id":"https:\/\/www.jazzzeitung.de\/cms\/#organization","name":"JazzZeitung online","url":"https:\/\/www.jazzzeitung.de\/cms\/","logo":{"@type":"ImageObject","inLanguage":"de","@id":"https:\/\/www.jazzzeitung.de\/cms\/#\/schema\/logo\/image\/","url":"https:\/\/i0.wp.com\/www.jazzzeitung.de\/cms\/wp-content\/uploads\/2015\/08\/JAZZZEITUNGDE_Logo_Neu.png?fit=499%2C200&ssl=1","contentUrl":"https:\/\/i0.wp.com\/www.jazzzeitung.de\/cms\/wp-content\/uploads\/2015\/08\/JAZZZEITUNGDE_Logo_Neu.png?fit=499%2C200&ssl=1","width":499,"height":200,"caption":"JazzZeitung online"},"image":{"@id":"https:\/\/www.jazzzeitung.de\/cms\/#\/schema\/logo\/image\/"},"sameAs":["https:\/\/www.facebook.com\/JazzZeitung\/"]},{"@type":"Person","@id":"https:\/\/www.jazzzeitung.de\/cms\/#\/schema\/person\/2245b36b9cd1d24cea10f01c031fb92b","name":"Redaktion JazzZeitung","image":{"@type":"ImageObject","inLanguage":"de","@id":"https:\/\/i0.wp.com\/www.jazzzeitung.de\/cms\/wp-content\/uploads\/2015\/08\/JAZZZEITUNGDE_Logo_Neu.png?resize=96%2C96&ssl=159975dcacb611b5700bd619b5daf0a7a","url":"https:\/\/i0.wp.com\/www.jazzzeitung.de\/cms\/wp-content\/uploads\/2015\/08\/JAZZZEITUNGDE_Logo_Neu.png?resize=96%2C96&ssl=1","contentUrl":"https:\/\/i0.wp.com\/www.jazzzeitung.de\/cms\/wp-content\/uploads\/2015\/08\/JAZZZEITUNGDE_Logo_Neu.png?resize=96%2C96&ssl=1","caption":"Redaktion JazzZeitung"},"description":"Artikel der Redaktion der JazzZeitung.","sameAs":["http:\/\/www.jazzzeitung.de\/cms\/"],"url":"https:\/\/www.jazzzeitung.de\/cms\/author\/redaktion\/"}]}},"wp-worthy-pixel":{"ignored":false,"public":null,"server":null,"url":null},"wp-worthy-type":"normal","jetpack_publicize_connections":[],"cc_featured_image_caption":{"caption_text":"","source_text":"","source_url":""},"jetpack_featured_media_url":"https:\/\/i0.wp.com\/www.jazzzeitung.de\/cms\/wp-content\/uploads\/2019\/02\/CosmosKlein_2_FotoPR.jpg?fit=3000%2C2000&ssl=1","jetpack_shortlink":"https:\/\/wp.me\/p3KEcT-4Ta","jetpack-related-posts":[{"id":7983,"url":"https:\/\/www.jazzzeitung.de\/cms\/2015\/12\/7983\/","url_meta":{"origin":18796,"position":0},"title":"Der Jazz und die Komponisten der Weimarer Republik","author":"Redaktion JazzZeitung","date":"17. Dezember 2015","format":"gallery","excerpt":"Die Konzertreihe \u201eFeindsender\u201c beleuchtet die kontroverse und tragische Situation des Jazz unter der Nazi-Diktatur. Die Konzerte werden ausf\u00fchrlich moderiert und mit interessanten R\u00fcckblicken auf die Musikszene und Zitaten aus Originalquellen angereichert. Das Ensemble besteht aus Studierenden und Dozenten der Hochschule f\u00fcr Musik und Theater M\u00fcnchen mit dem besonderen Fokus auf\u2026","rel":"","context":"In &quot;Galerie&quot;","block_context":{"text":"Galerie","link":"https:\/\/www.jazzzeitung.de\/cms\/thema\/galerie\/"},"img":{"alt_text":"","src":"https:\/\/i0.wp.com\/www.jazzzeitung.de\/cms\/wp-content\/uploads\/2015\/12\/0K3A0813-Bazijan-Riessler-Jost-dombr.jpg?resize=350%2C200","width":350,"height":200,"srcset":"https:\/\/i0.wp.com\/www.jazzzeitung.de\/cms\/wp-content\/uploads\/2015\/12\/0K3A0813-Bazijan-Riessler-Jost-dombr.jpg?resize=350%2C200 1x, https:\/\/i0.wp.com\/www.jazzzeitung.de\/cms\/wp-content\/uploads\/2015\/12\/0K3A0813-Bazijan-Riessler-Jost-dombr.jpg?resize=525%2C300 1.5x, https:\/\/i0.wp.com\/www.jazzzeitung.de\/cms\/wp-content\/uploads\/2015\/12\/0K3A0813-Bazijan-Riessler-Jost-dombr.jpg?resize=700%2C400 2x, https:\/\/i0.wp.com\/www.jazzzeitung.de\/cms\/wp-content\/uploads\/2015\/12\/0K3A0813-Bazijan-Riessler-Jost-dombr.jpg?resize=1050%2C600 3x"},"classes":[]},{"id":24734,"url":"https:\/\/www.jazzzeitung.de\/cms\/2021\/04\/news-jazzpreis-berlin-2021-an-hannes-zerbe\/","url_meta":{"origin":18796,"position":1},"title":"+++ news +++ Jazzpreis Berlin 2021 an Hannes Zerbe +++","author":"Redaktion JazzZeitung","date":"21. April 2021","format":false,"excerpt":"rbbKultur und die Senatsverwaltung f\u00fcr Kultur und Europa vergeben den Jazzpreis Berlin 2021 an Hannes Zerbe. Der mit 15.000 Euro dotierte Preis wird im Rahmen eines \u00f6ffentlichen Konzertes am Mittwoch, 9. Juni 2021, ab 20.00 Uhr, im Berliner Jazzclub A-Trane verliehen. Hannes Zerbe pr\u00e4gt seit Jahrzehnten die Berliner Jazzszene und\u2026","rel":"","context":"In &quot;News&quot;","block_context":{"text":"News","link":"https:\/\/www.jazzzeitung.de\/cms\/thema\/nachrichten\/"},"img":{"alt_text":"","src":"https:\/\/i0.wp.com\/www.jazzzeitung.de\/cms\/wp-content\/uploads\/2021\/04\/FOTO-Hannes-Zerbe-2018-03-16-_c_rbb-und-neumgraf_de-scaled.jpg?fit=1200%2C801&ssl=1&resize=350%2C200","width":350,"height":200,"srcset":"https:\/\/i0.wp.com\/www.jazzzeitung.de\/cms\/wp-content\/uploads\/2021\/04\/FOTO-Hannes-Zerbe-2018-03-16-_c_rbb-und-neumgraf_de-scaled.jpg?fit=1200%2C801&ssl=1&resize=350%2C200 1x, https:\/\/i0.wp.com\/www.jazzzeitung.de\/cms\/wp-content\/uploads\/2021\/04\/FOTO-Hannes-Zerbe-2018-03-16-_c_rbb-und-neumgraf_de-scaled.jpg?fit=1200%2C801&ssl=1&resize=525%2C300 1.5x, https:\/\/i0.wp.com\/www.jazzzeitung.de\/cms\/wp-content\/uploads\/2021\/04\/FOTO-Hannes-Zerbe-2018-03-16-_c_rbb-und-neumgraf_de-scaled.jpg?fit=1200%2C801&ssl=1&resize=700%2C400 2x, https:\/\/i0.wp.com\/www.jazzzeitung.de\/cms\/wp-content\/uploads\/2021\/04\/FOTO-Hannes-Zerbe-2018-03-16-_c_rbb-und-neumgraf_de-scaled.jpg?fit=1200%2C801&ssl=1&resize=1050%2C600 3x"},"classes":[]},{"id":8375,"url":"https:\/\/www.jazzzeitung.de\/cms\/2016\/02\/news-xjazz-berlin-kreuzberg-benefizkonzert-kaufbeuren-internationales-jazzfestival-diersbach-inntoene-oesterreich\/","url_meta":{"origin":18796,"position":2},"title":"+++ News +++ XJAZZ Berlin Kreuzberg +++ Benefizkonzert in Kaufbeuren +++ Internationales Jazzfestival Diersbach-Innt\u00f6ne \u2013 \u00d6sterreich +++","author":"Redaktion JazzZeitung","date":"14. Februar 2016","format":false,"excerpt":"+++ XJAZZ Berlin Kreuzberg +++ Das XJAZZ Festival geht in die dritte Runde: Vom 5. bis 8. Mai 2016 wird es an 4 Tagen wieder \u00fcber 70 Konzerte in Clubs, Bars und Kirchen in Berlin Kreuzberg geben. Mit fast 13.000 Besuchern 2015 ist das Festival mittlerweile eine feste Institution der\u2026","rel":"","context":"In &quot;Redaktionelle Nachrichten&quot;","block_context":{"text":"Redaktionelle Nachrichten","link":"https:\/\/www.jazzzeitung.de\/cms\/thema\/redaktion\/"},"img":{"alt_text":"Sneaky","src":"https:\/\/i0.wp.com\/www.jazzzeitung.de\/cms\/wp-content\/uploads\/2016\/02\/Sneaky-150x150.jpg?resize=350%2C200","width":350,"height":200},"classes":[]},{"id":32261,"url":"https:\/\/www.jazzzeitung.de\/cms\/2025\/02\/die-eingeschmolzene-jazz-radiowoche-vom-24-02-2025-bis-02-03-2025\/","url_meta":{"origin":18796,"position":3},"title":"Die eingeschmolzene Jazz-Radiowoche vom 24.02.2025 bis 02.03.2025","author":"Martin Hufner","date":"23. Februar 2025","format":false,"excerpt":"Jazz im Radio \u2013 Jeden Sonntag gibt es um 12 Uhr unsere \u00dcbersicht f\u00fcr die jeweils nachfolgende Woche. Die #Jazz-Radiowoche vom 23. Februar bis zum 2. M\u00e4rz 2025. Erheblich ausged\u00fcnnt. Die ARD schafft ihr Radio gewisserma\u00dfen ab. Auch als PDF zum Download \u2013 #Jazz #JazzZeitung #Radio #Radiowoche \u2013 Ein Service\u2026","rel":"","context":"In &quot;News&quot;","block_context":{"text":"News","link":"https:\/\/www.jazzzeitung.de\/cms\/thema\/nachrichten\/"},"img":{"alt_text":"Labyrinthisch. Foto: Hufner","src":"https:\/\/i0.wp.com\/www.jazzzeitung.de\/cms\/wp-content\/uploads\/2025\/02\/labyrinthisch.jpg?fit=1200%2C900&ssl=1&resize=350%2C200","width":350,"height":200,"srcset":"https:\/\/i0.wp.com\/www.jazzzeitung.de\/cms\/wp-content\/uploads\/2025\/02\/labyrinthisch.jpg?fit=1200%2C900&ssl=1&resize=350%2C200 1x, https:\/\/i0.wp.com\/www.jazzzeitung.de\/cms\/wp-content\/uploads\/2025\/02\/labyrinthisch.jpg?fit=1200%2C900&ssl=1&resize=525%2C300 1.5x, https:\/\/i0.wp.com\/www.jazzzeitung.de\/cms\/wp-content\/uploads\/2025\/02\/labyrinthisch.jpg?fit=1200%2C900&ssl=1&resize=700%2C400 2x, https:\/\/i0.wp.com\/www.jazzzeitung.de\/cms\/wp-content\/uploads\/2025\/02\/labyrinthisch.jpg?fit=1200%2C900&ssl=1&resize=1050%2C600 3x"},"classes":[]},{"id":20376,"url":"https:\/\/www.jazzzeitung.de\/cms\/2019\/08\/news-funk-und-jazz-party-am-atlantischen-ozean-4-algarve-smooth-jazz-festival-2019-42-goettinger-jazzfestival-2019\/","url_meta":{"origin":18796,"position":4},"title":"+++ News +++ Funk und Jazz Party am Atlantischen Ozean +++ 4. Algarve Smooth Jazz Festival 2019 +++ 42. G\u00f6ttinger Jazzfestival 2019 +++","author":"Redaktion JazzZeitung","date":"14. August 2019","format":false,"excerpt":"+++Funk und \u00a0Jazz Party am Atlantischen Ozean +++ 4. Algarve Smooth Jazz Festival +++ Im vierten Jahr findet das ALGARVE SMOOTH FESTIVAL in Portugal nun vom 01. bis 06. Oktober 2019 statt. Im Ressort PINE CLIFFS in Albufeira in einer spektakul\u00e4ren Lage am Meer finden die Konzerte auf den roten\u2026","rel":"","context":"In &quot;News&quot;","block_context":{"text":"News","link":"https:\/\/www.jazzzeitung.de\/cms\/thema\/nachrichten\/"},"img":{"alt_text":"","src":"https:\/\/i0.wp.com\/www.jazzzeitung.de\/cms\/wp-content\/uploads\/2019\/08\/CH4_3447-Presse-Q.jpg?fit=1200%2C807&ssl=1&resize=350%2C200","width":350,"height":200,"srcset":"https:\/\/i0.wp.com\/www.jazzzeitung.de\/cms\/wp-content\/uploads\/2019\/08\/CH4_3447-Presse-Q.jpg?fit=1200%2C807&ssl=1&resize=350%2C200 1x, https:\/\/i0.wp.com\/www.jazzzeitung.de\/cms\/wp-content\/uploads\/2019\/08\/CH4_3447-Presse-Q.jpg?fit=1200%2C807&ssl=1&resize=525%2C300 1.5x, https:\/\/i0.wp.com\/www.jazzzeitung.de\/cms\/wp-content\/uploads\/2019\/08\/CH4_3447-Presse-Q.jpg?fit=1200%2C807&ssl=1&resize=700%2C400 2x, https:\/\/i0.wp.com\/www.jazzzeitung.de\/cms\/wp-content\/uploads\/2019\/08\/CH4_3447-Presse-Q.jpg?fit=1200%2C807&ssl=1&resize=1050%2C600 3x"},"classes":[]},{"id":14754,"url":"https:\/\/www.jazzzeitung.de\/cms\/2018\/01\/jubilaeumsjahr-des-bujazzo-startet-mit-38-neuen-musikerinnen-und-musikern\/","url_meta":{"origin":18796,"position":5},"title":"Jubil\u00e4umsjahr des BuJazzO startet mit 38 neuen Musikerinnen und Musikern","author":"Redaktion JazzZeitung","date":"11. Januar 2018","format":false,"excerpt":"Vom 3. bis 6. Januar fanden in Bonn Probespiele des Bundesjazzorchesters (BuJazzO) statt. 211 junge Musikerinnen und Musiker aus ganz Deutschland hatten sich beworben. S\u00e4mtliche Bigband-Positionen sowie das BuJazzO-Vokalensemble wurden neu besetzt. Insgesamt haben 38 Bewerber das Probespiel bestanden, die zu gro\u00dfen Teilen alle an Musikhochschulen studieren und eine Vergangenheit\u2026","rel":"","context":"In &quot;News&quot;","block_context":{"text":"News","link":"https:\/\/www.jazzzeitung.de\/cms\/thema\/nachrichten\/"},"img":{"alt_text":"Jiggs Whigham f\u00fcr das BuJazzO. Foto: Hufner","src":"https:\/\/i0.wp.com\/www.jazzzeitung.de\/cms\/wp-content\/uploads\/2018\/01\/whigham_faust_c_hufner.jpg?fit=1200%2C900&ssl=1&resize=350%2C200","width":350,"height":200,"srcset":"https:\/\/i0.wp.com\/www.jazzzeitung.de\/cms\/wp-content\/uploads\/2018\/01\/whigham_faust_c_hufner.jpg?fit=1200%2C900&ssl=1&resize=350%2C200 1x, https:\/\/i0.wp.com\/www.jazzzeitung.de\/cms\/wp-content\/uploads\/2018\/01\/whigham_faust_c_hufner.jpg?fit=1200%2C900&ssl=1&resize=525%2C300 1.5x, https:\/\/i0.wp.com\/www.jazzzeitung.de\/cms\/wp-content\/uploads\/2018\/01\/whigham_faust_c_hufner.jpg?fit=1200%2C900&ssl=1&resize=700%2C400 2x, https:\/\/i0.wp.com\/www.jazzzeitung.de\/cms\/wp-content\/uploads\/2018\/01\/whigham_faust_c_hufner.jpg?fit=1200%2C900&ssl=1&resize=1050%2C600 3x"},"classes":[]}],"jetpack_sharing_enabled":true,"_links":{"self":[{"href":"https:\/\/www.jazzzeitung.de\/cms\/wp-json\/wp\/v2\/posts\/18796","targetHints":{"allow":["GET"]}}],"collection":[{"href":"https:\/\/www.jazzzeitung.de\/cms\/wp-json\/wp\/v2\/posts"}],"about":[{"href":"https:\/\/www.jazzzeitung.de\/cms\/wp-json\/wp\/v2\/types\/post"}],"author":[{"embeddable":true,"href":"https:\/\/www.jazzzeitung.de\/cms\/wp-json\/wp\/v2\/users\/18"}],"replies":[{"embeddable":true,"href":"https:\/\/www.jazzzeitung.de\/cms\/wp-json\/wp\/v2\/comments?post=18796"}],"version-history":[{"count":8,"href":"https:\/\/www.jazzzeitung.de\/cms\/wp-json\/wp\/v2\/posts\/18796\/revisions"}],"predecessor-version":[{"id":18813,"href":"https:\/\/www.jazzzeitung.de\/cms\/wp-json\/wp\/v2\/posts\/18796\/revisions\/18813"}],"wp:featuredmedia":[{"embeddable":true,"href":"https:\/\/www.jazzzeitung.de\/cms\/wp-json\/wp\/v2\/media\/18799"}],"wp:attachment":[{"href":"https:\/\/www.jazzzeitung.de\/cms\/wp-json\/wp\/v2\/media?parent=18796"}],"wp:term":[{"taxonomy":"category","embeddable":true,"href":"https:\/\/www.jazzzeitung.de\/cms\/wp-json\/wp\/v2\/categories?post=18796"},{"taxonomy":"post_tag","embeddable":true,"href":"https:\/\/www.jazzzeitung.de\/cms\/wp-json\/wp\/v2\/tags?post=18796"},{"taxonomy":"author","embeddable":true,"href":"https:\/\/www.jazzzeitung.de\/cms\/wp-json\/wp\/v2\/coauthors?post=18796"}],"curies":[{"name":"wp","href":"https:\/\/api.w.org\/{rel}","templated":true}]}}