{"id":18679,"date":"2019-02-18T15:00:14","date_gmt":"2019-02-18T14:00:14","guid":{"rendered":"https:\/\/www.jazzzeitung.de\/cms\/?p=18679"},"modified":"2019-02-18T10:28:45","modified_gmt":"2019-02-18T09:28:45","slug":"ein-new-yorker-im-ruhrgebiet-ein-recklinghaeuser-in-new-work-stefan-bauer-und-sein-neues-album-voyage-west","status":"publish","type":"post","link":"https:\/\/www.jazzzeitung.de\/cms\/2019\/02\/ein-new-yorker-im-ruhrgebiet-ein-recklinghaeuser-in-new-work-stefan-bauer-und-sein-neues-album-voyage-west\/","title":{"rendered":"Ein New Yorker im Ruhrgebiet \u2013 ein Recklingh\u00e4user in New Work: Stefan Bauer und sein neues Album \u201eVoyage West&#8220;"},"content":{"rendered":"<p>Der Vibrafonist Stefan Bauer ist mit Leib und Seele ein New Yorker, genauer gesagt ein Musiker aus Brooklyn, aber ebenso ein bekennender, aus Recklinghausen stammender Ruhrgebietsmusiker, der regelm\u00e4\u00dfig zu seinen vielbeachteten \u201eHeimspielen&#8220; viele Jazzgr\u00f6\u00dfen aus NRW mobilisiert. Und Bauer ist in bestem Sinne ein musikalischer Reisender. In dieser Hinsicht betreibt er seit Jahren seine international besetzte Band \u201eVoyage&#8220; als einen \u00fcberaus flexiblen Melting Pot unterschiedlicher Einfl\u00fcsse.<a href=\"https:\/\/i0.wp.com\/www.jazzzeitung.de\/cms\/wp-content\/uploads\/2019\/02\/cover.jpg?ssl=1\"><img data-recalc-dims=\"1\" loading=\"lazy\" decoding=\"async\" data-attachment-id=\"18680\" data-permalink=\"https:\/\/www.jazzzeitung.de\/cms\/2019\/02\/ein-new-yorker-im-ruhrgebiet-ein-recklinghaeuser-in-new-work-stefan-bauer-und-sein-neues-album-voyage-west\/cover-7\/\" data-orig-file=\"https:\/\/i0.wp.com\/www.jazzzeitung.de\/cms\/wp-content\/uploads\/2019\/02\/cover-e1550154573629.jpg?fit=931%2C508&amp;ssl=1\" data-orig-size=\"931,508\" data-comments-opened=\"1\" data-image-meta=\"{&quot;aperture&quot;:&quot;0&quot;,&quot;credit&quot;:&quot;&quot;,&quot;camera&quot;:&quot;&quot;,&quot;caption&quot;:&quot;&quot;,&quot;created_timestamp&quot;:&quot;0&quot;,&quot;copyright&quot;:&quot;&quot;,&quot;focal_length&quot;:&quot;0&quot;,&quot;iso&quot;:&quot;0&quot;,&quot;shutter_speed&quot;:&quot;0&quot;,&quot;title&quot;:&quot;&quot;,&quot;orientation&quot;:&quot;0&quot;}\" data-image-title=\"cover\" data-image-description=\"\" data-image-caption=\"\" data-large-file=\"https:\/\/i0.wp.com\/www.jazzzeitung.de\/cms\/wp-content\/uploads\/2019\/02\/cover-e1550154573629.jpg?fit=840%2C458&amp;ssl=1\" class=\"alignleft wp-image-18680\" src=\"https:\/\/i0.wp.com\/www.jazzzeitung.de\/cms\/wp-content\/uploads\/2019\/02\/cover.jpg?resize=286%2C286&#038;ssl=1\" alt=\"\" width=\"286\" height=\"286\" \/><\/a><\/p>\n<p>Der neuesten Wurf dieser Band, das Album \u201eVoyage West&#8220; featured vor allem die israelische S\u00e4ngerin Tammy Scheffer. \u00dcblicherweise agiert diese Vokalk\u00fcnstlerin als gleichberechtigtes \u201eInstrument&#8220; in der Band, sticht aber auf dem neuen Album durch besonders ausgiebige Bravourparts hervor, derweil ihr die Bandmitglieder mit umgemein flexibler Spielfreude den roten Teppich ausrollen.<\/p>\n<p>Scheffer, der es vor allem nah\u00f6stliche und indische Musikstile angetan haben, verwebt auf den langen St\u00fccken eine weit ausgedehnte Melismatik mit den Jazzimprovisationen ihrer Band, wobei es vor allem immer wieder zu aufregenden unisono-Parforecitten kommt. Das neue Album er\u00f6ffnet in dieser Hinsicht erfrischende, neue Inspirationsquellen, etwa traditionelle nordische Melodien oder musikalische Themen, die wie alte englische Folktunes wirken. Gemeinsam sch\u00f6pft die Band daraus ein aufregend variantenreiches Farbspektrum. Vor allem zwischen Tammy Scheffers Gesangslinien und Stefan Bauers, gerne die dunklen Klangfarben auskostenden Vibrafon- und Marimbafonspiel, kommt es zu Begegnungen mit dem harmonisch Unbekannten. Das Ausloten von M\u00f6glichkeiten ist hier Programm! Aufhorchen l\u00e4sst auch Chris Bacas mit seinen sensiblen Sopran- und Tenorsax-Einlagen, die manchmal ordentlich expressiven Druck aufbauen oder aber &#8211; und vor allem das f\u00f6rdert besonders starke Momente zutage! \u2013 den Gesang von Tammy Scheffer hautnah umspielen. Dies trifft \u00fcbrigens auch f\u00fcr den Bassisten Jim Vivian in perfekter Weise zu.<\/p>\n<p>Nach vielen musikalischen neuen Wegen und musikalischen Umwegen ist dann schlie\u00dflich die Zeit reif f\u00fcr ein gro\u00dfes Standard: Dramaturgisch eindr\u00fccklich gelingt schon die Einleitung &#8211; dann schon erhebt sich Duke Ellingtons \u201eCaravan&#8220; \u00fcber jeden historischen Zeitkontext. Die sinnliche Melodie von Ellingtons St\u00fcck mit seiner exotischen Strahlkraft gibt Tammy Scheffer unersch\u00f6pflich Futter f\u00fcr weitgespannte vokale B\u00f6gen. Und letztlich wirkt dieses St\u00fcck an dieser Stelle symbolhaft f\u00fcr das, was Jazz braucht, und was in der Band Voyage West mit so viel Herzblut betrieben wird: N\u00e4mlich allen Einfl\u00fcssen, Farben und Kulturen aufgeschlossen und tolerant gegen\u00fcber zu stehen.<\/p>\n<p>Im Fall von Stefan Bauers Voyage Band kann diese neue CD eine gute Hinf\u00fchrung zu einem Liveerlebnis sein: Im M\u00e4rz geht es auf Tournee durch NRWs Jazzspielst\u00e4tten. Finale ist am 11.3.2019 im Recklingh\u00e4user Ruhrfestspielhaus.<\/p>\n<p>Text: Stefan Pieper<\/p>\n<p>&nbsp;<\/p>\n<p><strong>CD: Stefan Bauer <\/strong><\/p>\n<p>Chris Bacas \u2013 Sopran &amp; Tenorsaxophone | Tammy Scheffer \u2013 Voice | Stefan Bauer \u2013 Vibes\/Marimba | Jim Vivian \u2013 Bass | Yonga Sun \u2013 Drums (Photo: Lloyd Smith)<\/p>\n<p>&nbsp;<\/p>\n<p><strong>Termine:<\/strong><\/p>\n<p>06.03.2019 Bergkamen \u201eGalerie Sole 1&#8243; 19:30 Uhr<br \/>\n07.03.2019 Herne \u201eFlottmann Hallen&#8220; 20:00 Uhr<br \/>\n08.03.2019 D\u00fcsseldorf \u201eJazzschmiede&#8220; 20:00 Uhr<br \/>\n09.03.2019 Sendenhorst \u201eHaus Siekmann&#8220; 20:00 Uhr<br \/>\n10.03.2019 K\u00f6ln \u201eFreiraum Galerie&#8220; 19:00 Uhr<br \/>\n11.03.2019 Recklinghausen \u201eRuhrfestspielhaus&#8220; 20:00 Uhr<\/p>\n<p>&nbsp;<\/p>\n<p>&nbsp;<\/p>\n<p>&nbsp;<\/p>\n<p>&nbsp;<\/p>\n","protected":false},"excerpt":{"rendered":"<p>Der Vibrafonist Stefan Bauer ist mit Leib und Seele ein New Yorker, genauer gesagt ein Musiker aus Brooklyn, aber ebenso ein bekennender, aus Recklinghausen stammender Ruhrgebietsmusiker, der regelm\u00e4\u00dfig zu seinen vielbeachteten \u201eHeimspielen&#8220; viele Jazzgr\u00f6\u00dfen aus NRW mobilisiert. Und Bauer ist in bestem Sinne ein musikalischer Reisender. In dieser Hinsicht betreibt er seit Jahren seine international besetzte Band \u201eVoyage&#8220; als einen \u00fcberaus flexiblen Melting Pot unterschiedlicher Einfl\u00fcsse. Der neuesten Wurf dieser Band, das Album \u201eVoyage West&#8220; featured vor allem die israelische S\u00e4ngerin Tammy Scheffer. \u00dcblicherweise agiert diese Vokalk\u00fcnstlerin als gleichberechtigtes \u201eInstrument&#8220; in der Band, sticht aber auf dem neuen Album durch besonders ausgiebige Bravourparts hervor, derweil ihr die Bandmitglieder mit umgemein flexibler Spielfreude den roten Teppich ausrollen. Scheffer, der es vor allem nah\u00f6stliche und indische Musikstile angetan haben, verwebt auf den langen St\u00fccken eine weit ausgedehnte Melismatik mit den Jazzimprovisationen ihrer Band, wobei es vor allem immer wieder zu aufregenden unisono-Parforecitten kommt. Das neue Album er\u00f6ffnet in dieser Hinsicht erfrischende, neue Inspirationsquellen, etwa traditionelle nordische Melodien oder musikalische Themen, die wie alte englische Folktunes wirken. Gemeinsam sch\u00f6pft die Band daraus ein aufregend variantenreiches Farbspektrum. Vor allem &hellip;<\/p>\n","protected":false},"author":18,"featured_media":18680,"comment_status":"open","ping_status":"closed","sticky":false,"template":"","format":"standard","meta":{"_jetpack_memberships_contains_paid_content":false,"footnotes":"","jetpack_publicize_message":"","jetpack_publicize_feature_enabled":true,"jetpack_social_post_already_shared":false,"jetpack_social_options":{"image_generator_settings":{"template":"highway","default_image_id":0,"font":"","enabled":false},"version":2}},"categories":[1152],"tags":[2019,34,1763,109,140,1422,1876,852,2139,1129,1095],"coauthors":[695,1765],"class_list":["post-18679","post","type-post","status-publish","format-standard","has-post-thumbnail","hentry","category-rezension","tag-2019","tag-album","tag-bass","tag-cd","tag-die-zeit","tag-gesang","tag-jazz","tag-koeln","tag-s","tag-stefan-pieper","tag-tournee"],"yoast_head":"<!-- This site is optimized with the Yoast SEO plugin v27.5 - https:\/\/yoast.com\/product\/yoast-seo-wordpress\/ -->\n<title>Ein New Yorker im Ruhrgebiet \u2013 ein Recklingh\u00e4user in New Work: Stefan Bauer und sein neues Album \u201eVoyage West&quot; - JazzZeitung<\/title>\n<meta name=\"robots\" content=\"index, follow, max-snippet:-1, max-image-preview:large, max-video-preview:-1\" \/>\n<link rel=\"canonical\" href=\"https:\/\/www.jazzzeitung.de\/cms\/2019\/02\/ein-new-yorker-im-ruhrgebiet-ein-recklinghaeuser-in-new-work-stefan-bauer-und-sein-neues-album-voyage-west\/\" \/>\n<meta property=\"og:locale\" content=\"de_DE\" \/>\n<meta property=\"og:type\" content=\"article\" \/>\n<meta property=\"og:title\" content=\"Ein New Yorker im Ruhrgebiet \u2013 ein Recklingh\u00e4user in New Work: Stefan Bauer und sein neues Album \u201eVoyage West&quot; - JazzZeitung\" \/>\n<meta property=\"og:description\" content=\"Der Vibrafonist Stefan Bauer ist mit Leib und Seele ein New Yorker, genauer gesagt ein Musiker aus Brooklyn, aber ebenso ein bekennender, aus Recklinghausen stammender Ruhrgebietsmusiker, der regelm\u00e4\u00dfig zu seinen vielbeachteten \u201eHeimspielen&#8220; viele Jazzgr\u00f6\u00dfen aus NRW mobilisiert. Und Bauer ist in bestem Sinne ein musikalischer Reisender. In dieser Hinsicht betreibt er seit Jahren seine international besetzte Band \u201eVoyage&#8220; als einen \u00fcberaus flexiblen Melting Pot unterschiedlicher Einfl\u00fcsse. Der neuesten Wurf dieser Band, das Album \u201eVoyage West&#8220; featured vor allem die israelische S\u00e4ngerin Tammy Scheffer. \u00dcblicherweise agiert diese Vokalk\u00fcnstlerin als gleichberechtigtes \u201eInstrument&#8220; in der Band, sticht aber auf dem neuen Album durch besonders ausgiebige Bravourparts hervor, derweil ihr die Bandmitglieder mit umgemein flexibler Spielfreude den roten Teppich ausrollen. Scheffer, der es vor allem nah\u00f6stliche und indische Musikstile angetan haben, verwebt auf den langen St\u00fccken eine weit ausgedehnte Melismatik mit den Jazzimprovisationen ihrer Band, wobei es vor allem immer wieder zu aufregenden unisono-Parforecitten kommt. Das neue Album er\u00f6ffnet in dieser Hinsicht erfrischende, neue Inspirationsquellen, etwa traditionelle nordische Melodien oder musikalische Themen, die wie alte englische Folktunes wirken. Gemeinsam sch\u00f6pft die Band daraus ein aufregend variantenreiches Farbspektrum. Vor allem &hellip;\" \/>\n<meta property=\"og:url\" content=\"https:\/\/www.jazzzeitung.de\/cms\/2019\/02\/ein-new-yorker-im-ruhrgebiet-ein-recklinghaeuser-in-new-work-stefan-bauer-und-sein-neues-album-voyage-west\/\" \/>\n<meta property=\"og:site_name\" content=\"JazzZeitung\" \/>\n<meta property=\"article:publisher\" content=\"https:\/\/www.facebook.com\/JazzZeitung\/\" \/>\n<meta property=\"article:published_time\" content=\"2019-02-18T14:00:14+00:00\" \/>\n<meta property=\"og:image\" content=\"https:\/\/i0.wp.com\/www.jazzzeitung.de\/cms\/wp-content\/uploads\/2019\/02\/cover-e1550154573629.jpg?fit=931%2C508&ssl=1\" \/>\n\t<meta property=\"og:image:width\" content=\"931\" \/>\n\t<meta property=\"og:image:height\" content=\"508\" \/>\n\t<meta property=\"og:image:type\" content=\"image\/jpeg\" \/>\n<meta name=\"author\" content=\"Redaktion JazzZeitung, Michael Scheiner\" \/>\n<script type=\"application\/ld+json\" class=\"yoast-schema-graph\">{\"@context\":\"https:\\\/\\\/schema.org\",\"@graph\":[{\"@type\":\"Article\",\"@id\":\"https:\\\/\\\/www.jazzzeitung.de\\\/cms\\\/2019\\\/02\\\/ein-new-yorker-im-ruhrgebiet-ein-recklinghaeuser-in-new-work-stefan-bauer-und-sein-neues-album-voyage-west\\\/#article\",\"isPartOf\":{\"@id\":\"https:\\\/\\\/www.jazzzeitung.de\\\/cms\\\/2019\\\/02\\\/ein-new-yorker-im-ruhrgebiet-ein-recklinghaeuser-in-new-work-stefan-bauer-und-sein-neues-album-voyage-west\\\/\"},\"author\":{\"name\":\"Redaktion JazzZeitung\",\"@id\":\"https:\\\/\\\/www.jazzzeitung.de\\\/cms\\\/#\\\/schema\\\/person\\\/2245b36b9cd1d24cea10f01c031fb92b\"},\"headline\":\"Ein New Yorker im Ruhrgebiet \u2013 ein Recklingh\u00e4user in New Work: Stefan Bauer und sein neues Album \u201eVoyage West&#8220;\",\"datePublished\":\"2019-02-18T14:00:14+00:00\",\"mainEntityOfPage\":{\"@id\":\"https:\\\/\\\/www.jazzzeitung.de\\\/cms\\\/2019\\\/02\\\/ein-new-yorker-im-ruhrgebiet-ein-recklinghaeuser-in-new-work-stefan-bauer-und-sein-neues-album-voyage-west\\\/\"},\"wordCount\":498,\"commentCount\":0,\"publisher\":{\"@id\":\"https:\\\/\\\/www.jazzzeitung.de\\\/cms\\\/#organization\"},\"image\":{\"@id\":\"https:\\\/\\\/www.jazzzeitung.de\\\/cms\\\/2019\\\/02\\\/ein-new-yorker-im-ruhrgebiet-ein-recklinghaeuser-in-new-work-stefan-bauer-und-sein-neues-album-voyage-west\\\/#primaryimage\"},\"thumbnailUrl\":\"https:\\\/\\\/i0.wp.com\\\/www.jazzzeitung.de\\\/cms\\\/wp-content\\\/uploads\\\/2019\\\/02\\\/cover-e1550154573629.jpg?fit=931%2C508&ssl=1\",\"keywords\":[\"2019\",\"Album\",\"Bass\",\"CD\",\"die ZEIT\",\"Gesang\",\"Jazz\",\"K\u00f6ln\",\"S\",\"Stefan Pieper\",\"Tournee\"],\"articleSection\":[\"Rezension\"],\"inLanguage\":\"de\",\"potentialAction\":[{\"@type\":\"CommentAction\",\"name\":\"Comment\",\"target\":[\"https:\\\/\\\/www.jazzzeitung.de\\\/cms\\\/2019\\\/02\\\/ein-new-yorker-im-ruhrgebiet-ein-recklinghaeuser-in-new-work-stefan-bauer-und-sein-neues-album-voyage-west\\\/#respond\"]}]},{\"@type\":\"WebPage\",\"@id\":\"https:\\\/\\\/www.jazzzeitung.de\\\/cms\\\/2019\\\/02\\\/ein-new-yorker-im-ruhrgebiet-ein-recklinghaeuser-in-new-work-stefan-bauer-und-sein-neues-album-voyage-west\\\/\",\"url\":\"https:\\\/\\\/www.jazzzeitung.de\\\/cms\\\/2019\\\/02\\\/ein-new-yorker-im-ruhrgebiet-ein-recklinghaeuser-in-new-work-stefan-bauer-und-sein-neues-album-voyage-west\\\/\",\"name\":\"Ein New Yorker im Ruhrgebiet \u2013 ein Recklingh\u00e4user in New Work: Stefan Bauer und sein neues Album \u201eVoyage West\\\" - JazzZeitung\",\"isPartOf\":{\"@id\":\"https:\\\/\\\/www.jazzzeitung.de\\\/cms\\\/#website\"},\"primaryImageOfPage\":{\"@id\":\"https:\\\/\\\/www.jazzzeitung.de\\\/cms\\\/2019\\\/02\\\/ein-new-yorker-im-ruhrgebiet-ein-recklinghaeuser-in-new-work-stefan-bauer-und-sein-neues-album-voyage-west\\\/#primaryimage\"},\"image\":{\"@id\":\"https:\\\/\\\/www.jazzzeitung.de\\\/cms\\\/2019\\\/02\\\/ein-new-yorker-im-ruhrgebiet-ein-recklinghaeuser-in-new-work-stefan-bauer-und-sein-neues-album-voyage-west\\\/#primaryimage\"},\"thumbnailUrl\":\"https:\\\/\\\/i0.wp.com\\\/www.jazzzeitung.de\\\/cms\\\/wp-content\\\/uploads\\\/2019\\\/02\\\/cover-e1550154573629.jpg?fit=931%2C508&ssl=1\",\"datePublished\":\"2019-02-18T14:00:14+00:00\",\"breadcrumb\":{\"@id\":\"https:\\\/\\\/www.jazzzeitung.de\\\/cms\\\/2019\\\/02\\\/ein-new-yorker-im-ruhrgebiet-ein-recklinghaeuser-in-new-work-stefan-bauer-und-sein-neues-album-voyage-west\\\/#breadcrumb\"},\"inLanguage\":\"de\",\"potentialAction\":[{\"@type\":\"ReadAction\",\"target\":[\"https:\\\/\\\/www.jazzzeitung.de\\\/cms\\\/2019\\\/02\\\/ein-new-yorker-im-ruhrgebiet-ein-recklinghaeuser-in-new-work-stefan-bauer-und-sein-neues-album-voyage-west\\\/\"]}]},{\"@type\":\"ImageObject\",\"inLanguage\":\"de\",\"@id\":\"https:\\\/\\\/www.jazzzeitung.de\\\/cms\\\/2019\\\/02\\\/ein-new-yorker-im-ruhrgebiet-ein-recklinghaeuser-in-new-work-stefan-bauer-und-sein-neues-album-voyage-west\\\/#primaryimage\",\"url\":\"https:\\\/\\\/i0.wp.com\\\/www.jazzzeitung.de\\\/cms\\\/wp-content\\\/uploads\\\/2019\\\/02\\\/cover-e1550154573629.jpg?fit=931%2C508&ssl=1\",\"contentUrl\":\"https:\\\/\\\/i0.wp.com\\\/www.jazzzeitung.de\\\/cms\\\/wp-content\\\/uploads\\\/2019\\\/02\\\/cover-e1550154573629.jpg?fit=931%2C508&ssl=1\",\"width\":931,\"height\":508},{\"@type\":\"BreadcrumbList\",\"@id\":\"https:\\\/\\\/www.jazzzeitung.de\\\/cms\\\/2019\\\/02\\\/ein-new-yorker-im-ruhrgebiet-ein-recklinghaeuser-in-new-work-stefan-bauer-und-sein-neues-album-voyage-west\\\/#breadcrumb\",\"itemListElement\":[{\"@type\":\"ListItem\",\"position\":1,\"name\":\"Startseite\",\"item\":\"https:\\\/\\\/www.jazzzeitung.de\\\/cms\\\/\"},{\"@type\":\"ListItem\",\"position\":2,\"name\":\"Ein New Yorker im Ruhrgebiet \u2013 ein Recklingh\u00e4user in New Work: Stefan Bauer und sein neues Album \u201eVoyage West&#8220;\"}]},{\"@type\":\"WebSite\",\"@id\":\"https:\\\/\\\/www.jazzzeitung.de\\\/cms\\\/#website\",\"url\":\"https:\\\/\\\/www.jazzzeitung.de\\\/cms\\\/\",\"name\":\"JazzZeitung\",\"description\":\"Jazz-News und Jazz-Kontroverses\",\"publisher\":{\"@id\":\"https:\\\/\\\/www.jazzzeitung.de\\\/cms\\\/#organization\"},\"potentialAction\":[{\"@type\":\"SearchAction\",\"target\":{\"@type\":\"EntryPoint\",\"urlTemplate\":\"https:\\\/\\\/www.jazzzeitung.de\\\/cms\\\/?s={search_term_string}\"},\"query-input\":{\"@type\":\"PropertyValueSpecification\",\"valueRequired\":true,\"valueName\":\"search_term_string\"}}],\"inLanguage\":\"de\"},{\"@type\":\"Organization\",\"@id\":\"https:\\\/\\\/www.jazzzeitung.de\\\/cms\\\/#organization\",\"name\":\"JazzZeitung online\",\"url\":\"https:\\\/\\\/www.jazzzeitung.de\\\/cms\\\/\",\"logo\":{\"@type\":\"ImageObject\",\"inLanguage\":\"de\",\"@id\":\"https:\\\/\\\/www.jazzzeitung.de\\\/cms\\\/#\\\/schema\\\/logo\\\/image\\\/\",\"url\":\"https:\\\/\\\/i0.wp.com\\\/www.jazzzeitung.de\\\/cms\\\/wp-content\\\/uploads\\\/2015\\\/08\\\/JAZZZEITUNGDE_Logo_Neu.png?fit=499%2C200&ssl=1\",\"contentUrl\":\"https:\\\/\\\/i0.wp.com\\\/www.jazzzeitung.de\\\/cms\\\/wp-content\\\/uploads\\\/2015\\\/08\\\/JAZZZEITUNGDE_Logo_Neu.png?fit=499%2C200&ssl=1\",\"width\":499,\"height\":200,\"caption\":\"JazzZeitung online\"},\"image\":{\"@id\":\"https:\\\/\\\/www.jazzzeitung.de\\\/cms\\\/#\\\/schema\\\/logo\\\/image\\\/\"},\"sameAs\":[\"https:\\\/\\\/www.facebook.com\\\/JazzZeitung\\\/\"]},{\"@type\":\"Person\",\"@id\":\"https:\\\/\\\/www.jazzzeitung.de\\\/cms\\\/#\\\/schema\\\/person\\\/2245b36b9cd1d24cea10f01c031fb92b\",\"name\":\"Redaktion JazzZeitung\",\"image\":{\"@type\":\"ImageObject\",\"inLanguage\":\"de\",\"@id\":\"https:\\\/\\\/i0.wp.com\\\/www.jazzzeitung.de\\\/cms\\\/wp-content\\\/uploads\\\/2015\\\/08\\\/JAZZZEITUNGDE_Logo_Neu.png?resize=96%2C96&ssl=159975dcacb611b5700bd619b5daf0a7a\",\"url\":\"https:\\\/\\\/i0.wp.com\\\/www.jazzzeitung.de\\\/cms\\\/wp-content\\\/uploads\\\/2015\\\/08\\\/JAZZZEITUNGDE_Logo_Neu.png?resize=96%2C96&ssl=1\",\"contentUrl\":\"https:\\\/\\\/i0.wp.com\\\/www.jazzzeitung.de\\\/cms\\\/wp-content\\\/uploads\\\/2015\\\/08\\\/JAZZZEITUNGDE_Logo_Neu.png?resize=96%2C96&ssl=1\",\"caption\":\"Redaktion JazzZeitung\"},\"description\":\"Artikel der Redaktion der JazzZeitung.\",\"sameAs\":[\"http:\\\/\\\/www.jazzzeitung.de\\\/cms\\\/\"],\"url\":\"https:\\\/\\\/www.jazzzeitung.de\\\/cms\\\/author\\\/redaktion\\\/\"}]}<\/script>\n<!-- \/ Yoast SEO plugin. -->","yoast_head_json":{"title":"Ein New Yorker im Ruhrgebiet \u2013 ein Recklingh\u00e4user in New Work: Stefan Bauer und sein neues Album \u201eVoyage West\" - JazzZeitung","robots":{"index":"index","follow":"follow","max-snippet":"max-snippet:-1","max-image-preview":"max-image-preview:large","max-video-preview":"max-video-preview:-1"},"canonical":"https:\/\/www.jazzzeitung.de\/cms\/2019\/02\/ein-new-yorker-im-ruhrgebiet-ein-recklinghaeuser-in-new-work-stefan-bauer-und-sein-neues-album-voyage-west\/","og_locale":"de_DE","og_type":"article","og_title":"Ein New Yorker im Ruhrgebiet \u2013 ein Recklingh\u00e4user in New Work: Stefan Bauer und sein neues Album \u201eVoyage West\" - JazzZeitung","og_description":"Der Vibrafonist Stefan Bauer ist mit Leib und Seele ein New Yorker, genauer gesagt ein Musiker aus Brooklyn, aber ebenso ein bekennender, aus Recklinghausen stammender Ruhrgebietsmusiker, der regelm\u00e4\u00dfig zu seinen vielbeachteten \u201eHeimspielen&#8220; viele Jazzgr\u00f6\u00dfen aus NRW mobilisiert. Und Bauer ist in bestem Sinne ein musikalischer Reisender. In dieser Hinsicht betreibt er seit Jahren seine international besetzte Band \u201eVoyage&#8220; als einen \u00fcberaus flexiblen Melting Pot unterschiedlicher Einfl\u00fcsse. Der neuesten Wurf dieser Band, das Album \u201eVoyage West&#8220; featured vor allem die israelische S\u00e4ngerin Tammy Scheffer. \u00dcblicherweise agiert diese Vokalk\u00fcnstlerin als gleichberechtigtes \u201eInstrument&#8220; in der Band, sticht aber auf dem neuen Album durch besonders ausgiebige Bravourparts hervor, derweil ihr die Bandmitglieder mit umgemein flexibler Spielfreude den roten Teppich ausrollen. Scheffer, der es vor allem nah\u00f6stliche und indische Musikstile angetan haben, verwebt auf den langen St\u00fccken eine weit ausgedehnte Melismatik mit den Jazzimprovisationen ihrer Band, wobei es vor allem immer wieder zu aufregenden unisono-Parforecitten kommt. Das neue Album er\u00f6ffnet in dieser Hinsicht erfrischende, neue Inspirationsquellen, etwa traditionelle nordische Melodien oder musikalische Themen, die wie alte englische Folktunes wirken. Gemeinsam sch\u00f6pft die Band daraus ein aufregend variantenreiches Farbspektrum. Vor allem &hellip;","og_url":"https:\/\/www.jazzzeitung.de\/cms\/2019\/02\/ein-new-yorker-im-ruhrgebiet-ein-recklinghaeuser-in-new-work-stefan-bauer-und-sein-neues-album-voyage-west\/","og_site_name":"JazzZeitung","article_publisher":"https:\/\/www.facebook.com\/JazzZeitung\/","article_published_time":"2019-02-18T14:00:14+00:00","og_image":[{"width":931,"height":508,"url":"https:\/\/i0.wp.com\/www.jazzzeitung.de\/cms\/wp-content\/uploads\/2019\/02\/cover-e1550154573629.jpg?fit=931%2C508&ssl=1","type":"image\/jpeg"}],"author":"Redaktion JazzZeitung, Michael Scheiner","schema":{"@context":"https:\/\/schema.org","@graph":[{"@type":"Article","@id":"https:\/\/www.jazzzeitung.de\/cms\/2019\/02\/ein-new-yorker-im-ruhrgebiet-ein-recklinghaeuser-in-new-work-stefan-bauer-und-sein-neues-album-voyage-west\/#article","isPartOf":{"@id":"https:\/\/www.jazzzeitung.de\/cms\/2019\/02\/ein-new-yorker-im-ruhrgebiet-ein-recklinghaeuser-in-new-work-stefan-bauer-und-sein-neues-album-voyage-west\/"},"author":{"name":"Redaktion JazzZeitung","@id":"https:\/\/www.jazzzeitung.de\/cms\/#\/schema\/person\/2245b36b9cd1d24cea10f01c031fb92b"},"headline":"Ein New Yorker im Ruhrgebiet \u2013 ein Recklingh\u00e4user in New Work: Stefan Bauer und sein neues Album \u201eVoyage West&#8220;","datePublished":"2019-02-18T14:00:14+00:00","mainEntityOfPage":{"@id":"https:\/\/www.jazzzeitung.de\/cms\/2019\/02\/ein-new-yorker-im-ruhrgebiet-ein-recklinghaeuser-in-new-work-stefan-bauer-und-sein-neues-album-voyage-west\/"},"wordCount":498,"commentCount":0,"publisher":{"@id":"https:\/\/www.jazzzeitung.de\/cms\/#organization"},"image":{"@id":"https:\/\/www.jazzzeitung.de\/cms\/2019\/02\/ein-new-yorker-im-ruhrgebiet-ein-recklinghaeuser-in-new-work-stefan-bauer-und-sein-neues-album-voyage-west\/#primaryimage"},"thumbnailUrl":"https:\/\/i0.wp.com\/www.jazzzeitung.de\/cms\/wp-content\/uploads\/2019\/02\/cover-e1550154573629.jpg?fit=931%2C508&ssl=1","keywords":["2019","Album","Bass","CD","die ZEIT","Gesang","Jazz","K\u00f6ln","S","Stefan Pieper","Tournee"],"articleSection":["Rezension"],"inLanguage":"de","potentialAction":[{"@type":"CommentAction","name":"Comment","target":["https:\/\/www.jazzzeitung.de\/cms\/2019\/02\/ein-new-yorker-im-ruhrgebiet-ein-recklinghaeuser-in-new-work-stefan-bauer-und-sein-neues-album-voyage-west\/#respond"]}]},{"@type":"WebPage","@id":"https:\/\/www.jazzzeitung.de\/cms\/2019\/02\/ein-new-yorker-im-ruhrgebiet-ein-recklinghaeuser-in-new-work-stefan-bauer-und-sein-neues-album-voyage-west\/","url":"https:\/\/www.jazzzeitung.de\/cms\/2019\/02\/ein-new-yorker-im-ruhrgebiet-ein-recklinghaeuser-in-new-work-stefan-bauer-und-sein-neues-album-voyage-west\/","name":"Ein New Yorker im Ruhrgebiet \u2013 ein Recklingh\u00e4user in New Work: Stefan Bauer und sein neues Album \u201eVoyage West\" - JazzZeitung","isPartOf":{"@id":"https:\/\/www.jazzzeitung.de\/cms\/#website"},"primaryImageOfPage":{"@id":"https:\/\/www.jazzzeitung.de\/cms\/2019\/02\/ein-new-yorker-im-ruhrgebiet-ein-recklinghaeuser-in-new-work-stefan-bauer-und-sein-neues-album-voyage-west\/#primaryimage"},"image":{"@id":"https:\/\/www.jazzzeitung.de\/cms\/2019\/02\/ein-new-yorker-im-ruhrgebiet-ein-recklinghaeuser-in-new-work-stefan-bauer-und-sein-neues-album-voyage-west\/#primaryimage"},"thumbnailUrl":"https:\/\/i0.wp.com\/www.jazzzeitung.de\/cms\/wp-content\/uploads\/2019\/02\/cover-e1550154573629.jpg?fit=931%2C508&ssl=1","datePublished":"2019-02-18T14:00:14+00:00","breadcrumb":{"@id":"https:\/\/www.jazzzeitung.de\/cms\/2019\/02\/ein-new-yorker-im-ruhrgebiet-ein-recklinghaeuser-in-new-work-stefan-bauer-und-sein-neues-album-voyage-west\/#breadcrumb"},"inLanguage":"de","potentialAction":[{"@type":"ReadAction","target":["https:\/\/www.jazzzeitung.de\/cms\/2019\/02\/ein-new-yorker-im-ruhrgebiet-ein-recklinghaeuser-in-new-work-stefan-bauer-und-sein-neues-album-voyage-west\/"]}]},{"@type":"ImageObject","inLanguage":"de","@id":"https:\/\/www.jazzzeitung.de\/cms\/2019\/02\/ein-new-yorker-im-ruhrgebiet-ein-recklinghaeuser-in-new-work-stefan-bauer-und-sein-neues-album-voyage-west\/#primaryimage","url":"https:\/\/i0.wp.com\/www.jazzzeitung.de\/cms\/wp-content\/uploads\/2019\/02\/cover-e1550154573629.jpg?fit=931%2C508&ssl=1","contentUrl":"https:\/\/i0.wp.com\/www.jazzzeitung.de\/cms\/wp-content\/uploads\/2019\/02\/cover-e1550154573629.jpg?fit=931%2C508&ssl=1","width":931,"height":508},{"@type":"BreadcrumbList","@id":"https:\/\/www.jazzzeitung.de\/cms\/2019\/02\/ein-new-yorker-im-ruhrgebiet-ein-recklinghaeuser-in-new-work-stefan-bauer-und-sein-neues-album-voyage-west\/#breadcrumb","itemListElement":[{"@type":"ListItem","position":1,"name":"Startseite","item":"https:\/\/www.jazzzeitung.de\/cms\/"},{"@type":"ListItem","position":2,"name":"Ein New Yorker im Ruhrgebiet \u2013 ein Recklingh\u00e4user in New Work: Stefan Bauer und sein neues Album \u201eVoyage West&#8220;"}]},{"@type":"WebSite","@id":"https:\/\/www.jazzzeitung.de\/cms\/#website","url":"https:\/\/www.jazzzeitung.de\/cms\/","name":"JazzZeitung","description":"Jazz-News und Jazz-Kontroverses","publisher":{"@id":"https:\/\/www.jazzzeitung.de\/cms\/#organization"},"potentialAction":[{"@type":"SearchAction","target":{"@type":"EntryPoint","urlTemplate":"https:\/\/www.jazzzeitung.de\/cms\/?s={search_term_string}"},"query-input":{"@type":"PropertyValueSpecification","valueRequired":true,"valueName":"search_term_string"}}],"inLanguage":"de"},{"@type":"Organization","@id":"https:\/\/www.jazzzeitung.de\/cms\/#organization","name":"JazzZeitung online","url":"https:\/\/www.jazzzeitung.de\/cms\/","logo":{"@type":"ImageObject","inLanguage":"de","@id":"https:\/\/www.jazzzeitung.de\/cms\/#\/schema\/logo\/image\/","url":"https:\/\/i0.wp.com\/www.jazzzeitung.de\/cms\/wp-content\/uploads\/2015\/08\/JAZZZEITUNGDE_Logo_Neu.png?fit=499%2C200&ssl=1","contentUrl":"https:\/\/i0.wp.com\/www.jazzzeitung.de\/cms\/wp-content\/uploads\/2015\/08\/JAZZZEITUNGDE_Logo_Neu.png?fit=499%2C200&ssl=1","width":499,"height":200,"caption":"JazzZeitung online"},"image":{"@id":"https:\/\/www.jazzzeitung.de\/cms\/#\/schema\/logo\/image\/"},"sameAs":["https:\/\/www.facebook.com\/JazzZeitung\/"]},{"@type":"Person","@id":"https:\/\/www.jazzzeitung.de\/cms\/#\/schema\/person\/2245b36b9cd1d24cea10f01c031fb92b","name":"Redaktion JazzZeitung","image":{"@type":"ImageObject","inLanguage":"de","@id":"https:\/\/i0.wp.com\/www.jazzzeitung.de\/cms\/wp-content\/uploads\/2015\/08\/JAZZZEITUNGDE_Logo_Neu.png?resize=96%2C96&ssl=159975dcacb611b5700bd619b5daf0a7a","url":"https:\/\/i0.wp.com\/www.jazzzeitung.de\/cms\/wp-content\/uploads\/2015\/08\/JAZZZEITUNGDE_Logo_Neu.png?resize=96%2C96&ssl=1","contentUrl":"https:\/\/i0.wp.com\/www.jazzzeitung.de\/cms\/wp-content\/uploads\/2015\/08\/JAZZZEITUNGDE_Logo_Neu.png?resize=96%2C96&ssl=1","caption":"Redaktion JazzZeitung"},"description":"Artikel der Redaktion der JazzZeitung.","sameAs":["http:\/\/www.jazzzeitung.de\/cms\/"],"url":"https:\/\/www.jazzzeitung.de\/cms\/author\/redaktion\/"}]}},"wp-worthy-pixel":{"ignored":false,"public":null,"server":null,"url":null},"wp-worthy-type":"normal","jetpack_publicize_connections":[],"cc_featured_image_caption":{"caption_text":"","source_text":"","source_url":""},"jetpack_featured_media_url":"https:\/\/i0.wp.com\/www.jazzzeitung.de\/cms\/wp-content\/uploads\/2019\/02\/cover-e1550154573629.jpg?fit=931%2C508&ssl=1","jetpack_shortlink":"https:\/\/wp.me\/p3KEcT-4Rh","jetpack-related-posts":[{"id":23567,"url":"https:\/\/www.jazzzeitung.de\/cms\/2020\/10\/welten-kollidieren-das-kollektiv-soniq-mit-stefan-bauer-und-rhani-krija-in-der-essener-zeche-carl\/","url_meta":{"origin":18679,"position":0},"title":"Welten kollidieren: Das Kollektiv Soniq mit Stefan Bauer und Rhani Krija in der Essener Zeche Carl","author":"Redaktion JazzZeitung","date":"9. Oktober 2020","format":false,"excerpt":"Lehrreiche Einfl\u00fcsse Soniq ist mehr als eine Band. Seit mittlerweile vier Jahren geht es Christina Fuchs (Saxofon), Jarry Singla (Piano) und dem indischen Perkussionistin Ramesh Shotam um das integrative Potenzial im Jazz. Aktuell nahmen die drei den gefragten marokkanischen Perkussionisten Rhani Krija und den Vibrafonisten Stefan Bauer in ihre Mitte.\u2026","rel":"","context":"In &quot;Bericht&quot;","block_context":{"text":"Bericht","link":"https:\/\/www.jazzzeitung.de\/cms\/thema\/bericht\/"},"img":{"alt_text":"","src":"https:\/\/i0.wp.com\/www.jazzzeitung.de\/cms\/wp-content\/uploads\/2020\/10\/Rhani-Krija2-scaled-e1601983844416.jpg?fit=1200%2C762&ssl=1&resize=350%2C200","width":350,"height":200,"srcset":"https:\/\/i0.wp.com\/www.jazzzeitung.de\/cms\/wp-content\/uploads\/2020\/10\/Rhani-Krija2-scaled-e1601983844416.jpg?fit=1200%2C762&ssl=1&resize=350%2C200 1x, https:\/\/i0.wp.com\/www.jazzzeitung.de\/cms\/wp-content\/uploads\/2020\/10\/Rhani-Krija2-scaled-e1601983844416.jpg?fit=1200%2C762&ssl=1&resize=525%2C300 1.5x, https:\/\/i0.wp.com\/www.jazzzeitung.de\/cms\/wp-content\/uploads\/2020\/10\/Rhani-Krija2-scaled-e1601983844416.jpg?fit=1200%2C762&ssl=1&resize=700%2C400 2x, https:\/\/i0.wp.com\/www.jazzzeitung.de\/cms\/wp-content\/uploads\/2020\/10\/Rhani-Krija2-scaled-e1601983844416.jpg?fit=1200%2C762&ssl=1&resize=1050%2C600 3x"},"classes":[]},{"id":28046,"url":"https:\/\/www.jazzzeitung.de\/cms\/2022\/08\/klingendes-wimmelbild-reza-askaris-trio-roar-ft-christopher-dell-neu-auf-cd\/","url_meta":{"origin":18679,"position":1},"title":"Klingendes Wimmelbild: Reza Askaris Trio Roar ft. Christopher Dell neu auf CD","author":"Redaktion JazzZeitung","date":"11. August 2022","format":false,"excerpt":"(Von Sophie Emilie Beha) Diese CD springt mich an: knalliges Orange des Tontr\u00e4gers auf absolutem Schwarz. Genauso in-my-face ist die Musik der Gruppe Roar. In zehn St\u00fccken vereint die Band um Bassist Reza Askari Pl\u00f6tzlichkeit, Zielstrebigkeit, Komplexit\u00e4t und Fragmentarisches \u2013 stets durchdrungen von Humor und basaler Spielfreude. \u201eGuts\u201c beginnt zun\u00e4chst\u2026","rel":"","context":"In &quot;Rezension&quot;","block_context":{"text":"Rezension","link":"https:\/\/www.jazzzeitung.de\/cms\/thema\/rezension\/"},"img":{"alt_text":"","src":"https:\/\/i0.wp.com\/www.jazzzeitung.de\/cms\/wp-content\/uploads\/2022\/08\/Beha-Rezension-Askari-Roar.jpg?fit=1200%2C902&ssl=1&resize=350%2C200","width":350,"height":200,"srcset":"https:\/\/i0.wp.com\/www.jazzzeitung.de\/cms\/wp-content\/uploads\/2022\/08\/Beha-Rezension-Askari-Roar.jpg?fit=1200%2C902&ssl=1&resize=350%2C200 1x, https:\/\/i0.wp.com\/www.jazzzeitung.de\/cms\/wp-content\/uploads\/2022\/08\/Beha-Rezension-Askari-Roar.jpg?fit=1200%2C902&ssl=1&resize=525%2C300 1.5x, https:\/\/i0.wp.com\/www.jazzzeitung.de\/cms\/wp-content\/uploads\/2022\/08\/Beha-Rezension-Askari-Roar.jpg?fit=1200%2C902&ssl=1&resize=700%2C400 2x, https:\/\/i0.wp.com\/www.jazzzeitung.de\/cms\/wp-content\/uploads\/2022\/08\/Beha-Rezension-Askari-Roar.jpg?fit=1200%2C902&ssl=1&resize=1050%2C600 3x"},"classes":[]},{"id":8250,"url":"https:\/\/www.jazzzeitung.de\/cms\/2016\/01\/mystery-beauty-karolina-strassmayer-drori-mondlak-klaro-lilypad-music-lpm-623\/","url_meta":{"origin":18679,"position":2},"title":"Of Mystery And Beauty: Karolina Strassmayer &#038; Drori Mondlak mit neuer CD","author":"Redaktion JazzZeitung","date":"30. Januar 2016","format":false,"excerpt":"Feinsten Jazz mit ausgefeilten Soli und passgenauem, gef\u00fchlvollen Zusammenspiel bietet die neue CD der \u00f6sterreichischen Altsaxophonistin Karolina Strassmayer und des Jazz-Schlagzeugers Drori Mondlak, die dieses Mal im Quartett mit Klavier und Bass zu h\u00f6ren sind. Der New Yorker Schlagzeuger und die Saxophonistin aus Mittendorf in der Steiermark, aus deren Feder\u2026","rel":"","context":"In &quot;Rezension&quot;","block_context":{"text":"Rezension","link":"https:\/\/www.jazzzeitung.de\/cms\/thema\/rezension\/"},"img":{"alt_text":"","src":"https:\/\/i0.wp.com\/www.jazzzeitung.de\/cms\/wp-content\/uploads\/2016\/01\/Strassmayer-150x150.jpg?resize=350%2C200","width":350,"height":200},"classes":[]},{"id":13076,"url":"https:\/\/www.jazzzeitung.de\/cms\/2017\/07\/cd-rezension-ehwald-schultze-rainey-behind-her-eyes\/","url_meta":{"origin":18679,"position":3},"title":"CD-Rezension: Ehwald-Schultze-Rainey &#8211; Behind Her Eyes","author":"Redaktion JazzZeitung","date":"19. Juli 2017","format":false,"excerpt":"Ein Atem, der zum Ton, zum melodischen Motiv wird. Ein Klaviermotiv wie ein Echo. Eine Z\u00e4sur, die mindestens genauso viel zu sagen hat, wie der betont offene Dialog, den sich der Saxofonist Peter Ehwald und sein pianistischer Partner Stefan Schultze leisten, zeigt sich gerade zu Beginn des neuen Albums als\u2026","rel":"","context":"In &quot;Rezension&quot;","block_context":{"text":"Rezension","link":"https:\/\/www.jazzzeitung.de\/cms\/thema\/rezension\/"},"img":{"alt_text":"","src":"https:\/\/i0.wp.com\/www.jazzzeitung.de\/cms\/wp-content\/uploads\/2017\/07\/peter-ehwald-cover-150x150.jpg?resize=350%2C200&ssl=1","width":350,"height":200},"classes":[]},{"id":29161,"url":"https:\/\/www.jazzzeitung.de\/cms\/2023\/02\/dunkle-andacht-im-spirituellen-raum-bohren-und-der-club-of-gore-bei-urban-urtyp-in-der-bochumer-christuskirche\/","url_meta":{"origin":18679,"position":4},"title":"Dunkle Andacht im spirituellen Raum: Bohren und der Club of Gore bei urban urtyp in der Bochumer Christuskirche","author":"Redaktion JazzZeitung","date":"24. Februar 2023","format":false,"excerpt":"(von Stefan Pieper) \u201eBohren und der Club of Gore\u201d wurden schon mit allerhand Attributen beschrieben \u2013 eines davon lautet immerhin \u201eHorror-Jazz\u201d \u2013, die aber alle irgendwie in ein schwarzes Loch hinein laufen, wo ein Mysterium mit magischer Anziehungskraft \u00fcbrig bleibt: Langsam ist die Musik, manchmal sogar noch langsamer. Oder sogar\u2026","rel":"","context":"In &quot;News&quot;","block_context":{"text":"News","link":"https:\/\/www.jazzzeitung.de\/cms\/thema\/nachrichten\/"},"img":{"alt_text":"","src":"https:\/\/i0.wp.com\/www.jazzzeitung.de\/cms\/wp-content\/uploads\/2023\/02\/DSC04435-scaled.jpg?fit=1200%2C1200&ssl=1&resize=350%2C200","width":350,"height":200,"srcset":"https:\/\/i0.wp.com\/www.jazzzeitung.de\/cms\/wp-content\/uploads\/2023\/02\/DSC04435-scaled.jpg?fit=1200%2C1200&ssl=1&resize=350%2C200 1x, https:\/\/i0.wp.com\/www.jazzzeitung.de\/cms\/wp-content\/uploads\/2023\/02\/DSC04435-scaled.jpg?fit=1200%2C1200&ssl=1&resize=525%2C300 1.5x, https:\/\/i0.wp.com\/www.jazzzeitung.de\/cms\/wp-content\/uploads\/2023\/02\/DSC04435-scaled.jpg?fit=1200%2C1200&ssl=1&resize=700%2C400 2x, https:\/\/i0.wp.com\/www.jazzzeitung.de\/cms\/wp-content\/uploads\/2023\/02\/DSC04435-scaled.jpg?fit=1200%2C1200&ssl=1&resize=1050%2C600 3x"},"classes":[]},{"id":26572,"url":"https:\/\/www.jazzzeitung.de\/cms\/2022\/01\/protest-ist-moeglich-the-dorf-ueberrascht-mit-seinem-konzeptalbum\/","url_meta":{"origin":18679,"position":5},"title":"Protest ist m\u00f6glich: The Dorf \u00fcberrascht mit seinem Konzeptalbum","author":"Redaktion JazzZeitung","date":"21. Januar 2022","format":false,"excerpt":"15 Jahre nach der Bandgr\u00fcndung reflektieren Jan Klare und seine Band The Dorf gesellschaftliche Zust\u00e4nde \u2013 und machen musikalisch m\u00e4chtig Druck dabei Das aktuelle Album von \u201eThe Dorf\u201c irritiert so manchen treuen Fan. Yes! No! Protest Possible steht auf dem Cover. Die Musik klingt genauso, wie diese Optik suggeriert und\u2026","rel":"","context":"In &quot;Rezension&quot;","block_context":{"text":"Rezension","link":"https:\/\/www.jazzzeitung.de\/cms\/thema\/rezension\/"},"img":{"alt_text":"","src":"https:\/\/i0.wp.com\/www.jazzzeitung.de\/cms\/wp-content\/uploads\/2022\/01\/KlareProtest3954190958_10.jpg?fit=1200%2C1080&ssl=1&resize=350%2C200","width":350,"height":200,"srcset":"https:\/\/i0.wp.com\/www.jazzzeitung.de\/cms\/wp-content\/uploads\/2022\/01\/KlareProtest3954190958_10.jpg?fit=1200%2C1080&ssl=1&resize=350%2C200 1x, https:\/\/i0.wp.com\/www.jazzzeitung.de\/cms\/wp-content\/uploads\/2022\/01\/KlareProtest3954190958_10.jpg?fit=1200%2C1080&ssl=1&resize=525%2C300 1.5x, https:\/\/i0.wp.com\/www.jazzzeitung.de\/cms\/wp-content\/uploads\/2022\/01\/KlareProtest3954190958_10.jpg?fit=1200%2C1080&ssl=1&resize=700%2C400 2x, https:\/\/i0.wp.com\/www.jazzzeitung.de\/cms\/wp-content\/uploads\/2022\/01\/KlareProtest3954190958_10.jpg?fit=1200%2C1080&ssl=1&resize=1050%2C600 3x"},"classes":[]}],"jetpack_sharing_enabled":true,"_links":{"self":[{"href":"https:\/\/www.jazzzeitung.de\/cms\/wp-json\/wp\/v2\/posts\/18679","targetHints":{"allow":["GET"]}}],"collection":[{"href":"https:\/\/www.jazzzeitung.de\/cms\/wp-json\/wp\/v2\/posts"}],"about":[{"href":"https:\/\/www.jazzzeitung.de\/cms\/wp-json\/wp\/v2\/types\/post"}],"author":[{"embeddable":true,"href":"https:\/\/www.jazzzeitung.de\/cms\/wp-json\/wp\/v2\/users\/18"}],"replies":[{"embeddable":true,"href":"https:\/\/www.jazzzeitung.de\/cms\/wp-json\/wp\/v2\/comments?post=18679"}],"version-history":[{"count":6,"href":"https:\/\/www.jazzzeitung.de\/cms\/wp-json\/wp\/v2\/posts\/18679\/revisions"}],"predecessor-version":[{"id":18712,"href":"https:\/\/www.jazzzeitung.de\/cms\/wp-json\/wp\/v2\/posts\/18679\/revisions\/18712"}],"wp:featuredmedia":[{"embeddable":true,"href":"https:\/\/www.jazzzeitung.de\/cms\/wp-json\/wp\/v2\/media\/18680"}],"wp:attachment":[{"href":"https:\/\/www.jazzzeitung.de\/cms\/wp-json\/wp\/v2\/media?parent=18679"}],"wp:term":[{"taxonomy":"category","embeddable":true,"href":"https:\/\/www.jazzzeitung.de\/cms\/wp-json\/wp\/v2\/categories?post=18679"},{"taxonomy":"post_tag","embeddable":true,"href":"https:\/\/www.jazzzeitung.de\/cms\/wp-json\/wp\/v2\/tags?post=18679"},{"taxonomy":"author","embeddable":true,"href":"https:\/\/www.jazzzeitung.de\/cms\/wp-json\/wp\/v2\/coauthors?post=18679"}],"curies":[{"name":"wp","href":"https:\/\/api.w.org\/{rel}","templated":true}]}}