{"id":18557,"date":"2019-02-06T11:00:38","date_gmt":"2019-02-06T10:00:38","guid":{"rendered":"https:\/\/www.jazzzeitung.de\/cms\/?p=18557"},"modified":"2019-02-05T16:27:07","modified_gmt":"2019-02-05T15:27:07","slug":"news-jazzahead-kulturfestival-in-bremen","status":"publish","type":"post","link":"https:\/\/www.jazzzeitung.de\/cms\/2019\/02\/news-jazzahead-kulturfestival-in-bremen\/","title":{"rendered":"+++ News: +++ \u201ejazzahead!\u201c- Kulturfestival in Bremen +++"},"content":{"rendered":"<h3><strong>H\u00e5kon Kornstad und Mari Boine: Norwegen jazzt in Bremen<\/strong><\/h3>\n<p>Die Fachmesse jazzahead! findet \u00a0vom 25. bis zum 28. April 2019, in der Messe Bremen statt, begleitet vom Kulturfestival des diesj\u00e4hrigen Partnerlandes Norwegen, das bereits am 13. April startet. Offiziell er\u00f6ffnet wird das zweiw\u00f6chige Festival mit einem Doppelkonzert im Theater am Goetheplatz. Auf dem Programm stehen neben viel Musik auch Literatur, Film, Kunst, Theater und mehr.<\/p>\n<p>Es sei eine Ehre, Partnerland der jazzahead! 2019 zu sein, sagt Aslaug Nygard, Botschaftsr\u00e4tin f\u00fcr Kultur der Norwegischen Botschaft in Berlin. \u201eVon der weltgr\u00f6\u00dften Jazz-Messe als relevantes Jazz-Land wahrgenommen zu werden, ist aber mehr \u2013 eine einzigartige Gelegenheit, um die norwegische Musik in Deutschland noch bekannter zu machen.\u201c Die K\u00fcnstler des Abends, das H\u00e5kon Kornstad Trio und Mari Boine, seien seit Langem etabliert. \u201eSie sind beste Beispiele daf\u00fcr, wie verschiedene Einfl\u00fcsse neue musikalische Ans\u00e4tze hervorzubringen verm\u00f6gen.\u201c<\/p>\n<figure id=\"attachment_18559\" aria-describedby=\"caption-attachment-18559\" style=\"width: 300px\" class=\"wp-caption alignleft\"><a href=\"https:\/\/i0.wp.com\/www.jazzzeitung.de\/cms\/wp-content\/uploads\/2019\/02\/Mari_Boine_Credit_Gregor-Hohenberg_004_highres.jpg?ssl=1\"><img data-recalc-dims=\"1\" loading=\"lazy\" decoding=\"async\" data-attachment-id=\"18559\" data-permalink=\"https:\/\/www.jazzzeitung.de\/cms\/2019\/02\/news-jazzahead-kulturfestival-in-bremen\/mari_boine_credit_gregor-hohenberg_004_highres\/\" data-orig-file=\"https:\/\/i0.wp.com\/www.jazzzeitung.de\/cms\/wp-content\/uploads\/2019\/02\/Mari_Boine_Credit_Gregor-Hohenberg_004_highres.jpg?fit=5642%2C3761&amp;ssl=1\" data-orig-size=\"5642,3761\" data-comments-opened=\"1\" data-image-meta=\"{&quot;aperture&quot;:&quot;0&quot;,&quot;credit&quot;:&quot;&quot;,&quot;camera&quot;:&quot;Canon EOS 5D Mark III&quot;,&quot;caption&quot;:&quot;&quot;,&quot;created_timestamp&quot;:&quot;0&quot;,&quot;copyright&quot;:&quot;www.gregor-hohenberg.com&quot;,&quot;focal_length&quot;:&quot;0&quot;,&quot;iso&quot;:&quot;0&quot;,&quot;shutter_speed&quot;:&quot;0&quot;,&quot;title&quot;:&quot;&quot;,&quot;orientation&quot;:&quot;1&quot;}\" data-image-title=\"\" data-image-description=\"\" data-image-caption=\"&lt;p&gt;Mari Boine. Foto: Gregor Hohenberg&lt;\/p&gt;\n\" data-large-file=\"https:\/\/i0.wp.com\/www.jazzzeitung.de\/cms\/wp-content\/uploads\/2019\/02\/Mari_Boine_Credit_Gregor-Hohenberg_004_highres.jpg?fit=840%2C560&amp;ssl=1\" class=\"size-medium wp-image-18559\" src=\"https:\/\/i0.wp.com\/www.jazzzeitung.de\/cms\/wp-content\/uploads\/2019\/02\/Mari_Boine_Credit_Gregor-Hohenberg_004_highres.jpg?resize=300%2C200&#038;ssl=1\" alt=\"\" width=\"300\" height=\"200\" srcset=\"https:\/\/i0.wp.com\/www.jazzzeitung.de\/cms\/wp-content\/uploads\/2019\/02\/Mari_Boine_Credit_Gregor-Hohenberg_004_highres.jpg?resize=300%2C200&amp;ssl=1 300w, https:\/\/i0.wp.com\/www.jazzzeitung.de\/cms\/wp-content\/uploads\/2019\/02\/Mari_Boine_Credit_Gregor-Hohenberg_004_highres.jpg?resize=768%2C512&amp;ssl=1 768w, https:\/\/i0.wp.com\/www.jazzzeitung.de\/cms\/wp-content\/uploads\/2019\/02\/Mari_Boine_Credit_Gregor-Hohenberg_004_highres.jpg?resize=900%2C600&amp;ssl=1 900w, https:\/\/i0.wp.com\/www.jazzzeitung.de\/cms\/wp-content\/uploads\/2019\/02\/Mari_Boine_Credit_Gregor-Hohenberg_004_highres.jpg?resize=600%2C400&amp;ssl=1 600w, https:\/\/i0.wp.com\/www.jazzzeitung.de\/cms\/wp-content\/uploads\/2019\/02\/Mari_Boine_Credit_Gregor-Hohenberg_004_highres.jpg?resize=120%2C80&amp;ssl=1 120w, https:\/\/i0.wp.com\/www.jazzzeitung.de\/cms\/wp-content\/uploads\/2019\/02\/Mari_Boine_Credit_Gregor-Hohenberg_004_highres.jpg?w=1680&amp;ssl=1 1680w, https:\/\/i0.wp.com\/www.jazzzeitung.de\/cms\/wp-content\/uploads\/2019\/02\/Mari_Boine_Credit_Gregor-Hohenberg_004_highres.jpg?w=2520&amp;ssl=1 2520w\" sizes=\"auto, (max-width: 300px) 100vw, 300px\" \/><\/a><figcaption id=\"caption-attachment-18559\" class=\"wp-caption-text\">Mari Boine. Foto: Gregor Hohenberg<\/figcaption><\/figure>\n<p>Den ersten Teil des Abends bestreitet das Trio rund um den Saxophonisten und ausgebildeten Operns\u00e4nger H\u00e5kon Kornstad. Die drei Musiker stellen ihr neuestes Album \u201eIm Treibhaus\u201c mit Interpretationen und Improvisationen rund um Arien und Kunstlieder der Romantik vor, das Stilgrenzen ausdehnt, \u00fcberwindet und zum Verschmelzen bringt. \u201eNat\u00fcrlich pr\u00e4sentieren wir das Titel gebende St\u00fcck. Es stammt von keinem Geringeren als Richard Wagner, der es als Studie zur Oper Tristan und Isolde bezeichnete\u201c, k\u00fcndigt Kornstad an.<\/p>\n<p>Mari Boine, die f\u00fcr die Mischung von samischem Gesang mit Jazz, Rock und Pop bekannt ist, gestaltet die zweite H\u00e4lfte des Konzerts. In Bremen schl\u00e4gt die Sami-Aktivistin mit ihrer exotischen Stimme den Bogen von ihrem Album \u201eGula Gula\u201c (\u201eH\u00f6re die Stimmen der Vorm\u00fctter\u201c), das ihr vor mehr als 30 Jahren den Durchbruch brachte, bis zu ihrer j\u00fcngsten Ver\u00f6ffentlichung \u201eSee the woman\u201c. Bislang habe ihre Musik oft einen \u201eschamanistischen Unterton\u201c gehabt, sagt die S\u00e4ngerin. Nun verschaffe ihr der Sound von Keyboards und Synthesizern \u201eden Raum, komplexere Geschichten zu erz\u00e4hlen\u201c, so Mari Boine, f\u00fcr die der Mut zu Ver\u00e4nderung und Wagnis Lebensprinzip ist.<\/p>\n<p><a href=\"http:\/\/www.jazzahead.de\">www.jazzahead.de<\/a><\/p>\n","protected":false},"excerpt":{"rendered":"<p>H\u00e5kon Kornstad und Mari Boine: Norwegen jazzt in Bremen Die Fachmesse jazzahead! findet \u00a0vom 25. bis zum 28. April 2019, in der Messe Bremen statt, begleitet vom Kulturfestival des diesj\u00e4hrigen Partnerlandes Norwegen, das bereits am 13. April startet. Offiziell er\u00f6ffnet wird das zweiw\u00f6chige Festival mit einem Doppelkonzert im Theater am Goetheplatz. Auf dem Programm stehen neben viel Musik auch Literatur, Film, Kunst, Theater und mehr. Es sei eine Ehre, Partnerland der jazzahead! 2019 zu sein, sagt Aslaug Nygard, Botschaftsr\u00e4tin f\u00fcr Kultur der Norwegischen Botschaft in Berlin. \u201eVon der weltgr\u00f6\u00dften Jazz-Messe als relevantes Jazz-Land wahrgenommen zu werden, ist aber mehr \u2013 eine einzigartige Gelegenheit, um die norwegische Musik in Deutschland noch bekannter zu machen.\u201c Die K\u00fcnstler des Abends, das H\u00e5kon Kornstad Trio und Mari Boine, seien seit Langem etabliert. \u201eSie sind beste Beispiele daf\u00fcr, wie verschiedene Einfl\u00fcsse neue musikalische Ans\u00e4tze hervorzubringen verm\u00f6gen.\u201c Den ersten Teil des Abends bestreitet das Trio rund um den Saxophonisten und ausgebildeten Operns\u00e4nger H\u00e5kon Kornstad. Die drei Musiker stellen ihr neuestes Album \u201eIm Treibhaus\u201c mit Interpretationen und Improvisationen rund um Arien und Kunstlieder der Romantik vor, das Stilgrenzen ausdehnt, \u00fcberwindet und zum &hellip;<\/p>\n","protected":false},"author":18,"featured_media":18558,"comment_status":"open","ping_status":"closed","sticky":false,"template":"","format":"standard","meta":{"_jetpack_memberships_contains_paid_content":false,"footnotes":"","jetpack_publicize_message":"","jetpack_publicize_feature_enabled":true,"jetpack_social_post_already_shared":false,"jetpack_social_options":{"image_generator_settings":{"template":"highway","default_image_id":0,"font":"","enabled":false},"version":2}},"categories":[633],"tags":[2019,34,66,95,137,3,1351,1422,1876,268,327,1505,1951,447,698,1250,2139,1356],"coauthors":[695],"class_list":["post-18557","post","type-post","status-publish","format-standard","has-post-thumbnail","hentry","category-nachrichten","tag-2019","tag-album","tag-berlin","tag-bremen","tag-deutschland","tag-festival","tag-film","tag-gesang","tag-jazz","tag-jazzahead","tag-kultur","tag-messe-bremen","tag-news","tag-pop","tag-richard-wagner","tag-rock","tag-s","tag-trio"],"yoast_head":"<!-- This site is optimized with the Yoast SEO plugin v27.5 - https:\/\/yoast.com\/product\/yoast-seo-wordpress\/ -->\n<title>+++ News: +++ \u201ejazzahead!\u201c- Kulturfestival in Bremen +++ - JazzZeitung<\/title>\n<meta name=\"robots\" content=\"index, follow, max-snippet:-1, max-image-preview:large, max-video-preview:-1\" \/>\n<link rel=\"canonical\" href=\"https:\/\/www.jazzzeitung.de\/cms\/2019\/02\/news-jazzahead-kulturfestival-in-bremen\/\" \/>\n<meta property=\"og:locale\" content=\"de_DE\" \/>\n<meta property=\"og:type\" content=\"article\" \/>\n<meta property=\"og:title\" content=\"+++ News: +++ \u201ejazzahead!\u201c- Kulturfestival in Bremen +++ - JazzZeitung\" \/>\n<meta property=\"og:description\" content=\"H\u00e5kon Kornstad und Mari Boine: Norwegen jazzt in Bremen Die Fachmesse jazzahead! findet \u00a0vom 25. bis zum 28. April 2019, in der Messe Bremen statt, begleitet vom Kulturfestival des diesj\u00e4hrigen Partnerlandes Norwegen, das bereits am 13. April startet. Offiziell er\u00f6ffnet wird das zweiw\u00f6chige Festival mit einem Doppelkonzert im Theater am Goetheplatz. Auf dem Programm stehen neben viel Musik auch Literatur, Film, Kunst, Theater und mehr. Es sei eine Ehre, Partnerland der jazzahead! 2019 zu sein, sagt Aslaug Nygard, Botschaftsr\u00e4tin f\u00fcr Kultur der Norwegischen Botschaft in Berlin. \u201eVon der weltgr\u00f6\u00dften Jazz-Messe als relevantes Jazz-Land wahrgenommen zu werden, ist aber mehr \u2013 eine einzigartige Gelegenheit, um die norwegische Musik in Deutschland noch bekannter zu machen.\u201c Die K\u00fcnstler des Abends, das H\u00e5kon Kornstad Trio und Mari Boine, seien seit Langem etabliert. \u201eSie sind beste Beispiele daf\u00fcr, wie verschiedene Einfl\u00fcsse neue musikalische Ans\u00e4tze hervorzubringen verm\u00f6gen.\u201c Den ersten Teil des Abends bestreitet das Trio rund um den Saxophonisten und ausgebildeten Operns\u00e4nger H\u00e5kon Kornstad. Die drei Musiker stellen ihr neuestes Album \u201eIm Treibhaus\u201c mit Interpretationen und Improvisationen rund um Arien und Kunstlieder der Romantik vor, das Stilgrenzen ausdehnt, \u00fcberwindet und zum &hellip;\" \/>\n<meta property=\"og:url\" content=\"https:\/\/www.jazzzeitung.de\/cms\/2019\/02\/news-jazzahead-kulturfestival-in-bremen\/\" \/>\n<meta property=\"og:site_name\" content=\"JazzZeitung\" \/>\n<meta property=\"article:publisher\" content=\"https:\/\/www.facebook.com\/JazzZeitung\/\" \/>\n<meta property=\"article:published_time\" content=\"2019-02-06T10:00:38+00:00\" \/>\n<meta property=\"og:image\" content=\"https:\/\/i0.wp.com\/www.jazzzeitung.de\/cms\/wp-content\/uploads\/2019\/02\/Hakon-Kornstad-3_Photo-Andreas-Ulvo.jpg?fit=2997%2C2000&ssl=1\" \/>\n\t<meta property=\"og:image:width\" content=\"2997\" \/>\n\t<meta property=\"og:image:height\" content=\"2000\" \/>\n\t<meta property=\"og:image:type\" content=\"image\/jpeg\" \/>\n<meta name=\"author\" content=\"Redaktion JazzZeitung\" \/>\n<script type=\"application\/ld+json\" class=\"yoast-schema-graph\">{\"@context\":\"https:\\\/\\\/schema.org\",\"@graph\":[{\"@type\":\"Article\",\"@id\":\"https:\\\/\\\/www.jazzzeitung.de\\\/cms\\\/2019\\\/02\\\/news-jazzahead-kulturfestival-in-bremen\\\/#article\",\"isPartOf\":{\"@id\":\"https:\\\/\\\/www.jazzzeitung.de\\\/cms\\\/2019\\\/02\\\/news-jazzahead-kulturfestival-in-bremen\\\/\"},\"author\":{\"name\":\"Redaktion JazzZeitung\",\"@id\":\"https:\\\/\\\/www.jazzzeitung.de\\\/cms\\\/#\\\/schema\\\/person\\\/2245b36b9cd1d24cea10f01c031fb92b\"},\"headline\":\"+++ News: +++ \u201ejazzahead!\u201c- Kulturfestival in Bremen +++\",\"datePublished\":\"2019-02-06T10:00:38+00:00\",\"mainEntityOfPage\":{\"@id\":\"https:\\\/\\\/www.jazzzeitung.de\\\/cms\\\/2019\\\/02\\\/news-jazzahead-kulturfestival-in-bremen\\\/\"},\"wordCount\":360,\"commentCount\":0,\"publisher\":{\"@id\":\"https:\\\/\\\/www.jazzzeitung.de\\\/cms\\\/#organization\"},\"image\":{\"@id\":\"https:\\\/\\\/www.jazzzeitung.de\\\/cms\\\/2019\\\/02\\\/news-jazzahead-kulturfestival-in-bremen\\\/#primaryimage\"},\"thumbnailUrl\":\"https:\\\/\\\/i0.wp.com\\\/www.jazzzeitung.de\\\/cms\\\/wp-content\\\/uploads\\\/2019\\\/02\\\/Hakon-Kornstad-3_Photo-Andreas-Ulvo.jpg?fit=2997%2C2000&ssl=1\",\"keywords\":[\"2019\",\"Album\",\"Berlin\",\"Bremen\",\"Deutschland\",\"Festival\",\"Film\",\"Gesang\",\"Jazz\",\"Jazzahead\",\"Kultur\",\"Messe Bremen\",\"News\",\"Pop\",\"Richard Wagner\",\"Rock\",\"S\",\"trio\"],\"articleSection\":[\"News\"],\"inLanguage\":\"de\",\"potentialAction\":[{\"@type\":\"CommentAction\",\"name\":\"Comment\",\"target\":[\"https:\\\/\\\/www.jazzzeitung.de\\\/cms\\\/2019\\\/02\\\/news-jazzahead-kulturfestival-in-bremen\\\/#respond\"]}]},{\"@type\":\"WebPage\",\"@id\":\"https:\\\/\\\/www.jazzzeitung.de\\\/cms\\\/2019\\\/02\\\/news-jazzahead-kulturfestival-in-bremen\\\/\",\"url\":\"https:\\\/\\\/www.jazzzeitung.de\\\/cms\\\/2019\\\/02\\\/news-jazzahead-kulturfestival-in-bremen\\\/\",\"name\":\"+++ News: +++ \u201ejazzahead!\u201c- Kulturfestival in Bremen +++ - JazzZeitung\",\"isPartOf\":{\"@id\":\"https:\\\/\\\/www.jazzzeitung.de\\\/cms\\\/#website\"},\"primaryImageOfPage\":{\"@id\":\"https:\\\/\\\/www.jazzzeitung.de\\\/cms\\\/2019\\\/02\\\/news-jazzahead-kulturfestival-in-bremen\\\/#primaryimage\"},\"image\":{\"@id\":\"https:\\\/\\\/www.jazzzeitung.de\\\/cms\\\/2019\\\/02\\\/news-jazzahead-kulturfestival-in-bremen\\\/#primaryimage\"},\"thumbnailUrl\":\"https:\\\/\\\/i0.wp.com\\\/www.jazzzeitung.de\\\/cms\\\/wp-content\\\/uploads\\\/2019\\\/02\\\/Hakon-Kornstad-3_Photo-Andreas-Ulvo.jpg?fit=2997%2C2000&ssl=1\",\"datePublished\":\"2019-02-06T10:00:38+00:00\",\"breadcrumb\":{\"@id\":\"https:\\\/\\\/www.jazzzeitung.de\\\/cms\\\/2019\\\/02\\\/news-jazzahead-kulturfestival-in-bremen\\\/#breadcrumb\"},\"inLanguage\":\"de\",\"potentialAction\":[{\"@type\":\"ReadAction\",\"target\":[\"https:\\\/\\\/www.jazzzeitung.de\\\/cms\\\/2019\\\/02\\\/news-jazzahead-kulturfestival-in-bremen\\\/\"]}]},{\"@type\":\"ImageObject\",\"inLanguage\":\"de\",\"@id\":\"https:\\\/\\\/www.jazzzeitung.de\\\/cms\\\/2019\\\/02\\\/news-jazzahead-kulturfestival-in-bremen\\\/#primaryimage\",\"url\":\"https:\\\/\\\/i0.wp.com\\\/www.jazzzeitung.de\\\/cms\\\/wp-content\\\/uploads\\\/2019\\\/02\\\/Hakon-Kornstad-3_Photo-Andreas-Ulvo.jpg?fit=2997%2C2000&ssl=1\",\"contentUrl\":\"https:\\\/\\\/i0.wp.com\\\/www.jazzzeitung.de\\\/cms\\\/wp-content\\\/uploads\\\/2019\\\/02\\\/Hakon-Kornstad-3_Photo-Andreas-Ulvo.jpg?fit=2997%2C2000&ssl=1\",\"width\":2997,\"height\":2000,\"caption\":\"Hakon-Kornstad-Trio. Foto: Andreas Ulvo\"},{\"@type\":\"BreadcrumbList\",\"@id\":\"https:\\\/\\\/www.jazzzeitung.de\\\/cms\\\/2019\\\/02\\\/news-jazzahead-kulturfestival-in-bremen\\\/#breadcrumb\",\"itemListElement\":[{\"@type\":\"ListItem\",\"position\":1,\"name\":\"Startseite\",\"item\":\"https:\\\/\\\/www.jazzzeitung.de\\\/cms\\\/\"},{\"@type\":\"ListItem\",\"position\":2,\"name\":\"+++ News: +++ \u201ejazzahead!\u201c- Kulturfestival in Bremen +++\"}]},{\"@type\":\"WebSite\",\"@id\":\"https:\\\/\\\/www.jazzzeitung.de\\\/cms\\\/#website\",\"url\":\"https:\\\/\\\/www.jazzzeitung.de\\\/cms\\\/\",\"name\":\"JazzZeitung\",\"description\":\"Jazz-News und Jazz-Kontroverses\",\"publisher\":{\"@id\":\"https:\\\/\\\/www.jazzzeitung.de\\\/cms\\\/#organization\"},\"potentialAction\":[{\"@type\":\"SearchAction\",\"target\":{\"@type\":\"EntryPoint\",\"urlTemplate\":\"https:\\\/\\\/www.jazzzeitung.de\\\/cms\\\/?s={search_term_string}\"},\"query-input\":{\"@type\":\"PropertyValueSpecification\",\"valueRequired\":true,\"valueName\":\"search_term_string\"}}],\"inLanguage\":\"de\"},{\"@type\":\"Organization\",\"@id\":\"https:\\\/\\\/www.jazzzeitung.de\\\/cms\\\/#organization\",\"name\":\"JazzZeitung online\",\"url\":\"https:\\\/\\\/www.jazzzeitung.de\\\/cms\\\/\",\"logo\":{\"@type\":\"ImageObject\",\"inLanguage\":\"de\",\"@id\":\"https:\\\/\\\/www.jazzzeitung.de\\\/cms\\\/#\\\/schema\\\/logo\\\/image\\\/\",\"url\":\"https:\\\/\\\/i0.wp.com\\\/www.jazzzeitung.de\\\/cms\\\/wp-content\\\/uploads\\\/2015\\\/08\\\/JAZZZEITUNGDE_Logo_Neu.png?fit=499%2C200&ssl=1\",\"contentUrl\":\"https:\\\/\\\/i0.wp.com\\\/www.jazzzeitung.de\\\/cms\\\/wp-content\\\/uploads\\\/2015\\\/08\\\/JAZZZEITUNGDE_Logo_Neu.png?fit=499%2C200&ssl=1\",\"width\":499,\"height\":200,\"caption\":\"JazzZeitung online\"},\"image\":{\"@id\":\"https:\\\/\\\/www.jazzzeitung.de\\\/cms\\\/#\\\/schema\\\/logo\\\/image\\\/\"},\"sameAs\":[\"https:\\\/\\\/www.facebook.com\\\/JazzZeitung\\\/\"]},{\"@type\":\"Person\",\"@id\":\"https:\\\/\\\/www.jazzzeitung.de\\\/cms\\\/#\\\/schema\\\/person\\\/2245b36b9cd1d24cea10f01c031fb92b\",\"name\":\"Redaktion JazzZeitung\",\"image\":{\"@type\":\"ImageObject\",\"inLanguage\":\"de\",\"@id\":\"https:\\\/\\\/i0.wp.com\\\/www.jazzzeitung.de\\\/cms\\\/wp-content\\\/uploads\\\/2015\\\/08\\\/JAZZZEITUNGDE_Logo_Neu.png?resize=96%2C96&ssl=159975dcacb611b5700bd619b5daf0a7a\",\"url\":\"https:\\\/\\\/i0.wp.com\\\/www.jazzzeitung.de\\\/cms\\\/wp-content\\\/uploads\\\/2015\\\/08\\\/JAZZZEITUNGDE_Logo_Neu.png?resize=96%2C96&ssl=1\",\"contentUrl\":\"https:\\\/\\\/i0.wp.com\\\/www.jazzzeitung.de\\\/cms\\\/wp-content\\\/uploads\\\/2015\\\/08\\\/JAZZZEITUNGDE_Logo_Neu.png?resize=96%2C96&ssl=1\",\"caption\":\"Redaktion JazzZeitung\"},\"description\":\"Artikel der Redaktion der JazzZeitung.\",\"sameAs\":[\"http:\\\/\\\/www.jazzzeitung.de\\\/cms\\\/\"],\"url\":\"https:\\\/\\\/www.jazzzeitung.de\\\/cms\\\/author\\\/redaktion\\\/\"}]}<\/script>\n<!-- \/ Yoast SEO plugin. -->","yoast_head_json":{"title":"+++ News: +++ \u201ejazzahead!\u201c- Kulturfestival in Bremen +++ - JazzZeitung","robots":{"index":"index","follow":"follow","max-snippet":"max-snippet:-1","max-image-preview":"max-image-preview:large","max-video-preview":"max-video-preview:-1"},"canonical":"https:\/\/www.jazzzeitung.de\/cms\/2019\/02\/news-jazzahead-kulturfestival-in-bremen\/","og_locale":"de_DE","og_type":"article","og_title":"+++ News: +++ \u201ejazzahead!\u201c- Kulturfestival in Bremen +++ - JazzZeitung","og_description":"H\u00e5kon Kornstad und Mari Boine: Norwegen jazzt in Bremen Die Fachmesse jazzahead! findet \u00a0vom 25. bis zum 28. April 2019, in der Messe Bremen statt, begleitet vom Kulturfestival des diesj\u00e4hrigen Partnerlandes Norwegen, das bereits am 13. April startet. Offiziell er\u00f6ffnet wird das zweiw\u00f6chige Festival mit einem Doppelkonzert im Theater am Goetheplatz. Auf dem Programm stehen neben viel Musik auch Literatur, Film, Kunst, Theater und mehr. Es sei eine Ehre, Partnerland der jazzahead! 2019 zu sein, sagt Aslaug Nygard, Botschaftsr\u00e4tin f\u00fcr Kultur der Norwegischen Botschaft in Berlin. \u201eVon der weltgr\u00f6\u00dften Jazz-Messe als relevantes Jazz-Land wahrgenommen zu werden, ist aber mehr \u2013 eine einzigartige Gelegenheit, um die norwegische Musik in Deutschland noch bekannter zu machen.\u201c Die K\u00fcnstler des Abends, das H\u00e5kon Kornstad Trio und Mari Boine, seien seit Langem etabliert. \u201eSie sind beste Beispiele daf\u00fcr, wie verschiedene Einfl\u00fcsse neue musikalische Ans\u00e4tze hervorzubringen verm\u00f6gen.\u201c Den ersten Teil des Abends bestreitet das Trio rund um den Saxophonisten und ausgebildeten Operns\u00e4nger H\u00e5kon Kornstad. Die drei Musiker stellen ihr neuestes Album \u201eIm Treibhaus\u201c mit Interpretationen und Improvisationen rund um Arien und Kunstlieder der Romantik vor, das Stilgrenzen ausdehnt, \u00fcberwindet und zum &hellip;","og_url":"https:\/\/www.jazzzeitung.de\/cms\/2019\/02\/news-jazzahead-kulturfestival-in-bremen\/","og_site_name":"JazzZeitung","article_publisher":"https:\/\/www.facebook.com\/JazzZeitung\/","article_published_time":"2019-02-06T10:00:38+00:00","og_image":[{"width":2997,"height":2000,"url":"https:\/\/i0.wp.com\/www.jazzzeitung.de\/cms\/wp-content\/uploads\/2019\/02\/Hakon-Kornstad-3_Photo-Andreas-Ulvo.jpg?fit=2997%2C2000&ssl=1","type":"image\/jpeg"}],"author":"Redaktion JazzZeitung","schema":{"@context":"https:\/\/schema.org","@graph":[{"@type":"Article","@id":"https:\/\/www.jazzzeitung.de\/cms\/2019\/02\/news-jazzahead-kulturfestival-in-bremen\/#article","isPartOf":{"@id":"https:\/\/www.jazzzeitung.de\/cms\/2019\/02\/news-jazzahead-kulturfestival-in-bremen\/"},"author":{"name":"Redaktion JazzZeitung","@id":"https:\/\/www.jazzzeitung.de\/cms\/#\/schema\/person\/2245b36b9cd1d24cea10f01c031fb92b"},"headline":"+++ News: +++ \u201ejazzahead!\u201c- Kulturfestival in Bremen +++","datePublished":"2019-02-06T10:00:38+00:00","mainEntityOfPage":{"@id":"https:\/\/www.jazzzeitung.de\/cms\/2019\/02\/news-jazzahead-kulturfestival-in-bremen\/"},"wordCount":360,"commentCount":0,"publisher":{"@id":"https:\/\/www.jazzzeitung.de\/cms\/#organization"},"image":{"@id":"https:\/\/www.jazzzeitung.de\/cms\/2019\/02\/news-jazzahead-kulturfestival-in-bremen\/#primaryimage"},"thumbnailUrl":"https:\/\/i0.wp.com\/www.jazzzeitung.de\/cms\/wp-content\/uploads\/2019\/02\/Hakon-Kornstad-3_Photo-Andreas-Ulvo.jpg?fit=2997%2C2000&ssl=1","keywords":["2019","Album","Berlin","Bremen","Deutschland","Festival","Film","Gesang","Jazz","Jazzahead","Kultur","Messe Bremen","News","Pop","Richard Wagner","Rock","S","trio"],"articleSection":["News"],"inLanguage":"de","potentialAction":[{"@type":"CommentAction","name":"Comment","target":["https:\/\/www.jazzzeitung.de\/cms\/2019\/02\/news-jazzahead-kulturfestival-in-bremen\/#respond"]}]},{"@type":"WebPage","@id":"https:\/\/www.jazzzeitung.de\/cms\/2019\/02\/news-jazzahead-kulturfestival-in-bremen\/","url":"https:\/\/www.jazzzeitung.de\/cms\/2019\/02\/news-jazzahead-kulturfestival-in-bremen\/","name":"+++ News: +++ \u201ejazzahead!\u201c- Kulturfestival in Bremen +++ - JazzZeitung","isPartOf":{"@id":"https:\/\/www.jazzzeitung.de\/cms\/#website"},"primaryImageOfPage":{"@id":"https:\/\/www.jazzzeitung.de\/cms\/2019\/02\/news-jazzahead-kulturfestival-in-bremen\/#primaryimage"},"image":{"@id":"https:\/\/www.jazzzeitung.de\/cms\/2019\/02\/news-jazzahead-kulturfestival-in-bremen\/#primaryimage"},"thumbnailUrl":"https:\/\/i0.wp.com\/www.jazzzeitung.de\/cms\/wp-content\/uploads\/2019\/02\/Hakon-Kornstad-3_Photo-Andreas-Ulvo.jpg?fit=2997%2C2000&ssl=1","datePublished":"2019-02-06T10:00:38+00:00","breadcrumb":{"@id":"https:\/\/www.jazzzeitung.de\/cms\/2019\/02\/news-jazzahead-kulturfestival-in-bremen\/#breadcrumb"},"inLanguage":"de","potentialAction":[{"@type":"ReadAction","target":["https:\/\/www.jazzzeitung.de\/cms\/2019\/02\/news-jazzahead-kulturfestival-in-bremen\/"]}]},{"@type":"ImageObject","inLanguage":"de","@id":"https:\/\/www.jazzzeitung.de\/cms\/2019\/02\/news-jazzahead-kulturfestival-in-bremen\/#primaryimage","url":"https:\/\/i0.wp.com\/www.jazzzeitung.de\/cms\/wp-content\/uploads\/2019\/02\/Hakon-Kornstad-3_Photo-Andreas-Ulvo.jpg?fit=2997%2C2000&ssl=1","contentUrl":"https:\/\/i0.wp.com\/www.jazzzeitung.de\/cms\/wp-content\/uploads\/2019\/02\/Hakon-Kornstad-3_Photo-Andreas-Ulvo.jpg?fit=2997%2C2000&ssl=1","width":2997,"height":2000,"caption":"Hakon-Kornstad-Trio. Foto: Andreas Ulvo"},{"@type":"BreadcrumbList","@id":"https:\/\/www.jazzzeitung.de\/cms\/2019\/02\/news-jazzahead-kulturfestival-in-bremen\/#breadcrumb","itemListElement":[{"@type":"ListItem","position":1,"name":"Startseite","item":"https:\/\/www.jazzzeitung.de\/cms\/"},{"@type":"ListItem","position":2,"name":"+++ News: +++ \u201ejazzahead!\u201c- Kulturfestival in Bremen +++"}]},{"@type":"WebSite","@id":"https:\/\/www.jazzzeitung.de\/cms\/#website","url":"https:\/\/www.jazzzeitung.de\/cms\/","name":"JazzZeitung","description":"Jazz-News und Jazz-Kontroverses","publisher":{"@id":"https:\/\/www.jazzzeitung.de\/cms\/#organization"},"potentialAction":[{"@type":"SearchAction","target":{"@type":"EntryPoint","urlTemplate":"https:\/\/www.jazzzeitung.de\/cms\/?s={search_term_string}"},"query-input":{"@type":"PropertyValueSpecification","valueRequired":true,"valueName":"search_term_string"}}],"inLanguage":"de"},{"@type":"Organization","@id":"https:\/\/www.jazzzeitung.de\/cms\/#organization","name":"JazzZeitung online","url":"https:\/\/www.jazzzeitung.de\/cms\/","logo":{"@type":"ImageObject","inLanguage":"de","@id":"https:\/\/www.jazzzeitung.de\/cms\/#\/schema\/logo\/image\/","url":"https:\/\/i0.wp.com\/www.jazzzeitung.de\/cms\/wp-content\/uploads\/2015\/08\/JAZZZEITUNGDE_Logo_Neu.png?fit=499%2C200&ssl=1","contentUrl":"https:\/\/i0.wp.com\/www.jazzzeitung.de\/cms\/wp-content\/uploads\/2015\/08\/JAZZZEITUNGDE_Logo_Neu.png?fit=499%2C200&ssl=1","width":499,"height":200,"caption":"JazzZeitung online"},"image":{"@id":"https:\/\/www.jazzzeitung.de\/cms\/#\/schema\/logo\/image\/"},"sameAs":["https:\/\/www.facebook.com\/JazzZeitung\/"]},{"@type":"Person","@id":"https:\/\/www.jazzzeitung.de\/cms\/#\/schema\/person\/2245b36b9cd1d24cea10f01c031fb92b","name":"Redaktion JazzZeitung","image":{"@type":"ImageObject","inLanguage":"de","@id":"https:\/\/i0.wp.com\/www.jazzzeitung.de\/cms\/wp-content\/uploads\/2015\/08\/JAZZZEITUNGDE_Logo_Neu.png?resize=96%2C96&ssl=159975dcacb611b5700bd619b5daf0a7a","url":"https:\/\/i0.wp.com\/www.jazzzeitung.de\/cms\/wp-content\/uploads\/2015\/08\/JAZZZEITUNGDE_Logo_Neu.png?resize=96%2C96&ssl=1","contentUrl":"https:\/\/i0.wp.com\/www.jazzzeitung.de\/cms\/wp-content\/uploads\/2015\/08\/JAZZZEITUNGDE_Logo_Neu.png?resize=96%2C96&ssl=1","caption":"Redaktion JazzZeitung"},"description":"Artikel der Redaktion der JazzZeitung.","sameAs":["http:\/\/www.jazzzeitung.de\/cms\/"],"url":"https:\/\/www.jazzzeitung.de\/cms\/author\/redaktion\/"}]}},"wp-worthy-pixel":{"ignored":false,"public":null,"server":null,"url":null},"wp-worthy-type":"normal","jetpack_publicize_connections":[],"cc_featured_image_caption":{"caption_text":"","source_text":"","source_url":""},"jetpack_featured_media_url":"https:\/\/i0.wp.com\/www.jazzzeitung.de\/cms\/wp-content\/uploads\/2019\/02\/Hakon-Kornstad-3_Photo-Andreas-Ulvo.jpg?fit=2997%2C2000&ssl=1","jetpack_shortlink":"https:\/\/wp.me\/p3KEcT-4Pj","jetpack-related-posts":[{"id":4907,"url":"https:\/\/www.jazzzeitung.de\/cms\/2014\/11\/showcase-bewerbungsphase-fuer-jazzahead-endet-heute\/","url_meta":{"origin":18557,"position":0},"title":"Showcase-Bewerbungsphase f\u00fcr jazzahead endet heute","author":"Redaktion JazzZeitung","date":"11. November 2014","format":false,"excerpt":"Showcase-Bewerbungsphase endet am 11. November 2014 Bewerbungen f\u00fcr die 40 Showcases auf der zehnten jazzahead! k\u00f6nnen f\u00fcr die Module German Jazz Expo (K\u00fcnstler aus Deutschland), French Night (Jazz aus dem Partnerland 2015: Frankreich), European Jazz Meeting (europ\u00e4ische Jazzformationen) und Overseas Night (Jazz aus \u00dcbersee) eingereicht werden. Konditionen f\u00fcr eine Bewerbung\u2026","rel":"","context":"In &quot;News&quot;","block_context":{"text":"News","link":"https:\/\/www.jazzzeitung.de\/cms\/thema\/nachrichten\/"},"img":{"alt_text":"Staatsministerin f\u00fcr Kultur und Medien, Monika Gr\u00fctters, \u00fcbernimmt 2015 die Schirmherrschaft zur Jubil\u00e4umsausgabe der jazzahead! Foto: Christof Rieken","src":"https:\/\/i0.wp.com\/www.jazzzeitung.de\/cms\/wp-content\/uploads\/2014\/11\/Photo1-MonikaGr%C3%BCtters-c_Quelle-Christof-Rieken_800KB.jpg?fit=799%2C1200&ssl=1&resize=350%2C200","width":350,"height":200,"srcset":"https:\/\/i0.wp.com\/www.jazzzeitung.de\/cms\/wp-content\/uploads\/2014\/11\/Photo1-MonikaGr%C3%BCtters-c_Quelle-Christof-Rieken_800KB.jpg?fit=799%2C1200&ssl=1&resize=350%2C200 1x, https:\/\/i0.wp.com\/www.jazzzeitung.de\/cms\/wp-content\/uploads\/2014\/11\/Photo1-MonikaGr%C3%BCtters-c_Quelle-Christof-Rieken_800KB.jpg?fit=799%2C1200&ssl=1&resize=525%2C300 1.5x, https:\/\/i0.wp.com\/www.jazzzeitung.de\/cms\/wp-content\/uploads\/2014\/11\/Photo1-MonikaGr%C3%BCtters-c_Quelle-Christof-Rieken_800KB.jpg?fit=799%2C1200&ssl=1&resize=700%2C400 2x"},"classes":[]},{"id":19329,"url":"https:\/\/www.jazzzeitung.de\/cms\/2019\/04\/jazzahead-2019-besucher-aus-64-nationen-tauschten-sich-vier-tage-in-bremen-lang-aus\/","url_meta":{"origin":18557,"position":1},"title":"+++ jazzahead! 2019 +++ Besucher aus 64 Nationen tauschten sich vier Tage lang in Bremen aus +++","author":"Redaktion JazzZeitung","date":"30. April 2019","format":false,"excerpt":"Die Fachmesse jazzahead! 2019 in der Messe Bremen ist mit einem erneuten Plus an Fachteilnehmerinnen und -teilnehmern aus diesmal 64 Nationen zu Ende gegangen. Von Donnerstag bis Sonntag, 25. bis 28. April z\u00e4hlten die Veranstalter 3.408 (2018: 3.282) Teilnehmer. Rund 18.000 Besucher (2018: 17.362) erlebten die Messe und die 100\u2026","rel":"","context":"In &quot;News&quot;","block_context":{"text":"News","link":"https:\/\/www.jazzzeitung.de\/cms\/thema\/nachrichten\/"},"img":{"alt_text":"","src":"https:\/\/i0.wp.com\/www.jazzzeitung.de\/cms\/wp-content\/uploads\/2019\/04\/Sarbach_Messe.png?fit=1200%2C781&ssl=1&resize=350%2C200","width":350,"height":200,"srcset":"https:\/\/i0.wp.com\/www.jazzzeitung.de\/cms\/wp-content\/uploads\/2019\/04\/Sarbach_Messe.png?fit=1200%2C781&ssl=1&resize=350%2C200 1x, https:\/\/i0.wp.com\/www.jazzzeitung.de\/cms\/wp-content\/uploads\/2019\/04\/Sarbach_Messe.png?fit=1200%2C781&ssl=1&resize=525%2C300 1.5x, https:\/\/i0.wp.com\/www.jazzzeitung.de\/cms\/wp-content\/uploads\/2019\/04\/Sarbach_Messe.png?fit=1200%2C781&ssl=1&resize=700%2C400 2x, https:\/\/i0.wp.com\/www.jazzzeitung.de\/cms\/wp-content\/uploads\/2019\/04\/Sarbach_Messe.png?fit=1200%2C781&ssl=1&resize=1050%2C600 3x"},"classes":[]},{"id":22172,"url":"https:\/\/www.jazzzeitung.de\/cms\/2020\/03\/jazzahead-2020-wird-abgesagt-und-2021-nachgeholt\/","url_meta":{"origin":18557,"position":2},"title":"jazzahead! 2020 wird abgesagt und erst im Mai 2021 nachgeholt","author":"Redaktion JazzZeitung","date":"20. M\u00e4rz 2020","format":false,"excerpt":"Die jazzahead! 2020 wird abgesagt, dies gab die Bremer Messegesellschaft heute bekannt. Die Entscheidung begr\u00fcndet Hans Peter Schneider, Gesch\u00e4ftsf\u00fchrer der M3B GmbH, zu der die Messe Bremen geh\u00f6rt, wie folgt: \u201eDie jazzahead! lebt vom internationalen Austausch und von Begegnungen \u2013 dies wird in Corona-Zeiten leider nicht m\u00f6glich sein, auch Ende\u2026","rel":"","context":"In &quot;News&quot;","block_context":{"text":"News","link":"https:\/\/www.jazzzeitung.de\/cms\/thema\/nachrichten\/"},"img":{"alt_text":"","src":"https:\/\/i0.wp.com\/www.jazzzeitung.de\/cms\/wp-content\/uploads\/2017\/04\/001_Foto-van-Loon.jpg?fit=1200%2C801&ssl=1&resize=350%2C200","width":350,"height":200,"srcset":"https:\/\/i0.wp.com\/www.jazzzeitung.de\/cms\/wp-content\/uploads\/2017\/04\/001_Foto-van-Loon.jpg?fit=1200%2C801&ssl=1&resize=350%2C200 1x, https:\/\/i0.wp.com\/www.jazzzeitung.de\/cms\/wp-content\/uploads\/2017\/04\/001_Foto-van-Loon.jpg?fit=1200%2C801&ssl=1&resize=525%2C300 1.5x, https:\/\/i0.wp.com\/www.jazzzeitung.de\/cms\/wp-content\/uploads\/2017\/04\/001_Foto-van-Loon.jpg?fit=1200%2C801&ssl=1&resize=700%2C400 2x, https:\/\/i0.wp.com\/www.jazzzeitung.de\/cms\/wp-content\/uploads\/2017\/04\/001_Foto-van-Loon.jpg?fit=1200%2C801&ssl=1&resize=1050%2C600 3x"},"classes":[]},{"id":9007,"url":"https:\/\/www.jazzzeitung.de\/cms\/2016\/04\/jazzahead-macht-bremen-wieder-zur-jazzmetropole\/","url_meta":{"origin":18557,"position":3},"title":"Jazzahead! macht Bremen wieder zur Jazzmetropole","author":"Redaktion JazzZeitung","date":"22. April 2016","format":false,"excerpt":"Weltgr\u00f6\u00dfter Jazz-Branchentreff in der Hansestadt er\u00f6ffnet - die 11. Ausgabe der jazzahead! wurde heute am fr\u00fchen Abend in Bremen er\u00f6ffnet. Bei der offiziellen Er\u00f6ffnungsfeier kamen G\u00e4ste aus Bremen, Berlin und dem Partnerland Schweiz sowie die internationalen Aussteller und Teilnehmer zusammen. Als besonderer Gast konnte zudem die Schweizer Botschafterin f\u00fcr Deutschland\u2026","rel":"","context":"In &quot;News&quot;","block_context":{"text":"News","link":"https:\/\/www.jazzzeitung.de\/cms\/thema\/nachrichten\/"},"img":{"alt_text":"Erika_stucky_jazzahead__c_IngoWagner_MesseBremen","src":"https:\/\/i0.wp.com\/www.jazzzeitung.de\/cms\/wp-content\/uploads\/2016\/04\/Erika_stucky_jazzahead__c_IngoWagner_MesseBremen-859x600.jpg?resize=350%2C200","width":350,"height":200,"srcset":"https:\/\/i0.wp.com\/www.jazzzeitung.de\/cms\/wp-content\/uploads\/2016\/04\/Erika_stucky_jazzahead__c_IngoWagner_MesseBremen-859x600.jpg?resize=350%2C200 1x, https:\/\/i0.wp.com\/www.jazzzeitung.de\/cms\/wp-content\/uploads\/2016\/04\/Erika_stucky_jazzahead__c_IngoWagner_MesseBremen-859x600.jpg?resize=525%2C300 1.5x"},"classes":[]},{"id":18049,"url":"https:\/\/www.jazzzeitung.de\/cms\/2018\/12\/erstmals-auf-der-jazzahead-showcases-zu-improvisation-und-jazz-fuer-kinder\/","url_meta":{"origin":18557,"position":4},"title":"Erstmals auf der jazzahead: Showcases zu Improvisation und Jazz f\u00fcr Kinder","author":"Redaktion JazzZeitung","date":"10. Dezember 2018","format":false,"excerpt":"Trotz der diesmal deutlich verk\u00fcrzten Einreichungsfrist gingen 764 Bewerbungen f\u00fcr die 40 Showcase-Konzerte ein und damit 25 Prozent mehr als im Vorjahr. In diesem Jahr sind unter den f\u00fcnf am st\u00e4rksten vertretenen Herkunftsl\u00e4ndern jenseits von Deutschland und dem Partnerland Norwegen die USA und Brasilien, womit Bewerbungen aus \u00dcbersee signifikant zulegten.\u2026","rel":"","context":"In &quot;News&quot;","block_context":{"text":"News","link":"https:\/\/www.jazzzeitung.de\/cms\/thema\/nachrichten\/"},"img":{"alt_text":"Jazzbusiness auf der Bremer jazzahead!. Foto: Jan Rathke","src":"https:\/\/i0.wp.com\/www.jazzzeitung.de\/cms\/wp-content\/uploads\/2018\/12\/MESSE-BREMENJan-RathkeDSC_9355.jpg?fit=1200%2C857&ssl=1&resize=350%2C200","width":350,"height":200,"srcset":"https:\/\/i0.wp.com\/www.jazzzeitung.de\/cms\/wp-content\/uploads\/2018\/12\/MESSE-BREMENJan-RathkeDSC_9355.jpg?fit=1200%2C857&ssl=1&resize=350%2C200 1x, https:\/\/i0.wp.com\/www.jazzzeitung.de\/cms\/wp-content\/uploads\/2018\/12\/MESSE-BREMENJan-RathkeDSC_9355.jpg?fit=1200%2C857&ssl=1&resize=525%2C300 1.5x, https:\/\/i0.wp.com\/www.jazzzeitung.de\/cms\/wp-content\/uploads\/2018\/12\/MESSE-BREMENJan-RathkeDSC_9355.jpg?fit=1200%2C857&ssl=1&resize=700%2C400 2x, https:\/\/i0.wp.com\/www.jazzzeitung.de\/cms\/wp-content\/uploads\/2018\/12\/MESSE-BREMENJan-RathkeDSC_9355.jpg?fit=1200%2C857&ssl=1&resize=1050%2C600 3x"},"classes":[]},{"id":21283,"url":"https:\/\/www.jazzzeitung.de\/cms\/2019\/11\/news-jazzahead-europaeische-kulturmarke-2019-jetzt-bewerben-um-showcases-fuer-kinder\/","url_meta":{"origin":18557,"position":5},"title":"+++ news +++ jazzahead! Europ\u00e4ische Kulturmarke 2019 +++ Jetzt bewerben um Showcases f\u00fcr Kinder +++","author":"Redaktion JazzZeitung","date":"12. November 2019","format":false,"excerpt":"+++ jazzahead! Europ\u00e4ische Kulturmarke 2019 +++ Die jazzahead!, weltweit einzigartige Kombination aus Fachmesse und begleitendem Festival, ist am Donnerstag, 7. November 2019, im Zollverein in Essen als Europ\u00e4ische Kulturmarke des Jahres 2019 ausgezeichnet worden. Der Award gilt als einer der der avanciertesten Kulturpreise in Europa. \u201eWir waren bereits sehr stolz,\u2026","rel":"","context":"In &quot;News&quot;","block_context":{"text":"News","link":"https:\/\/www.jazzzeitung.de\/cms\/thema\/nachrichten\/"},"img":{"alt_text":"","src":"https:\/\/i0.wp.com\/www.jazzzeitung.de\/cms\/wp-content\/uploads\/2019\/11\/jazzahead1.jpg?fit=1200%2C800&ssl=1&resize=350%2C200","width":350,"height":200,"srcset":"https:\/\/i0.wp.com\/www.jazzzeitung.de\/cms\/wp-content\/uploads\/2019\/11\/jazzahead1.jpg?fit=1200%2C800&ssl=1&resize=350%2C200 1x, https:\/\/i0.wp.com\/www.jazzzeitung.de\/cms\/wp-content\/uploads\/2019\/11\/jazzahead1.jpg?fit=1200%2C800&ssl=1&resize=525%2C300 1.5x, https:\/\/i0.wp.com\/www.jazzzeitung.de\/cms\/wp-content\/uploads\/2019\/11\/jazzahead1.jpg?fit=1200%2C800&ssl=1&resize=700%2C400 2x, https:\/\/i0.wp.com\/www.jazzzeitung.de\/cms\/wp-content\/uploads\/2019\/11\/jazzahead1.jpg?fit=1200%2C800&ssl=1&resize=1050%2C600 3x"},"classes":[]}],"jetpack_sharing_enabled":true,"_links":{"self":[{"href":"https:\/\/www.jazzzeitung.de\/cms\/wp-json\/wp\/v2\/posts\/18557","targetHints":{"allow":["GET"]}}],"collection":[{"href":"https:\/\/www.jazzzeitung.de\/cms\/wp-json\/wp\/v2\/posts"}],"about":[{"href":"https:\/\/www.jazzzeitung.de\/cms\/wp-json\/wp\/v2\/types\/post"}],"author":[{"embeddable":true,"href":"https:\/\/www.jazzzeitung.de\/cms\/wp-json\/wp\/v2\/users\/18"}],"replies":[{"embeddable":true,"href":"https:\/\/www.jazzzeitung.de\/cms\/wp-json\/wp\/v2\/comments?post=18557"}],"version-history":[{"count":3,"href":"https:\/\/www.jazzzeitung.de\/cms\/wp-json\/wp\/v2\/posts\/18557\/revisions"}],"predecessor-version":[{"id":18571,"href":"https:\/\/www.jazzzeitung.de\/cms\/wp-json\/wp\/v2\/posts\/18557\/revisions\/18571"}],"wp:featuredmedia":[{"embeddable":true,"href":"https:\/\/www.jazzzeitung.de\/cms\/wp-json\/wp\/v2\/media\/18558"}],"wp:attachment":[{"href":"https:\/\/www.jazzzeitung.de\/cms\/wp-json\/wp\/v2\/media?parent=18557"}],"wp:term":[{"taxonomy":"category","embeddable":true,"href":"https:\/\/www.jazzzeitung.de\/cms\/wp-json\/wp\/v2\/categories?post=18557"},{"taxonomy":"post_tag","embeddable":true,"href":"https:\/\/www.jazzzeitung.de\/cms\/wp-json\/wp\/v2\/tags?post=18557"},{"taxonomy":"author","embeddable":true,"href":"https:\/\/www.jazzzeitung.de\/cms\/wp-json\/wp\/v2\/coauthors?post=18557"}],"curies":[{"name":"wp","href":"https:\/\/api.w.org\/{rel}","templated":true}]}}