{"id":18459,"date":"2019-01-29T18:00:03","date_gmt":"2019-01-29T17:00:03","guid":{"rendered":"https:\/\/www.jazzzeitung.de\/cms\/?p=18459"},"modified":"2019-02-04T10:23:34","modified_gmt":"2019-02-04T09:23:34","slug":"news-jacob-collier-mit-djesse-zu-gast-in-muenchen","status":"publish","type":"post","link":"https:\/\/www.jazzzeitung.de\/cms\/2019\/01\/news-jacob-collier-mit-djesse-zu-gast-in-muenchen\/","title":{"rendered":"+++ News: +++ Kurt Maas Jazz Award 2019 an der M\u00fcnchener Hochschule f\u00fcr Musik und Theater +++ Aufftakt in M\u00fcnchen: Jacob Collier auf Tour +++"},"content":{"rendered":"<div>\n<h3><strong>Ein Jazz-Wettbewerb an der HMTM und Patti Austin als Ehrengast<br \/>\n<\/strong><\/h3>\n<p>In Erinnerung an den Jazz-Musiker und P\u00e4dagogen Kurt Maas wird am Mittwoch, den 6. Februar 2019 (Finale) zum vierten Mal der Wettbewerb um den \u00bbKurt Maas Jazz Award\u00ab an der Hochschule f\u00fcr Musik und Theater M\u00fcnchen (HMTM) ausgetragen. In der Endrunde des Wettbewerbs pr\u00e4sentieren sich f\u00fcnf Studierende des Jazz Instituts beim \u00f6ffentlichen Finale im Kleinen Konzertsaal im Gasteig. Der erste Preis ist die Teilnahme an einem Sommerkurs am renommierten Berklee College of Music, einem Kooperationspartner des Jazz Instituts.<\/p>\n<p>Die im Wettbewerb ermittelten Preistr\u00e4gerinnen und Preistr\u00e4ger werden im Rahmen des Preistr\u00e4gerkonzerts am Freitag, den 8. Februar 2019 im Carl-Orff-Saal im Gasteig \u00f6ffentlich auftreten und mit Urkunden ausgezeichnet. Die international gefeierte Jazzs\u00e4ngerin Patti Austin wird als Ehrengast mit dem U.M.P.A. Jazz Orchestra unter der Leitung von Prof. Claus Reichstaller auftreten und den ersten Preis \u00fcberreichen. Der &#8222;Kurt Maas Jazz Award&#8220; wurde 2012 vom Jazz Institut der Hochschule f\u00fcr Musik und Theater M\u00fcnchen auf Initiative von Camilo Dornier ins Leben gerufen. Der Wettbewerb dient gleicherma\u00dfen der F\u00f6rderung der Jazz-Studierenden der HMTM wie dem Gedenken an den 2011 verstorbenen Jazz-Musiker, P\u00e4dagogen und Unternehmer Maas. Gew\u00fcrdigt wird die Lebensleistung dieses K\u00fcnstlers, insbesondere im Zusammenhang mit dem Aufbau und der Leitung der Jazzabteilung des Richard-Strauss-Konservatoriums.<\/p>\n<\/div>\n<h3><\/h3>\n<h3><strong>Jacob Collier &amp; <\/strong><strong>Band er\u00f6ffnen Tournee <\/strong><strong>im M\u00fcnchner Muffatwerk<\/strong><\/h3>\n<figure id=\"attachment_18460\" aria-describedby=\"caption-attachment-18460\" style=\"width: 229px\" class=\"wp-caption alignleft\"><a href=\"https:\/\/i0.wp.com\/www.jazzzeitung.de\/cms\/wp-content\/uploads\/2019\/01\/Jacob-Collier-Foto-TJ-Krebs.jpg?ssl=1\"><img data-recalc-dims=\"1\" loading=\"lazy\" decoding=\"async\" data-attachment-id=\"18460\" data-permalink=\"https:\/\/www.jazzzeitung.de\/cms\/2019\/01\/news-jacob-collier-mit-djesse-zu-gast-in-muenchen\/jacob-collier-foto-tj-krebs\/\" data-orig-file=\"https:\/\/i0.wp.com\/www.jazzzeitung.de\/cms\/wp-content\/uploads\/2019\/01\/Jacob-Collier-Foto-TJ-Krebs.jpg?fit=1200%2C1800&amp;ssl=1\" data-orig-size=\"1200,1800\" data-comments-opened=\"1\" data-image-meta=\"{&quot;aperture&quot;:&quot;0&quot;,&quot;credit&quot;:&quot;&quot;,&quot;camera&quot;:&quot;&quot;,&quot;caption&quot;:&quot;&quot;,&quot;created_timestamp&quot;:&quot;0&quot;,&quot;copyright&quot;:&quot;&quot;,&quot;focal_length&quot;:&quot;0&quot;,&quot;iso&quot;:&quot;0&quot;,&quot;shutter_speed&quot;:&quot;0&quot;,&quot;title&quot;:&quot;&quot;,&quot;orientation&quot;:&quot;0&quot;}\" data-image-title=\"\" data-image-description=\"\" data-image-caption=\"&lt;p&gt;Jacob Collier. Foto: T. J.  Krebs&lt;\/p&gt;\n\" data-large-file=\"https:\/\/i0.wp.com\/www.jazzzeitung.de\/cms\/wp-content\/uploads\/2019\/01\/Jacob-Collier-Foto-TJ-Krebs.jpg?fit=400%2C600&amp;ssl=1\" class=\" wp-image-18460\" src=\"https:\/\/i0.wp.com\/www.jazzzeitung.de\/cms\/wp-content\/uploads\/2019\/01\/Jacob-Collier-Foto-TJ-Krebs.jpg?resize=229%2C344&#038;ssl=1\" alt=\"\" width=\"229\" height=\"344\" srcset=\"https:\/\/i0.wp.com\/www.jazzzeitung.de\/cms\/wp-content\/uploads\/2019\/01\/Jacob-Collier-Foto-TJ-Krebs.jpg?resize=200%2C300&amp;ssl=1 200w, https:\/\/i0.wp.com\/www.jazzzeitung.de\/cms\/wp-content\/uploads\/2019\/01\/Jacob-Collier-Foto-TJ-Krebs.jpg?resize=768%2C1152&amp;ssl=1 768w, https:\/\/i0.wp.com\/www.jazzzeitung.de\/cms\/wp-content\/uploads\/2019\/01\/Jacob-Collier-Foto-TJ-Krebs.jpg?resize=400%2C600&amp;ssl=1 400w, https:\/\/i0.wp.com\/www.jazzzeitung.de\/cms\/wp-content\/uploads\/2019\/01\/Jacob-Collier-Foto-TJ-Krebs.jpg?resize=600%2C900&amp;ssl=1 600w, https:\/\/i0.wp.com\/www.jazzzeitung.de\/cms\/wp-content\/uploads\/2019\/01\/Jacob-Collier-Foto-TJ-Krebs.jpg?w=1200&amp;ssl=1 1200w\" sizes=\"auto, (max-width: 229px) 100vw, 229px\" \/><\/a><figcaption id=\"caption-attachment-18460\" class=\"wp-caption-text\">Jacob Collier. Foto: T. J. Krebs<\/figcaption><\/figure>\n<p>Die Zeiten scheinen erst einmal vorbei zu sein, in der der Ausnahmemusiker und -talent Jacob Collier sich mit seiner One-Man-Show per Split-Screen selbst begleitete und das Publikum begeisterte. F\u00fcr sein neues Projekt \u201eDjesse&#8220; vereint er Kollegen aus aller Welt wie u.a. das holl\u00e4ndische Metropole Orkest, den Marrokaner Hamid El Kasri oder Souls\u00e4ngerin Laura Mvula.<\/p>\n<p>Jacob Collier zum ersten Mal mit eigener Band auf der B\u00fchne (allerdings ohne die oben erw\u00e4hnten Musiker seines aktuellen Projektes \u201eDjesse&#8220;) \u2013 das verspricht auf jeden Fall spannend zu werden!<\/p>\n<h4>Konzerttermine:<\/h4>\n<p>04.02.2019\u00a0\u00a0 M\u00fcnchen Muffathalle<\/p>\n<p>05.02.2019\u00a0\u00a0 Z\u00fcrich Kaufleuten-Klubsaal<\/p>\n<p>09.02.2019\u00a0\u00a0 K\u00f6ln Live Music Hall<\/p>\n<p>15.02.2019\u00a0\u00a0 Hamburg Docks Hamburg<\/p>\n<p>16.02.2019\u00a0\u00a0 Berlin HUXLEY&#8217;S NEUE WELT<\/p>\n","protected":false},"excerpt":{"rendered":"<p>Ein Jazz-Wettbewerb an der HMTM und Patti Austin als Ehrengast In Erinnerung an den Jazz-Musiker und P\u00e4dagogen Kurt Maas wird am Mittwoch, den 6. Februar 2019 (Finale) zum vierten Mal der Wettbewerb um den \u00bbKurt Maas Jazz Award\u00ab an der Hochschule f\u00fcr Musik und Theater M\u00fcnchen (HMTM) ausgetragen. In der Endrunde des Wettbewerbs pr\u00e4sentieren sich f\u00fcnf Studierende des Jazz Instituts beim \u00f6ffentlichen Finale im Kleinen Konzertsaal im Gasteig. Der erste Preis ist die Teilnahme an einem Sommerkurs am renommierten Berklee College of Music, einem Kooperationspartner des Jazz Instituts. Die im Wettbewerb ermittelten Preistr\u00e4gerinnen und Preistr\u00e4ger werden im Rahmen des Preistr\u00e4gerkonzerts am Freitag, den 8. Februar 2019 im Carl-Orff-Saal im Gasteig \u00f6ffentlich auftreten und mit Urkunden ausgezeichnet. Die international gefeierte Jazzs\u00e4ngerin Patti Austin wird als Ehrengast mit dem U.M.P.A. Jazz Orchestra unter der Leitung von Prof. Claus Reichstaller auftreten und den ersten Preis \u00fcberreichen. Der &#8222;Kurt Maas Jazz Award&#8220; wurde 2012 vom Jazz Institut der Hochschule f\u00fcr Musik und Theater M\u00fcnchen auf Initiative von Camilo Dornier ins Leben gerufen. Der Wettbewerb dient gleicherma\u00dfen der F\u00f6rderung der Jazz-Studierenden der HMTM wie dem Gedenken an den 2011 verstorbenen &hellip;<\/p>\n","protected":false},"author":18,"featured_media":18510,"comment_status":"open","ping_status":"closed","sticky":false,"template":"","format":"standard","meta":{"_jetpack_memberships_contains_paid_content":false,"footnotes":"","jetpack_publicize_message":"","jetpack_publicize_feature_enabled":true,"jetpack_social_post_already_shared":false,"jetpack_social_options":{"image_generator_settings":{"template":"highway","default_image_id":0,"font":"","enabled":false},"version":2}},"categories":[633],"tags":[2019,66,119,193,215,226,1876,254,267,852,1418,337,1672,1143,401,1951,1502,1170,2139,1260,558,1095,19,799],"coauthors":[695],"class_list":["post-18459","post","type-post","status-publish","format-standard","has-post-thumbnail","hentry","category-nachrichten","tag-2019","tag-berlin","tag-claus-reichstaller","tag-gasteig","tag-hamburg","tag-hochschule-fuer-musik-und-theater","tag-jazz","tag-jazz-award","tag-jazzabteilung","tag-koeln","tag-krebs","tag-kurt-maas","tag-live","tag-muffathalle","tag-muenchen","tag-news","tag-preis","tag-preistraeger","tag-s","tag-thomas-j-krebs","tag-tour","tag-tournee","tag-wettbewerb","tag-zuerich"],"yoast_head":"<!-- This site is optimized with the Yoast SEO plugin v27.5 - https:\/\/yoast.com\/product\/yoast-seo-wordpress\/ -->\n<title>+++ News: +++ Kurt Maas Jazz Award 2019 an der M\u00fcnchener Hochschule f\u00fcr Musik und Theater +++ Aufftakt in M\u00fcnchen: Jacob Collier auf Tour +++ - JazzZeitung<\/title>\n<meta name=\"robots\" content=\"index, follow, max-snippet:-1, max-image-preview:large, max-video-preview:-1\" \/>\n<link rel=\"canonical\" href=\"https:\/\/www.jazzzeitung.de\/cms\/2019\/01\/news-jacob-collier-mit-djesse-zu-gast-in-muenchen\/\" \/>\n<meta property=\"og:locale\" content=\"de_DE\" \/>\n<meta property=\"og:type\" content=\"article\" \/>\n<meta property=\"og:title\" content=\"+++ News: +++ Kurt Maas Jazz Award 2019 an der M\u00fcnchener Hochschule f\u00fcr Musik und Theater +++ Aufftakt in M\u00fcnchen: Jacob Collier auf Tour +++ - JazzZeitung\" \/>\n<meta property=\"og:description\" content=\"Ein Jazz-Wettbewerb an der HMTM und Patti Austin als Ehrengast In Erinnerung an den Jazz-Musiker und P\u00e4dagogen Kurt Maas wird am Mittwoch, den 6. Februar 2019 (Finale) zum vierten Mal der Wettbewerb um den \u00bbKurt Maas Jazz Award\u00ab an der Hochschule f\u00fcr Musik und Theater M\u00fcnchen (HMTM) ausgetragen. In der Endrunde des Wettbewerbs pr\u00e4sentieren sich f\u00fcnf Studierende des Jazz Instituts beim \u00f6ffentlichen Finale im Kleinen Konzertsaal im Gasteig. Der erste Preis ist die Teilnahme an einem Sommerkurs am renommierten Berklee College of Music, einem Kooperationspartner des Jazz Instituts. Die im Wettbewerb ermittelten Preistr\u00e4gerinnen und Preistr\u00e4ger werden im Rahmen des Preistr\u00e4gerkonzerts am Freitag, den 8. Februar 2019 im Carl-Orff-Saal im Gasteig \u00f6ffentlich auftreten und mit Urkunden ausgezeichnet. Die international gefeierte Jazzs\u00e4ngerin Patti Austin wird als Ehrengast mit dem U.M.P.A. Jazz Orchestra unter der Leitung von Prof. Claus Reichstaller auftreten und den ersten Preis \u00fcberreichen. Der &#8222;Kurt Maas Jazz Award&#8220; wurde 2012 vom Jazz Institut der Hochschule f\u00fcr Musik und Theater M\u00fcnchen auf Initiative von Camilo Dornier ins Leben gerufen. Der Wettbewerb dient gleicherma\u00dfen der F\u00f6rderung der Jazz-Studierenden der HMTM wie dem Gedenken an den 2011 verstorbenen &hellip;\" \/>\n<meta property=\"og:url\" content=\"https:\/\/www.jazzzeitung.de\/cms\/2019\/01\/news-jacob-collier-mit-djesse-zu-gast-in-muenchen\/\" \/>\n<meta property=\"og:site_name\" content=\"JazzZeitung\" \/>\n<meta property=\"article:publisher\" content=\"https:\/\/www.facebook.com\/JazzZeitung\/\" \/>\n<meta property=\"article:published_time\" content=\"2019-01-29T17:00:03+00:00\" \/>\n<meta property=\"article:modified_time\" content=\"2019-02-04T09:23:34+00:00\" \/>\n<meta property=\"og:image\" content=\"https:\/\/i0.wp.com\/www.jazzzeitung.de\/cms\/wp-content\/uploads\/2019\/01\/Kurt-Maas-Jazz-Award.jpg?fit=640%2C417&ssl=1\" \/>\n\t<meta property=\"og:image:width\" content=\"640\" \/>\n\t<meta property=\"og:image:height\" content=\"417\" \/>\n\t<meta property=\"og:image:type\" content=\"image\/jpeg\" \/>\n<meta name=\"author\" content=\"Redaktion JazzZeitung\" \/>\n<script type=\"application\/ld+json\" class=\"yoast-schema-graph\">{\"@context\":\"https:\\\/\\\/schema.org\",\"@graph\":[{\"@type\":\"Article\",\"@id\":\"https:\\\/\\\/www.jazzzeitung.de\\\/cms\\\/2019\\\/01\\\/news-jacob-collier-mit-djesse-zu-gast-in-muenchen\\\/#article\",\"isPartOf\":{\"@id\":\"https:\\\/\\\/www.jazzzeitung.de\\\/cms\\\/2019\\\/01\\\/news-jacob-collier-mit-djesse-zu-gast-in-muenchen\\\/\"},\"author\":{\"name\":\"Redaktion JazzZeitung\",\"@id\":\"https:\\\/\\\/www.jazzzeitung.de\\\/cms\\\/#\\\/schema\\\/person\\\/2245b36b9cd1d24cea10f01c031fb92b\"},\"headline\":\"+++ News: +++ Kurt Maas Jazz Award 2019 an der M\u00fcnchener Hochschule f\u00fcr Musik und Theater +++ Aufftakt in M\u00fcnchen: Jacob Collier auf Tour +++\",\"datePublished\":\"2019-01-29T17:00:03+00:00\",\"dateModified\":\"2019-02-04T09:23:34+00:00\",\"mainEntityOfPage\":{\"@id\":\"https:\\\/\\\/www.jazzzeitung.de\\\/cms\\\/2019\\\/01\\\/news-jacob-collier-mit-djesse-zu-gast-in-muenchen\\\/\"},\"wordCount\":378,\"commentCount\":0,\"publisher\":{\"@id\":\"https:\\\/\\\/www.jazzzeitung.de\\\/cms\\\/#organization\"},\"image\":{\"@id\":\"https:\\\/\\\/www.jazzzeitung.de\\\/cms\\\/2019\\\/01\\\/news-jacob-collier-mit-djesse-zu-gast-in-muenchen\\\/#primaryimage\"},\"thumbnailUrl\":\"https:\\\/\\\/i0.wp.com\\\/www.jazzzeitung.de\\\/cms\\\/wp-content\\\/uploads\\\/2019\\\/01\\\/Kurt-Maas-Jazz-Award.jpg?fit=640%2C417&ssl=1\",\"keywords\":[\"2019\",\"Berlin\",\"Claus Reichstaller\",\"Gasteig\",\"Hamburg\",\"Hochschule f\u00fcr Musik und Theater\",\"Jazz\",\"Jazz Award\",\"Jazzabteilung\",\"K\u00f6ln\",\"krebs\",\"Kurt Maas\",\"Live\",\"Muffathalle\",\"M\u00fcnchen\",\"News\",\"Preis\",\"Preistr\u00e4ger\",\"S\",\"Thomas J. Krebs\",\"Tour\",\"Tournee\",\"Wettbewerb\",\"Z\u00fcrich\"],\"articleSection\":[\"News\"],\"inLanguage\":\"de\",\"potentialAction\":[{\"@type\":\"CommentAction\",\"name\":\"Comment\",\"target\":[\"https:\\\/\\\/www.jazzzeitung.de\\\/cms\\\/2019\\\/01\\\/news-jacob-collier-mit-djesse-zu-gast-in-muenchen\\\/#respond\"]}]},{\"@type\":\"WebPage\",\"@id\":\"https:\\\/\\\/www.jazzzeitung.de\\\/cms\\\/2019\\\/01\\\/news-jacob-collier-mit-djesse-zu-gast-in-muenchen\\\/\",\"url\":\"https:\\\/\\\/www.jazzzeitung.de\\\/cms\\\/2019\\\/01\\\/news-jacob-collier-mit-djesse-zu-gast-in-muenchen\\\/\",\"name\":\"+++ News: +++ Kurt Maas Jazz Award 2019 an der M\u00fcnchener Hochschule f\u00fcr Musik und Theater +++ Aufftakt in M\u00fcnchen: Jacob Collier auf Tour +++ - JazzZeitung\",\"isPartOf\":{\"@id\":\"https:\\\/\\\/www.jazzzeitung.de\\\/cms\\\/#website\"},\"primaryImageOfPage\":{\"@id\":\"https:\\\/\\\/www.jazzzeitung.de\\\/cms\\\/2019\\\/01\\\/news-jacob-collier-mit-djesse-zu-gast-in-muenchen\\\/#primaryimage\"},\"image\":{\"@id\":\"https:\\\/\\\/www.jazzzeitung.de\\\/cms\\\/2019\\\/01\\\/news-jacob-collier-mit-djesse-zu-gast-in-muenchen\\\/#primaryimage\"},\"thumbnailUrl\":\"https:\\\/\\\/i0.wp.com\\\/www.jazzzeitung.de\\\/cms\\\/wp-content\\\/uploads\\\/2019\\\/01\\\/Kurt-Maas-Jazz-Award.jpg?fit=640%2C417&ssl=1\",\"datePublished\":\"2019-01-29T17:00:03+00:00\",\"dateModified\":\"2019-02-04T09:23:34+00:00\",\"breadcrumb\":{\"@id\":\"https:\\\/\\\/www.jazzzeitung.de\\\/cms\\\/2019\\\/01\\\/news-jacob-collier-mit-djesse-zu-gast-in-muenchen\\\/#breadcrumb\"},\"inLanguage\":\"de\",\"potentialAction\":[{\"@type\":\"ReadAction\",\"target\":[\"https:\\\/\\\/www.jazzzeitung.de\\\/cms\\\/2019\\\/01\\\/news-jacob-collier-mit-djesse-zu-gast-in-muenchen\\\/\"]}]},{\"@type\":\"ImageObject\",\"inLanguage\":\"de\",\"@id\":\"https:\\\/\\\/www.jazzzeitung.de\\\/cms\\\/2019\\\/01\\\/news-jacob-collier-mit-djesse-zu-gast-in-muenchen\\\/#primaryimage\",\"url\":\"https:\\\/\\\/i0.wp.com\\\/www.jazzzeitung.de\\\/cms\\\/wp-content\\\/uploads\\\/2019\\\/01\\\/Kurt-Maas-Jazz-Award.jpg?fit=640%2C417&ssl=1\",\"contentUrl\":\"https:\\\/\\\/i0.wp.com\\\/www.jazzzeitung.de\\\/cms\\\/wp-content\\\/uploads\\\/2019\\\/01\\\/Kurt-Maas-Jazz-Award.jpg?fit=640%2C417&ssl=1\",\"width\":640,\"height\":417,\"caption\":\"Kurt Maas Jazz Award\"},{\"@type\":\"BreadcrumbList\",\"@id\":\"https:\\\/\\\/www.jazzzeitung.de\\\/cms\\\/2019\\\/01\\\/news-jacob-collier-mit-djesse-zu-gast-in-muenchen\\\/#breadcrumb\",\"itemListElement\":[{\"@type\":\"ListItem\",\"position\":1,\"name\":\"Startseite\",\"item\":\"https:\\\/\\\/www.jazzzeitung.de\\\/cms\\\/\"},{\"@type\":\"ListItem\",\"position\":2,\"name\":\"+++ News: +++ Kurt Maas Jazz Award 2019 an der M\u00fcnchener Hochschule f\u00fcr Musik und Theater +++ Aufftakt in M\u00fcnchen: Jacob Collier auf Tour +++\"}]},{\"@type\":\"WebSite\",\"@id\":\"https:\\\/\\\/www.jazzzeitung.de\\\/cms\\\/#website\",\"url\":\"https:\\\/\\\/www.jazzzeitung.de\\\/cms\\\/\",\"name\":\"JazzZeitung\",\"description\":\"Jazz-News und Jazz-Kontroverses\",\"publisher\":{\"@id\":\"https:\\\/\\\/www.jazzzeitung.de\\\/cms\\\/#organization\"},\"potentialAction\":[{\"@type\":\"SearchAction\",\"target\":{\"@type\":\"EntryPoint\",\"urlTemplate\":\"https:\\\/\\\/www.jazzzeitung.de\\\/cms\\\/?s={search_term_string}\"},\"query-input\":{\"@type\":\"PropertyValueSpecification\",\"valueRequired\":true,\"valueName\":\"search_term_string\"}}],\"inLanguage\":\"de\"},{\"@type\":\"Organization\",\"@id\":\"https:\\\/\\\/www.jazzzeitung.de\\\/cms\\\/#organization\",\"name\":\"JazzZeitung online\",\"url\":\"https:\\\/\\\/www.jazzzeitung.de\\\/cms\\\/\",\"logo\":{\"@type\":\"ImageObject\",\"inLanguage\":\"de\",\"@id\":\"https:\\\/\\\/www.jazzzeitung.de\\\/cms\\\/#\\\/schema\\\/logo\\\/image\\\/\",\"url\":\"https:\\\/\\\/i0.wp.com\\\/www.jazzzeitung.de\\\/cms\\\/wp-content\\\/uploads\\\/2015\\\/08\\\/JAZZZEITUNGDE_Logo_Neu.png?fit=499%2C200&ssl=1\",\"contentUrl\":\"https:\\\/\\\/i0.wp.com\\\/www.jazzzeitung.de\\\/cms\\\/wp-content\\\/uploads\\\/2015\\\/08\\\/JAZZZEITUNGDE_Logo_Neu.png?fit=499%2C200&ssl=1\",\"width\":499,\"height\":200,\"caption\":\"JazzZeitung online\"},\"image\":{\"@id\":\"https:\\\/\\\/www.jazzzeitung.de\\\/cms\\\/#\\\/schema\\\/logo\\\/image\\\/\"},\"sameAs\":[\"https:\\\/\\\/www.facebook.com\\\/JazzZeitung\\\/\"]},{\"@type\":\"Person\",\"@id\":\"https:\\\/\\\/www.jazzzeitung.de\\\/cms\\\/#\\\/schema\\\/person\\\/2245b36b9cd1d24cea10f01c031fb92b\",\"name\":\"Redaktion JazzZeitung\",\"image\":{\"@type\":\"ImageObject\",\"inLanguage\":\"de\",\"@id\":\"https:\\\/\\\/i0.wp.com\\\/www.jazzzeitung.de\\\/cms\\\/wp-content\\\/uploads\\\/2015\\\/08\\\/JAZZZEITUNGDE_Logo_Neu.png?resize=96%2C96&ssl=159975dcacb611b5700bd619b5daf0a7a\",\"url\":\"https:\\\/\\\/i0.wp.com\\\/www.jazzzeitung.de\\\/cms\\\/wp-content\\\/uploads\\\/2015\\\/08\\\/JAZZZEITUNGDE_Logo_Neu.png?resize=96%2C96&ssl=1\",\"contentUrl\":\"https:\\\/\\\/i0.wp.com\\\/www.jazzzeitung.de\\\/cms\\\/wp-content\\\/uploads\\\/2015\\\/08\\\/JAZZZEITUNGDE_Logo_Neu.png?resize=96%2C96&ssl=1\",\"caption\":\"Redaktion JazzZeitung\"},\"description\":\"Artikel der Redaktion der JazzZeitung.\",\"sameAs\":[\"http:\\\/\\\/www.jazzzeitung.de\\\/cms\\\/\"],\"url\":\"https:\\\/\\\/www.jazzzeitung.de\\\/cms\\\/author\\\/redaktion\\\/\"}]}<\/script>\n<!-- \/ Yoast SEO plugin. -->","yoast_head_json":{"title":"+++ News: +++ Kurt Maas Jazz Award 2019 an der M\u00fcnchener Hochschule f\u00fcr Musik und Theater +++ Aufftakt in M\u00fcnchen: Jacob Collier auf Tour +++ - JazzZeitung","robots":{"index":"index","follow":"follow","max-snippet":"max-snippet:-1","max-image-preview":"max-image-preview:large","max-video-preview":"max-video-preview:-1"},"canonical":"https:\/\/www.jazzzeitung.de\/cms\/2019\/01\/news-jacob-collier-mit-djesse-zu-gast-in-muenchen\/","og_locale":"de_DE","og_type":"article","og_title":"+++ News: +++ Kurt Maas Jazz Award 2019 an der M\u00fcnchener Hochschule f\u00fcr Musik und Theater +++ Aufftakt in M\u00fcnchen: Jacob Collier auf Tour +++ - JazzZeitung","og_description":"Ein Jazz-Wettbewerb an der HMTM und Patti Austin als Ehrengast In Erinnerung an den Jazz-Musiker und P\u00e4dagogen Kurt Maas wird am Mittwoch, den 6. Februar 2019 (Finale) zum vierten Mal der Wettbewerb um den \u00bbKurt Maas Jazz Award\u00ab an der Hochschule f\u00fcr Musik und Theater M\u00fcnchen (HMTM) ausgetragen. In der Endrunde des Wettbewerbs pr\u00e4sentieren sich f\u00fcnf Studierende des Jazz Instituts beim \u00f6ffentlichen Finale im Kleinen Konzertsaal im Gasteig. Der erste Preis ist die Teilnahme an einem Sommerkurs am renommierten Berklee College of Music, einem Kooperationspartner des Jazz Instituts. Die im Wettbewerb ermittelten Preistr\u00e4gerinnen und Preistr\u00e4ger werden im Rahmen des Preistr\u00e4gerkonzerts am Freitag, den 8. Februar 2019 im Carl-Orff-Saal im Gasteig \u00f6ffentlich auftreten und mit Urkunden ausgezeichnet. Die international gefeierte Jazzs\u00e4ngerin Patti Austin wird als Ehrengast mit dem U.M.P.A. Jazz Orchestra unter der Leitung von Prof. Claus Reichstaller auftreten und den ersten Preis \u00fcberreichen. Der &#8222;Kurt Maas Jazz Award&#8220; wurde 2012 vom Jazz Institut der Hochschule f\u00fcr Musik und Theater M\u00fcnchen auf Initiative von Camilo Dornier ins Leben gerufen. Der Wettbewerb dient gleicherma\u00dfen der F\u00f6rderung der Jazz-Studierenden der HMTM wie dem Gedenken an den 2011 verstorbenen &hellip;","og_url":"https:\/\/www.jazzzeitung.de\/cms\/2019\/01\/news-jacob-collier-mit-djesse-zu-gast-in-muenchen\/","og_site_name":"JazzZeitung","article_publisher":"https:\/\/www.facebook.com\/JazzZeitung\/","article_published_time":"2019-01-29T17:00:03+00:00","article_modified_time":"2019-02-04T09:23:34+00:00","og_image":[{"width":640,"height":417,"url":"https:\/\/i0.wp.com\/www.jazzzeitung.de\/cms\/wp-content\/uploads\/2019\/01\/Kurt-Maas-Jazz-Award.jpg?fit=640%2C417&ssl=1","type":"image\/jpeg"}],"author":"Redaktion JazzZeitung","schema":{"@context":"https:\/\/schema.org","@graph":[{"@type":"Article","@id":"https:\/\/www.jazzzeitung.de\/cms\/2019\/01\/news-jacob-collier-mit-djesse-zu-gast-in-muenchen\/#article","isPartOf":{"@id":"https:\/\/www.jazzzeitung.de\/cms\/2019\/01\/news-jacob-collier-mit-djesse-zu-gast-in-muenchen\/"},"author":{"name":"Redaktion JazzZeitung","@id":"https:\/\/www.jazzzeitung.de\/cms\/#\/schema\/person\/2245b36b9cd1d24cea10f01c031fb92b"},"headline":"+++ News: +++ Kurt Maas Jazz Award 2019 an der M\u00fcnchener Hochschule f\u00fcr Musik und Theater +++ Aufftakt in M\u00fcnchen: Jacob Collier auf Tour +++","datePublished":"2019-01-29T17:00:03+00:00","dateModified":"2019-02-04T09:23:34+00:00","mainEntityOfPage":{"@id":"https:\/\/www.jazzzeitung.de\/cms\/2019\/01\/news-jacob-collier-mit-djesse-zu-gast-in-muenchen\/"},"wordCount":378,"commentCount":0,"publisher":{"@id":"https:\/\/www.jazzzeitung.de\/cms\/#organization"},"image":{"@id":"https:\/\/www.jazzzeitung.de\/cms\/2019\/01\/news-jacob-collier-mit-djesse-zu-gast-in-muenchen\/#primaryimage"},"thumbnailUrl":"https:\/\/i0.wp.com\/www.jazzzeitung.de\/cms\/wp-content\/uploads\/2019\/01\/Kurt-Maas-Jazz-Award.jpg?fit=640%2C417&ssl=1","keywords":["2019","Berlin","Claus Reichstaller","Gasteig","Hamburg","Hochschule f\u00fcr Musik und Theater","Jazz","Jazz Award","Jazzabteilung","K\u00f6ln","krebs","Kurt Maas","Live","Muffathalle","M\u00fcnchen","News","Preis","Preistr\u00e4ger","S","Thomas J. Krebs","Tour","Tournee","Wettbewerb","Z\u00fcrich"],"articleSection":["News"],"inLanguage":"de","potentialAction":[{"@type":"CommentAction","name":"Comment","target":["https:\/\/www.jazzzeitung.de\/cms\/2019\/01\/news-jacob-collier-mit-djesse-zu-gast-in-muenchen\/#respond"]}]},{"@type":"WebPage","@id":"https:\/\/www.jazzzeitung.de\/cms\/2019\/01\/news-jacob-collier-mit-djesse-zu-gast-in-muenchen\/","url":"https:\/\/www.jazzzeitung.de\/cms\/2019\/01\/news-jacob-collier-mit-djesse-zu-gast-in-muenchen\/","name":"+++ News: +++ Kurt Maas Jazz Award 2019 an der M\u00fcnchener Hochschule f\u00fcr Musik und Theater +++ Aufftakt in M\u00fcnchen: Jacob Collier auf Tour +++ - JazzZeitung","isPartOf":{"@id":"https:\/\/www.jazzzeitung.de\/cms\/#website"},"primaryImageOfPage":{"@id":"https:\/\/www.jazzzeitung.de\/cms\/2019\/01\/news-jacob-collier-mit-djesse-zu-gast-in-muenchen\/#primaryimage"},"image":{"@id":"https:\/\/www.jazzzeitung.de\/cms\/2019\/01\/news-jacob-collier-mit-djesse-zu-gast-in-muenchen\/#primaryimage"},"thumbnailUrl":"https:\/\/i0.wp.com\/www.jazzzeitung.de\/cms\/wp-content\/uploads\/2019\/01\/Kurt-Maas-Jazz-Award.jpg?fit=640%2C417&ssl=1","datePublished":"2019-01-29T17:00:03+00:00","dateModified":"2019-02-04T09:23:34+00:00","breadcrumb":{"@id":"https:\/\/www.jazzzeitung.de\/cms\/2019\/01\/news-jacob-collier-mit-djesse-zu-gast-in-muenchen\/#breadcrumb"},"inLanguage":"de","potentialAction":[{"@type":"ReadAction","target":["https:\/\/www.jazzzeitung.de\/cms\/2019\/01\/news-jacob-collier-mit-djesse-zu-gast-in-muenchen\/"]}]},{"@type":"ImageObject","inLanguage":"de","@id":"https:\/\/www.jazzzeitung.de\/cms\/2019\/01\/news-jacob-collier-mit-djesse-zu-gast-in-muenchen\/#primaryimage","url":"https:\/\/i0.wp.com\/www.jazzzeitung.de\/cms\/wp-content\/uploads\/2019\/01\/Kurt-Maas-Jazz-Award.jpg?fit=640%2C417&ssl=1","contentUrl":"https:\/\/i0.wp.com\/www.jazzzeitung.de\/cms\/wp-content\/uploads\/2019\/01\/Kurt-Maas-Jazz-Award.jpg?fit=640%2C417&ssl=1","width":640,"height":417,"caption":"Kurt Maas Jazz Award"},{"@type":"BreadcrumbList","@id":"https:\/\/www.jazzzeitung.de\/cms\/2019\/01\/news-jacob-collier-mit-djesse-zu-gast-in-muenchen\/#breadcrumb","itemListElement":[{"@type":"ListItem","position":1,"name":"Startseite","item":"https:\/\/www.jazzzeitung.de\/cms\/"},{"@type":"ListItem","position":2,"name":"+++ News: +++ Kurt Maas Jazz Award 2019 an der M\u00fcnchener Hochschule f\u00fcr Musik und Theater +++ Aufftakt in M\u00fcnchen: Jacob Collier auf Tour +++"}]},{"@type":"WebSite","@id":"https:\/\/www.jazzzeitung.de\/cms\/#website","url":"https:\/\/www.jazzzeitung.de\/cms\/","name":"JazzZeitung","description":"Jazz-News und Jazz-Kontroverses","publisher":{"@id":"https:\/\/www.jazzzeitung.de\/cms\/#organization"},"potentialAction":[{"@type":"SearchAction","target":{"@type":"EntryPoint","urlTemplate":"https:\/\/www.jazzzeitung.de\/cms\/?s={search_term_string}"},"query-input":{"@type":"PropertyValueSpecification","valueRequired":true,"valueName":"search_term_string"}}],"inLanguage":"de"},{"@type":"Organization","@id":"https:\/\/www.jazzzeitung.de\/cms\/#organization","name":"JazzZeitung online","url":"https:\/\/www.jazzzeitung.de\/cms\/","logo":{"@type":"ImageObject","inLanguage":"de","@id":"https:\/\/www.jazzzeitung.de\/cms\/#\/schema\/logo\/image\/","url":"https:\/\/i0.wp.com\/www.jazzzeitung.de\/cms\/wp-content\/uploads\/2015\/08\/JAZZZEITUNGDE_Logo_Neu.png?fit=499%2C200&ssl=1","contentUrl":"https:\/\/i0.wp.com\/www.jazzzeitung.de\/cms\/wp-content\/uploads\/2015\/08\/JAZZZEITUNGDE_Logo_Neu.png?fit=499%2C200&ssl=1","width":499,"height":200,"caption":"JazzZeitung online"},"image":{"@id":"https:\/\/www.jazzzeitung.de\/cms\/#\/schema\/logo\/image\/"},"sameAs":["https:\/\/www.facebook.com\/JazzZeitung\/"]},{"@type":"Person","@id":"https:\/\/www.jazzzeitung.de\/cms\/#\/schema\/person\/2245b36b9cd1d24cea10f01c031fb92b","name":"Redaktion JazzZeitung","image":{"@type":"ImageObject","inLanguage":"de","@id":"https:\/\/i0.wp.com\/www.jazzzeitung.de\/cms\/wp-content\/uploads\/2015\/08\/JAZZZEITUNGDE_Logo_Neu.png?resize=96%2C96&ssl=159975dcacb611b5700bd619b5daf0a7a","url":"https:\/\/i0.wp.com\/www.jazzzeitung.de\/cms\/wp-content\/uploads\/2015\/08\/JAZZZEITUNGDE_Logo_Neu.png?resize=96%2C96&ssl=1","contentUrl":"https:\/\/i0.wp.com\/www.jazzzeitung.de\/cms\/wp-content\/uploads\/2015\/08\/JAZZZEITUNGDE_Logo_Neu.png?resize=96%2C96&ssl=1","caption":"Redaktion JazzZeitung"},"description":"Artikel der Redaktion der JazzZeitung.","sameAs":["http:\/\/www.jazzzeitung.de\/cms\/"],"url":"https:\/\/www.jazzzeitung.de\/cms\/author\/redaktion\/"}]}},"wp-worthy-pixel":{"ignored":false,"public":null,"server":null,"url":null},"wp-worthy-type":"normal","jetpack_publicize_connections":[],"cc_featured_image_caption":{"caption_text":"","source_text":"","source_url":""},"jetpack_featured_media_url":"https:\/\/i0.wp.com\/www.jazzzeitung.de\/cms\/wp-content\/uploads\/2019\/01\/Kurt-Maas-Jazz-Award.jpg?fit=640%2C417&ssl=1","jetpack_shortlink":"https:\/\/wp.me\/p3KEcT-4NJ","jetpack-related-posts":[{"id":11803,"url":"https:\/\/www.jazzzeitung.de\/cms\/2017\/02\/je-preiser-gekroent-jazzpreise-im-monat-februar\/","url_meta":{"origin":18459,"position":0},"title":"Preistr\u00e4gerkonzerte: Klaus Doldinger spielte f\u00fcr Moritz Stahl","author":"Redaktion JazzZeitung","date":"28. Februar 2017","format":false,"excerpt":"Bereits im November 2016 war der Komponist und Saxophonist Klaus Doldinger mit dem Kulturellen Ehrenpreis der Landeshauptstadt M\u00fcnchen ausgezeichnet worden. Am Dienstag, den 14. Februar, wurde der Preis\u00a0 im Festsaal des Alten Rathauses durch Oberb\u00fcrgermeister Dieter Reiter verliehen.\u00a0Die Laudatio hielt G\u00fcnter Rohrbach, f\u00fcr die musikalische Umrahmung sorgten Roberto Di Gioia,\u2026","rel":"","context":"In &quot;Bericht&quot;","block_context":{"text":"Bericht","link":"https:\/\/www.jazzzeitung.de\/cms\/thema\/bericht\/"},"img":{"alt_text":"","src":"https:\/\/i0.wp.com\/www.jazzzeitung.de\/cms\/wp-content\/uploads\/2017\/02\/Doldinger-Sopran-dombr-150x150.jpg?resize=350%2C200","width":350,"height":200},"classes":[]},{"id":24303,"url":"https:\/\/www.jazzzeitung.de\/cms\/2021\/01\/die-entscheidung-ist-gefallen-komponistin-und-pianistin-shuteen-erdenebaatar-gewinnt-1-preis-des-kurt-maas-jazz-award-2021\/","url_meta":{"origin":18459,"position":1},"title":"Die Entscheidung ist gefallen: Komponistin und Pianistin Shuteen Erdenebaatar gewinnt 1. Preis des Kurt Maas Jazz Award 2021","author":"Redaktion JazzZeitung","date":"22. Januar 2021","format":false,"excerpt":"Livestream auf Youtube: https:\/\/youtu.be\/SxzMhVn4Dec heute, am 22. Januar 2021: Preistr\u00e4gerkonzert mit Verleihung des \u00bbBerklee Master of Global Jazz Award\u00ab an Dusko Goykovich Im Finale des Kurt Maas Jazz Award 2021, das am Mittwoch, den 20. Januar 2021 im Kleinen Konzertsaal des M\u00fcnchner Gasteigs stattfand, konnte sich die Komponistin und Pianistin\u2026","rel":"","context":"In &quot;Bericht&quot;","block_context":{"text":"Bericht","link":"https:\/\/www.jazzzeitung.de\/cms\/thema\/bericht\/"},"img":{"alt_text":"","src":"https:\/\/i0.wp.com\/www.jazzzeitung.de\/cms\/wp-content\/uploads\/2021\/01\/KMJA_2021_Finale_Sh_Erdenebaatar-c-HMTM.jpg?fit=1200%2C800&ssl=1&resize=350%2C200","width":350,"height":200,"srcset":"https:\/\/i0.wp.com\/www.jazzzeitung.de\/cms\/wp-content\/uploads\/2021\/01\/KMJA_2021_Finale_Sh_Erdenebaatar-c-HMTM.jpg?fit=1200%2C800&ssl=1&resize=350%2C200 1x, https:\/\/i0.wp.com\/www.jazzzeitung.de\/cms\/wp-content\/uploads\/2021\/01\/KMJA_2021_Finale_Sh_Erdenebaatar-c-HMTM.jpg?fit=1200%2C800&ssl=1&resize=525%2C300 1.5x, https:\/\/i0.wp.com\/www.jazzzeitung.de\/cms\/wp-content\/uploads\/2021\/01\/KMJA_2021_Finale_Sh_Erdenebaatar-c-HMTM.jpg?fit=1200%2C800&ssl=1&resize=700%2C400 2x, https:\/\/i0.wp.com\/www.jazzzeitung.de\/cms\/wp-content\/uploads\/2021\/01\/KMJA_2021_Finale_Sh_Erdenebaatar-c-HMTM.jpg?fit=1200%2C800&ssl=1&resize=1050%2C600 3x"},"classes":[]},{"id":24252,"url":"https:\/\/www.jazzzeitung.de\/cms\/2021\/01\/verleihung-des-berklee-master-of-global-jazz-award-an-dusko-goykovich-jazz-trompeter-und-ehrenmitglied-des-jazz-instituts-livestream-auf-youtube\/","url_meta":{"origin":18459,"position":2},"title":"Verleihung des &#8222;Berklee Master of Global Jazz Award&#8220; an Dusko Goykovich, Jazz-Trompeter und Ehrenmitglied des Jazz Instituts Livestream auf Youtube","author":"Redaktion JazzZeitung","date":"20. Januar 2021","format":false,"excerpt":"Die drei Gewinner des 5. Kurt Maas Jazz Award bestreiten am Freitag, 22. Januar 2021 um 19:00 Uhr gemeinsam mit Kolleginnen und Kollegen des Jazz Instituts der Hochschule f\u00fcr Musik und Theater M\u00fcnchen (HMTM) das Preistr\u00e4gerkonzert des Wettbewerbs als Livestream auf dem Youtube-Kanal des Jazz Instituts. Besonderer H\u00f6hepunkt ist au\u00dferdem\u2026","rel":"","context":"In &quot;News&quot;","block_context":{"text":"News","link":"https:\/\/www.jazzzeitung.de\/cms\/thema\/nachrichten\/"},"img":{"alt_text":"","src":"https:\/\/i0.wp.com\/www.jazzzeitung.de\/cms\/wp-content\/uploads\/2021\/01\/Goykovich_Dusko_c_Jan-Scheffner-scaled.jpg?fit=1200%2C798&ssl=1&resize=350%2C200","width":350,"height":200,"srcset":"https:\/\/i0.wp.com\/www.jazzzeitung.de\/cms\/wp-content\/uploads\/2021\/01\/Goykovich_Dusko_c_Jan-Scheffner-scaled.jpg?fit=1200%2C798&ssl=1&resize=350%2C200 1x, https:\/\/i0.wp.com\/www.jazzzeitung.de\/cms\/wp-content\/uploads\/2021\/01\/Goykovich_Dusko_c_Jan-Scheffner-scaled.jpg?fit=1200%2C798&ssl=1&resize=525%2C300 1.5x, https:\/\/i0.wp.com\/www.jazzzeitung.de\/cms\/wp-content\/uploads\/2021\/01\/Goykovich_Dusko_c_Jan-Scheffner-scaled.jpg?fit=1200%2C798&ssl=1&resize=700%2C400 2x, https:\/\/i0.wp.com\/www.jazzzeitung.de\/cms\/wp-content\/uploads\/2021\/01\/Goykovich_Dusko_c_Jan-Scheffner-scaled.jpg?fit=1200%2C798&ssl=1&resize=1050%2C600 3x"},"classes":[]},{"id":28995,"url":"https:\/\/www.jazzzeitung.de\/cms\/2023\/01\/steve-turry-german-jazz-trophy_jugend-jazzt-hamburg_kmja-ft-brasilien\/","url_meta":{"origin":18459,"position":3},"title":"News: +++ German Jazz Trophy 2023 geht Steve Turr\u00e9 +++ Hamburger &#8222;Jugend jazzt&#8220;-Preistr\u00e4ger spielen mit NDR Big Band +++ Jazz-Institut M\u00fcnchen featured Brasilien +++","author":"Redaktion JazzZeitung","date":"28. Januar 2023","format":false,"excerpt":"+++ German Jazz Trophy 2023 geht an Steve Turr\u00e9 +++ Unter dem Motto \u201eA Life for Jazz\u201c zeichnet die German Jazz Trophy seit 2001 j\u00e4hrlich Musiker*innen aus, die durch ihr Lebenswerk dem Jazz neue Impulse gegeben und seinen Stellenwert gef\u00f6rdert haben. 2023 wird das Lebenswerk von Posaunist (und Muschelspieler) Steve\u2026","rel":"","context":"In &quot;News&quot;","block_context":{"text":"News","link":"https:\/\/www.jazzzeitung.de\/cms\/thema\/nachrichten\/"},"img":{"alt_text":"","src":"https:\/\/i0.wp.com\/www.jazzzeitung.de\/cms\/wp-content\/uploads\/2023\/01\/P2169219-Turre-Foto-TJ-Krebs.jpg?fit=1200%2C800&ssl=1&resize=350%2C200","width":350,"height":200,"srcset":"https:\/\/i0.wp.com\/www.jazzzeitung.de\/cms\/wp-content\/uploads\/2023\/01\/P2169219-Turre-Foto-TJ-Krebs.jpg?fit=1200%2C800&ssl=1&resize=350%2C200 1x, https:\/\/i0.wp.com\/www.jazzzeitung.de\/cms\/wp-content\/uploads\/2023\/01\/P2169219-Turre-Foto-TJ-Krebs.jpg?fit=1200%2C800&ssl=1&resize=525%2C300 1.5x, https:\/\/i0.wp.com\/www.jazzzeitung.de\/cms\/wp-content\/uploads\/2023\/01\/P2169219-Turre-Foto-TJ-Krebs.jpg?fit=1200%2C800&ssl=1&resize=700%2C400 2x, https:\/\/i0.wp.com\/www.jazzzeitung.de\/cms\/wp-content\/uploads\/2023\/01\/P2169219-Turre-Foto-TJ-Krebs.jpg?fit=1200%2C800&ssl=1&resize=1050%2C600 3x"},"classes":[]},{"id":14972,"url":"https:\/\/www.jazzzeitung.de\/cms\/2018\/02\/auftakt-des-bmw-welt-jazz-award-2018-jazz-moves-interpretiert-von-lbt-und-dem-jukka-eskola-soul-trio\/","url_meta":{"origin":18459,"position":4},"title":"Fotos aus zehn Jahre BMW Welt Jazz Award. Das Motto der zehnten Ausgabe hei\u00dft: \u201eJazz moves\u201c","author":"Redaktion JazzZeitung","date":"1. Februar 2018","format":false,"excerpt":"Der BMW Welt Jazz Award feiert sein zehnj\u00e4hriges Jubil\u00e4um. Ssirus W. Pakzad hat als Musikkritiker den Wettbewerb zehn Jahr lang leidenschaftlich und mit Kennerschaft\u00a0 begleitet und in seiner Rolle als Fotograf viele musikalische Momente festgehalten. Hier eine Galerie mit einer kleinen Auswahl seiner Arbeiten aus dem Doppelkegel der BMW Welt\u2026","rel":"","context":"In &quot;News&quot;","block_context":{"text":"News","link":"https:\/\/www.jazzzeitung.de\/cms\/thema\/nachrichten\/"},"img":{"alt_text":"","src":"https:\/\/i0.wp.com\/www.jazzzeitung.de\/cms\/wp-content\/uploads\/2018\/02\/nru.jpg?fit=1200%2C823&ssl=1&resize=350%2C200","width":350,"height":200,"srcset":"https:\/\/i0.wp.com\/www.jazzzeitung.de\/cms\/wp-content\/uploads\/2018\/02\/nru.jpg?fit=1200%2C823&ssl=1&resize=350%2C200 1x, https:\/\/i0.wp.com\/www.jazzzeitung.de\/cms\/wp-content\/uploads\/2018\/02\/nru.jpg?fit=1200%2C823&ssl=1&resize=525%2C300 1.5x, https:\/\/i0.wp.com\/www.jazzzeitung.de\/cms\/wp-content\/uploads\/2018\/02\/nru.jpg?fit=1200%2C823&ssl=1&resize=700%2C400 2x, https:\/\/i0.wp.com\/www.jazzzeitung.de\/cms\/wp-content\/uploads\/2018\/02\/nru.jpg?fit=1200%2C823&ssl=1&resize=1050%2C600 3x"},"classes":[]},{"id":977,"url":"https:\/\/www.jazzzeitung.de\/cms\/2011\/05\/machs-gut-kurt\/","url_meta":{"origin":18459,"position":5},"title":"Mach&#8217;s gut, Kurt!","author":"J\u00f6rg Lichtinger","date":"26. Mai 2011","format":false,"excerpt":"Anfang Mai ist Kurt Maas, der ehemalige Leiter der Jazzabteilung des Richard-Strauss-Konservatoriums (heute Hochschule f\u00fcr Musik und Theater) M\u00fcnchen, im Alter von 68 Jahren gestorben. Noch vor wenigen Jahren war seine Erscheinung eine Institution am \"Kons\" im M\u00fcnchner Gasteig gewesen. Er hat die Anfangsjahre der Jazzabteilung entscheidend gepr\u00e4gt und durch\u2026","rel":"","context":"In &quot;Blog&quot;","block_context":{"text":"Blog","link":"https:\/\/www.jazzzeitung.de\/cms\/thema\/blog\/"},"img":{"alt_text":"Kurt Maas. Foto: @lle-noten.de","src":"https:\/\/i0.wp.com\/www.jazzzeitung.de\/cms\/wp-content\/uploads\/2011\/05\/Kurt1-300x235.jpg?resize=350%2C200","width":350,"height":200},"classes":[]}],"jetpack_sharing_enabled":true,"_links":{"self":[{"href":"https:\/\/www.jazzzeitung.de\/cms\/wp-json\/wp\/v2\/posts\/18459","targetHints":{"allow":["GET"]}}],"collection":[{"href":"https:\/\/www.jazzzeitung.de\/cms\/wp-json\/wp\/v2\/posts"}],"about":[{"href":"https:\/\/www.jazzzeitung.de\/cms\/wp-json\/wp\/v2\/types\/post"}],"author":[{"embeddable":true,"href":"https:\/\/www.jazzzeitung.de\/cms\/wp-json\/wp\/v2\/users\/18"}],"replies":[{"embeddable":true,"href":"https:\/\/www.jazzzeitung.de\/cms\/wp-json\/wp\/v2\/comments?post=18459"}],"version-history":[{"count":25,"href":"https:\/\/www.jazzzeitung.de\/cms\/wp-json\/wp\/v2\/posts\/18459\/revisions"}],"predecessor-version":[{"id":18535,"href":"https:\/\/www.jazzzeitung.de\/cms\/wp-json\/wp\/v2\/posts\/18459\/revisions\/18535"}],"wp:featuredmedia":[{"embeddable":true,"href":"https:\/\/www.jazzzeitung.de\/cms\/wp-json\/wp\/v2\/media\/18510"}],"wp:attachment":[{"href":"https:\/\/www.jazzzeitung.de\/cms\/wp-json\/wp\/v2\/media?parent=18459"}],"wp:term":[{"taxonomy":"category","embeddable":true,"href":"https:\/\/www.jazzzeitung.de\/cms\/wp-json\/wp\/v2\/categories?post=18459"},{"taxonomy":"post_tag","embeddable":true,"href":"https:\/\/www.jazzzeitung.de\/cms\/wp-json\/wp\/v2\/tags?post=18459"},{"taxonomy":"author","embeddable":true,"href":"https:\/\/www.jazzzeitung.de\/cms\/wp-json\/wp\/v2\/coauthors?post=18459"}],"curies":[{"name":"wp","href":"https:\/\/api.w.org\/{rel}","templated":true}]}}