{"id":18374,"date":"2019-01-18T13:30:57","date_gmt":"2019-01-18T12:30:57","guid":{"rendered":"https:\/\/www.jazzzeitung.de\/cms\/?p=18374"},"modified":"2019-01-18T13:33:10","modified_gmt":"2019-01-18T12:33:10","slug":"news-auftakt-des-bmw-welt-jazz-award-2019-in-muenchen","status":"publish","type":"post","link":"https:\/\/www.jazzzeitung.de\/cms\/2019\/01\/news-auftakt-des-bmw-welt-jazz-award-2019-in-muenchen\/","title":{"rendered":"Auftakt des BMW Welt Jazz Award 2019 mit Jazzrausch-Techno"},"content":{"rendered":"<h3><strong>M\u00fcnchen im Jazzrausch<\/strong><\/h3>\n<p>Mit einer ausgelassenen Tanzparty angefeuert von der Jazzrausch Bigband wurde am Donnerstag der Auftakt des <a href=\"https:\/\/www.press.bmwgroup.com\/deutschland\/article\/detail\/T0290313DE\/auftakt-des-bmw-welt-jazz-award-2019?language=de\">BMW Welt Jazz Award 2019<\/a> gefeiert. Durch den Abend f\u00fchrten BR-Moderatorin Beate Sampson und Roman Sladek, Gewinner des <a href=\"https:\/\/www.bmw-welt.com\/de\/experience\/event-pool\/jazz-award-2019.html\">BMW Welt Young Artist Jazz Award 2017<\/a>. Jazzrausch begeisterte mit dem Programm \u201eDancing Wittgenstein\u201c, einer druckvollem und immer wieder \u00fcberraschenden Mischung aus Bigband-Jazz und elektronischer Clubmusik. Nach zwei Stunden \u201eTanz den Wittgenstein\u201c forderte ein zum Teil erstmals von Jazzrausch-Techno angefixtes Publikum zwei Zugaben und bekam daf\u00fcr noch einen geh\u00f6rigen Kick Funk von Sladeks bestens gelaunter Truppe mit auf den Heimweg.<\/p>\n<div class=\"tiled-gallery type-rectangular tiled-gallery-unresized\" data-original-width=\"840\" data-carousel-extra='{&quot;blog_id&quot;:1,&quot;permalink&quot;:&quot;https:\\\/\\\/www.jazzzeitung.de\\\/cms\\\/2019\\\/01\\\/news-auftakt-des-bmw-welt-jazz-award-2019-in-muenchen\\\/&quot;,&quot;likes_blog_id&quot;:55446655}' itemscope itemtype=\"http:\/\/schema.org\/ImageGallery\" > <div class=\"gallery-row\" style=\"width: 840px; height: 163px;\" data-original-width=\"840\" data-original-height=\"163\" > <div class=\"gallery-group images-1\" style=\"width: 243px; height: 163px;\" data-original-width=\"243\" data-original-height=\"163\" > <div class=\"tiled-gallery-item tiled-gallery-item-small\" itemprop=\"associatedMedia\" itemscope itemtype=\"http:\/\/schema.org\/ImageObject\"> <a href=\"https:\/\/www.jazzzeitung.de\/cms\/2019\/01\/news-auftakt-des-bmw-welt-jazz-award-2019-in-muenchen\/jrbb-before-the-show-foto-tj-krebs-jazzphotoagencyweb-de\/\" border=\"0\" itemprop=\"url\"> <meta itemprop=\"width\" content=\"239\"> <meta itemprop=\"height\" content=\"159\"> <img decoding=\"async\" class=\"\" data-attachment-id=\"18376\" data-orig-file=\"https:\/\/www.jazzzeitung.de\/cms\/wp-content\/uploads\/2019\/01\/JRBB-before-the-show-Foto-TJ-Krebs-jazzphotoagency@web.de_.jpg\" data-orig-size=\"1800,1200\" data-comments-opened=\"1\" data-image-meta=\"{&quot;aperture&quot;:&quot;0&quot;,&quot;credit&quot;:&quot;&quot;,&quot;camera&quot;:&quot;&quot;,&quot;caption&quot;:&quot;&quot;,&quot;created_timestamp&quot;:&quot;0&quot;,&quot;copyright&quot;:&quot;&quot;,&quot;focal_length&quot;:&quot;0&quot;,&quot;iso&quot;:&quot;0&quot;,&quot;shutter_speed&quot;:&quot;0&quot;,&quot;title&quot;:&quot;&quot;,&quot;orientation&quot;:&quot;0&quot;}\" data-image-title=\"\" data-image-description=\"\" data-medium-file=\"https:\/\/i0.wp.com\/www.jazzzeitung.de\/cms\/wp-content\/uploads\/2019\/01\/JRBB-before-the-show-Foto-TJ-Krebs-jazzphotoagency%40web.de_.jpg?fit=300%2C200&#038;ssl=1\" data-large-file=\"https:\/\/i0.wp.com\/www.jazzzeitung.de\/cms\/wp-content\/uploads\/2019\/01\/JRBB-before-the-show-Foto-TJ-Krebs-jazzphotoagency%40web.de_.jpg?fit=840%2C560&#038;ssl=1\" src=\"https:\/\/i0.wp.com\/www.jazzzeitung.de\/cms\/wp-content\/uploads\/2019\/01\/JRBB-before-the-show-Foto-TJ-Krebs-jazzphotoagency%40web.de_.jpg?w=239&#038;h=159&#038;ssl=1\" width=\"239\" height=\"159\" loading=\"lazy\" data-original-width=\"239\" data-original-height=\"159\" itemprop=\"http:\/\/schema.org\/image\" title=\"\" alt=\"JRBB. Foto: T. J. Krebs\" style=\"width: 239px; height: 159px;\" \/> <\/a> <div class=\"tiled-gallery-caption\" itemprop=\"caption description\"> JRBB. Foto: T. J. Krebs <\/div> <\/div> <\/div> <!-- close group --> <div class=\"gallery-group images-1\" style=\"width: 111px; height: 163px;\" data-original-width=\"111\" data-original-height=\"163\" > <div class=\"tiled-gallery-item tiled-gallery-item-small\" itemprop=\"associatedMedia\" itemscope itemtype=\"http:\/\/schema.org\/ImageObject\"> <a href=\"https:\/\/www.jazzzeitung.de\/cms\/2019\/01\/news-auftakt-des-bmw-welt-jazz-award-2019-in-muenchen\/leonhard-kuhn-jrbb-foto-tj-krebs-jazzphotoagencyweb-de\/\" border=\"0\" itemprop=\"url\"> <meta itemprop=\"width\" content=\"107\"> <meta itemprop=\"height\" content=\"159\"> <img decoding=\"async\" class=\"\" data-attachment-id=\"18377\" data-orig-file=\"https:\/\/www.jazzzeitung.de\/cms\/wp-content\/uploads\/2019\/01\/Leonhard-Kuhn-JRBB-Foto-TJ-Krebs-jazzphotoagency@web.de_.jpg\" data-orig-size=\"1200,1799\" data-comments-opened=\"1\" data-image-meta=\"{&quot;aperture&quot;:&quot;0&quot;,&quot;credit&quot;:&quot;&quot;,&quot;camera&quot;:&quot;&quot;,&quot;caption&quot;:&quot;&quot;,&quot;created_timestamp&quot;:&quot;0&quot;,&quot;copyright&quot;:&quot;&quot;,&quot;focal_length&quot;:&quot;0&quot;,&quot;iso&quot;:&quot;0&quot;,&quot;shutter_speed&quot;:&quot;0&quot;,&quot;title&quot;:&quot;&quot;,&quot;orientation&quot;:&quot;0&quot;}\" data-image-title=\"\" data-image-description=\"\" data-medium-file=\"https:\/\/i0.wp.com\/www.jazzzeitung.de\/cms\/wp-content\/uploads\/2019\/01\/Leonhard-Kuhn-JRBB-Foto-TJ-Krebs-jazzphotoagency%40web.de_.jpg?fit=200%2C300&#038;ssl=1\" data-large-file=\"https:\/\/i0.wp.com\/www.jazzzeitung.de\/cms\/wp-content\/uploads\/2019\/01\/Leonhard-Kuhn-JRBB-Foto-TJ-Krebs-jazzphotoagency%40web.de_.jpg?fit=400%2C600&#038;ssl=1\" src=\"https:\/\/i0.wp.com\/www.jazzzeitung.de\/cms\/wp-content\/uploads\/2019\/01\/Leonhard-Kuhn-JRBB-Foto-TJ-Krebs-jazzphotoagency%40web.de_.jpg?w=107&#038;h=159&#038;ssl=1\" width=\"107\" height=\"159\" loading=\"lazy\" data-original-width=\"107\" data-original-height=\"159\" itemprop=\"http:\/\/schema.org\/image\" title=\"\" alt=\"Leonhard Kuhn. Foto: T. J. Krebs\" style=\"width: 107px; height: 159px;\" \/> <\/a> <div class=\"tiled-gallery-caption\" itemprop=\"caption description\"> Leonhard Kuhn. Foto: T. J. Krebs <\/div> <\/div> <\/div> <!-- close group --> <div class=\"gallery-group images-1\" style=\"width: 243px; height: 163px;\" data-original-width=\"243\" data-original-height=\"163\" > <div class=\"tiled-gallery-item tiled-gallery-item-small\" itemprop=\"associatedMedia\" itemscope itemtype=\"http:\/\/schema.org\/ImageObject\"> <a href=\"https:\/\/www.jazzzeitung.de\/cms\/2019\/01\/news-auftakt-des-bmw-welt-jazz-award-2019-in-muenchen\/roman-sladek-2-jrbb-foto-tj-krebs-jazzphotoagencyweb-de\/\" border=\"0\" itemprop=\"url\"> <meta itemprop=\"width\" content=\"239\"> <meta itemprop=\"height\" content=\"159\"> <img decoding=\"async\" class=\"\" data-attachment-id=\"18378\" data-orig-file=\"https:\/\/www.jazzzeitung.de\/cms\/wp-content\/uploads\/2019\/01\/Roman-Sladek-2-JRBB-Foto-TJ-Krebs-jazzphotoagency@web.de_.jpg\" data-orig-size=\"1800,1200\" data-comments-opened=\"1\" data-image-meta=\"{&quot;aperture&quot;:&quot;0&quot;,&quot;credit&quot;:&quot;&quot;,&quot;camera&quot;:&quot;&quot;,&quot;caption&quot;:&quot;&quot;,&quot;created_timestamp&quot;:&quot;0&quot;,&quot;copyright&quot;:&quot;&quot;,&quot;focal_length&quot;:&quot;0&quot;,&quot;iso&quot;:&quot;0&quot;,&quot;shutter_speed&quot;:&quot;0&quot;,&quot;title&quot;:&quot;&quot;,&quot;orientation&quot;:&quot;0&quot;}\" data-image-title=\"\" data-image-description=\"\" data-medium-file=\"https:\/\/i0.wp.com\/www.jazzzeitung.de\/cms\/wp-content\/uploads\/2019\/01\/Roman-Sladek-2-JRBB-Foto-TJ-Krebs-jazzphotoagency%40web.de_.jpg?fit=300%2C200&#038;ssl=1\" data-large-file=\"https:\/\/i0.wp.com\/www.jazzzeitung.de\/cms\/wp-content\/uploads\/2019\/01\/Roman-Sladek-2-JRBB-Foto-TJ-Krebs-jazzphotoagency%40web.de_.jpg?fit=840%2C560&#038;ssl=1\" src=\"https:\/\/i0.wp.com\/www.jazzzeitung.de\/cms\/wp-content\/uploads\/2019\/01\/Roman-Sladek-2-JRBB-Foto-TJ-Krebs-jazzphotoagency%40web.de_.jpg?w=239&#038;h=159&#038;ssl=1\" width=\"239\" height=\"159\" loading=\"lazy\" data-original-width=\"239\" data-original-height=\"159\" itemprop=\"http:\/\/schema.org\/image\" title=\"\" alt=\"Roman Sladek. Foto: T. J. Krebs\" style=\"width: 239px; height: 159px;\" \/> <\/a> <div class=\"tiled-gallery-caption\" itemprop=\"caption description\"> Roman Sladek. Foto: T. J. Krebs <\/div> <\/div> <\/div> <!-- close group --> <div class=\"gallery-group images-1\" style=\"width: 243px; height: 163px;\" data-original-width=\"243\" data-original-height=\"163\" > <div class=\"tiled-gallery-item tiled-gallery-item-small\" itemprop=\"associatedMedia\" itemscope itemtype=\"http:\/\/schema.org\/ImageObject\"> <a href=\"https:\/\/www.jazzzeitung.de\/cms\/2019\/01\/news-auftakt-des-bmw-welt-jazz-award-2019-in-muenchen\/roman-sladek-jrbb-bmw-2-foto-tj-krebs-jazzphotoagencyweb-de\/\" border=\"0\" itemprop=\"url\"> <meta itemprop=\"width\" content=\"239\"> <meta itemprop=\"height\" content=\"159\"> <img decoding=\"async\" class=\"\" data-attachment-id=\"18381\" data-orig-file=\"https:\/\/www.jazzzeitung.de\/cms\/wp-content\/uploads\/2019\/01\/Roman-Sladek-JRBB-BMW-2-Foto-TJ-Krebs-jazzphotoagency@web.de_.jpg\" data-orig-size=\"1800,1200\" data-comments-opened=\"1\" data-image-meta=\"{&quot;aperture&quot;:&quot;0&quot;,&quot;credit&quot;:&quot;&quot;,&quot;camera&quot;:&quot;&quot;,&quot;caption&quot;:&quot;&quot;,&quot;created_timestamp&quot;:&quot;0&quot;,&quot;copyright&quot;:&quot;&quot;,&quot;focal_length&quot;:&quot;0&quot;,&quot;iso&quot;:&quot;0&quot;,&quot;shutter_speed&quot;:&quot;0&quot;,&quot;title&quot;:&quot;&quot;,&quot;orientation&quot;:&quot;0&quot;}\" data-image-title=\"\" data-image-description=\"\" data-medium-file=\"https:\/\/i0.wp.com\/www.jazzzeitung.de\/cms\/wp-content\/uploads\/2019\/01\/Roman-Sladek-JRBB-BMW-2-Foto-TJ-Krebs-jazzphotoagency%40web.de_.jpg?fit=300%2C200&#038;ssl=1\" data-large-file=\"https:\/\/i0.wp.com\/www.jazzzeitung.de\/cms\/wp-content\/uploads\/2019\/01\/Roman-Sladek-JRBB-BMW-2-Foto-TJ-Krebs-jazzphotoagency%40web.de_.jpg?fit=840%2C560&#038;ssl=1\" src=\"https:\/\/i0.wp.com\/www.jazzzeitung.de\/cms\/wp-content\/uploads\/2019\/01\/Roman-Sladek-JRBB-BMW-2-Foto-TJ-Krebs-jazzphotoagency%40web.de_.jpg?w=239&#038;h=159&#038;ssl=1\" width=\"239\" height=\"159\" loading=\"lazy\" data-original-width=\"239\" data-original-height=\"159\" itemprop=\"http:\/\/schema.org\/image\" title=\"\" alt=\"Roman Sladek (Posaune). Foto: J.T. Krebs\" style=\"width: 239px; height: 159px;\" \/> <\/a> <div class=\"tiled-gallery-caption\" itemprop=\"caption description\"> Roman Sladek (Posaune). Foto: J.T. Krebs <\/div> <\/div> <\/div> <!-- close group --> <\/div> <!-- close row --> <\/div>\n<p>Ende Januar geht der Wettbewerb um den BMW Welt Jazz Award 2019\u00a0 in die erste Runde. Im Rahmen von sechs kostenlosen Sonntagsmatineen treten hochklassige Jazz-Ensembles gegeneinander an. Den Anfang macht am <strong>27. Januar 2019<\/strong> das <strong>Maciej Obara Quartet<\/strong>. Der polnische Alt- und Tenorsaxofonist Maciej Obara geh\u00f6rt zu den wichtigsten Musikern der jungen Generation des europ\u00e4ischen Jazz. Sein lyrisches und farbenreiches, technisch atemberaubendes Spiel wird vom Landsmann Dominik Wania am Klavier sowie den beiden Norwegern Ole Morten Vagan am Bass und Gard Nilssen am Schlagzeug begleitet.<\/p>\n<p>&nbsp;<\/p>\n<p><strong>Matineen von 11:00 bis etwa 13:30 Uhr im Doppelkegel der BMW Welt: <\/strong><\/p>\n<table>\n<tbody>\n<tr>\n<td width=\"132\">27. Januar 2019<\/td>\n<td width=\"495\">Maciej Obara Quartet<\/td>\n<\/tr>\n<tr>\n<td width=\"132\">03. Februar 2019<\/td>\n<td width=\"495\">C\u00e9line Bonacina Crystal Quartet<\/td>\n<\/tr>\n<tr>\n<td width=\"132\">17. Februar 2019<\/td>\n<td width=\"495\">Geraldine Laurent Quartet<\/td>\n<\/tr>\n<tr>\n<td width=\"132\">24. Februar 2019<\/td>\n<td width=\"495\">Matthieu Bordenave Archipel<\/td>\n<\/tr>\n<tr>\n<td width=\"132\">10. M\u00e4rz 2019<\/td>\n<td width=\"495\">Maria Faust Machina<\/td>\n<\/tr>\n<tr>\n<td width=\"132\">24. M\u00e4rz 2019<\/td>\n<td width=\"495\">Rudresh Mahanthappa Quintet<\/td>\n<\/tr>\n<\/tbody>\n<\/table>\n<p>Der Eintritt zu den Matineen ist frei, die Kapazit\u00e4t jedoch begrenzt. Es besteht daher keine Sitzplatzgarantie. Der Einlass erfolgt ab 10:30 Uhr.<\/p>\n<p><strong>Finale im Auditorium der BMW Welt um 19:00 Uhr<\/strong>:<\/p>\n<table>\n<tbody>\n<tr>\n<td width=\"132\">04. Mai 2019<\/td>\n<td width=\"495\">Abschlusskonzert mit den zwei nominierten Finalisten<\/td>\n<\/tr>\n<\/tbody>\n<\/table>\n<p>Tickets f\u00fcr das Finale sind ab dem 27. Januar 2019 in der BMW Welt und bei M\u00fcnchen Ticket erh\u00e4ltlich.<\/p>\n","protected":false},"excerpt":{"rendered":"<p>M\u00fcnchen im Jazzrausch Mit einer ausgelassenen Tanzparty angefeuert von der Jazzrausch Bigband wurde am Donnerstag der Auftakt des BMW Welt Jazz Award 2019 gefeiert. Durch den Abend f\u00fchrten BR-Moderatorin Beate Sampson und Roman Sladek, Gewinner des BMW Welt Young Artist Jazz Award 2017. Jazzrausch begeisterte mit dem Programm \u201eDancing Wittgenstein\u201c, einer druckvollem und immer wieder \u00fcberraschenden Mischung aus Bigband-Jazz und elektronischer Clubmusik. Nach zwei Stunden \u201eTanz den Wittgenstein\u201c forderte ein zum Teil erstmals von Jazzrausch-Techno angefixtes Publikum zwei Zugaben und bekam daf\u00fcr noch einen geh\u00f6rigen Kick Funk von Sladeks bestens gelaunter Truppe mit auf den Heimweg. Ende Januar geht der Wettbewerb um den BMW Welt Jazz Award 2019\u00a0 in die erste Runde. Im Rahmen von sechs kostenlosen Sonntagsmatineen treten hochklassige Jazz-Ensembles gegeneinander an. Den Anfang macht am 27. Januar 2019 das Maciej Obara Quartet. Der polnische Alt- und Tenorsaxofonist Maciej Obara geh\u00f6rt zu den wichtigsten Musikern der jungen Generation des europ\u00e4ischen Jazz. Sein lyrisches und farbenreiches, technisch atemberaubendes Spiel wird vom Landsmann Dominik Wania am Klavier sowie den beiden Norwegern Ole Morten Vagan am Bass und Gard Nilssen am Schlagzeug begleitet. &nbsp; Matineen von 11:00 &hellip;<\/p>\n","protected":false},"author":18,"featured_media":18375,"comment_status":"open","ping_status":"closed","sticky":false,"template":"","format":"standard","meta":{"_jetpack_memberships_contains_paid_content":false,"footnotes":"","jetpack_publicize_message":"","jetpack_publicize_feature_enabled":true,"jetpack_social_post_already_shared":false,"jetpack_social_options":{"image_generator_settings":{"template":"highway","default_image_id":0,"font":"","enabled":false},"version":2}},"categories":[633],"tags":[1959,2019,1763,61,73,85,86,1539,149,1876,254,1582,1542,401,1951,1872,1538,1564,548,19],"coauthors":[695],"class_list":["post-18374","post","type-post","status-publish","format-standard","has-post-thumbnail","hentry","category-nachrichten","tag-1959","tag-2019","tag-bass","tag-beate-sampson","tag-bigband","tag-bmw-welt","tag-bmw-welt-jazz-award","tag-bmw-welt-young-artist-jazz-award-2017","tag-doppelkegel","tag-jazz","tag-jazz-award","tag-jazzrausch","tag-jazzrausch-bigband","tag-muenchen","tag-news","tag-roman","tag-roman-sladek","tag-schlagzeug","tag-tickets","tag-wettbewerb"],"yoast_head":"<!-- This site is optimized with the Yoast SEO plugin v27.5 - https:\/\/yoast.com\/product\/yoast-seo-wordpress\/ -->\n<title>Auftakt des BMW Welt Jazz Award 2019 mit Jazzrausch-Techno - JazzZeitung<\/title>\n<meta name=\"robots\" content=\"index, follow, max-snippet:-1, max-image-preview:large, max-video-preview:-1\" \/>\n<link rel=\"canonical\" href=\"https:\/\/www.jazzzeitung.de\/cms\/2019\/01\/news-auftakt-des-bmw-welt-jazz-award-2019-in-muenchen\/\" \/>\n<meta property=\"og:locale\" content=\"de_DE\" \/>\n<meta property=\"og:type\" content=\"article\" \/>\n<meta property=\"og:title\" content=\"Auftakt des BMW Welt Jazz Award 2019 mit Jazzrausch-Techno - JazzZeitung\" \/>\n<meta property=\"og:description\" content=\"M\u00fcnchen im Jazzrausch Mit einer ausgelassenen Tanzparty angefeuert von der Jazzrausch Bigband wurde am Donnerstag der Auftakt des BMW Welt Jazz Award 2019 gefeiert. Durch den Abend f\u00fchrten BR-Moderatorin Beate Sampson und Roman Sladek, Gewinner des BMW Welt Young Artist Jazz Award 2017. Jazzrausch begeisterte mit dem Programm \u201eDancing Wittgenstein\u201c, einer druckvollem und immer wieder \u00fcberraschenden Mischung aus Bigband-Jazz und elektronischer Clubmusik. Nach zwei Stunden \u201eTanz den Wittgenstein\u201c forderte ein zum Teil erstmals von Jazzrausch-Techno angefixtes Publikum zwei Zugaben und bekam daf\u00fcr noch einen geh\u00f6rigen Kick Funk von Sladeks bestens gelaunter Truppe mit auf den Heimweg. Ende Januar geht der Wettbewerb um den BMW Welt Jazz Award 2019\u00a0 in die erste Runde. Im Rahmen von sechs kostenlosen Sonntagsmatineen treten hochklassige Jazz-Ensembles gegeneinander an. Den Anfang macht am 27. Januar 2019 das Maciej Obara Quartet. Der polnische Alt- und Tenorsaxofonist Maciej Obara geh\u00f6rt zu den wichtigsten Musikern der jungen Generation des europ\u00e4ischen Jazz. Sein lyrisches und farbenreiches, technisch atemberaubendes Spiel wird vom Landsmann Dominik Wania am Klavier sowie den beiden Norwegern Ole Morten Vagan am Bass und Gard Nilssen am Schlagzeug begleitet. &nbsp; Matineen von 11:00 &hellip;\" \/>\n<meta property=\"og:url\" content=\"https:\/\/www.jazzzeitung.de\/cms\/2019\/01\/news-auftakt-des-bmw-welt-jazz-award-2019-in-muenchen\/\" \/>\n<meta property=\"og:site_name\" content=\"JazzZeitung\" \/>\n<meta property=\"article:publisher\" content=\"https:\/\/www.facebook.com\/JazzZeitung\/\" \/>\n<meta property=\"article:published_time\" content=\"2019-01-18T12:30:57+00:00\" \/>\n<meta property=\"article:modified_time\" content=\"2019-01-18T12:33:10+00:00\" \/>\n<meta property=\"og:image\" content=\"https:\/\/i0.wp.com\/www.jazzzeitung.de\/cms\/wp-content\/uploads\/2019\/01\/JRBB-@-BMW-Foto-TJ-Krebs-jazzphotoagency@web.de_.jpg?fit=1800%2C1200&ssl=1\" \/>\n\t<meta property=\"og:image:width\" content=\"1800\" \/>\n\t<meta property=\"og:image:height\" content=\"1200\" \/>\n\t<meta property=\"og:image:type\" content=\"image\/jpeg\" \/>\n<meta name=\"author\" content=\"Redaktion JazzZeitung\" \/>\n<script type=\"application\/ld+json\" class=\"yoast-schema-graph\">{\"@context\":\"https:\\\/\\\/schema.org\",\"@graph\":[{\"@type\":\"Article\",\"@id\":\"https:\\\/\\\/www.jazzzeitung.de\\\/cms\\\/2019\\\/01\\\/news-auftakt-des-bmw-welt-jazz-award-2019-in-muenchen\\\/#article\",\"isPartOf\":{\"@id\":\"https:\\\/\\\/www.jazzzeitung.de\\\/cms\\\/2019\\\/01\\\/news-auftakt-des-bmw-welt-jazz-award-2019-in-muenchen\\\/\"},\"author\":{\"name\":\"Redaktion JazzZeitung\",\"@id\":\"https:\\\/\\\/www.jazzzeitung.de\\\/cms\\\/#\\\/schema\\\/person\\\/2245b36b9cd1d24cea10f01c031fb92b\"},\"headline\":\"Auftakt des BMW Welt Jazz Award 2019 mit Jazzrausch-Techno\",\"datePublished\":\"2019-01-18T12:30:57+00:00\",\"dateModified\":\"2019-01-18T12:33:10+00:00\",\"mainEntityOfPage\":{\"@id\":\"https:\\\/\\\/www.jazzzeitung.de\\\/cms\\\/2019\\\/01\\\/news-auftakt-des-bmw-welt-jazz-award-2019-in-muenchen\\\/\"},\"wordCount\":290,\"commentCount\":0,\"publisher\":{\"@id\":\"https:\\\/\\\/www.jazzzeitung.de\\\/cms\\\/#organization\"},\"image\":{\"@id\":\"https:\\\/\\\/www.jazzzeitung.de\\\/cms\\\/2019\\\/01\\\/news-auftakt-des-bmw-welt-jazz-award-2019-in-muenchen\\\/#primaryimage\"},\"thumbnailUrl\":\"https:\\\/\\\/i0.wp.com\\\/www.jazzzeitung.de\\\/cms\\\/wp-content\\\/uploads\\\/2019\\\/01\\\/JRBB-%40-BMW-Foto-TJ-Krebs-jazzphotoagency%40web.de_.jpg?fit=1800%2C1200&ssl=1\",\"keywords\":[\"2018\",\"2019\",\"Bass\",\"Beate Sampson\",\"Bigband\",\"bmw welt\",\"bmw welt jazz award\",\"BMW Welt Young Artist Jazz Award 2017\",\"Doppelkegel\",\"Jazz\",\"Jazz Award\",\"Jazzrausch\",\"Jazzrausch Bigband\",\"M\u00fcnchen\",\"News\",\"Roman\",\"Roman Sladek\",\"Schlagzeug\",\"Tickets\",\"Wettbewerb\"],\"articleSection\":[\"News\"],\"inLanguage\":\"de\",\"potentialAction\":[{\"@type\":\"CommentAction\",\"name\":\"Comment\",\"target\":[\"https:\\\/\\\/www.jazzzeitung.de\\\/cms\\\/2019\\\/01\\\/news-auftakt-des-bmw-welt-jazz-award-2019-in-muenchen\\\/#respond\"]}]},{\"@type\":\"WebPage\",\"@id\":\"https:\\\/\\\/www.jazzzeitung.de\\\/cms\\\/2019\\\/01\\\/news-auftakt-des-bmw-welt-jazz-award-2019-in-muenchen\\\/\",\"url\":\"https:\\\/\\\/www.jazzzeitung.de\\\/cms\\\/2019\\\/01\\\/news-auftakt-des-bmw-welt-jazz-award-2019-in-muenchen\\\/\",\"name\":\"Auftakt des BMW Welt Jazz Award 2019 mit Jazzrausch-Techno - JazzZeitung\",\"isPartOf\":{\"@id\":\"https:\\\/\\\/www.jazzzeitung.de\\\/cms\\\/#website\"},\"primaryImageOfPage\":{\"@id\":\"https:\\\/\\\/www.jazzzeitung.de\\\/cms\\\/2019\\\/01\\\/news-auftakt-des-bmw-welt-jazz-award-2019-in-muenchen\\\/#primaryimage\"},\"image\":{\"@id\":\"https:\\\/\\\/www.jazzzeitung.de\\\/cms\\\/2019\\\/01\\\/news-auftakt-des-bmw-welt-jazz-award-2019-in-muenchen\\\/#primaryimage\"},\"thumbnailUrl\":\"https:\\\/\\\/i0.wp.com\\\/www.jazzzeitung.de\\\/cms\\\/wp-content\\\/uploads\\\/2019\\\/01\\\/JRBB-%40-BMW-Foto-TJ-Krebs-jazzphotoagency%40web.de_.jpg?fit=1800%2C1200&ssl=1\",\"datePublished\":\"2019-01-18T12:30:57+00:00\",\"dateModified\":\"2019-01-18T12:33:10+00:00\",\"breadcrumb\":{\"@id\":\"https:\\\/\\\/www.jazzzeitung.de\\\/cms\\\/2019\\\/01\\\/news-auftakt-des-bmw-welt-jazz-award-2019-in-muenchen\\\/#breadcrumb\"},\"inLanguage\":\"de\",\"potentialAction\":[{\"@type\":\"ReadAction\",\"target\":[\"https:\\\/\\\/www.jazzzeitung.de\\\/cms\\\/2019\\\/01\\\/news-auftakt-des-bmw-welt-jazz-award-2019-in-muenchen\\\/\"]}]},{\"@type\":\"ImageObject\",\"inLanguage\":\"de\",\"@id\":\"https:\\\/\\\/www.jazzzeitung.de\\\/cms\\\/2019\\\/01\\\/news-auftakt-des-bmw-welt-jazz-award-2019-in-muenchen\\\/#primaryimage\",\"url\":\"https:\\\/\\\/i0.wp.com\\\/www.jazzzeitung.de\\\/cms\\\/wp-content\\\/uploads\\\/2019\\\/01\\\/JRBB-%40-BMW-Foto-TJ-Krebs-jazzphotoagency%40web.de_.jpg?fit=1800%2C1200&ssl=1\",\"contentUrl\":\"https:\\\/\\\/i0.wp.com\\\/www.jazzzeitung.de\\\/cms\\\/wp-content\\\/uploads\\\/2019\\\/01\\\/JRBB-%40-BMW-Foto-TJ-Krebs-jazzphotoagency%40web.de_.jpg?fit=1800%2C1200&ssl=1\",\"width\":1800,\"height\":1200,\"caption\":\"JRBB. Foto: T. J. Krebs\"},{\"@type\":\"BreadcrumbList\",\"@id\":\"https:\\\/\\\/www.jazzzeitung.de\\\/cms\\\/2019\\\/01\\\/news-auftakt-des-bmw-welt-jazz-award-2019-in-muenchen\\\/#breadcrumb\",\"itemListElement\":[{\"@type\":\"ListItem\",\"position\":1,\"name\":\"Startseite\",\"item\":\"https:\\\/\\\/www.jazzzeitung.de\\\/cms\\\/\"},{\"@type\":\"ListItem\",\"position\":2,\"name\":\"Auftakt des BMW Welt Jazz Award 2019 mit Jazzrausch-Techno\"}]},{\"@type\":\"WebSite\",\"@id\":\"https:\\\/\\\/www.jazzzeitung.de\\\/cms\\\/#website\",\"url\":\"https:\\\/\\\/www.jazzzeitung.de\\\/cms\\\/\",\"name\":\"JazzZeitung\",\"description\":\"Jazz-News und Jazz-Kontroverses\",\"publisher\":{\"@id\":\"https:\\\/\\\/www.jazzzeitung.de\\\/cms\\\/#organization\"},\"potentialAction\":[{\"@type\":\"SearchAction\",\"target\":{\"@type\":\"EntryPoint\",\"urlTemplate\":\"https:\\\/\\\/www.jazzzeitung.de\\\/cms\\\/?s={search_term_string}\"},\"query-input\":{\"@type\":\"PropertyValueSpecification\",\"valueRequired\":true,\"valueName\":\"search_term_string\"}}],\"inLanguage\":\"de\"},{\"@type\":\"Organization\",\"@id\":\"https:\\\/\\\/www.jazzzeitung.de\\\/cms\\\/#organization\",\"name\":\"JazzZeitung online\",\"url\":\"https:\\\/\\\/www.jazzzeitung.de\\\/cms\\\/\",\"logo\":{\"@type\":\"ImageObject\",\"inLanguage\":\"de\",\"@id\":\"https:\\\/\\\/www.jazzzeitung.de\\\/cms\\\/#\\\/schema\\\/logo\\\/image\\\/\",\"url\":\"https:\\\/\\\/i0.wp.com\\\/www.jazzzeitung.de\\\/cms\\\/wp-content\\\/uploads\\\/2015\\\/08\\\/JAZZZEITUNGDE_Logo_Neu.png?fit=499%2C200&ssl=1\",\"contentUrl\":\"https:\\\/\\\/i0.wp.com\\\/www.jazzzeitung.de\\\/cms\\\/wp-content\\\/uploads\\\/2015\\\/08\\\/JAZZZEITUNGDE_Logo_Neu.png?fit=499%2C200&ssl=1\",\"width\":499,\"height\":200,\"caption\":\"JazzZeitung online\"},\"image\":{\"@id\":\"https:\\\/\\\/www.jazzzeitung.de\\\/cms\\\/#\\\/schema\\\/logo\\\/image\\\/\"},\"sameAs\":[\"https:\\\/\\\/www.facebook.com\\\/JazzZeitung\\\/\"]},{\"@type\":\"Person\",\"@id\":\"https:\\\/\\\/www.jazzzeitung.de\\\/cms\\\/#\\\/schema\\\/person\\\/2245b36b9cd1d24cea10f01c031fb92b\",\"name\":\"Redaktion JazzZeitung\",\"image\":{\"@type\":\"ImageObject\",\"inLanguage\":\"de\",\"@id\":\"https:\\\/\\\/i0.wp.com\\\/www.jazzzeitung.de\\\/cms\\\/wp-content\\\/uploads\\\/2015\\\/08\\\/JAZZZEITUNGDE_Logo_Neu.png?resize=96%2C96&ssl=159975dcacb611b5700bd619b5daf0a7a\",\"url\":\"https:\\\/\\\/i0.wp.com\\\/www.jazzzeitung.de\\\/cms\\\/wp-content\\\/uploads\\\/2015\\\/08\\\/JAZZZEITUNGDE_Logo_Neu.png?resize=96%2C96&ssl=1\",\"contentUrl\":\"https:\\\/\\\/i0.wp.com\\\/www.jazzzeitung.de\\\/cms\\\/wp-content\\\/uploads\\\/2015\\\/08\\\/JAZZZEITUNGDE_Logo_Neu.png?resize=96%2C96&ssl=1\",\"caption\":\"Redaktion JazzZeitung\"},\"description\":\"Artikel der Redaktion der JazzZeitung.\",\"sameAs\":[\"http:\\\/\\\/www.jazzzeitung.de\\\/cms\\\/\"],\"url\":\"https:\\\/\\\/www.jazzzeitung.de\\\/cms\\\/author\\\/redaktion\\\/\"}]}<\/script>\n<!-- \/ Yoast SEO plugin. -->","yoast_head_json":{"title":"Auftakt des BMW Welt Jazz Award 2019 mit Jazzrausch-Techno - JazzZeitung","robots":{"index":"index","follow":"follow","max-snippet":"max-snippet:-1","max-image-preview":"max-image-preview:large","max-video-preview":"max-video-preview:-1"},"canonical":"https:\/\/www.jazzzeitung.de\/cms\/2019\/01\/news-auftakt-des-bmw-welt-jazz-award-2019-in-muenchen\/","og_locale":"de_DE","og_type":"article","og_title":"Auftakt des BMW Welt Jazz Award 2019 mit Jazzrausch-Techno - JazzZeitung","og_description":"M\u00fcnchen im Jazzrausch Mit einer ausgelassenen Tanzparty angefeuert von der Jazzrausch Bigband wurde am Donnerstag der Auftakt des BMW Welt Jazz Award 2019 gefeiert. Durch den Abend f\u00fchrten BR-Moderatorin Beate Sampson und Roman Sladek, Gewinner des BMW Welt Young Artist Jazz Award 2017. Jazzrausch begeisterte mit dem Programm \u201eDancing Wittgenstein\u201c, einer druckvollem und immer wieder \u00fcberraschenden Mischung aus Bigband-Jazz und elektronischer Clubmusik. Nach zwei Stunden \u201eTanz den Wittgenstein\u201c forderte ein zum Teil erstmals von Jazzrausch-Techno angefixtes Publikum zwei Zugaben und bekam daf\u00fcr noch einen geh\u00f6rigen Kick Funk von Sladeks bestens gelaunter Truppe mit auf den Heimweg. Ende Januar geht der Wettbewerb um den BMW Welt Jazz Award 2019\u00a0 in die erste Runde. Im Rahmen von sechs kostenlosen Sonntagsmatineen treten hochklassige Jazz-Ensembles gegeneinander an. Den Anfang macht am 27. Januar 2019 das Maciej Obara Quartet. Der polnische Alt- und Tenorsaxofonist Maciej Obara geh\u00f6rt zu den wichtigsten Musikern der jungen Generation des europ\u00e4ischen Jazz. Sein lyrisches und farbenreiches, technisch atemberaubendes Spiel wird vom Landsmann Dominik Wania am Klavier sowie den beiden Norwegern Ole Morten Vagan am Bass und Gard Nilssen am Schlagzeug begleitet. &nbsp; Matineen von 11:00 &hellip;","og_url":"https:\/\/www.jazzzeitung.de\/cms\/2019\/01\/news-auftakt-des-bmw-welt-jazz-award-2019-in-muenchen\/","og_site_name":"JazzZeitung","article_publisher":"https:\/\/www.facebook.com\/JazzZeitung\/","article_published_time":"2019-01-18T12:30:57+00:00","article_modified_time":"2019-01-18T12:33:10+00:00","og_image":[{"width":1800,"height":1200,"url":"https:\/\/i0.wp.com\/www.jazzzeitung.de\/cms\/wp-content\/uploads\/2019\/01\/JRBB-@-BMW-Foto-TJ-Krebs-jazzphotoagency@web.de_.jpg?fit=1800%2C1200&ssl=1","type":"image\/jpeg"}],"author":"Redaktion JazzZeitung","schema":{"@context":"https:\/\/schema.org","@graph":[{"@type":"Article","@id":"https:\/\/www.jazzzeitung.de\/cms\/2019\/01\/news-auftakt-des-bmw-welt-jazz-award-2019-in-muenchen\/#article","isPartOf":{"@id":"https:\/\/www.jazzzeitung.de\/cms\/2019\/01\/news-auftakt-des-bmw-welt-jazz-award-2019-in-muenchen\/"},"author":{"name":"Redaktion JazzZeitung","@id":"https:\/\/www.jazzzeitung.de\/cms\/#\/schema\/person\/2245b36b9cd1d24cea10f01c031fb92b"},"headline":"Auftakt des BMW Welt Jazz Award 2019 mit Jazzrausch-Techno","datePublished":"2019-01-18T12:30:57+00:00","dateModified":"2019-01-18T12:33:10+00:00","mainEntityOfPage":{"@id":"https:\/\/www.jazzzeitung.de\/cms\/2019\/01\/news-auftakt-des-bmw-welt-jazz-award-2019-in-muenchen\/"},"wordCount":290,"commentCount":0,"publisher":{"@id":"https:\/\/www.jazzzeitung.de\/cms\/#organization"},"image":{"@id":"https:\/\/www.jazzzeitung.de\/cms\/2019\/01\/news-auftakt-des-bmw-welt-jazz-award-2019-in-muenchen\/#primaryimage"},"thumbnailUrl":"https:\/\/i0.wp.com\/www.jazzzeitung.de\/cms\/wp-content\/uploads\/2019\/01\/JRBB-%40-BMW-Foto-TJ-Krebs-jazzphotoagency%40web.de_.jpg?fit=1800%2C1200&ssl=1","keywords":["2018","2019","Bass","Beate Sampson","Bigband","bmw welt","bmw welt jazz award","BMW Welt Young Artist Jazz Award 2017","Doppelkegel","Jazz","Jazz Award","Jazzrausch","Jazzrausch Bigband","M\u00fcnchen","News","Roman","Roman Sladek","Schlagzeug","Tickets","Wettbewerb"],"articleSection":["News"],"inLanguage":"de","potentialAction":[{"@type":"CommentAction","name":"Comment","target":["https:\/\/www.jazzzeitung.de\/cms\/2019\/01\/news-auftakt-des-bmw-welt-jazz-award-2019-in-muenchen\/#respond"]}]},{"@type":"WebPage","@id":"https:\/\/www.jazzzeitung.de\/cms\/2019\/01\/news-auftakt-des-bmw-welt-jazz-award-2019-in-muenchen\/","url":"https:\/\/www.jazzzeitung.de\/cms\/2019\/01\/news-auftakt-des-bmw-welt-jazz-award-2019-in-muenchen\/","name":"Auftakt des BMW Welt Jazz Award 2019 mit Jazzrausch-Techno - JazzZeitung","isPartOf":{"@id":"https:\/\/www.jazzzeitung.de\/cms\/#website"},"primaryImageOfPage":{"@id":"https:\/\/www.jazzzeitung.de\/cms\/2019\/01\/news-auftakt-des-bmw-welt-jazz-award-2019-in-muenchen\/#primaryimage"},"image":{"@id":"https:\/\/www.jazzzeitung.de\/cms\/2019\/01\/news-auftakt-des-bmw-welt-jazz-award-2019-in-muenchen\/#primaryimage"},"thumbnailUrl":"https:\/\/i0.wp.com\/www.jazzzeitung.de\/cms\/wp-content\/uploads\/2019\/01\/JRBB-%40-BMW-Foto-TJ-Krebs-jazzphotoagency%40web.de_.jpg?fit=1800%2C1200&ssl=1","datePublished":"2019-01-18T12:30:57+00:00","dateModified":"2019-01-18T12:33:10+00:00","breadcrumb":{"@id":"https:\/\/www.jazzzeitung.de\/cms\/2019\/01\/news-auftakt-des-bmw-welt-jazz-award-2019-in-muenchen\/#breadcrumb"},"inLanguage":"de","potentialAction":[{"@type":"ReadAction","target":["https:\/\/www.jazzzeitung.de\/cms\/2019\/01\/news-auftakt-des-bmw-welt-jazz-award-2019-in-muenchen\/"]}]},{"@type":"ImageObject","inLanguage":"de","@id":"https:\/\/www.jazzzeitung.de\/cms\/2019\/01\/news-auftakt-des-bmw-welt-jazz-award-2019-in-muenchen\/#primaryimage","url":"https:\/\/i0.wp.com\/www.jazzzeitung.de\/cms\/wp-content\/uploads\/2019\/01\/JRBB-%40-BMW-Foto-TJ-Krebs-jazzphotoagency%40web.de_.jpg?fit=1800%2C1200&ssl=1","contentUrl":"https:\/\/i0.wp.com\/www.jazzzeitung.de\/cms\/wp-content\/uploads\/2019\/01\/JRBB-%40-BMW-Foto-TJ-Krebs-jazzphotoagency%40web.de_.jpg?fit=1800%2C1200&ssl=1","width":1800,"height":1200,"caption":"JRBB. Foto: T. J. Krebs"},{"@type":"BreadcrumbList","@id":"https:\/\/www.jazzzeitung.de\/cms\/2019\/01\/news-auftakt-des-bmw-welt-jazz-award-2019-in-muenchen\/#breadcrumb","itemListElement":[{"@type":"ListItem","position":1,"name":"Startseite","item":"https:\/\/www.jazzzeitung.de\/cms\/"},{"@type":"ListItem","position":2,"name":"Auftakt des BMW Welt Jazz Award 2019 mit Jazzrausch-Techno"}]},{"@type":"WebSite","@id":"https:\/\/www.jazzzeitung.de\/cms\/#website","url":"https:\/\/www.jazzzeitung.de\/cms\/","name":"JazzZeitung","description":"Jazz-News und Jazz-Kontroverses","publisher":{"@id":"https:\/\/www.jazzzeitung.de\/cms\/#organization"},"potentialAction":[{"@type":"SearchAction","target":{"@type":"EntryPoint","urlTemplate":"https:\/\/www.jazzzeitung.de\/cms\/?s={search_term_string}"},"query-input":{"@type":"PropertyValueSpecification","valueRequired":true,"valueName":"search_term_string"}}],"inLanguage":"de"},{"@type":"Organization","@id":"https:\/\/www.jazzzeitung.de\/cms\/#organization","name":"JazzZeitung online","url":"https:\/\/www.jazzzeitung.de\/cms\/","logo":{"@type":"ImageObject","inLanguage":"de","@id":"https:\/\/www.jazzzeitung.de\/cms\/#\/schema\/logo\/image\/","url":"https:\/\/i0.wp.com\/www.jazzzeitung.de\/cms\/wp-content\/uploads\/2015\/08\/JAZZZEITUNGDE_Logo_Neu.png?fit=499%2C200&ssl=1","contentUrl":"https:\/\/i0.wp.com\/www.jazzzeitung.de\/cms\/wp-content\/uploads\/2015\/08\/JAZZZEITUNGDE_Logo_Neu.png?fit=499%2C200&ssl=1","width":499,"height":200,"caption":"JazzZeitung online"},"image":{"@id":"https:\/\/www.jazzzeitung.de\/cms\/#\/schema\/logo\/image\/"},"sameAs":["https:\/\/www.facebook.com\/JazzZeitung\/"]},{"@type":"Person","@id":"https:\/\/www.jazzzeitung.de\/cms\/#\/schema\/person\/2245b36b9cd1d24cea10f01c031fb92b","name":"Redaktion JazzZeitung","image":{"@type":"ImageObject","inLanguage":"de","@id":"https:\/\/i0.wp.com\/www.jazzzeitung.de\/cms\/wp-content\/uploads\/2015\/08\/JAZZZEITUNGDE_Logo_Neu.png?resize=96%2C96&ssl=159975dcacb611b5700bd619b5daf0a7a","url":"https:\/\/i0.wp.com\/www.jazzzeitung.de\/cms\/wp-content\/uploads\/2015\/08\/JAZZZEITUNGDE_Logo_Neu.png?resize=96%2C96&ssl=1","contentUrl":"https:\/\/i0.wp.com\/www.jazzzeitung.de\/cms\/wp-content\/uploads\/2015\/08\/JAZZZEITUNGDE_Logo_Neu.png?resize=96%2C96&ssl=1","caption":"Redaktion JazzZeitung"},"description":"Artikel der Redaktion der JazzZeitung.","sameAs":["http:\/\/www.jazzzeitung.de\/cms\/"],"url":"https:\/\/www.jazzzeitung.de\/cms\/author\/redaktion\/"}]}},"wp-worthy-pixel":{"ignored":false,"public":null,"server":null,"url":null},"wp-worthy-type":"normal","jetpack_publicize_connections":[],"cc_featured_image_caption":{"caption_text":"","source_text":"","source_url":""},"jetpack_featured_media_url":"https:\/\/i0.wp.com\/www.jazzzeitung.de\/cms\/wp-content\/uploads\/2019\/01\/JRBB-%40-BMW-Foto-TJ-Krebs-jazzphotoagency%40web.de_.jpg?fit=1800%2C1200&ssl=1","jetpack_shortlink":"https:\/\/wp.me\/p3KEcT-4Mm","jetpack-related-posts":[{"id":13235,"url":"https:\/\/www.jazzzeitung.de\/cms\/2017\/08\/bmw-welt-young-artist-jazz-award-bringt-roman-sladek-zweimal-auf-die-buehnen-des-landes\/","url_meta":{"origin":18374,"position":0},"title":"BMW Welt Young Artist Jazz Award bringt Roman Sladek zweimal auf die B\u00fchnen des Landes","author":"Redaktion JazzZeitung","date":"9. August 2017","format":false,"excerpt":"Leipzig\/M\u00fcnchen. Roman Sladek, Preistr\u00e4ger des BMW Welt Young Artist Jazz Award 2017, wird als Teil des Preises am 14. Oktober im Werk 2 w\u00e4hrend der Leipziger Jazztage und am 23. Oktober im M\u00fcnchner Jazzclub Unterfahrt mit der Jazzrausch Bigband auftreten. Dar\u00fcber hinaus erh\u00e4lt das Nachwuchstalent 3.000 Euro als Preisgeld. Ausgew\u00e4hlt\u2026","rel":"","context":"In &quot;News&quot;","block_context":{"text":"News","link":"https:\/\/www.jazzzeitung.de\/cms\/thema\/nachrichten\/"},"img":{"alt_text":"","src":"https:\/\/i0.wp.com\/www.jazzzeitung.de\/cms\/wp-content\/uploads\/2017\/06\/Sladek-Roman_52-150x150.jpg?resize=350%2C200&ssl=1","width":350,"height":200},"classes":[]},{"id":12667,"url":"https:\/\/www.jazzzeitung.de\/cms\/2017\/06\/roman-sladek-ist-preistraeger-des-bmw-welt-young-artist-jazz-award\/","url_meta":{"origin":18374,"position":1},"title":"Roman Sladek ist Preistr\u00e4ger des BMW Welt Young Artist Jazz Award","author":"Redaktion JazzZeitung","date":"14. Juni 2017","format":false,"excerpt":"In seinem zweiten Jahr ehrt der BMW Welt Young Artist Jazz Award den Posaunisten Roman Sladek. Seit 2016 k\u00fcrt die renommierte Jury des BMW Welt Jazz Award gezielt einmal im Jahr Nachwuchstalente aus dem Raum M\u00fcnchen. Die BMW AG und die Stadt M\u00fcnchen stiften neben den Konzerten im M\u00fcnchner Jazzclub\u2026","rel":"","context":"In &quot;News&quot;","block_context":{"text":"News","link":"https:\/\/www.jazzzeitung.de\/cms\/thema\/nachrichten\/"},"img":{"alt_text":"","src":"https:\/\/i0.wp.com\/www.jazzzeitung.de\/cms\/wp-content\/uploads\/2017\/06\/roman-150x150.jpg?resize=350%2C200&ssl=1","width":350,"height":200},"classes":[]},{"id":12815,"url":"https:\/\/www.jazzzeitung.de\/cms\/2017\/06\/musikalisches-elmsfeuer-auf-dem-technobeat\/","url_meta":{"origin":18374,"position":2},"title":"Musikalisches Elmsfeuer auf dem Technobeat","author":"Redaktion JazzZeitung","date":"30. Juni 2017","format":false,"excerpt":"Einer w\u00e4re wohl innerlich angewidert davongezogen. Mehr als hundert andere dagegen \u00fcberliessen sich lustvoll den harten Technobeats, mit denen die M\u00fcnchner Jazzrausch Bigband das Degginger in heftige Schwingungen versetzte. Der verstorbene Richard Wiedamann, eine Autorit\u00e4t in Sachen Jazz, sprach dem in den 90er Jahren aufgekommenen Techno und House jegliche Musikalit\u00e4t\u2026","rel":"","context":"In &quot;Bericht&quot;","block_context":{"text":"Bericht","link":"https:\/\/www.jazzzeitung.de\/cms\/thema\/bericht\/"},"img":{"alt_text":"","src":"https:\/\/i0.wp.com\/www.jazzzeitung.de\/cms\/wp-content\/uploads\/2017\/06\/Sladek-Roman_52-300x201.jpg?resize=350%2C200&ssl=1","width":350,"height":200},"classes":[]},{"id":18296,"url":"https:\/\/www.jazzzeitung.de\/cms\/2019\/01\/news-opening-concert-des-bmw-welt-jazz-award-2019-in-muenchen-das-karsten-vorwerk-trio-im-huerther-jazzkeller-das-offizielle-showcase-programm-der-jazzahead-2019-steht-emili\/","url_meta":{"origin":18374,"position":3},"title":"+++ News: +++ Opening Concert des BMW Welt Jazz Award 2019 in M\u00fcnchen +++ Das \u201eKarsten Vorwerk Trio\u201c im H\u00fcrther Jazzkeller +++ Das offizielle Showcase-Programm der \u201ejazzahead!\u201c 2019 steht +++  Emilio Gordoa als \u201eimproviser in residence\u201c 2019 beim \u201em\u0153rs festival\u201c +++","author":"Redaktion JazzZeitung","date":"16. Januar 2019","format":false,"excerpt":"+++BMW Welt Jazz Award im Doppelkegel in M\u00fcnchen: Der 11. Jahrgang von Konzertreihe und Wettbewerb wird er\u00f6ffnet+++ Am 17. Januar 2019 l\u00e4dt die BMW Group Kulturengagement um 19 Uhr zum\u00a0Opening Concert des elften\u00a0\u201eBMW Welt Jazz Award\u201c 2019 mit dem Leitmotiv \u201eSaxophone Worlds\u201c in den Doppelkegel der BMW Welt in M\u00fcnchen\u2026","rel":"","context":"In &quot;News&quot;","block_context":{"text":"News","link":"https:\/\/www.jazzzeitung.de\/cms\/thema\/nachrichten\/"},"img":{"alt_text":"","src":"https:\/\/i0.wp.com\/www.jazzzeitung.de\/cms\/wp-content\/uploads\/2019\/01\/Pokal_90332903_highRes_bmw-welt-jazz-award-.jpg?fit=800%2C1200&ssl=1&resize=350%2C200","width":350,"height":200,"srcset":"https:\/\/i0.wp.com\/www.jazzzeitung.de\/cms\/wp-content\/uploads\/2019\/01\/Pokal_90332903_highRes_bmw-welt-jazz-award-.jpg?fit=800%2C1200&ssl=1&resize=350%2C200 1x, https:\/\/i0.wp.com\/www.jazzzeitung.de\/cms\/wp-content\/uploads\/2019\/01\/Pokal_90332903_highRes_bmw-welt-jazz-award-.jpg?fit=800%2C1200&ssl=1&resize=525%2C300 1.5x, https:\/\/i0.wp.com\/www.jazzzeitung.de\/cms\/wp-content\/uploads\/2019\/01\/Pokal_90332903_highRes_bmw-welt-jazz-award-.jpg?fit=800%2C1200&ssl=1&resize=700%2C400 2x"},"classes":[]},{"id":25309,"url":"https:\/\/www.jazzzeitung.de\/cms\/2021\/08\/nicht-nur-fuer-bauch-beine-po-muenchner-band-jazzrausch-waehrend-deutschlandtour-zu-gast-in-regensburg\/","url_meta":{"origin":18374,"position":4},"title":"Nicht nur f\u00fcr Bauch, Beine, Po &#8211; M\u00fcnchner Band Jazzrausch w\u00e4hrend Deutschlandtour zu Gast in Regensburg","author":"Andreas Kolb","date":"6. August 2021","format":false,"excerpt":"Es gibt Musik im 4\/4-Takt, im 3\/4-Takt und im Jazz auch gerne balkanesk-angehauchte 5\/4- oder 7\/8-Takte. Die Jazzrausch Bigband l\u00e4sst alle diese M\u00f6glichkeiten links liegen und hat sich von Beginn an spezialisiert auf den 1\/1-Takt, sprich auf Techno-Grooves. Auf stupide Beats per minutes l\u00e4sst sich diese Formation aber nicht herunterrechnen.\u2026","rel":"","context":"In &quot;Bericht&quot;","block_context":{"text":"Bericht","link":"https:\/\/www.jazzzeitung.de\/cms\/thema\/bericht\/"},"img":{"alt_text":"","src":"https:\/\/i0.wp.com\/www.jazzzeitung.de\/cms\/wp-content\/uploads\/2021\/08\/Jazzrausch-Bigband-Foto-van-Loon07.jpg?fit=1134%2C757&ssl=1&resize=350%2C200","width":350,"height":200,"srcset":"https:\/\/i0.wp.com\/www.jazzzeitung.de\/cms\/wp-content\/uploads\/2021\/08\/Jazzrausch-Bigband-Foto-van-Loon07.jpg?fit=1134%2C757&ssl=1&resize=350%2C200 1x, https:\/\/i0.wp.com\/www.jazzzeitung.de\/cms\/wp-content\/uploads\/2021\/08\/Jazzrausch-Bigband-Foto-van-Loon07.jpg?fit=1134%2C757&ssl=1&resize=525%2C300 1.5x, https:\/\/i0.wp.com\/www.jazzzeitung.de\/cms\/wp-content\/uploads\/2021\/08\/Jazzrausch-Bigband-Foto-van-Loon07.jpg?fit=1134%2C757&ssl=1&resize=700%2C400 2x, https:\/\/i0.wp.com\/www.jazzzeitung.de\/cms\/wp-content\/uploads\/2021\/08\/Jazzrausch-Bigband-Foto-van-Loon07.jpg?fit=1134%2C757&ssl=1&resize=1050%2C600 3x"},"classes":[]},{"id":17377,"url":"https:\/\/www.jazzzeitung.de\/cms\/2018\/10\/bmw-welt-young-artist-jazz-award-2018-preistraeger-martin-brugger-feiert-mit-seinem-quintett-fazer-in-der-unterfahrt\/","url_meta":{"origin":18374,"position":5},"title":"BMW Welt Young Artist Jazz Award 2018: Preistr\u00e4ger Martin Brugger feiert mit seinem Quintett &#8222;Fazer&#8220; in der Unterfahrt","author":"Redaktion JazzZeitung","date":"8. Oktober 2018","format":false,"excerpt":"Jung, tanzversessen und dennoch auch neugierig auf guten alten Jazz \u2013 im Falle des Quintetts Fazer von Bassist Martin Brugger nat\u00fcrlich guten modernen Jazz: So kann man das Publikum in der Unterfahrt charakterisieren, das die ehrw\u00fcrdige M\u00fcnchener Jazz-Spielst\u00e4tte vergangenen Freitag bis auf den letzten Platz f\u00fcllte. Martin Brugger, der Bassist\u2026","rel":"","context":"In &quot;Galerie&quot;","block_context":{"text":"Galerie","link":"https:\/\/www.jazzzeitung.de\/cms\/thema\/galerie\/"},"img":{"alt_text":"","src":"https:\/\/i0.wp.com\/www.jazzzeitung.de\/cms\/wp-content\/uploads\/2018\/10\/001-_Paul-Br%C3%A4ndle-g-Martin-Brugger-e-b-Matthias-Lindermayr-tp-Simon-Popp-dr-Sebastian-Wolfgruber-dr_Foto-vanLoon.jpg?fit=1200%2C801&ssl=1&resize=350%2C200","width":350,"height":200,"srcset":"https:\/\/i0.wp.com\/www.jazzzeitung.de\/cms\/wp-content\/uploads\/2018\/10\/001-_Paul-Br%C3%A4ndle-g-Martin-Brugger-e-b-Matthias-Lindermayr-tp-Simon-Popp-dr-Sebastian-Wolfgruber-dr_Foto-vanLoon.jpg?fit=1200%2C801&ssl=1&resize=350%2C200 1x, https:\/\/i0.wp.com\/www.jazzzeitung.de\/cms\/wp-content\/uploads\/2018\/10\/001-_Paul-Br%C3%A4ndle-g-Martin-Brugger-e-b-Matthias-Lindermayr-tp-Simon-Popp-dr-Sebastian-Wolfgruber-dr_Foto-vanLoon.jpg?fit=1200%2C801&ssl=1&resize=525%2C300 1.5x, https:\/\/i0.wp.com\/www.jazzzeitung.de\/cms\/wp-content\/uploads\/2018\/10\/001-_Paul-Br%C3%A4ndle-g-Martin-Brugger-e-b-Matthias-Lindermayr-tp-Simon-Popp-dr-Sebastian-Wolfgruber-dr_Foto-vanLoon.jpg?fit=1200%2C801&ssl=1&resize=700%2C400 2x, https:\/\/i0.wp.com\/www.jazzzeitung.de\/cms\/wp-content\/uploads\/2018\/10\/001-_Paul-Br%C3%A4ndle-g-Martin-Brugger-e-b-Matthias-Lindermayr-tp-Simon-Popp-dr-Sebastian-Wolfgruber-dr_Foto-vanLoon.jpg?fit=1200%2C801&ssl=1&resize=1050%2C600 3x"},"classes":[]}],"jetpack_sharing_enabled":true,"_links":{"self":[{"href":"https:\/\/www.jazzzeitung.de\/cms\/wp-json\/wp\/v2\/posts\/18374","targetHints":{"allow":["GET"]}}],"collection":[{"href":"https:\/\/www.jazzzeitung.de\/cms\/wp-json\/wp\/v2\/posts"}],"about":[{"href":"https:\/\/www.jazzzeitung.de\/cms\/wp-json\/wp\/v2\/types\/post"}],"author":[{"embeddable":true,"href":"https:\/\/www.jazzzeitung.de\/cms\/wp-json\/wp\/v2\/users\/18"}],"replies":[{"embeddable":true,"href":"https:\/\/www.jazzzeitung.de\/cms\/wp-json\/wp\/v2\/comments?post=18374"}],"version-history":[{"count":16,"href":"https:\/\/www.jazzzeitung.de\/cms\/wp-json\/wp\/v2\/posts\/18374\/revisions"}],"predecessor-version":[{"id":18397,"href":"https:\/\/www.jazzzeitung.de\/cms\/wp-json\/wp\/v2\/posts\/18374\/revisions\/18397"}],"wp:featuredmedia":[{"embeddable":true,"href":"https:\/\/www.jazzzeitung.de\/cms\/wp-json\/wp\/v2\/media\/18375"}],"wp:attachment":[{"href":"https:\/\/www.jazzzeitung.de\/cms\/wp-json\/wp\/v2\/media?parent=18374"}],"wp:term":[{"taxonomy":"category","embeddable":true,"href":"https:\/\/www.jazzzeitung.de\/cms\/wp-json\/wp\/v2\/categories?post=18374"},{"taxonomy":"post_tag","embeddable":true,"href":"https:\/\/www.jazzzeitung.de\/cms\/wp-json\/wp\/v2\/tags?post=18374"},{"taxonomy":"author","embeddable":true,"href":"https:\/\/www.jazzzeitung.de\/cms\/wp-json\/wp\/v2\/coauthors?post=18374"}],"curies":[{"name":"wp","href":"https:\/\/api.w.org\/{rel}","templated":true}]}}