{"id":18355,"date":"2019-01-20T12:00:39","date_gmt":"2019-01-20T11:00:39","guid":{"rendered":"https:\/\/www.jazzzeitung.de\/cms\/?p=18355"},"modified":"2019-01-16T13:31:12","modified_gmt":"2019-01-16T12:31:12","slug":"die-jazz-radiowoche-vom-21-01-19-bis-27-01-2019","status":"publish","type":"post","link":"https:\/\/www.jazzzeitung.de\/cms\/2019\/01\/die-jazz-radiowoche-vom-21-01-19-bis-27-01-2019\/","title":{"rendered":"Die Jazz-Radiowoche vom 21.01.19 bis 27.01.2019"},"content":{"rendered":"<p>Ein kleiner Blick in die Jazzwoche 04 im Radio. Mit zahlreichen Beitr\u00e4gen zum 90. Geburtstag von Benny Golson. Immer aktuell: <a href=\"http:\/\/www.u-d-j.de\/ziele\/gleichstellung\/\">Gemeinsame Erkl\u00e4rung zur Gleichstellung von Frauen im Jazz<\/a>.<\/p>\n<p>Die \u00dcbersicht zum <a href=\"https:\/\/service.conbrio.de\/service\/download\/278\/\">Download als PDF<\/a>. Alle Angaben ohne Gew\u00e4hr.<\/p>\n<hr \/>\n<h2>Jazz im Radio (Fernsehen)<\/h2>\n<ul>\n<li><strong>SR2<\/strong> \u2013 <u><a href=\"http:\/\/www.sr.de\/sr\/sr2\/sendungen_a-z\/uebersicht\/jazznow\/index.html\">JazzNow<\/a><\/u> \u2013 Sonntags von 20.04 bis 22.30 Uhr<\/li>\n<li><strong>BR-KLASSIK \u2013 <\/strong><u><a href=\"https:\/\/www.br-klassik.de\/themen\/jazz-und-weltmusik\/jazztime-die-ganze-welt-des-jazz-100.html\">Jazztime<\/a><\/u><strong> \u2013 <\/strong>Von Montag bis Freitag t\u00e4glich um 23.05 Uhr<\/li>\n<li><strong>rbb-kulturradio<\/strong> \u2013 <u><a href=\"https:\/\/www.kulturradio.de\/programm\/schema\/sendungen\/late_night_jazz.html\">Late Night Jazz<\/a><\/u> \u2013 Sa und So 23:04 \u2013 24:00 Uhr<\/li>\n<li><strong>hr2-kultur<\/strong> \u2013 <u><a href=\"http:\/\/www.hr2.de\/musik\/jazz\/index.html\">Jazz in hr2-kultur<\/a><\/u> \u2013 t\u00e4glich<\/li>\n<li><strong>SWR2<\/strong> \u2013 <u><a href=\"https:\/\/www.swr.de\/swr2\/programm\/sendungen\/jazz\/startseite-mit-vorschau\/-\/id=659242\/did=13778140\/nid=659242\/13ttn4d\/index.html\">Jazz<\/a><\/u> \u2013 t\u00e4glich<\/li>\n<li><strong>WDR3<\/strong> \u2013 <u><a href=\"http:\/\/www1.wdr.de\/radio\/wdr3\/programm\/sendungen\/wdr3-jazz-world\/index.html\">JAZZ &amp; WORLD<\/a><\/u> \u2013 Improvisiertes zum Tagesausklang \u2013 Montag bis Freitag, 22.04 \u2013 0:00 Uhr<\/li>\n<li><strong>Deutschlandfunk<\/strong> \u2013 <u><a href=\"http:\/\/www.deutschlandfunk.de\/jazz.747.de.html\">Jazz (\u00dcberblick)<\/a><\/u> \u2013 <u><a href=\"http:\/\/www.deutschlandfunk.de\/jazz-live.822.de.html\">Jazz Live<\/a><\/u>, <u><a href=\"http:\/\/www.deutschlandfunk.de\/jazzfacts.824.de.html\">JazzFacts<\/a><\/u> und <u><a href=\"http:\/\/www.deutschlandfunk.de\/milestones.1805.de.html\">Milestones<\/a><\/u><\/li>\n<li><strong>Deutschlandfunk Kultur<\/strong> \u2013 <u><a href=\"http:\/\/www.deutschlandfunkkultur.de\/jazz.1142.de.html\">Jazz<\/a><\/u> \u2013 diverse Sendetermine<\/li>\n<li><strong>ARTE TV<\/strong> \u2013 <u><a href=\"https:\/\/www.arte.tv\/de\/videos\/arte-concert\/jazz\/?xtor=AD-6-%5bMV_CFR_ARTE_DE_Google_GEN_GDN%5d-%5bGDN_GEN_Arte_Concerts_Jazz%5d-C-%5bjazz%20musik%5d\">Jazz<\/a><\/u><\/li>\n<\/ul>\n<hr \/>\n<h2>21.01.2019<\/h2>\n<hr \/>\n<p>11:45 Uhr | Deutschlandfunk Kultur<br \/>\n<strong>Tonart am Vormittag: \u201eZur sch\u00f6nen Aussicht\u201c \u2013 Urbaner Jazz aus Dresden + Festival<\/strong><\/p>\n<p>17:50 bis 18:00 | SWR 2<br \/>\n<strong>SWR2 Jazz vor Sechs<\/strong><\/p>\n<p>19:04 bis 20:00 | hr2-kultur<br \/>\n<strong>H\u00f6rbar: Musik grenzenlos<\/strong><\/p>\n<p>19:35 bis 20:00 | MDR Kultur<br \/>\n<strong>MDR KULTUR \u2013 Jazz Lounge: Eliane Elias, Vocal<\/strong><\/p>\n<p>20:03 \u2013 21:30 Uhr | Deutschlandfunk Kultur<br \/>\n<strong>\u201eDie Menschen gl\u00fccklich machen\u201c \u2013 die S\u00e4ngerin Dianne Reeves<\/strong><\/p>\n<p style=\"padding-left: 30px;\">Die 62-j\u00e4hrige S\u00e4ngerin Dianne Reeves geh\u00f6rt seit Jahrzehnten zu den gro\u00dfen Stimmen des US-Amerikanischen Jazz. Sie singt mit einer faszinierenden Intonationssicherheit und mit einer gro\u00dfen emotionalen Tiefe. Zudem ist Dianne Reeves eine sehr lebensbejahende Person, was auch in der Interpretation ihrer Songs h\u00f6rbar wird. Sie verzichtet oft auf die dunklen Momente in ihrer Musik. Hoffnung zu verbreiten ist ihr Minimalziel. Im Idealfall will sie die Menschen gl\u00fccklich machen. So auch im Herbst 2017 im Konzerthaus in Wien. Begleitet von ihrer bestens eingespielten Band f\u00fchrte Dianne Reeves durch ein farbenreiches Programm, das neben Jazzklassikern auch Musik von Leonard Cohen und Bob Marley enthielt.<\/p>\n<p>22:04 bis 00:00 | WDR 3<br \/>\n<strong>WDR 3 Jazz &amp; World: Gene Norman\u00b4s Just Jazz Concerts, Pasadena 1947 <\/strong><\/p>\n<p style=\"padding-left: 30px;\">Aufnahmen vom 27. Februar 1947 aus dem Shrine Auditorium und vom 29. April 1947 aus dem Civic Auditorium. Der \u201eCrescendo Club\u201c am Sunset Boulevard<\/p>\n<p>22:05 bis 23:00 | NDR Info<br \/>\n<strong>Play Jazz! Das Jazzmagazin \u2013 Mit Mauretta Heinzelmann<\/strong><\/p>\n<p style=\"padding-left: 30px;\">Das Magazin aus der Welt des Jazz. Auf dem Programm stehen aktuelle CDs (darunter das \u201eAlbum der Woche\u201c) und Klassiker, Portr\u00e4ts von K\u00fcnstlern und Plattenfirmen, Konzerte, B\u00fccher und Filme.<\/p>\n<p style=\"padding-left: 30px;\">Play Jazz! sp\u00fcrt Trends nach und erinnert in der Rubrik \u201eRemember\u201c an die gro\u00dfen Momente der Jazzgeschichte. Im \u201eFenster nach Europa\u201c gibt es regelm\u00e4\u00dfig H\u00f6hepunkte von allen bedeutenden europ\u00e4ischen Jazzfestivals.<\/p>\n<p style=\"padding-left: 30px;\">Play Jazz! blickt auf die Jazz Szene im Sendegebiet und informiert in Interviews und Reportagen \u00fcber die Arbeit von Clubs, Jazzinitiativen und Festivals in Norddeutschland.<\/p>\n<p>22:30 bis 23:00 | hr2-kultur<br \/>\n<strong>Jazz Now: Aus dem Dschungel der Neuver\u00f6ffentlichungen <\/strong><\/p>\n<p style=\"padding-left: 30px;\">Am Mikrofon: Guenter Hottmann. heute mit: Dominic Egli\u2019s Pluralism with Feya Faku &amp; special guest Siya Makuzeni: Azania In Mind | Max Nagl Ensemble: Live At Pogy &amp; Bess, Volume 3 | Atomic: Pet Variations | Mark Lockheart: Days On Earth |<\/p>\n<p>23:05 bis 00:00 | BR-KLASSIK<br \/>\n<strong>Jazztime: Jazztoday<\/strong><\/p>\n<p style=\"padding-left: 30px;\">German Drum News: Henning Sieverts pr\u00e4sentiert aktuelle CDs des M\u00fcnchner Schlagzeugers Matthias Gmelin, der Leipziger Schlagzeugerin Eva Klesse und des Berliner Schlagzeugers Tilo Weber.<\/p>\n<hr \/>\n<h2>22.01.2019<\/h2>\n<hr \/>\n<p>01:05 bis 05:00 | Deutschlandfunk Kultur<br \/>\n<strong>Tonart: Jazz \u2013 Jazzfest Berlin: Nicole Mitchell\u2019s Black Earth Ensemble und Kim Myhr<\/strong><\/p>\n<p>17:50 bis 18:00 | SWR 2<br \/>\n<strong>SWR2 Jazz vor Sechs<\/strong><\/p>\n<p>19:35 bis 20:00 | MDR Kultur<br \/>\n<strong>MDR KULTUR \u2013 Jazz Lounge: Mix<\/strong><\/p>\n<p>21:03 bis 22:00 | SWR 2<br \/>\n<strong>SWR2 Jazz Session: My Favorite Discs<\/strong><\/p>\n<p style=\"padding-left: 30px;\">Pers\u00f6nliche Lieblingsalben aus der \u00e4lteren oder j\u00fcngeren Jazzgeschichte werden in der Reihe \u201eMy Favorite Discs\u201c regelm\u00e4\u00dfig vorgestellt: von den Autorinnen und Autoren unserer SWR2-Jazzredaktion. Legend\u00e4re Klassiker oder\u00a0 bekannte Favoriten \u2013 warum gerade ein bestimmtes Album sie so beeindruckt hat, erkl\u00e4ren sie in dieser Sendung.<\/p>\n<p>21:05 bis 22:00 | Deutschlandfunk<br \/>\n<strong>Jazz Live: Florian Favre Trio (2\/2)<\/strong><\/p>\n<p style=\"padding-left: 30px;\">Florian Favre, Piano; Manu Hagmann, Kontrabass; Arthur Alard, Schlagzeug. Aufnahme vom 26.10.2018 aus dem Beethovenhaus\/Kammermusiksaal in Bonn<\/p>\n<p style=\"padding-left: 30px;\">Am Mikrofon: Harald Rehmann. Kompositorische Vertracktheit und gef\u00fchlvolles Spiel sind f\u00fcr Pianist Florian Favre kein Widerspruch. Im Gegenteil: Die Musik seines Trios lebt von der Energie, die im Zusammenfluss von Kopf und Seele frei wird. Das Programm ihrer Studioproduktionen, das die drei Schweizer im Kammermusiksaal des Bonner Beethoven-Hauses live pr\u00e4sentierten, zeugte in imposanter Weise von der hohen Kunst der scheinbar m\u00fchelosen Verwebung von Intellekt und Emotion im modernen Jazz. Florian Favre, der Bassist Manu Hagmann und der Schlagzeuger Arthur Alard schaffen eine Klangwelt, die in gekonnter Dramaturgie zwischen rhythmischer Power und lyrischer Versonnenheit ihren Ausdruck und ihre Wirkung entfaltet. Sie bringen damit Qualit\u00e4t und Publikumswirksamkeit auf den besten gemeinsamen Nenner.<\/p>\n<p>22:00 bis 00:00 | Bremen Zwei<br \/>\n<strong>Jazz Grooves<\/strong><\/p>\n<p style=\"padding-left: 30px;\">Die ganze Welt des Jazz. Blue Note, Big Band, Neuerscheinungen und bekannte Stars \u2013 und Tipps zum Konzertgeschehen in Bremen und der Region.<\/p>\n<p>22:04 bis 00:00 | WDR 3<br \/>\n<strong>WDR 3 Jazz &amp; World: Stan Tracey Trio &amp; Ben Webster \u201eUK Live 1967\u201c<\/strong><\/p>\n<p>Aufnahme vom 14. Januar 1967 aus Manchester British Wonderland. Ein Portr\u00e4t des Pianisten Stan Tracey<\/p>\n<p>22:05 bis 23:00 | NDR Info<br \/>\n<strong>Play Jazz! Das Jazzmagazin \u2013 Mit Mauretta Heinzelmann<\/strong><\/p>\n<p>22:30 bis 23:00 | hr2-kultur<br \/>\n<strong>Jazzgroove: An den R\u00e4ndern des Jazz<\/strong><\/p>\n<p style=\"padding-left: 30px;\">Am Mikrofon: Guenter Hottmann. heute mit: Miriam A\u00efda: Loving The Alien | Mark Lockheart: Days On Earth | Sarathy Korwar and Upaj Collective: My East Is Your West |<\/p>\n<p>23:05 bis 00:00 | BR-KLASSIK<br \/>\n<strong>Jazztime: News &amp; Roots<\/strong><\/p>\n<p style=\"padding-left: 30px;\">New Vocals: Henning Sieverts pr\u00e4sentiert aktuelle CDs der finnischen S\u00e4ngerin und Pianistin Kadri Voorand, der irisch-belgischen S\u00e4ngerin Natashia Kelly und mit der Band \u201eFlexk\u00f6gl\u201c um die Berliner S\u00e4ngerin Britta-Ann Flechsenhar.<\/p>\n<hr \/>\n<h2>23.01.2019<\/h2>\n<hr \/>\n<p>11:05 Uhr \/ 16:30 Uhr | Deutschlandfunk Kultur<br \/>\n<strong>Kolumne: Das muss man geh\u00f6rt haben im JAZZ<\/strong><\/p>\n<p>17:50 bis 18:00 | SWR 2<br \/>\n<strong>SWR2 Jazz vor Sechs<\/strong><\/p>\n<p>19:05 bis 20:00 | BR-KLASSIK<br \/>\n<strong>Classic Sounds in Jazz: Miles Swingin\u2019 Drummers<\/strong><\/p>\n<p style=\"padding-left: 30px;\">Aufnahmen der Schlagzeuglegenden Jimmy Cobb und Al Foster, die in den Bands von Miles Davis zu Stars wurden. Mit den Drummern spielen Gitarrist John Scofield, Pianist Brad Mehldau oder Trompeter Roy Hargrove. Moderation und Auswahl: Ulrich Habersetzer<\/p>\n<p>19:35 bis 20:00 | MDR Kultur<br \/>\n<strong>MDR KULTUR \u2013 Jazz Lounge: George Benson, Gitarre<\/strong><\/p>\n<p>22:05 bis 23:00 | NDR Info<br \/>\n<strong>Play Jazz! Das Jazzmagazin \u2013 Mit Mauretta Heinzelmann<\/strong><\/p>\n<p>22:10 bis 00:00 | WDR 3<br \/>\n<strong>WDR 3 Jazz &amp; World: The Naghash Ensemble \u2013 Songs of Exile<\/strong><\/p>\n<p style=\"padding-left: 30px;\">Aufnahme vom 16. Oktober 2018 aus dem Theater an der Ruhr, M\u00fclheim. Klanglandschaft Armenien<\/p>\n<p>22:30 bis 23:00 | hr2-kultur<br \/>\n<strong>Jazzfacts: What\u2019s going on? \u2013 Features, Interviews und was die Szene bewegt<\/strong><\/p>\n<p>23:05 bis 00:00 | BR-KLASSIK<br \/>\n<strong>Jazztime: Jazz aus N\u00fcrnberg: Studio-Aufnahmen<\/strong><\/p>\n<p style=\"padding-left: 30px;\">Zum 75. Geburtstag des Jazz-Pianisten und -Komponisten Bob Degen. Moderation und Auswahl: Beate Sampson<\/p>\n<hr \/>\n<h2>24.01.2019<\/h2>\n<hr \/>\n<p>17:50 bis 18:00 | SWR 2<br \/>\n<strong>SWR2 Jazz vor Sechs<\/strong><\/p>\n<p>19:35 bis 20:00 | MDR Kultur<br \/>\n<strong>MDR KULTUR \u2013 Jazz Lounge: Mix<\/strong><\/p>\n<p>21:00 bis 22:00 | MDR Kultur<br \/>\n<strong>MDR KULTUR \u2013 Jazz<\/strong><\/p>\n<p style=\"padding-left: 30px;\">Unerm\u00fcdlich und unbeugsam\u201c \u2013 der Saxophonist Heinz Sauer. Eine Sendung von Bert Noglik<\/p>\n<p>21:05 bis 22:00 | Deutschlandfunk<br \/>\n<strong>JazzFacts: Br\u00fccken um die Welt \u2013 Ein Portr\u00e4t der amerikanischen Fl\u00f6tistin Jamie Baum<\/strong><\/p>\n<p style=\"padding-left: 30px;\">von Karsten M\u00fctzelfeldt. Die Fl\u00f6te spielt im Jazz sicherlich keine allzu gro\u00dfe Rolle, obwohl sie fast jeder Saxofonist als Nebeninstrument f\u00fchrt. F\u00fcr Jamie Baum ist die Fl\u00f6te erste und einzige Wahl \u2013 und sie ist darauf derzeit wohl die Beste. Die mehrfach ausgezeichnete Amerikanerin hat an diversen Hochschulen im In- und Ausland eine profunde Ausbildung erhalten. Zudem studierte sie bei Ikonen wie Hubert Laws und dem indischen Fl\u00f6tenvirtuosen Hariprasad Chaurasia. Seit den 80er-Jahren lebt Jamie Baum in New York und taucht dort immer wieder im Umkreis von Musikern wie David Binney, Ralph Alessi, Uri Caine, Fred Hersch, Dave Douglas und Anthony Braxton auf. In Meisterklassen und Workshops unterrichtet sie auch klassische Fl\u00f6tisten in der Kunst der Improvisation. Als Botschafterin f\u00fcr den Jazz wurde Baum vom State Department u.a. nach S\u00fcdamerika, Indien und Fernost geschickt. Auf diesen ausgedehnten Reisen befasste sie sich intensiv mit ethnischen Kulturen und Musizierpraktiken. Seitdem ist ihr moderner Jazz auch immer ein Br\u00fcckenschlag zum Rest der Welt. So tr\u00e4gt Jamie Baums aktuelles Album den sinnigen Titel ,Bridges\u2019.<\/p>\n<p>22:04 bis 00:00 | WDR 3<br \/>\n<strong>WDR 3 Jazz &amp; World: Szene NRW \u2013 aktuelles aus der Region<\/strong><\/p>\n<p style=\"padding-left: 30px;\">15. WDR 3 Jazzpreis 2019 \u2013 Kavpersaz (Musikkulturen). Preview Jazz: Karsten M\u00fctzelfeldt. Preview World: Tom Daun<\/p>\n<p>22:05 bis 23:00 | NDR Info<br \/>\n<strong>Play Jazz! Das Jazzmagazin \u2013 Mit Mauretta Heinzelmann<\/strong><\/p>\n<p>22:30 bis 23:00 | hr2-kultur<br \/>\n<strong>Jazz Now: Aus dem Dschungel der Neuver\u00f6ffentlichungen<\/strong><\/p>\n<p style=\"padding-left: 30px;\">Am Mikrofon: Guenter Hottmann. heute mit: Joe Lovano Trio Tapestry (w\/ Marilyn Crispell &amp; Carmen Castaldi): Trio Tapestry | Eric Dolphy: Musical Prophet: The Expanded 1963 New York Studio Sessions (w\/previously unissued studio recordings) |<\/p>\n<p>23:05 bis 00:00 | BR-KLASSIK<br \/>\n<strong>Jazztime: All that Jazz<\/strong><\/p>\n<p style=\"padding-left: 30px;\">Vor einigen Jahren hat der Pianist Bobby Avey die \u201eThelonious Monk International Jazz Competition\u201c in der Sparte \u201eKomposition\u201c gegen starke Konkurrenz f\u00fcr sich entschieden. Seine bisherigen Alben \u2013 eines davon behandelte das Thema \u201eVoodoo\u201c \u2013 zeigen eindrucksvoll, warum er damals aufs Siegertreppchen steigen durfte. Als Klavierspieler ist der 33j\u00e4hrige so imposant wie als Tonsetzer. Sein K\u00f6nnen hat er unter anderem schon an der Seite der Saxofonisten Dave Liebman und Rudresh Mahanthappa zeigen k\u00f6nnen.. Moderation und Auswahl: Ssirus W. Pakzad<\/p>\n<p>23:13 bis 00:00 | SWR 2<br \/>\n<strong>SWR2 NOWJazz: Tasten-Prisma \u2013 Der Mannheimer Pianist Volker Engelberth<\/strong><\/p>\n<p style=\"padding-left: 30px;\">Von Odilo Clausnitzer. \u201ePrismatic Colours\u201c \u2013 so nennt der Pianist Volker Engelberth seine j\u00fcngste CD. Ein Konzeptalbum: Idee dahinter ist die musikalische Darstellung eines Farbkreises \u2013 einschlie\u00dflich seiner \u00dcberg\u00e4nge und Zwischent\u00f6ne \u2013 in Suitenform. Das Idiom seiner Wahl ist f\u00fcr Engelberth dabei ein geschliffener, melodiestarker, kunst- und gehaltvoller Post-Bop. Nach seinem Studium in Mannheim gr\u00fcndete Volker Engelberth 2010 sein fest bestehendes Trio mit Arne Huber, Bass und Silvio Morger, Schlagzeug. 2015 erweiterte er es um den Trompeter Bastian Stein und den Saxofonisten Sandi Kuhn zum Quintett \u2013 kurz darauf wurde er f\u00fcr seine Verdienste als Komponist und Improvisator mit dem Jazzpreis des Landes Baden-W\u00fcrttemberg ausgezeichnet. \u201ePrismatic Colours\u201c ist Engelberths zweite Quintett-CD. In der Sendung spricht er unter anderem \u00fcber die Anlage und Konzeption des Albums.<\/p>\n<hr \/>\n<h2>25.01.2019<\/h2>\n<hr \/>\n<p>17:50 bis 18:00 | SWR 2<br \/>\n<strong>SWR2 Jazz vor Sechs<\/strong><\/p>\n<p>19:35 bis 20:00 | MDR Kultur<br \/>\n<strong>MDR KULTUR \u2013 Jazz Lounge: Dem Saxophonisten Benny Golson zum 90. Geburtstag<\/strong><\/p>\n<p>22:04 bis 00:00 | WDR 3<br \/>\n<strong>WDR 3 Jazz &amp; World: Internationales Jazzfestival M\u00fcnster 2019 (3)<\/strong><\/p>\n<p style=\"padding-left: 30px;\">Erik Friedlander\u00b4s \u201eThrow A Glass\u201c. Henri Texier Sand Quartet. Aufnahme vom 5. Januar aus dem Theater<\/p>\n<p>22:05 bis 23:00 | NDR Info<br \/>\n<strong>Jazz Special: \u201eAnd the Adventure Continues\u201c \u2013 Benny Golson zum 90. <\/strong><strong>Geburtstag<\/strong><\/p>\n<p style=\"padding-left: 30px;\">Mit Marianne Therstappen. Auf seinen Lorbeeren auszuruhen, kommt f\u00fcr den am 25. Januar 1929 in Philadelphia geborenen Saxofonisten und Komponisten Benny Golson nicht infrage. Mit modernen Jazz Klassikern wie \u201eWhisper Not\u201c und \u201eAlong Came Betty\u201c k\u00f6nnte er sich l\u00e4ngst bequem zur\u00fccklehnen und von den Tantiemen leben. Doch die Freude am Musizieren, die Neugier darauf, was durch Improvisation aus einer Melodie jedes Mal neu entstehen kann, l\u00e4sst ihn nicht ruhen. Sein Aufstieg begann in den 1950ern: Freund John Coltrane gab Miles Davis Golsons Noten von \u201eStablemates\u201c und Miles war davon so angetan, dass der Weg f\u00fcr Benny Golson auch als Komponist geebnet war.<\/p>\n<p>22:30 bis 23:00 | hr2-kultur<br \/>\n<strong>Swingtime mit Bill Ramsey: As time goes by | Ein Jahrhundert in Schwingungen<\/strong><\/p>\n<p>23:05 bis 00:00 | BR-KLASSIK<br \/>\n<strong>Jazztime: Das Jazzkonzert: \u201eIn Trance\u201c beim \u201eTanz des Tages\u201c:<\/strong><\/p>\n<p style=\"padding-left: 30px;\">Das Trio der deutschen Pianistin Julia Kadel beim 8. Birdland Radio Jazz Festival in Neuburg an der Donau. Aufnahme vom 26. Oktober 2018. Mit Karl-Erik Enkelmann, Bass und Steffen Roth, Schlagzeug. Moderation und Auswahl: Ulrich Habersetzer<\/p>\n<p>23:30 bis 00:00 | SWR 2<br \/>\n<strong>SWR2 NOWJazz Update: Sonic Wilderness<\/strong><\/p>\n<p style=\"padding-left: 30px;\">Von Thomas Loewner. Diese Reihe auf dem freit\u00e4glichen NOWJazz Update Sendeplatz f\u00fchrt in abenteuerliche Zwischenwelten des Jazz. Ob Improv, Electronica, Klangkunst, Noise oder Rock \u2013 f\u00fcr die atmosph\u00e4rischen Mixes gibt es nur eine Regel: Die Lust am musikalischen Abenteuer muss h\u00f6rbar sein.<\/p>\n<hr \/>\n<h2>26.01.2019<\/h2>\n<hr \/>\n<p>17:05 bis 17:55 | Bayern 2<br \/>\n<strong>Jazz &amp; Politik: Politisches Feuilleton<\/strong><\/p>\n<p>17:50 bis 18:00 | SWR 2<br \/>\n<strong>SWR2 Jazz vor Sechs<\/strong><\/p>\n<p>18:05 bis 19:00 | BR-KLASSIK<br \/>\n<strong>Jazz und mehr: Von Betty, Killer Joe und Verdi \u2013 Zum 90. Geburtstag des legend\u00e4ren Saxophonisten und Komponisten Benny Golson<\/strong><\/p>\n<p style=\"padding-left: 30px;\">Mit Musik vom Geburtstagskind selbst, von Art Blakeys Jazz Messengers und sogar von Giuseppe Verdi und Fr\u00e9d\u00e9ric Chopin. Moderation und Auswahl: Ulrich Habersetzer<\/p>\n<p>19:04 bis 20:00 | hr2-kultur<br \/>\n<strong>Live Jazz: Avishai Cohen Trio Gently Disturbed | Jazz \u00e0 la Villette, Paris, Philharmonie de Paris, August 2018<\/strong><\/p>\n<p style=\"padding-left: 30px;\">Avishai Cohen Trio Gently Disturbed || Avishai Cohen, b, voc | Shai Maestro, p | Noam David (replaces Mark Guiliana), dr | 2018 Jazz \u00e0 la Villette, Paris, Philharmonie de Paris, August 2018. Am Mikrofon: Daniella Baumeister<\/p>\n<p>19:30 bis 20:00 | MDR Kultur<br \/>\n<strong>MDR KULTUR \u2013 Jazz Lounge: Mix<\/strong><\/p>\n<p>20:15 bis 21:00 | NDR Info<br \/>\n<strong>Jazz Klassiker: Zwischen allen St\u00fchlen \u2013 Kammerswing mit John Kirby, Raymond Scott, Reginald Foresythe und anderen<\/strong><\/p>\n<p style=\"padding-left: 30px;\">Am Mikrofon: B\u00e4rbel Kolodzik. Swing ist in erster Linie Big Band-Musik. Es gab aber parallel auch kleine Formationen, die von sich reden machten \u2013 wie die Bands von John Kirby, Raymond Scott und Reginald Foresythe.<\/p>\n<p>22:03 bis 23:00 | SWR 2<br \/>\n<strong>SWR2 Jazztime: \u201eIch erfand den Jazz\u201c \u2013 Der Pianist Jelly Roll Morton<\/strong><\/p>\n<p style=\"padding-left: 30px;\">Von Hans-J\u00fcrgen Schaal. Allen Ernstes behauptete Jelly Roll Morton (1885-1941), er habe im Alleingang den Jazz erfunden. Indem er am Klavier den Ragtime mit dem Blues vers\u00f6hnte, angeregt von der Parademusik von New Orleans. \u201eIch benutzte den Begriff \u2018Jazz\u2019 schon 1902, um den Leuten den Unterschied zum Ragtime zu verdeutlichen\u201c, behauptete Morton. Mit den Red Hot Peppers machte er seine anspruchsvollsten Aufnahmen. W\u00e4hrend sein \u201eKing Porter Stomp\u201c in der Swing-\u00c4ra zum Hit wurde, predigte Morton selbst weiterhin den \u201eechten\u201c Jazz von New Orleans.<\/p>\n<p>22:04 bis 00:00 | WDR 3<br \/>\n<strong>WDR 3 Open Sounds: Bewegung im Material<\/strong><\/p>\n<p style=\"padding-left: 30px;\">Neue H\u00f6rst\u00fccke von Jir\u00ed Such\u00e1nek, Ian Mikyska, Martin Rezn\u00fd und Sindelar.<\/p>\n<p>22:05 bis 23:00 | NDR Info<br \/>\n<strong>Jazz Konzert: Star Jazz Festival Edition 2018: Club der Kontinente<\/strong><\/p>\n<p style=\"padding-left: 30px;\">Am Mikrofon: Felix Tenbaum. Mit den Musikern Saliou Cissokho (Kora, Kalebasse) aus Afrika, Guo Yazhi (Woodwinds) aus China\/U.S.A., Nils Petter Molvaer (Trompete, electronics) aus Norwegen, Mino Cinelu (Percussion) aus Frankreich und Gastgeber und Leiter des Ensembles Vladyslav Sendecki (Piano) aus Polen\/Deutschland betrat eine ungew\u00f6hnliche und einmalige K\u00fcnstlerriege die B\u00fchne. In dieser Konstellation, geeint durch Kreativit\u00e4t, gegenseitigen Respekt und die Lust am gemeinsamen Schaffensprozess, lie\u00dfen sie Grenzen vergessen und luden zu einem musikalischen Abenteuer ein.<\/p>\n<p>23.04 \u2013 24.00 | rbb-kulturradio<br \/>\n<strong>Late Night Jazz: Jazzwerkstatt Peitz Nr. 55: Barry Altschul Trio<\/strong><\/p>\n<p style=\"padding-left: 30px;\">Der amerikanische Schlagzeuger Barry Altschul ist auch im Alter von 75 Jahren noch voller Energie, was er nicht zuletzt mit seinem aktuellen Trio unter Beweis stellt. Altschul erlangte internationale Aufmerksamkeit ab 1970 im Quartett \u201eCircle\u201c mit Chick Corea, Dave Holland und Anthony Braxton, mit dem er auch in sp\u00e4teren Jahren immer wieder arbeitete. Im Braxton-Umfeld lernte er auch den Bassisten Joe Fonda kennen. Er geh\u00f6rt neben dem enorm virtuos und kraftvoll spielenden, deutlich j\u00fcngeren Tenorsaxofonisten Jon Irabagonzum zum derzeitigen, drei Generationen vereinenden Barry Altschul Trio. Konzertaufnahme vom 9. Juni 2018, Peitz, St\u00fcler Kirche<\/p>\n<hr \/>\n<h2>27.01.2019<\/h2>\n<hr \/>\n<p>00:05 bis 02:00 | Bayern 2<br \/>\n<strong>radioJazznacht: Mit Marcus A. Woelfle<\/strong><\/p>\n<p style=\"padding-left: 30px;\">Evergreens und Nevergreens \u2013 ein Nachklang zum 90. Geburtstag des Tenorsaxophonisten Benny Golson.. Moderation und Auswahl: Marcus A. Woelfle<\/p>\n<p>19:04 bis 20:00 | hr2-kultur<br \/>\n<strong>hr-Bigband: Konzerte und Produktionen<\/strong><\/p>\n<p style=\"padding-left: 30px;\">u.a. mit: \u201eTales from Lithuania\u201c \u2013 Viktorija Gecyt\u00e9 &amp; hr-Bigband, cond. &amp; arr. by Rainer Tempel<\/p>\n<p>19:09 bis 20:00 | SWR 2<br \/>\n<strong>SWR2 Jazz: Fake oder Fakt?<\/strong><\/p>\n<p>20:04 bis 22:30 | SR2 KulturRadio<br \/>\n<strong>JazzNow: Jazz in den Ministerg\u00e4rten \u2013 Saarland meets Stuttgart \u2013 60 Jahre Michael Jackson<\/strong><\/p>\n<p style=\"padding-left: 30px;\">Aufnahme vom 12. Oktober in der Landesvertretung Saarland in Berlin<\/p>\n<p>22:05 bis 23:00 | NDR Info<br \/>\n<strong>Jazz NDR Bigband: NDR Bigband mit Benny Golson<\/strong><\/p>\n<p style=\"padding-left: 30px;\">Mit Henry Altmann. Auf seinen Lorbeeren auszuruhen, kommt f\u00fcr den am 25. Januar 1929 in Philadelphia geborenen Saxofonisten und Komponisten Benny Golson nicht infrage. Mit modernen Jazz-Klassikern wie \u201eWhisper Not\u201c und \u201eAlong Came Betty\u201c k\u00f6nnte er sich l\u00e4ngst bequem zur\u00fccklehnen und von den Tantiemen leben. Doch die Freude am Musizieren, die Neugier darauf, was durch Improvisation aus einer Melodie jedes Mal neu entstehen kann, l\u00e4sst ihn nicht ruhen. Sein Aufstieg begann in den 1950ern: Freund John Coltrane gab Miles Davis Golsons Noten von \u201eStablemates\u201c und Miles war davon so angetan, dass der Weg f\u00fcr Benny Golson auch als Komponist geebnet war.<\/p>\n<p style=\"padding-left: 30px;\">Im Oktober 1995 \u2013 zum 50-j\u00e4hrigen Jubil\u00e4um der NDR Bigband \u2013 ist Benny Golson gemeinsam mit der NDR Bigband aufgetreten und hat seine erfolgreichen Kompositionen wie \u201eKiller Joe\u201c und \u201eWhisper Not\u201c gespielt.<\/p>\n<p>23.04 \u2013 24.00 | rbb-kulturradio<br \/>\n<strong>Late Night Jazz: Jazz Diskothek \u2013 News from Jazz &amp; Blues<\/strong><\/p>\n<p style=\"padding-left: 30px;\">Zu Gast im Studio: Micha Maass<\/p>\n","protected":false},"excerpt":{"rendered":"<p>Ein kleiner Blick in die Jazzwoche 04 im Radio. Mit zahlreichen Beitr\u00e4gen zum 90. Geburtstag von Benny Golson. Immer aktuell: Gemeinsame Erkl\u00e4rung zur Gleichstellung von Frauen im Jazz. Die \u00dcbersicht zum Download als PDF. Alle Angaben ohne Gew\u00e4hr. Jazz im Radio (Fernsehen) SR2 \u2013 JazzNow \u2013 Sonntags von 20.04 bis 22.30 Uhr BR-KLASSIK \u2013 Jazztime \u2013 Von Montag bis Freitag t\u00e4glich um 23.05 Uhr rbb-kulturradio \u2013 Late Night Jazz \u2013 Sa und So 23:04 \u2013 24:00 Uhr hr2-kultur \u2013 Jazz in hr2-kultur \u2013 t\u00e4glich SWR2 \u2013 Jazz \u2013 t\u00e4glich WDR3 \u2013 JAZZ &amp; WORLD \u2013 Improvisiertes zum Tagesausklang \u2013 Montag bis Freitag, 22.04 \u2013 0:00 Uhr Deutschlandfunk \u2013 Jazz (\u00dcberblick) \u2013 Jazz Live, JazzFacts und Milestones Deutschlandfunk Kultur \u2013 Jazz \u2013 diverse Sendetermine ARTE TV \u2013 Jazz 21.01.2019 11:45 Uhr | Deutschlandfunk Kultur Tonart am Vormittag: \u201eZur sch\u00f6nen Aussicht\u201c \u2013 Urbaner Jazz aus Dresden + Festival 17:50 bis 18:00 | SWR 2 SWR2 Jazz vor Sechs 19:04 bis 20:00 | hr2-kultur H\u00f6rbar: Musik grenzenlos 19:35 bis 20:00 | MDR Kultur MDR KULTUR \u2013 Jazz Lounge: Eliane Elias, Vocal 20:03 \u2013 21:30 Uhr | Deutschlandfunk Kultur &hellip;<\/p>\n","protected":false},"author":1,"featured_media":13660,"comment_status":"open","ping_status":"closed","sticky":false,"template":"","format":"standard","meta":{"_jetpack_memberships_contains_paid_content":false,"footnotes":"","jetpack_publicize_message":"","jetpack_publicize_feature_enabled":true,"jetpack_social_post_already_shared":false,"jetpack_social_options":{"image_generator_settings":{"template":"highway","default_image_id":0,"font":"","enabled":false},"version":2}},"categories":[633,452],"tags":[1629],"coauthors":[650],"class_list":["post-18355","post","type-post","status-publish","format-standard","has-post-thumbnail","hentry","category-nachrichten","category-radio","tag-jazz-im-radio"],"yoast_head":"<!-- This site is optimized with the Yoast SEO plugin v27.5 - https:\/\/yoast.com\/product\/yoast-seo-wordpress\/ -->\n<title>Die Jazz-Radiowoche vom 21.01.19 bis 27.01.2019 - JazzZeitung<\/title>\n<meta name=\"robots\" content=\"index, follow, max-snippet:-1, max-image-preview:large, max-video-preview:-1\" \/>\n<link rel=\"canonical\" href=\"https:\/\/www.jazzzeitung.de\/cms\/2019\/01\/die-jazz-radiowoche-vom-21-01-19-bis-27-01-2019\/\" \/>\n<meta property=\"og:locale\" content=\"de_DE\" \/>\n<meta property=\"og:type\" content=\"article\" \/>\n<meta property=\"og:title\" content=\"Die Jazz-Radiowoche vom 21.01.19 bis 27.01.2019 - JazzZeitung\" \/>\n<meta property=\"og:description\" content=\"Ein kleiner Blick in die Jazzwoche 04 im Radio. Mit zahlreichen Beitr\u00e4gen zum 90. Geburtstag von Benny Golson. Immer aktuell: Gemeinsame Erkl\u00e4rung zur Gleichstellung von Frauen im Jazz. Die \u00dcbersicht zum Download als PDF. Alle Angaben ohne Gew\u00e4hr. Jazz im Radio (Fernsehen) SR2 \u2013 JazzNow \u2013 Sonntags von 20.04 bis 22.30 Uhr BR-KLASSIK \u2013 Jazztime \u2013 Von Montag bis Freitag t\u00e4glich um 23.05 Uhr rbb-kulturradio \u2013 Late Night Jazz \u2013 Sa und So 23:04 \u2013 24:00 Uhr hr2-kultur \u2013 Jazz in hr2-kultur \u2013 t\u00e4glich SWR2 \u2013 Jazz \u2013 t\u00e4glich WDR3 \u2013 JAZZ &amp; WORLD \u2013 Improvisiertes zum Tagesausklang \u2013 Montag bis Freitag, 22.04 \u2013 0:00 Uhr Deutschlandfunk \u2013 Jazz (\u00dcberblick) \u2013 Jazz Live, JazzFacts und Milestones Deutschlandfunk Kultur \u2013 Jazz \u2013 diverse Sendetermine ARTE TV \u2013 Jazz 21.01.2019 11:45 Uhr | Deutschlandfunk Kultur Tonart am Vormittag: \u201eZur sch\u00f6nen Aussicht\u201c \u2013 Urbaner Jazz aus Dresden + Festival 17:50 bis 18:00 | SWR 2 SWR2 Jazz vor Sechs 19:04 bis 20:00 | hr2-kultur H\u00f6rbar: Musik grenzenlos 19:35 bis 20:00 | MDR Kultur MDR KULTUR \u2013 Jazz Lounge: Eliane Elias, Vocal 20:03 \u2013 21:30 Uhr | Deutschlandfunk Kultur &hellip;\" \/>\n<meta property=\"og:url\" content=\"https:\/\/www.jazzzeitung.de\/cms\/2019\/01\/die-jazz-radiowoche-vom-21-01-19-bis-27-01-2019\/\" \/>\n<meta property=\"og:site_name\" content=\"JazzZeitung\" \/>\n<meta property=\"article:publisher\" content=\"https:\/\/www.facebook.com\/JazzZeitung\/\" \/>\n<meta property=\"article:author\" content=\"https:\/\/www.facebook.com\/hufner\" \/>\n<meta property=\"article:published_time\" content=\"2019-01-20T11:00:39+00:00\" \/>\n<meta property=\"og:image\" content=\"https:\/\/i0.wp.com\/www.jazzzeitung.de\/cms\/wp-content\/uploads\/2017\/10\/radio-jazz.jpg?fit=2048%2C1536&ssl=1\" \/>\n\t<meta property=\"og:image:width\" content=\"2048\" \/>\n\t<meta property=\"og:image:height\" content=\"1536\" \/>\n\t<meta property=\"og:image:type\" content=\"image\/jpeg\" \/>\n<meta name=\"author\" content=\"Martin Hufner\" \/>\n<script type=\"application\/ld+json\" class=\"yoast-schema-graph\">{\"@context\":\"https:\\\/\\\/schema.org\",\"@graph\":[{\"@type\":\"Article\",\"@id\":\"https:\\\/\\\/www.jazzzeitung.de\\\/cms\\\/2019\\\/01\\\/die-jazz-radiowoche-vom-21-01-19-bis-27-01-2019\\\/#article\",\"isPartOf\":{\"@id\":\"https:\\\/\\\/www.jazzzeitung.de\\\/cms\\\/2019\\\/01\\\/die-jazz-radiowoche-vom-21-01-19-bis-27-01-2019\\\/\"},\"author\":{\"name\":\"Martin Hufner\",\"@id\":\"https:\\\/\\\/www.jazzzeitung.de\\\/cms\\\/#\\\/schema\\\/person\\\/b9a4e5ac765d94fb8f617bfa8f1fc5f7\"},\"headline\":\"Die Jazz-Radiowoche vom 21.01.19 bis 27.01.2019\",\"datePublished\":\"2019-01-20T11:00:39+00:00\",\"mainEntityOfPage\":{\"@id\":\"https:\\\/\\\/www.jazzzeitung.de\\\/cms\\\/2019\\\/01\\\/die-jazz-radiowoche-vom-21-01-19-bis-27-01-2019\\\/\"},\"wordCount\":2540,\"commentCount\":0,\"publisher\":{\"@id\":\"https:\\\/\\\/www.jazzzeitung.de\\\/cms\\\/#organization\"},\"image\":{\"@id\":\"https:\\\/\\\/www.jazzzeitung.de\\\/cms\\\/2019\\\/01\\\/die-jazz-radiowoche-vom-21-01-19-bis-27-01-2019\\\/#primaryimage\"},\"thumbnailUrl\":\"https:\\\/\\\/i0.wp.com\\\/www.jazzzeitung.de\\\/cms\\\/wp-content\\\/uploads\\\/2017\\\/10\\\/radio-jazz.jpg?fit=2048%2C1536&ssl=1\",\"keywords\":[\"Jazz im Radio\"],\"articleSection\":[\"News\",\"Radio\"],\"inLanguage\":\"de\",\"potentialAction\":[{\"@type\":\"CommentAction\",\"name\":\"Comment\",\"target\":[\"https:\\\/\\\/www.jazzzeitung.de\\\/cms\\\/2019\\\/01\\\/die-jazz-radiowoche-vom-21-01-19-bis-27-01-2019\\\/#respond\"]}]},{\"@type\":\"WebPage\",\"@id\":\"https:\\\/\\\/www.jazzzeitung.de\\\/cms\\\/2019\\\/01\\\/die-jazz-radiowoche-vom-21-01-19-bis-27-01-2019\\\/\",\"url\":\"https:\\\/\\\/www.jazzzeitung.de\\\/cms\\\/2019\\\/01\\\/die-jazz-radiowoche-vom-21-01-19-bis-27-01-2019\\\/\",\"name\":\"Die Jazz-Radiowoche vom 21.01.19 bis 27.01.2019 - JazzZeitung\",\"isPartOf\":{\"@id\":\"https:\\\/\\\/www.jazzzeitung.de\\\/cms\\\/#website\"},\"primaryImageOfPage\":{\"@id\":\"https:\\\/\\\/www.jazzzeitung.de\\\/cms\\\/2019\\\/01\\\/die-jazz-radiowoche-vom-21-01-19-bis-27-01-2019\\\/#primaryimage\"},\"image\":{\"@id\":\"https:\\\/\\\/www.jazzzeitung.de\\\/cms\\\/2019\\\/01\\\/die-jazz-radiowoche-vom-21-01-19-bis-27-01-2019\\\/#primaryimage\"},\"thumbnailUrl\":\"https:\\\/\\\/i0.wp.com\\\/www.jazzzeitung.de\\\/cms\\\/wp-content\\\/uploads\\\/2017\\\/10\\\/radio-jazz.jpg?fit=2048%2C1536&ssl=1\",\"datePublished\":\"2019-01-20T11:00:39+00:00\",\"breadcrumb\":{\"@id\":\"https:\\\/\\\/www.jazzzeitung.de\\\/cms\\\/2019\\\/01\\\/die-jazz-radiowoche-vom-21-01-19-bis-27-01-2019\\\/#breadcrumb\"},\"inLanguage\":\"de\",\"potentialAction\":[{\"@type\":\"ReadAction\",\"target\":[\"https:\\\/\\\/www.jazzzeitung.de\\\/cms\\\/2019\\\/01\\\/die-jazz-radiowoche-vom-21-01-19-bis-27-01-2019\\\/\"]}]},{\"@type\":\"ImageObject\",\"inLanguage\":\"de\",\"@id\":\"https:\\\/\\\/www.jazzzeitung.de\\\/cms\\\/2019\\\/01\\\/die-jazz-radiowoche-vom-21-01-19-bis-27-01-2019\\\/#primaryimage\",\"url\":\"https:\\\/\\\/i0.wp.com\\\/www.jazzzeitung.de\\\/cms\\\/wp-content\\\/uploads\\\/2017\\\/10\\\/radio-jazz.jpg?fit=2048%2C1536&ssl=1\",\"contentUrl\":\"https:\\\/\\\/i0.wp.com\\\/www.jazzzeitung.de\\\/cms\\\/wp-content\\\/uploads\\\/2017\\\/10\\\/radio-jazz.jpg?fit=2048%2C1536&ssl=1\",\"width\":2048,\"height\":1536,\"caption\":\"radio-jazz. Montage: Hufner\"},{\"@type\":\"BreadcrumbList\",\"@id\":\"https:\\\/\\\/www.jazzzeitung.de\\\/cms\\\/2019\\\/01\\\/die-jazz-radiowoche-vom-21-01-19-bis-27-01-2019\\\/#breadcrumb\",\"itemListElement\":[{\"@type\":\"ListItem\",\"position\":1,\"name\":\"Startseite\",\"item\":\"https:\\\/\\\/www.jazzzeitung.de\\\/cms\\\/\"},{\"@type\":\"ListItem\",\"position\":2,\"name\":\"Die Jazz-Radiowoche vom 21.01.19 bis 27.01.2019\"}]},{\"@type\":\"WebSite\",\"@id\":\"https:\\\/\\\/www.jazzzeitung.de\\\/cms\\\/#website\",\"url\":\"https:\\\/\\\/www.jazzzeitung.de\\\/cms\\\/\",\"name\":\"JazzZeitung\",\"description\":\"Jazz-News und Jazz-Kontroverses\",\"publisher\":{\"@id\":\"https:\\\/\\\/www.jazzzeitung.de\\\/cms\\\/#organization\"},\"potentialAction\":[{\"@type\":\"SearchAction\",\"target\":{\"@type\":\"EntryPoint\",\"urlTemplate\":\"https:\\\/\\\/www.jazzzeitung.de\\\/cms\\\/?s={search_term_string}\"},\"query-input\":{\"@type\":\"PropertyValueSpecification\",\"valueRequired\":true,\"valueName\":\"search_term_string\"}}],\"inLanguage\":\"de\"},{\"@type\":\"Organization\",\"@id\":\"https:\\\/\\\/www.jazzzeitung.de\\\/cms\\\/#organization\",\"name\":\"JazzZeitung online\",\"url\":\"https:\\\/\\\/www.jazzzeitung.de\\\/cms\\\/\",\"logo\":{\"@type\":\"ImageObject\",\"inLanguage\":\"de\",\"@id\":\"https:\\\/\\\/www.jazzzeitung.de\\\/cms\\\/#\\\/schema\\\/logo\\\/image\\\/\",\"url\":\"https:\\\/\\\/i0.wp.com\\\/www.jazzzeitung.de\\\/cms\\\/wp-content\\\/uploads\\\/2015\\\/08\\\/JAZZZEITUNGDE_Logo_Neu.png?fit=499%2C200&ssl=1\",\"contentUrl\":\"https:\\\/\\\/i0.wp.com\\\/www.jazzzeitung.de\\\/cms\\\/wp-content\\\/uploads\\\/2015\\\/08\\\/JAZZZEITUNGDE_Logo_Neu.png?fit=499%2C200&ssl=1\",\"width\":499,\"height\":200,\"caption\":\"JazzZeitung online\"},\"image\":{\"@id\":\"https:\\\/\\\/www.jazzzeitung.de\\\/cms\\\/#\\\/schema\\\/logo\\\/image\\\/\"},\"sameAs\":[\"https:\\\/\\\/www.facebook.com\\\/JazzZeitung\\\/\"]},{\"@type\":\"Person\",\"@id\":\"https:\\\/\\\/www.jazzzeitung.de\\\/cms\\\/#\\\/schema\\\/person\\\/b9a4e5ac765d94fb8f617bfa8f1fc5f7\",\"name\":\"Martin Hufner\",\"image\":{\"@type\":\"ImageObject\",\"inLanguage\":\"de\",\"@id\":\"https:\\\/\\\/i0.wp.com\\\/www.jazzzeitung.de\\\/cms\\\/wp-content\\\/uploads\\\/2013\\\/07\\\/huf-06.jpg?resize=96%2C96&ssl=15fcc31aa94540751a3b804516452be00\",\"url\":\"https:\\\/\\\/i0.wp.com\\\/www.jazzzeitung.de\\\/cms\\\/wp-content\\\/uploads\\\/2013\\\/07\\\/huf-06.jpg?resize=96%2C96&ssl=1\",\"contentUrl\":\"https:\\\/\\\/i0.wp.com\\\/www.jazzzeitung.de\\\/cms\\\/wp-content\\\/uploads\\\/2013\\\/07\\\/huf-06.jpg?resize=96%2C96&ssl=1\",\"caption\":\"Martin Hufner\"},\"description\":\"Martin Hufner ist freier Autor der JazzZeitung.\",\"sameAs\":[\"https:\\\/\\\/www.kritische-masse.de\\\/logbuch\",\"https:\\\/\\\/www.facebook.com\\\/hufner\"],\"url\":\"https:\\\/\\\/www.jazzzeitung.de\\\/cms\\\/author\\\/admin\\\/\"}]}<\/script>\n<!-- \/ Yoast SEO plugin. -->","yoast_head_json":{"title":"Die Jazz-Radiowoche vom 21.01.19 bis 27.01.2019 - JazzZeitung","robots":{"index":"index","follow":"follow","max-snippet":"max-snippet:-1","max-image-preview":"max-image-preview:large","max-video-preview":"max-video-preview:-1"},"canonical":"https:\/\/www.jazzzeitung.de\/cms\/2019\/01\/die-jazz-radiowoche-vom-21-01-19-bis-27-01-2019\/","og_locale":"de_DE","og_type":"article","og_title":"Die Jazz-Radiowoche vom 21.01.19 bis 27.01.2019 - JazzZeitung","og_description":"Ein kleiner Blick in die Jazzwoche 04 im Radio. Mit zahlreichen Beitr\u00e4gen zum 90. Geburtstag von Benny Golson. Immer aktuell: Gemeinsame Erkl\u00e4rung zur Gleichstellung von Frauen im Jazz. Die \u00dcbersicht zum Download als PDF. Alle Angaben ohne Gew\u00e4hr. Jazz im Radio (Fernsehen) SR2 \u2013 JazzNow \u2013 Sonntags von 20.04 bis 22.30 Uhr BR-KLASSIK \u2013 Jazztime \u2013 Von Montag bis Freitag t\u00e4glich um 23.05 Uhr rbb-kulturradio \u2013 Late Night Jazz \u2013 Sa und So 23:04 \u2013 24:00 Uhr hr2-kultur \u2013 Jazz in hr2-kultur \u2013 t\u00e4glich SWR2 \u2013 Jazz \u2013 t\u00e4glich WDR3 \u2013 JAZZ &amp; WORLD \u2013 Improvisiertes zum Tagesausklang \u2013 Montag bis Freitag, 22.04 \u2013 0:00 Uhr Deutschlandfunk \u2013 Jazz (\u00dcberblick) \u2013 Jazz Live, JazzFacts und Milestones Deutschlandfunk Kultur \u2013 Jazz \u2013 diverse Sendetermine ARTE TV \u2013 Jazz 21.01.2019 11:45 Uhr | Deutschlandfunk Kultur Tonart am Vormittag: \u201eZur sch\u00f6nen Aussicht\u201c \u2013 Urbaner Jazz aus Dresden + Festival 17:50 bis 18:00 | SWR 2 SWR2 Jazz vor Sechs 19:04 bis 20:00 | hr2-kultur H\u00f6rbar: Musik grenzenlos 19:35 bis 20:00 | MDR Kultur MDR KULTUR \u2013 Jazz Lounge: Eliane Elias, Vocal 20:03 \u2013 21:30 Uhr | Deutschlandfunk Kultur &hellip;","og_url":"https:\/\/www.jazzzeitung.de\/cms\/2019\/01\/die-jazz-radiowoche-vom-21-01-19-bis-27-01-2019\/","og_site_name":"JazzZeitung","article_publisher":"https:\/\/www.facebook.com\/JazzZeitung\/","article_author":"https:\/\/www.facebook.com\/hufner","article_published_time":"2019-01-20T11:00:39+00:00","og_image":[{"width":2048,"height":1536,"url":"https:\/\/i0.wp.com\/www.jazzzeitung.de\/cms\/wp-content\/uploads\/2017\/10\/radio-jazz.jpg?fit=2048%2C1536&ssl=1","type":"image\/jpeg"}],"author":"Martin Hufner","schema":{"@context":"https:\/\/schema.org","@graph":[{"@type":"Article","@id":"https:\/\/www.jazzzeitung.de\/cms\/2019\/01\/die-jazz-radiowoche-vom-21-01-19-bis-27-01-2019\/#article","isPartOf":{"@id":"https:\/\/www.jazzzeitung.de\/cms\/2019\/01\/die-jazz-radiowoche-vom-21-01-19-bis-27-01-2019\/"},"author":{"name":"Martin Hufner","@id":"https:\/\/www.jazzzeitung.de\/cms\/#\/schema\/person\/b9a4e5ac765d94fb8f617bfa8f1fc5f7"},"headline":"Die Jazz-Radiowoche vom 21.01.19 bis 27.01.2019","datePublished":"2019-01-20T11:00:39+00:00","mainEntityOfPage":{"@id":"https:\/\/www.jazzzeitung.de\/cms\/2019\/01\/die-jazz-radiowoche-vom-21-01-19-bis-27-01-2019\/"},"wordCount":2540,"commentCount":0,"publisher":{"@id":"https:\/\/www.jazzzeitung.de\/cms\/#organization"},"image":{"@id":"https:\/\/www.jazzzeitung.de\/cms\/2019\/01\/die-jazz-radiowoche-vom-21-01-19-bis-27-01-2019\/#primaryimage"},"thumbnailUrl":"https:\/\/i0.wp.com\/www.jazzzeitung.de\/cms\/wp-content\/uploads\/2017\/10\/radio-jazz.jpg?fit=2048%2C1536&ssl=1","keywords":["Jazz im Radio"],"articleSection":["News","Radio"],"inLanguage":"de","potentialAction":[{"@type":"CommentAction","name":"Comment","target":["https:\/\/www.jazzzeitung.de\/cms\/2019\/01\/die-jazz-radiowoche-vom-21-01-19-bis-27-01-2019\/#respond"]}]},{"@type":"WebPage","@id":"https:\/\/www.jazzzeitung.de\/cms\/2019\/01\/die-jazz-radiowoche-vom-21-01-19-bis-27-01-2019\/","url":"https:\/\/www.jazzzeitung.de\/cms\/2019\/01\/die-jazz-radiowoche-vom-21-01-19-bis-27-01-2019\/","name":"Die Jazz-Radiowoche vom 21.01.19 bis 27.01.2019 - JazzZeitung","isPartOf":{"@id":"https:\/\/www.jazzzeitung.de\/cms\/#website"},"primaryImageOfPage":{"@id":"https:\/\/www.jazzzeitung.de\/cms\/2019\/01\/die-jazz-radiowoche-vom-21-01-19-bis-27-01-2019\/#primaryimage"},"image":{"@id":"https:\/\/www.jazzzeitung.de\/cms\/2019\/01\/die-jazz-radiowoche-vom-21-01-19-bis-27-01-2019\/#primaryimage"},"thumbnailUrl":"https:\/\/i0.wp.com\/www.jazzzeitung.de\/cms\/wp-content\/uploads\/2017\/10\/radio-jazz.jpg?fit=2048%2C1536&ssl=1","datePublished":"2019-01-20T11:00:39+00:00","breadcrumb":{"@id":"https:\/\/www.jazzzeitung.de\/cms\/2019\/01\/die-jazz-radiowoche-vom-21-01-19-bis-27-01-2019\/#breadcrumb"},"inLanguage":"de","potentialAction":[{"@type":"ReadAction","target":["https:\/\/www.jazzzeitung.de\/cms\/2019\/01\/die-jazz-radiowoche-vom-21-01-19-bis-27-01-2019\/"]}]},{"@type":"ImageObject","inLanguage":"de","@id":"https:\/\/www.jazzzeitung.de\/cms\/2019\/01\/die-jazz-radiowoche-vom-21-01-19-bis-27-01-2019\/#primaryimage","url":"https:\/\/i0.wp.com\/www.jazzzeitung.de\/cms\/wp-content\/uploads\/2017\/10\/radio-jazz.jpg?fit=2048%2C1536&ssl=1","contentUrl":"https:\/\/i0.wp.com\/www.jazzzeitung.de\/cms\/wp-content\/uploads\/2017\/10\/radio-jazz.jpg?fit=2048%2C1536&ssl=1","width":2048,"height":1536,"caption":"radio-jazz. Montage: Hufner"},{"@type":"BreadcrumbList","@id":"https:\/\/www.jazzzeitung.de\/cms\/2019\/01\/die-jazz-radiowoche-vom-21-01-19-bis-27-01-2019\/#breadcrumb","itemListElement":[{"@type":"ListItem","position":1,"name":"Startseite","item":"https:\/\/www.jazzzeitung.de\/cms\/"},{"@type":"ListItem","position":2,"name":"Die Jazz-Radiowoche vom 21.01.19 bis 27.01.2019"}]},{"@type":"WebSite","@id":"https:\/\/www.jazzzeitung.de\/cms\/#website","url":"https:\/\/www.jazzzeitung.de\/cms\/","name":"JazzZeitung","description":"Jazz-News und Jazz-Kontroverses","publisher":{"@id":"https:\/\/www.jazzzeitung.de\/cms\/#organization"},"potentialAction":[{"@type":"SearchAction","target":{"@type":"EntryPoint","urlTemplate":"https:\/\/www.jazzzeitung.de\/cms\/?s={search_term_string}"},"query-input":{"@type":"PropertyValueSpecification","valueRequired":true,"valueName":"search_term_string"}}],"inLanguage":"de"},{"@type":"Organization","@id":"https:\/\/www.jazzzeitung.de\/cms\/#organization","name":"JazzZeitung online","url":"https:\/\/www.jazzzeitung.de\/cms\/","logo":{"@type":"ImageObject","inLanguage":"de","@id":"https:\/\/www.jazzzeitung.de\/cms\/#\/schema\/logo\/image\/","url":"https:\/\/i0.wp.com\/www.jazzzeitung.de\/cms\/wp-content\/uploads\/2015\/08\/JAZZZEITUNGDE_Logo_Neu.png?fit=499%2C200&ssl=1","contentUrl":"https:\/\/i0.wp.com\/www.jazzzeitung.de\/cms\/wp-content\/uploads\/2015\/08\/JAZZZEITUNGDE_Logo_Neu.png?fit=499%2C200&ssl=1","width":499,"height":200,"caption":"JazzZeitung online"},"image":{"@id":"https:\/\/www.jazzzeitung.de\/cms\/#\/schema\/logo\/image\/"},"sameAs":["https:\/\/www.facebook.com\/JazzZeitung\/"]},{"@type":"Person","@id":"https:\/\/www.jazzzeitung.de\/cms\/#\/schema\/person\/b9a4e5ac765d94fb8f617bfa8f1fc5f7","name":"Martin Hufner","image":{"@type":"ImageObject","inLanguage":"de","@id":"https:\/\/i0.wp.com\/www.jazzzeitung.de\/cms\/wp-content\/uploads\/2013\/07\/huf-06.jpg?resize=96%2C96&ssl=15fcc31aa94540751a3b804516452be00","url":"https:\/\/i0.wp.com\/www.jazzzeitung.de\/cms\/wp-content\/uploads\/2013\/07\/huf-06.jpg?resize=96%2C96&ssl=1","contentUrl":"https:\/\/i0.wp.com\/www.jazzzeitung.de\/cms\/wp-content\/uploads\/2013\/07\/huf-06.jpg?resize=96%2C96&ssl=1","caption":"Martin Hufner"},"description":"Martin Hufner ist freier Autor der JazzZeitung.","sameAs":["https:\/\/www.kritische-masse.de\/logbuch","https:\/\/www.facebook.com\/hufner"],"url":"https:\/\/www.jazzzeitung.de\/cms\/author\/admin\/"}]}},"wp-worthy-pixel":{"ignored":true,"public":null,"server":null,"url":null},"wp-worthy-type":"normal","jetpack_publicize_connections":[],"cc_featured_image_caption":{"caption_text":"Jazz im Radio","source_text":"Foto\/Montage: Martin Hufner","source_url":"https:\/\/www.musikkritik.org"},"jetpack_featured_media_url":"https:\/\/i0.wp.com\/www.jazzzeitung.de\/cms\/wp-content\/uploads\/2017\/10\/radio-jazz.jpg?fit=2048%2C1536&ssl=1","jetpack_shortlink":"https:\/\/wp.me\/p3KEcT-4M3","jetpack-related-posts":[{"id":22236,"url":"https:\/\/www.jazzzeitung.de\/cms\/2020\/03\/die-jazz-radiowoche-vom-30-03-20-bis-05-04-20\/","url_meta":{"origin":18355,"position":0},"title":"Die Jazz-Radiowoche vom 30.03.20 bis 05.04.20","author":"Martin Hufner","date":"29. M\u00e4rz 2020","format":false,"excerpt":"Ein kleiner Blick in die Jazzwoche 14 im Radio. Alle Angaben ohne Gew\u00e4hr. Jazz im Radio (Fernsehen) SR2 \u2013 JazzNow \u2013 Sonntags von 20.04 bis 22.30 Uhr BR-KLASSIK \u2013 Jazztime \u2013 Von Montag bis Freitag t\u00e4glich um 23.05 Uhr rbb-kultur \u2013 Late Night Jazz \u2013 Sa und So 23:04 \u2013\u2026","rel":"","context":"In &quot;News&quot;","block_context":{"text":"News","link":"https:\/\/www.jazzzeitung.de\/cms\/thema\/nachrichten\/"},"img":{"alt_text":"Jazz im Radio. Foto: Hufner","src":"https:\/\/i0.wp.com\/www.jazzzeitung.de\/cms\/wp-content\/uploads\/2019\/03\/jazz_im_radio.jpg?fit=1200%2C773&ssl=1&resize=350%2C200","width":350,"height":200,"srcset":"https:\/\/i0.wp.com\/www.jazzzeitung.de\/cms\/wp-content\/uploads\/2019\/03\/jazz_im_radio.jpg?fit=1200%2C773&ssl=1&resize=350%2C200 1x, https:\/\/i0.wp.com\/www.jazzzeitung.de\/cms\/wp-content\/uploads\/2019\/03\/jazz_im_radio.jpg?fit=1200%2C773&ssl=1&resize=525%2C300 1.5x, https:\/\/i0.wp.com\/www.jazzzeitung.de\/cms\/wp-content\/uploads\/2019\/03\/jazz_im_radio.jpg?fit=1200%2C773&ssl=1&resize=700%2C400 2x, https:\/\/i0.wp.com\/www.jazzzeitung.de\/cms\/wp-content\/uploads\/2019\/03\/jazz_im_radio.jpg?fit=1200%2C773&ssl=1&resize=1050%2C600 3x"},"classes":[]},{"id":23939,"url":"https:\/\/www.jazzzeitung.de\/cms\/2020\/12\/die-jazz-radiowoche-vom-7-12-20-bis-13-12-2020\/","url_meta":{"origin":18355,"position":1},"title":"Die Jazz-Radiowoche vom 7.12.20 bis 13.12.2020","author":"Martin Hufner","date":"6. Dezember 2020","format":false,"excerpt":"Ein kleiner Blick in die Jazzwoche 50 im Radio. Der ist dieses mal so klein, es steht da n\u00e4mlich gar nichts drin.Grund daf\u00fcr: Die Suchmaschine f\u00fcr Radiosendungen der ARD gibt am dem 7.12.2020 keine Ergebnisse heraus. Versuche der Kontaktaufnahme mit der ARD sind ohne Echo verhallt. Aktuell bleibt es bei\u2026","rel":"","context":"In &quot;News&quot;","block_context":{"text":"News","link":"https:\/\/www.jazzzeitung.de\/cms\/thema\/nachrichten\/"},"img":{"alt_text":"Jazz im Radio. Foto: Hufner","src":"https:\/\/i0.wp.com\/www.jazzzeitung.de\/cms\/wp-content\/uploads\/2019\/03\/jazz_im_radio.jpg?fit=1200%2C773&ssl=1&resize=350%2C200","width":350,"height":200,"srcset":"https:\/\/i0.wp.com\/www.jazzzeitung.de\/cms\/wp-content\/uploads\/2019\/03\/jazz_im_radio.jpg?fit=1200%2C773&ssl=1&resize=350%2C200 1x, https:\/\/i0.wp.com\/www.jazzzeitung.de\/cms\/wp-content\/uploads\/2019\/03\/jazz_im_radio.jpg?fit=1200%2C773&ssl=1&resize=525%2C300 1.5x, https:\/\/i0.wp.com\/www.jazzzeitung.de\/cms\/wp-content\/uploads\/2019\/03\/jazz_im_radio.jpg?fit=1200%2C773&ssl=1&resize=700%2C400 2x, https:\/\/i0.wp.com\/www.jazzzeitung.de\/cms\/wp-content\/uploads\/2019\/03\/jazz_im_radio.jpg?fit=1200%2C773&ssl=1&resize=1050%2C600 3x"},"classes":[]},{"id":23982,"url":"https:\/\/www.jazzzeitung.de\/cms\/2020\/12\/die-jazz-radiowoche-vom-14-12-20-bis-31-12-2020\/","url_meta":{"origin":18355,"position":2},"title":"Die Jazz-Radiowoche vom 14.12.20 bis 31.12.2020","author":"Martin Hufner","date":"13. Dezember 2020","format":false,"excerpt":"Ein kleiner Blick in Restmonat. Die Suchmaschine der ARD hat ihren Dienst am 7.12.2020 eingestellt. Nachfragen haben nur gezeigt, dass die Veranwortlichen kein Interesse daran haben, das zu kommunizieren. Weder ist herauszubekommen, wer das veranlasst hat noch warum. Danke ARD! F\u00fcr nichts. Jetzt schauen wir mal, wie es weiter geht.\u2026","rel":"","context":"In &quot;News&quot;","block_context":{"text":"News","link":"https:\/\/www.jazzzeitung.de\/cms\/thema\/nachrichten\/"},"img":{"alt_text":"Jazz im Radio. Foto: Hufner","src":"https:\/\/i0.wp.com\/www.jazzzeitung.de\/cms\/wp-content\/uploads\/2019\/03\/jazz_im_radio.jpg?fit=1200%2C773&ssl=1&resize=350%2C200","width":350,"height":200,"srcset":"https:\/\/i0.wp.com\/www.jazzzeitung.de\/cms\/wp-content\/uploads\/2019\/03\/jazz_im_radio.jpg?fit=1200%2C773&ssl=1&resize=350%2C200 1x, https:\/\/i0.wp.com\/www.jazzzeitung.de\/cms\/wp-content\/uploads\/2019\/03\/jazz_im_radio.jpg?fit=1200%2C773&ssl=1&resize=525%2C300 1.5x, https:\/\/i0.wp.com\/www.jazzzeitung.de\/cms\/wp-content\/uploads\/2019\/03\/jazz_im_radio.jpg?fit=1200%2C773&ssl=1&resize=700%2C400 2x, https:\/\/i0.wp.com\/www.jazzzeitung.de\/cms\/wp-content\/uploads\/2019\/03\/jazz_im_radio.jpg?fit=1200%2C773&ssl=1&resize=1050%2C600 3x"},"classes":[]},{"id":10184,"url":"https:\/\/www.jazzzeitung.de\/cms\/2016\/09\/newsjazz-im-turmjazzfest-berlinbirdland-jazz-club-neuburg\/","url_meta":{"origin":18355,"position":3},"title":"+++ News +++ Jazz im Turm +++ Jazzfest Berlin +++ Birdland Jazz Club Neuburg","author":"Redaktion JazzZeitung","date":"30. September 2016","format":false,"excerpt":"Jazz im Turm Die September-Jam-Session bei Jazz im Turm nahe Glonn, wird am 29.9.16 um 20 Uhr\u00a0 von der S\u00e4ngerin Jasmin Bayer mit ihrer Formation er\u00f6ffnet. Auf dem Programm stehen Lieder ihrer j\u00fcngst erschienenen CD \u201eSummer Melodies\u201c, die sie mit Peter Tuscher (tpt), David Roberts (p), Markus Wagner (b) und\u2026","rel":"","context":"In &quot;News&quot;","block_context":{"text":"News","link":"https:\/\/www.jazzzeitung.de\/cms\/thema\/nachrichten\/"},"img":{"alt_text":"cache_2461745399","src":"https:\/\/i0.wp.com\/www.jazzzeitung.de\/cms\/wp-content\/uploads\/2016\/09\/cache_2461745399-150x150.png?resize=350%2C200","width":350,"height":200},"classes":[]},{"id":22441,"url":"https:\/\/www.jazzzeitung.de\/cms\/2020\/05\/die-jazz-radiowoche-vom-04-05-20-bis-10-05-20\/","url_meta":{"origin":18355,"position":4},"title":"Die Jazz-Radiowoche vom 04.05.20 bis 10.05.20","author":"Martin Hufner","date":"3. Mai 2020","format":false,"excerpt":"Ein kleiner Blick in die Jazzwoche 19 im Radio. Alle Angaben ohne Gew\u00e4hr. Jazz Special \u2013 Fire Music \u2013 Die unheilige Allianz von Jazz und Krieg | The Space Between \u2013 Mikrotonalit\u00e4t im Jazz","rel":"","context":"In &quot;News&quot;","block_context":{"text":"News","link":"https:\/\/www.jazzzeitung.de\/cms\/thema\/nachrichten\/"},"img":{"alt_text":"Jazz im Radio. Foto: Hufner","src":"https:\/\/i0.wp.com\/www.jazzzeitung.de\/cms\/wp-content\/uploads\/2019\/03\/jazz_im_radio.jpg?fit=1200%2C773&ssl=1&resize=350%2C200","width":350,"height":200,"srcset":"https:\/\/i0.wp.com\/www.jazzzeitung.de\/cms\/wp-content\/uploads\/2019\/03\/jazz_im_radio.jpg?fit=1200%2C773&ssl=1&resize=350%2C200 1x, https:\/\/i0.wp.com\/www.jazzzeitung.de\/cms\/wp-content\/uploads\/2019\/03\/jazz_im_radio.jpg?fit=1200%2C773&ssl=1&resize=525%2C300 1.5x, https:\/\/i0.wp.com\/www.jazzzeitung.de\/cms\/wp-content\/uploads\/2019\/03\/jazz_im_radio.jpg?fit=1200%2C773&ssl=1&resize=700%2C400 2x, https:\/\/i0.wp.com\/www.jazzzeitung.de\/cms\/wp-content\/uploads\/2019\/03\/jazz_im_radio.jpg?fit=1200%2C773&ssl=1&resize=1050%2C600 3x"},"classes":[]},{"id":21609,"url":"https:\/\/www.jazzzeitung.de\/cms\/2020\/01\/die-jazz-radiowoche-vom-06-01-20-bis-12-01-20-notausgabe\/","url_meta":{"origin":18355,"position":5},"title":"Die Jazz-Radiowoche vom 06.01.20 bis 12.01.20 (Notausgabe)","author":"Martin Hufner","date":"5. Januar 2020","format":false,"excerpt":"Ein kleiner Blick in die Jazzwoche 02 im Radio. Notausgabe! Die \u00dcbersicht zum Download als PDF. Alle Angaben ohne Gew\u00e4hr. Jazz im Radio (Fernsehen) SR2 \u2013 JazzNow \u2013 Sonntags von 20.04 bis 22.30 Uhr BR-KLASSIK \u2013 Jazztime \u2013 Von Montag bis Freitag t\u00e4glich um 23.05 Uhr rbb-kultur \u2013 Late Night\u2026","rel":"","context":"In &quot;News&quot;","block_context":{"text":"News","link":"https:\/\/www.jazzzeitung.de\/cms\/thema\/nachrichten\/"},"img":{"alt_text":"Jazz im Radio. Foto: Hufner","src":"https:\/\/i0.wp.com\/www.jazzzeitung.de\/cms\/wp-content\/uploads\/2019\/03\/jazz_im_radio.jpg?fit=1200%2C773&ssl=1&resize=350%2C200","width":350,"height":200,"srcset":"https:\/\/i0.wp.com\/www.jazzzeitung.de\/cms\/wp-content\/uploads\/2019\/03\/jazz_im_radio.jpg?fit=1200%2C773&ssl=1&resize=350%2C200 1x, https:\/\/i0.wp.com\/www.jazzzeitung.de\/cms\/wp-content\/uploads\/2019\/03\/jazz_im_radio.jpg?fit=1200%2C773&ssl=1&resize=525%2C300 1.5x, https:\/\/i0.wp.com\/www.jazzzeitung.de\/cms\/wp-content\/uploads\/2019\/03\/jazz_im_radio.jpg?fit=1200%2C773&ssl=1&resize=700%2C400 2x, https:\/\/i0.wp.com\/www.jazzzeitung.de\/cms\/wp-content\/uploads\/2019\/03\/jazz_im_radio.jpg?fit=1200%2C773&ssl=1&resize=1050%2C600 3x"},"classes":[]}],"jetpack_sharing_enabled":true,"_links":{"self":[{"href":"https:\/\/www.jazzzeitung.de\/cms\/wp-json\/wp\/v2\/posts\/18355","targetHints":{"allow":["GET"]}}],"collection":[{"href":"https:\/\/www.jazzzeitung.de\/cms\/wp-json\/wp\/v2\/posts"}],"about":[{"href":"https:\/\/www.jazzzeitung.de\/cms\/wp-json\/wp\/v2\/types\/post"}],"author":[{"embeddable":true,"href":"https:\/\/www.jazzzeitung.de\/cms\/wp-json\/wp\/v2\/users\/1"}],"replies":[{"embeddable":true,"href":"https:\/\/www.jazzzeitung.de\/cms\/wp-json\/wp\/v2\/comments?post=18355"}],"version-history":[{"count":1,"href":"https:\/\/www.jazzzeitung.de\/cms\/wp-json\/wp\/v2\/posts\/18355\/revisions"}],"predecessor-version":[{"id":18356,"href":"https:\/\/www.jazzzeitung.de\/cms\/wp-json\/wp\/v2\/posts\/18355\/revisions\/18356"}],"wp:featuredmedia":[{"embeddable":true,"href":"https:\/\/www.jazzzeitung.de\/cms\/wp-json\/wp\/v2\/media\/13660"}],"wp:attachment":[{"href":"https:\/\/www.jazzzeitung.de\/cms\/wp-json\/wp\/v2\/media?parent=18355"}],"wp:term":[{"taxonomy":"category","embeddable":true,"href":"https:\/\/www.jazzzeitung.de\/cms\/wp-json\/wp\/v2\/categories?post=18355"},{"taxonomy":"post_tag","embeddable":true,"href":"https:\/\/www.jazzzeitung.de\/cms\/wp-json\/wp\/v2\/tags?post=18355"},{"taxonomy":"author","embeddable":true,"href":"https:\/\/www.jazzzeitung.de\/cms\/wp-json\/wp\/v2\/coauthors?post=18355"}],"curies":[{"name":"wp","href":"https:\/\/api.w.org\/{rel}","templated":true}]}}