{"id":18348,"date":"2019-01-18T10:48:30","date_gmt":"2019-01-18T09:48:30","guid":{"rendered":"https:\/\/www.jazzzeitung.de\/cms\/?p=18348"},"modified":"2019-01-16T15:49:11","modified_gmt":"2019-01-16T14:49:11","slug":"news-eine-kammermusik-hommage-an-leonard-bernstein-im-studio-2-des-bayerischen-rundfunks","status":"publish","type":"post","link":"https:\/\/www.jazzzeitung.de\/cms\/2019\/01\/news-eine-kammermusik-hommage-an-leonard-bernstein-im-studio-2-des-bayerischen-rundfunks\/","title":{"rendered":"+++News: +++Eine Kammermusik-Hommage an Leonard Bernstein im Studio 2 des Bayerischen Rundfunks+++"},"content":{"rendered":"<h3><strong>\u201eA Bernstein Story\u201c<br \/>\n<\/strong><\/h3>\n<figure id=\"attachment_18349\" aria-describedby=\"caption-attachment-18349\" style=\"width: 110px\" class=\"wp-caption alignleft\"><a href=\"https:\/\/i0.wp.com\/www.jazzzeitung.de\/cms\/wp-content\/uploads\/2019\/01\/Studiokonzert___Manz_Studnitzky_iso_coated_v2.jpg?ssl=1\"><img data-recalc-dims=\"1\" loading=\"lazy\" decoding=\"async\" data-attachment-id=\"18349\" data-permalink=\"https:\/\/www.jazzzeitung.de\/cms\/2019\/01\/news-eine-kammermusik-hommage-an-leonard-bernstein-im-studio-2-des-bayerischen-rundfunks\/studiokonzert___manz_studnitzky_iso_coated_v2\/\" data-orig-file=\"https:\/\/i0.wp.com\/www.jazzzeitung.de\/cms\/wp-content\/uploads\/2019\/01\/Studiokonzert___Manz_Studnitzky_iso_coated_v2.jpg?fit=110%2C165&amp;ssl=1\" data-orig-size=\"110,165\" data-comments-opened=\"1\" data-image-meta=\"{&quot;aperture&quot;:&quot;0&quot;,&quot;credit&quot;:&quot;&quot;,&quot;camera&quot;:&quot;&quot;,&quot;caption&quot;:&quot;&quot;,&quot;created_timestamp&quot;:&quot;0&quot;,&quot;copyright&quot;:&quot;&quot;,&quot;focal_length&quot;:&quot;0&quot;,&quot;iso&quot;:&quot;0&quot;,&quot;shutter_speed&quot;:&quot;0&quot;,&quot;title&quot;:&quot;&quot;,&quot;orientation&quot;:&quot;0&quot;}\" data-image-title=\"Studiokonzert___Manz_Studnitzky_iso_coated_v2\" data-image-description=\"\" data-image-caption=\"&lt;p&gt;Sebastian Manz und Sebastian Studnitzky&lt;\/p&gt;\n\" data-large-file=\"https:\/\/i0.wp.com\/www.jazzzeitung.de\/cms\/wp-content\/uploads\/2019\/01\/Studiokonzert___Manz_Studnitzky_iso_coated_v2.jpg?fit=110%2C165&amp;ssl=1\" class=\"size-full wp-image-18349\" src=\"https:\/\/i0.wp.com\/www.jazzzeitung.de\/cms\/wp-content\/uploads\/2019\/01\/Studiokonzert___Manz_Studnitzky_iso_coated_v2.jpg?resize=110%2C165&#038;ssl=1\" alt=\"\" width=\"110\" height=\"165\" \/><\/a><figcaption id=\"caption-attachment-18349\" class=\"wp-caption-text\">Sebastian Manz und Sebastian Studnitzky<\/figcaption><\/figure>\n<p>Werke von Leonard Bernstein, Igor Strawinsky und Steve Reich sowie eigene Kompositionen und Improvisationen: \u201eA Bernstein Story\u201c nennen der Klarinettist Sebastian Manz und der Jazzpianist Sebastian Studnitzky ihr Programm, das sie am 22. Januar 2019 im Studio 2 des Bayerischen Rundfunks vorstellen. Das Konzert beginnt um 20.00 Uhr, BR-KLASSIK\/H\u00f6rfunk \u00fcbertr\u00e4gt es live.<\/p>\n<p>Mit dem Klarinettisten Sebastian Manz und dem Jazz-Pianisten Sebastian Studnitzky treffen zwei Musiker aus v\u00f6llig verschiedenen Welten zusammen. Mit ihrer Hommage an Leonard Bernstein brechen sie in eine gemeinsame Welt auf und katapultieren Bernsteins Musik ins 21. Jahrhundert: Voller Risiko- und Experimentierfreude, mit Improvisationen und Live-Elektronik, \u00fcbergreifend, unkonventionell und experimentell \u2013 wie einst Bernstein selbst seine Musik dachte.<\/p>\n<p>Werke von Igor Strawinsky und Steve Reich haben ebenso ihren Platz in diesem Programm. Diese Melange aus Originalkompositionen, einzigartigen Arrangements und eigenen Kompositionen l\u00e4sst erahnen, in welch ungeheurem k\u00fcnstlerischen Universum Bernstein zuhause war. <a href=\"http:\/\/www.br-klassik.de\/\" target=\"_blank\" rel=\"noopener noreferrer\">www.br-klassik.de<\/a><\/p>\n<p>&nbsp;<\/p>\n","protected":false},"excerpt":{"rendered":"<p>\u201eA Bernstein Story\u201c Werke von Leonard Bernstein, Igor Strawinsky und Steve Reich sowie eigene Kompositionen und Improvisationen: \u201eA Bernstein Story\u201c nennen der Klarinettist Sebastian Manz und der Jazzpianist Sebastian Studnitzky ihr Programm, das sie am 22. Januar 2019 im Studio 2 des Bayerischen Rundfunks vorstellen. Das Konzert beginnt um 20.00 Uhr, BR-KLASSIK\/H\u00f6rfunk \u00fcbertr\u00e4gt es live. Mit dem Klarinettisten Sebastian Manz und dem Jazz-Pianisten Sebastian Studnitzky treffen zwei Musiker aus v\u00f6llig verschiedenen Welten zusammen. Mit ihrer Hommage an Leonard Bernstein brechen sie in eine gemeinsame Welt auf und katapultieren Bernsteins Musik ins 21. Jahrhundert: Voller Risiko- und Experimentierfreude, mit Improvisationen und Live-Elektronik, \u00fcbergreifend, unkonventionell und experimentell \u2013 wie einst Bernstein selbst seine Musik dachte. Werke von Igor Strawinsky und Steve Reich haben ebenso ihren Platz in diesem Programm. Diese Melange aus Originalkompositionen, einzigartigen Arrangements und eigenen Kompositionen l\u00e4sst erahnen, in welch ungeheurem k\u00fcnstlerischen Universum Bernstein zuhause war. www.br-klassik.de &nbsp;<\/p>\n","protected":false},"author":18,"featured_media":0,"comment_status":"open","ping_status":"closed","sticky":false,"template":"","format":"standard","meta":{"_jetpack_memberships_contains_paid_content":false,"footnotes":"","jetpack_publicize_message":"","jetpack_publicize_feature_enabled":true,"jetpack_social_post_already_shared":false,"jetpack_social_options":{"image_generator_settings":{"template":"highway","default_image_id":0,"font":"","enabled":false},"version":2}},"categories":[633],"tags":[2019,94,1876,316,322,1672,401,1951,2080,1367,527],"coauthors":[695],"class_list":["post-18348","post","type-post","status-publish","format-standard","hentry","category-nachrichten","tag-2019","tag-br-klassik","tag-jazz","tag-klassik","tag-konzert-2","tag-live","tag-muenchen","tag-news","tag-pianisten","tag-steve-reich","tag-studnitzky"],"yoast_head":"<!-- This site is optimized with the Yoast SEO plugin v27.5 - https:\/\/yoast.com\/product\/yoast-seo-wordpress\/ -->\n<title>+++News: +++Eine Kammermusik-Hommage an Leonard Bernstein im Studio 2 des Bayerischen Rundfunks+++ - JazzZeitung<\/title>\n<meta name=\"robots\" content=\"index, follow, max-snippet:-1, max-image-preview:large, max-video-preview:-1\" \/>\n<link rel=\"canonical\" href=\"https:\/\/www.jazzzeitung.de\/cms\/2019\/01\/news-eine-kammermusik-hommage-an-leonard-bernstein-im-studio-2-des-bayerischen-rundfunks\/\" \/>\n<meta property=\"og:locale\" content=\"de_DE\" \/>\n<meta property=\"og:type\" content=\"article\" \/>\n<meta property=\"og:title\" content=\"+++News: +++Eine Kammermusik-Hommage an Leonard Bernstein im Studio 2 des Bayerischen Rundfunks+++ - JazzZeitung\" \/>\n<meta property=\"og:description\" content=\"\u201eA Bernstein Story\u201c Werke von Leonard Bernstein, Igor Strawinsky und Steve Reich sowie eigene Kompositionen und Improvisationen: \u201eA Bernstein Story\u201c nennen der Klarinettist Sebastian Manz und der Jazzpianist Sebastian Studnitzky ihr Programm, das sie am 22. Januar 2019 im Studio 2 des Bayerischen Rundfunks vorstellen. Das Konzert beginnt um 20.00 Uhr, BR-KLASSIK\/H\u00f6rfunk \u00fcbertr\u00e4gt es live. Mit dem Klarinettisten Sebastian Manz und dem Jazz-Pianisten Sebastian Studnitzky treffen zwei Musiker aus v\u00f6llig verschiedenen Welten zusammen. Mit ihrer Hommage an Leonard Bernstein brechen sie in eine gemeinsame Welt auf und katapultieren Bernsteins Musik ins 21. Jahrhundert: Voller Risiko- und Experimentierfreude, mit Improvisationen und Live-Elektronik, \u00fcbergreifend, unkonventionell und experimentell \u2013 wie einst Bernstein selbst seine Musik dachte. Werke von Igor Strawinsky und Steve Reich haben ebenso ihren Platz in diesem Programm. Diese Melange aus Originalkompositionen, einzigartigen Arrangements und eigenen Kompositionen l\u00e4sst erahnen, in welch ungeheurem k\u00fcnstlerischen Universum Bernstein zuhause war. www.br-klassik.de &nbsp;\" \/>\n<meta property=\"og:url\" content=\"https:\/\/www.jazzzeitung.de\/cms\/2019\/01\/news-eine-kammermusik-hommage-an-leonard-bernstein-im-studio-2-des-bayerischen-rundfunks\/\" \/>\n<meta property=\"og:site_name\" content=\"JazzZeitung\" \/>\n<meta property=\"article:publisher\" content=\"https:\/\/www.facebook.com\/JazzZeitung\/\" \/>\n<meta property=\"article:published_time\" content=\"2019-01-18T09:48:30+00:00\" \/>\n<meta property=\"og:image\" content=\"https:\/\/www.jazzzeitung.de\/cms\/wp-content\/uploads\/2019\/01\/Studiokonzert___Manz_Studnitzky_iso_coated_v2.jpg\" \/>\n<meta name=\"author\" content=\"Redaktion JazzZeitung\" \/>\n<script type=\"application\/ld+json\" class=\"yoast-schema-graph\">{\"@context\":\"https:\\\/\\\/schema.org\",\"@graph\":[{\"@type\":\"Article\",\"@id\":\"https:\\\/\\\/www.jazzzeitung.de\\\/cms\\\/2019\\\/01\\\/news-eine-kammermusik-hommage-an-leonard-bernstein-im-studio-2-des-bayerischen-rundfunks\\\/#article\",\"isPartOf\":{\"@id\":\"https:\\\/\\\/www.jazzzeitung.de\\\/cms\\\/2019\\\/01\\\/news-eine-kammermusik-hommage-an-leonard-bernstein-im-studio-2-des-bayerischen-rundfunks\\\/\"},\"author\":{\"name\":\"Redaktion JazzZeitung\",\"@id\":\"https:\\\/\\\/www.jazzzeitung.de\\\/cms\\\/#\\\/schema\\\/person\\\/2245b36b9cd1d24cea10f01c031fb92b\"},\"headline\":\"+++News: +++Eine Kammermusik-Hommage an Leonard Bernstein im Studio 2 des Bayerischen Rundfunks+++\",\"datePublished\":\"2019-01-18T09:48:30+00:00\",\"mainEntityOfPage\":{\"@id\":\"https:\\\/\\\/www.jazzzeitung.de\\\/cms\\\/2019\\\/01\\\/news-eine-kammermusik-hommage-an-leonard-bernstein-im-studio-2-des-bayerischen-rundfunks\\\/\"},\"wordCount\":173,\"commentCount\":0,\"publisher\":{\"@id\":\"https:\\\/\\\/www.jazzzeitung.de\\\/cms\\\/#organization\"},\"image\":{\"@id\":\"https:\\\/\\\/www.jazzzeitung.de\\\/cms\\\/2019\\\/01\\\/news-eine-kammermusik-hommage-an-leonard-bernstein-im-studio-2-des-bayerischen-rundfunks\\\/#primaryimage\"},\"thumbnailUrl\":\"https:\\\/\\\/www.jazzzeitung.de\\\/cms\\\/wp-content\\\/uploads\\\/2019\\\/01\\\/Studiokonzert___Manz_Studnitzky_iso_coated_v2.jpg\",\"keywords\":[\"2019\",\"Br-Klassik\",\"Jazz\",\"Klassik\",\"Konzert\",\"Live\",\"M\u00fcnchen\",\"News\",\"Pianisten\",\"Steve Reich\",\"Studnitzky\"],\"articleSection\":[\"News\"],\"inLanguage\":\"de\",\"potentialAction\":[{\"@type\":\"CommentAction\",\"name\":\"Comment\",\"target\":[\"https:\\\/\\\/www.jazzzeitung.de\\\/cms\\\/2019\\\/01\\\/news-eine-kammermusik-hommage-an-leonard-bernstein-im-studio-2-des-bayerischen-rundfunks\\\/#respond\"]}]},{\"@type\":\"WebPage\",\"@id\":\"https:\\\/\\\/www.jazzzeitung.de\\\/cms\\\/2019\\\/01\\\/news-eine-kammermusik-hommage-an-leonard-bernstein-im-studio-2-des-bayerischen-rundfunks\\\/\",\"url\":\"https:\\\/\\\/www.jazzzeitung.de\\\/cms\\\/2019\\\/01\\\/news-eine-kammermusik-hommage-an-leonard-bernstein-im-studio-2-des-bayerischen-rundfunks\\\/\",\"name\":\"+++News: +++Eine Kammermusik-Hommage an Leonard Bernstein im Studio 2 des Bayerischen Rundfunks+++ - JazzZeitung\",\"isPartOf\":{\"@id\":\"https:\\\/\\\/www.jazzzeitung.de\\\/cms\\\/#website\"},\"primaryImageOfPage\":{\"@id\":\"https:\\\/\\\/www.jazzzeitung.de\\\/cms\\\/2019\\\/01\\\/news-eine-kammermusik-hommage-an-leonard-bernstein-im-studio-2-des-bayerischen-rundfunks\\\/#primaryimage\"},\"image\":{\"@id\":\"https:\\\/\\\/www.jazzzeitung.de\\\/cms\\\/2019\\\/01\\\/news-eine-kammermusik-hommage-an-leonard-bernstein-im-studio-2-des-bayerischen-rundfunks\\\/#primaryimage\"},\"thumbnailUrl\":\"https:\\\/\\\/www.jazzzeitung.de\\\/cms\\\/wp-content\\\/uploads\\\/2019\\\/01\\\/Studiokonzert___Manz_Studnitzky_iso_coated_v2.jpg\",\"datePublished\":\"2019-01-18T09:48:30+00:00\",\"breadcrumb\":{\"@id\":\"https:\\\/\\\/www.jazzzeitung.de\\\/cms\\\/2019\\\/01\\\/news-eine-kammermusik-hommage-an-leonard-bernstein-im-studio-2-des-bayerischen-rundfunks\\\/#breadcrumb\"},\"inLanguage\":\"de\",\"potentialAction\":[{\"@type\":\"ReadAction\",\"target\":[\"https:\\\/\\\/www.jazzzeitung.de\\\/cms\\\/2019\\\/01\\\/news-eine-kammermusik-hommage-an-leonard-bernstein-im-studio-2-des-bayerischen-rundfunks\\\/\"]}]},{\"@type\":\"ImageObject\",\"inLanguage\":\"de\",\"@id\":\"https:\\\/\\\/www.jazzzeitung.de\\\/cms\\\/2019\\\/01\\\/news-eine-kammermusik-hommage-an-leonard-bernstein-im-studio-2-des-bayerischen-rundfunks\\\/#primaryimage\",\"url\":\"https:\\\/\\\/i0.wp.com\\\/www.jazzzeitung.de\\\/cms\\\/wp-content\\\/uploads\\\/2019\\\/01\\\/Studiokonzert___Manz_Studnitzky_iso_coated_v2.jpg?fit=110%2C165&ssl=1\",\"contentUrl\":\"https:\\\/\\\/i0.wp.com\\\/www.jazzzeitung.de\\\/cms\\\/wp-content\\\/uploads\\\/2019\\\/01\\\/Studiokonzert___Manz_Studnitzky_iso_coated_v2.jpg?fit=110%2C165&ssl=1\",\"width\":110,\"height\":165,\"caption\":\"Sebastian Manz und Sebastian Studnitzky\"},{\"@type\":\"BreadcrumbList\",\"@id\":\"https:\\\/\\\/www.jazzzeitung.de\\\/cms\\\/2019\\\/01\\\/news-eine-kammermusik-hommage-an-leonard-bernstein-im-studio-2-des-bayerischen-rundfunks\\\/#breadcrumb\",\"itemListElement\":[{\"@type\":\"ListItem\",\"position\":1,\"name\":\"Startseite\",\"item\":\"https:\\\/\\\/www.jazzzeitung.de\\\/cms\\\/\"},{\"@type\":\"ListItem\",\"position\":2,\"name\":\"+++News: +++Eine Kammermusik-Hommage an Leonard Bernstein im Studio 2 des Bayerischen Rundfunks+++\"}]},{\"@type\":\"WebSite\",\"@id\":\"https:\\\/\\\/www.jazzzeitung.de\\\/cms\\\/#website\",\"url\":\"https:\\\/\\\/www.jazzzeitung.de\\\/cms\\\/\",\"name\":\"JazzZeitung\",\"description\":\"Jazz-News und Jazz-Kontroverses\",\"publisher\":{\"@id\":\"https:\\\/\\\/www.jazzzeitung.de\\\/cms\\\/#organization\"},\"potentialAction\":[{\"@type\":\"SearchAction\",\"target\":{\"@type\":\"EntryPoint\",\"urlTemplate\":\"https:\\\/\\\/www.jazzzeitung.de\\\/cms\\\/?s={search_term_string}\"},\"query-input\":{\"@type\":\"PropertyValueSpecification\",\"valueRequired\":true,\"valueName\":\"search_term_string\"}}],\"inLanguage\":\"de\"},{\"@type\":\"Organization\",\"@id\":\"https:\\\/\\\/www.jazzzeitung.de\\\/cms\\\/#organization\",\"name\":\"JazzZeitung online\",\"url\":\"https:\\\/\\\/www.jazzzeitung.de\\\/cms\\\/\",\"logo\":{\"@type\":\"ImageObject\",\"inLanguage\":\"de\",\"@id\":\"https:\\\/\\\/www.jazzzeitung.de\\\/cms\\\/#\\\/schema\\\/logo\\\/image\\\/\",\"url\":\"https:\\\/\\\/i0.wp.com\\\/www.jazzzeitung.de\\\/cms\\\/wp-content\\\/uploads\\\/2015\\\/08\\\/JAZZZEITUNGDE_Logo_Neu.png?fit=499%2C200&ssl=1\",\"contentUrl\":\"https:\\\/\\\/i0.wp.com\\\/www.jazzzeitung.de\\\/cms\\\/wp-content\\\/uploads\\\/2015\\\/08\\\/JAZZZEITUNGDE_Logo_Neu.png?fit=499%2C200&ssl=1\",\"width\":499,\"height\":200,\"caption\":\"JazzZeitung online\"},\"image\":{\"@id\":\"https:\\\/\\\/www.jazzzeitung.de\\\/cms\\\/#\\\/schema\\\/logo\\\/image\\\/\"},\"sameAs\":[\"https:\\\/\\\/www.facebook.com\\\/JazzZeitung\\\/\"]},{\"@type\":\"Person\",\"@id\":\"https:\\\/\\\/www.jazzzeitung.de\\\/cms\\\/#\\\/schema\\\/person\\\/2245b36b9cd1d24cea10f01c031fb92b\",\"name\":\"Redaktion JazzZeitung\",\"image\":{\"@type\":\"ImageObject\",\"inLanguage\":\"de\",\"@id\":\"https:\\\/\\\/i0.wp.com\\\/www.jazzzeitung.de\\\/cms\\\/wp-content\\\/uploads\\\/2015\\\/08\\\/JAZZZEITUNGDE_Logo_Neu.png?resize=96%2C96&ssl=159975dcacb611b5700bd619b5daf0a7a\",\"url\":\"https:\\\/\\\/i0.wp.com\\\/www.jazzzeitung.de\\\/cms\\\/wp-content\\\/uploads\\\/2015\\\/08\\\/JAZZZEITUNGDE_Logo_Neu.png?resize=96%2C96&ssl=1\",\"contentUrl\":\"https:\\\/\\\/i0.wp.com\\\/www.jazzzeitung.de\\\/cms\\\/wp-content\\\/uploads\\\/2015\\\/08\\\/JAZZZEITUNGDE_Logo_Neu.png?resize=96%2C96&ssl=1\",\"caption\":\"Redaktion JazzZeitung\"},\"description\":\"Artikel der Redaktion der JazzZeitung.\",\"sameAs\":[\"http:\\\/\\\/www.jazzzeitung.de\\\/cms\\\/\"],\"url\":\"https:\\\/\\\/www.jazzzeitung.de\\\/cms\\\/author\\\/redaktion\\\/\"}]}<\/script>\n<!-- \/ Yoast SEO plugin. -->","yoast_head_json":{"title":"+++News: +++Eine Kammermusik-Hommage an Leonard Bernstein im Studio 2 des Bayerischen Rundfunks+++ - JazzZeitung","robots":{"index":"index","follow":"follow","max-snippet":"max-snippet:-1","max-image-preview":"max-image-preview:large","max-video-preview":"max-video-preview:-1"},"canonical":"https:\/\/www.jazzzeitung.de\/cms\/2019\/01\/news-eine-kammermusik-hommage-an-leonard-bernstein-im-studio-2-des-bayerischen-rundfunks\/","og_locale":"de_DE","og_type":"article","og_title":"+++News: +++Eine Kammermusik-Hommage an Leonard Bernstein im Studio 2 des Bayerischen Rundfunks+++ - JazzZeitung","og_description":"\u201eA Bernstein Story\u201c Werke von Leonard Bernstein, Igor Strawinsky und Steve Reich sowie eigene Kompositionen und Improvisationen: \u201eA Bernstein Story\u201c nennen der Klarinettist Sebastian Manz und der Jazzpianist Sebastian Studnitzky ihr Programm, das sie am 22. Januar 2019 im Studio 2 des Bayerischen Rundfunks vorstellen. Das Konzert beginnt um 20.00 Uhr, BR-KLASSIK\/H\u00f6rfunk \u00fcbertr\u00e4gt es live. Mit dem Klarinettisten Sebastian Manz und dem Jazz-Pianisten Sebastian Studnitzky treffen zwei Musiker aus v\u00f6llig verschiedenen Welten zusammen. Mit ihrer Hommage an Leonard Bernstein brechen sie in eine gemeinsame Welt auf und katapultieren Bernsteins Musik ins 21. Jahrhundert: Voller Risiko- und Experimentierfreude, mit Improvisationen und Live-Elektronik, \u00fcbergreifend, unkonventionell und experimentell \u2013 wie einst Bernstein selbst seine Musik dachte. Werke von Igor Strawinsky und Steve Reich haben ebenso ihren Platz in diesem Programm. Diese Melange aus Originalkompositionen, einzigartigen Arrangements und eigenen Kompositionen l\u00e4sst erahnen, in welch ungeheurem k\u00fcnstlerischen Universum Bernstein zuhause war. www.br-klassik.de &nbsp;","og_url":"https:\/\/www.jazzzeitung.de\/cms\/2019\/01\/news-eine-kammermusik-hommage-an-leonard-bernstein-im-studio-2-des-bayerischen-rundfunks\/","og_site_name":"JazzZeitung","article_publisher":"https:\/\/www.facebook.com\/JazzZeitung\/","article_published_time":"2019-01-18T09:48:30+00:00","og_image":[{"url":"https:\/\/www.jazzzeitung.de\/cms\/wp-content\/uploads\/2019\/01\/Studiokonzert___Manz_Studnitzky_iso_coated_v2.jpg","type":"","width":"","height":""}],"author":"Redaktion JazzZeitung","schema":{"@context":"https:\/\/schema.org","@graph":[{"@type":"Article","@id":"https:\/\/www.jazzzeitung.de\/cms\/2019\/01\/news-eine-kammermusik-hommage-an-leonard-bernstein-im-studio-2-des-bayerischen-rundfunks\/#article","isPartOf":{"@id":"https:\/\/www.jazzzeitung.de\/cms\/2019\/01\/news-eine-kammermusik-hommage-an-leonard-bernstein-im-studio-2-des-bayerischen-rundfunks\/"},"author":{"name":"Redaktion JazzZeitung","@id":"https:\/\/www.jazzzeitung.de\/cms\/#\/schema\/person\/2245b36b9cd1d24cea10f01c031fb92b"},"headline":"+++News: +++Eine Kammermusik-Hommage an Leonard Bernstein im Studio 2 des Bayerischen Rundfunks+++","datePublished":"2019-01-18T09:48:30+00:00","mainEntityOfPage":{"@id":"https:\/\/www.jazzzeitung.de\/cms\/2019\/01\/news-eine-kammermusik-hommage-an-leonard-bernstein-im-studio-2-des-bayerischen-rundfunks\/"},"wordCount":173,"commentCount":0,"publisher":{"@id":"https:\/\/www.jazzzeitung.de\/cms\/#organization"},"image":{"@id":"https:\/\/www.jazzzeitung.de\/cms\/2019\/01\/news-eine-kammermusik-hommage-an-leonard-bernstein-im-studio-2-des-bayerischen-rundfunks\/#primaryimage"},"thumbnailUrl":"https:\/\/www.jazzzeitung.de\/cms\/wp-content\/uploads\/2019\/01\/Studiokonzert___Manz_Studnitzky_iso_coated_v2.jpg","keywords":["2019","Br-Klassik","Jazz","Klassik","Konzert","Live","M\u00fcnchen","News","Pianisten","Steve Reich","Studnitzky"],"articleSection":["News"],"inLanguage":"de","potentialAction":[{"@type":"CommentAction","name":"Comment","target":["https:\/\/www.jazzzeitung.de\/cms\/2019\/01\/news-eine-kammermusik-hommage-an-leonard-bernstein-im-studio-2-des-bayerischen-rundfunks\/#respond"]}]},{"@type":"WebPage","@id":"https:\/\/www.jazzzeitung.de\/cms\/2019\/01\/news-eine-kammermusik-hommage-an-leonard-bernstein-im-studio-2-des-bayerischen-rundfunks\/","url":"https:\/\/www.jazzzeitung.de\/cms\/2019\/01\/news-eine-kammermusik-hommage-an-leonard-bernstein-im-studio-2-des-bayerischen-rundfunks\/","name":"+++News: +++Eine Kammermusik-Hommage an Leonard Bernstein im Studio 2 des Bayerischen Rundfunks+++ - JazzZeitung","isPartOf":{"@id":"https:\/\/www.jazzzeitung.de\/cms\/#website"},"primaryImageOfPage":{"@id":"https:\/\/www.jazzzeitung.de\/cms\/2019\/01\/news-eine-kammermusik-hommage-an-leonard-bernstein-im-studio-2-des-bayerischen-rundfunks\/#primaryimage"},"image":{"@id":"https:\/\/www.jazzzeitung.de\/cms\/2019\/01\/news-eine-kammermusik-hommage-an-leonard-bernstein-im-studio-2-des-bayerischen-rundfunks\/#primaryimage"},"thumbnailUrl":"https:\/\/www.jazzzeitung.de\/cms\/wp-content\/uploads\/2019\/01\/Studiokonzert___Manz_Studnitzky_iso_coated_v2.jpg","datePublished":"2019-01-18T09:48:30+00:00","breadcrumb":{"@id":"https:\/\/www.jazzzeitung.de\/cms\/2019\/01\/news-eine-kammermusik-hommage-an-leonard-bernstein-im-studio-2-des-bayerischen-rundfunks\/#breadcrumb"},"inLanguage":"de","potentialAction":[{"@type":"ReadAction","target":["https:\/\/www.jazzzeitung.de\/cms\/2019\/01\/news-eine-kammermusik-hommage-an-leonard-bernstein-im-studio-2-des-bayerischen-rundfunks\/"]}]},{"@type":"ImageObject","inLanguage":"de","@id":"https:\/\/www.jazzzeitung.de\/cms\/2019\/01\/news-eine-kammermusik-hommage-an-leonard-bernstein-im-studio-2-des-bayerischen-rundfunks\/#primaryimage","url":"https:\/\/i0.wp.com\/www.jazzzeitung.de\/cms\/wp-content\/uploads\/2019\/01\/Studiokonzert___Manz_Studnitzky_iso_coated_v2.jpg?fit=110%2C165&ssl=1","contentUrl":"https:\/\/i0.wp.com\/www.jazzzeitung.de\/cms\/wp-content\/uploads\/2019\/01\/Studiokonzert___Manz_Studnitzky_iso_coated_v2.jpg?fit=110%2C165&ssl=1","width":110,"height":165,"caption":"Sebastian Manz und Sebastian Studnitzky"},{"@type":"BreadcrumbList","@id":"https:\/\/www.jazzzeitung.de\/cms\/2019\/01\/news-eine-kammermusik-hommage-an-leonard-bernstein-im-studio-2-des-bayerischen-rundfunks\/#breadcrumb","itemListElement":[{"@type":"ListItem","position":1,"name":"Startseite","item":"https:\/\/www.jazzzeitung.de\/cms\/"},{"@type":"ListItem","position":2,"name":"+++News: +++Eine Kammermusik-Hommage an Leonard Bernstein im Studio 2 des Bayerischen Rundfunks+++"}]},{"@type":"WebSite","@id":"https:\/\/www.jazzzeitung.de\/cms\/#website","url":"https:\/\/www.jazzzeitung.de\/cms\/","name":"JazzZeitung","description":"Jazz-News und Jazz-Kontroverses","publisher":{"@id":"https:\/\/www.jazzzeitung.de\/cms\/#organization"},"potentialAction":[{"@type":"SearchAction","target":{"@type":"EntryPoint","urlTemplate":"https:\/\/www.jazzzeitung.de\/cms\/?s={search_term_string}"},"query-input":{"@type":"PropertyValueSpecification","valueRequired":true,"valueName":"search_term_string"}}],"inLanguage":"de"},{"@type":"Organization","@id":"https:\/\/www.jazzzeitung.de\/cms\/#organization","name":"JazzZeitung online","url":"https:\/\/www.jazzzeitung.de\/cms\/","logo":{"@type":"ImageObject","inLanguage":"de","@id":"https:\/\/www.jazzzeitung.de\/cms\/#\/schema\/logo\/image\/","url":"https:\/\/i0.wp.com\/www.jazzzeitung.de\/cms\/wp-content\/uploads\/2015\/08\/JAZZZEITUNGDE_Logo_Neu.png?fit=499%2C200&ssl=1","contentUrl":"https:\/\/i0.wp.com\/www.jazzzeitung.de\/cms\/wp-content\/uploads\/2015\/08\/JAZZZEITUNGDE_Logo_Neu.png?fit=499%2C200&ssl=1","width":499,"height":200,"caption":"JazzZeitung online"},"image":{"@id":"https:\/\/www.jazzzeitung.de\/cms\/#\/schema\/logo\/image\/"},"sameAs":["https:\/\/www.facebook.com\/JazzZeitung\/"]},{"@type":"Person","@id":"https:\/\/www.jazzzeitung.de\/cms\/#\/schema\/person\/2245b36b9cd1d24cea10f01c031fb92b","name":"Redaktion JazzZeitung","image":{"@type":"ImageObject","inLanguage":"de","@id":"https:\/\/i0.wp.com\/www.jazzzeitung.de\/cms\/wp-content\/uploads\/2015\/08\/JAZZZEITUNGDE_Logo_Neu.png?resize=96%2C96&ssl=159975dcacb611b5700bd619b5daf0a7a","url":"https:\/\/i0.wp.com\/www.jazzzeitung.de\/cms\/wp-content\/uploads\/2015\/08\/JAZZZEITUNGDE_Logo_Neu.png?resize=96%2C96&ssl=1","contentUrl":"https:\/\/i0.wp.com\/www.jazzzeitung.de\/cms\/wp-content\/uploads\/2015\/08\/JAZZZEITUNGDE_Logo_Neu.png?resize=96%2C96&ssl=1","caption":"Redaktion JazzZeitung"},"description":"Artikel der Redaktion der JazzZeitung.","sameAs":["http:\/\/www.jazzzeitung.de\/cms\/"],"url":"https:\/\/www.jazzzeitung.de\/cms\/author\/redaktion\/"}]}},"wp-worthy-pixel":{"ignored":false,"public":null,"server":null,"url":null},"wp-worthy-type":"normal","jetpack_publicize_connections":[],"cc_featured_image_caption":{"caption_text":"","source_text":"","source_url":""},"jetpack_featured_media_url":"","jetpack_shortlink":"https:\/\/wp.me\/p3KEcT-4LW","jetpack-related-posts":[{"id":14914,"url":"https:\/\/www.jazzzeitung.de\/cms\/2018\/01\/newszweites-nachtschwaermer-konzert-am-samstag-im-gustav-siegle-hausjazztime-freising-praesentiert-bettina-maiers-globe\/","url_meta":{"origin":18348,"position":0},"title":"+++News+++Zweites Nachtschw\u00e4rmer-Konzert am Samstag im Gustav-Siegle-Haus+++JazzTime Freising pr\u00e4sentiert Bettina Maiers GLOBE+++","author":"Redaktion JazzZeitung","date":"27. Januar 2018","format":false,"excerpt":"+++Zweites Nachtschw\u00e4rmer-Konzert heute im Gustav-Siegle-Haus+++ Zum zweiten Nachtschw\u00e4rmer-Konzert im Gustav-Siegle Haus am Samstag, 27. Januar 2018 pr\u00e4sentieren Sebastian Studnitzky & Band und die Stuttgarter Philharmoniker unter Leitung des Dirigenten Ekkehard Klemm Studnitzkys \u201eMEMENTO - Orchestral Experience.\u201c Schon immer war Studnitzky als Wanderer zwischen den Genres Jazz, Klassik und Elektro unterwegs.\u2026","rel":"","context":"In &quot;News&quot;","block_context":{"text":"News","link":"https:\/\/www.jazzzeitung.de\/cms\/thema\/nachrichten\/"},"img":{"alt_text":"","src":"https:\/\/i0.wp.com\/www.jazzzeitung.de\/cms\/wp-content\/uploads\/2018\/01\/2018_01_27_Studnitzky-%C2%A9-Sevi-Tsoni.jpeg?fit=480%2C630&ssl=1&resize=350%2C200","width":350,"height":200},"classes":[]},{"id":4972,"url":"https:\/\/www.jazzzeitung.de\/cms\/2014\/11\/udj-jazzforum-2014-koeln-erfolgreich-zu-ende-gegangen\/","url_meta":{"origin":18348,"position":1},"title":"22. JazzForum der UDJ 2014 in K\u00f6ln erfolgreich zu Ende gegangen","author":"Redaktion JazzZeitung","date":"25. November 2014","format":false,"excerpt":"Mit einer \u201eWeltpremiere\u201c am Konzertabend endete das 22. JazzForum der Union Deutscher Jazzmusiker im Stadtgarten K\u00f6ln. Die Lokalmatadoren Sebastian Sternal (Klavier), Dieter Manderscheid (Bass), Dominik Mahnig (Schlagzeug) und Claudius Valk (Saxophon) waren das erste Mal als Quartett aufeinandergetroffen und vor einem euphorischen Publikum durch eine kontrastreiche und vielschichtige Klangwelt regelrecht\u2026","rel":"","context":"In &quot;News&quot;","block_context":{"text":"News","link":"https:\/\/www.jazzzeitung.de\/cms\/thema\/nachrichten\/"},"img":{"alt_text":"Von links nach rechts: Dieter Manderscheid (HfMT K\u00f6ln), Tina Heine (Festivaldirektorin Elbjazz), Julia Neupert (SWR, Moderation), Sebastian Studnitzky (Musiker, Veranstalter), Thomas Baerens (Ministerium f\u00fcr Kinder, Familie, Jugend, Kultur und Sport NRW), Thomas Gl\u00e4\u00dfer (Musiker, Musikkurator, Kulturmanager). Foto UdJ","src":"https:\/\/i0.wp.com\/www.jazzzeitung.de\/cms\/wp-content\/uploads\/2014\/11\/Jazzforum-150x150.jpg?resize=350%2C200","width":350,"height":200},"classes":[]},{"id":14705,"url":"https:\/\/www.jazzzeitung.de\/cms\/2018\/01\/die-jazz-radiowoche-vom-15-01-bis-21-01-2018\/","url_meta":{"origin":18348,"position":2},"title":"Die Jazz-Radiowoche vom 15.01. bis 21.01.2018","author":"Martin Hufner","date":"14. Januar 2018","format":false,"excerpt":"Ein subjektiver Blick in die Jazzwoche 3 im Radio. Unter anderem mit: Uli Kempendorff\u00b4s Field, Hank Williams zum 75. Todestag, der Klarinettist Pee Wee Russell, Neues aus den Niederlanden, Sebastian Studnitzky \u201eMemento \u2013 The String Project\u201c, Michael Wollny Trio & Norwegian Wind Ensemble, der Pianist Paul Bley (1932-2016), Mali Blues,\u2026","rel":"","context":"In &quot;News&quot;","block_context":{"text":"News","link":"https:\/\/www.jazzzeitung.de\/cms\/thema\/nachrichten\/"},"img":{"alt_text":"Jazz im Radio","src":"https:\/\/i0.wp.com\/www.jazzzeitung.de\/cms\/wp-content\/uploads\/2017\/10\/radio-jazz-neu.jpg?fit=1200%2C900&ssl=1&resize=350%2C200","width":350,"height":200,"srcset":"https:\/\/i0.wp.com\/www.jazzzeitung.de\/cms\/wp-content\/uploads\/2017\/10\/radio-jazz-neu.jpg?fit=1200%2C900&ssl=1&resize=350%2C200 1x, https:\/\/i0.wp.com\/www.jazzzeitung.de\/cms\/wp-content\/uploads\/2017\/10\/radio-jazz-neu.jpg?fit=1200%2C900&ssl=1&resize=525%2C300 1.5x, https:\/\/i0.wp.com\/www.jazzzeitung.de\/cms\/wp-content\/uploads\/2017\/10\/radio-jazz-neu.jpg?fit=1200%2C900&ssl=1&resize=700%2C400 2x, https:\/\/i0.wp.com\/www.jazzzeitung.de\/cms\/wp-content\/uploads\/2017\/10\/radio-jazz-neu.jpg?fit=1200%2C900&ssl=1&resize=1050%2C600 3x"},"classes":[]},{"id":23890,"url":"https:\/\/www.jazzzeitung.de\/cms\/2020\/11\/die-jazz-radiowoche-vom-30-11-20-bis-06-12-2020\/","url_meta":{"origin":18348,"position":3},"title":"Die Jazz-Radiowoche vom 30.11.20 bis 06.12.2020","author":"Martin Hufner","date":"28. November 2020","format":false,"excerpt":"Ein kleiner Blick in die Jazzwoche 49 im Radio. Alle Angaben ohne Gew\u00e4hr. Unter anderem: In dieser Woche ganz viel Dave Brubeck anl\u00e4sslich seines 100. Geburtstages.","rel":"","context":"In &quot;News&quot;","block_context":{"text":"News","link":"https:\/\/www.jazzzeitung.de\/cms\/thema\/nachrichten\/"},"img":{"alt_text":"Jazz im Radio. Foto: Hufner","src":"https:\/\/i0.wp.com\/www.jazzzeitung.de\/cms\/wp-content\/uploads\/2019\/03\/jazz_im_radio.jpg?fit=1200%2C773&ssl=1&resize=350%2C200","width":350,"height":200,"srcset":"https:\/\/i0.wp.com\/www.jazzzeitung.de\/cms\/wp-content\/uploads\/2019\/03\/jazz_im_radio.jpg?fit=1200%2C773&ssl=1&resize=350%2C200 1x, https:\/\/i0.wp.com\/www.jazzzeitung.de\/cms\/wp-content\/uploads\/2019\/03\/jazz_im_radio.jpg?fit=1200%2C773&ssl=1&resize=525%2C300 1.5x, https:\/\/i0.wp.com\/www.jazzzeitung.de\/cms\/wp-content\/uploads\/2019\/03\/jazz_im_radio.jpg?fit=1200%2C773&ssl=1&resize=700%2C400 2x, https:\/\/i0.wp.com\/www.jazzzeitung.de\/cms\/wp-content\/uploads\/2019\/03\/jazz_im_radio.jpg?fit=1200%2C773&ssl=1&resize=1050%2C600 3x"},"classes":[]},{"id":751,"url":"https:\/\/www.jazzzeitung.de\/cms\/2011\/02\/neuer-deutscher-jazzpreis-2011-die-finalisten\/","url_meta":{"origin":18348,"position":4},"title":"Neuer Deutscher Jazzpreis 2011 \u2013 Die Finalisten","author":"J\u00f6rg Lichtinger","date":"9. Februar 2011","format":false,"excerpt":"Der Kurator hat seine Wahl getroffen. Bojan Z., Kurator bei der diesj\u00e4hrigen 6. Ausgabe des Neuen Deutschen Jazzpreises, hat aus den Bands, die nach der Vorauswahl \u00fcbriggeblieben waren, drei Formationen f\u00fcr das Finale im M\u00e4rz ausgesucht. Wie im letzten Jahr Kenny Wheeler, entschied sich auch Bojan Z. f\u00fcr drei Trios.\u2026","rel":"","context":"In &quot;Blog&quot;","block_context":{"text":"Blog","link":"https:\/\/www.jazzzeitung.de\/cms\/thema\/blog\/"},"img":{"alt_text":"Kurator beim NDJP: Pianist Bojan Z. Foto: Zijah Gafic  ","src":"https:\/\/i0.wp.com\/www.jazzzeitung.de\/cms\/wp-content\/uploads\/2011\/02\/zgafic_press_bojan_portrait-300x200.jpg?resize=350%2C200","width":350,"height":200},"classes":[]},{"id":7911,"url":"https:\/\/www.jazzzeitung.de\/cms\/2015\/12\/news-veranstaltungstipps-ticker-burghauser-nachwuchs-jazzpreis-early-bird-tickets-moers\/","url_meta":{"origin":18348,"position":5},"title":"+++ News +++ Veranstaltungstipps-Ticker +++ Burghauser Nachwuchs-Jazzpreis +++ Early Bird Tickets Moers +++","author":"Redaktion JazzZeitung","date":"8. Dezember 2015","format":false,"excerpt":"+++ Jazzclub Regensburg mit Lorenz Kellhuber und Lisa Bassenge +++ Der Jazzclub Regensburg pr\u00e4sentiert am Donnerstag, den 10.12.2015, 20:00 Uhr, das Pianotrio von Lorenz Kellhuber bei Jazz in der Galerie;\u00a0 Besetzung: Lorenz Kellhuber \u2013 p | Orlando le Fleming \u2013 b | Obed Calvaire \u2013 dr - Sp\u00e4testens seit seinem\u2026","rel":"","context":"In &quot;Redaktionelle Nachrichten&quot;","block_context":{"text":"Redaktionelle Nachrichten","link":"https:\/\/www.jazzzeitung.de\/cms\/thema\/redaktion\/"},"img":{"alt_text":"jc 20151213 Jazz\u00b4n Soul Weihnachtsparty","src":"https:\/\/i0.wp.com\/www.jazzzeitung.de\/cms\/wp-content\/uploads\/2015\/12\/jc-20151213-Jazz%C2%B4n-Soul-Weihnachtsparty-150x150.jpg?resize=350%2C200","width":350,"height":200},"classes":[]}],"jetpack_sharing_enabled":true,"_links":{"self":[{"href":"https:\/\/www.jazzzeitung.de\/cms\/wp-json\/wp\/v2\/posts\/18348","targetHints":{"allow":["GET"]}}],"collection":[{"href":"https:\/\/www.jazzzeitung.de\/cms\/wp-json\/wp\/v2\/posts"}],"about":[{"href":"https:\/\/www.jazzzeitung.de\/cms\/wp-json\/wp\/v2\/types\/post"}],"author":[{"embeddable":true,"href":"https:\/\/www.jazzzeitung.de\/cms\/wp-json\/wp\/v2\/users\/18"}],"replies":[{"embeddable":true,"href":"https:\/\/www.jazzzeitung.de\/cms\/wp-json\/wp\/v2\/comments?post=18348"}],"version-history":[{"count":6,"href":"https:\/\/www.jazzzeitung.de\/cms\/wp-json\/wp\/v2\/posts\/18348\/revisions"}],"predecessor-version":[{"id":18373,"href":"https:\/\/www.jazzzeitung.de\/cms\/wp-json\/wp\/v2\/posts\/18348\/revisions\/18373"}],"wp:attachment":[{"href":"https:\/\/www.jazzzeitung.de\/cms\/wp-json\/wp\/v2\/media?parent=18348"}],"wp:term":[{"taxonomy":"category","embeddable":true,"href":"https:\/\/www.jazzzeitung.de\/cms\/wp-json\/wp\/v2\/categories?post=18348"},{"taxonomy":"post_tag","embeddable":true,"href":"https:\/\/www.jazzzeitung.de\/cms\/wp-json\/wp\/v2\/tags?post=18348"},{"taxonomy":"author","embeddable":true,"href":"https:\/\/www.jazzzeitung.de\/cms\/wp-json\/wp\/v2\/coauthors?post=18348"}],"curies":[{"name":"wp","href":"https:\/\/api.w.org\/{rel}","templated":true}]}}