{"id":18318,"date":"2019-01-15T09:25:12","date_gmt":"2019-01-15T08:25:12","guid":{"rendered":"https:\/\/www.jazzzeitung.de\/cms\/?p=18318"},"modified":"2019-01-15T10:32:14","modified_gmt":"2019-01-15T09:32:14","slug":"yonathan-avishai-mit-seinem-trio-im-jazzclub-unterfahrt","status":"publish","type":"post","link":"https:\/\/www.jazzzeitung.de\/cms\/2019\/01\/yonathan-avishai-mit-seinem-trio-im-jazzclub-unterfahrt\/","title":{"rendered":"Yonathan Avishai mit seinem Trio im Jazzclub Unterfahrt"},"content":{"rendered":"<p>Letzte Woche gastierte das Yonathan Avishai Trio im M\u00fcnchner Jazzclub Unterfahrt. Als Pianist bei Avishai Cohen war er an dessen ECM Alben \u201eInto The Silence\u201c und \u201eCross My Palm With Silver\u201c mit beteiligt, w\u00e4hrend Yonathan Avishai selbst seit \u00fcber 5 Jahren mit seinem eigenen Piano-Trio die Klangwelt der 88 Tasten erkundet und weiter entwickelt. Im ersten Set des Abends pr\u00e4sentierte das Trio ihre neue CD \u201eJoys and Solitudes\u201c, die Ende des Monats auf dem Label ECM erscheinen wird. Im zweiten Set schlie\u00dflich spielte das Trio eine Mischung aus \u00e4lteren Originals aus der Feder Avishais, sowie ein paar einzigartig arrangierte Standards. Den gesamten Abend \u00fcber vermittelte das Trio eine leichte, federnde Spannung mit immer wieder leisen, aber eindringlichen \u00dcberraschungsmomenten. Kongenial begleitet wurde der in Israel geborene und mittlerweile im Pariser Umland ans\u00e4ssige Yonathan Avishai dabei von Yoni Zelnik am Bass sowie dem Schlagzeuger Donald Kontomanou.<\/p>\n<div class=\"tiled-gallery type-rectangular tiled-gallery-unresized\" data-original-width=\"840\" data-carousel-extra='{&quot;blog_id&quot;:1,&quot;permalink&quot;:&quot;https:\\\/\\\/www.jazzzeitung.de\\\/cms\\\/2019\\\/01\\\/yonathan-avishai-mit-seinem-trio-im-jazzclub-unterfahrt\\\/&quot;,&quot;likes_blog_id&quot;:55446655}' itemscope itemtype=\"http:\/\/schema.org\/ImageGallery\" > <div class=\"gallery-row\" style=\"width: 840px; height: 296px;\" data-original-width=\"840\" data-original-height=\"296\" > <div class=\"gallery-group images-1\" style=\"width: 199px; height: 296px;\" data-original-width=\"199\" data-original-height=\"296\" > <div class=\"tiled-gallery-item tiled-gallery-item-small\" itemprop=\"associatedMedia\" itemscope itemtype=\"http:\/\/schema.org\/ImageObject\"> <a href=\"https:\/\/www.jazzzeitung.de\/cms\/2019\/01\/yonathan-avishai-mit-seinem-trio-im-jazzclub-unterfahrt\/yoni-zelnik-bass-foto-tj-krebs-jazzphotoagencyweb-de\/\" border=\"0\" itemprop=\"url\"> <meta itemprop=\"width\" content=\"195\"> <meta itemprop=\"height\" content=\"292\"> <img decoding=\"async\" class=\"\" data-attachment-id=\"18328\" data-orig-file=\"https:\/\/www.jazzzeitung.de\/cms\/wp-content\/uploads\/2019\/01\/Yoni-Zelnik-bass-Foto-TJ-Krebs-jazzphotoagency@web.de_.jpg\" data-orig-size=\"1200,1800\" data-comments-opened=\"1\" data-image-meta=\"{&quot;aperture&quot;:&quot;0&quot;,&quot;credit&quot;:&quot;&quot;,&quot;camera&quot;:&quot;&quot;,&quot;caption&quot;:&quot;&quot;,&quot;created_timestamp&quot;:&quot;0&quot;,&quot;copyright&quot;:&quot;&quot;,&quot;focal_length&quot;:&quot;0&quot;,&quot;iso&quot;:&quot;0&quot;,&quot;shutter_speed&quot;:&quot;0&quot;,&quot;title&quot;:&quot;&quot;,&quot;orientation&quot;:&quot;0&quot;}\" data-image-title=\"\" data-image-description=\"\" data-medium-file=\"https:\/\/i0.wp.com\/www.jazzzeitung.de\/cms\/wp-content\/uploads\/2019\/01\/Yoni-Zelnik-bass-Foto-TJ-Krebs-jazzphotoagency%40web.de_.jpg?fit=200%2C300&#038;ssl=1\" data-large-file=\"https:\/\/i0.wp.com\/www.jazzzeitung.de\/cms\/wp-content\/uploads\/2019\/01\/Yoni-Zelnik-bass-Foto-TJ-Krebs-jazzphotoagency%40web.de_.jpg?fit=400%2C600&#038;ssl=1\" src=\"https:\/\/i0.wp.com\/www.jazzzeitung.de\/cms\/wp-content\/uploads\/2019\/01\/Yoni-Zelnik-bass-Foto-TJ-Krebs-jazzphotoagency%40web.de_.jpg?w=195&#038;h=292&#038;ssl=1\" width=\"195\" height=\"292\" loading=\"lazy\" data-original-width=\"195\" data-original-height=\"292\" itemprop=\"http:\/\/schema.org\/image\" title=\"\" alt=\"Yoni Zelnik (b). Foto: Thomas J. Krebs\" style=\"width: 195px; height: 292px;\" \/> <\/a> <div class=\"tiled-gallery-caption\" itemprop=\"caption description\"> Yoni Zelnik (b). Foto: Thomas J. Krebs <\/div> <\/div> <\/div> <!-- close group --> <div class=\"gallery-group images-1\" style=\"width: 442px; height: 296px;\" data-original-width=\"442\" data-original-height=\"296\" > <div class=\"tiled-gallery-item tiled-gallery-item-large\" itemprop=\"associatedMedia\" itemscope itemtype=\"http:\/\/schema.org\/ImageObject\"> <a href=\"https:\/\/www.jazzzeitung.de\/cms\/2019\/01\/yonathan-avishai-mit-seinem-trio-im-jazzclub-unterfahrt\/yoni-zelnik-foto-tj-krebs-jazzphotoagencyweb-de\/\" border=\"0\" itemprop=\"url\"> <meta itemprop=\"width\" content=\"438\"> <meta itemprop=\"height\" content=\"292\"> <img decoding=\"async\" class=\"\" data-attachment-id=\"18327\" data-orig-file=\"https:\/\/www.jazzzeitung.de\/cms\/wp-content\/uploads\/2019\/01\/Yoni-Zelnik-Foto-TJ-Krebs-jazzphotoagency@web.de_.jpg\" data-orig-size=\"1800,1200\" data-comments-opened=\"1\" data-image-meta=\"{&quot;aperture&quot;:&quot;0&quot;,&quot;credit&quot;:&quot;&quot;,&quot;camera&quot;:&quot;&quot;,&quot;caption&quot;:&quot;&quot;,&quot;created_timestamp&quot;:&quot;0&quot;,&quot;copyright&quot;:&quot;&quot;,&quot;focal_length&quot;:&quot;0&quot;,&quot;iso&quot;:&quot;0&quot;,&quot;shutter_speed&quot;:&quot;0&quot;,&quot;title&quot;:&quot;&quot;,&quot;orientation&quot;:&quot;0&quot;}\" data-image-title=\"\" data-image-description=\"\" data-medium-file=\"https:\/\/i0.wp.com\/www.jazzzeitung.de\/cms\/wp-content\/uploads\/2019\/01\/Yoni-Zelnik-Foto-TJ-Krebs-jazzphotoagency%40web.de_.jpg?fit=300%2C200&#038;ssl=1\" data-large-file=\"https:\/\/i0.wp.com\/www.jazzzeitung.de\/cms\/wp-content\/uploads\/2019\/01\/Yoni-Zelnik-Foto-TJ-Krebs-jazzphotoagency%40web.de_.jpg?fit=840%2C560&#038;ssl=1\" src=\"https:\/\/i0.wp.com\/www.jazzzeitung.de\/cms\/wp-content\/uploads\/2019\/01\/Yoni-Zelnik-Foto-TJ-Krebs-jazzphotoagency%40web.de_.jpg?w=438&#038;h=292&#038;ssl=1\" width=\"438\" height=\"292\" loading=\"lazy\" data-original-width=\"438\" data-original-height=\"292\" itemprop=\"http:\/\/schema.org\/image\" title=\"\" alt=\"Yoni Zelnik. Foto: Thomas J. Krebs\" style=\"width: 438px; height: 292px;\" \/> <\/a> <div class=\"tiled-gallery-caption\" itemprop=\"caption description\"> Yoni Zelnik. Foto: Thomas J. Krebs <\/div> <\/div> <\/div> <!-- close group --> <div class=\"gallery-group images-1\" style=\"width: 199px; height: 296px;\" data-original-width=\"199\" data-original-height=\"296\" > <div class=\"tiled-gallery-item tiled-gallery-item-small\" itemprop=\"associatedMedia\" itemscope itemtype=\"http:\/\/schema.org\/ImageObject\"> <a href=\"https:\/\/www.jazzzeitung.de\/cms\/2019\/01\/yonathan-avishai-mit-seinem-trio-im-jazzclub-unterfahrt\/yonathan-avishai-on-the-piano-foto-tj-krebs-jazzphotoagencyweb-de\/\" border=\"0\" itemprop=\"url\"> <meta itemprop=\"width\" content=\"195\"> <meta itemprop=\"height\" content=\"292\"> <img decoding=\"async\" class=\"\" data-attachment-id=\"18325\" data-orig-file=\"https:\/\/www.jazzzeitung.de\/cms\/wp-content\/uploads\/2019\/01\/Yonathan-Avishai-on-the-piano-Foto-TJ-Krebs-jazzphotoagency@web.de_.jpg\" data-orig-size=\"1800,2700\" data-comments-opened=\"1\" data-image-meta=\"{&quot;aperture&quot;:&quot;0&quot;,&quot;credit&quot;:&quot;&quot;,&quot;camera&quot;:&quot;&quot;,&quot;caption&quot;:&quot;&quot;,&quot;created_timestamp&quot;:&quot;0&quot;,&quot;copyright&quot;:&quot;&quot;,&quot;focal_length&quot;:&quot;0&quot;,&quot;iso&quot;:&quot;0&quot;,&quot;shutter_speed&quot;:&quot;0&quot;,&quot;title&quot;:&quot;&quot;,&quot;orientation&quot;:&quot;0&quot;}\" data-image-title=\"\" data-image-description=\"\" data-medium-file=\"https:\/\/i0.wp.com\/www.jazzzeitung.de\/cms\/wp-content\/uploads\/2019\/01\/Yonathan-Avishai-on-the-piano-Foto-TJ-Krebs-jazzphotoagency%40web.de_.jpg?fit=200%2C300&#038;ssl=1\" data-large-file=\"https:\/\/i0.wp.com\/www.jazzzeitung.de\/cms\/wp-content\/uploads\/2019\/01\/Yonathan-Avishai-on-the-piano-Foto-TJ-Krebs-jazzphotoagency%40web.de_.jpg?fit=400%2C600&#038;ssl=1\" src=\"https:\/\/i0.wp.com\/www.jazzzeitung.de\/cms\/wp-content\/uploads\/2019\/01\/Yonathan-Avishai-on-the-piano-Foto-TJ-Krebs-jazzphotoagency%40web.de_.jpg?w=195&#038;h=292&#038;ssl=1\" width=\"195\" height=\"292\" loading=\"lazy\" data-original-width=\"195\" data-original-height=\"292\" itemprop=\"http:\/\/schema.org\/image\" title=\"\" alt=\"Yonathan Avishai (p). Foto: Thomas J. Krebs\" style=\"width: 195px; height: 292px;\" \/> <\/a> <div class=\"tiled-gallery-caption\" itemprop=\"caption description\"> Yonathan Avishai (p). Foto: Thomas J. Krebs <\/div> <\/div> <\/div> <!-- close group --> <\/div> <!-- close row --> <div class=\"gallery-row\" style=\"width: 840px; height: 239px;\" data-original-width=\"840\" data-original-height=\"239\" > <div class=\"gallery-group images-1\" style=\"width: 357px; height: 239px;\" data-original-width=\"357\" data-original-height=\"239\" > <div class=\"tiled-gallery-item tiled-gallery-item-large\" itemprop=\"associatedMedia\" itemscope itemtype=\"http:\/\/schema.org\/ImageObject\"> <a href=\"https:\/\/www.jazzzeitung.de\/cms\/2019\/01\/yonathan-avishai-mit-seinem-trio-im-jazzclub-unterfahrt\/yonathan-avishai-hands-foto-tj-krebs-jazzphotoagencyweb-de\/\" border=\"0\" itemprop=\"url\"> <meta itemprop=\"width\" content=\"353\"> <meta itemprop=\"height\" content=\"235\"> <img decoding=\"async\" class=\"\" data-attachment-id=\"18323\" data-orig-file=\"https:\/\/www.jazzzeitung.de\/cms\/wp-content\/uploads\/2019\/01\/Yonathan-Avishai-hands-Foto-TJ-Krebs-jazzphotoagency@web.de_.jpg\" data-orig-size=\"1800,1200\" data-comments-opened=\"1\" data-image-meta=\"{&quot;aperture&quot;:&quot;0&quot;,&quot;credit&quot;:&quot;&quot;,&quot;camera&quot;:&quot;&quot;,&quot;caption&quot;:&quot;&quot;,&quot;created_timestamp&quot;:&quot;0&quot;,&quot;copyright&quot;:&quot;&quot;,&quot;focal_length&quot;:&quot;0&quot;,&quot;iso&quot;:&quot;0&quot;,&quot;shutter_speed&quot;:&quot;0&quot;,&quot;title&quot;:&quot;&quot;,&quot;orientation&quot;:&quot;0&quot;}\" data-image-title=\"\" data-image-description=\"\" data-medium-file=\"https:\/\/i0.wp.com\/www.jazzzeitung.de\/cms\/wp-content\/uploads\/2019\/01\/Yonathan-Avishai-hands-Foto-TJ-Krebs-jazzphotoagency%40web.de_.jpg?fit=300%2C200&#038;ssl=1\" data-large-file=\"https:\/\/i0.wp.com\/www.jazzzeitung.de\/cms\/wp-content\/uploads\/2019\/01\/Yonathan-Avishai-hands-Foto-TJ-Krebs-jazzphotoagency%40web.de_.jpg?fit=840%2C560&#038;ssl=1\" src=\"https:\/\/i0.wp.com\/www.jazzzeitung.de\/cms\/wp-content\/uploads\/2019\/01\/Yonathan-Avishai-hands-Foto-TJ-Krebs-jazzphotoagency%40web.de_.jpg?w=353&#038;h=235&#038;ssl=1\" width=\"353\" height=\"235\" loading=\"lazy\" data-original-width=\"353\" data-original-height=\"235\" itemprop=\"http:\/\/schema.org\/image\" title=\"\" alt=\"Yonathan Avishai (hands). Foto: Thomas J. Krebs\" style=\"width: 353px; height: 235px;\" \/> <\/a> <div class=\"tiled-gallery-caption\" itemprop=\"caption description\"> Yonathan Avishai (hands). Foto: Thomas J. Krebs <\/div> <\/div> <\/div> <!-- close group --> <div class=\"gallery-group images-1\" style=\"width: 161px; height: 239px;\" data-original-width=\"161\" data-original-height=\"239\" > <div class=\"tiled-gallery-item tiled-gallery-item-small\" itemprop=\"associatedMedia\" itemscope itemtype=\"http:\/\/schema.org\/ImageObject\"> <a href=\"https:\/\/www.jazzzeitung.de\/cms\/2019\/01\/yonathan-avishai-mit-seinem-trio-im-jazzclub-unterfahrt\/yonathan-avishai-foto-tj-krebs-jazzphotoagencyweb-de\/\" border=\"0\" itemprop=\"url\"> <meta itemprop=\"width\" content=\"157\"> <meta itemprop=\"height\" content=\"235\"> <img decoding=\"async\" class=\"\" data-attachment-id=\"18322\" data-orig-file=\"https:\/\/www.jazzzeitung.de\/cms\/wp-content\/uploads\/2019\/01\/Yonathan-Avishai-Foto-TJ-Krebs-jazzphotoagency@web.de_.jpg\" data-orig-size=\"1200,1800\" data-comments-opened=\"1\" data-image-meta=\"{&quot;aperture&quot;:&quot;0&quot;,&quot;credit&quot;:&quot;&quot;,&quot;camera&quot;:&quot;&quot;,&quot;caption&quot;:&quot;&quot;,&quot;created_timestamp&quot;:&quot;0&quot;,&quot;copyright&quot;:&quot;&quot;,&quot;focal_length&quot;:&quot;0&quot;,&quot;iso&quot;:&quot;0&quot;,&quot;shutter_speed&quot;:&quot;0&quot;,&quot;title&quot;:&quot;&quot;,&quot;orientation&quot;:&quot;0&quot;}\" data-image-title=\"\" data-image-description=\"\" data-medium-file=\"https:\/\/i0.wp.com\/www.jazzzeitung.de\/cms\/wp-content\/uploads\/2019\/01\/Yonathan-Avishai-Foto-TJ-Krebs-jazzphotoagency%40web.de_.jpg?fit=200%2C300&#038;ssl=1\" data-large-file=\"https:\/\/i0.wp.com\/www.jazzzeitung.de\/cms\/wp-content\/uploads\/2019\/01\/Yonathan-Avishai-Foto-TJ-Krebs-jazzphotoagency%40web.de_.jpg?fit=400%2C600&#038;ssl=1\" src=\"https:\/\/i0.wp.com\/www.jazzzeitung.de\/cms\/wp-content\/uploads\/2019\/01\/Yonathan-Avishai-Foto-TJ-Krebs-jazzphotoagency%40web.de_.jpg?w=157&#038;h=235&#038;ssl=1\" width=\"157\" height=\"235\" loading=\"lazy\" data-original-width=\"157\" data-original-height=\"235\" itemprop=\"http:\/\/schema.org\/image\" title=\"\" alt=\"Yonathan Avishai. Foto: Thomas J. Krebs\" style=\"width: 157px; height: 235px;\" \/> <\/a> <div class=\"tiled-gallery-caption\" itemprop=\"caption description\"> Yonathan Avishai. Foto: Thomas J. Krebs <\/div> <\/div> <\/div> <!-- close group --> <div class=\"gallery-group images-1\" style=\"width: 161px; height: 239px;\" data-original-width=\"161\" data-original-height=\"239\" > <div class=\"tiled-gallery-item tiled-gallery-item-small\" itemprop=\"associatedMedia\" itemscope itemtype=\"http:\/\/schema.org\/ImageObject\"> <a href=\"https:\/\/www.jazzzeitung.de\/cms\/2019\/01\/yonathan-avishai-mit-seinem-trio-im-jazzclub-unterfahrt\/donald-kontomanou-drums-foto-tj-krebs-jazzphotoagencyweb-de\/\" border=\"0\" itemprop=\"url\"> <meta itemprop=\"width\" content=\"157\"> <meta itemprop=\"height\" content=\"235\"> <img decoding=\"async\" class=\"\" data-attachment-id=\"18321\" data-orig-file=\"https:\/\/www.jazzzeitung.de\/cms\/wp-content\/uploads\/2019\/01\/Donald-Kontomanou-drums-Foto-TJ-Krebs-jazzphotoagency@web.de_.jpg\" data-orig-size=\"1200,1800\" data-comments-opened=\"1\" data-image-meta=\"{&quot;aperture&quot;:&quot;0&quot;,&quot;credit&quot;:&quot;&quot;,&quot;camera&quot;:&quot;&quot;,&quot;caption&quot;:&quot;&quot;,&quot;created_timestamp&quot;:&quot;0&quot;,&quot;copyright&quot;:&quot;&quot;,&quot;focal_length&quot;:&quot;0&quot;,&quot;iso&quot;:&quot;0&quot;,&quot;shutter_speed&quot;:&quot;0&quot;,&quot;title&quot;:&quot;&quot;,&quot;orientation&quot;:&quot;0&quot;}\" data-image-title=\"\" data-image-description=\"\" data-medium-file=\"https:\/\/i0.wp.com\/www.jazzzeitung.de\/cms\/wp-content\/uploads\/2019\/01\/Donald-Kontomanou-drums-Foto-TJ-Krebs-jazzphotoagency%40web.de_.jpg?fit=200%2C300&#038;ssl=1\" data-large-file=\"https:\/\/i0.wp.com\/www.jazzzeitung.de\/cms\/wp-content\/uploads\/2019\/01\/Donald-Kontomanou-drums-Foto-TJ-Krebs-jazzphotoagency%40web.de_.jpg?fit=400%2C600&#038;ssl=1\" src=\"https:\/\/i0.wp.com\/www.jazzzeitung.de\/cms\/wp-content\/uploads\/2019\/01\/Donald-Kontomanou-drums-Foto-TJ-Krebs-jazzphotoagency%40web.de_.jpg?w=157&#038;h=235&#038;ssl=1\" width=\"157\" height=\"235\" loading=\"lazy\" data-original-width=\"157\" data-original-height=\"235\" itemprop=\"http:\/\/schema.org\/image\" title=\"\" alt=\"Donald Kontomanou (d). Foto: Thomas J. Krebs\" style=\"width: 157px; height: 235px;\" \/> <\/a> <div class=\"tiled-gallery-caption\" itemprop=\"caption description\"> Donald Kontomanou (d). Foto: Thomas J. Krebs <\/div> <\/div> <\/div> <!-- close group --> <div class=\"gallery-group images-1\" style=\"width: 161px; height: 239px;\" data-original-width=\"161\" data-original-height=\"239\" > <div class=\"tiled-gallery-item tiled-gallery-item-small\" itemprop=\"associatedMedia\" itemscope itemtype=\"http:\/\/schema.org\/ImageObject\"> <a href=\"https:\/\/www.jazzzeitung.de\/cms\/2019\/01\/yonathan-avishai-mit-seinem-trio-im-jazzclub-unterfahrt\/donald-kontomanou-foto-tj-krebs-jazzphotoagencyweb-de\/\" border=\"0\" itemprop=\"url\"> <meta itemprop=\"width\" content=\"157\"> <meta itemprop=\"height\" content=\"235\"> <img decoding=\"async\" class=\"\" data-attachment-id=\"18320\" data-orig-file=\"https:\/\/www.jazzzeitung.de\/cms\/wp-content\/uploads\/2019\/01\/Donald-Kontomanou-Foto-TJ-Krebs-jazzphotoagency@web.de_.jpg\" data-orig-size=\"1200,1800\" data-comments-opened=\"1\" data-image-meta=\"{&quot;aperture&quot;:&quot;0&quot;,&quot;credit&quot;:&quot;&quot;,&quot;camera&quot;:&quot;&quot;,&quot;caption&quot;:&quot;&quot;,&quot;created_timestamp&quot;:&quot;0&quot;,&quot;copyright&quot;:&quot;&quot;,&quot;focal_length&quot;:&quot;0&quot;,&quot;iso&quot;:&quot;0&quot;,&quot;shutter_speed&quot;:&quot;0&quot;,&quot;title&quot;:&quot;&quot;,&quot;orientation&quot;:&quot;0&quot;}\" data-image-title=\"\" data-image-description=\"\" data-medium-file=\"https:\/\/i0.wp.com\/www.jazzzeitung.de\/cms\/wp-content\/uploads\/2019\/01\/Donald-Kontomanou-Foto-TJ-Krebs-jazzphotoagency%40web.de_.jpg?fit=200%2C300&#038;ssl=1\" data-large-file=\"https:\/\/i0.wp.com\/www.jazzzeitung.de\/cms\/wp-content\/uploads\/2019\/01\/Donald-Kontomanou-Foto-TJ-Krebs-jazzphotoagency%40web.de_.jpg?fit=400%2C600&#038;ssl=1\" src=\"https:\/\/i0.wp.com\/www.jazzzeitung.de\/cms\/wp-content\/uploads\/2019\/01\/Donald-Kontomanou-Foto-TJ-Krebs-jazzphotoagency%40web.de_.jpg?w=157&#038;h=235&#038;ssl=1\" width=\"157\" height=\"235\" loading=\"lazy\" data-original-width=\"157\" data-original-height=\"235\" itemprop=\"http:\/\/schema.org\/image\" title=\"\" alt=\"Donald Kontomanou. Foto: Thomas J. Krebs\" style=\"width: 157px; height: 235px;\" \/> <\/a> <div class=\"tiled-gallery-caption\" itemprop=\"caption description\"> Donald Kontomanou. Foto: Thomas J. Krebs <\/div> <\/div> <\/div> <!-- close group --> <\/div> <!-- close row --> <\/div>\n<p>Was sofort auffiel war die extrem lyrische Art, mit dem das Trio ihren H\u00f6rern im Spiel begegnete. Standards wie Ellingtons \u201eMood Indigo\u201c oder John Lewis \u201eDjango\u201c wurden harmonisch geradezu seziert, mit viel Raum f\u00fcr den Klang, fast meditativ gespielt, w\u00e4hrend Originalkompositionen wie \u201eLes Pianos De Brazzaville\u201c oder \u201eDancing Child\u201c g\u00e4nzlich unbeschwert, mal fr\u00f6hlich t\u00e4nzelnd, mit unglaublich intensivem Zusammenspiel und Gesp\u00fcr f\u00fcr den anderen und seinem Instrument daher kamen. Hier steht vorrangig das \u201ewie\u201c und der gemeinsame Ausdruck im Vordergrund, als das was eigentlich gespielt wird! Letztlich resultieren aus dieser Maxime die \u00fcberaus frischen, gef\u00fchlvollen Interpretationen und Improvisationen des Trios.<a href=\"https:\/\/i0.wp.com\/www.jazzzeitung.de\/cms\/wp-content\/uploads\/2019\/01\/CD-Cover.jpg?ssl=1\"><img data-recalc-dims=\"1\" loading=\"lazy\" decoding=\"async\" data-attachment-id=\"18319\" data-permalink=\"https:\/\/www.jazzzeitung.de\/cms\/2019\/01\/yonathan-avishai-mit-seinem-trio-im-jazzclub-unterfahrt\/cd-cover\/\" data-orig-file=\"https:\/\/i0.wp.com\/www.jazzzeitung.de\/cms\/wp-content\/uploads\/2019\/01\/CD-Cover.jpg?fit=1369%2C1369&amp;ssl=1\" data-orig-size=\"1369,1369\" data-comments-opened=\"1\" data-image-meta=\"{&quot;aperture&quot;:&quot;0&quot;,&quot;credit&quot;:&quot;&quot;,&quot;camera&quot;:&quot;&quot;,&quot;caption&quot;:&quot;&quot;,&quot;created_timestamp&quot;:&quot;0&quot;,&quot;copyright&quot;:&quot;&quot;,&quot;focal_length&quot;:&quot;0&quot;,&quot;iso&quot;:&quot;0&quot;,&quot;shutter_speed&quot;:&quot;0&quot;,&quot;title&quot;:&quot;&quot;,&quot;orientation&quot;:&quot;1&quot;}\" data-image-title=\"CD Cover\" data-image-description=\"\" data-image-caption=\"\" data-large-file=\"https:\/\/i0.wp.com\/www.jazzzeitung.de\/cms\/wp-content\/uploads\/2019\/01\/CD-Cover.jpg?fit=600%2C600&amp;ssl=1\" class=\"alignleft size-medium wp-image-18319\" src=\"https:\/\/i0.wp.com\/www.jazzzeitung.de\/cms\/wp-content\/uploads\/2019\/01\/CD-Cover.jpg?resize=300%2C300&#038;ssl=1\" alt=\"\" width=\"300\" height=\"300\" srcset=\"https:\/\/i0.wp.com\/www.jazzzeitung.de\/cms\/wp-content\/uploads\/2019\/01\/CD-Cover.jpg?resize=300%2C300&amp;ssl=1 300w, https:\/\/i0.wp.com\/www.jazzzeitung.de\/cms\/wp-content\/uploads\/2019\/01\/CD-Cover.jpg?resize=150%2C150&amp;ssl=1 150w, https:\/\/i0.wp.com\/www.jazzzeitung.de\/cms\/wp-content\/uploads\/2019\/01\/CD-Cover.jpg?resize=768%2C768&amp;ssl=1 768w, https:\/\/i0.wp.com\/www.jazzzeitung.de\/cms\/wp-content\/uploads\/2019\/01\/CD-Cover.jpg?resize=600%2C600&amp;ssl=1 600w, https:\/\/i0.wp.com\/www.jazzzeitung.de\/cms\/wp-content\/uploads\/2019\/01\/CD-Cover.jpg?w=1369&amp;ssl=1 1369w\" sizes=\"auto, (max-width: 300px) 100vw, 300px\" \/><\/a><\/p>\n<p>Der zweite Teil des Abends wurde vom Bayerischen Rundfunk im Rahmen der Sendereihe \u201eBR Jazzclub live\u201c mitgeschnitten und \u00fcbertragen. Bis Ende dieser Woche noch zu h\u00f6ren auf <a href=\"http:\/\/www.br.klassik.de\">www.br.klassik.de<\/a><\/p>\n<p>Text &amp; Fotos: Thomas J. Krebs<\/p>\n<p>Ein wunderbares Konzert und gleichzeitig ein gelungener Piano-Trio Start ins neue Jahr, das ECM mit der aktuellen CD des Yonathan Avishai Trios \u201eJoys and Solitudes\u201c vorlegt.<\/p>\n","protected":false},"excerpt":{"rendered":"<p>Letzte Woche gastierte das Yonathan Avishai Trio im M\u00fcnchner Jazzclub Unterfahrt. Als Pianist bei Avishai Cohen war er an dessen ECM Alben \u201eInto The Silence\u201c und \u201eCross My Palm With Silver\u201c mit beteiligt, w\u00e4hrend Yonathan Avishai selbst seit \u00fcber 5 Jahren mit seinem eigenen Piano-Trio die Klangwelt der 88 Tasten erkundet und weiter entwickelt. Im ersten Set des Abends pr\u00e4sentierte das Trio ihre neue CD \u201eJoys and Solitudes\u201c, die Ende des Monats auf dem Label ECM erscheinen wird. Im zweiten Set schlie\u00dflich spielte das Trio eine Mischung aus \u00e4lteren Originals aus der Feder Avishais, sowie ein paar einzigartig arrangierte Standards. Den gesamten Abend \u00fcber vermittelte das Trio eine leichte, federnde Spannung mit immer wieder leisen, aber eindringlichen \u00dcberraschungsmomenten. Kongenial begleitet wurde der in Israel geborene und mittlerweile im Pariser Umland ans\u00e4ssige Yonathan Avishai dabei von Yoni Zelnik am Bass sowie dem Schlagzeuger Donald Kontomanou. Was sofort auffiel war die extrem lyrische Art, mit dem das Trio ihren H\u00f6rern im Spiel begegnete. Standards wie Ellingtons \u201eMood Indigo\u201c oder John Lewis \u201eDjango\u201c wurden harmonisch geradezu seziert, mit viel Raum f\u00fcr den Klang, fast meditativ gespielt, w\u00e4hrend Originalkompositionen &hellip;<\/p>\n","protected":false},"author":18,"featured_media":18326,"comment_status":"open","ping_status":"closed","sticky":false,"template":"","format":"standard","meta":{"_jetpack_memberships_contains_paid_content":false,"footnotes":"","jetpack_publicize_message":"","jetpack_publicize_feature_enabled":true,"jetpack_social_post_already_shared":false,"jetpack_social_options":{"image_generator_settings":{"template":"highway","default_image_id":0,"font":"","enabled":false},"version":2}},"categories":[1053,652],"tags":[1778,94,158,271,1260,573,2144],"coauthors":[695],"class_list":["post-18318","post","type-post","status-publish","format-standard","has-post-thumbnail","hentry","category-bericht","category-galerie","tag-avishai-cohen","tag-br-klassik","tag-ecm","tag-jazzclub","tag-thomas-j-krebs","tag-unterfahrt","tag-yonathan-avishai-trio"],"yoast_head":"<!-- This site is optimized with the Yoast SEO plugin v27.5 - https:\/\/yoast.com\/product\/yoast-seo-wordpress\/ -->\n<title>Yonathan Avishai mit seinem Trio im Jazzclub Unterfahrt - JazzZeitung<\/title>\n<meta name=\"robots\" content=\"index, follow, max-snippet:-1, max-image-preview:large, max-video-preview:-1\" \/>\n<link rel=\"canonical\" href=\"https:\/\/www.jazzzeitung.de\/cms\/2019\/01\/yonathan-avishai-mit-seinem-trio-im-jazzclub-unterfahrt\/\" \/>\n<meta property=\"og:locale\" content=\"de_DE\" \/>\n<meta property=\"og:type\" content=\"article\" \/>\n<meta property=\"og:title\" content=\"Yonathan Avishai mit seinem Trio im Jazzclub Unterfahrt - JazzZeitung\" \/>\n<meta property=\"og:description\" content=\"Letzte Woche gastierte das Yonathan Avishai Trio im M\u00fcnchner Jazzclub Unterfahrt. Als Pianist bei Avishai Cohen war er an dessen ECM Alben \u201eInto The Silence\u201c und \u201eCross My Palm With Silver\u201c mit beteiligt, w\u00e4hrend Yonathan Avishai selbst seit \u00fcber 5 Jahren mit seinem eigenen Piano-Trio die Klangwelt der 88 Tasten erkundet und weiter entwickelt. Im ersten Set des Abends pr\u00e4sentierte das Trio ihre neue CD \u201eJoys and Solitudes\u201c, die Ende des Monats auf dem Label ECM erscheinen wird. Im zweiten Set schlie\u00dflich spielte das Trio eine Mischung aus \u00e4lteren Originals aus der Feder Avishais, sowie ein paar einzigartig arrangierte Standards. Den gesamten Abend \u00fcber vermittelte das Trio eine leichte, federnde Spannung mit immer wieder leisen, aber eindringlichen \u00dcberraschungsmomenten. Kongenial begleitet wurde der in Israel geborene und mittlerweile im Pariser Umland ans\u00e4ssige Yonathan Avishai dabei von Yoni Zelnik am Bass sowie dem Schlagzeuger Donald Kontomanou. Was sofort auffiel war die extrem lyrische Art, mit dem das Trio ihren H\u00f6rern im Spiel begegnete. Standards wie Ellingtons \u201eMood Indigo\u201c oder John Lewis \u201eDjango\u201c wurden harmonisch geradezu seziert, mit viel Raum f\u00fcr den Klang, fast meditativ gespielt, w\u00e4hrend Originalkompositionen &hellip;\" \/>\n<meta property=\"og:url\" content=\"https:\/\/www.jazzzeitung.de\/cms\/2019\/01\/yonathan-avishai-mit-seinem-trio-im-jazzclub-unterfahrt\/\" \/>\n<meta property=\"og:site_name\" content=\"JazzZeitung\" \/>\n<meta property=\"article:publisher\" content=\"https:\/\/www.facebook.com\/JazzZeitung\/\" \/>\n<meta property=\"article:published_time\" content=\"2019-01-15T08:25:12+00:00\" \/>\n<meta property=\"article:modified_time\" content=\"2019-01-15T09:32:14+00:00\" \/>\n<meta property=\"og:image\" content=\"https:\/\/i0.wp.com\/www.jazzzeitung.de\/cms\/wp-content\/uploads\/2019\/01\/Yonathan-Avishai-Trio-mit-Uli-Habersetzer-Foto-TJ-Krebs-jazzphotoagency@web.de_.jpg?fit=1800%2C1200&ssl=1\" \/>\n\t<meta property=\"og:image:width\" content=\"1800\" \/>\n\t<meta property=\"og:image:height\" content=\"1200\" \/>\n\t<meta property=\"og:image:type\" content=\"image\/jpeg\" \/>\n<meta name=\"author\" content=\"Redaktion JazzZeitung\" \/>\n<script type=\"application\/ld+json\" class=\"yoast-schema-graph\">{\"@context\":\"https:\\\/\\\/schema.org\",\"@graph\":[{\"@type\":\"Article\",\"@id\":\"https:\\\/\\\/www.jazzzeitung.de\\\/cms\\\/2019\\\/01\\\/yonathan-avishai-mit-seinem-trio-im-jazzclub-unterfahrt\\\/#article\",\"isPartOf\":{\"@id\":\"https:\\\/\\\/www.jazzzeitung.de\\\/cms\\\/2019\\\/01\\\/yonathan-avishai-mit-seinem-trio-im-jazzclub-unterfahrt\\\/\"},\"author\":{\"name\":\"Redaktion JazzZeitung\",\"@id\":\"https:\\\/\\\/www.jazzzeitung.de\\\/cms\\\/#\\\/schema\\\/person\\\/2245b36b9cd1d24cea10f01c031fb92b\"},\"headline\":\"Yonathan Avishai mit seinem Trio im Jazzclub Unterfahrt\",\"datePublished\":\"2019-01-15T08:25:12+00:00\",\"dateModified\":\"2019-01-15T09:32:14+00:00\",\"mainEntityOfPage\":{\"@id\":\"https:\\\/\\\/www.jazzzeitung.de\\\/cms\\\/2019\\\/01\\\/yonathan-avishai-mit-seinem-trio-im-jazzclub-unterfahrt\\\/\"},\"wordCount\":331,\"commentCount\":0,\"publisher\":{\"@id\":\"https:\\\/\\\/www.jazzzeitung.de\\\/cms\\\/#organization\"},\"image\":{\"@id\":\"https:\\\/\\\/www.jazzzeitung.de\\\/cms\\\/2019\\\/01\\\/yonathan-avishai-mit-seinem-trio-im-jazzclub-unterfahrt\\\/#primaryimage\"},\"thumbnailUrl\":\"https:\\\/\\\/i0.wp.com\\\/www.jazzzeitung.de\\\/cms\\\/wp-content\\\/uploads\\\/2019\\\/01\\\/Yonathan-Avishai-Trio-mit-Uli-Habersetzer-Foto-TJ-Krebs-jazzphotoagency%40web.de_.jpg?fit=1800%2C1200&ssl=1\",\"keywords\":[\"Avishai Cohen\",\"Br-Klassik\",\"ECM\",\"Jazzclub\",\"Thomas J. Krebs\",\"Unterfahrt\",\"Yonathan Avishai Trio\"],\"articleSection\":[\"Bericht\",\"Galerie\"],\"inLanguage\":\"de\",\"potentialAction\":[{\"@type\":\"CommentAction\",\"name\":\"Comment\",\"target\":[\"https:\\\/\\\/www.jazzzeitung.de\\\/cms\\\/2019\\\/01\\\/yonathan-avishai-mit-seinem-trio-im-jazzclub-unterfahrt\\\/#respond\"]}]},{\"@type\":\"WebPage\",\"@id\":\"https:\\\/\\\/www.jazzzeitung.de\\\/cms\\\/2019\\\/01\\\/yonathan-avishai-mit-seinem-trio-im-jazzclub-unterfahrt\\\/\",\"url\":\"https:\\\/\\\/www.jazzzeitung.de\\\/cms\\\/2019\\\/01\\\/yonathan-avishai-mit-seinem-trio-im-jazzclub-unterfahrt\\\/\",\"name\":\"Yonathan Avishai mit seinem Trio im Jazzclub Unterfahrt - JazzZeitung\",\"isPartOf\":{\"@id\":\"https:\\\/\\\/www.jazzzeitung.de\\\/cms\\\/#website\"},\"primaryImageOfPage\":{\"@id\":\"https:\\\/\\\/www.jazzzeitung.de\\\/cms\\\/2019\\\/01\\\/yonathan-avishai-mit-seinem-trio-im-jazzclub-unterfahrt\\\/#primaryimage\"},\"image\":{\"@id\":\"https:\\\/\\\/www.jazzzeitung.de\\\/cms\\\/2019\\\/01\\\/yonathan-avishai-mit-seinem-trio-im-jazzclub-unterfahrt\\\/#primaryimage\"},\"thumbnailUrl\":\"https:\\\/\\\/i0.wp.com\\\/www.jazzzeitung.de\\\/cms\\\/wp-content\\\/uploads\\\/2019\\\/01\\\/Yonathan-Avishai-Trio-mit-Uli-Habersetzer-Foto-TJ-Krebs-jazzphotoagency%40web.de_.jpg?fit=1800%2C1200&ssl=1\",\"datePublished\":\"2019-01-15T08:25:12+00:00\",\"dateModified\":\"2019-01-15T09:32:14+00:00\",\"breadcrumb\":{\"@id\":\"https:\\\/\\\/www.jazzzeitung.de\\\/cms\\\/2019\\\/01\\\/yonathan-avishai-mit-seinem-trio-im-jazzclub-unterfahrt\\\/#breadcrumb\"},\"inLanguage\":\"de\",\"potentialAction\":[{\"@type\":\"ReadAction\",\"target\":[\"https:\\\/\\\/www.jazzzeitung.de\\\/cms\\\/2019\\\/01\\\/yonathan-avishai-mit-seinem-trio-im-jazzclub-unterfahrt\\\/\"]}]},{\"@type\":\"ImageObject\",\"inLanguage\":\"de\",\"@id\":\"https:\\\/\\\/www.jazzzeitung.de\\\/cms\\\/2019\\\/01\\\/yonathan-avishai-mit-seinem-trio-im-jazzclub-unterfahrt\\\/#primaryimage\",\"url\":\"https:\\\/\\\/i0.wp.com\\\/www.jazzzeitung.de\\\/cms\\\/wp-content\\\/uploads\\\/2019\\\/01\\\/Yonathan-Avishai-Trio-mit-Uli-Habersetzer-Foto-TJ-Krebs-jazzphotoagency%40web.de_.jpg?fit=1800%2C1200&ssl=1\",\"contentUrl\":\"https:\\\/\\\/i0.wp.com\\\/www.jazzzeitung.de\\\/cms\\\/wp-content\\\/uploads\\\/2019\\\/01\\\/Yonathan-Avishai-Trio-mit-Uli-Habersetzer-Foto-TJ-Krebs-jazzphotoagency%40web.de_.jpg?fit=1800%2C1200&ssl=1\",\"width\":1800,\"height\":1200},{\"@type\":\"BreadcrumbList\",\"@id\":\"https:\\\/\\\/www.jazzzeitung.de\\\/cms\\\/2019\\\/01\\\/yonathan-avishai-mit-seinem-trio-im-jazzclub-unterfahrt\\\/#breadcrumb\",\"itemListElement\":[{\"@type\":\"ListItem\",\"position\":1,\"name\":\"Startseite\",\"item\":\"https:\\\/\\\/www.jazzzeitung.de\\\/cms\\\/\"},{\"@type\":\"ListItem\",\"position\":2,\"name\":\"Yonathan Avishai mit seinem Trio im Jazzclub Unterfahrt\"}]},{\"@type\":\"WebSite\",\"@id\":\"https:\\\/\\\/www.jazzzeitung.de\\\/cms\\\/#website\",\"url\":\"https:\\\/\\\/www.jazzzeitung.de\\\/cms\\\/\",\"name\":\"JazzZeitung\",\"description\":\"Jazz-News und Jazz-Kontroverses\",\"publisher\":{\"@id\":\"https:\\\/\\\/www.jazzzeitung.de\\\/cms\\\/#organization\"},\"potentialAction\":[{\"@type\":\"SearchAction\",\"target\":{\"@type\":\"EntryPoint\",\"urlTemplate\":\"https:\\\/\\\/www.jazzzeitung.de\\\/cms\\\/?s={search_term_string}\"},\"query-input\":{\"@type\":\"PropertyValueSpecification\",\"valueRequired\":true,\"valueName\":\"search_term_string\"}}],\"inLanguage\":\"de\"},{\"@type\":\"Organization\",\"@id\":\"https:\\\/\\\/www.jazzzeitung.de\\\/cms\\\/#organization\",\"name\":\"JazzZeitung online\",\"url\":\"https:\\\/\\\/www.jazzzeitung.de\\\/cms\\\/\",\"logo\":{\"@type\":\"ImageObject\",\"inLanguage\":\"de\",\"@id\":\"https:\\\/\\\/www.jazzzeitung.de\\\/cms\\\/#\\\/schema\\\/logo\\\/image\\\/\",\"url\":\"https:\\\/\\\/i0.wp.com\\\/www.jazzzeitung.de\\\/cms\\\/wp-content\\\/uploads\\\/2015\\\/08\\\/JAZZZEITUNGDE_Logo_Neu.png?fit=499%2C200&ssl=1\",\"contentUrl\":\"https:\\\/\\\/i0.wp.com\\\/www.jazzzeitung.de\\\/cms\\\/wp-content\\\/uploads\\\/2015\\\/08\\\/JAZZZEITUNGDE_Logo_Neu.png?fit=499%2C200&ssl=1\",\"width\":499,\"height\":200,\"caption\":\"JazzZeitung online\"},\"image\":{\"@id\":\"https:\\\/\\\/www.jazzzeitung.de\\\/cms\\\/#\\\/schema\\\/logo\\\/image\\\/\"},\"sameAs\":[\"https:\\\/\\\/www.facebook.com\\\/JazzZeitung\\\/\"]},{\"@type\":\"Person\",\"@id\":\"https:\\\/\\\/www.jazzzeitung.de\\\/cms\\\/#\\\/schema\\\/person\\\/2245b36b9cd1d24cea10f01c031fb92b\",\"name\":\"Redaktion JazzZeitung\",\"image\":{\"@type\":\"ImageObject\",\"inLanguage\":\"de\",\"@id\":\"https:\\\/\\\/i0.wp.com\\\/www.jazzzeitung.de\\\/cms\\\/wp-content\\\/uploads\\\/2015\\\/08\\\/JAZZZEITUNGDE_Logo_Neu.png?resize=96%2C96&ssl=159975dcacb611b5700bd619b5daf0a7a\",\"url\":\"https:\\\/\\\/i0.wp.com\\\/www.jazzzeitung.de\\\/cms\\\/wp-content\\\/uploads\\\/2015\\\/08\\\/JAZZZEITUNGDE_Logo_Neu.png?resize=96%2C96&ssl=1\",\"contentUrl\":\"https:\\\/\\\/i0.wp.com\\\/www.jazzzeitung.de\\\/cms\\\/wp-content\\\/uploads\\\/2015\\\/08\\\/JAZZZEITUNGDE_Logo_Neu.png?resize=96%2C96&ssl=1\",\"caption\":\"Redaktion JazzZeitung\"},\"description\":\"Artikel der Redaktion der JazzZeitung.\",\"sameAs\":[\"http:\\\/\\\/www.jazzzeitung.de\\\/cms\\\/\"],\"url\":\"https:\\\/\\\/www.jazzzeitung.de\\\/cms\\\/author\\\/redaktion\\\/\"}]}<\/script>\n<!-- \/ Yoast SEO plugin. -->","yoast_head_json":{"title":"Yonathan Avishai mit seinem Trio im Jazzclub Unterfahrt - JazzZeitung","robots":{"index":"index","follow":"follow","max-snippet":"max-snippet:-1","max-image-preview":"max-image-preview:large","max-video-preview":"max-video-preview:-1"},"canonical":"https:\/\/www.jazzzeitung.de\/cms\/2019\/01\/yonathan-avishai-mit-seinem-trio-im-jazzclub-unterfahrt\/","og_locale":"de_DE","og_type":"article","og_title":"Yonathan Avishai mit seinem Trio im Jazzclub Unterfahrt - JazzZeitung","og_description":"Letzte Woche gastierte das Yonathan Avishai Trio im M\u00fcnchner Jazzclub Unterfahrt. Als Pianist bei Avishai Cohen war er an dessen ECM Alben \u201eInto The Silence\u201c und \u201eCross My Palm With Silver\u201c mit beteiligt, w\u00e4hrend Yonathan Avishai selbst seit \u00fcber 5 Jahren mit seinem eigenen Piano-Trio die Klangwelt der 88 Tasten erkundet und weiter entwickelt. Im ersten Set des Abends pr\u00e4sentierte das Trio ihre neue CD \u201eJoys and Solitudes\u201c, die Ende des Monats auf dem Label ECM erscheinen wird. Im zweiten Set schlie\u00dflich spielte das Trio eine Mischung aus \u00e4lteren Originals aus der Feder Avishais, sowie ein paar einzigartig arrangierte Standards. Den gesamten Abend \u00fcber vermittelte das Trio eine leichte, federnde Spannung mit immer wieder leisen, aber eindringlichen \u00dcberraschungsmomenten. Kongenial begleitet wurde der in Israel geborene und mittlerweile im Pariser Umland ans\u00e4ssige Yonathan Avishai dabei von Yoni Zelnik am Bass sowie dem Schlagzeuger Donald Kontomanou. Was sofort auffiel war die extrem lyrische Art, mit dem das Trio ihren H\u00f6rern im Spiel begegnete. Standards wie Ellingtons \u201eMood Indigo\u201c oder John Lewis \u201eDjango\u201c wurden harmonisch geradezu seziert, mit viel Raum f\u00fcr den Klang, fast meditativ gespielt, w\u00e4hrend Originalkompositionen &hellip;","og_url":"https:\/\/www.jazzzeitung.de\/cms\/2019\/01\/yonathan-avishai-mit-seinem-trio-im-jazzclub-unterfahrt\/","og_site_name":"JazzZeitung","article_publisher":"https:\/\/www.facebook.com\/JazzZeitung\/","article_published_time":"2019-01-15T08:25:12+00:00","article_modified_time":"2019-01-15T09:32:14+00:00","og_image":[{"width":1800,"height":1200,"url":"https:\/\/i0.wp.com\/www.jazzzeitung.de\/cms\/wp-content\/uploads\/2019\/01\/Yonathan-Avishai-Trio-mit-Uli-Habersetzer-Foto-TJ-Krebs-jazzphotoagency@web.de_.jpg?fit=1800%2C1200&ssl=1","type":"image\/jpeg"}],"author":"Redaktion JazzZeitung","schema":{"@context":"https:\/\/schema.org","@graph":[{"@type":"Article","@id":"https:\/\/www.jazzzeitung.de\/cms\/2019\/01\/yonathan-avishai-mit-seinem-trio-im-jazzclub-unterfahrt\/#article","isPartOf":{"@id":"https:\/\/www.jazzzeitung.de\/cms\/2019\/01\/yonathan-avishai-mit-seinem-trio-im-jazzclub-unterfahrt\/"},"author":{"name":"Redaktion JazzZeitung","@id":"https:\/\/www.jazzzeitung.de\/cms\/#\/schema\/person\/2245b36b9cd1d24cea10f01c031fb92b"},"headline":"Yonathan Avishai mit seinem Trio im Jazzclub Unterfahrt","datePublished":"2019-01-15T08:25:12+00:00","dateModified":"2019-01-15T09:32:14+00:00","mainEntityOfPage":{"@id":"https:\/\/www.jazzzeitung.de\/cms\/2019\/01\/yonathan-avishai-mit-seinem-trio-im-jazzclub-unterfahrt\/"},"wordCount":331,"commentCount":0,"publisher":{"@id":"https:\/\/www.jazzzeitung.de\/cms\/#organization"},"image":{"@id":"https:\/\/www.jazzzeitung.de\/cms\/2019\/01\/yonathan-avishai-mit-seinem-trio-im-jazzclub-unterfahrt\/#primaryimage"},"thumbnailUrl":"https:\/\/i0.wp.com\/www.jazzzeitung.de\/cms\/wp-content\/uploads\/2019\/01\/Yonathan-Avishai-Trio-mit-Uli-Habersetzer-Foto-TJ-Krebs-jazzphotoagency%40web.de_.jpg?fit=1800%2C1200&ssl=1","keywords":["Avishai Cohen","Br-Klassik","ECM","Jazzclub","Thomas J. Krebs","Unterfahrt","Yonathan Avishai Trio"],"articleSection":["Bericht","Galerie"],"inLanguage":"de","potentialAction":[{"@type":"CommentAction","name":"Comment","target":["https:\/\/www.jazzzeitung.de\/cms\/2019\/01\/yonathan-avishai-mit-seinem-trio-im-jazzclub-unterfahrt\/#respond"]}]},{"@type":"WebPage","@id":"https:\/\/www.jazzzeitung.de\/cms\/2019\/01\/yonathan-avishai-mit-seinem-trio-im-jazzclub-unterfahrt\/","url":"https:\/\/www.jazzzeitung.de\/cms\/2019\/01\/yonathan-avishai-mit-seinem-trio-im-jazzclub-unterfahrt\/","name":"Yonathan Avishai mit seinem Trio im Jazzclub Unterfahrt - JazzZeitung","isPartOf":{"@id":"https:\/\/www.jazzzeitung.de\/cms\/#website"},"primaryImageOfPage":{"@id":"https:\/\/www.jazzzeitung.de\/cms\/2019\/01\/yonathan-avishai-mit-seinem-trio-im-jazzclub-unterfahrt\/#primaryimage"},"image":{"@id":"https:\/\/www.jazzzeitung.de\/cms\/2019\/01\/yonathan-avishai-mit-seinem-trio-im-jazzclub-unterfahrt\/#primaryimage"},"thumbnailUrl":"https:\/\/i0.wp.com\/www.jazzzeitung.de\/cms\/wp-content\/uploads\/2019\/01\/Yonathan-Avishai-Trio-mit-Uli-Habersetzer-Foto-TJ-Krebs-jazzphotoagency%40web.de_.jpg?fit=1800%2C1200&ssl=1","datePublished":"2019-01-15T08:25:12+00:00","dateModified":"2019-01-15T09:32:14+00:00","breadcrumb":{"@id":"https:\/\/www.jazzzeitung.de\/cms\/2019\/01\/yonathan-avishai-mit-seinem-trio-im-jazzclub-unterfahrt\/#breadcrumb"},"inLanguage":"de","potentialAction":[{"@type":"ReadAction","target":["https:\/\/www.jazzzeitung.de\/cms\/2019\/01\/yonathan-avishai-mit-seinem-trio-im-jazzclub-unterfahrt\/"]}]},{"@type":"ImageObject","inLanguage":"de","@id":"https:\/\/www.jazzzeitung.de\/cms\/2019\/01\/yonathan-avishai-mit-seinem-trio-im-jazzclub-unterfahrt\/#primaryimage","url":"https:\/\/i0.wp.com\/www.jazzzeitung.de\/cms\/wp-content\/uploads\/2019\/01\/Yonathan-Avishai-Trio-mit-Uli-Habersetzer-Foto-TJ-Krebs-jazzphotoagency%40web.de_.jpg?fit=1800%2C1200&ssl=1","contentUrl":"https:\/\/i0.wp.com\/www.jazzzeitung.de\/cms\/wp-content\/uploads\/2019\/01\/Yonathan-Avishai-Trio-mit-Uli-Habersetzer-Foto-TJ-Krebs-jazzphotoagency%40web.de_.jpg?fit=1800%2C1200&ssl=1","width":1800,"height":1200},{"@type":"BreadcrumbList","@id":"https:\/\/www.jazzzeitung.de\/cms\/2019\/01\/yonathan-avishai-mit-seinem-trio-im-jazzclub-unterfahrt\/#breadcrumb","itemListElement":[{"@type":"ListItem","position":1,"name":"Startseite","item":"https:\/\/www.jazzzeitung.de\/cms\/"},{"@type":"ListItem","position":2,"name":"Yonathan Avishai mit seinem Trio im Jazzclub Unterfahrt"}]},{"@type":"WebSite","@id":"https:\/\/www.jazzzeitung.de\/cms\/#website","url":"https:\/\/www.jazzzeitung.de\/cms\/","name":"JazzZeitung","description":"Jazz-News und Jazz-Kontroverses","publisher":{"@id":"https:\/\/www.jazzzeitung.de\/cms\/#organization"},"potentialAction":[{"@type":"SearchAction","target":{"@type":"EntryPoint","urlTemplate":"https:\/\/www.jazzzeitung.de\/cms\/?s={search_term_string}"},"query-input":{"@type":"PropertyValueSpecification","valueRequired":true,"valueName":"search_term_string"}}],"inLanguage":"de"},{"@type":"Organization","@id":"https:\/\/www.jazzzeitung.de\/cms\/#organization","name":"JazzZeitung online","url":"https:\/\/www.jazzzeitung.de\/cms\/","logo":{"@type":"ImageObject","inLanguage":"de","@id":"https:\/\/www.jazzzeitung.de\/cms\/#\/schema\/logo\/image\/","url":"https:\/\/i0.wp.com\/www.jazzzeitung.de\/cms\/wp-content\/uploads\/2015\/08\/JAZZZEITUNGDE_Logo_Neu.png?fit=499%2C200&ssl=1","contentUrl":"https:\/\/i0.wp.com\/www.jazzzeitung.de\/cms\/wp-content\/uploads\/2015\/08\/JAZZZEITUNGDE_Logo_Neu.png?fit=499%2C200&ssl=1","width":499,"height":200,"caption":"JazzZeitung online"},"image":{"@id":"https:\/\/www.jazzzeitung.de\/cms\/#\/schema\/logo\/image\/"},"sameAs":["https:\/\/www.facebook.com\/JazzZeitung\/"]},{"@type":"Person","@id":"https:\/\/www.jazzzeitung.de\/cms\/#\/schema\/person\/2245b36b9cd1d24cea10f01c031fb92b","name":"Redaktion JazzZeitung","image":{"@type":"ImageObject","inLanguage":"de","@id":"https:\/\/i0.wp.com\/www.jazzzeitung.de\/cms\/wp-content\/uploads\/2015\/08\/JAZZZEITUNGDE_Logo_Neu.png?resize=96%2C96&ssl=159975dcacb611b5700bd619b5daf0a7a","url":"https:\/\/i0.wp.com\/www.jazzzeitung.de\/cms\/wp-content\/uploads\/2015\/08\/JAZZZEITUNGDE_Logo_Neu.png?resize=96%2C96&ssl=1","contentUrl":"https:\/\/i0.wp.com\/www.jazzzeitung.de\/cms\/wp-content\/uploads\/2015\/08\/JAZZZEITUNGDE_Logo_Neu.png?resize=96%2C96&ssl=1","caption":"Redaktion JazzZeitung"},"description":"Artikel der Redaktion der JazzZeitung.","sameAs":["http:\/\/www.jazzzeitung.de\/cms\/"],"url":"https:\/\/www.jazzzeitung.de\/cms\/author\/redaktion\/"}]}},"wp-worthy-pixel":{"ignored":false,"public":null,"server":null,"url":null},"wp-worthy-type":"normal","jetpack_publicize_connections":[],"cc_featured_image_caption":{"caption_text":"","source_text":"","source_url":""},"jetpack_featured_media_url":"https:\/\/i0.wp.com\/www.jazzzeitung.de\/cms\/wp-content\/uploads\/2019\/01\/Yonathan-Avishai-Trio-mit-Uli-Habersetzer-Foto-TJ-Krebs-jazzphotoagency%40web.de_.jpg?fit=1800%2C1200&ssl=1","jetpack_shortlink":"https:\/\/wp.me\/p3KEcT-4Ls","jetpack-related-posts":[{"id":18359,"url":"https:\/\/www.jazzzeitung.de\/cms\/2019\/01\/das-yonathan-avishai-trio-beschliesst-die-ausstellung-der-wind-das-licht-ecm-und-das-bild-im-kunstverein-ingolstadt\/","url_meta":{"origin":18318,"position":0},"title":"Das Yonathan Avishai Trio beschlie\u00dft die Ausstellung &#8222;Der Wind, das Licht | ECM und das Bild&#8220; im Kunstverein Ingolstadt","author":"Redaktion JazzZeitung","date":"17. Januar 2019","format":false,"excerpt":"\u201eDer Wind, das Licht | ECM und das Bild\u201c hei\u00dft eine Ausstellung des Kunstverein Ingolstadt e.V, die noch bis 27. Januar 2019 zu sehen ist. Der Kunstverein Ingolstadt widmet sich in dieser Ausstellung der Cover Art des Musiklabels ECM, Edition of Contemporary Music.\u00a0ECM hat sich seit seiner Gr\u00fcndung 1969 dem\u2026","rel":"","context":"In &quot;Galerie&quot;","block_context":{"text":"Galerie","link":"https:\/\/www.jazzzeitung.de\/cms\/thema\/galerie\/"},"img":{"alt_text":"","src":"https:\/\/i0.wp.com\/www.jazzzeitung.de\/cms\/wp-content\/uploads\/2019\/01\/7486872c-c799-4421-bded-be3c727e1db3.jpg?fit=1024%2C768&ssl=1&resize=350%2C200","width":350,"height":200,"srcset":"https:\/\/i0.wp.com\/www.jazzzeitung.de\/cms\/wp-content\/uploads\/2019\/01\/7486872c-c799-4421-bded-be3c727e1db3.jpg?fit=1024%2C768&ssl=1&resize=350%2C200 1x, https:\/\/i0.wp.com\/www.jazzzeitung.de\/cms\/wp-content\/uploads\/2019\/01\/7486872c-c799-4421-bded-be3c727e1db3.jpg?fit=1024%2C768&ssl=1&resize=525%2C300 1.5x, https:\/\/i0.wp.com\/www.jazzzeitung.de\/cms\/wp-content\/uploads\/2019\/01\/7486872c-c799-4421-bded-be3c727e1db3.jpg?fit=1024%2C768&ssl=1&resize=700%2C400 2x"},"classes":[]},{"id":8622,"url":"https:\/\/www.jazzzeitung.de\/cms\/2016\/03\/bildergalerie-dave-holland-und-avishai-cohen\/","url_meta":{"origin":18318,"position":1},"title":"Bildergalerie: Dave Holland und Avishai Cohen","author":"Redaktion JazzZeitung","date":"8. M\u00e4rz 2016","format":false,"excerpt":"Das Dave Holland Trio und Avishai Cohen: Bilder aus dem Bayerischen Hof und der M\u00fcnchner Unterfahrt, danke Ralf Dombrowski!","rel":"","context":"In &quot;Galerie&quot;","block_context":{"text":"Galerie","link":"https:\/\/www.jazzzeitung.de\/cms\/thema\/galerie\/"},"img":{"alt_text":"","src":"https:\/\/i0.wp.com\/www.jazzzeitung.de\/cms\/wp-content\/uploads\/2016\/03\/0K3A0845-Obed-Calvaire-dombr.jpg?resize=350%2C200","width":350,"height":200,"srcset":"https:\/\/i0.wp.com\/www.jazzzeitung.de\/cms\/wp-content\/uploads\/2016\/03\/0K3A0845-Obed-Calvaire-dombr.jpg?resize=350%2C200 1x, https:\/\/i0.wp.com\/www.jazzzeitung.de\/cms\/wp-content\/uploads\/2016\/03\/0K3A0845-Obed-Calvaire-dombr.jpg?resize=525%2C300 1.5x, https:\/\/i0.wp.com\/www.jazzzeitung.de\/cms\/wp-content\/uploads\/2016\/03\/0K3A0845-Obed-Calvaire-dombr.jpg?resize=700%2C400 2x, https:\/\/i0.wp.com\/www.jazzzeitung.de\/cms\/wp-content\/uploads\/2016\/03\/0K3A0845-Obed-Calvaire-dombr.jpg?resize=1050%2C600 3x"},"classes":[]},{"id":20828,"url":"https:\/\/www.jazzzeitung.de\/cms\/2019\/10\/festivals-mit-ecm-schwerpunkten-eine-uebersicht-der-jazzzeitung\/","url_meta":{"origin":18318,"position":2},"title":"Festivals mit ECM-Schwerpunkten &#8211; eine \u00dcbersicht der JazzZeitung","author":"Redaktion JazzZeitung","date":"3. Oktober 2019","format":false,"excerpt":"Enjoy Jazz, das Internationale Festival f\u00fcr Jazz und Anderes, in Mannheim pr\u00e4sentiert sich in diesem Jahr zum 21. Mal und findet vom 02. Oktober bis 16. November 2019 statt. Sechseinhalb Wochen lang bietet das Festival hochkar\u00e4tige, vielseitige Veranstaltungen mit dem Schwerpunkt auf Jazz, aber auch angrenzenden Genres wie Klassik, Pop,\u2026","rel":"","context":"In &quot;News&quot;","block_context":{"text":"News","link":"https:\/\/www.jazzzeitung.de\/cms\/thema\/nachrichten\/"},"img":{"alt_text":"","src":"https:\/\/i0.wp.com\/www.jazzzeitung.de\/cms\/wp-content\/uploads\/2019\/10\/Maciej-Obara-by-Urszula-Tarasiewicz.jpg?fit=1200%2C800&ssl=1&resize=350%2C200","width":350,"height":200,"srcset":"https:\/\/i0.wp.com\/www.jazzzeitung.de\/cms\/wp-content\/uploads\/2019\/10\/Maciej-Obara-by-Urszula-Tarasiewicz.jpg?fit=1200%2C800&ssl=1&resize=350%2C200 1x, https:\/\/i0.wp.com\/www.jazzzeitung.de\/cms\/wp-content\/uploads\/2019\/10\/Maciej-Obara-by-Urszula-Tarasiewicz.jpg?fit=1200%2C800&ssl=1&resize=525%2C300 1.5x, https:\/\/i0.wp.com\/www.jazzzeitung.de\/cms\/wp-content\/uploads\/2019\/10\/Maciej-Obara-by-Urszula-Tarasiewicz.jpg?fit=1200%2C800&ssl=1&resize=700%2C400 2x, https:\/\/i0.wp.com\/www.jazzzeitung.de\/cms\/wp-content\/uploads\/2019\/10\/Maciej-Obara-by-Urszula-Tarasiewicz.jpg?fit=1200%2C800&ssl=1&resize=1050%2C600 3x"},"classes":[]},{"id":32077,"url":"https:\/\/www.jazzzeitung.de\/cms\/2025\/01\/spindrift-cd-pre-release-mit-dem-benny-lackner-quintet-im-jazzclub-unterfahrt\/","url_meta":{"origin":18318,"position":3},"title":"Spindrift: CD Pre-Release mit dem Benny Lackner Quintet im Jazzclub Unterfahrt","author":"Redaktion JazzZeitung","date":"14. Januar 2025","format":false,"excerpt":"Der Pianist Benny Lackner wirbelt mit seinem Quintett feinste Melodien auf, mit zeitlosem Wiedererkennungswert, die dem H\u00f6rer lange Zeit im Ged\u00e4chtnis bleiben. Jazz f\u00fcr die Ewigkeit! Im Jazzclub Unterfahrt fand letzte Woche ein Pre-Release Konzert von Lackners bei ECM erschienen Aufnahme \u201eSpindrift\u201c statt. Mit von der Partie auf der B\u00fchne\u2026","rel":"","context":"In &quot;Bericht&quot;","block_context":{"text":"Bericht","link":"https:\/\/www.jazzzeitung.de\/cms\/thema\/bericht\/"},"img":{"alt_text":"","src":"https:\/\/i0.wp.com\/www.jazzzeitung.de\/cms\/wp-content\/uploads\/2025\/01\/P1466107-sw-Lackner-5-Foto-TJ-Krebs.jpg?fit=1200%2C799&ssl=1&resize=350%2C200","width":350,"height":200,"srcset":"https:\/\/i0.wp.com\/www.jazzzeitung.de\/cms\/wp-content\/uploads\/2025\/01\/P1466107-sw-Lackner-5-Foto-TJ-Krebs.jpg?fit=1200%2C799&ssl=1&resize=350%2C200 1x, https:\/\/i0.wp.com\/www.jazzzeitung.de\/cms\/wp-content\/uploads\/2025\/01\/P1466107-sw-Lackner-5-Foto-TJ-Krebs.jpg?fit=1200%2C799&ssl=1&resize=525%2C300 1.5x, https:\/\/i0.wp.com\/www.jazzzeitung.de\/cms\/wp-content\/uploads\/2025\/01\/P1466107-sw-Lackner-5-Foto-TJ-Krebs.jpg?fit=1200%2C799&ssl=1&resize=700%2C400 2x, https:\/\/i0.wp.com\/www.jazzzeitung.de\/cms\/wp-content\/uploads\/2025\/01\/P1466107-sw-Lackner-5-Foto-TJ-Krebs.jpg?fit=1200%2C799&ssl=1&resize=1050%2C600 3x"},"classes":[]},{"id":18055,"url":"https:\/\/www.jazzzeitung.de\/cms\/2018\/12\/das-trio-escape-argot-im-jazzclub-unterfahrt\/","url_meta":{"origin":18318,"position":4},"title":"Das Trio &#8222;Escape Argot&#8220; im Jazzclub Unterfahrt","author":"Redaktion JazzZeitung","date":"9. Dezember 2018","format":false,"excerpt":"Da wird sich so manch einer im Nachhinein \u00e4rgern, diesen fantastischen Gig verpasst zu haben. Die Schweiz zu Gast im M\u00fcnchner Jazzclub Unterfahrt: der Schlagzeuger Christoph Steiner (\u201eHildegard lernt fliegen\u201c) entwickelt mit dem Trio \"Escape Argot\" zusammen mit Pianist Florian Favre und Christoph Grab am Saxophon eine eigene Klangsprache. Favre\u2026","rel":"","context":"In &quot;Bericht&quot;","block_context":{"text":"Bericht","link":"https:\/\/www.jazzzeitung.de\/cms\/thema\/bericht\/"},"img":{"alt_text":"","src":"https:\/\/i0.wp.com\/www.jazzzeitung.de\/cms\/wp-content\/uploads\/2018\/12\/Florian-Favre-H%C3%A4nde-Foto-TJ-Krebs-jazzphotoagency%40web.de_.jpg?fit=1200%2C800&ssl=1&resize=350%2C200","width":350,"height":200,"srcset":"https:\/\/i0.wp.com\/www.jazzzeitung.de\/cms\/wp-content\/uploads\/2018\/12\/Florian-Favre-H%C3%A4nde-Foto-TJ-Krebs-jazzphotoagency%40web.de_.jpg?fit=1200%2C800&ssl=1&resize=350%2C200 1x, https:\/\/i0.wp.com\/www.jazzzeitung.de\/cms\/wp-content\/uploads\/2018\/12\/Florian-Favre-H%C3%A4nde-Foto-TJ-Krebs-jazzphotoagency%40web.de_.jpg?fit=1200%2C800&ssl=1&resize=525%2C300 1.5x, https:\/\/i0.wp.com\/www.jazzzeitung.de\/cms\/wp-content\/uploads\/2018\/12\/Florian-Favre-H%C3%A4nde-Foto-TJ-Krebs-jazzphotoagency%40web.de_.jpg?fit=1200%2C800&ssl=1&resize=700%2C400 2x, https:\/\/i0.wp.com\/www.jazzzeitung.de\/cms\/wp-content\/uploads\/2018\/12\/Florian-Favre-H%C3%A4nde-Foto-TJ-Krebs-jazzphotoagency%40web.de_.jpg?fit=1200%2C800&ssl=1&resize=1050%2C600 3x"},"classes":[]},{"id":20433,"url":"https:\/\/www.jazzzeitung.de\/cms\/2019\/08\/news-2-achava-jazz-award-verleihung\/","url_meta":{"origin":18318,"position":5},"title":"+++ News +++ 2. ACHAVA Jazz Award-Verleihung +++ Don Menza meets Max Greger Junior  +++","author":"Redaktion JazzZeitung","date":"23. August 2019","format":false,"excerpt":"+++ Verleihung des 2. ACHAVA Jazz Award an das Miguel Zen\u00f3n Quartett +++ Ein H\u00f6hepunkt des Jazzjahres f\u00fchrt die Cr\u00e8me de la cr\u00e8me nach Weimar: Der mit 11.000 Euro dotierte transkulturelle 2. ACHAVA Jazz Award wird im Rahmen eines Sonderkonzerts beim \"White City Jazz\"-Treffen in Weimar offiziell am Samstag, 28.\u2026","rel":"","context":"In &quot;News&quot;","block_context":{"text":"News","link":"https:\/\/www.jazzzeitung.de\/cms\/thema\/nachrichten\/"},"img":{"alt_text":"","src":"https:\/\/i0.wp.com\/www.jazzzeitung.de\/cms\/wp-content\/uploads\/2019\/08\/Miguel_Zenon_Quartet_Foto_Noah-Shaye.jpg?fit=1200%2C926&ssl=1&resize=350%2C200","width":350,"height":200,"srcset":"https:\/\/i0.wp.com\/www.jazzzeitung.de\/cms\/wp-content\/uploads\/2019\/08\/Miguel_Zenon_Quartet_Foto_Noah-Shaye.jpg?fit=1200%2C926&ssl=1&resize=350%2C200 1x, https:\/\/i0.wp.com\/www.jazzzeitung.de\/cms\/wp-content\/uploads\/2019\/08\/Miguel_Zenon_Quartet_Foto_Noah-Shaye.jpg?fit=1200%2C926&ssl=1&resize=525%2C300 1.5x, https:\/\/i0.wp.com\/www.jazzzeitung.de\/cms\/wp-content\/uploads\/2019\/08\/Miguel_Zenon_Quartet_Foto_Noah-Shaye.jpg?fit=1200%2C926&ssl=1&resize=700%2C400 2x, https:\/\/i0.wp.com\/www.jazzzeitung.de\/cms\/wp-content\/uploads\/2019\/08\/Miguel_Zenon_Quartet_Foto_Noah-Shaye.jpg?fit=1200%2C926&ssl=1&resize=1050%2C600 3x"},"classes":[]}],"jetpack_sharing_enabled":true,"_links":{"self":[{"href":"https:\/\/www.jazzzeitung.de\/cms\/wp-json\/wp\/v2\/posts\/18318","targetHints":{"allow":["GET"]}}],"collection":[{"href":"https:\/\/www.jazzzeitung.de\/cms\/wp-json\/wp\/v2\/posts"}],"about":[{"href":"https:\/\/www.jazzzeitung.de\/cms\/wp-json\/wp\/v2\/types\/post"}],"author":[{"embeddable":true,"href":"https:\/\/www.jazzzeitung.de\/cms\/wp-json\/wp\/v2\/users\/18"}],"replies":[{"embeddable":true,"href":"https:\/\/www.jazzzeitung.de\/cms\/wp-json\/wp\/v2\/comments?post=18318"}],"version-history":[{"count":3,"href":"https:\/\/www.jazzzeitung.de\/cms\/wp-json\/wp\/v2\/posts\/18318\/revisions"}],"predecessor-version":[{"id":18332,"href":"https:\/\/www.jazzzeitung.de\/cms\/wp-json\/wp\/v2\/posts\/18318\/revisions\/18332"}],"wp:featuredmedia":[{"embeddable":true,"href":"https:\/\/www.jazzzeitung.de\/cms\/wp-json\/wp\/v2\/media\/18326"}],"wp:attachment":[{"href":"https:\/\/www.jazzzeitung.de\/cms\/wp-json\/wp\/v2\/media?parent=18318"}],"wp:term":[{"taxonomy":"category","embeddable":true,"href":"https:\/\/www.jazzzeitung.de\/cms\/wp-json\/wp\/v2\/categories?post=18318"},{"taxonomy":"post_tag","embeddable":true,"href":"https:\/\/www.jazzzeitung.de\/cms\/wp-json\/wp\/v2\/tags?post=18318"},{"taxonomy":"author","embeddable":true,"href":"https:\/\/www.jazzzeitung.de\/cms\/wp-json\/wp\/v2\/coauthors?post=18318"}],"curies":[{"name":"wp","href":"https:\/\/api.w.org\/{rel}","templated":true}]}}