{"id":18234,"date":"2019-01-10T16:35:23","date_gmt":"2019-01-10T15:35:23","guid":{"rendered":"https:\/\/www.jazzzeitung.de\/cms\/?p=18234"},"modified":"2019-01-10T16:27:10","modified_gmt":"2019-01-10T15:27:10","slug":"news-vokalensemble-iki-im-bix-jazzclub-lounge-in-stuttgart-p-jam-im-jazzclub-im-leeren-beutel-in-regensburg","status":"publish","type":"post","link":"https:\/\/www.jazzzeitung.de\/cms\/2019\/01\/news-vokalensemble-iki-im-bix-jazzclub-lounge-in-stuttgart-p-jam-im-jazzclub-im-leeren-beutel-in-regensburg\/","title":{"rendered":"+++ News: +++ Vokalensemble IKI im BIX Jazzclub &#038; Lounge in Stuttgart+++ P-JAM im Jazzclub im \u201eLeeren Beutel\u201c in Regensburg +++"},"content":{"rendered":"<h3><strong>F\u00fcnf Nordlichter mit Souvenir\u00a0 im Gep\u00e4ck<\/strong><\/h3>\n<figure id=\"attachment_18245\" aria-describedby=\"caption-attachment-18245\" style=\"width: 300px\" class=\"wp-caption alignleft\"><a href=\"https:\/\/i0.wp.com\/www.jazzzeitung.de\/cms\/wp-content\/uploads\/2019\/01\/Neu-IKI4.jpg?ssl=1\"><img data-recalc-dims=\"1\" loading=\"lazy\" decoding=\"async\" data-attachment-id=\"18245\" data-permalink=\"https:\/\/www.jazzzeitung.de\/cms\/2019\/01\/news-vokalensemble-iki-im-bix-jazzclub-lounge-in-stuttgart-p-jam-im-jazzclub-im-leeren-beutel-in-regensburg\/neu-iki4\/\" data-orig-file=\"https:\/\/i0.wp.com\/www.jazzzeitung.de\/cms\/wp-content\/uploads\/2019\/01\/Neu-IKI4.jpg?fit=340%2C227&amp;ssl=1\" data-orig-size=\"340,227\" data-comments-opened=\"1\" data-image-meta=\"{&quot;aperture&quot;:&quot;4&quot;,&quot;credit&quot;:&quot;&quot;,&quot;camera&quot;:&quot;Canon EOS 5D Mark II&quot;,&quot;caption&quot;:&quot;&quot;,&quot;created_timestamp&quot;:&quot;1495455748&quot;,&quot;copyright&quot;:&quot;&quot;,&quot;focal_length&quot;:&quot;50&quot;,&quot;iso&quot;:&quot;2000&quot;,&quot;shutter_speed&quot;:&quot;0.01&quot;,&quot;title&quot;:&quot;&quot;,&quot;orientation&quot;:&quot;1&quot;}\" data-image-title=\"Neu IKI4\" data-image-description=\"\" data-image-caption=\"\" data-large-file=\"https:\/\/i0.wp.com\/www.jazzzeitung.de\/cms\/wp-content\/uploads\/2019\/01\/Neu-IKI4.jpg?fit=340%2C227&amp;ssl=1\" class=\"wp-image-18245 size-medium\" src=\"https:\/\/i0.wp.com\/www.jazzzeitung.de\/cms\/wp-content\/uploads\/2019\/01\/Neu-IKI4.jpg?resize=300%2C200&#038;ssl=1\" alt=\"\" width=\"300\" height=\"200\" srcset=\"https:\/\/i0.wp.com\/www.jazzzeitung.de\/cms\/wp-content\/uploads\/2019\/01\/Neu-IKI4.jpg?resize=300%2C200&amp;ssl=1 300w, https:\/\/i0.wp.com\/www.jazzzeitung.de\/cms\/wp-content\/uploads\/2019\/01\/Neu-IKI4.jpg?resize=120%2C80&amp;ssl=1 120w, https:\/\/i0.wp.com\/www.jazzzeitung.de\/cms\/wp-content\/uploads\/2019\/01\/Neu-IKI4.jpg?w=340&amp;ssl=1 340w\" sizes=\"auto, (max-width: 300px) 100vw, 300px\" \/><\/a><figcaption id=\"caption-attachment-18245\" class=\"wp-caption-text\">Vokalensemble IKI aus Skandinavien<\/figcaption><\/figure>\n<p>Skandinavischer Besuch im deutschen S\u00fcden: Das improvisierende Vokalensemble IKI setzt sich aus f\u00fcnf S\u00e4ngerinnen aus D\u00e4nemark, Norwegen und Finnland zusammen. Von Pop und Klassik \u00fcber Jazz bis hin zur Avantgarde steht ihr kontrastreiches Programm stets unter dem musikalischen Aspekt des Nordens. Auf ihrem aktuellen Album ORACLE probiert sich das Gesangsquintett mit elektronischen Elementen in einer neuen Klangoffensive aus. Jetzt will IKI live zeigen, welche neuen, nordischen Klangbilder sie aus ihrer Heimat mitbringen (17.01.19 um 20:30 Uhr auf der B\u00fchne des Stuttgarter BIX). <a href=\"http:\/\/www.bix-stuttgart.de\">www.bix-stuttgart.de<\/a><\/p>\n<h3><\/h3>\n<h3><strong>Write it, cover it, loop it!<\/strong><\/h3>\n<p><a href=\"https:\/\/i0.wp.com\/www.jazzzeitung.de\/cms\/wp-content\/uploads\/2019\/01\/jc-20190120-Bandfoto_PJAM_01.jpg?ssl=1\"><img data-recalc-dims=\"1\" loading=\"lazy\" decoding=\"async\" data-attachment-id=\"18240\" data-permalink=\"https:\/\/www.jazzzeitung.de\/cms\/2019\/01\/news-vokalensemble-iki-im-bix-jazzclub-lounge-in-stuttgart-p-jam-im-jazzclub-im-leeren-beutel-in-regensburg\/jc-20190120-bandfoto_pjam_01\/\" data-orig-file=\"https:\/\/i0.wp.com\/www.jazzzeitung.de\/cms\/wp-content\/uploads\/2019\/01\/jc-20190120-Bandfoto_PJAM_01.jpg?fit=600%2C630&amp;ssl=1\" data-orig-size=\"600,630\" data-comments-opened=\"1\" data-image-meta=\"{&quot;aperture&quot;:&quot;0&quot;,&quot;credit&quot;:&quot;&quot;,&quot;camera&quot;:&quot;&quot;,&quot;caption&quot;:&quot;&quot;,&quot;created_timestamp&quot;:&quot;0&quot;,&quot;copyright&quot;:&quot;&quot;,&quot;focal_length&quot;:&quot;0&quot;,&quot;iso&quot;:&quot;0&quot;,&quot;shutter_speed&quot;:&quot;0&quot;,&quot;title&quot;:&quot;&quot;,&quot;orientation&quot;:&quot;0&quot;}\" data-image-title=\"jc-20190120-Bandfoto_PJAM_01\" data-image-description=\"\" data-image-caption=\"\" data-large-file=\"https:\/\/i0.wp.com\/www.jazzzeitung.de\/cms\/wp-content\/uploads\/2019\/01\/jc-20190120-Bandfoto_PJAM_01.jpg?fit=571%2C600&amp;ssl=1\" class=\"alignleft size-medium wp-image-18240\" src=\"https:\/\/i0.wp.com\/www.jazzzeitung.de\/cms\/wp-content\/uploads\/2019\/01\/jc-20190120-Bandfoto_PJAM_01.jpg?resize=286%2C300&#038;ssl=1\" alt=\"\" width=\"286\" height=\"300\" srcset=\"https:\/\/i0.wp.com\/www.jazzzeitung.de\/cms\/wp-content\/uploads\/2019\/01\/jc-20190120-Bandfoto_PJAM_01.jpg?resize=286%2C300&amp;ssl=1 286w, https:\/\/i0.wp.com\/www.jazzzeitung.de\/cms\/wp-content\/uploads\/2019\/01\/jc-20190120-Bandfoto_PJAM_01.jpg?resize=571%2C600&amp;ssl=1 571w, https:\/\/i0.wp.com\/www.jazzzeitung.de\/cms\/wp-content\/uploads\/2019\/01\/jc-20190120-Bandfoto_PJAM_01.jpg?w=600&amp;ssl=1 600w\" sizes=\"auto, (max-width: 286px) 100vw, 286px\" \/><\/a>Dieser Programmtitel verspricht eine kreative, bunte Musikmischung, die die zw\u00f6lf jungen Musiker von P-JAM auf die B\u00fchne bringen. Die konventionelle Band-Besetzung\u00a0 erweitert P-JAM durch klassische Streich- und Blasinstrumente. Das Ensemble erwartet sein Publikum mit eigenen Arrangements, aber eben auch mit Eigenkompositionen, Cover und Loops am 20.01.19 um 20 Uhr auf der B\u00fchne des Jazzclubs im \u201eLeeren Beutel\u201c.<\/p>\n<p><a href=\"http:\/\/www.jazzclub-regensburg.de\">www.jazzclub-regensburg.de<\/a><\/p>\n<p>&nbsp;<\/p>\n","protected":false},"excerpt":{"rendered":"<p>F\u00fcnf Nordlichter mit Souvenir\u00a0 im Gep\u00e4ck Skandinavischer Besuch im deutschen S\u00fcden: Das improvisierende Vokalensemble IKI setzt sich aus f\u00fcnf S\u00e4ngerinnen aus D\u00e4nemark, Norwegen und Finnland zusammen. Von Pop und Klassik \u00fcber Jazz bis hin zur Avantgarde steht ihr kontrastreiches Programm stets unter dem musikalischen Aspekt des Nordens. Auf ihrem aktuellen Album ORACLE probiert sich das Gesangsquintett mit elektronischen Elementen in einer neuen Klangoffensive aus. Jetzt will IKI live zeigen, welche neuen, nordischen Klangbilder sie aus ihrer Heimat mitbringen (17.01.19 um 20:30 Uhr auf der B\u00fchne des Stuttgarter BIX). www.bix-stuttgart.de Write it, cover it, loop it! Dieser Programmtitel verspricht eine kreative, bunte Musikmischung, die die zw\u00f6lf jungen Musiker von P-JAM auf die B\u00fchne bringen. Die konventionelle Band-Besetzung\u00a0 erweitert P-JAM durch klassische Streich- und Blasinstrumente. Das Ensemble erwartet sein Publikum mit eigenen Arrangements, aber eben auch mit Eigenkompositionen, Cover und Loops am 20.01.19 um 20 Uhr auf der B\u00fchne des Jazzclubs im \u201eLeeren Beutel\u201c. www.jazzclub-regensburg.de &nbsp;<\/p>\n","protected":false},"author":18,"featured_media":18238,"comment_status":"open","ping_status":"closed","sticky":false,"template":"","format":"standard","meta":{"_jetpack_memberships_contains_paid_content":false,"footnotes":"","jetpack_publicize_message":"","jetpack_publicize_feature_enabled":true,"jetpack_social_post_already_shared":false,"jetpack_social_options":{"image_generator_settings":{"template":"highway","default_image_id":0,"font":"","enabled":false},"version":2}},"categories":[633],"tags":[34,1876,271,928,316,1672,1951,447,1797,2139,1860],"coauthors":[695],"class_list":["post-18234","post","type-post","status-publish","format-standard","has-post-thumbnail","hentry","category-nachrichten","tag-album","tag-jazz","tag-jazzclub","tag-jazzclubs","tag-klassik","tag-live","tag-news","tag-pop","tag-regensburg","tag-s","tag-stuttgart"],"yoast_head":"<!-- This site is optimized with the Yoast SEO plugin v27.5 - https:\/\/yoast.com\/product\/yoast-seo-wordpress\/ -->\n<title>+++ News: +++ Vokalensemble IKI im BIX Jazzclub &amp; Lounge in Stuttgart+++ P-JAM im Jazzclub im \u201eLeeren Beutel\u201c in Regensburg +++ - JazzZeitung<\/title>\n<meta name=\"robots\" content=\"index, follow, max-snippet:-1, max-image-preview:large, max-video-preview:-1\" \/>\n<link rel=\"canonical\" href=\"https:\/\/www.jazzzeitung.de\/cms\/2019\/01\/news-vokalensemble-iki-im-bix-jazzclub-lounge-in-stuttgart-p-jam-im-jazzclub-im-leeren-beutel-in-regensburg\/\" \/>\n<meta property=\"og:locale\" content=\"de_DE\" \/>\n<meta property=\"og:type\" content=\"article\" \/>\n<meta property=\"og:title\" content=\"+++ News: +++ Vokalensemble IKI im BIX Jazzclub &amp; Lounge in Stuttgart+++ P-JAM im Jazzclub im \u201eLeeren Beutel\u201c in Regensburg +++ - JazzZeitung\" \/>\n<meta property=\"og:description\" content=\"F\u00fcnf Nordlichter mit Souvenir\u00a0 im Gep\u00e4ck Skandinavischer Besuch im deutschen S\u00fcden: Das improvisierende Vokalensemble IKI setzt sich aus f\u00fcnf S\u00e4ngerinnen aus D\u00e4nemark, Norwegen und Finnland zusammen. Von Pop und Klassik \u00fcber Jazz bis hin zur Avantgarde steht ihr kontrastreiches Programm stets unter dem musikalischen Aspekt des Nordens. Auf ihrem aktuellen Album ORACLE probiert sich das Gesangsquintett mit elektronischen Elementen in einer neuen Klangoffensive aus. Jetzt will IKI live zeigen, welche neuen, nordischen Klangbilder sie aus ihrer Heimat mitbringen (17.01.19 um 20:30 Uhr auf der B\u00fchne des Stuttgarter BIX). www.bix-stuttgart.de Write it, cover it, loop it! Dieser Programmtitel verspricht eine kreative, bunte Musikmischung, die die zw\u00f6lf jungen Musiker von P-JAM auf die B\u00fchne bringen. Die konventionelle Band-Besetzung\u00a0 erweitert P-JAM durch klassische Streich- und Blasinstrumente. Das Ensemble erwartet sein Publikum mit eigenen Arrangements, aber eben auch mit Eigenkompositionen, Cover und Loops am 20.01.19 um 20 Uhr auf der B\u00fchne des Jazzclubs im \u201eLeeren Beutel\u201c. www.jazzclub-regensburg.de &nbsp;\" \/>\n<meta property=\"og:url\" content=\"https:\/\/www.jazzzeitung.de\/cms\/2019\/01\/news-vokalensemble-iki-im-bix-jazzclub-lounge-in-stuttgart-p-jam-im-jazzclub-im-leeren-beutel-in-regensburg\/\" \/>\n<meta property=\"og:site_name\" content=\"JazzZeitung\" \/>\n<meta property=\"article:publisher\" content=\"https:\/\/www.facebook.com\/JazzZeitung\/\" \/>\n<meta property=\"article:published_time\" content=\"2019-01-10T15:35:23+00:00\" \/>\n<meta property=\"og:image\" content=\"https:\/\/www.jazzzeitung.de\/cms\/wp-content\/uploads\/2019\/01\/2019_01_17-IKI-Oracle-IV-900x600.jpg\" \/>\n\t<meta property=\"og:image:width\" content=\"900\" \/>\n\t<meta property=\"og:image:height\" content=\"600\" \/>\n\t<meta property=\"og:image:type\" content=\"image\/jpeg\" \/>\n<meta name=\"author\" content=\"Redaktion JazzZeitung\" \/>\n<script type=\"application\/ld+json\" class=\"yoast-schema-graph\">{\"@context\":\"https:\\\/\\\/schema.org\",\"@graph\":[{\"@type\":\"Article\",\"@id\":\"https:\\\/\\\/www.jazzzeitung.de\\\/cms\\\/2019\\\/01\\\/news-vokalensemble-iki-im-bix-jazzclub-lounge-in-stuttgart-p-jam-im-jazzclub-im-leeren-beutel-in-regensburg\\\/#article\",\"isPartOf\":{\"@id\":\"https:\\\/\\\/www.jazzzeitung.de\\\/cms\\\/2019\\\/01\\\/news-vokalensemble-iki-im-bix-jazzclub-lounge-in-stuttgart-p-jam-im-jazzclub-im-leeren-beutel-in-regensburg\\\/\"},\"author\":{\"name\":\"Redaktion JazzZeitung\",\"@id\":\"https:\\\/\\\/www.jazzzeitung.de\\\/cms\\\/#\\\/schema\\\/person\\\/2245b36b9cd1d24cea10f01c031fb92b\"},\"headline\":\"+++ News: +++ Vokalensemble IKI im BIX Jazzclub &#038; Lounge in Stuttgart+++ P-JAM im Jazzclub im \u201eLeeren Beutel\u201c in Regensburg +++\",\"datePublished\":\"2019-01-10T15:35:23+00:00\",\"mainEntityOfPage\":{\"@id\":\"https:\\\/\\\/www.jazzzeitung.de\\\/cms\\\/2019\\\/01\\\/news-vokalensemble-iki-im-bix-jazzclub-lounge-in-stuttgart-p-jam-im-jazzclub-im-leeren-beutel-in-regensburg\\\/\"},\"wordCount\":192,\"commentCount\":0,\"publisher\":{\"@id\":\"https:\\\/\\\/www.jazzzeitung.de\\\/cms\\\/#organization\"},\"image\":{\"@id\":\"https:\\\/\\\/www.jazzzeitung.de\\\/cms\\\/2019\\\/01\\\/news-vokalensemble-iki-im-bix-jazzclub-lounge-in-stuttgart-p-jam-im-jazzclub-im-leeren-beutel-in-regensburg\\\/#primaryimage\"},\"thumbnailUrl\":\"https:\\\/\\\/i0.wp.com\\\/www.jazzzeitung.de\\\/cms\\\/wp-content\\\/uploads\\\/2019\\\/01\\\/2019_01_17-IKI-Oracle-IV.jpg?fit=5028%2C3352&ssl=1\",\"keywords\":[\"Album\",\"Jazz\",\"Jazzclub\",\"Jazzclubs\",\"Klassik\",\"Live\",\"News\",\"Pop\",\"Regensburg\",\"S\",\"Stuttgart\"],\"articleSection\":[\"News\"],\"inLanguage\":\"de\",\"potentialAction\":[{\"@type\":\"CommentAction\",\"name\":\"Comment\",\"target\":[\"https:\\\/\\\/www.jazzzeitung.de\\\/cms\\\/2019\\\/01\\\/news-vokalensemble-iki-im-bix-jazzclub-lounge-in-stuttgart-p-jam-im-jazzclub-im-leeren-beutel-in-regensburg\\\/#respond\"]}]},{\"@type\":\"WebPage\",\"@id\":\"https:\\\/\\\/www.jazzzeitung.de\\\/cms\\\/2019\\\/01\\\/news-vokalensemble-iki-im-bix-jazzclub-lounge-in-stuttgart-p-jam-im-jazzclub-im-leeren-beutel-in-regensburg\\\/\",\"url\":\"https:\\\/\\\/www.jazzzeitung.de\\\/cms\\\/2019\\\/01\\\/news-vokalensemble-iki-im-bix-jazzclub-lounge-in-stuttgart-p-jam-im-jazzclub-im-leeren-beutel-in-regensburg\\\/\",\"name\":\"+++ News: +++ Vokalensemble IKI im BIX Jazzclub & Lounge in Stuttgart+++ P-JAM im Jazzclub im \u201eLeeren Beutel\u201c in Regensburg +++ - JazzZeitung\",\"isPartOf\":{\"@id\":\"https:\\\/\\\/www.jazzzeitung.de\\\/cms\\\/#website\"},\"primaryImageOfPage\":{\"@id\":\"https:\\\/\\\/www.jazzzeitung.de\\\/cms\\\/2019\\\/01\\\/news-vokalensemble-iki-im-bix-jazzclub-lounge-in-stuttgart-p-jam-im-jazzclub-im-leeren-beutel-in-regensburg\\\/#primaryimage\"},\"image\":{\"@id\":\"https:\\\/\\\/www.jazzzeitung.de\\\/cms\\\/2019\\\/01\\\/news-vokalensemble-iki-im-bix-jazzclub-lounge-in-stuttgart-p-jam-im-jazzclub-im-leeren-beutel-in-regensburg\\\/#primaryimage\"},\"thumbnailUrl\":\"https:\\\/\\\/i0.wp.com\\\/www.jazzzeitung.de\\\/cms\\\/wp-content\\\/uploads\\\/2019\\\/01\\\/2019_01_17-IKI-Oracle-IV.jpg?fit=5028%2C3352&ssl=1\",\"datePublished\":\"2019-01-10T15:35:23+00:00\",\"breadcrumb\":{\"@id\":\"https:\\\/\\\/www.jazzzeitung.de\\\/cms\\\/2019\\\/01\\\/news-vokalensemble-iki-im-bix-jazzclub-lounge-in-stuttgart-p-jam-im-jazzclub-im-leeren-beutel-in-regensburg\\\/#breadcrumb\"},\"inLanguage\":\"de\",\"potentialAction\":[{\"@type\":\"ReadAction\",\"target\":[\"https:\\\/\\\/www.jazzzeitung.de\\\/cms\\\/2019\\\/01\\\/news-vokalensemble-iki-im-bix-jazzclub-lounge-in-stuttgart-p-jam-im-jazzclub-im-leeren-beutel-in-regensburg\\\/\"]}]},{\"@type\":\"ImageObject\",\"inLanguage\":\"de\",\"@id\":\"https:\\\/\\\/www.jazzzeitung.de\\\/cms\\\/2019\\\/01\\\/news-vokalensemble-iki-im-bix-jazzclub-lounge-in-stuttgart-p-jam-im-jazzclub-im-leeren-beutel-in-regensburg\\\/#primaryimage\",\"url\":\"https:\\\/\\\/i0.wp.com\\\/www.jazzzeitung.de\\\/cms\\\/wp-content\\\/uploads\\\/2019\\\/01\\\/2019_01_17-IKI-Oracle-IV.jpg?fit=5028%2C3352&ssl=1\",\"contentUrl\":\"https:\\\/\\\/i0.wp.com\\\/www.jazzzeitung.de\\\/cms\\\/wp-content\\\/uploads\\\/2019\\\/01\\\/2019_01_17-IKI-Oracle-IV.jpg?fit=5028%2C3352&ssl=1\",\"width\":5028,\"height\":3352,\"caption\":\"KI Oracle IV\"},{\"@type\":\"BreadcrumbList\",\"@id\":\"https:\\\/\\\/www.jazzzeitung.de\\\/cms\\\/2019\\\/01\\\/news-vokalensemble-iki-im-bix-jazzclub-lounge-in-stuttgart-p-jam-im-jazzclub-im-leeren-beutel-in-regensburg\\\/#breadcrumb\",\"itemListElement\":[{\"@type\":\"ListItem\",\"position\":1,\"name\":\"Startseite\",\"item\":\"https:\\\/\\\/www.jazzzeitung.de\\\/cms\\\/\"},{\"@type\":\"ListItem\",\"position\":2,\"name\":\"+++ News: +++ Vokalensemble IKI im BIX Jazzclub &#038; Lounge in Stuttgart+++ P-JAM im Jazzclub im \u201eLeeren Beutel\u201c in Regensburg +++\"}]},{\"@type\":\"WebSite\",\"@id\":\"https:\\\/\\\/www.jazzzeitung.de\\\/cms\\\/#website\",\"url\":\"https:\\\/\\\/www.jazzzeitung.de\\\/cms\\\/\",\"name\":\"JazzZeitung\",\"description\":\"Jazz-News und Jazz-Kontroverses\",\"publisher\":{\"@id\":\"https:\\\/\\\/www.jazzzeitung.de\\\/cms\\\/#organization\"},\"potentialAction\":[{\"@type\":\"SearchAction\",\"target\":{\"@type\":\"EntryPoint\",\"urlTemplate\":\"https:\\\/\\\/www.jazzzeitung.de\\\/cms\\\/?s={search_term_string}\"},\"query-input\":{\"@type\":\"PropertyValueSpecification\",\"valueRequired\":true,\"valueName\":\"search_term_string\"}}],\"inLanguage\":\"de\"},{\"@type\":\"Organization\",\"@id\":\"https:\\\/\\\/www.jazzzeitung.de\\\/cms\\\/#organization\",\"name\":\"JazzZeitung online\",\"url\":\"https:\\\/\\\/www.jazzzeitung.de\\\/cms\\\/\",\"logo\":{\"@type\":\"ImageObject\",\"inLanguage\":\"de\",\"@id\":\"https:\\\/\\\/www.jazzzeitung.de\\\/cms\\\/#\\\/schema\\\/logo\\\/image\\\/\",\"url\":\"https:\\\/\\\/i0.wp.com\\\/www.jazzzeitung.de\\\/cms\\\/wp-content\\\/uploads\\\/2015\\\/08\\\/JAZZZEITUNGDE_Logo_Neu.png?fit=499%2C200&ssl=1\",\"contentUrl\":\"https:\\\/\\\/i0.wp.com\\\/www.jazzzeitung.de\\\/cms\\\/wp-content\\\/uploads\\\/2015\\\/08\\\/JAZZZEITUNGDE_Logo_Neu.png?fit=499%2C200&ssl=1\",\"width\":499,\"height\":200,\"caption\":\"JazzZeitung online\"},\"image\":{\"@id\":\"https:\\\/\\\/www.jazzzeitung.de\\\/cms\\\/#\\\/schema\\\/logo\\\/image\\\/\"},\"sameAs\":[\"https:\\\/\\\/www.facebook.com\\\/JazzZeitung\\\/\"]},{\"@type\":\"Person\",\"@id\":\"https:\\\/\\\/www.jazzzeitung.de\\\/cms\\\/#\\\/schema\\\/person\\\/2245b36b9cd1d24cea10f01c031fb92b\",\"name\":\"Redaktion JazzZeitung\",\"image\":{\"@type\":\"ImageObject\",\"inLanguage\":\"de\",\"@id\":\"https:\\\/\\\/i0.wp.com\\\/www.jazzzeitung.de\\\/cms\\\/wp-content\\\/uploads\\\/2015\\\/08\\\/JAZZZEITUNGDE_Logo_Neu.png?resize=96%2C96&ssl=159975dcacb611b5700bd619b5daf0a7a\",\"url\":\"https:\\\/\\\/i0.wp.com\\\/www.jazzzeitung.de\\\/cms\\\/wp-content\\\/uploads\\\/2015\\\/08\\\/JAZZZEITUNGDE_Logo_Neu.png?resize=96%2C96&ssl=1\",\"contentUrl\":\"https:\\\/\\\/i0.wp.com\\\/www.jazzzeitung.de\\\/cms\\\/wp-content\\\/uploads\\\/2015\\\/08\\\/JAZZZEITUNGDE_Logo_Neu.png?resize=96%2C96&ssl=1\",\"caption\":\"Redaktion JazzZeitung\"},\"description\":\"Artikel der Redaktion der JazzZeitung.\",\"sameAs\":[\"http:\\\/\\\/www.jazzzeitung.de\\\/cms\\\/\"],\"url\":\"https:\\\/\\\/www.jazzzeitung.de\\\/cms\\\/author\\\/redaktion\\\/\"}]}<\/script>\n<!-- \/ Yoast SEO plugin. -->","yoast_head_json":{"title":"+++ News: +++ Vokalensemble IKI im BIX Jazzclub & Lounge in Stuttgart+++ P-JAM im Jazzclub im \u201eLeeren Beutel\u201c in Regensburg +++ - JazzZeitung","robots":{"index":"index","follow":"follow","max-snippet":"max-snippet:-1","max-image-preview":"max-image-preview:large","max-video-preview":"max-video-preview:-1"},"canonical":"https:\/\/www.jazzzeitung.de\/cms\/2019\/01\/news-vokalensemble-iki-im-bix-jazzclub-lounge-in-stuttgart-p-jam-im-jazzclub-im-leeren-beutel-in-regensburg\/","og_locale":"de_DE","og_type":"article","og_title":"+++ News: +++ Vokalensemble IKI im BIX Jazzclub & Lounge in Stuttgart+++ P-JAM im Jazzclub im \u201eLeeren Beutel\u201c in Regensburg +++ - JazzZeitung","og_description":"F\u00fcnf Nordlichter mit Souvenir\u00a0 im Gep\u00e4ck Skandinavischer Besuch im deutschen S\u00fcden: Das improvisierende Vokalensemble IKI setzt sich aus f\u00fcnf S\u00e4ngerinnen aus D\u00e4nemark, Norwegen und Finnland zusammen. Von Pop und Klassik \u00fcber Jazz bis hin zur Avantgarde steht ihr kontrastreiches Programm stets unter dem musikalischen Aspekt des Nordens. Auf ihrem aktuellen Album ORACLE probiert sich das Gesangsquintett mit elektronischen Elementen in einer neuen Klangoffensive aus. Jetzt will IKI live zeigen, welche neuen, nordischen Klangbilder sie aus ihrer Heimat mitbringen (17.01.19 um 20:30 Uhr auf der B\u00fchne des Stuttgarter BIX). www.bix-stuttgart.de Write it, cover it, loop it! Dieser Programmtitel verspricht eine kreative, bunte Musikmischung, die die zw\u00f6lf jungen Musiker von P-JAM auf die B\u00fchne bringen. Die konventionelle Band-Besetzung\u00a0 erweitert P-JAM durch klassische Streich- und Blasinstrumente. Das Ensemble erwartet sein Publikum mit eigenen Arrangements, aber eben auch mit Eigenkompositionen, Cover und Loops am 20.01.19 um 20 Uhr auf der B\u00fchne des Jazzclubs im \u201eLeeren Beutel\u201c. www.jazzclub-regensburg.de &nbsp;","og_url":"https:\/\/www.jazzzeitung.de\/cms\/2019\/01\/news-vokalensemble-iki-im-bix-jazzclub-lounge-in-stuttgart-p-jam-im-jazzclub-im-leeren-beutel-in-regensburg\/","og_site_name":"JazzZeitung","article_publisher":"https:\/\/www.facebook.com\/JazzZeitung\/","article_published_time":"2019-01-10T15:35:23+00:00","og_image":[{"width":900,"height":600,"url":"https:\/\/www.jazzzeitung.de\/cms\/wp-content\/uploads\/2019\/01\/2019_01_17-IKI-Oracle-IV-900x600.jpg","type":"image\/jpeg"}],"author":"Redaktion JazzZeitung","schema":{"@context":"https:\/\/schema.org","@graph":[{"@type":"Article","@id":"https:\/\/www.jazzzeitung.de\/cms\/2019\/01\/news-vokalensemble-iki-im-bix-jazzclub-lounge-in-stuttgart-p-jam-im-jazzclub-im-leeren-beutel-in-regensburg\/#article","isPartOf":{"@id":"https:\/\/www.jazzzeitung.de\/cms\/2019\/01\/news-vokalensemble-iki-im-bix-jazzclub-lounge-in-stuttgart-p-jam-im-jazzclub-im-leeren-beutel-in-regensburg\/"},"author":{"name":"Redaktion JazzZeitung","@id":"https:\/\/www.jazzzeitung.de\/cms\/#\/schema\/person\/2245b36b9cd1d24cea10f01c031fb92b"},"headline":"+++ News: +++ Vokalensemble IKI im BIX Jazzclub &#038; Lounge in Stuttgart+++ P-JAM im Jazzclub im \u201eLeeren Beutel\u201c in Regensburg +++","datePublished":"2019-01-10T15:35:23+00:00","mainEntityOfPage":{"@id":"https:\/\/www.jazzzeitung.de\/cms\/2019\/01\/news-vokalensemble-iki-im-bix-jazzclub-lounge-in-stuttgart-p-jam-im-jazzclub-im-leeren-beutel-in-regensburg\/"},"wordCount":192,"commentCount":0,"publisher":{"@id":"https:\/\/www.jazzzeitung.de\/cms\/#organization"},"image":{"@id":"https:\/\/www.jazzzeitung.de\/cms\/2019\/01\/news-vokalensemble-iki-im-bix-jazzclub-lounge-in-stuttgart-p-jam-im-jazzclub-im-leeren-beutel-in-regensburg\/#primaryimage"},"thumbnailUrl":"https:\/\/i0.wp.com\/www.jazzzeitung.de\/cms\/wp-content\/uploads\/2019\/01\/2019_01_17-IKI-Oracle-IV.jpg?fit=5028%2C3352&ssl=1","keywords":["Album","Jazz","Jazzclub","Jazzclubs","Klassik","Live","News","Pop","Regensburg","S","Stuttgart"],"articleSection":["News"],"inLanguage":"de","potentialAction":[{"@type":"CommentAction","name":"Comment","target":["https:\/\/www.jazzzeitung.de\/cms\/2019\/01\/news-vokalensemble-iki-im-bix-jazzclub-lounge-in-stuttgart-p-jam-im-jazzclub-im-leeren-beutel-in-regensburg\/#respond"]}]},{"@type":"WebPage","@id":"https:\/\/www.jazzzeitung.de\/cms\/2019\/01\/news-vokalensemble-iki-im-bix-jazzclub-lounge-in-stuttgart-p-jam-im-jazzclub-im-leeren-beutel-in-regensburg\/","url":"https:\/\/www.jazzzeitung.de\/cms\/2019\/01\/news-vokalensemble-iki-im-bix-jazzclub-lounge-in-stuttgart-p-jam-im-jazzclub-im-leeren-beutel-in-regensburg\/","name":"+++ News: +++ Vokalensemble IKI im BIX Jazzclub & Lounge in Stuttgart+++ P-JAM im Jazzclub im \u201eLeeren Beutel\u201c in Regensburg +++ - JazzZeitung","isPartOf":{"@id":"https:\/\/www.jazzzeitung.de\/cms\/#website"},"primaryImageOfPage":{"@id":"https:\/\/www.jazzzeitung.de\/cms\/2019\/01\/news-vokalensemble-iki-im-bix-jazzclub-lounge-in-stuttgart-p-jam-im-jazzclub-im-leeren-beutel-in-regensburg\/#primaryimage"},"image":{"@id":"https:\/\/www.jazzzeitung.de\/cms\/2019\/01\/news-vokalensemble-iki-im-bix-jazzclub-lounge-in-stuttgart-p-jam-im-jazzclub-im-leeren-beutel-in-regensburg\/#primaryimage"},"thumbnailUrl":"https:\/\/i0.wp.com\/www.jazzzeitung.de\/cms\/wp-content\/uploads\/2019\/01\/2019_01_17-IKI-Oracle-IV.jpg?fit=5028%2C3352&ssl=1","datePublished":"2019-01-10T15:35:23+00:00","breadcrumb":{"@id":"https:\/\/www.jazzzeitung.de\/cms\/2019\/01\/news-vokalensemble-iki-im-bix-jazzclub-lounge-in-stuttgart-p-jam-im-jazzclub-im-leeren-beutel-in-regensburg\/#breadcrumb"},"inLanguage":"de","potentialAction":[{"@type":"ReadAction","target":["https:\/\/www.jazzzeitung.de\/cms\/2019\/01\/news-vokalensemble-iki-im-bix-jazzclub-lounge-in-stuttgart-p-jam-im-jazzclub-im-leeren-beutel-in-regensburg\/"]}]},{"@type":"ImageObject","inLanguage":"de","@id":"https:\/\/www.jazzzeitung.de\/cms\/2019\/01\/news-vokalensemble-iki-im-bix-jazzclub-lounge-in-stuttgart-p-jam-im-jazzclub-im-leeren-beutel-in-regensburg\/#primaryimage","url":"https:\/\/i0.wp.com\/www.jazzzeitung.de\/cms\/wp-content\/uploads\/2019\/01\/2019_01_17-IKI-Oracle-IV.jpg?fit=5028%2C3352&ssl=1","contentUrl":"https:\/\/i0.wp.com\/www.jazzzeitung.de\/cms\/wp-content\/uploads\/2019\/01\/2019_01_17-IKI-Oracle-IV.jpg?fit=5028%2C3352&ssl=1","width":5028,"height":3352,"caption":"KI Oracle IV"},{"@type":"BreadcrumbList","@id":"https:\/\/www.jazzzeitung.de\/cms\/2019\/01\/news-vokalensemble-iki-im-bix-jazzclub-lounge-in-stuttgart-p-jam-im-jazzclub-im-leeren-beutel-in-regensburg\/#breadcrumb","itemListElement":[{"@type":"ListItem","position":1,"name":"Startseite","item":"https:\/\/www.jazzzeitung.de\/cms\/"},{"@type":"ListItem","position":2,"name":"+++ News: +++ Vokalensemble IKI im BIX Jazzclub &#038; Lounge in Stuttgart+++ P-JAM im Jazzclub im \u201eLeeren Beutel\u201c in Regensburg +++"}]},{"@type":"WebSite","@id":"https:\/\/www.jazzzeitung.de\/cms\/#website","url":"https:\/\/www.jazzzeitung.de\/cms\/","name":"JazzZeitung","description":"Jazz-News und Jazz-Kontroverses","publisher":{"@id":"https:\/\/www.jazzzeitung.de\/cms\/#organization"},"potentialAction":[{"@type":"SearchAction","target":{"@type":"EntryPoint","urlTemplate":"https:\/\/www.jazzzeitung.de\/cms\/?s={search_term_string}"},"query-input":{"@type":"PropertyValueSpecification","valueRequired":true,"valueName":"search_term_string"}}],"inLanguage":"de"},{"@type":"Organization","@id":"https:\/\/www.jazzzeitung.de\/cms\/#organization","name":"JazzZeitung online","url":"https:\/\/www.jazzzeitung.de\/cms\/","logo":{"@type":"ImageObject","inLanguage":"de","@id":"https:\/\/www.jazzzeitung.de\/cms\/#\/schema\/logo\/image\/","url":"https:\/\/i0.wp.com\/www.jazzzeitung.de\/cms\/wp-content\/uploads\/2015\/08\/JAZZZEITUNGDE_Logo_Neu.png?fit=499%2C200&ssl=1","contentUrl":"https:\/\/i0.wp.com\/www.jazzzeitung.de\/cms\/wp-content\/uploads\/2015\/08\/JAZZZEITUNGDE_Logo_Neu.png?fit=499%2C200&ssl=1","width":499,"height":200,"caption":"JazzZeitung online"},"image":{"@id":"https:\/\/www.jazzzeitung.de\/cms\/#\/schema\/logo\/image\/"},"sameAs":["https:\/\/www.facebook.com\/JazzZeitung\/"]},{"@type":"Person","@id":"https:\/\/www.jazzzeitung.de\/cms\/#\/schema\/person\/2245b36b9cd1d24cea10f01c031fb92b","name":"Redaktion JazzZeitung","image":{"@type":"ImageObject","inLanguage":"de","@id":"https:\/\/i0.wp.com\/www.jazzzeitung.de\/cms\/wp-content\/uploads\/2015\/08\/JAZZZEITUNGDE_Logo_Neu.png?resize=96%2C96&ssl=159975dcacb611b5700bd619b5daf0a7a","url":"https:\/\/i0.wp.com\/www.jazzzeitung.de\/cms\/wp-content\/uploads\/2015\/08\/JAZZZEITUNGDE_Logo_Neu.png?resize=96%2C96&ssl=1","contentUrl":"https:\/\/i0.wp.com\/www.jazzzeitung.de\/cms\/wp-content\/uploads\/2015\/08\/JAZZZEITUNGDE_Logo_Neu.png?resize=96%2C96&ssl=1","caption":"Redaktion JazzZeitung"},"description":"Artikel der Redaktion der JazzZeitung.","sameAs":["http:\/\/www.jazzzeitung.de\/cms\/"],"url":"https:\/\/www.jazzzeitung.de\/cms\/author\/redaktion\/"}]}},"wp-worthy-pixel":{"ignored":false,"public":null,"server":null,"url":null},"wp-worthy-type":"normal","jetpack_publicize_connections":[],"cc_featured_image_caption":{"caption_text":"","source_text":"","source_url":""},"jetpack_featured_media_url":"https:\/\/i0.wp.com\/www.jazzzeitung.de\/cms\/wp-content\/uploads\/2019\/01\/2019_01_17-IKI-Oracle-IV.jpg?fit=5028%2C3352&ssl=1","jetpack_shortlink":"https:\/\/wp.me\/p3KEcT-4K6","jetpack-related-posts":[{"id":8537,"url":"https:\/\/www.jazzzeitung.de\/cms\/2016\/02\/malia-gastiert-im-jazzclub-regensburg\/","url_meta":{"origin":18234,"position":0},"title":"Ganz in Gold \u2013 Malia gastiert im Jazzclub Regensburg","author":"Redaktion JazzZeitung","date":"27. Februar 2016","format":false,"excerpt":"Malia im Jazzclub Regensburg \u2013 das hie\u00df ein ausverkaufter Saal mit vielen Fans und Bewunderern. Die Luft knisterte - auff\u00e4llig, dass die Stimmung nie wirklich hochkochte. St\u00e4rker als in fr\u00fcheren, wilden Zeiten, als sie, nur mit Purple Shoes bekleidet, singend durch die Stra\u00dfen Londons ging, kehrte die\u00a0 glamour\u00f6se S\u00e4ngerin aus\u2026","rel":"","context":"In &quot;Bericht&quot;","block_context":{"text":"Bericht","link":"https:\/\/www.jazzzeitung.de\/cms\/thema\/bericht\/"},"img":{"alt_text":"","src":"https:\/\/i0.wp.com\/www.jazzzeitung.de\/cms\/wp-content\/uploads\/2016\/02\/Jazz-Club_Malia_Foto-van-Loon_9.jpg?fit=800%2C1200&ssl=1&resize=350%2C200","width":350,"height":200,"srcset":"https:\/\/i0.wp.com\/www.jazzzeitung.de\/cms\/wp-content\/uploads\/2016\/02\/Jazz-Club_Malia_Foto-van-Loon_9.jpg?fit=800%2C1200&ssl=1&resize=350%2C200 1x, https:\/\/i0.wp.com\/www.jazzzeitung.de\/cms\/wp-content\/uploads\/2016\/02\/Jazz-Club_Malia_Foto-van-Loon_9.jpg?fit=800%2C1200&ssl=1&resize=525%2C300 1.5x, https:\/\/i0.wp.com\/www.jazzzeitung.de\/cms\/wp-content\/uploads\/2016\/02\/Jazz-Club_Malia_Foto-van-Loon_9.jpg?fit=800%2C1200&ssl=1&resize=700%2C400 2x"},"classes":[]},{"id":3016,"url":"https:\/\/www.jazzzeitung.de\/cms\/2013\/11\/jazzclub-des-monats-november-der-jazzclub-regensburg\/","url_meta":{"origin":18234,"position":1},"title":"Jazzclub des Monats November: Der Jazzclub Regensburg","author":"Redaktion JazzZeitung","date":"14. November 2013","format":false,"excerpt":"Der Jazzclub Regensburg wurde vom Staatsminister f\u00fcr Kultur und Medien mit dem Spielst\u00e4ttenprogrammpreis 2013 ausgezeichnet. Aus 320 Einsendungen w\u00e4hlte eine Fachjury 55 Preistr\u00e4ger in drei Kategorien aus. Damit z\u00e4hlt der Jazzclub Regensburg zu insgesamt noch 12 ausgezeichneten Clubs aus Bayern. Unsere Mitarbeiterin Caro Kirsch hat sich den Club n\u00e4her angeschaut.\u2026","rel":"","context":"In &quot;Jazzclub des Monats&quot;","block_context":{"text":"Jazzclub des Monats","link":"https:\/\/www.jazzzeitung.de\/cms\/thema\/clubs\/jazzclub-des-monats\/"},"img":{"alt_text":"Winnie Freisleben nimmt den Spielst\u00e4ttenprogrammpreis aus den H\u00e4nden von Bernd Neumann entgegen","src":"https:\/\/i0.wp.com\/www.jazzzeitung.de\/cms\/wp-content\/uploads\/2013\/11\/61InitiativeMusikgGmbH2013_y-kaufmann-150x150.jpg?resize=350%2C200","width":350,"height":200},"classes":[]},{"id":6071,"url":"https:\/\/www.jazzzeitung.de\/cms\/2015\/05\/lag-jazzpreis-2015-das-konstantin-herleinsberger-4tet-im-herbst-auf-bayerntour\/","url_meta":{"origin":18234,"position":2},"title":"LAG-Jazzpreis 2015: Das \u201eKonstantin Herleinsberger 4tet\u201c im Herbst auf Bayerntour","author":"Redaktion JazzZeitung","date":"6. Mai 2015","format":false,"excerpt":"Mit einer Fotogalerie von Ralf Dombrowski - Im Herbst wird das Quartett des jungen N\u00fcrnberger Saxophonisten Konstantin Herleinsberger den LAG-Jazzpreis einl\u00f6sen, den es am 28.4. beim Hansj\u00fcrg Hensler Wettbewerb im Rahmen des Kemptener Jazz-Fr\u00fchlings gewonnen hat. Der Preis ist eine Tournee durch bayerische Jazzclubs, die von der Landesarbeitsgemeinschaft (LAG) Jazz\u2026","rel":"","context":"In &quot;Bericht&quot;","block_context":{"text":"Bericht","link":"https:\/\/www.jazzzeitung.de\/cms\/thema\/bericht\/"},"img":{"alt_text":"","src":"https:\/\/i0.wp.com\/www.jazzzeitung.de\/cms\/wp-content\/uploads\/2015\/05\/0K3A3551-Jury-dombr.jpg?resize=350%2C200","width":350,"height":200,"srcset":"https:\/\/i0.wp.com\/www.jazzzeitung.de\/cms\/wp-content\/uploads\/2015\/05\/0K3A3551-Jury-dombr.jpg?resize=350%2C200 1x, https:\/\/i0.wp.com\/www.jazzzeitung.de\/cms\/wp-content\/uploads\/2015\/05\/0K3A3551-Jury-dombr.jpg?resize=525%2C300 1.5x, https:\/\/i0.wp.com\/www.jazzzeitung.de\/cms\/wp-content\/uploads\/2015\/05\/0K3A3551-Jury-dombr.jpg?resize=700%2C400 2x, https:\/\/i0.wp.com\/www.jazzzeitung.de\/cms\/wp-content\/uploads\/2015\/05\/0K3A3551-Jury-dombr.jpg?resize=1050%2C600 3x"},"classes":[]},{"id":17307,"url":"https:\/\/www.jazzzeitung.de\/cms\/2018\/09\/mehr-frauen-mehr-europa-der-jazzclub-regensburg-meldet-sich-mit-einem-stilistisch-vielseitigen-und-regional-gepraegten-programm-zurueck\/","url_meta":{"origin":18234,"position":3},"title":"Mehr Frauen, mehr Europa: Der Jazzclub Regensburg meldet sich mit einem stilistisch vielseitigen und regional gepr\u00e4gten Programm zur\u00fcck","author":"Redaktion JazzZeitung","date":"25. September 2018","format":false,"excerpt":"Weiblich, europ\u00e4isch, jung. Es sind Merkmale, die wie ein gesellschaftliches oder politisches Statement erscheinen. Tats\u00e4chlich vermitteln sie einen ersten Eindruck vom Herbstprogramm des Jazzclub Regensburg. Von den bislang rund 15 Konzerten, die bis Dezember den Leeren Beutel mit cool swingenden und soulig hei\u00dfen Kl\u00e4ngen f\u00fcllen, wird fast die H\u00e4lfte von\u2026","rel":"","context":"In &quot;Bericht&quot;","block_context":{"text":"Bericht","link":"https:\/\/www.jazzzeitung.de\/cms\/thema\/bericht\/"},"img":{"alt_text":"","src":"https:\/\/i0.wp.com\/www.jazzzeitung.de\/cms\/wp-content\/uploads\/2018\/02\/Stephanie-Lottermoser-Foto-TJ-Krebs-jazzphotoagency%40web.de_.jpg?fit=1200%2C807&ssl=1&resize=350%2C200","width":350,"height":200,"srcset":"https:\/\/i0.wp.com\/www.jazzzeitung.de\/cms\/wp-content\/uploads\/2018\/02\/Stephanie-Lottermoser-Foto-TJ-Krebs-jazzphotoagency%40web.de_.jpg?fit=1200%2C807&ssl=1&resize=350%2C200 1x, https:\/\/i0.wp.com\/www.jazzzeitung.de\/cms\/wp-content\/uploads\/2018\/02\/Stephanie-Lottermoser-Foto-TJ-Krebs-jazzphotoagency%40web.de_.jpg?fit=1200%2C807&ssl=1&resize=525%2C300 1.5x, https:\/\/i0.wp.com\/www.jazzzeitung.de\/cms\/wp-content\/uploads\/2018\/02\/Stephanie-Lottermoser-Foto-TJ-Krebs-jazzphotoagency%40web.de_.jpg?fit=1200%2C807&ssl=1&resize=700%2C400 2x, https:\/\/i0.wp.com\/www.jazzzeitung.de\/cms\/wp-content\/uploads\/2018\/02\/Stephanie-Lottermoser-Foto-TJ-Krebs-jazzphotoagency%40web.de_.jpg?fit=1200%2C807&ssl=1&resize=1050%2C600 3x"},"classes":[]},{"id":22838,"url":"https:\/\/www.jazzzeitung.de\/cms\/2020\/06\/newsbrazzooka-gibt-konzert-im-raven-straubingjazzclub-huerth-mit-huerthsuedtirol-festival-merano-als-eins-der-ersten-festivals\/","url_meta":{"origin":18234,"position":4},"title":"news+++Brazzooka im Raven Straubing+++Jazzclub H\u00fcrth mit #H\u00dcRTH+++","author":"Redaktion JazzZeitung","date":"25. Juni 2020","format":false,"excerpt":"Erstes Indoor- Konzert im Straubinger Musikclub Raven seit Langem Die Funk- und Soul-Combo BRAZZOOKA gibt heute Abend das erste Konzert mit Publikum im Straubinger Musikclub Raven. Die neunk\u00f6pfige Band aus dem Raum Regensburg bewegt sich stilsicher durch mehr als f\u00fcnf Jahrzehnte einschl\u00e4giger Musikgeschichte: Im Repertoire finden sich Titel von Tower\u2026","rel":"","context":"In &quot;News&quot;","block_context":{"text":"News","link":"https:\/\/www.jazzzeitung.de\/cms\/thema\/nachrichten\/"},"img":{"alt_text":"","src":"https:\/\/i0.wp.com\/www.jazzzeitung.de\/cms\/wp-content\/uploads\/2020\/06\/Brazzooka-Landshut-%C2%A9Stefan-Freytag.jpg?fit=1200%2C800&ssl=1&resize=350%2C200","width":350,"height":200,"srcset":"https:\/\/i0.wp.com\/www.jazzzeitung.de\/cms\/wp-content\/uploads\/2020\/06\/Brazzooka-Landshut-%C2%A9Stefan-Freytag.jpg?fit=1200%2C800&ssl=1&resize=350%2C200 1x, https:\/\/i0.wp.com\/www.jazzzeitung.de\/cms\/wp-content\/uploads\/2020\/06\/Brazzooka-Landshut-%C2%A9Stefan-Freytag.jpg?fit=1200%2C800&ssl=1&resize=525%2C300 1.5x, https:\/\/i0.wp.com\/www.jazzzeitung.de\/cms\/wp-content\/uploads\/2020\/06\/Brazzooka-Landshut-%C2%A9Stefan-Freytag.jpg?fit=1200%2C800&ssl=1&resize=700%2C400 2x, https:\/\/i0.wp.com\/www.jazzzeitung.de\/cms\/wp-content\/uploads\/2020\/06\/Brazzooka-Landshut-%C2%A9Stefan-Freytag.jpg?fit=1200%2C800&ssl=1&resize=1050%2C600 3x"},"classes":[]},{"id":23692,"url":"https:\/\/www.jazzzeitung.de\/cms\/2020\/10\/newsdaniel-erdmann-gewinnt-swr-jazzpreis-2020schickmajkowskilovens-am-10-11-in-muenchenveranstaltungen-bix-jazzclub-stuttgart\/","url_meta":{"origin":18234,"position":5},"title":"+++News:+++Daniel Erdmann gewinnt SWR Jazzpreis 2020+++Schick\/Majkowski\/Lovens am 10.11. in M\u00fcnchen+++Veranstaltungen BIX-Jazzclub Stuttgart+++","author":"Redaktion JazzZeitung","date":"28. Oktober 2020","format":false,"excerpt":"+++Daniel Erdmann gewinnt SWR Jazzpreis 2020 +++ Baden-Baden\/Mainz. Der gemeinsam vom S\u00fcdwestrundfunk (SWR) und dem Land Rheinland-Pfalz gestiftete SWR Jazzpreis 2020 wird heute, am 28. Oktober, im Rahmen des Internationalen Festivals \"Enjoy Jazz\" in Ludwigshafen an den Tenorsaxophonisten Daniel Erdmann verliehen. Erdmann, der auf den Tag genau vor 47 Jahren\u2026","rel":"","context":"In &quot;News&quot;","block_context":{"text":"News","link":"https:\/\/www.jazzzeitung.de\/cms\/thema\/nachrichten\/"},"img":{"alt_text":"","src":"https:\/\/i0.wp.com\/www.jazzzeitung.de\/cms\/wp-content\/uploads\/2020\/10\/Schick_Majkowski_Lovens_%C2%A9_UrsulaZeidler_720.jpg?fit=720%2C404&ssl=1&resize=350%2C200","width":350,"height":200,"srcset":"https:\/\/i0.wp.com\/www.jazzzeitung.de\/cms\/wp-content\/uploads\/2020\/10\/Schick_Majkowski_Lovens_%C2%A9_UrsulaZeidler_720.jpg?fit=720%2C404&ssl=1&resize=350%2C200 1x, https:\/\/i0.wp.com\/www.jazzzeitung.de\/cms\/wp-content\/uploads\/2020\/10\/Schick_Majkowski_Lovens_%C2%A9_UrsulaZeidler_720.jpg?fit=720%2C404&ssl=1&resize=525%2C300 1.5x, https:\/\/i0.wp.com\/www.jazzzeitung.de\/cms\/wp-content\/uploads\/2020\/10\/Schick_Majkowski_Lovens_%C2%A9_UrsulaZeidler_720.jpg?fit=720%2C404&ssl=1&resize=700%2C400 2x"},"classes":[]}],"jetpack_sharing_enabled":true,"_links":{"self":[{"href":"https:\/\/www.jazzzeitung.de\/cms\/wp-json\/wp\/v2\/posts\/18234","targetHints":{"allow":["GET"]}}],"collection":[{"href":"https:\/\/www.jazzzeitung.de\/cms\/wp-json\/wp\/v2\/posts"}],"about":[{"href":"https:\/\/www.jazzzeitung.de\/cms\/wp-json\/wp\/v2\/types\/post"}],"author":[{"embeddable":true,"href":"https:\/\/www.jazzzeitung.de\/cms\/wp-json\/wp\/v2\/users\/18"}],"replies":[{"embeddable":true,"href":"https:\/\/www.jazzzeitung.de\/cms\/wp-json\/wp\/v2\/comments?post=18234"}],"version-history":[{"count":11,"href":"https:\/\/www.jazzzeitung.de\/cms\/wp-json\/wp\/v2\/posts\/18234\/revisions"}],"predecessor-version":[{"id":18249,"href":"https:\/\/www.jazzzeitung.de\/cms\/wp-json\/wp\/v2\/posts\/18234\/revisions\/18249"}],"wp:featuredmedia":[{"embeddable":true,"href":"https:\/\/www.jazzzeitung.de\/cms\/wp-json\/wp\/v2\/media\/18238"}],"wp:attachment":[{"href":"https:\/\/www.jazzzeitung.de\/cms\/wp-json\/wp\/v2\/media?parent=18234"}],"wp:term":[{"taxonomy":"category","embeddable":true,"href":"https:\/\/www.jazzzeitung.de\/cms\/wp-json\/wp\/v2\/categories?post=18234"},{"taxonomy":"post_tag","embeddable":true,"href":"https:\/\/www.jazzzeitung.de\/cms\/wp-json\/wp\/v2\/tags?post=18234"},{"taxonomy":"author","embeddable":true,"href":"https:\/\/www.jazzzeitung.de\/cms\/wp-json\/wp\/v2\/coauthors?post=18234"}],"curies":[{"name":"wp","href":"https:\/\/api.w.org\/{rel}","templated":true}]}}