{"id":18231,"date":"2019-01-08T11:23:23","date_gmt":"2019-01-08T10:23:23","guid":{"rendered":"https:\/\/www.jazzzeitung.de\/cms\/?p=18231"},"modified":"2019-01-08T11:23:23","modified_gmt":"2019-01-08T10:23:23","slug":"spiritualitaet-aus-schoenheit-und-daemonie-cd-von-carlo-mobelli","status":"publish","type":"post","link":"https:\/\/www.jazzzeitung.de\/cms\/2019\/01\/spiritualitaet-aus-schoenheit-und-daemonie-cd-von-carlo-mobelli\/","title":{"rendered":"Spiritualit\u00e4t aus Sch\u00f6nheit und D\u00e4monie &#8211; CD von Carlo Mobelli\u00a0\u00a0\u00a0\u00a0 \u00a0"},"content":{"rendered":"<p><strong>\u201eIn The End We All Belong\u201c \u2013 vers\u00f6hnlich und auf ber\u00fchrende Weise heroisch klingt Carlo Mombellis neues Album \u201eAngels &amp; Demons\u201c nahezu kammermusikalisch aus. Das warme melodische Thema, vom E-Bass eingef\u00fchrt, wird vom Piano (Kyle Shephard) \u00fcbernommen, vom Cello gespiegelt (Susan Mouton), entwickelt sich mit onomatopoetisch eingesetzten Stimmen zu einem and\u00e4chtigen Gesang von Freude und Trauer zugleich. Der s\u00fcdafrikanische Musiker hat das kleine St\u00fcck nach der ersten Begegnung mit seinem lange verschollenen Vater komponiert \u2013 mit offenem Ausklang. Ein weiteres ist das z\u00e4rtliche achtmin\u00fctige \u201eAthens\u201c, wo er den mittlerweile greisen Vater Angelico Franceso Mombelli nach 36 Jahren wiedergefunden hat. Auf eine weitere tragische Entwicklung in seiner Familie nimmt auch das kurze grelle \u201eLike A Mouse In A Maze\u201c Bezug, das tats\u00e4chlich wirkt, als irre jemand v\u00f6llig desorientiert herum und finde keinen Ausweg (mehr).<\/strong><\/p>\n<p><a href=\"https:\/\/i0.wp.com\/www.jazzzeitung.de\/cms\/wp-content\/uploads\/2019\/01\/Mombelli-Angels.jpg?ssl=1\"><img data-recalc-dims=\"1\" loading=\"lazy\" decoding=\"async\" data-attachment-id=\"18232\" data-permalink=\"https:\/\/www.jazzzeitung.de\/cms\/2019\/01\/spiritualitaet-aus-schoenheit-und-daemonie-cd-von-carlo-mobelli\/mombelli-angels\/\" data-orig-file=\"https:\/\/i0.wp.com\/www.jazzzeitung.de\/cms\/wp-content\/uploads\/2019\/01\/Mombelli-Angels.jpg?fit=709%2C719&amp;ssl=1\" data-orig-size=\"709,719\" data-comments-opened=\"1\" data-image-meta=\"{&quot;aperture&quot;:&quot;0&quot;,&quot;credit&quot;:&quot;&quot;,&quot;camera&quot;:&quot;&quot;,&quot;caption&quot;:&quot;&quot;,&quot;created_timestamp&quot;:&quot;0&quot;,&quot;copyright&quot;:&quot;&quot;,&quot;focal_length&quot;:&quot;0&quot;,&quot;iso&quot;:&quot;0&quot;,&quot;shutter_speed&quot;:&quot;0&quot;,&quot;title&quot;:&quot;&quot;,&quot;orientation&quot;:&quot;1&quot;}\" data-image-title=\"Mombelli-Angels\" data-image-description=\"\" data-image-caption=\"\" data-large-file=\"https:\/\/i0.wp.com\/www.jazzzeitung.de\/cms\/wp-content\/uploads\/2019\/01\/Mombelli-Angels.jpg?fit=592%2C600&amp;ssl=1\" class=\"alignleft size-medium wp-image-18232\" src=\"https:\/\/i0.wp.com\/www.jazzzeitung.de\/cms\/wp-content\/uploads\/2019\/01\/Mombelli-Angels.jpg?resize=296%2C300&#038;ssl=1\" alt=\"\" width=\"296\" height=\"300\" srcset=\"https:\/\/i0.wp.com\/www.jazzzeitung.de\/cms\/wp-content\/uploads\/2019\/01\/Mombelli-Angels.jpg?resize=296%2C300&amp;ssl=1 296w, https:\/\/i0.wp.com\/www.jazzzeitung.de\/cms\/wp-content\/uploads\/2019\/01\/Mombelli-Angels.jpg?resize=592%2C600&amp;ssl=1 592w, https:\/\/i0.wp.com\/www.jazzzeitung.de\/cms\/wp-content\/uploads\/2019\/01\/Mombelli-Angels.jpg?resize=600%2C608&amp;ssl=1 600w, https:\/\/i0.wp.com\/www.jazzzeitung.de\/cms\/wp-content\/uploads\/2019\/01\/Mombelli-Angels.jpg?w=709&amp;ssl=1 709w\" sizes=\"auto, (max-width: 296px) 100vw, 296px\" \/><\/a><\/p>\n<p>R\u00fcckw\u00e4rts laufende Soundschleifen, vokale und perkussive Motive und n\u00e4chtliche Fl\u00fcgelschl\u00e4ge von V\u00f6geln verdichten sich in \u201eThe Spiral Staircase\u201c zu einem rituell-magischen Klangbild, welches alle m\u00f6glichen Assoziationen in Gang zu setzen imstande ist. Wie bereits die Vorg\u00e4ngeralben \u2013 Stories und I Press My Spine To The Ground \u2013 verbindet der Bassist mit seinen hinrei\u00dfend sch\u00f6nen Kompositionen Geschichten und hat damit wohl sein pers\u00f6nlichstes Album geschaffen. Neben den inneren D\u00e4monen, die ihre komplement\u00e4re Erg\u00e4nzung in den Engeln finden, sind es auch \u00e4u\u00dfere Anl\u00e4sse und Ausl\u00f6ser, die bei Mombelli kreative Energien freisetzen. Eine Reise nach Umbrien, wo er das noch immer von einem Erdbeben schwer gezeichnete Norcia besuchte, inspirierte ihn zum geisterhaften \u201eThe Ghost of Norcia\u201c. \u201eChildren of Aleppo\u201c ist Kindern \u00fcberall auf der Welt gewidmet, \u201edie ihr Leben verloren und gelitten haben durch den Machthunger und die Gier derer, die sie eigentlich besch\u00fctzen sollten\u201c. In diesem St\u00fcck dringen gespenstische Echos von Schreien und Klopfen durch das d\u00fcstere Spiel Peter Cartwrights auf dem Fl\u00fcgel, der als Gastmusiker auf zwei Takes zu h\u00f6ren ist. Ein eindringliches musikalisches Statement, das mit einem ambivalenten zarten Hoffnungsschimmer ausklingt.<\/p>\n<p>\u00dcber sein Album sagt der in Johannesburg an der Witwatersrand Universit\u00e4t lehrende Bassist: \u201eMit dem neuen Projekt setze ich meine Suche fort, Sch\u00f6nheit zwischen meinen Engeln und D\u00e4monen zu kreieren, eine Arbeit, mit der ich den Bereich zwischen den Gegens\u00e4tzen auslote. Es ist ein Erforschen des Positiven und Negativen von allem.\u201c<\/p>\n<p>Heute geh\u00f6rt der kleine S\u00fcdafrikaner, der als Autodidakt auf seinem Instrument in den Clubs von Johannesburg und Berea angefangen hat, zu den herausragenden Exponenten des zeitgen\u00f6ssischen Jazz. In seinen Kompositionen und Projekten flie\u00dfen afrikanische Formen und Mythen mit freier Improvisation, Fusionelementen und vokalen Formen mit Spuren ethnischer Musiken und moderner Stilistiken bis hin zu Elektronik zusammen. Eine faszinierende Mixtur, die sich mit den eigenwilligen Kompositionen und seinem virtuosen Spiel zu einem tief bewegenden Ausdruck voller Sch\u00f6nheit verdichtet. Seine Partner, mit denen ihn eine lange Zusammenarbeit und ein tiefes Verst\u00e4ndnis f\u00fcr die spirituelle Dimension der Musik verbindet, sind neben Shephard (p), Jonno Sweetman (drums) und Keenan Ahrends (guitar). Auf \u00a0\u201eAngels &amp; Demons\u201c sind auch die T\u00f6chter Maria als Saxofonistin und Vokalistin und Gina involviert, die das Coverdesign mit dem Portr\u00e4t und der Schlange mit durchtrenntem Kopf gezeichnet hat.<\/p>\n<p>Fast jedes Jahr gibt Mombelli auch Workshops in der Schweiz, hat lectures am Berklee College gegeben, gastiert auf Festivals von Capetown bis Perugia, schreibt Musik f\u00fcr Filme, Dokus und Apps, hat f\u00fcr Streichquartett und das Stockholm Saxophone Quartet komponiert. Zu seiner musikalischen Vita geh\u00f6rt die Zusammenarbeit mit Charlie Mariano, Lee Konitz und Egberto Gismonti ebenso, wie mit Miriam Makeba, Simphiwe Dana und der Mezzosopranistin Sibongile Khumalo.<\/p>\n<p>Carlo Mombelli:\u00a0<strong>Angels and Demons<\/strong><\/p>\n<p><em>Mombelli Music\/Instinct Africaine Production ins 020, <\/em><em>Infos\/Bestellungen: <\/em><a href=\"http:\/\/www.carlomombelli.com\/\"><strong><em>www.carlomombelli.com\/<\/em><\/strong><\/a><em>\u00a0 \u00a0<\/em><\/p>\n","protected":false},"excerpt":{"rendered":"<p>\u201eIn The End We All Belong\u201c \u2013 vers\u00f6hnlich und auf ber\u00fchrende Weise heroisch klingt Carlo Mombellis neues Album \u201eAngels &amp; Demons\u201c nahezu kammermusikalisch aus. Das warme melodische Thema, vom E-Bass eingef\u00fchrt, wird vom Piano (Kyle Shephard) \u00fcbernommen, vom Cello gespiegelt (Susan Mouton), entwickelt sich mit onomatopoetisch eingesetzten Stimmen zu einem and\u00e4chtigen Gesang von Freude und Trauer zugleich. Der s\u00fcdafrikanische Musiker hat das kleine St\u00fcck nach der ersten Begegnung mit seinem lange verschollenen Vater komponiert \u2013 mit offenem Ausklang. Ein weiteres ist das z\u00e4rtliche achtmin\u00fctige \u201eAthens\u201c, wo er den mittlerweile greisen Vater Angelico Franceso Mombelli nach 36 Jahren wiedergefunden hat. Auf eine weitere tragische Entwicklung in seiner Familie nimmt auch das kurze grelle \u201eLike A Mouse In A Maze\u201c Bezug, das tats\u00e4chlich wirkt, als irre jemand v\u00f6llig desorientiert herum und finde keinen Ausweg (mehr). R\u00fcckw\u00e4rts laufende Soundschleifen, vokale und perkussive Motive und n\u00e4chtliche Fl\u00fcgelschl\u00e4ge von V\u00f6geln verdichten sich in \u201eThe Spiral Staircase\u201c zu einem rituell-magischen Klangbild, welches alle m\u00f6glichen Assoziationen in Gang zu setzen imstande ist. Wie bereits die Vorg\u00e4ngeralben \u2013 Stories und I Press My Spine To The Ground \u2013 verbindet der Bassist mit seinen &hellip;<\/p>\n","protected":false},"author":37,"featured_media":18232,"comment_status":"open","ping_status":"closed","sticky":false,"template":"","format":"standard","meta":{"_jetpack_memberships_contains_paid_content":false,"footnotes":"","jetpack_publicize_message":"","jetpack_publicize_feature_enabled":true,"jetpack_social_post_already_shared":false,"jetpack_social_options":{"image_generator_settings":{"template":"highway","default_image_id":0,"font":"","enabled":false},"version":2}},"categories":[1152],"tags":[2140,2130,1485,2142,2141,387,2143],"coauthors":[1765],"class_list":["post-18231","post","type-post","status-publish","format-standard","has-post-thumbnail","hentry","category-rezension","tag-angels-and-demons","tag-carlo-mombelli","tag-cd-rezension","tag-jonno-sweetman","tag-keenan-ahrends","tag-michael-scheiner","tag-shepard"],"yoast_head":"<!-- This site is optimized with the Yoast SEO plugin v27.5 - https:\/\/yoast.com\/product\/yoast-seo-wordpress\/ -->\n<title>Spiritualit\u00e4t aus Sch\u00f6nheit und D\u00e4monie - CD von Carlo Mobelli\u00a0\u00a0\u00a0\u00a0 \u00a0 - JazzZeitung<\/title>\n<meta name=\"robots\" content=\"index, follow, max-snippet:-1, max-image-preview:large, max-video-preview:-1\" \/>\n<link rel=\"canonical\" href=\"https:\/\/www.jazzzeitung.de\/cms\/2019\/01\/spiritualitaet-aus-schoenheit-und-daemonie-cd-von-carlo-mobelli\/\" \/>\n<meta property=\"og:locale\" content=\"de_DE\" \/>\n<meta property=\"og:type\" content=\"article\" \/>\n<meta property=\"og:title\" content=\"Spiritualit\u00e4t aus Sch\u00f6nheit und D\u00e4monie - CD von Carlo Mobelli\u00a0\u00a0\u00a0\u00a0 \u00a0 - JazzZeitung\" \/>\n<meta property=\"og:description\" content=\"\u201eIn The End We All Belong\u201c \u2013 vers\u00f6hnlich und auf ber\u00fchrende Weise heroisch klingt Carlo Mombellis neues Album \u201eAngels &amp; Demons\u201c nahezu kammermusikalisch aus. Das warme melodische Thema, vom E-Bass eingef\u00fchrt, wird vom Piano (Kyle Shephard) \u00fcbernommen, vom Cello gespiegelt (Susan Mouton), entwickelt sich mit onomatopoetisch eingesetzten Stimmen zu einem and\u00e4chtigen Gesang von Freude und Trauer zugleich. Der s\u00fcdafrikanische Musiker hat das kleine St\u00fcck nach der ersten Begegnung mit seinem lange verschollenen Vater komponiert \u2013 mit offenem Ausklang. Ein weiteres ist das z\u00e4rtliche achtmin\u00fctige \u201eAthens\u201c, wo er den mittlerweile greisen Vater Angelico Franceso Mombelli nach 36 Jahren wiedergefunden hat. Auf eine weitere tragische Entwicklung in seiner Familie nimmt auch das kurze grelle \u201eLike A Mouse In A Maze\u201c Bezug, das tats\u00e4chlich wirkt, als irre jemand v\u00f6llig desorientiert herum und finde keinen Ausweg (mehr). R\u00fcckw\u00e4rts laufende Soundschleifen, vokale und perkussive Motive und n\u00e4chtliche Fl\u00fcgelschl\u00e4ge von V\u00f6geln verdichten sich in \u201eThe Spiral Staircase\u201c zu einem rituell-magischen Klangbild, welches alle m\u00f6glichen Assoziationen in Gang zu setzen imstande ist. Wie bereits die Vorg\u00e4ngeralben \u2013 Stories und I Press My Spine To The Ground \u2013 verbindet der Bassist mit seinen &hellip;\" \/>\n<meta property=\"og:url\" content=\"https:\/\/www.jazzzeitung.de\/cms\/2019\/01\/spiritualitaet-aus-schoenheit-und-daemonie-cd-von-carlo-mobelli\/\" \/>\n<meta property=\"og:site_name\" content=\"JazzZeitung\" \/>\n<meta property=\"article:publisher\" content=\"https:\/\/www.facebook.com\/JazzZeitung\/\" \/>\n<meta property=\"article:published_time\" content=\"2019-01-08T10:23:23+00:00\" \/>\n<meta property=\"og:image\" content=\"https:\/\/i0.wp.com\/www.jazzzeitung.de\/cms\/wp-content\/uploads\/2019\/01\/Mombelli-Angels.jpg?fit=709%2C719&ssl=1\" \/>\n\t<meta property=\"og:image:width\" content=\"709\" \/>\n\t<meta property=\"og:image:height\" content=\"719\" \/>\n\t<meta property=\"og:image:type\" content=\"image\/jpeg\" \/>\n<meta name=\"author\" content=\"Michael Scheiner\" \/>\n<script type=\"application\/ld+json\" class=\"yoast-schema-graph\">{\"@context\":\"https:\\\/\\\/schema.org\",\"@graph\":[{\"@type\":\"Article\",\"@id\":\"https:\\\/\\\/www.jazzzeitung.de\\\/cms\\\/2019\\\/01\\\/spiritualitaet-aus-schoenheit-und-daemonie-cd-von-carlo-mobelli\\\/#article\",\"isPartOf\":{\"@id\":\"https:\\\/\\\/www.jazzzeitung.de\\\/cms\\\/2019\\\/01\\\/spiritualitaet-aus-schoenheit-und-daemonie-cd-von-carlo-mobelli\\\/\"},\"author\":{\"name\":\"Michael Scheiner\",\"@id\":\"https:\\\/\\\/www.jazzzeitung.de\\\/cms\\\/#\\\/schema\\\/person\\\/a0bebd4d1728041629a3cbd7790f87fb\"},\"headline\":\"Spiritualit\u00e4t aus Sch\u00f6nheit und D\u00e4monie &#8211; CD von Carlo Mobelli\u00a0\u00a0\u00a0\u00a0 \u00a0\",\"datePublished\":\"2019-01-08T10:23:23+00:00\",\"mainEntityOfPage\":{\"@id\":\"https:\\\/\\\/www.jazzzeitung.de\\\/cms\\\/2019\\\/01\\\/spiritualitaet-aus-schoenheit-und-daemonie-cd-von-carlo-mobelli\\\/\"},\"wordCount\":640,\"commentCount\":0,\"publisher\":{\"@id\":\"https:\\\/\\\/www.jazzzeitung.de\\\/cms\\\/#organization\"},\"image\":{\"@id\":\"https:\\\/\\\/www.jazzzeitung.de\\\/cms\\\/2019\\\/01\\\/spiritualitaet-aus-schoenheit-und-daemonie-cd-von-carlo-mobelli\\\/#primaryimage\"},\"thumbnailUrl\":\"https:\\\/\\\/i0.wp.com\\\/www.jazzzeitung.de\\\/cms\\\/wp-content\\\/uploads\\\/2019\\\/01\\\/Mombelli-Angels.jpg?fit=709%2C719&ssl=1\",\"keywords\":[\"Angels and Demons\",\"Carlo Mombelli\",\"CD-Rezension\",\"Jonno Sweetman\",\"Keenan Ahrends\",\"Michael Scheiner\",\"Shepard\"],\"articleSection\":[\"Rezension\"],\"inLanguage\":\"de\",\"potentialAction\":[{\"@type\":\"CommentAction\",\"name\":\"Comment\",\"target\":[\"https:\\\/\\\/www.jazzzeitung.de\\\/cms\\\/2019\\\/01\\\/spiritualitaet-aus-schoenheit-und-daemonie-cd-von-carlo-mobelli\\\/#respond\"]}]},{\"@type\":\"WebPage\",\"@id\":\"https:\\\/\\\/www.jazzzeitung.de\\\/cms\\\/2019\\\/01\\\/spiritualitaet-aus-schoenheit-und-daemonie-cd-von-carlo-mobelli\\\/\",\"url\":\"https:\\\/\\\/www.jazzzeitung.de\\\/cms\\\/2019\\\/01\\\/spiritualitaet-aus-schoenheit-und-daemonie-cd-von-carlo-mobelli\\\/\",\"name\":\"Spiritualit\u00e4t aus Sch\u00f6nheit und D\u00e4monie - CD von Carlo Mobelli\u00a0\u00a0\u00a0\u00a0 \u00a0 - JazzZeitung\",\"isPartOf\":{\"@id\":\"https:\\\/\\\/www.jazzzeitung.de\\\/cms\\\/#website\"},\"primaryImageOfPage\":{\"@id\":\"https:\\\/\\\/www.jazzzeitung.de\\\/cms\\\/2019\\\/01\\\/spiritualitaet-aus-schoenheit-und-daemonie-cd-von-carlo-mobelli\\\/#primaryimage\"},\"image\":{\"@id\":\"https:\\\/\\\/www.jazzzeitung.de\\\/cms\\\/2019\\\/01\\\/spiritualitaet-aus-schoenheit-und-daemonie-cd-von-carlo-mobelli\\\/#primaryimage\"},\"thumbnailUrl\":\"https:\\\/\\\/i0.wp.com\\\/www.jazzzeitung.de\\\/cms\\\/wp-content\\\/uploads\\\/2019\\\/01\\\/Mombelli-Angels.jpg?fit=709%2C719&ssl=1\",\"datePublished\":\"2019-01-08T10:23:23+00:00\",\"breadcrumb\":{\"@id\":\"https:\\\/\\\/www.jazzzeitung.de\\\/cms\\\/2019\\\/01\\\/spiritualitaet-aus-schoenheit-und-daemonie-cd-von-carlo-mobelli\\\/#breadcrumb\"},\"inLanguage\":\"de\",\"potentialAction\":[{\"@type\":\"ReadAction\",\"target\":[\"https:\\\/\\\/www.jazzzeitung.de\\\/cms\\\/2019\\\/01\\\/spiritualitaet-aus-schoenheit-und-daemonie-cd-von-carlo-mobelli\\\/\"]}]},{\"@type\":\"ImageObject\",\"inLanguage\":\"de\",\"@id\":\"https:\\\/\\\/www.jazzzeitung.de\\\/cms\\\/2019\\\/01\\\/spiritualitaet-aus-schoenheit-und-daemonie-cd-von-carlo-mobelli\\\/#primaryimage\",\"url\":\"https:\\\/\\\/i0.wp.com\\\/www.jazzzeitung.de\\\/cms\\\/wp-content\\\/uploads\\\/2019\\\/01\\\/Mombelli-Angels.jpg?fit=709%2C719&ssl=1\",\"contentUrl\":\"https:\\\/\\\/i0.wp.com\\\/www.jazzzeitung.de\\\/cms\\\/wp-content\\\/uploads\\\/2019\\\/01\\\/Mombelli-Angels.jpg?fit=709%2C719&ssl=1\",\"width\":709,\"height\":719},{\"@type\":\"BreadcrumbList\",\"@id\":\"https:\\\/\\\/www.jazzzeitung.de\\\/cms\\\/2019\\\/01\\\/spiritualitaet-aus-schoenheit-und-daemonie-cd-von-carlo-mobelli\\\/#breadcrumb\",\"itemListElement\":[{\"@type\":\"ListItem\",\"position\":1,\"name\":\"Startseite\",\"item\":\"https:\\\/\\\/www.jazzzeitung.de\\\/cms\\\/\"},{\"@type\":\"ListItem\",\"position\":2,\"name\":\"Spiritualit\u00e4t aus Sch\u00f6nheit und D\u00e4monie &#8211; CD von Carlo Mobelli\u00a0\u00a0\u00a0\u00a0 \u00a0\"}]},{\"@type\":\"WebSite\",\"@id\":\"https:\\\/\\\/www.jazzzeitung.de\\\/cms\\\/#website\",\"url\":\"https:\\\/\\\/www.jazzzeitung.de\\\/cms\\\/\",\"name\":\"JazzZeitung\",\"description\":\"Jazz-News und Jazz-Kontroverses\",\"publisher\":{\"@id\":\"https:\\\/\\\/www.jazzzeitung.de\\\/cms\\\/#organization\"},\"potentialAction\":[{\"@type\":\"SearchAction\",\"target\":{\"@type\":\"EntryPoint\",\"urlTemplate\":\"https:\\\/\\\/www.jazzzeitung.de\\\/cms\\\/?s={search_term_string}\"},\"query-input\":{\"@type\":\"PropertyValueSpecification\",\"valueRequired\":true,\"valueName\":\"search_term_string\"}}],\"inLanguage\":\"de\"},{\"@type\":\"Organization\",\"@id\":\"https:\\\/\\\/www.jazzzeitung.de\\\/cms\\\/#organization\",\"name\":\"JazzZeitung online\",\"url\":\"https:\\\/\\\/www.jazzzeitung.de\\\/cms\\\/\",\"logo\":{\"@type\":\"ImageObject\",\"inLanguage\":\"de\",\"@id\":\"https:\\\/\\\/www.jazzzeitung.de\\\/cms\\\/#\\\/schema\\\/logo\\\/image\\\/\",\"url\":\"https:\\\/\\\/i0.wp.com\\\/www.jazzzeitung.de\\\/cms\\\/wp-content\\\/uploads\\\/2015\\\/08\\\/JAZZZEITUNGDE_Logo_Neu.png?fit=499%2C200&ssl=1\",\"contentUrl\":\"https:\\\/\\\/i0.wp.com\\\/www.jazzzeitung.de\\\/cms\\\/wp-content\\\/uploads\\\/2015\\\/08\\\/JAZZZEITUNGDE_Logo_Neu.png?fit=499%2C200&ssl=1\",\"width\":499,\"height\":200,\"caption\":\"JazzZeitung online\"},\"image\":{\"@id\":\"https:\\\/\\\/www.jazzzeitung.de\\\/cms\\\/#\\\/schema\\\/logo\\\/image\\\/\"},\"sameAs\":[\"https:\\\/\\\/www.facebook.com\\\/JazzZeitung\\\/\"]},{\"@type\":\"Person\",\"@id\":\"https:\\\/\\\/www.jazzzeitung.de\\\/cms\\\/#\\\/schema\\\/person\\\/a0bebd4d1728041629a3cbd7790f87fb\",\"name\":\"Michael Scheiner\",\"image\":{\"@type\":\"ImageObject\",\"inLanguage\":\"de\",\"@id\":\"https:\\\/\\\/secure.gravatar.com\\\/avatar\\\/c2d6ac12f682c419867cf3f803880bb41d5b23007d3670820aa9a6e7b5f6ec8d?s=96&d=wp_user_avatar&r=gdabb1b10453880983dfc53da7552ec76\",\"url\":\"https:\\\/\\\/secure.gravatar.com\\\/avatar\\\/c2d6ac12f682c419867cf3f803880bb41d5b23007d3670820aa9a6e7b5f6ec8d?s=96&d=wp_user_avatar&r=g\",\"contentUrl\":\"https:\\\/\\\/secure.gravatar.com\\\/avatar\\\/c2d6ac12f682c419867cf3f803880bb41d5b23007d3670820aa9a6e7b5f6ec8d?s=96&d=wp_user_avatar&r=g\",\"caption\":\"Michael Scheiner\"},\"sameAs\":[\"http:\\\/\\\/www.michaelscheiner.de\"],\"url\":\"https:\\\/\\\/www.jazzzeitung.de\\\/cms\\\/author\\\/mscheiner\\\/\"}]}<\/script>\n<!-- \/ Yoast SEO plugin. -->","yoast_head_json":{"title":"Spiritualit\u00e4t aus Sch\u00f6nheit und D\u00e4monie - CD von Carlo Mobelli\u00a0\u00a0\u00a0\u00a0 \u00a0 - JazzZeitung","robots":{"index":"index","follow":"follow","max-snippet":"max-snippet:-1","max-image-preview":"max-image-preview:large","max-video-preview":"max-video-preview:-1"},"canonical":"https:\/\/www.jazzzeitung.de\/cms\/2019\/01\/spiritualitaet-aus-schoenheit-und-daemonie-cd-von-carlo-mobelli\/","og_locale":"de_DE","og_type":"article","og_title":"Spiritualit\u00e4t aus Sch\u00f6nheit und D\u00e4monie - CD von Carlo Mobelli\u00a0\u00a0\u00a0\u00a0 \u00a0 - JazzZeitung","og_description":"\u201eIn The End We All Belong\u201c \u2013 vers\u00f6hnlich und auf ber\u00fchrende Weise heroisch klingt Carlo Mombellis neues Album \u201eAngels &amp; Demons\u201c nahezu kammermusikalisch aus. Das warme melodische Thema, vom E-Bass eingef\u00fchrt, wird vom Piano (Kyle Shephard) \u00fcbernommen, vom Cello gespiegelt (Susan Mouton), entwickelt sich mit onomatopoetisch eingesetzten Stimmen zu einem and\u00e4chtigen Gesang von Freude und Trauer zugleich. Der s\u00fcdafrikanische Musiker hat das kleine St\u00fcck nach der ersten Begegnung mit seinem lange verschollenen Vater komponiert \u2013 mit offenem Ausklang. Ein weiteres ist das z\u00e4rtliche achtmin\u00fctige \u201eAthens\u201c, wo er den mittlerweile greisen Vater Angelico Franceso Mombelli nach 36 Jahren wiedergefunden hat. Auf eine weitere tragische Entwicklung in seiner Familie nimmt auch das kurze grelle \u201eLike A Mouse In A Maze\u201c Bezug, das tats\u00e4chlich wirkt, als irre jemand v\u00f6llig desorientiert herum und finde keinen Ausweg (mehr). R\u00fcckw\u00e4rts laufende Soundschleifen, vokale und perkussive Motive und n\u00e4chtliche Fl\u00fcgelschl\u00e4ge von V\u00f6geln verdichten sich in \u201eThe Spiral Staircase\u201c zu einem rituell-magischen Klangbild, welches alle m\u00f6glichen Assoziationen in Gang zu setzen imstande ist. Wie bereits die Vorg\u00e4ngeralben \u2013 Stories und I Press My Spine To The Ground \u2013 verbindet der Bassist mit seinen &hellip;","og_url":"https:\/\/www.jazzzeitung.de\/cms\/2019\/01\/spiritualitaet-aus-schoenheit-und-daemonie-cd-von-carlo-mobelli\/","og_site_name":"JazzZeitung","article_publisher":"https:\/\/www.facebook.com\/JazzZeitung\/","article_published_time":"2019-01-08T10:23:23+00:00","og_image":[{"width":709,"height":719,"url":"https:\/\/i0.wp.com\/www.jazzzeitung.de\/cms\/wp-content\/uploads\/2019\/01\/Mombelli-Angels.jpg?fit=709%2C719&ssl=1","type":"image\/jpeg"}],"author":"Michael Scheiner","schema":{"@context":"https:\/\/schema.org","@graph":[{"@type":"Article","@id":"https:\/\/www.jazzzeitung.de\/cms\/2019\/01\/spiritualitaet-aus-schoenheit-und-daemonie-cd-von-carlo-mobelli\/#article","isPartOf":{"@id":"https:\/\/www.jazzzeitung.de\/cms\/2019\/01\/spiritualitaet-aus-schoenheit-und-daemonie-cd-von-carlo-mobelli\/"},"author":{"name":"Michael Scheiner","@id":"https:\/\/www.jazzzeitung.de\/cms\/#\/schema\/person\/a0bebd4d1728041629a3cbd7790f87fb"},"headline":"Spiritualit\u00e4t aus Sch\u00f6nheit und D\u00e4monie &#8211; CD von Carlo Mobelli\u00a0\u00a0\u00a0\u00a0 \u00a0","datePublished":"2019-01-08T10:23:23+00:00","mainEntityOfPage":{"@id":"https:\/\/www.jazzzeitung.de\/cms\/2019\/01\/spiritualitaet-aus-schoenheit-und-daemonie-cd-von-carlo-mobelli\/"},"wordCount":640,"commentCount":0,"publisher":{"@id":"https:\/\/www.jazzzeitung.de\/cms\/#organization"},"image":{"@id":"https:\/\/www.jazzzeitung.de\/cms\/2019\/01\/spiritualitaet-aus-schoenheit-und-daemonie-cd-von-carlo-mobelli\/#primaryimage"},"thumbnailUrl":"https:\/\/i0.wp.com\/www.jazzzeitung.de\/cms\/wp-content\/uploads\/2019\/01\/Mombelli-Angels.jpg?fit=709%2C719&ssl=1","keywords":["Angels and Demons","Carlo Mombelli","CD-Rezension","Jonno Sweetman","Keenan Ahrends","Michael Scheiner","Shepard"],"articleSection":["Rezension"],"inLanguage":"de","potentialAction":[{"@type":"CommentAction","name":"Comment","target":["https:\/\/www.jazzzeitung.de\/cms\/2019\/01\/spiritualitaet-aus-schoenheit-und-daemonie-cd-von-carlo-mobelli\/#respond"]}]},{"@type":"WebPage","@id":"https:\/\/www.jazzzeitung.de\/cms\/2019\/01\/spiritualitaet-aus-schoenheit-und-daemonie-cd-von-carlo-mobelli\/","url":"https:\/\/www.jazzzeitung.de\/cms\/2019\/01\/spiritualitaet-aus-schoenheit-und-daemonie-cd-von-carlo-mobelli\/","name":"Spiritualit\u00e4t aus Sch\u00f6nheit und D\u00e4monie - CD von Carlo Mobelli\u00a0\u00a0\u00a0\u00a0 \u00a0 - JazzZeitung","isPartOf":{"@id":"https:\/\/www.jazzzeitung.de\/cms\/#website"},"primaryImageOfPage":{"@id":"https:\/\/www.jazzzeitung.de\/cms\/2019\/01\/spiritualitaet-aus-schoenheit-und-daemonie-cd-von-carlo-mobelli\/#primaryimage"},"image":{"@id":"https:\/\/www.jazzzeitung.de\/cms\/2019\/01\/spiritualitaet-aus-schoenheit-und-daemonie-cd-von-carlo-mobelli\/#primaryimage"},"thumbnailUrl":"https:\/\/i0.wp.com\/www.jazzzeitung.de\/cms\/wp-content\/uploads\/2019\/01\/Mombelli-Angels.jpg?fit=709%2C719&ssl=1","datePublished":"2019-01-08T10:23:23+00:00","breadcrumb":{"@id":"https:\/\/www.jazzzeitung.de\/cms\/2019\/01\/spiritualitaet-aus-schoenheit-und-daemonie-cd-von-carlo-mobelli\/#breadcrumb"},"inLanguage":"de","potentialAction":[{"@type":"ReadAction","target":["https:\/\/www.jazzzeitung.de\/cms\/2019\/01\/spiritualitaet-aus-schoenheit-und-daemonie-cd-von-carlo-mobelli\/"]}]},{"@type":"ImageObject","inLanguage":"de","@id":"https:\/\/www.jazzzeitung.de\/cms\/2019\/01\/spiritualitaet-aus-schoenheit-und-daemonie-cd-von-carlo-mobelli\/#primaryimage","url":"https:\/\/i0.wp.com\/www.jazzzeitung.de\/cms\/wp-content\/uploads\/2019\/01\/Mombelli-Angels.jpg?fit=709%2C719&ssl=1","contentUrl":"https:\/\/i0.wp.com\/www.jazzzeitung.de\/cms\/wp-content\/uploads\/2019\/01\/Mombelli-Angels.jpg?fit=709%2C719&ssl=1","width":709,"height":719},{"@type":"BreadcrumbList","@id":"https:\/\/www.jazzzeitung.de\/cms\/2019\/01\/spiritualitaet-aus-schoenheit-und-daemonie-cd-von-carlo-mobelli\/#breadcrumb","itemListElement":[{"@type":"ListItem","position":1,"name":"Startseite","item":"https:\/\/www.jazzzeitung.de\/cms\/"},{"@type":"ListItem","position":2,"name":"Spiritualit\u00e4t aus Sch\u00f6nheit und D\u00e4monie &#8211; CD von Carlo Mobelli\u00a0\u00a0\u00a0\u00a0 \u00a0"}]},{"@type":"WebSite","@id":"https:\/\/www.jazzzeitung.de\/cms\/#website","url":"https:\/\/www.jazzzeitung.de\/cms\/","name":"JazzZeitung","description":"Jazz-News und Jazz-Kontroverses","publisher":{"@id":"https:\/\/www.jazzzeitung.de\/cms\/#organization"},"potentialAction":[{"@type":"SearchAction","target":{"@type":"EntryPoint","urlTemplate":"https:\/\/www.jazzzeitung.de\/cms\/?s={search_term_string}"},"query-input":{"@type":"PropertyValueSpecification","valueRequired":true,"valueName":"search_term_string"}}],"inLanguage":"de"},{"@type":"Organization","@id":"https:\/\/www.jazzzeitung.de\/cms\/#organization","name":"JazzZeitung online","url":"https:\/\/www.jazzzeitung.de\/cms\/","logo":{"@type":"ImageObject","inLanguage":"de","@id":"https:\/\/www.jazzzeitung.de\/cms\/#\/schema\/logo\/image\/","url":"https:\/\/i0.wp.com\/www.jazzzeitung.de\/cms\/wp-content\/uploads\/2015\/08\/JAZZZEITUNGDE_Logo_Neu.png?fit=499%2C200&ssl=1","contentUrl":"https:\/\/i0.wp.com\/www.jazzzeitung.de\/cms\/wp-content\/uploads\/2015\/08\/JAZZZEITUNGDE_Logo_Neu.png?fit=499%2C200&ssl=1","width":499,"height":200,"caption":"JazzZeitung online"},"image":{"@id":"https:\/\/www.jazzzeitung.de\/cms\/#\/schema\/logo\/image\/"},"sameAs":["https:\/\/www.facebook.com\/JazzZeitung\/"]},{"@type":"Person","@id":"https:\/\/www.jazzzeitung.de\/cms\/#\/schema\/person\/a0bebd4d1728041629a3cbd7790f87fb","name":"Michael Scheiner","image":{"@type":"ImageObject","inLanguage":"de","@id":"https:\/\/secure.gravatar.com\/avatar\/c2d6ac12f682c419867cf3f803880bb41d5b23007d3670820aa9a6e7b5f6ec8d?s=96&d=wp_user_avatar&r=gdabb1b10453880983dfc53da7552ec76","url":"https:\/\/secure.gravatar.com\/avatar\/c2d6ac12f682c419867cf3f803880bb41d5b23007d3670820aa9a6e7b5f6ec8d?s=96&d=wp_user_avatar&r=g","contentUrl":"https:\/\/secure.gravatar.com\/avatar\/c2d6ac12f682c419867cf3f803880bb41d5b23007d3670820aa9a6e7b5f6ec8d?s=96&d=wp_user_avatar&r=g","caption":"Michael Scheiner"},"sameAs":["http:\/\/www.michaelscheiner.de"],"url":"https:\/\/www.jazzzeitung.de\/cms\/author\/mscheiner\/"}]}},"wp-worthy-pixel":{"ignored":false,"public":null,"server":null,"url":null},"wp-worthy-type":"normal","jetpack_publicize_connections":[],"cc_featured_image_caption":{"caption_text":"","source_text":"","source_url":""},"jetpack_featured_media_url":"https:\/\/i0.wp.com\/www.jazzzeitung.de\/cms\/wp-content\/uploads\/2019\/01\/Mombelli-Angels.jpg?fit=709%2C719&ssl=1","jetpack_shortlink":"https:\/\/wp.me\/p3KEcT-4K3","jetpack-related-posts":[{"id":15515,"url":"https:\/\/www.jazzzeitung.de\/cms\/2018\/04\/cd-rezension-pablo-held-investigations\/","url_meta":{"origin":18231,"position":0},"title":"CD-Rezension: Pablo Held \u2013 Investigations","author":"Thomas J. Krebs","date":"12. April 2018","format":false,"excerpt":"Seit dem Jahr 2005 existiert das Pablo Held Trio mit Robert Landfermann am Bass und dem Schlagzeuger Jonas Burgwinkel bereits. Bis dato erschienen offiziell neun Alben unter Helds eigenem Namen, davon f\u00fcnf reine Trioalben in dieser Besetzung (plus eine Aufnahme im Trio mit John Scofield). Nach dem bedauernswerten Ende des\u2026","rel":"","context":"In &quot;Rezension&quot;","block_context":{"text":"Rezension","link":"https:\/\/www.jazzzeitung.de\/cms\/thema\/rezension\/"},"img":{"alt_text":"","src":"https:\/\/i0.wp.com\/www.jazzzeitung.de\/cms\/wp-content\/uploads\/2018\/04\/Pablo-Held-Cover1.jpg?fit=1200%2C823&ssl=1&resize=350%2C200","width":350,"height":200,"srcset":"https:\/\/i0.wp.com\/www.jazzzeitung.de\/cms\/wp-content\/uploads\/2018\/04\/Pablo-Held-Cover1.jpg?fit=1200%2C823&ssl=1&resize=350%2C200 1x, https:\/\/i0.wp.com\/www.jazzzeitung.de\/cms\/wp-content\/uploads\/2018\/04\/Pablo-Held-Cover1.jpg?fit=1200%2C823&ssl=1&resize=525%2C300 1.5x, https:\/\/i0.wp.com\/www.jazzzeitung.de\/cms\/wp-content\/uploads\/2018\/04\/Pablo-Held-Cover1.jpg?fit=1200%2C823&ssl=1&resize=700%2C400 2x, https:\/\/i0.wp.com\/www.jazzzeitung.de\/cms\/wp-content\/uploads\/2018\/04\/Pablo-Held-Cover1.jpg?fit=1200%2C823&ssl=1&resize=1050%2C600 3x"},"classes":[]},{"id":10906,"url":"https:\/\/www.jazzzeitung.de\/cms\/2016\/11\/carlo-keep-swingin-ist-ab-9-dezember-auf-dvd-und-als-vod-erhaeltlich\/","url_meta":{"origin":18231,"position":1},"title":"\u201eCarlo, Keep Swingin\u2019\u201c ist ab 9. Dezember auf DVD und als VoD erh\u00e4ltlich","author":"Redaktion JazzZeitung","date":"9. November 2016","format":false,"excerpt":"\u201eCarlo, Keep Swingin\u2019\u201c ist das mitrei\u00dfende Portr\u00e4t von\u00a0Carlo Bohl\u00e4nder, der\u00a0mit dem Frankfurter Jazzkeller nicht weniger als die Keimzelle f\u00fcr den Jazz in Deutschland geschaffen hat. Eine Hymne an die Musik der Freiheit nach der schmerzvollen Erfahrung des Nationalsozialismus. Nach dem Zweiten Weltkrieg gr\u00fcndete der Trompeter und Musiktheoretiker Carlo Bohl\u00e4nder im\u2026","rel":"","context":"In &quot;Rezension&quot;","block_context":{"text":"Rezension","link":"https:\/\/www.jazzzeitung.de\/cms\/thema\/rezension\/"},"img":{"alt_text":"","src":"https:\/\/i0.wp.com\/www.jazzzeitung.de\/cms\/wp-content\/uploads\/2016\/11\/09_wfilm_carlokeepswingin_filmstill.jpg?resize=350%2C200","width":350,"height":200,"srcset":"https:\/\/i0.wp.com\/www.jazzzeitung.de\/cms\/wp-content\/uploads\/2016\/11\/09_wfilm_carlokeepswingin_filmstill.jpg?resize=350%2C200 1x, https:\/\/i0.wp.com\/www.jazzzeitung.de\/cms\/wp-content\/uploads\/2016\/11\/09_wfilm_carlokeepswingin_filmstill.jpg?resize=525%2C300 1.5x, https:\/\/i0.wp.com\/www.jazzzeitung.de\/cms\/wp-content\/uploads\/2016\/11\/09_wfilm_carlokeepswingin_filmstill.jpg?resize=700%2C400 2x, https:\/\/i0.wp.com\/www.jazzzeitung.de\/cms\/wp-content\/uploads\/2016\/11\/09_wfilm_carlokeepswingin_filmstill.jpg?resize=1050%2C600 3x, https:\/\/i0.wp.com\/www.jazzzeitung.de\/cms\/wp-content\/uploads\/2016\/11\/09_wfilm_carlokeepswingin_filmstill.jpg?resize=1400%2C800 4x"},"classes":[]},{"id":13189,"url":"https:\/\/www.jazzzeitung.de\/cms\/2017\/08\/cd-rezension-michael-naura-quintett-european-jazz-sounds\/","url_meta":{"origin":18231,"position":2},"title":"CD-Rezension &#8211; Michael Naura Quintett:  European Jazz Sounds","author":"Redaktion JazzZeitung","date":"1. August 2017","format":false,"excerpt":"Manchmal gibt es noch echte musikalische \u00dcberraschungen, die man partout nicht erwartet h\u00e4tte! So die bei dem engagierten, umtriebigen be-bop Label gerade erschienene DoCD des Michael Naura Quintetts \u201eEuropean Jazz Sounds\u201c (nicht identisch mit der gleichnamigen, 1963 auf Brunswick erschienenen LP!) mit seltenen, sowie bis dato unver\u00f6ffentlichten Live-Aufnahmen. Das Michael\u2026","rel":"","context":"In &quot;Rezension&quot;","block_context":{"text":"Rezension","link":"https:\/\/www.jazzzeitung.de\/cms\/thema\/rezension\/"},"img":{"alt_text":"","src":"https:\/\/i0.wp.com\/www.jazzzeitung.de\/cms\/wp-content\/uploads\/2017\/08\/Cover-Michael-Naura-Quintett.jpg?fit=1200%2C1200&ssl=1&resize=350%2C200","width":350,"height":200,"srcset":"https:\/\/i0.wp.com\/www.jazzzeitung.de\/cms\/wp-content\/uploads\/2017\/08\/Cover-Michael-Naura-Quintett.jpg?fit=1200%2C1200&ssl=1&resize=350%2C200 1x, https:\/\/i0.wp.com\/www.jazzzeitung.de\/cms\/wp-content\/uploads\/2017\/08\/Cover-Michael-Naura-Quintett.jpg?fit=1200%2C1200&ssl=1&resize=525%2C300 1.5x, https:\/\/i0.wp.com\/www.jazzzeitung.de\/cms\/wp-content\/uploads\/2017\/08\/Cover-Michael-Naura-Quintett.jpg?fit=1200%2C1200&ssl=1&resize=700%2C400 2x, https:\/\/i0.wp.com\/www.jazzzeitung.de\/cms\/wp-content\/uploads\/2017\/08\/Cover-Michael-Naura-Quintett.jpg?fit=1200%2C1200&ssl=1&resize=1050%2C600 3x"},"classes":[]},{"id":9987,"url":"https:\/\/www.jazzzeitung.de\/cms\/2016\/09\/klangschoene-friedensreferenz-und-nachtdunkle-intensitaet\/","url_meta":{"origin":18231,"position":3},"title":"Klangsch\u00f6ne Friedensreferenz und nachtdunkle Intensit\u00e4t \u2013 aktuelle CD von Carlo Mombelli","author":"Redaktion JazzZeitung","date":"9. September 2016","format":false,"excerpt":"Auf dem R\u00fccken einer nachtblauen Katze schl\u00e4ft ein gr\u00fcn-gelber Mann. Er tr\u00e4gt eine Augenlarve und ist mit einer blauen Decke bedeckt. Das surreale Bild des s\u00fcdafrikanischen K\u00fcnstlers Norman Catherine bezieht sich auf den Titelsong von Carlo Mombellis neuem Album\u00a0 \"I Press My Spine to the Ground\". Gleichzeitig korrespondiert es auf\u2026","rel":"","context":"In &quot;Rezension&quot;","block_context":{"text":"Rezension","link":"https:\/\/www.jazzzeitung.de\/cms\/thema\/rezension\/"},"img":{"alt_text":"Mombelli-Ipressmy","src":"https:\/\/i0.wp.com\/www.jazzzeitung.de\/cms\/wp-content\/uploads\/2016\/09\/Mombelli-Ipressmy-150x150.png?resize=350%2C200","width":350,"height":200},"classes":[]},{"id":29494,"url":"https:\/\/www.jazzzeitung.de\/cms\/2023\/06\/cd-rezension-burkard-kunkel-bob-degen-two-geese-by-the-river\/","url_meta":{"origin":18231,"position":4},"title":"CD-Rezension: Burkard Kunkel &#038; Bob Degen \u2013 Two Geese By The River","author":"Michael Scheiner","date":"6. Juni 2023","format":false,"excerpt":"F\u00fcr die beiden Protagonisten war es wohl eine noch gr\u00f6\u00dfere \u00dcberraschung als f\u00fcr ihr musikalisches und Publikumsumfeld. F\u00fcr ihr im Selbstverlag produziertes und vertriebenes Album \"Two Geese by the River\" haben der im Spessart lebende Holzbl\u00e4ser Burkard Kunkel und der Wahl-Frankfurter Bob Degen am Piano einen Platz auf der Bestenliste\u2026","rel":"","context":"In &quot;Rezension&quot;","block_context":{"text":"Rezension","link":"https:\/\/www.jazzzeitung.de\/cms\/thema\/rezension\/"},"img":{"alt_text":"","src":"https:\/\/i0.wp.com\/www.jazzzeitung.de\/cms\/wp-content\/uploads\/2023\/05\/800_63b563842e0e0.webp?fit=800%2C533&ssl=1&resize=350%2C200","width":350,"height":200,"srcset":"https:\/\/i0.wp.com\/www.jazzzeitung.de\/cms\/wp-content\/uploads\/2023\/05\/800_63b563842e0e0.webp?fit=800%2C533&ssl=1&resize=350%2C200 1x, https:\/\/i0.wp.com\/www.jazzzeitung.de\/cms\/wp-content\/uploads\/2023\/05\/800_63b563842e0e0.webp?fit=800%2C533&ssl=1&resize=525%2C300 1.5x, https:\/\/i0.wp.com\/www.jazzzeitung.de\/cms\/wp-content\/uploads\/2023\/05\/800_63b563842e0e0.webp?fit=800%2C533&ssl=1&resize=700%2C400 2x"},"classes":[]},{"id":29764,"url":"https:\/\/www.jazzzeitung.de\/cms\/2023\/07\/cd-rezension-paolo-fresu-omar-sosa-food\/","url_meta":{"origin":18231,"position":5},"title":"CD-Rezension: Paolo Fresu &#038; Omar Sosa &#8211; FOOD","author":"Redaktion JazzZeitung","date":"14. Juli 2023","format":false,"excerpt":"Von Stephanie Knauer. Nicht erst nachdem Gioacchino Rossini vom Komponieren zum Kochen wechselte, wei\u00df man, dass Musik und Essen eng befreundet sind. Die Idee zur begl\u00fcckenden Fusion von Nahrung f\u00fcr Gaumen und Ohren entstand vermutlich bald nach der Erfindung der Musik. Trotzdem gibt es keine S\u00e4ttigung, sondern schmeckt immer: Musik\u2026","rel":"","context":"In &quot;Rezension&quot;","block_context":{"text":"Rezension","link":"https:\/\/www.jazzzeitung.de\/cms\/thema\/rezension\/"},"img":{"alt_text":"","src":"https:\/\/i0.wp.com\/www.jazzzeitung.de\/cms\/wp-content\/uploads\/2023\/07\/cover_food_titel.jpg?fit=1191%2C781&ssl=1&resize=350%2C200","width":350,"height":200,"srcset":"https:\/\/i0.wp.com\/www.jazzzeitung.de\/cms\/wp-content\/uploads\/2023\/07\/cover_food_titel.jpg?fit=1191%2C781&ssl=1&resize=350%2C200 1x, https:\/\/i0.wp.com\/www.jazzzeitung.de\/cms\/wp-content\/uploads\/2023\/07\/cover_food_titel.jpg?fit=1191%2C781&ssl=1&resize=525%2C300 1.5x, https:\/\/i0.wp.com\/www.jazzzeitung.de\/cms\/wp-content\/uploads\/2023\/07\/cover_food_titel.jpg?fit=1191%2C781&ssl=1&resize=700%2C400 2x, https:\/\/i0.wp.com\/www.jazzzeitung.de\/cms\/wp-content\/uploads\/2023\/07\/cover_food_titel.jpg?fit=1191%2C781&ssl=1&resize=1050%2C600 3x"},"classes":[]}],"jetpack_sharing_enabled":true,"_links":{"self":[{"href":"https:\/\/www.jazzzeitung.de\/cms\/wp-json\/wp\/v2\/posts\/18231","targetHints":{"allow":["GET"]}}],"collection":[{"href":"https:\/\/www.jazzzeitung.de\/cms\/wp-json\/wp\/v2\/posts"}],"about":[{"href":"https:\/\/www.jazzzeitung.de\/cms\/wp-json\/wp\/v2\/types\/post"}],"author":[{"embeddable":true,"href":"https:\/\/www.jazzzeitung.de\/cms\/wp-json\/wp\/v2\/users\/37"}],"replies":[{"embeddable":true,"href":"https:\/\/www.jazzzeitung.de\/cms\/wp-json\/wp\/v2\/comments?post=18231"}],"version-history":[{"count":1,"href":"https:\/\/www.jazzzeitung.de\/cms\/wp-json\/wp\/v2\/posts\/18231\/revisions"}],"predecessor-version":[{"id":18233,"href":"https:\/\/www.jazzzeitung.de\/cms\/wp-json\/wp\/v2\/posts\/18231\/revisions\/18233"}],"wp:featuredmedia":[{"embeddable":true,"href":"https:\/\/www.jazzzeitung.de\/cms\/wp-json\/wp\/v2\/media\/18232"}],"wp:attachment":[{"href":"https:\/\/www.jazzzeitung.de\/cms\/wp-json\/wp\/v2\/media?parent=18231"}],"wp:term":[{"taxonomy":"category","embeddable":true,"href":"https:\/\/www.jazzzeitung.de\/cms\/wp-json\/wp\/v2\/categories?post=18231"},{"taxonomy":"post_tag","embeddable":true,"href":"https:\/\/www.jazzzeitung.de\/cms\/wp-json\/wp\/v2\/tags?post=18231"},{"taxonomy":"author","embeddable":true,"href":"https:\/\/www.jazzzeitung.de\/cms\/wp-json\/wp\/v2\/coauthors?post=18231"}],"curies":[{"name":"wp","href":"https:\/\/api.w.org\/{rel}","templated":true}]}}