{"id":18144,"date":"2018-12-17T15:56:16","date_gmt":"2018-12-17T14:56:16","guid":{"rendered":"https:\/\/www.jazzzeitung.de\/cms\/?p=18144"},"modified":"2018-12-17T12:58:24","modified_gmt":"2018-12-17T11:58:24","slug":"bmw-welt-jazz-award-2019-der-elfte-wettbewerb-feiert-jazz-mit-dem-motto-saxophone-worlds","status":"publish","type":"post","link":"https:\/\/www.jazzzeitung.de\/cms\/2018\/12\/bmw-welt-jazz-award-2019-der-elfte-wettbewerb-feiert-jazz-mit-dem-motto-saxophone-worlds\/","title":{"rendered":"BMW Welt Jazz Award 2019:  Der elfte Wettbewerb feiert Jazz mit dem Motto \u201eSaxophone Worlds\u201c"},"content":{"rendered":"<p><strong>M\u00fcnchen.<\/strong> Der elfte BMW Welt Jazz Award wird mit dem Leitmotiv \u201eSaxophone Worlds\u201c zelebriert. So sind auch im Jahr 2019 Jazz-Begeisterte und solche, die es werden wollen, wieder zu sechs kostenfreien Sonntagsmatineen von Januar bis M\u00e4rz eingeladen. Im Mittelpunkt steht dabei das Instrument, das wie kein anderes den Jazz repr\u00e4sentiert und durch seine gro\u00dfe Bandbreite beeindruckt: das Saxophon. Ihm widmen sich sechs international herausragende Ensembles, die das Motto \u201eSaxophone Worlds\u201c im Doppelkegel der BMW Welt interpretieren. Die Musiker kommen in diesem Jahr aus Deutschland, Estland, Frankreich, Norwegen, Polen, Schweiz sowie Gro\u00dfbritannien und den USA. Das gro\u00dfe Finale um den mit insgesamt 15.000 Euro dotierten BMW Welt Jazz Award findet am 4. Mai 2019 im Auditorium der BMW Welt statt.<\/p>\n<p><strong><u>K\u00fcnstler und Ensembles <\/u><\/strong><\/p>\n<ol start=\"27\">\n<li><strong> Januar 2019: Maciej Obara Quartet<\/strong><\/li>\n<\/ol>\n<p>Der 37-j\u00e4hrige polnische Alt- und Tenorsaxofonist Maciej Obara geh\u00f6rt zu den wichtigsten Musikern der mittleren Generation des europ\u00e4ischen Jazz, in dem Polen mit Virtuosen von Zbigniew Seifert bis Leszek Mozdzer immer schon eine bedeutende Rolle spielt. Nachdem er 2006 mit seinem Trio den renommierten Wettbewerb in Bielka Zadymka f\u00fcr junge Jazzbands gewonnen hatte, eroberte Obara im Jahr darauf mit seinem Deb\u00fctalbum \u201cMessage from Ohayo\u201d die internationale Szene im Sturm. Er tourte mit dem amerikanischen Saxofonisten Antoine Roneyi, wodurch Manfred Eicher, der Chef des ber\u00fchmten ECM-Labels, auf ihn aufmerksam wurde und ihn in die Band von Tomasz Stanko vermittelte. Mit seinem sechsten eigenen Album \u201cUnloved\u201d feierte Obara 2017 sein ECM-Deb\u00fct als Bandleader. Sein lyrisches und farbenreiches, technisch atemberaubendes Spiel wird auch im BMW Doppelkegel vom Landsmann Dominik Wania am Klavier sowie den beiden Norwegern Ole Morten Vagan am Bass und Gard Nilssen am Schlagzeug begleitet.<\/p>\n<ol start=\"3\">\n<li><strong> Februar 2019: C\u00e9line Bonacina Crystal Quartet<\/strong><\/li>\n<\/ol>\n<p>Schon rein optisch sticht C\u00e9line Bonacina unter ihren Saxofon-Kollegen heraus: Spielt die zierliche Franz\u00f6sin doch das m\u00e4chtige Baritonsaxofon. Das kristallisierte sich nach dem klassischem Saxofonunterricht an Konservatorien in Belfort, Besan\u00e7on und Paris schon fr\u00fch als Hauptinstrument heraus, das sie von 1996 an in verschiedenen Pariser Bigbands spielte. 1998 ging Bonacina f\u00fcr sieben Jahre als Dozentin ans Konservatorium der im Indischen Ozean gelegenen Insel La R\u00e9union, einem franz\u00f6sischen \u00dcbersee-Departement. Dessen Musiktradition spielt bei Bonacinas Musik, vor allem in der Rhythmik bis heute eine besondere Rolle. Ihr 2005 nach der R\u00fcckkehr nach Paris erschienenes Deb\u00fctalbum \u201cVue d\u2019en Haut\u201d erregte Aufsehen, Bonacina gewann in der Folge diverse Auszeichnungen und spielte mit Gr\u00f6\u00dfen der Pariser Szene, aber auch mit internationalen Stars wie Omar Sosa, Mike Mainieri, Nils Landgren, Nguy\u00ean L\u00ea oder Gwilym Simcock.\u00a0 In der BMW Welt stellt sie ihr aktuelles Crystal Quartet mit Leonardo Montana am Piano, Chris Jennings am Bass und Asaf Sirkis am Schlagzeug vor.<\/p>\n<ol start=\"17\">\n<li><strong> Februar 2019: Geraldine Laurent Quartet<\/strong><\/li>\n<\/ol>\n<p>Als Tochter von Musik- und Kunstlehrern ist die Franz\u00f6sin Geraldine Laurent nicht nur von fr\u00fchester Kindheit an mit Musik aufgewachsen, sie verstand sie auch fr\u00fch als Teil einer umfassenden \u00c4sthetik. Sie begann mit Klavier, bevor sie Altsaxofon lernte und bereits mit 13 aufs Konservatorium ihrer Heimatstadt Niort kam. Anders als viele verschaffte sie sich einen umfassenden \u00dcberblick \u00fcber die Jazztradition. So wurde sie zur begehrten Begleiterin, etwa von Antoine Hervier, Aldo Romano oder der S\u00e4ngerin Romeyn Adams Nesbitt. Von 2005 an erlangte sie mit eigenen Projekten in Frankreich gro\u00dfe Bekanntheit: 2006 gewann sie den \u201cDjango d\u2019Or\u201d als bestes Nachwuchstalent und den Prix R\u00e9v\u00e9lation auf dem Jazzfestival in Antibes, 2007 schaffte sie es auf den Titel der New York Times, 2008 erhielt sie den Prix Django Reinhardt, alle ihre Alben sind mehrfach preisgekr\u00f6nt. So auch \u201cAt Work\u201d, das Laurent beim BMW Welt Jazz Award mit Paul Lay am Piano, ihrem langj\u00e4hrigen Weggef\u00e4hrten Yoni Zelnick am Bass und Donald Kontomanou am Schlagzeug vorstellt.<\/p>\n<ol start=\"24\">\n<li><strong> Februar 2019: Matthieu Bordenave Trio<\/strong><\/li>\n<\/ol>\n<p>Filigraner Modern Jazz am Saxofon mit mediterranen Untert\u00f6nen kann auch aus M\u00fcnchen kommen. Allerdings von einem geb\u00fcrtigen S\u00fcdfranzosen: Der 35-j\u00e4hrige Matthieu Bordenave studierte zun\u00e4chst in Annecy und Paris klassisches und Jazz-Saxofon, bevor er zum Masterstudium an die Musikhochschule M\u00fcnchen kam. Vom Student stieg er schnell zum Assistenten und zum festen Bestandteil der M\u00fcnchner Szene auf. Mit seinen Bands Le Caf\u00e9 Bleu und Grand Angle ver\u00f6ffentlichte er weithin beachtete Jazz-Bearbeitungen von Edith-Piaf-Chansons und Volks- und Kinderliedern seiner Kindheit. Zuletzt vertonte der Syn\u00e4sthet auf \u201eTerre de Sienne\u201c seine pers\u00f6nlichen Klangeindr\u00fccke von Farben. In der BMW Welt pr\u00e4sentiert er nun sein neues Trio, mit dem er beim renommierten Label ecm deb\u00fctiert: Am Schlagzeuger sitzt Shinya Fukumori, und am Klavier gibt es ein Wiedersehen mit Florian Weber, der schon beim ersten BMW Welt Jazz Award mit seinem Trio Minsarah im Finale stand und der heute zu den erfolgreichsten deutschen Jazzpianisten und -dozenten geh\u00f6rt.<\/p>\n<ol start=\"10\">\n<li><strong> M\u00e4rz 2019: Maria Faust Group<\/strong><\/li>\n<\/ol>\n<p>Eine der Entdeckungen der vergangenen Festival-Sommer ist die estnische Saxofonistin und Komponistin Maria Faust. Die 39-J\u00e4hrige absolvierte bis 2001 eine klassische Ausbildung an der Musikakademie in Tallinn, bevor sie sich auf den Jazz konzentrierte und nach D\u00e4nemark ging. In Esbjerg schloss sie 2008 das Jazzsaxofon-Studium ab, aber noch bis 2016 vertiefte sie sich am renommierten Rytmisk Musik Konservatorien in Kopenhagen in Kompositionslehre. Parallel dazu lie\u00df sie mit Bandprojekten wie der Jazz Catastrophe Bigband, dem elektroakustischen Ensemble Pistol Nr. 9 oder mit ihrer Maria Faust Group aufhorchen, mit der sie nun auch in die BMW Welt kommt. In der au\u00dfergew\u00f6hnlichen Besetzung mit Maria Faust am Altsoxofon, Ned Ferm am Tenorsaxofon , Ida N\u00f8rholm am Cello, Jacob Anderskov am Klavier sowie den beiden Bassisten Nils Bo Davidsen und Adam Pultz Melbye entsteht au\u00dfergew\u00f6hnliche feinstoffliche Musik, die Genre-\u00fcberschreitend die verschiedensten Einfl\u00fcsse von Traditionellem \u00fcber Arbeiterlieder bis zu Experimantalimprovisationen und Naturkl\u00e4ngen einbezieht.<\/p>\n<ol start=\"24\">\n<li><strong> M\u00e4rz 2019: Rudresh Mahanthappa Quintet<\/strong><\/li>\n<\/ol>\n<p>Zahlreiche Auszeichnungen dokumentieren, dass Rudresh Mahanthappa zu den kreativsten und innovativsten Jazzk\u00fcnstlern der j\u00fcngeren Generation geh\u00f6rt. So wurde er von 2010 bis 2014 bei den wichtigsten amerikanischen Kritikerumfragen zum Altsaxofonisten des Jahres gew\u00e4hlt. Der Sohn s\u00fcdindischer Einwanderer wuchs westlich orientiert auf und interessierte sich fr\u00fch f\u00fcr Jazz und Saxofon. Am Berklee College of Musik lernte er den indischen Saxofonisten Kadri Gopalnath kennen, \u00fcber den er die karnatische Musik entdeckte. Die Verschmelzung deren komplexer rhythmischer Strukturen mit Modern Jazz zeichnet seitdem Mahanthappas Spiel aus, ob als Sideman von David Murray, Tim Hagans oder Danilo Perez, im Duo mit dem Pianisten Vijay Iyer oder bei seinen zahlreichen eigenen Projekten und Bands. Beim BMW Welt Jazz Award beleuchtet Mahanthappa mit Rez Abbasi an der Gitarre, Bobby Avey am Piano, Francois Moutin am Bass und Rudy Royston am Schlagzeug eine sein Erfolgsalbum \u201cBird Calls\u201d neu.<\/p>\n","protected":false},"excerpt":{"rendered":"<p>M\u00fcnchen. Der elfte BMW Welt Jazz Award wird mit dem Leitmotiv \u201eSaxophone Worlds\u201c zelebriert. So sind auch im Jahr 2019 Jazz-Begeisterte und solche, die es werden wollen, wieder zu sechs kostenfreien Sonntagsmatineen von Januar bis M\u00e4rz eingeladen. Im Mittelpunkt steht dabei das Instrument, das wie kein anderes den Jazz repr\u00e4sentiert und durch seine gro\u00dfe Bandbreite beeindruckt: das Saxophon. Ihm widmen sich sechs international herausragende Ensembles, die das Motto \u201eSaxophone Worlds\u201c im Doppelkegel der BMW Welt interpretieren. Die Musiker kommen in diesem Jahr aus Deutschland, Estland, Frankreich, Norwegen, Polen, Schweiz sowie Gro\u00dfbritannien und den USA. Das gro\u00dfe Finale um den mit insgesamt 15.000 Euro dotierten BMW Welt Jazz Award findet am 4. Mai 2019 im Auditorium der BMW Welt statt. K\u00fcnstler und Ensembles Januar 2019: Maciej Obara Quartet Der 37-j\u00e4hrige polnische Alt- und Tenorsaxofonist Maciej Obara geh\u00f6rt zu den wichtigsten Musikern der mittleren Generation des europ\u00e4ischen Jazz, in dem Polen mit Virtuosen von Zbigniew Seifert bis Leszek Mozdzer immer schon eine bedeutende Rolle spielt. Nachdem er 2006 mit seinem Trio den renommierten Wettbewerb in Bielka Zadymka f\u00fcr junge Jazzbands gewonnen hatte, eroberte Obara im Jahr darauf &hellip;<\/p>\n","protected":false},"author":18,"featured_media":18145,"comment_status":"open","ping_status":"closed","sticky":false,"template":"","format":"standard","meta":{"_jetpack_memberships_contains_paid_content":false,"footnotes":"","jetpack_publicize_message":"","jetpack_publicize_feature_enabled":true,"jetpack_social_post_already_shared":false,"jetpack_social_options":{"image_generator_settings":{"template":"highway","default_image_id":0,"font":"","enabled":false},"version":2}},"categories":[633],"tags":[2019,34,1724,1763,73,74,85,86,939,137,1637,149,1406,158,3,1337,211,1876,254,918,339,353,371,392,401,904,417,1583,431,2080,442,462,2125,1564,1497,1356,19],"coauthors":[695],"class_list":["post-18144","post","type-post","status-publish","format-standard","has-post-thumbnail","hentry","category-nachrichten","tag-2019","tag-album","tag-ausbildung","tag-bass","tag-bigband","tag-bigbands","tag-bmw-welt","tag-bmw-welt-jazz-award","tag-danilo-perez","tag-deutschland","tag-django-reinhardt","tag-doppelkegel","tag-duo","tag-ecm","tag-festival","tag-florian-weber","tag-gwilym-simcock","tag-jazz","tag-jazz-award","tag-jazzfestival","tag-label","tag-leszek-mozdzer","tag-manfred-eicher","tag-minsarah","tag-muenchen","tag-new-york","tag-nils-landgren","tag-omar-sosa","tag-paris","tag-pianisten","tag-piano","tag-reinhardt","tag-saxophon","tag-schlagzeug","tag-tomasz-stanko","tag-trio","tag-wettbewerb"],"yoast_head":"<!-- This site is optimized with the Yoast SEO plugin v27.5 - https:\/\/yoast.com\/product\/yoast-seo-wordpress\/ -->\n<title>BMW Welt Jazz Award 2019: Der elfte Wettbewerb feiert Jazz mit dem Motto \u201eSaxophone Worlds\u201c - JazzZeitung<\/title>\n<meta name=\"robots\" content=\"index, follow, max-snippet:-1, max-image-preview:large, max-video-preview:-1\" \/>\n<link rel=\"canonical\" href=\"https:\/\/www.jazzzeitung.de\/cms\/2018\/12\/bmw-welt-jazz-award-2019-der-elfte-wettbewerb-feiert-jazz-mit-dem-motto-saxophone-worlds\/\" \/>\n<meta property=\"og:locale\" content=\"de_DE\" \/>\n<meta property=\"og:type\" content=\"article\" \/>\n<meta property=\"og:title\" content=\"BMW Welt Jazz Award 2019: Der elfte Wettbewerb feiert Jazz mit dem Motto \u201eSaxophone Worlds\u201c - JazzZeitung\" \/>\n<meta property=\"og:description\" content=\"M\u00fcnchen. Der elfte BMW Welt Jazz Award wird mit dem Leitmotiv \u201eSaxophone Worlds\u201c zelebriert. So sind auch im Jahr 2019 Jazz-Begeisterte und solche, die es werden wollen, wieder zu sechs kostenfreien Sonntagsmatineen von Januar bis M\u00e4rz eingeladen. Im Mittelpunkt steht dabei das Instrument, das wie kein anderes den Jazz repr\u00e4sentiert und durch seine gro\u00dfe Bandbreite beeindruckt: das Saxophon. Ihm widmen sich sechs international herausragende Ensembles, die das Motto \u201eSaxophone Worlds\u201c im Doppelkegel der BMW Welt interpretieren. Die Musiker kommen in diesem Jahr aus Deutschland, Estland, Frankreich, Norwegen, Polen, Schweiz sowie Gro\u00dfbritannien und den USA. Das gro\u00dfe Finale um den mit insgesamt 15.000 Euro dotierten BMW Welt Jazz Award findet am 4. Mai 2019 im Auditorium der BMW Welt statt. K\u00fcnstler und Ensembles Januar 2019: Maciej Obara Quartet Der 37-j\u00e4hrige polnische Alt- und Tenorsaxofonist Maciej Obara geh\u00f6rt zu den wichtigsten Musikern der mittleren Generation des europ\u00e4ischen Jazz, in dem Polen mit Virtuosen von Zbigniew Seifert bis Leszek Mozdzer immer schon eine bedeutende Rolle spielt. Nachdem er 2006 mit seinem Trio den renommierten Wettbewerb in Bielka Zadymka f\u00fcr junge Jazzbands gewonnen hatte, eroberte Obara im Jahr darauf &hellip;\" \/>\n<meta property=\"og:url\" content=\"https:\/\/www.jazzzeitung.de\/cms\/2018\/12\/bmw-welt-jazz-award-2019-der-elfte-wettbewerb-feiert-jazz-mit-dem-motto-saxophone-worlds\/\" \/>\n<meta property=\"og:site_name\" content=\"JazzZeitung\" \/>\n<meta property=\"article:publisher\" content=\"https:\/\/www.facebook.com\/JazzZeitung\/\" \/>\n<meta property=\"article:published_time\" content=\"2018-12-17T14:56:16+00:00\" \/>\n<meta property=\"og:image\" content=\"https:\/\/i0.wp.com\/www.jazzzeitung.de\/cms\/wp-content\/uploads\/2018\/12\/BMW-Welt-Jazz-Award-2019_Saxophone-Worlds-c-BMW-AG.jpg?fit=1280%2C640&ssl=1\" \/>\n\t<meta property=\"og:image:width\" content=\"1280\" \/>\n\t<meta property=\"og:image:height\" content=\"640\" \/>\n\t<meta property=\"og:image:type\" content=\"image\/jpeg\" \/>\n<meta name=\"author\" content=\"Redaktion JazzZeitung\" \/>\n<script type=\"application\/ld+json\" class=\"yoast-schema-graph\">{\"@context\":\"https:\\\/\\\/schema.org\",\"@graph\":[{\"@type\":\"Article\",\"@id\":\"https:\\\/\\\/www.jazzzeitung.de\\\/cms\\\/2018\\\/12\\\/bmw-welt-jazz-award-2019-der-elfte-wettbewerb-feiert-jazz-mit-dem-motto-saxophone-worlds\\\/#article\",\"isPartOf\":{\"@id\":\"https:\\\/\\\/www.jazzzeitung.de\\\/cms\\\/2018\\\/12\\\/bmw-welt-jazz-award-2019-der-elfte-wettbewerb-feiert-jazz-mit-dem-motto-saxophone-worlds\\\/\"},\"author\":{\"name\":\"Redaktion JazzZeitung\",\"@id\":\"https:\\\/\\\/www.jazzzeitung.de\\\/cms\\\/#\\\/schema\\\/person\\\/2245b36b9cd1d24cea10f01c031fb92b\"},\"headline\":\"BMW Welt Jazz Award 2019: Der elfte Wettbewerb feiert Jazz mit dem Motto \u201eSaxophone Worlds\u201c\",\"datePublished\":\"2018-12-17T14:56:16+00:00\",\"mainEntityOfPage\":{\"@id\":\"https:\\\/\\\/www.jazzzeitung.de\\\/cms\\\/2018\\\/12\\\/bmw-welt-jazz-award-2019-der-elfte-wettbewerb-feiert-jazz-mit-dem-motto-saxophone-worlds\\\/\"},\"wordCount\":1110,\"commentCount\":0,\"publisher\":{\"@id\":\"https:\\\/\\\/www.jazzzeitung.de\\\/cms\\\/#organization\"},\"image\":{\"@id\":\"https:\\\/\\\/www.jazzzeitung.de\\\/cms\\\/2018\\\/12\\\/bmw-welt-jazz-award-2019-der-elfte-wettbewerb-feiert-jazz-mit-dem-motto-saxophone-worlds\\\/#primaryimage\"},\"thumbnailUrl\":\"https:\\\/\\\/i0.wp.com\\\/www.jazzzeitung.de\\\/cms\\\/wp-content\\\/uploads\\\/2018\\\/12\\\/BMW-Welt-Jazz-Award-2019_Saxophone-Worlds-c-BMW-AG.jpg?fit=1280%2C640&ssl=1\",\"keywords\":[\"2019\",\"Album\",\"Ausbildung\",\"Bass\",\"Bigband\",\"bigbands\",\"bmw welt\",\"bmw welt jazz award\",\"Danilo Perez\",\"Deutschland\",\"Django Reinhardt\",\"Doppelkegel\",\"duo\",\"ECM\",\"Festival\",\"Florian Weber\",\"Gwilym Simcock\",\"Jazz\",\"Jazz Award\",\"Jazzfestival\",\"Label\",\"Leszek Mozdzer\",\"Manfred Eicher\",\"minsarah\",\"M\u00fcnchen\",\"New York\",\"Nils Landgren\",\"Omar Sosa\",\"Paris\",\"Pianisten\",\"Piano\",\"reinhardt\",\"Saxophon\",\"Schlagzeug\",\"Tomasz Stanko\",\"trio\",\"Wettbewerb\"],\"articleSection\":[\"News\"],\"inLanguage\":\"de\",\"potentialAction\":[{\"@type\":\"CommentAction\",\"name\":\"Comment\",\"target\":[\"https:\\\/\\\/www.jazzzeitung.de\\\/cms\\\/2018\\\/12\\\/bmw-welt-jazz-award-2019-der-elfte-wettbewerb-feiert-jazz-mit-dem-motto-saxophone-worlds\\\/#respond\"]}]},{\"@type\":\"WebPage\",\"@id\":\"https:\\\/\\\/www.jazzzeitung.de\\\/cms\\\/2018\\\/12\\\/bmw-welt-jazz-award-2019-der-elfte-wettbewerb-feiert-jazz-mit-dem-motto-saxophone-worlds\\\/\",\"url\":\"https:\\\/\\\/www.jazzzeitung.de\\\/cms\\\/2018\\\/12\\\/bmw-welt-jazz-award-2019-der-elfte-wettbewerb-feiert-jazz-mit-dem-motto-saxophone-worlds\\\/\",\"name\":\"BMW Welt Jazz Award 2019: Der elfte Wettbewerb feiert Jazz mit dem Motto \u201eSaxophone Worlds\u201c - JazzZeitung\",\"isPartOf\":{\"@id\":\"https:\\\/\\\/www.jazzzeitung.de\\\/cms\\\/#website\"},\"primaryImageOfPage\":{\"@id\":\"https:\\\/\\\/www.jazzzeitung.de\\\/cms\\\/2018\\\/12\\\/bmw-welt-jazz-award-2019-der-elfte-wettbewerb-feiert-jazz-mit-dem-motto-saxophone-worlds\\\/#primaryimage\"},\"image\":{\"@id\":\"https:\\\/\\\/www.jazzzeitung.de\\\/cms\\\/2018\\\/12\\\/bmw-welt-jazz-award-2019-der-elfte-wettbewerb-feiert-jazz-mit-dem-motto-saxophone-worlds\\\/#primaryimage\"},\"thumbnailUrl\":\"https:\\\/\\\/i0.wp.com\\\/www.jazzzeitung.de\\\/cms\\\/wp-content\\\/uploads\\\/2018\\\/12\\\/BMW-Welt-Jazz-Award-2019_Saxophone-Worlds-c-BMW-AG.jpg?fit=1280%2C640&ssl=1\",\"datePublished\":\"2018-12-17T14:56:16+00:00\",\"breadcrumb\":{\"@id\":\"https:\\\/\\\/www.jazzzeitung.de\\\/cms\\\/2018\\\/12\\\/bmw-welt-jazz-award-2019-der-elfte-wettbewerb-feiert-jazz-mit-dem-motto-saxophone-worlds\\\/#breadcrumb\"},\"inLanguage\":\"de\",\"potentialAction\":[{\"@type\":\"ReadAction\",\"target\":[\"https:\\\/\\\/www.jazzzeitung.de\\\/cms\\\/2018\\\/12\\\/bmw-welt-jazz-award-2019-der-elfte-wettbewerb-feiert-jazz-mit-dem-motto-saxophone-worlds\\\/\"]}]},{\"@type\":\"ImageObject\",\"inLanguage\":\"de\",\"@id\":\"https:\\\/\\\/www.jazzzeitung.de\\\/cms\\\/2018\\\/12\\\/bmw-welt-jazz-award-2019-der-elfte-wettbewerb-feiert-jazz-mit-dem-motto-saxophone-worlds\\\/#primaryimage\",\"url\":\"https:\\\/\\\/i0.wp.com\\\/www.jazzzeitung.de\\\/cms\\\/wp-content\\\/uploads\\\/2018\\\/12\\\/BMW-Welt-Jazz-Award-2019_Saxophone-Worlds-c-BMW-AG.jpg?fit=1280%2C640&ssl=1\",\"contentUrl\":\"https:\\\/\\\/i0.wp.com\\\/www.jazzzeitung.de\\\/cms\\\/wp-content\\\/uploads\\\/2018\\\/12\\\/BMW-Welt-Jazz-Award-2019_Saxophone-Worlds-c-BMW-AG.jpg?fit=1280%2C640&ssl=1\",\"width\":1280,\"height\":640,\"caption\":\"BMW Welt Jazz Award 2019_Saxophone Worlds (c) BMW AG\"},{\"@type\":\"BreadcrumbList\",\"@id\":\"https:\\\/\\\/www.jazzzeitung.de\\\/cms\\\/2018\\\/12\\\/bmw-welt-jazz-award-2019-der-elfte-wettbewerb-feiert-jazz-mit-dem-motto-saxophone-worlds\\\/#breadcrumb\",\"itemListElement\":[{\"@type\":\"ListItem\",\"position\":1,\"name\":\"Startseite\",\"item\":\"https:\\\/\\\/www.jazzzeitung.de\\\/cms\\\/\"},{\"@type\":\"ListItem\",\"position\":2,\"name\":\"BMW Welt Jazz Award 2019: Der elfte Wettbewerb feiert Jazz mit dem Motto \u201eSaxophone Worlds\u201c\"}]},{\"@type\":\"WebSite\",\"@id\":\"https:\\\/\\\/www.jazzzeitung.de\\\/cms\\\/#website\",\"url\":\"https:\\\/\\\/www.jazzzeitung.de\\\/cms\\\/\",\"name\":\"JazzZeitung\",\"description\":\"Jazz-News und Jazz-Kontroverses\",\"publisher\":{\"@id\":\"https:\\\/\\\/www.jazzzeitung.de\\\/cms\\\/#organization\"},\"potentialAction\":[{\"@type\":\"SearchAction\",\"target\":{\"@type\":\"EntryPoint\",\"urlTemplate\":\"https:\\\/\\\/www.jazzzeitung.de\\\/cms\\\/?s={search_term_string}\"},\"query-input\":{\"@type\":\"PropertyValueSpecification\",\"valueRequired\":true,\"valueName\":\"search_term_string\"}}],\"inLanguage\":\"de\"},{\"@type\":\"Organization\",\"@id\":\"https:\\\/\\\/www.jazzzeitung.de\\\/cms\\\/#organization\",\"name\":\"JazzZeitung online\",\"url\":\"https:\\\/\\\/www.jazzzeitung.de\\\/cms\\\/\",\"logo\":{\"@type\":\"ImageObject\",\"inLanguage\":\"de\",\"@id\":\"https:\\\/\\\/www.jazzzeitung.de\\\/cms\\\/#\\\/schema\\\/logo\\\/image\\\/\",\"url\":\"https:\\\/\\\/i0.wp.com\\\/www.jazzzeitung.de\\\/cms\\\/wp-content\\\/uploads\\\/2015\\\/08\\\/JAZZZEITUNGDE_Logo_Neu.png?fit=499%2C200&ssl=1\",\"contentUrl\":\"https:\\\/\\\/i0.wp.com\\\/www.jazzzeitung.de\\\/cms\\\/wp-content\\\/uploads\\\/2015\\\/08\\\/JAZZZEITUNGDE_Logo_Neu.png?fit=499%2C200&ssl=1\",\"width\":499,\"height\":200,\"caption\":\"JazzZeitung online\"},\"image\":{\"@id\":\"https:\\\/\\\/www.jazzzeitung.de\\\/cms\\\/#\\\/schema\\\/logo\\\/image\\\/\"},\"sameAs\":[\"https:\\\/\\\/www.facebook.com\\\/JazzZeitung\\\/\"]},{\"@type\":\"Person\",\"@id\":\"https:\\\/\\\/www.jazzzeitung.de\\\/cms\\\/#\\\/schema\\\/person\\\/2245b36b9cd1d24cea10f01c031fb92b\",\"name\":\"Redaktion JazzZeitung\",\"image\":{\"@type\":\"ImageObject\",\"inLanguage\":\"de\",\"@id\":\"https:\\\/\\\/i0.wp.com\\\/www.jazzzeitung.de\\\/cms\\\/wp-content\\\/uploads\\\/2015\\\/08\\\/JAZZZEITUNGDE_Logo_Neu.png?resize=96%2C96&ssl=159975dcacb611b5700bd619b5daf0a7a\",\"url\":\"https:\\\/\\\/i0.wp.com\\\/www.jazzzeitung.de\\\/cms\\\/wp-content\\\/uploads\\\/2015\\\/08\\\/JAZZZEITUNGDE_Logo_Neu.png?resize=96%2C96&ssl=1\",\"contentUrl\":\"https:\\\/\\\/i0.wp.com\\\/www.jazzzeitung.de\\\/cms\\\/wp-content\\\/uploads\\\/2015\\\/08\\\/JAZZZEITUNGDE_Logo_Neu.png?resize=96%2C96&ssl=1\",\"caption\":\"Redaktion JazzZeitung\"},\"description\":\"Artikel der Redaktion der JazzZeitung.\",\"sameAs\":[\"http:\\\/\\\/www.jazzzeitung.de\\\/cms\\\/\"],\"url\":\"https:\\\/\\\/www.jazzzeitung.de\\\/cms\\\/author\\\/redaktion\\\/\"}]}<\/script>\n<!-- \/ Yoast SEO plugin. -->","yoast_head_json":{"title":"BMW Welt Jazz Award 2019: Der elfte Wettbewerb feiert Jazz mit dem Motto \u201eSaxophone Worlds\u201c - JazzZeitung","robots":{"index":"index","follow":"follow","max-snippet":"max-snippet:-1","max-image-preview":"max-image-preview:large","max-video-preview":"max-video-preview:-1"},"canonical":"https:\/\/www.jazzzeitung.de\/cms\/2018\/12\/bmw-welt-jazz-award-2019-der-elfte-wettbewerb-feiert-jazz-mit-dem-motto-saxophone-worlds\/","og_locale":"de_DE","og_type":"article","og_title":"BMW Welt Jazz Award 2019: Der elfte Wettbewerb feiert Jazz mit dem Motto \u201eSaxophone Worlds\u201c - JazzZeitung","og_description":"M\u00fcnchen. Der elfte BMW Welt Jazz Award wird mit dem Leitmotiv \u201eSaxophone Worlds\u201c zelebriert. So sind auch im Jahr 2019 Jazz-Begeisterte und solche, die es werden wollen, wieder zu sechs kostenfreien Sonntagsmatineen von Januar bis M\u00e4rz eingeladen. Im Mittelpunkt steht dabei das Instrument, das wie kein anderes den Jazz repr\u00e4sentiert und durch seine gro\u00dfe Bandbreite beeindruckt: das Saxophon. Ihm widmen sich sechs international herausragende Ensembles, die das Motto \u201eSaxophone Worlds\u201c im Doppelkegel der BMW Welt interpretieren. Die Musiker kommen in diesem Jahr aus Deutschland, Estland, Frankreich, Norwegen, Polen, Schweiz sowie Gro\u00dfbritannien und den USA. Das gro\u00dfe Finale um den mit insgesamt 15.000 Euro dotierten BMW Welt Jazz Award findet am 4. Mai 2019 im Auditorium der BMW Welt statt. K\u00fcnstler und Ensembles Januar 2019: Maciej Obara Quartet Der 37-j\u00e4hrige polnische Alt- und Tenorsaxofonist Maciej Obara geh\u00f6rt zu den wichtigsten Musikern der mittleren Generation des europ\u00e4ischen Jazz, in dem Polen mit Virtuosen von Zbigniew Seifert bis Leszek Mozdzer immer schon eine bedeutende Rolle spielt. Nachdem er 2006 mit seinem Trio den renommierten Wettbewerb in Bielka Zadymka f\u00fcr junge Jazzbands gewonnen hatte, eroberte Obara im Jahr darauf &hellip;","og_url":"https:\/\/www.jazzzeitung.de\/cms\/2018\/12\/bmw-welt-jazz-award-2019-der-elfte-wettbewerb-feiert-jazz-mit-dem-motto-saxophone-worlds\/","og_site_name":"JazzZeitung","article_publisher":"https:\/\/www.facebook.com\/JazzZeitung\/","article_published_time":"2018-12-17T14:56:16+00:00","og_image":[{"width":1280,"height":640,"url":"https:\/\/i0.wp.com\/www.jazzzeitung.de\/cms\/wp-content\/uploads\/2018\/12\/BMW-Welt-Jazz-Award-2019_Saxophone-Worlds-c-BMW-AG.jpg?fit=1280%2C640&ssl=1","type":"image\/jpeg"}],"author":"Redaktion JazzZeitung","schema":{"@context":"https:\/\/schema.org","@graph":[{"@type":"Article","@id":"https:\/\/www.jazzzeitung.de\/cms\/2018\/12\/bmw-welt-jazz-award-2019-der-elfte-wettbewerb-feiert-jazz-mit-dem-motto-saxophone-worlds\/#article","isPartOf":{"@id":"https:\/\/www.jazzzeitung.de\/cms\/2018\/12\/bmw-welt-jazz-award-2019-der-elfte-wettbewerb-feiert-jazz-mit-dem-motto-saxophone-worlds\/"},"author":{"name":"Redaktion JazzZeitung","@id":"https:\/\/www.jazzzeitung.de\/cms\/#\/schema\/person\/2245b36b9cd1d24cea10f01c031fb92b"},"headline":"BMW Welt Jazz Award 2019: Der elfte Wettbewerb feiert Jazz mit dem Motto \u201eSaxophone Worlds\u201c","datePublished":"2018-12-17T14:56:16+00:00","mainEntityOfPage":{"@id":"https:\/\/www.jazzzeitung.de\/cms\/2018\/12\/bmw-welt-jazz-award-2019-der-elfte-wettbewerb-feiert-jazz-mit-dem-motto-saxophone-worlds\/"},"wordCount":1110,"commentCount":0,"publisher":{"@id":"https:\/\/www.jazzzeitung.de\/cms\/#organization"},"image":{"@id":"https:\/\/www.jazzzeitung.de\/cms\/2018\/12\/bmw-welt-jazz-award-2019-der-elfte-wettbewerb-feiert-jazz-mit-dem-motto-saxophone-worlds\/#primaryimage"},"thumbnailUrl":"https:\/\/i0.wp.com\/www.jazzzeitung.de\/cms\/wp-content\/uploads\/2018\/12\/BMW-Welt-Jazz-Award-2019_Saxophone-Worlds-c-BMW-AG.jpg?fit=1280%2C640&ssl=1","keywords":["2019","Album","Ausbildung","Bass","Bigband","bigbands","bmw welt","bmw welt jazz award","Danilo Perez","Deutschland","Django Reinhardt","Doppelkegel","duo","ECM","Festival","Florian Weber","Gwilym Simcock","Jazz","Jazz Award","Jazzfestival","Label","Leszek Mozdzer","Manfred Eicher","minsarah","M\u00fcnchen","New York","Nils Landgren","Omar Sosa","Paris","Pianisten","Piano","reinhardt","Saxophon","Schlagzeug","Tomasz Stanko","trio","Wettbewerb"],"articleSection":["News"],"inLanguage":"de","potentialAction":[{"@type":"CommentAction","name":"Comment","target":["https:\/\/www.jazzzeitung.de\/cms\/2018\/12\/bmw-welt-jazz-award-2019-der-elfte-wettbewerb-feiert-jazz-mit-dem-motto-saxophone-worlds\/#respond"]}]},{"@type":"WebPage","@id":"https:\/\/www.jazzzeitung.de\/cms\/2018\/12\/bmw-welt-jazz-award-2019-der-elfte-wettbewerb-feiert-jazz-mit-dem-motto-saxophone-worlds\/","url":"https:\/\/www.jazzzeitung.de\/cms\/2018\/12\/bmw-welt-jazz-award-2019-der-elfte-wettbewerb-feiert-jazz-mit-dem-motto-saxophone-worlds\/","name":"BMW Welt Jazz Award 2019: Der elfte Wettbewerb feiert Jazz mit dem Motto \u201eSaxophone Worlds\u201c - JazzZeitung","isPartOf":{"@id":"https:\/\/www.jazzzeitung.de\/cms\/#website"},"primaryImageOfPage":{"@id":"https:\/\/www.jazzzeitung.de\/cms\/2018\/12\/bmw-welt-jazz-award-2019-der-elfte-wettbewerb-feiert-jazz-mit-dem-motto-saxophone-worlds\/#primaryimage"},"image":{"@id":"https:\/\/www.jazzzeitung.de\/cms\/2018\/12\/bmw-welt-jazz-award-2019-der-elfte-wettbewerb-feiert-jazz-mit-dem-motto-saxophone-worlds\/#primaryimage"},"thumbnailUrl":"https:\/\/i0.wp.com\/www.jazzzeitung.de\/cms\/wp-content\/uploads\/2018\/12\/BMW-Welt-Jazz-Award-2019_Saxophone-Worlds-c-BMW-AG.jpg?fit=1280%2C640&ssl=1","datePublished":"2018-12-17T14:56:16+00:00","breadcrumb":{"@id":"https:\/\/www.jazzzeitung.de\/cms\/2018\/12\/bmw-welt-jazz-award-2019-der-elfte-wettbewerb-feiert-jazz-mit-dem-motto-saxophone-worlds\/#breadcrumb"},"inLanguage":"de","potentialAction":[{"@type":"ReadAction","target":["https:\/\/www.jazzzeitung.de\/cms\/2018\/12\/bmw-welt-jazz-award-2019-der-elfte-wettbewerb-feiert-jazz-mit-dem-motto-saxophone-worlds\/"]}]},{"@type":"ImageObject","inLanguage":"de","@id":"https:\/\/www.jazzzeitung.de\/cms\/2018\/12\/bmw-welt-jazz-award-2019-der-elfte-wettbewerb-feiert-jazz-mit-dem-motto-saxophone-worlds\/#primaryimage","url":"https:\/\/i0.wp.com\/www.jazzzeitung.de\/cms\/wp-content\/uploads\/2018\/12\/BMW-Welt-Jazz-Award-2019_Saxophone-Worlds-c-BMW-AG.jpg?fit=1280%2C640&ssl=1","contentUrl":"https:\/\/i0.wp.com\/www.jazzzeitung.de\/cms\/wp-content\/uploads\/2018\/12\/BMW-Welt-Jazz-Award-2019_Saxophone-Worlds-c-BMW-AG.jpg?fit=1280%2C640&ssl=1","width":1280,"height":640,"caption":"BMW Welt Jazz Award 2019_Saxophone Worlds (c) BMW AG"},{"@type":"BreadcrumbList","@id":"https:\/\/www.jazzzeitung.de\/cms\/2018\/12\/bmw-welt-jazz-award-2019-der-elfte-wettbewerb-feiert-jazz-mit-dem-motto-saxophone-worlds\/#breadcrumb","itemListElement":[{"@type":"ListItem","position":1,"name":"Startseite","item":"https:\/\/www.jazzzeitung.de\/cms\/"},{"@type":"ListItem","position":2,"name":"BMW Welt Jazz Award 2019: Der elfte Wettbewerb feiert Jazz mit dem Motto \u201eSaxophone Worlds\u201c"}]},{"@type":"WebSite","@id":"https:\/\/www.jazzzeitung.de\/cms\/#website","url":"https:\/\/www.jazzzeitung.de\/cms\/","name":"JazzZeitung","description":"Jazz-News und Jazz-Kontroverses","publisher":{"@id":"https:\/\/www.jazzzeitung.de\/cms\/#organization"},"potentialAction":[{"@type":"SearchAction","target":{"@type":"EntryPoint","urlTemplate":"https:\/\/www.jazzzeitung.de\/cms\/?s={search_term_string}"},"query-input":{"@type":"PropertyValueSpecification","valueRequired":true,"valueName":"search_term_string"}}],"inLanguage":"de"},{"@type":"Organization","@id":"https:\/\/www.jazzzeitung.de\/cms\/#organization","name":"JazzZeitung online","url":"https:\/\/www.jazzzeitung.de\/cms\/","logo":{"@type":"ImageObject","inLanguage":"de","@id":"https:\/\/www.jazzzeitung.de\/cms\/#\/schema\/logo\/image\/","url":"https:\/\/i0.wp.com\/www.jazzzeitung.de\/cms\/wp-content\/uploads\/2015\/08\/JAZZZEITUNGDE_Logo_Neu.png?fit=499%2C200&ssl=1","contentUrl":"https:\/\/i0.wp.com\/www.jazzzeitung.de\/cms\/wp-content\/uploads\/2015\/08\/JAZZZEITUNGDE_Logo_Neu.png?fit=499%2C200&ssl=1","width":499,"height":200,"caption":"JazzZeitung online"},"image":{"@id":"https:\/\/www.jazzzeitung.de\/cms\/#\/schema\/logo\/image\/"},"sameAs":["https:\/\/www.facebook.com\/JazzZeitung\/"]},{"@type":"Person","@id":"https:\/\/www.jazzzeitung.de\/cms\/#\/schema\/person\/2245b36b9cd1d24cea10f01c031fb92b","name":"Redaktion JazzZeitung","image":{"@type":"ImageObject","inLanguage":"de","@id":"https:\/\/i0.wp.com\/www.jazzzeitung.de\/cms\/wp-content\/uploads\/2015\/08\/JAZZZEITUNGDE_Logo_Neu.png?resize=96%2C96&ssl=159975dcacb611b5700bd619b5daf0a7a","url":"https:\/\/i0.wp.com\/www.jazzzeitung.de\/cms\/wp-content\/uploads\/2015\/08\/JAZZZEITUNGDE_Logo_Neu.png?resize=96%2C96&ssl=1","contentUrl":"https:\/\/i0.wp.com\/www.jazzzeitung.de\/cms\/wp-content\/uploads\/2015\/08\/JAZZZEITUNGDE_Logo_Neu.png?resize=96%2C96&ssl=1","caption":"Redaktion JazzZeitung"},"description":"Artikel der Redaktion der JazzZeitung.","sameAs":["http:\/\/www.jazzzeitung.de\/cms\/"],"url":"https:\/\/www.jazzzeitung.de\/cms\/author\/redaktion\/"}]}},"wp-worthy-pixel":{"ignored":false,"public":null,"server":null,"url":null},"wp-worthy-type":"normal","jetpack_publicize_connections":[],"cc_featured_image_caption":{"caption_text":"","source_text":"","source_url":""},"jetpack_featured_media_url":"https:\/\/i0.wp.com\/www.jazzzeitung.de\/cms\/wp-content\/uploads\/2018\/12\/BMW-Welt-Jazz-Award-2019_Saxophone-Worlds-c-BMW-AG.jpg?fit=1280%2C640&ssl=1","jetpack_shortlink":"https:\/\/wp.me\/p3KEcT-4IE","jetpack-related-posts":[{"id":19376,"url":"https:\/\/www.jazzzeitung.de\/cms\/2019\/05\/maciej-obara-quartett-gewinnt-den-bmw-welt-jazz-award-2019\/","url_meta":{"origin":18144,"position":0},"title":"Maciej Obara Quartett gewinnt den BMW Welt Jazz Award 2019","author":"Redaktion JazzZeitung","date":"6. Mai 2019","format":false,"excerpt":"M\u00fcnchen, 4. Mai 2019. \u201eSaxophone Worlds\u201c verwandelte das Auditorium der BMW Welt zu einem Jazz Erlebnis der besonderen Art. Das Maciej Obara Quartett mit Dominik Wania am Klavier, Ole Morten Vagan am Bass und Gard Nilssen am Schlagzeug konnte sich gegen das Rudresh Mahanthappa Quintett durchsetzen und den Wettbewerb f\u00fcr\u2026","rel":"","context":"In &quot;News&quot;","block_context":{"text":"News","link":"https:\/\/www.jazzzeitung.de\/cms\/thema\/nachrichten\/"},"img":{"alt_text":"","src":"https:\/\/i0.wp.com\/www.jazzzeitung.de\/cms\/wp-content\/uploads\/2019\/05\/P1335598-Obara-Quartett-Foto-TJ-Krebs.jpg?fit=1200%2C800&ssl=1&resize=350%2C200","width":350,"height":200,"srcset":"https:\/\/i0.wp.com\/www.jazzzeitung.de\/cms\/wp-content\/uploads\/2019\/05\/P1335598-Obara-Quartett-Foto-TJ-Krebs.jpg?fit=1200%2C800&ssl=1&resize=350%2C200 1x, https:\/\/i0.wp.com\/www.jazzzeitung.de\/cms\/wp-content\/uploads\/2019\/05\/P1335598-Obara-Quartett-Foto-TJ-Krebs.jpg?fit=1200%2C800&ssl=1&resize=525%2C300 1.5x, https:\/\/i0.wp.com\/www.jazzzeitung.de\/cms\/wp-content\/uploads\/2019\/05\/P1335598-Obara-Quartett-Foto-TJ-Krebs.jpg?fit=1200%2C800&ssl=1&resize=700%2C400 2x, https:\/\/i0.wp.com\/www.jazzzeitung.de\/cms\/wp-content\/uploads\/2019\/05\/P1335598-Obara-Quartett-Foto-TJ-Krebs.jpg?fit=1200%2C800&ssl=1&resize=1050%2C600 3x"},"classes":[]},{"id":18476,"url":"https:\/\/www.jazzzeitung.de\/cms\/2019\/01\/obara-quartett-eroeffnet-bmw-jazz-award-2019-in-muenchen\/","url_meta":{"origin":18144,"position":1},"title":"Richtig beliebt: Maciej Obara Quartett er\u00f6ffnet BMW Welt Jazz Award 2019","author":"Redaktion JazzZeitung","date":"29. Januar 2019","format":false,"excerpt":"\u201eUnloved\u201c hie\u00df das Programm, das Altsaxophonist Maciej Obara am vergangenen Sonntag in den den Doppelzylinder der BMW Welt in\u00a0 M\u00fcnchen mitbrachte.\u00a0 Nach gut zwei Stunden hoch energetischem Spiel seines polnisch-norwegischen Quartetts waren die vier Musiker beim Publikum das krasse Gegenteil von \u201eunloved\u201c, n\u00e4mlich extrem beliebt. \u201eUnloved\u201c ist ein Song des\u2026","rel":"","context":"In &quot;News&quot;","block_context":{"text":"News","link":"https:\/\/www.jazzzeitung.de\/cms\/thema\/nachrichten\/"},"img":{"alt_text":"","src":"https:\/\/i0.wp.com\/www.jazzzeitung.de\/cms\/wp-content\/uploads\/2019\/01\/DSC02731.jpg?fit=1200%2C800&ssl=1&resize=350%2C200","width":350,"height":200,"srcset":"https:\/\/i0.wp.com\/www.jazzzeitung.de\/cms\/wp-content\/uploads\/2019\/01\/DSC02731.jpg?fit=1200%2C800&ssl=1&resize=350%2C200 1x, https:\/\/i0.wp.com\/www.jazzzeitung.de\/cms\/wp-content\/uploads\/2019\/01\/DSC02731.jpg?fit=1200%2C800&ssl=1&resize=525%2C300 1.5x, https:\/\/i0.wp.com\/www.jazzzeitung.de\/cms\/wp-content\/uploads\/2019\/01\/DSC02731.jpg?fit=1200%2C800&ssl=1&resize=700%2C400 2x, https:\/\/i0.wp.com\/www.jazzzeitung.de\/cms\/wp-content\/uploads\/2019\/01\/DSC02731.jpg?fit=1200%2C800&ssl=1&resize=1050%2C600 3x"},"classes":[]},{"id":19056,"url":"https:\/\/www.jazzzeitung.de\/cms\/2019\/04\/bmw-welt-jazz-award-finalisten-2019-maciej-obara-quartet-und-rudresh-mahanthappa-quintet\/","url_meta":{"origin":18144,"position":2},"title":"BMW Welt Jazz Award Finalisten 2019: Maciej Obara Quartet und Rudresh Mahanthappa Quintet","author":"Redaktion JazzZeitung","date":"1. April 2019","format":false,"excerpt":"Nach sechs rauschenden Matineen geht der BMW Welt Jazz Award 2019 am 4. Mai in die finale Runde. Dabei treten das Maciej Obara Quartet und Rudresh Mahanthappa Quintet in den \"Zweikampf\" und performen ihre Interpretation des diesj\u00e4hrigen Mottos \u201eSaxophone Worlds\u201c im Auditorium der BMW Welt. Nach dem Duell von Quartett\u2026","rel":"","context":"In &quot;News&quot;","block_context":{"text":"News","link":"https:\/\/www.jazzzeitung.de\/cms\/thema\/nachrichten\/"},"img":{"alt_text":"","src":"https:\/\/i0.wp.com\/www.jazzzeitung.de\/cms\/wp-content\/uploads\/2019\/04\/P90332911-highRes.jpg?fit=1200%2C600&ssl=1&resize=350%2C200","width":350,"height":200,"srcset":"https:\/\/i0.wp.com\/www.jazzzeitung.de\/cms\/wp-content\/uploads\/2019\/04\/P90332911-highRes.jpg?fit=1200%2C600&ssl=1&resize=350%2C200 1x, https:\/\/i0.wp.com\/www.jazzzeitung.de\/cms\/wp-content\/uploads\/2019\/04\/P90332911-highRes.jpg?fit=1200%2C600&ssl=1&resize=525%2C300 1.5x, https:\/\/i0.wp.com\/www.jazzzeitung.de\/cms\/wp-content\/uploads\/2019\/04\/P90332911-highRes.jpg?fit=1200%2C600&ssl=1&resize=700%2C400 2x, https:\/\/i0.wp.com\/www.jazzzeitung.de\/cms\/wp-content\/uploads\/2019\/04\/P90332911-highRes.jpg?fit=1200%2C600&ssl=1&resize=1050%2C600 3x"},"classes":[]},{"id":18374,"url":"https:\/\/www.jazzzeitung.de\/cms\/2019\/01\/news-auftakt-des-bmw-welt-jazz-award-2019-in-muenchen\/","url_meta":{"origin":18144,"position":3},"title":"Auftakt des BMW Welt Jazz Award 2019 mit Jazzrausch-Techno","author":"Redaktion JazzZeitung","date":"18. Januar 2019","format":false,"excerpt":"M\u00fcnchen im Jazzrausch Mit einer ausgelassenen Tanzparty angefeuert von der Jazzrausch Bigband wurde am Donnerstag der Auftakt des BMW Welt Jazz Award 2019 gefeiert. Durch den Abend f\u00fchrten BR-Moderatorin Beate Sampson und Roman Sladek, Gewinner des BMW Welt Young Artist Jazz Award 2017. Jazzrausch begeisterte mit dem Programm \u201eDancing Wittgenstein\u201c,\u2026","rel":"","context":"In &quot;News&quot;","block_context":{"text":"News","link":"https:\/\/www.jazzzeitung.de\/cms\/thema\/nachrichten\/"},"img":{"alt_text":"","src":"https:\/\/i0.wp.com\/www.jazzzeitung.de\/cms\/wp-content\/uploads\/2019\/01\/JRBB-%40-BMW-Foto-TJ-Krebs-jazzphotoagency%40web.de_.jpg?fit=1200%2C800&ssl=1&resize=350%2C200","width":350,"height":200,"srcset":"https:\/\/i0.wp.com\/www.jazzzeitung.de\/cms\/wp-content\/uploads\/2019\/01\/JRBB-%40-BMW-Foto-TJ-Krebs-jazzphotoagency%40web.de_.jpg?fit=1200%2C800&ssl=1&resize=350%2C200 1x, https:\/\/i0.wp.com\/www.jazzzeitung.de\/cms\/wp-content\/uploads\/2019\/01\/JRBB-%40-BMW-Foto-TJ-Krebs-jazzphotoagency%40web.de_.jpg?fit=1200%2C800&ssl=1&resize=525%2C300 1.5x, https:\/\/i0.wp.com\/www.jazzzeitung.de\/cms\/wp-content\/uploads\/2019\/01\/JRBB-%40-BMW-Foto-TJ-Krebs-jazzphotoagency%40web.de_.jpg?fit=1200%2C800&ssl=1&resize=700%2C400 2x, https:\/\/i0.wp.com\/www.jazzzeitung.de\/cms\/wp-content\/uploads\/2019\/01\/JRBB-%40-BMW-Foto-TJ-Krebs-jazzphotoagency%40web.de_.jpg?fit=1200%2C800&ssl=1&resize=1050%2C600 3x"},"classes":[]},{"id":8843,"url":"https:\/\/www.jazzzeitung.de\/cms\/2016\/03\/indra-rios-moore-und-das-hendrix-projekt-von-stucky-doran-studertacuma-im-finale-beim-bmw-welt-jazz-award-2016\/","url_meta":{"origin":18144,"position":4},"title":"Indra-Rios Moore und das Hendrix-Projekt von Stucky-Doran-Studer-Tacuma im Finale beim BMW Welt Jazz Award 2016","author":"Redaktion JazzZeitung","date":"29. M\u00e4rz 2016","format":"gallery","excerpt":"M\u00fcnchen. Die Finalisten des BMW Welt Jazz Award 2016 stehen fest: In diesem Jahr qualifizierten sich gleich zwei Ensembles mit weiblicher Stimmkraft f\u00fcr das Abschlusskonzert am 7. Mai. Die amerikanisch-schweizerische Gruppe Stucky-Doran-Studer-Tacuma mit ihrem Programm \u201ePlay Hendrix!\u201c sowie die amerikanisch-d\u00e4nische Musikergruppe um S\u00e4ngerin Indra Rios-Moore haben die Jury \u00fcberzeugt. Das\u2026","rel":"","context":"In &quot;News&quot;","block_context":{"text":"News","link":"https:\/\/www.jazzzeitung.de\/cms\/thema\/nachrichten\/"},"img":{"alt_text":"","src":"https:\/\/i0.wp.com\/www.jazzzeitung.de\/cms\/wp-content\/uploads\/2016\/02\/17-BMW-Welt_Erika-Stucky_Foto-van-Loon.jpg?resize=350%2C200","width":350,"height":200,"srcset":"https:\/\/i0.wp.com\/www.jazzzeitung.de\/cms\/wp-content\/uploads\/2016\/02\/17-BMW-Welt_Erika-Stucky_Foto-van-Loon.jpg?resize=350%2C200 1x, https:\/\/i0.wp.com\/www.jazzzeitung.de\/cms\/wp-content\/uploads\/2016\/02\/17-BMW-Welt_Erika-Stucky_Foto-van-Loon.jpg?resize=525%2C300 1.5x, https:\/\/i0.wp.com\/www.jazzzeitung.de\/cms\/wp-content\/uploads\/2016\/02\/17-BMW-Welt_Erika-Stucky_Foto-van-Loon.jpg?resize=700%2C400 2x, https:\/\/i0.wp.com\/www.jazzzeitung.de\/cms\/wp-content\/uploads\/2016\/02\/17-BMW-Welt_Erika-Stucky_Foto-van-Loon.jpg?resize=1050%2C600 3x, https:\/\/i0.wp.com\/www.jazzzeitung.de\/cms\/wp-content\/uploads\/2016\/02\/17-BMW-Welt_Erika-Stucky_Foto-van-Loon.jpg?resize=1400%2C800 4x"},"classes":[]},{"id":18780,"url":"https:\/\/www.jazzzeitung.de\/cms\/2019\/02\/der-dichter-spricht-das-matthieu-bordenave-trio-laesst-sich-beim-bmw-welt-jazz-award-von-rene-char-inspirieren\/","url_meta":{"origin":18144,"position":5},"title":"Der Dichter spricht: Das Matthieu Bordenave Trio l\u00e4sst sich beim BMW Welt Jazz Award von Ren\u00e9 Char inspirieren","author":"Redaktion JazzZeitung","date":"27. Februar 2019","format":false,"excerpt":"Das Trio des 35-j\u00e4hrigen Tenorsaxophonisten Matthieu Bordenave aus S\u00fcdfrankreich betrat als vierter der insgesamt sechs Teilnehmerbands das Podium des lichtdurchfluteten Podiums des BMW Welt Jazz Award, der dieses Jahr unter dem Motto \u201eSaxophone Worlds\u201c steht. Bordenave studierte zun\u00e4chst klassisches und Jazzsaxophon in Paris, bevor er zum Masterstudium an die M\u00fcnchner\u2026","rel":"","context":"In &quot;News&quot;","block_context":{"text":"News","link":"https:\/\/www.jazzzeitung.de\/cms\/thema\/nachrichten\/"},"img":{"alt_text":"","src":"https:\/\/i0.wp.com\/www.jazzzeitung.de\/cms\/wp-content\/uploads\/2019\/02\/BeitragsbildP1224331-Bordenave-Trio-Foto-TJ-Krebs.jpg?fit=1200%2C800&ssl=1&resize=350%2C200","width":350,"height":200,"srcset":"https:\/\/i0.wp.com\/www.jazzzeitung.de\/cms\/wp-content\/uploads\/2019\/02\/BeitragsbildP1224331-Bordenave-Trio-Foto-TJ-Krebs.jpg?fit=1200%2C800&ssl=1&resize=350%2C200 1x, https:\/\/i0.wp.com\/www.jazzzeitung.de\/cms\/wp-content\/uploads\/2019\/02\/BeitragsbildP1224331-Bordenave-Trio-Foto-TJ-Krebs.jpg?fit=1200%2C800&ssl=1&resize=525%2C300 1.5x, https:\/\/i0.wp.com\/www.jazzzeitung.de\/cms\/wp-content\/uploads\/2019\/02\/BeitragsbildP1224331-Bordenave-Trio-Foto-TJ-Krebs.jpg?fit=1200%2C800&ssl=1&resize=700%2C400 2x, https:\/\/i0.wp.com\/www.jazzzeitung.de\/cms\/wp-content\/uploads\/2019\/02\/BeitragsbildP1224331-Bordenave-Trio-Foto-TJ-Krebs.jpg?fit=1200%2C800&ssl=1&resize=1050%2C600 3x"},"classes":[]}],"jetpack_sharing_enabled":true,"_links":{"self":[{"href":"https:\/\/www.jazzzeitung.de\/cms\/wp-json\/wp\/v2\/posts\/18144","targetHints":{"allow":["GET"]}}],"collection":[{"href":"https:\/\/www.jazzzeitung.de\/cms\/wp-json\/wp\/v2\/posts"}],"about":[{"href":"https:\/\/www.jazzzeitung.de\/cms\/wp-json\/wp\/v2\/types\/post"}],"author":[{"embeddable":true,"href":"https:\/\/www.jazzzeitung.de\/cms\/wp-json\/wp\/v2\/users\/18"}],"replies":[{"embeddable":true,"href":"https:\/\/www.jazzzeitung.de\/cms\/wp-json\/wp\/v2\/comments?post=18144"}],"version-history":[{"count":2,"href":"https:\/\/www.jazzzeitung.de\/cms\/wp-json\/wp\/v2\/posts\/18144\/revisions"}],"predecessor-version":[{"id":18147,"href":"https:\/\/www.jazzzeitung.de\/cms\/wp-json\/wp\/v2\/posts\/18144\/revisions\/18147"}],"wp:featuredmedia":[{"embeddable":true,"href":"https:\/\/www.jazzzeitung.de\/cms\/wp-json\/wp\/v2\/media\/18145"}],"wp:attachment":[{"href":"https:\/\/www.jazzzeitung.de\/cms\/wp-json\/wp\/v2\/media?parent=18144"}],"wp:term":[{"taxonomy":"category","embeddable":true,"href":"https:\/\/www.jazzzeitung.de\/cms\/wp-json\/wp\/v2\/categories?post=18144"},{"taxonomy":"post_tag","embeddable":true,"href":"https:\/\/www.jazzzeitung.de\/cms\/wp-json\/wp\/v2\/tags?post=18144"},{"taxonomy":"author","embeddable":true,"href":"https:\/\/www.jazzzeitung.de\/cms\/wp-json\/wp\/v2\/coauthors?post=18144"}],"curies":[{"name":"wp","href":"https:\/\/api.w.org\/{rel}","templated":true}]}}