{"id":18121,"date":"2018-12-13T10:46:07","date_gmt":"2018-12-13T09:46:07","guid":{"rendered":"https:\/\/www.jazzzeitung.de\/cms\/?p=18121"},"modified":"2018-12-12T11:01:53","modified_gmt":"2018-12-12T10:01:53","slug":"jasper-vant-hof-heinz-sauer-im-kallmann-museum","status":"publish","type":"post","link":"https:\/\/www.jazzzeitung.de\/cms\/2018\/12\/jasper-vant-hof-heinz-sauer-im-kallmann-museum\/","title":{"rendered":"Jasper van\u2019t Hof &#038; Heinz Sauer im Kallmann Museum"},"content":{"rendered":"<p><strong>Ismaning, Freitag Abend: Die Fahrt dorthin ein absoluter verkehrstechnischer Albtraum! Nach Stau, Flug- und S-Bahnversp\u00e4tung trafen die K\u00fcnstler sp\u00e4t, aber gl\u00fccklicherweise rechtzeitig ein. Heute Abend im Kallmann Museum auf dem Programm ein \u201eunplugged Set\u201c der beiden gro\u00dfen Improvisatoren des Jazz, dem Pianisten Jasper van\u2019t Hof und Heinz Sauer am Tenorsaxophon. Ein schneller Check noch vor dem Konzert \u2026 Themen kurz angespielt, ein paar Notizen, Setlist zusammen gestellt, alles gut!<\/strong><\/p>\n<div class=\"tiled-gallery type-rectangular tiled-gallery-unresized\" data-original-width=\"840\" data-carousel-extra='{&quot;blog_id&quot;:1,&quot;permalink&quot;:&quot;https:\\\/\\\/www.jazzzeitung.de\\\/cms\\\/2018\\\/12\\\/jasper-vant-hof-heinz-sauer-im-kallmann-museum\\\/&quot;,&quot;likes_blog_id&quot;:55446655}' itemscope itemtype=\"http:\/\/schema.org\/ImageGallery\" > <div class=\"gallery-row\" style=\"width: 840px; height: 628px;\" data-original-width=\"840\" data-original-height=\"628\" > <div class=\"gallery-group images-1\" style=\"width: 420px; height: 628px;\" data-original-width=\"420\" data-original-height=\"628\" > <div class=\"tiled-gallery-item tiled-gallery-item-large\" itemprop=\"associatedMedia\" itemscope itemtype=\"http:\/\/schema.org\/ImageObject\"> <a href=\"https:\/\/www.jazzzeitung.de\/cms\/2018\/12\/jasper-vant-hof-heinz-sauer-im-kallmann-museum\/heinz-sauer-portait-foto-tj-krebs-jazzphotoagencyweb-de\/\" border=\"0\" itemprop=\"url\"> <meta itemprop=\"width\" content=\"416\"> <meta itemprop=\"height\" content=\"624\"> <img decoding=\"async\" class=\"\" data-attachment-id=\"18124\" data-orig-file=\"https:\/\/www.jazzzeitung.de\/cms\/wp-content\/uploads\/2018\/12\/Heinz-Sauer-Portait-Foto-TJ-Krebs-jazzphotoagency@web.de_.jpg\" data-orig-size=\"800,1200\" data-comments-opened=\"1\" data-image-meta=\"{&quot;aperture&quot;:&quot;0&quot;,&quot;credit&quot;:&quot;&quot;,&quot;camera&quot;:&quot;&quot;,&quot;caption&quot;:&quot;&quot;,&quot;created_timestamp&quot;:&quot;0&quot;,&quot;copyright&quot;:&quot;&quot;,&quot;focal_length&quot;:&quot;0&quot;,&quot;iso&quot;:&quot;0&quot;,&quot;shutter_speed&quot;:&quot;0&quot;,&quot;title&quot;:&quot;&quot;,&quot;orientation&quot;:&quot;0&quot;}\" data-image-title=\"Heinz Sauer Portait- Foto TJ Krebs jazzphotoagency@web.de\" data-image-description=\"\" data-medium-file=\"https:\/\/i0.wp.com\/www.jazzzeitung.de\/cms\/wp-content\/uploads\/2018\/12\/Heinz-Sauer-Portait-Foto-TJ-Krebs-jazzphotoagency%40web.de_.jpg?fit=200%2C300&#038;ssl=1\" data-large-file=\"https:\/\/i0.wp.com\/www.jazzzeitung.de\/cms\/wp-content\/uploads\/2018\/12\/Heinz-Sauer-Portait-Foto-TJ-Krebs-jazzphotoagency%40web.de_.jpg?fit=400%2C600&#038;ssl=1\" src=\"https:\/\/i0.wp.com\/www.jazzzeitung.de\/cms\/wp-content\/uploads\/2018\/12\/Heinz-Sauer-Portait-Foto-TJ-Krebs-jazzphotoagency%40web.de_.jpg?w=416&#038;h=624&#038;ssl=1\" width=\"416\" height=\"624\" loading=\"lazy\" data-original-width=\"416\" data-original-height=\"624\" itemprop=\"http:\/\/schema.org\/image\" title=\"Heinz Sauer Portait- Foto TJ Krebs jazzphotoagency@web.de\" alt=\"Heinz Sauer Portait- Foto TJ Krebs jazzphotoagency@web.de\" style=\"width: 416px; height: 624px;\" \/> <\/a> <\/div> <\/div> <!-- close group --> <div class=\"gallery-group images-1\" style=\"width: 420px; height: 628px;\" data-original-width=\"420\" data-original-height=\"628\" > <div class=\"tiled-gallery-item tiled-gallery-item-large\" itemprop=\"associatedMedia\" itemscope itemtype=\"http:\/\/schema.org\/ImageObject\"> <a href=\"https:\/\/www.jazzzeitung.de\/cms\/2018\/12\/jasper-vant-hof-heinz-sauer-im-kallmann-museum\/ampiano_neu\/\" border=\"0\" itemprop=\"url\"> <meta itemprop=\"width\" content=\"416\"> <meta itemprop=\"height\" content=\"624\"> <img decoding=\"async\" class=\"\" data-attachment-id=\"18132\" data-orig-file=\"https:\/\/www.jazzzeitung.de\/cms\/wp-content\/uploads\/2018\/12\/ampiano_neu.jpg\" data-orig-size=\"312,468\" data-comments-opened=\"1\" data-image-meta=\"{&quot;aperture&quot;:&quot;0&quot;,&quot;credit&quot;:&quot;&quot;,&quot;camera&quot;:&quot;&quot;,&quot;caption&quot;:&quot;&quot;,&quot;created_timestamp&quot;:&quot;0&quot;,&quot;copyright&quot;:&quot;&quot;,&quot;focal_length&quot;:&quot;0&quot;,&quot;iso&quot;:&quot;0&quot;,&quot;shutter_speed&quot;:&quot;0&quot;,&quot;title&quot;:&quot;&quot;,&quot;orientation&quot;:&quot;1&quot;}\" data-image-title=\"ampiano_neu\" data-image-description=\"\" data-medium-file=\"https:\/\/i0.wp.com\/www.jazzzeitung.de\/cms\/wp-content\/uploads\/2018\/12\/ampiano_neu.jpg?fit=200%2C300&#038;ssl=1\" data-large-file=\"https:\/\/i0.wp.com\/www.jazzzeitung.de\/cms\/wp-content\/uploads\/2018\/12\/ampiano_neu.jpg?fit=312%2C468&#038;ssl=1\" src=\"https:\/\/i0.wp.com\/www.jazzzeitung.de\/cms\/wp-content\/uploads\/2018\/12\/ampiano_neu.jpg?w=416&#038;h=624&#038;ssl=1\" srcset=\"https:\/\/i0.wp.com\/www.jazzzeitung.de\/cms\/wp-content\/uploads\/2018\/12\/ampiano_neu.jpg?w=312&amp;ssl=1 312w, https:\/\/i0.wp.com\/www.jazzzeitung.de\/cms\/wp-content\/uploads\/2018\/12\/ampiano_neu.jpg?resize=200%2C300&amp;ssl=1 200w\" width=\"416\" height=\"624\" loading=\"lazy\" data-original-width=\"416\" data-original-height=\"624\" itemprop=\"http:\/\/schema.org\/image\" title=\"ampiano_neu\" alt=\"ampiano_neu\" style=\"width: 416px; height: 624px;\" \/> <\/a> <\/div> <\/div> <!-- close group --> <\/div> <!-- close row --> <div class=\"gallery-row\" style=\"width: 840px; height: 387px;\" data-original-width=\"840\" data-original-height=\"387\" > <div class=\"gallery-group images-1\" style=\"width: 580px; height: 387px;\" data-original-width=\"580\" data-original-height=\"387\" > <div class=\"tiled-gallery-item tiled-gallery-item-large\" itemprop=\"associatedMedia\" itemscope itemtype=\"http:\/\/schema.org\/ImageObject\"> <a href=\"https:\/\/www.jazzzeitung.de\/cms\/2018\/12\/jasper-vant-hof-heinz-sauer-im-kallmann-museum\/duo_neu\/\" border=\"0\" itemprop=\"url\"> <meta itemprop=\"width\" content=\"576\"> <meta itemprop=\"height\" content=\"383\"> <img decoding=\"async\" class=\"\" data-attachment-id=\"18133\" data-orig-file=\"https:\/\/www.jazzzeitung.de\/cms\/wp-content\/uploads\/2018\/12\/duo_neu.jpg\" data-orig-size=\"454,302\" data-comments-opened=\"1\" data-image-meta=\"{&quot;aperture&quot;:&quot;0&quot;,&quot;credit&quot;:&quot;&quot;,&quot;camera&quot;:&quot;&quot;,&quot;caption&quot;:&quot;&quot;,&quot;created_timestamp&quot;:&quot;0&quot;,&quot;copyright&quot;:&quot;&quot;,&quot;focal_length&quot;:&quot;0&quot;,&quot;iso&quot;:&quot;0&quot;,&quot;shutter_speed&quot;:&quot;0&quot;,&quot;title&quot;:&quot;&quot;,&quot;orientation&quot;:&quot;1&quot;}\" data-image-title=\"duo_neu\" data-image-description=\"\" data-medium-file=\"https:\/\/i0.wp.com\/www.jazzzeitung.de\/cms\/wp-content\/uploads\/2018\/12\/duo_neu.jpg?fit=300%2C200&#038;ssl=1\" data-large-file=\"https:\/\/i0.wp.com\/www.jazzzeitung.de\/cms\/wp-content\/uploads\/2018\/12\/duo_neu.jpg?fit=454%2C302&#038;ssl=1\" src=\"https:\/\/i0.wp.com\/www.jazzzeitung.de\/cms\/wp-content\/uploads\/2018\/12\/duo_neu.jpg?w=576&#038;h=383&#038;ssl=1\" srcset=\"https:\/\/i0.wp.com\/www.jazzzeitung.de\/cms\/wp-content\/uploads\/2018\/12\/duo_neu.jpg?w=454&amp;ssl=1 454w, https:\/\/i0.wp.com\/www.jazzzeitung.de\/cms\/wp-content\/uploads\/2018\/12\/duo_neu.jpg?resize=300%2C200&amp;ssl=1 300w, https:\/\/i0.wp.com\/www.jazzzeitung.de\/cms\/wp-content\/uploads\/2018\/12\/duo_neu.jpg?resize=120%2C80&amp;ssl=1 120w\" width=\"576\" height=\"383\" loading=\"lazy\" data-original-width=\"576\" data-original-height=\"383\" itemprop=\"http:\/\/schema.org\/image\" title=\"duo_neu\" alt=\"duo_neu\" style=\"width: 576px; height: 383px;\" \/> <\/a> <\/div> <\/div> <!-- close group --> <div class=\"gallery-group images-1\" style=\"width: 260px; height: 387px;\" data-original-width=\"260\" data-original-height=\"387\" > <div class=\"tiled-gallery-item tiled-gallery-item-large\" itemprop=\"associatedMedia\" itemscope itemtype=\"http:\/\/schema.org\/ImageObject\"> <a href=\"https:\/\/www.jazzzeitung.de\/cms\/2018\/12\/jasper-vant-hof-heinz-sauer-im-kallmann-museum\/notizen_neu\/\" border=\"0\" itemprop=\"url\"> <meta itemprop=\"width\" content=\"256\"> <meta itemprop=\"height\" content=\"383\"> <img decoding=\"async\" class=\"\" data-attachment-id=\"18135\" data-orig-file=\"https:\/\/www.jazzzeitung.de\/cms\/wp-content\/uploads\/2018\/12\/notizen_neu.jpg\" data-orig-size=\"320,480\" data-comments-opened=\"1\" data-image-meta=\"{&quot;aperture&quot;:&quot;0&quot;,&quot;credit&quot;:&quot;&quot;,&quot;camera&quot;:&quot;&quot;,&quot;caption&quot;:&quot;&quot;,&quot;created_timestamp&quot;:&quot;0&quot;,&quot;copyright&quot;:&quot;&quot;,&quot;focal_length&quot;:&quot;0&quot;,&quot;iso&quot;:&quot;0&quot;,&quot;shutter_speed&quot;:&quot;0&quot;,&quot;title&quot;:&quot;&quot;,&quot;orientation&quot;:&quot;1&quot;}\" data-image-title=\"notizen_neu\" data-image-description=\"\" data-medium-file=\"https:\/\/i0.wp.com\/www.jazzzeitung.de\/cms\/wp-content\/uploads\/2018\/12\/notizen_neu.jpg?fit=200%2C300&#038;ssl=1\" data-large-file=\"https:\/\/i0.wp.com\/www.jazzzeitung.de\/cms\/wp-content\/uploads\/2018\/12\/notizen_neu.jpg?fit=320%2C480&#038;ssl=1\" src=\"https:\/\/i0.wp.com\/www.jazzzeitung.de\/cms\/wp-content\/uploads\/2018\/12\/notizen_neu.jpg?w=256&#038;h=383&#038;ssl=1\" srcset=\"https:\/\/i0.wp.com\/www.jazzzeitung.de\/cms\/wp-content\/uploads\/2018\/12\/notizen_neu.jpg?w=320&amp;ssl=1 320w, https:\/\/i0.wp.com\/www.jazzzeitung.de\/cms\/wp-content\/uploads\/2018\/12\/notizen_neu.jpg?resize=200%2C300&amp;ssl=1 200w\" width=\"256\" height=\"383\" loading=\"lazy\" data-original-width=\"256\" data-original-height=\"383\" itemprop=\"http:\/\/schema.org\/image\" title=\"notizen_neu\" alt=\"notizen_neu\" style=\"width: 256px; height: 383px;\" \/> <\/a> <\/div> <\/div> <!-- close group --> <\/div> <!-- close row --> <div class=\"gallery-row\" style=\"width: 840px; height: 388px;\" data-original-width=\"840\" data-original-height=\"388\" > <div class=\"gallery-group images-1\" style=\"width: 580px; height: 388px;\" data-original-width=\"580\" data-original-height=\"388\" > <div class=\"tiled-gallery-item tiled-gallery-item-large\" itemprop=\"associatedMedia\" itemscope itemtype=\"http:\/\/schema.org\/ImageObject\"> <a href=\"https:\/\/www.jazzzeitung.de\/cms\/2018\/12\/jasper-vant-hof-heinz-sauer-im-kallmann-museum\/portraetneu\/\" border=\"0\" itemprop=\"url\"> <meta itemprop=\"width\" content=\"576\"> <meta itemprop=\"height\" content=\"384\"> <img decoding=\"async\" class=\"\" data-attachment-id=\"18136\" data-orig-file=\"https:\/\/www.jazzzeitung.de\/cms\/wp-content\/uploads\/2018\/12\/portr\u00e4tneu.jpg\" data-orig-size=\"425,283\" data-comments-opened=\"1\" data-image-meta=\"{&quot;aperture&quot;:&quot;0&quot;,&quot;credit&quot;:&quot;&quot;,&quot;camera&quot;:&quot;&quot;,&quot;caption&quot;:&quot;&quot;,&quot;created_timestamp&quot;:&quot;0&quot;,&quot;copyright&quot;:&quot;&quot;,&quot;focal_length&quot;:&quot;0&quot;,&quot;iso&quot;:&quot;0&quot;,&quot;shutter_speed&quot;:&quot;0&quot;,&quot;title&quot;:&quot;&quot;,&quot;orientation&quot;:&quot;1&quot;}\" data-image-title=\"portr\u00e4tneu\" data-image-description=\"\" data-medium-file=\"https:\/\/i0.wp.com\/www.jazzzeitung.de\/cms\/wp-content\/uploads\/2018\/12\/portr%C3%A4tneu.jpg?fit=300%2C200&#038;ssl=1\" data-large-file=\"https:\/\/i0.wp.com\/www.jazzzeitung.de\/cms\/wp-content\/uploads\/2018\/12\/portr%C3%A4tneu.jpg?fit=425%2C283&#038;ssl=1\" src=\"https:\/\/i0.wp.com\/www.jazzzeitung.de\/cms\/wp-content\/uploads\/2018\/12\/portr%C3%A4tneu.jpg?w=576&#038;h=384&#038;ssl=1\" width=\"576\" height=\"384\" loading=\"lazy\" data-original-width=\"576\" data-original-height=\"384\" itemprop=\"http:\/\/schema.org\/image\" title=\"portr\u00e4tneu\" alt=\"portr\u00e4tneu\" style=\"width: 576px; height: 384px;\" \/> <\/a> <\/div> <\/div> <!-- close group --> <div class=\"gallery-group images-1\" style=\"width: 260px; height: 388px;\" data-original-width=\"260\" data-original-height=\"388\" > <div class=\"tiled-gallery-item tiled-gallery-item-large\" itemprop=\"associatedMedia\" itemscope itemtype=\"http:\/\/schema.org\/ImageObject\"> <a href=\"https:\/\/www.jazzzeitung.de\/cms\/2018\/12\/jasper-vant-hof-heinz-sauer-im-kallmann-museum\/heinz-sauer-hand-foto-tj-krebs-jazzphotoagencyweb-de\/\" border=\"0\" itemprop=\"url\"> <meta itemprop=\"width\" content=\"256\"> <meta itemprop=\"height\" content=\"384\"> <img decoding=\"async\" class=\"\" data-attachment-id=\"18123\" data-orig-file=\"https:\/\/www.jazzzeitung.de\/cms\/wp-content\/uploads\/2018\/12\/Heinz-Sauer-Hand-Foto-TJ-Krebs-jazzphotoagency@web.de_.jpg\" data-orig-size=\"800,1200\" data-comments-opened=\"1\" data-image-meta=\"{&quot;aperture&quot;:&quot;0&quot;,&quot;credit&quot;:&quot;&quot;,&quot;camera&quot;:&quot;&quot;,&quot;caption&quot;:&quot;&quot;,&quot;created_timestamp&quot;:&quot;0&quot;,&quot;copyright&quot;:&quot;&quot;,&quot;focal_length&quot;:&quot;0&quot;,&quot;iso&quot;:&quot;0&quot;,&quot;shutter_speed&quot;:&quot;0&quot;,&quot;title&quot;:&quot;&quot;,&quot;orientation&quot;:&quot;0&quot;}\" data-image-title=\"Heinz Sauer Hand &amp;#8211; Foto TJ Krebs jazzphotoagency@web.de\" data-image-description=\"\" data-medium-file=\"https:\/\/i0.wp.com\/www.jazzzeitung.de\/cms\/wp-content\/uploads\/2018\/12\/Heinz-Sauer-Hand-Foto-TJ-Krebs-jazzphotoagency%40web.de_.jpg?fit=200%2C300&#038;ssl=1\" data-large-file=\"https:\/\/i0.wp.com\/www.jazzzeitung.de\/cms\/wp-content\/uploads\/2018\/12\/Heinz-Sauer-Hand-Foto-TJ-Krebs-jazzphotoagency%40web.de_.jpg?fit=400%2C600&#038;ssl=1\" src=\"https:\/\/i0.wp.com\/www.jazzzeitung.de\/cms\/wp-content\/uploads\/2018\/12\/Heinz-Sauer-Hand-Foto-TJ-Krebs-jazzphotoagency%40web.de_.jpg?w=256&#038;h=384&#038;ssl=1\" width=\"256\" height=\"384\" loading=\"lazy\" data-original-width=\"256\" data-original-height=\"384\" itemprop=\"http:\/\/schema.org\/image\" title=\"Heinz Sauer Hand - Foto TJ Krebs jazzphotoagency@web.de\" alt=\"Heinz Sauer Hand - Foto TJ Krebs jazzphotoagency@web.de\" style=\"width: 256px; height: 384px;\" \/> <\/a> <\/div> <\/div> <!-- close group --> <\/div> <!-- close row --> <div class=\"gallery-row\" style=\"width: 840px; height: 1258px;\" data-original-width=\"840\" data-original-height=\"1258\" > <div class=\"gallery-group images-1\" style=\"width: 840px; height: 1258px;\" data-original-width=\"840\" data-original-height=\"1258\" > <div class=\"tiled-gallery-item tiled-gallery-item-large\" itemprop=\"associatedMedia\" itemscope itemtype=\"http:\/\/schema.org\/ImageObject\"> <a href=\"https:\/\/www.jazzzeitung.de\/cms\/2018\/12\/jasper-vant-hof-heinz-sauer-im-kallmann-museum\/heinz-sauer-foto-tj-krebs-jazzphotoagencyweb-de\/\" border=\"0\" itemprop=\"url\"> <meta itemprop=\"width\" content=\"836\"> <meta itemprop=\"height\" content=\"1254\"> <img decoding=\"async\" class=\"\" data-attachment-id=\"18122\" data-orig-file=\"https:\/\/www.jazzzeitung.de\/cms\/wp-content\/uploads\/2018\/12\/Heinz-Sauer-Foto-TJ-Krebs-jazzphotoagency@web.de_.jpg\" data-orig-size=\"800,1200\" data-comments-opened=\"1\" data-image-meta=\"{&quot;aperture&quot;:&quot;0&quot;,&quot;credit&quot;:&quot;&quot;,&quot;camera&quot;:&quot;&quot;,&quot;caption&quot;:&quot;&quot;,&quot;created_timestamp&quot;:&quot;0&quot;,&quot;copyright&quot;:&quot;&quot;,&quot;focal_length&quot;:&quot;0&quot;,&quot;iso&quot;:&quot;0&quot;,&quot;shutter_speed&quot;:&quot;0&quot;,&quot;title&quot;:&quot;&quot;,&quot;orientation&quot;:&quot;0&quot;}\" data-image-title=\"Heinz Sauer- Foto TJ Krebs jazzphotoagency@web.de\" data-image-description=\"\" data-medium-file=\"https:\/\/i0.wp.com\/www.jazzzeitung.de\/cms\/wp-content\/uploads\/2018\/12\/Heinz-Sauer-Foto-TJ-Krebs-jazzphotoagency%40web.de_.jpg?fit=200%2C300&#038;ssl=1\" data-large-file=\"https:\/\/i0.wp.com\/www.jazzzeitung.de\/cms\/wp-content\/uploads\/2018\/12\/Heinz-Sauer-Foto-TJ-Krebs-jazzphotoagency%40web.de_.jpg?fit=400%2C600&#038;ssl=1\" src=\"https:\/\/i0.wp.com\/www.jazzzeitung.de\/cms\/wp-content\/uploads\/2018\/12\/Heinz-Sauer-Foto-TJ-Krebs-jazzphotoagency%40web.de_.jpg?w=836&#038;h=1254&#038;ssl=1\" width=\"836\" height=\"1254\" loading=\"lazy\" data-original-width=\"836\" data-original-height=\"1254\" itemprop=\"http:\/\/schema.org\/image\" title=\"Heinz Sauer- Foto TJ Krebs jazzphotoagency@web.de\" alt=\"Heinz Sauer- Foto TJ Krebs jazzphotoagency@web.de\" style=\"width: 836px; height: 1254px;\" \/> <\/a> <\/div> <\/div> <!-- close group --> <\/div> <!-- close row --> <\/div>\n<p>P\u00fcnktlich ging es dann los. Bis auf den letzten Platz ausverkauft, sehr intimer Rahmen im Konzertraum des Museums! Vor nunmehr 35 Jahren trafen van\u2019t Hof und Sauer zum ersten Mal beim Jazzfestival in der Hamburger Fabrik aufeinander. Weitere zehn Jahre verstrichen bis die beiden wieder zusammen fanden, und nun musizieren sie in regelm\u00e4\u00dfigen Abst\u00e4nden, wenn die Termine passen. Ein Gipfeltreffen zweier Titanen, die traumwanderlisch zusammen musizieren, aufeinander h\u00f6ren, reagieren und improvisieren. Kraftvoll, ungez\u00fcgelt und kompromisslos spielten die beiden eigene Kompositionen wie \u201eThe Preacher\u201c, \u201eMerel\u201c oder das beeindruckende Schlussst\u00fcck \u201ePeace\u201c. Das Publikum erlebte pointierte, intensive Konversationen der beiden Ausnahmemusiker auf ihren Instrumenten. Auch ohne Synthesizer und Elektronik sorgte van\u2019t Hof mal f\u00fcr verfremdete Kl\u00e4nge an seinem Piano, da wurden dann einfach die Noten auf die Saiten gelegt, und schon sa\u00df van\u2019t Hof wieder der spielerische der Schalk im Nacken, w\u00e4hrend Heinz Sauer kraftvoll in sein Horn blies. Erdige Kl\u00e4nge bestimmten den Sound. Das macht dieses Duo aus: straight im Spiel, immer humorvoll, niemals dogmatisch.<\/p>\n<p>Jasper van\u2019t Hof sa\u00df vor einem wunderbaren, bezeichnenden Bild des Malers Hans J\u00fcrgen Kallmann: \u201eDer Weg\u201c, den die beiden gemeinsam an diesem Abend spielerisch entspannt und inspiriert zur\u00fccklegten.<\/p>\n<p>Text &amp; Fotostrecke: Thomas J. Krebs<\/p>\n","protected":false},"excerpt":{"rendered":"<p>Ismaning, Freitag Abend: Die Fahrt dorthin ein absoluter verkehrstechnischer Albtraum! Nach Stau, Flug- und S-Bahnversp\u00e4tung trafen die K\u00fcnstler sp\u00e4t, aber gl\u00fccklicherweise rechtzeitig ein. Heute Abend im Kallmann Museum auf dem Programm ein \u201eunplugged Set\u201c der beiden gro\u00dfen Improvisatoren des Jazz, dem Pianisten Jasper van\u2019t Hof und Heinz Sauer am Tenorsaxophon. Ein schneller Check noch vor dem Konzert \u2026 Themen kurz angespielt, ein paar Notizen, Setlist zusammen gestellt, alles gut! P\u00fcnktlich ging es dann los. Bis auf den letzten Platz ausverkauft, sehr intimer Rahmen im Konzertraum des Museums! Vor nunmehr 35 Jahren trafen van\u2019t Hof und Sauer zum ersten Mal beim Jazzfestival in der Hamburger Fabrik aufeinander. Weitere zehn Jahre verstrichen bis die beiden wieder zusammen fanden, und nun musizieren sie in regelm\u00e4\u00dfigen Abst\u00e4nden, wenn die Termine passen. Ein Gipfeltreffen zweier Titanen, die traumwanderlisch zusammen musizieren, aufeinander h\u00f6ren, reagieren und improvisieren. Kraftvoll, ungez\u00fcgelt und kompromisslos spielten die beiden eigene Kompositionen wie \u201eThe Preacher\u201c, \u201eMerel\u201c oder das beeindruckende Schlussst\u00fcck \u201ePeace\u201c. Das Publikum erlebte pointierte, intensive Konversationen der beiden Ausnahmemusiker auf ihren Instrumenten. Auch ohne Synthesizer und Elektronik sorgte van\u2019t Hof mal f\u00fcr verfremdete Kl\u00e4nge an seinem Piano, &hellip;<\/p>\n","protected":false},"author":18,"featured_media":18134,"comment_status":"open","ping_status":"closed","sticky":false,"template":"","format":"standard","meta":{"_jetpack_memberships_contains_paid_content":false,"footnotes":"","jetpack_publicize_message":"","jetpack_publicize_feature_enabled":true,"jetpack_social_post_already_shared":false,"jetpack_social_options":{"image_generator_settings":{"template":"highway","default_image_id":0,"font":"","enabled":false},"version":2}},"categories":[1053,652],"tags":[1910,2129,1777,1834,1260],"coauthors":[695],"class_list":["post-18121","post","type-post","status-publish","format-standard","has-post-thumbnail","hentry","category-bericht","category-galerie","tag-bildergalerie","tag-heinz-sauer","tag-jasper-vant-hof","tag-kallmann-museum","tag-thomas-j-krebs"],"yoast_head":"<!-- This site is optimized with the Yoast SEO plugin v27.4 - https:\/\/yoast.com\/product\/yoast-seo-wordpress\/ -->\n<title>Jasper van\u2019t Hof &amp; Heinz Sauer im Kallmann Museum - JazzZeitung<\/title>\n<meta name=\"robots\" content=\"index, follow, max-snippet:-1, max-image-preview:large, max-video-preview:-1\" \/>\n<link rel=\"canonical\" href=\"https:\/\/www.jazzzeitung.de\/cms\/2018\/12\/jasper-vant-hof-heinz-sauer-im-kallmann-museum\/\" \/>\n<meta property=\"og:locale\" content=\"de_DE\" \/>\n<meta property=\"og:type\" content=\"article\" \/>\n<meta property=\"og:title\" content=\"Jasper van\u2019t Hof &amp; Heinz Sauer im Kallmann Museum - JazzZeitung\" \/>\n<meta property=\"og:description\" content=\"Ismaning, Freitag Abend: Die Fahrt dorthin ein absoluter verkehrstechnischer Albtraum! Nach Stau, Flug- und S-Bahnversp\u00e4tung trafen die K\u00fcnstler sp\u00e4t, aber gl\u00fccklicherweise rechtzeitig ein. Heute Abend im Kallmann Museum auf dem Programm ein \u201eunplugged Set\u201c der beiden gro\u00dfen Improvisatoren des Jazz, dem Pianisten Jasper van\u2019t Hof und Heinz Sauer am Tenorsaxophon. Ein schneller Check noch vor dem Konzert \u2026 Themen kurz angespielt, ein paar Notizen, Setlist zusammen gestellt, alles gut! P\u00fcnktlich ging es dann los. Bis auf den letzten Platz ausverkauft, sehr intimer Rahmen im Konzertraum des Museums! Vor nunmehr 35 Jahren trafen van\u2019t Hof und Sauer zum ersten Mal beim Jazzfestival in der Hamburger Fabrik aufeinander. Weitere zehn Jahre verstrichen bis die beiden wieder zusammen fanden, und nun musizieren sie in regelm\u00e4\u00dfigen Abst\u00e4nden, wenn die Termine passen. Ein Gipfeltreffen zweier Titanen, die traumwanderlisch zusammen musizieren, aufeinander h\u00f6ren, reagieren und improvisieren. Kraftvoll, ungez\u00fcgelt und kompromisslos spielten die beiden eigene Kompositionen wie \u201eThe Preacher\u201c, \u201eMerel\u201c oder das beeindruckende Schlussst\u00fcck \u201ePeace\u201c. Das Publikum erlebte pointierte, intensive Konversationen der beiden Ausnahmemusiker auf ihren Instrumenten. Auch ohne Synthesizer und Elektronik sorgte van\u2019t Hof mal f\u00fcr verfremdete Kl\u00e4nge an seinem Piano, &hellip;\" \/>\n<meta property=\"og:url\" content=\"https:\/\/www.jazzzeitung.de\/cms\/2018\/12\/jasper-vant-hof-heinz-sauer-im-kallmann-museum\/\" \/>\n<meta property=\"og:site_name\" content=\"JazzZeitung\" \/>\n<meta property=\"article:publisher\" content=\"https:\/\/www.facebook.com\/JazzZeitung\/\" \/>\n<meta property=\"article:published_time\" content=\"2018-12-13T09:46:07+00:00\" \/>\n<meta property=\"og:image\" content=\"https:\/\/i0.wp.com\/www.jazzzeitung.de\/cms\/wp-content\/uploads\/2018\/12\/duo-Neu-1.jpg?fit=454%2C302&ssl=1\" \/>\n\t<meta property=\"og:image:width\" content=\"454\" \/>\n\t<meta property=\"og:image:height\" content=\"302\" \/>\n\t<meta property=\"og:image:type\" content=\"image\/jpeg\" \/>\n<meta name=\"author\" content=\"Redaktion JazzZeitung\" \/>\n<script type=\"application\/ld+json\" class=\"yoast-schema-graph\">{\"@context\":\"https:\\\/\\\/schema.org\",\"@graph\":[{\"@type\":\"Article\",\"@id\":\"https:\\\/\\\/www.jazzzeitung.de\\\/cms\\\/2018\\\/12\\\/jasper-vant-hof-heinz-sauer-im-kallmann-museum\\\/#article\",\"isPartOf\":{\"@id\":\"https:\\\/\\\/www.jazzzeitung.de\\\/cms\\\/2018\\\/12\\\/jasper-vant-hof-heinz-sauer-im-kallmann-museum\\\/\"},\"author\":{\"name\":\"Redaktion JazzZeitung\",\"@id\":\"https:\\\/\\\/www.jazzzeitung.de\\\/cms\\\/#\\\/schema\\\/person\\\/2245b36b9cd1d24cea10f01c031fb92b\"},\"headline\":\"Jasper van\u2019t Hof &#038; Heinz Sauer im Kallmann Museum\",\"datePublished\":\"2018-12-13T09:46:07+00:00\",\"mainEntityOfPage\":{\"@id\":\"https:\\\/\\\/www.jazzzeitung.de\\\/cms\\\/2018\\\/12\\\/jasper-vant-hof-heinz-sauer-im-kallmann-museum\\\/\"},\"wordCount\":299,\"commentCount\":0,\"publisher\":{\"@id\":\"https:\\\/\\\/www.jazzzeitung.de\\\/cms\\\/#organization\"},\"image\":{\"@id\":\"https:\\\/\\\/www.jazzzeitung.de\\\/cms\\\/2018\\\/12\\\/jasper-vant-hof-heinz-sauer-im-kallmann-museum\\\/#primaryimage\"},\"thumbnailUrl\":\"https:\\\/\\\/i0.wp.com\\\/www.jazzzeitung.de\\\/cms\\\/wp-content\\\/uploads\\\/2018\\\/12\\\/duo-Neu-1.jpg?fit=454%2C302&ssl=1\",\"keywords\":[\"Bildergalerie\",\"Heinz Sauer\",\"Jasper van\u00b4t Hof\",\"Kallmann Museum\",\"Thomas J. Krebs\"],\"articleSection\":[\"Bericht\",\"Galerie\"],\"inLanguage\":\"de\",\"potentialAction\":[{\"@type\":\"CommentAction\",\"name\":\"Comment\",\"target\":[\"https:\\\/\\\/www.jazzzeitung.de\\\/cms\\\/2018\\\/12\\\/jasper-vant-hof-heinz-sauer-im-kallmann-museum\\\/#respond\"]}]},{\"@type\":\"WebPage\",\"@id\":\"https:\\\/\\\/www.jazzzeitung.de\\\/cms\\\/2018\\\/12\\\/jasper-vant-hof-heinz-sauer-im-kallmann-museum\\\/\",\"url\":\"https:\\\/\\\/www.jazzzeitung.de\\\/cms\\\/2018\\\/12\\\/jasper-vant-hof-heinz-sauer-im-kallmann-museum\\\/\",\"name\":\"Jasper van\u2019t Hof & Heinz Sauer im Kallmann Museum - JazzZeitung\",\"isPartOf\":{\"@id\":\"https:\\\/\\\/www.jazzzeitung.de\\\/cms\\\/#website\"},\"primaryImageOfPage\":{\"@id\":\"https:\\\/\\\/www.jazzzeitung.de\\\/cms\\\/2018\\\/12\\\/jasper-vant-hof-heinz-sauer-im-kallmann-museum\\\/#primaryimage\"},\"image\":{\"@id\":\"https:\\\/\\\/www.jazzzeitung.de\\\/cms\\\/2018\\\/12\\\/jasper-vant-hof-heinz-sauer-im-kallmann-museum\\\/#primaryimage\"},\"thumbnailUrl\":\"https:\\\/\\\/i0.wp.com\\\/www.jazzzeitung.de\\\/cms\\\/wp-content\\\/uploads\\\/2018\\\/12\\\/duo-Neu-1.jpg?fit=454%2C302&ssl=1\",\"datePublished\":\"2018-12-13T09:46:07+00:00\",\"breadcrumb\":{\"@id\":\"https:\\\/\\\/www.jazzzeitung.de\\\/cms\\\/2018\\\/12\\\/jasper-vant-hof-heinz-sauer-im-kallmann-museum\\\/#breadcrumb\"},\"inLanguage\":\"de\",\"potentialAction\":[{\"@type\":\"ReadAction\",\"target\":[\"https:\\\/\\\/www.jazzzeitung.de\\\/cms\\\/2018\\\/12\\\/jasper-vant-hof-heinz-sauer-im-kallmann-museum\\\/\"]}]},{\"@type\":\"ImageObject\",\"inLanguage\":\"de\",\"@id\":\"https:\\\/\\\/www.jazzzeitung.de\\\/cms\\\/2018\\\/12\\\/jasper-vant-hof-heinz-sauer-im-kallmann-museum\\\/#primaryimage\",\"url\":\"https:\\\/\\\/i0.wp.com\\\/www.jazzzeitung.de\\\/cms\\\/wp-content\\\/uploads\\\/2018\\\/12\\\/duo-Neu-1.jpg?fit=454%2C302&ssl=1\",\"contentUrl\":\"https:\\\/\\\/i0.wp.com\\\/www.jazzzeitung.de\\\/cms\\\/wp-content\\\/uploads\\\/2018\\\/12\\\/duo-Neu-1.jpg?fit=454%2C302&ssl=1\",\"width\":454,\"height\":302},{\"@type\":\"BreadcrumbList\",\"@id\":\"https:\\\/\\\/www.jazzzeitung.de\\\/cms\\\/2018\\\/12\\\/jasper-vant-hof-heinz-sauer-im-kallmann-museum\\\/#breadcrumb\",\"itemListElement\":[{\"@type\":\"ListItem\",\"position\":1,\"name\":\"Startseite\",\"item\":\"https:\\\/\\\/www.jazzzeitung.de\\\/cms\\\/\"},{\"@type\":\"ListItem\",\"position\":2,\"name\":\"Jasper van\u2019t Hof &#038; Heinz Sauer im Kallmann Museum\"}]},{\"@type\":\"WebSite\",\"@id\":\"https:\\\/\\\/www.jazzzeitung.de\\\/cms\\\/#website\",\"url\":\"https:\\\/\\\/www.jazzzeitung.de\\\/cms\\\/\",\"name\":\"JazzZeitung\",\"description\":\"Jazz-News und Jazz-Kontroverses\",\"publisher\":{\"@id\":\"https:\\\/\\\/www.jazzzeitung.de\\\/cms\\\/#organization\"},\"potentialAction\":[{\"@type\":\"SearchAction\",\"target\":{\"@type\":\"EntryPoint\",\"urlTemplate\":\"https:\\\/\\\/www.jazzzeitung.de\\\/cms\\\/?s={search_term_string}\"},\"query-input\":{\"@type\":\"PropertyValueSpecification\",\"valueRequired\":true,\"valueName\":\"search_term_string\"}}],\"inLanguage\":\"de\"},{\"@type\":\"Organization\",\"@id\":\"https:\\\/\\\/www.jazzzeitung.de\\\/cms\\\/#organization\",\"name\":\"JazzZeitung online\",\"url\":\"https:\\\/\\\/www.jazzzeitung.de\\\/cms\\\/\",\"logo\":{\"@type\":\"ImageObject\",\"inLanguage\":\"de\",\"@id\":\"https:\\\/\\\/www.jazzzeitung.de\\\/cms\\\/#\\\/schema\\\/logo\\\/image\\\/\",\"url\":\"https:\\\/\\\/i0.wp.com\\\/www.jazzzeitung.de\\\/cms\\\/wp-content\\\/uploads\\\/2015\\\/08\\\/JAZZZEITUNGDE_Logo_Neu.png?fit=499%2C200&ssl=1\",\"contentUrl\":\"https:\\\/\\\/i0.wp.com\\\/www.jazzzeitung.de\\\/cms\\\/wp-content\\\/uploads\\\/2015\\\/08\\\/JAZZZEITUNGDE_Logo_Neu.png?fit=499%2C200&ssl=1\",\"width\":499,\"height\":200,\"caption\":\"JazzZeitung online\"},\"image\":{\"@id\":\"https:\\\/\\\/www.jazzzeitung.de\\\/cms\\\/#\\\/schema\\\/logo\\\/image\\\/\"},\"sameAs\":[\"https:\\\/\\\/www.facebook.com\\\/JazzZeitung\\\/\"]},{\"@type\":\"Person\",\"@id\":\"https:\\\/\\\/www.jazzzeitung.de\\\/cms\\\/#\\\/schema\\\/person\\\/2245b36b9cd1d24cea10f01c031fb92b\",\"name\":\"Redaktion JazzZeitung\",\"image\":{\"@type\":\"ImageObject\",\"inLanguage\":\"de\",\"@id\":\"https:\\\/\\\/i0.wp.com\\\/www.jazzzeitung.de\\\/cms\\\/wp-content\\\/uploads\\\/2015\\\/08\\\/JAZZZEITUNGDE_Logo_Neu.png?resize=96%2C96&ssl=159975dcacb611b5700bd619b5daf0a7a\",\"url\":\"https:\\\/\\\/i0.wp.com\\\/www.jazzzeitung.de\\\/cms\\\/wp-content\\\/uploads\\\/2015\\\/08\\\/JAZZZEITUNGDE_Logo_Neu.png?resize=96%2C96&ssl=1\",\"contentUrl\":\"https:\\\/\\\/i0.wp.com\\\/www.jazzzeitung.de\\\/cms\\\/wp-content\\\/uploads\\\/2015\\\/08\\\/JAZZZEITUNGDE_Logo_Neu.png?resize=96%2C96&ssl=1\",\"caption\":\"Redaktion JazzZeitung\"},\"description\":\"Artikel der Redaktion der JazzZeitung.\",\"sameAs\":[\"http:\\\/\\\/www.jazzzeitung.de\\\/cms\\\/\"],\"url\":\"https:\\\/\\\/www.jazzzeitung.de\\\/cms\\\/author\\\/redaktion\\\/\"}]}<\/script>\n<!-- \/ Yoast SEO plugin. -->","yoast_head_json":{"title":"Jasper van\u2019t Hof & Heinz Sauer im Kallmann Museum - JazzZeitung","robots":{"index":"index","follow":"follow","max-snippet":"max-snippet:-1","max-image-preview":"max-image-preview:large","max-video-preview":"max-video-preview:-1"},"canonical":"https:\/\/www.jazzzeitung.de\/cms\/2018\/12\/jasper-vant-hof-heinz-sauer-im-kallmann-museum\/","og_locale":"de_DE","og_type":"article","og_title":"Jasper van\u2019t Hof & Heinz Sauer im Kallmann Museum - JazzZeitung","og_description":"Ismaning, Freitag Abend: Die Fahrt dorthin ein absoluter verkehrstechnischer Albtraum! Nach Stau, Flug- und S-Bahnversp\u00e4tung trafen die K\u00fcnstler sp\u00e4t, aber gl\u00fccklicherweise rechtzeitig ein. Heute Abend im Kallmann Museum auf dem Programm ein \u201eunplugged Set\u201c der beiden gro\u00dfen Improvisatoren des Jazz, dem Pianisten Jasper van\u2019t Hof und Heinz Sauer am Tenorsaxophon. Ein schneller Check noch vor dem Konzert \u2026 Themen kurz angespielt, ein paar Notizen, Setlist zusammen gestellt, alles gut! P\u00fcnktlich ging es dann los. Bis auf den letzten Platz ausverkauft, sehr intimer Rahmen im Konzertraum des Museums! Vor nunmehr 35 Jahren trafen van\u2019t Hof und Sauer zum ersten Mal beim Jazzfestival in der Hamburger Fabrik aufeinander. Weitere zehn Jahre verstrichen bis die beiden wieder zusammen fanden, und nun musizieren sie in regelm\u00e4\u00dfigen Abst\u00e4nden, wenn die Termine passen. Ein Gipfeltreffen zweier Titanen, die traumwanderlisch zusammen musizieren, aufeinander h\u00f6ren, reagieren und improvisieren. Kraftvoll, ungez\u00fcgelt und kompromisslos spielten die beiden eigene Kompositionen wie \u201eThe Preacher\u201c, \u201eMerel\u201c oder das beeindruckende Schlussst\u00fcck \u201ePeace\u201c. Das Publikum erlebte pointierte, intensive Konversationen der beiden Ausnahmemusiker auf ihren Instrumenten. Auch ohne Synthesizer und Elektronik sorgte van\u2019t Hof mal f\u00fcr verfremdete Kl\u00e4nge an seinem Piano, &hellip;","og_url":"https:\/\/www.jazzzeitung.de\/cms\/2018\/12\/jasper-vant-hof-heinz-sauer-im-kallmann-museum\/","og_site_name":"JazzZeitung","article_publisher":"https:\/\/www.facebook.com\/JazzZeitung\/","article_published_time":"2018-12-13T09:46:07+00:00","og_image":[{"width":454,"height":302,"url":"https:\/\/i0.wp.com\/www.jazzzeitung.de\/cms\/wp-content\/uploads\/2018\/12\/duo-Neu-1.jpg?fit=454%2C302&ssl=1","type":"image\/jpeg"}],"author":"Redaktion JazzZeitung","schema":{"@context":"https:\/\/schema.org","@graph":[{"@type":"Article","@id":"https:\/\/www.jazzzeitung.de\/cms\/2018\/12\/jasper-vant-hof-heinz-sauer-im-kallmann-museum\/#article","isPartOf":{"@id":"https:\/\/www.jazzzeitung.de\/cms\/2018\/12\/jasper-vant-hof-heinz-sauer-im-kallmann-museum\/"},"author":{"name":"Redaktion JazzZeitung","@id":"https:\/\/www.jazzzeitung.de\/cms\/#\/schema\/person\/2245b36b9cd1d24cea10f01c031fb92b"},"headline":"Jasper van\u2019t Hof &#038; Heinz Sauer im Kallmann Museum","datePublished":"2018-12-13T09:46:07+00:00","mainEntityOfPage":{"@id":"https:\/\/www.jazzzeitung.de\/cms\/2018\/12\/jasper-vant-hof-heinz-sauer-im-kallmann-museum\/"},"wordCount":299,"commentCount":0,"publisher":{"@id":"https:\/\/www.jazzzeitung.de\/cms\/#organization"},"image":{"@id":"https:\/\/www.jazzzeitung.de\/cms\/2018\/12\/jasper-vant-hof-heinz-sauer-im-kallmann-museum\/#primaryimage"},"thumbnailUrl":"https:\/\/i0.wp.com\/www.jazzzeitung.de\/cms\/wp-content\/uploads\/2018\/12\/duo-Neu-1.jpg?fit=454%2C302&ssl=1","keywords":["Bildergalerie","Heinz Sauer","Jasper van\u00b4t Hof","Kallmann Museum","Thomas J. Krebs"],"articleSection":["Bericht","Galerie"],"inLanguage":"de","potentialAction":[{"@type":"CommentAction","name":"Comment","target":["https:\/\/www.jazzzeitung.de\/cms\/2018\/12\/jasper-vant-hof-heinz-sauer-im-kallmann-museum\/#respond"]}]},{"@type":"WebPage","@id":"https:\/\/www.jazzzeitung.de\/cms\/2018\/12\/jasper-vant-hof-heinz-sauer-im-kallmann-museum\/","url":"https:\/\/www.jazzzeitung.de\/cms\/2018\/12\/jasper-vant-hof-heinz-sauer-im-kallmann-museum\/","name":"Jasper van\u2019t Hof & Heinz Sauer im Kallmann Museum - JazzZeitung","isPartOf":{"@id":"https:\/\/www.jazzzeitung.de\/cms\/#website"},"primaryImageOfPage":{"@id":"https:\/\/www.jazzzeitung.de\/cms\/2018\/12\/jasper-vant-hof-heinz-sauer-im-kallmann-museum\/#primaryimage"},"image":{"@id":"https:\/\/www.jazzzeitung.de\/cms\/2018\/12\/jasper-vant-hof-heinz-sauer-im-kallmann-museum\/#primaryimage"},"thumbnailUrl":"https:\/\/i0.wp.com\/www.jazzzeitung.de\/cms\/wp-content\/uploads\/2018\/12\/duo-Neu-1.jpg?fit=454%2C302&ssl=1","datePublished":"2018-12-13T09:46:07+00:00","breadcrumb":{"@id":"https:\/\/www.jazzzeitung.de\/cms\/2018\/12\/jasper-vant-hof-heinz-sauer-im-kallmann-museum\/#breadcrumb"},"inLanguage":"de","potentialAction":[{"@type":"ReadAction","target":["https:\/\/www.jazzzeitung.de\/cms\/2018\/12\/jasper-vant-hof-heinz-sauer-im-kallmann-museum\/"]}]},{"@type":"ImageObject","inLanguage":"de","@id":"https:\/\/www.jazzzeitung.de\/cms\/2018\/12\/jasper-vant-hof-heinz-sauer-im-kallmann-museum\/#primaryimage","url":"https:\/\/i0.wp.com\/www.jazzzeitung.de\/cms\/wp-content\/uploads\/2018\/12\/duo-Neu-1.jpg?fit=454%2C302&ssl=1","contentUrl":"https:\/\/i0.wp.com\/www.jazzzeitung.de\/cms\/wp-content\/uploads\/2018\/12\/duo-Neu-1.jpg?fit=454%2C302&ssl=1","width":454,"height":302},{"@type":"BreadcrumbList","@id":"https:\/\/www.jazzzeitung.de\/cms\/2018\/12\/jasper-vant-hof-heinz-sauer-im-kallmann-museum\/#breadcrumb","itemListElement":[{"@type":"ListItem","position":1,"name":"Startseite","item":"https:\/\/www.jazzzeitung.de\/cms\/"},{"@type":"ListItem","position":2,"name":"Jasper van\u2019t Hof &#038; Heinz Sauer im Kallmann Museum"}]},{"@type":"WebSite","@id":"https:\/\/www.jazzzeitung.de\/cms\/#website","url":"https:\/\/www.jazzzeitung.de\/cms\/","name":"JazzZeitung","description":"Jazz-News und Jazz-Kontroverses","publisher":{"@id":"https:\/\/www.jazzzeitung.de\/cms\/#organization"},"potentialAction":[{"@type":"SearchAction","target":{"@type":"EntryPoint","urlTemplate":"https:\/\/www.jazzzeitung.de\/cms\/?s={search_term_string}"},"query-input":{"@type":"PropertyValueSpecification","valueRequired":true,"valueName":"search_term_string"}}],"inLanguage":"de"},{"@type":"Organization","@id":"https:\/\/www.jazzzeitung.de\/cms\/#organization","name":"JazzZeitung online","url":"https:\/\/www.jazzzeitung.de\/cms\/","logo":{"@type":"ImageObject","inLanguage":"de","@id":"https:\/\/www.jazzzeitung.de\/cms\/#\/schema\/logo\/image\/","url":"https:\/\/i0.wp.com\/www.jazzzeitung.de\/cms\/wp-content\/uploads\/2015\/08\/JAZZZEITUNGDE_Logo_Neu.png?fit=499%2C200&ssl=1","contentUrl":"https:\/\/i0.wp.com\/www.jazzzeitung.de\/cms\/wp-content\/uploads\/2015\/08\/JAZZZEITUNGDE_Logo_Neu.png?fit=499%2C200&ssl=1","width":499,"height":200,"caption":"JazzZeitung online"},"image":{"@id":"https:\/\/www.jazzzeitung.de\/cms\/#\/schema\/logo\/image\/"},"sameAs":["https:\/\/www.facebook.com\/JazzZeitung\/"]},{"@type":"Person","@id":"https:\/\/www.jazzzeitung.de\/cms\/#\/schema\/person\/2245b36b9cd1d24cea10f01c031fb92b","name":"Redaktion JazzZeitung","image":{"@type":"ImageObject","inLanguage":"de","@id":"https:\/\/i0.wp.com\/www.jazzzeitung.de\/cms\/wp-content\/uploads\/2015\/08\/JAZZZEITUNGDE_Logo_Neu.png?resize=96%2C96&ssl=159975dcacb611b5700bd619b5daf0a7a","url":"https:\/\/i0.wp.com\/www.jazzzeitung.de\/cms\/wp-content\/uploads\/2015\/08\/JAZZZEITUNGDE_Logo_Neu.png?resize=96%2C96&ssl=1","contentUrl":"https:\/\/i0.wp.com\/www.jazzzeitung.de\/cms\/wp-content\/uploads\/2015\/08\/JAZZZEITUNGDE_Logo_Neu.png?resize=96%2C96&ssl=1","caption":"Redaktion JazzZeitung"},"description":"Artikel der Redaktion der JazzZeitung.","sameAs":["http:\/\/www.jazzzeitung.de\/cms\/"],"url":"https:\/\/www.jazzzeitung.de\/cms\/author\/redaktion\/"}]}},"wp-worthy-pixel":{"ignored":false,"public":null,"server":null,"url":null},"wp-worthy-type":"normal","jetpack_publicize_connections":[],"cc_featured_image_caption":{"caption_text":"","source_text":"","source_url":""},"jetpack_featured_media_url":"https:\/\/i0.wp.com\/www.jazzzeitung.de\/cms\/wp-content\/uploads\/2018\/12\/duo-Neu-1.jpg?fit=454%2C302&ssl=1","jetpack_shortlink":"https:\/\/wp.me\/p3KEcT-4Ih","jetpack-related-posts":[{"id":14466,"url":"https:\/\/www.jazzzeitung.de\/cms\/2017\/12\/bobo-stenson-solo-im-kallmann-museum-ismaning\/","url_meta":{"origin":18121,"position":0},"title":"Bobo Stenson solo im Kallmann Museum Ismaning","author":"Thomas J. Krebs","date":"6. Dezember 2017","format":false,"excerpt":"Im Rahmen der, seit mittlerweile 20 Jahre bestehenden Konzertreihe im Ismaninger Kallmann Museum pr\u00e4sentierte der schwedische Pianist Bobo Stenson eines seiner seltenen Solo-Konzerte. In der einzigartigen Museumsatmosph\u00e4re, ausverkauft, vor ca. 80 (!) Zuschauern, pr\u00e4sentierte Bobo Stenson neben bew\u00e4hrten St\u00fccken aus seinem Repertoire auch exklusive musikalische Einblicke in sein neues Trio-Album,\u2026","rel":"","context":"In &quot;Galerie&quot;","block_context":{"text":"Galerie","link":"https:\/\/www.jazzzeitung.de\/cms\/thema\/galerie\/"},"img":{"alt_text":"","src":"https:\/\/i0.wp.com\/www.jazzzeitung.de\/cms\/wp-content\/uploads\/2017\/12\/Bobo-Stenson-3-Foto-TJ-Krebs-jazzphotoagency%40web.de_.jpg?fit=1200%2C800&ssl=1&resize=350%2C200","width":350,"height":200,"srcset":"https:\/\/i0.wp.com\/www.jazzzeitung.de\/cms\/wp-content\/uploads\/2017\/12\/Bobo-Stenson-3-Foto-TJ-Krebs-jazzphotoagency%40web.de_.jpg?fit=1200%2C800&ssl=1&resize=350%2C200 1x, https:\/\/i0.wp.com\/www.jazzzeitung.de\/cms\/wp-content\/uploads\/2017\/12\/Bobo-Stenson-3-Foto-TJ-Krebs-jazzphotoagency%40web.de_.jpg?fit=1200%2C800&ssl=1&resize=525%2C300 1.5x, https:\/\/i0.wp.com\/www.jazzzeitung.de\/cms\/wp-content\/uploads\/2017\/12\/Bobo-Stenson-3-Foto-TJ-Krebs-jazzphotoagency%40web.de_.jpg?fit=1200%2C800&ssl=1&resize=700%2C400 2x, https:\/\/i0.wp.com\/www.jazzzeitung.de\/cms\/wp-content\/uploads\/2017\/12\/Bobo-Stenson-3-Foto-TJ-Krebs-jazzphotoagency%40web.de_.jpg?fit=1200%2C800&ssl=1&resize=1050%2C600 3x"},"classes":[]},{"id":21548,"url":"https:\/\/www.jazzzeitung.de\/cms\/2019\/12\/8-hands-88-keys-6-klavier-festival-in-ottobrunn\/","url_meta":{"origin":18121,"position":1},"title":"8 hands &#8211; 88 keys: 6. Klavier Festival in Ottobrunn","author":"Redaktion JazzZeitung","date":"17. Dezember 2019","format":false,"excerpt":"Alle Geschenke verpackt, Karten geschrieben und Weihnachtsfeiern \u00fcberlebt - klasse! Dann darf man sich am letzten Wochenende vor Weihnachten auch entsprechend entspannen und sollte dies vor allem klanglich genie\u00dfen. Der ultimativer Tipp f\u00fcr solch einen Abend: auch dieses Jahr findet in Ottobrunn traditionsgem\u00e4\u00df im Rahmen des mittlerweile 6. (!) Klavier\u2026","rel":"","context":"In &quot;News&quot;","block_context":{"text":"News","link":"https:\/\/www.jazzzeitung.de\/cms\/thema\/nachrichten\/"},"img":{"alt_text":"","src":"https:\/\/i0.wp.com\/www.jazzzeitung.de\/cms\/wp-content\/uploads\/2019\/12\/Helfrich-Hand-Foto-TJ-Krebs.jpg?fit=1200%2C801&ssl=1&resize=350%2C200","width":350,"height":200,"srcset":"https:\/\/i0.wp.com\/www.jazzzeitung.de\/cms\/wp-content\/uploads\/2019\/12\/Helfrich-Hand-Foto-TJ-Krebs.jpg?fit=1200%2C801&ssl=1&resize=350%2C200 1x, https:\/\/i0.wp.com\/www.jazzzeitung.de\/cms\/wp-content\/uploads\/2019\/12\/Helfrich-Hand-Foto-TJ-Krebs.jpg?fit=1200%2C801&ssl=1&resize=525%2C300 1.5x, https:\/\/i0.wp.com\/www.jazzzeitung.de\/cms\/wp-content\/uploads\/2019\/12\/Helfrich-Hand-Foto-TJ-Krebs.jpg?fit=1200%2C801&ssl=1&resize=700%2C400 2x, https:\/\/i0.wp.com\/www.jazzzeitung.de\/cms\/wp-content\/uploads\/2019\/12\/Helfrich-Hand-Foto-TJ-Krebs.jpg?fit=1200%2C801&ssl=1&resize=1050%2C600 3x"},"classes":[]},{"id":13532,"url":"https:\/\/www.jazzzeitung.de\/cms\/2017\/09\/news-bayreuther-jazz-november-jazzwoche-hannover-goettinger-jazzfestival\/","url_meta":{"origin":18121,"position":2},"title":"+++ news +++ Bayreuther Jazz-November +++ Jazzwoche Hannover +++ G\u00f6ttinger Jazzfestival +++","author":"Redaktion JazzZeitung","date":"14. September 2017","format":false,"excerpt":"+++ Bayreuther Jazz-November +++ Der Bayreuther Jazz-November pr\u00e4sentiert sich in seinem elften Jahr vom 9. bis 12. November musikalisch noch breiter aufgestellt. Das mehrfach ausgezeichnete Jazzforum (Kulturpreis 2017 der Stadt Bayreuth, Spielst\u00e4ttenprogrammpreis bzw. APPLAUS 2013, 2014 und 2016) z\u00fcndet als Veranstalter die n\u00e4chste Stufe f\u00fcr das Herzensprojekt Bayreuther Jazz-November. Beinahe\u2026","rel":"","context":"In &quot;News&quot;","block_context":{"text":"News","link":"https:\/\/www.jazzzeitung.de\/cms\/thema\/nachrichten\/"},"img":{"alt_text":"","src":"https:\/\/i0.wp.com\/www.jazzzeitung.de\/cms\/wp-content\/uploads\/2017\/09\/Jazzrausch-Bigband-150x150.jpg?resize=350%2C200&ssl=1","width":350,"height":200},"classes":[]},{"id":3588,"url":"https:\/\/www.jazzzeitung.de\/cms\/2014\/03\/danilo-perez-morgen-im-bayerischen-hof\/","url_meta":{"origin":18121,"position":3},"title":"Danilo Perez morgen im Bayerischen Hof","author":"Redaktion JazzZeitung","date":"10. M\u00e4rz 2014","format":false,"excerpt":"Danilo Perez gastiert mit seinem aktuellen Trio am Dienstag, 11. M\u00e4rz 2014 um 21:00 Uhr im Nightclub des Hotels Bayersicher Hof. Der Ausnahmepianist des legend\u00e4ren Wayne Shorter Quartetts, stellt an diesem Abend sein neues Album \"Panama 500\" vor, auf dem er beeindruckend sowohl musikalische Einfl\u00fcsse seiner Heimat und als auch\u2026","rel":"","context":"In &quot;Redaktionelle Nachrichten&quot;","block_context":{"text":"Redaktionelle Nachrichten","link":"https:\/\/www.jazzzeitung.de\/cms\/thema\/redaktion\/"},"img":{"alt_text":"Danilo Perez_0","src":"https:\/\/i0.wp.com\/www.jazzzeitung.de\/cms\/wp-content\/uploads\/2014\/03\/Danilo-Perez_0-150x150.jpg?resize=350%2C200","width":350,"height":200},"classes":[]},{"id":30722,"url":"https:\/\/www.jazzzeitung.de\/cms\/2024\/03\/emotional-schimmerndes-amulett-das-neue-album-jasper-vant-hofs\/","url_meta":{"origin":18121,"position":4},"title":"Emotional schimmerndes Amulett: Das neue Album Jasper Van\u00b4t Hofs","author":"Redaktion JazzZeitung","date":"27. M\u00e4rz 2024","format":false,"excerpt":"Demn\u00e4chst wird er 77. Ans Aufh\u00f6ren aber scheint der Niederl\u00e4nder Jasper van\u00b4t Hof keine Sekunde seiner Lebenszeit zu verschwenden. Das Kreative, das Musik machen, erfinden, kreieren ist offenbar die beste Voraussetzung, damit das Leben f\u00fcr ihn seit \u00fcber f\u00fcnf Jahrzehnten genie\u00dfbar bleibt und es versch\u00f6nert. Aktueller Ausdruck dieser Lebenslust\u00a0 ist\u2026","rel":"","context":"In &quot;Rezension&quot;","block_context":{"text":"Rezension","link":"https:\/\/www.jazzzeitung.de\/cms\/thema\/rezension\/"},"img":{"alt_text":"","src":"https:\/\/i0.wp.com\/www.jazzzeitung.de\/cms\/wp-content\/uploads\/2024\/03\/IMG_9200.jpg?fit=1200%2C1070&ssl=1&resize=350%2C200","width":350,"height":200,"srcset":"https:\/\/i0.wp.com\/www.jazzzeitung.de\/cms\/wp-content\/uploads\/2024\/03\/IMG_9200.jpg?fit=1200%2C1070&ssl=1&resize=350%2C200 1x, https:\/\/i0.wp.com\/www.jazzzeitung.de\/cms\/wp-content\/uploads\/2024\/03\/IMG_9200.jpg?fit=1200%2C1070&ssl=1&resize=525%2C300 1.5x, https:\/\/i0.wp.com\/www.jazzzeitung.de\/cms\/wp-content\/uploads\/2024\/03\/IMG_9200.jpg?fit=1200%2C1070&ssl=1&resize=700%2C400 2x, https:\/\/i0.wp.com\/www.jazzzeitung.de\/cms\/wp-content\/uploads\/2024\/03\/IMG_9200.jpg?fit=1200%2C1070&ssl=1&resize=1050%2C600 3x"},"classes":[]},{"id":14589,"url":"https:\/\/www.jazzzeitung.de\/cms\/2017\/12\/die-jazz-radiowoche-vom-25-12-bis-31-12-2017\/","url_meta":{"origin":18121,"position":5},"title":"Die Jazz-Radiowoche vom 25.12. bis 31.12.2017","author":"Huflaikhan","date":"24. Dezember 2017","format":false,"excerpt":"Ein subjektiver Blick in die Jazzwoche 52 im Radio. Unter anderem mit: Snow in Scandinavia, Vokale Schlittenfahrten im Klangbezirk Weihnachten, Ulrike Froleyks, Heinz Sauer & Michael Wollny im Rolf-Liebermann-Studio 2005, Aretha Franklin, Tigran Hamasyan, Das Miles-Davis-Quintett 1967 auf Europatournee, Monk@100, \u201eBevor wir Herrn Br\u00f6tzmann zum Abschuss freigeben ...\u201c, Jay McShann,\u2026","rel":"","context":"In &quot;News&quot;","block_context":{"text":"News","link":"https:\/\/www.jazzzeitung.de\/cms\/thema\/nachrichten\/"},"img":{"alt_text":"Jazz im Radio","src":"https:\/\/i0.wp.com\/www.jazzzeitung.de\/cms\/wp-content\/uploads\/2017\/10\/radio-jazz-neu.jpg?fit=1200%2C900&ssl=1&resize=350%2C200","width":350,"height":200,"srcset":"https:\/\/i0.wp.com\/www.jazzzeitung.de\/cms\/wp-content\/uploads\/2017\/10\/radio-jazz-neu.jpg?fit=1200%2C900&ssl=1&resize=350%2C200 1x, https:\/\/i0.wp.com\/www.jazzzeitung.de\/cms\/wp-content\/uploads\/2017\/10\/radio-jazz-neu.jpg?fit=1200%2C900&ssl=1&resize=525%2C300 1.5x, https:\/\/i0.wp.com\/www.jazzzeitung.de\/cms\/wp-content\/uploads\/2017\/10\/radio-jazz-neu.jpg?fit=1200%2C900&ssl=1&resize=700%2C400 2x, https:\/\/i0.wp.com\/www.jazzzeitung.de\/cms\/wp-content\/uploads\/2017\/10\/radio-jazz-neu.jpg?fit=1200%2C900&ssl=1&resize=1050%2C600 3x"},"classes":[]}],"jetpack_sharing_enabled":true,"_links":{"self":[{"href":"https:\/\/www.jazzzeitung.de\/cms\/wp-json\/wp\/v2\/posts\/18121","targetHints":{"allow":["GET"]}}],"collection":[{"href":"https:\/\/www.jazzzeitung.de\/cms\/wp-json\/wp\/v2\/posts"}],"about":[{"href":"https:\/\/www.jazzzeitung.de\/cms\/wp-json\/wp\/v2\/types\/post"}],"author":[{"embeddable":true,"href":"https:\/\/www.jazzzeitung.de\/cms\/wp-json\/wp\/v2\/users\/18"}],"replies":[{"embeddable":true,"href":"https:\/\/www.jazzzeitung.de\/cms\/wp-json\/wp\/v2\/comments?post=18121"}],"version-history":[{"count":1,"href":"https:\/\/www.jazzzeitung.de\/cms\/wp-json\/wp\/v2\/posts\/18121\/revisions"}],"predecessor-version":[{"id":18137,"href":"https:\/\/www.jazzzeitung.de\/cms\/wp-json\/wp\/v2\/posts\/18121\/revisions\/18137"}],"wp:featuredmedia":[{"embeddable":true,"href":"https:\/\/www.jazzzeitung.de\/cms\/wp-json\/wp\/v2\/media\/18134"}],"wp:attachment":[{"href":"https:\/\/www.jazzzeitung.de\/cms\/wp-json\/wp\/v2\/media?parent=18121"}],"wp:term":[{"taxonomy":"category","embeddable":true,"href":"https:\/\/www.jazzzeitung.de\/cms\/wp-json\/wp\/v2\/categories?post=18121"},{"taxonomy":"post_tag","embeddable":true,"href":"https:\/\/www.jazzzeitung.de\/cms\/wp-json\/wp\/v2\/tags?post=18121"},{"taxonomy":"author","embeddable":true,"href":"https:\/\/www.jazzzeitung.de\/cms\/wp-json\/wp\/v2\/coauthors?post=18121"}],"curies":[{"name":"wp","href":"https:\/\/api.w.org\/{rel}","templated":true}]}}