{"id":18073,"date":"2018-12-11T09:32:32","date_gmt":"2018-12-11T08:32:32","guid":{"rendered":"https:\/\/www.jazzzeitung.de\/cms\/?p=18073"},"modified":"2018-12-11T09:32:32","modified_gmt":"2018-12-11T08:32:32","slug":"enthoben-und-entrueckt-joerg-brinkmann-trio-auf-dem-gelsenkirchener-nordsternturm","status":"publish","type":"post","link":"https:\/\/www.jazzzeitung.de\/cms\/2018\/12\/enthoben-und-entrueckt-joerg-brinkmann-trio-auf-dem-gelsenkirchener-nordsternturm\/","title":{"rendered":"Enthoben und entr\u00fcckt: J\u00f6rg Brinkmann Trio auf dem Gelsenkirchener Nordsternturm"},"content":{"rendered":"<p style=\"margin-bottom: .0001pt;\"><strong>Text und Fotos von Stefan Pieper. Weit reicht der Blick vom Gelsenkirchener Nordsternturm \u00fcber das Ruhrgebiet. Lichter funkeln \u2013 und einige letzte Stahlwerke und Fabriken schicken vereinzelte Feuerst\u00f6\u00dfe in den Nachthimmel. Die m\u00e4chtigen Stahlr\u00e4der im Maschinenhaus, welche einst die Aufz\u00fcge in die Tiefe der Sch\u00e4chte entlie\u00dfen, stehen heute still. Das Maschinenhaus ist heute eine spektakul\u00e4re Musikspielst\u00e4tte, welche durch die Konzertreihe \u201eFine Art Jazz\u201c f\u00fcr den Jazz erschlossen wurde \u2013 an diesem Abend f\u00fchlt sich das Trio um den Cellisten J\u00f6rg Brinkmann in einem solchen Umfeld sichtlich wohl.<\/strong><\/p>\n<div class=\"tiled-gallery type-rectangular tiled-gallery-unresized\" data-original-width=\"840\" data-carousel-extra='{&quot;blog_id&quot;:1,&quot;permalink&quot;:&quot;https:\\\/\\\/www.jazzzeitung.de\\\/cms\\\/2018\\\/12\\\/enthoben-und-entrueckt-joerg-brinkmann-trio-auf-dem-gelsenkirchener-nordsternturm\\\/&quot;,&quot;likes_blog_id&quot;:55446655}' itemscope itemtype=\"http:\/\/schema.org\/ImageGallery\" > <div class=\"gallery-row\" style=\"width: 840px; height: 363px;\" data-original-width=\"840\" data-original-height=\"363\" > <div class=\"gallery-group images-1\" style=\"width: 294px; height: 363px;\" data-original-width=\"294\" data-original-height=\"363\" > <div class=\"tiled-gallery-item tiled-gallery-item-large\" itemprop=\"associatedMedia\" itemscope itemtype=\"http:\/\/schema.org\/ImageObject\"> <a href=\"https:\/\/www.jazzzeitung.de\/cms\/2018\/12\/enthoben-und-entrueckt-joerg-brinkmann-trio-auf-dem-gelsenkirchener-nordsternturm\/dsc02367\/\" border=\"0\" itemprop=\"url\"> <meta itemprop=\"width\" content=\"290\"> <meta itemprop=\"height\" content=\"359\"> <img decoding=\"async\" class=\"\" data-attachment-id=\"18074\" data-orig-file=\"https:\/\/www.jazzzeitung.de\/cms\/wp-content\/uploads\/2018\/12\/DSC02367.jpg\" data-orig-size=\"3648,4515\" data-comments-opened=\"1\" data-image-meta=\"{&quot;aperture&quot;:&quot;2.8&quot;,&quot;credit&quot;:&quot;Picasa&quot;,&quot;camera&quot;:&quot;DSC-RX10&quot;,&quot;caption&quot;:&quot;&quot;,&quot;created_timestamp&quot;:&quot;1543440446&quot;,&quot;copyright&quot;:&quot;&quot;,&quot;focal_length&quot;:&quot;25.71&quot;,&quot;iso&quot;:&quot;3200&quot;,&quot;shutter_speed&quot;:&quot;0.016666666666667&quot;,&quot;title&quot;:&quot;&quot;,&quot;orientation&quot;:&quot;0&quot;}\" data-image-title=\"DSC02367\" data-image-description=\"\" data-medium-file=\"https:\/\/i0.wp.com\/www.jazzzeitung.de\/cms\/wp-content\/uploads\/2018\/12\/DSC02367.jpg?fit=242%2C300&#038;ssl=1\" data-large-file=\"https:\/\/i0.wp.com\/www.jazzzeitung.de\/cms\/wp-content\/uploads\/2018\/12\/DSC02367.jpg?fit=485%2C600&#038;ssl=1\" src=\"https:\/\/i0.wp.com\/www.jazzzeitung.de\/cms\/wp-content\/uploads\/2018\/12\/DSC02367.jpg?w=290&#038;h=359&#038;ssl=1\" srcset=\"https:\/\/i0.wp.com\/www.jazzzeitung.de\/cms\/wp-content\/uploads\/2018\/12\/DSC02367.jpg?w=3648&amp;ssl=1 3648w, https:\/\/i0.wp.com\/www.jazzzeitung.de\/cms\/wp-content\/uploads\/2018\/12\/DSC02367.jpg?resize=242%2C300&amp;ssl=1 242w, https:\/\/i0.wp.com\/www.jazzzeitung.de\/cms\/wp-content\/uploads\/2018\/12\/DSC02367.jpg?resize=768%2C951&amp;ssl=1 768w, https:\/\/i0.wp.com\/www.jazzzeitung.de\/cms\/wp-content\/uploads\/2018\/12\/DSC02367.jpg?resize=485%2C600&amp;ssl=1 485w, https:\/\/i0.wp.com\/www.jazzzeitung.de\/cms\/wp-content\/uploads\/2018\/12\/DSC02367.jpg?resize=600%2C743&amp;ssl=1 600w, https:\/\/i0.wp.com\/www.jazzzeitung.de\/cms\/wp-content\/uploads\/2018\/12\/DSC02367.jpg?w=1680&amp;ssl=1 1680w, https:\/\/i0.wp.com\/www.jazzzeitung.de\/cms\/wp-content\/uploads\/2018\/12\/DSC02367.jpg?w=2520&amp;ssl=1 2520w\" width=\"290\" height=\"359\" loading=\"lazy\" data-original-width=\"290\" data-original-height=\"359\" itemprop=\"http:\/\/schema.org\/image\" title=\"DSC02367\" alt=\"DSC02367\" style=\"width: 290px; height: 359px;\" \/> <\/a> <\/div> <\/div> <!-- close group --> <div class=\"gallery-group images-2\" style=\"width: 240px; height: 363px;\" data-original-width=\"240\" data-original-height=\"363\" > <div class=\"tiled-gallery-item tiled-gallery-item-small\" itemprop=\"associatedMedia\" itemscope itemtype=\"http:\/\/schema.org\/ImageObject\"> <a href=\"https:\/\/www.jazzzeitung.de\/cms\/2018\/12\/enthoben-und-entrueckt-joerg-brinkmann-trio-auf-dem-gelsenkirchener-nordsternturm\/dsc02376\/\" border=\"0\" itemprop=\"url\"> <meta itemprop=\"width\" content=\"236\"> <meta itemprop=\"height\" content=\"178\"> <img decoding=\"async\" class=\"\" data-attachment-id=\"18076\" data-orig-file=\"https:\/\/www.jazzzeitung.de\/cms\/wp-content\/uploads\/2018\/12\/DSC02376.jpg\" data-orig-size=\"4864,3648\" data-comments-opened=\"1\" data-image-meta=\"{&quot;aperture&quot;:&quot;2.8&quot;,&quot;credit&quot;:&quot;Picasa&quot;,&quot;camera&quot;:&quot;DSC-RX10&quot;,&quot;caption&quot;:&quot;&quot;,&quot;created_timestamp&quot;:&quot;1543440524&quot;,&quot;copyright&quot;:&quot;&quot;,&quot;focal_length&quot;:&quot;21.48&quot;,&quot;iso&quot;:&quot;3200&quot;,&quot;shutter_speed&quot;:&quot;0.033333333333333&quot;,&quot;title&quot;:&quot;&quot;,&quot;orientation&quot;:&quot;0&quot;}\" data-image-title=\"DSC02376\" data-image-description=\"\" data-medium-file=\"https:\/\/i0.wp.com\/www.jazzzeitung.de\/cms\/wp-content\/uploads\/2018\/12\/DSC02376.jpg?fit=300%2C225&#038;ssl=1\" data-large-file=\"https:\/\/i0.wp.com\/www.jazzzeitung.de\/cms\/wp-content\/uploads\/2018\/12\/DSC02376.jpg?fit=800%2C600&#038;ssl=1\" src=\"https:\/\/i0.wp.com\/www.jazzzeitung.de\/cms\/wp-content\/uploads\/2018\/12\/DSC02376.jpg?w=236&#038;h=178&#038;ssl=1\" srcset=\"https:\/\/i0.wp.com\/www.jazzzeitung.de\/cms\/wp-content\/uploads\/2018\/12\/DSC02376.jpg?w=4864&amp;ssl=1 4864w, https:\/\/i0.wp.com\/www.jazzzeitung.de\/cms\/wp-content\/uploads\/2018\/12\/DSC02376.jpg?resize=300%2C225&amp;ssl=1 300w, https:\/\/i0.wp.com\/www.jazzzeitung.de\/cms\/wp-content\/uploads\/2018\/12\/DSC02376.jpg?resize=768%2C576&amp;ssl=1 768w, https:\/\/i0.wp.com\/www.jazzzeitung.de\/cms\/wp-content\/uploads\/2018\/12\/DSC02376.jpg?resize=800%2C600&amp;ssl=1 800w, https:\/\/i0.wp.com\/www.jazzzeitung.de\/cms\/wp-content\/uploads\/2018\/12\/DSC02376.jpg?resize=600%2C450&amp;ssl=1 600w, https:\/\/i0.wp.com\/www.jazzzeitung.de\/cms\/wp-content\/uploads\/2018\/12\/DSC02376.jpg?w=1680&amp;ssl=1 1680w, https:\/\/i0.wp.com\/www.jazzzeitung.de\/cms\/wp-content\/uploads\/2018\/12\/DSC02376.jpg?w=2520&amp;ssl=1 2520w\" width=\"236\" height=\"178\" loading=\"lazy\" data-original-width=\"236\" data-original-height=\"178\" itemprop=\"http:\/\/schema.org\/image\" title=\"DSC02376\" alt=\"DSC02376\" style=\"width: 236px; height: 178px;\" \/> <\/a> <\/div> <div class=\"tiled-gallery-item tiled-gallery-item-small\" itemprop=\"associatedMedia\" itemscope itemtype=\"http:\/\/schema.org\/ImageObject\"> <a href=\"https:\/\/www.jazzzeitung.de\/cms\/2018\/12\/enthoben-und-entrueckt-joerg-brinkmann-trio-auf-dem-gelsenkirchener-nordsternturm\/dsc02399\/\" border=\"0\" itemprop=\"url\"> <meta itemprop=\"width\" content=\"236\"> <meta itemprop=\"height\" content=\"177\"> <img decoding=\"async\" class=\"\" data-attachment-id=\"18077\" data-orig-file=\"https:\/\/www.jazzzeitung.de\/cms\/wp-content\/uploads\/2018\/12\/DSC02399.jpg\" data-orig-size=\"4864,3648\" data-comments-opened=\"1\" data-image-meta=\"{&quot;aperture&quot;:&quot;2.8&quot;,&quot;credit&quot;:&quot;Picasa&quot;,&quot;camera&quot;:&quot;DSC-RX10&quot;,&quot;caption&quot;:&quot;&quot;,&quot;created_timestamp&quot;:&quot;1543440802&quot;,&quot;copyright&quot;:&quot;&quot;,&quot;focal_length&quot;:&quot;41.83&quot;,&quot;iso&quot;:&quot;3200&quot;,&quot;shutter_speed&quot;:&quot;0.02&quot;,&quot;title&quot;:&quot;&quot;,&quot;orientation&quot;:&quot;0&quot;}\" data-image-title=\"DSC02399\" data-image-description=\"\" data-medium-file=\"https:\/\/i0.wp.com\/www.jazzzeitung.de\/cms\/wp-content\/uploads\/2018\/12\/DSC02399.jpg?fit=300%2C225&#038;ssl=1\" data-large-file=\"https:\/\/i0.wp.com\/www.jazzzeitung.de\/cms\/wp-content\/uploads\/2018\/12\/DSC02399.jpg?fit=800%2C600&#038;ssl=1\" src=\"https:\/\/i0.wp.com\/www.jazzzeitung.de\/cms\/wp-content\/uploads\/2018\/12\/DSC02399.jpg?w=236&#038;h=177&#038;ssl=1\" srcset=\"https:\/\/i0.wp.com\/www.jazzzeitung.de\/cms\/wp-content\/uploads\/2018\/12\/DSC02399.jpg?w=4864&amp;ssl=1 4864w, https:\/\/i0.wp.com\/www.jazzzeitung.de\/cms\/wp-content\/uploads\/2018\/12\/DSC02399.jpg?resize=300%2C225&amp;ssl=1 300w, https:\/\/i0.wp.com\/www.jazzzeitung.de\/cms\/wp-content\/uploads\/2018\/12\/DSC02399.jpg?resize=768%2C576&amp;ssl=1 768w, https:\/\/i0.wp.com\/www.jazzzeitung.de\/cms\/wp-content\/uploads\/2018\/12\/DSC02399.jpg?resize=800%2C600&amp;ssl=1 800w, https:\/\/i0.wp.com\/www.jazzzeitung.de\/cms\/wp-content\/uploads\/2018\/12\/DSC02399.jpg?resize=600%2C450&amp;ssl=1 600w, https:\/\/i0.wp.com\/www.jazzzeitung.de\/cms\/wp-content\/uploads\/2018\/12\/DSC02399.jpg?w=1680&amp;ssl=1 1680w, https:\/\/i0.wp.com\/www.jazzzeitung.de\/cms\/wp-content\/uploads\/2018\/12\/DSC02399.jpg?w=2520&amp;ssl=1 2520w\" width=\"236\" height=\"177\" loading=\"lazy\" data-original-width=\"236\" data-original-height=\"177\" itemprop=\"http:\/\/schema.org\/image\" title=\"DSC02399\" alt=\"DSC02399\" style=\"width: 236px; height: 177px;\" \/> <\/a> <\/div> <\/div> <!-- close group --> <div class=\"gallery-group images-1\" style=\"width: 306px; height: 363px;\" data-original-width=\"306\" data-original-height=\"363\" > <div class=\"tiled-gallery-item tiled-gallery-item-large\" itemprop=\"associatedMedia\" itemscope itemtype=\"http:\/\/schema.org\/ImageObject\"> <a href=\"https:\/\/www.jazzzeitung.de\/cms\/2018\/12\/enthoben-und-entrueckt-joerg-brinkmann-trio-auf-dem-gelsenkirchener-nordsternturm\/dsc02466\/\" border=\"0\" itemprop=\"url\"> <meta itemprop=\"width\" content=\"302\"> <meta itemprop=\"height\" content=\"359\"> <img decoding=\"async\" class=\"\" data-attachment-id=\"18078\" data-orig-file=\"https:\/\/www.jazzzeitung.de\/cms\/wp-content\/uploads\/2018\/12\/DSC02466.jpg\" data-orig-size=\"3128,3722\" data-comments-opened=\"1\" data-image-meta=\"{&quot;aperture&quot;:&quot;2.8&quot;,&quot;credit&quot;:&quot;Picasa&quot;,&quot;camera&quot;:&quot;DSC-RX10&quot;,&quot;caption&quot;:&quot;&quot;,&quot;created_timestamp&quot;:&quot;1543441277&quot;,&quot;copyright&quot;:&quot;&quot;,&quot;focal_length&quot;:&quot;44.52&quot;,&quot;iso&quot;:&quot;3200&quot;,&quot;shutter_speed&quot;:&quot;0.02&quot;,&quot;title&quot;:&quot;&quot;,&quot;orientation&quot;:&quot;0&quot;}\" data-image-title=\"DSC02466\" data-image-description=\"\" data-medium-file=\"https:\/\/i0.wp.com\/www.jazzzeitung.de\/cms\/wp-content\/uploads\/2018\/12\/DSC02466.jpg?fit=252%2C300&#038;ssl=1\" data-large-file=\"https:\/\/i0.wp.com\/www.jazzzeitung.de\/cms\/wp-content\/uploads\/2018\/12\/DSC02466.jpg?fit=504%2C600&#038;ssl=1\" src=\"https:\/\/i0.wp.com\/www.jazzzeitung.de\/cms\/wp-content\/uploads\/2018\/12\/DSC02466.jpg?w=302&#038;h=359&#038;ssl=1\" srcset=\"https:\/\/i0.wp.com\/www.jazzzeitung.de\/cms\/wp-content\/uploads\/2018\/12\/DSC02466.jpg?w=3128&amp;ssl=1 3128w, https:\/\/i0.wp.com\/www.jazzzeitung.de\/cms\/wp-content\/uploads\/2018\/12\/DSC02466.jpg?resize=252%2C300&amp;ssl=1 252w, https:\/\/i0.wp.com\/www.jazzzeitung.de\/cms\/wp-content\/uploads\/2018\/12\/DSC02466.jpg?resize=768%2C914&amp;ssl=1 768w, https:\/\/i0.wp.com\/www.jazzzeitung.de\/cms\/wp-content\/uploads\/2018\/12\/DSC02466.jpg?resize=504%2C600&amp;ssl=1 504w, https:\/\/i0.wp.com\/www.jazzzeitung.de\/cms\/wp-content\/uploads\/2018\/12\/DSC02466.jpg?resize=600%2C714&amp;ssl=1 600w, https:\/\/i0.wp.com\/www.jazzzeitung.de\/cms\/wp-content\/uploads\/2018\/12\/DSC02466.jpg?w=1680&amp;ssl=1 1680w, https:\/\/i0.wp.com\/www.jazzzeitung.de\/cms\/wp-content\/uploads\/2018\/12\/DSC02466.jpg?w=2520&amp;ssl=1 2520w\" width=\"302\" height=\"359\" loading=\"lazy\" data-original-width=\"302\" data-original-height=\"359\" itemprop=\"http:\/\/schema.org\/image\" title=\"DSC02466\" alt=\"DSC02466\" style=\"width: 302px; height: 359px;\" \/> <\/a> <\/div> <\/div> <!-- close group --> <\/div> <!-- close row --> <div class=\"gallery-row\" style=\"width: 840px; height: 534px;\" data-original-width=\"840\" data-original-height=\"534\" > <div class=\"gallery-group images-1\" style=\"width: 439px; height: 534px;\" data-original-width=\"439\" data-original-height=\"534\" > <div class=\"tiled-gallery-item tiled-gallery-item-large\" itemprop=\"associatedMedia\" itemscope itemtype=\"http:\/\/schema.org\/ImageObject\"> <a href=\"https:\/\/www.jazzzeitung.de\/cms\/2018\/12\/enthoben-und-entrueckt-joerg-brinkmann-trio-auf-dem-gelsenkirchener-nordsternturm\/dsc02479\/\" border=\"0\" itemprop=\"url\"> <meta itemprop=\"width\" content=\"435\"> <meta itemprop=\"height\" content=\"530\"> <img decoding=\"async\" class=\"\" data-attachment-id=\"18079\" data-orig-file=\"https:\/\/www.jazzzeitung.de\/cms\/wp-content\/uploads\/2018\/12\/DSC02479.jpg\" data-orig-size=\"3518,4290\" data-comments-opened=\"1\" data-image-meta=\"{&quot;aperture&quot;:&quot;2.8&quot;,&quot;credit&quot;:&quot;Picasa&quot;,&quot;camera&quot;:&quot;DSC-RX10&quot;,&quot;caption&quot;:&quot;&quot;,&quot;created_timestamp&quot;:&quot;1543441300&quot;,&quot;copyright&quot;:&quot;&quot;,&quot;focal_length&quot;:&quot;44.52&quot;,&quot;iso&quot;:&quot;3200&quot;,&quot;shutter_speed&quot;:&quot;0.01&quot;,&quot;title&quot;:&quot;&quot;,&quot;orientation&quot;:&quot;0&quot;}\" data-image-title=\"DSC02479\" data-image-description=\"\" data-medium-file=\"https:\/\/i0.wp.com\/www.jazzzeitung.de\/cms\/wp-content\/uploads\/2018\/12\/DSC02479.jpg?fit=246%2C300&#038;ssl=1\" data-large-file=\"https:\/\/i0.wp.com\/www.jazzzeitung.de\/cms\/wp-content\/uploads\/2018\/12\/DSC02479.jpg?fit=492%2C600&#038;ssl=1\" src=\"https:\/\/i0.wp.com\/www.jazzzeitung.de\/cms\/wp-content\/uploads\/2018\/12\/DSC02479.jpg?w=435&#038;h=530&#038;ssl=1\" srcset=\"https:\/\/i0.wp.com\/www.jazzzeitung.de\/cms\/wp-content\/uploads\/2018\/12\/DSC02479.jpg?w=3518&amp;ssl=1 3518w, https:\/\/i0.wp.com\/www.jazzzeitung.de\/cms\/wp-content\/uploads\/2018\/12\/DSC02479.jpg?resize=246%2C300&amp;ssl=1 246w, https:\/\/i0.wp.com\/www.jazzzeitung.de\/cms\/wp-content\/uploads\/2018\/12\/DSC02479.jpg?resize=768%2C937&amp;ssl=1 768w, https:\/\/i0.wp.com\/www.jazzzeitung.de\/cms\/wp-content\/uploads\/2018\/12\/DSC02479.jpg?resize=492%2C600&amp;ssl=1 492w, https:\/\/i0.wp.com\/www.jazzzeitung.de\/cms\/wp-content\/uploads\/2018\/12\/DSC02479.jpg?resize=600%2C732&amp;ssl=1 600w, https:\/\/i0.wp.com\/www.jazzzeitung.de\/cms\/wp-content\/uploads\/2018\/12\/DSC02479.jpg?w=1680&amp;ssl=1 1680w, https:\/\/i0.wp.com\/www.jazzzeitung.de\/cms\/wp-content\/uploads\/2018\/12\/DSC02479.jpg?w=2520&amp;ssl=1 2520w\" width=\"435\" height=\"530\" loading=\"lazy\" data-original-width=\"435\" data-original-height=\"530\" itemprop=\"http:\/\/schema.org\/image\" title=\"DSC02479\" alt=\"DSC02479\" style=\"width: 435px; height: 530px;\" \/> <\/a> <\/div> <\/div> <!-- close group --> <div class=\"gallery-group images-1\" style=\"width: 401px; height: 534px;\" data-original-width=\"401\" data-original-height=\"534\" > <div class=\"tiled-gallery-item tiled-gallery-item-large\" itemprop=\"associatedMedia\" itemscope itemtype=\"http:\/\/schema.org\/ImageObject\"> <a href=\"https:\/\/www.jazzzeitung.de\/cms\/2018\/12\/enthoben-und-entrueckt-joerg-brinkmann-trio-auf-dem-gelsenkirchener-nordsternturm\/dsc02488\/\" border=\"0\" itemprop=\"url\"> <meta itemprop=\"width\" content=\"397\"> <meta itemprop=\"height\" content=\"530\"> <img decoding=\"async\" class=\"\" data-attachment-id=\"18080\" data-orig-file=\"https:\/\/www.jazzzeitung.de\/cms\/wp-content\/uploads\/2018\/12\/DSC02488.jpg\" data-orig-size=\"3648,4864\" data-comments-opened=\"1\" data-image-meta=\"{&quot;aperture&quot;:&quot;2.8&quot;,&quot;credit&quot;:&quot;Picasa&quot;,&quot;camera&quot;:&quot;DSC-RX10&quot;,&quot;caption&quot;:&quot;&quot;,&quot;created_timestamp&quot;:&quot;1543441312&quot;,&quot;copyright&quot;:&quot;&quot;,&quot;focal_length&quot;:&quot;44.52&quot;,&quot;iso&quot;:&quot;3200&quot;,&quot;shutter_speed&quot;:&quot;0.008&quot;,&quot;title&quot;:&quot;&quot;,&quot;orientation&quot;:&quot;0&quot;}\" data-image-title=\"DSC02488\" data-image-description=\"\" data-medium-file=\"https:\/\/i0.wp.com\/www.jazzzeitung.de\/cms\/wp-content\/uploads\/2018\/12\/DSC02488.jpg?fit=225%2C300&#038;ssl=1\" data-large-file=\"https:\/\/i0.wp.com\/www.jazzzeitung.de\/cms\/wp-content\/uploads\/2018\/12\/DSC02488.jpg?fit=450%2C600&#038;ssl=1\" src=\"https:\/\/i0.wp.com\/www.jazzzeitung.de\/cms\/wp-content\/uploads\/2018\/12\/DSC02488.jpg?w=397&#038;h=530&#038;ssl=1\" srcset=\"https:\/\/i0.wp.com\/www.jazzzeitung.de\/cms\/wp-content\/uploads\/2018\/12\/DSC02488.jpg?w=3648&amp;ssl=1 3648w, https:\/\/i0.wp.com\/www.jazzzeitung.de\/cms\/wp-content\/uploads\/2018\/12\/DSC02488.jpg?resize=225%2C300&amp;ssl=1 225w, https:\/\/i0.wp.com\/www.jazzzeitung.de\/cms\/wp-content\/uploads\/2018\/12\/DSC02488.jpg?resize=768%2C1024&amp;ssl=1 768w, https:\/\/i0.wp.com\/www.jazzzeitung.de\/cms\/wp-content\/uploads\/2018\/12\/DSC02488.jpg?resize=450%2C600&amp;ssl=1 450w, https:\/\/i0.wp.com\/www.jazzzeitung.de\/cms\/wp-content\/uploads\/2018\/12\/DSC02488.jpg?resize=600%2C800&amp;ssl=1 600w, https:\/\/i0.wp.com\/www.jazzzeitung.de\/cms\/wp-content\/uploads\/2018\/12\/DSC02488.jpg?w=1680&amp;ssl=1 1680w, https:\/\/i0.wp.com\/www.jazzzeitung.de\/cms\/wp-content\/uploads\/2018\/12\/DSC02488.jpg?w=2520&amp;ssl=1 2520w\" width=\"397\" height=\"530\" loading=\"lazy\" data-original-width=\"397\" data-original-height=\"530\" itemprop=\"http:\/\/schema.org\/image\" title=\"DSC02488\" alt=\"DSC02488\" style=\"width: 397px; height: 530px;\" \/> <\/a> <\/div> <\/div> <!-- close group --> <\/div> <!-- close row --> <div class=\"gallery-row\" style=\"width: 840px; height: 421px;\" data-original-width=\"840\" data-original-height=\"421\" > <div class=\"gallery-group images-1\" style=\"width: 560px; height: 421px;\" data-original-width=\"560\" data-original-height=\"421\" > <div class=\"tiled-gallery-item tiled-gallery-item-large\" itemprop=\"associatedMedia\" itemscope itemtype=\"http:\/\/schema.org\/ImageObject\"> <a href=\"https:\/\/www.jazzzeitung.de\/cms\/2018\/12\/enthoben-und-entrueckt-joerg-brinkmann-trio-auf-dem-gelsenkirchener-nordsternturm\/dsc02513\/\" border=\"0\" itemprop=\"url\"> <meta itemprop=\"width\" content=\"556\"> <meta itemprop=\"height\" content=\"417\"> <img decoding=\"async\" class=\"\" data-attachment-id=\"18083\" data-orig-file=\"https:\/\/www.jazzzeitung.de\/cms\/wp-content\/uploads\/2018\/12\/DSC02513.jpg\" data-orig-size=\"4864,3648\" data-comments-opened=\"1\" data-image-meta=\"{&quot;aperture&quot;:&quot;2.8&quot;,&quot;credit&quot;:&quot;Picasa&quot;,&quot;camera&quot;:&quot;DSC-RX10&quot;,&quot;caption&quot;:&quot;&quot;,&quot;created_timestamp&quot;:&quot;1543441842&quot;,&quot;copyright&quot;:&quot;&quot;,&quot;focal_length&quot;:&quot;8.8&quot;,&quot;iso&quot;:&quot;640&quot;,&quot;shutter_speed&quot;:&quot;0.033333333333333&quot;,&quot;title&quot;:&quot;&quot;,&quot;orientation&quot;:&quot;0&quot;}\" data-image-title=\"DSC02513\" data-image-description=\"\" data-medium-file=\"https:\/\/i0.wp.com\/www.jazzzeitung.de\/cms\/wp-content\/uploads\/2018\/12\/DSC02513.jpg?fit=300%2C225&#038;ssl=1\" data-large-file=\"https:\/\/i0.wp.com\/www.jazzzeitung.de\/cms\/wp-content\/uploads\/2018\/12\/DSC02513.jpg?fit=800%2C600&#038;ssl=1\" src=\"https:\/\/i0.wp.com\/www.jazzzeitung.de\/cms\/wp-content\/uploads\/2018\/12\/DSC02513.jpg?w=556&#038;h=417&#038;ssl=1\" srcset=\"https:\/\/i0.wp.com\/www.jazzzeitung.de\/cms\/wp-content\/uploads\/2018\/12\/DSC02513.jpg?w=4864&amp;ssl=1 4864w, https:\/\/i0.wp.com\/www.jazzzeitung.de\/cms\/wp-content\/uploads\/2018\/12\/DSC02513.jpg?resize=300%2C225&amp;ssl=1 300w, https:\/\/i0.wp.com\/www.jazzzeitung.de\/cms\/wp-content\/uploads\/2018\/12\/DSC02513.jpg?resize=768%2C576&amp;ssl=1 768w, https:\/\/i0.wp.com\/www.jazzzeitung.de\/cms\/wp-content\/uploads\/2018\/12\/DSC02513.jpg?resize=800%2C600&amp;ssl=1 800w, https:\/\/i0.wp.com\/www.jazzzeitung.de\/cms\/wp-content\/uploads\/2018\/12\/DSC02513.jpg?resize=600%2C450&amp;ssl=1 600w, https:\/\/i0.wp.com\/www.jazzzeitung.de\/cms\/wp-content\/uploads\/2018\/12\/DSC02513.jpg?w=1680&amp;ssl=1 1680w, https:\/\/i0.wp.com\/www.jazzzeitung.de\/cms\/wp-content\/uploads\/2018\/12\/DSC02513.jpg?w=2520&amp;ssl=1 2520w\" width=\"556\" height=\"417\" loading=\"lazy\" data-original-width=\"556\" data-original-height=\"417\" itemprop=\"http:\/\/schema.org\/image\" title=\"DSC02513\" alt=\"DSC02513\" style=\"width: 556px; height: 417px;\" \/> <\/a> <\/div> <\/div> <!-- close group --> <div class=\"gallery-group images-2\" style=\"width: 280px; height: 421px;\" data-original-width=\"280\" data-original-height=\"421\" > <div class=\"tiled-gallery-item tiled-gallery-item-large\" itemprop=\"associatedMedia\" itemscope itemtype=\"http:\/\/schema.org\/ImageObject\"> <a href=\"https:\/\/www.jazzzeitung.de\/cms\/2018\/12\/enthoben-und-entrueckt-joerg-brinkmann-trio-auf-dem-gelsenkirchener-nordsternturm\/dsc02514\/\" border=\"0\" itemprop=\"url\"> <meta itemprop=\"width\" content=\"276\"> <meta itemprop=\"height\" content=\"207\"> <img decoding=\"async\" class=\"\" data-attachment-id=\"18084\" data-orig-file=\"https:\/\/www.jazzzeitung.de\/cms\/wp-content\/uploads\/2018\/12\/DSC02514.jpg\" data-orig-size=\"4864,3648\" data-comments-opened=\"1\" data-image-meta=\"{&quot;aperture&quot;:&quot;2.8&quot;,&quot;credit&quot;:&quot;Picasa&quot;,&quot;camera&quot;:&quot;DSC-RX10&quot;,&quot;caption&quot;:&quot;&quot;,&quot;created_timestamp&quot;:&quot;1543441859&quot;,&quot;copyright&quot;:&quot;&quot;,&quot;focal_length&quot;:&quot;8.8&quot;,&quot;iso&quot;:&quot;3200&quot;,&quot;shutter_speed&quot;:&quot;0.04&quot;,&quot;title&quot;:&quot;&quot;,&quot;orientation&quot;:&quot;0&quot;}\" data-image-title=\"DSC02514\" data-image-description=\"\" data-medium-file=\"https:\/\/i0.wp.com\/www.jazzzeitung.de\/cms\/wp-content\/uploads\/2018\/12\/DSC02514.jpg?fit=300%2C225&#038;ssl=1\" data-large-file=\"https:\/\/i0.wp.com\/www.jazzzeitung.de\/cms\/wp-content\/uploads\/2018\/12\/DSC02514.jpg?fit=800%2C600&#038;ssl=1\" src=\"https:\/\/i0.wp.com\/www.jazzzeitung.de\/cms\/wp-content\/uploads\/2018\/12\/DSC02514.jpg?w=276&#038;h=207&#038;ssl=1\" srcset=\"https:\/\/i0.wp.com\/www.jazzzeitung.de\/cms\/wp-content\/uploads\/2018\/12\/DSC02514.jpg?w=4864&amp;ssl=1 4864w, https:\/\/i0.wp.com\/www.jazzzeitung.de\/cms\/wp-content\/uploads\/2018\/12\/DSC02514.jpg?resize=300%2C225&amp;ssl=1 300w, https:\/\/i0.wp.com\/www.jazzzeitung.de\/cms\/wp-content\/uploads\/2018\/12\/DSC02514.jpg?resize=768%2C576&amp;ssl=1 768w, https:\/\/i0.wp.com\/www.jazzzeitung.de\/cms\/wp-content\/uploads\/2018\/12\/DSC02514.jpg?resize=800%2C600&amp;ssl=1 800w, https:\/\/i0.wp.com\/www.jazzzeitung.de\/cms\/wp-content\/uploads\/2018\/12\/DSC02514.jpg?resize=600%2C450&amp;ssl=1 600w, https:\/\/i0.wp.com\/www.jazzzeitung.de\/cms\/wp-content\/uploads\/2018\/12\/DSC02514.jpg?w=1680&amp;ssl=1 1680w, https:\/\/i0.wp.com\/www.jazzzeitung.de\/cms\/wp-content\/uploads\/2018\/12\/DSC02514.jpg?w=2520&amp;ssl=1 2520w\" width=\"276\" height=\"207\" loading=\"lazy\" data-original-width=\"276\" data-original-height=\"207\" itemprop=\"http:\/\/schema.org\/image\" title=\"DSC02514\" alt=\"DSC02514\" style=\"width: 276px; height: 207px;\" \/> <\/a> <\/div> <div class=\"tiled-gallery-item tiled-gallery-item-large\" itemprop=\"associatedMedia\" itemscope itemtype=\"http:\/\/schema.org\/ImageObject\"> <a href=\"https:\/\/www.jazzzeitung.de\/cms\/2018\/12\/enthoben-und-entrueckt-joerg-brinkmann-trio-auf-dem-gelsenkirchener-nordsternturm\/dsc02520\/\" border=\"0\" itemprop=\"url\"> <meta itemprop=\"width\" content=\"276\"> <meta itemprop=\"height\" content=\"206\"> <img decoding=\"async\" class=\"\" data-attachment-id=\"18085\" data-orig-file=\"https:\/\/www.jazzzeitung.de\/cms\/wp-content\/uploads\/2018\/12\/DSC02520.jpg\" data-orig-size=\"4864,3648\" data-comments-opened=\"1\" data-image-meta=\"{&quot;aperture&quot;:&quot;2.8&quot;,&quot;credit&quot;:&quot;Picasa&quot;,&quot;camera&quot;:&quot;DSC-RX10&quot;,&quot;caption&quot;:&quot;&quot;,&quot;created_timestamp&quot;:&quot;1543443729&quot;,&quot;copyright&quot;:&quot;&quot;,&quot;focal_length&quot;:&quot;8.8&quot;,&quot;iso&quot;:&quot;3200&quot;,&quot;shutter_speed&quot;:&quot;0.25&quot;,&quot;title&quot;:&quot;&quot;,&quot;orientation&quot;:&quot;0&quot;}\" data-image-title=\"DSC02520\" data-image-description=\"\" data-medium-file=\"https:\/\/i0.wp.com\/www.jazzzeitung.de\/cms\/wp-content\/uploads\/2018\/12\/DSC02520.jpg?fit=300%2C225&#038;ssl=1\" data-large-file=\"https:\/\/i0.wp.com\/www.jazzzeitung.de\/cms\/wp-content\/uploads\/2018\/12\/DSC02520.jpg?fit=800%2C600&#038;ssl=1\" src=\"https:\/\/i0.wp.com\/www.jazzzeitung.de\/cms\/wp-content\/uploads\/2018\/12\/DSC02520.jpg?w=276&#038;h=206&#038;ssl=1\" srcset=\"https:\/\/i0.wp.com\/www.jazzzeitung.de\/cms\/wp-content\/uploads\/2018\/12\/DSC02520.jpg?w=4864&amp;ssl=1 4864w, https:\/\/i0.wp.com\/www.jazzzeitung.de\/cms\/wp-content\/uploads\/2018\/12\/DSC02520.jpg?resize=300%2C225&amp;ssl=1 300w, https:\/\/i0.wp.com\/www.jazzzeitung.de\/cms\/wp-content\/uploads\/2018\/12\/DSC02520.jpg?resize=768%2C576&amp;ssl=1 768w, https:\/\/i0.wp.com\/www.jazzzeitung.de\/cms\/wp-content\/uploads\/2018\/12\/DSC02520.jpg?resize=800%2C600&amp;ssl=1 800w, https:\/\/i0.wp.com\/www.jazzzeitung.de\/cms\/wp-content\/uploads\/2018\/12\/DSC02520.jpg?resize=600%2C450&amp;ssl=1 600w, https:\/\/i0.wp.com\/www.jazzzeitung.de\/cms\/wp-content\/uploads\/2018\/12\/DSC02520.jpg?w=1680&amp;ssl=1 1680w, https:\/\/i0.wp.com\/www.jazzzeitung.de\/cms\/wp-content\/uploads\/2018\/12\/DSC02520.jpg?w=2520&amp;ssl=1 2520w\" width=\"276\" height=\"206\" loading=\"lazy\" data-original-width=\"276\" data-original-height=\"206\" itemprop=\"http:\/\/schema.org\/image\" title=\"DSC02520\" alt=\"DSC02520\" style=\"width: 276px; height: 206px;\" \/> <\/a> <\/div> <\/div> <!-- close group --> <\/div> <!-- close row --> <div class=\"gallery-row\" style=\"width: 840px; height: 211px;\" data-original-width=\"840\" data-original-height=\"211\" > <div class=\"gallery-group images-1\" style=\"width: 280px; height: 211px;\" data-original-width=\"280\" data-original-height=\"211\" > <div class=\"tiled-gallery-item tiled-gallery-item-large\" itemprop=\"associatedMedia\" itemscope itemtype=\"http:\/\/schema.org\/ImageObject\"> <a href=\"https:\/\/www.jazzzeitung.de\/cms\/2018\/12\/enthoben-und-entrueckt-joerg-brinkmann-trio-auf-dem-gelsenkirchener-nordsternturm\/dsc02530\/\" border=\"0\" itemprop=\"url\"> <meta itemprop=\"width\" content=\"276\"> <meta itemprop=\"height\" content=\"207\"> <img decoding=\"async\" class=\"\" data-attachment-id=\"18086\" data-orig-file=\"https:\/\/www.jazzzeitung.de\/cms\/wp-content\/uploads\/2018\/12\/DSC02530.jpg\" data-orig-size=\"4864,3648\" data-comments-opened=\"1\" data-image-meta=\"{&quot;aperture&quot;:&quot;2.8&quot;,&quot;credit&quot;:&quot;Picasa&quot;,&quot;camera&quot;:&quot;DSC-RX10&quot;,&quot;caption&quot;:&quot;&quot;,&quot;created_timestamp&quot;:&quot;1543444089&quot;,&quot;copyright&quot;:&quot;&quot;,&quot;focal_length&quot;:&quot;8.8&quot;,&quot;iso&quot;:&quot;200&quot;,&quot;shutter_speed&quot;:&quot;0.033333333333333&quot;,&quot;title&quot;:&quot;&quot;,&quot;orientation&quot;:&quot;0&quot;}\" data-image-title=\"DSC02530\" data-image-description=\"\" data-medium-file=\"https:\/\/i0.wp.com\/www.jazzzeitung.de\/cms\/wp-content\/uploads\/2018\/12\/DSC02530.jpg?fit=300%2C225&#038;ssl=1\" data-large-file=\"https:\/\/i0.wp.com\/www.jazzzeitung.de\/cms\/wp-content\/uploads\/2018\/12\/DSC02530.jpg?fit=800%2C600&#038;ssl=1\" src=\"https:\/\/i0.wp.com\/www.jazzzeitung.de\/cms\/wp-content\/uploads\/2018\/12\/DSC02530.jpg?w=276&#038;h=207&#038;ssl=1\" srcset=\"https:\/\/i0.wp.com\/www.jazzzeitung.de\/cms\/wp-content\/uploads\/2018\/12\/DSC02530.jpg?w=4864&amp;ssl=1 4864w, https:\/\/i0.wp.com\/www.jazzzeitung.de\/cms\/wp-content\/uploads\/2018\/12\/DSC02530.jpg?resize=300%2C225&amp;ssl=1 300w, https:\/\/i0.wp.com\/www.jazzzeitung.de\/cms\/wp-content\/uploads\/2018\/12\/DSC02530.jpg?resize=768%2C576&amp;ssl=1 768w, https:\/\/i0.wp.com\/www.jazzzeitung.de\/cms\/wp-content\/uploads\/2018\/12\/DSC02530.jpg?resize=800%2C600&amp;ssl=1 800w, https:\/\/i0.wp.com\/www.jazzzeitung.de\/cms\/wp-content\/uploads\/2018\/12\/DSC02530.jpg?resize=600%2C450&amp;ssl=1 600w, https:\/\/i0.wp.com\/www.jazzzeitung.de\/cms\/wp-content\/uploads\/2018\/12\/DSC02530.jpg?w=1680&amp;ssl=1 1680w, https:\/\/i0.wp.com\/www.jazzzeitung.de\/cms\/wp-content\/uploads\/2018\/12\/DSC02530.jpg?w=2520&amp;ssl=1 2520w\" width=\"276\" height=\"207\" loading=\"lazy\" data-original-width=\"276\" data-original-height=\"207\" itemprop=\"http:\/\/schema.org\/image\" title=\"DSC02530\" alt=\"DSC02530\" style=\"width: 276px; height: 207px;\" \/> <\/a> <\/div> <\/div> <!-- close group --> <div class=\"gallery-group images-1\" style=\"width: 280px; height: 211px;\" data-original-width=\"280\" data-original-height=\"211\" > <div class=\"tiled-gallery-item tiled-gallery-item-large\" itemprop=\"associatedMedia\" itemscope itemtype=\"http:\/\/schema.org\/ImageObject\"> <a href=\"https:\/\/www.jazzzeitung.de\/cms\/2018\/12\/enthoben-und-entrueckt-joerg-brinkmann-trio-auf-dem-gelsenkirchener-nordsternturm\/dsc02534\/\" border=\"0\" itemprop=\"url\"> <meta itemprop=\"width\" content=\"276\"> <meta itemprop=\"height\" content=\"207\"> <img decoding=\"async\" class=\"\" data-attachment-id=\"18087\" data-orig-file=\"https:\/\/www.jazzzeitung.de\/cms\/wp-content\/uploads\/2018\/12\/DSC02534.jpg\" data-orig-size=\"4864,3648\" data-comments-opened=\"1\" data-image-meta=\"{&quot;aperture&quot;:&quot;2.8&quot;,&quot;credit&quot;:&quot;Picasa&quot;,&quot;camera&quot;:&quot;DSC-RX10&quot;,&quot;caption&quot;:&quot;&quot;,&quot;created_timestamp&quot;:&quot;1543444349&quot;,&quot;copyright&quot;:&quot;&quot;,&quot;focal_length&quot;:&quot;9.67&quot;,&quot;iso&quot;:&quot;2500&quot;,&quot;shutter_speed&quot;:&quot;0.033333333333333&quot;,&quot;title&quot;:&quot;&quot;,&quot;orientation&quot;:&quot;0&quot;}\" data-image-title=\"DSC02534\" data-image-description=\"\" data-medium-file=\"https:\/\/i0.wp.com\/www.jazzzeitung.de\/cms\/wp-content\/uploads\/2018\/12\/DSC02534.jpg?fit=300%2C225&#038;ssl=1\" data-large-file=\"https:\/\/i0.wp.com\/www.jazzzeitung.de\/cms\/wp-content\/uploads\/2018\/12\/DSC02534.jpg?fit=800%2C600&#038;ssl=1\" src=\"https:\/\/i0.wp.com\/www.jazzzeitung.de\/cms\/wp-content\/uploads\/2018\/12\/DSC02534.jpg?w=276&#038;h=207&#038;ssl=1\" srcset=\"https:\/\/i0.wp.com\/www.jazzzeitung.de\/cms\/wp-content\/uploads\/2018\/12\/DSC02534.jpg?w=4864&amp;ssl=1 4864w, https:\/\/i0.wp.com\/www.jazzzeitung.de\/cms\/wp-content\/uploads\/2018\/12\/DSC02534.jpg?resize=300%2C225&amp;ssl=1 300w, https:\/\/i0.wp.com\/www.jazzzeitung.de\/cms\/wp-content\/uploads\/2018\/12\/DSC02534.jpg?resize=768%2C576&amp;ssl=1 768w, https:\/\/i0.wp.com\/www.jazzzeitung.de\/cms\/wp-content\/uploads\/2018\/12\/DSC02534.jpg?resize=800%2C600&amp;ssl=1 800w, https:\/\/i0.wp.com\/www.jazzzeitung.de\/cms\/wp-content\/uploads\/2018\/12\/DSC02534.jpg?resize=600%2C450&amp;ssl=1 600w, https:\/\/i0.wp.com\/www.jazzzeitung.de\/cms\/wp-content\/uploads\/2018\/12\/DSC02534.jpg?w=1680&amp;ssl=1 1680w, https:\/\/i0.wp.com\/www.jazzzeitung.de\/cms\/wp-content\/uploads\/2018\/12\/DSC02534.jpg?w=2520&amp;ssl=1 2520w\" width=\"276\" height=\"207\" loading=\"lazy\" data-original-width=\"276\" data-original-height=\"207\" itemprop=\"http:\/\/schema.org\/image\" title=\"DSC02534\" alt=\"DSC02534\" style=\"width: 276px; height: 207px;\" \/> <\/a> <\/div> <\/div> <!-- close group --> <div class=\"gallery-group images-1\" style=\"width: 280px; height: 211px;\" data-original-width=\"280\" data-original-height=\"211\" > <div class=\"tiled-gallery-item tiled-gallery-item-large\" itemprop=\"associatedMedia\" itemscope itemtype=\"http:\/\/schema.org\/ImageObject\"> <a href=\"https:\/\/www.jazzzeitung.de\/cms\/2018\/12\/enthoben-und-entrueckt-joerg-brinkmann-trio-auf-dem-gelsenkirchener-nordsternturm\/dsc02538\/\" border=\"0\" itemprop=\"url\"> <meta itemprop=\"width\" content=\"276\"> <meta itemprop=\"height\" content=\"207\"> <img decoding=\"async\" class=\"\" data-attachment-id=\"18088\" data-orig-file=\"https:\/\/www.jazzzeitung.de\/cms\/wp-content\/uploads\/2018\/12\/DSC02538.jpg\" data-orig-size=\"4864,3648\" data-comments-opened=\"1\" data-image-meta=\"{&quot;aperture&quot;:&quot;2.8&quot;,&quot;credit&quot;:&quot;Picasa&quot;,&quot;camera&quot;:&quot;DSC-RX10&quot;,&quot;caption&quot;:&quot;&quot;,&quot;created_timestamp&quot;:&quot;1543444601&quot;,&quot;copyright&quot;:&quot;&quot;,&quot;focal_length&quot;:&quot;20.19&quot;,&quot;iso&quot;:&quot;2500&quot;,&quot;shutter_speed&quot;:&quot;0.016666666666667&quot;,&quot;title&quot;:&quot;&quot;,&quot;orientation&quot;:&quot;0&quot;}\" data-image-title=\"DSC02538\" data-image-description=\"\" data-medium-file=\"https:\/\/i0.wp.com\/www.jazzzeitung.de\/cms\/wp-content\/uploads\/2018\/12\/DSC02538.jpg?fit=300%2C225&#038;ssl=1\" data-large-file=\"https:\/\/i0.wp.com\/www.jazzzeitung.de\/cms\/wp-content\/uploads\/2018\/12\/DSC02538.jpg?fit=800%2C600&#038;ssl=1\" src=\"https:\/\/i0.wp.com\/www.jazzzeitung.de\/cms\/wp-content\/uploads\/2018\/12\/DSC02538.jpg?w=276&#038;h=207&#038;ssl=1\" srcset=\"https:\/\/i0.wp.com\/www.jazzzeitung.de\/cms\/wp-content\/uploads\/2018\/12\/DSC02538.jpg?w=4864&amp;ssl=1 4864w, https:\/\/i0.wp.com\/www.jazzzeitung.de\/cms\/wp-content\/uploads\/2018\/12\/DSC02538.jpg?resize=300%2C225&amp;ssl=1 300w, https:\/\/i0.wp.com\/www.jazzzeitung.de\/cms\/wp-content\/uploads\/2018\/12\/DSC02538.jpg?resize=768%2C576&amp;ssl=1 768w, https:\/\/i0.wp.com\/www.jazzzeitung.de\/cms\/wp-content\/uploads\/2018\/12\/DSC02538.jpg?resize=800%2C600&amp;ssl=1 800w, https:\/\/i0.wp.com\/www.jazzzeitung.de\/cms\/wp-content\/uploads\/2018\/12\/DSC02538.jpg?resize=600%2C450&amp;ssl=1 600w, https:\/\/i0.wp.com\/www.jazzzeitung.de\/cms\/wp-content\/uploads\/2018\/12\/DSC02538.jpg?w=1680&amp;ssl=1 1680w, https:\/\/i0.wp.com\/www.jazzzeitung.de\/cms\/wp-content\/uploads\/2018\/12\/DSC02538.jpg?w=2520&amp;ssl=1 2520w\" width=\"276\" height=\"207\" loading=\"lazy\" data-original-width=\"276\" data-original-height=\"207\" itemprop=\"http:\/\/schema.org\/image\" title=\"DSC02538\" alt=\"DSC02538\" style=\"width: 276px; height: 207px;\" \/> <\/a> <\/div> <\/div> <!-- close group --> <\/div> <!-- close row --> <div class=\"gallery-row\" style=\"width: 840px; height: 403px;\" data-original-width=\"840\" data-original-height=\"403\" > <div class=\"gallery-group images-1\" style=\"width: 536px; height: 403px;\" data-original-width=\"536\" data-original-height=\"403\" > <div class=\"tiled-gallery-item tiled-gallery-item-large\" itemprop=\"associatedMedia\" itemscope itemtype=\"http:\/\/schema.org\/ImageObject\"> <a href=\"https:\/\/www.jazzzeitung.de\/cms\/2018\/12\/enthoben-und-entrueckt-joerg-brinkmann-trio-auf-dem-gelsenkirchener-nordsternturm\/dsc02542\/\" border=\"0\" itemprop=\"url\"> <meta itemprop=\"width\" content=\"532\"> <meta itemprop=\"height\" content=\"399\"> <img decoding=\"async\" class=\"\" data-attachment-id=\"18089\" data-orig-file=\"https:\/\/www.jazzzeitung.de\/cms\/wp-content\/uploads\/2018\/12\/DSC02542.jpg\" data-orig-size=\"4864,3648\" data-comments-opened=\"1\" data-image-meta=\"{&quot;aperture&quot;:&quot;2.8&quot;,&quot;credit&quot;:&quot;Picasa&quot;,&quot;camera&quot;:&quot;DSC-RX10&quot;,&quot;caption&quot;:&quot;&quot;,&quot;created_timestamp&quot;:&quot;1543444720&quot;,&quot;copyright&quot;:&quot;&quot;,&quot;focal_length&quot;:&quot;63.03&quot;,&quot;iso&quot;:&quot;800&quot;,&quot;shutter_speed&quot;:&quot;0.005&quot;,&quot;title&quot;:&quot;&quot;,&quot;orientation&quot;:&quot;0&quot;}\" data-image-title=\"DSC02542\" data-image-description=\"\" data-medium-file=\"https:\/\/i0.wp.com\/www.jazzzeitung.de\/cms\/wp-content\/uploads\/2018\/12\/DSC02542.jpg?fit=300%2C225&#038;ssl=1\" data-large-file=\"https:\/\/i0.wp.com\/www.jazzzeitung.de\/cms\/wp-content\/uploads\/2018\/12\/DSC02542.jpg?fit=800%2C600&#038;ssl=1\" src=\"https:\/\/i0.wp.com\/www.jazzzeitung.de\/cms\/wp-content\/uploads\/2018\/12\/DSC02542.jpg?w=532&#038;h=399&#038;ssl=1\" srcset=\"https:\/\/i0.wp.com\/www.jazzzeitung.de\/cms\/wp-content\/uploads\/2018\/12\/DSC02542.jpg?w=4864&amp;ssl=1 4864w, https:\/\/i0.wp.com\/www.jazzzeitung.de\/cms\/wp-content\/uploads\/2018\/12\/DSC02542.jpg?resize=300%2C225&amp;ssl=1 300w, https:\/\/i0.wp.com\/www.jazzzeitung.de\/cms\/wp-content\/uploads\/2018\/12\/DSC02542.jpg?resize=768%2C576&amp;ssl=1 768w, https:\/\/i0.wp.com\/www.jazzzeitung.de\/cms\/wp-content\/uploads\/2018\/12\/DSC02542.jpg?resize=800%2C600&amp;ssl=1 800w, https:\/\/i0.wp.com\/www.jazzzeitung.de\/cms\/wp-content\/uploads\/2018\/12\/DSC02542.jpg?resize=600%2C450&amp;ssl=1 600w, https:\/\/i0.wp.com\/www.jazzzeitung.de\/cms\/wp-content\/uploads\/2018\/12\/DSC02542.jpg?w=1680&amp;ssl=1 1680w, https:\/\/i0.wp.com\/www.jazzzeitung.de\/cms\/wp-content\/uploads\/2018\/12\/DSC02542.jpg?w=2520&amp;ssl=1 2520w\" width=\"532\" height=\"399\" loading=\"lazy\" data-original-width=\"532\" data-original-height=\"399\" itemprop=\"http:\/\/schema.org\/image\" title=\"DSC02542\" alt=\"DSC02542\" style=\"width: 532px; height: 399px;\" \/> <\/a> <\/div> <\/div> <!-- close group --> <div class=\"gallery-group images-1\" style=\"width: 304px; height: 403px;\" data-original-width=\"304\" data-original-height=\"403\" > <div class=\"tiled-gallery-item tiled-gallery-item-large\" itemprop=\"associatedMedia\" itemscope itemtype=\"http:\/\/schema.org\/ImageObject\"> <a href=\"https:\/\/www.jazzzeitung.de\/cms\/2018\/12\/enthoben-und-entrueckt-joerg-brinkmann-trio-auf-dem-gelsenkirchener-nordsternturm\/dsc02553\/\" border=\"0\" itemprop=\"url\"> <meta itemprop=\"width\" content=\"300\"> <meta itemprop=\"height\" content=\"399\"> <img decoding=\"async\" class=\"\" data-attachment-id=\"18090\" data-orig-file=\"https:\/\/www.jazzzeitung.de\/cms\/wp-content\/uploads\/2018\/12\/DSC02553.jpg\" data-orig-size=\"3648,4864\" data-comments-opened=\"1\" data-image-meta=\"{&quot;aperture&quot;:&quot;2.8&quot;,&quot;credit&quot;:&quot;Picasa&quot;,&quot;camera&quot;:&quot;DSC-RX10&quot;,&quot;caption&quot;:&quot;&quot;,&quot;created_timestamp&quot;:&quot;1543444868&quot;,&quot;copyright&quot;:&quot;&quot;,&quot;focal_length&quot;:&quot;73.3&quot;,&quot;iso&quot;:&quot;3200&quot;,&quot;shutter_speed&quot;:&quot;0.004&quot;,&quot;title&quot;:&quot;&quot;,&quot;orientation&quot;:&quot;0&quot;}\" data-image-title=\"DSC02553\" data-image-description=\"\" data-medium-file=\"https:\/\/i0.wp.com\/www.jazzzeitung.de\/cms\/wp-content\/uploads\/2018\/12\/DSC02553.jpg?fit=225%2C300&#038;ssl=1\" data-large-file=\"https:\/\/i0.wp.com\/www.jazzzeitung.de\/cms\/wp-content\/uploads\/2018\/12\/DSC02553.jpg?fit=450%2C600&#038;ssl=1\" src=\"https:\/\/i0.wp.com\/www.jazzzeitung.de\/cms\/wp-content\/uploads\/2018\/12\/DSC02553.jpg?w=300&#038;h=399&#038;ssl=1\" srcset=\"https:\/\/i0.wp.com\/www.jazzzeitung.de\/cms\/wp-content\/uploads\/2018\/12\/DSC02553.jpg?w=3648&amp;ssl=1 3648w, https:\/\/i0.wp.com\/www.jazzzeitung.de\/cms\/wp-content\/uploads\/2018\/12\/DSC02553.jpg?resize=225%2C300&amp;ssl=1 225w, https:\/\/i0.wp.com\/www.jazzzeitung.de\/cms\/wp-content\/uploads\/2018\/12\/DSC02553.jpg?resize=768%2C1024&amp;ssl=1 768w, https:\/\/i0.wp.com\/www.jazzzeitung.de\/cms\/wp-content\/uploads\/2018\/12\/DSC02553.jpg?resize=450%2C600&amp;ssl=1 450w, https:\/\/i0.wp.com\/www.jazzzeitung.de\/cms\/wp-content\/uploads\/2018\/12\/DSC02553.jpg?resize=600%2C800&amp;ssl=1 600w, https:\/\/i0.wp.com\/www.jazzzeitung.de\/cms\/wp-content\/uploads\/2018\/12\/DSC02553.jpg?w=1680&amp;ssl=1 1680w, https:\/\/i0.wp.com\/www.jazzzeitung.de\/cms\/wp-content\/uploads\/2018\/12\/DSC02553.jpg?w=2520&amp;ssl=1 2520w\" width=\"300\" height=\"399\" loading=\"lazy\" data-original-width=\"300\" data-original-height=\"399\" itemprop=\"http:\/\/schema.org\/image\" title=\"DSC02553\" alt=\"DSC02553\" style=\"width: 300px; height: 399px;\" \/> <\/a> <\/div> <\/div> <!-- close group --> <\/div> <!-- close row --> <div class=\"gallery-row\" style=\"width: 840px; height: 559px;\" data-original-width=\"840\" data-original-height=\"559\" > <div class=\"gallery-group images-1\" style=\"width: 420px; height: 559px;\" data-original-width=\"420\" data-original-height=\"559\" > <div class=\"tiled-gallery-item tiled-gallery-item-large\" itemprop=\"associatedMedia\" itemscope itemtype=\"http:\/\/schema.org\/ImageObject\"> <a href=\"https:\/\/www.jazzzeitung.de\/cms\/2018\/12\/enthoben-und-entrueckt-joerg-brinkmann-trio-auf-dem-gelsenkirchener-nordsternturm\/dsc02561\/\" border=\"0\" itemprop=\"url\"> <meta itemprop=\"width\" content=\"416\"> <meta itemprop=\"height\" content=\"555\"> <img decoding=\"async\" class=\"\" data-attachment-id=\"18092\" data-orig-file=\"https:\/\/www.jazzzeitung.de\/cms\/wp-content\/uploads\/2018\/12\/DSC02561.jpg\" data-orig-size=\"3648,4864\" data-comments-opened=\"1\" data-image-meta=\"{&quot;aperture&quot;:&quot;2.8&quot;,&quot;credit&quot;:&quot;Picasa&quot;,&quot;camera&quot;:&quot;DSC-RX10&quot;,&quot;caption&quot;:&quot;&quot;,&quot;created_timestamp&quot;:&quot;1543444878&quot;,&quot;copyright&quot;:&quot;&quot;,&quot;focal_length&quot;:&quot;73.3&quot;,&quot;iso&quot;:&quot;3200&quot;,&quot;shutter_speed&quot;:&quot;0.005&quot;,&quot;title&quot;:&quot;&quot;,&quot;orientation&quot;:&quot;0&quot;}\" data-image-title=\"DSC02561\" data-image-description=\"\" data-medium-file=\"https:\/\/i0.wp.com\/www.jazzzeitung.de\/cms\/wp-content\/uploads\/2018\/12\/DSC02561.jpg?fit=225%2C300&#038;ssl=1\" data-large-file=\"https:\/\/i0.wp.com\/www.jazzzeitung.de\/cms\/wp-content\/uploads\/2018\/12\/DSC02561.jpg?fit=450%2C600&#038;ssl=1\" src=\"https:\/\/i0.wp.com\/www.jazzzeitung.de\/cms\/wp-content\/uploads\/2018\/12\/DSC02561.jpg?w=416&#038;h=555&#038;ssl=1\" srcset=\"https:\/\/i0.wp.com\/www.jazzzeitung.de\/cms\/wp-content\/uploads\/2018\/12\/DSC02561.jpg?w=3648&amp;ssl=1 3648w, https:\/\/i0.wp.com\/www.jazzzeitung.de\/cms\/wp-content\/uploads\/2018\/12\/DSC02561.jpg?resize=225%2C300&amp;ssl=1 225w, https:\/\/i0.wp.com\/www.jazzzeitung.de\/cms\/wp-content\/uploads\/2018\/12\/DSC02561.jpg?resize=768%2C1024&amp;ssl=1 768w, https:\/\/i0.wp.com\/www.jazzzeitung.de\/cms\/wp-content\/uploads\/2018\/12\/DSC02561.jpg?resize=450%2C600&amp;ssl=1 450w, https:\/\/i0.wp.com\/www.jazzzeitung.de\/cms\/wp-content\/uploads\/2018\/12\/DSC02561.jpg?resize=600%2C800&amp;ssl=1 600w, https:\/\/i0.wp.com\/www.jazzzeitung.de\/cms\/wp-content\/uploads\/2018\/12\/DSC02561.jpg?w=1680&amp;ssl=1 1680w, https:\/\/i0.wp.com\/www.jazzzeitung.de\/cms\/wp-content\/uploads\/2018\/12\/DSC02561.jpg?w=2520&amp;ssl=1 2520w\" width=\"416\" height=\"555\" loading=\"lazy\" data-original-width=\"416\" data-original-height=\"555\" itemprop=\"http:\/\/schema.org\/image\" title=\"DSC02561\" alt=\"DSC02561\" style=\"width: 416px; height: 555px;\" \/> <\/a> <\/div> <\/div> <!-- close group --> <div class=\"gallery-group images-1\" style=\"width: 420px; height: 559px;\" data-original-width=\"420\" data-original-height=\"559\" > <div class=\"tiled-gallery-item tiled-gallery-item-large\" itemprop=\"associatedMedia\" itemscope itemtype=\"http:\/\/schema.org\/ImageObject\"> <a href=\"https:\/\/www.jazzzeitung.de\/cms\/2018\/12\/enthoben-und-entrueckt-joerg-brinkmann-trio-auf-dem-gelsenkirchener-nordsternturm\/dsc02566\/\" border=\"0\" itemprop=\"url\"> <meta itemprop=\"width\" content=\"416\"> <meta itemprop=\"height\" content=\"555\"> <img decoding=\"async\" class=\"\" data-attachment-id=\"18093\" data-orig-file=\"https:\/\/www.jazzzeitung.de\/cms\/wp-content\/uploads\/2018\/12\/DSC02566.jpg\" data-orig-size=\"3648,4864\" data-comments-opened=\"1\" data-image-meta=\"{&quot;aperture&quot;:&quot;2.8&quot;,&quot;credit&quot;:&quot;Picasa&quot;,&quot;camera&quot;:&quot;DSC-RX10&quot;,&quot;caption&quot;:&quot;&quot;,&quot;created_timestamp&quot;:&quot;1543444885&quot;,&quot;copyright&quot;:&quot;&quot;,&quot;focal_length&quot;:&quot;73.3&quot;,&quot;iso&quot;:&quot;3200&quot;,&quot;shutter_speed&quot;:&quot;0.005&quot;,&quot;title&quot;:&quot;&quot;,&quot;orientation&quot;:&quot;0&quot;}\" data-image-title=\"DSC02566\" data-image-description=\"\" data-medium-file=\"https:\/\/i0.wp.com\/www.jazzzeitung.de\/cms\/wp-content\/uploads\/2018\/12\/DSC02566.jpg?fit=225%2C300&#038;ssl=1\" data-large-file=\"https:\/\/i0.wp.com\/www.jazzzeitung.de\/cms\/wp-content\/uploads\/2018\/12\/DSC02566.jpg?fit=450%2C600&#038;ssl=1\" src=\"https:\/\/i0.wp.com\/www.jazzzeitung.de\/cms\/wp-content\/uploads\/2018\/12\/DSC02566.jpg?w=416&#038;h=555&#038;ssl=1\" srcset=\"https:\/\/i0.wp.com\/www.jazzzeitung.de\/cms\/wp-content\/uploads\/2018\/12\/DSC02566.jpg?w=3648&amp;ssl=1 3648w, https:\/\/i0.wp.com\/www.jazzzeitung.de\/cms\/wp-content\/uploads\/2018\/12\/DSC02566.jpg?resize=225%2C300&amp;ssl=1 225w, https:\/\/i0.wp.com\/www.jazzzeitung.de\/cms\/wp-content\/uploads\/2018\/12\/DSC02566.jpg?resize=768%2C1024&amp;ssl=1 768w, https:\/\/i0.wp.com\/www.jazzzeitung.de\/cms\/wp-content\/uploads\/2018\/12\/DSC02566.jpg?resize=450%2C600&amp;ssl=1 450w, https:\/\/i0.wp.com\/www.jazzzeitung.de\/cms\/wp-content\/uploads\/2018\/12\/DSC02566.jpg?resize=600%2C800&amp;ssl=1 600w, https:\/\/i0.wp.com\/www.jazzzeitung.de\/cms\/wp-content\/uploads\/2018\/12\/DSC02566.jpg?w=1680&amp;ssl=1 1680w, https:\/\/i0.wp.com\/www.jazzzeitung.de\/cms\/wp-content\/uploads\/2018\/12\/DSC02566.jpg?w=2520&amp;ssl=1 2520w\" width=\"416\" height=\"555\" loading=\"lazy\" data-original-width=\"416\" data-original-height=\"555\" itemprop=\"http:\/\/schema.org\/image\" title=\"DSC02566\" alt=\"DSC02566\" style=\"width: 416px; height: 555px;\" \/> <\/a> <\/div> <\/div> <!-- close group --> <\/div> <!-- close row --> <div class=\"gallery-row\" style=\"width: 840px; height: 907px;\" data-original-width=\"840\" data-original-height=\"907\" > <div class=\"gallery-group images-1\" style=\"width: 840px; height: 907px;\" data-original-width=\"840\" data-original-height=\"907\" > <div class=\"tiled-gallery-item tiled-gallery-item-large\" itemprop=\"associatedMedia\" itemscope itemtype=\"http:\/\/schema.org\/ImageObject\"> <a href=\"https:\/\/www.jazzzeitung.de\/cms\/2018\/12\/enthoben-und-entrueckt-joerg-brinkmann-trio-auf-dem-gelsenkirchener-nordsternturm\/dsc02576\/\" border=\"0\" itemprop=\"url\"> <meta itemprop=\"width\" content=\"836\"> <meta itemprop=\"height\" content=\"903\"> <img decoding=\"async\" class=\"\" data-attachment-id=\"18097\" data-orig-file=\"https:\/\/www.jazzzeitung.de\/cms\/wp-content\/uploads\/2018\/12\/DSC02576.jpg\" data-orig-size=\"3496,3776\" data-comments-opened=\"1\" data-image-meta=\"{&quot;aperture&quot;:&quot;2.8&quot;,&quot;credit&quot;:&quot;Picasa&quot;,&quot;camera&quot;:&quot;DSC-RX10&quot;,&quot;caption&quot;:&quot;&quot;,&quot;created_timestamp&quot;:&quot;1543444903&quot;,&quot;copyright&quot;:&quot;&quot;,&quot;focal_length&quot;:&quot;73.3&quot;,&quot;iso&quot;:&quot;3200&quot;,&quot;shutter_speed&quot;:&quot;0.00625&quot;,&quot;title&quot;:&quot;&quot;,&quot;orientation&quot;:&quot;0&quot;}\" data-image-title=\"DSC02576\" data-image-description=\"\" data-medium-file=\"https:\/\/i0.wp.com\/www.jazzzeitung.de\/cms\/wp-content\/uploads\/2018\/12\/DSC02576.jpg?fit=278%2C300&#038;ssl=1\" data-large-file=\"https:\/\/i0.wp.com\/www.jazzzeitung.de\/cms\/wp-content\/uploads\/2018\/12\/DSC02576.jpg?fit=556%2C600&#038;ssl=1\" src=\"https:\/\/i0.wp.com\/www.jazzzeitung.de\/cms\/wp-content\/uploads\/2018\/12\/DSC02576.jpg?w=836&#038;h=903&#038;ssl=1\" srcset=\"https:\/\/i0.wp.com\/www.jazzzeitung.de\/cms\/wp-content\/uploads\/2018\/12\/DSC02576.jpg?w=3496&amp;ssl=1 3496w, https:\/\/i0.wp.com\/www.jazzzeitung.de\/cms\/wp-content\/uploads\/2018\/12\/DSC02576.jpg?resize=278%2C300&amp;ssl=1 278w, https:\/\/i0.wp.com\/www.jazzzeitung.de\/cms\/wp-content\/uploads\/2018\/12\/DSC02576.jpg?resize=768%2C830&amp;ssl=1 768w, https:\/\/i0.wp.com\/www.jazzzeitung.de\/cms\/wp-content\/uploads\/2018\/12\/DSC02576.jpg?resize=556%2C600&amp;ssl=1 556w, https:\/\/i0.wp.com\/www.jazzzeitung.de\/cms\/wp-content\/uploads\/2018\/12\/DSC02576.jpg?resize=600%2C648&amp;ssl=1 600w, https:\/\/i0.wp.com\/www.jazzzeitung.de\/cms\/wp-content\/uploads\/2018\/12\/DSC02576.jpg?w=1680&amp;ssl=1 1680w, https:\/\/i0.wp.com\/www.jazzzeitung.de\/cms\/wp-content\/uploads\/2018\/12\/DSC02576.jpg?w=2520&amp;ssl=1 2520w\" width=\"836\" height=\"903\" loading=\"lazy\" data-original-width=\"836\" data-original-height=\"903\" itemprop=\"http:\/\/schema.org\/image\" title=\"DSC02576\" alt=\"DSC02576\" style=\"width: 836px; height: 903px;\" \/> <\/a> <\/div> <\/div> <!-- close group --> <\/div> <!-- close row --> <\/div>\n<p style=\"margin-bottom: .0001pt;\">Brinkmann, der heute in Bochum lebt, wollte im Alter von 15 Jahren nicht einfach nur die Kompositionen anderer, meist toter Komponisten nachspielen. Infiziert von Rock und Blues begann er, \u00fcber harmonische Schemata zu improvisieren. Die Initialz\u00fcndung wirkte nachhaltig: Heute spielt er so ganz das, was ihm die eigene innere Stimme sagt &#8211; und das hat ihn zum wohl prominentesten Crossover-Jazz-Cellisten im Lande werden lassen. Er verleugnet seine klassische Pr\u00e4gung dabei in keinem Moment. Sein Ton, den er auf seinem \u00fcber 200 Jahre alten Instrument erzeugt, wirkt m\u00e4chtig geerdet und ber\u00fchrt tief.<\/p>\n<p style=\"margin-bottom: .0001pt;\">Auch und vor allem, wenn Brinkmanns Spiel in seiner aktuellen Triobesetzung wie in einer Symbiose aufgeht: Zu Anfang k\u00f6nnten Brinkmanns feinziselierte Arpeggieen auch einer Bachsuite zur Ehre gereichen. Auf der kleinen B\u00fchne in der gro\u00dfen Maschinenhalle erzeugen sie auf Anhieb ein zartes harmonisches Geflecht, einen gemeinsamen Atem, in den sich die beiden v\u00f6llig gleichberechtigten Mitstreiter geschmeidig einklinken. Vor allem Schlagzeuger Dirk-Peter K\u00f6lsch erweist sich als zart f\u00fchlender Melodiker, allein, wenn er mit zwei B\u00f6gen die Becken streicht, um mit zarten Sinust\u00f6nen das Cellospiel zu \u201ebeantworten\u201c. Und auch Jeroem van Vliet k\u00f6nnte endlos so weitermachen, wie er mit seinen unaufgeregten L\u00e4ufen auf dem Wurlitzer E-Piano vertr\u00e4umte Geschichten erz\u00e4hlt, die nun durch die ehemalige Maschinenhalle fluten, wo die R\u00e4der schon seit vielen Jahrzehnten still stehen. Nicht Geschichte, sondern absolut zeitlos und gegenw\u00e4rtig ist J\u00f6rg Brinkmanns Spielkultur auf dem Cello. Sein Spiel spannt weite, lyrische, oft melancholische und meditative B\u00f6gen. Wie eine ausgebildete Singstimme reizt sein Spiel das Spektrum von tiefer sonorer Tenorlage bis in h\u00f6chste Flagoletts hinein aus. Er dosiert das Vibrato auf den Punkt, kann aber zugleich in betont jazziger Manier die Tonabst\u00e4nde verschleifen und dehnen. Uneitler kann man wohl kaum auf der H\u00f6he der Zeit Musik machen &#8211; und freigeistiger wohl kaum klassisch-romantische Cello-Tugenden in einem heutigen, improvisierten musikalischen Umfeld wirken lassen! Diesem Cellisten und seinen Triopartnern ist auf jeden Fall extrem viel bewusst in diesem Moment. Viele der St\u00fccke erfahren an diesem Abend ihre Deutschland-Premiere. Sie sind melodisch-lyrisch, manchmal auch rockig gef\u00e4rbt. Sie offenbaren weite R\u00e4ume f\u00fcr spannende Soli oder komplexe Kollektivimprovisationen. Besonders ergreifend wirkte eine ruhige, innige Ballade, die vor der Pause erklang: \u201eFarewell\u201c &#8211; hoffentlich nicht f\u00fcr lange! Denn schon jetzt darf man sich auf das neue Album freuen, welches im Sommer erscheint.<\/p>\n","protected":false},"excerpt":{"rendered":"<p>Text und Fotos von Stefan Pieper. Weit reicht der Blick vom Gelsenkirchener Nordsternturm \u00fcber das Ruhrgebiet. Lichter funkeln \u2013 und einige letzte Stahlwerke und Fabriken schicken vereinzelte Feuerst\u00f6\u00dfe in den Nachthimmel. Die m\u00e4chtigen Stahlr\u00e4der im Maschinenhaus, welche einst die Aufz\u00fcge in die Tiefe der Sch\u00e4chte entlie\u00dfen, stehen heute still. Das Maschinenhaus ist heute eine spektakul\u00e4re Musikspielst\u00e4tte, welche durch die Konzertreihe \u201eFine Art Jazz\u201c f\u00fcr den Jazz erschlossen wurde \u2013 an diesem Abend f\u00fchlt sich das Trio um den Cellisten J\u00f6rg Brinkmann in einem solchen Umfeld sichtlich wohl. Brinkmann, der heute in Bochum lebt, wollte im Alter von 15 Jahren nicht einfach nur die Kompositionen anderer, meist toter Komponisten nachspielen. Infiziert von Rock und Blues begann er, \u00fcber harmonische Schemata zu improvisieren. Die Initialz\u00fcndung wirkte nachhaltig: Heute spielt er so ganz das, was ihm die eigene innere Stimme sagt &#8211; und das hat ihn zum wohl prominentesten Crossover-Jazz-Cellisten im Lande werden lassen. Er verleugnet seine klassische Pr\u00e4gung dabei in keinem Moment. Sein Ton, den er auf seinem \u00fcber 200 Jahre alten Instrument erzeugt, wirkt m\u00e4chtig geerdet und ber\u00fchrt tief. Auch und vor allem, wenn Brinkmanns Spiel &hellip;<\/p>\n","protected":false},"author":18,"featured_media":18075,"comment_status":"open","ping_status":"closed","sticky":false,"template":"","format":"standard","meta":{"_jetpack_memberships_contains_paid_content":false,"footnotes":"","jetpack_publicize_message":"","jetpack_publicize_feature_enabled":true,"jetpack_social_post_already_shared":false,"jetpack_social_options":{"image_generator_settings":{"template":"highway","default_image_id":0,"font":"","enabled":false},"version":2}},"categories":[1053,652],"tags":[938,2117,2116,2120,2118,2115,2119,2114],"coauthors":[695],"class_list":["post-18073","post","type-post","status-publish","format-standard","has-post-thumbnail","hentry","category-bericht","category-galerie","tag-crossover","tag-dirk-peter-koelsch","tag-fine-art-jazz","tag-gelsenkirchen","tag-jeroem-van-vliet","tag-joerg-brinkmann","tag-nordsternturm","tag-stefan-piper"],"yoast_head":"<!-- This site is optimized with the Yoast SEO plugin v27.5 - https:\/\/yoast.com\/product\/yoast-seo-wordpress\/ -->\n<title>Enthoben und entr\u00fcckt: J\u00f6rg Brinkmann Trio auf dem Gelsenkirchener Nordsternturm - JazzZeitung<\/title>\n<meta name=\"robots\" content=\"index, follow, max-snippet:-1, max-image-preview:large, max-video-preview:-1\" \/>\n<link rel=\"canonical\" href=\"https:\/\/www.jazzzeitung.de\/cms\/2018\/12\/enthoben-und-entrueckt-joerg-brinkmann-trio-auf-dem-gelsenkirchener-nordsternturm\/\" \/>\n<meta property=\"og:locale\" content=\"de_DE\" \/>\n<meta property=\"og:type\" content=\"article\" \/>\n<meta property=\"og:title\" content=\"Enthoben und entr\u00fcckt: J\u00f6rg Brinkmann Trio auf dem Gelsenkirchener Nordsternturm - JazzZeitung\" \/>\n<meta property=\"og:description\" content=\"Text und Fotos von Stefan Pieper. Weit reicht der Blick vom Gelsenkirchener Nordsternturm \u00fcber das Ruhrgebiet. Lichter funkeln \u2013 und einige letzte Stahlwerke und Fabriken schicken vereinzelte Feuerst\u00f6\u00dfe in den Nachthimmel. Die m\u00e4chtigen Stahlr\u00e4der im Maschinenhaus, welche einst die Aufz\u00fcge in die Tiefe der Sch\u00e4chte entlie\u00dfen, stehen heute still. Das Maschinenhaus ist heute eine spektakul\u00e4re Musikspielst\u00e4tte, welche durch die Konzertreihe \u201eFine Art Jazz\u201c f\u00fcr den Jazz erschlossen wurde \u2013 an diesem Abend f\u00fchlt sich das Trio um den Cellisten J\u00f6rg Brinkmann in einem solchen Umfeld sichtlich wohl. Brinkmann, der heute in Bochum lebt, wollte im Alter von 15 Jahren nicht einfach nur die Kompositionen anderer, meist toter Komponisten nachspielen. Infiziert von Rock und Blues begann er, \u00fcber harmonische Schemata zu improvisieren. Die Initialz\u00fcndung wirkte nachhaltig: Heute spielt er so ganz das, was ihm die eigene innere Stimme sagt &#8211; und das hat ihn zum wohl prominentesten Crossover-Jazz-Cellisten im Lande werden lassen. Er verleugnet seine klassische Pr\u00e4gung dabei in keinem Moment. Sein Ton, den er auf seinem \u00fcber 200 Jahre alten Instrument erzeugt, wirkt m\u00e4chtig geerdet und ber\u00fchrt tief. Auch und vor allem, wenn Brinkmanns Spiel &hellip;\" \/>\n<meta property=\"og:url\" content=\"https:\/\/www.jazzzeitung.de\/cms\/2018\/12\/enthoben-und-entrueckt-joerg-brinkmann-trio-auf-dem-gelsenkirchener-nordsternturm\/\" \/>\n<meta property=\"og:site_name\" content=\"JazzZeitung\" \/>\n<meta property=\"article:publisher\" content=\"https:\/\/www.facebook.com\/JazzZeitung\/\" \/>\n<meta property=\"article:published_time\" content=\"2018-12-11T08:32:32+00:00\" \/>\n<meta property=\"og:image\" content=\"https:\/\/i0.wp.com\/www.jazzzeitung.de\/cms\/wp-content\/uploads\/2018\/12\/DSC02368.jpg?fit=3648%2C4178&ssl=1\" \/>\n\t<meta property=\"og:image:width\" content=\"3648\" \/>\n\t<meta property=\"og:image:height\" content=\"4178\" \/>\n\t<meta property=\"og:image:type\" content=\"image\/jpeg\" \/>\n<meta name=\"author\" content=\"Redaktion JazzZeitung\" \/>\n<script type=\"application\/ld+json\" class=\"yoast-schema-graph\">{\"@context\":\"https:\\\/\\\/schema.org\",\"@graph\":[{\"@type\":\"Article\",\"@id\":\"https:\\\/\\\/www.jazzzeitung.de\\\/cms\\\/2018\\\/12\\\/enthoben-und-entrueckt-joerg-brinkmann-trio-auf-dem-gelsenkirchener-nordsternturm\\\/#article\",\"isPartOf\":{\"@id\":\"https:\\\/\\\/www.jazzzeitung.de\\\/cms\\\/2018\\\/12\\\/enthoben-und-entrueckt-joerg-brinkmann-trio-auf-dem-gelsenkirchener-nordsternturm\\\/\"},\"author\":{\"name\":\"Redaktion JazzZeitung\",\"@id\":\"https:\\\/\\\/www.jazzzeitung.de\\\/cms\\\/#\\\/schema\\\/person\\\/2245b36b9cd1d24cea10f01c031fb92b\"},\"headline\":\"Enthoben und entr\u00fcckt: J\u00f6rg Brinkmann Trio auf dem Gelsenkirchener Nordsternturm\",\"datePublished\":\"2018-12-11T08:32:32+00:00\",\"mainEntityOfPage\":{\"@id\":\"https:\\\/\\\/www.jazzzeitung.de\\\/cms\\\/2018\\\/12\\\/enthoben-und-entrueckt-joerg-brinkmann-trio-auf-dem-gelsenkirchener-nordsternturm\\\/\"},\"wordCount\":515,\"commentCount\":0,\"publisher\":{\"@id\":\"https:\\\/\\\/www.jazzzeitung.de\\\/cms\\\/#organization\"},\"image\":{\"@id\":\"https:\\\/\\\/www.jazzzeitung.de\\\/cms\\\/2018\\\/12\\\/enthoben-und-entrueckt-joerg-brinkmann-trio-auf-dem-gelsenkirchener-nordsternturm\\\/#primaryimage\"},\"thumbnailUrl\":\"https:\\\/\\\/i0.wp.com\\\/www.jazzzeitung.de\\\/cms\\\/wp-content\\\/uploads\\\/2018\\\/12\\\/DSC02368.jpg?fit=3648%2C4178&ssl=1\",\"keywords\":[\"Crossover\",\"Dirk-Peter K\u00f6lsch\",\"Fine Art Jazz\",\"Gelsenkirchen\",\"Jeroem van Vliet\",\"J\u00f6rg Brinkmann\",\"Nordsternturm\",\"Stefan Piper\"],\"articleSection\":[\"Bericht\",\"Galerie\"],\"inLanguage\":\"de\",\"potentialAction\":[{\"@type\":\"CommentAction\",\"name\":\"Comment\",\"target\":[\"https:\\\/\\\/www.jazzzeitung.de\\\/cms\\\/2018\\\/12\\\/enthoben-und-entrueckt-joerg-brinkmann-trio-auf-dem-gelsenkirchener-nordsternturm\\\/#respond\"]}]},{\"@type\":\"WebPage\",\"@id\":\"https:\\\/\\\/www.jazzzeitung.de\\\/cms\\\/2018\\\/12\\\/enthoben-und-entrueckt-joerg-brinkmann-trio-auf-dem-gelsenkirchener-nordsternturm\\\/\",\"url\":\"https:\\\/\\\/www.jazzzeitung.de\\\/cms\\\/2018\\\/12\\\/enthoben-und-entrueckt-joerg-brinkmann-trio-auf-dem-gelsenkirchener-nordsternturm\\\/\",\"name\":\"Enthoben und entr\u00fcckt: J\u00f6rg Brinkmann Trio auf dem Gelsenkirchener Nordsternturm - JazzZeitung\",\"isPartOf\":{\"@id\":\"https:\\\/\\\/www.jazzzeitung.de\\\/cms\\\/#website\"},\"primaryImageOfPage\":{\"@id\":\"https:\\\/\\\/www.jazzzeitung.de\\\/cms\\\/2018\\\/12\\\/enthoben-und-entrueckt-joerg-brinkmann-trio-auf-dem-gelsenkirchener-nordsternturm\\\/#primaryimage\"},\"image\":{\"@id\":\"https:\\\/\\\/www.jazzzeitung.de\\\/cms\\\/2018\\\/12\\\/enthoben-und-entrueckt-joerg-brinkmann-trio-auf-dem-gelsenkirchener-nordsternturm\\\/#primaryimage\"},\"thumbnailUrl\":\"https:\\\/\\\/i0.wp.com\\\/www.jazzzeitung.de\\\/cms\\\/wp-content\\\/uploads\\\/2018\\\/12\\\/DSC02368.jpg?fit=3648%2C4178&ssl=1\",\"datePublished\":\"2018-12-11T08:32:32+00:00\",\"breadcrumb\":{\"@id\":\"https:\\\/\\\/www.jazzzeitung.de\\\/cms\\\/2018\\\/12\\\/enthoben-und-entrueckt-joerg-brinkmann-trio-auf-dem-gelsenkirchener-nordsternturm\\\/#breadcrumb\"},\"inLanguage\":\"de\",\"potentialAction\":[{\"@type\":\"ReadAction\",\"target\":[\"https:\\\/\\\/www.jazzzeitung.de\\\/cms\\\/2018\\\/12\\\/enthoben-und-entrueckt-joerg-brinkmann-trio-auf-dem-gelsenkirchener-nordsternturm\\\/\"]}]},{\"@type\":\"ImageObject\",\"inLanguage\":\"de\",\"@id\":\"https:\\\/\\\/www.jazzzeitung.de\\\/cms\\\/2018\\\/12\\\/enthoben-und-entrueckt-joerg-brinkmann-trio-auf-dem-gelsenkirchener-nordsternturm\\\/#primaryimage\",\"url\":\"https:\\\/\\\/i0.wp.com\\\/www.jazzzeitung.de\\\/cms\\\/wp-content\\\/uploads\\\/2018\\\/12\\\/DSC02368.jpg?fit=3648%2C4178&ssl=1\",\"contentUrl\":\"https:\\\/\\\/i0.wp.com\\\/www.jazzzeitung.de\\\/cms\\\/wp-content\\\/uploads\\\/2018\\\/12\\\/DSC02368.jpg?fit=3648%2C4178&ssl=1\",\"width\":3648,\"height\":4178},{\"@type\":\"BreadcrumbList\",\"@id\":\"https:\\\/\\\/www.jazzzeitung.de\\\/cms\\\/2018\\\/12\\\/enthoben-und-entrueckt-joerg-brinkmann-trio-auf-dem-gelsenkirchener-nordsternturm\\\/#breadcrumb\",\"itemListElement\":[{\"@type\":\"ListItem\",\"position\":1,\"name\":\"Startseite\",\"item\":\"https:\\\/\\\/www.jazzzeitung.de\\\/cms\\\/\"},{\"@type\":\"ListItem\",\"position\":2,\"name\":\"Enthoben und entr\u00fcckt: J\u00f6rg Brinkmann Trio auf dem Gelsenkirchener Nordsternturm\"}]},{\"@type\":\"WebSite\",\"@id\":\"https:\\\/\\\/www.jazzzeitung.de\\\/cms\\\/#website\",\"url\":\"https:\\\/\\\/www.jazzzeitung.de\\\/cms\\\/\",\"name\":\"JazzZeitung\",\"description\":\"Jazz-News und Jazz-Kontroverses\",\"publisher\":{\"@id\":\"https:\\\/\\\/www.jazzzeitung.de\\\/cms\\\/#organization\"},\"potentialAction\":[{\"@type\":\"SearchAction\",\"target\":{\"@type\":\"EntryPoint\",\"urlTemplate\":\"https:\\\/\\\/www.jazzzeitung.de\\\/cms\\\/?s={search_term_string}\"},\"query-input\":{\"@type\":\"PropertyValueSpecification\",\"valueRequired\":true,\"valueName\":\"search_term_string\"}}],\"inLanguage\":\"de\"},{\"@type\":\"Organization\",\"@id\":\"https:\\\/\\\/www.jazzzeitung.de\\\/cms\\\/#organization\",\"name\":\"JazzZeitung online\",\"url\":\"https:\\\/\\\/www.jazzzeitung.de\\\/cms\\\/\",\"logo\":{\"@type\":\"ImageObject\",\"inLanguage\":\"de\",\"@id\":\"https:\\\/\\\/www.jazzzeitung.de\\\/cms\\\/#\\\/schema\\\/logo\\\/image\\\/\",\"url\":\"https:\\\/\\\/i0.wp.com\\\/www.jazzzeitung.de\\\/cms\\\/wp-content\\\/uploads\\\/2015\\\/08\\\/JAZZZEITUNGDE_Logo_Neu.png?fit=499%2C200&ssl=1\",\"contentUrl\":\"https:\\\/\\\/i0.wp.com\\\/www.jazzzeitung.de\\\/cms\\\/wp-content\\\/uploads\\\/2015\\\/08\\\/JAZZZEITUNGDE_Logo_Neu.png?fit=499%2C200&ssl=1\",\"width\":499,\"height\":200,\"caption\":\"JazzZeitung online\"},\"image\":{\"@id\":\"https:\\\/\\\/www.jazzzeitung.de\\\/cms\\\/#\\\/schema\\\/logo\\\/image\\\/\"},\"sameAs\":[\"https:\\\/\\\/www.facebook.com\\\/JazzZeitung\\\/\"]},{\"@type\":\"Person\",\"@id\":\"https:\\\/\\\/www.jazzzeitung.de\\\/cms\\\/#\\\/schema\\\/person\\\/2245b36b9cd1d24cea10f01c031fb92b\",\"name\":\"Redaktion JazzZeitung\",\"image\":{\"@type\":\"ImageObject\",\"inLanguage\":\"de\",\"@id\":\"https:\\\/\\\/i0.wp.com\\\/www.jazzzeitung.de\\\/cms\\\/wp-content\\\/uploads\\\/2015\\\/08\\\/JAZZZEITUNGDE_Logo_Neu.png?resize=96%2C96&ssl=159975dcacb611b5700bd619b5daf0a7a\",\"url\":\"https:\\\/\\\/i0.wp.com\\\/www.jazzzeitung.de\\\/cms\\\/wp-content\\\/uploads\\\/2015\\\/08\\\/JAZZZEITUNGDE_Logo_Neu.png?resize=96%2C96&ssl=1\",\"contentUrl\":\"https:\\\/\\\/i0.wp.com\\\/www.jazzzeitung.de\\\/cms\\\/wp-content\\\/uploads\\\/2015\\\/08\\\/JAZZZEITUNGDE_Logo_Neu.png?resize=96%2C96&ssl=1\",\"caption\":\"Redaktion JazzZeitung\"},\"description\":\"Artikel der Redaktion der JazzZeitung.\",\"sameAs\":[\"http:\\\/\\\/www.jazzzeitung.de\\\/cms\\\/\"],\"url\":\"https:\\\/\\\/www.jazzzeitung.de\\\/cms\\\/author\\\/redaktion\\\/\"}]}<\/script>\n<!-- \/ Yoast SEO plugin. -->","yoast_head_json":{"title":"Enthoben und entr\u00fcckt: J\u00f6rg Brinkmann Trio auf dem Gelsenkirchener Nordsternturm - JazzZeitung","robots":{"index":"index","follow":"follow","max-snippet":"max-snippet:-1","max-image-preview":"max-image-preview:large","max-video-preview":"max-video-preview:-1"},"canonical":"https:\/\/www.jazzzeitung.de\/cms\/2018\/12\/enthoben-und-entrueckt-joerg-brinkmann-trio-auf-dem-gelsenkirchener-nordsternturm\/","og_locale":"de_DE","og_type":"article","og_title":"Enthoben und entr\u00fcckt: J\u00f6rg Brinkmann Trio auf dem Gelsenkirchener Nordsternturm - JazzZeitung","og_description":"Text und Fotos von Stefan Pieper. Weit reicht der Blick vom Gelsenkirchener Nordsternturm \u00fcber das Ruhrgebiet. Lichter funkeln \u2013 und einige letzte Stahlwerke und Fabriken schicken vereinzelte Feuerst\u00f6\u00dfe in den Nachthimmel. Die m\u00e4chtigen Stahlr\u00e4der im Maschinenhaus, welche einst die Aufz\u00fcge in die Tiefe der Sch\u00e4chte entlie\u00dfen, stehen heute still. Das Maschinenhaus ist heute eine spektakul\u00e4re Musikspielst\u00e4tte, welche durch die Konzertreihe \u201eFine Art Jazz\u201c f\u00fcr den Jazz erschlossen wurde \u2013 an diesem Abend f\u00fchlt sich das Trio um den Cellisten J\u00f6rg Brinkmann in einem solchen Umfeld sichtlich wohl. Brinkmann, der heute in Bochum lebt, wollte im Alter von 15 Jahren nicht einfach nur die Kompositionen anderer, meist toter Komponisten nachspielen. Infiziert von Rock und Blues begann er, \u00fcber harmonische Schemata zu improvisieren. Die Initialz\u00fcndung wirkte nachhaltig: Heute spielt er so ganz das, was ihm die eigene innere Stimme sagt &#8211; und das hat ihn zum wohl prominentesten Crossover-Jazz-Cellisten im Lande werden lassen. Er verleugnet seine klassische Pr\u00e4gung dabei in keinem Moment. Sein Ton, den er auf seinem \u00fcber 200 Jahre alten Instrument erzeugt, wirkt m\u00e4chtig geerdet und ber\u00fchrt tief. Auch und vor allem, wenn Brinkmanns Spiel &hellip;","og_url":"https:\/\/www.jazzzeitung.de\/cms\/2018\/12\/enthoben-und-entrueckt-joerg-brinkmann-trio-auf-dem-gelsenkirchener-nordsternturm\/","og_site_name":"JazzZeitung","article_publisher":"https:\/\/www.facebook.com\/JazzZeitung\/","article_published_time":"2018-12-11T08:32:32+00:00","og_image":[{"width":3648,"height":4178,"url":"https:\/\/i0.wp.com\/www.jazzzeitung.de\/cms\/wp-content\/uploads\/2018\/12\/DSC02368.jpg?fit=3648%2C4178&ssl=1","type":"image\/jpeg"}],"author":"Redaktion JazzZeitung","schema":{"@context":"https:\/\/schema.org","@graph":[{"@type":"Article","@id":"https:\/\/www.jazzzeitung.de\/cms\/2018\/12\/enthoben-und-entrueckt-joerg-brinkmann-trio-auf-dem-gelsenkirchener-nordsternturm\/#article","isPartOf":{"@id":"https:\/\/www.jazzzeitung.de\/cms\/2018\/12\/enthoben-und-entrueckt-joerg-brinkmann-trio-auf-dem-gelsenkirchener-nordsternturm\/"},"author":{"name":"Redaktion JazzZeitung","@id":"https:\/\/www.jazzzeitung.de\/cms\/#\/schema\/person\/2245b36b9cd1d24cea10f01c031fb92b"},"headline":"Enthoben und entr\u00fcckt: J\u00f6rg Brinkmann Trio auf dem Gelsenkirchener Nordsternturm","datePublished":"2018-12-11T08:32:32+00:00","mainEntityOfPage":{"@id":"https:\/\/www.jazzzeitung.de\/cms\/2018\/12\/enthoben-und-entrueckt-joerg-brinkmann-trio-auf-dem-gelsenkirchener-nordsternturm\/"},"wordCount":515,"commentCount":0,"publisher":{"@id":"https:\/\/www.jazzzeitung.de\/cms\/#organization"},"image":{"@id":"https:\/\/www.jazzzeitung.de\/cms\/2018\/12\/enthoben-und-entrueckt-joerg-brinkmann-trio-auf-dem-gelsenkirchener-nordsternturm\/#primaryimage"},"thumbnailUrl":"https:\/\/i0.wp.com\/www.jazzzeitung.de\/cms\/wp-content\/uploads\/2018\/12\/DSC02368.jpg?fit=3648%2C4178&ssl=1","keywords":["Crossover","Dirk-Peter K\u00f6lsch","Fine Art Jazz","Gelsenkirchen","Jeroem van Vliet","J\u00f6rg Brinkmann","Nordsternturm","Stefan Piper"],"articleSection":["Bericht","Galerie"],"inLanguage":"de","potentialAction":[{"@type":"CommentAction","name":"Comment","target":["https:\/\/www.jazzzeitung.de\/cms\/2018\/12\/enthoben-und-entrueckt-joerg-brinkmann-trio-auf-dem-gelsenkirchener-nordsternturm\/#respond"]}]},{"@type":"WebPage","@id":"https:\/\/www.jazzzeitung.de\/cms\/2018\/12\/enthoben-und-entrueckt-joerg-brinkmann-trio-auf-dem-gelsenkirchener-nordsternturm\/","url":"https:\/\/www.jazzzeitung.de\/cms\/2018\/12\/enthoben-und-entrueckt-joerg-brinkmann-trio-auf-dem-gelsenkirchener-nordsternturm\/","name":"Enthoben und entr\u00fcckt: J\u00f6rg Brinkmann Trio auf dem Gelsenkirchener Nordsternturm - JazzZeitung","isPartOf":{"@id":"https:\/\/www.jazzzeitung.de\/cms\/#website"},"primaryImageOfPage":{"@id":"https:\/\/www.jazzzeitung.de\/cms\/2018\/12\/enthoben-und-entrueckt-joerg-brinkmann-trio-auf-dem-gelsenkirchener-nordsternturm\/#primaryimage"},"image":{"@id":"https:\/\/www.jazzzeitung.de\/cms\/2018\/12\/enthoben-und-entrueckt-joerg-brinkmann-trio-auf-dem-gelsenkirchener-nordsternturm\/#primaryimage"},"thumbnailUrl":"https:\/\/i0.wp.com\/www.jazzzeitung.de\/cms\/wp-content\/uploads\/2018\/12\/DSC02368.jpg?fit=3648%2C4178&ssl=1","datePublished":"2018-12-11T08:32:32+00:00","breadcrumb":{"@id":"https:\/\/www.jazzzeitung.de\/cms\/2018\/12\/enthoben-und-entrueckt-joerg-brinkmann-trio-auf-dem-gelsenkirchener-nordsternturm\/#breadcrumb"},"inLanguage":"de","potentialAction":[{"@type":"ReadAction","target":["https:\/\/www.jazzzeitung.de\/cms\/2018\/12\/enthoben-und-entrueckt-joerg-brinkmann-trio-auf-dem-gelsenkirchener-nordsternturm\/"]}]},{"@type":"ImageObject","inLanguage":"de","@id":"https:\/\/www.jazzzeitung.de\/cms\/2018\/12\/enthoben-und-entrueckt-joerg-brinkmann-trio-auf-dem-gelsenkirchener-nordsternturm\/#primaryimage","url":"https:\/\/i0.wp.com\/www.jazzzeitung.de\/cms\/wp-content\/uploads\/2018\/12\/DSC02368.jpg?fit=3648%2C4178&ssl=1","contentUrl":"https:\/\/i0.wp.com\/www.jazzzeitung.de\/cms\/wp-content\/uploads\/2018\/12\/DSC02368.jpg?fit=3648%2C4178&ssl=1","width":3648,"height":4178},{"@type":"BreadcrumbList","@id":"https:\/\/www.jazzzeitung.de\/cms\/2018\/12\/enthoben-und-entrueckt-joerg-brinkmann-trio-auf-dem-gelsenkirchener-nordsternturm\/#breadcrumb","itemListElement":[{"@type":"ListItem","position":1,"name":"Startseite","item":"https:\/\/www.jazzzeitung.de\/cms\/"},{"@type":"ListItem","position":2,"name":"Enthoben und entr\u00fcckt: J\u00f6rg Brinkmann Trio auf dem Gelsenkirchener Nordsternturm"}]},{"@type":"WebSite","@id":"https:\/\/www.jazzzeitung.de\/cms\/#website","url":"https:\/\/www.jazzzeitung.de\/cms\/","name":"JazzZeitung","description":"Jazz-News und Jazz-Kontroverses","publisher":{"@id":"https:\/\/www.jazzzeitung.de\/cms\/#organization"},"potentialAction":[{"@type":"SearchAction","target":{"@type":"EntryPoint","urlTemplate":"https:\/\/www.jazzzeitung.de\/cms\/?s={search_term_string}"},"query-input":{"@type":"PropertyValueSpecification","valueRequired":true,"valueName":"search_term_string"}}],"inLanguage":"de"},{"@type":"Organization","@id":"https:\/\/www.jazzzeitung.de\/cms\/#organization","name":"JazzZeitung online","url":"https:\/\/www.jazzzeitung.de\/cms\/","logo":{"@type":"ImageObject","inLanguage":"de","@id":"https:\/\/www.jazzzeitung.de\/cms\/#\/schema\/logo\/image\/","url":"https:\/\/i0.wp.com\/www.jazzzeitung.de\/cms\/wp-content\/uploads\/2015\/08\/JAZZZEITUNGDE_Logo_Neu.png?fit=499%2C200&ssl=1","contentUrl":"https:\/\/i0.wp.com\/www.jazzzeitung.de\/cms\/wp-content\/uploads\/2015\/08\/JAZZZEITUNGDE_Logo_Neu.png?fit=499%2C200&ssl=1","width":499,"height":200,"caption":"JazzZeitung online"},"image":{"@id":"https:\/\/www.jazzzeitung.de\/cms\/#\/schema\/logo\/image\/"},"sameAs":["https:\/\/www.facebook.com\/JazzZeitung\/"]},{"@type":"Person","@id":"https:\/\/www.jazzzeitung.de\/cms\/#\/schema\/person\/2245b36b9cd1d24cea10f01c031fb92b","name":"Redaktion JazzZeitung","image":{"@type":"ImageObject","inLanguage":"de","@id":"https:\/\/i0.wp.com\/www.jazzzeitung.de\/cms\/wp-content\/uploads\/2015\/08\/JAZZZEITUNGDE_Logo_Neu.png?resize=96%2C96&ssl=159975dcacb611b5700bd619b5daf0a7a","url":"https:\/\/i0.wp.com\/www.jazzzeitung.de\/cms\/wp-content\/uploads\/2015\/08\/JAZZZEITUNGDE_Logo_Neu.png?resize=96%2C96&ssl=1","contentUrl":"https:\/\/i0.wp.com\/www.jazzzeitung.de\/cms\/wp-content\/uploads\/2015\/08\/JAZZZEITUNGDE_Logo_Neu.png?resize=96%2C96&ssl=1","caption":"Redaktion JazzZeitung"},"description":"Artikel der Redaktion der JazzZeitung.","sameAs":["http:\/\/www.jazzzeitung.de\/cms\/"],"url":"https:\/\/www.jazzzeitung.de\/cms\/author\/redaktion\/"}]}},"wp-worthy-pixel":{"ignored":false,"public":null,"server":null,"url":null},"wp-worthy-type":"normal","jetpack_publicize_connections":[],"cc_featured_image_caption":{"caption_text":"","source_text":"","source_url":""},"jetpack_featured_media_url":"https:\/\/i0.wp.com\/www.jazzzeitung.de\/cms\/wp-content\/uploads\/2018\/12\/DSC02368.jpg?fit=3648%2C4178&ssl=1","jetpack_shortlink":"https:\/\/wp.me\/p3KEcT-4Hv","jetpack-related-posts":[{"id":20365,"url":"https:\/\/www.jazzzeitung.de\/cms\/2019\/08\/25-jahre-blue-note-jazz-initiative-bad-kreuznach-e-v\/","url_meta":{"origin":18073,"position":0},"title":"25 Jahre Blue Note Jazz-Initiative Bad Kreuznach e.V","author":"Redaktion JazzZeitung","date":"13. August 2019","format":false,"excerpt":"Die Jazz-Initiative z\u00e4hlt seit Jahrzehnten mit ihren Open-Air-Konzerten und Konzertreihen \u00a0zu den \u00a0Aktivposten der Bad Kreuznacher Kulturszene. Unter dem Projekt -Titel\u00a0 \u201eJazz in der Stadt\u201c steht die Initiative f\u00fcr\u00a0\u00a0 hochkar\u00e4tige\u00a0 und vielf\u00e4ltige Live-Jazz-Konzerte, die regelm\u00e4\u00dfig in Bad Kreuznach stattfinden.\u00a0 Sie bietet seit dem prim\u00e4r eine Plattform f\u00fcr die aktuelle\u00a0 Jazzszene\u2026","rel":"","context":"In &quot;News&quot;","block_context":{"text":"News","link":"https:\/\/www.jazzzeitung.de\/cms\/thema\/nachrichten\/"},"img":{"alt_text":"","src":"https:\/\/i0.wp.com\/www.jazzzeitung.de\/cms\/wp-content\/uploads\/2019\/08\/KUU2-e1565604043270.jpg?fit=1200%2C813&ssl=1&resize=350%2C200","width":350,"height":200,"srcset":"https:\/\/i0.wp.com\/www.jazzzeitung.de\/cms\/wp-content\/uploads\/2019\/08\/KUU2-e1565604043270.jpg?fit=1200%2C813&ssl=1&resize=350%2C200 1x, https:\/\/i0.wp.com\/www.jazzzeitung.de\/cms\/wp-content\/uploads\/2019\/08\/KUU2-e1565604043270.jpg?fit=1200%2C813&ssl=1&resize=525%2C300 1.5x, https:\/\/i0.wp.com\/www.jazzzeitung.de\/cms\/wp-content\/uploads\/2019\/08\/KUU2-e1565604043270.jpg?fit=1200%2C813&ssl=1&resize=700%2C400 2x, https:\/\/i0.wp.com\/www.jazzzeitung.de\/cms\/wp-content\/uploads\/2019\/08\/KUU2-e1565604043270.jpg?fit=1200%2C813&ssl=1&resize=1050%2C600 3x"},"classes":[]},{"id":30015,"url":"https:\/\/www.jazzzeitung.de\/cms\/2023\/09\/die-zweite-ausgabe-des-jazz-festivals-new-colours-an-geschichtstraechtigen-orten-in-gelsenkirchen\/","url_meta":{"origin":18073,"position":1},"title":"Die zweite Ausgabe des Jazz-Festivals \u201eNew Colours\u201c an geschichtstr\u00e4chtigen Orten in Gelsenkirchen","author":"Redaktion JazzZeitung","date":"12. September 2023","format":false,"excerpt":"Strahlend blauer Himmel \u2013 und alle vier Tage \u00fcber 30 Grad. Da hielt der Produktionsleiter des Festivals, Bernd Zimmermann, in locker-unverbl\u00fcmten B\u00fchnenansagen nicht hinter dem Berg, wie begeistert er \u00fcber jede Besucherin und jeden Besucher bei solch einem Wetter war. Wer kam, konnte heftig schwitzend begl\u00fcckt sein \u00fcber ein vielf\u00e4ltiges\u2026","rel":"","context":"In &quot;Bericht&quot;","block_context":{"text":"Bericht","link":"https:\/\/www.jazzzeitung.de\/cms\/thema\/bericht\/"},"img":{"alt_text":"","src":"https:\/\/i0.wp.com\/www.jazzzeitung.de\/cms\/wp-content\/uploads\/2023\/09\/20230908_204317-scaled.jpg?fit=1200%2C900&ssl=1&resize=350%2C200","width":350,"height":200,"srcset":"https:\/\/i0.wp.com\/www.jazzzeitung.de\/cms\/wp-content\/uploads\/2023\/09\/20230908_204317-scaled.jpg?fit=1200%2C900&ssl=1&resize=350%2C200 1x, https:\/\/i0.wp.com\/www.jazzzeitung.de\/cms\/wp-content\/uploads\/2023\/09\/20230908_204317-scaled.jpg?fit=1200%2C900&ssl=1&resize=525%2C300 1.5x, https:\/\/i0.wp.com\/www.jazzzeitung.de\/cms\/wp-content\/uploads\/2023\/09\/20230908_204317-scaled.jpg?fit=1200%2C900&ssl=1&resize=700%2C400 2x, https:\/\/i0.wp.com\/www.jazzzeitung.de\/cms\/wp-content\/uploads\/2023\/09\/20230908_204317-scaled.jpg?fit=1200%2C900&ssl=1&resize=1050%2C600 3x"},"classes":[]},{"id":28317,"url":"https:\/\/www.jazzzeitung.de\/cms\/2022\/09\/ein-festival-das-ueberzeugt-new-colours-2022-in-gelsenkirchen\/","url_meta":{"origin":18073,"position":2},"title":"Ein Festival, das \u00fcberzeugt: New Colours 2022 in Gelsenkirchen","author":"Redaktion JazzZeitung","date":"15. September 2022","format":false,"excerpt":"\u00a0\u201eLass uns diese R\u00e4ume pflegen!\" appellierte Festivalleiter Bernd Zimmermann an s\u00e4mtliche Anwesenden im stadt.bau.raum zum Auftakt des New Colours Festivals. Sich von Vielfalt anstecken zu lassen lautete die Einladung ans Publikum, zu dem auch viele internationale Medienvertreter geh\u00f6rten. Nicht alles konnte so stattfinden, wie es geplant war. Das lag vor\u2026","rel":"","context":"In &quot;Bericht&quot;","block_context":{"text":"Bericht","link":"https:\/\/www.jazzzeitung.de\/cms\/thema\/bericht\/"},"img":{"alt_text":"","src":"https:\/\/i0.wp.com\/www.jazzzeitung.de\/cms\/wp-content\/uploads\/2022\/09\/Joachin-Khun-41-Kopie.jpg?fit=1200%2C766&ssl=1&resize=350%2C200","width":350,"height":200,"srcset":"https:\/\/i0.wp.com\/www.jazzzeitung.de\/cms\/wp-content\/uploads\/2022\/09\/Joachin-Khun-41-Kopie.jpg?fit=1200%2C766&ssl=1&resize=350%2C200 1x, https:\/\/i0.wp.com\/www.jazzzeitung.de\/cms\/wp-content\/uploads\/2022\/09\/Joachin-Khun-41-Kopie.jpg?fit=1200%2C766&ssl=1&resize=525%2C300 1.5x, https:\/\/i0.wp.com\/www.jazzzeitung.de\/cms\/wp-content\/uploads\/2022\/09\/Joachin-Khun-41-Kopie.jpg?fit=1200%2C766&ssl=1&resize=700%2C400 2x, https:\/\/i0.wp.com\/www.jazzzeitung.de\/cms\/wp-content\/uploads\/2022\/09\/Joachin-Khun-41-Kopie.jpg?fit=1200%2C766&ssl=1&resize=1050%2C600 3x"},"classes":[]},{"id":20406,"url":"https:\/\/www.jazzzeitung.de\/cms\/2019\/08\/peng-festival-2019\/","url_meta":{"origin":18073,"position":3},"title":"PENG Festival 2019","author":"Redaktion JazzZeitung","date":"21. August 2019","format":false,"excerpt":"Frauen Jazzkollektiv PENG veranstaltet viertes PENG Festival im Maschinenhaus Essen und erweitert sein Programm erstmals auf drei Tage. Nach drei erfolgreichen und ausverkauften Festivalausgaben veranstaltet das Jazzkollektiv PENG vom 11. bis 13. Oktober 2019 die vierte Ausgabe des Frauen Jazzfestivals PENG im Maschinenhaus Essen. Erstmals wird das Festival um einen\u2026","rel":"","context":"In &quot;News&quot;","block_context":{"text":"News","link":"https:\/\/www.jazzzeitung.de\/cms\/thema\/nachrichten\/"},"img":{"alt_text":"","src":"https:\/\/i0.wp.com\/www.jazzzeitung.de\/cms\/wp-content\/uploads\/2019\/08\/PENG-Art-2019-c-Christian-Hengst.jpg?fit=1200%2C872&ssl=1&resize=350%2C200","width":350,"height":200,"srcset":"https:\/\/i0.wp.com\/www.jazzzeitung.de\/cms\/wp-content\/uploads\/2019\/08\/PENG-Art-2019-c-Christian-Hengst.jpg?fit=1200%2C872&ssl=1&resize=350%2C200 1x, https:\/\/i0.wp.com\/www.jazzzeitung.de\/cms\/wp-content\/uploads\/2019\/08\/PENG-Art-2019-c-Christian-Hengst.jpg?fit=1200%2C872&ssl=1&resize=525%2C300 1.5x, https:\/\/i0.wp.com\/www.jazzzeitung.de\/cms\/wp-content\/uploads\/2019\/08\/PENG-Art-2019-c-Christian-Hengst.jpg?fit=1200%2C872&ssl=1&resize=700%2C400 2x, https:\/\/i0.wp.com\/www.jazzzeitung.de\/cms\/wp-content\/uploads\/2019\/08\/PENG-Art-2019-c-Christian-Hengst.jpg?fit=1200%2C872&ssl=1&resize=1050%2C600 3x"},"classes":[]},{"id":19908,"url":"https:\/\/www.jazzzeitung.de\/cms\/2019\/06\/ich-will-geschichten-erzaehlen-kadri-voorand-und-mihkel-maelgand-in-gelsenkirchen-und-billerbeck\/","url_meta":{"origin":18073,"position":4},"title":"Ich will Geschichten erz\u00e4hlen \u2013 Kadri Voorand und Mihkel M\u00e4lgand in Gelsenkirchen und Billerbeck","author":"Redaktion JazzZeitung","date":"29. Juni 2019","format":false,"excerpt":"Die estnische S\u00e4ngerin und Pianistin Kadri Voorand war im letzten Jahr eine \u00fcberraschende Neuentdeckung beim Alto Adige Festival, jener vielbeachteten Talentb\u00f6rse f\u00fcr neue spannende Jazzentwicklungen.\u00a0 Zusammen mit ihrem Duopartner, dem Bassisten Mihkel M\u00e4lgand demonstriert sie, dass eine charmante, ja, manchmal fast albern verspielte B\u00fchnenpr\u00e4senz und vor Ideen spr\u00fchender musikalischer Tiefgang\u2026","rel":"","context":"In &quot;Bericht&quot;","block_context":{"text":"Bericht","link":"https:\/\/www.jazzzeitung.de\/cms\/thema\/bericht\/"},"img":{"alt_text":"","src":"https:\/\/i0.wp.com\/www.jazzzeitung.de\/cms\/wp-content\/uploads\/2019\/06\/kadrivoorand4b.jpg?fit=1200%2C900&ssl=1&resize=350%2C200","width":350,"height":200,"srcset":"https:\/\/i0.wp.com\/www.jazzzeitung.de\/cms\/wp-content\/uploads\/2019\/06\/kadrivoorand4b.jpg?fit=1200%2C900&ssl=1&resize=350%2C200 1x, https:\/\/i0.wp.com\/www.jazzzeitung.de\/cms\/wp-content\/uploads\/2019\/06\/kadrivoorand4b.jpg?fit=1200%2C900&ssl=1&resize=525%2C300 1.5x, https:\/\/i0.wp.com\/www.jazzzeitung.de\/cms\/wp-content\/uploads\/2019\/06\/kadrivoorand4b.jpg?fit=1200%2C900&ssl=1&resize=700%2C400 2x, https:\/\/i0.wp.com\/www.jazzzeitung.de\/cms\/wp-content\/uploads\/2019\/06\/kadrivoorand4b.jpg?fit=1200%2C900&ssl=1&resize=1050%2C600 3x"},"classes":[]},{"id":33114,"url":"https:\/\/www.jazzzeitung.de\/cms\/2025\/09\/das-new-colours-festival-als-signal-der-hoffnung\/","url_meta":{"origin":18073,"position":5},"title":"Das New Colours Festival als Signal der Hoffnung","author":"Redaktion JazzZeitung","date":"23. September 2025","format":false,"excerpt":"(Text und Fotos: Stefan Pieper) Zw\u00f6lf Konzerte, vier Tage, zehn au\u00dfergew\u00f6hnliche Spielst\u00e4tten \u2013 und die Gewissheit, dass Jazz auch im vierten Jahr seines Bestehens weit mehr ist als nur Musik: Das New Colours Festival in Gelsenkirchen hat sich als kulturpolitisches Statement etabliert. Susanne Pohlen und Bernd Zimmermann haben sich von\u2026","rel":"","context":"In &quot;Bericht&quot;","block_context":{"text":"Bericht","link":"https:\/\/www.jazzzeitung.de\/cms\/thema\/bericht\/"},"img":{"alt_text":"","src":"https:\/\/i0.wp.com\/www.jazzzeitung.de\/cms\/wp-content\/uploads\/2025\/09\/Annika-Nilles-%40-New-Colours-Festival-scaled.jpg?fit=1200%2C800&ssl=1&resize=350%2C200","width":350,"height":200,"srcset":"https:\/\/i0.wp.com\/www.jazzzeitung.de\/cms\/wp-content\/uploads\/2025\/09\/Annika-Nilles-%40-New-Colours-Festival-scaled.jpg?fit=1200%2C800&ssl=1&resize=350%2C200 1x, https:\/\/i0.wp.com\/www.jazzzeitung.de\/cms\/wp-content\/uploads\/2025\/09\/Annika-Nilles-%40-New-Colours-Festival-scaled.jpg?fit=1200%2C800&ssl=1&resize=525%2C300 1.5x, https:\/\/i0.wp.com\/www.jazzzeitung.de\/cms\/wp-content\/uploads\/2025\/09\/Annika-Nilles-%40-New-Colours-Festival-scaled.jpg?fit=1200%2C800&ssl=1&resize=700%2C400 2x, https:\/\/i0.wp.com\/www.jazzzeitung.de\/cms\/wp-content\/uploads\/2025\/09\/Annika-Nilles-%40-New-Colours-Festival-scaled.jpg?fit=1200%2C800&ssl=1&resize=1050%2C600 3x"},"classes":[]}],"jetpack_sharing_enabled":true,"_links":{"self":[{"href":"https:\/\/www.jazzzeitung.de\/cms\/wp-json\/wp\/v2\/posts\/18073","targetHints":{"allow":["GET"]}}],"collection":[{"href":"https:\/\/www.jazzzeitung.de\/cms\/wp-json\/wp\/v2\/posts"}],"about":[{"href":"https:\/\/www.jazzzeitung.de\/cms\/wp-json\/wp\/v2\/types\/post"}],"author":[{"embeddable":true,"href":"https:\/\/www.jazzzeitung.de\/cms\/wp-json\/wp\/v2\/users\/18"}],"replies":[{"embeddable":true,"href":"https:\/\/www.jazzzeitung.de\/cms\/wp-json\/wp\/v2\/comments?post=18073"}],"version-history":[{"count":1,"href":"https:\/\/www.jazzzeitung.de\/cms\/wp-json\/wp\/v2\/posts\/18073\/revisions"}],"predecessor-version":[{"id":18098,"href":"https:\/\/www.jazzzeitung.de\/cms\/wp-json\/wp\/v2\/posts\/18073\/revisions\/18098"}],"wp:featuredmedia":[{"embeddable":true,"href":"https:\/\/www.jazzzeitung.de\/cms\/wp-json\/wp\/v2\/media\/18075"}],"wp:attachment":[{"href":"https:\/\/www.jazzzeitung.de\/cms\/wp-json\/wp\/v2\/media?parent=18073"}],"wp:term":[{"taxonomy":"category","embeddable":true,"href":"https:\/\/www.jazzzeitung.de\/cms\/wp-json\/wp\/v2\/categories?post=18073"},{"taxonomy":"post_tag","embeddable":true,"href":"https:\/\/www.jazzzeitung.de\/cms\/wp-json\/wp\/v2\/tags?post=18073"},{"taxonomy":"author","embeddable":true,"href":"https:\/\/www.jazzzeitung.de\/cms\/wp-json\/wp\/v2\/coauthors?post=18073"}],"curies":[{"name":"wp","href":"https:\/\/api.w.org\/{rel}","templated":true}]}}