{"id":18032,"date":"2018-12-07T10:54:05","date_gmt":"2018-12-07T09:54:05","guid":{"rendered":"https:\/\/www.jazzzeitung.de\/cms\/?p=18032"},"modified":"2018-12-04T11:00:06","modified_gmt":"2018-12-04T10:00:06","slug":"cd-tipp-weihnachtlich-swingender-gypsy-groove","status":"publish","type":"post","link":"https:\/\/www.jazzzeitung.de\/cms\/2018\/12\/cd-tipp-weihnachtlich-swingender-gypsy-groove\/","title":{"rendered":"CD-Tipp: Weihnachtlich swingender Gypsy-Groove"},"content":{"rendered":"<p><strong>\u00a0Mic Oechsners Grappelissimo: <\/strong><strong>Gipsy Christmas <\/strong><\/p>\n<p><strong>Crack 0069 \/ cracked anegg records\/Galileo Vertrieb<\/strong><\/p>\n<p>Ein bisschen was muss man schon \u00fcbrig haben f\u00fcrs christliche Weihnachten. Sonst k\u00f6nnte der Genuss an der neuen Scheibe des Ex-M\u00fcnchners und Wahl-\u00d6sterreichers Mic Oechsner (violin) vielleicht zu einer zwiesp\u00e4ltigen Angelegenheit geraten. Hat man aber mal seine anti-klerikale und konsumkritische Haltung beiseite gelegt, steht der H\u00f6rfreude an den bekannten und weniger bekannten Weisen und Liedern, die Oechsner f\u00fcr sein Ensemble \u201eGrappellissimo!\u201c reharmonisiert hat, nichts mehr im Weg.<\/p>\n<p>Wie bereits der Name deutlich macht, spielt das Quartett, dem auch Oechsners Sohn Gidon (g) und als Gast der vielseitige Akkordeonspieler Atanas Dinovski angeh\u00f6ren, im Stil des ber\u00fchmten Hot Club de France. Allerdings sp\u00fcrbar vers\u00fc\u00dft mit einem Schuss w\u00fcrziger Balkanglut. Traditionelle Weihnachtslieder aus der alten und der neuen Welt, wie das vergn\u00fcgliche Versprechen \u201eMorgen, Kinder wird\u2019s was geben\u201c, \u00a0erwachen mit dem flotten Tanz auf den Saiten zu neuem Leben und Melodien wie \u201eStille Nacht\u201c oder \u201eEs ist ein Ros entsprungen\u201c klingen in dieser Form ungeh\u00f6rt und lassen abgenudelte Stimmungen auf angenehme Weise neu erscheinen. Dazu gesellen sich amerikanische Klassiker wie \u201eI\u2019ll be home for Christmas\u201c oder \u201eI\u2019m dreaming of a white Christmas\u201c, die wunderbar frech swingen und Laune machen. Dann tragen zudem weniger bekannte Weihnachtsmelodien aus europ\u00e4ischen Nachbarl\u00e4ndern dazu bei, das Album aus der auch im Bereich Jazz nicht geringen F\u00fclle \u00e4hnlicher Alben ein wenig abzuheben. \u201eJul, jul, str\u00e5lande jul\u201c aus Schweden ist ein solches Lied im Dreivierteltakt oder das tschechische \u201eDurch die Berge weht der Wind\u201c. Als \u201eNehmt Abschied, Br\u00fcder\u201c ist das wehm\u00fctige schottische \u201eAuld lang syne\u201c, das auch Charlie Chaplin in seinem ber\u00fchmten Film \u201eGoldrausch\u201c eingesetzt hat, auch bei uns bekannt. \u201eO santissima\u201c (Oh du fr\u00f6hliche), das auf einer sizilianischen Melodie beruht, hat die Band dem B\u00fcrgermeister von Palermo, Leoluca Orlando, gewidmet. Der hat sich als Reaktion auf Innenminister Matteo Salvini mit anderen B\u00fcrgermeistern von Sizilien zusammengeschlossen und erkl\u00e4rt, der Hafen von Palermo stehe f\u00fcr alle Schiffe mit Fl\u00fcchtlingen immer offen. Respekt! Der \u201epseudoweihnachtlichen Kaufhaus-Konsum-Beschallungsebene\u201c, wie Oechsner im Beipackzettel meint, werden die alten Lieder dennoch nicht entrissen. Das zu glauben, w\u00e4re eine Illusion. Swingender Groove und teilweise osteurop\u00e4ische Einf\u00e4rbung allerdings sorgen in dieser Zeit f\u00fcr ein bezauberndes Flair und geben den Melodien eine neue ungewohnte Pluralit\u00e4t. Mit wunderbaren Improvisationen verleihen ihnen die Musiker von \u201eGrappellissiomo!\u201c einen zus\u00e4tzlichen Reiz, lassen sie in neuem Licht erscheinen. Schon das ist eine ganze Menge.<\/p>\n<p>\u00a9 Michael Scheiner<\/p>\n<p><a href=\"https:\/\/i0.wp.com\/www.jazzzeitung.de\/cms\/wp-content\/uploads\/2018\/12\/cd_front_web-300x266-1.jpg?ssl=1\"><img data-recalc-dims=\"1\" loading=\"lazy\" decoding=\"async\" data-attachment-id=\"18033\" data-permalink=\"https:\/\/www.jazzzeitung.de\/cms\/2018\/12\/cd-tipp-weihnachtlich-swingender-gypsy-groove\/cd_front_web-300x266-1\/\" data-orig-file=\"https:\/\/i0.wp.com\/www.jazzzeitung.de\/cms\/wp-content\/uploads\/2018\/12\/cd_front_web-300x266-1.jpg?fit=300%2C266&amp;ssl=1\" data-orig-size=\"300,266\" data-comments-opened=\"1\" data-image-meta=\"{&quot;aperture&quot;:&quot;0&quot;,&quot;credit&quot;:&quot;&quot;,&quot;camera&quot;:&quot;&quot;,&quot;caption&quot;:&quot;&quot;,&quot;created_timestamp&quot;:&quot;0&quot;,&quot;copyright&quot;:&quot;&quot;,&quot;focal_length&quot;:&quot;0&quot;,&quot;iso&quot;:&quot;0&quot;,&quot;shutter_speed&quot;:&quot;0&quot;,&quot;title&quot;:&quot;&quot;,&quot;orientation&quot;:&quot;1&quot;}\" data-image-title=\"cd_front_web-300&amp;#215;266 (1)\" data-image-description=\"\" data-image-caption=\"\" data-large-file=\"https:\/\/i0.wp.com\/www.jazzzeitung.de\/cms\/wp-content\/uploads\/2018\/12\/cd_front_web-300x266-1.jpg?fit=300%2C266&amp;ssl=1\" class=\"alignleft size-medium wp-image-18033\" src=\"https:\/\/i0.wp.com\/www.jazzzeitung.de\/cms\/wp-content\/uploads\/2018\/12\/cd_front_web-300x266-1-300x266.jpg?resize=300%2C266&#038;ssl=1\" alt=\"\" width=\"300\" height=\"266\" \/><\/a><\/p>\n<p><em>Bestellungen: auf den bekannten Plattformen, in Fachgesch\u00e4ften und bei <\/em><a href=\"http:\/\/www.galileomusic.de\/\"><em>www.galileomusic.de<\/em><\/a><\/p>\n<p>&nbsp;<\/p>\n","protected":false},"excerpt":{"rendered":"<p>\u00a0Mic Oechsners Grappelissimo: Gipsy Christmas Crack 0069 \/ cracked anegg records\/Galileo Vertrieb Ein bisschen was muss man schon \u00fcbrig haben f\u00fcrs christliche Weihnachten. Sonst k\u00f6nnte der Genuss an der neuen Scheibe des Ex-M\u00fcnchners und Wahl-\u00d6sterreichers Mic Oechsner (violin) vielleicht zu einer zwiesp\u00e4ltigen Angelegenheit geraten. Hat man aber mal seine anti-klerikale und konsumkritische Haltung beiseite gelegt, steht der H\u00f6rfreude an den bekannten und weniger bekannten Weisen und Liedern, die Oechsner f\u00fcr sein Ensemble \u201eGrappellissimo!\u201c reharmonisiert hat, nichts mehr im Weg. Wie bereits der Name deutlich macht, spielt das Quartett, dem auch Oechsners Sohn Gidon (g) und als Gast der vielseitige Akkordeonspieler Atanas Dinovski angeh\u00f6ren, im Stil des ber\u00fchmten Hot Club de France. Allerdings sp\u00fcrbar vers\u00fc\u00dft mit einem Schuss w\u00fcrziger Balkanglut. Traditionelle Weihnachtslieder aus der alten und der neuen Welt, wie das vergn\u00fcgliche Versprechen \u201eMorgen, Kinder wird\u2019s was geben\u201c, \u00a0erwachen mit dem flotten Tanz auf den Saiten zu neuem Leben und Melodien wie \u201eStille Nacht\u201c oder \u201eEs ist ein Ros entsprungen\u201c klingen in dieser Form ungeh\u00f6rt und lassen abgenudelte Stimmungen auf angenehme Weise neu erscheinen. Dazu gesellen sich amerikanische Klassiker wie \u201eI\u2019ll be home for Christmas\u201c oder &hellip;<\/p>\n","protected":false},"author":18,"featured_media":18034,"comment_status":"open","ping_status":"closed","sticky":false,"template":"","format":"standard","meta":{"_jetpack_memberships_contains_paid_content":false,"footnotes":"","jetpack_publicize_message":"","jetpack_publicize_feature_enabled":true,"jetpack_social_post_already_shared":false,"jetpack_social_options":{"image_generator_settings":{"template":"highway","default_image_id":0,"font":"","enabled":false},"version":2}},"categories":[1152],"tags":[34,109,120,1351,1876,314,2071,387,1965,494,595],"coauthors":[695],"class_list":["post-18032","post","type-post","status-publish","format-standard","has-post-thumbnail","hentry","category-rezension","tag-album","tag-cd","tag-club","tag-film","tag-jazz","tag-kinder","tag-mic-oechsner","tag-michael-scheiner","tag-quartett","tag-schweden","tag-weihnachten"],"yoast_head":"<!-- This site is optimized with the Yoast SEO plugin v27.5 - https:\/\/yoast.com\/product\/yoast-seo-wordpress\/ -->\n<title>CD-Tipp: Weihnachtlich swingender Gypsy-Groove - JazzZeitung<\/title>\n<meta name=\"robots\" content=\"index, follow, max-snippet:-1, max-image-preview:large, max-video-preview:-1\" \/>\n<link rel=\"canonical\" href=\"https:\/\/www.jazzzeitung.de\/cms\/2018\/12\/cd-tipp-weihnachtlich-swingender-gypsy-groove\/\" \/>\n<meta property=\"og:locale\" content=\"de_DE\" \/>\n<meta property=\"og:type\" content=\"article\" \/>\n<meta property=\"og:title\" content=\"CD-Tipp: Weihnachtlich swingender Gypsy-Groove - JazzZeitung\" \/>\n<meta property=\"og:description\" content=\"\u00a0Mic Oechsners Grappelissimo: Gipsy Christmas Crack 0069 \/ cracked anegg records\/Galileo Vertrieb Ein bisschen was muss man schon \u00fcbrig haben f\u00fcrs christliche Weihnachten. Sonst k\u00f6nnte der Genuss an der neuen Scheibe des Ex-M\u00fcnchners und Wahl-\u00d6sterreichers Mic Oechsner (violin) vielleicht zu einer zwiesp\u00e4ltigen Angelegenheit geraten. Hat man aber mal seine anti-klerikale und konsumkritische Haltung beiseite gelegt, steht der H\u00f6rfreude an den bekannten und weniger bekannten Weisen und Liedern, die Oechsner f\u00fcr sein Ensemble \u201eGrappellissimo!\u201c reharmonisiert hat, nichts mehr im Weg. Wie bereits der Name deutlich macht, spielt das Quartett, dem auch Oechsners Sohn Gidon (g) und als Gast der vielseitige Akkordeonspieler Atanas Dinovski angeh\u00f6ren, im Stil des ber\u00fchmten Hot Club de France. Allerdings sp\u00fcrbar vers\u00fc\u00dft mit einem Schuss w\u00fcrziger Balkanglut. Traditionelle Weihnachtslieder aus der alten und der neuen Welt, wie das vergn\u00fcgliche Versprechen \u201eMorgen, Kinder wird\u2019s was geben\u201c, \u00a0erwachen mit dem flotten Tanz auf den Saiten zu neuem Leben und Melodien wie \u201eStille Nacht\u201c oder \u201eEs ist ein Ros entsprungen\u201c klingen in dieser Form ungeh\u00f6rt und lassen abgenudelte Stimmungen auf angenehme Weise neu erscheinen. Dazu gesellen sich amerikanische Klassiker wie \u201eI\u2019ll be home for Christmas\u201c oder &hellip;\" \/>\n<meta property=\"og:url\" content=\"https:\/\/www.jazzzeitung.de\/cms\/2018\/12\/cd-tipp-weihnachtlich-swingender-gypsy-groove\/\" \/>\n<meta property=\"og:site_name\" content=\"JazzZeitung\" \/>\n<meta property=\"article:publisher\" content=\"https:\/\/www.facebook.com\/JazzZeitung\/\" \/>\n<meta property=\"article:published_time\" content=\"2018-12-07T09:54:05+00:00\" \/>\n<meta property=\"og:image\" content=\"https:\/\/www.jazzzeitung.de\/cms\/wp-content\/uploads\/2018\/12\/Gipsy-Christmas-400x600.jpg\" \/>\n\t<meta property=\"og:image:width\" content=\"400\" \/>\n\t<meta property=\"og:image:height\" content=\"600\" \/>\n\t<meta property=\"og:image:type\" content=\"image\/jpeg\" \/>\n<meta name=\"author\" content=\"Redaktion JazzZeitung\" \/>\n<script type=\"application\/ld+json\" class=\"yoast-schema-graph\">{\"@context\":\"https:\\\/\\\/schema.org\",\"@graph\":[{\"@type\":\"Article\",\"@id\":\"https:\\\/\\\/www.jazzzeitung.de\\\/cms\\\/2018\\\/12\\\/cd-tipp-weihnachtlich-swingender-gypsy-groove\\\/#article\",\"isPartOf\":{\"@id\":\"https:\\\/\\\/www.jazzzeitung.de\\\/cms\\\/2018\\\/12\\\/cd-tipp-weihnachtlich-swingender-gypsy-groove\\\/\"},\"author\":{\"name\":\"Redaktion JazzZeitung\",\"@id\":\"https:\\\/\\\/www.jazzzeitung.de\\\/cms\\\/#\\\/schema\\\/person\\\/2245b36b9cd1d24cea10f01c031fb92b\"},\"headline\":\"CD-Tipp: Weihnachtlich swingender Gypsy-Groove\",\"datePublished\":\"2018-12-07T09:54:05+00:00\",\"mainEntityOfPage\":{\"@id\":\"https:\\\/\\\/www.jazzzeitung.de\\\/cms\\\/2018\\\/12\\\/cd-tipp-weihnachtlich-swingender-gypsy-groove\\\/\"},\"wordCount\":446,\"commentCount\":0,\"publisher\":{\"@id\":\"https:\\\/\\\/www.jazzzeitung.de\\\/cms\\\/#organization\"},\"image\":{\"@id\":\"https:\\\/\\\/www.jazzzeitung.de\\\/cms\\\/2018\\\/12\\\/cd-tipp-weihnachtlich-swingender-gypsy-groove\\\/#primaryimage\"},\"thumbnailUrl\":\"https:\\\/\\\/i0.wp.com\\\/www.jazzzeitung.de\\\/cms\\\/wp-content\\\/uploads\\\/2018\\\/12\\\/Gipsy-Christmas.jpg?fit=3072%2C4608&ssl=1\",\"keywords\":[\"Album\",\"CD\",\"Club\",\"Film\",\"Jazz\",\"Kinder\",\"Mic Oechsner\",\"Michael Scheiner\",\"Quartett\",\"Schweden\",\"Weihnachten\"],\"articleSection\":[\"Rezension\"],\"inLanguage\":\"de\",\"potentialAction\":[{\"@type\":\"CommentAction\",\"name\":\"Comment\",\"target\":[\"https:\\\/\\\/www.jazzzeitung.de\\\/cms\\\/2018\\\/12\\\/cd-tipp-weihnachtlich-swingender-gypsy-groove\\\/#respond\"]}]},{\"@type\":\"WebPage\",\"@id\":\"https:\\\/\\\/www.jazzzeitung.de\\\/cms\\\/2018\\\/12\\\/cd-tipp-weihnachtlich-swingender-gypsy-groove\\\/\",\"url\":\"https:\\\/\\\/www.jazzzeitung.de\\\/cms\\\/2018\\\/12\\\/cd-tipp-weihnachtlich-swingender-gypsy-groove\\\/\",\"name\":\"CD-Tipp: Weihnachtlich swingender Gypsy-Groove - JazzZeitung\",\"isPartOf\":{\"@id\":\"https:\\\/\\\/www.jazzzeitung.de\\\/cms\\\/#website\"},\"primaryImageOfPage\":{\"@id\":\"https:\\\/\\\/www.jazzzeitung.de\\\/cms\\\/2018\\\/12\\\/cd-tipp-weihnachtlich-swingender-gypsy-groove\\\/#primaryimage\"},\"image\":{\"@id\":\"https:\\\/\\\/www.jazzzeitung.de\\\/cms\\\/2018\\\/12\\\/cd-tipp-weihnachtlich-swingender-gypsy-groove\\\/#primaryimage\"},\"thumbnailUrl\":\"https:\\\/\\\/i0.wp.com\\\/www.jazzzeitung.de\\\/cms\\\/wp-content\\\/uploads\\\/2018\\\/12\\\/Gipsy-Christmas.jpg?fit=3072%2C4608&ssl=1\",\"datePublished\":\"2018-12-07T09:54:05+00:00\",\"breadcrumb\":{\"@id\":\"https:\\\/\\\/www.jazzzeitung.de\\\/cms\\\/2018\\\/12\\\/cd-tipp-weihnachtlich-swingender-gypsy-groove\\\/#breadcrumb\"},\"inLanguage\":\"de\",\"potentialAction\":[{\"@type\":\"ReadAction\",\"target\":[\"https:\\\/\\\/www.jazzzeitung.de\\\/cms\\\/2018\\\/12\\\/cd-tipp-weihnachtlich-swingender-gypsy-groove\\\/\"]}]},{\"@type\":\"ImageObject\",\"inLanguage\":\"de\",\"@id\":\"https:\\\/\\\/www.jazzzeitung.de\\\/cms\\\/2018\\\/12\\\/cd-tipp-weihnachtlich-swingender-gypsy-groove\\\/#primaryimage\",\"url\":\"https:\\\/\\\/i0.wp.com\\\/www.jazzzeitung.de\\\/cms\\\/wp-content\\\/uploads\\\/2018\\\/12\\\/Gipsy-Christmas.jpg?fit=3072%2C4608&ssl=1\",\"contentUrl\":\"https:\\\/\\\/i0.wp.com\\\/www.jazzzeitung.de\\\/cms\\\/wp-content\\\/uploads\\\/2018\\\/12\\\/Gipsy-Christmas.jpg?fit=3072%2C4608&ssl=1\",\"width\":3072,\"height\":4608},{\"@type\":\"BreadcrumbList\",\"@id\":\"https:\\\/\\\/www.jazzzeitung.de\\\/cms\\\/2018\\\/12\\\/cd-tipp-weihnachtlich-swingender-gypsy-groove\\\/#breadcrumb\",\"itemListElement\":[{\"@type\":\"ListItem\",\"position\":1,\"name\":\"Startseite\",\"item\":\"https:\\\/\\\/www.jazzzeitung.de\\\/cms\\\/\"},{\"@type\":\"ListItem\",\"position\":2,\"name\":\"CD-Tipp: Weihnachtlich swingender Gypsy-Groove\"}]},{\"@type\":\"WebSite\",\"@id\":\"https:\\\/\\\/www.jazzzeitung.de\\\/cms\\\/#website\",\"url\":\"https:\\\/\\\/www.jazzzeitung.de\\\/cms\\\/\",\"name\":\"JazzZeitung\",\"description\":\"Jazz-News und Jazz-Kontroverses\",\"publisher\":{\"@id\":\"https:\\\/\\\/www.jazzzeitung.de\\\/cms\\\/#organization\"},\"potentialAction\":[{\"@type\":\"SearchAction\",\"target\":{\"@type\":\"EntryPoint\",\"urlTemplate\":\"https:\\\/\\\/www.jazzzeitung.de\\\/cms\\\/?s={search_term_string}\"},\"query-input\":{\"@type\":\"PropertyValueSpecification\",\"valueRequired\":true,\"valueName\":\"search_term_string\"}}],\"inLanguage\":\"de\"},{\"@type\":\"Organization\",\"@id\":\"https:\\\/\\\/www.jazzzeitung.de\\\/cms\\\/#organization\",\"name\":\"JazzZeitung online\",\"url\":\"https:\\\/\\\/www.jazzzeitung.de\\\/cms\\\/\",\"logo\":{\"@type\":\"ImageObject\",\"inLanguage\":\"de\",\"@id\":\"https:\\\/\\\/www.jazzzeitung.de\\\/cms\\\/#\\\/schema\\\/logo\\\/image\\\/\",\"url\":\"https:\\\/\\\/i0.wp.com\\\/www.jazzzeitung.de\\\/cms\\\/wp-content\\\/uploads\\\/2015\\\/08\\\/JAZZZEITUNGDE_Logo_Neu.png?fit=499%2C200&ssl=1\",\"contentUrl\":\"https:\\\/\\\/i0.wp.com\\\/www.jazzzeitung.de\\\/cms\\\/wp-content\\\/uploads\\\/2015\\\/08\\\/JAZZZEITUNGDE_Logo_Neu.png?fit=499%2C200&ssl=1\",\"width\":499,\"height\":200,\"caption\":\"JazzZeitung online\"},\"image\":{\"@id\":\"https:\\\/\\\/www.jazzzeitung.de\\\/cms\\\/#\\\/schema\\\/logo\\\/image\\\/\"},\"sameAs\":[\"https:\\\/\\\/www.facebook.com\\\/JazzZeitung\\\/\"]},{\"@type\":\"Person\",\"@id\":\"https:\\\/\\\/www.jazzzeitung.de\\\/cms\\\/#\\\/schema\\\/person\\\/2245b36b9cd1d24cea10f01c031fb92b\",\"name\":\"Redaktion JazzZeitung\",\"image\":{\"@type\":\"ImageObject\",\"inLanguage\":\"de\",\"@id\":\"https:\\\/\\\/i0.wp.com\\\/www.jazzzeitung.de\\\/cms\\\/wp-content\\\/uploads\\\/2015\\\/08\\\/JAZZZEITUNGDE_Logo_Neu.png?resize=96%2C96&ssl=159975dcacb611b5700bd619b5daf0a7a\",\"url\":\"https:\\\/\\\/i0.wp.com\\\/www.jazzzeitung.de\\\/cms\\\/wp-content\\\/uploads\\\/2015\\\/08\\\/JAZZZEITUNGDE_Logo_Neu.png?resize=96%2C96&ssl=1\",\"contentUrl\":\"https:\\\/\\\/i0.wp.com\\\/www.jazzzeitung.de\\\/cms\\\/wp-content\\\/uploads\\\/2015\\\/08\\\/JAZZZEITUNGDE_Logo_Neu.png?resize=96%2C96&ssl=1\",\"caption\":\"Redaktion JazzZeitung\"},\"description\":\"Artikel der Redaktion der JazzZeitung.\",\"sameAs\":[\"http:\\\/\\\/www.jazzzeitung.de\\\/cms\\\/\"],\"url\":\"https:\\\/\\\/www.jazzzeitung.de\\\/cms\\\/author\\\/redaktion\\\/\"}]}<\/script>\n<!-- \/ Yoast SEO plugin. -->","yoast_head_json":{"title":"CD-Tipp: Weihnachtlich swingender Gypsy-Groove - JazzZeitung","robots":{"index":"index","follow":"follow","max-snippet":"max-snippet:-1","max-image-preview":"max-image-preview:large","max-video-preview":"max-video-preview:-1"},"canonical":"https:\/\/www.jazzzeitung.de\/cms\/2018\/12\/cd-tipp-weihnachtlich-swingender-gypsy-groove\/","og_locale":"de_DE","og_type":"article","og_title":"CD-Tipp: Weihnachtlich swingender Gypsy-Groove - JazzZeitung","og_description":"\u00a0Mic Oechsners Grappelissimo: Gipsy Christmas Crack 0069 \/ cracked anegg records\/Galileo Vertrieb Ein bisschen was muss man schon \u00fcbrig haben f\u00fcrs christliche Weihnachten. Sonst k\u00f6nnte der Genuss an der neuen Scheibe des Ex-M\u00fcnchners und Wahl-\u00d6sterreichers Mic Oechsner (violin) vielleicht zu einer zwiesp\u00e4ltigen Angelegenheit geraten. Hat man aber mal seine anti-klerikale und konsumkritische Haltung beiseite gelegt, steht der H\u00f6rfreude an den bekannten und weniger bekannten Weisen und Liedern, die Oechsner f\u00fcr sein Ensemble \u201eGrappellissimo!\u201c reharmonisiert hat, nichts mehr im Weg. Wie bereits der Name deutlich macht, spielt das Quartett, dem auch Oechsners Sohn Gidon (g) und als Gast der vielseitige Akkordeonspieler Atanas Dinovski angeh\u00f6ren, im Stil des ber\u00fchmten Hot Club de France. Allerdings sp\u00fcrbar vers\u00fc\u00dft mit einem Schuss w\u00fcrziger Balkanglut. Traditionelle Weihnachtslieder aus der alten und der neuen Welt, wie das vergn\u00fcgliche Versprechen \u201eMorgen, Kinder wird\u2019s was geben\u201c, \u00a0erwachen mit dem flotten Tanz auf den Saiten zu neuem Leben und Melodien wie \u201eStille Nacht\u201c oder \u201eEs ist ein Ros entsprungen\u201c klingen in dieser Form ungeh\u00f6rt und lassen abgenudelte Stimmungen auf angenehme Weise neu erscheinen. Dazu gesellen sich amerikanische Klassiker wie \u201eI\u2019ll be home for Christmas\u201c oder &hellip;","og_url":"https:\/\/www.jazzzeitung.de\/cms\/2018\/12\/cd-tipp-weihnachtlich-swingender-gypsy-groove\/","og_site_name":"JazzZeitung","article_publisher":"https:\/\/www.facebook.com\/JazzZeitung\/","article_published_time":"2018-12-07T09:54:05+00:00","og_image":[{"width":400,"height":600,"url":"https:\/\/www.jazzzeitung.de\/cms\/wp-content\/uploads\/2018\/12\/Gipsy-Christmas-400x600.jpg","type":"image\/jpeg"}],"author":"Redaktion JazzZeitung","schema":{"@context":"https:\/\/schema.org","@graph":[{"@type":"Article","@id":"https:\/\/www.jazzzeitung.de\/cms\/2018\/12\/cd-tipp-weihnachtlich-swingender-gypsy-groove\/#article","isPartOf":{"@id":"https:\/\/www.jazzzeitung.de\/cms\/2018\/12\/cd-tipp-weihnachtlich-swingender-gypsy-groove\/"},"author":{"name":"Redaktion JazzZeitung","@id":"https:\/\/www.jazzzeitung.de\/cms\/#\/schema\/person\/2245b36b9cd1d24cea10f01c031fb92b"},"headline":"CD-Tipp: Weihnachtlich swingender Gypsy-Groove","datePublished":"2018-12-07T09:54:05+00:00","mainEntityOfPage":{"@id":"https:\/\/www.jazzzeitung.de\/cms\/2018\/12\/cd-tipp-weihnachtlich-swingender-gypsy-groove\/"},"wordCount":446,"commentCount":0,"publisher":{"@id":"https:\/\/www.jazzzeitung.de\/cms\/#organization"},"image":{"@id":"https:\/\/www.jazzzeitung.de\/cms\/2018\/12\/cd-tipp-weihnachtlich-swingender-gypsy-groove\/#primaryimage"},"thumbnailUrl":"https:\/\/i0.wp.com\/www.jazzzeitung.de\/cms\/wp-content\/uploads\/2018\/12\/Gipsy-Christmas.jpg?fit=3072%2C4608&ssl=1","keywords":["Album","CD","Club","Film","Jazz","Kinder","Mic Oechsner","Michael Scheiner","Quartett","Schweden","Weihnachten"],"articleSection":["Rezension"],"inLanguage":"de","potentialAction":[{"@type":"CommentAction","name":"Comment","target":["https:\/\/www.jazzzeitung.de\/cms\/2018\/12\/cd-tipp-weihnachtlich-swingender-gypsy-groove\/#respond"]}]},{"@type":"WebPage","@id":"https:\/\/www.jazzzeitung.de\/cms\/2018\/12\/cd-tipp-weihnachtlich-swingender-gypsy-groove\/","url":"https:\/\/www.jazzzeitung.de\/cms\/2018\/12\/cd-tipp-weihnachtlich-swingender-gypsy-groove\/","name":"CD-Tipp: Weihnachtlich swingender Gypsy-Groove - JazzZeitung","isPartOf":{"@id":"https:\/\/www.jazzzeitung.de\/cms\/#website"},"primaryImageOfPage":{"@id":"https:\/\/www.jazzzeitung.de\/cms\/2018\/12\/cd-tipp-weihnachtlich-swingender-gypsy-groove\/#primaryimage"},"image":{"@id":"https:\/\/www.jazzzeitung.de\/cms\/2018\/12\/cd-tipp-weihnachtlich-swingender-gypsy-groove\/#primaryimage"},"thumbnailUrl":"https:\/\/i0.wp.com\/www.jazzzeitung.de\/cms\/wp-content\/uploads\/2018\/12\/Gipsy-Christmas.jpg?fit=3072%2C4608&ssl=1","datePublished":"2018-12-07T09:54:05+00:00","breadcrumb":{"@id":"https:\/\/www.jazzzeitung.de\/cms\/2018\/12\/cd-tipp-weihnachtlich-swingender-gypsy-groove\/#breadcrumb"},"inLanguage":"de","potentialAction":[{"@type":"ReadAction","target":["https:\/\/www.jazzzeitung.de\/cms\/2018\/12\/cd-tipp-weihnachtlich-swingender-gypsy-groove\/"]}]},{"@type":"ImageObject","inLanguage":"de","@id":"https:\/\/www.jazzzeitung.de\/cms\/2018\/12\/cd-tipp-weihnachtlich-swingender-gypsy-groove\/#primaryimage","url":"https:\/\/i0.wp.com\/www.jazzzeitung.de\/cms\/wp-content\/uploads\/2018\/12\/Gipsy-Christmas.jpg?fit=3072%2C4608&ssl=1","contentUrl":"https:\/\/i0.wp.com\/www.jazzzeitung.de\/cms\/wp-content\/uploads\/2018\/12\/Gipsy-Christmas.jpg?fit=3072%2C4608&ssl=1","width":3072,"height":4608},{"@type":"BreadcrumbList","@id":"https:\/\/www.jazzzeitung.de\/cms\/2018\/12\/cd-tipp-weihnachtlich-swingender-gypsy-groove\/#breadcrumb","itemListElement":[{"@type":"ListItem","position":1,"name":"Startseite","item":"https:\/\/www.jazzzeitung.de\/cms\/"},{"@type":"ListItem","position":2,"name":"CD-Tipp: Weihnachtlich swingender Gypsy-Groove"}]},{"@type":"WebSite","@id":"https:\/\/www.jazzzeitung.de\/cms\/#website","url":"https:\/\/www.jazzzeitung.de\/cms\/","name":"JazzZeitung","description":"Jazz-News und Jazz-Kontroverses","publisher":{"@id":"https:\/\/www.jazzzeitung.de\/cms\/#organization"},"potentialAction":[{"@type":"SearchAction","target":{"@type":"EntryPoint","urlTemplate":"https:\/\/www.jazzzeitung.de\/cms\/?s={search_term_string}"},"query-input":{"@type":"PropertyValueSpecification","valueRequired":true,"valueName":"search_term_string"}}],"inLanguage":"de"},{"@type":"Organization","@id":"https:\/\/www.jazzzeitung.de\/cms\/#organization","name":"JazzZeitung online","url":"https:\/\/www.jazzzeitung.de\/cms\/","logo":{"@type":"ImageObject","inLanguage":"de","@id":"https:\/\/www.jazzzeitung.de\/cms\/#\/schema\/logo\/image\/","url":"https:\/\/i0.wp.com\/www.jazzzeitung.de\/cms\/wp-content\/uploads\/2015\/08\/JAZZZEITUNGDE_Logo_Neu.png?fit=499%2C200&ssl=1","contentUrl":"https:\/\/i0.wp.com\/www.jazzzeitung.de\/cms\/wp-content\/uploads\/2015\/08\/JAZZZEITUNGDE_Logo_Neu.png?fit=499%2C200&ssl=1","width":499,"height":200,"caption":"JazzZeitung online"},"image":{"@id":"https:\/\/www.jazzzeitung.de\/cms\/#\/schema\/logo\/image\/"},"sameAs":["https:\/\/www.facebook.com\/JazzZeitung\/"]},{"@type":"Person","@id":"https:\/\/www.jazzzeitung.de\/cms\/#\/schema\/person\/2245b36b9cd1d24cea10f01c031fb92b","name":"Redaktion JazzZeitung","image":{"@type":"ImageObject","inLanguage":"de","@id":"https:\/\/i0.wp.com\/www.jazzzeitung.de\/cms\/wp-content\/uploads\/2015\/08\/JAZZZEITUNGDE_Logo_Neu.png?resize=96%2C96&ssl=159975dcacb611b5700bd619b5daf0a7a","url":"https:\/\/i0.wp.com\/www.jazzzeitung.de\/cms\/wp-content\/uploads\/2015\/08\/JAZZZEITUNGDE_Logo_Neu.png?resize=96%2C96&ssl=1","contentUrl":"https:\/\/i0.wp.com\/www.jazzzeitung.de\/cms\/wp-content\/uploads\/2015\/08\/JAZZZEITUNGDE_Logo_Neu.png?resize=96%2C96&ssl=1","caption":"Redaktion JazzZeitung"},"description":"Artikel der Redaktion der JazzZeitung.","sameAs":["http:\/\/www.jazzzeitung.de\/cms\/"],"url":"https:\/\/www.jazzzeitung.de\/cms\/author\/redaktion\/"}]}},"wp-worthy-pixel":{"ignored":false,"public":null,"server":null,"url":null},"wp-worthy-type":"normal","jetpack_publicize_connections":[],"cc_featured_image_caption":{"caption_text":"","source_text":"","source_url":""},"jetpack_featured_media_url":"https:\/\/i0.wp.com\/www.jazzzeitung.de\/cms\/wp-content\/uploads\/2018\/12\/Gipsy-Christmas.jpg?fit=3072%2C4608&ssl=1","jetpack_shortlink":"https:\/\/wp.me\/p3KEcT-4GQ","jetpack-related-posts":[{"id":17798,"url":"https:\/\/www.jazzzeitung.de\/cms\/2018\/11\/musikalischer-gang-durch-die-jahreszeiten-neue-cd-von-mic-oechsner\/","url_meta":{"origin":18032,"position":0},"title":"Musikalischer Gang durch die Jahreszeiten &#8211; neue CD von Mic Oechsner","author":"Michael Scheiner","date":"6. November 2018","format":false,"excerpt":"Boschs \u201eGarten der L\u00fcste\u201c darf man bei Mic Oechsners vielseitigem Werk, dem \u00f6ffentlichen (Klang-)Garten \u201eGiardino pubblico\u201c, nicht erwarten. In diesem akustischen Garten des geb\u00fcrtigen M\u00fcnchners mischen sich vielmehr orchestrale Werke mit kammermusikalischen Episoden, fusionartige Kl\u00e4nge mit Modern-Jazz-Kompositionen und groovigem Quartettsound. Die insgesamt 24 St\u00fccke sind entsprechend ihrer Entstehung in einem\u2026","rel":"","context":"In &quot;Rezension&quot;","block_context":{"text":"Rezension","link":"https:\/\/www.jazzzeitung.de\/cms\/thema\/rezension\/"},"img":{"alt_text":"","src":"https:\/\/i0.wp.com\/www.jazzzeitung.de\/cms\/wp-content\/uploads\/2018\/11\/Oechsner-giardino.jpeg?fit=328%2C341&ssl=1&resize=350%2C200","width":350,"height":200},"classes":[]},{"id":28040,"url":"https:\/\/www.jazzzeitung.de\/cms\/2022\/08\/zwoelf-schattierungen-das-julia-huelsmann-quartett-mit-neuer-cd\/","url_meta":{"origin":18032,"position":1},"title":"Zw\u00f6lf Schattierungen: Das Julia H\u00fclsmann-Quartett mit neuer CD","author":"Redaktion JazzZeitung","date":"10. August 2022","format":false,"excerpt":"(Von Sophie Emilie Beha) Die Kompositionen von H\u00fclsmann und ihren Bandkollegen f\u00fcr das achte ECM-Album sind im gemeinsamen Spiel entstanden, geboren aus einer nat\u00fcrlichen Kontinuit\u00e4t. \u201eFluid\u201c beispielsweise ergab sich aus einem Online-Projekt, das die coronabedingt ins Wasser gefallene Usbekistan-Tour ersetzen sollte. The Next Door Julia H\u00fclsmann hat es urspr\u00fcnglich f\u00fcr\u2026","rel":"","context":"In &quot;Rezension&quot;","block_context":{"text":"Rezension","link":"https:\/\/www.jazzzeitung.de\/cms\/thema\/rezension\/"},"img":{"alt_text":"","src":"https:\/\/i0.wp.com\/www.jazzzeitung.de\/cms\/wp-content\/uploads\/2022\/08\/HuelsmannCover.jpg?fit=1200%2C1200&ssl=1&resize=350%2C200","width":350,"height":200,"srcset":"https:\/\/i0.wp.com\/www.jazzzeitung.de\/cms\/wp-content\/uploads\/2022\/08\/HuelsmannCover.jpg?fit=1200%2C1200&ssl=1&resize=350%2C200 1x, https:\/\/i0.wp.com\/www.jazzzeitung.de\/cms\/wp-content\/uploads\/2022\/08\/HuelsmannCover.jpg?fit=1200%2C1200&ssl=1&resize=525%2C300 1.5x, https:\/\/i0.wp.com\/www.jazzzeitung.de\/cms\/wp-content\/uploads\/2022\/08\/HuelsmannCover.jpg?fit=1200%2C1200&ssl=1&resize=700%2C400 2x, https:\/\/i0.wp.com\/www.jazzzeitung.de\/cms\/wp-content\/uploads\/2022\/08\/HuelsmannCover.jpg?fit=1200%2C1200&ssl=1&resize=1050%2C600 3x"},"classes":[]},{"id":6848,"url":"https:\/\/www.jazzzeitung.de\/cms\/2015\/08\/news-jazz-herbst-der-jazz-federation-hamburg\/","url_meta":{"origin":18032,"position":2},"title":"+++ News +++ Charly Antolini Jazz Power im Eventcenter SpardaWelt +++ Birdland Jazz Club Neuburg e.V. pr\u00e4sentiert +++ JAZZ-HERBST der JAZZ FEDERATION HAMBURG +++","author":"Redaktion JazzZeitung","date":"18. August 2015","format":false,"excerpt":"+++ Charly Antolini Jazz Power im Eventcenter SpardaWelt +++ Unter dem Motto \u201eCharly Antolini Jazz Power\u201c veranstaltet die Opus GmbH am Samstag, den 21. November 2015, einen hochkar\u00e4tig besetzten Swing\u2010 und Jazz\u2010Abend im Eventcenter der Sparda\u2010Bank: Bandleader und Drum\u2010Legende Charly Antolini hat hierf\u00fcr einige der f\u00fchrenden Jazz\u2010Solisten unserer Zeit um\u2026","rel":"","context":"In &quot;News&quot;","block_context":{"text":"News","link":"https:\/\/www.jazzzeitung.de\/cms\/thema\/nachrichten\/"},"img":{"alt_text":"FOTO: Bjoern Kray Iversen, Landau, am Westbahnhof: Charly Antolini","src":"https:\/\/i0.wp.com\/www.jazzzeitung.de\/cms\/wp-content\/uploads\/2015\/08\/antolini-charly01_medeium-150x150.jpg?resize=350%2C200","width":350,"height":200},"classes":[]},{"id":16056,"url":"https:\/\/www.jazzzeitung.de\/cms\/2018\/05\/joshua-redman-mit-neuer-cd-still-dreaming\/","url_meta":{"origin":18032,"position":3},"title":"Keeping a Tradition: Joshua Redman mit neuer CD \u201eStill Dreaming\u201c","author":"Redaktion JazzZeitung","date":"25. Mai 2018","format":false,"excerpt":"Joshua Redmans neue CD \u201eStill Dreaming\u201c ist alles anderes als eine nostalgische Hommage oder gar Reminiszens an das \u201eOld and New Dreams\u201c Quartett seines Vaters. In den siebziger Jahren stand diese Formation um den Saxophonisten und Joshuas Vater Dewey Redman gemeinsam mit Trompeter Don Cherry, Charlie Haden am Bass und\u2026","rel":"","context":"In &quot;Rezension&quot;","block_context":{"text":"Rezension","link":"https:\/\/www.jazzzeitung.de\/cms\/thema\/rezension\/"},"img":{"alt_text":"","src":"https:\/\/i0.wp.com\/www.jazzzeitung.de\/cms\/wp-content\/uploads\/2018\/05\/album-cover-Still-Dreaming.jpg?fit=1200%2C1200&ssl=1&resize=350%2C200","width":350,"height":200,"srcset":"https:\/\/i0.wp.com\/www.jazzzeitung.de\/cms\/wp-content\/uploads\/2018\/05\/album-cover-Still-Dreaming.jpg?fit=1200%2C1200&ssl=1&resize=350%2C200 1x, https:\/\/i0.wp.com\/www.jazzzeitung.de\/cms\/wp-content\/uploads\/2018\/05\/album-cover-Still-Dreaming.jpg?fit=1200%2C1200&ssl=1&resize=525%2C300 1.5x, https:\/\/i0.wp.com\/www.jazzzeitung.de\/cms\/wp-content\/uploads\/2018\/05\/album-cover-Still-Dreaming.jpg?fit=1200%2C1200&ssl=1&resize=700%2C400 2x, https:\/\/i0.wp.com\/www.jazzzeitung.de\/cms\/wp-content\/uploads\/2018\/05\/album-cover-Still-Dreaming.jpg?fit=1200%2C1200&ssl=1&resize=1050%2C600 3x"},"classes":[]},{"id":5843,"url":"https:\/\/www.jazzzeitung.de\/cms\/2015\/03\/verrueckt-vor-musik-andreas-schaerer-und-das-arte-quartett-mit-perpetual-delirium\/","url_meta":{"origin":18032,"position":4},"title":"Verr\u00fcckt vor Musik: Andreas Schaerer und das Arte Quartett mit &#8222;Perpetual Delirium&#8220;","author":"Redaktion JazzZeitung","date":"31. M\u00e4rz 2015","format":false,"excerpt":"Seit 20 Jahren bereichert das Arte Quartett die Saxophonliteratur durch aufregende, neue Werke. Wie ein Streichquartett ist auch ein Saxophonquartett ein eingespielter Organismus. Damit dieser Organismus nicht hermetisch wird, sondern stets in Beziehung zur musikalischen Au\u00dfenwelt treten kann, initiieren die Ensemblemitglieder Beat Hofstetter, Sascha Armbruster,\u00a0 Andrea Formenti und Beat Kappeler\u2026","rel":"","context":"In &quot;Rezension&quot;","block_context":{"text":"Rezension","link":"https:\/\/www.jazzzeitung.de\/cms\/thema\/rezension\/"},"img":{"alt_text":"Andreas Schaerer Meets Arte Quartett & Wolfgang Zwiauer: Perpetual Delirium, BMC CD 214","src":"https:\/\/i0.wp.com\/www.jazzzeitung.de\/cms\/wp-content\/uploads\/2015\/03\/ArteQuartettSchaerer.jpg?fit=1200%2C1056&ssl=1&resize=350%2C200","width":350,"height":200,"srcset":"https:\/\/i0.wp.com\/www.jazzzeitung.de\/cms\/wp-content\/uploads\/2015\/03\/ArteQuartettSchaerer.jpg?fit=1200%2C1056&ssl=1&resize=350%2C200 1x, https:\/\/i0.wp.com\/www.jazzzeitung.de\/cms\/wp-content\/uploads\/2015\/03\/ArteQuartettSchaerer.jpg?fit=1200%2C1056&ssl=1&resize=525%2C300 1.5x, https:\/\/i0.wp.com\/www.jazzzeitung.de\/cms\/wp-content\/uploads\/2015\/03\/ArteQuartettSchaerer.jpg?fit=1200%2C1056&ssl=1&resize=700%2C400 2x, https:\/\/i0.wp.com\/www.jazzzeitung.de\/cms\/wp-content\/uploads\/2015\/03\/ArteQuartettSchaerer.jpg?fit=1200%2C1056&ssl=1&resize=1050%2C600 3x"},"classes":[]},{"id":18412,"url":"https:\/\/www.jazzzeitung.de\/cms\/2019\/02\/news-jochen-rueckert-quartett-feat-mark-turner-in-der-unterfahrt\/","url_meta":{"origin":18032,"position":5},"title":"Fotogalerie: Jochen R\u00fcckert Quartett feat. Mark Turner im Jazzclub Unterfahrt","author":"Redaktion JazzZeitung","date":"4. Februar 2019","format":false,"excerpt":"Das Jochen R\u00fcckert Quartett gastierte mit\u00a0 internationaler Besetzung im Jazzclub Unterfahrt. Der K\u00f6lner Schlagzeuger hat sich mit seinem K\u00f6nnen und Durchhalteverm\u00f6gen internationalen Ruf erarbeitet und erntet nun die Fr\u00fcchte seiner Arbeit. Was R\u00fcckert gemeinsam mit dem gro\u00dfartigen Mark Turner am Tenorsaxophon, dem Gitarristen Lage Lund und Matt Penman am Bass\u2026","rel":"","context":"In &quot;Galerie&quot;","block_context":{"text":"Galerie","link":"https:\/\/www.jazzzeitung.de\/cms\/thema\/galerie\/"},"img":{"alt_text":"","src":"https:\/\/i0.wp.com\/www.jazzzeitung.de\/cms\/wp-content\/uploads\/2019\/01\/Mark-Turner-H%C3%A4nde-Foto-TJ-Krebs.jpg?fit=1200%2C800&ssl=1&resize=350%2C200","width":350,"height":200,"srcset":"https:\/\/i0.wp.com\/www.jazzzeitung.de\/cms\/wp-content\/uploads\/2019\/01\/Mark-Turner-H%C3%A4nde-Foto-TJ-Krebs.jpg?fit=1200%2C800&ssl=1&resize=350%2C200 1x, https:\/\/i0.wp.com\/www.jazzzeitung.de\/cms\/wp-content\/uploads\/2019\/01\/Mark-Turner-H%C3%A4nde-Foto-TJ-Krebs.jpg?fit=1200%2C800&ssl=1&resize=525%2C300 1.5x, https:\/\/i0.wp.com\/www.jazzzeitung.de\/cms\/wp-content\/uploads\/2019\/01\/Mark-Turner-H%C3%A4nde-Foto-TJ-Krebs.jpg?fit=1200%2C800&ssl=1&resize=700%2C400 2x, https:\/\/i0.wp.com\/www.jazzzeitung.de\/cms\/wp-content\/uploads\/2019\/01\/Mark-Turner-H%C3%A4nde-Foto-TJ-Krebs.jpg?fit=1200%2C800&ssl=1&resize=1050%2C600 3x"},"classes":[]}],"jetpack_sharing_enabled":true,"_links":{"self":[{"href":"https:\/\/www.jazzzeitung.de\/cms\/wp-json\/wp\/v2\/posts\/18032","targetHints":{"allow":["GET"]}}],"collection":[{"href":"https:\/\/www.jazzzeitung.de\/cms\/wp-json\/wp\/v2\/posts"}],"about":[{"href":"https:\/\/www.jazzzeitung.de\/cms\/wp-json\/wp\/v2\/types\/post"}],"author":[{"embeddable":true,"href":"https:\/\/www.jazzzeitung.de\/cms\/wp-json\/wp\/v2\/users\/18"}],"replies":[{"embeddable":true,"href":"https:\/\/www.jazzzeitung.de\/cms\/wp-json\/wp\/v2\/comments?post=18032"}],"version-history":[{"count":3,"href":"https:\/\/www.jazzzeitung.de\/cms\/wp-json\/wp\/v2\/posts\/18032\/revisions"}],"predecessor-version":[{"id":18037,"href":"https:\/\/www.jazzzeitung.de\/cms\/wp-json\/wp\/v2\/posts\/18032\/revisions\/18037"}],"wp:featuredmedia":[{"embeddable":true,"href":"https:\/\/www.jazzzeitung.de\/cms\/wp-json\/wp\/v2\/media\/18034"}],"wp:attachment":[{"href":"https:\/\/www.jazzzeitung.de\/cms\/wp-json\/wp\/v2\/media?parent=18032"}],"wp:term":[{"taxonomy":"category","embeddable":true,"href":"https:\/\/www.jazzzeitung.de\/cms\/wp-json\/wp\/v2\/categories?post=18032"},{"taxonomy":"post_tag","embeddable":true,"href":"https:\/\/www.jazzzeitung.de\/cms\/wp-json\/wp\/v2\/tags?post=18032"},{"taxonomy":"author","embeddable":true,"href":"https:\/\/www.jazzzeitung.de\/cms\/wp-json\/wp\/v2\/coauthors?post=18032"}],"curies":[{"name":"wp","href":"https:\/\/api.w.org\/{rel}","templated":true}]}}