{"id":17984,"date":"2018-12-08T12:58:57","date_gmt":"2018-12-08T11:58:57","guid":{"rendered":"https:\/\/www.jazzzeitung.de\/cms\/?p=17984"},"modified":"2018-12-07T14:59:21","modified_gmt":"2018-12-07T13:59:21","slug":"michael-keul-in-weidenmartin-auer-in-freising","status":"publish","type":"post","link":"https:\/\/www.jazzzeitung.de\/cms\/2018\/12\/michael-keul-in-weidenmartin-auer-in-freising\/","title":{"rendered":"+++Michael Keul in Weiden+++Martin Auer in Freising+++"},"content":{"rendered":"<figure id=\"attachment_18023\" aria-describedby=\"caption-attachment-18023\" style=\"width: 164px\" class=\"wp-caption alignleft\"><a href=\"https:\/\/i0.wp.com\/www.jazzzeitung.de\/cms\/wp-content\/uploads\/2018\/12\/Keul.jpg?ssl=1\"><img data-recalc-dims=\"1\" loading=\"lazy\" decoding=\"async\" data-attachment-id=\"18023\" data-permalink=\"https:\/\/www.jazzzeitung.de\/cms\/2018\/12\/michael-keul-in-weidenmartin-auer-in-freising\/keul\/\" data-orig-file=\"https:\/\/i0.wp.com\/www.jazzzeitung.de\/cms\/wp-content\/uploads\/2018\/12\/Keul.jpg?fit=164%2C246&amp;ssl=1\" data-orig-size=\"164,246\" data-comments-opened=\"1\" data-image-meta=\"{&quot;aperture&quot;:&quot;0&quot;,&quot;credit&quot;:&quot;&quot;,&quot;camera&quot;:&quot;&quot;,&quot;caption&quot;:&quot;&quot;,&quot;created_timestamp&quot;:&quot;0&quot;,&quot;copyright&quot;:&quot;&quot;,&quot;focal_length&quot;:&quot;0&quot;,&quot;iso&quot;:&quot;0&quot;,&quot;shutter_speed&quot;:&quot;0&quot;,&quot;title&quot;:&quot;&quot;,&quot;orientation&quot;:&quot;0&quot;}\" data-image-title=\"Keul\" data-image-description=\"\" data-image-caption=\"\" data-large-file=\"https:\/\/i0.wp.com\/www.jazzzeitung.de\/cms\/wp-content\/uploads\/2018\/12\/Keul.jpg?fit=164%2C246&amp;ssl=1\" class=\"wp-image-18023 size-full\" src=\"https:\/\/i0.wp.com\/www.jazzzeitung.de\/cms\/wp-content\/uploads\/2018\/12\/Keul.jpg?resize=164%2C246&#038;ssl=1\" alt=\"\" width=\"164\" height=\"246\" \/><\/a><figcaption id=\"caption-attachment-18023\" class=\"wp-caption-text\">Michael Keul<\/figcaption><\/figure>\n<p><strong>Jazzzirkel Weiden pr\u00e4sentiert: Klavier und Vibraphon mit JPEK Mainstream<\/strong><\/p>\n<p>JPEK Mainstream, das sind Tizian Jost (Vibraphon),\u00a0Bernhard Pichl (Piano), Rudi Engel (Bass) und Michael Keul\u00a0 am Drumset. Die Besetzung dieses Ensembles wird Jazzkenner an das legend\u00e4re MODERN JAZZ QUARTET erinnern, das seit den 50er Jahren Jahrzehnte hinweg zum Ma\u00dfstab f\u00fcr hoch\u00e4sthetischen, kammermusikalischen Jazz wurde. So hatte der Schlagzeuger Michael Keul die Idee, diese legend\u00e4re Formation mit der reizvollen, eher seltenen Kombination von Klavier und Vibraphon, musikalisch wieder auferstehen zu lassen. Am Freitag, 14. Dezember 2018, 20:00 Uhr, gibt es im BISTROT PARIS in Weiden Bearbeitungen von bekannten Standards in einem\u00a0neuen rhythmischen Gewand sowie mitrei\u00dfende Eigenkompositionen zu h\u00f6ren.<\/p>\n<p><a href=\"http:\/\/www.jazz-zirkel-weiden.de\/\">www.jazz-zirkel-weiden.de<\/a><br \/>\n<a href=\"http:\/\/www.tizian-jost.de\">www.tizian-jost.de<\/a><br \/>\n<a href=\"http:\/\/www.bernhardpichl.com\">www.bernhardpichl.com<\/a><br \/>\n<a href=\"http:\/\/www.michaelkeuldrums.de\/\">www.michaelkeuldrums.de<\/a><\/p>\n<p>&nbsp;<\/p>\n<p><strong>JazzTime Freising pr\u00e4sentiert: Das Martin Auer Quintett<\/strong><\/p>\n<p>Am Freitag den 7. Februar gastiert, auf Einladung von 3klang e.V., in der Reihe JazzTime Freising, das Martin Auer Quintett in der Domstadt.<\/p>\n<p><a href=\"https:\/\/i0.wp.com\/www.jazzzeitung.de\/cms\/wp-content\/uploads\/2018\/11\/auer-martinPB.jpg?ssl=1\"><img data-recalc-dims=\"1\" loading=\"lazy\" decoding=\"async\" data-attachment-id=\"17985\" data-permalink=\"https:\/\/www.jazzzeitung.de\/cms\/2018\/12\/michael-keul-in-weidenmartin-auer-in-freising\/auer-martinpb\/\" data-orig-file=\"https:\/\/i0.wp.com\/www.jazzzeitung.de\/cms\/wp-content\/uploads\/2018\/11\/auer-martinPB.jpg?fit=1300%2C709&amp;ssl=1\" data-orig-size=\"1300,709\" data-comments-opened=\"1\" data-image-meta=\"{&quot;aperture&quot;:&quot;0&quot;,&quot;credit&quot;:&quot;&quot;,&quot;camera&quot;:&quot;&quot;,&quot;caption&quot;:&quot;&quot;,&quot;created_timestamp&quot;:&quot;0&quot;,&quot;copyright&quot;:&quot;&quot;,&quot;focal_length&quot;:&quot;0&quot;,&quot;iso&quot;:&quot;0&quot;,&quot;shutter_speed&quot;:&quot;0&quot;,&quot;title&quot;:&quot;&quot;,&quot;orientation&quot;:&quot;0&quot;}\" data-image-title=\"auer-martinPB\" data-image-description=\"\" data-image-caption=\"\" data-large-file=\"https:\/\/i0.wp.com\/www.jazzzeitung.de\/cms\/wp-content\/uploads\/2018\/11\/auer-martinPB.jpg?fit=840%2C458&amp;ssl=1\" class=\"alignleft size-medium wp-image-17985\" src=\"https:\/\/i0.wp.com\/www.jazzzeitung.de\/cms\/wp-content\/uploads\/2018\/11\/auer-martinPB.jpg?resize=300%2C164&#038;ssl=1\" alt=\"\" width=\"300\" height=\"164\" srcset=\"https:\/\/i0.wp.com\/www.jazzzeitung.de\/cms\/wp-content\/uploads\/2018\/11\/auer-martinPB.jpg?resize=300%2C164&amp;ssl=1 300w, https:\/\/i0.wp.com\/www.jazzzeitung.de\/cms\/wp-content\/uploads\/2018\/11\/auer-martinPB.jpg?resize=768%2C419&amp;ssl=1 768w, https:\/\/i0.wp.com\/www.jazzzeitung.de\/cms\/wp-content\/uploads\/2018\/11\/auer-martinPB.jpg?resize=900%2C491&amp;ssl=1 900w, https:\/\/i0.wp.com\/www.jazzzeitung.de\/cms\/wp-content\/uploads\/2018\/11\/auer-martinPB.jpg?resize=600%2C327&amp;ssl=1 600w, https:\/\/i0.wp.com\/www.jazzzeitung.de\/cms\/wp-content\/uploads\/2018\/11\/auer-martinPB.jpg?w=1300&amp;ssl=1 1300w\" sizes=\"auto, (max-width: 300px) 100vw, 300px\" \/><\/a>Der Trompeter Martin Auer hat seit vielen Jahren das Gl\u00fcck, nicht nur mit vier au\u00dfergew\u00f6hnlichen Musikerpers\u00f6nlichkeiten zusammen musizieren zu d\u00fcrfen, sondern seine Mitstreiter auch zu seinen besten Freunden zu z\u00e4hlen. Seit der Gr\u00fcndung 1995 haben er sowie Florian Tr\u00fcbsbach (sx), Jan Eschke (p), Andreas Kurz (b) und Bastoian J\u00fctte (dr) ein gro\u00dfes Repertoire an Eigenkompositionen und Arrangements erarbeitet und dadurch einen ganz eigenen Bandsound entwickelt ohne sich stilistisch festzulegen. Egal ob man das Modern Jazz, Mainstream, Contemporary oder Indiejazz nennen will, wichtig ist dem MAQ, den Zuh\u00f6rer emotional zu erreichen. 2015 ver\u00f6ffentlichte das Quintett sein neuestes Album \u201eOur Kind of\u201c, eine Neuinterpretation des Jazzklassikers \u201eKind of Blue\u201c in Zusammenarbeit mit BAYER Kultur Leverkusen. Die Basis der Band befindet sich in Oberbayern, von dort aus geht und ging es zu Konzerten und Tourneen in Deutschland und Europa (z.B. \u00d6sterreich, Schweiz, Portugal, Spanien, Goethe-Tour durch Jordanien\/Syrien\/Libanon. Martin Auer selber wurde in Prien am Chiemsee geboren, \u00a0studierte Trompete (bei Stephan Zimmermann bzw. Gerard Presencer) und Komposition\/ Arrangement (bei J\u00fcrgen Friedrich) in Mannheim und Berlin. Er ist Vater einer Tochter und lebt in Berlin Kreuzberg. Seit Herbst 2008 hat Martin Auer einen Lehrauftrag f\u00fcr Jazztrompete an der Musikhochschule in Leipzig und war Dozent bei zahlreichen Ensembles u.a. Bundesjazzorchester, Landesjugendjazzorchester Sachsen\/Saarland\/Berlin.<\/p>\n<p>Das Konzert findet im Sainerhaus, Obere Domberggasse 15 statt und beginnt um 20 Uhr.<\/p>\n<p>Karten gibt es zu \u20ac 12.- erm. \u20ac 9.- nur an der Abendkasse.<\/p>\n<p>Weitere Infos bei 3klang e-.V. unter der Nummer 08161\/532878 und im Internet unter <a href=\"http:\/\/www.3klangev.de\">www.3klangev.de<\/a><\/p>\n","protected":false},"excerpt":{"rendered":"<p>Jazzzirkel Weiden pr\u00e4sentiert: Klavier und Vibraphon mit JPEK Mainstream JPEK Mainstream, das sind Tizian Jost (Vibraphon),\u00a0Bernhard Pichl (Piano), Rudi Engel (Bass) und Michael Keul\u00a0 am Drumset. Die Besetzung dieses Ensembles wird Jazzkenner an das legend\u00e4re MODERN JAZZ QUARTET erinnern, das seit den 50er Jahren Jahrzehnte hinweg zum Ma\u00dfstab f\u00fcr hoch\u00e4sthetischen, kammermusikalischen Jazz wurde. So hatte der Schlagzeuger Michael Keul die Idee, diese legend\u00e4re Formation mit der reizvollen, eher seltenen Kombination von Klavier und Vibraphon, musikalisch wieder auferstehen zu lassen. Am Freitag, 14. Dezember 2018, 20:00 Uhr, gibt es im BISTROT PARIS in Weiden Bearbeitungen von bekannten Standards in einem\u00a0neuen rhythmischen Gewand sowie mitrei\u00dfende Eigenkompositionen zu h\u00f6ren. www.jazz-zirkel-weiden.de www.tizian-jost.de www.bernhardpichl.com www.michaelkeuldrums.de &nbsp; JazzTime Freising pr\u00e4sentiert: Das Martin Auer Quintett Am Freitag den 7. Februar gastiert, auf Einladung von 3klang e.V., in der Reihe JazzTime Freising, das Martin Auer Quintett in der Domstadt. Der Trompeter Martin Auer hat seit vielen Jahren das Gl\u00fcck, nicht nur mit vier au\u00dfergew\u00f6hnlichen Musikerpers\u00f6nlichkeiten zusammen musizieren zu d\u00fcrfen, sondern seine Mitstreiter auch zu seinen besten Freunden zu z\u00e4hlen. Seit der Gr\u00fcndung 1995 haben er sowie Florian Tr\u00fcbsbach (sx), Jan Eschke (p), Andreas &hellip;<\/p>\n","protected":false},"author":18,"featured_media":17985,"comment_status":"open","ping_status":"closed","sticky":false,"template":"","format":"standard","meta":{"_jetpack_memberships_contains_paid_content":false,"footnotes":"","jetpack_publicize_message":"","jetpack_publicize_feature_enabled":true,"jetpack_social_post_already_shared":false,"jetpack_social_options":{"image_generator_settings":{"template":"highway","default_image_id":0,"font":"","enabled":false},"version":2}},"categories":[633],"tags":[1959,34,1763,1424,66,1519,137,1876,290,716,1350,322,327,343,349,374,378,386,431,442,482,552,558,1372],"coauthors":[695],"class_list":["post-17984","post","type-post","status-publish","format-standard","has-post-thumbnail","hentry","category-nachrichten","tag-1959","tag-album","tag-bass","tag-bayer","tag-berlin","tag-bundesjazzorchester","tag-deutschland","tag-jazz","tag-jazztime","tag-jazzzirkel-weiden","tag-keep-swinging","tag-konzert-2","tag-kultur","tag-landesjugendjazzorchester","tag-leipzig","tag-mannheim","tag-martin-auer","tag-michael-keul","tag-paris","tag-piano","tag-sachsen","tag-tizian-jost","tag-tour","tag-weiden"],"yoast_head":"<!-- This site is optimized with the Yoast SEO plugin v27.5 - https:\/\/yoast.com\/product\/yoast-seo-wordpress\/ -->\n<title>+++Michael Keul in Weiden+++Martin Auer in Freising+++ - JazzZeitung<\/title>\n<meta name=\"robots\" content=\"index, follow, max-snippet:-1, max-image-preview:large, max-video-preview:-1\" \/>\n<link rel=\"canonical\" href=\"https:\/\/www.jazzzeitung.de\/cms\/2018\/12\/michael-keul-in-weidenmartin-auer-in-freising\/\" \/>\n<meta property=\"og:locale\" content=\"de_DE\" \/>\n<meta property=\"og:type\" content=\"article\" \/>\n<meta property=\"og:title\" content=\"+++Michael Keul in Weiden+++Martin Auer in Freising+++ - JazzZeitung\" \/>\n<meta property=\"og:description\" content=\"Jazzzirkel Weiden pr\u00e4sentiert: Klavier und Vibraphon mit JPEK Mainstream JPEK Mainstream, das sind Tizian Jost (Vibraphon),\u00a0Bernhard Pichl (Piano), Rudi Engel (Bass) und Michael Keul\u00a0 am Drumset. Die Besetzung dieses Ensembles wird Jazzkenner an das legend\u00e4re MODERN JAZZ QUARTET erinnern, das seit den 50er Jahren Jahrzehnte hinweg zum Ma\u00dfstab f\u00fcr hoch\u00e4sthetischen, kammermusikalischen Jazz wurde. So hatte der Schlagzeuger Michael Keul die Idee, diese legend\u00e4re Formation mit der reizvollen, eher seltenen Kombination von Klavier und Vibraphon, musikalisch wieder auferstehen zu lassen. Am Freitag, 14. Dezember 2018, 20:00 Uhr, gibt es im BISTROT PARIS in Weiden Bearbeitungen von bekannten Standards in einem\u00a0neuen rhythmischen Gewand sowie mitrei\u00dfende Eigenkompositionen zu h\u00f6ren. www.jazz-zirkel-weiden.de www.tizian-jost.de www.bernhardpichl.com www.michaelkeuldrums.de &nbsp; JazzTime Freising pr\u00e4sentiert: Das Martin Auer Quintett Am Freitag den 7. Februar gastiert, auf Einladung von 3klang e.V., in der Reihe JazzTime Freising, das Martin Auer Quintett in der Domstadt. Der Trompeter Martin Auer hat seit vielen Jahren das Gl\u00fcck, nicht nur mit vier au\u00dfergew\u00f6hnlichen Musikerpers\u00f6nlichkeiten zusammen musizieren zu d\u00fcrfen, sondern seine Mitstreiter auch zu seinen besten Freunden zu z\u00e4hlen. Seit der Gr\u00fcndung 1995 haben er sowie Florian Tr\u00fcbsbach (sx), Jan Eschke (p), Andreas &hellip;\" \/>\n<meta property=\"og:url\" content=\"https:\/\/www.jazzzeitung.de\/cms\/2018\/12\/michael-keul-in-weidenmartin-auer-in-freising\/\" \/>\n<meta property=\"og:site_name\" content=\"JazzZeitung\" \/>\n<meta property=\"article:publisher\" content=\"https:\/\/www.facebook.com\/JazzZeitung\/\" \/>\n<meta property=\"article:published_time\" content=\"2018-12-08T11:58:57+00:00\" \/>\n<meta property=\"og:image\" content=\"https:\/\/i0.wp.com\/www.jazzzeitung.de\/cms\/wp-content\/uploads\/2018\/11\/auer-martinPB.jpg?fit=1300%2C709&ssl=1\" \/>\n\t<meta property=\"og:image:width\" content=\"1300\" \/>\n\t<meta property=\"og:image:height\" content=\"709\" \/>\n\t<meta property=\"og:image:type\" content=\"image\/jpeg\" \/>\n<meta name=\"author\" content=\"Redaktion JazzZeitung\" \/>\n<script type=\"application\/ld+json\" class=\"yoast-schema-graph\">{\"@context\":\"https:\\\/\\\/schema.org\",\"@graph\":[{\"@type\":\"Article\",\"@id\":\"https:\\\/\\\/www.jazzzeitung.de\\\/cms\\\/2018\\\/12\\\/michael-keul-in-weidenmartin-auer-in-freising\\\/#article\",\"isPartOf\":{\"@id\":\"https:\\\/\\\/www.jazzzeitung.de\\\/cms\\\/2018\\\/12\\\/michael-keul-in-weidenmartin-auer-in-freising\\\/\"},\"author\":{\"name\":\"Redaktion JazzZeitung\",\"@id\":\"https:\\\/\\\/www.jazzzeitung.de\\\/cms\\\/#\\\/schema\\\/person\\\/2245b36b9cd1d24cea10f01c031fb92b\"},\"headline\":\"+++Michael Keul in Weiden+++Martin Auer in Freising+++\",\"datePublished\":\"2018-12-08T11:58:57+00:00\",\"mainEntityOfPage\":{\"@id\":\"https:\\\/\\\/www.jazzzeitung.de\\\/cms\\\/2018\\\/12\\\/michael-keul-in-weidenmartin-auer-in-freising\\\/\"},\"wordCount\":436,\"commentCount\":0,\"publisher\":{\"@id\":\"https:\\\/\\\/www.jazzzeitung.de\\\/cms\\\/#organization\"},\"image\":{\"@id\":\"https:\\\/\\\/www.jazzzeitung.de\\\/cms\\\/2018\\\/12\\\/michael-keul-in-weidenmartin-auer-in-freising\\\/#primaryimage\"},\"thumbnailUrl\":\"https:\\\/\\\/i0.wp.com\\\/www.jazzzeitung.de\\\/cms\\\/wp-content\\\/uploads\\\/2018\\\/11\\\/auer-martinPB.jpg?fit=1300%2C709&ssl=1\",\"keywords\":[\"2018\",\"Album\",\"Bass\",\"Bayer\",\"Berlin\",\"Bundesjazzorchester\",\"Deutschland\",\"Jazz\",\"jazztime\",\"Jazzzirkel Weiden\",\"Keep swinging\",\"Konzert\",\"Kultur\",\"Landesjugendjazzorchester\",\"Leipzig\",\"Mannheim\",\"martin auer\",\"Michael Keul\",\"Paris\",\"Piano\",\"Sachsen\",\"Tizian Jost\",\"Tour\",\"Weiden\"],\"articleSection\":[\"News\"],\"inLanguage\":\"de\",\"potentialAction\":[{\"@type\":\"CommentAction\",\"name\":\"Comment\",\"target\":[\"https:\\\/\\\/www.jazzzeitung.de\\\/cms\\\/2018\\\/12\\\/michael-keul-in-weidenmartin-auer-in-freising\\\/#respond\"]}]},{\"@type\":\"WebPage\",\"@id\":\"https:\\\/\\\/www.jazzzeitung.de\\\/cms\\\/2018\\\/12\\\/michael-keul-in-weidenmartin-auer-in-freising\\\/\",\"url\":\"https:\\\/\\\/www.jazzzeitung.de\\\/cms\\\/2018\\\/12\\\/michael-keul-in-weidenmartin-auer-in-freising\\\/\",\"name\":\"+++Michael Keul in Weiden+++Martin Auer in Freising+++ - JazzZeitung\",\"isPartOf\":{\"@id\":\"https:\\\/\\\/www.jazzzeitung.de\\\/cms\\\/#website\"},\"primaryImageOfPage\":{\"@id\":\"https:\\\/\\\/www.jazzzeitung.de\\\/cms\\\/2018\\\/12\\\/michael-keul-in-weidenmartin-auer-in-freising\\\/#primaryimage\"},\"image\":{\"@id\":\"https:\\\/\\\/www.jazzzeitung.de\\\/cms\\\/2018\\\/12\\\/michael-keul-in-weidenmartin-auer-in-freising\\\/#primaryimage\"},\"thumbnailUrl\":\"https:\\\/\\\/i0.wp.com\\\/www.jazzzeitung.de\\\/cms\\\/wp-content\\\/uploads\\\/2018\\\/11\\\/auer-martinPB.jpg?fit=1300%2C709&ssl=1\",\"datePublished\":\"2018-12-08T11:58:57+00:00\",\"breadcrumb\":{\"@id\":\"https:\\\/\\\/www.jazzzeitung.de\\\/cms\\\/2018\\\/12\\\/michael-keul-in-weidenmartin-auer-in-freising\\\/#breadcrumb\"},\"inLanguage\":\"de\",\"potentialAction\":[{\"@type\":\"ReadAction\",\"target\":[\"https:\\\/\\\/www.jazzzeitung.de\\\/cms\\\/2018\\\/12\\\/michael-keul-in-weidenmartin-auer-in-freising\\\/\"]}]},{\"@type\":\"ImageObject\",\"inLanguage\":\"de\",\"@id\":\"https:\\\/\\\/www.jazzzeitung.de\\\/cms\\\/2018\\\/12\\\/michael-keul-in-weidenmartin-auer-in-freising\\\/#primaryimage\",\"url\":\"https:\\\/\\\/i0.wp.com\\\/www.jazzzeitung.de\\\/cms\\\/wp-content\\\/uploads\\\/2018\\\/11\\\/auer-martinPB.jpg?fit=1300%2C709&ssl=1\",\"contentUrl\":\"https:\\\/\\\/i0.wp.com\\\/www.jazzzeitung.de\\\/cms\\\/wp-content\\\/uploads\\\/2018\\\/11\\\/auer-martinPB.jpg?fit=1300%2C709&ssl=1\",\"width\":1300,\"height\":709},{\"@type\":\"BreadcrumbList\",\"@id\":\"https:\\\/\\\/www.jazzzeitung.de\\\/cms\\\/2018\\\/12\\\/michael-keul-in-weidenmartin-auer-in-freising\\\/#breadcrumb\",\"itemListElement\":[{\"@type\":\"ListItem\",\"position\":1,\"name\":\"Startseite\",\"item\":\"https:\\\/\\\/www.jazzzeitung.de\\\/cms\\\/\"},{\"@type\":\"ListItem\",\"position\":2,\"name\":\"+++Michael Keul in Weiden+++Martin Auer in Freising+++\"}]},{\"@type\":\"WebSite\",\"@id\":\"https:\\\/\\\/www.jazzzeitung.de\\\/cms\\\/#website\",\"url\":\"https:\\\/\\\/www.jazzzeitung.de\\\/cms\\\/\",\"name\":\"JazzZeitung\",\"description\":\"Jazz-News und Jazz-Kontroverses\",\"publisher\":{\"@id\":\"https:\\\/\\\/www.jazzzeitung.de\\\/cms\\\/#organization\"},\"potentialAction\":[{\"@type\":\"SearchAction\",\"target\":{\"@type\":\"EntryPoint\",\"urlTemplate\":\"https:\\\/\\\/www.jazzzeitung.de\\\/cms\\\/?s={search_term_string}\"},\"query-input\":{\"@type\":\"PropertyValueSpecification\",\"valueRequired\":true,\"valueName\":\"search_term_string\"}}],\"inLanguage\":\"de\"},{\"@type\":\"Organization\",\"@id\":\"https:\\\/\\\/www.jazzzeitung.de\\\/cms\\\/#organization\",\"name\":\"JazzZeitung online\",\"url\":\"https:\\\/\\\/www.jazzzeitung.de\\\/cms\\\/\",\"logo\":{\"@type\":\"ImageObject\",\"inLanguage\":\"de\",\"@id\":\"https:\\\/\\\/www.jazzzeitung.de\\\/cms\\\/#\\\/schema\\\/logo\\\/image\\\/\",\"url\":\"https:\\\/\\\/i0.wp.com\\\/www.jazzzeitung.de\\\/cms\\\/wp-content\\\/uploads\\\/2015\\\/08\\\/JAZZZEITUNGDE_Logo_Neu.png?fit=499%2C200&ssl=1\",\"contentUrl\":\"https:\\\/\\\/i0.wp.com\\\/www.jazzzeitung.de\\\/cms\\\/wp-content\\\/uploads\\\/2015\\\/08\\\/JAZZZEITUNGDE_Logo_Neu.png?fit=499%2C200&ssl=1\",\"width\":499,\"height\":200,\"caption\":\"JazzZeitung online\"},\"image\":{\"@id\":\"https:\\\/\\\/www.jazzzeitung.de\\\/cms\\\/#\\\/schema\\\/logo\\\/image\\\/\"},\"sameAs\":[\"https:\\\/\\\/www.facebook.com\\\/JazzZeitung\\\/\"]},{\"@type\":\"Person\",\"@id\":\"https:\\\/\\\/www.jazzzeitung.de\\\/cms\\\/#\\\/schema\\\/person\\\/2245b36b9cd1d24cea10f01c031fb92b\",\"name\":\"Redaktion JazzZeitung\",\"image\":{\"@type\":\"ImageObject\",\"inLanguage\":\"de\",\"@id\":\"https:\\\/\\\/i0.wp.com\\\/www.jazzzeitung.de\\\/cms\\\/wp-content\\\/uploads\\\/2015\\\/08\\\/JAZZZEITUNGDE_Logo_Neu.png?resize=96%2C96&ssl=159975dcacb611b5700bd619b5daf0a7a\",\"url\":\"https:\\\/\\\/i0.wp.com\\\/www.jazzzeitung.de\\\/cms\\\/wp-content\\\/uploads\\\/2015\\\/08\\\/JAZZZEITUNGDE_Logo_Neu.png?resize=96%2C96&ssl=1\",\"contentUrl\":\"https:\\\/\\\/i0.wp.com\\\/www.jazzzeitung.de\\\/cms\\\/wp-content\\\/uploads\\\/2015\\\/08\\\/JAZZZEITUNGDE_Logo_Neu.png?resize=96%2C96&ssl=1\",\"caption\":\"Redaktion JazzZeitung\"},\"description\":\"Artikel der Redaktion der JazzZeitung.\",\"sameAs\":[\"http:\\\/\\\/www.jazzzeitung.de\\\/cms\\\/\"],\"url\":\"https:\\\/\\\/www.jazzzeitung.de\\\/cms\\\/author\\\/redaktion\\\/\"}]}<\/script>\n<!-- \/ Yoast SEO plugin. -->","yoast_head_json":{"title":"+++Michael Keul in Weiden+++Martin Auer in Freising+++ - JazzZeitung","robots":{"index":"index","follow":"follow","max-snippet":"max-snippet:-1","max-image-preview":"max-image-preview:large","max-video-preview":"max-video-preview:-1"},"canonical":"https:\/\/www.jazzzeitung.de\/cms\/2018\/12\/michael-keul-in-weidenmartin-auer-in-freising\/","og_locale":"de_DE","og_type":"article","og_title":"+++Michael Keul in Weiden+++Martin Auer in Freising+++ - JazzZeitung","og_description":"Jazzzirkel Weiden pr\u00e4sentiert: Klavier und Vibraphon mit JPEK Mainstream JPEK Mainstream, das sind Tizian Jost (Vibraphon),\u00a0Bernhard Pichl (Piano), Rudi Engel (Bass) und Michael Keul\u00a0 am Drumset. Die Besetzung dieses Ensembles wird Jazzkenner an das legend\u00e4re MODERN JAZZ QUARTET erinnern, das seit den 50er Jahren Jahrzehnte hinweg zum Ma\u00dfstab f\u00fcr hoch\u00e4sthetischen, kammermusikalischen Jazz wurde. So hatte der Schlagzeuger Michael Keul die Idee, diese legend\u00e4re Formation mit der reizvollen, eher seltenen Kombination von Klavier und Vibraphon, musikalisch wieder auferstehen zu lassen. Am Freitag, 14. Dezember 2018, 20:00 Uhr, gibt es im BISTROT PARIS in Weiden Bearbeitungen von bekannten Standards in einem\u00a0neuen rhythmischen Gewand sowie mitrei\u00dfende Eigenkompositionen zu h\u00f6ren. www.jazz-zirkel-weiden.de www.tizian-jost.de www.bernhardpichl.com www.michaelkeuldrums.de &nbsp; JazzTime Freising pr\u00e4sentiert: Das Martin Auer Quintett Am Freitag den 7. Februar gastiert, auf Einladung von 3klang e.V., in der Reihe JazzTime Freising, das Martin Auer Quintett in der Domstadt. Der Trompeter Martin Auer hat seit vielen Jahren das Gl\u00fcck, nicht nur mit vier au\u00dfergew\u00f6hnlichen Musikerpers\u00f6nlichkeiten zusammen musizieren zu d\u00fcrfen, sondern seine Mitstreiter auch zu seinen besten Freunden zu z\u00e4hlen. Seit der Gr\u00fcndung 1995 haben er sowie Florian Tr\u00fcbsbach (sx), Jan Eschke (p), Andreas &hellip;","og_url":"https:\/\/www.jazzzeitung.de\/cms\/2018\/12\/michael-keul-in-weidenmartin-auer-in-freising\/","og_site_name":"JazzZeitung","article_publisher":"https:\/\/www.facebook.com\/JazzZeitung\/","article_published_time":"2018-12-08T11:58:57+00:00","og_image":[{"width":1300,"height":709,"url":"https:\/\/i0.wp.com\/www.jazzzeitung.de\/cms\/wp-content\/uploads\/2018\/11\/auer-martinPB.jpg?fit=1300%2C709&ssl=1","type":"image\/jpeg"}],"author":"Redaktion JazzZeitung","schema":{"@context":"https:\/\/schema.org","@graph":[{"@type":"Article","@id":"https:\/\/www.jazzzeitung.de\/cms\/2018\/12\/michael-keul-in-weidenmartin-auer-in-freising\/#article","isPartOf":{"@id":"https:\/\/www.jazzzeitung.de\/cms\/2018\/12\/michael-keul-in-weidenmartin-auer-in-freising\/"},"author":{"name":"Redaktion JazzZeitung","@id":"https:\/\/www.jazzzeitung.de\/cms\/#\/schema\/person\/2245b36b9cd1d24cea10f01c031fb92b"},"headline":"+++Michael Keul in Weiden+++Martin Auer in Freising+++","datePublished":"2018-12-08T11:58:57+00:00","mainEntityOfPage":{"@id":"https:\/\/www.jazzzeitung.de\/cms\/2018\/12\/michael-keul-in-weidenmartin-auer-in-freising\/"},"wordCount":436,"commentCount":0,"publisher":{"@id":"https:\/\/www.jazzzeitung.de\/cms\/#organization"},"image":{"@id":"https:\/\/www.jazzzeitung.de\/cms\/2018\/12\/michael-keul-in-weidenmartin-auer-in-freising\/#primaryimage"},"thumbnailUrl":"https:\/\/i0.wp.com\/www.jazzzeitung.de\/cms\/wp-content\/uploads\/2018\/11\/auer-martinPB.jpg?fit=1300%2C709&ssl=1","keywords":["2018","Album","Bass","Bayer","Berlin","Bundesjazzorchester","Deutschland","Jazz","jazztime","Jazzzirkel Weiden","Keep swinging","Konzert","Kultur","Landesjugendjazzorchester","Leipzig","Mannheim","martin auer","Michael Keul","Paris","Piano","Sachsen","Tizian Jost","Tour","Weiden"],"articleSection":["News"],"inLanguage":"de","potentialAction":[{"@type":"CommentAction","name":"Comment","target":["https:\/\/www.jazzzeitung.de\/cms\/2018\/12\/michael-keul-in-weidenmartin-auer-in-freising\/#respond"]}]},{"@type":"WebPage","@id":"https:\/\/www.jazzzeitung.de\/cms\/2018\/12\/michael-keul-in-weidenmartin-auer-in-freising\/","url":"https:\/\/www.jazzzeitung.de\/cms\/2018\/12\/michael-keul-in-weidenmartin-auer-in-freising\/","name":"+++Michael Keul in Weiden+++Martin Auer in Freising+++ - JazzZeitung","isPartOf":{"@id":"https:\/\/www.jazzzeitung.de\/cms\/#website"},"primaryImageOfPage":{"@id":"https:\/\/www.jazzzeitung.de\/cms\/2018\/12\/michael-keul-in-weidenmartin-auer-in-freising\/#primaryimage"},"image":{"@id":"https:\/\/www.jazzzeitung.de\/cms\/2018\/12\/michael-keul-in-weidenmartin-auer-in-freising\/#primaryimage"},"thumbnailUrl":"https:\/\/i0.wp.com\/www.jazzzeitung.de\/cms\/wp-content\/uploads\/2018\/11\/auer-martinPB.jpg?fit=1300%2C709&ssl=1","datePublished":"2018-12-08T11:58:57+00:00","breadcrumb":{"@id":"https:\/\/www.jazzzeitung.de\/cms\/2018\/12\/michael-keul-in-weidenmartin-auer-in-freising\/#breadcrumb"},"inLanguage":"de","potentialAction":[{"@type":"ReadAction","target":["https:\/\/www.jazzzeitung.de\/cms\/2018\/12\/michael-keul-in-weidenmartin-auer-in-freising\/"]}]},{"@type":"ImageObject","inLanguage":"de","@id":"https:\/\/www.jazzzeitung.de\/cms\/2018\/12\/michael-keul-in-weidenmartin-auer-in-freising\/#primaryimage","url":"https:\/\/i0.wp.com\/www.jazzzeitung.de\/cms\/wp-content\/uploads\/2018\/11\/auer-martinPB.jpg?fit=1300%2C709&ssl=1","contentUrl":"https:\/\/i0.wp.com\/www.jazzzeitung.de\/cms\/wp-content\/uploads\/2018\/11\/auer-martinPB.jpg?fit=1300%2C709&ssl=1","width":1300,"height":709},{"@type":"BreadcrumbList","@id":"https:\/\/www.jazzzeitung.de\/cms\/2018\/12\/michael-keul-in-weidenmartin-auer-in-freising\/#breadcrumb","itemListElement":[{"@type":"ListItem","position":1,"name":"Startseite","item":"https:\/\/www.jazzzeitung.de\/cms\/"},{"@type":"ListItem","position":2,"name":"+++Michael Keul in Weiden+++Martin Auer in Freising+++"}]},{"@type":"WebSite","@id":"https:\/\/www.jazzzeitung.de\/cms\/#website","url":"https:\/\/www.jazzzeitung.de\/cms\/","name":"JazzZeitung","description":"Jazz-News und Jazz-Kontroverses","publisher":{"@id":"https:\/\/www.jazzzeitung.de\/cms\/#organization"},"potentialAction":[{"@type":"SearchAction","target":{"@type":"EntryPoint","urlTemplate":"https:\/\/www.jazzzeitung.de\/cms\/?s={search_term_string}"},"query-input":{"@type":"PropertyValueSpecification","valueRequired":true,"valueName":"search_term_string"}}],"inLanguage":"de"},{"@type":"Organization","@id":"https:\/\/www.jazzzeitung.de\/cms\/#organization","name":"JazzZeitung online","url":"https:\/\/www.jazzzeitung.de\/cms\/","logo":{"@type":"ImageObject","inLanguage":"de","@id":"https:\/\/www.jazzzeitung.de\/cms\/#\/schema\/logo\/image\/","url":"https:\/\/i0.wp.com\/www.jazzzeitung.de\/cms\/wp-content\/uploads\/2015\/08\/JAZZZEITUNGDE_Logo_Neu.png?fit=499%2C200&ssl=1","contentUrl":"https:\/\/i0.wp.com\/www.jazzzeitung.de\/cms\/wp-content\/uploads\/2015\/08\/JAZZZEITUNGDE_Logo_Neu.png?fit=499%2C200&ssl=1","width":499,"height":200,"caption":"JazzZeitung online"},"image":{"@id":"https:\/\/www.jazzzeitung.de\/cms\/#\/schema\/logo\/image\/"},"sameAs":["https:\/\/www.facebook.com\/JazzZeitung\/"]},{"@type":"Person","@id":"https:\/\/www.jazzzeitung.de\/cms\/#\/schema\/person\/2245b36b9cd1d24cea10f01c031fb92b","name":"Redaktion JazzZeitung","image":{"@type":"ImageObject","inLanguage":"de","@id":"https:\/\/i0.wp.com\/www.jazzzeitung.de\/cms\/wp-content\/uploads\/2015\/08\/JAZZZEITUNGDE_Logo_Neu.png?resize=96%2C96&ssl=159975dcacb611b5700bd619b5daf0a7a","url":"https:\/\/i0.wp.com\/www.jazzzeitung.de\/cms\/wp-content\/uploads\/2015\/08\/JAZZZEITUNGDE_Logo_Neu.png?resize=96%2C96&ssl=1","contentUrl":"https:\/\/i0.wp.com\/www.jazzzeitung.de\/cms\/wp-content\/uploads\/2015\/08\/JAZZZEITUNGDE_Logo_Neu.png?resize=96%2C96&ssl=1","caption":"Redaktion JazzZeitung"},"description":"Artikel der Redaktion der JazzZeitung.","sameAs":["http:\/\/www.jazzzeitung.de\/cms\/"],"url":"https:\/\/www.jazzzeitung.de\/cms\/author\/redaktion\/"}]}},"wp-worthy-pixel":{"ignored":false,"public":null,"server":null,"url":null},"wp-worthy-type":"normal","jetpack_publicize_connections":[],"cc_featured_image_caption":{"caption_text":"","source_text":"","source_url":""},"jetpack_featured_media_url":"https:\/\/i0.wp.com\/www.jazzzeitung.de\/cms\/wp-content\/uploads\/2018\/11\/auer-martinPB.jpg?fit=1300%2C709&ssl=1","jetpack_shortlink":"https:\/\/wp.me\/p3KEcT-4G4","jetpack-related-posts":[{"id":7771,"url":"https:\/\/www.jazzzeitung.de\/cms\/2015\/11\/7771\/","url_meta":{"origin":17984,"position":0},"title":"Feindsender spielt im NS-Dokumentationszentrum M\u00fcnchen","author":"Redaktion JazzZeitung","date":"18. November 2015","format":false,"excerpt":"\"Die Filmkomponisten der UFA und ihr Verh\u00e4ltnis zum Jazz\" \u2013 das ist das Thema eines Konzerts im M\u00fcnchner NS-Dokumentationszentrum am 25. November. F\u00fcr die UFA (Universum Film AG), den gr\u00f6\u00dften Film-Produzenten der Weimarer Republik waren viele Komponisten t\u00e4tig, die als wichtige Quelle den Jazz verwendeten. Als ab den 1930er Jahren\u2026","rel":"","context":"In &quot;News&quot;","block_context":{"text":"News","link":"https:\/\/www.jazzzeitung.de\/cms\/thema\/nachrichten\/"},"img":{"alt_text":"Feindsender","src":"https:\/\/i0.wp.com\/www.jazzzeitung.de\/cms\/wp-content\/uploads\/2015\/11\/Feindsender-150x150.jpg?resize=350%2C200","width":350,"height":200},"classes":[]},{"id":956,"url":"https:\/\/www.jazzzeitung.de\/cms\/2011\/04\/jazztipp-auf-der-buehne-und-auf-sendung-im-br\/","url_meta":{"origin":17984,"position":1},"title":"Jazztipp: Auf der B\u00fchne und auf Sendung im Bayerischen Rundfunk","author":"J\u00f6rg Lichtinger","date":"13. April 2011","format":false,"excerpt":"Johannes Ochsenbauer bei U21 Die Jugendsendung von BR-Klassik \"U21 \u2013 Deine Szene.Deine Musik\" k\u00fcmmert sich neben Nachwuchsmusikern aus dem Klassik-Bereich ab und zu auch um Musik aus anderen Ecken. Welt- und Filmmusikalisches oder eben auch Jazziges. Heute Abend (13. April, 21.03 Uhr) ist der junge Bassist Johannes Ochsenbauer zu Gast\u2026","rel":"","context":"In &quot;Blog&quot;","block_context":{"text":"Blog","link":"https:\/\/www.jazzzeitung.de\/cms\/thema\/blog\/"},"img":{"alt_text":"u21","src":"https:\/\/i0.wp.com\/www.jazzzeitung.de\/cms\/wp-content\/uploads\/2011\/04\/u21-300x111.jpg?resize=350%2C200","width":350,"height":200},"classes":[]},{"id":9390,"url":"https:\/\/www.jazzzeitung.de\/cms\/2016\/05\/freisinger-jazzfest-startet-3-juni\/","url_meta":{"origin":17984,"position":2},"title":"Freisinger Jazzfest startet am 3. Juni","author":"Redaktion JazzZeitung","date":"25. Mai 2016","format":false,"excerpt":"Am Freitag den 3. Juni l\u00e4dt der Freisinger Kulturverein 3klang e.V. im Rahmen seines Geburtstagsfestes zum Freisinger Jazz Fest in das 3klang-Kulturzelt auf dem alten Schulhof St. Georg zwischen Christopher-Paudi\u00df-Platz und der Angerbadergasse ein. Ab 18.30 Uhr\u00a0sind in dieser Jazz Nacht \u201eLive on Stage\u201c Roman\u2019s Elefantentanz, ein Projekt des Freisinger\u2026","rel":"","context":"In &quot;News&quot;","block_context":{"text":"News","link":"https:\/\/www.jazzzeitung.de\/cms\/thema\/nachrichten\/"},"img":{"alt_text":"","src":"https:\/\/i0.wp.com\/www.jazzzeitung.de\/cms\/wp-content\/uploads\/2016\/05\/Dusko-Goykovich.jpg?resize=350%2C200","width":350,"height":200},"classes":[]},{"id":9278,"url":"https:\/\/www.jazzzeitung.de\/cms\/2016\/05\/erstklassige-vertreter-der-bayerischen-jazzszene-treffen-auf-stars-des-amerikanischen-jazz-neuer-akzent-der-jazzfoerderung\/","url_meta":{"origin":17984,"position":3},"title":"Neuer Akzent in der Jazzf\u00f6rderung &#8211; Das Landesjazzfestival Bayern","author":"Redaktion JazzZeitung","date":"13. Mai 2016","format":"gallery","excerpt":"Vielversprechender Start f\u00fcr Landesjazzfestival Bayern Erstklassige Vertreter der bayerischen Jazzszene treffen auf Stars des amerikanischen Jazz - neuer Akzent in der Jazzf\u00f6rderung Mit dem 1. Bayerischen Landesjazzfestival bekommt die kreative und vielf\u00e4ltige Jazzszene Bayerns im Herbst dieses Jahres erstmals eine eigene Plattform. Neben dem Bayerischen Jazzweekend, das seit 1981 der\u2026","rel":"","context":"In &quot;Galerie&quot;","block_context":{"text":"Galerie","link":"https:\/\/www.jazzzeitung.de\/cms\/thema\/galerie\/"},"img":{"alt_text":"","src":"https:\/\/i0.wp.com\/www.jazzzeitung.de\/cms\/wp-content\/uploads\/2016\/05\/JohnScofieldOrganicTrio_031.jpg?resize=350%2C200","width":350,"height":200,"srcset":"https:\/\/i0.wp.com\/www.jazzzeitung.de\/cms\/wp-content\/uploads\/2016\/05\/JohnScofieldOrganicTrio_031.jpg?resize=350%2C200 1x, https:\/\/i0.wp.com\/www.jazzzeitung.de\/cms\/wp-content\/uploads\/2016\/05\/JohnScofieldOrganicTrio_031.jpg?resize=525%2C300 1.5x, https:\/\/i0.wp.com\/www.jazzzeitung.de\/cms\/wp-content\/uploads\/2016\/05\/JohnScofieldOrganicTrio_031.jpg?resize=700%2C400 2x, https:\/\/i0.wp.com\/www.jazzzeitung.de\/cms\/wp-content\/uploads\/2016\/05\/JohnScofieldOrganicTrio_031.jpg?resize=1050%2C600 3x, https:\/\/i0.wp.com\/www.jazzzeitung.de\/cms\/wp-content\/uploads\/2016\/05\/JohnScofieldOrganicTrio_031.jpg?resize=1400%2C800 4x"},"classes":[]},{"id":8333,"url":"https:\/\/www.jazzzeitung.de\/cms\/2016\/02\/news-das-21-festival-leipjazzig-philipp-stauber-im-jazzzirkel-weiden-mojo-six-augsburg\/","url_meta":{"origin":17984,"position":4},"title":"+++ News +++ Das 21. Festival LeipJAZZig +++ Philipp Stauber im JazzZirkel Weiden +++ \u201eMojo Six\u201c in Augsburg +++","author":"Redaktion JazzZeitung","date":"5. Februar 2016","format":false,"excerpt":"Das Festival LeipJAZZig geht in die 21. Runde Vom 03. bis zum 07. M\u00e4rz findet zum 21. Mal das Festival LeipJazzig statt und auch dieses Jahr hat die Veranstaltung wieder einiges zu bieten: Am 03.03. er\u00f6ffnet das \u00a0LeipJAZZig-Orkester unter der Leitung von Stephan K\u00f6nig das Festival. Neben Eigenkompositionen und -arrangements\u2026","rel":"","context":"In &quot;News&quot;","block_context":{"text":"News","link":"https:\/\/www.jazzzeitung.de\/cms\/thema\/nachrichten\/"},"img":{"alt_text":"Das LeipJAZZig-Orkester wird das Festival er\u00f6ffnen. Foto: Chr. Enger","src":"https:\/\/i0.wp.com\/www.jazzzeitung.de\/cms\/wp-content\/uploads\/2016\/02\/03.06.2016-LeipJAZZig-Orkester-c-Chr.-Enger-150x150.jpg?resize=350%2C200","width":350,"height":200},"classes":[]},{"id":7983,"url":"https:\/\/www.jazzzeitung.de\/cms\/2015\/12\/7983\/","url_meta":{"origin":17984,"position":5},"title":"Der Jazz und die Komponisten der Weimarer Republik","author":"Redaktion JazzZeitung","date":"17. Dezember 2015","format":"gallery","excerpt":"Die Konzertreihe \u201eFeindsender\u201c beleuchtet die kontroverse und tragische Situation des Jazz unter der Nazi-Diktatur. Die Konzerte werden ausf\u00fchrlich moderiert und mit interessanten R\u00fcckblicken auf die Musikszene und Zitaten aus Originalquellen angereichert. Das Ensemble besteht aus Studierenden und Dozenten der Hochschule f\u00fcr Musik und Theater M\u00fcnchen mit dem besonderen Fokus auf\u2026","rel":"","context":"In &quot;Galerie&quot;","block_context":{"text":"Galerie","link":"https:\/\/www.jazzzeitung.de\/cms\/thema\/galerie\/"},"img":{"alt_text":"","src":"https:\/\/i0.wp.com\/www.jazzzeitung.de\/cms\/wp-content\/uploads\/2015\/12\/0K3A0813-Bazijan-Riessler-Jost-dombr.jpg?resize=350%2C200","width":350,"height":200,"srcset":"https:\/\/i0.wp.com\/www.jazzzeitung.de\/cms\/wp-content\/uploads\/2015\/12\/0K3A0813-Bazijan-Riessler-Jost-dombr.jpg?resize=350%2C200 1x, https:\/\/i0.wp.com\/www.jazzzeitung.de\/cms\/wp-content\/uploads\/2015\/12\/0K3A0813-Bazijan-Riessler-Jost-dombr.jpg?resize=525%2C300 1.5x, https:\/\/i0.wp.com\/www.jazzzeitung.de\/cms\/wp-content\/uploads\/2015\/12\/0K3A0813-Bazijan-Riessler-Jost-dombr.jpg?resize=700%2C400 2x, https:\/\/i0.wp.com\/www.jazzzeitung.de\/cms\/wp-content\/uploads\/2015\/12\/0K3A0813-Bazijan-Riessler-Jost-dombr.jpg?resize=1050%2C600 3x"},"classes":[]}],"jetpack_sharing_enabled":true,"_links":{"self":[{"href":"https:\/\/www.jazzzeitung.de\/cms\/wp-json\/wp\/v2\/posts\/17984","targetHints":{"allow":["GET"]}}],"collection":[{"href":"https:\/\/www.jazzzeitung.de\/cms\/wp-json\/wp\/v2\/posts"}],"about":[{"href":"https:\/\/www.jazzzeitung.de\/cms\/wp-json\/wp\/v2\/types\/post"}],"author":[{"embeddable":true,"href":"https:\/\/www.jazzzeitung.de\/cms\/wp-json\/wp\/v2\/users\/18"}],"replies":[{"embeddable":true,"href":"https:\/\/www.jazzzeitung.de\/cms\/wp-json\/wp\/v2\/comments?post=17984"}],"version-history":[{"count":5,"href":"https:\/\/www.jazzzeitung.de\/cms\/wp-json\/wp\/v2\/posts\/17984\/revisions"}],"predecessor-version":[{"id":18053,"href":"https:\/\/www.jazzzeitung.de\/cms\/wp-json\/wp\/v2\/posts\/17984\/revisions\/18053"}],"wp:featuredmedia":[{"embeddable":true,"href":"https:\/\/www.jazzzeitung.de\/cms\/wp-json\/wp\/v2\/media\/17985"}],"wp:attachment":[{"href":"https:\/\/www.jazzzeitung.de\/cms\/wp-json\/wp\/v2\/media?parent=17984"}],"wp:term":[{"taxonomy":"category","embeddable":true,"href":"https:\/\/www.jazzzeitung.de\/cms\/wp-json\/wp\/v2\/categories?post=17984"},{"taxonomy":"post_tag","embeddable":true,"href":"https:\/\/www.jazzzeitung.de\/cms\/wp-json\/wp\/v2\/tags?post=17984"},{"taxonomy":"author","embeddable":true,"href":"https:\/\/www.jazzzeitung.de\/cms\/wp-json\/wp\/v2\/coauthors?post=17984"}],"curies":[{"name":"wp","href":"https:\/\/api.w.org\/{rel}","templated":true}]}}