{"id":17961,"date":"2018-12-02T12:00:03","date_gmt":"2018-12-02T11:00:03","guid":{"rendered":"https:\/\/www.jazzzeitung.de\/cms\/?p=17961"},"modified":"2018-11-26T19:04:53","modified_gmt":"2018-11-26T18:04:53","slug":"die-jazz-radiowoche-vom-03-12-bis-09-12-2018","status":"publish","type":"post","link":"https:\/\/www.jazzzeitung.de\/cms\/2018\/12\/die-jazz-radiowoche-vom-03-12-bis-09-12-2018\/","title":{"rendered":"Die Jazz-Radiowoche vom 03.12. bis 09.12.2018"},"content":{"rendered":"<p>Ein kleiner Blick in die Jazzwoche 49 im Radio. Es weihnachtet scho a bisserl. Zur n\u00e4heren Beachtung: <a href=\"http:\/\/www.u-d-j.de\/ziele\/gleichstellung\/\">Gemeinsame Erkl\u00e4rung zur Gleichstellung von Frauen im Jazz<\/a>.<\/p>\n<p>Die \u00dcbersicht zum <a href=\"https:\/\/service.conbrio.de\/service\/download\/278\/\">Download als PDF<\/a>. Alle Angaben ohne Gew\u00e4hr.<\/p>\n<hr \/>\n<h2>Jazz im Radio (Fernsehen)<\/h2>\n<ul>\n<li><strong>SR2<\/strong> \u2013 <u><a href=\"http:\/\/www.sr.de\/sr\/sr2\/sendungen_a-z\/uebersicht\/jazznow\/index.html\">JazzNow<\/a><\/u> \u2013 Sonntags von 20.04 bis 22.30 Uhr<\/li>\n<li><strong>BR-KLASSIK \u2013 <\/strong><u><a href=\"https:\/\/www.br-klassik.de\/themen\/jazz-und-weltmusik\/jazztime-die-ganze-welt-des-jazz-100.html\">Jazztime<\/a><\/u><strong> \u2013 <\/strong>Von Montag bis Freitag t\u00e4glich um 23.05 Uhr<\/li>\n<li><strong>rbb-kulturradio<\/strong> \u2013 <u><a href=\"https:\/\/www.kulturradio.de\/programm\/schema\/sendungen\/late_night_jazz.html\">Late Night Jazz<\/a><\/u> \u2013 Sa und So 23:04 \u2013 24:00 Uhr<\/li>\n<li><strong>hr2-kultur<\/strong> \u2013 <u><a href=\"http:\/\/www.hr2.de\/musik\/jazz\/index.html\">Jazz in hr2-kultur<\/a><\/u> \u2013 t\u00e4glich<\/li>\n<li><strong>SWR2<\/strong> \u2013 <u><a href=\"https:\/\/www.swr.de\/swr2\/programm\/sendungen\/jazz\/startseite-mit-vorschau\/-\/id=659242\/did=13778140\/nid=659242\/13ttn4d\/index.html\">Jazz<\/a><\/u> \u2013 t\u00e4glich<\/li>\n<li><strong>WDR3<\/strong> \u2013 <u><a href=\"http:\/\/www1.wdr.de\/radio\/wdr3\/programm\/sendungen\/wdr3-jazz-world\/index.html\">JAZZ &amp; WORLD<\/a><\/u> \u2013 Improvisiertes zum Tagesausklang \u2013 Montag bis Freitag, 22.04 \u2013 0:00 Uhr<\/li>\n<li><strong>Deutschlandfunk<\/strong> \u2013 <u><a href=\"http:\/\/www.deutschlandfunk.de\/jazz.747.de.html\">Jazz (\u00dcberblick)<\/a><\/u> \u2013 <u><a href=\"http:\/\/www.deutschlandfunk.de\/jazz-live.822.de.html\">Jazz Live<\/a><\/u>, <u><a href=\"http:\/\/www.deutschlandfunk.de\/jazzfacts.824.de.html\">JazzFacts<\/a><\/u> und <u><a href=\"http:\/\/www.deutschlandfunk.de\/milestones.1805.de.html\">Milestones<\/a><\/u><\/li>\n<li><strong>Deutschlandfunk Kultur<\/strong> \u2013 <u><a href=\"http:\/\/www.deutschlandfunkkultur.de\/jazz.1142.de.html\">Jazz<\/a><\/u> \u2013 diverse Sendetermine<\/li>\n<li><strong>ARTE TV<\/strong> \u2013 <u><a href=\"https:\/\/www.arte.tv\/de\/videos\/arte-concert\/jazz\/?xtor=AD-6-%5bMV_CFR_ARTE_DE_Google_GEN_GDN%5d-%5bGDN_GEN_Arte_Concerts_Jazz%5d-C-%5bjazz%20musik%5d\">Jazz<\/a><\/u><\/li>\n<\/ul>\n<hr \/>\n<h2>03.12.2018<\/h2>\n<hr \/>\n<p>17:50 bis 18:00 | SWR 2<br \/>\n<strong>SWR2 Jazz vor Sechs<\/strong><\/p>\n<p>19:04 bis 20:00 | hr2-kultur<br \/>\n<strong>H\u00f6rbar: Musik grenzenlos<\/strong><\/p>\n<p>19:35 bis 20:00 | MDR Kultur<br \/>\n<strong>MDR KULTUR \u2013 Jazz Lounge: Harry Connick Jr., Vocal<\/strong><\/p>\n<p>20:05 bis 22:00 | MDR Kultur<br \/>\n<strong>MDR KULTUR im Konzert<\/strong><\/p>\n<p>22:04 bis 00:00 | WDR 3<br \/>\n<strong>WDR 3 Jazz &amp; World: Jazz at the Santa Monica Civic 1972<\/strong><\/p>\n<p style=\"padding-left: 30px;\">Mit Roy Eldridge \u2013 tp, Harry \u201eSweets\u201c Edison \u2013 tp, Eddie \u201eLockjaw\u201c Davis \u2013 ts, Stan Getz \u2013 ts, Al Grey \u2013 tb, Oscar Peterson \u2013 p, Ray Brown \u2013 b, Ella Fitzgerald \u2013 voc, Tommy Flanagan Trio. Aufnahmen vom 2. Juli 1972 aus dem Santa Monica Civic Auditoriu, Los Angeles. Count Basie Band<\/p>\n<p>22:05 bis 23:00 | NDR Info<br \/>\n<strong>Play Jazz! Das Jazzmagazin \u2013 Mit Thomas Haak<\/strong><\/p>\n<p style=\"padding-left: 30px;\">Das Magazin aus der Welt des Jazz. Auf dem Programm stehen aktuelle CDs (darunter das \u201eAlbum der Woche\u201c) und Klassiker, Portr\u00e4ts von K\u00fcnstlern und Plattenfirmen, Konzerte, B\u00fccher und Filme.<\/p>\n<p style=\"padding-left: 30px;\">Play Jazz! sp\u00fcrt Trends nach und erinnert in der Rubrik \u201eRemember\u201c an die gro\u00dfen Momente der Jazzgeschichte. Im \u201eFenster nach Europa\u201c gibt es regelm\u00e4\u00dfig H\u00f6hepunkte von allen bedeutenden europ\u00e4ischen Jazzfestivals.<\/p>\n<p style=\"padding-left: 30px;\">Play Jazz! blickt auf die Jazz Szene im Sendegebiet und informiert in Interviews und Reportagen \u00fcber die Arbeit von Clubs, Jazzinitiativen und Festivals in Norddeutschland.<\/p>\n<p>22:30 bis 23:00 | hr2-kultur<br \/>\n<strong>Jazz Now: Aus dem Dschungel der Neuver\u00f6ffentlichungen<\/strong><\/p>\n<p style=\"padding-left: 30px;\">Am Mikrofon: Guenter Hottmann. heute mit: Markus Harm Quartet: As It Is | In Common (Walter Smith III \/ Matthew Stevens \/ Joel Ross \/ Harish Raghavan \/ Marcus Gilmore): In Common | Karin Hammar Fab 4: Circles | Andrew Cyrille \/ Wadada Leo Smith \/ Bill Frisell: Lebroba | Jeff Goldblum &amp; The Mildred Snitzer Orchestra (feat. Till Br\u00f6nner): The Capitol Studio Sessions |<\/p>\n<p>23:05 bis 00:00 | BR-KLASSIK<br \/>\n<strong>Jazztime: Jazztoday \u2013 Neues aus D\u00e4nemark und Norwegen<\/strong><\/p>\n<p style=\"padding-left: 30px;\">Mit dem Trio des Gitarristen Jakob Bro, mit dem Bassisten Thomas Fonnesbaek (im Duo mit dem Pianisten Enrico Pieranunzi) und mit dem Bassisten Sigurd Hole (solo und im Trio). Auswahl und Moderation: Henning Sieverts<\/p>\n<hr \/>\n<h2>04.12.2018<\/h2>\n<hr \/>\n<p>01:05 bis 05:00 | Deutschlandfunk Kultur<br \/>\n<strong>Tonart Jazz: Moderation: Vincent Neumann<\/strong><\/p>\n<p>17:50 bis 18:00 | SWR 2<br \/>\n<strong>SWR2 Jazz vor Sechs<\/strong><\/p>\n<p>19:35 bis 20:00 | MDR Kultur<br \/>\n<strong>MDR KULTUR \u2013 Jazz Lounge: Mix<\/strong><\/p>\n<p>21:03 bis 22:00 | SWR 2<br \/>\n<strong>SWR2 Jazz Session: Aus dem Archiv \u2013 Navigatore Project: Renaud Garcia-Fons bei den Donaueschinger Musiktagen 2001<\/strong><\/p>\n<p style=\"padding-left: 30px;\">Am Mikrofon: Gerd Filtgen. Renaud Garcia-Fons musikalische Reisen lassen die g\u00e4ngigen Bezugspunkte von Jazz, Klassik, World Music und Pop weit hinter sich. Ihre Routen scheinen nur den Koordinaten seiner eigenen Imagination zu folgen. Im Jahre 2001 stellte der franz\u00f6sische Kontrabassist ein Auftragswerk f\u00fcr das Jazzprogramm der Donaueschinger Musiktage zusammen: das Navigatore-Projekt. Mit seinem Ensemble, zu dem der Gitarrist Antonio Ruiz und der Akkordeonist Jean-Louis Matinier geh\u00f6rten, kreierte er einen schillernden Mix aus Musette, Flamenco, folkloristischen Motiven aus dem Mittelmeerraum und Jazz.<\/p>\n<p>21:05 bis 22:00 | Deutschlandfunk<br \/>\n<strong>Jazz Live: Olivia Trummer &amp; Jean-Lou Treboux<\/strong><\/p>\n<p style=\"padding-left: 30px;\">Olivia Trummer, Piano, Gesang; Jean-Lou Treboux, Vibrafon. Aufnahme vom 24.5.2017 beim Jazzfest Bonn aus dem Beethovenhaus\/Kammermusiksaal. Am Mikrofon: Anja Buchmann<\/p>\n<p style=\"padding-left: 30px;\">Piano trifft auf Vibrafon, Klassik auf Jazz, ausnotierte Themen auf Improvisation: Die in Jazz und Klassik ausgebildete deutsche Pianistin Olivia Trummer entwickelt gemeinsam mit dem Schweizer Vibrafonisten Jean-Lou Treboux elegant-verspielte und melodi\u00f6se musikalische Klanglandschaften. Kompositionen von Bach, Scarlatti und Mozart bilden die Grundlage f\u00fcr improvisatorische Exkursionen, in denen klassische Motive rhythmisch und harmonisch variiert werden. Vibrafon und Klavier wechseln immer wieder die Rollen als Begleit- und Soloinstrument, tanzen gleichsam miteinander und gl\u00e4nzen durch virtuose Unisono-Passagen.<\/p>\n<p>22:04 bis 00:00 | WDR 3<br \/>\n<strong>WDR 3 Jazz &amp; World: Konzerte des Orchesters Kurt Edelhagen<\/strong><\/p>\n<p style=\"padding-left: 30px;\">\u201eJazz im WDR\u201c mit Gast-Solist Slide Hampton \u2013 tb, dem Peter Trunk. Sextett und dem Carl Drewo Quartett. Aufnahme vom 10. Januar 1969 aus dem Theater Marl<\/p>\n<p>22:05 bis 23:00 | NDR Info<br \/>\n<strong>Play Jazz! Das Jazzmagazin \u2013 Mit Thomas Haak<\/strong><\/p>\n<p>22:30 bis 23:00 | hr2-kultur<br \/>\n<strong>Jazzgroove: An den R\u00e4ndern des Jazz | Am Mikrofon: Guenter Hottmann<\/strong><\/p>\n<p>23:00 bis 00:00 | Bremen Zwei<br \/>\n<strong>Jazz Grooves<\/strong><\/p>\n<p style=\"padding-left: 30px;\">Die ganze Welt des Jazz. Blue Note, Big Band, Neuerscheinungen und bekannte Stars \u2013 und Tipps zum Konzertgeschehen in Bremen und der Region.<\/p>\n<p>23:05 bis 00:00 | BR-KLASSIK<br \/>\n<strong>Jazztime: News &amp; Roots \u2013 Das kanadische Swing-Schwergewicht Oscar Peterson (1925 \u2013 2007)<\/strong><\/p>\n<hr \/>\n<h2>05.12.2018<\/h2>\n<hr \/>\n<p>17:50 bis 18:00 | SWR 2<br \/>\n<strong>SWR2 Jazz vor Sechs<\/strong><\/p>\n<p>19:05 bis 20:00 | BR-KLASSIK<br \/>\n<strong>Classic Sounds in Jazz_ \u201eLasst uns froh und munter sein\u201c<\/strong><\/p>\n<p style=\"padding-left: 30px;\">Nicht nur fr\u00f6hliche Jazzkl\u00e4nge zum Nikolaus-Tag. Musik von Billie Holiday, Sonny Rollins, Oscar Peterson und Saxofour. Moderation und Auswahl: Ulrich Habersetzer<\/p>\n<p>19:35 bis 20:00 | MDR Kultur<br \/>\n<strong>MDR KULTUR \u2013 Jazz Lounge: Bennie Wallace, Saxophon<\/strong><\/p>\n<p>22:04 bis 00:00 | WDR 3<br \/>\n<strong>WDR 3 Jazz &amp; World: Kl\u00e4nge vom Bosporus<\/strong><\/p>\n<p style=\"padding-left: 30px;\">H\u00fcsn\u00fc Senlendirici \u2013 kl, Aytac Dogan \u2013 kanun, Ismail Tuncbilek \u2013 baglama \u2013 elektr. Saz. Aufnahme vom 29. September 2017 aus dem Theaterzelt, Burgplatz D\u00fcsseldorf. Das Taksim Trio<\/p>\n<p>22:05 bis 23:00 | NDR Info<br \/>\n<strong>Play Jazz! Das Jazzmagazin \u2013 Mit Thomas Haak<\/strong><\/p>\n<p>22:30 bis 23:00 | hr2-kultur<br \/>\n<strong>Jazzfacts: What\u2019s going on? \u2013 Features, Interviews und was die Szene bewegt<\/strong><\/p>\n<p>23:05 bis 00:00 | BR-KLASSIK<br \/>\n<strong>Jazztime: Jazz aus N\u00fcrnberg: Jazz &amp; Beyond \u2013 Makaya McCraven und Maisha beim NUEJAZZ Festival in N\u00fcrnberg<\/strong><\/p>\n<p style=\"padding-left: 30px;\">Mit Makaya McCraven (Schlagzeug), Matt Gold (Gitarre), Junius Paul (Bass) und Greg Spero (Keyboards) sowie Jake Long (Schlagzeug), Nubya Garcia (Tenorsaxofon, Fl\u00f6te), Shirley Tetteh (Gitarre), Aman\u00e9 Suganami (Keys), Twm Dylan (Bass) und Tim Doyle (Percussion). Aufnahmen vom 15. und 17. November 2018. Moderation und Auswahl: Beate Sampson<\/p>\n<hr \/>\n<h2>06.12.2018<\/h2>\n<hr \/>\n<p>17:50 bis 18:00 | SWR 2<br \/>\n<strong>SWR2 Jazz vor Sechs<\/strong><\/p>\n<p>19:35 bis 20:00 | MDR Kultur<br \/>\n<strong>MDR KULTUR \u2013 Jazz Lounge: Mix<\/strong><\/p>\n<p>21:00 bis 22:00 | MDR Kultur<br \/>\n<strong>MDR KULTUR \u2013 Jazz: What\u2019s New? mit Bert Noglik<\/strong><\/p>\n<p>21:05 bis 22:00 | Deutschlandfunk<br \/>\n<strong>JazzFacts: Neues von der Improvisierten Musik \u2013 Am Mikrofon: Karsten M\u00fctzelfeldt<\/strong><\/p>\n<p>22:04 bis 00:00 | WDR 3<br \/>\n<strong>WDR 3 Jazz &amp; World: Szene NRW \u2013 Aktuelles aus der Region<\/strong><\/p>\n<p style=\"padding-left: 30px;\">WDR 3 Jazzfest: Die Bandleaderin Hendrika Entzian. Preview Jazz: Martin Laurentius. Preview World: Harald J\u00fcngst<\/p>\n<p>22:05 bis 23:00 | NDR Info<br \/>\n<strong>Play Jazz! Das Jazzmagazin \u2013 Mit Thomas Haak<\/strong><\/p>\n<p>22:30 bis 23:00 | hr2-kultur<br \/>\n<strong>Jazz Now: Aus dem Dschungel der Neuver\u00f6ffentlichungen. Am Mikrofon: Guenter Hottmann<\/strong><\/p>\n<p>23:03 bis 00:00 | SWR 2<br \/>\n<strong>SWR2 NOWJazz: Von Bert Noglik<\/strong><\/p>\n<p style=\"padding-left: 30px;\">Neues aus der Welt des Jazz wird im NOWJazz Magazin von SWR2 regelm\u00e4\u00dfig pr\u00e4sentiert. Wie immer erwarten Sie in dieser Sendung Informationen \u00fcber bevorstehende Events, Rezensionen \u00fcber Festivals, Buchbesprechungen und jede Menge brandneuer Alben.<\/p>\n<p>23:05 bis 00:00 | BR-KLASSIK<br \/>\n<strong>Jazztime: All that Jazz \u2013 Zum 90. Geburtstag des Schlagzeugers Frankie Dunlop<\/strong><\/p>\n<p style=\"padding-left: 30px;\">Moderation und Auswahl: Marcus A. Woelfle. Frankie Dunlop, der unter anderem mit Charles Mingus, Maynard Ferguson und Sonny Rollins musizierte, w\u00e4re am 6. Dezember 90 Jahre alt geworden. Seinen Ruf verdankt der swingende, melodische und kreative Schlagzeuger seiner langj\u00e4hrigen Mitgliedschaft im Thelonious Monk Quartett. Er gilt als jener Musiker, der nicht nur seine Soli \u00e4hnlich phrasierte wie Monk die seinen, man sagte sogar, er spielte Schlagzeug wie Monk tanzte.<\/p>\n<hr \/>\n<h2>07.12.2018<\/h2>\n<hr \/>\n<p>17:50 bis 18:00 | SWR 2<br \/>\n<strong>SWR2 Jazz vor Sechs<\/strong><\/p>\n<p>19:35 bis 20:00 | MDR Kultur<br \/>\n<strong>MDR KULTUR \u2013 Jazz Lounge: Best Of Gipsy Swing<\/strong><\/p>\n<p>22:04 bis 00:00 | WDR 3<br \/>\n<strong>WDR 3 Jazz &amp; World: WDR 3 Jazzfest 2019: Das Projekt \u201eLiving Being II\u201c von Vincent Peirani<\/strong><\/p>\n<p style=\"padding-left: 30px;\">Aufnahme vom 1. Februar 2014 aus dem Theater G\u00fctersloh. Vincent Peirani Thrill Box<\/p>\n<p>22:05 bis 23:00 | NDR Info<br \/>\n<strong>Jazz Special: Jazz Talk mit Ed Kr\u00f6ger<\/strong><\/p>\n<p style=\"padding-left: 30px;\">Mit Christian Erber. Der Bremer Posaunist Erhard (\u201eEd\u201c) Kr\u00f6ger z\u00e4hlt zu den erfahrensten Jazzern in Norddeutschland. Seit mehr als 50 Jahren steht er auf den B\u00fchnen nationaler und internationaler Jazzclubs. Wenn er zur Posaune greift, macht er keine Kompromisse. \u201eF\u00fcr mich ist wichtig, dass eine rhythmische Grundlage, ein Timing, vorhanden ist. Es muss swingen oder grooven und es m\u00fcssen sch\u00f6ne Harmonien sein, \u00fcber die man improvisieren kann\u201c, erkl\u00e4rt Kr\u00f6ger seine musikalische Philosophie.<\/p>\n<p style=\"padding-left: 30px;\">Seit rund 20 Jahren ist der Posaunist Bandleader des \u201eEd Kr\u00f6ger Quintetts\u201c, in dem er unter anderem mit seinem Sohn Ignaz Dinne (Saxofon) musiziert. Anl\u00e4sslich seines 75. Geburtstags Anfang Dezember sendet NDR Info ein Jazz Special, in dem Kr\u00f6ger seine Karriere Revue passieren l\u00e4sst. Au\u00dferdem erz\u00e4hlt er \u00fcber seine zweite gro\u00dfe Leidenschaft: das Rennradfahren.<\/p>\n<p>23:03 bis 00:00 | SWR 2<br \/>\n<strong>SWR2 NOWJazz: Von der Vielfalt der Traditionen elektrisiert<\/strong><\/p>\n<p style=\"padding-left: 30px;\">Jazz und improvisierte Musik aus dem Iran und der iranischen Diaspora. Von Franziska Buhre<\/p>\n<p>23:05 bis 00:00 | BR-KLASSIK<br \/>\n<strong>Jazztime: B\u00fchne frei im Studio 2 \u2026 f\u00fcr das Rick Hollander Quartet feat. Brian Levy.<\/strong><\/p>\n<p style=\"padding-left: 30px;\">Mit Brian Levy (Saxofon), Paul Br\u00e4ndle (Gitarre), Will Woodard (Bass) und Rick Hollander (Schlagzeug). Aufnahme vom 21. November 2018 im M\u00fcnchner Funkhaus. Moderation und Auswahl: Beate Sampson<\/p>\n<p style=\"padding-left: 30px;\">\u201eOn the Up and Up\u201c hei\u00dft die CD, die der Schlagzeuger Rick Hollander und sein Quartett 2016 herausgebracht haben. Diese Redewendung hat eine doppelte Bedeutung: \u201eauf dem aufsteigenden Ast\u201c ist die eine \u2013 und \u201eanst\u00e4ndig\u201c zu sein die andere. So positiv wie der Titel konnotiert ist, klingen auch die St\u00fccke, die der seit 1991 in M\u00fcnchen lebende und aus Detroit stammende Musiker f\u00fcr seine Band schreibt. Sie swingen, vereinen Songcharakter mit der Energie des Bebop, und das Feuer der Jazztradition mit den subtilen Finessen ihrer Weiterentwicklung im Modern Jazz. \u201eMelody is king\u201c lautet dabei die Pr\u00e4misse des komponierenden Schlagzeugers.<\/p>\n<p style=\"padding-left: 30px;\">Ab Ende der 70er-Jahre lebte Rick Hollander zun\u00e4chst in New York, wo er mit Woody Shaw, Robin Eubanks, Arnett Cobb, Rufus Reid, Tim Hagans, Steve Grossman und Roy Hargrove zusammenarbeitete. In den 80er Jahren trat er mit eigenen Gruppen u.a. beim Monterey und dem North Sea Jazz Festival auf. In M\u00fcnchen machte er sich als Schlagzeuger in den Gruppen von Hermann Breuer, Peter Tuscher, Ed Kr\u00f6ger, Johannes Herrlich und Walter Lang einen Namen. Rick Hollanders nach wie vor enge Verbindungen zur US-amerikanischen Jazzszene spiegeln sich auch in der Besetzung seines Quartetts wider. Mit Brian Levy aus Boston hat er einen Saxofonisten in der Band, der vollt\u00f6nend in der John Coltrane Tradition spielt, und Bassist Will Woodard aus New York ist ein facettenreicher Tieft\u00f6ner. Gitarrist Paul Br\u00e4ndle, mit Mitte 20 der Benjamin der Band stammt aus Augsburg und komplettiert die amerikanische Runde mit seinem groovenden Spiel und harmonisch feinsinnigen Spiel.<\/p>\n<hr \/>\n<h2>08.12.2018<\/h2>\n<hr \/>\n<p>17:05 bis 17:55 | Bayern 2<br \/>\n<strong>Jazz &amp; Politik: Politisches Feuilleton<\/strong><\/p>\n<p>17:50 bis 18:00 | SWR 2<br \/>\n<strong>SWR2 Jazz vor Sechs<\/strong><\/p>\n<p>18:05 bis 19:00 | BR-KLASSIK<br \/>\n<strong>Jazz und mehr: Die Monochromen<\/strong><\/p>\n<p style=\"padding-left: 30px;\">Mit Musik des Vertigo Trombone Quartet, des Berlage Saxophone Quartet, Helmut Kagerer, Helmut Nieberle und anderen. Moderation und Auswahl: Roland Spiegel<\/p>\n<p>19:04 bis 20:00 | hr2-kultur<br \/>\n<strong>Live Jazz: Aaron Diehl Trio with C\u00e9cile McLorin Salvant<\/strong><\/p>\n<p style=\"padding-left: 30px;\">Aaron Diehl Trio with C\u00e9cile McLorin Salvant : \u201eWild Women Don\u2019t Have The Blues\u201c || Aaron Diehl, p | Paul Sikivie, b | Kyle Poole, dr | C\u00e9cile McLorin Salvant, voc | \u201eJam im Konzerthaus\u201c, Wiener Konzerthaus, Wien, Oktober 2017. Am Mikrofon: J\u00fcrgen Schwab<\/p>\n<p>19:30 bis 20:00 | MDR Kultur<br \/>\n<strong>MDR KULTUR \u2013 Jazz Lounge: Mix<\/strong><\/p>\n<p>20:15 bis 21:00 | NDR Info<br \/>\n<strong>Jazz Klassiker: 60 Jahre NDR Jazzkonzerte: Back to Basie (Bengt-Arne Wallin, St\u00e9phane Grappelli)<\/strong><\/p>\n<p style=\"padding-left: 30px;\">NDR-Aufnahme vom 19. Mai 1960. Mit Felix Tenbaum. Vor 60 Jahren, im Februar 1958 rief der Norddeutsche Rundfunk mit Jazzredakteur Hans Gertberg die NDR Jazzworkshops im Studio 10 ins Leben. Es war der Beginn einer einzigartigen Konzertreihe, die bis heute andauert. Einer der H\u00f6hepunkte war der Workshop \u201eBack to Basie\u201c mit Bengt-Arne Wallin und St\u00e9phane Grappelli, aufgenommen im Mai 1960.<\/p>\n<p>22:03 bis 23:00 | SWR 2<br \/>\n<strong>SWR2 Jazztime: Disziplin und Freiheit \u2013 Zum 80. Geburtstag von McCoy Tyner<\/strong><\/p>\n<p style=\"padding-left: 30px;\">Von Harry Lachner. \u201eEr kann nehmen, was immer er will, und etwas Wunderbares daraus machen\u201c sagte der Saxofonist John Coltrane \u00fcber den Pianisten Alfred McCoy Tyner. F\u00fcnf Jahre lang war er in Coltranes Band der ideale Widerpart zum revolution\u00e4ren Spiel des Saxofonisten. Seine Akkorde, die flirrenden Klangfl\u00e4chen, boten Coltrane die Grundierung f\u00fcr seine melodischen H\u00f6henfl\u00fcge. Bis heute beweist McCoy Tyner ein besonderes Geschick, aus der Jazztradition zu sch\u00f6pfen, und diese Elemente auf wundersame Weise so zu verwandeln, dass seine musikalische Sprache eigenst\u00e4ndig und unverwechselbar wird.<\/p>\n<p>22:05 bis 23:00 | NDR Info<br \/>\n<strong>Jazz Konzert: My Polish Heart<\/strong><\/p>\n<p style=\"padding-left: 30px;\">Adam Baldych, Vladyslav Sendecki &amp; Atom String Quartet. NDR-Aufnahme aus der Elbphilharmonie vom 25. November 2018. Mit Beatrice Gamza<\/p>\n<p style=\"padding-left: 30px;\">\u201ePiano und Strings, das ist ein k\u00f6nigliches Gedeck\u201c, sagt Vladyslav Sendecki, \u201edenn in Polen spielen gerade diese Instrumente schon lange eine besondere Rolle im modernen Jazz\u201c. Einer der Pioniere war in den 1960er-Jahren der Pianist und Komponist Krzysztof Komeda. Ein Jahrzehnt sp\u00e4ter \u00fcbertrug der Geiger Zbigniew Seifert die Ideen von John Coltrane auf seine vier Saiten. Heute f\u00fchrt Adam Baldych die polnische Geigentradition in einer mitrei\u00dfenden, virtuosen Mixtur aus Klassik und Jazz weiter \u2013 ebenso wie das Atom String Quartet, das mit vier starken Pers\u00f6nlichkeiten besetzt ist, die das Genre Streichquartett gemeinsam neu denken. Integrale Figur des Abends ist der an Fr\u00e9d\u00e9ric Chopin wie Herbie Hancock geschulte Vladyslav Sendecki, der als einer den besten Jazzpianisten weltweit gilt und f\u00fcr den kreativen Br\u00fcckenschlag zu allen Streichern sorgt.<\/p>\n<hr \/>\n<h2>09.12.2018<\/h2>\n<hr \/>\n<p>00:05 bis 02:00 | Bayern 2<br \/>\n<strong>radioJazznacht: Mit Marcus A. Woelfle \u2013 Everyday I Have the Blues \u2013 Joe Williams zum 100. <\/strong><strong>Geburtstag (12.12.)<\/strong><\/p>\n<p>19:04 bis 20:00 | hr2-kultur<br \/>\n<strong>hr-Bigband: Konzerte und Produktionen<\/strong><\/p>\n<p style=\"padding-left: 30px;\">Konzerte und Produktionen u.a. mit: Jazzclub im Studio II: Martin Scales \/ Jean Paul H\u00f6chst\u00e4dter Organ Quartet, Frankfurt am Main, Hessischer Rundfunk, HF-Studio II , Mai 2018. Am Mikrofon: Matthias Spindler<\/p>\n<p>20:04 bis 22:30 | SR2 KulturRadio<br \/>\n<strong>JazzNow: JTI Award Trier<\/strong><\/p>\n<p style=\"padding-left: 30px;\">Ferenc Sn\u00e9tberger Trio. Aufnahme vom 2. August 2018 im Robert Schumann Haus in Trier<\/p>\n<p>22:05 bis 23:00 | NDR Info<br \/>\n<strong>Jazz NDR Bigband: 60 Jahre NDR Jazzkonzerte: NDR Bigband und Nils Wogram in der Elbphilharmonie<\/strong><\/p>\n<p style=\"padding-left: 30px;\">NDR-Aufnahme aus der Elbphilharmonie vom 18. Oktober 2018. Mit Henry Altmann. Erste Kontakte mit der NDR Bigband gab\u2019s schon Mitte der 1990er-Jahre, da war Nils Wogram als Twen Student und ein vielversprechendes Talent. Heute kann er es sich leisten, bescheiden zu sein \u2013 nach dem \u201ePortrait of a Band\u201c 2007, damals beim Enja-Label erschienen, ist das zweite gro\u00dfe Programm f\u00fcr die Bigband \u201eWork Smoothly\u201c gerade kein Vorzeige-Projekt f\u00fcr den Solisten Wogram selbst, sondern ausnahmslos f\u00fcr alle um ihn herum. Weil er sie alle so sch\u00e4tzt.<\/p>\n<p style=\"padding-left: 30px;\">F\u00fcr die Arbeit hatte sich der Posaunist zwei Ziele gesteckt \u2013 gezielt wollte er f\u00fcr die pers\u00f6nlichen musikantischen Profile im Orchester schreiben; denn, wie Wogram sagt: \u201eDieser Individualismus ist die gro\u00dfe St\u00e4rke der Band!\u201c Darum steht \u201edas Vokabular\u201c einzelner Kollegen im Mittelpunkt. Der zweite Schritt, den Wogram zuvor als Komponist gehen musste, war genau so wichtig: Musik zu kreieren, die in Erinnerung bleibt, die auch ohne Bigband f\u00fcr sich stehen k\u00f6nnte \u2013 \u201emarkant\u201c, nennt Wogram das.<\/p>\n","protected":false},"excerpt":{"rendered":"<p>Ein kleiner Blick in die Jazzwoche 49 im Radio. Es weihnachtet scho a bisserl. Zur n\u00e4heren Beachtung: Gemeinsame Erkl\u00e4rung zur Gleichstellung von Frauen im Jazz. Die \u00dcbersicht zum Download als PDF. Alle Angaben ohne Gew\u00e4hr. Jazz im Radio (Fernsehen) SR2 \u2013 JazzNow \u2013 Sonntags von 20.04 bis 22.30 Uhr BR-KLASSIK \u2013 Jazztime \u2013 Von Montag bis Freitag t\u00e4glich um 23.05 Uhr rbb-kulturradio \u2013 Late Night Jazz \u2013 Sa und So 23:04 \u2013 24:00 Uhr hr2-kultur \u2013 Jazz in hr2-kultur \u2013 t\u00e4glich SWR2 \u2013 Jazz \u2013 t\u00e4glich WDR3 \u2013 JAZZ &amp; WORLD \u2013 Improvisiertes zum Tagesausklang \u2013 Montag bis Freitag, 22.04 \u2013 0:00 Uhr Deutschlandfunk \u2013 Jazz (\u00dcberblick) \u2013 Jazz Live, JazzFacts und Milestones Deutschlandfunk Kultur \u2013 Jazz \u2013 diverse Sendetermine ARTE TV \u2013 Jazz 03.12.2018 17:50 bis 18:00 | SWR 2 SWR2 Jazz vor Sechs 19:04 bis 20:00 | hr2-kultur H\u00f6rbar: Musik grenzenlos 19:35 bis 20:00 | MDR Kultur MDR KULTUR \u2013 Jazz Lounge: Harry Connick Jr., Vocal 20:05 bis 22:00 | MDR Kultur MDR KULTUR im Konzert 22:04 bis 00:00 | WDR 3 WDR 3 Jazz &amp; World: Jazz at the Santa Monica Civic &hellip;<\/p>\n","protected":false},"author":1,"featured_media":13660,"comment_status":"open","ping_status":"closed","sticky":false,"template":"","format":"standard","meta":{"_jetpack_memberships_contains_paid_content":false,"footnotes":"","jetpack_publicize_message":"","jetpack_publicize_feature_enabled":true,"jetpack_social_post_already_shared":false,"jetpack_social_options":{"image_generator_settings":{"template":"highway","default_image_id":0,"font":"","enabled":false},"version":2}},"categories":[452],"tags":[1629],"coauthors":[650],"class_list":["post-17961","post","type-post","status-publish","format-standard","has-post-thumbnail","hentry","category-radio","tag-jazz-im-radio"],"yoast_head":"<!-- This site is optimized with the Yoast SEO plugin v27.5 - https:\/\/yoast.com\/product\/yoast-seo-wordpress\/ -->\n<title>Die Jazz-Radiowoche vom 03.12. bis 09.12.2018 - JazzZeitung<\/title>\n<meta name=\"robots\" content=\"index, follow, max-snippet:-1, max-image-preview:large, max-video-preview:-1\" \/>\n<link rel=\"canonical\" href=\"https:\/\/www.jazzzeitung.de\/cms\/2018\/12\/die-jazz-radiowoche-vom-03-12-bis-09-12-2018\/\" \/>\n<meta property=\"og:locale\" content=\"de_DE\" \/>\n<meta property=\"og:type\" content=\"article\" \/>\n<meta property=\"og:title\" content=\"Die Jazz-Radiowoche vom 03.12. bis 09.12.2018 - JazzZeitung\" \/>\n<meta property=\"og:description\" content=\"Ein kleiner Blick in die Jazzwoche 49 im Radio. Es weihnachtet scho a bisserl. Zur n\u00e4heren Beachtung: Gemeinsame Erkl\u00e4rung zur Gleichstellung von Frauen im Jazz. Die \u00dcbersicht zum Download als PDF. Alle Angaben ohne Gew\u00e4hr. Jazz im Radio (Fernsehen) SR2 \u2013 JazzNow \u2013 Sonntags von 20.04 bis 22.30 Uhr BR-KLASSIK \u2013 Jazztime \u2013 Von Montag bis Freitag t\u00e4glich um 23.05 Uhr rbb-kulturradio \u2013 Late Night Jazz \u2013 Sa und So 23:04 \u2013 24:00 Uhr hr2-kultur \u2013 Jazz in hr2-kultur \u2013 t\u00e4glich SWR2 \u2013 Jazz \u2013 t\u00e4glich WDR3 \u2013 JAZZ &amp; WORLD \u2013 Improvisiertes zum Tagesausklang \u2013 Montag bis Freitag, 22.04 \u2013 0:00 Uhr Deutschlandfunk \u2013 Jazz (\u00dcberblick) \u2013 Jazz Live, JazzFacts und Milestones Deutschlandfunk Kultur \u2013 Jazz \u2013 diverse Sendetermine ARTE TV \u2013 Jazz 03.12.2018 17:50 bis 18:00 | SWR 2 SWR2 Jazz vor Sechs 19:04 bis 20:00 | hr2-kultur H\u00f6rbar: Musik grenzenlos 19:35 bis 20:00 | MDR Kultur MDR KULTUR \u2013 Jazz Lounge: Harry Connick Jr., Vocal 20:05 bis 22:00 | MDR Kultur MDR KULTUR im Konzert 22:04 bis 00:00 | WDR 3 WDR 3 Jazz &amp; World: Jazz at the Santa Monica Civic &hellip;\" \/>\n<meta property=\"og:url\" content=\"https:\/\/www.jazzzeitung.de\/cms\/2018\/12\/die-jazz-radiowoche-vom-03-12-bis-09-12-2018\/\" \/>\n<meta property=\"og:site_name\" content=\"JazzZeitung\" \/>\n<meta property=\"article:publisher\" content=\"https:\/\/www.facebook.com\/JazzZeitung\/\" \/>\n<meta property=\"article:author\" content=\"https:\/\/www.facebook.com\/hufner\" \/>\n<meta property=\"article:published_time\" content=\"2018-12-02T11:00:03+00:00\" \/>\n<meta property=\"og:image\" content=\"https:\/\/i0.wp.com\/www.jazzzeitung.de\/cms\/wp-content\/uploads\/2017\/10\/radio-jazz.jpg?fit=2048%2C1536&ssl=1\" \/>\n\t<meta property=\"og:image:width\" content=\"2048\" \/>\n\t<meta property=\"og:image:height\" content=\"1536\" \/>\n\t<meta property=\"og:image:type\" content=\"image\/jpeg\" \/>\n<meta name=\"author\" content=\"Martin Hufner\" \/>\n<script type=\"application\/ld+json\" class=\"yoast-schema-graph\">{\"@context\":\"https:\\\/\\\/schema.org\",\"@graph\":[{\"@type\":\"Article\",\"@id\":\"https:\\\/\\\/www.jazzzeitung.de\\\/cms\\\/2018\\\/12\\\/die-jazz-radiowoche-vom-03-12-bis-09-12-2018\\\/#article\",\"isPartOf\":{\"@id\":\"https:\\\/\\\/www.jazzzeitung.de\\\/cms\\\/2018\\\/12\\\/die-jazz-radiowoche-vom-03-12-bis-09-12-2018\\\/\"},\"author\":{\"name\":\"Martin Hufner\",\"@id\":\"https:\\\/\\\/www.jazzzeitung.de\\\/cms\\\/#\\\/schema\\\/person\\\/b9a4e5ac765d94fb8f617bfa8f1fc5f7\"},\"headline\":\"Die Jazz-Radiowoche vom 03.12. bis 09.12.2018\",\"datePublished\":\"2018-12-02T11:00:03+00:00\",\"mainEntityOfPage\":{\"@id\":\"https:\\\/\\\/www.jazzzeitung.de\\\/cms\\\/2018\\\/12\\\/die-jazz-radiowoche-vom-03-12-bis-09-12-2018\\\/\"},\"wordCount\":2339,\"commentCount\":0,\"publisher\":{\"@id\":\"https:\\\/\\\/www.jazzzeitung.de\\\/cms\\\/#organization\"},\"image\":{\"@id\":\"https:\\\/\\\/www.jazzzeitung.de\\\/cms\\\/2018\\\/12\\\/die-jazz-radiowoche-vom-03-12-bis-09-12-2018\\\/#primaryimage\"},\"thumbnailUrl\":\"https:\\\/\\\/i0.wp.com\\\/www.jazzzeitung.de\\\/cms\\\/wp-content\\\/uploads\\\/2017\\\/10\\\/radio-jazz.jpg?fit=2048%2C1536&ssl=1\",\"keywords\":[\"Jazz im Radio\"],\"articleSection\":[\"Radio\"],\"inLanguage\":\"de\",\"potentialAction\":[{\"@type\":\"CommentAction\",\"name\":\"Comment\",\"target\":[\"https:\\\/\\\/www.jazzzeitung.de\\\/cms\\\/2018\\\/12\\\/die-jazz-radiowoche-vom-03-12-bis-09-12-2018\\\/#respond\"]}]},{\"@type\":\"WebPage\",\"@id\":\"https:\\\/\\\/www.jazzzeitung.de\\\/cms\\\/2018\\\/12\\\/die-jazz-radiowoche-vom-03-12-bis-09-12-2018\\\/\",\"url\":\"https:\\\/\\\/www.jazzzeitung.de\\\/cms\\\/2018\\\/12\\\/die-jazz-radiowoche-vom-03-12-bis-09-12-2018\\\/\",\"name\":\"Die Jazz-Radiowoche vom 03.12. bis 09.12.2018 - JazzZeitung\",\"isPartOf\":{\"@id\":\"https:\\\/\\\/www.jazzzeitung.de\\\/cms\\\/#website\"},\"primaryImageOfPage\":{\"@id\":\"https:\\\/\\\/www.jazzzeitung.de\\\/cms\\\/2018\\\/12\\\/die-jazz-radiowoche-vom-03-12-bis-09-12-2018\\\/#primaryimage\"},\"image\":{\"@id\":\"https:\\\/\\\/www.jazzzeitung.de\\\/cms\\\/2018\\\/12\\\/die-jazz-radiowoche-vom-03-12-bis-09-12-2018\\\/#primaryimage\"},\"thumbnailUrl\":\"https:\\\/\\\/i0.wp.com\\\/www.jazzzeitung.de\\\/cms\\\/wp-content\\\/uploads\\\/2017\\\/10\\\/radio-jazz.jpg?fit=2048%2C1536&ssl=1\",\"datePublished\":\"2018-12-02T11:00:03+00:00\",\"breadcrumb\":{\"@id\":\"https:\\\/\\\/www.jazzzeitung.de\\\/cms\\\/2018\\\/12\\\/die-jazz-radiowoche-vom-03-12-bis-09-12-2018\\\/#breadcrumb\"},\"inLanguage\":\"de\",\"potentialAction\":[{\"@type\":\"ReadAction\",\"target\":[\"https:\\\/\\\/www.jazzzeitung.de\\\/cms\\\/2018\\\/12\\\/die-jazz-radiowoche-vom-03-12-bis-09-12-2018\\\/\"]}]},{\"@type\":\"ImageObject\",\"inLanguage\":\"de\",\"@id\":\"https:\\\/\\\/www.jazzzeitung.de\\\/cms\\\/2018\\\/12\\\/die-jazz-radiowoche-vom-03-12-bis-09-12-2018\\\/#primaryimage\",\"url\":\"https:\\\/\\\/i0.wp.com\\\/www.jazzzeitung.de\\\/cms\\\/wp-content\\\/uploads\\\/2017\\\/10\\\/radio-jazz.jpg?fit=2048%2C1536&ssl=1\",\"contentUrl\":\"https:\\\/\\\/i0.wp.com\\\/www.jazzzeitung.de\\\/cms\\\/wp-content\\\/uploads\\\/2017\\\/10\\\/radio-jazz.jpg?fit=2048%2C1536&ssl=1\",\"width\":2048,\"height\":1536,\"caption\":\"radio-jazz. Montage: Hufner\"},{\"@type\":\"BreadcrumbList\",\"@id\":\"https:\\\/\\\/www.jazzzeitung.de\\\/cms\\\/2018\\\/12\\\/die-jazz-radiowoche-vom-03-12-bis-09-12-2018\\\/#breadcrumb\",\"itemListElement\":[{\"@type\":\"ListItem\",\"position\":1,\"name\":\"Startseite\",\"item\":\"https:\\\/\\\/www.jazzzeitung.de\\\/cms\\\/\"},{\"@type\":\"ListItem\",\"position\":2,\"name\":\"Die Jazz-Radiowoche vom 03.12. bis 09.12.2018\"}]},{\"@type\":\"WebSite\",\"@id\":\"https:\\\/\\\/www.jazzzeitung.de\\\/cms\\\/#website\",\"url\":\"https:\\\/\\\/www.jazzzeitung.de\\\/cms\\\/\",\"name\":\"JazzZeitung\",\"description\":\"Jazz-News und Jazz-Kontroverses\",\"publisher\":{\"@id\":\"https:\\\/\\\/www.jazzzeitung.de\\\/cms\\\/#organization\"},\"potentialAction\":[{\"@type\":\"SearchAction\",\"target\":{\"@type\":\"EntryPoint\",\"urlTemplate\":\"https:\\\/\\\/www.jazzzeitung.de\\\/cms\\\/?s={search_term_string}\"},\"query-input\":{\"@type\":\"PropertyValueSpecification\",\"valueRequired\":true,\"valueName\":\"search_term_string\"}}],\"inLanguage\":\"de\"},{\"@type\":\"Organization\",\"@id\":\"https:\\\/\\\/www.jazzzeitung.de\\\/cms\\\/#organization\",\"name\":\"JazzZeitung online\",\"url\":\"https:\\\/\\\/www.jazzzeitung.de\\\/cms\\\/\",\"logo\":{\"@type\":\"ImageObject\",\"inLanguage\":\"de\",\"@id\":\"https:\\\/\\\/www.jazzzeitung.de\\\/cms\\\/#\\\/schema\\\/logo\\\/image\\\/\",\"url\":\"https:\\\/\\\/i0.wp.com\\\/www.jazzzeitung.de\\\/cms\\\/wp-content\\\/uploads\\\/2015\\\/08\\\/JAZZZEITUNGDE_Logo_Neu.png?fit=499%2C200&ssl=1\",\"contentUrl\":\"https:\\\/\\\/i0.wp.com\\\/www.jazzzeitung.de\\\/cms\\\/wp-content\\\/uploads\\\/2015\\\/08\\\/JAZZZEITUNGDE_Logo_Neu.png?fit=499%2C200&ssl=1\",\"width\":499,\"height\":200,\"caption\":\"JazzZeitung online\"},\"image\":{\"@id\":\"https:\\\/\\\/www.jazzzeitung.de\\\/cms\\\/#\\\/schema\\\/logo\\\/image\\\/\"},\"sameAs\":[\"https:\\\/\\\/www.facebook.com\\\/JazzZeitung\\\/\"]},{\"@type\":\"Person\",\"@id\":\"https:\\\/\\\/www.jazzzeitung.de\\\/cms\\\/#\\\/schema\\\/person\\\/b9a4e5ac765d94fb8f617bfa8f1fc5f7\",\"name\":\"Martin Hufner\",\"image\":{\"@type\":\"ImageObject\",\"inLanguage\":\"de\",\"@id\":\"https:\\\/\\\/i0.wp.com\\\/www.jazzzeitung.de\\\/cms\\\/wp-content\\\/uploads\\\/2013\\\/07\\\/huf-06.jpg?resize=96%2C96&ssl=15fcc31aa94540751a3b804516452be00\",\"url\":\"https:\\\/\\\/i0.wp.com\\\/www.jazzzeitung.de\\\/cms\\\/wp-content\\\/uploads\\\/2013\\\/07\\\/huf-06.jpg?resize=96%2C96&ssl=1\",\"contentUrl\":\"https:\\\/\\\/i0.wp.com\\\/www.jazzzeitung.de\\\/cms\\\/wp-content\\\/uploads\\\/2013\\\/07\\\/huf-06.jpg?resize=96%2C96&ssl=1\",\"caption\":\"Martin Hufner\"},\"description\":\"Martin Hufner ist freier Autor der JazzZeitung.\",\"sameAs\":[\"https:\\\/\\\/www.kritische-masse.de\\\/logbuch\",\"https:\\\/\\\/www.facebook.com\\\/hufner\"],\"url\":\"https:\\\/\\\/www.jazzzeitung.de\\\/cms\\\/author\\\/admin\\\/\"}]}<\/script>\n<!-- \/ Yoast SEO plugin. -->","yoast_head_json":{"title":"Die Jazz-Radiowoche vom 03.12. bis 09.12.2018 - JazzZeitung","robots":{"index":"index","follow":"follow","max-snippet":"max-snippet:-1","max-image-preview":"max-image-preview:large","max-video-preview":"max-video-preview:-1"},"canonical":"https:\/\/www.jazzzeitung.de\/cms\/2018\/12\/die-jazz-radiowoche-vom-03-12-bis-09-12-2018\/","og_locale":"de_DE","og_type":"article","og_title":"Die Jazz-Radiowoche vom 03.12. bis 09.12.2018 - JazzZeitung","og_description":"Ein kleiner Blick in die Jazzwoche 49 im Radio. Es weihnachtet scho a bisserl. Zur n\u00e4heren Beachtung: Gemeinsame Erkl\u00e4rung zur Gleichstellung von Frauen im Jazz. Die \u00dcbersicht zum Download als PDF. Alle Angaben ohne Gew\u00e4hr. Jazz im Radio (Fernsehen) SR2 \u2013 JazzNow \u2013 Sonntags von 20.04 bis 22.30 Uhr BR-KLASSIK \u2013 Jazztime \u2013 Von Montag bis Freitag t\u00e4glich um 23.05 Uhr rbb-kulturradio \u2013 Late Night Jazz \u2013 Sa und So 23:04 \u2013 24:00 Uhr hr2-kultur \u2013 Jazz in hr2-kultur \u2013 t\u00e4glich SWR2 \u2013 Jazz \u2013 t\u00e4glich WDR3 \u2013 JAZZ &amp; WORLD \u2013 Improvisiertes zum Tagesausklang \u2013 Montag bis Freitag, 22.04 \u2013 0:00 Uhr Deutschlandfunk \u2013 Jazz (\u00dcberblick) \u2013 Jazz Live, JazzFacts und Milestones Deutschlandfunk Kultur \u2013 Jazz \u2013 diverse Sendetermine ARTE TV \u2013 Jazz 03.12.2018 17:50 bis 18:00 | SWR 2 SWR2 Jazz vor Sechs 19:04 bis 20:00 | hr2-kultur H\u00f6rbar: Musik grenzenlos 19:35 bis 20:00 | MDR Kultur MDR KULTUR \u2013 Jazz Lounge: Harry Connick Jr., Vocal 20:05 bis 22:00 | MDR Kultur MDR KULTUR im Konzert 22:04 bis 00:00 | WDR 3 WDR 3 Jazz &amp; World: Jazz at the Santa Monica Civic &hellip;","og_url":"https:\/\/www.jazzzeitung.de\/cms\/2018\/12\/die-jazz-radiowoche-vom-03-12-bis-09-12-2018\/","og_site_name":"JazzZeitung","article_publisher":"https:\/\/www.facebook.com\/JazzZeitung\/","article_author":"https:\/\/www.facebook.com\/hufner","article_published_time":"2018-12-02T11:00:03+00:00","og_image":[{"width":2048,"height":1536,"url":"https:\/\/i0.wp.com\/www.jazzzeitung.de\/cms\/wp-content\/uploads\/2017\/10\/radio-jazz.jpg?fit=2048%2C1536&ssl=1","type":"image\/jpeg"}],"author":"Martin Hufner","schema":{"@context":"https:\/\/schema.org","@graph":[{"@type":"Article","@id":"https:\/\/www.jazzzeitung.de\/cms\/2018\/12\/die-jazz-radiowoche-vom-03-12-bis-09-12-2018\/#article","isPartOf":{"@id":"https:\/\/www.jazzzeitung.de\/cms\/2018\/12\/die-jazz-radiowoche-vom-03-12-bis-09-12-2018\/"},"author":{"name":"Martin Hufner","@id":"https:\/\/www.jazzzeitung.de\/cms\/#\/schema\/person\/b9a4e5ac765d94fb8f617bfa8f1fc5f7"},"headline":"Die Jazz-Radiowoche vom 03.12. bis 09.12.2018","datePublished":"2018-12-02T11:00:03+00:00","mainEntityOfPage":{"@id":"https:\/\/www.jazzzeitung.de\/cms\/2018\/12\/die-jazz-radiowoche-vom-03-12-bis-09-12-2018\/"},"wordCount":2339,"commentCount":0,"publisher":{"@id":"https:\/\/www.jazzzeitung.de\/cms\/#organization"},"image":{"@id":"https:\/\/www.jazzzeitung.de\/cms\/2018\/12\/die-jazz-radiowoche-vom-03-12-bis-09-12-2018\/#primaryimage"},"thumbnailUrl":"https:\/\/i0.wp.com\/www.jazzzeitung.de\/cms\/wp-content\/uploads\/2017\/10\/radio-jazz.jpg?fit=2048%2C1536&ssl=1","keywords":["Jazz im Radio"],"articleSection":["Radio"],"inLanguage":"de","potentialAction":[{"@type":"CommentAction","name":"Comment","target":["https:\/\/www.jazzzeitung.de\/cms\/2018\/12\/die-jazz-radiowoche-vom-03-12-bis-09-12-2018\/#respond"]}]},{"@type":"WebPage","@id":"https:\/\/www.jazzzeitung.de\/cms\/2018\/12\/die-jazz-radiowoche-vom-03-12-bis-09-12-2018\/","url":"https:\/\/www.jazzzeitung.de\/cms\/2018\/12\/die-jazz-radiowoche-vom-03-12-bis-09-12-2018\/","name":"Die Jazz-Radiowoche vom 03.12. bis 09.12.2018 - JazzZeitung","isPartOf":{"@id":"https:\/\/www.jazzzeitung.de\/cms\/#website"},"primaryImageOfPage":{"@id":"https:\/\/www.jazzzeitung.de\/cms\/2018\/12\/die-jazz-radiowoche-vom-03-12-bis-09-12-2018\/#primaryimage"},"image":{"@id":"https:\/\/www.jazzzeitung.de\/cms\/2018\/12\/die-jazz-radiowoche-vom-03-12-bis-09-12-2018\/#primaryimage"},"thumbnailUrl":"https:\/\/i0.wp.com\/www.jazzzeitung.de\/cms\/wp-content\/uploads\/2017\/10\/radio-jazz.jpg?fit=2048%2C1536&ssl=1","datePublished":"2018-12-02T11:00:03+00:00","breadcrumb":{"@id":"https:\/\/www.jazzzeitung.de\/cms\/2018\/12\/die-jazz-radiowoche-vom-03-12-bis-09-12-2018\/#breadcrumb"},"inLanguage":"de","potentialAction":[{"@type":"ReadAction","target":["https:\/\/www.jazzzeitung.de\/cms\/2018\/12\/die-jazz-radiowoche-vom-03-12-bis-09-12-2018\/"]}]},{"@type":"ImageObject","inLanguage":"de","@id":"https:\/\/www.jazzzeitung.de\/cms\/2018\/12\/die-jazz-radiowoche-vom-03-12-bis-09-12-2018\/#primaryimage","url":"https:\/\/i0.wp.com\/www.jazzzeitung.de\/cms\/wp-content\/uploads\/2017\/10\/radio-jazz.jpg?fit=2048%2C1536&ssl=1","contentUrl":"https:\/\/i0.wp.com\/www.jazzzeitung.de\/cms\/wp-content\/uploads\/2017\/10\/radio-jazz.jpg?fit=2048%2C1536&ssl=1","width":2048,"height":1536,"caption":"radio-jazz. Montage: Hufner"},{"@type":"BreadcrumbList","@id":"https:\/\/www.jazzzeitung.de\/cms\/2018\/12\/die-jazz-radiowoche-vom-03-12-bis-09-12-2018\/#breadcrumb","itemListElement":[{"@type":"ListItem","position":1,"name":"Startseite","item":"https:\/\/www.jazzzeitung.de\/cms\/"},{"@type":"ListItem","position":2,"name":"Die Jazz-Radiowoche vom 03.12. bis 09.12.2018"}]},{"@type":"WebSite","@id":"https:\/\/www.jazzzeitung.de\/cms\/#website","url":"https:\/\/www.jazzzeitung.de\/cms\/","name":"JazzZeitung","description":"Jazz-News und Jazz-Kontroverses","publisher":{"@id":"https:\/\/www.jazzzeitung.de\/cms\/#organization"},"potentialAction":[{"@type":"SearchAction","target":{"@type":"EntryPoint","urlTemplate":"https:\/\/www.jazzzeitung.de\/cms\/?s={search_term_string}"},"query-input":{"@type":"PropertyValueSpecification","valueRequired":true,"valueName":"search_term_string"}}],"inLanguage":"de"},{"@type":"Organization","@id":"https:\/\/www.jazzzeitung.de\/cms\/#organization","name":"JazzZeitung online","url":"https:\/\/www.jazzzeitung.de\/cms\/","logo":{"@type":"ImageObject","inLanguage":"de","@id":"https:\/\/www.jazzzeitung.de\/cms\/#\/schema\/logo\/image\/","url":"https:\/\/i0.wp.com\/www.jazzzeitung.de\/cms\/wp-content\/uploads\/2015\/08\/JAZZZEITUNGDE_Logo_Neu.png?fit=499%2C200&ssl=1","contentUrl":"https:\/\/i0.wp.com\/www.jazzzeitung.de\/cms\/wp-content\/uploads\/2015\/08\/JAZZZEITUNGDE_Logo_Neu.png?fit=499%2C200&ssl=1","width":499,"height":200,"caption":"JazzZeitung online"},"image":{"@id":"https:\/\/www.jazzzeitung.de\/cms\/#\/schema\/logo\/image\/"},"sameAs":["https:\/\/www.facebook.com\/JazzZeitung\/"]},{"@type":"Person","@id":"https:\/\/www.jazzzeitung.de\/cms\/#\/schema\/person\/b9a4e5ac765d94fb8f617bfa8f1fc5f7","name":"Martin Hufner","image":{"@type":"ImageObject","inLanguage":"de","@id":"https:\/\/i0.wp.com\/www.jazzzeitung.de\/cms\/wp-content\/uploads\/2013\/07\/huf-06.jpg?resize=96%2C96&ssl=15fcc31aa94540751a3b804516452be00","url":"https:\/\/i0.wp.com\/www.jazzzeitung.de\/cms\/wp-content\/uploads\/2013\/07\/huf-06.jpg?resize=96%2C96&ssl=1","contentUrl":"https:\/\/i0.wp.com\/www.jazzzeitung.de\/cms\/wp-content\/uploads\/2013\/07\/huf-06.jpg?resize=96%2C96&ssl=1","caption":"Martin Hufner"},"description":"Martin Hufner ist freier Autor der JazzZeitung.","sameAs":["https:\/\/www.kritische-masse.de\/logbuch","https:\/\/www.facebook.com\/hufner"],"url":"https:\/\/www.jazzzeitung.de\/cms\/author\/admin\/"}]}},"wp-worthy-pixel":{"ignored":true,"public":null,"server":null,"url":null},"wp-worthy-type":"normal","jetpack_publicize_connections":[],"cc_featured_image_caption":{"caption_text":"Jazz im Radio.","source_text":"Foto: Martin Hufner","source_url":"https:\/\/www.musikkritik.org"},"jetpack_featured_media_url":"https:\/\/i0.wp.com\/www.jazzzeitung.de\/cms\/wp-content\/uploads\/2017\/10\/radio-jazz.jpg?fit=2048%2C1536&ssl=1","jetpack_shortlink":"https:\/\/wp.me\/p3KEcT-4FH","jetpack-related-posts":[{"id":22236,"url":"https:\/\/www.jazzzeitung.de\/cms\/2020\/03\/die-jazz-radiowoche-vom-30-03-20-bis-05-04-20\/","url_meta":{"origin":17961,"position":0},"title":"Die Jazz-Radiowoche vom 30.03.20 bis 05.04.20","author":"Martin Hufner","date":"29. M\u00e4rz 2020","format":false,"excerpt":"Ein kleiner Blick in die Jazzwoche 14 im Radio. Alle Angaben ohne Gew\u00e4hr. Jazz im Radio (Fernsehen) SR2 \u2013 JazzNow \u2013 Sonntags von 20.04 bis 22.30 Uhr BR-KLASSIK \u2013 Jazztime \u2013 Von Montag bis Freitag t\u00e4glich um 23.05 Uhr rbb-kultur \u2013 Late Night Jazz \u2013 Sa und So 23:04 \u2013\u2026","rel":"","context":"In &quot;News&quot;","block_context":{"text":"News","link":"https:\/\/www.jazzzeitung.de\/cms\/thema\/nachrichten\/"},"img":{"alt_text":"Jazz im Radio. Foto: Hufner","src":"https:\/\/i0.wp.com\/www.jazzzeitung.de\/cms\/wp-content\/uploads\/2019\/03\/jazz_im_radio.jpg?fit=1200%2C773&ssl=1&resize=350%2C200","width":350,"height":200,"srcset":"https:\/\/i0.wp.com\/www.jazzzeitung.de\/cms\/wp-content\/uploads\/2019\/03\/jazz_im_radio.jpg?fit=1200%2C773&ssl=1&resize=350%2C200 1x, https:\/\/i0.wp.com\/www.jazzzeitung.de\/cms\/wp-content\/uploads\/2019\/03\/jazz_im_radio.jpg?fit=1200%2C773&ssl=1&resize=525%2C300 1.5x, https:\/\/i0.wp.com\/www.jazzzeitung.de\/cms\/wp-content\/uploads\/2019\/03\/jazz_im_radio.jpg?fit=1200%2C773&ssl=1&resize=700%2C400 2x, https:\/\/i0.wp.com\/www.jazzzeitung.de\/cms\/wp-content\/uploads\/2019\/03\/jazz_im_radio.jpg?fit=1200%2C773&ssl=1&resize=1050%2C600 3x"},"classes":[]},{"id":23939,"url":"https:\/\/www.jazzzeitung.de\/cms\/2020\/12\/die-jazz-radiowoche-vom-7-12-20-bis-13-12-2020\/","url_meta":{"origin":17961,"position":1},"title":"Die Jazz-Radiowoche vom 7.12.20 bis 13.12.2020","author":"Martin Hufner","date":"6. Dezember 2020","format":false,"excerpt":"Ein kleiner Blick in die Jazzwoche 50 im Radio. Der ist dieses mal so klein, es steht da n\u00e4mlich gar nichts drin.Grund daf\u00fcr: Die Suchmaschine f\u00fcr Radiosendungen der ARD gibt am dem 7.12.2020 keine Ergebnisse heraus. Versuche der Kontaktaufnahme mit der ARD sind ohne Echo verhallt. Aktuell bleibt es bei\u2026","rel":"","context":"In &quot;News&quot;","block_context":{"text":"News","link":"https:\/\/www.jazzzeitung.de\/cms\/thema\/nachrichten\/"},"img":{"alt_text":"Jazz im Radio. Foto: Hufner","src":"https:\/\/i0.wp.com\/www.jazzzeitung.de\/cms\/wp-content\/uploads\/2019\/03\/jazz_im_radio.jpg?fit=1200%2C773&ssl=1&resize=350%2C200","width":350,"height":200,"srcset":"https:\/\/i0.wp.com\/www.jazzzeitung.de\/cms\/wp-content\/uploads\/2019\/03\/jazz_im_radio.jpg?fit=1200%2C773&ssl=1&resize=350%2C200 1x, https:\/\/i0.wp.com\/www.jazzzeitung.de\/cms\/wp-content\/uploads\/2019\/03\/jazz_im_radio.jpg?fit=1200%2C773&ssl=1&resize=525%2C300 1.5x, https:\/\/i0.wp.com\/www.jazzzeitung.de\/cms\/wp-content\/uploads\/2019\/03\/jazz_im_radio.jpg?fit=1200%2C773&ssl=1&resize=700%2C400 2x, https:\/\/i0.wp.com\/www.jazzzeitung.de\/cms\/wp-content\/uploads\/2019\/03\/jazz_im_radio.jpg?fit=1200%2C773&ssl=1&resize=1050%2C600 3x"},"classes":[]},{"id":23982,"url":"https:\/\/www.jazzzeitung.de\/cms\/2020\/12\/die-jazz-radiowoche-vom-14-12-20-bis-31-12-2020\/","url_meta":{"origin":17961,"position":2},"title":"Die Jazz-Radiowoche vom 14.12.20 bis 31.12.2020","author":"Martin Hufner","date":"13. Dezember 2020","format":false,"excerpt":"Ein kleiner Blick in Restmonat. Die Suchmaschine der ARD hat ihren Dienst am 7.12.2020 eingestellt. Nachfragen haben nur gezeigt, dass die Veranwortlichen kein Interesse daran haben, das zu kommunizieren. Weder ist herauszubekommen, wer das veranlasst hat noch warum. Danke ARD! F\u00fcr nichts. Jetzt schauen wir mal, wie es weiter geht.\u2026","rel":"","context":"In &quot;News&quot;","block_context":{"text":"News","link":"https:\/\/www.jazzzeitung.de\/cms\/thema\/nachrichten\/"},"img":{"alt_text":"Jazz im Radio. Foto: Hufner","src":"https:\/\/i0.wp.com\/www.jazzzeitung.de\/cms\/wp-content\/uploads\/2019\/03\/jazz_im_radio.jpg?fit=1200%2C773&ssl=1&resize=350%2C200","width":350,"height":200,"srcset":"https:\/\/i0.wp.com\/www.jazzzeitung.de\/cms\/wp-content\/uploads\/2019\/03\/jazz_im_radio.jpg?fit=1200%2C773&ssl=1&resize=350%2C200 1x, https:\/\/i0.wp.com\/www.jazzzeitung.de\/cms\/wp-content\/uploads\/2019\/03\/jazz_im_radio.jpg?fit=1200%2C773&ssl=1&resize=525%2C300 1.5x, https:\/\/i0.wp.com\/www.jazzzeitung.de\/cms\/wp-content\/uploads\/2019\/03\/jazz_im_radio.jpg?fit=1200%2C773&ssl=1&resize=700%2C400 2x, https:\/\/i0.wp.com\/www.jazzzeitung.de\/cms\/wp-content\/uploads\/2019\/03\/jazz_im_radio.jpg?fit=1200%2C773&ssl=1&resize=1050%2C600 3x"},"classes":[]},{"id":21609,"url":"https:\/\/www.jazzzeitung.de\/cms\/2020\/01\/die-jazz-radiowoche-vom-06-01-20-bis-12-01-20-notausgabe\/","url_meta":{"origin":17961,"position":3},"title":"Die Jazz-Radiowoche vom 06.01.20 bis 12.01.20 (Notausgabe)","author":"Martin Hufner","date":"5. Januar 2020","format":false,"excerpt":"Ein kleiner Blick in die Jazzwoche 02 im Radio. Notausgabe! Die \u00dcbersicht zum Download als PDF. Alle Angaben ohne Gew\u00e4hr. Jazz im Radio (Fernsehen) SR2 \u2013 JazzNow \u2013 Sonntags von 20.04 bis 22.30 Uhr BR-KLASSIK \u2013 Jazztime \u2013 Von Montag bis Freitag t\u00e4glich um 23.05 Uhr rbb-kultur \u2013 Late Night\u2026","rel":"","context":"In &quot;News&quot;","block_context":{"text":"News","link":"https:\/\/www.jazzzeitung.de\/cms\/thema\/nachrichten\/"},"img":{"alt_text":"Jazz im Radio. Foto: Hufner","src":"https:\/\/i0.wp.com\/www.jazzzeitung.de\/cms\/wp-content\/uploads\/2019\/03\/jazz_im_radio.jpg?fit=1200%2C773&ssl=1&resize=350%2C200","width":350,"height":200,"srcset":"https:\/\/i0.wp.com\/www.jazzzeitung.de\/cms\/wp-content\/uploads\/2019\/03\/jazz_im_radio.jpg?fit=1200%2C773&ssl=1&resize=350%2C200 1x, https:\/\/i0.wp.com\/www.jazzzeitung.de\/cms\/wp-content\/uploads\/2019\/03\/jazz_im_radio.jpg?fit=1200%2C773&ssl=1&resize=525%2C300 1.5x, https:\/\/i0.wp.com\/www.jazzzeitung.de\/cms\/wp-content\/uploads\/2019\/03\/jazz_im_radio.jpg?fit=1200%2C773&ssl=1&resize=700%2C400 2x, https:\/\/i0.wp.com\/www.jazzzeitung.de\/cms\/wp-content\/uploads\/2019\/03\/jazz_im_radio.jpg?fit=1200%2C773&ssl=1&resize=1050%2C600 3x"},"classes":[]},{"id":22441,"url":"https:\/\/www.jazzzeitung.de\/cms\/2020\/05\/die-jazz-radiowoche-vom-04-05-20-bis-10-05-20\/","url_meta":{"origin":17961,"position":4},"title":"Die Jazz-Radiowoche vom 04.05.20 bis 10.05.20","author":"Martin Hufner","date":"3. Mai 2020","format":false,"excerpt":"Ein kleiner Blick in die Jazzwoche 19 im Radio. Alle Angaben ohne Gew\u00e4hr. Jazz Special \u2013 Fire Music \u2013 Die unheilige Allianz von Jazz und Krieg | The Space Between \u2013 Mikrotonalit\u00e4t im Jazz","rel":"","context":"In &quot;News&quot;","block_context":{"text":"News","link":"https:\/\/www.jazzzeitung.de\/cms\/thema\/nachrichten\/"},"img":{"alt_text":"Jazz im Radio. Foto: Hufner","src":"https:\/\/i0.wp.com\/www.jazzzeitung.de\/cms\/wp-content\/uploads\/2019\/03\/jazz_im_radio.jpg?fit=1200%2C773&ssl=1&resize=350%2C200","width":350,"height":200,"srcset":"https:\/\/i0.wp.com\/www.jazzzeitung.de\/cms\/wp-content\/uploads\/2019\/03\/jazz_im_radio.jpg?fit=1200%2C773&ssl=1&resize=350%2C200 1x, https:\/\/i0.wp.com\/www.jazzzeitung.de\/cms\/wp-content\/uploads\/2019\/03\/jazz_im_radio.jpg?fit=1200%2C773&ssl=1&resize=525%2C300 1.5x, https:\/\/i0.wp.com\/www.jazzzeitung.de\/cms\/wp-content\/uploads\/2019\/03\/jazz_im_radio.jpg?fit=1200%2C773&ssl=1&resize=700%2C400 2x, https:\/\/i0.wp.com\/www.jazzzeitung.de\/cms\/wp-content\/uploads\/2019\/03\/jazz_im_radio.jpg?fit=1200%2C773&ssl=1&resize=1050%2C600 3x"},"classes":[]},{"id":10184,"url":"https:\/\/www.jazzzeitung.de\/cms\/2016\/09\/newsjazz-im-turmjazzfest-berlinbirdland-jazz-club-neuburg\/","url_meta":{"origin":17961,"position":5},"title":"+++ News +++ Jazz im Turm +++ Jazzfest Berlin +++ Birdland Jazz Club Neuburg","author":"Redaktion JazzZeitung","date":"30. September 2016","format":false,"excerpt":"Jazz im Turm Die September-Jam-Session bei Jazz im Turm nahe Glonn, wird am 29.9.16 um 20 Uhr\u00a0 von der S\u00e4ngerin Jasmin Bayer mit ihrer Formation er\u00f6ffnet. Auf dem Programm stehen Lieder ihrer j\u00fcngst erschienenen CD \u201eSummer Melodies\u201c, die sie mit Peter Tuscher (tpt), David Roberts (p), Markus Wagner (b) und\u2026","rel":"","context":"In &quot;News&quot;","block_context":{"text":"News","link":"https:\/\/www.jazzzeitung.de\/cms\/thema\/nachrichten\/"},"img":{"alt_text":"cache_2461745399","src":"https:\/\/i0.wp.com\/www.jazzzeitung.de\/cms\/wp-content\/uploads\/2016\/09\/cache_2461745399-150x150.png?resize=350%2C200","width":350,"height":200},"classes":[]}],"jetpack_sharing_enabled":true,"_links":{"self":[{"href":"https:\/\/www.jazzzeitung.de\/cms\/wp-json\/wp\/v2\/posts\/17961","targetHints":{"allow":["GET"]}}],"collection":[{"href":"https:\/\/www.jazzzeitung.de\/cms\/wp-json\/wp\/v2\/posts"}],"about":[{"href":"https:\/\/www.jazzzeitung.de\/cms\/wp-json\/wp\/v2\/types\/post"}],"author":[{"embeddable":true,"href":"https:\/\/www.jazzzeitung.de\/cms\/wp-json\/wp\/v2\/users\/1"}],"replies":[{"embeddable":true,"href":"https:\/\/www.jazzzeitung.de\/cms\/wp-json\/wp\/v2\/comments?post=17961"}],"version-history":[{"count":1,"href":"https:\/\/www.jazzzeitung.de\/cms\/wp-json\/wp\/v2\/posts\/17961\/revisions"}],"predecessor-version":[{"id":17962,"href":"https:\/\/www.jazzzeitung.de\/cms\/wp-json\/wp\/v2\/posts\/17961\/revisions\/17962"}],"wp:featuredmedia":[{"embeddable":true,"href":"https:\/\/www.jazzzeitung.de\/cms\/wp-json\/wp\/v2\/media\/13660"}],"wp:attachment":[{"href":"https:\/\/www.jazzzeitung.de\/cms\/wp-json\/wp\/v2\/media?parent=17961"}],"wp:term":[{"taxonomy":"category","embeddable":true,"href":"https:\/\/www.jazzzeitung.de\/cms\/wp-json\/wp\/v2\/categories?post=17961"},{"taxonomy":"post_tag","embeddable":true,"href":"https:\/\/www.jazzzeitung.de\/cms\/wp-json\/wp\/v2\/tags?post=17961"},{"taxonomy":"author","embeddable":true,"href":"https:\/\/www.jazzzeitung.de\/cms\/wp-json\/wp\/v2\/coauthors?post=17961"}],"curies":[{"name":"wp","href":"https:\/\/api.w.org\/{rel}","templated":true}]}}