{"id":17904,"date":"2018-11-21T16:00:16","date_gmt":"2018-11-21T15:00:16","guid":{"rendered":"https:\/\/www.jazzzeitung.de\/cms\/?p=17904"},"modified":"2018-11-21T15:49:43","modified_gmt":"2018-11-21T14:49:43","slug":"2nd-classical-beyond-festival-in-ottobrunn-kreuschbrothers-feat-giora-feidman-bobby-watson","status":"publish","type":"post","link":"https:\/\/www.jazzzeitung.de\/cms\/2018\/11\/2nd-classical-beyond-festival-in-ottobrunn-kreuschbrothers-feat-giora-feidman-bobby-watson\/","title":{"rendered":"2nd Classical &#038; Beyond Festival in Ottobrunn: Kreuschbrothers feat. Giora Feidman &#038; Bobby Watson"},"content":{"rendered":"<p>In den vergangenen zehn Jahren sind im Ottobrunner Wolf-Ferrari Haus im Rahmen der Ottobrunner Konzertreihe u.a. Stars und Legenden wie Joachim K\u00fchn, Ralph Towner, John Scofield, Kenny Garrett, Aki Takase, Klaus Doldinger, Alfredo Perl, Pepe Romero, das Hilliard Ensemble, Tulio Peramo, Badi Assad, Eliot Fisk, Al di Meola, Joe Lovano, Dave Liebman oder Rabih Abou Khalil in Ottobrunn aufgetreten!<\/p>\n<p>Zu diesem Jubil\u00e4um haben die Br\u00fcder Johannes &amp; Cornelius Kreusch, die mal im Hintergrund als Organisatoren, mal selbst auf der B\u00fchne stehen, f\u00fcr das Rahmenprogramm des zweiten Classical &amp; Beyond Festivals als \u201eStar-G\u00e4ste\u201c niemand Geringeren eingeladen als die Klezmer-Legende Giora Feidman und den Saxophon-Giganten Bobby Watson.<\/p>\n<div class=\"tiled-gallery type-rectangular tiled-gallery-unresized\" data-original-width=\"840\" data-carousel-extra='{&quot;blog_id&quot;:1,&quot;permalink&quot;:&quot;https:\\\/\\\/www.jazzzeitung.de\\\/cms\\\/2018\\\/11\\\/2nd-classical-beyond-festival-in-ottobrunn-kreuschbrothers-feat-giora-feidman-bobby-watson\\\/&quot;,&quot;likes_blog_id&quot;:55446655}' itemscope itemtype=\"http:\/\/schema.org\/ImageGallery\" > <div class=\"gallery-row\" style=\"width: 840px; height: 593px;\" data-original-width=\"840\" data-original-height=\"593\" > <div class=\"gallery-group images-2\" style=\"width: 443px; height: 593px;\" data-original-width=\"443\" data-original-height=\"593\" > <div class=\"tiled-gallery-item tiled-gallery-item-large\" itemprop=\"associatedMedia\" itemscope itemtype=\"http:\/\/schema.org\/ImageObject\"> <a href=\"https:\/\/www.jazzzeitung.de\/cms\/2018\/11\/2nd-classical-beyond-festival-in-ottobrunn-kreuschbrothers-feat-giora-feidman-bobby-watson\/p1087645-kreusch-septett-feat-bobby-watson-foto-tj-krebs-jazzphotoagencyweb-de\/\" border=\"0\" itemprop=\"url\"> <meta itemprop=\"width\" content=\"439\"> <meta itemprop=\"height\" content=\"293\"> <img decoding=\"async\" class=\"\" data-attachment-id=\"17917\" data-orig-file=\"https:\/\/www.jazzzeitung.de\/cms\/wp-content\/uploads\/2018\/11\/P1087645-Kreusch-Septett-feat-Bobby-Watson-Foto-TJ-Krebs-jazzphotoagency@web.de_.jpg\" data-orig-size=\"1800,1200\" data-comments-opened=\"1\" data-image-meta=\"{&quot;aperture&quot;:&quot;0&quot;,&quot;credit&quot;:&quot;&quot;,&quot;camera&quot;:&quot;&quot;,&quot;caption&quot;:&quot;&quot;,&quot;created_timestamp&quot;:&quot;0&quot;,&quot;copyright&quot;:&quot;&quot;,&quot;focal_length&quot;:&quot;0&quot;,&quot;iso&quot;:&quot;0&quot;,&quot;shutter_speed&quot;:&quot;0&quot;,&quot;title&quot;:&quot;&quot;,&quot;orientation&quot;:&quot;0&quot;}\" data-image-title=\"\" data-image-description=\"\" data-medium-file=\"https:\/\/i0.wp.com\/www.jazzzeitung.de\/cms\/wp-content\/uploads\/2018\/11\/P1087645-Kreusch-Septett-feat-Bobby-Watson-Foto-TJ-Krebs-jazzphotoagency%40web.de_.jpg?fit=300%2C200&#038;ssl=1\" data-large-file=\"https:\/\/i0.wp.com\/www.jazzzeitung.de\/cms\/wp-content\/uploads\/2018\/11\/P1087645-Kreusch-Septett-feat-Bobby-Watson-Foto-TJ-Krebs-jazzphotoagency%40web.de_.jpg?fit=840%2C560&#038;ssl=1\" src=\"https:\/\/i0.wp.com\/www.jazzzeitung.de\/cms\/wp-content\/uploads\/2018\/11\/P1087645-Kreusch-Septett-feat-Bobby-Watson-Foto-TJ-Krebs-jazzphotoagency%40web.de_.jpg?w=439&#038;h=293&#038;ssl=1\" width=\"439\" height=\"293\" loading=\"lazy\" data-original-width=\"439\" data-original-height=\"293\" itemprop=\"http:\/\/schema.org\/image\" title=\"\" alt=\"Kreusch Septett in Ottobrunn. Foto: Thomas J. Krebs\" style=\"width: 439px; height: 293px;\" \/> <\/a> <div class=\"tiled-gallery-caption\" itemprop=\"caption description\"> Kreusch Septett in Ottobrunn. Foto: Thomas J. Krebs <\/div> <\/div> <div class=\"tiled-gallery-item tiled-gallery-item-large\" itemprop=\"associatedMedia\" itemscope itemtype=\"http:\/\/schema.org\/ImageObject\"> <a href=\"https:\/\/www.jazzzeitung.de\/cms\/2018\/11\/2nd-classical-beyond-festival-in-ottobrunn-kreuschbrothers-feat-giora-feidman-bobby-watson\/p1087678-kreusch-feat-bobby-watson-foto-tj-krebs-jazzphotoagencyweb-de\/\" border=\"0\" itemprop=\"url\"> <meta itemprop=\"width\" content=\"439\"> <meta itemprop=\"height\" content=\"292\"> <img decoding=\"async\" class=\"\" data-attachment-id=\"17918\" data-orig-file=\"https:\/\/www.jazzzeitung.de\/cms\/wp-content\/uploads\/2018\/11\/P1087678-Kreusch-feat-Bobby-Watson-Foto-TJ-Krebs-jazzphotoagency@web.de_.jpg\" data-orig-size=\"1200,800\" data-comments-opened=\"1\" data-image-meta=\"{&quot;aperture&quot;:&quot;0&quot;,&quot;credit&quot;:&quot;&quot;,&quot;camera&quot;:&quot;&quot;,&quot;caption&quot;:&quot;&quot;,&quot;created_timestamp&quot;:&quot;0&quot;,&quot;copyright&quot;:&quot;&quot;,&quot;focal_length&quot;:&quot;0&quot;,&quot;iso&quot;:&quot;0&quot;,&quot;shutter_speed&quot;:&quot;0&quot;,&quot;title&quot;:&quot;&quot;,&quot;orientation&quot;:&quot;0&quot;}\" data-image-title=\"\" data-image-description=\"\" data-medium-file=\"https:\/\/i0.wp.com\/www.jazzzeitung.de\/cms\/wp-content\/uploads\/2018\/11\/P1087678-Kreusch-feat-Bobby-Watson-Foto-TJ-Krebs-jazzphotoagency%40web.de_.jpg?fit=300%2C200&#038;ssl=1\" data-large-file=\"https:\/\/i0.wp.com\/www.jazzzeitung.de\/cms\/wp-content\/uploads\/2018\/11\/P1087678-Kreusch-feat-Bobby-Watson-Foto-TJ-Krebs-jazzphotoagency%40web.de_.jpg?fit=840%2C560&#038;ssl=1\" src=\"https:\/\/i0.wp.com\/www.jazzzeitung.de\/cms\/wp-content\/uploads\/2018\/11\/P1087678-Kreusch-feat-Bobby-Watson-Foto-TJ-Krebs-jazzphotoagency%40web.de_.jpg?w=439&#038;h=292&#038;ssl=1\" width=\"439\" height=\"292\" loading=\"lazy\" data-original-width=\"439\" data-original-height=\"292\" itemprop=\"http:\/\/schema.org\/image\" title=\"\" alt=\"Kreusch feat. Bobby Watson.Foto: Thomas J. Krebs\" style=\"width: 439px; height: 292px;\" \/> <\/a> <div class=\"tiled-gallery-caption\" itemprop=\"caption description\"> Kreusch feat. Bobby Watson.Foto: Thomas J. Krebs <\/div> <\/div> <\/div> <!-- close group --> <div class=\"gallery-group images-1\" style=\"width: 397px; height: 593px;\" data-original-width=\"397\" data-original-height=\"593\" > <div class=\"tiled-gallery-item tiled-gallery-item-large\" itemprop=\"associatedMedia\" itemscope itemtype=\"http:\/\/schema.org\/ImageObject\"> <a href=\"https:\/\/www.jazzzeitung.de\/cms\/2018\/11\/2nd-classical-beyond-festival-in-ottobrunn-kreuschbrothers-feat-giora-feidman-bobby-watson\/p1087129-johannes-kreusch-foto-tj-krebs-jazzphotoagencyweb-de\/\" border=\"0\" itemprop=\"url\"> <meta itemprop=\"width\" content=\"393\"> <meta itemprop=\"height\" content=\"589\"> <img decoding=\"async\" class=\"\" data-attachment-id=\"17905\" data-orig-file=\"https:\/\/www.jazzzeitung.de\/cms\/wp-content\/uploads\/2018\/11\/P1087129-Johannes-Kreusch-Foto-TJ-Krebs-jazzphotoagency@web.de_.jpg\" data-orig-size=\"1200,1800\" data-comments-opened=\"1\" data-image-meta=\"{&quot;aperture&quot;:&quot;0&quot;,&quot;credit&quot;:&quot;&quot;,&quot;camera&quot;:&quot;&quot;,&quot;caption&quot;:&quot;&quot;,&quot;created_timestamp&quot;:&quot;0&quot;,&quot;copyright&quot;:&quot;&quot;,&quot;focal_length&quot;:&quot;0&quot;,&quot;iso&quot;:&quot;0&quot;,&quot;shutter_speed&quot;:&quot;0&quot;,&quot;title&quot;:&quot;&quot;,&quot;orientation&quot;:&quot;0&quot;}\" data-image-title=\"\" data-image-description=\"\" data-medium-file=\"https:\/\/i0.wp.com\/www.jazzzeitung.de\/cms\/wp-content\/uploads\/2018\/11\/P1087129-Johannes-Kreusch-Foto-TJ-Krebs-jazzphotoagency%40web.de_.jpg?fit=200%2C300&#038;ssl=1\" data-large-file=\"https:\/\/i0.wp.com\/www.jazzzeitung.de\/cms\/wp-content\/uploads\/2018\/11\/P1087129-Johannes-Kreusch-Foto-TJ-Krebs-jazzphotoagency%40web.de_.jpg?fit=400%2C600&#038;ssl=1\" src=\"https:\/\/i0.wp.com\/www.jazzzeitung.de\/cms\/wp-content\/uploads\/2018\/11\/P1087129-Johannes-Kreusch-Foto-TJ-Krebs-jazzphotoagency%40web.de_.jpg?w=393&#038;h=589&#038;ssl=1\" width=\"393\" height=\"589\" loading=\"lazy\" data-original-width=\"393\" data-original-height=\"589\" itemprop=\"http:\/\/schema.org\/image\" title=\"\" alt=\"Johannes Kreusch. Foto: Thomas J. Krebs\" style=\"width: 393px; height: 589px;\" \/> <\/a> <div class=\"tiled-gallery-caption\" itemprop=\"caption description\"> Johannes Kreusch. Foto: Thomas J. Krebs <\/div> <\/div> <\/div> <!-- close group --> <\/div> <!-- close row --> <div class=\"gallery-row\" style=\"width: 840px; height: 388px;\" data-original-width=\"840\" data-original-height=\"388\" > <div class=\"gallery-group images-1\" style=\"width: 580px; height: 388px;\" data-original-width=\"580\" data-original-height=\"388\" > <div class=\"tiled-gallery-item tiled-gallery-item-large\" itemprop=\"associatedMedia\" itemscope itemtype=\"http:\/\/schema.org\/ImageObject\"> <a href=\"https:\/\/www.jazzzeitung.de\/cms\/2018\/11\/2nd-classical-beyond-festival-in-ottobrunn-kreuschbrothers-feat-giora-feidman-bobby-watson\/p1087614-bobby-watson-foto-tj-krebs-jazzphotoagencyweb-de\/\" border=\"0\" itemprop=\"url\"> <meta itemprop=\"width\" content=\"576\"> <meta itemprop=\"height\" content=\"384\"> <img decoding=\"async\" class=\"\" data-attachment-id=\"17916\" data-orig-file=\"https:\/\/www.jazzzeitung.de\/cms\/wp-content\/uploads\/2018\/11\/P1087614-Bobby-Watson-Foto-TJ-Krebs-jazzphotoagency@web.de_.jpg\" data-orig-size=\"1200,800\" data-comments-opened=\"1\" data-image-meta=\"{&quot;aperture&quot;:&quot;0&quot;,&quot;credit&quot;:&quot;&quot;,&quot;camera&quot;:&quot;&quot;,&quot;caption&quot;:&quot;&quot;,&quot;created_timestamp&quot;:&quot;0&quot;,&quot;copyright&quot;:&quot;&quot;,&quot;focal_length&quot;:&quot;0&quot;,&quot;iso&quot;:&quot;0&quot;,&quot;shutter_speed&quot;:&quot;0&quot;,&quot;title&quot;:&quot;&quot;,&quot;orientation&quot;:&quot;0&quot;}\" data-image-title=\"\" data-image-description=\"\" data-medium-file=\"https:\/\/i0.wp.com\/www.jazzzeitung.de\/cms\/wp-content\/uploads\/2018\/11\/P1087614-Bobby-Watson-Foto-TJ-Krebs-jazzphotoagency%40web.de_.jpg?fit=300%2C200&#038;ssl=1\" data-large-file=\"https:\/\/i0.wp.com\/www.jazzzeitung.de\/cms\/wp-content\/uploads\/2018\/11\/P1087614-Bobby-Watson-Foto-TJ-Krebs-jazzphotoagency%40web.de_.jpg?fit=840%2C560&#038;ssl=1\" src=\"https:\/\/i0.wp.com\/www.jazzzeitung.de\/cms\/wp-content\/uploads\/2018\/11\/P1087614-Bobby-Watson-Foto-TJ-Krebs-jazzphotoagency%40web.de_.jpg?w=576&#038;h=384&#038;ssl=1\" width=\"576\" height=\"384\" loading=\"lazy\" data-original-width=\"576\" data-original-height=\"384\" itemprop=\"http:\/\/schema.org\/image\" title=\"\" alt=\"Bobby Watson. Foto: Thomas J. Krebs\" style=\"width: 576px; height: 384px;\" \/> <\/a> <div class=\"tiled-gallery-caption\" itemprop=\"caption description\"> Bobby Watson. Foto: Thomas J. Krebs <\/div> <\/div> <\/div> <!-- close group --> <div class=\"gallery-group images-1\" style=\"width: 260px; height: 388px;\" data-original-width=\"260\" data-original-height=\"388\" > <div class=\"tiled-gallery-item tiled-gallery-item-large\" itemprop=\"associatedMedia\" itemscope itemtype=\"http:\/\/schema.org\/ImageObject\"> <a href=\"https:\/\/www.jazzzeitung.de\/cms\/2018\/11\/2nd-classical-beyond-festival-in-ottobrunn-kreuschbrothers-feat-giora-feidman-bobby-watson\/p1087525-orsan-kreusch-foto-tj-krebs-jazzphotoagencyweb-de\/\" border=\"0\" itemprop=\"url\"> <meta itemprop=\"width\" content=\"256\"> <meta itemprop=\"height\" content=\"384\"> <img decoding=\"async\" class=\"\" data-attachment-id=\"17915\" data-orig-file=\"https:\/\/www.jazzzeitung.de\/cms\/wp-content\/uploads\/2018\/11\/P1087525-Orsan-Kreusch-Foto-TJ-Krebs-jazzphotoagency@web.de_.jpg\" data-orig-size=\"1200,1800\" data-comments-opened=\"1\" data-image-meta=\"{&quot;aperture&quot;:&quot;0&quot;,&quot;credit&quot;:&quot;&quot;,&quot;camera&quot;:&quot;&quot;,&quot;caption&quot;:&quot;&quot;,&quot;created_timestamp&quot;:&quot;0&quot;,&quot;copyright&quot;:&quot;&quot;,&quot;focal_length&quot;:&quot;0&quot;,&quot;iso&quot;:&quot;0&quot;,&quot;shutter_speed&quot;:&quot;0&quot;,&quot;title&quot;:&quot;&quot;,&quot;orientation&quot;:&quot;0&quot;}\" data-image-title=\"\" data-image-description=\"\" data-medium-file=\"https:\/\/i0.wp.com\/www.jazzzeitung.de\/cms\/wp-content\/uploads\/2018\/11\/P1087525-Orsan-Kreusch-Foto-TJ-Krebs-jazzphotoagency%40web.de_.jpg?fit=200%2C300&#038;ssl=1\" data-large-file=\"https:\/\/i0.wp.com\/www.jazzzeitung.de\/cms\/wp-content\/uploads\/2018\/11\/P1087525-Orsan-Kreusch-Foto-TJ-Krebs-jazzphotoagency%40web.de_.jpg?fit=400%2C600&#038;ssl=1\" src=\"https:\/\/i0.wp.com\/www.jazzzeitung.de\/cms\/wp-content\/uploads\/2018\/11\/P1087525-Orsan-Kreusch-Foto-TJ-Krebs-jazzphotoagency%40web.de_.jpg?w=256&#038;h=384&#038;ssl=1\" width=\"256\" height=\"384\" loading=\"lazy\" data-original-width=\"256\" data-original-height=\"384\" itemprop=\"http:\/\/schema.org\/image\" title=\"\" alt=\"Orsan - Kreusch. Foto: Thomas J. Krebs\" style=\"width: 256px; height: 384px;\" \/> <\/a> <div class=\"tiled-gallery-caption\" itemprop=\"caption description\"> Orsan &#8211; Kreusch. Foto: Thomas J. Krebs <\/div> <\/div> <\/div> <!-- close group --> <\/div> <!-- close row --> <div class=\"gallery-row\" style=\"width: 840px; height: 721px;\" data-original-width=\"840\" data-original-height=\"721\" > <div class=\"gallery-group images-1\" style=\"width: 482px; height: 721px;\" data-original-width=\"482\" data-original-height=\"721\" > <div class=\"tiled-gallery-item tiled-gallery-item-large\" itemprop=\"associatedMedia\" itemscope itemtype=\"http:\/\/schema.org\/ImageObject\"> <a href=\"https:\/\/www.jazzzeitung.de\/cms\/2018\/11\/2nd-classical-beyond-festival-in-ottobrunn-kreuschbrothers-feat-giora-feidman-bobby-watson\/p1087479-doris-orsan-foto-tj-krebs-jazzphotoagencyweb-de\/\" border=\"0\" itemprop=\"url\"> <meta itemprop=\"width\" content=\"478\"> <meta itemprop=\"height\" content=\"717\"> <img decoding=\"async\" class=\"\" data-attachment-id=\"17914\" data-orig-file=\"https:\/\/www.jazzzeitung.de\/cms\/wp-content\/uploads\/2018\/11\/P1087479-Doris-Orsan-Foto-TJ-Krebs-jazzphotoagency@web.de_.jpg\" data-orig-size=\"1200,1800\" data-comments-opened=\"1\" data-image-meta=\"{&quot;aperture&quot;:&quot;0&quot;,&quot;credit&quot;:&quot;&quot;,&quot;camera&quot;:&quot;&quot;,&quot;caption&quot;:&quot;&quot;,&quot;created_timestamp&quot;:&quot;0&quot;,&quot;copyright&quot;:&quot;&quot;,&quot;focal_length&quot;:&quot;0&quot;,&quot;iso&quot;:&quot;0&quot;,&quot;shutter_speed&quot;:&quot;0&quot;,&quot;title&quot;:&quot;&quot;,&quot;orientation&quot;:&quot;0&quot;}\" data-image-title=\"\" data-image-description=\"\" data-medium-file=\"https:\/\/i0.wp.com\/www.jazzzeitung.de\/cms\/wp-content\/uploads\/2018\/11\/P1087479-Doris-Orsan-Foto-TJ-Krebs-jazzphotoagency%40web.de_.jpg?fit=200%2C300&#038;ssl=1\" data-large-file=\"https:\/\/i0.wp.com\/www.jazzzeitung.de\/cms\/wp-content\/uploads\/2018\/11\/P1087479-Doris-Orsan-Foto-TJ-Krebs-jazzphotoagency%40web.de_.jpg?fit=400%2C600&#038;ssl=1\" src=\"https:\/\/i0.wp.com\/www.jazzzeitung.de\/cms\/wp-content\/uploads\/2018\/11\/P1087479-Doris-Orsan-Foto-TJ-Krebs-jazzphotoagency%40web.de_.jpg?w=478&#038;h=717&#038;ssl=1\" width=\"478\" height=\"717\" loading=\"lazy\" data-original-width=\"478\" data-original-height=\"717\" itemprop=\"http:\/\/schema.org\/image\" title=\"\" alt=\"Doris Orsan. Foto: Thomas J. Krebs\" style=\"width: 478px; height: 717px;\" \/> <\/a> <div class=\"tiled-gallery-caption\" itemprop=\"caption description\"> Doris Orsan. Foto: Thomas J. Krebs <\/div> <\/div> <\/div> <!-- close group --> <div class=\"gallery-group images-3\" style=\"width: 358px; height: 721px;\" data-original-width=\"358\" data-original-height=\"721\" > <div class=\"tiled-gallery-item tiled-gallery-item-large\" itemprop=\"associatedMedia\" itemscope itemtype=\"http:\/\/schema.org\/ImageObject\"> <a href=\"https:\/\/www.jazzzeitung.de\/cms\/2018\/11\/2nd-classical-beyond-festival-in-ottobrunn-kreuschbrothers-feat-giora-feidman-bobby-watson\/p1087427-kreusch-feidman-schulz-kreusch-foto-tj-krebs-jazzphotoagencyweb-de\/\" border=\"0\" itemprop=\"url\"> <meta itemprop=\"width\" content=\"354\"> <meta itemprop=\"height\" content=\"237\"> <img decoding=\"async\" class=\"\" data-attachment-id=\"17913\" data-orig-file=\"https:\/\/www.jazzzeitung.de\/cms\/wp-content\/uploads\/2018\/11\/P1087427-Kreusch-Feidman-Schulz-Kreusch-Foto-TJ-Krebs-jazzphotoagency@web.de_.jpg\" data-orig-size=\"1200,800\" data-comments-opened=\"1\" data-image-meta=\"{&quot;aperture&quot;:&quot;0&quot;,&quot;credit&quot;:&quot;&quot;,&quot;camera&quot;:&quot;&quot;,&quot;caption&quot;:&quot;&quot;,&quot;created_timestamp&quot;:&quot;0&quot;,&quot;copyright&quot;:&quot;&quot;,&quot;focal_length&quot;:&quot;0&quot;,&quot;iso&quot;:&quot;0&quot;,&quot;shutter_speed&quot;:&quot;0&quot;,&quot;title&quot;:&quot;&quot;,&quot;orientation&quot;:&quot;0&quot;}\" data-image-title=\"\" data-image-description=\"\" data-medium-file=\"https:\/\/i0.wp.com\/www.jazzzeitung.de\/cms\/wp-content\/uploads\/2018\/11\/P1087427-Kreusch-Feidman-Schulz-Kreusch-Foto-TJ-Krebs-jazzphotoagency%40web.de_.jpg?fit=300%2C200&#038;ssl=1\" data-large-file=\"https:\/\/i0.wp.com\/www.jazzzeitung.de\/cms\/wp-content\/uploads\/2018\/11\/P1087427-Kreusch-Feidman-Schulz-Kreusch-Foto-TJ-Krebs-jazzphotoagency%40web.de_.jpg?fit=840%2C560&#038;ssl=1\" src=\"https:\/\/i0.wp.com\/www.jazzzeitung.de\/cms\/wp-content\/uploads\/2018\/11\/P1087427-Kreusch-Feidman-Schulz-Kreusch-Foto-TJ-Krebs-jazzphotoagency%40web.de_.jpg?w=354&#038;h=237&#038;ssl=1\" width=\"354\" height=\"237\" loading=\"lazy\" data-original-width=\"354\" data-original-height=\"237\" itemprop=\"http:\/\/schema.org\/image\" title=\"\" alt=\"Kreusch - Feidman - Schulz - Kreusch. Foto: Thomas J. Krebs\" style=\"width: 354px; height: 237px;\" \/> <\/a> <div class=\"tiled-gallery-caption\" itemprop=\"caption description\"> Kreusch &#8211; Feidman &#8211; Schulz &#8211; Kreusch. Foto: Thomas J. Krebs <\/div> <\/div> <div class=\"tiled-gallery-item tiled-gallery-item-large\" itemprop=\"associatedMedia\" itemscope itemtype=\"http:\/\/schema.org\/ImageObject\"> <a href=\"https:\/\/www.jazzzeitung.de\/cms\/2018\/11\/2nd-classical-beyond-festival-in-ottobrunn-kreuschbrothers-feat-giora-feidman-bobby-watson\/p1087344-cornelius-kreusch-foto-tj-krebs-jazzphotoagencyweb-de\/\" border=\"0\" itemprop=\"url\"> <meta itemprop=\"width\" content=\"354\"> <meta itemprop=\"height\" content=\"236\"> <img decoding=\"async\" class=\"\" data-attachment-id=\"17911\" data-orig-file=\"https:\/\/www.jazzzeitung.de\/cms\/wp-content\/uploads\/2018\/11\/P1087344-Cornelius-Kreusch-Foto-TJ-Krebs-jazzphotoagency@web.de_.jpg\" data-orig-size=\"1200,800\" data-comments-opened=\"1\" data-image-meta=\"{&quot;aperture&quot;:&quot;0&quot;,&quot;credit&quot;:&quot;&quot;,&quot;camera&quot;:&quot;&quot;,&quot;caption&quot;:&quot;&quot;,&quot;created_timestamp&quot;:&quot;0&quot;,&quot;copyright&quot;:&quot;&quot;,&quot;focal_length&quot;:&quot;0&quot;,&quot;iso&quot;:&quot;0&quot;,&quot;shutter_speed&quot;:&quot;0&quot;,&quot;title&quot;:&quot;&quot;,&quot;orientation&quot;:&quot;0&quot;}\" data-image-title=\"\" data-image-description=\"\" data-medium-file=\"https:\/\/i0.wp.com\/www.jazzzeitung.de\/cms\/wp-content\/uploads\/2018\/11\/P1087344-Cornelius-Kreusch-Foto-TJ-Krebs-jazzphotoagency%40web.de_.jpg?fit=300%2C200&#038;ssl=1\" data-large-file=\"https:\/\/i0.wp.com\/www.jazzzeitung.de\/cms\/wp-content\/uploads\/2018\/11\/P1087344-Cornelius-Kreusch-Foto-TJ-Krebs-jazzphotoagency%40web.de_.jpg?fit=840%2C560&#038;ssl=1\" src=\"https:\/\/i0.wp.com\/www.jazzzeitung.de\/cms\/wp-content\/uploads\/2018\/11\/P1087344-Cornelius-Kreusch-Foto-TJ-Krebs-jazzphotoagency%40web.de_.jpg?w=354&#038;h=236&#038;ssl=1\" width=\"354\" height=\"236\" loading=\"lazy\" data-original-width=\"354\" data-original-height=\"236\" itemprop=\"http:\/\/schema.org\/image\" title=\"\" alt=\"Cornelius Kreusch. Foto: Thomas J. Krebs\" style=\"width: 354px; height: 236px;\" \/> <\/a> <div class=\"tiled-gallery-caption\" itemprop=\"caption description\"> Cornelius Kreusch. Foto: Thomas J. Krebs <\/div> <\/div> <div class=\"tiled-gallery-item tiled-gallery-item-large\" itemprop=\"associatedMedia\" itemscope itemtype=\"http:\/\/schema.org\/ImageObject\"> <a href=\"https:\/\/www.jazzzeitung.de\/cms\/2018\/11\/2nd-classical-beyond-festival-in-ottobrunn-kreuschbrothers-feat-giora-feidman-bobby-watson\/p1087288-giora-feidman-johannes-kreusch-foto-tj-krebs-jazzphotoagencyweb-de\/\" border=\"0\" itemprop=\"url\"> <meta itemprop=\"width\" content=\"354\"> <meta itemprop=\"height\" content=\"236\"> <img decoding=\"async\" class=\"\" data-attachment-id=\"17910\" data-orig-file=\"https:\/\/www.jazzzeitung.de\/cms\/wp-content\/uploads\/2018\/11\/P1087288-Giora-Feidman-Johannes-Kreusch-Foto-TJ-Krebs-jazzphotoagency@web.de_.jpg\" data-orig-size=\"1200,800\" data-comments-opened=\"1\" data-image-meta=\"{&quot;aperture&quot;:&quot;0&quot;,&quot;credit&quot;:&quot;&quot;,&quot;camera&quot;:&quot;&quot;,&quot;caption&quot;:&quot;&quot;,&quot;created_timestamp&quot;:&quot;0&quot;,&quot;copyright&quot;:&quot;&quot;,&quot;focal_length&quot;:&quot;0&quot;,&quot;iso&quot;:&quot;0&quot;,&quot;shutter_speed&quot;:&quot;0&quot;,&quot;title&quot;:&quot;&quot;,&quot;orientation&quot;:&quot;0&quot;}\" data-image-title=\"\" data-image-description=\"\" data-medium-file=\"https:\/\/i0.wp.com\/www.jazzzeitung.de\/cms\/wp-content\/uploads\/2018\/11\/P1087288-Giora-Feidman-Johannes-Kreusch-Foto-TJ-Krebs-jazzphotoagency%40web.de_.jpg?fit=300%2C200&#038;ssl=1\" data-large-file=\"https:\/\/i0.wp.com\/www.jazzzeitung.de\/cms\/wp-content\/uploads\/2018\/11\/P1087288-Giora-Feidman-Johannes-Kreusch-Foto-TJ-Krebs-jazzphotoagency%40web.de_.jpg?fit=840%2C560&#038;ssl=1\" src=\"https:\/\/i0.wp.com\/www.jazzzeitung.de\/cms\/wp-content\/uploads\/2018\/11\/P1087288-Giora-Feidman-Johannes-Kreusch-Foto-TJ-Krebs-jazzphotoagency%40web.de_.jpg?w=354&#038;h=236&#038;ssl=1\" width=\"354\" height=\"236\" loading=\"lazy\" data-original-width=\"354\" data-original-height=\"236\" itemprop=\"http:\/\/schema.org\/image\" title=\"\" alt=\"Giora Feidman &amp; Johannes Kreusch. Foto: Thomas J. Krebs\" style=\"width: 354px; height: 236px;\" \/> <\/a> <div class=\"tiled-gallery-caption\" itemprop=\"caption description\"> Giora Feidman &#038; Johannes Kreusch. Foto: Thomas J. Krebs <\/div> <\/div> <\/div> <!-- close group --> <\/div> <!-- close row --> <div class=\"gallery-row\" style=\"width: 840px; height: 230px;\" data-original-width=\"840\" data-original-height=\"230\" > <div class=\"gallery-group images-1\" style=\"width: 343px; height: 230px;\" data-original-width=\"343\" data-original-height=\"230\" > <div class=\"tiled-gallery-item tiled-gallery-item-large\" itemprop=\"associatedMedia\" itemscope itemtype=\"http:\/\/schema.org\/ImageObject\"> <a href=\"https:\/\/www.jazzzeitung.de\/cms\/2018\/11\/2nd-classical-beyond-festival-in-ottobrunn-kreuschbrothers-feat-giora-feidman-bobby-watson\/p1087236-giora-feidman-foto-tj-krebs-jazzphotoagencyweb-de\/\" border=\"0\" itemprop=\"url\"> <meta itemprop=\"width\" content=\"339\"> <meta itemprop=\"height\" content=\"226\"> <img decoding=\"async\" class=\"\" data-attachment-id=\"17909\" data-orig-file=\"https:\/\/www.jazzzeitung.de\/cms\/wp-content\/uploads\/2018\/11\/P1087236-Giora-Feidman-Foto-TJ-Krebs-jazzphotoagency@web.de_.jpg\" data-orig-size=\"1200,800\" data-comments-opened=\"1\" data-image-meta=\"{&quot;aperture&quot;:&quot;0&quot;,&quot;credit&quot;:&quot;&quot;,&quot;camera&quot;:&quot;&quot;,&quot;caption&quot;:&quot;&quot;,&quot;created_timestamp&quot;:&quot;0&quot;,&quot;copyright&quot;:&quot;&quot;,&quot;focal_length&quot;:&quot;0&quot;,&quot;iso&quot;:&quot;0&quot;,&quot;shutter_speed&quot;:&quot;0&quot;,&quot;title&quot;:&quot;&quot;,&quot;orientation&quot;:&quot;0&quot;}\" data-image-title=\"\" data-image-description=\"\" data-medium-file=\"https:\/\/i0.wp.com\/www.jazzzeitung.de\/cms\/wp-content\/uploads\/2018\/11\/P1087236-Giora-Feidman-Foto-TJ-Krebs-jazzphotoagency%40web.de_.jpg?fit=300%2C200&#038;ssl=1\" data-large-file=\"https:\/\/i0.wp.com\/www.jazzzeitung.de\/cms\/wp-content\/uploads\/2018\/11\/P1087236-Giora-Feidman-Foto-TJ-Krebs-jazzphotoagency%40web.de_.jpg?fit=840%2C560&#038;ssl=1\" src=\"https:\/\/i0.wp.com\/www.jazzzeitung.de\/cms\/wp-content\/uploads\/2018\/11\/P1087236-Giora-Feidman-Foto-TJ-Krebs-jazzphotoagency%40web.de_.jpg?w=339&#038;h=226&#038;ssl=1\" width=\"339\" height=\"226\" loading=\"lazy\" data-original-width=\"339\" data-original-height=\"226\" itemprop=\"http:\/\/schema.org\/image\" title=\"\" alt=\"Giora Feidman. Foto: Thomas J. Krebs\" style=\"width: 339px; height: 226px;\" \/> <\/a> <div class=\"tiled-gallery-caption\" itemprop=\"caption description\"> Giora Feidman. Foto: Thomas J. Krebs <\/div> <\/div> <\/div> <!-- close group --> <div class=\"gallery-group images-1\" style=\"width: 154px; height: 230px;\" data-original-width=\"154\" data-original-height=\"230\" > <div class=\"tiled-gallery-item tiled-gallery-item-small\" itemprop=\"associatedMedia\" itemscope itemtype=\"http:\/\/schema.org\/ImageObject\"> <a href=\"https:\/\/www.jazzzeitung.de\/cms\/2018\/11\/2nd-classical-beyond-festival-in-ottobrunn-kreuschbrothers-feat-giora-feidman-bobby-watson\/p1087170-giora-feidman-hands-foto-tj-krebs-jazzphotoagencyweb-de\/\" border=\"0\" itemprop=\"url\"> <meta itemprop=\"width\" content=\"150\"> <meta itemprop=\"height\" content=\"226\"> <img decoding=\"async\" class=\"\" data-attachment-id=\"17908\" data-orig-file=\"https:\/\/www.jazzzeitung.de\/cms\/wp-content\/uploads\/2018\/11\/P1087170-Giora-Feidman-hands-Foto-TJ-Krebs-jazzphotoagency@web.de_.jpg\" data-orig-size=\"1200,1800\" data-comments-opened=\"1\" data-image-meta=\"{&quot;aperture&quot;:&quot;0&quot;,&quot;credit&quot;:&quot;&quot;,&quot;camera&quot;:&quot;&quot;,&quot;caption&quot;:&quot;&quot;,&quot;created_timestamp&quot;:&quot;0&quot;,&quot;copyright&quot;:&quot;&quot;,&quot;focal_length&quot;:&quot;0&quot;,&quot;iso&quot;:&quot;0&quot;,&quot;shutter_speed&quot;:&quot;0&quot;,&quot;title&quot;:&quot;&quot;,&quot;orientation&quot;:&quot;0&quot;}\" data-image-title=\"\" data-image-description=\"\" data-medium-file=\"https:\/\/i0.wp.com\/www.jazzzeitung.de\/cms\/wp-content\/uploads\/2018\/11\/P1087170-Giora-Feidman-hands-Foto-TJ-Krebs-jazzphotoagency%40web.de_.jpg?fit=200%2C300&#038;ssl=1\" data-large-file=\"https:\/\/i0.wp.com\/www.jazzzeitung.de\/cms\/wp-content\/uploads\/2018\/11\/P1087170-Giora-Feidman-hands-Foto-TJ-Krebs-jazzphotoagency%40web.de_.jpg?fit=400%2C600&#038;ssl=1\" src=\"https:\/\/i0.wp.com\/www.jazzzeitung.de\/cms\/wp-content\/uploads\/2018\/11\/P1087170-Giora-Feidman-hands-Foto-TJ-Krebs-jazzphotoagency%40web.de_.jpg?w=150&#038;h=226&#038;ssl=1\" width=\"150\" height=\"226\" loading=\"lazy\" data-original-width=\"150\" data-original-height=\"226\" itemprop=\"http:\/\/schema.org\/image\" title=\"\" alt=\"Giora Feidman. Foto: Thomas J. Krebs\" style=\"width: 150px; height: 226px;\" \/> <\/a> <div class=\"tiled-gallery-caption\" itemprop=\"caption description\"> Giora Feidman. Foto: Thomas J. Krebs <\/div> <\/div> <\/div> <!-- close group --> <div class=\"gallery-group images-1\" style=\"width: 343px; height: 230px;\" data-original-width=\"343\" data-original-height=\"230\" > <div class=\"tiled-gallery-item tiled-gallery-item-large\" itemprop=\"associatedMedia\" itemscope itemtype=\"http:\/\/schema.org\/ImageObject\"> <a href=\"https:\/\/www.jazzzeitung.de\/cms\/2018\/11\/2nd-classical-beyond-festival-in-ottobrunn-kreuschbrothers-feat-giora-feidman-bobby-watson\/tom-r-schulz-giora-feidman-im-gespraech-foto-tj-krebs-jazzphotoagencyweb-de\/\" border=\"0\" itemprop=\"url\"> <meta itemprop=\"width\" content=\"339\"> <meta itemprop=\"height\" content=\"226\"> <img decoding=\"async\" class=\"\" data-attachment-id=\"17919\" data-orig-file=\"https:\/\/www.jazzzeitung.de\/cms\/wp-content\/uploads\/2018\/11\/Tom-R-Schulz-Giora-Feidman-im-Gespr\u00e4ch-Foto-TJ-Krebs-jazzphotoagency@web.de_.jpg\" data-orig-size=\"1200,800\" data-comments-opened=\"1\" data-image-meta=\"{&quot;aperture&quot;:&quot;0&quot;,&quot;credit&quot;:&quot;&quot;,&quot;camera&quot;:&quot;&quot;,&quot;caption&quot;:&quot;&quot;,&quot;created_timestamp&quot;:&quot;0&quot;,&quot;copyright&quot;:&quot;&quot;,&quot;focal_length&quot;:&quot;0&quot;,&quot;iso&quot;:&quot;0&quot;,&quot;shutter_speed&quot;:&quot;0&quot;,&quot;title&quot;:&quot;&quot;,&quot;orientation&quot;:&quot;0&quot;}\" data-image-title=\"\" data-image-description=\"\" data-medium-file=\"https:\/\/i0.wp.com\/www.jazzzeitung.de\/cms\/wp-content\/uploads\/2018\/11\/Tom-R-Schulz-Giora-Feidman-im-Gespr%C3%A4ch-Foto-TJ-Krebs-jazzphotoagency%40web.de_.jpg?fit=300%2C200&#038;ssl=1\" data-large-file=\"https:\/\/i0.wp.com\/www.jazzzeitung.de\/cms\/wp-content\/uploads\/2018\/11\/Tom-R-Schulz-Giora-Feidman-im-Gespr%C3%A4ch-Foto-TJ-Krebs-jazzphotoagency%40web.de_.jpg?fit=840%2C560&#038;ssl=1\" src=\"https:\/\/i0.wp.com\/www.jazzzeitung.de\/cms\/wp-content\/uploads\/2018\/11\/Tom-R-Schulz-Giora-Feidman-im-Gespr%C3%A4ch-Foto-TJ-Krebs-jazzphotoagency%40web.de_.jpg?w=339&#038;h=226&#038;ssl=1\" width=\"339\" height=\"226\" loading=\"lazy\" data-original-width=\"339\" data-original-height=\"226\" itemprop=\"http:\/\/schema.org\/image\" title=\"\" alt=\"Tom R Schulz &amp; Giora Feidman. Foto: Thomas J. Krebs\" style=\"width: 339px; height: 226px;\" \/> <\/a> <div class=\"tiled-gallery-caption\" itemprop=\"caption description\"> Tom R Schulz &#038; Giora Feidman. Foto: Thomas J. Krebs <\/div> <\/div> <\/div> <!-- close group --> <\/div> <!-- close row --> <div class=\"gallery-row\" style=\"width: 840px; height: 388px;\" data-original-width=\"840\" data-original-height=\"388\" > <div class=\"gallery-group images-1\" style=\"width: 260px; height: 388px;\" data-original-width=\"260\" data-original-height=\"388\" > <div class=\"tiled-gallery-item tiled-gallery-item-large\" itemprop=\"associatedMedia\" itemscope itemtype=\"http:\/\/schema.org\/ImageObject\"> <a href=\"https:\/\/www.jazzzeitung.de\/cms\/2018\/11\/2nd-classical-beyond-festival-in-ottobrunn-kreuschbrothers-feat-giora-feidman-bobby-watson\/p1087152-giora-feidman-foto-tj-krebs-jazzphotoagencyweb-de\/\" border=\"0\" itemprop=\"url\"> <meta itemprop=\"width\" content=\"256\"> <meta itemprop=\"height\" content=\"384\"> <img decoding=\"async\" class=\"\" data-attachment-id=\"17907\" data-orig-file=\"https:\/\/www.jazzzeitung.de\/cms\/wp-content\/uploads\/2018\/11\/P1087152-Giora-Feidman-Foto-TJ-Krebs-jazzphotoagency@web.de_.jpg\" data-orig-size=\"1200,1800\" data-comments-opened=\"1\" data-image-meta=\"{&quot;aperture&quot;:&quot;0&quot;,&quot;credit&quot;:&quot;&quot;,&quot;camera&quot;:&quot;&quot;,&quot;caption&quot;:&quot;&quot;,&quot;created_timestamp&quot;:&quot;0&quot;,&quot;copyright&quot;:&quot;&quot;,&quot;focal_length&quot;:&quot;0&quot;,&quot;iso&quot;:&quot;0&quot;,&quot;shutter_speed&quot;:&quot;0&quot;,&quot;title&quot;:&quot;&quot;,&quot;orientation&quot;:&quot;0&quot;}\" data-image-title=\"\" data-image-description=\"\" data-medium-file=\"https:\/\/i0.wp.com\/www.jazzzeitung.de\/cms\/wp-content\/uploads\/2018\/11\/P1087152-Giora-Feidman-Foto-TJ-Krebs-jazzphotoagency%40web.de_.jpg?fit=200%2C300&#038;ssl=1\" data-large-file=\"https:\/\/i0.wp.com\/www.jazzzeitung.de\/cms\/wp-content\/uploads\/2018\/11\/P1087152-Giora-Feidman-Foto-TJ-Krebs-jazzphotoagency%40web.de_.jpg?fit=400%2C600&#038;ssl=1\" src=\"https:\/\/i0.wp.com\/www.jazzzeitung.de\/cms\/wp-content\/uploads\/2018\/11\/P1087152-Giora-Feidman-Foto-TJ-Krebs-jazzphotoagency%40web.de_.jpg?w=256&#038;h=384&#038;ssl=1\" width=\"256\" height=\"384\" loading=\"lazy\" data-original-width=\"256\" data-original-height=\"384\" itemprop=\"http:\/\/schema.org\/image\" title=\"\" alt=\"Giora Feidman. Foto: Thomas J. Krebs\" style=\"width: 256px; height: 384px;\" \/> <\/a> <div class=\"tiled-gallery-caption\" itemprop=\"caption description\"> Giora Feidman. Foto: Thomas J. Krebs <\/div> <\/div> <\/div> <!-- close group --> <div class=\"gallery-group images-1\" style=\"width: 580px; height: 388px;\" data-original-width=\"580\" data-original-height=\"388\" > <div class=\"tiled-gallery-item tiled-gallery-item-large\" itemprop=\"associatedMedia\" itemscope itemtype=\"http:\/\/schema.org\/ImageObject\"> <a href=\"https:\/\/www.jazzzeitung.de\/cms\/2018\/11\/2nd-classical-beyond-festival-in-ottobrunn-kreuschbrothers-feat-giora-feidman-bobby-watson\/p1087131-giora-feidman-foto-tj-krebs-jazzphotoagencyweb-de\/\" border=\"0\" itemprop=\"url\"> <meta itemprop=\"width\" content=\"576\"> <meta itemprop=\"height\" content=\"384\"> <img decoding=\"async\" class=\"\" data-attachment-id=\"17906\" data-orig-file=\"https:\/\/www.jazzzeitung.de\/cms\/wp-content\/uploads\/2018\/11\/P1087131-Giora-Feidman-Foto-TJ-Krebs-jazzphotoagency@web.de_.jpg\" data-orig-size=\"1200,800\" data-comments-opened=\"1\" data-image-meta=\"{&quot;aperture&quot;:&quot;0&quot;,&quot;credit&quot;:&quot;&quot;,&quot;camera&quot;:&quot;&quot;,&quot;caption&quot;:&quot;&quot;,&quot;created_timestamp&quot;:&quot;0&quot;,&quot;copyright&quot;:&quot;&quot;,&quot;focal_length&quot;:&quot;0&quot;,&quot;iso&quot;:&quot;0&quot;,&quot;shutter_speed&quot;:&quot;0&quot;,&quot;title&quot;:&quot;&quot;,&quot;orientation&quot;:&quot;0&quot;}\" data-image-title=\"\" data-image-description=\"\" data-medium-file=\"https:\/\/i0.wp.com\/www.jazzzeitung.de\/cms\/wp-content\/uploads\/2018\/11\/P1087131-Giora-Feidman-Foto-TJ-Krebs-jazzphotoagency%40web.de_.jpg?fit=300%2C200&#038;ssl=1\" data-large-file=\"https:\/\/i0.wp.com\/www.jazzzeitung.de\/cms\/wp-content\/uploads\/2018\/11\/P1087131-Giora-Feidman-Foto-TJ-Krebs-jazzphotoagency%40web.de_.jpg?fit=840%2C560&#038;ssl=1\" src=\"https:\/\/i0.wp.com\/www.jazzzeitung.de\/cms\/wp-content\/uploads\/2018\/11\/P1087131-Giora-Feidman-Foto-TJ-Krebs-jazzphotoagency%40web.de_.jpg?w=576&#038;h=384&#038;ssl=1\" width=\"576\" height=\"384\" loading=\"lazy\" data-original-width=\"576\" data-original-height=\"384\" itemprop=\"http:\/\/schema.org\/image\" title=\"\" alt=\"Giora Feidman. Foto: Thomas J. Krebs\" style=\"width: 576px; height: 384px;\" \/> <\/a> <div class=\"tiled-gallery-caption\" itemprop=\"caption description\"> Giora Feidman. Foto: Thomas J. Krebs <\/div> <\/div> <\/div> <!-- close group --> <\/div> <!-- close row --> <\/div>\n<p>Den ersten Abend des Festivals bestritt Cornelius Kreusch &#8211; hoch inspiriert und virtuos &#8211; solo am Piano, gefolgt von Johannes Kreusch an der Gitarre im Duo mit dem mittlerweile 82-j\u00e4hrigen Klarinettisten Giora Feidman. Was sich w\u00e4hrend dieser Begegnung ereignete war mehr als nur faszinierend. Giora Feidman begann mit ultraleisen, aufmerkenden T\u00f6nen, die er seiner Klarinette entlockte, im Geiste des klassischen <a href=\"https:\/\/de.wikipedia.org\/wiki\/Chassidisch\">chassidischen<\/a>\u00a0<a href=\"https:\/\/de.wikipedia.org\/wiki\/Niggun\">Niggun<\/a>, mit der wundervollen Melodie des hebr\u00e4ischen Volksliedes Hava Nagila. Es folgten Werke von Piazolla bis Schubert. Als Feidman schlie\u00dflich das Lied \u201eDona Dona\u201c anstimmte, summte das Publikum leise und verhalten die Melodie des Liedes mit. Giora Feidman war sichtlich bewegt &#8211; G\u00e4nsehaut pur!<\/p>\n<p>Nach dem Konzert folgte dann ein Ottobrunner Special: das obligatorische \u201eMeet The Artist\u201c: Nach tiefen pers\u00f6nlichen und vers\u00f6hnlichen Ein- und Ausblicken im Dialog mit Feidman und den Kreusch Br\u00fcdern, Moderator Tom R. Schulz sorgte behutsam f\u00fcr einen durchg\u00e4ngigen Gespr\u00e4chsfaden, folgte ein ganz besonderer Moment: Auf die Frage von Schulz, wie man das fruchtbare Gespr\u00e4ch zu einem Ende bringen k\u00f6nne, ob man noch gemeinsam etwas singen wolle, antwortete Feidman klar und bestimmt: NEIN &#8211; er werde noch etwas spielen \u2026 , holte seine Klarinette und begann solo \u201eShalom Chaverim\u201c zu spielen. Das Publikum setzte behutsam mit feinem Gesang ein und so entstand ein einmaliger, unvergesslicher Moment!<\/p>\n<p>Im ersten Teil des zweiten Abends spielten dann Doris Orsan an der Violine im Duo mit dem Gitarristen Johannes Kreusch und verzauberten das Publikum unter dem Motto \u201eTango y Canciones\u201c mit eindringlichen, besinnlichen Kl\u00e4ngen von Piazolla, \u00fcber Peramo bis hin zu Kompositionen von Cabrera und DeFalla.<\/p>\n<p>Im zweiten Teil des Abends spielte Bobby Watson gemeinsam mit Cornelius Kreusch, Jens Loh am Bass und dem Drummer Patrick Manzecchi &#8211; \u201eNew York World Jazz\u201c vom Feinsten. Verst\u00e4rkt wurde das Quartett schlie\u00dflich von der \u201eAfrican &#8211; Brazilian Percussionpower\u201c, Gilson de Assis, Famadi Sako und Borel da Souza, mit rasanten, aberwitzigen Rhythmen &#8211; f\u00fcr das begeisterte Publikum gab es zum Schluss kein Halten mehr.<\/p>\n<p>Beim obligatorischen \u201eMeet the Artist\u201c folgten dann pers\u00f6nliche Eindr\u00fccke und Erfahrungsberichte von Bobby Watson und den Kreusch-Br\u00fcdern.<\/p>\n<p>F\u00fcr das Auge sorgte in bew\u00e4hrter Weise Mastermind Josef Hagn mit seinem Team f\u00fcr ein beeindruckendes, unglaublich stimmiges B\u00fchnenbild.<\/p>\n<p>Diese beiden Abende werden ohne Zweifel in die Geschichte Ottobrunns eingehen.<\/p>\n<p>Text &amp; Fotos: Thomas J. Krebs<\/p>\n<p>&nbsp;<\/p>\n<p>&nbsp;<\/p>\n<p>&nbsp;<\/p>\n<p>&nbsp;<\/p>\n","protected":false},"excerpt":{"rendered":"<p>In den vergangenen zehn Jahren sind im Ottobrunner Wolf-Ferrari Haus im Rahmen der Ottobrunner Konzertreihe u.a. Stars und Legenden wie Joachim K\u00fchn, Ralph Towner, John Scofield, Kenny Garrett, Aki Takase, Klaus Doldinger, Alfredo Perl, Pepe Romero, das Hilliard Ensemble, Tulio Peramo, Badi Assad, Eliot Fisk, Al di Meola, Joe Lovano, Dave Liebman oder Rabih Abou Khalil in Ottobrunn aufgetreten! Zu diesem Jubil\u00e4um haben die Br\u00fcder Johannes &amp; Cornelius Kreusch, die mal im Hintergrund als Organisatoren, mal selbst auf der B\u00fchne stehen, f\u00fcr das Rahmenprogramm des zweiten Classical &amp; Beyond Festivals als \u201eStar-G\u00e4ste\u201c niemand Geringeren eingeladen als die Klezmer-Legende Giora Feidman und den Saxophon-Giganten Bobby Watson. Den ersten Abend des Festivals bestritt Cornelius Kreusch &#8211; hoch inspiriert und virtuos &#8211; solo am Piano, gefolgt von Johannes Kreusch an der Gitarre im Duo mit dem mittlerweile 82-j\u00e4hrigen Klarinettisten Giora Feidman. Was sich w\u00e4hrend dieser Begegnung ereignete war mehr als nur faszinierend. Giora Feidman begann mit ultraleisen, aufmerkenden T\u00f6nen, die er seiner Klarinette entlockte, im Geiste des klassischen chassidischen\u00a0Niggun, mit der wundervollen Melodie des hebr\u00e4ischen Volksliedes Hava Nagila. Es folgten Werke von Piazolla bis Schubert. Als Feidman schlie\u00dflich &hellip;<\/p>\n","protected":false},"author":18,"featured_media":17912,"comment_status":"open","ping_status":"closed","sticky":false,"template":"","format":"standard","meta":{"_jetpack_memberships_contains_paid_content":false,"footnotes":"","jetpack_publicize_message":"","jetpack_publicize_feature_enabled":true,"jetpack_social_post_already_shared":false,"jetpack_social_options":{"image_generator_settings":{"template":"highway","default_image_id":0,"font":"","enabled":false},"version":2}},"categories":[1053],"tags":[32,1043,1763,1406,3,682,1911,1422,198,1876,753,758,10,317,322,1418,1232,395,904,860,442,1965,1133,1260],"coauthors":[695],"class_list":["post-17904","post","type-post","status-publish","format-standard","has-post-thumbnail","hentry","category-bericht","tag-aki-takase","tag-al-di-meola","tag-bass","tag-duo","tag-festival","tag-festivals","tag-fotos","tag-gesang","tag-geschichte","tag-jazz","tag-joachim-kuehn","tag-john-scofield","tag-jubilaeum","tag-klaus-doldinger","tag-konzert-2","tag-krebs","tag-kreusch","tag-moderator","tag-new-york","tag-ottobrunn","tag-piano","tag-quartett","tag-scofield","tag-thomas-j-krebs"],"yoast_head":"<!-- This site is optimized with the Yoast SEO plugin v27.5 - https:\/\/yoast.com\/product\/yoast-seo-wordpress\/ -->\n<title>2nd Classical &amp; Beyond Festival in Ottobrunn: Kreuschbrothers feat. Giora Feidman &amp; Bobby Watson - JazzZeitung<\/title>\n<meta name=\"robots\" content=\"index, follow, max-snippet:-1, max-image-preview:large, max-video-preview:-1\" \/>\n<link rel=\"canonical\" href=\"https:\/\/www.jazzzeitung.de\/cms\/2018\/11\/2nd-classical-beyond-festival-in-ottobrunn-kreuschbrothers-feat-giora-feidman-bobby-watson\/\" \/>\n<meta property=\"og:locale\" content=\"de_DE\" \/>\n<meta property=\"og:type\" content=\"article\" \/>\n<meta property=\"og:title\" content=\"2nd Classical &amp; Beyond Festival in Ottobrunn: Kreuschbrothers feat. Giora Feidman &amp; Bobby Watson - JazzZeitung\" \/>\n<meta property=\"og:description\" content=\"In den vergangenen zehn Jahren sind im Ottobrunner Wolf-Ferrari Haus im Rahmen der Ottobrunner Konzertreihe u.a. Stars und Legenden wie Joachim K\u00fchn, Ralph Towner, John Scofield, Kenny Garrett, Aki Takase, Klaus Doldinger, Alfredo Perl, Pepe Romero, das Hilliard Ensemble, Tulio Peramo, Badi Assad, Eliot Fisk, Al di Meola, Joe Lovano, Dave Liebman oder Rabih Abou Khalil in Ottobrunn aufgetreten! Zu diesem Jubil\u00e4um haben die Br\u00fcder Johannes &amp; Cornelius Kreusch, die mal im Hintergrund als Organisatoren, mal selbst auf der B\u00fchne stehen, f\u00fcr das Rahmenprogramm des zweiten Classical &amp; Beyond Festivals als \u201eStar-G\u00e4ste\u201c niemand Geringeren eingeladen als die Klezmer-Legende Giora Feidman und den Saxophon-Giganten Bobby Watson. Den ersten Abend des Festivals bestritt Cornelius Kreusch &#8211; hoch inspiriert und virtuos &#8211; solo am Piano, gefolgt von Johannes Kreusch an der Gitarre im Duo mit dem mittlerweile 82-j\u00e4hrigen Klarinettisten Giora Feidman. Was sich w\u00e4hrend dieser Begegnung ereignete war mehr als nur faszinierend. Giora Feidman begann mit ultraleisen, aufmerkenden T\u00f6nen, die er seiner Klarinette entlockte, im Geiste des klassischen chassidischen\u00a0Niggun, mit der wundervollen Melodie des hebr\u00e4ischen Volksliedes Hava Nagila. Es folgten Werke von Piazolla bis Schubert. Als Feidman schlie\u00dflich &hellip;\" \/>\n<meta property=\"og:url\" content=\"https:\/\/www.jazzzeitung.de\/cms\/2018\/11\/2nd-classical-beyond-festival-in-ottobrunn-kreuschbrothers-feat-giora-feidman-bobby-watson\/\" \/>\n<meta property=\"og:site_name\" content=\"JazzZeitung\" \/>\n<meta property=\"article:publisher\" content=\"https:\/\/www.facebook.com\/JazzZeitung\/\" \/>\n<meta property=\"article:published_time\" content=\"2018-11-21T15:00:16+00:00\" \/>\n<meta property=\"og:image\" content=\"https:\/\/i0.wp.com\/www.jazzzeitung.de\/cms\/wp-content\/uploads\/2018\/11\/P1087363-Cornelius-Kreusch-Foto-TJ-Krebs-jazzphotoagency@web.de_.jpg?fit=1200%2C800&ssl=1\" \/>\n\t<meta property=\"og:image:width\" content=\"1200\" \/>\n\t<meta property=\"og:image:height\" content=\"800\" \/>\n\t<meta property=\"og:image:type\" content=\"image\/jpeg\" \/>\n<meta name=\"author\" content=\"Redaktion JazzZeitung\" \/>\n<script type=\"application\/ld+json\" class=\"yoast-schema-graph\">{\"@context\":\"https:\\\/\\\/schema.org\",\"@graph\":[{\"@type\":\"Article\",\"@id\":\"https:\\\/\\\/www.jazzzeitung.de\\\/cms\\\/2018\\\/11\\\/2nd-classical-beyond-festival-in-ottobrunn-kreuschbrothers-feat-giora-feidman-bobby-watson\\\/#article\",\"isPartOf\":{\"@id\":\"https:\\\/\\\/www.jazzzeitung.de\\\/cms\\\/2018\\\/11\\\/2nd-classical-beyond-festival-in-ottobrunn-kreuschbrothers-feat-giora-feidman-bobby-watson\\\/\"},\"author\":{\"name\":\"Redaktion JazzZeitung\",\"@id\":\"https:\\\/\\\/www.jazzzeitung.de\\\/cms\\\/#\\\/schema\\\/person\\\/2245b36b9cd1d24cea10f01c031fb92b\"},\"headline\":\"2nd Classical &#038; Beyond Festival in Ottobrunn: Kreuschbrothers feat. Giora Feidman &#038; Bobby Watson\",\"datePublished\":\"2018-11-21T15:00:16+00:00\",\"mainEntityOfPage\":{\"@id\":\"https:\\\/\\\/www.jazzzeitung.de\\\/cms\\\/2018\\\/11\\\/2nd-classical-beyond-festival-in-ottobrunn-kreuschbrothers-feat-giora-feidman-bobby-watson\\\/\"},\"wordCount\":528,\"commentCount\":0,\"publisher\":{\"@id\":\"https:\\\/\\\/www.jazzzeitung.de\\\/cms\\\/#organization\"},\"image\":{\"@id\":\"https:\\\/\\\/www.jazzzeitung.de\\\/cms\\\/2018\\\/11\\\/2nd-classical-beyond-festival-in-ottobrunn-kreuschbrothers-feat-giora-feidman-bobby-watson\\\/#primaryimage\"},\"thumbnailUrl\":\"https:\\\/\\\/i0.wp.com\\\/www.jazzzeitung.de\\\/cms\\\/wp-content\\\/uploads\\\/2018\\\/11\\\/P1087363-Cornelius-Kreusch-Foto-TJ-Krebs-jazzphotoagency%40web.de_.jpg?fit=1200%2C800&ssl=1\",\"keywords\":[\"Aki Takase\",\"Al Di Meola\",\"Bass\",\"duo\",\"Festival\",\"Festivals\",\"Fotos\",\"Gesang\",\"Geschichte\",\"Jazz\",\"Joachim K\u00fchn\",\"John Scofield\",\"Jubil\u00e4um\",\"Klaus Doldinger\",\"Konzert\",\"krebs\",\"Kreusch\",\"Moderator\",\"New York\",\"Ottobrunn\",\"Piano\",\"Quartett\",\"Scofield\",\"Thomas J. Krebs\"],\"articleSection\":[\"Bericht\"],\"inLanguage\":\"de\",\"potentialAction\":[{\"@type\":\"CommentAction\",\"name\":\"Comment\",\"target\":[\"https:\\\/\\\/www.jazzzeitung.de\\\/cms\\\/2018\\\/11\\\/2nd-classical-beyond-festival-in-ottobrunn-kreuschbrothers-feat-giora-feidman-bobby-watson\\\/#respond\"]}]},{\"@type\":\"WebPage\",\"@id\":\"https:\\\/\\\/www.jazzzeitung.de\\\/cms\\\/2018\\\/11\\\/2nd-classical-beyond-festival-in-ottobrunn-kreuschbrothers-feat-giora-feidman-bobby-watson\\\/\",\"url\":\"https:\\\/\\\/www.jazzzeitung.de\\\/cms\\\/2018\\\/11\\\/2nd-classical-beyond-festival-in-ottobrunn-kreuschbrothers-feat-giora-feidman-bobby-watson\\\/\",\"name\":\"2nd Classical & Beyond Festival in Ottobrunn: Kreuschbrothers feat. Giora Feidman & Bobby Watson - JazzZeitung\",\"isPartOf\":{\"@id\":\"https:\\\/\\\/www.jazzzeitung.de\\\/cms\\\/#website\"},\"primaryImageOfPage\":{\"@id\":\"https:\\\/\\\/www.jazzzeitung.de\\\/cms\\\/2018\\\/11\\\/2nd-classical-beyond-festival-in-ottobrunn-kreuschbrothers-feat-giora-feidman-bobby-watson\\\/#primaryimage\"},\"image\":{\"@id\":\"https:\\\/\\\/www.jazzzeitung.de\\\/cms\\\/2018\\\/11\\\/2nd-classical-beyond-festival-in-ottobrunn-kreuschbrothers-feat-giora-feidman-bobby-watson\\\/#primaryimage\"},\"thumbnailUrl\":\"https:\\\/\\\/i0.wp.com\\\/www.jazzzeitung.de\\\/cms\\\/wp-content\\\/uploads\\\/2018\\\/11\\\/P1087363-Cornelius-Kreusch-Foto-TJ-Krebs-jazzphotoagency%40web.de_.jpg?fit=1200%2C800&ssl=1\",\"datePublished\":\"2018-11-21T15:00:16+00:00\",\"breadcrumb\":{\"@id\":\"https:\\\/\\\/www.jazzzeitung.de\\\/cms\\\/2018\\\/11\\\/2nd-classical-beyond-festival-in-ottobrunn-kreuschbrothers-feat-giora-feidman-bobby-watson\\\/#breadcrumb\"},\"inLanguage\":\"de\",\"potentialAction\":[{\"@type\":\"ReadAction\",\"target\":[\"https:\\\/\\\/www.jazzzeitung.de\\\/cms\\\/2018\\\/11\\\/2nd-classical-beyond-festival-in-ottobrunn-kreuschbrothers-feat-giora-feidman-bobby-watson\\\/\"]}]},{\"@type\":\"ImageObject\",\"inLanguage\":\"de\",\"@id\":\"https:\\\/\\\/www.jazzzeitung.de\\\/cms\\\/2018\\\/11\\\/2nd-classical-beyond-festival-in-ottobrunn-kreuschbrothers-feat-giora-feidman-bobby-watson\\\/#primaryimage\",\"url\":\"https:\\\/\\\/i0.wp.com\\\/www.jazzzeitung.de\\\/cms\\\/wp-content\\\/uploads\\\/2018\\\/11\\\/P1087363-Cornelius-Kreusch-Foto-TJ-Krebs-jazzphotoagency%40web.de_.jpg?fit=1200%2C800&ssl=1\",\"contentUrl\":\"https:\\\/\\\/i0.wp.com\\\/www.jazzzeitung.de\\\/cms\\\/wp-content\\\/uploads\\\/2018\\\/11\\\/P1087363-Cornelius-Kreusch-Foto-TJ-Krebs-jazzphotoagency%40web.de_.jpg?fit=1200%2C800&ssl=1\",\"width\":1200,\"height\":800},{\"@type\":\"BreadcrumbList\",\"@id\":\"https:\\\/\\\/www.jazzzeitung.de\\\/cms\\\/2018\\\/11\\\/2nd-classical-beyond-festival-in-ottobrunn-kreuschbrothers-feat-giora-feidman-bobby-watson\\\/#breadcrumb\",\"itemListElement\":[{\"@type\":\"ListItem\",\"position\":1,\"name\":\"Startseite\",\"item\":\"https:\\\/\\\/www.jazzzeitung.de\\\/cms\\\/\"},{\"@type\":\"ListItem\",\"position\":2,\"name\":\"2nd Classical &#038; Beyond Festival in Ottobrunn: Kreuschbrothers feat. Giora Feidman &#038; Bobby Watson\"}]},{\"@type\":\"WebSite\",\"@id\":\"https:\\\/\\\/www.jazzzeitung.de\\\/cms\\\/#website\",\"url\":\"https:\\\/\\\/www.jazzzeitung.de\\\/cms\\\/\",\"name\":\"JazzZeitung\",\"description\":\"Jazz-News und Jazz-Kontroverses\",\"publisher\":{\"@id\":\"https:\\\/\\\/www.jazzzeitung.de\\\/cms\\\/#organization\"},\"potentialAction\":[{\"@type\":\"SearchAction\",\"target\":{\"@type\":\"EntryPoint\",\"urlTemplate\":\"https:\\\/\\\/www.jazzzeitung.de\\\/cms\\\/?s={search_term_string}\"},\"query-input\":{\"@type\":\"PropertyValueSpecification\",\"valueRequired\":true,\"valueName\":\"search_term_string\"}}],\"inLanguage\":\"de\"},{\"@type\":\"Organization\",\"@id\":\"https:\\\/\\\/www.jazzzeitung.de\\\/cms\\\/#organization\",\"name\":\"JazzZeitung online\",\"url\":\"https:\\\/\\\/www.jazzzeitung.de\\\/cms\\\/\",\"logo\":{\"@type\":\"ImageObject\",\"inLanguage\":\"de\",\"@id\":\"https:\\\/\\\/www.jazzzeitung.de\\\/cms\\\/#\\\/schema\\\/logo\\\/image\\\/\",\"url\":\"https:\\\/\\\/i0.wp.com\\\/www.jazzzeitung.de\\\/cms\\\/wp-content\\\/uploads\\\/2015\\\/08\\\/JAZZZEITUNGDE_Logo_Neu.png?fit=499%2C200&ssl=1\",\"contentUrl\":\"https:\\\/\\\/i0.wp.com\\\/www.jazzzeitung.de\\\/cms\\\/wp-content\\\/uploads\\\/2015\\\/08\\\/JAZZZEITUNGDE_Logo_Neu.png?fit=499%2C200&ssl=1\",\"width\":499,\"height\":200,\"caption\":\"JazzZeitung online\"},\"image\":{\"@id\":\"https:\\\/\\\/www.jazzzeitung.de\\\/cms\\\/#\\\/schema\\\/logo\\\/image\\\/\"},\"sameAs\":[\"https:\\\/\\\/www.facebook.com\\\/JazzZeitung\\\/\"]},{\"@type\":\"Person\",\"@id\":\"https:\\\/\\\/www.jazzzeitung.de\\\/cms\\\/#\\\/schema\\\/person\\\/2245b36b9cd1d24cea10f01c031fb92b\",\"name\":\"Redaktion JazzZeitung\",\"image\":{\"@type\":\"ImageObject\",\"inLanguage\":\"de\",\"@id\":\"https:\\\/\\\/i0.wp.com\\\/www.jazzzeitung.de\\\/cms\\\/wp-content\\\/uploads\\\/2015\\\/08\\\/JAZZZEITUNGDE_Logo_Neu.png?resize=96%2C96&ssl=159975dcacb611b5700bd619b5daf0a7a\",\"url\":\"https:\\\/\\\/i0.wp.com\\\/www.jazzzeitung.de\\\/cms\\\/wp-content\\\/uploads\\\/2015\\\/08\\\/JAZZZEITUNGDE_Logo_Neu.png?resize=96%2C96&ssl=1\",\"contentUrl\":\"https:\\\/\\\/i0.wp.com\\\/www.jazzzeitung.de\\\/cms\\\/wp-content\\\/uploads\\\/2015\\\/08\\\/JAZZZEITUNGDE_Logo_Neu.png?resize=96%2C96&ssl=1\",\"caption\":\"Redaktion JazzZeitung\"},\"description\":\"Artikel der Redaktion der JazzZeitung.\",\"sameAs\":[\"http:\\\/\\\/www.jazzzeitung.de\\\/cms\\\/\"],\"url\":\"https:\\\/\\\/www.jazzzeitung.de\\\/cms\\\/author\\\/redaktion\\\/\"}]}<\/script>\n<!-- \/ Yoast SEO plugin. -->","yoast_head_json":{"title":"2nd Classical & Beyond Festival in Ottobrunn: Kreuschbrothers feat. Giora Feidman & Bobby Watson - JazzZeitung","robots":{"index":"index","follow":"follow","max-snippet":"max-snippet:-1","max-image-preview":"max-image-preview:large","max-video-preview":"max-video-preview:-1"},"canonical":"https:\/\/www.jazzzeitung.de\/cms\/2018\/11\/2nd-classical-beyond-festival-in-ottobrunn-kreuschbrothers-feat-giora-feidman-bobby-watson\/","og_locale":"de_DE","og_type":"article","og_title":"2nd Classical & Beyond Festival in Ottobrunn: Kreuschbrothers feat. Giora Feidman & Bobby Watson - JazzZeitung","og_description":"In den vergangenen zehn Jahren sind im Ottobrunner Wolf-Ferrari Haus im Rahmen der Ottobrunner Konzertreihe u.a. Stars und Legenden wie Joachim K\u00fchn, Ralph Towner, John Scofield, Kenny Garrett, Aki Takase, Klaus Doldinger, Alfredo Perl, Pepe Romero, das Hilliard Ensemble, Tulio Peramo, Badi Assad, Eliot Fisk, Al di Meola, Joe Lovano, Dave Liebman oder Rabih Abou Khalil in Ottobrunn aufgetreten! Zu diesem Jubil\u00e4um haben die Br\u00fcder Johannes &amp; Cornelius Kreusch, die mal im Hintergrund als Organisatoren, mal selbst auf der B\u00fchne stehen, f\u00fcr das Rahmenprogramm des zweiten Classical &amp; Beyond Festivals als \u201eStar-G\u00e4ste\u201c niemand Geringeren eingeladen als die Klezmer-Legende Giora Feidman und den Saxophon-Giganten Bobby Watson. Den ersten Abend des Festivals bestritt Cornelius Kreusch &#8211; hoch inspiriert und virtuos &#8211; solo am Piano, gefolgt von Johannes Kreusch an der Gitarre im Duo mit dem mittlerweile 82-j\u00e4hrigen Klarinettisten Giora Feidman. Was sich w\u00e4hrend dieser Begegnung ereignete war mehr als nur faszinierend. Giora Feidman begann mit ultraleisen, aufmerkenden T\u00f6nen, die er seiner Klarinette entlockte, im Geiste des klassischen chassidischen\u00a0Niggun, mit der wundervollen Melodie des hebr\u00e4ischen Volksliedes Hava Nagila. Es folgten Werke von Piazolla bis Schubert. Als Feidman schlie\u00dflich &hellip;","og_url":"https:\/\/www.jazzzeitung.de\/cms\/2018\/11\/2nd-classical-beyond-festival-in-ottobrunn-kreuschbrothers-feat-giora-feidman-bobby-watson\/","og_site_name":"JazzZeitung","article_publisher":"https:\/\/www.facebook.com\/JazzZeitung\/","article_published_time":"2018-11-21T15:00:16+00:00","og_image":[{"width":1200,"height":800,"url":"https:\/\/i0.wp.com\/www.jazzzeitung.de\/cms\/wp-content\/uploads\/2018\/11\/P1087363-Cornelius-Kreusch-Foto-TJ-Krebs-jazzphotoagency@web.de_.jpg?fit=1200%2C800&ssl=1","type":"image\/jpeg"}],"author":"Redaktion JazzZeitung","schema":{"@context":"https:\/\/schema.org","@graph":[{"@type":"Article","@id":"https:\/\/www.jazzzeitung.de\/cms\/2018\/11\/2nd-classical-beyond-festival-in-ottobrunn-kreuschbrothers-feat-giora-feidman-bobby-watson\/#article","isPartOf":{"@id":"https:\/\/www.jazzzeitung.de\/cms\/2018\/11\/2nd-classical-beyond-festival-in-ottobrunn-kreuschbrothers-feat-giora-feidman-bobby-watson\/"},"author":{"name":"Redaktion JazzZeitung","@id":"https:\/\/www.jazzzeitung.de\/cms\/#\/schema\/person\/2245b36b9cd1d24cea10f01c031fb92b"},"headline":"2nd Classical &#038; Beyond Festival in Ottobrunn: Kreuschbrothers feat. Giora Feidman &#038; Bobby Watson","datePublished":"2018-11-21T15:00:16+00:00","mainEntityOfPage":{"@id":"https:\/\/www.jazzzeitung.de\/cms\/2018\/11\/2nd-classical-beyond-festival-in-ottobrunn-kreuschbrothers-feat-giora-feidman-bobby-watson\/"},"wordCount":528,"commentCount":0,"publisher":{"@id":"https:\/\/www.jazzzeitung.de\/cms\/#organization"},"image":{"@id":"https:\/\/www.jazzzeitung.de\/cms\/2018\/11\/2nd-classical-beyond-festival-in-ottobrunn-kreuschbrothers-feat-giora-feidman-bobby-watson\/#primaryimage"},"thumbnailUrl":"https:\/\/i0.wp.com\/www.jazzzeitung.de\/cms\/wp-content\/uploads\/2018\/11\/P1087363-Cornelius-Kreusch-Foto-TJ-Krebs-jazzphotoagency%40web.de_.jpg?fit=1200%2C800&ssl=1","keywords":["Aki Takase","Al Di Meola","Bass","duo","Festival","Festivals","Fotos","Gesang","Geschichte","Jazz","Joachim K\u00fchn","John Scofield","Jubil\u00e4um","Klaus Doldinger","Konzert","krebs","Kreusch","Moderator","New York","Ottobrunn","Piano","Quartett","Scofield","Thomas J. Krebs"],"articleSection":["Bericht"],"inLanguage":"de","potentialAction":[{"@type":"CommentAction","name":"Comment","target":["https:\/\/www.jazzzeitung.de\/cms\/2018\/11\/2nd-classical-beyond-festival-in-ottobrunn-kreuschbrothers-feat-giora-feidman-bobby-watson\/#respond"]}]},{"@type":"WebPage","@id":"https:\/\/www.jazzzeitung.de\/cms\/2018\/11\/2nd-classical-beyond-festival-in-ottobrunn-kreuschbrothers-feat-giora-feidman-bobby-watson\/","url":"https:\/\/www.jazzzeitung.de\/cms\/2018\/11\/2nd-classical-beyond-festival-in-ottobrunn-kreuschbrothers-feat-giora-feidman-bobby-watson\/","name":"2nd Classical & Beyond Festival in Ottobrunn: Kreuschbrothers feat. Giora Feidman & Bobby Watson - JazzZeitung","isPartOf":{"@id":"https:\/\/www.jazzzeitung.de\/cms\/#website"},"primaryImageOfPage":{"@id":"https:\/\/www.jazzzeitung.de\/cms\/2018\/11\/2nd-classical-beyond-festival-in-ottobrunn-kreuschbrothers-feat-giora-feidman-bobby-watson\/#primaryimage"},"image":{"@id":"https:\/\/www.jazzzeitung.de\/cms\/2018\/11\/2nd-classical-beyond-festival-in-ottobrunn-kreuschbrothers-feat-giora-feidman-bobby-watson\/#primaryimage"},"thumbnailUrl":"https:\/\/i0.wp.com\/www.jazzzeitung.de\/cms\/wp-content\/uploads\/2018\/11\/P1087363-Cornelius-Kreusch-Foto-TJ-Krebs-jazzphotoagency%40web.de_.jpg?fit=1200%2C800&ssl=1","datePublished":"2018-11-21T15:00:16+00:00","breadcrumb":{"@id":"https:\/\/www.jazzzeitung.de\/cms\/2018\/11\/2nd-classical-beyond-festival-in-ottobrunn-kreuschbrothers-feat-giora-feidman-bobby-watson\/#breadcrumb"},"inLanguage":"de","potentialAction":[{"@type":"ReadAction","target":["https:\/\/www.jazzzeitung.de\/cms\/2018\/11\/2nd-classical-beyond-festival-in-ottobrunn-kreuschbrothers-feat-giora-feidman-bobby-watson\/"]}]},{"@type":"ImageObject","inLanguage":"de","@id":"https:\/\/www.jazzzeitung.de\/cms\/2018\/11\/2nd-classical-beyond-festival-in-ottobrunn-kreuschbrothers-feat-giora-feidman-bobby-watson\/#primaryimage","url":"https:\/\/i0.wp.com\/www.jazzzeitung.de\/cms\/wp-content\/uploads\/2018\/11\/P1087363-Cornelius-Kreusch-Foto-TJ-Krebs-jazzphotoagency%40web.de_.jpg?fit=1200%2C800&ssl=1","contentUrl":"https:\/\/i0.wp.com\/www.jazzzeitung.de\/cms\/wp-content\/uploads\/2018\/11\/P1087363-Cornelius-Kreusch-Foto-TJ-Krebs-jazzphotoagency%40web.de_.jpg?fit=1200%2C800&ssl=1","width":1200,"height":800},{"@type":"BreadcrumbList","@id":"https:\/\/www.jazzzeitung.de\/cms\/2018\/11\/2nd-classical-beyond-festival-in-ottobrunn-kreuschbrothers-feat-giora-feidman-bobby-watson\/#breadcrumb","itemListElement":[{"@type":"ListItem","position":1,"name":"Startseite","item":"https:\/\/www.jazzzeitung.de\/cms\/"},{"@type":"ListItem","position":2,"name":"2nd Classical &#038; Beyond Festival in Ottobrunn: Kreuschbrothers feat. Giora Feidman &#038; Bobby Watson"}]},{"@type":"WebSite","@id":"https:\/\/www.jazzzeitung.de\/cms\/#website","url":"https:\/\/www.jazzzeitung.de\/cms\/","name":"JazzZeitung","description":"Jazz-News und Jazz-Kontroverses","publisher":{"@id":"https:\/\/www.jazzzeitung.de\/cms\/#organization"},"potentialAction":[{"@type":"SearchAction","target":{"@type":"EntryPoint","urlTemplate":"https:\/\/www.jazzzeitung.de\/cms\/?s={search_term_string}"},"query-input":{"@type":"PropertyValueSpecification","valueRequired":true,"valueName":"search_term_string"}}],"inLanguage":"de"},{"@type":"Organization","@id":"https:\/\/www.jazzzeitung.de\/cms\/#organization","name":"JazzZeitung online","url":"https:\/\/www.jazzzeitung.de\/cms\/","logo":{"@type":"ImageObject","inLanguage":"de","@id":"https:\/\/www.jazzzeitung.de\/cms\/#\/schema\/logo\/image\/","url":"https:\/\/i0.wp.com\/www.jazzzeitung.de\/cms\/wp-content\/uploads\/2015\/08\/JAZZZEITUNGDE_Logo_Neu.png?fit=499%2C200&ssl=1","contentUrl":"https:\/\/i0.wp.com\/www.jazzzeitung.de\/cms\/wp-content\/uploads\/2015\/08\/JAZZZEITUNGDE_Logo_Neu.png?fit=499%2C200&ssl=1","width":499,"height":200,"caption":"JazzZeitung online"},"image":{"@id":"https:\/\/www.jazzzeitung.de\/cms\/#\/schema\/logo\/image\/"},"sameAs":["https:\/\/www.facebook.com\/JazzZeitung\/"]},{"@type":"Person","@id":"https:\/\/www.jazzzeitung.de\/cms\/#\/schema\/person\/2245b36b9cd1d24cea10f01c031fb92b","name":"Redaktion JazzZeitung","image":{"@type":"ImageObject","inLanguage":"de","@id":"https:\/\/i0.wp.com\/www.jazzzeitung.de\/cms\/wp-content\/uploads\/2015\/08\/JAZZZEITUNGDE_Logo_Neu.png?resize=96%2C96&ssl=159975dcacb611b5700bd619b5daf0a7a","url":"https:\/\/i0.wp.com\/www.jazzzeitung.de\/cms\/wp-content\/uploads\/2015\/08\/JAZZZEITUNGDE_Logo_Neu.png?resize=96%2C96&ssl=1","contentUrl":"https:\/\/i0.wp.com\/www.jazzzeitung.de\/cms\/wp-content\/uploads\/2015\/08\/JAZZZEITUNGDE_Logo_Neu.png?resize=96%2C96&ssl=1","caption":"Redaktion JazzZeitung"},"description":"Artikel der Redaktion der JazzZeitung.","sameAs":["http:\/\/www.jazzzeitung.de\/cms\/"],"url":"https:\/\/www.jazzzeitung.de\/cms\/author\/redaktion\/"}]}},"wp-worthy-pixel":{"ignored":false,"public":null,"server":null,"url":null},"wp-worthy-type":"normal","jetpack_publicize_connections":[],"cc_featured_image_caption":{"caption_text":"","source_text":"","source_url":""},"jetpack_featured_media_url":"https:\/\/i0.wp.com\/www.jazzzeitung.de\/cms\/wp-content\/uploads\/2018\/11\/P1087363-Cornelius-Kreusch-Foto-TJ-Krebs-jazzphotoagency%40web.de_.jpg?fit=1200%2C800&ssl=1","jetpack_shortlink":"https:\/\/wp.me\/p3KEcT-4EM","jetpack-related-posts":[{"id":7361,"url":"https:\/\/www.jazzzeitung.de\/cms\/2015\/10\/der-saxophist-kenny-garrett-ottobrunn-konzert-workshop\/","url_meta":{"origin":17904,"position":0},"title":"Der Saxophist Kenny Garrett in Ottobrunn \u2013 Konzert &#038; Workshop","author":"Redaktion JazzZeitung","date":"16. Oktober 2015","format":false,"excerpt":"Das Kenny Garrett Quintett am 30.10.2015 im Konzertsaal des Wolf-Ferrari-Haus - ungew\u00f6hnliche Musikprojekte haben in Ottobrunn seit Jahren Tradition. Veranstalter und Masterminds der erfolgreichen und in der Regel ausverkauften Konzertreihe Ottobrunner-Konzerte sind die beiden Musiker Johannes Tonio Kreusch und Cornelius Claudio Kreusch. Selbst seit Jahrzehnten in der internationalen Musikszene verhaftet\u2026","rel":"","context":"In &quot;News&quot;","block_context":{"text":"News","link":"https:\/\/www.jazzzeitung.de\/cms\/thema\/nachrichten\/"},"img":{"alt_text":"Kenny Garrett. Thomas J. Krebs","src":"https:\/\/i0.wp.com\/www.jazzzeitung.de\/cms\/wp-content\/uploads\/2015\/10\/P1060948-Garrett-TJ-Krebs-Jazzphotoagency-150x150.jpg?resize=350%2C200","width":350,"height":200},"classes":[]},{"id":13057,"url":"https:\/\/www.jazzzeitung.de\/cms\/2017\/07\/1-jazzfest-ottobrunn-geht-in-die-vollen\/","url_meta":{"origin":17904,"position":1},"title":"1. Jazzfest Ottobrunn \u2013 geht in die Vollen","author":"Redaktion JazzZeitung","date":"18. Juli 2017","format":false,"excerpt":"Vom 14. bis 15. Juli 2017 wurde im Wolf-Ferrari Haus das 1. Jazzfest Ottobrunn aus der Taufe gehoben, wobei die \u201e1.\u201c ganz bewusst gew\u00e4hlt wurde. Jazz-, World- und Crossover-Konzerte haben in Ottobrunn seit nunmehr 10 Jahren ein Tradition, veranstaltet von den beiden Br\u00fcdern Kreusch zusammen mit der Stadt Ottobrunn und\u2026","rel":"","context":"In &quot;Bericht&quot;","block_context":{"text":"Bericht","link":"https:\/\/www.jazzzeitung.de\/cms\/thema\/bericht\/"},"img":{"alt_text":"","src":"https:\/\/i0.wp.com\/www.jazzzeitung.de\/cms\/wp-content\/uploads\/2017\/07\/P1440926-P-Greg-Osby-Foto-TJ-Krebs-jazzphotoagency%40web.de_.jpg?resize=350%2C200","width":350,"height":200,"srcset":"https:\/\/i0.wp.com\/www.jazzzeitung.de\/cms\/wp-content\/uploads\/2017\/07\/P1440926-P-Greg-Osby-Foto-TJ-Krebs-jazzphotoagency%40web.de_.jpg?resize=350%2C200 1x, https:\/\/i0.wp.com\/www.jazzzeitung.de\/cms\/wp-content\/uploads\/2017\/07\/P1440926-P-Greg-Osby-Foto-TJ-Krebs-jazzphotoagency%40web.de_.jpg?resize=525%2C300 1.5x, https:\/\/i0.wp.com\/www.jazzzeitung.de\/cms\/wp-content\/uploads\/2017\/07\/P1440926-P-Greg-Osby-Foto-TJ-Krebs-jazzphotoagency%40web.de_.jpg?resize=700%2C400 2x, https:\/\/i0.wp.com\/www.jazzzeitung.de\/cms\/wp-content\/uploads\/2017\/07\/P1440926-P-Greg-Osby-Foto-TJ-Krebs-jazzphotoagency%40web.de_.jpg?resize=1050%2C600 3x"},"classes":[]},{"id":21548,"url":"https:\/\/www.jazzzeitung.de\/cms\/2019\/12\/8-hands-88-keys-6-klavier-festival-in-ottobrunn\/","url_meta":{"origin":17904,"position":2},"title":"8 hands &#8211; 88 keys: 6. Klavier Festival in Ottobrunn","author":"Redaktion JazzZeitung","date":"17. Dezember 2019","format":false,"excerpt":"Alle Geschenke verpackt, Karten geschrieben und Weihnachtsfeiern \u00fcberlebt - klasse! Dann darf man sich am letzten Wochenende vor Weihnachten auch entsprechend entspannen und sollte dies vor allem klanglich genie\u00dfen. Der ultimativer Tipp f\u00fcr solch einen Abend: auch dieses Jahr findet in Ottobrunn traditionsgem\u00e4\u00df im Rahmen des mittlerweile 6. (!) Klavier\u2026","rel":"","context":"In &quot;News&quot;","block_context":{"text":"News","link":"https:\/\/www.jazzzeitung.de\/cms\/thema\/nachrichten\/"},"img":{"alt_text":"","src":"https:\/\/i0.wp.com\/www.jazzzeitung.de\/cms\/wp-content\/uploads\/2019\/12\/Helfrich-Hand-Foto-TJ-Krebs.jpg?fit=1200%2C801&ssl=1&resize=350%2C200","width":350,"height":200,"srcset":"https:\/\/i0.wp.com\/www.jazzzeitung.de\/cms\/wp-content\/uploads\/2019\/12\/Helfrich-Hand-Foto-TJ-Krebs.jpg?fit=1200%2C801&ssl=1&resize=350%2C200 1x, https:\/\/i0.wp.com\/www.jazzzeitung.de\/cms\/wp-content\/uploads\/2019\/12\/Helfrich-Hand-Foto-TJ-Krebs.jpg?fit=1200%2C801&ssl=1&resize=525%2C300 1.5x, https:\/\/i0.wp.com\/www.jazzzeitung.de\/cms\/wp-content\/uploads\/2019\/12\/Helfrich-Hand-Foto-TJ-Krebs.jpg?fit=1200%2C801&ssl=1&resize=700%2C400 2x, https:\/\/i0.wp.com\/www.jazzzeitung.de\/cms\/wp-content\/uploads\/2019\/12\/Helfrich-Hand-Foto-TJ-Krebs.jpg?fit=1200%2C801&ssl=1&resize=1050%2C600 3x"},"classes":[]},{"id":18010,"url":"https:\/\/www.jazzzeitung.de\/cms\/2018\/12\/5-klavier-festival-in-ottobrunn-mit-bobo-stenson-ketil-bjornstad-martial-solal-am-13-14-dezember\/","url_meta":{"origin":17904,"position":3},"title":"5. Klavier Festival in Ottobrunn mit Bobo Stenson, Ketil Bj\u00f8rnstad &#038; Martial Solal am 13. &#038; 14. Dezember","author":"Redaktion JazzZeitung","date":"4. Dezember 2018","format":false,"excerpt":"Im Dezember finden in Ottobrunn seit nunmehr 5 Jahren Piano Abende der besonderen Art statt. Im Rahmen des Jubil\u00e4ums \u201e10 Jahre Ottobrunner Konzerte\u201c wird das diesj\u00e4hrige Klavier Festival im Wolf-Ferrari-Haus am Donnerstag, den 13. Dezember von zwei ganz besonderen ECM-Pianisten er\u00f6ffnet: dem Schweden Bobo Stenson, der u.a. in Formationen mit\u2026","rel":"","context":"In &quot;News&quot;","block_context":{"text":"News","link":"https:\/\/www.jazzzeitung.de\/cms\/thema\/nachrichten\/"},"img":{"alt_text":"","src":"https:\/\/i0.wp.com\/www.jazzzeitung.de\/cms\/wp-content\/uploads\/2018\/12\/2Martial-Solal-Foto-TJ-Krebs-jazzphotoagency%40web.de_-e1543850441340.jpg?fit=500%2C688&ssl=1&resize=350%2C200","width":350,"height":200},"classes":[]},{"id":7801,"url":"https:\/\/www.jazzzeitung.de\/cms\/2015\/11\/zweiter-jazz-piano-marathon-ottobrunn\/","url_meta":{"origin":17904,"position":4},"title":"Zweiter Jazz Piano Marathon in Ottobrunn","author":"Redaktion JazzZeitung","date":"23. November 2015","format":false,"excerpt":"Von Thomas J. Krebs - Unter dem Motto \u201ePr\u00e4gende Generation\u201d geht der Jazz Piano Marathon in Ottobrunn am 04. Dezember 2015, diesmal mit 12 H\u00e4nden an 88 Tasten, in die zweite Runde. Nach dem grandiosen Erfolg der ersten Veranstaltung letzten Jahres scheint sich diese Reihe zu etablieren (das w\u00e4re zumindest\u2026","rel":"","context":"In &quot;Redaktionelle Nachrichten&quot;","block_context":{"text":"Redaktionelle Nachrichten","link":"https:\/\/www.jazzzeitung.de\/cms\/thema\/redaktion\/"},"img":{"alt_text":"P1410182_Kreusch Foto TJ Krebs jazzphotoagency","src":"https:\/\/i0.wp.com\/www.jazzzeitung.de\/cms\/wp-content\/uploads\/2015\/11\/P1410182_Kreusch-Foto-TJ-Krebs-jazzphotoagency-150x150.jpg?resize=350%2C200","width":350,"height":200},"classes":[]},{"id":11247,"url":"https:\/\/www.jazzzeitung.de\/cms\/2016\/12\/3-piano-marathon-in-ottobrunn-vom-16-18-12-2016\/","url_meta":{"origin":17904,"position":5},"title":"3. Piano Marathon in Ottobrunn vom 16. &#8211; 18.12.2016","author":"Redaktion JazzZeitung","date":"8. Dezember 2016","format":false,"excerpt":"Eine Tradition wird fortgesetzt: Dieses Jahr findet vom 16.-18. Dezember der mittlerweile 3. Piano Marathon im Wolf-Ferrari-Haus in Ottobrunn statt - diesmal an 2 (!) Tagen mit Konzerten am 16.12. und 17.12. sowie begleitenden Workshops am 17.12. und 18.12.. Die Auswahl der Tastenvirtuosen kann sich auch dieses Jahr wieder sehen\u2026","rel":"","context":"In &quot;News&quot;","block_context":{"text":"News","link":"https:\/\/www.jazzzeitung.de\/cms\/thema\/nachrichten\/"},"img":{"alt_text":"Kreusch. Foto: TJ Krebs","src":"https:\/\/i0.wp.com\/www.jazzzeitung.de\/cms\/wp-content\/uploads\/2016\/12\/P1410182_Kreusch-Foto-TJ-Krebs-150x150.jpg?resize=350%2C200","width":350,"height":200},"classes":[]}],"jetpack_sharing_enabled":true,"_links":{"self":[{"href":"https:\/\/www.jazzzeitung.de\/cms\/wp-json\/wp\/v2\/posts\/17904","targetHints":{"allow":["GET"]}}],"collection":[{"href":"https:\/\/www.jazzzeitung.de\/cms\/wp-json\/wp\/v2\/posts"}],"about":[{"href":"https:\/\/www.jazzzeitung.de\/cms\/wp-json\/wp\/v2\/types\/post"}],"author":[{"embeddable":true,"href":"https:\/\/www.jazzzeitung.de\/cms\/wp-json\/wp\/v2\/users\/18"}],"replies":[{"embeddable":true,"href":"https:\/\/www.jazzzeitung.de\/cms\/wp-json\/wp\/v2\/comments?post=17904"}],"version-history":[{"count":5,"href":"https:\/\/www.jazzzeitung.de\/cms\/wp-json\/wp\/v2\/posts\/17904\/revisions"}],"predecessor-version":[{"id":17921,"href":"https:\/\/www.jazzzeitung.de\/cms\/wp-json\/wp\/v2\/posts\/17904\/revisions\/17921"}],"wp:featuredmedia":[{"embeddable":true,"href":"https:\/\/www.jazzzeitung.de\/cms\/wp-json\/wp\/v2\/media\/17912"}],"wp:attachment":[{"href":"https:\/\/www.jazzzeitung.de\/cms\/wp-json\/wp\/v2\/media?parent=17904"}],"wp:term":[{"taxonomy":"category","embeddable":true,"href":"https:\/\/www.jazzzeitung.de\/cms\/wp-json\/wp\/v2\/categories?post=17904"},{"taxonomy":"post_tag","embeddable":true,"href":"https:\/\/www.jazzzeitung.de\/cms\/wp-json\/wp\/v2\/tags?post=17904"},{"taxonomy":"author","embeddable":true,"href":"https:\/\/www.jazzzeitung.de\/cms\/wp-json\/wp\/v2\/coauthors?post=17904"}],"curies":[{"name":"wp","href":"https:\/\/api.w.org\/{rel}","templated":true}]}}