{"id":17855,"date":"2018-11-14T14:05:18","date_gmt":"2018-11-14T13:05:18","guid":{"rendered":"https:\/\/www.jazzzeitung.de\/cms\/?p=17855"},"modified":"2018-11-14T14:00:43","modified_gmt":"2018-11-14T13:00:43","slug":"17855","status":"publish","type":"post","link":"https:\/\/www.jazzzeitung.de\/cms\/2018\/11\/17855\/","title":{"rendered":"Vom Duo bis zur NDR Big Bigband: zum Tod des Vibraphonisten Wolfgang Schl\u00fcter"},"content":{"rendered":"<p>Der Jazzmusiker Wolfgang Schl\u00fcter ist tot. Wie seine Plattenfirma Skip Records am Dienstag mitteilte, starb er am Montag im Alter von 85 Jahren an den Folgen eines Schlaganfalls. Der 1933 in Berlin geborene Musiker wollte eigentlich klassischer Solopaukist werden, wechselte dann aber zum Vibraphon und zum Jazz. 2001 wurde er mit dem Deutschen Jazzpreis, 2013 mit einem Echo Jazz und 2017 mit dem Hamburger Jazzpreis ausgezeichnet.<\/p>\n<figure id=\"attachment_17862\" aria-describedby=\"caption-attachment-17862\" style=\"width: 300px\" class=\"wp-caption alignleft\"><a href=\"https:\/\/i0.wp.com\/www.jazzzeitung.de\/cms\/wp-content\/uploads\/2018\/11\/Wolfgang-Schl%C3%BCter-Foto-TJ-Krebs-jazzphotoagency%40web.de_.jpg?ssl=1\"><img data-recalc-dims=\"1\" loading=\"lazy\" decoding=\"async\" data-attachment-id=\"17862\" data-permalink=\"https:\/\/www.jazzzeitung.de\/cms\/2018\/11\/17855\/wolfgang-schlueter-foto-tj-krebs-jazzphotoagencyweb-de\/\" data-orig-file=\"https:\/\/i0.wp.com\/www.jazzzeitung.de\/cms\/wp-content\/uploads\/2018\/11\/Wolfgang-Schl%C3%BCter-Foto-TJ-Krebs-jazzphotoagency%40web.de_.jpg?fit=1800%2C1200&amp;ssl=1\" data-orig-size=\"1800,1200\" data-comments-opened=\"1\" data-image-meta=\"{&quot;aperture&quot;:&quot;0&quot;,&quot;credit&quot;:&quot;&quot;,&quot;camera&quot;:&quot;&quot;,&quot;caption&quot;:&quot;&quot;,&quot;created_timestamp&quot;:&quot;0&quot;,&quot;copyright&quot;:&quot;&quot;,&quot;focal_length&quot;:&quot;0&quot;,&quot;iso&quot;:&quot;0&quot;,&quot;shutter_speed&quot;:&quot;0&quot;,&quot;title&quot;:&quot;&quot;,&quot;orientation&quot;:&quot;0&quot;}\" data-image-title=\"\" data-image-description=\"\" data-image-caption=\"&lt;p&gt;Wolfgang Schl\u00fcter. Foto: TJ Krebs\/jazzphotoagency@web.de&lt;\/p&gt;\n\" data-large-file=\"https:\/\/i0.wp.com\/www.jazzzeitung.de\/cms\/wp-content\/uploads\/2018\/11\/Wolfgang-Schl%C3%BCter-Foto-TJ-Krebs-jazzphotoagency%40web.de_.jpg?fit=840%2C560&amp;ssl=1\" class=\"size-medium wp-image-17862\" src=\"https:\/\/i0.wp.com\/www.jazzzeitung.de\/cms\/wp-content\/uploads\/2018\/11\/Wolfgang-Schl%C3%BCter-Foto-TJ-Krebs-jazzphotoagency%40web.de_.jpg?resize=300%2C200&#038;ssl=1\" alt=\"\" width=\"300\" height=\"200\" srcset=\"https:\/\/i0.wp.com\/www.jazzzeitung.de\/cms\/wp-content\/uploads\/2018\/11\/Wolfgang-Schl%C3%BCter-Foto-TJ-Krebs-jazzphotoagency%40web.de_.jpg?resize=300%2C200&amp;ssl=1 300w, https:\/\/i0.wp.com\/www.jazzzeitung.de\/cms\/wp-content\/uploads\/2018\/11\/Wolfgang-Schl%C3%BCter-Foto-TJ-Krebs-jazzphotoagency%40web.de_.jpg?resize=768%2C512&amp;ssl=1 768w, https:\/\/i0.wp.com\/www.jazzzeitung.de\/cms\/wp-content\/uploads\/2018\/11\/Wolfgang-Schl%C3%BCter-Foto-TJ-Krebs-jazzphotoagency%40web.de_.jpg?resize=900%2C600&amp;ssl=1 900w, https:\/\/i0.wp.com\/www.jazzzeitung.de\/cms\/wp-content\/uploads\/2018\/11\/Wolfgang-Schl%C3%BCter-Foto-TJ-Krebs-jazzphotoagency%40web.de_.jpg?resize=600%2C400&amp;ssl=1 600w, https:\/\/i0.wp.com\/www.jazzzeitung.de\/cms\/wp-content\/uploads\/2018\/11\/Wolfgang-Schl%C3%BCter-Foto-TJ-Krebs-jazzphotoagency%40web.de_.jpg?resize=120%2C80&amp;ssl=1 120w, https:\/\/i0.wp.com\/www.jazzzeitung.de\/cms\/wp-content\/uploads\/2018\/11\/Wolfgang-Schl%C3%BCter-Foto-TJ-Krebs-jazzphotoagency%40web.de_.jpg?w=1800&amp;ssl=1 1800w, https:\/\/i0.wp.com\/www.jazzzeitung.de\/cms\/wp-content\/uploads\/2018\/11\/Wolfgang-Schl%C3%BCter-Foto-TJ-Krebs-jazzphotoagency%40web.de_.jpg?w=1680&amp;ssl=1 1680w\" sizes=\"auto, (max-width: 300px) 100vw, 300px\" \/><\/a><figcaption id=\"caption-attachment-17862\" class=\"wp-caption-text\">Wolfgang Schl\u00fcter. Foto: TJ Krebs\/jazzphotoagency@web.de<\/figcaption><\/figure>\n<p>Der Vibraphonist Wolfgang Schl\u00fcter ist am 12. November 2018, im Alter von 85 Jahren v\u00f6llig unerwartet &#8211; und gerade mit den abschlie\u00dfenden Aufgaben eines neuen Projektes mit seinem Quartett und Streichern besch\u00e4ftigt &#8211; verstorben.<\/p>\n<p>Wolfgang Schl\u00fcter hat viele Jazzepochen miterlebt und sie mit seinem unverwechselbaren Spiel gepr\u00e4gt: vom Swing der Nachkriegszeit \u00fcber den Bebop und den \u201ecoolen\u201c Jazz der 50er-Jahre bis zu freieren Experimenten. Er spielte in unterschiedlichsten Besetzungen: vom Duo \u00fcber das Quartett bis zum Jazzorchester. 30 Jahre war Wolfgang Schl\u00fcter Mitglieder der NDR Bigband; daneben spielte er mit vielen Jazzgr\u00f6\u00dfen wie Kurt Edelhagen und Peter Herbolzheimer, vor allem aber fast ein halbes Jahrhundert lang mit dem Pianisten und sp\u00e4teren Redakteur <a href=\"https:\/\/www.nmz.de\/artikel\/wuetend-heisse-stimme-des-jazz\">Michael Naura<\/a>.<\/p>\n<p>An der Hamburger Hochschule f\u00fcr Musik und Theater hat Wolfgang Schl\u00fcter am Aufbau der Jazzabteilung mitgewirkt, hat sein K\u00f6nnen und Wissen an Generationen von Studenten weitergegeben und junge Talente wie Kai Bussenius, Boris Netsvetaev und Philipp Steen gef\u00f6rdert, mit denen er seit vielen Jahren im Quartett spielt.<\/p>\n<p>Sein letztes Album \u201eBreathing As One\u201c im Duo mit dem Pianisten Boris Netsvetaev (skip records, 2016) ist das j\u00fcngste Dokument\u00a0 seiner zeitlosen Kunst: seine Improvisationen besitzen emotionale Tiefe, mitrei\u00dfende Virtuosit\u00e4t und einen authentischen, organischen Swing, den weltweit nur wenige Instrumentalisten beherrschen.<\/p>\n<p>(siehe auch Jurybegr\u00fcndung des <a href=\"https:\/\/www.jazzzeitung.de\/cms\/2017\/05\/wolfgang-schlueter-erhaelt-den-hamburger-jazzpreis-2017\/\">Hamburger Jazzpreises 2017<\/a> an Wolfgang Schl\u00fcter)<\/p>\n","protected":false},"excerpt":{"rendered":"<p>Der Jazzmusiker Wolfgang Schl\u00fcter ist tot. Wie seine Plattenfirma Skip Records am Dienstag mitteilte, starb er am Montag im Alter von 85 Jahren an den Folgen eines Schlaganfalls. Der 1933 in Berlin geborene Musiker wollte eigentlich klassischer Solopaukist werden, wechselte dann aber zum Vibraphon und zum Jazz. 2001 wurde er mit dem Deutschen Jazzpreis, 2013 mit einem Echo Jazz und 2017 mit dem Hamburger Jazzpreis ausgezeichnet. Der Vibraphonist Wolfgang Schl\u00fcter ist am 12. November 2018, im Alter von 85 Jahren v\u00f6llig unerwartet &#8211; und gerade mit den abschlie\u00dfenden Aufgaben eines neuen Projektes mit seinem Quartett und Streichern besch\u00e4ftigt &#8211; verstorben. Wolfgang Schl\u00fcter hat viele Jazzepochen miterlebt und sie mit seinem unverwechselbaren Spiel gepr\u00e4gt: vom Swing der Nachkriegszeit \u00fcber den Bebop und den \u201ecoolen\u201c Jazz der 50er-Jahre bis zu freieren Experimenten. Er spielte in unterschiedlichsten Besetzungen: vom Duo \u00fcber das Quartett bis zum Jazzorchester. 30 Jahre war Wolfgang Schl\u00fcter Mitglieder der NDR Bigband; daneben spielte er mit vielen Jazzgr\u00f6\u00dfen wie Kurt Edelhagen und Peter Herbolzheimer, vor allem aber fast ein halbes Jahrhundert lang mit dem Pianisten und sp\u00e4teren Redakteur Michael Naura. An der Hamburger Hochschule f\u00fcr &hellip;<\/p>\n","protected":false},"author":18,"featured_media":17862,"comment_status":"open","ping_status":"closed","sticky":false,"template":"","format":"standard","meta":{"_jetpack_memberships_contains_paid_content":false,"footnotes":"","jetpack_publicize_message":"","jetpack_publicize_feature_enabled":true,"jetpack_social_post_already_shared":false,"jetpack_social_options":{"image_generator_settings":{"template":"highway","default_image_id":0,"font":"","enabled":false},"version":2}},"categories":[1053],"tags":[1959,2019,34,66,73,1406,980,157,226,1876,267,281,282,1423,2081,314,323,1418,794,981,407,410,1664,701,438,2080,1965,525,535,1417,1275,862,1439],"coauthors":[695],"class_list":["post-17855","post","type-post","status-publish","format-standard","has-post-thumbnail","hentry","category-bericht","tag-1959","tag-2019","tag-album","tag-berlin","tag-bigband","tag-duo","tag-echo","tag-echo-jazz","tag-hochschule-fuer-musik-und-theater","tag-jazz","tag-jazzabteilung","tag-jazzmusiker","tag-jazzorchester","tag-jazzpreis","tag-junge-talente","tag-kinder","tag-konzerte","tag-krebs","tag-kurt-edelhagen","tag-lebenswerk","tag-nachkriegszeit","tag-ndr","tag-ndr-bigband","tag-paul-kuhn","tag-peter-herbolzheimer","tag-pianisten","tag-quartett","tag-studenten","tag-swing","tag-tj","tag-tj-krebs","tag-tod","tag-tot"],"yoast_head":"<!-- This site is optimized with the Yoast SEO plugin v27.5 - https:\/\/yoast.com\/product\/yoast-seo-wordpress\/ -->\n<title>Vom Duo bis zur NDR Big Bigband: zum Tod des Vibraphonisten Wolfgang Schl\u00fcter - JazzZeitung<\/title>\n<meta name=\"robots\" content=\"index, follow, max-snippet:-1, max-image-preview:large, max-video-preview:-1\" \/>\n<link rel=\"canonical\" href=\"https:\/\/www.jazzzeitung.de\/cms\/2018\/11\/17855\/\" \/>\n<meta property=\"og:locale\" content=\"de_DE\" \/>\n<meta property=\"og:type\" content=\"article\" \/>\n<meta property=\"og:title\" content=\"Vom Duo bis zur NDR Big Bigband: zum Tod des Vibraphonisten Wolfgang Schl\u00fcter - JazzZeitung\" \/>\n<meta property=\"og:description\" content=\"Der Jazzmusiker Wolfgang Schl\u00fcter ist tot. Wie seine Plattenfirma Skip Records am Dienstag mitteilte, starb er am Montag im Alter von 85 Jahren an den Folgen eines Schlaganfalls. Der 1933 in Berlin geborene Musiker wollte eigentlich klassischer Solopaukist werden, wechselte dann aber zum Vibraphon und zum Jazz. 2001 wurde er mit dem Deutschen Jazzpreis, 2013 mit einem Echo Jazz und 2017 mit dem Hamburger Jazzpreis ausgezeichnet. Der Vibraphonist Wolfgang Schl\u00fcter ist am 12. November 2018, im Alter von 85 Jahren v\u00f6llig unerwartet &#8211; und gerade mit den abschlie\u00dfenden Aufgaben eines neuen Projektes mit seinem Quartett und Streichern besch\u00e4ftigt &#8211; verstorben. Wolfgang Schl\u00fcter hat viele Jazzepochen miterlebt und sie mit seinem unverwechselbaren Spiel gepr\u00e4gt: vom Swing der Nachkriegszeit \u00fcber den Bebop und den \u201ecoolen\u201c Jazz der 50er-Jahre bis zu freieren Experimenten. Er spielte in unterschiedlichsten Besetzungen: vom Duo \u00fcber das Quartett bis zum Jazzorchester. 30 Jahre war Wolfgang Schl\u00fcter Mitglieder der NDR Bigband; daneben spielte er mit vielen Jazzgr\u00f6\u00dfen wie Kurt Edelhagen und Peter Herbolzheimer, vor allem aber fast ein halbes Jahrhundert lang mit dem Pianisten und sp\u00e4teren Redakteur Michael Naura. An der Hamburger Hochschule f\u00fcr &hellip;\" \/>\n<meta property=\"og:url\" content=\"https:\/\/www.jazzzeitung.de\/cms\/2018\/11\/17855\/\" \/>\n<meta property=\"og:site_name\" content=\"JazzZeitung\" \/>\n<meta property=\"article:publisher\" content=\"https:\/\/www.facebook.com\/JazzZeitung\/\" \/>\n<meta property=\"article:published_time\" content=\"2018-11-14T13:05:18+00:00\" \/>\n<meta property=\"og:image\" content=\"https:\/\/i0.wp.com\/www.jazzzeitung.de\/cms\/wp-content\/uploads\/2018\/11\/Wolfgang-Schl\u00fcter-Foto-TJ-Krebs-jazzphotoagency@web.de_.jpg?fit=1800%2C1200&ssl=1\" \/>\n\t<meta property=\"og:image:width\" content=\"1800\" \/>\n\t<meta property=\"og:image:height\" content=\"1200\" \/>\n\t<meta property=\"og:image:type\" content=\"image\/jpeg\" \/>\n<meta name=\"author\" content=\"Redaktion JazzZeitung\" \/>\n<script type=\"application\/ld+json\" class=\"yoast-schema-graph\">{\"@context\":\"https:\\\/\\\/schema.org\",\"@graph\":[{\"@type\":\"Article\",\"@id\":\"https:\\\/\\\/www.jazzzeitung.de\\\/cms\\\/2018\\\/11\\\/17855\\\/#article\",\"isPartOf\":{\"@id\":\"https:\\\/\\\/www.jazzzeitung.de\\\/cms\\\/2018\\\/11\\\/17855\\\/\"},\"author\":{\"name\":\"Redaktion JazzZeitung\",\"@id\":\"https:\\\/\\\/www.jazzzeitung.de\\\/cms\\\/#\\\/schema\\\/person\\\/2245b36b9cd1d24cea10f01c031fb92b\"},\"headline\":\"Vom Duo bis zur NDR Big Bigband: zum Tod des Vibraphonisten Wolfgang Schl\u00fcter\",\"datePublished\":\"2018-11-14T13:05:18+00:00\",\"mainEntityOfPage\":{\"@id\":\"https:\\\/\\\/www.jazzzeitung.de\\\/cms\\\/2018\\\/11\\\/17855\\\/\"},\"wordCount\":316,\"commentCount\":0,\"publisher\":{\"@id\":\"https:\\\/\\\/www.jazzzeitung.de\\\/cms\\\/#organization\"},\"image\":{\"@id\":\"https:\\\/\\\/www.jazzzeitung.de\\\/cms\\\/2018\\\/11\\\/17855\\\/#primaryimage\"},\"thumbnailUrl\":\"https:\\\/\\\/i0.wp.com\\\/www.jazzzeitung.de\\\/cms\\\/wp-content\\\/uploads\\\/2018\\\/11\\\/Wolfgang-Schl%C3%BCter-Foto-TJ-Krebs-jazzphotoagency%40web.de_.jpg?fit=1800%2C1200&ssl=1\",\"keywords\":[\"2018\",\"2019\",\"Album\",\"Berlin\",\"Bigband\",\"duo\",\"ECHO\",\"Echo Jazz\",\"Hochschule f\u00fcr Musik und Theater\",\"Jazz\",\"Jazzabteilung\",\"Jazzmusiker\",\"Jazzorchester\",\"Jazzpreis\",\"junge Talente\",\"Kinder\",\"Konzerte\",\"krebs\",\"Kurt Edelhagen\",\"Lebenswerk\",\"Nachkriegszeit\",\"NDR\",\"NDR Bigband\",\"Paul Kuhn\",\"Peter Herbolzheimer\",\"Pianisten\",\"Quartett\",\"Studenten\",\"Swing\",\"tj\",\"TJ Krebs\",\"Tod\",\"tot\"],\"articleSection\":[\"Bericht\"],\"inLanguage\":\"de\",\"potentialAction\":[{\"@type\":\"CommentAction\",\"name\":\"Comment\",\"target\":[\"https:\\\/\\\/www.jazzzeitung.de\\\/cms\\\/2018\\\/11\\\/17855\\\/#respond\"]}]},{\"@type\":\"WebPage\",\"@id\":\"https:\\\/\\\/www.jazzzeitung.de\\\/cms\\\/2018\\\/11\\\/17855\\\/\",\"url\":\"https:\\\/\\\/www.jazzzeitung.de\\\/cms\\\/2018\\\/11\\\/17855\\\/\",\"name\":\"Vom Duo bis zur NDR Big Bigband: zum Tod des Vibraphonisten Wolfgang Schl\u00fcter - JazzZeitung\",\"isPartOf\":{\"@id\":\"https:\\\/\\\/www.jazzzeitung.de\\\/cms\\\/#website\"},\"primaryImageOfPage\":{\"@id\":\"https:\\\/\\\/www.jazzzeitung.de\\\/cms\\\/2018\\\/11\\\/17855\\\/#primaryimage\"},\"image\":{\"@id\":\"https:\\\/\\\/www.jazzzeitung.de\\\/cms\\\/2018\\\/11\\\/17855\\\/#primaryimage\"},\"thumbnailUrl\":\"https:\\\/\\\/i0.wp.com\\\/www.jazzzeitung.de\\\/cms\\\/wp-content\\\/uploads\\\/2018\\\/11\\\/Wolfgang-Schl%C3%BCter-Foto-TJ-Krebs-jazzphotoagency%40web.de_.jpg?fit=1800%2C1200&ssl=1\",\"datePublished\":\"2018-11-14T13:05:18+00:00\",\"breadcrumb\":{\"@id\":\"https:\\\/\\\/www.jazzzeitung.de\\\/cms\\\/2018\\\/11\\\/17855\\\/#breadcrumb\"},\"inLanguage\":\"de\",\"potentialAction\":[{\"@type\":\"ReadAction\",\"target\":[\"https:\\\/\\\/www.jazzzeitung.de\\\/cms\\\/2018\\\/11\\\/17855\\\/\"]}]},{\"@type\":\"ImageObject\",\"inLanguage\":\"de\",\"@id\":\"https:\\\/\\\/www.jazzzeitung.de\\\/cms\\\/2018\\\/11\\\/17855\\\/#primaryimage\",\"url\":\"https:\\\/\\\/i0.wp.com\\\/www.jazzzeitung.de\\\/cms\\\/wp-content\\\/uploads\\\/2018\\\/11\\\/Wolfgang-Schl%C3%BCter-Foto-TJ-Krebs-jazzphotoagency%40web.de_.jpg?fit=1800%2C1200&ssl=1\",\"contentUrl\":\"https:\\\/\\\/i0.wp.com\\\/www.jazzzeitung.de\\\/cms\\\/wp-content\\\/uploads\\\/2018\\\/11\\\/Wolfgang-Schl%C3%BCter-Foto-TJ-Krebs-jazzphotoagency%40web.de_.jpg?fit=1800%2C1200&ssl=1\",\"width\":1800,\"height\":1200,\"caption\":\"Wolfgang Schl\u00fcter. Foto: TJ Krebs\\\/jazzphotoagency@web.de\"},{\"@type\":\"BreadcrumbList\",\"@id\":\"https:\\\/\\\/www.jazzzeitung.de\\\/cms\\\/2018\\\/11\\\/17855\\\/#breadcrumb\",\"itemListElement\":[{\"@type\":\"ListItem\",\"position\":1,\"name\":\"Startseite\",\"item\":\"https:\\\/\\\/www.jazzzeitung.de\\\/cms\\\/\"},{\"@type\":\"ListItem\",\"position\":2,\"name\":\"Vom Duo bis zur NDR Big Bigband: zum Tod des Vibraphonisten Wolfgang Schl\u00fcter\"}]},{\"@type\":\"WebSite\",\"@id\":\"https:\\\/\\\/www.jazzzeitung.de\\\/cms\\\/#website\",\"url\":\"https:\\\/\\\/www.jazzzeitung.de\\\/cms\\\/\",\"name\":\"JazzZeitung\",\"description\":\"Jazz-News und Jazz-Kontroverses\",\"publisher\":{\"@id\":\"https:\\\/\\\/www.jazzzeitung.de\\\/cms\\\/#organization\"},\"potentialAction\":[{\"@type\":\"SearchAction\",\"target\":{\"@type\":\"EntryPoint\",\"urlTemplate\":\"https:\\\/\\\/www.jazzzeitung.de\\\/cms\\\/?s={search_term_string}\"},\"query-input\":{\"@type\":\"PropertyValueSpecification\",\"valueRequired\":true,\"valueName\":\"search_term_string\"}}],\"inLanguage\":\"de\"},{\"@type\":\"Organization\",\"@id\":\"https:\\\/\\\/www.jazzzeitung.de\\\/cms\\\/#organization\",\"name\":\"JazzZeitung online\",\"url\":\"https:\\\/\\\/www.jazzzeitung.de\\\/cms\\\/\",\"logo\":{\"@type\":\"ImageObject\",\"inLanguage\":\"de\",\"@id\":\"https:\\\/\\\/www.jazzzeitung.de\\\/cms\\\/#\\\/schema\\\/logo\\\/image\\\/\",\"url\":\"https:\\\/\\\/i0.wp.com\\\/www.jazzzeitung.de\\\/cms\\\/wp-content\\\/uploads\\\/2015\\\/08\\\/JAZZZEITUNGDE_Logo_Neu.png?fit=499%2C200&ssl=1\",\"contentUrl\":\"https:\\\/\\\/i0.wp.com\\\/www.jazzzeitung.de\\\/cms\\\/wp-content\\\/uploads\\\/2015\\\/08\\\/JAZZZEITUNGDE_Logo_Neu.png?fit=499%2C200&ssl=1\",\"width\":499,\"height\":200,\"caption\":\"JazzZeitung online\"},\"image\":{\"@id\":\"https:\\\/\\\/www.jazzzeitung.de\\\/cms\\\/#\\\/schema\\\/logo\\\/image\\\/\"},\"sameAs\":[\"https:\\\/\\\/www.facebook.com\\\/JazzZeitung\\\/\"]},{\"@type\":\"Person\",\"@id\":\"https:\\\/\\\/www.jazzzeitung.de\\\/cms\\\/#\\\/schema\\\/person\\\/2245b36b9cd1d24cea10f01c031fb92b\",\"name\":\"Redaktion JazzZeitung\",\"image\":{\"@type\":\"ImageObject\",\"inLanguage\":\"de\",\"@id\":\"https:\\\/\\\/i0.wp.com\\\/www.jazzzeitung.de\\\/cms\\\/wp-content\\\/uploads\\\/2015\\\/08\\\/JAZZZEITUNGDE_Logo_Neu.png?resize=96%2C96&ssl=159975dcacb611b5700bd619b5daf0a7a\",\"url\":\"https:\\\/\\\/i0.wp.com\\\/www.jazzzeitung.de\\\/cms\\\/wp-content\\\/uploads\\\/2015\\\/08\\\/JAZZZEITUNGDE_Logo_Neu.png?resize=96%2C96&ssl=1\",\"contentUrl\":\"https:\\\/\\\/i0.wp.com\\\/www.jazzzeitung.de\\\/cms\\\/wp-content\\\/uploads\\\/2015\\\/08\\\/JAZZZEITUNGDE_Logo_Neu.png?resize=96%2C96&ssl=1\",\"caption\":\"Redaktion JazzZeitung\"},\"description\":\"Artikel der Redaktion der JazzZeitung.\",\"sameAs\":[\"http:\\\/\\\/www.jazzzeitung.de\\\/cms\\\/\"],\"url\":\"https:\\\/\\\/www.jazzzeitung.de\\\/cms\\\/author\\\/redaktion\\\/\"}]}<\/script>\n<!-- \/ Yoast SEO plugin. -->","yoast_head_json":{"title":"Vom Duo bis zur NDR Big Bigband: zum Tod des Vibraphonisten Wolfgang Schl\u00fcter - JazzZeitung","robots":{"index":"index","follow":"follow","max-snippet":"max-snippet:-1","max-image-preview":"max-image-preview:large","max-video-preview":"max-video-preview:-1"},"canonical":"https:\/\/www.jazzzeitung.de\/cms\/2018\/11\/17855\/","og_locale":"de_DE","og_type":"article","og_title":"Vom Duo bis zur NDR Big Bigband: zum Tod des Vibraphonisten Wolfgang Schl\u00fcter - JazzZeitung","og_description":"Der Jazzmusiker Wolfgang Schl\u00fcter ist tot. Wie seine Plattenfirma Skip Records am Dienstag mitteilte, starb er am Montag im Alter von 85 Jahren an den Folgen eines Schlaganfalls. Der 1933 in Berlin geborene Musiker wollte eigentlich klassischer Solopaukist werden, wechselte dann aber zum Vibraphon und zum Jazz. 2001 wurde er mit dem Deutschen Jazzpreis, 2013 mit einem Echo Jazz und 2017 mit dem Hamburger Jazzpreis ausgezeichnet. Der Vibraphonist Wolfgang Schl\u00fcter ist am 12. November 2018, im Alter von 85 Jahren v\u00f6llig unerwartet &#8211; und gerade mit den abschlie\u00dfenden Aufgaben eines neuen Projektes mit seinem Quartett und Streichern besch\u00e4ftigt &#8211; verstorben. Wolfgang Schl\u00fcter hat viele Jazzepochen miterlebt und sie mit seinem unverwechselbaren Spiel gepr\u00e4gt: vom Swing der Nachkriegszeit \u00fcber den Bebop und den \u201ecoolen\u201c Jazz der 50er-Jahre bis zu freieren Experimenten. Er spielte in unterschiedlichsten Besetzungen: vom Duo \u00fcber das Quartett bis zum Jazzorchester. 30 Jahre war Wolfgang Schl\u00fcter Mitglieder der NDR Bigband; daneben spielte er mit vielen Jazzgr\u00f6\u00dfen wie Kurt Edelhagen und Peter Herbolzheimer, vor allem aber fast ein halbes Jahrhundert lang mit dem Pianisten und sp\u00e4teren Redakteur Michael Naura. An der Hamburger Hochschule f\u00fcr &hellip;","og_url":"https:\/\/www.jazzzeitung.de\/cms\/2018\/11\/17855\/","og_site_name":"JazzZeitung","article_publisher":"https:\/\/www.facebook.com\/JazzZeitung\/","article_published_time":"2018-11-14T13:05:18+00:00","og_image":[{"width":1800,"height":1200,"url":"https:\/\/i0.wp.com\/www.jazzzeitung.de\/cms\/wp-content\/uploads\/2018\/11\/Wolfgang-Schl\u00fcter-Foto-TJ-Krebs-jazzphotoagency@web.de_.jpg?fit=1800%2C1200&ssl=1","type":"image\/jpeg"}],"author":"Redaktion JazzZeitung","schema":{"@context":"https:\/\/schema.org","@graph":[{"@type":"Article","@id":"https:\/\/www.jazzzeitung.de\/cms\/2018\/11\/17855\/#article","isPartOf":{"@id":"https:\/\/www.jazzzeitung.de\/cms\/2018\/11\/17855\/"},"author":{"name":"Redaktion JazzZeitung","@id":"https:\/\/www.jazzzeitung.de\/cms\/#\/schema\/person\/2245b36b9cd1d24cea10f01c031fb92b"},"headline":"Vom Duo bis zur NDR Big Bigband: zum Tod des Vibraphonisten Wolfgang Schl\u00fcter","datePublished":"2018-11-14T13:05:18+00:00","mainEntityOfPage":{"@id":"https:\/\/www.jazzzeitung.de\/cms\/2018\/11\/17855\/"},"wordCount":316,"commentCount":0,"publisher":{"@id":"https:\/\/www.jazzzeitung.de\/cms\/#organization"},"image":{"@id":"https:\/\/www.jazzzeitung.de\/cms\/2018\/11\/17855\/#primaryimage"},"thumbnailUrl":"https:\/\/i0.wp.com\/www.jazzzeitung.de\/cms\/wp-content\/uploads\/2018\/11\/Wolfgang-Schl%C3%BCter-Foto-TJ-Krebs-jazzphotoagency%40web.de_.jpg?fit=1800%2C1200&ssl=1","keywords":["2018","2019","Album","Berlin","Bigband","duo","ECHO","Echo Jazz","Hochschule f\u00fcr Musik und Theater","Jazz","Jazzabteilung","Jazzmusiker","Jazzorchester","Jazzpreis","junge Talente","Kinder","Konzerte","krebs","Kurt Edelhagen","Lebenswerk","Nachkriegszeit","NDR","NDR Bigband","Paul Kuhn","Peter Herbolzheimer","Pianisten","Quartett","Studenten","Swing","tj","TJ Krebs","Tod","tot"],"articleSection":["Bericht"],"inLanguage":"de","potentialAction":[{"@type":"CommentAction","name":"Comment","target":["https:\/\/www.jazzzeitung.de\/cms\/2018\/11\/17855\/#respond"]}]},{"@type":"WebPage","@id":"https:\/\/www.jazzzeitung.de\/cms\/2018\/11\/17855\/","url":"https:\/\/www.jazzzeitung.de\/cms\/2018\/11\/17855\/","name":"Vom Duo bis zur NDR Big Bigband: zum Tod des Vibraphonisten Wolfgang Schl\u00fcter - JazzZeitung","isPartOf":{"@id":"https:\/\/www.jazzzeitung.de\/cms\/#website"},"primaryImageOfPage":{"@id":"https:\/\/www.jazzzeitung.de\/cms\/2018\/11\/17855\/#primaryimage"},"image":{"@id":"https:\/\/www.jazzzeitung.de\/cms\/2018\/11\/17855\/#primaryimage"},"thumbnailUrl":"https:\/\/i0.wp.com\/www.jazzzeitung.de\/cms\/wp-content\/uploads\/2018\/11\/Wolfgang-Schl%C3%BCter-Foto-TJ-Krebs-jazzphotoagency%40web.de_.jpg?fit=1800%2C1200&ssl=1","datePublished":"2018-11-14T13:05:18+00:00","breadcrumb":{"@id":"https:\/\/www.jazzzeitung.de\/cms\/2018\/11\/17855\/#breadcrumb"},"inLanguage":"de","potentialAction":[{"@type":"ReadAction","target":["https:\/\/www.jazzzeitung.de\/cms\/2018\/11\/17855\/"]}]},{"@type":"ImageObject","inLanguage":"de","@id":"https:\/\/www.jazzzeitung.de\/cms\/2018\/11\/17855\/#primaryimage","url":"https:\/\/i0.wp.com\/www.jazzzeitung.de\/cms\/wp-content\/uploads\/2018\/11\/Wolfgang-Schl%C3%BCter-Foto-TJ-Krebs-jazzphotoagency%40web.de_.jpg?fit=1800%2C1200&ssl=1","contentUrl":"https:\/\/i0.wp.com\/www.jazzzeitung.de\/cms\/wp-content\/uploads\/2018\/11\/Wolfgang-Schl%C3%BCter-Foto-TJ-Krebs-jazzphotoagency%40web.de_.jpg?fit=1800%2C1200&ssl=1","width":1800,"height":1200,"caption":"Wolfgang Schl\u00fcter. Foto: TJ Krebs\/jazzphotoagency@web.de"},{"@type":"BreadcrumbList","@id":"https:\/\/www.jazzzeitung.de\/cms\/2018\/11\/17855\/#breadcrumb","itemListElement":[{"@type":"ListItem","position":1,"name":"Startseite","item":"https:\/\/www.jazzzeitung.de\/cms\/"},{"@type":"ListItem","position":2,"name":"Vom Duo bis zur NDR Big Bigband: zum Tod des Vibraphonisten Wolfgang Schl\u00fcter"}]},{"@type":"WebSite","@id":"https:\/\/www.jazzzeitung.de\/cms\/#website","url":"https:\/\/www.jazzzeitung.de\/cms\/","name":"JazzZeitung","description":"Jazz-News und Jazz-Kontroverses","publisher":{"@id":"https:\/\/www.jazzzeitung.de\/cms\/#organization"},"potentialAction":[{"@type":"SearchAction","target":{"@type":"EntryPoint","urlTemplate":"https:\/\/www.jazzzeitung.de\/cms\/?s={search_term_string}"},"query-input":{"@type":"PropertyValueSpecification","valueRequired":true,"valueName":"search_term_string"}}],"inLanguage":"de"},{"@type":"Organization","@id":"https:\/\/www.jazzzeitung.de\/cms\/#organization","name":"JazzZeitung online","url":"https:\/\/www.jazzzeitung.de\/cms\/","logo":{"@type":"ImageObject","inLanguage":"de","@id":"https:\/\/www.jazzzeitung.de\/cms\/#\/schema\/logo\/image\/","url":"https:\/\/i0.wp.com\/www.jazzzeitung.de\/cms\/wp-content\/uploads\/2015\/08\/JAZZZEITUNGDE_Logo_Neu.png?fit=499%2C200&ssl=1","contentUrl":"https:\/\/i0.wp.com\/www.jazzzeitung.de\/cms\/wp-content\/uploads\/2015\/08\/JAZZZEITUNGDE_Logo_Neu.png?fit=499%2C200&ssl=1","width":499,"height":200,"caption":"JazzZeitung online"},"image":{"@id":"https:\/\/www.jazzzeitung.de\/cms\/#\/schema\/logo\/image\/"},"sameAs":["https:\/\/www.facebook.com\/JazzZeitung\/"]},{"@type":"Person","@id":"https:\/\/www.jazzzeitung.de\/cms\/#\/schema\/person\/2245b36b9cd1d24cea10f01c031fb92b","name":"Redaktion JazzZeitung","image":{"@type":"ImageObject","inLanguage":"de","@id":"https:\/\/i0.wp.com\/www.jazzzeitung.de\/cms\/wp-content\/uploads\/2015\/08\/JAZZZEITUNGDE_Logo_Neu.png?resize=96%2C96&ssl=159975dcacb611b5700bd619b5daf0a7a","url":"https:\/\/i0.wp.com\/www.jazzzeitung.de\/cms\/wp-content\/uploads\/2015\/08\/JAZZZEITUNGDE_Logo_Neu.png?resize=96%2C96&ssl=1","contentUrl":"https:\/\/i0.wp.com\/www.jazzzeitung.de\/cms\/wp-content\/uploads\/2015\/08\/JAZZZEITUNGDE_Logo_Neu.png?resize=96%2C96&ssl=1","caption":"Redaktion JazzZeitung"},"description":"Artikel der Redaktion der JazzZeitung.","sameAs":["http:\/\/www.jazzzeitung.de\/cms\/"],"url":"https:\/\/www.jazzzeitung.de\/cms\/author\/redaktion\/"}]}},"wp-worthy-pixel":{"ignored":false,"public":null,"server":null,"url":null},"wp-worthy-type":"normal","jetpack_publicize_connections":[],"cc_featured_image_caption":{"caption_text":"","source_text":"","source_url":""},"jetpack_featured_media_url":"https:\/\/i0.wp.com\/www.jazzzeitung.de\/cms\/wp-content\/uploads\/2018\/11\/Wolfgang-Schl%C3%BCter-Foto-TJ-Krebs-jazzphotoagency%40web.de_.jpg?fit=1800%2C1200&ssl=1","jetpack_shortlink":"https:\/\/wp.me\/s3KEcT-17855","jetpack-related-posts":[{"id":12348,"url":"https:\/\/www.jazzzeitung.de\/cms\/2017\/05\/wolfgang-schlueter-erhaelt-den-hamburger-jazzpreis-2017\/","url_meta":{"origin":17855,"position":0},"title":"+++ Wolfgang Schl\u00fcter erh\u00e4lt den Hamburger Jazzpreis 2017 +++","author":"Redaktion JazzZeitung","date":"13. Mai 2017","format":false,"excerpt":"Seit 2007 werden alle zwei Jahre Musikerinnen und Musiker mit dem Hamburger Jazzpreis ausgezeichnet, die einen besonders qualifizierten k\u00fcnstlerischen Beitrag zur Jazzmusik leisten, die ihren Arbeits- und Lebensmittelpunkt in Hamburg haben und sich f\u00fcr die Belange des Jazz in der Stadt einsetzen. Der mit 10,000 Euro dotierte Preis wurde von\u2026","rel":"","context":"In &quot;Bericht&quot;","block_context":{"text":"Bericht","link":"https:\/\/www.jazzzeitung.de\/cms\/thema\/bericht\/"},"img":{"alt_text":"","src":"https:\/\/i0.wp.com\/www.jazzzeitung.de\/cms\/wp-content\/uploads\/2017\/05\/WOLFGANG_SCHL%C3%9CTER_BILD_MANFRED_KRATZAT%C2%A9skip-records1-300x295.jpg?resize=350%2C200","width":350,"height":200},"classes":[]},{"id":15685,"url":"https:\/\/www.jazzzeitung.de\/cms\/2018\/04\/wr-jazzpreis-2018-fuer-saxofonist-sebastian-gille-in-koeln-lebender-musiker-erhaelt-den-aeltesten-jazzpreis-deutschlands\/","url_meta":{"origin":17855,"position":1},"title":"SWR Jazzpreis 2018 f\u00fcr Saxofonist Sebastian Gille","author":"Redaktion JazzZeitung","date":"19. April 2018","format":false,"excerpt":"Der Saxofonist Sebastian Gille erh\u00e4lt den je zur H\u00e4lfte vom Land Rheinland-Pfalz und vom S\u00fcdwestrundfunk gestifteten SWR Jazzpreis 2018. Die Auszeichnung wird ihm am 15. Oktober 2018 beim Internationalen Festival \"Enjoy Jazz\" in Ludwigshafen \u00fcberreicht. Im Preistr\u00e4gerkonzert wird Sebastian Gille mit seinem Quartett (Elias Stemeseder, Klavier; Robert Landfermann, Kontrabass und\u2026","rel":"","context":"In &quot;Bericht&quot;","block_context":{"text":"Bericht","link":"https:\/\/www.jazzzeitung.de\/cms\/thema\/bericht\/"},"img":{"alt_text":"","src":"https:\/\/i0.wp.com\/www.jazzzeitung.de\/cms\/wp-content\/uploads\/2018\/04\/Gille_SWR_Jazzpreis_2018.jpg?fit=1200%2C792&ssl=1&resize=350%2C200","width":350,"height":200,"srcset":"https:\/\/i0.wp.com\/www.jazzzeitung.de\/cms\/wp-content\/uploads\/2018\/04\/Gille_SWR_Jazzpreis_2018.jpg?fit=1200%2C792&ssl=1&resize=350%2C200 1x, https:\/\/i0.wp.com\/www.jazzzeitung.de\/cms\/wp-content\/uploads\/2018\/04\/Gille_SWR_Jazzpreis_2018.jpg?fit=1200%2C792&ssl=1&resize=525%2C300 1.5x, https:\/\/i0.wp.com\/www.jazzzeitung.de\/cms\/wp-content\/uploads\/2018\/04\/Gille_SWR_Jazzpreis_2018.jpg?fit=1200%2C792&ssl=1&resize=700%2C400 2x, https:\/\/i0.wp.com\/www.jazzzeitung.de\/cms\/wp-content\/uploads\/2018\/04\/Gille_SWR_Jazzpreis_2018.jpg?fit=1200%2C792&ssl=1&resize=1050%2C600 3x"},"classes":[]},{"id":28995,"url":"https:\/\/www.jazzzeitung.de\/cms\/2023\/01\/steve-turry-german-jazz-trophy_jugend-jazzt-hamburg_kmja-ft-brasilien\/","url_meta":{"origin":17855,"position":2},"title":"News: +++ German Jazz Trophy 2023 geht Steve Turr\u00e9 +++ Hamburger &#8222;Jugend jazzt&#8220;-Preistr\u00e4ger spielen mit NDR Big Band +++ Jazz-Institut M\u00fcnchen featured Brasilien +++","author":"Redaktion JazzZeitung","date":"28. Januar 2023","format":false,"excerpt":"+++ German Jazz Trophy 2023 geht an Steve Turr\u00e9 +++ Unter dem Motto \u201eA Life for Jazz\u201c zeichnet die German Jazz Trophy seit 2001 j\u00e4hrlich Musiker*innen aus, die durch ihr Lebenswerk dem Jazz neue Impulse gegeben und seinen Stellenwert gef\u00f6rdert haben. 2023 wird das Lebenswerk von Posaunist (und Muschelspieler) Steve\u2026","rel":"","context":"In &quot;News&quot;","block_context":{"text":"News","link":"https:\/\/www.jazzzeitung.de\/cms\/thema\/nachrichten\/"},"img":{"alt_text":"","src":"https:\/\/i0.wp.com\/www.jazzzeitung.de\/cms\/wp-content\/uploads\/2023\/01\/P2169219-Turre-Foto-TJ-Krebs.jpg?fit=1200%2C800&ssl=1&resize=350%2C200","width":350,"height":200,"srcset":"https:\/\/i0.wp.com\/www.jazzzeitung.de\/cms\/wp-content\/uploads\/2023\/01\/P2169219-Turre-Foto-TJ-Krebs.jpg?fit=1200%2C800&ssl=1&resize=350%2C200 1x, https:\/\/i0.wp.com\/www.jazzzeitung.de\/cms\/wp-content\/uploads\/2023\/01\/P2169219-Turre-Foto-TJ-Krebs.jpg?fit=1200%2C800&ssl=1&resize=525%2C300 1.5x, https:\/\/i0.wp.com\/www.jazzzeitung.de\/cms\/wp-content\/uploads\/2023\/01\/P2169219-Turre-Foto-TJ-Krebs.jpg?fit=1200%2C800&ssl=1&resize=700%2C400 2x, https:\/\/i0.wp.com\/www.jazzzeitung.de\/cms\/wp-content\/uploads\/2023\/01\/P2169219-Turre-Foto-TJ-Krebs.jpg?fit=1200%2C800&ssl=1&resize=1050%2C600 3x"},"classes":[]},{"id":25246,"url":"https:\/\/www.jazzzeitung.de\/cms\/2021\/08\/news-silvan-strauss-erhaelt-hamburger-jazzpreis-2021\/","url_meta":{"origin":17855,"position":3},"title":"+++ news +++ Silvan Strau\u00df erh\u00e4lt Hamburger Jazzpreis 2021 +++","author":"Redaktion JazzZeitung","date":"4. August 2021","format":false,"excerpt":"(Pressenmitteilung) Der Schlagzeuger Silvan Strau\u00df ist Preistr\u00e4ger des renommierten Hamburger Jazzpreises, der 2021 zum achten Mal vergeben wird. Der mit 10.000 Euro dotierte Preis zeichnet alle zwei Jahre Musikerinnen und Musiker aus, die einen besonders qualifizierten k\u00fcnstlerischen Beitrag zur Jazzmusik in Hamburg geleistet und sich f\u00fcr die Belange des Jazz\u2026","rel":"","context":"In &quot;News&quot;","block_context":{"text":"News","link":"https:\/\/www.jazzzeitung.de\/cms\/thema\/nachrichten\/"},"img":{"alt_text":"","src":"https:\/\/i0.wp.com\/www.jazzzeitung.de\/cms\/wp-content\/uploads\/2021\/08\/silvan_strass_steven-Haberland.jpg?fit=800%2C534&ssl=1&resize=350%2C200","width":350,"height":200,"srcset":"https:\/\/i0.wp.com\/www.jazzzeitung.de\/cms\/wp-content\/uploads\/2021\/08\/silvan_strass_steven-Haberland.jpg?fit=800%2C534&ssl=1&resize=350%2C200 1x, https:\/\/i0.wp.com\/www.jazzzeitung.de\/cms\/wp-content\/uploads\/2021\/08\/silvan_strass_steven-Haberland.jpg?fit=800%2C534&ssl=1&resize=525%2C300 1.5x, https:\/\/i0.wp.com\/www.jazzzeitung.de\/cms\/wp-content\/uploads\/2021\/08\/silvan_strass_steven-Haberland.jpg?fit=800%2C534&ssl=1&resize=700%2C400 2x"},"classes":[]},{"id":18399,"url":"https:\/\/www.jazzzeitung.de\/cms\/2019\/01\/die-jazz-radiowoche-vom-28-01-19-bis-03-02-2019\/","url_meta":{"origin":17855,"position":4},"title":"Die Jazz-Radiowoche vom 28.01.19 bis 03.02.2019","author":"Martin Hufner","date":"27. Januar 2019","format":false,"excerpt":"Ein kleiner Blick in die Jazzwoche 05 im Radio. Immer aktuell: Gemeinsame Erkl\u00e4rung zur Gleichstellung von Frauen im Jazz. Die \u00dcbersicht zum Download als PDF. Alle Angaben ohne Gew\u00e4hr. Jazz im Radio (Fernsehen) SR2 \u2013 JazzNow \u2013 Sonntags von 20.04 bis 22.30 Uhr BR-KLASSIK \u2013 Jazztime \u2013 Von Montag bis\u2026","rel":"","context":"In &quot;News&quot;","block_context":{"text":"News","link":"https:\/\/www.jazzzeitung.de\/cms\/thema\/nachrichten\/"},"img":{"alt_text":"radio-jazz. Montage: Hufner","src":"https:\/\/i0.wp.com\/www.jazzzeitung.de\/cms\/wp-content\/uploads\/2017\/10\/radio-jazz.jpg?fit=1200%2C900&ssl=1&resize=350%2C200","width":350,"height":200,"srcset":"https:\/\/i0.wp.com\/www.jazzzeitung.de\/cms\/wp-content\/uploads\/2017\/10\/radio-jazz.jpg?fit=1200%2C900&ssl=1&resize=350%2C200 1x, https:\/\/i0.wp.com\/www.jazzzeitung.de\/cms\/wp-content\/uploads\/2017\/10\/radio-jazz.jpg?fit=1200%2C900&ssl=1&resize=525%2C300 1.5x, https:\/\/i0.wp.com\/www.jazzzeitung.de\/cms\/wp-content\/uploads\/2017\/10\/radio-jazz.jpg?fit=1200%2C900&ssl=1&resize=700%2C400 2x, https:\/\/i0.wp.com\/www.jazzzeitung.de\/cms\/wp-content\/uploads\/2017\/10\/radio-jazz.jpg?fit=1200%2C900&ssl=1&resize=1050%2C600 3x"},"classes":[]},{"id":17067,"url":"https:\/\/www.jazzzeitung.de\/cms\/2018\/09\/die-jazz-radiowoche-vom-03-09-bis-09-09-2018\/","url_meta":{"origin":17855,"position":5},"title":"Die Jazz-Radiowoche vom 03.09. bis 09.09.2018","author":"Martin Hufner","date":"2. September 2018","format":false,"excerpt":"Ein kleiner Blick in die Jazzwoche 36 im Radio. Ab jetzt mit dem ARD Radiofestival 2018. Wochentags von 23:35 bis 00:00 auf hr2-kultur | MDR Kultur | NDR Kultur | Bremen Zwei | SR2 KulturRadio | SWR 2 | WDR 3. Die \u00dcbersicht zum Download als PDF. Alle Angaben ohne\u2026","rel":"","context":"In &quot;News&quot;","block_context":{"text":"News","link":"https:\/\/www.jazzzeitung.de\/cms\/thema\/nachrichten\/"},"img":{"alt_text":"Jazz im Radio. Foto\/Montage: Hufner","src":"https:\/\/i0.wp.com\/www.jazzzeitung.de\/cms\/wp-content\/uploads\/2018\/05\/radio-jazz_journalisten.jpg?fit=1200%2C900&ssl=1&resize=350%2C200","width":350,"height":200,"srcset":"https:\/\/i0.wp.com\/www.jazzzeitung.de\/cms\/wp-content\/uploads\/2018\/05\/radio-jazz_journalisten.jpg?fit=1200%2C900&ssl=1&resize=350%2C200 1x, https:\/\/i0.wp.com\/www.jazzzeitung.de\/cms\/wp-content\/uploads\/2018\/05\/radio-jazz_journalisten.jpg?fit=1200%2C900&ssl=1&resize=525%2C300 1.5x, https:\/\/i0.wp.com\/www.jazzzeitung.de\/cms\/wp-content\/uploads\/2018\/05\/radio-jazz_journalisten.jpg?fit=1200%2C900&ssl=1&resize=700%2C400 2x, https:\/\/i0.wp.com\/www.jazzzeitung.de\/cms\/wp-content\/uploads\/2018\/05\/radio-jazz_journalisten.jpg?fit=1200%2C900&ssl=1&resize=1050%2C600 3x"},"classes":[]}],"jetpack_sharing_enabled":true,"_links":{"self":[{"href":"https:\/\/www.jazzzeitung.de\/cms\/wp-json\/wp\/v2\/posts\/17855","targetHints":{"allow":["GET"]}}],"collection":[{"href":"https:\/\/www.jazzzeitung.de\/cms\/wp-json\/wp\/v2\/posts"}],"about":[{"href":"https:\/\/www.jazzzeitung.de\/cms\/wp-json\/wp\/v2\/types\/post"}],"author":[{"embeddable":true,"href":"https:\/\/www.jazzzeitung.de\/cms\/wp-json\/wp\/v2\/users\/18"}],"replies":[{"embeddable":true,"href":"https:\/\/www.jazzzeitung.de\/cms\/wp-json\/wp\/v2\/comments?post=17855"}],"version-history":[{"count":9,"href":"https:\/\/www.jazzzeitung.de\/cms\/wp-json\/wp\/v2\/posts\/17855\/revisions"}],"predecessor-version":[{"id":17865,"href":"https:\/\/www.jazzzeitung.de\/cms\/wp-json\/wp\/v2\/posts\/17855\/revisions\/17865"}],"wp:featuredmedia":[{"embeddable":true,"href":"https:\/\/www.jazzzeitung.de\/cms\/wp-json\/wp\/v2\/media\/17862"}],"wp:attachment":[{"href":"https:\/\/www.jazzzeitung.de\/cms\/wp-json\/wp\/v2\/media?parent=17855"}],"wp:term":[{"taxonomy":"category","embeddable":true,"href":"https:\/\/www.jazzzeitung.de\/cms\/wp-json\/wp\/v2\/categories?post=17855"},{"taxonomy":"post_tag","embeddable":true,"href":"https:\/\/www.jazzzeitung.de\/cms\/wp-json\/wp\/v2\/tags?post=17855"},{"taxonomy":"author","embeddable":true,"href":"https:\/\/www.jazzzeitung.de\/cms\/wp-json\/wp\/v2\/coauthors?post=17855"}],"curies":[{"name":"wp","href":"https:\/\/api.w.org\/{rel}","templated":true}]}}