{"id":17813,"date":"2018-11-08T11:45:21","date_gmt":"2018-11-08T10:45:21","guid":{"rendered":"https:\/\/www.jazzzeitung.de\/cms\/?p=17813"},"modified":"2018-11-08T11:45:21","modified_gmt":"2018-11-08T10:45:21","slug":"junge-talente-der-erste-carl-bechstein-wettbewerb-jazz-klavier-solo-in-berlin","status":"publish","type":"post","link":"https:\/\/www.jazzzeitung.de\/cms\/2018\/11\/junge-talente-der-erste-carl-bechstein-wettbewerb-jazz-klavier-solo-in-berlin\/","title":{"rendered":"Junge Talente &#8211; der erste Carl-Bechstein-Wettbewerb \u201eJazz-Klavier solo\u201c in Berlin"},"content":{"rendered":"<p><strong>Von Godehard Lutz.\u00a0\u201eDer Jazz ist eine untersch\u00e4tzte Gr\u00f6\u00dfe und bedarf mehr F\u00f6rderung in unserem Land.\u201c So lautete das Bekenntnis von Professor Christian H\u00f6ppner, dem Generalsekret\u00e4r des Deutschen Musikrates und Vorsitzenden des Kuratoriums der Carl-Bechstein-Stiftung zum diesj\u00e4hrigen 5. Carl-Bechstein-Wettbewerb, der erstmals f\u00fcr junge Jazzpianisten stattfand. \u201eDer Carl-Bechstein-Wettbewerb f\u00fcr Kinder und Jugendliche 2018 m\u00f6chte Freude am Musizieren vermitteln, in Deutschland lebende junge Pianistinnen und Pianisten f\u00f6rdern und au\u00dfergew\u00f6hnliche Leistungen belohnen.\u201c So stand es in der Ausschreibung.<\/strong><\/p>\n<p>Der \u201eKulturstall\u201c von Schloss Britz in Berlin-Neuk\u00f6lln bot am 3. und 4. November das entspannte und intime Ambiente mit ausgezeichneter Akustik f\u00fcr den diesj\u00e4hrigen Klavierwettbewerb, den die Carl-Bechstein-Stiftung seit 2013 dort veranstaltet. Im feinen, aber unerwartet kleinen Rahmen fand er am Samstag vor eine hochkar\u00e4tigen Jury aus vier Jazzpianisten und einem Jazz-Journalisten (und leider wenig Publikum) statt. W\u00e4hrend es bei den Klassik-Wettbewerben der letzten Jahre um die 60 Bewerber gab, meldeten sich heuer gerade einmal 16 junge Jazzpianisten an. Und das, obwohl Preisgelder von insgesamt 10.000 Euro ausgelobt waren. Gefordert waren von allen Teilnehmern Jazz-Kompositionen aus mindestens zwei verschiedenen musikalischen Stilen mit Improvisationsabschnitten. In den Altersgruppen 3 und 4 war au\u00dferdem je ein Pflichtst\u00fcck vorgegeben: \u00dcber \u201eGone With The Wind\u201c mussten die 17- bis 18-j\u00e4hrigen, \u00fcber \u201eI Remember April\u201c\u00a0 die 19- bis 20-j\u00e4hrigen Teilnehmer improvisieren. In der Gruppe 4 musste zudem mindestens eine Eigenkomposition gespielt werden.<\/p>\n<div class=\"tiled-gallery type-rectangular tiled-gallery-unresized\" data-original-width=\"840\" data-carousel-extra='{&quot;blog_id&quot;:1,&quot;permalink&quot;:&quot;https:\\\/\\\/www.jazzzeitung.de\\\/cms\\\/2018\\\/11\\\/junge-talente-der-erste-carl-bechstein-wettbewerb-jazz-klavier-solo-in-berlin\\\/&quot;,&quot;likes_blog_id&quot;:55446655}' itemscope itemtype=\"http:\/\/schema.org\/ImageGallery\" > <div class=\"gallery-row\" style=\"width: 840px; height: 387px;\" data-original-width=\"840\" data-original-height=\"387\" > <div class=\"gallery-group images-1\" style=\"width: 582px; height: 387px;\" data-original-width=\"582\" data-original-height=\"387\" > <div class=\"tiled-gallery-item tiled-gallery-item-large\" itemprop=\"associatedMedia\" itemscope itemtype=\"http:\/\/schema.org\/ImageObject\"> <a href=\"https:\/\/www.jazzzeitung.de\/cms\/2018\/11\/junge-talente-der-erste-carl-bechstein-wettbewerb-jazz-klavier-solo-in-berlin\/gottlobvalentingodehard-lutzbayern-mail-de_imgp6532_web\/\" border=\"0\" itemprop=\"url\"> <meta itemprop=\"width\" content=\"578\"> <meta itemprop=\"height\" content=\"383\"> <img decoding=\"async\" class=\"\" data-attachment-id=\"17831\" data-orig-file=\"https:\/\/www.jazzzeitung.de\/cms\/wp-content\/uploads\/2018\/11\/GOTTLOBValentin\u00a9Godehard.Lutz@bayern-mail.de_IMGP6532_web.jpg\" data-orig-size=\"1299,861\" data-comments-opened=\"1\" data-image-meta=\"{&quot;aperture&quot;:&quot;2.8&quot;,&quot;credit&quot;:&quot;Godehard LUTZ&quot;,&quot;camera&quot;:&quot;PENTAX K-30&quot;,&quot;caption&quot;:&quot;&quot;,&quot;created_timestamp&quot;:&quot;1541344919&quot;,&quot;copyright&quot;:&quot;Godehard.Lutz@maxi-dsl.de&quot;,&quot;focal_length&quot;:&quot;110&quot;,&quot;iso&quot;:&quot;3200&quot;,&quot;shutter_speed&quot;:&quot;0.00625&quot;,&quot;title&quot;:&quot;&quot;,&quot;orientation&quot;:&quot;1&quot;}\" data-image-title=\"GOTTLOB,Valentin\u00a9Godehard.Lutz@bayern-mail.de_IMGP6532_web\" data-image-description=\"\" data-medium-file=\"https:\/\/i0.wp.com\/www.jazzzeitung.de\/cms\/wp-content\/uploads\/2018\/11\/GOTTLOBValentin%C2%A9Godehard.Lutz%40bayern-mail.de_IMGP6532_web.jpg?fit=300%2C199&#038;ssl=1\" data-large-file=\"https:\/\/i0.wp.com\/www.jazzzeitung.de\/cms\/wp-content\/uploads\/2018\/11\/GOTTLOBValentin%C2%A9Godehard.Lutz%40bayern-mail.de_IMGP6532_web.jpg?fit=840%2C557&#038;ssl=1\" src=\"https:\/\/i0.wp.com\/www.jazzzeitung.de\/cms\/wp-content\/uploads\/2018\/11\/GOTTLOBValentin%C2%A9Godehard.Lutz%40bayern-mail.de_IMGP6532_web.jpg?w=578&#038;h=383&#038;ssl=1\" width=\"578\" height=\"383\" loading=\"lazy\" data-original-width=\"578\" data-original-height=\"383\" itemprop=\"http:\/\/schema.org\/image\" title=\"GOTTLOB,Valentin\u00a9Godehard.Lutz@bayern-mail.de_IMGP6532_web\" alt=\"GOTTLOB,Valentin\u00a9Godehard.Lutz@bayern-mail.de_IMGP6532_web\" style=\"width: 578px; height: 383px;\" \/> <\/a> <\/div> <\/div> <!-- close group --> <div class=\"gallery-group images-1\" style=\"width: 258px; height: 387px;\" data-original-width=\"258\" data-original-height=\"387\" > <div class=\"tiled-gallery-item tiled-gallery-item-large\" itemprop=\"associatedMedia\" itemscope itemtype=\"http:\/\/schema.org\/ImageObject\"> <a href=\"https:\/\/www.jazzzeitung.de\/cms\/2018\/11\/junge-talente-der-erste-carl-bechstein-wettbewerb-jazz-klavier-solo-in-berlin\/lindemannreinel_ardilesgodehard-lutzbayern-mail-de_imgp6527_web\/\" border=\"0\" itemprop=\"url\"> <meta itemprop=\"width\" content=\"254\"> <meta itemprop=\"height\" content=\"383\"> <img decoding=\"async\" class=\"\" data-attachment-id=\"17832\" data-orig-file=\"https:\/\/www.jazzzeitung.de\/cms\/wp-content\/uploads\/2018\/11\/LINDEMANNReinel_Ardiles\u00a9Godehard.Lutz@bayern-mail.de_IMGP6527_web.jpg\" data-orig-size=\"1299,1962\" data-comments-opened=\"1\" data-image-meta=\"{&quot;aperture&quot;:&quot;2.8&quot;,&quot;credit&quot;:&quot;Godehard LUTZ&quot;,&quot;camera&quot;:&quot;PENTAX K-30&quot;,&quot;caption&quot;:&quot;&quot;,&quot;created_timestamp&quot;:&quot;1541344699&quot;,&quot;copyright&quot;:&quot;Godehard.Lutz@maxi-dsl.de&quot;,&quot;focal_length&quot;:&quot;95&quot;,&quot;iso&quot;:&quot;3200&quot;,&quot;shutter_speed&quot;:&quot;0.00625&quot;,&quot;title&quot;:&quot;&quot;,&quot;orientation&quot;:&quot;1&quot;}\" data-image-title=\"LINDEMANN,Reinel_Ardiles\u00a9Godehard.Lutz@bayern-mail.de_IMGP6527_web\" data-image-description=\"\" data-medium-file=\"https:\/\/i0.wp.com\/www.jazzzeitung.de\/cms\/wp-content\/uploads\/2018\/11\/LINDEMANNReinel_Ardiles%C2%A9Godehard.Lutz%40bayern-mail.de_IMGP6527_web.jpg?fit=199%2C300&#038;ssl=1\" data-large-file=\"https:\/\/i0.wp.com\/www.jazzzeitung.de\/cms\/wp-content\/uploads\/2018\/11\/LINDEMANNReinel_Ardiles%C2%A9Godehard.Lutz%40bayern-mail.de_IMGP6527_web.jpg?fit=397%2C600&#038;ssl=1\" src=\"https:\/\/i0.wp.com\/www.jazzzeitung.de\/cms\/wp-content\/uploads\/2018\/11\/LINDEMANNReinel_Ardiles%C2%A9Godehard.Lutz%40bayern-mail.de_IMGP6527_web.jpg?w=254&#038;h=383&#038;ssl=1\" width=\"254\" height=\"383\" loading=\"lazy\" data-original-width=\"254\" data-original-height=\"383\" itemprop=\"http:\/\/schema.org\/image\" title=\"LINDEMANN,Reinel_Ardiles\u00a9Godehard.Lutz@bayern-mail.de_IMGP6527_web\" alt=\"LINDEMANN,Reinel_Ardiles\u00a9Godehard.Lutz@bayern-mail.de_IMGP6527_web\" style=\"width: 254px; height: 383px;\" \/> <\/a> <\/div> <\/div> <!-- close group --> <\/div> <!-- close row --> <div class=\"gallery-row\" style=\"width: 840px; height: 722px;\" data-original-width=\"840\" data-original-height=\"722\" > <div class=\"gallery-group images-1\" style=\"width: 479px; height: 722px;\" data-original-width=\"479\" data-original-height=\"722\" > <div class=\"tiled-gallery-item tiled-gallery-item-large\" itemprop=\"associatedMedia\" itemscope itemtype=\"http:\/\/schema.org\/ImageObject\"> <a href=\"https:\/\/www.jazzzeitung.de\/cms\/2018\/11\/junge-talente-der-erste-carl-bechstein-wettbewerb-jazz-klavier-solo-in-berlin\/meinberglajos_milangodehard-lutzbayern-mail-de_imgp6537_web\/\" border=\"0\" itemprop=\"url\"> <meta itemprop=\"width\" content=\"475\"> <meta itemprop=\"height\" content=\"718\"> <img decoding=\"async\" class=\"\" data-attachment-id=\"17833\" data-orig-file=\"https:\/\/www.jazzzeitung.de\/cms\/wp-content\/uploads\/2018\/11\/MEINBERGLajos_Milan\u00a9Godehard.Lutz@bayern-mail.de_IMGP6537_web.jpg\" data-orig-size=\"1299,1962\" data-comments-opened=\"1\" data-image-meta=\"{&quot;aperture&quot;:&quot;2.8&quot;,&quot;credit&quot;:&quot;Godehard LUTZ&quot;,&quot;camera&quot;:&quot;PENTAX K-30&quot;,&quot;caption&quot;:&quot;&quot;,&quot;created_timestamp&quot;:&quot;1541345289&quot;,&quot;copyright&quot;:&quot;Godehard.Lutz@maxi-dsl.de&quot;,&quot;focal_length&quot;:&quot;105&quot;,&quot;iso&quot;:&quot;1600&quot;,&quot;shutter_speed&quot;:&quot;0.00625&quot;,&quot;title&quot;:&quot;&quot;,&quot;orientation&quot;:&quot;1&quot;}\" data-image-title=\"MEINBERG,Lajos_Milan\u00a9Godehard.Lutz@bayern-mail.de_IMGP6537_web\" data-image-description=\"\" data-medium-file=\"https:\/\/i0.wp.com\/www.jazzzeitung.de\/cms\/wp-content\/uploads\/2018\/11\/MEINBERGLajos_Milan%C2%A9Godehard.Lutz%40bayern-mail.de_IMGP6537_web.jpg?fit=199%2C300&#038;ssl=1\" data-large-file=\"https:\/\/i0.wp.com\/www.jazzzeitung.de\/cms\/wp-content\/uploads\/2018\/11\/MEINBERGLajos_Milan%C2%A9Godehard.Lutz%40bayern-mail.de_IMGP6537_web.jpg?fit=397%2C600&#038;ssl=1\" src=\"https:\/\/i0.wp.com\/www.jazzzeitung.de\/cms\/wp-content\/uploads\/2018\/11\/MEINBERGLajos_Milan%C2%A9Godehard.Lutz%40bayern-mail.de_IMGP6537_web.jpg?w=475&#038;h=718&#038;ssl=1\" width=\"475\" height=\"718\" loading=\"lazy\" data-original-width=\"475\" data-original-height=\"718\" itemprop=\"http:\/\/schema.org\/image\" title=\"MEINBERG,Lajos_Milan\u00a9Godehard.Lutz@bayern-mail.de_IMGP6537_web\" alt=\"MEINBERG,Lajos_Milan\u00a9Godehard.Lutz@bayern-mail.de_IMGP6537_web\" style=\"width: 475px; height: 718px;\" \/> <\/a> <\/div> <\/div> <!-- close group --> <div class=\"gallery-group images-3\" style=\"width: 361px; height: 722px;\" data-original-width=\"361\" data-original-height=\"722\" > <div class=\"tiled-gallery-item tiled-gallery-item-large\" itemprop=\"associatedMedia\" itemscope itemtype=\"http:\/\/schema.org\/ImageObject\"> <a href=\"https:\/\/www.jazzzeitung.de\/cms\/2018\/11\/junge-talente-der-erste-carl-bechstein-wettbewerb-jazz-klavier-solo-in-berlin\/meissnervincentgodehard-lutzbayern-mail-de_imgp6543_web\/\" border=\"0\" itemprop=\"url\"> <meta itemprop=\"width\" content=\"357\"> <meta itemprop=\"height\" content=\"237\"> <img decoding=\"async\" class=\"\" data-attachment-id=\"17834\" data-orig-file=\"https:\/\/www.jazzzeitung.de\/cms\/wp-content\/uploads\/2018\/11\/MEI\u00dfNERVincent\u00a9Godehard.Lutz@bayern-mail.de_IMGP6543_web.jpg\" data-orig-size=\"1299,861\" data-comments-opened=\"1\" data-image-meta=\"{&quot;aperture&quot;:&quot;2.8&quot;,&quot;credit&quot;:&quot;Godehard LUTZ&quot;,&quot;camera&quot;:&quot;PENTAX K-30&quot;,&quot;caption&quot;:&quot;&quot;,&quot;created_timestamp&quot;:&quot;1541345736&quot;,&quot;copyright&quot;:&quot;Godehard.Lutz@maxi-dsl.de&quot;,&quot;focal_length&quot;:&quot;110&quot;,&quot;iso&quot;:&quot;1600&quot;,&quot;shutter_speed&quot;:&quot;0.00625&quot;,&quot;title&quot;:&quot;&quot;,&quot;orientation&quot;:&quot;1&quot;}\" data-image-title=\"MEI\u00dfNER,Vincent\u00a9Godehard.Lutz@bayern-mail.de_IMGP6543_web\" data-image-description=\"\" data-medium-file=\"https:\/\/i0.wp.com\/www.jazzzeitung.de\/cms\/wp-content\/uploads\/2018\/11\/MEI%C3%9FNERVincent%C2%A9Godehard.Lutz%40bayern-mail.de_IMGP6543_web.jpg?fit=300%2C199&#038;ssl=1\" data-large-file=\"https:\/\/i0.wp.com\/www.jazzzeitung.de\/cms\/wp-content\/uploads\/2018\/11\/MEI%C3%9FNERVincent%C2%A9Godehard.Lutz%40bayern-mail.de_IMGP6543_web.jpg?fit=840%2C557&#038;ssl=1\" src=\"https:\/\/i0.wp.com\/www.jazzzeitung.de\/cms\/wp-content\/uploads\/2018\/11\/MEI%C3%9FNERVincent%C2%A9Godehard.Lutz%40bayern-mail.de_IMGP6543_web.jpg?w=357&#038;h=237&#038;ssl=1\" width=\"357\" height=\"237\" loading=\"lazy\" data-original-width=\"357\" data-original-height=\"237\" itemprop=\"http:\/\/schema.org\/image\" title=\"MEI\u00dfNER,Vincent\u00a9Godehard.Lutz@bayern-mail.de_IMGP6543_web\" alt=\"MEI\u00dfNER,Vincent\u00a9Godehard.Lutz@bayern-mail.de_IMGP6543_web\" style=\"width: 357px; height: 237px;\" \/> <\/a> <\/div> <div class=\"tiled-gallery-item tiled-gallery-item-large\" itemprop=\"associatedMedia\" itemscope itemtype=\"http:\/\/schema.org\/ImageObject\"> <a href=\"https:\/\/www.jazzzeitung.de\/cms\/2018\/11\/junge-talente-der-erste-carl-bechstein-wettbewerb-jazz-klavier-solo-in-berlin\/reitzejonathangodehard-lutzbayern-mail-de_imgp6509_web-2\/\" border=\"0\" itemprop=\"url\"> <meta itemprop=\"width\" content=\"357\"> <meta itemprop=\"height\" content=\"237\"> <img decoding=\"async\" class=\"\" data-attachment-id=\"17836\" data-orig-file=\"https:\/\/www.jazzzeitung.de\/cms\/wp-content\/uploads\/2018\/11\/REITZEJonathan\u00a9Godehard.Lutz@bayern-mail.de_IMGP6509_web-1.jpg\" data-orig-size=\"1299,861\" data-comments-opened=\"1\" data-image-meta=\"{&quot;aperture&quot;:&quot;2.8&quot;,&quot;credit&quot;:&quot;Godehard LUTZ&quot;,&quot;camera&quot;:&quot;PENTAX K-30&quot;,&quot;caption&quot;:&quot;&quot;,&quot;created_timestamp&quot;:&quot;1541343908&quot;,&quot;copyright&quot;:&quot;Godehard.Lutz@maxi-dsl.de&quot;,&quot;focal_length&quot;:&quot;100&quot;,&quot;iso&quot;:&quot;1600&quot;,&quot;shutter_speed&quot;:&quot;0.00625&quot;,&quot;title&quot;:&quot;&quot;,&quot;orientation&quot;:&quot;1&quot;}\" data-image-title=\"REITZE,Jonathan\u00a9Godehard.Lutz@bayern-mail.de_IMGP6509_web\" data-image-description=\"\" data-medium-file=\"https:\/\/i0.wp.com\/www.jazzzeitung.de\/cms\/wp-content\/uploads\/2018\/11\/REITZEJonathan%C2%A9Godehard.Lutz%40bayern-mail.de_IMGP6509_web-1.jpg?fit=300%2C199&#038;ssl=1\" data-large-file=\"https:\/\/i0.wp.com\/www.jazzzeitung.de\/cms\/wp-content\/uploads\/2018\/11\/REITZEJonathan%C2%A9Godehard.Lutz%40bayern-mail.de_IMGP6509_web-1.jpg?fit=840%2C557&#038;ssl=1\" src=\"https:\/\/i0.wp.com\/www.jazzzeitung.de\/cms\/wp-content\/uploads\/2018\/11\/REITZEJonathan%C2%A9Godehard.Lutz%40bayern-mail.de_IMGP6509_web-1.jpg?w=357&#038;h=237&#038;ssl=1\" width=\"357\" height=\"237\" loading=\"lazy\" data-original-width=\"357\" data-original-height=\"237\" itemprop=\"http:\/\/schema.org\/image\" title=\"REITZE,Jonathan\u00a9Godehard.Lutz@bayern-mail.de_IMGP6509_web\" alt=\"REITZE,Jonathan\u00a9Godehard.Lutz@bayern-mail.de_IMGP6509_web\" style=\"width: 357px; height: 237px;\" \/> <\/a> <\/div> <div class=\"tiled-gallery-item tiled-gallery-item-large\" itemprop=\"associatedMedia\" itemscope itemtype=\"http:\/\/schema.org\/ImageObject\"> <a href=\"https:\/\/www.jazzzeitung.de\/cms\/2018\/11\/junge-talente-der-erste-carl-bechstein-wettbewerb-jazz-klavier-solo-in-berlin\/vestermoses_yoofeegodehard-lutzbayern-mail-de_imgp6567_web\/\" border=\"0\" itemprop=\"url\"> <meta itemprop=\"width\" content=\"357\"> <meta itemprop=\"height\" content=\"236\"> <img decoding=\"async\" class=\"\" data-attachment-id=\"17837\" data-orig-file=\"https:\/\/www.jazzzeitung.de\/cms\/wp-content\/uploads\/2018\/11\/VESTERMoses_Yoofee\u00a9Godehard.Lutz@bayern-mail.de_IMGP6567_web.jpg\" data-orig-size=\"1299,861\" data-comments-opened=\"1\" data-image-meta=\"{&quot;aperture&quot;:&quot;2.8&quot;,&quot;credit&quot;:&quot;Godehard LUTZ&quot;,&quot;camera&quot;:&quot;PENTAX K-30&quot;,&quot;caption&quot;:&quot;&quot;,&quot;created_timestamp&quot;:&quot;1541346836&quot;,&quot;copyright&quot;:&quot;Godehard.Lutz@maxi-dsl.de&quot;,&quot;focal_length&quot;:&quot;110&quot;,&quot;iso&quot;:&quot;1600&quot;,&quot;shutter_speed&quot;:&quot;0.00625&quot;,&quot;title&quot;:&quot;&quot;,&quot;orientation&quot;:&quot;1&quot;}\" data-image-title=\"VESTER,Moses_Yoofee\u00a9Godehard.Lutz@bayern-mail.de_IMGP6567_web\" data-image-description=\"\" data-medium-file=\"https:\/\/i0.wp.com\/www.jazzzeitung.de\/cms\/wp-content\/uploads\/2018\/11\/VESTERMoses_Yoofee%C2%A9Godehard.Lutz%40bayern-mail.de_IMGP6567_web.jpg?fit=300%2C199&#038;ssl=1\" data-large-file=\"https:\/\/i0.wp.com\/www.jazzzeitung.de\/cms\/wp-content\/uploads\/2018\/11\/VESTERMoses_Yoofee%C2%A9Godehard.Lutz%40bayern-mail.de_IMGP6567_web.jpg?fit=840%2C557&#038;ssl=1\" src=\"https:\/\/i0.wp.com\/www.jazzzeitung.de\/cms\/wp-content\/uploads\/2018\/11\/VESTERMoses_Yoofee%C2%A9Godehard.Lutz%40bayern-mail.de_IMGP6567_web.jpg?w=357&#038;h=236&#038;ssl=1\" width=\"357\" height=\"236\" loading=\"lazy\" data-original-width=\"357\" data-original-height=\"236\" itemprop=\"http:\/\/schema.org\/image\" title=\"VESTER,Moses_Yoofee\u00a9Godehard.Lutz@bayern-mail.de_IMGP6567_web\" alt=\"VESTER,Moses_Yoofee\u00a9Godehard.Lutz@bayern-mail.de_IMGP6567_web\" style=\"width: 357px; height: 236px;\" \/> <\/a> <\/div> <\/div> <!-- close group --> <\/div> <!-- close row --> <div class=\"gallery-row\" style=\"width: 840px; height: 387px;\" data-original-width=\"840\" data-original-height=\"387\" > <div class=\"gallery-group images-1\" style=\"width: 258px; height: 387px;\" data-original-width=\"258\" data-original-height=\"387\" > <div class=\"tiled-gallery-item tiled-gallery-item-large\" itemprop=\"associatedMedia\" itemscope itemtype=\"http:\/\/schema.org\/ImageObject\"> <a href=\"https:\/\/www.jazzzeitung.de\/cms\/2018\/11\/junge-talente-der-erste-carl-bechstein-wettbewerb-jazz-klavier-solo-in-berlin\/walteremmanuelgodehard-lutzbayern-mail-de_imgp6511_web\/\" border=\"0\" itemprop=\"url\"> <meta itemprop=\"width\" content=\"254\"> <meta itemprop=\"height\" content=\"383\"> <img decoding=\"async\" class=\"\" data-attachment-id=\"17838\" data-orig-file=\"https:\/\/www.jazzzeitung.de\/cms\/wp-content\/uploads\/2018\/11\/WALTEREmmanuel\u00a9Godehard.Lutz@bayern-mail.de_IMGP6511_web.jpg\" data-orig-size=\"1299,1962\" data-comments-opened=\"1\" data-image-meta=\"{&quot;aperture&quot;:&quot;2.8&quot;,&quot;credit&quot;:&quot;Godehard LUTZ&quot;,&quot;camera&quot;:&quot;PENTAX K-30&quot;,&quot;caption&quot;:&quot;&quot;,&quot;created_timestamp&quot;:&quot;1541344223&quot;,&quot;copyright&quot;:&quot;Godehard.Lutz@maxi-dsl.de&quot;,&quot;focal_length&quot;:&quot;100&quot;,&quot;iso&quot;:&quot;800&quot;,&quot;shutter_speed&quot;:&quot;0.00625&quot;,&quot;title&quot;:&quot;&quot;,&quot;orientation&quot;:&quot;1&quot;}\" data-image-title=\"WALTER,Emmanuel\u00a9Godehard.Lutz@bayern-mail.de_IMGP6511_web\" data-image-description=\"\" data-medium-file=\"https:\/\/i0.wp.com\/www.jazzzeitung.de\/cms\/wp-content\/uploads\/2018\/11\/WALTEREmmanuel%C2%A9Godehard.Lutz%40bayern-mail.de_IMGP6511_web.jpg?fit=199%2C300&#038;ssl=1\" data-large-file=\"https:\/\/i0.wp.com\/www.jazzzeitung.de\/cms\/wp-content\/uploads\/2018\/11\/WALTEREmmanuel%C2%A9Godehard.Lutz%40bayern-mail.de_IMGP6511_web.jpg?fit=397%2C600&#038;ssl=1\" src=\"https:\/\/i0.wp.com\/www.jazzzeitung.de\/cms\/wp-content\/uploads\/2018\/11\/WALTEREmmanuel%C2%A9Godehard.Lutz%40bayern-mail.de_IMGP6511_web.jpg?w=254&#038;h=383&#038;ssl=1\" width=\"254\" height=\"383\" loading=\"lazy\" data-original-width=\"254\" data-original-height=\"383\" itemprop=\"http:\/\/schema.org\/image\" title=\"WALTER,Emmanuel\u00a9Godehard.Lutz@bayern-mail.de_IMGP6511_web\" alt=\"WALTER,Emmanuel\u00a9Godehard.Lutz@bayern-mail.de_IMGP6511_web\" style=\"width: 254px; height: 383px;\" \/> <\/a> <\/div> <\/div> <!-- close group --> <div class=\"gallery-group images-1\" style=\"width: 582px; height: 387px;\" data-original-width=\"582\" data-original-height=\"387\" > <div class=\"tiled-gallery-item tiled-gallery-item-large\" itemprop=\"associatedMedia\" itemscope itemtype=\"http:\/\/schema.org\/ImageObject\"> <a href=\"https:\/\/www.jazzzeitung.de\/cms\/2018\/11\/junge-talente-der-erste-carl-bechstein-wettbewerb-jazz-klavier-solo-in-berlin\/willmes-koehler-vestergodehard-lutzbayern-mail-de_imgp6557a_web\/\" border=\"0\" itemprop=\"url\"> <meta itemprop=\"width\" content=\"578\"> <meta itemprop=\"height\" content=\"383\"> <img decoding=\"async\" class=\"\" data-attachment-id=\"17839\" data-orig-file=\"https:\/\/www.jazzzeitung.de\/cms\/wp-content\/uploads\/2018\/11\/WILLMES-K\u00d6HLER-VESTER\u00a9Godehard.Lutz@bayern-mail.de_IMGP6557A_web.jpg\" data-orig-size=\"1084,718\" data-comments-opened=\"1\" data-image-meta=\"{&quot;aperture&quot;:&quot;2.8&quot;,&quot;credit&quot;:&quot;Godehard LUTZ&quot;,&quot;camera&quot;:&quot;PENTAX K-30&quot;,&quot;caption&quot;:&quot;&quot;,&quot;created_timestamp&quot;:&quot;1541346550&quot;,&quot;copyright&quot;:&quot;Godehard.Lutz@maxi-dsl.de&quot;,&quot;focal_length&quot;:&quot;50&quot;,&quot;iso&quot;:&quot;800&quot;,&quot;shutter_speed&quot;:&quot;0.01&quot;,&quot;title&quot;:&quot;&quot;,&quot;orientation&quot;:&quot;1&quot;}\" data-image-title=\"WILLMES-K\u00d6HLER-VESTER\u00a9Godehard.Lutz@bayern-mail.de_IMGP6557A_web\" data-image-description=\"\" data-medium-file=\"https:\/\/i0.wp.com\/www.jazzzeitung.de\/cms\/wp-content\/uploads\/2018\/11\/WILLMES-K%C3%96HLER-VESTER%C2%A9Godehard.Lutz%40bayern-mail.de_IMGP6557A_web.jpg?fit=300%2C199&#038;ssl=1\" data-large-file=\"https:\/\/i0.wp.com\/www.jazzzeitung.de\/cms\/wp-content\/uploads\/2018\/11\/WILLMES-K%C3%96HLER-VESTER%C2%A9Godehard.Lutz%40bayern-mail.de_IMGP6557A_web.jpg?fit=840%2C556&#038;ssl=1\" src=\"https:\/\/i0.wp.com\/www.jazzzeitung.de\/cms\/wp-content\/uploads\/2018\/11\/WILLMES-K%C3%96HLER-VESTER%C2%A9Godehard.Lutz%40bayern-mail.de_IMGP6557A_web.jpg?w=578&#038;h=383&#038;ssl=1\" width=\"578\" height=\"383\" loading=\"lazy\" data-original-width=\"578\" data-original-height=\"383\" itemprop=\"http:\/\/schema.org\/image\" title=\"WILLMES-K\u00d6HLER-VESTER\u00a9Godehard.Lutz@bayern-mail.de_IMGP6557A_web\" alt=\"WILLMES-K\u00d6HLER-VESTER\u00a9Godehard.Lutz@bayern-mail.de_IMGP6557A_web\" style=\"width: 578px; height: 383px;\" \/> <\/a> <\/div> <\/div> <!-- close group --> <\/div> <!-- close row --> <\/div>\n<p>Unter der Leitung von Prof. Wolfgang K\u00f6hler, unter anderem Leiter des Fachbereichs Klavier am Jazzinstitut Berlin, diskutierten Hubert Nuss, Dozent f\u00fcr Jazzpiano an der HfMT K\u00f6ln und der HfMDK Stuttgart, Benjamin Schaefer, Dozent f\u00fcr Jazzklavier an der HfMT K\u00f6ln, Nicolai Th\u00e4richen, Dozent an Hochschulen in Berlin, Hannover, Weimar und Dresden, und Jazzautor Dr. Berthold Klostermann hart ihre Entscheidungen, die angesichts des h\u00f6rbar gro\u00dfen Talents des Nachwuchses \u201eauf hervorragendem Niveau\u201c nicht immer leicht fielen. Doch nach einem Klavier-Marathon von 10 bis 18 Uhr standen die Sieger in den vier Alterskategorien fest. 10 der Pianisten, im Alter von elf bis 19 Jahren, konnten sich beim Preistr\u00e4gerkonzert am Sonntagnachmittag dann noch einmal mit einem von der Jury ausgew\u00e4hlten St\u00fcck pr\u00e4sentieren.<\/p>\n<p>In der Gruppe bis 14 Jahren gewann den 1. Preis Adrian Surojit M\u00fcller aus Th\u00fcringen, den 2. Benedikt Jung aus Berlin und den 3. Marcel Lemmer aus Baden-W\u00fcrttemberg. In der Gruppe II der 15- bis 16-J\u00e4hrigen hie\u00dfen die Preistr\u00e4ger 1. Reinel Ardiles Lindemann aus NRW, 2. Emmanuel Walter aus MVP und 3. Jonathan Reitze aus Niedersachsen. Von den 17- bis 18-J\u00e4hrigen \u00fcberzeugten 1. Vincent Mei\u00dfner aus Sachsen, 2. Lajos Milan Meinberg aus Schleswig-Holstein und 3. Valentin Gottlob aus Brandenburg. In der Gruppe 4 gab es keinen 1. Sieger; der 2. Preis ging an Moses Yoofee Vester, den 3. Preis teilten sich Konrad Bogen aus Berlin und Julius Schepansky aus NRW.<\/p>\n<p>Der 16-j\u00e4hrige Reinel Ardiles Lindemann lieferte sehr souver\u00e4n eine mitrei\u00dfende und eigenst\u00e4ndige Version von Michel Camilos \u201eCaribe\u201c und in der besonders starken Gruppe III beeindruckten Vincent Mei\u00dfner und Valentin Gottlob mit ihren Eigenkompositionen. Rund 7000 Euro Preisgeld konnten alle Preistr\u00e4ger zusammen neben einer Urkunde mit nach Hause nehmen.<\/p>\n<p>Bei der Preisverleihung galt das Lob von Professor K\u00f6hler auch einem weiteren Teilnehmer, dem \u201efacettenreichen\u201c gro\u00dfen C. Bechstein-Konzert-Fl\u00fcgel D 282, den die 16 Spieler immer wieder anders klingen lie\u00dfen und der f\u00fcr die jungen Teilnehmer auch eine motivierende Herausforderung war.<\/p>\n<p>Im Gespr\u00e4ch mit der nmz betonte Gregor Willmes, Vorstand der Carl-Bechstein-Stiftung, dass dieser erste Jazz-Wettbewerb ein \u201eabsolutes Risiko\u201c gewesen sei, \u201eweil wir gar nicht wussten, wie es denn funktionieren wird\u201c, da es im Jazz kaum Wettbewerbe f\u00fcr Kinder und Jugendliche gebe. \u201eIch war nicht ganz begeistert, dass wir nur 16 Anmeldungen hatten. Das war nicht das, was wir uns erhofft hatten. Aber mit der Qualit\u00e4t der Teilnehmer und des Wettbewerbs war ich sehr zufrieden, das Niveau war insgesamt sehr hoch. Teilnehmer, Eltern und Jury waren alle ganz gl\u00fccklich und das freut uns nat\u00fcrlich sehr.\u201c Sehr schade war, dass sich kein einziges M\u00e4dchen angemeldet hatte, verwunderlich, dass die s\u00fcdlichen Bundesl\u00e4nder nur schwach vertreten waren, Bayern zum Beispiel gar nicht.<\/p>\n<p>Es scheint nicht ganz unwahrscheinlich, dass es wieder einmal einen Carl-Bechstein-Wettbewerb f\u00fcr Jazz geben wird, vielleicht dann f\u00fcr Klavier-Trios und hoffentlich mit gr\u00f6\u00dferer Resonanz. Der n\u00e4chste Wettbewerb \u201eKlavier solo\u201c vom 1. bis. 3. November 2019 allerdings ist wieder der Klassik gewidmet. Weitere Informationen unter <a href=\"http:\/\/www.carl-bechstein-stiftung.de\">www.carl-bechstein-stiftung.de<\/a><\/p>\n","protected":false},"excerpt":{"rendered":"<p>Von Godehard Lutz.\u00a0\u201eDer Jazz ist eine untersch\u00e4tzte Gr\u00f6\u00dfe und bedarf mehr F\u00f6rderung in unserem Land.\u201c So lautete das Bekenntnis von Professor Christian H\u00f6ppner, dem Generalsekret\u00e4r des Deutschen Musikrates und Vorsitzenden des Kuratoriums der Carl-Bechstein-Stiftung zum diesj\u00e4hrigen 5. Carl-Bechstein-Wettbewerb, der erstmals f\u00fcr junge Jazzpianisten stattfand. \u201eDer Carl-Bechstein-Wettbewerb f\u00fcr Kinder und Jugendliche 2018 m\u00f6chte Freude am Musizieren vermitteln, in Deutschland lebende junge Pianistinnen und Pianisten f\u00f6rdern und au\u00dfergew\u00f6hnliche Leistungen belohnen.\u201c So stand es in der Ausschreibung. Der \u201eKulturstall\u201c von Schloss Britz in Berlin-Neuk\u00f6lln bot am 3. und 4. November das entspannte und intime Ambiente mit ausgezeichneter Akustik f\u00fcr den diesj\u00e4hrigen Klavierwettbewerb, den die Carl-Bechstein-Stiftung seit 2013 dort veranstaltet. Im feinen, aber unerwartet kleinen Rahmen fand er am Samstag vor eine hochkar\u00e4tigen Jury aus vier Jazzpianisten und einem Jazz-Journalisten (und leider wenig Publikum) statt. W\u00e4hrend es bei den Klassik-Wettbewerben der letzten Jahre um die 60 Bewerber gab, meldeten sich heuer gerade einmal 16 junge Jazzpianisten an. Und das, obwohl Preisgelder von insgesamt 10.000 Euro ausgelobt waren. Gefordert waren von allen Teilnehmern Jazz-Kompositionen aus mindestens zwei verschiedenen musikalischen Stilen mit Improvisationsabschnitten. In den Altersgruppen 3 und 4 war au\u00dferdem &hellip;<\/p>\n","protected":false},"author":18,"featured_media":17814,"comment_status":"open","ping_status":"closed","sticky":false,"template":"","format":"standard","meta":{"_jetpack_memberships_contains_paid_content":false,"footnotes":"","jetpack_publicize_message":"","jetpack_publicize_feature_enabled":true,"jetpack_social_post_already_shared":false,"jetpack_social_options":{"image_generator_settings":{"template":"highway","default_image_id":0,"font":"","enabled":false},"version":2}},"categories":[1053],"tags":[2082,2083,2077,2078,2079,2086,1243,2076,2087,2093,2081,2092,2089,2084,2091,2080,2085,2090,2088,19],"coauthors":[695],"class_list":["post-17813","post","type-post","status-publish","format-standard","has-post-thumbnail","hentry","category-bericht","tag-adrian-surojit-mueller","tag-benedikt-jung","tag-berthold-klostermann","tag-carl-bechstein-stiftung","tag-carl-bechstein-wettbewerb","tag-emmanuel-walter","tag-godehard-lutz","tag-hubert-nuss","tag-jonathan-reitze","tag-julius-schepansky","tag-junge-talente","tag-konrad-bogen","tag-lajos-milan","tag-marcel-lemmer","tag-moses-yoofee-vester","tag-pianisten","tag-reinel-ardiles-lindemann","tag-valentin-gottlob","tag-vincent-meissner","tag-wettbewerb"],"yoast_head":"<!-- This site is optimized with the Yoast SEO plugin v27.5 - https:\/\/yoast.com\/product\/yoast-seo-wordpress\/ -->\n<title>Junge Talente - der erste Carl-Bechstein-Wettbewerb \u201eJazz-Klavier solo\u201c in Berlin - JazzZeitung<\/title>\n<meta name=\"robots\" content=\"index, follow, max-snippet:-1, max-image-preview:large, max-video-preview:-1\" \/>\n<link rel=\"canonical\" href=\"https:\/\/www.jazzzeitung.de\/cms\/2018\/11\/junge-talente-der-erste-carl-bechstein-wettbewerb-jazz-klavier-solo-in-berlin\/\" \/>\n<meta property=\"og:locale\" content=\"de_DE\" \/>\n<meta property=\"og:type\" content=\"article\" \/>\n<meta property=\"og:title\" content=\"Junge Talente - der erste Carl-Bechstein-Wettbewerb \u201eJazz-Klavier solo\u201c in Berlin - JazzZeitung\" \/>\n<meta property=\"og:description\" content=\"Von Godehard Lutz.\u00a0\u201eDer Jazz ist eine untersch\u00e4tzte Gr\u00f6\u00dfe und bedarf mehr F\u00f6rderung in unserem Land.\u201c So lautete das Bekenntnis von Professor Christian H\u00f6ppner, dem Generalsekret\u00e4r des Deutschen Musikrates und Vorsitzenden des Kuratoriums der Carl-Bechstein-Stiftung zum diesj\u00e4hrigen 5. Carl-Bechstein-Wettbewerb, der erstmals f\u00fcr junge Jazzpianisten stattfand. \u201eDer Carl-Bechstein-Wettbewerb f\u00fcr Kinder und Jugendliche 2018 m\u00f6chte Freude am Musizieren vermitteln, in Deutschland lebende junge Pianistinnen und Pianisten f\u00f6rdern und au\u00dfergew\u00f6hnliche Leistungen belohnen.\u201c So stand es in der Ausschreibung. Der \u201eKulturstall\u201c von Schloss Britz in Berlin-Neuk\u00f6lln bot am 3. und 4. November das entspannte und intime Ambiente mit ausgezeichneter Akustik f\u00fcr den diesj\u00e4hrigen Klavierwettbewerb, den die Carl-Bechstein-Stiftung seit 2013 dort veranstaltet. Im feinen, aber unerwartet kleinen Rahmen fand er am Samstag vor eine hochkar\u00e4tigen Jury aus vier Jazzpianisten und einem Jazz-Journalisten (und leider wenig Publikum) statt. W\u00e4hrend es bei den Klassik-Wettbewerben der letzten Jahre um die 60 Bewerber gab, meldeten sich heuer gerade einmal 16 junge Jazzpianisten an. Und das, obwohl Preisgelder von insgesamt 10.000 Euro ausgelobt waren. Gefordert waren von allen Teilnehmern Jazz-Kompositionen aus mindestens zwei verschiedenen musikalischen Stilen mit Improvisationsabschnitten. In den Altersgruppen 3 und 4 war au\u00dferdem &hellip;\" \/>\n<meta property=\"og:url\" content=\"https:\/\/www.jazzzeitung.de\/cms\/2018\/11\/junge-talente-der-erste-carl-bechstein-wettbewerb-jazz-klavier-solo-in-berlin\/\" \/>\n<meta property=\"og:site_name\" content=\"JazzZeitung\" \/>\n<meta property=\"article:publisher\" content=\"https:\/\/www.facebook.com\/JazzZeitung\/\" \/>\n<meta property=\"article:published_time\" content=\"2018-11-08T10:45:21+00:00\" \/>\n<meta property=\"og:image\" content=\"https:\/\/www.jazzzeitung.de\/cms\/wp-content\/uploads\/2018\/11\/Bechstein-Preistr\u00e4ger_WILLMES-Jury\u00a9Godehard.Lutz@bayern-mail.de_IMGP6561-900x596.jpg\" \/>\n\t<meta property=\"og:image:width\" content=\"900\" \/>\n\t<meta property=\"og:image:height\" content=\"596\" \/>\n\t<meta property=\"og:image:type\" content=\"image\/jpeg\" \/>\n<meta name=\"author\" content=\"Redaktion JazzZeitung\" \/>\n<script type=\"application\/ld+json\" class=\"yoast-schema-graph\">{\"@context\":\"https:\\\/\\\/schema.org\",\"@graph\":[{\"@type\":\"Article\",\"@id\":\"https:\\\/\\\/www.jazzzeitung.de\\\/cms\\\/2018\\\/11\\\/junge-talente-der-erste-carl-bechstein-wettbewerb-jazz-klavier-solo-in-berlin\\\/#article\",\"isPartOf\":{\"@id\":\"https:\\\/\\\/www.jazzzeitung.de\\\/cms\\\/2018\\\/11\\\/junge-talente-der-erste-carl-bechstein-wettbewerb-jazz-klavier-solo-in-berlin\\\/\"},\"author\":{\"name\":\"Redaktion JazzZeitung\",\"@id\":\"https:\\\/\\\/www.jazzzeitung.de\\\/cms\\\/#\\\/schema\\\/person\\\/2245b36b9cd1d24cea10f01c031fb92b\"},\"headline\":\"Junge Talente &#8211; der erste Carl-Bechstein-Wettbewerb \u201eJazz-Klavier solo\u201c in Berlin\",\"datePublished\":\"2018-11-08T10:45:21+00:00\",\"mainEntityOfPage\":{\"@id\":\"https:\\\/\\\/www.jazzzeitung.de\\\/cms\\\/2018\\\/11\\\/junge-talente-der-erste-carl-bechstein-wettbewerb-jazz-klavier-solo-in-berlin\\\/\"},\"wordCount\":743,\"commentCount\":0,\"publisher\":{\"@id\":\"https:\\\/\\\/www.jazzzeitung.de\\\/cms\\\/#organization\"},\"image\":{\"@id\":\"https:\\\/\\\/www.jazzzeitung.de\\\/cms\\\/2018\\\/11\\\/junge-talente-der-erste-carl-bechstein-wettbewerb-jazz-klavier-solo-in-berlin\\\/#primaryimage\"},\"thumbnailUrl\":\"https:\\\/\\\/i0.wp.com\\\/www.jazzzeitung.de\\\/cms\\\/wp-content\\\/uploads\\\/2018\\\/11\\\/Bechstein-Preistr%C3%A4ger_WILLMES-Jury%C2%A9Godehard.Lutz%40bayern-mail.de_IMGP6561.jpg?fit=4928%2C3264&ssl=1\",\"keywords\":[\"Adrian Surojit M\u00fcller\",\"Benedikt Jung\",\"Berthold Klostermann\",\"Carl-Bechstein-Stiftung\",\"Carl-Bechstein-Wettbewerb\",\"Emmanuel Walter\",\"Godehard Lutz\",\"Hubert Nuss\",\"Jonathan Reitze\",\"Julius Schepansky\",\"junge Talente\",\"Konrad Bogen\",\"Lajos Milan\",\"Marcel Lemmer\",\"Moses Yoofee Vester\",\"Pianisten\",\"Reinel Ardiles Lindemann\",\"Valentin Gottlob\",\"Vincent Mei\u00dfner\",\"Wettbewerb\"],\"articleSection\":[\"Bericht\"],\"inLanguage\":\"de\",\"potentialAction\":[{\"@type\":\"CommentAction\",\"name\":\"Comment\",\"target\":[\"https:\\\/\\\/www.jazzzeitung.de\\\/cms\\\/2018\\\/11\\\/junge-talente-der-erste-carl-bechstein-wettbewerb-jazz-klavier-solo-in-berlin\\\/#respond\"]}]},{\"@type\":\"WebPage\",\"@id\":\"https:\\\/\\\/www.jazzzeitung.de\\\/cms\\\/2018\\\/11\\\/junge-talente-der-erste-carl-bechstein-wettbewerb-jazz-klavier-solo-in-berlin\\\/\",\"url\":\"https:\\\/\\\/www.jazzzeitung.de\\\/cms\\\/2018\\\/11\\\/junge-talente-der-erste-carl-bechstein-wettbewerb-jazz-klavier-solo-in-berlin\\\/\",\"name\":\"Junge Talente - der erste Carl-Bechstein-Wettbewerb \u201eJazz-Klavier solo\u201c in Berlin - JazzZeitung\",\"isPartOf\":{\"@id\":\"https:\\\/\\\/www.jazzzeitung.de\\\/cms\\\/#website\"},\"primaryImageOfPage\":{\"@id\":\"https:\\\/\\\/www.jazzzeitung.de\\\/cms\\\/2018\\\/11\\\/junge-talente-der-erste-carl-bechstein-wettbewerb-jazz-klavier-solo-in-berlin\\\/#primaryimage\"},\"image\":{\"@id\":\"https:\\\/\\\/www.jazzzeitung.de\\\/cms\\\/2018\\\/11\\\/junge-talente-der-erste-carl-bechstein-wettbewerb-jazz-klavier-solo-in-berlin\\\/#primaryimage\"},\"thumbnailUrl\":\"https:\\\/\\\/i0.wp.com\\\/www.jazzzeitung.de\\\/cms\\\/wp-content\\\/uploads\\\/2018\\\/11\\\/Bechstein-Preistr%C3%A4ger_WILLMES-Jury%C2%A9Godehard.Lutz%40bayern-mail.de_IMGP6561.jpg?fit=4928%2C3264&ssl=1\",\"datePublished\":\"2018-11-08T10:45:21+00:00\",\"breadcrumb\":{\"@id\":\"https:\\\/\\\/www.jazzzeitung.de\\\/cms\\\/2018\\\/11\\\/junge-talente-der-erste-carl-bechstein-wettbewerb-jazz-klavier-solo-in-berlin\\\/#breadcrumb\"},\"inLanguage\":\"de\",\"potentialAction\":[{\"@type\":\"ReadAction\",\"target\":[\"https:\\\/\\\/www.jazzzeitung.de\\\/cms\\\/2018\\\/11\\\/junge-talente-der-erste-carl-bechstein-wettbewerb-jazz-klavier-solo-in-berlin\\\/\"]}]},{\"@type\":\"ImageObject\",\"inLanguage\":\"de\",\"@id\":\"https:\\\/\\\/www.jazzzeitung.de\\\/cms\\\/2018\\\/11\\\/junge-talente-der-erste-carl-bechstein-wettbewerb-jazz-klavier-solo-in-berlin\\\/#primaryimage\",\"url\":\"https:\\\/\\\/i0.wp.com\\\/www.jazzzeitung.de\\\/cms\\\/wp-content\\\/uploads\\\/2018\\\/11\\\/Bechstein-Preistr%C3%A4ger_WILLMES-Jury%C2%A9Godehard.Lutz%40bayern-mail.de_IMGP6561.jpg?fit=4928%2C3264&ssl=1\",\"contentUrl\":\"https:\\\/\\\/i0.wp.com\\\/www.jazzzeitung.de\\\/cms\\\/wp-content\\\/uploads\\\/2018\\\/11\\\/Bechstein-Preistr%C3%A4ger_WILLMES-Jury%C2%A9Godehard.Lutz%40bayern-mail.de_IMGP6561.jpg?fit=4928%2C3264&ssl=1\",\"width\":4928,\"height\":3264},{\"@type\":\"BreadcrumbList\",\"@id\":\"https:\\\/\\\/www.jazzzeitung.de\\\/cms\\\/2018\\\/11\\\/junge-talente-der-erste-carl-bechstein-wettbewerb-jazz-klavier-solo-in-berlin\\\/#breadcrumb\",\"itemListElement\":[{\"@type\":\"ListItem\",\"position\":1,\"name\":\"Startseite\",\"item\":\"https:\\\/\\\/www.jazzzeitung.de\\\/cms\\\/\"},{\"@type\":\"ListItem\",\"position\":2,\"name\":\"Junge Talente &#8211; der erste Carl-Bechstein-Wettbewerb \u201eJazz-Klavier solo\u201c in Berlin\"}]},{\"@type\":\"WebSite\",\"@id\":\"https:\\\/\\\/www.jazzzeitung.de\\\/cms\\\/#website\",\"url\":\"https:\\\/\\\/www.jazzzeitung.de\\\/cms\\\/\",\"name\":\"JazzZeitung\",\"description\":\"Jazz-News und Jazz-Kontroverses\",\"publisher\":{\"@id\":\"https:\\\/\\\/www.jazzzeitung.de\\\/cms\\\/#organization\"},\"potentialAction\":[{\"@type\":\"SearchAction\",\"target\":{\"@type\":\"EntryPoint\",\"urlTemplate\":\"https:\\\/\\\/www.jazzzeitung.de\\\/cms\\\/?s={search_term_string}\"},\"query-input\":{\"@type\":\"PropertyValueSpecification\",\"valueRequired\":true,\"valueName\":\"search_term_string\"}}],\"inLanguage\":\"de\"},{\"@type\":\"Organization\",\"@id\":\"https:\\\/\\\/www.jazzzeitung.de\\\/cms\\\/#organization\",\"name\":\"JazzZeitung online\",\"url\":\"https:\\\/\\\/www.jazzzeitung.de\\\/cms\\\/\",\"logo\":{\"@type\":\"ImageObject\",\"inLanguage\":\"de\",\"@id\":\"https:\\\/\\\/www.jazzzeitung.de\\\/cms\\\/#\\\/schema\\\/logo\\\/image\\\/\",\"url\":\"https:\\\/\\\/i0.wp.com\\\/www.jazzzeitung.de\\\/cms\\\/wp-content\\\/uploads\\\/2015\\\/08\\\/JAZZZEITUNGDE_Logo_Neu.png?fit=499%2C200&ssl=1\",\"contentUrl\":\"https:\\\/\\\/i0.wp.com\\\/www.jazzzeitung.de\\\/cms\\\/wp-content\\\/uploads\\\/2015\\\/08\\\/JAZZZEITUNGDE_Logo_Neu.png?fit=499%2C200&ssl=1\",\"width\":499,\"height\":200,\"caption\":\"JazzZeitung online\"},\"image\":{\"@id\":\"https:\\\/\\\/www.jazzzeitung.de\\\/cms\\\/#\\\/schema\\\/logo\\\/image\\\/\"},\"sameAs\":[\"https:\\\/\\\/www.facebook.com\\\/JazzZeitung\\\/\"]},{\"@type\":\"Person\",\"@id\":\"https:\\\/\\\/www.jazzzeitung.de\\\/cms\\\/#\\\/schema\\\/person\\\/2245b36b9cd1d24cea10f01c031fb92b\",\"name\":\"Redaktion JazzZeitung\",\"image\":{\"@type\":\"ImageObject\",\"inLanguage\":\"de\",\"@id\":\"https:\\\/\\\/i0.wp.com\\\/www.jazzzeitung.de\\\/cms\\\/wp-content\\\/uploads\\\/2015\\\/08\\\/JAZZZEITUNGDE_Logo_Neu.png?resize=96%2C96&ssl=159975dcacb611b5700bd619b5daf0a7a\",\"url\":\"https:\\\/\\\/i0.wp.com\\\/www.jazzzeitung.de\\\/cms\\\/wp-content\\\/uploads\\\/2015\\\/08\\\/JAZZZEITUNGDE_Logo_Neu.png?resize=96%2C96&ssl=1\",\"contentUrl\":\"https:\\\/\\\/i0.wp.com\\\/www.jazzzeitung.de\\\/cms\\\/wp-content\\\/uploads\\\/2015\\\/08\\\/JAZZZEITUNGDE_Logo_Neu.png?resize=96%2C96&ssl=1\",\"caption\":\"Redaktion JazzZeitung\"},\"description\":\"Artikel der Redaktion der JazzZeitung.\",\"sameAs\":[\"http:\\\/\\\/www.jazzzeitung.de\\\/cms\\\/\"],\"url\":\"https:\\\/\\\/www.jazzzeitung.de\\\/cms\\\/author\\\/redaktion\\\/\"}]}<\/script>\n<!-- \/ Yoast SEO plugin. -->","yoast_head_json":{"title":"Junge Talente - der erste Carl-Bechstein-Wettbewerb \u201eJazz-Klavier solo\u201c in Berlin - JazzZeitung","robots":{"index":"index","follow":"follow","max-snippet":"max-snippet:-1","max-image-preview":"max-image-preview:large","max-video-preview":"max-video-preview:-1"},"canonical":"https:\/\/www.jazzzeitung.de\/cms\/2018\/11\/junge-talente-der-erste-carl-bechstein-wettbewerb-jazz-klavier-solo-in-berlin\/","og_locale":"de_DE","og_type":"article","og_title":"Junge Talente - der erste Carl-Bechstein-Wettbewerb \u201eJazz-Klavier solo\u201c in Berlin - JazzZeitung","og_description":"Von Godehard Lutz.\u00a0\u201eDer Jazz ist eine untersch\u00e4tzte Gr\u00f6\u00dfe und bedarf mehr F\u00f6rderung in unserem Land.\u201c So lautete das Bekenntnis von Professor Christian H\u00f6ppner, dem Generalsekret\u00e4r des Deutschen Musikrates und Vorsitzenden des Kuratoriums der Carl-Bechstein-Stiftung zum diesj\u00e4hrigen 5. Carl-Bechstein-Wettbewerb, der erstmals f\u00fcr junge Jazzpianisten stattfand. \u201eDer Carl-Bechstein-Wettbewerb f\u00fcr Kinder und Jugendliche 2018 m\u00f6chte Freude am Musizieren vermitteln, in Deutschland lebende junge Pianistinnen und Pianisten f\u00f6rdern und au\u00dfergew\u00f6hnliche Leistungen belohnen.\u201c So stand es in der Ausschreibung. Der \u201eKulturstall\u201c von Schloss Britz in Berlin-Neuk\u00f6lln bot am 3. und 4. November das entspannte und intime Ambiente mit ausgezeichneter Akustik f\u00fcr den diesj\u00e4hrigen Klavierwettbewerb, den die Carl-Bechstein-Stiftung seit 2013 dort veranstaltet. Im feinen, aber unerwartet kleinen Rahmen fand er am Samstag vor eine hochkar\u00e4tigen Jury aus vier Jazzpianisten und einem Jazz-Journalisten (und leider wenig Publikum) statt. W\u00e4hrend es bei den Klassik-Wettbewerben der letzten Jahre um die 60 Bewerber gab, meldeten sich heuer gerade einmal 16 junge Jazzpianisten an. Und das, obwohl Preisgelder von insgesamt 10.000 Euro ausgelobt waren. Gefordert waren von allen Teilnehmern Jazz-Kompositionen aus mindestens zwei verschiedenen musikalischen Stilen mit Improvisationsabschnitten. In den Altersgruppen 3 und 4 war au\u00dferdem &hellip;","og_url":"https:\/\/www.jazzzeitung.de\/cms\/2018\/11\/junge-talente-der-erste-carl-bechstein-wettbewerb-jazz-klavier-solo-in-berlin\/","og_site_name":"JazzZeitung","article_publisher":"https:\/\/www.facebook.com\/JazzZeitung\/","article_published_time":"2018-11-08T10:45:21+00:00","og_image":[{"width":900,"height":596,"url":"https:\/\/www.jazzzeitung.de\/cms\/wp-content\/uploads\/2018\/11\/Bechstein-Preistr\u00e4ger_WILLMES-Jury\u00a9Godehard.Lutz@bayern-mail.de_IMGP6561-900x596.jpg","type":"image\/jpeg"}],"author":"Redaktion JazzZeitung","schema":{"@context":"https:\/\/schema.org","@graph":[{"@type":"Article","@id":"https:\/\/www.jazzzeitung.de\/cms\/2018\/11\/junge-talente-der-erste-carl-bechstein-wettbewerb-jazz-klavier-solo-in-berlin\/#article","isPartOf":{"@id":"https:\/\/www.jazzzeitung.de\/cms\/2018\/11\/junge-talente-der-erste-carl-bechstein-wettbewerb-jazz-klavier-solo-in-berlin\/"},"author":{"name":"Redaktion JazzZeitung","@id":"https:\/\/www.jazzzeitung.de\/cms\/#\/schema\/person\/2245b36b9cd1d24cea10f01c031fb92b"},"headline":"Junge Talente &#8211; der erste Carl-Bechstein-Wettbewerb \u201eJazz-Klavier solo\u201c in Berlin","datePublished":"2018-11-08T10:45:21+00:00","mainEntityOfPage":{"@id":"https:\/\/www.jazzzeitung.de\/cms\/2018\/11\/junge-talente-der-erste-carl-bechstein-wettbewerb-jazz-klavier-solo-in-berlin\/"},"wordCount":743,"commentCount":0,"publisher":{"@id":"https:\/\/www.jazzzeitung.de\/cms\/#organization"},"image":{"@id":"https:\/\/www.jazzzeitung.de\/cms\/2018\/11\/junge-talente-der-erste-carl-bechstein-wettbewerb-jazz-klavier-solo-in-berlin\/#primaryimage"},"thumbnailUrl":"https:\/\/i0.wp.com\/www.jazzzeitung.de\/cms\/wp-content\/uploads\/2018\/11\/Bechstein-Preistr%C3%A4ger_WILLMES-Jury%C2%A9Godehard.Lutz%40bayern-mail.de_IMGP6561.jpg?fit=4928%2C3264&ssl=1","keywords":["Adrian Surojit M\u00fcller","Benedikt Jung","Berthold Klostermann","Carl-Bechstein-Stiftung","Carl-Bechstein-Wettbewerb","Emmanuel Walter","Godehard Lutz","Hubert Nuss","Jonathan Reitze","Julius Schepansky","junge Talente","Konrad Bogen","Lajos Milan","Marcel Lemmer","Moses Yoofee Vester","Pianisten","Reinel Ardiles Lindemann","Valentin Gottlob","Vincent Mei\u00dfner","Wettbewerb"],"articleSection":["Bericht"],"inLanguage":"de","potentialAction":[{"@type":"CommentAction","name":"Comment","target":["https:\/\/www.jazzzeitung.de\/cms\/2018\/11\/junge-talente-der-erste-carl-bechstein-wettbewerb-jazz-klavier-solo-in-berlin\/#respond"]}]},{"@type":"WebPage","@id":"https:\/\/www.jazzzeitung.de\/cms\/2018\/11\/junge-talente-der-erste-carl-bechstein-wettbewerb-jazz-klavier-solo-in-berlin\/","url":"https:\/\/www.jazzzeitung.de\/cms\/2018\/11\/junge-talente-der-erste-carl-bechstein-wettbewerb-jazz-klavier-solo-in-berlin\/","name":"Junge Talente - der erste Carl-Bechstein-Wettbewerb \u201eJazz-Klavier solo\u201c in Berlin - JazzZeitung","isPartOf":{"@id":"https:\/\/www.jazzzeitung.de\/cms\/#website"},"primaryImageOfPage":{"@id":"https:\/\/www.jazzzeitung.de\/cms\/2018\/11\/junge-talente-der-erste-carl-bechstein-wettbewerb-jazz-klavier-solo-in-berlin\/#primaryimage"},"image":{"@id":"https:\/\/www.jazzzeitung.de\/cms\/2018\/11\/junge-talente-der-erste-carl-bechstein-wettbewerb-jazz-klavier-solo-in-berlin\/#primaryimage"},"thumbnailUrl":"https:\/\/i0.wp.com\/www.jazzzeitung.de\/cms\/wp-content\/uploads\/2018\/11\/Bechstein-Preistr%C3%A4ger_WILLMES-Jury%C2%A9Godehard.Lutz%40bayern-mail.de_IMGP6561.jpg?fit=4928%2C3264&ssl=1","datePublished":"2018-11-08T10:45:21+00:00","breadcrumb":{"@id":"https:\/\/www.jazzzeitung.de\/cms\/2018\/11\/junge-talente-der-erste-carl-bechstein-wettbewerb-jazz-klavier-solo-in-berlin\/#breadcrumb"},"inLanguage":"de","potentialAction":[{"@type":"ReadAction","target":["https:\/\/www.jazzzeitung.de\/cms\/2018\/11\/junge-talente-der-erste-carl-bechstein-wettbewerb-jazz-klavier-solo-in-berlin\/"]}]},{"@type":"ImageObject","inLanguage":"de","@id":"https:\/\/www.jazzzeitung.de\/cms\/2018\/11\/junge-talente-der-erste-carl-bechstein-wettbewerb-jazz-klavier-solo-in-berlin\/#primaryimage","url":"https:\/\/i0.wp.com\/www.jazzzeitung.de\/cms\/wp-content\/uploads\/2018\/11\/Bechstein-Preistr%C3%A4ger_WILLMES-Jury%C2%A9Godehard.Lutz%40bayern-mail.de_IMGP6561.jpg?fit=4928%2C3264&ssl=1","contentUrl":"https:\/\/i0.wp.com\/www.jazzzeitung.de\/cms\/wp-content\/uploads\/2018\/11\/Bechstein-Preistr%C3%A4ger_WILLMES-Jury%C2%A9Godehard.Lutz%40bayern-mail.de_IMGP6561.jpg?fit=4928%2C3264&ssl=1","width":4928,"height":3264},{"@type":"BreadcrumbList","@id":"https:\/\/www.jazzzeitung.de\/cms\/2018\/11\/junge-talente-der-erste-carl-bechstein-wettbewerb-jazz-klavier-solo-in-berlin\/#breadcrumb","itemListElement":[{"@type":"ListItem","position":1,"name":"Startseite","item":"https:\/\/www.jazzzeitung.de\/cms\/"},{"@type":"ListItem","position":2,"name":"Junge Talente &#8211; der erste Carl-Bechstein-Wettbewerb \u201eJazz-Klavier solo\u201c in Berlin"}]},{"@type":"WebSite","@id":"https:\/\/www.jazzzeitung.de\/cms\/#website","url":"https:\/\/www.jazzzeitung.de\/cms\/","name":"JazzZeitung","description":"Jazz-News und Jazz-Kontroverses","publisher":{"@id":"https:\/\/www.jazzzeitung.de\/cms\/#organization"},"potentialAction":[{"@type":"SearchAction","target":{"@type":"EntryPoint","urlTemplate":"https:\/\/www.jazzzeitung.de\/cms\/?s={search_term_string}"},"query-input":{"@type":"PropertyValueSpecification","valueRequired":true,"valueName":"search_term_string"}}],"inLanguage":"de"},{"@type":"Organization","@id":"https:\/\/www.jazzzeitung.de\/cms\/#organization","name":"JazzZeitung online","url":"https:\/\/www.jazzzeitung.de\/cms\/","logo":{"@type":"ImageObject","inLanguage":"de","@id":"https:\/\/www.jazzzeitung.de\/cms\/#\/schema\/logo\/image\/","url":"https:\/\/i0.wp.com\/www.jazzzeitung.de\/cms\/wp-content\/uploads\/2015\/08\/JAZZZEITUNGDE_Logo_Neu.png?fit=499%2C200&ssl=1","contentUrl":"https:\/\/i0.wp.com\/www.jazzzeitung.de\/cms\/wp-content\/uploads\/2015\/08\/JAZZZEITUNGDE_Logo_Neu.png?fit=499%2C200&ssl=1","width":499,"height":200,"caption":"JazzZeitung online"},"image":{"@id":"https:\/\/www.jazzzeitung.de\/cms\/#\/schema\/logo\/image\/"},"sameAs":["https:\/\/www.facebook.com\/JazzZeitung\/"]},{"@type":"Person","@id":"https:\/\/www.jazzzeitung.de\/cms\/#\/schema\/person\/2245b36b9cd1d24cea10f01c031fb92b","name":"Redaktion JazzZeitung","image":{"@type":"ImageObject","inLanguage":"de","@id":"https:\/\/i0.wp.com\/www.jazzzeitung.de\/cms\/wp-content\/uploads\/2015\/08\/JAZZZEITUNGDE_Logo_Neu.png?resize=96%2C96&ssl=159975dcacb611b5700bd619b5daf0a7a","url":"https:\/\/i0.wp.com\/www.jazzzeitung.de\/cms\/wp-content\/uploads\/2015\/08\/JAZZZEITUNGDE_Logo_Neu.png?resize=96%2C96&ssl=1","contentUrl":"https:\/\/i0.wp.com\/www.jazzzeitung.de\/cms\/wp-content\/uploads\/2015\/08\/JAZZZEITUNGDE_Logo_Neu.png?resize=96%2C96&ssl=1","caption":"Redaktion JazzZeitung"},"description":"Artikel der Redaktion der JazzZeitung.","sameAs":["http:\/\/www.jazzzeitung.de\/cms\/"],"url":"https:\/\/www.jazzzeitung.de\/cms\/author\/redaktion\/"}]}},"wp-worthy-pixel":{"ignored":false,"public":null,"server":null,"url":null},"wp-worthy-type":"normal","jetpack_publicize_connections":[],"cc_featured_image_caption":{"caption_text":"","source_text":"","source_url":""},"jetpack_featured_media_url":"https:\/\/i0.wp.com\/www.jazzzeitung.de\/cms\/wp-content\/uploads\/2018\/11\/Bechstein-Preistr%C3%A4ger_WILLMES-Jury%C2%A9Godehard.Lutz%40bayern-mail.de_IMGP6561.jpg?fit=4928%2C3264&ssl=1","jetpack_shortlink":"https:\/\/wp.me\/p3KEcT-4Dj","jetpack-related-posts":[{"id":19639,"url":"https:\/\/www.jazzzeitung.de\/cms\/2019\/06\/klassik-meets-jazz-im-carl-bechstein-wettbewerb-2019\/","url_meta":{"origin":17813,"position":0},"title":"\u201eKlassik meets Jazz\u201c beim Carl Bechstein Wettbewerb 2019","author":"Redaktion JazzZeitung","date":"1. Juni 2019","format":false,"excerpt":"Der sechste Carl Bechstein Wettbewerb f\u00fcr Kinder und Jugendliche findet vom 1. bis 3. November 2019 im Kulturstall von Schloss Britz in Berlin-Neuk\u00f6lln statt. Er ist ausgeschrieben in der Wertung \u201eKlavier solo\u201c und richtet sich sowohl an junge Klassik- als auch an Jazz-Pianistinnen und Pianisten. Der Carl Bechstein Wettbewerb ist\u2026","rel":"","context":"In &quot;News&quot;","block_context":{"text":"News","link":"https:\/\/www.jazzzeitung.de\/cms\/thema\/nachrichten\/"},"img":{"alt_text":"","src":"https:\/\/i0.wp.com\/www.jazzzeitung.de\/cms\/wp-content\/uploads\/2019\/05\/CBW_2019_promo-keyvisual.jpg?fit=620%2C330&ssl=1&resize=350%2C200","width":350,"height":200,"srcset":"https:\/\/i0.wp.com\/www.jazzzeitung.de\/cms\/wp-content\/uploads\/2019\/05\/CBW_2019_promo-keyvisual.jpg?fit=620%2C330&ssl=1&resize=350%2C200 1x, https:\/\/i0.wp.com\/www.jazzzeitung.de\/cms\/wp-content\/uploads\/2019\/05\/CBW_2019_promo-keyvisual.jpg?fit=620%2C330&ssl=1&resize=525%2C300 1.5x"},"classes":[]},{"id":18119,"url":"https:\/\/www.jazzzeitung.de\/cms\/2018\/12\/carl-bechstein-wettbewerb-fuer-jazzpianisten-mitschnitte-jetzt-online\/","url_meta":{"origin":17813,"position":1},"title":"Carl-Bechstein-Wettbewerb f\u00fcr Jazzpianisten: Mitschnitte jetzt online","author":"Redaktion JazzZeitung","date":"12. Dezember 2018","format":false,"excerpt":"Anfang November fand der 5. Carl-Bechstein-Wettbewerb f\u00fcr junge Pianistinnen und Pianisten in der Kategorie Jazz in Berlin statt. (Wir berichteten hier). Jetzt sind die Live-Mitschnitte von nmzMedia der vier Preistr\u00e4ger Vincent Mei\u00dfner, Reinel Ardiles Lindemann,\u00a0Adrian Surojit M\u00fcller und\u00a0Moses Yoofee Vester online und jederzeit einsehbar. Gefordert waren von allen Teilnehmern Jazz-Kompositionen\u2026","rel":"","context":"In &quot;News&quot;","block_context":{"text":"News","link":"https:\/\/www.jazzzeitung.de\/cms\/thema\/nachrichten\/"},"img":{"alt_text":"","src":"https:\/\/i0.wp.com\/www.jazzzeitung.de\/cms\/wp-content\/uploads\/2018\/11\/LINDEMANNReinel_Ardiles%C2%A9Godehard.Lutz%40bayern-mail.de_IMGP6527_web.jpg?fit=794%2C1200&ssl=1&resize=350%2C200","width":350,"height":200,"srcset":"https:\/\/i0.wp.com\/www.jazzzeitung.de\/cms\/wp-content\/uploads\/2018\/11\/LINDEMANNReinel_Ardiles%C2%A9Godehard.Lutz%40bayern-mail.de_IMGP6527_web.jpg?fit=794%2C1200&ssl=1&resize=350%2C200 1x, https:\/\/i0.wp.com\/www.jazzzeitung.de\/cms\/wp-content\/uploads\/2018\/11\/LINDEMANNReinel_Ardiles%C2%A9Godehard.Lutz%40bayern-mail.de_IMGP6527_web.jpg?fit=794%2C1200&ssl=1&resize=525%2C300 1.5x, https:\/\/i0.wp.com\/www.jazzzeitung.de\/cms\/wp-content\/uploads\/2018\/11\/LINDEMANNReinel_Ardiles%C2%A9Godehard.Lutz%40bayern-mail.de_IMGP6527_web.jpg?fit=794%2C1200&ssl=1&resize=700%2C400 2x"},"classes":[]},{"id":15449,"url":"https:\/\/www.jazzzeitung.de\/cms\/2018\/03\/news25-stimmen-festivalcarl-bechstein-wettbewerb\/","url_meta":{"origin":17813,"position":2},"title":"+++News+++Jazztage G\u00f6rlitz+++25. STIMMEN-Festival+++Carl Bechstein Wettbewerb+++","author":"Redaktion JazzZeitung","date":"28. M\u00e4rz 2018","format":false,"excerpt":"+++Jazztage G\u00f6rlitz+++ Die Jazztage G\u00f6rlitz werden seit 1996 j\u00e4hrlich veranstaltet. Beim diesj\u00e4hrigen Auftaktkonzert am 23. Mai, welches jedes Jahr an einem anderen \u201eUnerh\u00f6rten Ort\u201c stattfindet, wird das niederl\u00e4ndische Quartett Tommy Moustache im K\u00fchlhaus G\u00f6rlitz einheizen. Nach den Auftritten von Mike Field und Stefanie Boltz betritt dann am 25. Mai mit\u2026","rel":"","context":"In &quot;News&quot;","block_context":{"text":"News","link":"https:\/\/www.jazzzeitung.de\/cms\/thema\/nachrichten\/"},"img":{"alt_text":"","src":"https:\/\/i0.wp.com\/www.jazzzeitung.de\/cms\/wp-content\/uploads\/2018\/03\/Carl_Bechstein_Wettbewerb_2018__c__Neda_Navaee_CBS.jpg?fit=1200%2C800&ssl=1&resize=350%2C200","width":350,"height":200,"srcset":"https:\/\/i0.wp.com\/www.jazzzeitung.de\/cms\/wp-content\/uploads\/2018\/03\/Carl_Bechstein_Wettbewerb_2018__c__Neda_Navaee_CBS.jpg?fit=1200%2C800&ssl=1&resize=350%2C200 1x, https:\/\/i0.wp.com\/www.jazzzeitung.de\/cms\/wp-content\/uploads\/2018\/03\/Carl_Bechstein_Wettbewerb_2018__c__Neda_Navaee_CBS.jpg?fit=1200%2C800&ssl=1&resize=525%2C300 1.5x, https:\/\/i0.wp.com\/www.jazzzeitung.de\/cms\/wp-content\/uploads\/2018\/03\/Carl_Bechstein_Wettbewerb_2018__c__Neda_Navaee_CBS.jpg?fit=1200%2C800&ssl=1&resize=700%2C400 2x, https:\/\/i0.wp.com\/www.jazzzeitung.de\/cms\/wp-content\/uploads\/2018\/03\/Carl_Bechstein_Wettbewerb_2018__c__Neda_Navaee_CBS.jpg?fit=1200%2C800&ssl=1&resize=1050%2C600 3x"},"classes":[]},{"id":21297,"url":"https:\/\/www.jazzzeitung.de\/cms\/2019\/11\/3-aus-34-7-junger-muenchner-jazzpreis-2019-mit-grandiosem-konzertfinale\/","url_meta":{"origin":17813,"position":3},"title":"3 aus 34: 7. Junger M\u00fcnchner Jazzpreis 2019 mit grandiosem Konzertfinale","author":"Redaktion JazzZeitung","date":"15. November 2019","format":false,"excerpt":"Der 7. Junge M\u00fcnchner Jazzpreis 2019 wurde nach einem grandiosen Konzertfinale im Jazzclub Unterfahrt ohne weitere Begr\u00fcndung verliehen. Gewinner des 1. Preises, dotiert mit 2500 \u20ac, ist das SH4iKH Quartett aus Mainz. Die Formation des aus Frankfurt stammenden Alt- und Sopran-Saxophonisten Maximilian Shaikh-Yousef mit Lukas Moriz am Piano, Bastian Weinig\u2026","rel":"","context":"In &quot;News&quot;","block_context":{"text":"News","link":"https:\/\/www.jazzzeitung.de\/cms\/thema\/nachrichten\/"},"img":{"alt_text":"","src":"https:\/\/i0.wp.com\/www.jazzzeitung.de\/cms\/wp-content\/uploads\/2019\/11\/SH4IKH-4et_MORIZ_WEINIG_SHAIKH-YOUSEF-EBERT%E2%94%AC%C2%AEGodehard.Lutz%40bayern-mail.de_IMGP0549AB-scaled.jpg?fit=1200%2C795&ssl=1&resize=350%2C200","width":350,"height":200,"srcset":"https:\/\/i0.wp.com\/www.jazzzeitung.de\/cms\/wp-content\/uploads\/2019\/11\/SH4IKH-4et_MORIZ_WEINIG_SHAIKH-YOUSEF-EBERT%E2%94%AC%C2%AEGodehard.Lutz%40bayern-mail.de_IMGP0549AB-scaled.jpg?fit=1200%2C795&ssl=1&resize=350%2C200 1x, https:\/\/i0.wp.com\/www.jazzzeitung.de\/cms\/wp-content\/uploads\/2019\/11\/SH4IKH-4et_MORIZ_WEINIG_SHAIKH-YOUSEF-EBERT%E2%94%AC%C2%AEGodehard.Lutz%40bayern-mail.de_IMGP0549AB-scaled.jpg?fit=1200%2C795&ssl=1&resize=525%2C300 1.5x, https:\/\/i0.wp.com\/www.jazzzeitung.de\/cms\/wp-content\/uploads\/2019\/11\/SH4IKH-4et_MORIZ_WEINIG_SHAIKH-YOUSEF-EBERT%E2%94%AC%C2%AEGodehard.Lutz%40bayern-mail.de_IMGP0549AB-scaled.jpg?fit=1200%2C795&ssl=1&resize=700%2C400 2x, https:\/\/i0.wp.com\/www.jazzzeitung.de\/cms\/wp-content\/uploads\/2019\/11\/SH4IKH-4et_MORIZ_WEINIG_SHAIKH-YOUSEF-EBERT%E2%94%AC%C2%AEGodehard.Lutz%40bayern-mail.de_IMGP0549AB-scaled.jpg?fit=1200%2C795&ssl=1&resize=1050%2C600 3x"},"classes":[]},{"id":19797,"url":"https:\/\/www.jazzzeitung.de\/cms\/2019\/06\/news-podiumsdiskussion-music-performance-4-0-bei-jazztalk-erster-eastplugged-junior-award-der-usb-stiftung-vergeben\/","url_meta":{"origin":17813,"position":4},"title":"+++ news +++ Podiumsdiskussion \u201eMusic Performance 4.0\u201c bei Jazz&#038;Talk +++ Erster eastPLUGGED Junior Award der USB Stiftung vergeben +++","author":"Redaktion JazzZeitung","date":"17. Juni 2019","format":false,"excerpt":"Die beiden Moderatoren der \u201eJazz & Talk\u201c Reihe im M\u00fcnchner Gasteig, Andreas Kissenbeck und Michael Keul, laden am 24. Juni zu einer Podiumsdiskussion \u00fcber zukunftsweisende Formate im Jazz und in anderen Genres unter dem Titel \u201eMusic Performance 4.0\u201c ein. \u201eDigitalisierung, K\u00fcnstliche Intelligenz, Internet der Dinge, Smart Cities \u2013 wir werden\u2026","rel":"","context":"In &quot;News&quot;","block_context":{"text":"News","link":"https:\/\/www.jazzzeitung.de\/cms\/thema\/nachrichten\/"},"img":{"alt_text":"","src":"https:\/\/i0.wp.com\/www.jazzzeitung.de\/cms\/wp-content\/uploads\/2019\/06\/jazzandtalk.jpg?fit=1200%2C788&ssl=1&resize=350%2C200","width":350,"height":200,"srcset":"https:\/\/i0.wp.com\/www.jazzzeitung.de\/cms\/wp-content\/uploads\/2019\/06\/jazzandtalk.jpg?fit=1200%2C788&ssl=1&resize=350%2C200 1x, https:\/\/i0.wp.com\/www.jazzzeitung.de\/cms\/wp-content\/uploads\/2019\/06\/jazzandtalk.jpg?fit=1200%2C788&ssl=1&resize=525%2C300 1.5x, https:\/\/i0.wp.com\/www.jazzzeitung.de\/cms\/wp-content\/uploads\/2019\/06\/jazzandtalk.jpg?fit=1200%2C788&ssl=1&resize=700%2C400 2x, https:\/\/i0.wp.com\/www.jazzzeitung.de\/cms\/wp-content\/uploads\/2019\/06\/jazzandtalk.jpg?fit=1200%2C788&ssl=1&resize=1050%2C600 3x"},"classes":[]},{"id":18459,"url":"https:\/\/www.jazzzeitung.de\/cms\/2019\/01\/news-jacob-collier-mit-djesse-zu-gast-in-muenchen\/","url_meta":{"origin":17813,"position":5},"title":"+++ News: +++ Kurt Maas Jazz Award 2019 an der M\u00fcnchener Hochschule f\u00fcr Musik und Theater +++ Aufftakt in M\u00fcnchen: Jacob Collier auf Tour +++","author":"Redaktion JazzZeitung","date":"29. Januar 2019","format":false,"excerpt":"Ein Jazz-Wettbewerb an der HMTM und Patti Austin als Ehrengast In Erinnerung an den Jazz-Musiker und P\u00e4dagogen Kurt Maas wird am Mittwoch, den 6. Februar 2019 (Finale) zum vierten Mal der Wettbewerb um den \u00bbKurt Maas Jazz Award\u00ab an der Hochschule f\u00fcr Musik und Theater M\u00fcnchen (HMTM) ausgetragen. In der\u2026","rel":"","context":"In &quot;News&quot;","block_context":{"text":"News","link":"https:\/\/www.jazzzeitung.de\/cms\/thema\/nachrichten\/"},"img":{"alt_text":"","src":"https:\/\/i0.wp.com\/www.jazzzeitung.de\/cms\/wp-content\/uploads\/2019\/01\/Kurt-Maas-Jazz-Award.jpg?fit=640%2C417&ssl=1&resize=350%2C200","width":350,"height":200,"srcset":"https:\/\/i0.wp.com\/www.jazzzeitung.de\/cms\/wp-content\/uploads\/2019\/01\/Kurt-Maas-Jazz-Award.jpg?fit=640%2C417&ssl=1&resize=350%2C200 1x, https:\/\/i0.wp.com\/www.jazzzeitung.de\/cms\/wp-content\/uploads\/2019\/01\/Kurt-Maas-Jazz-Award.jpg?fit=640%2C417&ssl=1&resize=525%2C300 1.5x"},"classes":[]}],"jetpack_sharing_enabled":true,"_links":{"self":[{"href":"https:\/\/www.jazzzeitung.de\/cms\/wp-json\/wp\/v2\/posts\/17813","targetHints":{"allow":["GET"]}}],"collection":[{"href":"https:\/\/www.jazzzeitung.de\/cms\/wp-json\/wp\/v2\/posts"}],"about":[{"href":"https:\/\/www.jazzzeitung.de\/cms\/wp-json\/wp\/v2\/types\/post"}],"author":[{"embeddable":true,"href":"https:\/\/www.jazzzeitung.de\/cms\/wp-json\/wp\/v2\/users\/18"}],"replies":[{"embeddable":true,"href":"https:\/\/www.jazzzeitung.de\/cms\/wp-json\/wp\/v2\/comments?post=17813"}],"version-history":[{"count":1,"href":"https:\/\/www.jazzzeitung.de\/cms\/wp-json\/wp\/v2\/posts\/17813\/revisions"}],"predecessor-version":[{"id":17840,"href":"https:\/\/www.jazzzeitung.de\/cms\/wp-json\/wp\/v2\/posts\/17813\/revisions\/17840"}],"wp:featuredmedia":[{"embeddable":true,"href":"https:\/\/www.jazzzeitung.de\/cms\/wp-json\/wp\/v2\/media\/17814"}],"wp:attachment":[{"href":"https:\/\/www.jazzzeitung.de\/cms\/wp-json\/wp\/v2\/media?parent=17813"}],"wp:term":[{"taxonomy":"category","embeddable":true,"href":"https:\/\/www.jazzzeitung.de\/cms\/wp-json\/wp\/v2\/categories?post=17813"},{"taxonomy":"post_tag","embeddable":true,"href":"https:\/\/www.jazzzeitung.de\/cms\/wp-json\/wp\/v2\/tags?post=17813"},{"taxonomy":"author","embeddable":true,"href":"https:\/\/www.jazzzeitung.de\/cms\/wp-json\/wp\/v2\/coauthors?post=17813"}],"curies":[{"name":"wp","href":"https:\/\/api.w.org\/{rel}","templated":true}]}}