{"id":17775,"date":"2018-11-05T14:30:51","date_gmt":"2018-11-05T13:30:51","guid":{"rendered":"https:\/\/www.jazzzeitung.de\/cms\/?p=17775"},"modified":"2018-11-05T20:08:38","modified_gmt":"2018-11-05T19:08:38","slug":"sicher-zwischen-allen-stilen-zum-tod-des-trompeters-und-komponisten-roy-hargrove","status":"publish","type":"post","link":"https:\/\/www.jazzzeitung.de\/cms\/2018\/11\/sicher-zwischen-allen-stilen-zum-tod-des-trompeters-und-komponisten-roy-hargrove\/","title":{"rendered":"Sicher zwischen allen Stilen \u2013 Zum Tod des Trompeters und Komponisten Roy Hargrove"},"content":{"rendered":"<p><span style=\"color: #000000;\">Krawatte w\u00e4hrend des ersten Sets, Fliege im zweiten, wei\u00dfes Hemd, taubenblaues Sacco, dunkle Sonnenbrille, die Trompete nicht in gew\u00f6hnlichem Goldmessing, sondern edelstahlpoliert \u2013 Roy Hargrove war eine Erscheinung. Und der soulige Hardbop, den er zuletzt mit seinem exquisiten Quartett mit Quincy Philipps (dr), Justin Robinson (sax) und Ameen Saleem (b), pflegte, war ebenso stilsicher wie schr\u00e4g und ausgefallen.<\/span><\/p>\n<div class=\"tiled-gallery type-rectangular tiled-gallery-unresized\" data-original-width=\"840\" data-carousel-extra='{&quot;blog_id&quot;:1,&quot;permalink&quot;:&quot;https:\\\/\\\/www.jazzzeitung.de\\\/cms\\\/2018\\\/11\\\/sicher-zwischen-allen-stilen-zum-tod-des-trompeters-und-komponisten-roy-hargrove\\\/&quot;,&quot;likes_blog_id&quot;:55446655}' itemscope itemtype=\"http:\/\/schema.org\/ImageGallery\" > <div class=\"gallery-row\" style=\"width: 840px; height: 380px;\" data-original-width=\"840\" data-original-height=\"380\" > <div class=\"gallery-group images-1\" style=\"width: 567px; height: 380px;\" data-original-width=\"567\" data-original-height=\"380\" > <div class=\"tiled-gallery-item tiled-gallery-item-large\" itemprop=\"associatedMedia\" itemscope itemtype=\"http:\/\/schema.org\/ImageObject\"> <a href=\"https:\/\/www.jazzzeitung.de\/cms\/2018\/11\/sicher-zwischen-allen-stilen-zum-tod-des-trompeters-und-komponisten-roy-hargrove\/jazz-sommer-im-bayerischen-hof\/\" border=\"0\" itemprop=\"url\"> <meta itemprop=\"width\" content=\"563\"> <meta itemprop=\"height\" content=\"376\"> <img decoding=\"async\" class=\"\" data-attachment-id=\"17787\" data-orig-file=\"https:\/\/www.jazzzeitung.de\/cms\/wp-content\/uploads\/2018\/11\/011ROY-HARGROVE-QUINTET_Foto-van-Loon.jpg\" data-orig-size=\"2500,1668\" data-comments-opened=\"1\" data-image-meta=\"{&quot;aperture&quot;:&quot;3.5&quot;,&quot;credit&quot;:&quot;Fotografie van Loon&quot;,&quot;camera&quot;:&quot;NIKON D810&quot;,&quot;caption&quot;:&quot;&quot;,&quot;created_timestamp&quot;:&quot;1500504309&quot;,&quot;copyright&quot;:&quot;&quot;,&quot;focal_length&quot;:&quot;200&quot;,&quot;iso&quot;:&quot;4000&quot;,&quot;shutter_speed&quot;:&quot;0.005&quot;,&quot;title&quot;:&quot;Jazz Sommer im Bayerischen Hof&quot;,&quot;orientation&quot;:&quot;1&quot;}\" data-image-title=\"Jazz Sommer im Bayerischen Hof\" data-image-description=\"\" data-medium-file=\"https:\/\/i0.wp.com\/www.jazzzeitung.de\/cms\/wp-content\/uploads\/2018\/11\/011ROY-HARGROVE-QUINTET_Foto-van-Loon.jpg?fit=300%2C200&#038;ssl=1\" data-large-file=\"https:\/\/i0.wp.com\/www.jazzzeitung.de\/cms\/wp-content\/uploads\/2018\/11\/011ROY-HARGROVE-QUINTET_Foto-van-Loon.jpg?fit=840%2C560&#038;ssl=1\" src=\"https:\/\/i0.wp.com\/www.jazzzeitung.de\/cms\/wp-content\/uploads\/2018\/11\/011ROY-HARGROVE-QUINTET_Foto-van-Loon.jpg?w=563&#038;h=376&#038;ssl=1\" srcset=\"https:\/\/i0.wp.com\/www.jazzzeitung.de\/cms\/wp-content\/uploads\/2018\/11\/011ROY-HARGROVE-QUINTET_Foto-van-Loon.jpg?w=2500&amp;ssl=1 2500w, https:\/\/i0.wp.com\/www.jazzzeitung.de\/cms\/wp-content\/uploads\/2018\/11\/011ROY-HARGROVE-QUINTET_Foto-van-Loon.jpg?resize=300%2C200&amp;ssl=1 300w, https:\/\/i0.wp.com\/www.jazzzeitung.de\/cms\/wp-content\/uploads\/2018\/11\/011ROY-HARGROVE-QUINTET_Foto-van-Loon.jpg?resize=768%2C512&amp;ssl=1 768w, https:\/\/i0.wp.com\/www.jazzzeitung.de\/cms\/wp-content\/uploads\/2018\/11\/011ROY-HARGROVE-QUINTET_Foto-van-Loon.jpg?resize=900%2C600&amp;ssl=1 900w, https:\/\/i0.wp.com\/www.jazzzeitung.de\/cms\/wp-content\/uploads\/2018\/11\/011ROY-HARGROVE-QUINTET_Foto-van-Loon.jpg?resize=600%2C400&amp;ssl=1 600w, https:\/\/i0.wp.com\/www.jazzzeitung.de\/cms\/wp-content\/uploads\/2018\/11\/011ROY-HARGROVE-QUINTET_Foto-van-Loon.jpg?resize=120%2C80&amp;ssl=1 120w, https:\/\/i0.wp.com\/www.jazzzeitung.de\/cms\/wp-content\/uploads\/2018\/11\/011ROY-HARGROVE-QUINTET_Foto-van-Loon.jpg?w=1680&amp;ssl=1 1680w\" width=\"563\" height=\"376\" loading=\"lazy\" data-original-width=\"563\" data-original-height=\"376\" itemprop=\"http:\/\/schema.org\/image\" title=\"Jazz Sommer im Bayerischen Hof\" alt=\"Roy Hargrove mit Ameen Saleem. Foto: Susanne van Loon\" style=\"width: 563px; height: 376px;\" \/> <\/a> <div class=\"tiled-gallery-caption\" itemprop=\"caption description\"> Roy Hargrove mit Ameen Saleem. Foto: Susanne van Loon <\/div> <\/div> <\/div> <!-- close group --> <div class=\"gallery-group images-2\" style=\"width: 273px; height: 380px;\" data-original-width=\"273\" data-original-height=\"380\" > <div class=\"tiled-gallery-item tiled-gallery-item-large\" itemprop=\"associatedMedia\" itemscope itemtype=\"http:\/\/schema.org\/ImageObject\"> <a href=\"https:\/\/www.jazzzeitung.de\/cms\/2018\/11\/sicher-zwischen-allen-stilen-zum-tod-des-trompeters-und-komponisten-roy-hargrove\/jazz-sommer-im-bayerischen-hof-2\/\" border=\"0\" itemprop=\"url\"> <meta itemprop=\"width\" content=\"269\"> <meta itemprop=\"height\" content=\"192\"> <img decoding=\"async\" class=\"\" data-attachment-id=\"17788\" data-orig-file=\"https:\/\/www.jazzzeitung.de\/cms\/wp-content\/uploads\/2018\/11\/012ROY-HARGROVE-QUINTET_Foto-van-Loon.jpg\" data-orig-size=\"2500,1785\" data-comments-opened=\"1\" data-image-meta=\"{&quot;aperture&quot;:&quot;3.2&quot;,&quot;credit&quot;:&quot;Fotografie van Loon&quot;,&quot;camera&quot;:&quot;NIKON D810&quot;,&quot;caption&quot;:&quot;&quot;,&quot;created_timestamp&quot;:&quot;1500504378&quot;,&quot;copyright&quot;:&quot;&quot;,&quot;focal_length&quot;:&quot;200&quot;,&quot;iso&quot;:&quot;4000&quot;,&quot;shutter_speed&quot;:&quot;0.005&quot;,&quot;title&quot;:&quot;Jazz Sommer im Bayerischen Hof&quot;,&quot;orientation&quot;:&quot;1&quot;}\" data-image-title=\"Jazz Sommer im Bayerischen Hof\" data-image-description=\"\" data-medium-file=\"https:\/\/i0.wp.com\/www.jazzzeitung.de\/cms\/wp-content\/uploads\/2018\/11\/012ROY-HARGROVE-QUINTET_Foto-van-Loon.jpg?fit=300%2C214&#038;ssl=1\" data-large-file=\"https:\/\/i0.wp.com\/www.jazzzeitung.de\/cms\/wp-content\/uploads\/2018\/11\/012ROY-HARGROVE-QUINTET_Foto-van-Loon.jpg?fit=840%2C600&#038;ssl=1\" src=\"https:\/\/i0.wp.com\/www.jazzzeitung.de\/cms\/wp-content\/uploads\/2018\/11\/012ROY-HARGROVE-QUINTET_Foto-van-Loon.jpg?w=269&#038;h=192&#038;ssl=1\" srcset=\"https:\/\/i0.wp.com\/www.jazzzeitung.de\/cms\/wp-content\/uploads\/2018\/11\/012ROY-HARGROVE-QUINTET_Foto-van-Loon.jpg?w=2500&amp;ssl=1 2500w, https:\/\/i0.wp.com\/www.jazzzeitung.de\/cms\/wp-content\/uploads\/2018\/11\/012ROY-HARGROVE-QUINTET_Foto-van-Loon.jpg?resize=300%2C214&amp;ssl=1 300w, https:\/\/i0.wp.com\/www.jazzzeitung.de\/cms\/wp-content\/uploads\/2018\/11\/012ROY-HARGROVE-QUINTET_Foto-van-Loon.jpg?resize=768%2C548&amp;ssl=1 768w, https:\/\/i0.wp.com\/www.jazzzeitung.de\/cms\/wp-content\/uploads\/2018\/11\/012ROY-HARGROVE-QUINTET_Foto-van-Loon.jpg?resize=840%2C600&amp;ssl=1 840w, https:\/\/i0.wp.com\/www.jazzzeitung.de\/cms\/wp-content\/uploads\/2018\/11\/012ROY-HARGROVE-QUINTET_Foto-van-Loon.jpg?resize=600%2C428&amp;ssl=1 600w, https:\/\/i0.wp.com\/www.jazzzeitung.de\/cms\/wp-content\/uploads\/2018\/11\/012ROY-HARGROVE-QUINTET_Foto-van-Loon.jpg?w=1680&amp;ssl=1 1680w\" width=\"269\" height=\"192\" loading=\"lazy\" data-original-width=\"269\" data-original-height=\"192\" itemprop=\"http:\/\/schema.org\/image\" title=\"Jazz Sommer im Bayerischen Hof\" alt=\"Roy Hargrove spielt ein Solo im Night Club des Hotels Bayerischer Hof. Foto: Susanne van Loon\" style=\"width: 269px; height: 192px;\" \/> <\/a> <div class=\"tiled-gallery-caption\" itemprop=\"caption description\"> Roy Hargrove spielt ein Solo im Night Club des Hotels Bayerischer Hof. Foto: Susanne van Loon <\/div> <\/div> <div class=\"tiled-gallery-item tiled-gallery-item-large\" itemprop=\"associatedMedia\" itemscope itemtype=\"http:\/\/schema.org\/ImageObject\"> <a href=\"https:\/\/www.jazzzeitung.de\/cms\/2018\/11\/sicher-zwischen-allen-stilen-zum-tod-des-trompeters-und-komponisten-roy-hargrove\/jazz-sommer-im-bayerischen-hof-3\/\" border=\"0\" itemprop=\"url\"> <meta itemprop=\"width\" content=\"269\"> <meta itemprop=\"height\" content=\"180\"> <img decoding=\"async\" class=\"\" data-attachment-id=\"17789\" data-orig-file=\"https:\/\/www.jazzzeitung.de\/cms\/wp-content\/uploads\/2018\/11\/013ROY-HARGROVE-QUINTET_Foto-van-Loon.jpg\" data-orig-size=\"2500,1668\" data-comments-opened=\"1\" data-image-meta=\"{&quot;aperture&quot;:&quot;2.8&quot;,&quot;credit&quot;:&quot;Fotografie van Loon&quot;,&quot;camera&quot;:&quot;NIKON D810&quot;,&quot;caption&quot;:&quot;&quot;,&quot;created_timestamp&quot;:&quot;1500504683&quot;,&quot;copyright&quot;:&quot;&quot;,&quot;focal_length&quot;:&quot;130&quot;,&quot;iso&quot;:&quot;4000&quot;,&quot;shutter_speed&quot;:&quot;0.003125&quot;,&quot;title&quot;:&quot;Jazz Sommer im Bayerischen Hof&quot;,&quot;orientation&quot;:&quot;1&quot;}\" data-image-title=\"Jazz Sommer im Bayerischen Hof\" data-image-description=\"\" data-medium-file=\"https:\/\/i0.wp.com\/www.jazzzeitung.de\/cms\/wp-content\/uploads\/2018\/11\/013ROY-HARGROVE-QUINTET_Foto-van-Loon.jpg?fit=300%2C200&#038;ssl=1\" data-large-file=\"https:\/\/i0.wp.com\/www.jazzzeitung.de\/cms\/wp-content\/uploads\/2018\/11\/013ROY-HARGROVE-QUINTET_Foto-van-Loon.jpg?fit=840%2C560&#038;ssl=1\" src=\"https:\/\/i0.wp.com\/www.jazzzeitung.de\/cms\/wp-content\/uploads\/2018\/11\/013ROY-HARGROVE-QUINTET_Foto-van-Loon.jpg?w=269&#038;h=180&#038;ssl=1\" srcset=\"https:\/\/i0.wp.com\/www.jazzzeitung.de\/cms\/wp-content\/uploads\/2018\/11\/013ROY-HARGROVE-QUINTET_Foto-van-Loon.jpg?w=2500&amp;ssl=1 2500w, https:\/\/i0.wp.com\/www.jazzzeitung.de\/cms\/wp-content\/uploads\/2018\/11\/013ROY-HARGROVE-QUINTET_Foto-van-Loon.jpg?resize=300%2C200&amp;ssl=1 300w, https:\/\/i0.wp.com\/www.jazzzeitung.de\/cms\/wp-content\/uploads\/2018\/11\/013ROY-HARGROVE-QUINTET_Foto-van-Loon.jpg?resize=768%2C512&amp;ssl=1 768w, https:\/\/i0.wp.com\/www.jazzzeitung.de\/cms\/wp-content\/uploads\/2018\/11\/013ROY-HARGROVE-QUINTET_Foto-van-Loon.jpg?resize=900%2C600&amp;ssl=1 900w, https:\/\/i0.wp.com\/www.jazzzeitung.de\/cms\/wp-content\/uploads\/2018\/11\/013ROY-HARGROVE-QUINTET_Foto-van-Loon.jpg?resize=600%2C400&amp;ssl=1 600w, https:\/\/i0.wp.com\/www.jazzzeitung.de\/cms\/wp-content\/uploads\/2018\/11\/013ROY-HARGROVE-QUINTET_Foto-van-Loon.jpg?resize=120%2C80&amp;ssl=1 120w, https:\/\/i0.wp.com\/www.jazzzeitung.de\/cms\/wp-content\/uploads\/2018\/11\/013ROY-HARGROVE-QUINTET_Foto-van-Loon.jpg?w=1680&amp;ssl=1 1680w\" width=\"269\" height=\"180\" loading=\"lazy\" data-original-width=\"269\" data-original-height=\"180\" itemprop=\"http:\/\/schema.org\/image\" title=\"Jazz Sommer im Bayerischen Hof\" alt=\"Roy Hargrove mit Justin Robinson. Foto: Susanne van Loon\" style=\"width: 269px; height: 180px;\" \/> <\/a> <div class=\"tiled-gallery-caption\" itemprop=\"caption description\"> Roy Hargrove mit Justin Robinson. Foto: Susanne van Loon <\/div> <\/div> <\/div> <!-- close group --> <\/div> <!-- close row --> <\/div>\n<p><span style=\"color: #000000;\">Roy Hargrove wurde von Wynton Marsalis entdeckt, als dieser Mitte der 80er-Jahre Hargroves Highschool in Dallas besuchte. Im Laufe seiner Karriere arbeitete er trotz \u2013 oder gerade wegen seines ausgepr\u00e4gten Personalstils \u2013 mit unterschiedlichsten Musikern zusammen: mit Shirley Horn, Kitty Margolis, Erykah Badu (mit der er auch zur Schule gegangen war), Common, D\u2019Angelo oder auch Me\u2019shell Ndegeocello. Sein Plattenlabel Verve erm\u00f6glichte Hargrove Aufnahmen mit vielen Gr\u00f6\u00dfen des Jazz, unter anderem mit Joe Henderson, Stanley Turrentine, Johnny Griffin, Joshua Redman und Branford Marsalis. Im Auftrag des Lincoln Center Jazz Orchestra komponierte er 1993 \u201eThe Love Suite: In Mahogany\u201c. Hargrove war der Gr\u00fcnder und Leiter der Formation \u201eThe RH Factor\u201c, die \u2013 bei ungew\u00f6hnlicher Doppelbesetzung vieler Instrumente \u2013 Elemente von Jazz, Funk, Hip Hop, Soul und Gospel kombinierte.<\/span><\/p>\n<p>Roy Hargrove starb am 2. November 2018 im Alter von 49 Jahren an Herzversagen in New York.<\/p>\n<p>&nbsp;<\/p>\n","protected":false},"excerpt":{"rendered":"<p>Krawatte w\u00e4hrend des ersten Sets, Fliege im zweiten, wei\u00dfes Hemd, taubenblaues Sacco, dunkle Sonnenbrille, die Trompete nicht in gew\u00f6hnlichem Goldmessing, sondern edelstahlpoliert \u2013 Roy Hargrove war eine Erscheinung. Und der soulige Hardbop, den er zuletzt mit seinem exquisiten Quartett mit Quincy Philipps (dr), Justin Robinson (sax) und Ameen Saleem (b), pflegte, war ebenso stilsicher wie schr\u00e4g und ausgefallen. Roy Hargrove wurde von Wynton Marsalis entdeckt, als dieser Mitte der 80er-Jahre Hargroves Highschool in Dallas besuchte. Im Laufe seiner Karriere arbeitete er trotz \u2013 oder gerade wegen seines ausgepr\u00e4gten Personalstils \u2013 mit unterschiedlichsten Musikern zusammen: mit Shirley Horn, Kitty Margolis, Erykah Badu (mit der er auch zur Schule gegangen war), Common, D\u2019Angelo oder auch Me\u2019shell Ndegeocello. Sein Plattenlabel Verve erm\u00f6glichte Hargrove Aufnahmen mit vielen Gr\u00f6\u00dfen des Jazz, unter anderem mit Joe Henderson, Stanley Turrentine, Johnny Griffin, Joshua Redman und Branford Marsalis. Im Auftrag des Lincoln Center Jazz Orchestra komponierte er 1993 \u201eThe Love Suite: In Mahogany\u201c. Hargrove war der Gr\u00fcnder und Leiter der Formation \u201eThe RH Factor\u201c, die \u2013 bei ungew\u00f6hnlicher Doppelbesetzung vieler Instrumente \u2013 Elemente von Jazz, Funk, Hip Hop, Soul und Gospel kombinierte. Roy &hellip;<\/p>\n","protected":false},"author":18,"featured_media":17789,"comment_status":"open","ping_status":"closed","sticky":false,"template":"","format":"standard","meta":{"_jetpack_memberships_contains_paid_content":false,"footnotes":"","jetpack_publicize_message":"","jetpack_publicize_feature_enabled":true,"jetpack_social_post_already_shared":false,"jetpack_social_options":{"image_generator_settings":{"template":"highway","default_image_id":0,"font":"","enabled":false},"version":2}},"categories":[1053],"tags":[1335,408,2075,862,605],"coauthors":[695,662],"class_list":["post-17775","post","type-post","status-publish","format-standard","has-post-thumbnail","hentry","category-bericht","tag-joshua-redman","tag-nachruf","tag-roy-hargrove","tag-tod","tag-wynton-marsalis"],"yoast_head":"<!-- This site is optimized with the Yoast SEO plugin v27.5 - https:\/\/yoast.com\/product\/yoast-seo-wordpress\/ -->\n<title>Sicher zwischen allen Stilen \u2013 Zum Tod des Trompeters und Komponisten Roy Hargrove - JazzZeitung<\/title>\n<meta name=\"robots\" content=\"index, follow, max-snippet:-1, max-image-preview:large, max-video-preview:-1\" \/>\n<link rel=\"canonical\" href=\"https:\/\/www.jazzzeitung.de\/cms\/2018\/11\/sicher-zwischen-allen-stilen-zum-tod-des-trompeters-und-komponisten-roy-hargrove\/\" \/>\n<meta property=\"og:locale\" content=\"de_DE\" \/>\n<meta property=\"og:type\" content=\"article\" \/>\n<meta property=\"og:title\" content=\"Sicher zwischen allen Stilen \u2013 Zum Tod des Trompeters und Komponisten Roy Hargrove - JazzZeitung\" \/>\n<meta property=\"og:description\" content=\"Krawatte w\u00e4hrend des ersten Sets, Fliege im zweiten, wei\u00dfes Hemd, taubenblaues Sacco, dunkle Sonnenbrille, die Trompete nicht in gew\u00f6hnlichem Goldmessing, sondern edelstahlpoliert \u2013 Roy Hargrove war eine Erscheinung. Und der soulige Hardbop, den er zuletzt mit seinem exquisiten Quartett mit Quincy Philipps (dr), Justin Robinson (sax) und Ameen Saleem (b), pflegte, war ebenso stilsicher wie schr\u00e4g und ausgefallen. Roy Hargrove wurde von Wynton Marsalis entdeckt, als dieser Mitte der 80er-Jahre Hargroves Highschool in Dallas besuchte. Im Laufe seiner Karriere arbeitete er trotz \u2013 oder gerade wegen seines ausgepr\u00e4gten Personalstils \u2013 mit unterschiedlichsten Musikern zusammen: mit Shirley Horn, Kitty Margolis, Erykah Badu (mit der er auch zur Schule gegangen war), Common, D\u2019Angelo oder auch Me\u2019shell Ndegeocello. Sein Plattenlabel Verve erm\u00f6glichte Hargrove Aufnahmen mit vielen Gr\u00f6\u00dfen des Jazz, unter anderem mit Joe Henderson, Stanley Turrentine, Johnny Griffin, Joshua Redman und Branford Marsalis. Im Auftrag des Lincoln Center Jazz Orchestra komponierte er 1993 \u201eThe Love Suite: In Mahogany\u201c. Hargrove war der Gr\u00fcnder und Leiter der Formation \u201eThe RH Factor\u201c, die \u2013 bei ungew\u00f6hnlicher Doppelbesetzung vieler Instrumente \u2013 Elemente von Jazz, Funk, Hip Hop, Soul und Gospel kombinierte. Roy &hellip;\" \/>\n<meta property=\"og:url\" content=\"https:\/\/www.jazzzeitung.de\/cms\/2018\/11\/sicher-zwischen-allen-stilen-zum-tod-des-trompeters-und-komponisten-roy-hargrove\/\" \/>\n<meta property=\"og:site_name\" content=\"JazzZeitung\" \/>\n<meta property=\"article:publisher\" content=\"https:\/\/www.facebook.com\/JazzZeitung\/\" \/>\n<meta property=\"article:published_time\" content=\"2018-11-05T13:30:51+00:00\" \/>\n<meta property=\"article:modified_time\" content=\"2018-11-05T19:08:38+00:00\" \/>\n<meta property=\"og:image\" content=\"https:\/\/i0.wp.com\/www.jazzzeitung.de\/cms\/wp-content\/uploads\/2018\/11\/013ROY-HARGROVE-QUINTET_Foto-van-Loon.jpg?fit=2500%2C1668&ssl=1\" \/>\n\t<meta property=\"og:image:width\" content=\"2500\" \/>\n\t<meta property=\"og:image:height\" content=\"1668\" \/>\n\t<meta property=\"og:image:type\" content=\"image\/jpeg\" \/>\n<meta name=\"author\" content=\"Redaktion JazzZeitung, Andreas Kolb\" \/>\n<script type=\"application\/ld+json\" class=\"yoast-schema-graph\">{\"@context\":\"https:\\\/\\\/schema.org\",\"@graph\":[{\"@type\":\"Article\",\"@id\":\"https:\\\/\\\/www.jazzzeitung.de\\\/cms\\\/2018\\\/11\\\/sicher-zwischen-allen-stilen-zum-tod-des-trompeters-und-komponisten-roy-hargrove\\\/#article\",\"isPartOf\":{\"@id\":\"https:\\\/\\\/www.jazzzeitung.de\\\/cms\\\/2018\\\/11\\\/sicher-zwischen-allen-stilen-zum-tod-des-trompeters-und-komponisten-roy-hargrove\\\/\"},\"author\":{\"name\":\"Redaktion JazzZeitung\",\"@id\":\"https:\\\/\\\/www.jazzzeitung.de\\\/cms\\\/#\\\/schema\\\/person\\\/2245b36b9cd1d24cea10f01c031fb92b\"},\"headline\":\"Sicher zwischen allen Stilen \u2013 Zum Tod des Trompeters und Komponisten Roy Hargrove\",\"datePublished\":\"2018-11-05T13:30:51+00:00\",\"dateModified\":\"2018-11-05T19:08:38+00:00\",\"mainEntityOfPage\":{\"@id\":\"https:\\\/\\\/www.jazzzeitung.de\\\/cms\\\/2018\\\/11\\\/sicher-zwischen-allen-stilen-zum-tod-des-trompeters-und-komponisten-roy-hargrove\\\/\"},\"wordCount\":220,\"commentCount\":0,\"publisher\":{\"@id\":\"https:\\\/\\\/www.jazzzeitung.de\\\/cms\\\/#organization\"},\"image\":{\"@id\":\"https:\\\/\\\/www.jazzzeitung.de\\\/cms\\\/2018\\\/11\\\/sicher-zwischen-allen-stilen-zum-tod-des-trompeters-und-komponisten-roy-hargrove\\\/#primaryimage\"},\"thumbnailUrl\":\"https:\\\/\\\/i0.wp.com\\\/www.jazzzeitung.de\\\/cms\\\/wp-content\\\/uploads\\\/2018\\\/11\\\/013ROY-HARGROVE-QUINTET_Foto-van-Loon.jpg?fit=2500%2C1668&ssl=1\",\"keywords\":[\"Joshua Redman\",\"Nachruf\",\"Roy Hargrove\",\"Tod\",\"Wynton Marsalis\"],\"articleSection\":[\"Bericht\"],\"inLanguage\":\"de\",\"potentialAction\":[{\"@type\":\"CommentAction\",\"name\":\"Comment\",\"target\":[\"https:\\\/\\\/www.jazzzeitung.de\\\/cms\\\/2018\\\/11\\\/sicher-zwischen-allen-stilen-zum-tod-des-trompeters-und-komponisten-roy-hargrove\\\/#respond\"]}]},{\"@type\":\"WebPage\",\"@id\":\"https:\\\/\\\/www.jazzzeitung.de\\\/cms\\\/2018\\\/11\\\/sicher-zwischen-allen-stilen-zum-tod-des-trompeters-und-komponisten-roy-hargrove\\\/\",\"url\":\"https:\\\/\\\/www.jazzzeitung.de\\\/cms\\\/2018\\\/11\\\/sicher-zwischen-allen-stilen-zum-tod-des-trompeters-und-komponisten-roy-hargrove\\\/\",\"name\":\"Sicher zwischen allen Stilen \u2013 Zum Tod des Trompeters und Komponisten Roy Hargrove - JazzZeitung\",\"isPartOf\":{\"@id\":\"https:\\\/\\\/www.jazzzeitung.de\\\/cms\\\/#website\"},\"primaryImageOfPage\":{\"@id\":\"https:\\\/\\\/www.jazzzeitung.de\\\/cms\\\/2018\\\/11\\\/sicher-zwischen-allen-stilen-zum-tod-des-trompeters-und-komponisten-roy-hargrove\\\/#primaryimage\"},\"image\":{\"@id\":\"https:\\\/\\\/www.jazzzeitung.de\\\/cms\\\/2018\\\/11\\\/sicher-zwischen-allen-stilen-zum-tod-des-trompeters-und-komponisten-roy-hargrove\\\/#primaryimage\"},\"thumbnailUrl\":\"https:\\\/\\\/i0.wp.com\\\/www.jazzzeitung.de\\\/cms\\\/wp-content\\\/uploads\\\/2018\\\/11\\\/013ROY-HARGROVE-QUINTET_Foto-van-Loon.jpg?fit=2500%2C1668&ssl=1\",\"datePublished\":\"2018-11-05T13:30:51+00:00\",\"dateModified\":\"2018-11-05T19:08:38+00:00\",\"breadcrumb\":{\"@id\":\"https:\\\/\\\/www.jazzzeitung.de\\\/cms\\\/2018\\\/11\\\/sicher-zwischen-allen-stilen-zum-tod-des-trompeters-und-komponisten-roy-hargrove\\\/#breadcrumb\"},\"inLanguage\":\"de\",\"potentialAction\":[{\"@type\":\"ReadAction\",\"target\":[\"https:\\\/\\\/www.jazzzeitung.de\\\/cms\\\/2018\\\/11\\\/sicher-zwischen-allen-stilen-zum-tod-des-trompeters-und-komponisten-roy-hargrove\\\/\"]}]},{\"@type\":\"ImageObject\",\"inLanguage\":\"de\",\"@id\":\"https:\\\/\\\/www.jazzzeitung.de\\\/cms\\\/2018\\\/11\\\/sicher-zwischen-allen-stilen-zum-tod-des-trompeters-und-komponisten-roy-hargrove\\\/#primaryimage\",\"url\":\"https:\\\/\\\/i0.wp.com\\\/www.jazzzeitung.de\\\/cms\\\/wp-content\\\/uploads\\\/2018\\\/11\\\/013ROY-HARGROVE-QUINTET_Foto-van-Loon.jpg?fit=2500%2C1668&ssl=1\",\"contentUrl\":\"https:\\\/\\\/i0.wp.com\\\/www.jazzzeitung.de\\\/cms\\\/wp-content\\\/uploads\\\/2018\\\/11\\\/013ROY-HARGROVE-QUINTET_Foto-van-Loon.jpg?fit=2500%2C1668&ssl=1\",\"width\":2500,\"height\":1668,\"caption\":\"Roy Hargrove mit Justin Robinson. Foto: Susanne van Loon\"},{\"@type\":\"BreadcrumbList\",\"@id\":\"https:\\\/\\\/www.jazzzeitung.de\\\/cms\\\/2018\\\/11\\\/sicher-zwischen-allen-stilen-zum-tod-des-trompeters-und-komponisten-roy-hargrove\\\/#breadcrumb\",\"itemListElement\":[{\"@type\":\"ListItem\",\"position\":1,\"name\":\"Startseite\",\"item\":\"https:\\\/\\\/www.jazzzeitung.de\\\/cms\\\/\"},{\"@type\":\"ListItem\",\"position\":2,\"name\":\"Sicher zwischen allen Stilen \u2013 Zum Tod des Trompeters und Komponisten Roy Hargrove\"}]},{\"@type\":\"WebSite\",\"@id\":\"https:\\\/\\\/www.jazzzeitung.de\\\/cms\\\/#website\",\"url\":\"https:\\\/\\\/www.jazzzeitung.de\\\/cms\\\/\",\"name\":\"JazzZeitung\",\"description\":\"Jazz-News und Jazz-Kontroverses\",\"publisher\":{\"@id\":\"https:\\\/\\\/www.jazzzeitung.de\\\/cms\\\/#organization\"},\"potentialAction\":[{\"@type\":\"SearchAction\",\"target\":{\"@type\":\"EntryPoint\",\"urlTemplate\":\"https:\\\/\\\/www.jazzzeitung.de\\\/cms\\\/?s={search_term_string}\"},\"query-input\":{\"@type\":\"PropertyValueSpecification\",\"valueRequired\":true,\"valueName\":\"search_term_string\"}}],\"inLanguage\":\"de\"},{\"@type\":\"Organization\",\"@id\":\"https:\\\/\\\/www.jazzzeitung.de\\\/cms\\\/#organization\",\"name\":\"JazzZeitung online\",\"url\":\"https:\\\/\\\/www.jazzzeitung.de\\\/cms\\\/\",\"logo\":{\"@type\":\"ImageObject\",\"inLanguage\":\"de\",\"@id\":\"https:\\\/\\\/www.jazzzeitung.de\\\/cms\\\/#\\\/schema\\\/logo\\\/image\\\/\",\"url\":\"https:\\\/\\\/i0.wp.com\\\/www.jazzzeitung.de\\\/cms\\\/wp-content\\\/uploads\\\/2015\\\/08\\\/JAZZZEITUNGDE_Logo_Neu.png?fit=499%2C200&ssl=1\",\"contentUrl\":\"https:\\\/\\\/i0.wp.com\\\/www.jazzzeitung.de\\\/cms\\\/wp-content\\\/uploads\\\/2015\\\/08\\\/JAZZZEITUNGDE_Logo_Neu.png?fit=499%2C200&ssl=1\",\"width\":499,\"height\":200,\"caption\":\"JazzZeitung online\"},\"image\":{\"@id\":\"https:\\\/\\\/www.jazzzeitung.de\\\/cms\\\/#\\\/schema\\\/logo\\\/image\\\/\"},\"sameAs\":[\"https:\\\/\\\/www.facebook.com\\\/JazzZeitung\\\/\"]},{\"@type\":\"Person\",\"@id\":\"https:\\\/\\\/www.jazzzeitung.de\\\/cms\\\/#\\\/schema\\\/person\\\/2245b36b9cd1d24cea10f01c031fb92b\",\"name\":\"Redaktion JazzZeitung\",\"image\":{\"@type\":\"ImageObject\",\"inLanguage\":\"de\",\"@id\":\"https:\\\/\\\/i0.wp.com\\\/www.jazzzeitung.de\\\/cms\\\/wp-content\\\/uploads\\\/2015\\\/08\\\/JAZZZEITUNGDE_Logo_Neu.png?resize=96%2C96&ssl=159975dcacb611b5700bd619b5daf0a7a\",\"url\":\"https:\\\/\\\/i0.wp.com\\\/www.jazzzeitung.de\\\/cms\\\/wp-content\\\/uploads\\\/2015\\\/08\\\/JAZZZEITUNGDE_Logo_Neu.png?resize=96%2C96&ssl=1\",\"contentUrl\":\"https:\\\/\\\/i0.wp.com\\\/www.jazzzeitung.de\\\/cms\\\/wp-content\\\/uploads\\\/2015\\\/08\\\/JAZZZEITUNGDE_Logo_Neu.png?resize=96%2C96&ssl=1\",\"caption\":\"Redaktion JazzZeitung\"},\"description\":\"Artikel der Redaktion der JazzZeitung.\",\"sameAs\":[\"http:\\\/\\\/www.jazzzeitung.de\\\/cms\\\/\"],\"url\":\"https:\\\/\\\/www.jazzzeitung.de\\\/cms\\\/author\\\/redaktion\\\/\"}]}<\/script>\n<!-- \/ Yoast SEO plugin. -->","yoast_head_json":{"title":"Sicher zwischen allen Stilen \u2013 Zum Tod des Trompeters und Komponisten Roy Hargrove - JazzZeitung","robots":{"index":"index","follow":"follow","max-snippet":"max-snippet:-1","max-image-preview":"max-image-preview:large","max-video-preview":"max-video-preview:-1"},"canonical":"https:\/\/www.jazzzeitung.de\/cms\/2018\/11\/sicher-zwischen-allen-stilen-zum-tod-des-trompeters-und-komponisten-roy-hargrove\/","og_locale":"de_DE","og_type":"article","og_title":"Sicher zwischen allen Stilen \u2013 Zum Tod des Trompeters und Komponisten Roy Hargrove - JazzZeitung","og_description":"Krawatte w\u00e4hrend des ersten Sets, Fliege im zweiten, wei\u00dfes Hemd, taubenblaues Sacco, dunkle Sonnenbrille, die Trompete nicht in gew\u00f6hnlichem Goldmessing, sondern edelstahlpoliert \u2013 Roy Hargrove war eine Erscheinung. Und der soulige Hardbop, den er zuletzt mit seinem exquisiten Quartett mit Quincy Philipps (dr), Justin Robinson (sax) und Ameen Saleem (b), pflegte, war ebenso stilsicher wie schr\u00e4g und ausgefallen. Roy Hargrove wurde von Wynton Marsalis entdeckt, als dieser Mitte der 80er-Jahre Hargroves Highschool in Dallas besuchte. Im Laufe seiner Karriere arbeitete er trotz \u2013 oder gerade wegen seines ausgepr\u00e4gten Personalstils \u2013 mit unterschiedlichsten Musikern zusammen: mit Shirley Horn, Kitty Margolis, Erykah Badu (mit der er auch zur Schule gegangen war), Common, D\u2019Angelo oder auch Me\u2019shell Ndegeocello. Sein Plattenlabel Verve erm\u00f6glichte Hargrove Aufnahmen mit vielen Gr\u00f6\u00dfen des Jazz, unter anderem mit Joe Henderson, Stanley Turrentine, Johnny Griffin, Joshua Redman und Branford Marsalis. Im Auftrag des Lincoln Center Jazz Orchestra komponierte er 1993 \u201eThe Love Suite: In Mahogany\u201c. Hargrove war der Gr\u00fcnder und Leiter der Formation \u201eThe RH Factor\u201c, die \u2013 bei ungew\u00f6hnlicher Doppelbesetzung vieler Instrumente \u2013 Elemente von Jazz, Funk, Hip Hop, Soul und Gospel kombinierte. Roy &hellip;","og_url":"https:\/\/www.jazzzeitung.de\/cms\/2018\/11\/sicher-zwischen-allen-stilen-zum-tod-des-trompeters-und-komponisten-roy-hargrove\/","og_site_name":"JazzZeitung","article_publisher":"https:\/\/www.facebook.com\/JazzZeitung\/","article_published_time":"2018-11-05T13:30:51+00:00","article_modified_time":"2018-11-05T19:08:38+00:00","og_image":[{"width":2500,"height":1668,"url":"https:\/\/i0.wp.com\/www.jazzzeitung.de\/cms\/wp-content\/uploads\/2018\/11\/013ROY-HARGROVE-QUINTET_Foto-van-Loon.jpg?fit=2500%2C1668&ssl=1","type":"image\/jpeg"}],"author":"Redaktion JazzZeitung, Andreas Kolb","schema":{"@context":"https:\/\/schema.org","@graph":[{"@type":"Article","@id":"https:\/\/www.jazzzeitung.de\/cms\/2018\/11\/sicher-zwischen-allen-stilen-zum-tod-des-trompeters-und-komponisten-roy-hargrove\/#article","isPartOf":{"@id":"https:\/\/www.jazzzeitung.de\/cms\/2018\/11\/sicher-zwischen-allen-stilen-zum-tod-des-trompeters-und-komponisten-roy-hargrove\/"},"author":{"name":"Redaktion JazzZeitung","@id":"https:\/\/www.jazzzeitung.de\/cms\/#\/schema\/person\/2245b36b9cd1d24cea10f01c031fb92b"},"headline":"Sicher zwischen allen Stilen \u2013 Zum Tod des Trompeters und Komponisten Roy Hargrove","datePublished":"2018-11-05T13:30:51+00:00","dateModified":"2018-11-05T19:08:38+00:00","mainEntityOfPage":{"@id":"https:\/\/www.jazzzeitung.de\/cms\/2018\/11\/sicher-zwischen-allen-stilen-zum-tod-des-trompeters-und-komponisten-roy-hargrove\/"},"wordCount":220,"commentCount":0,"publisher":{"@id":"https:\/\/www.jazzzeitung.de\/cms\/#organization"},"image":{"@id":"https:\/\/www.jazzzeitung.de\/cms\/2018\/11\/sicher-zwischen-allen-stilen-zum-tod-des-trompeters-und-komponisten-roy-hargrove\/#primaryimage"},"thumbnailUrl":"https:\/\/i0.wp.com\/www.jazzzeitung.de\/cms\/wp-content\/uploads\/2018\/11\/013ROY-HARGROVE-QUINTET_Foto-van-Loon.jpg?fit=2500%2C1668&ssl=1","keywords":["Joshua Redman","Nachruf","Roy Hargrove","Tod","Wynton Marsalis"],"articleSection":["Bericht"],"inLanguage":"de","potentialAction":[{"@type":"CommentAction","name":"Comment","target":["https:\/\/www.jazzzeitung.de\/cms\/2018\/11\/sicher-zwischen-allen-stilen-zum-tod-des-trompeters-und-komponisten-roy-hargrove\/#respond"]}]},{"@type":"WebPage","@id":"https:\/\/www.jazzzeitung.de\/cms\/2018\/11\/sicher-zwischen-allen-stilen-zum-tod-des-trompeters-und-komponisten-roy-hargrove\/","url":"https:\/\/www.jazzzeitung.de\/cms\/2018\/11\/sicher-zwischen-allen-stilen-zum-tod-des-trompeters-und-komponisten-roy-hargrove\/","name":"Sicher zwischen allen Stilen \u2013 Zum Tod des Trompeters und Komponisten Roy Hargrove - JazzZeitung","isPartOf":{"@id":"https:\/\/www.jazzzeitung.de\/cms\/#website"},"primaryImageOfPage":{"@id":"https:\/\/www.jazzzeitung.de\/cms\/2018\/11\/sicher-zwischen-allen-stilen-zum-tod-des-trompeters-und-komponisten-roy-hargrove\/#primaryimage"},"image":{"@id":"https:\/\/www.jazzzeitung.de\/cms\/2018\/11\/sicher-zwischen-allen-stilen-zum-tod-des-trompeters-und-komponisten-roy-hargrove\/#primaryimage"},"thumbnailUrl":"https:\/\/i0.wp.com\/www.jazzzeitung.de\/cms\/wp-content\/uploads\/2018\/11\/013ROY-HARGROVE-QUINTET_Foto-van-Loon.jpg?fit=2500%2C1668&ssl=1","datePublished":"2018-11-05T13:30:51+00:00","dateModified":"2018-11-05T19:08:38+00:00","breadcrumb":{"@id":"https:\/\/www.jazzzeitung.de\/cms\/2018\/11\/sicher-zwischen-allen-stilen-zum-tod-des-trompeters-und-komponisten-roy-hargrove\/#breadcrumb"},"inLanguage":"de","potentialAction":[{"@type":"ReadAction","target":["https:\/\/www.jazzzeitung.de\/cms\/2018\/11\/sicher-zwischen-allen-stilen-zum-tod-des-trompeters-und-komponisten-roy-hargrove\/"]}]},{"@type":"ImageObject","inLanguage":"de","@id":"https:\/\/www.jazzzeitung.de\/cms\/2018\/11\/sicher-zwischen-allen-stilen-zum-tod-des-trompeters-und-komponisten-roy-hargrove\/#primaryimage","url":"https:\/\/i0.wp.com\/www.jazzzeitung.de\/cms\/wp-content\/uploads\/2018\/11\/013ROY-HARGROVE-QUINTET_Foto-van-Loon.jpg?fit=2500%2C1668&ssl=1","contentUrl":"https:\/\/i0.wp.com\/www.jazzzeitung.de\/cms\/wp-content\/uploads\/2018\/11\/013ROY-HARGROVE-QUINTET_Foto-van-Loon.jpg?fit=2500%2C1668&ssl=1","width":2500,"height":1668,"caption":"Roy Hargrove mit Justin Robinson. Foto: Susanne van Loon"},{"@type":"BreadcrumbList","@id":"https:\/\/www.jazzzeitung.de\/cms\/2018\/11\/sicher-zwischen-allen-stilen-zum-tod-des-trompeters-und-komponisten-roy-hargrove\/#breadcrumb","itemListElement":[{"@type":"ListItem","position":1,"name":"Startseite","item":"https:\/\/www.jazzzeitung.de\/cms\/"},{"@type":"ListItem","position":2,"name":"Sicher zwischen allen Stilen \u2013 Zum Tod des Trompeters und Komponisten Roy Hargrove"}]},{"@type":"WebSite","@id":"https:\/\/www.jazzzeitung.de\/cms\/#website","url":"https:\/\/www.jazzzeitung.de\/cms\/","name":"JazzZeitung","description":"Jazz-News und Jazz-Kontroverses","publisher":{"@id":"https:\/\/www.jazzzeitung.de\/cms\/#organization"},"potentialAction":[{"@type":"SearchAction","target":{"@type":"EntryPoint","urlTemplate":"https:\/\/www.jazzzeitung.de\/cms\/?s={search_term_string}"},"query-input":{"@type":"PropertyValueSpecification","valueRequired":true,"valueName":"search_term_string"}}],"inLanguage":"de"},{"@type":"Organization","@id":"https:\/\/www.jazzzeitung.de\/cms\/#organization","name":"JazzZeitung online","url":"https:\/\/www.jazzzeitung.de\/cms\/","logo":{"@type":"ImageObject","inLanguage":"de","@id":"https:\/\/www.jazzzeitung.de\/cms\/#\/schema\/logo\/image\/","url":"https:\/\/i0.wp.com\/www.jazzzeitung.de\/cms\/wp-content\/uploads\/2015\/08\/JAZZZEITUNGDE_Logo_Neu.png?fit=499%2C200&ssl=1","contentUrl":"https:\/\/i0.wp.com\/www.jazzzeitung.de\/cms\/wp-content\/uploads\/2015\/08\/JAZZZEITUNGDE_Logo_Neu.png?fit=499%2C200&ssl=1","width":499,"height":200,"caption":"JazzZeitung online"},"image":{"@id":"https:\/\/www.jazzzeitung.de\/cms\/#\/schema\/logo\/image\/"},"sameAs":["https:\/\/www.facebook.com\/JazzZeitung\/"]},{"@type":"Person","@id":"https:\/\/www.jazzzeitung.de\/cms\/#\/schema\/person\/2245b36b9cd1d24cea10f01c031fb92b","name":"Redaktion JazzZeitung","image":{"@type":"ImageObject","inLanguage":"de","@id":"https:\/\/i0.wp.com\/www.jazzzeitung.de\/cms\/wp-content\/uploads\/2015\/08\/JAZZZEITUNGDE_Logo_Neu.png?resize=96%2C96&ssl=159975dcacb611b5700bd619b5daf0a7a","url":"https:\/\/i0.wp.com\/www.jazzzeitung.de\/cms\/wp-content\/uploads\/2015\/08\/JAZZZEITUNGDE_Logo_Neu.png?resize=96%2C96&ssl=1","contentUrl":"https:\/\/i0.wp.com\/www.jazzzeitung.de\/cms\/wp-content\/uploads\/2015\/08\/JAZZZEITUNGDE_Logo_Neu.png?resize=96%2C96&ssl=1","caption":"Redaktion JazzZeitung"},"description":"Artikel der Redaktion der JazzZeitung.","sameAs":["http:\/\/www.jazzzeitung.de\/cms\/"],"url":"https:\/\/www.jazzzeitung.de\/cms\/author\/redaktion\/"}]}},"wp-worthy-pixel":{"ignored":false,"public":null,"server":null,"url":null},"wp-worthy-type":"normal","jetpack_publicize_connections":[],"cc_featured_image_caption":{"caption_text":"Roy Hargrove mit Justin Robinson. ","source_text":"Foto: Susanne van Loon","source_url":""},"jetpack_featured_media_url":"https:\/\/i0.wp.com\/www.jazzzeitung.de\/cms\/wp-content\/uploads\/2018\/11\/013ROY-HARGROVE-QUINTET_Foto-van-Loon.jpg?fit=2500%2C1668&ssl=1","jetpack_shortlink":"https:\/\/wp.me\/p3KEcT-4CH","jetpack-related-posts":[{"id":13113,"url":"https:\/\/www.jazzzeitung.de\/cms\/2017\/07\/bildergalerie-jazz-sommer-im-bayerischen-hof-2-dominic-miller-und-roy-hargrove\/","url_meta":{"origin":17775,"position":0},"title":"Bildergalerie: Jazz Sommer im Bayerischen Hof 2 &#8211; Dominic Miller und Roy Hargrove","author":"Redaktion JazzZeitung","date":"25. Juli 2017","format":false,"excerpt":"Fotos von Thomas J. Krebs","rel":"","context":"In &quot;Galerie&quot;","block_context":{"text":"Galerie","link":"https:\/\/www.jazzzeitung.de\/cms\/thema\/galerie\/"},"img":{"alt_text":"","src":"https:\/\/i0.wp.com\/www.jazzzeitung.de\/cms\/wp-content\/uploads\/2017\/07\/P1460773-Quincy-Phillips-Foto-TJ-Krebs-jazzphotoagency%40web.de_.jpg?resize=350%2C200","width":350,"height":200,"srcset":"https:\/\/i0.wp.com\/www.jazzzeitung.de\/cms\/wp-content\/uploads\/2017\/07\/P1460773-Quincy-Phillips-Foto-TJ-Krebs-jazzphotoagency%40web.de_.jpg?resize=350%2C200 1x, https:\/\/i0.wp.com\/www.jazzzeitung.de\/cms\/wp-content\/uploads\/2017\/07\/P1460773-Quincy-Phillips-Foto-TJ-Krebs-jazzphotoagency%40web.de_.jpg?resize=525%2C300 1.5x, https:\/\/i0.wp.com\/www.jazzzeitung.de\/cms\/wp-content\/uploads\/2017\/07\/P1460773-Quincy-Phillips-Foto-TJ-Krebs-jazzphotoagency%40web.de_.jpg?resize=700%2C400 2x"},"classes":[]},{"id":203,"url":"https:\/\/www.jazzzeitung.de\/cms\/2010\/06\/wynton-marsalis-gesellschaftskritik-in-buchform\/","url_meta":{"origin":17775,"position":1},"title":"Wynton Marsalis \u2013 Gesellschaftskritik in Buchform","author":"J\u00f6rg Lichtinger","date":"25. Juni 2010","format":false,"excerpt":"Wynton Marsalis ist nicht nur ein musikalischer \"Lautsprecher\", auch zu Kultur und Gesellschaft hat er eine Menge zu sagen. Man denke an seine Haltung im Streit um die drohende \"Europ\u00e4isierung\" des Jazz in den vergangenen Jahren. In seiner 2008 erschienen Biografie \u201eMoving on Higher Ground. How Jazz Can Change Your\u2026","rel":"","context":"In &quot;Blog&quot;","block_context":{"text":"Blog","link":"https:\/\/www.jazzzeitung.de\/cms\/thema\/blog\/"},"img":{"alt_text":"Wynton Marsalis: Jazz mein Leben","src":"https:\/\/i0.wp.com\/www.jazzzeitung.de\/cms\/wp-content\/uploads\/2010\/06\/Marsalis_W_Jazz_mein_Leben2-189x300.jpg?resize=350%2C200","width":350,"height":200},"classes":[]},{"id":516,"url":"https:\/\/www.jazzzeitung.de\/cms\/2010\/10\/marsalis-im-trend\/","url_meta":{"origin":17775,"position":2},"title":"Marsalis im Trend","author":"Rainer Wein","date":"19. Oktober 2010","format":false,"excerpt":"Moment: Haben wir Wynton Marsalis\u2019 neues Buch richtig verstanden? Da predigt also einer die Vorbild-Tugenden des Jazz: Achtung, Respekt, Vertrauen, Flexibilit\u00e4t, Toleranz, Krisen-Management, Risikobereitschaft. Der Jazz, hei\u00dft es da, lehre uns, das Beste aus dem Augenblick zu machen, anderen nicht unseren Willen aufzuzwingen, Gemeinsamkeit vor Egoismus zu stellen. Brav! So\u2026","rel":"","context":"In &quot;Blog&quot;","block_context":{"text":"Blog","link":"https:\/\/www.jazzzeitung.de\/cms\/thema\/blog\/"},"img":{"alt_text":"","src":"","width":0,"height":0},"classes":[]},{"id":21718,"url":"https:\/\/www.jazzzeitung.de\/cms\/2020\/01\/feel-jazz-festival-bringt-frischen-wind-in-hamburgs-jazzszene\/","url_meta":{"origin":17775,"position":3},"title":"feel.jazz Festival bringt frischen Wind in Hamburgs Jazzszene","author":"Redaktion JazzZeitung","date":"18. Januar 2020","format":false,"excerpt":"Am 24. & 25. Januar 2020 findet das feel.jazz Festival Volume IV erstmals im Hamburger Hafenklang statt. Das Festival m\u00f6chte Jazz auf allen Sinnesebenen erfahrbar machen und gemeinsam mit den BesucherInnen neue Wege der Rezeption erkunden. Dank des Umzugs in den Hafenklang gibt es mehr Platz f\u00fcr Musik und Experimente.\u2026","rel":"","context":"In &quot;News&quot;","block_context":{"text":"News","link":"https:\/\/www.jazzzeitung.de\/cms\/thema\/nachrichten\/"},"img":{"alt_text":"","src":"https:\/\/i0.wp.com\/www.jazzzeitung.de\/cms\/wp-content\/uploads\/2020\/01\/feeljazz1.jpg?fit=1193%2C1193&ssl=1&resize=350%2C200","width":350,"height":200,"srcset":"https:\/\/i0.wp.com\/www.jazzzeitung.de\/cms\/wp-content\/uploads\/2020\/01\/feeljazz1.jpg?fit=1193%2C1193&ssl=1&resize=350%2C200 1x, https:\/\/i0.wp.com\/www.jazzzeitung.de\/cms\/wp-content\/uploads\/2020\/01\/feeljazz1.jpg?fit=1193%2C1193&ssl=1&resize=525%2C300 1.5x, https:\/\/i0.wp.com\/www.jazzzeitung.de\/cms\/wp-content\/uploads\/2020\/01\/feeljazz1.jpg?fit=1193%2C1193&ssl=1&resize=700%2C400 2x, https:\/\/i0.wp.com\/www.jazzzeitung.de\/cms\/wp-content\/uploads\/2020\/01\/feeljazz1.jpg?fit=1193%2C1193&ssl=1&resize=1050%2C600 3x"},"classes":[]},{"id":7162,"url":"https:\/\/www.jazzzeitung.de\/cms\/2015\/10\/bunter-jazz-herbst-burghausen\/","url_meta":{"origin":17775,"position":4},"title":"Bunter Jazz-Herbst in Burghausen","author":"Redaktion JazzZeitung","date":"6. Oktober 2015","format":false,"excerpt":"Eins ist sicher: Der Herbst wird wieder bunt in Burghausen. Denn das allj\u00e4hrliche Jazz-Programm begeistert erneut durch stilistischen Reichtum und interessante Acts. Mit einem Highlight geht\u2019s gleich los: Micha Acher, Mastermind der weltweit gefeierten Alternative-Kultband The Notwist, kommt mit seiner feinst besetzten Band Alien Ensemble in den Jazzkeller und beweist\u2026","rel":"","context":"In &quot;News&quot;","block_context":{"text":"News","link":"https:\/\/www.jazzzeitung.de\/cms\/thema\/nachrichten\/"},"img":{"alt_text":"Unterbiberger Hofmusik. Foto: Lena Semmelroggen","src":"https:\/\/i0.wp.com\/www.jazzzeitung.de\/cms\/wp-content\/uploads\/2015\/09\/Unterbiberger-Hofmusik-Foto-Lena-Semmelroggen-900x600.jpg?resize=350%2C200","width":350,"height":200,"srcset":"https:\/\/i0.wp.com\/www.jazzzeitung.de\/cms\/wp-content\/uploads\/2015\/09\/Unterbiberger-Hofmusik-Foto-Lena-Semmelroggen-900x600.jpg?resize=350%2C200 1x, https:\/\/i0.wp.com\/www.jazzzeitung.de\/cms\/wp-content\/uploads\/2015\/09\/Unterbiberger-Hofmusik-Foto-Lena-Semmelroggen-900x600.jpg?resize=525%2C300 1.5x"},"classes":[]},{"id":7031,"url":"https:\/\/www.jazzzeitung.de\/cms\/2015\/09\/orleans-tief-verbunden-zum-tode-von-gerhard-doggy-hund-chef-der-maryland-jazz-band-cologne\/","url_meta":{"origin":17775,"position":5},"title":"New Orleans tief verbunden \u2013 Zum Tode von Gerhard \u201eDoggy\u201c Hund, Chef der Maryland Jazz Band of Cologne","author":"Redaktion JazzZeitung","date":"14. September 2015","format":false,"excerpt":"Von Dietrich Schlegel - \u201eYou know what it means to miss New Orleans\u201c. Dieser alte Song stand wie ein Leitmotiv \u00fcber dem Leben von Gerhard \u201eDoggy\u201c Hund, dem Mitgr\u00fcnder, Leader und Posaunisten der Maryland Jazz Band of Cologne. Gerade erst, am 29. August, dem 10. Jahrestag, war der Verw\u00fcstung von\u2026","rel":"","context":"In &quot;Redaktionelle Nachrichten&quot;","block_context":{"text":"Redaktionelle Nachrichten","link":"https:\/\/www.jazzzeitung.de\/cms\/thema\/redaktion\/"},"img":{"alt_text":"Gerhard Hund ganz rechts im Bild","src":"https:\/\/i0.wp.com\/www.jazzzeitung.de\/cms\/wp-content\/uploads\/2015\/09\/Bandfoto-vor-blauem-Vorhang1-150x150.gif?resize=350%2C200","width":350,"height":200},"classes":[]}],"jetpack_sharing_enabled":true,"_links":{"self":[{"href":"https:\/\/www.jazzzeitung.de\/cms\/wp-json\/wp\/v2\/posts\/17775","targetHints":{"allow":["GET"]}}],"collection":[{"href":"https:\/\/www.jazzzeitung.de\/cms\/wp-json\/wp\/v2\/posts"}],"about":[{"href":"https:\/\/www.jazzzeitung.de\/cms\/wp-json\/wp\/v2\/types\/post"}],"author":[{"embeddable":true,"href":"https:\/\/www.jazzzeitung.de\/cms\/wp-json\/wp\/v2\/users\/18"}],"replies":[{"embeddable":true,"href":"https:\/\/www.jazzzeitung.de\/cms\/wp-json\/wp\/v2\/comments?post=17775"}],"version-history":[{"count":7,"href":"https:\/\/www.jazzzeitung.de\/cms\/wp-json\/wp\/v2\/posts\/17775\/revisions"}],"predecessor-version":[{"id":17802,"href":"https:\/\/www.jazzzeitung.de\/cms\/wp-json\/wp\/v2\/posts\/17775\/revisions\/17802"}],"wp:featuredmedia":[{"embeddable":true,"href":"https:\/\/www.jazzzeitung.de\/cms\/wp-json\/wp\/v2\/media\/17789"}],"wp:attachment":[{"href":"https:\/\/www.jazzzeitung.de\/cms\/wp-json\/wp\/v2\/media?parent=17775"}],"wp:term":[{"taxonomy":"category","embeddable":true,"href":"https:\/\/www.jazzzeitung.de\/cms\/wp-json\/wp\/v2\/categories?post=17775"},{"taxonomy":"post_tag","embeddable":true,"href":"https:\/\/www.jazzzeitung.de\/cms\/wp-json\/wp\/v2\/tags?post=17775"},{"taxonomy":"author","embeddable":true,"href":"https:\/\/www.jazzzeitung.de\/cms\/wp-json\/wp\/v2\/coauthors?post=17775"}],"curies":[{"name":"wp","href":"https:\/\/api.w.org\/{rel}","templated":true}]}}