{"id":17629,"date":"2018-10-31T15:45:18","date_gmt":"2018-10-31T14:45:18","guid":{"rendered":"https:\/\/www.jazzzeitung.de\/cms\/?p=17629"},"modified":"2018-10-31T16:32:32","modified_gmt":"2018-10-31T15:32:32","slug":"zwei-gigs-zum-geburtstag-e-bassist-wolfgang-schmid-wird-70","status":"publish","type":"post","link":"https:\/\/www.jazzzeitung.de\/cms\/2018\/10\/zwei-gigs-zum-geburtstag-e-bassist-wolfgang-schmid-wird-70\/","title":{"rendered":"Zwei Gigs zum Geburtstag: E-Bassist Wolfgang Schmid wird 70"},"content":{"rendered":"<p>Zu fortgeschrittener Stunde erz\u00e4hlt Wolfgang Schmid manchmal Geschichten aus seinem Musikerleben. Zum Beispiel die aus Australien, als er mit Passport, der damals bekanntesten deutschen Jazzband, unterwegs war und eines Abends eine junge Bluesband im Vorprogramm rockte. Der Gitarrist hatte eine Schuluniform an, kurze Hose, ein R\u00e4nzel auf dem R\u00fccken. Der Sound war schlicht, aber wirkungsvoll und sollte sp\u00e4ter so richtig ber\u00fchmt werden.<\/p>\n<figure id=\"attachment_17631\" aria-describedby=\"caption-attachment-17631\" style=\"width: 225px\" class=\"wp-caption alignright\"><a href=\"https:\/\/i0.wp.com\/www.jazzzeitung.de\/cms\/wp-content\/uploads\/2018\/10\/Wolfgang-Schmid-c-Ralf-Dombrowski.jpg?ssl=1\"><img data-recalc-dims=\"1\" loading=\"lazy\" decoding=\"async\" data-attachment-id=\"17631\" data-permalink=\"https:\/\/www.jazzzeitung.de\/cms\/2018\/10\/zwei-gigs-zum-geburtstag-e-bassist-wolfgang-schmid-wird-70\/40-years-of-finest-jazz-unterfahrt-einstein-muenchen-foto-ralf-dombrowski\/\" data-orig-file=\"https:\/\/i0.wp.com\/www.jazzzeitung.de\/cms\/wp-content\/uploads\/2018\/10\/Wolfgang-Schmid-c-Ralf-Dombrowski.jpg?fit=2692%2C3589&amp;ssl=1\" data-orig-size=\"2692,3589\" data-comments-opened=\"1\" data-image-meta=\"{&quot;aperture&quot;:&quot;4&quot;,&quot;credit&quot;:&quot;&quot;,&quot;camera&quot;:&quot;Canon EOS 5D Mark III&quot;,&quot;caption&quot;:&quot;40 Years Of Finest Jazz, Unterfahrt \\u0026amp; Einstein M\\u00fcnchen, Foto Ralf Dombrowski&quot;,&quot;created_timestamp&quot;:&quot;1521138483&quot;,&quot;copyright&quot;:&quot;&quot;,&quot;focal_length&quot;:&quot;73&quot;,&quot;iso&quot;:&quot;4000&quot;,&quot;shutter_speed&quot;:&quot;0.008&quot;,&quot;title&quot;:&quot;40 Years Of Finest Jazz, Unterfahrt \\u0026amp; Einstein M\\u00fcnchen, Foto Ralf Dombrowski&quot;,&quot;orientation&quot;:&quot;1&quot;}\" data-image-title=\"\" data-image-description=\"\" data-image-caption=\"&lt;p&gt;Wolfang Schmid. Foto: Ralf Dombrowski&lt;\/p&gt;\n\" data-large-file=\"https:\/\/i0.wp.com\/www.jazzzeitung.de\/cms\/wp-content\/uploads\/2018\/10\/Wolfgang-Schmid-c-Ralf-Dombrowski.jpg?fit=450%2C600&amp;ssl=1\" class=\"size-medium wp-image-17631\" src=\"https:\/\/i0.wp.com\/www.jazzzeitung.de\/cms\/wp-content\/uploads\/2018\/10\/Wolfgang-Schmid-c-Ralf-Dombrowski.jpg?resize=225%2C300&#038;ssl=1\" alt=\"\" width=\"225\" height=\"300\" srcset=\"https:\/\/i0.wp.com\/www.jazzzeitung.de\/cms\/wp-content\/uploads\/2018\/10\/Wolfgang-Schmid-c-Ralf-Dombrowski.jpg?resize=225%2C300&amp;ssl=1 225w, https:\/\/i0.wp.com\/www.jazzzeitung.de\/cms\/wp-content\/uploads\/2018\/10\/Wolfgang-Schmid-c-Ralf-Dombrowski.jpg?resize=768%2C1024&amp;ssl=1 768w, https:\/\/i0.wp.com\/www.jazzzeitung.de\/cms\/wp-content\/uploads\/2018\/10\/Wolfgang-Schmid-c-Ralf-Dombrowski.jpg?resize=450%2C600&amp;ssl=1 450w, https:\/\/i0.wp.com\/www.jazzzeitung.de\/cms\/wp-content\/uploads\/2018\/10\/Wolfgang-Schmid-c-Ralf-Dombrowski.jpg?resize=600%2C800&amp;ssl=1 600w, https:\/\/i0.wp.com\/www.jazzzeitung.de\/cms\/wp-content\/uploads\/2018\/10\/Wolfgang-Schmid-c-Ralf-Dombrowski.jpg?w=1680&amp;ssl=1 1680w, https:\/\/i0.wp.com\/www.jazzzeitung.de\/cms\/wp-content\/uploads\/2018\/10\/Wolfgang-Schmid-c-Ralf-Dombrowski.jpg?w=2520&amp;ssl=1 2520w\" sizes=\"auto, (max-width: 225px) 100vw, 225px\" \/><\/a><figcaption id=\"caption-attachment-17631\" class=\"wp-caption-text\">Wolfgang Schmid. Foto: Ralf Dombrowski<\/figcaption><\/figure>\n<p>Die Anekdote passt gut zu Schmid. Denn auch wenn er seit vielen Jahren als E-Bassist in Deutschland einer von denen ist, die den Ton angeben, \u00fcberl\u00e4sst er es trotzdem den anderen, ber\u00fchmt zu werden. Denn Schmid liebt es zu spielen, groovt wie kaum ein anderer im Land, hat Bands wie Wolfhound, Kick, Paradox oder The Hang und Projekte wie Superdrumming, Manaus oder Rap-Sody losgetreten, geleitet, gepr\u00e4gt. Aber es geht ihm eben nicht um die Oberfl\u00e4che der Au\u00dfenwirkung, sondern um den Kern der Emotion, die Musik im Innersten zusammenh\u00e4lt. Und so kommt es, dass man den geb\u00fcrtigen Stuttgarter seit Dekaden im Team der Schorndorfer Gitarrentage erleben kann, ebenfalls seit einem knappen Jahrzehnt als Dozent an der Hochschule f\u00fcr Musik und Bildende Kunst seiner Heimatstadt im Unterricht erlebt, seit 2016 endlich auch mit der lange \u00fcberf\u00e4lligen Professorenw\u00fcrde als Ehrung ausgezeichnet. So geh\u00f6rt es dazu, dass er, anstatt sich als renommierter Komponist und Bassist \u2013 der auf mehr als 400 Tontr\u00e4gern zu h\u00f6ren ist \u2013 einen ruhigen Lenz zu machen, sich bei Sessions mit jungen Kollegen auf die B\u00fchne stellt oder in M\u00fcnchen gar die alten Herrn der Kritikerband coacht. So ist es ganz selbstverst\u00e4ndlich, dass er im Programmteam des Jazzclubs Unterfahrt ebenso wie bei der Jazzmusiker Initiative M\u00fcnchen und zahlreichen anderen Projekten mit reichlich Energie mitarbeitet. Denn es geht Wolfgang Schmid um diese Kraft und Magie der Musik, die sich einstellt, wenn sie alle Beteiligten gl\u00e4nzen l\u00e4sst. Das ist pure, empathische Jugend, auch wenn der Meister am 11. November seinen 70. Geburtstag feiert.<\/p>\n<p>Sein Geburtstagswochenende am 10. und 11. November 2018 begeht der Jazz-Bassist mit zwei Konzerten in der Unterfahrt, die zugleich ihr 40-j\u00e4hriges Bestehen feiert:<\/p>\n<p><strong>10. November, 21 Uhr: &#8222;A Special Gig mit Wolfgang Schmid&#8220;<\/strong><\/p>\n<p>Zusammen mit Philip Braun, Denise Taylor (beide Gesang), Jakob Manz (Saxophon), Roman Spilek (Gitarre), Stefan Cuortmes (Keyboard), Holgar Bihr (Schlagzeug) und Steffen Fritz (Percussion) schaut Wolfgang Schmid (Bass) zur\u00fcck auf die 60er Jahre: Soul, Rock und Jazz, von &#8222;Mercy Mercy&#8220; \u00fcber &#8222;Born to be wild&#8220; bis &#8222;Let it be&#8220;.<\/p>\n<p><strong>11. November, 20:30 Uhr: &#8222;Happy Birthday Wolfang Schmid: Classic Passport &amp; The Special Gig Band&#8220;<\/strong><\/p>\n<p>Unterst\u00fctzt von Klaus Doldinger (Saxophon), Michael Hornek, Stefan Bourtmess (beide Keyboard), Curt Cress (Schlagzeug), Philip Braun, Denise Taylor (beide Gesang), Bastian Brugger (Saxophon), Anna Probst (Geige), Roman Spilek (Gitarre) und Holger Bihr (Schlagzeug) l\u00e4sst Wolfgang Schmid seine alten Passport-Klassiker des Jazz-Rock Revue passieren, die er improvisatorisch und gef\u00fchlvoll in die Gegenwart holt.<\/p>\n<p>Mitglieder und Studierende erhalten erm\u00e4\u00dfigte Eintrittspreise.<\/p>\n<p><a href=\"http:\/\/www.unterfahrt.de\">www.unterfahrt.de<\/a><\/p>\n<p><em>Text &amp; Fotos: Ralf Dombrowski<\/em><\/p>\n","protected":false},"excerpt":{"rendered":"<p>Zu fortgeschrittener Stunde erz\u00e4hlt Wolfgang Schmid manchmal Geschichten aus seinem Musikerleben. Zum Beispiel die aus Australien, als er mit Passport, der damals bekanntesten deutschen Jazzband, unterwegs war und eines Abends eine junge Bluesband im Vorprogramm rockte. Der Gitarrist hatte eine Schuluniform an, kurze Hose, ein R\u00e4nzel auf dem R\u00fccken. Der Sound war schlicht, aber wirkungsvoll und sollte sp\u00e4ter so richtig ber\u00fchmt werden. Die Anekdote passt gut zu Schmid. Denn auch wenn er seit vielen Jahren als E-Bassist in Deutschland einer von denen ist, die den Ton angeben, \u00fcberl\u00e4sst er es trotzdem den anderen, ber\u00fchmt zu werden. Denn Schmid liebt es zu spielen, groovt wie kaum ein anderer im Land, hat Bands wie Wolfhound, Kick, Paradox oder The Hang und Projekte wie Superdrumming, Manaus oder Rap-Sody losgetreten, geleitet, gepr\u00e4gt. Aber es geht ihm eben nicht um die Oberfl\u00e4che der Au\u00dfenwirkung, sondern um den Kern der Emotion, die Musik im Innersten zusammenh\u00e4lt. Und so kommt es, dass man den geb\u00fcrtigen Stuttgarter seit Dekaden im Team der Schorndorfer Gitarrentage erleben kann, ebenfalls seit einem knappen Jahrzehnt als Dozent an der Hochschule f\u00fcr Musik und Bildende Kunst seiner Heimatstadt &hellip;<\/p>\n","protected":false},"author":18,"featured_media":17630,"comment_status":"open","ping_status":"closed","sticky":false,"template":"","format":"standard","meta":{"_jetpack_memberships_contains_paid_content":false,"footnotes":"","jetpack_publicize_message":"","jetpack_publicize_feature_enabled":true,"jetpack_social_post_already_shared":false,"jetpack_social_options":{"image_generator_settings":{"template":"highway","default_image_id":0,"font":"","enabled":false},"version":2}},"categories":[633],"tags":[1959,1763,137,1911,790,1422,1876,928,281,317,401,859,146,1250,1872,1564,525,573],"coauthors":[695],"class_list":["post-17629","post","type-post","status-publish","format-standard","has-post-thumbnail","hentry","category-nachrichten","tag-1959","tag-bass","tag-deutschland","tag-fotos","tag-geburtstag","tag-gesang","tag-jazz","tag-jazzclubs","tag-jazzmusiker","tag-klaus-doldinger","tag-muenchen","tag-passport","tag-dombrowski","tag-rock","tag-roman","tag-schlagzeug","tag-studenten","tag-unterfahrt"],"yoast_head":"<!-- This site is optimized with the Yoast SEO plugin v27.5 - https:\/\/yoast.com\/product\/yoast-seo-wordpress\/ -->\n<title>Zwei Gigs zum Geburtstag: E-Bassist Wolfgang Schmid wird 70 - JazzZeitung<\/title>\n<meta name=\"robots\" content=\"index, follow, max-snippet:-1, max-image-preview:large, max-video-preview:-1\" \/>\n<link rel=\"canonical\" href=\"https:\/\/www.jazzzeitung.de\/cms\/2018\/10\/zwei-gigs-zum-geburtstag-e-bassist-wolfgang-schmid-wird-70\/\" \/>\n<meta property=\"og:locale\" content=\"de_DE\" \/>\n<meta property=\"og:type\" content=\"article\" \/>\n<meta property=\"og:title\" content=\"Zwei Gigs zum Geburtstag: E-Bassist Wolfgang Schmid wird 70 - JazzZeitung\" \/>\n<meta property=\"og:description\" content=\"Zu fortgeschrittener Stunde erz\u00e4hlt Wolfgang Schmid manchmal Geschichten aus seinem Musikerleben. Zum Beispiel die aus Australien, als er mit Passport, der damals bekanntesten deutschen Jazzband, unterwegs war und eines Abends eine junge Bluesband im Vorprogramm rockte. Der Gitarrist hatte eine Schuluniform an, kurze Hose, ein R\u00e4nzel auf dem R\u00fccken. Der Sound war schlicht, aber wirkungsvoll und sollte sp\u00e4ter so richtig ber\u00fchmt werden. Die Anekdote passt gut zu Schmid. Denn auch wenn er seit vielen Jahren als E-Bassist in Deutschland einer von denen ist, die den Ton angeben, \u00fcberl\u00e4sst er es trotzdem den anderen, ber\u00fchmt zu werden. Denn Schmid liebt es zu spielen, groovt wie kaum ein anderer im Land, hat Bands wie Wolfhound, Kick, Paradox oder The Hang und Projekte wie Superdrumming, Manaus oder Rap-Sody losgetreten, geleitet, gepr\u00e4gt. Aber es geht ihm eben nicht um die Oberfl\u00e4che der Au\u00dfenwirkung, sondern um den Kern der Emotion, die Musik im Innersten zusammenh\u00e4lt. Und so kommt es, dass man den geb\u00fcrtigen Stuttgarter seit Dekaden im Team der Schorndorfer Gitarrentage erleben kann, ebenfalls seit einem knappen Jahrzehnt als Dozent an der Hochschule f\u00fcr Musik und Bildende Kunst seiner Heimatstadt &hellip;\" \/>\n<meta property=\"og:url\" content=\"https:\/\/www.jazzzeitung.de\/cms\/2018\/10\/zwei-gigs-zum-geburtstag-e-bassist-wolfgang-schmid-wird-70\/\" \/>\n<meta property=\"og:site_name\" content=\"JazzZeitung\" \/>\n<meta property=\"article:publisher\" content=\"https:\/\/www.facebook.com\/JazzZeitung\/\" \/>\n<meta property=\"article:published_time\" content=\"2018-10-31T14:45:18+00:00\" \/>\n<meta property=\"article:modified_time\" content=\"2018-10-31T15:32:32+00:00\" \/>\n<meta property=\"og:image\" content=\"https:\/\/www.jazzzeitung.de\/cms\/wp-content\/uploads\/2018\/10\/0K3A0639-Wolfgang-Schmid-live-in-der-Unterfahrt-dombr-900x600.jpg\" \/>\n\t<meta property=\"og:image:width\" content=\"900\" \/>\n\t<meta property=\"og:image:height\" content=\"600\" \/>\n\t<meta property=\"og:image:type\" content=\"image\/jpeg\" \/>\n<meta name=\"author\" content=\"Redaktion JazzZeitung\" \/>\n<script type=\"application\/ld+json\" class=\"yoast-schema-graph\">{\"@context\":\"https:\\\/\\\/schema.org\",\"@graph\":[{\"@type\":\"Article\",\"@id\":\"https:\\\/\\\/www.jazzzeitung.de\\\/cms\\\/2018\\\/10\\\/zwei-gigs-zum-geburtstag-e-bassist-wolfgang-schmid-wird-70\\\/#article\",\"isPartOf\":{\"@id\":\"https:\\\/\\\/www.jazzzeitung.de\\\/cms\\\/2018\\\/10\\\/zwei-gigs-zum-geburtstag-e-bassist-wolfgang-schmid-wird-70\\\/\"},\"author\":{\"name\":\"Redaktion JazzZeitung\",\"@id\":\"https:\\\/\\\/www.jazzzeitung.de\\\/cms\\\/#\\\/schema\\\/person\\\/2245b36b9cd1d24cea10f01c031fb92b\"},\"headline\":\"Zwei Gigs zum Geburtstag: E-Bassist Wolfgang Schmid wird 70\",\"datePublished\":\"2018-10-31T14:45:18+00:00\",\"dateModified\":\"2018-10-31T15:32:32+00:00\",\"mainEntityOfPage\":{\"@id\":\"https:\\\/\\\/www.jazzzeitung.de\\\/cms\\\/2018\\\/10\\\/zwei-gigs-zum-geburtstag-e-bassist-wolfgang-schmid-wird-70\\\/\"},\"wordCount\":513,\"commentCount\":0,\"publisher\":{\"@id\":\"https:\\\/\\\/www.jazzzeitung.de\\\/cms\\\/#organization\"},\"image\":{\"@id\":\"https:\\\/\\\/www.jazzzeitung.de\\\/cms\\\/2018\\\/10\\\/zwei-gigs-zum-geburtstag-e-bassist-wolfgang-schmid-wird-70\\\/#primaryimage\"},\"thumbnailUrl\":\"https:\\\/\\\/i0.wp.com\\\/www.jazzzeitung.de\\\/cms\\\/wp-content\\\/uploads\\\/2018\\\/10\\\/0K3A0639-Wolfgang-Schmid-live-in-der-Unterfahrt-dombr.jpg?fit=5760%2C3840&ssl=1\",\"keywords\":[\"2018\",\"Bass\",\"Deutschland\",\"Fotos\",\"Geburtstag\",\"Gesang\",\"Jazz\",\"Jazzclubs\",\"Jazzmusiker\",\"Klaus Doldinger\",\"M\u00fcnchen\",\"Passport\",\"Ralf Dombrowski\",\"Rock\",\"Roman\",\"Schlagzeug\",\"Studenten\",\"Unterfahrt\"],\"articleSection\":[\"News\"],\"inLanguage\":\"de\",\"potentialAction\":[{\"@type\":\"CommentAction\",\"name\":\"Comment\",\"target\":[\"https:\\\/\\\/www.jazzzeitung.de\\\/cms\\\/2018\\\/10\\\/zwei-gigs-zum-geburtstag-e-bassist-wolfgang-schmid-wird-70\\\/#respond\"]}]},{\"@type\":\"WebPage\",\"@id\":\"https:\\\/\\\/www.jazzzeitung.de\\\/cms\\\/2018\\\/10\\\/zwei-gigs-zum-geburtstag-e-bassist-wolfgang-schmid-wird-70\\\/\",\"url\":\"https:\\\/\\\/www.jazzzeitung.de\\\/cms\\\/2018\\\/10\\\/zwei-gigs-zum-geburtstag-e-bassist-wolfgang-schmid-wird-70\\\/\",\"name\":\"Zwei Gigs zum Geburtstag: E-Bassist Wolfgang Schmid wird 70 - JazzZeitung\",\"isPartOf\":{\"@id\":\"https:\\\/\\\/www.jazzzeitung.de\\\/cms\\\/#website\"},\"primaryImageOfPage\":{\"@id\":\"https:\\\/\\\/www.jazzzeitung.de\\\/cms\\\/2018\\\/10\\\/zwei-gigs-zum-geburtstag-e-bassist-wolfgang-schmid-wird-70\\\/#primaryimage\"},\"image\":{\"@id\":\"https:\\\/\\\/www.jazzzeitung.de\\\/cms\\\/2018\\\/10\\\/zwei-gigs-zum-geburtstag-e-bassist-wolfgang-schmid-wird-70\\\/#primaryimage\"},\"thumbnailUrl\":\"https:\\\/\\\/i0.wp.com\\\/www.jazzzeitung.de\\\/cms\\\/wp-content\\\/uploads\\\/2018\\\/10\\\/0K3A0639-Wolfgang-Schmid-live-in-der-Unterfahrt-dombr.jpg?fit=5760%2C3840&ssl=1\",\"datePublished\":\"2018-10-31T14:45:18+00:00\",\"dateModified\":\"2018-10-31T15:32:32+00:00\",\"breadcrumb\":{\"@id\":\"https:\\\/\\\/www.jazzzeitung.de\\\/cms\\\/2018\\\/10\\\/zwei-gigs-zum-geburtstag-e-bassist-wolfgang-schmid-wird-70\\\/#breadcrumb\"},\"inLanguage\":\"de\",\"potentialAction\":[{\"@type\":\"ReadAction\",\"target\":[\"https:\\\/\\\/www.jazzzeitung.de\\\/cms\\\/2018\\\/10\\\/zwei-gigs-zum-geburtstag-e-bassist-wolfgang-schmid-wird-70\\\/\"]}]},{\"@type\":\"ImageObject\",\"inLanguage\":\"de\",\"@id\":\"https:\\\/\\\/www.jazzzeitung.de\\\/cms\\\/2018\\\/10\\\/zwei-gigs-zum-geburtstag-e-bassist-wolfgang-schmid-wird-70\\\/#primaryimage\",\"url\":\"https:\\\/\\\/i0.wp.com\\\/www.jazzzeitung.de\\\/cms\\\/wp-content\\\/uploads\\\/2018\\\/10\\\/0K3A0639-Wolfgang-Schmid-live-in-der-Unterfahrt-dombr.jpg?fit=5760%2C3840&ssl=1\",\"contentUrl\":\"https:\\\/\\\/i0.wp.com\\\/www.jazzzeitung.de\\\/cms\\\/wp-content\\\/uploads\\\/2018\\\/10\\\/0K3A0639-Wolfgang-Schmid-live-in-der-Unterfahrt-dombr.jpg?fit=5760%2C3840&ssl=1\",\"width\":5760,\"height\":3840,\"caption\":\"Wolfgang Schmid. Foto: Ralf Dombrowski\"},{\"@type\":\"BreadcrumbList\",\"@id\":\"https:\\\/\\\/www.jazzzeitung.de\\\/cms\\\/2018\\\/10\\\/zwei-gigs-zum-geburtstag-e-bassist-wolfgang-schmid-wird-70\\\/#breadcrumb\",\"itemListElement\":[{\"@type\":\"ListItem\",\"position\":1,\"name\":\"Startseite\",\"item\":\"https:\\\/\\\/www.jazzzeitung.de\\\/cms\\\/\"},{\"@type\":\"ListItem\",\"position\":2,\"name\":\"Zwei Gigs zum Geburtstag: E-Bassist Wolfgang Schmid wird 70\"}]},{\"@type\":\"WebSite\",\"@id\":\"https:\\\/\\\/www.jazzzeitung.de\\\/cms\\\/#website\",\"url\":\"https:\\\/\\\/www.jazzzeitung.de\\\/cms\\\/\",\"name\":\"JazzZeitung\",\"description\":\"Jazz-News und Jazz-Kontroverses\",\"publisher\":{\"@id\":\"https:\\\/\\\/www.jazzzeitung.de\\\/cms\\\/#organization\"},\"potentialAction\":[{\"@type\":\"SearchAction\",\"target\":{\"@type\":\"EntryPoint\",\"urlTemplate\":\"https:\\\/\\\/www.jazzzeitung.de\\\/cms\\\/?s={search_term_string}\"},\"query-input\":{\"@type\":\"PropertyValueSpecification\",\"valueRequired\":true,\"valueName\":\"search_term_string\"}}],\"inLanguage\":\"de\"},{\"@type\":\"Organization\",\"@id\":\"https:\\\/\\\/www.jazzzeitung.de\\\/cms\\\/#organization\",\"name\":\"JazzZeitung online\",\"url\":\"https:\\\/\\\/www.jazzzeitung.de\\\/cms\\\/\",\"logo\":{\"@type\":\"ImageObject\",\"inLanguage\":\"de\",\"@id\":\"https:\\\/\\\/www.jazzzeitung.de\\\/cms\\\/#\\\/schema\\\/logo\\\/image\\\/\",\"url\":\"https:\\\/\\\/i0.wp.com\\\/www.jazzzeitung.de\\\/cms\\\/wp-content\\\/uploads\\\/2015\\\/08\\\/JAZZZEITUNGDE_Logo_Neu.png?fit=499%2C200&ssl=1\",\"contentUrl\":\"https:\\\/\\\/i0.wp.com\\\/www.jazzzeitung.de\\\/cms\\\/wp-content\\\/uploads\\\/2015\\\/08\\\/JAZZZEITUNGDE_Logo_Neu.png?fit=499%2C200&ssl=1\",\"width\":499,\"height\":200,\"caption\":\"JazzZeitung online\"},\"image\":{\"@id\":\"https:\\\/\\\/www.jazzzeitung.de\\\/cms\\\/#\\\/schema\\\/logo\\\/image\\\/\"},\"sameAs\":[\"https:\\\/\\\/www.facebook.com\\\/JazzZeitung\\\/\"]},{\"@type\":\"Person\",\"@id\":\"https:\\\/\\\/www.jazzzeitung.de\\\/cms\\\/#\\\/schema\\\/person\\\/2245b36b9cd1d24cea10f01c031fb92b\",\"name\":\"Redaktion JazzZeitung\",\"image\":{\"@type\":\"ImageObject\",\"inLanguage\":\"de\",\"@id\":\"https:\\\/\\\/i0.wp.com\\\/www.jazzzeitung.de\\\/cms\\\/wp-content\\\/uploads\\\/2015\\\/08\\\/JAZZZEITUNGDE_Logo_Neu.png?resize=96%2C96&ssl=159975dcacb611b5700bd619b5daf0a7a\",\"url\":\"https:\\\/\\\/i0.wp.com\\\/www.jazzzeitung.de\\\/cms\\\/wp-content\\\/uploads\\\/2015\\\/08\\\/JAZZZEITUNGDE_Logo_Neu.png?resize=96%2C96&ssl=1\",\"contentUrl\":\"https:\\\/\\\/i0.wp.com\\\/www.jazzzeitung.de\\\/cms\\\/wp-content\\\/uploads\\\/2015\\\/08\\\/JAZZZEITUNGDE_Logo_Neu.png?resize=96%2C96&ssl=1\",\"caption\":\"Redaktion JazzZeitung\"},\"description\":\"Artikel der Redaktion der JazzZeitung.\",\"sameAs\":[\"http:\\\/\\\/www.jazzzeitung.de\\\/cms\\\/\"],\"url\":\"https:\\\/\\\/www.jazzzeitung.de\\\/cms\\\/author\\\/redaktion\\\/\"}]}<\/script>\n<!-- \/ Yoast SEO plugin. -->","yoast_head_json":{"title":"Zwei Gigs zum Geburtstag: E-Bassist Wolfgang Schmid wird 70 - JazzZeitung","robots":{"index":"index","follow":"follow","max-snippet":"max-snippet:-1","max-image-preview":"max-image-preview:large","max-video-preview":"max-video-preview:-1"},"canonical":"https:\/\/www.jazzzeitung.de\/cms\/2018\/10\/zwei-gigs-zum-geburtstag-e-bassist-wolfgang-schmid-wird-70\/","og_locale":"de_DE","og_type":"article","og_title":"Zwei Gigs zum Geburtstag: E-Bassist Wolfgang Schmid wird 70 - JazzZeitung","og_description":"Zu fortgeschrittener Stunde erz\u00e4hlt Wolfgang Schmid manchmal Geschichten aus seinem Musikerleben. Zum Beispiel die aus Australien, als er mit Passport, der damals bekanntesten deutschen Jazzband, unterwegs war und eines Abends eine junge Bluesband im Vorprogramm rockte. Der Gitarrist hatte eine Schuluniform an, kurze Hose, ein R\u00e4nzel auf dem R\u00fccken. Der Sound war schlicht, aber wirkungsvoll und sollte sp\u00e4ter so richtig ber\u00fchmt werden. Die Anekdote passt gut zu Schmid. Denn auch wenn er seit vielen Jahren als E-Bassist in Deutschland einer von denen ist, die den Ton angeben, \u00fcberl\u00e4sst er es trotzdem den anderen, ber\u00fchmt zu werden. Denn Schmid liebt es zu spielen, groovt wie kaum ein anderer im Land, hat Bands wie Wolfhound, Kick, Paradox oder The Hang und Projekte wie Superdrumming, Manaus oder Rap-Sody losgetreten, geleitet, gepr\u00e4gt. Aber es geht ihm eben nicht um die Oberfl\u00e4che der Au\u00dfenwirkung, sondern um den Kern der Emotion, die Musik im Innersten zusammenh\u00e4lt. Und so kommt es, dass man den geb\u00fcrtigen Stuttgarter seit Dekaden im Team der Schorndorfer Gitarrentage erleben kann, ebenfalls seit einem knappen Jahrzehnt als Dozent an der Hochschule f\u00fcr Musik und Bildende Kunst seiner Heimatstadt &hellip;","og_url":"https:\/\/www.jazzzeitung.de\/cms\/2018\/10\/zwei-gigs-zum-geburtstag-e-bassist-wolfgang-schmid-wird-70\/","og_site_name":"JazzZeitung","article_publisher":"https:\/\/www.facebook.com\/JazzZeitung\/","article_published_time":"2018-10-31T14:45:18+00:00","article_modified_time":"2018-10-31T15:32:32+00:00","og_image":[{"width":900,"height":600,"url":"https:\/\/www.jazzzeitung.de\/cms\/wp-content\/uploads\/2018\/10\/0K3A0639-Wolfgang-Schmid-live-in-der-Unterfahrt-dombr-900x600.jpg","type":"image\/jpeg"}],"author":"Redaktion JazzZeitung","schema":{"@context":"https:\/\/schema.org","@graph":[{"@type":"Article","@id":"https:\/\/www.jazzzeitung.de\/cms\/2018\/10\/zwei-gigs-zum-geburtstag-e-bassist-wolfgang-schmid-wird-70\/#article","isPartOf":{"@id":"https:\/\/www.jazzzeitung.de\/cms\/2018\/10\/zwei-gigs-zum-geburtstag-e-bassist-wolfgang-schmid-wird-70\/"},"author":{"name":"Redaktion JazzZeitung","@id":"https:\/\/www.jazzzeitung.de\/cms\/#\/schema\/person\/2245b36b9cd1d24cea10f01c031fb92b"},"headline":"Zwei Gigs zum Geburtstag: E-Bassist Wolfgang Schmid wird 70","datePublished":"2018-10-31T14:45:18+00:00","dateModified":"2018-10-31T15:32:32+00:00","mainEntityOfPage":{"@id":"https:\/\/www.jazzzeitung.de\/cms\/2018\/10\/zwei-gigs-zum-geburtstag-e-bassist-wolfgang-schmid-wird-70\/"},"wordCount":513,"commentCount":0,"publisher":{"@id":"https:\/\/www.jazzzeitung.de\/cms\/#organization"},"image":{"@id":"https:\/\/www.jazzzeitung.de\/cms\/2018\/10\/zwei-gigs-zum-geburtstag-e-bassist-wolfgang-schmid-wird-70\/#primaryimage"},"thumbnailUrl":"https:\/\/i0.wp.com\/www.jazzzeitung.de\/cms\/wp-content\/uploads\/2018\/10\/0K3A0639-Wolfgang-Schmid-live-in-der-Unterfahrt-dombr.jpg?fit=5760%2C3840&ssl=1","keywords":["2018","Bass","Deutschland","Fotos","Geburtstag","Gesang","Jazz","Jazzclubs","Jazzmusiker","Klaus Doldinger","M\u00fcnchen","Passport","Ralf Dombrowski","Rock","Roman","Schlagzeug","Studenten","Unterfahrt"],"articleSection":["News"],"inLanguage":"de","potentialAction":[{"@type":"CommentAction","name":"Comment","target":["https:\/\/www.jazzzeitung.de\/cms\/2018\/10\/zwei-gigs-zum-geburtstag-e-bassist-wolfgang-schmid-wird-70\/#respond"]}]},{"@type":"WebPage","@id":"https:\/\/www.jazzzeitung.de\/cms\/2018\/10\/zwei-gigs-zum-geburtstag-e-bassist-wolfgang-schmid-wird-70\/","url":"https:\/\/www.jazzzeitung.de\/cms\/2018\/10\/zwei-gigs-zum-geburtstag-e-bassist-wolfgang-schmid-wird-70\/","name":"Zwei Gigs zum Geburtstag: E-Bassist Wolfgang Schmid wird 70 - JazzZeitung","isPartOf":{"@id":"https:\/\/www.jazzzeitung.de\/cms\/#website"},"primaryImageOfPage":{"@id":"https:\/\/www.jazzzeitung.de\/cms\/2018\/10\/zwei-gigs-zum-geburtstag-e-bassist-wolfgang-schmid-wird-70\/#primaryimage"},"image":{"@id":"https:\/\/www.jazzzeitung.de\/cms\/2018\/10\/zwei-gigs-zum-geburtstag-e-bassist-wolfgang-schmid-wird-70\/#primaryimage"},"thumbnailUrl":"https:\/\/i0.wp.com\/www.jazzzeitung.de\/cms\/wp-content\/uploads\/2018\/10\/0K3A0639-Wolfgang-Schmid-live-in-der-Unterfahrt-dombr.jpg?fit=5760%2C3840&ssl=1","datePublished":"2018-10-31T14:45:18+00:00","dateModified":"2018-10-31T15:32:32+00:00","breadcrumb":{"@id":"https:\/\/www.jazzzeitung.de\/cms\/2018\/10\/zwei-gigs-zum-geburtstag-e-bassist-wolfgang-schmid-wird-70\/#breadcrumb"},"inLanguage":"de","potentialAction":[{"@type":"ReadAction","target":["https:\/\/www.jazzzeitung.de\/cms\/2018\/10\/zwei-gigs-zum-geburtstag-e-bassist-wolfgang-schmid-wird-70\/"]}]},{"@type":"ImageObject","inLanguage":"de","@id":"https:\/\/www.jazzzeitung.de\/cms\/2018\/10\/zwei-gigs-zum-geburtstag-e-bassist-wolfgang-schmid-wird-70\/#primaryimage","url":"https:\/\/i0.wp.com\/www.jazzzeitung.de\/cms\/wp-content\/uploads\/2018\/10\/0K3A0639-Wolfgang-Schmid-live-in-der-Unterfahrt-dombr.jpg?fit=5760%2C3840&ssl=1","contentUrl":"https:\/\/i0.wp.com\/www.jazzzeitung.de\/cms\/wp-content\/uploads\/2018\/10\/0K3A0639-Wolfgang-Schmid-live-in-der-Unterfahrt-dombr.jpg?fit=5760%2C3840&ssl=1","width":5760,"height":3840,"caption":"Wolfgang Schmid. Foto: Ralf Dombrowski"},{"@type":"BreadcrumbList","@id":"https:\/\/www.jazzzeitung.de\/cms\/2018\/10\/zwei-gigs-zum-geburtstag-e-bassist-wolfgang-schmid-wird-70\/#breadcrumb","itemListElement":[{"@type":"ListItem","position":1,"name":"Startseite","item":"https:\/\/www.jazzzeitung.de\/cms\/"},{"@type":"ListItem","position":2,"name":"Zwei Gigs zum Geburtstag: E-Bassist Wolfgang Schmid wird 70"}]},{"@type":"WebSite","@id":"https:\/\/www.jazzzeitung.de\/cms\/#website","url":"https:\/\/www.jazzzeitung.de\/cms\/","name":"JazzZeitung","description":"Jazz-News und Jazz-Kontroverses","publisher":{"@id":"https:\/\/www.jazzzeitung.de\/cms\/#organization"},"potentialAction":[{"@type":"SearchAction","target":{"@type":"EntryPoint","urlTemplate":"https:\/\/www.jazzzeitung.de\/cms\/?s={search_term_string}"},"query-input":{"@type":"PropertyValueSpecification","valueRequired":true,"valueName":"search_term_string"}}],"inLanguage":"de"},{"@type":"Organization","@id":"https:\/\/www.jazzzeitung.de\/cms\/#organization","name":"JazzZeitung online","url":"https:\/\/www.jazzzeitung.de\/cms\/","logo":{"@type":"ImageObject","inLanguage":"de","@id":"https:\/\/www.jazzzeitung.de\/cms\/#\/schema\/logo\/image\/","url":"https:\/\/i0.wp.com\/www.jazzzeitung.de\/cms\/wp-content\/uploads\/2015\/08\/JAZZZEITUNGDE_Logo_Neu.png?fit=499%2C200&ssl=1","contentUrl":"https:\/\/i0.wp.com\/www.jazzzeitung.de\/cms\/wp-content\/uploads\/2015\/08\/JAZZZEITUNGDE_Logo_Neu.png?fit=499%2C200&ssl=1","width":499,"height":200,"caption":"JazzZeitung online"},"image":{"@id":"https:\/\/www.jazzzeitung.de\/cms\/#\/schema\/logo\/image\/"},"sameAs":["https:\/\/www.facebook.com\/JazzZeitung\/"]},{"@type":"Person","@id":"https:\/\/www.jazzzeitung.de\/cms\/#\/schema\/person\/2245b36b9cd1d24cea10f01c031fb92b","name":"Redaktion JazzZeitung","image":{"@type":"ImageObject","inLanguage":"de","@id":"https:\/\/i0.wp.com\/www.jazzzeitung.de\/cms\/wp-content\/uploads\/2015\/08\/JAZZZEITUNGDE_Logo_Neu.png?resize=96%2C96&ssl=159975dcacb611b5700bd619b5daf0a7a","url":"https:\/\/i0.wp.com\/www.jazzzeitung.de\/cms\/wp-content\/uploads\/2015\/08\/JAZZZEITUNGDE_Logo_Neu.png?resize=96%2C96&ssl=1","contentUrl":"https:\/\/i0.wp.com\/www.jazzzeitung.de\/cms\/wp-content\/uploads\/2015\/08\/JAZZZEITUNGDE_Logo_Neu.png?resize=96%2C96&ssl=1","caption":"Redaktion JazzZeitung"},"description":"Artikel der Redaktion der JazzZeitung.","sameAs":["http:\/\/www.jazzzeitung.de\/cms\/"],"url":"https:\/\/www.jazzzeitung.de\/cms\/author\/redaktion\/"}]}},"wp-worthy-pixel":{"ignored":false,"public":null,"server":null,"url":null},"wp-worthy-type":"normal","jetpack_publicize_connections":[],"cc_featured_image_caption":{"caption_text":"","source_text":"","source_url":""},"jetpack_featured_media_url":"https:\/\/i0.wp.com\/www.jazzzeitung.de\/cms\/wp-content\/uploads\/2018\/10\/0K3A0639-Wolfgang-Schmid-live-in-der-Unterfahrt-dombr.jpg?fit=5760%2C3840&ssl=1","jetpack_shortlink":"https:\/\/wp.me\/p3KEcT-4Al","jetpack-related-posts":[{"id":30301,"url":"https:\/\/www.jazzzeitung.de\/cms\/2023\/11\/den-bass-an-die-rampe-geholt\/","url_meta":{"origin":17629,"position":0},"title":"Den Bass an die Rampe geholt","author":"Redaktion JazzZeitung","date":"17. November 2023","format":false,"excerpt":"E-Bassist, Bandleader und Professor Wolfgang Schmid feierte seinen 75. Geburtstag mit Freunden in der M\u00fcnchener Unterfahrt Michael St\u00fcckl, Vorstand des Jazzclub Unterfahrt, hatte sich auf Wunsch des Jubilars eigens in Schale geworfen. Schlie\u00dflich machte ihn dieser als 15-J\u00e4hrigen erst zum Jazz-Freund und dann -Veranstalter. Und so begr\u00fc\u00dfte er Wolfgang Schmid,\u2026","rel":"","context":"In &quot;Galerie&quot;","block_context":{"text":"Galerie","link":"https:\/\/www.jazzzeitung.de\/cms\/thema\/galerie\/"},"img":{"alt_text":"","src":"https:\/\/i0.wp.com\/www.jazzzeitung.de\/cms\/wp-content\/uploads\/2023\/11\/BALTESLuis-MANZJakob-SCHMIDWolfgang%C2%A9Godehard.Lutz%40bayern-mail.de_IMGP4703A-scaled.jpg?fit=1200%2C795&ssl=1&resize=350%2C200","width":350,"height":200,"srcset":"https:\/\/i0.wp.com\/www.jazzzeitung.de\/cms\/wp-content\/uploads\/2023\/11\/BALTESLuis-MANZJakob-SCHMIDWolfgang%C2%A9Godehard.Lutz%40bayern-mail.de_IMGP4703A-scaled.jpg?fit=1200%2C795&ssl=1&resize=350%2C200 1x, https:\/\/i0.wp.com\/www.jazzzeitung.de\/cms\/wp-content\/uploads\/2023\/11\/BALTESLuis-MANZJakob-SCHMIDWolfgang%C2%A9Godehard.Lutz%40bayern-mail.de_IMGP4703A-scaled.jpg?fit=1200%2C795&ssl=1&resize=525%2C300 1.5x, https:\/\/i0.wp.com\/www.jazzzeitung.de\/cms\/wp-content\/uploads\/2023\/11\/BALTESLuis-MANZJakob-SCHMIDWolfgang%C2%A9Godehard.Lutz%40bayern-mail.de_IMGP4703A-scaled.jpg?fit=1200%2C795&ssl=1&resize=700%2C400 2x, https:\/\/i0.wp.com\/www.jazzzeitung.de\/cms\/wp-content\/uploads\/2023\/11\/BALTESLuis-MANZJakob-SCHMIDWolfgang%C2%A9Godehard.Lutz%40bayern-mail.de_IMGP4703A-scaled.jpg?fit=1200%2C795&ssl=1&resize=1050%2C600 3x"},"classes":[]},{"id":30676,"url":"https:\/\/www.jazzzeitung.de\/cms\/2024\/03\/nach-rio-fuer-aerobic-album-curt-cress-in-regensburg\/","url_meta":{"origin":17629,"position":1},"title":"Nach Rio f\u00fcr Aerobic-Album: Curt Cress in Regensburg","author":"Redaktion JazzZeitung","date":"5. M\u00e4rz 2024","format":false,"excerpt":"\u201eHandmade\", handgemacht, wird heute als zweifelhaftes und zudem unscharfes Qualit\u00e4tsmerkmal in der Popmusik benutzt, um Musik zu beschreiben, bei der auf Elektronik und Computer verzichtet wird. Abgesehen davon, dass der Verzicht auch auf Unkenntnis oder Abwehr gegen\u00fcber neuen Entwicklungen beruhen kann, erfolgt auch die Erzeugung elektronischer Tonspuren und Kl\u00e4nge selten\u2026","rel":"","context":"In &quot;Bericht&quot;","block_context":{"text":"Bericht","link":"https:\/\/www.jazzzeitung.de\/cms\/thema\/bericht\/"},"img":{"alt_text":"","src":"https:\/\/i0.wp.com\/www.jazzzeitung.de\/cms\/wp-content\/uploads\/2024\/02\/cress-curt_89.jpg?fit=1200%2C800&ssl=1&resize=350%2C200","width":350,"height":200,"srcset":"https:\/\/i0.wp.com\/www.jazzzeitung.de\/cms\/wp-content\/uploads\/2024\/02\/cress-curt_89.jpg?fit=1200%2C800&ssl=1&resize=350%2C200 1x, https:\/\/i0.wp.com\/www.jazzzeitung.de\/cms\/wp-content\/uploads\/2024\/02\/cress-curt_89.jpg?fit=1200%2C800&ssl=1&resize=525%2C300 1.5x, https:\/\/i0.wp.com\/www.jazzzeitung.de\/cms\/wp-content\/uploads\/2024\/02\/cress-curt_89.jpg?fit=1200%2C800&ssl=1&resize=700%2C400 2x, https:\/\/i0.wp.com\/www.jazzzeitung.de\/cms\/wp-content\/uploads\/2024\/02\/cress-curt_89.jpg?fit=1200%2C800&ssl=1&resize=1050%2C600 3x"},"classes":[]},{"id":27949,"url":"https:\/\/www.jazzzeitung.de\/cms\/2022\/07\/das-out-of-the-box-festival-im-werksviertel-muenchen-geht-weiter\/","url_meta":{"origin":17629,"position":2},"title":"Das Out Of The Box Festival im Werksviertel M\u00fcnchen geht weiter","author":"Redaktion JazzZeitung","date":"29. Juli 2022","format":false,"excerpt":"Der syn\u00e4sthetische agierende Pianist Ralf Schmid war mit einem Kompositionsauftrag \"Human Touch\" zum Out Of The Box Festival\u00a0 ins Werk7 des M\u00fcnchener Werksviertel geladen. Er sei eigentlich der Hausmeister, meint Asle Karlstad, und wei\u00df nat\u00fcrlich, dass er untertreibt: Allein f\u00fcr die schnurlosen Mikrophone des O\/Modernt Kammerorchesters m\u00fcssen 21 Kan\u00e4le koordiniert\u2026","rel":"","context":"In &quot;Bericht&quot;","block_context":{"text":"Bericht","link":"https:\/\/www.jazzzeitung.de\/cms\/thema\/bericht\/"},"img":{"alt_text":"","src":"https:\/\/i0.wp.com\/www.jazzzeitung.de\/cms\/wp-content\/uploads\/2022\/07\/DSC09159.jpg?fit=1200%2C800&ssl=1&resize=350%2C200","width":350,"height":200,"srcset":"https:\/\/i0.wp.com\/www.jazzzeitung.de\/cms\/wp-content\/uploads\/2022\/07\/DSC09159.jpg?fit=1200%2C800&ssl=1&resize=350%2C200 1x, https:\/\/i0.wp.com\/www.jazzzeitung.de\/cms\/wp-content\/uploads\/2022\/07\/DSC09159.jpg?fit=1200%2C800&ssl=1&resize=525%2C300 1.5x, https:\/\/i0.wp.com\/www.jazzzeitung.de\/cms\/wp-content\/uploads\/2022\/07\/DSC09159.jpg?fit=1200%2C800&ssl=1&resize=700%2C400 2x, https:\/\/i0.wp.com\/www.jazzzeitung.de\/cms\/wp-content\/uploads\/2022\/07\/DSC09159.jpg?fit=1200%2C800&ssl=1&resize=1050%2C600 3x"},"classes":[]},{"id":16661,"url":"https:\/\/www.jazzzeitung.de\/cms\/2018\/07\/16661\/","url_meta":{"origin":17629,"position":3},"title":"Wo der Bass die erste Geige spielt","author":"Redaktion JazzZeitung","date":"17. Juli 2018","format":false,"excerpt":"Anfang Juli war er wieder einmal in M\u00fcnchen, um auf der B\u00fchne des Night Clubs im Hotel Bayerischer Hof seinen kammermusikalischen Weltmeisterjazz zu pr\u00e4sentieren: Bassist Ron Carter im Trio mit Gitarrist Russell Malone und Pianist Donald Vega. Ein Schlagzeug h\u00e4tte bei dieser fein gemachten Musik nur gest\u00f6rt. Seit fast sieben\u2026","rel":"","context":"In &quot;Galerie&quot;","block_context":{"text":"Galerie","link":"https:\/\/www.jazzzeitung.de\/cms\/thema\/galerie\/"},"img":{"alt_text":"","src":"https:\/\/i0.wp.com\/www.jazzzeitung.de\/cms\/wp-content\/uploads\/2018\/07\/0K3A4309-Ron-Carter-Russell-Malone-c-Ralf-Dombrowski.jpg?fit=1200%2C794&ssl=1&resize=350%2C200","width":350,"height":200,"srcset":"https:\/\/i0.wp.com\/www.jazzzeitung.de\/cms\/wp-content\/uploads\/2018\/07\/0K3A4309-Ron-Carter-Russell-Malone-c-Ralf-Dombrowski.jpg?fit=1200%2C794&ssl=1&resize=350%2C200 1x, https:\/\/i0.wp.com\/www.jazzzeitung.de\/cms\/wp-content\/uploads\/2018\/07\/0K3A4309-Ron-Carter-Russell-Malone-c-Ralf-Dombrowski.jpg?fit=1200%2C794&ssl=1&resize=525%2C300 1.5x, https:\/\/i0.wp.com\/www.jazzzeitung.de\/cms\/wp-content\/uploads\/2018\/07\/0K3A4309-Ron-Carter-Russell-Malone-c-Ralf-Dombrowski.jpg?fit=1200%2C794&ssl=1&resize=700%2C400 2x, https:\/\/i0.wp.com\/www.jazzzeitung.de\/cms\/wp-content\/uploads\/2018\/07\/0K3A4309-Ron-Carter-Russell-Malone-c-Ralf-Dombrowski.jpg?fit=1200%2C794&ssl=1&resize=1050%2C600 3x"},"classes":[]},{"id":30227,"url":"https:\/\/www.jazzzeitung.de\/cms\/2023\/11\/bemerkenswert-4-wheel-drive-in-der-isarphilharmonie\/","url_meta":{"origin":17629,"position":4},"title":"Bemerkenswert: 4 Wheel Drive in der Isarphilharmonie","author":"Redaktion JazzZeitung","date":"4. November 2023","format":false,"excerpt":"Das Konzert am 1. November 2023 war in mehrfacher Hinsicht bemerkenswert. Zum Ersten war die Isarphilharmonie nahezu ausverkauft. Nur mit suchendem Blick in hintere Reihen konnte man noch ein paar leere Pl\u00e4tze entdecken. Die Erz\u00e4hlung, Jazz abseits der internationalen Superstars sei nicht mehrheitsf\u00e4hig, wurde daher zumindest mit diesem Abend nonchalant\u2026","rel":"","context":"In &quot;Bericht&quot;","block_context":{"text":"Bericht","link":"https:\/\/www.jazzzeitung.de\/cms\/thema\/bericht\/"},"img":{"alt_text":"","src":"https:\/\/i0.wp.com\/www.jazzzeitung.de\/cms\/wp-content\/uploads\/2023\/11\/DSC02547-scaled.jpg?fit=1200%2C800&ssl=1&resize=350%2C200","width":350,"height":200,"srcset":"https:\/\/i0.wp.com\/www.jazzzeitung.de\/cms\/wp-content\/uploads\/2023\/11\/DSC02547-scaled.jpg?fit=1200%2C800&ssl=1&resize=350%2C200 1x, https:\/\/i0.wp.com\/www.jazzzeitung.de\/cms\/wp-content\/uploads\/2023\/11\/DSC02547-scaled.jpg?fit=1200%2C800&ssl=1&resize=525%2C300 1.5x, https:\/\/i0.wp.com\/www.jazzzeitung.de\/cms\/wp-content\/uploads\/2023\/11\/DSC02547-scaled.jpg?fit=1200%2C800&ssl=1&resize=700%2C400 2x, https:\/\/i0.wp.com\/www.jazzzeitung.de\/cms\/wp-content\/uploads\/2023\/11\/DSC02547-scaled.jpg?fit=1200%2C800&ssl=1&resize=1050%2C600 3x"},"classes":[]},{"id":6118,"url":"https:\/\/www.jazzzeitung.de\/cms\/2015\/05\/john-scofield-und-pablo-held-im-neuburger-birdland\/","url_meta":{"origin":17629,"position":5},"title":"John Scofield und Pablo Held im Neuburger Birdland","author":"Redaktion JazzZeitung","date":"11. Mai 2015","format":"gallery","excerpt":"Am vergangenen Freitag stattete Gitarren-Star John Scofield zum f\u00fcnften Mal dem Neuburger Jazzclub \"Birdland\" seinen Besuch ab. Ralf Dombrowski war mit seiner Kamera f\u00fcr uns\u00a0 dabei. \u201eSco\u201c hat nie einen Hehl daraus gemacht, dass er den Keller unter der Hofapotheke f\u00fcr eine der sch\u00f6nsten Locations dieser Art weltweit h\u00e4lt. Nun\u2026","rel":"","context":"In &quot;Galerie&quot;","block_context":{"text":"Galerie","link":"https:\/\/www.jazzzeitung.de\/cms\/thema\/galerie\/"},"img":{"alt_text":"","src":"https:\/\/i0.wp.com\/www.jazzzeitung.de\/cms\/wp-content\/uploads\/2015\/05\/0K3A4683-Sco-dombr.jpg?resize=350%2C200","width":350,"height":200,"srcset":"https:\/\/i0.wp.com\/www.jazzzeitung.de\/cms\/wp-content\/uploads\/2015\/05\/0K3A4683-Sco-dombr.jpg?resize=350%2C200 1x, https:\/\/i0.wp.com\/www.jazzzeitung.de\/cms\/wp-content\/uploads\/2015\/05\/0K3A4683-Sco-dombr.jpg?resize=525%2C300 1.5x, https:\/\/i0.wp.com\/www.jazzzeitung.de\/cms\/wp-content\/uploads\/2015\/05\/0K3A4683-Sco-dombr.jpg?resize=700%2C400 2x, https:\/\/i0.wp.com\/www.jazzzeitung.de\/cms\/wp-content\/uploads\/2015\/05\/0K3A4683-Sco-dombr.jpg?resize=1050%2C600 3x"},"classes":[]}],"jetpack_sharing_enabled":true,"_links":{"self":[{"href":"https:\/\/www.jazzzeitung.de\/cms\/wp-json\/wp\/v2\/posts\/17629","targetHints":{"allow":["GET"]}}],"collection":[{"href":"https:\/\/www.jazzzeitung.de\/cms\/wp-json\/wp\/v2\/posts"}],"about":[{"href":"https:\/\/www.jazzzeitung.de\/cms\/wp-json\/wp\/v2\/types\/post"}],"author":[{"embeddable":true,"href":"https:\/\/www.jazzzeitung.de\/cms\/wp-json\/wp\/v2\/users\/18"}],"replies":[{"embeddable":true,"href":"https:\/\/www.jazzzeitung.de\/cms\/wp-json\/wp\/v2\/comments?post=17629"}],"version-history":[{"count":13,"href":"https:\/\/www.jazzzeitung.de\/cms\/wp-json\/wp\/v2\/posts\/17629\/revisions"}],"predecessor-version":[{"id":17652,"href":"https:\/\/www.jazzzeitung.de\/cms\/wp-json\/wp\/v2\/posts\/17629\/revisions\/17652"}],"wp:featuredmedia":[{"embeddable":true,"href":"https:\/\/www.jazzzeitung.de\/cms\/wp-json\/wp\/v2\/media\/17630"}],"wp:attachment":[{"href":"https:\/\/www.jazzzeitung.de\/cms\/wp-json\/wp\/v2\/media?parent=17629"}],"wp:term":[{"taxonomy":"category","embeddable":true,"href":"https:\/\/www.jazzzeitung.de\/cms\/wp-json\/wp\/v2\/categories?post=17629"},{"taxonomy":"post_tag","embeddable":true,"href":"https:\/\/www.jazzzeitung.de\/cms\/wp-json\/wp\/v2\/tags?post=17629"},{"taxonomy":"author","embeddable":true,"href":"https:\/\/www.jazzzeitung.de\/cms\/wp-json\/wp\/v2\/coauthors?post=17629"}],"curies":[{"name":"wp","href":"https:\/\/api.w.org\/{rel}","templated":true}]}}