{"id":17526,"date":"2018-11-02T12:12:46","date_gmt":"2018-11-02T11:12:46","guid":{"rendered":"https:\/\/www.jazzzeitung.de\/cms\/?p=17526"},"modified":"2018-10-22T16:44:37","modified_gmt":"2018-10-22T14:44:37","slug":"kenny-werner-the-space","status":"publish","type":"post","link":"https:\/\/www.jazzzeitung.de\/cms\/2018\/11\/kenny-werner-the-space\/","title":{"rendered":"Kenny Werner &#8211; &#8222;The Space&#8220;"},"content":{"rendered":"<p>Was f\u00fcr eine Freude! Endlich erscheint das lang erwartete Piano-Solo-Album von Kenny Werner \u201eThe Space\u201c. Der Titel der Aufnahme ist Programm und l\u00e4sst beim H\u00f6ren der CD Raum f\u00fcr Klang und Assoziationen. Aufgenommen wurde sie im Mai 2016 im Oberhachinger Kyberg Studio \u2013 da kommt dann doch gleich wieder Wehmut auf angesichts der Tatsache, dass das dort beheimatete Label Pirouet produktionstechnisch seit 2016 \u201eeine Pause macht\u201c.<\/p>\n<figure id=\"attachment_17529\" aria-describedby=\"caption-attachment-17529\" style=\"width: 300px\" class=\"wp-caption alignleft\"><a href=\"https:\/\/i0.wp.com\/www.jazzzeitung.de\/cms\/wp-content\/uploads\/2018\/10\/P1750312-Kenny-Werner-Kyberg-Studios-Foto-TJ-Krebs-jazzphotoagency%40web.de_.jpg?ssl=1\"><img data-recalc-dims=\"1\" loading=\"lazy\" decoding=\"async\" data-attachment-id=\"17529\" data-permalink=\"https:\/\/www.jazzzeitung.de\/cms\/2018\/11\/kenny-werner-the-space\/p1750312-kenny-werner-kyberg-studios-foto-tj-krebs-jazzphotoagencyweb-de\/\" data-orig-file=\"https:\/\/i0.wp.com\/www.jazzzeitung.de\/cms\/wp-content\/uploads\/2018\/10\/P1750312-Kenny-Werner-Kyberg-Studios-Foto-TJ-Krebs-jazzphotoagency%40web.de_.jpg?fit=1800%2C1200&amp;ssl=1\" data-orig-size=\"1800,1200\" data-comments-opened=\"1\" data-image-meta=\"{&quot;aperture&quot;:&quot;0&quot;,&quot;credit&quot;:&quot;&quot;,&quot;camera&quot;:&quot;&quot;,&quot;caption&quot;:&quot;&quot;,&quot;created_timestamp&quot;:&quot;0&quot;,&quot;copyright&quot;:&quot;&quot;,&quot;focal_length&quot;:&quot;0&quot;,&quot;iso&quot;:&quot;0&quot;,&quot;shutter_speed&quot;:&quot;0&quot;,&quot;title&quot;:&quot;&quot;,&quot;orientation&quot;:&quot;0&quot;}\" data-image-title=\"\" data-image-description=\"\" data-image-caption=\"&lt;p&gt;Kenny Werner in den Kyberg Sudios. Foto: Thomas J. Krebs&lt;\/p&gt;\n\" data-large-file=\"https:\/\/i0.wp.com\/www.jazzzeitung.de\/cms\/wp-content\/uploads\/2018\/10\/P1750312-Kenny-Werner-Kyberg-Studios-Foto-TJ-Krebs-jazzphotoagency%40web.de_.jpg?fit=840%2C560&amp;ssl=1\" class=\"size-medium wp-image-17529\" src=\"https:\/\/i0.wp.com\/www.jazzzeitung.de\/cms\/wp-content\/uploads\/2018\/10\/P1750312-Kenny-Werner-Kyberg-Studios-Foto-TJ-Krebs-jazzphotoagency%40web.de_.jpg?resize=300%2C200&#038;ssl=1\" alt=\"\" width=\"300\" height=\"200\" srcset=\"https:\/\/i0.wp.com\/www.jazzzeitung.de\/cms\/wp-content\/uploads\/2018\/10\/P1750312-Kenny-Werner-Kyberg-Studios-Foto-TJ-Krebs-jazzphotoagency%40web.de_.jpg?resize=300%2C200&amp;ssl=1 300w, https:\/\/i0.wp.com\/www.jazzzeitung.de\/cms\/wp-content\/uploads\/2018\/10\/P1750312-Kenny-Werner-Kyberg-Studios-Foto-TJ-Krebs-jazzphotoagency%40web.de_.jpg?resize=768%2C512&amp;ssl=1 768w, https:\/\/i0.wp.com\/www.jazzzeitung.de\/cms\/wp-content\/uploads\/2018\/10\/P1750312-Kenny-Werner-Kyberg-Studios-Foto-TJ-Krebs-jazzphotoagency%40web.de_.jpg?resize=900%2C600&amp;ssl=1 900w, https:\/\/i0.wp.com\/www.jazzzeitung.de\/cms\/wp-content\/uploads\/2018\/10\/P1750312-Kenny-Werner-Kyberg-Studios-Foto-TJ-Krebs-jazzphotoagency%40web.de_.jpg?resize=600%2C400&amp;ssl=1 600w, https:\/\/i0.wp.com\/www.jazzzeitung.de\/cms\/wp-content\/uploads\/2018\/10\/P1750312-Kenny-Werner-Kyberg-Studios-Foto-TJ-Krebs-jazzphotoagency%40web.de_.jpg?resize=120%2C80&amp;ssl=1 120w, https:\/\/i0.wp.com\/www.jazzzeitung.de\/cms\/wp-content\/uploads\/2018\/10\/P1750312-Kenny-Werner-Kyberg-Studios-Foto-TJ-Krebs-jazzphotoagency%40web.de_.jpg?w=1800&amp;ssl=1 1800w, https:\/\/i0.wp.com\/www.jazzzeitung.de\/cms\/wp-content\/uploads\/2018\/10\/P1750312-Kenny-Werner-Kyberg-Studios-Foto-TJ-Krebs-jazzphotoagency%40web.de_.jpg?w=1680&amp;ssl=1 1680w\" sizes=\"auto, (max-width: 300px) 100vw, 300px\" \/><\/a><figcaption id=\"caption-attachment-17529\" class=\"wp-caption-text\">Kenny Werner in den Kyberg Sudios. Foto: Thomas J. Krebs<\/figcaption><\/figure>\n<p>Aber zur\u00fcck zu Kenny Werners neuen Soloaufnahme. Entschlossen wie mutig ist die Auswahl der St\u00fccke, die Kenny Werner auf seiner CD \u201eThe Space\u201c versammelt hat. Der Eigenkomposition \u201eThe Space\u201c gleich zu Beginn der CD, einer r\u00e4tselhaften, klanglich abwechslungsreichen wie spannenden Art Suite, die den H\u00f6rer in den \u201eWernerschen\u201c Klangkosmos entf\u00fchrt, folgt Keith Jarretts \u201eEncore from Tokyo\u201c in einer Adaption von Kenny Werner, interessant wie faszinierend gespielt. Danach pr\u00e4sentiert der Pianist eine harmonisch assoziative Eigenkomposition: \u201eFifth Movement\u201c. Nach dem einzigartigen \u201eYou must believe in spring\u201c von Michel Legrand sind mit \u201eTaro\u201c &amp; &#8222;Kiyoko\u201c zwei Kompositionen von Jason Seizer zu h\u00f6ren, gefolgt von einer herrlich inspirierten Version des Standards \u201eIf I should lose you\u201c. Das Album schlie\u00dft mit Werners bewegender Ballade \u201eFall from grace\u201c und l\u00e4sst den H\u00f6rer schlie\u00dflich vollkommen begl\u00fcckt wie entr\u00fcckt zur\u00fcck.<\/p>\n<p>Wiederum eine fantastische Aufnahme aus dem Hause Pirouet. Wie immer klanglich auf h\u00f6chstem Niveau und sauber abgemischt \u2013 da sind wir gleich wieder beim Thema: Aktuell erscheinen auf diesem gro\u00dfartigen Label leider nur noch Produktionen, die bereits eingespielt und produziert wurden. Was f\u00fcr ein Jammer!<\/p>\n<p>Bleibt zu hoffen, dass es in naher Zukunft eine Wiederbelebung von Pirouet mit neuen wunderbaren Einspielungen gibt.<\/p>\n<p><em>Kenny Werner: The Space (Pirouet PIT3106), V\u00d6: 02.11.2018<br \/>\n<\/em><\/p>\n<p>Text &amp; Foto: Thomas J. Krebs<\/p>\n","protected":false},"excerpt":{"rendered":"<p>Was f\u00fcr eine Freude! Endlich erscheint das lang erwartete Piano-Solo-Album von Kenny Werner \u201eThe Space\u201c. Der Titel der Aufnahme ist Programm und l\u00e4sst beim H\u00f6ren der CD Raum f\u00fcr Klang und Assoziationen. Aufgenommen wurde sie im Mai 2016 im Oberhachinger Kyberg Studio \u2013 da kommt dann doch gleich wieder Wehmut auf angesichts der Tatsache, dass das dort beheimatete Label Pirouet produktionstechnisch seit 2016 \u201eeine Pause macht\u201c. Aber zur\u00fcck zu Kenny Werners neuen Soloaufnahme. Entschlossen wie mutig ist die Auswahl der St\u00fccke, die Kenny Werner auf seiner CD \u201eThe Space\u201c versammelt hat. Der Eigenkomposition \u201eThe Space\u201c gleich zu Beginn der CD, einer r\u00e4tselhaften, klanglich abwechslungsreichen wie spannenden Art Suite, die den H\u00f6rer in den \u201eWernerschen\u201c Klangkosmos entf\u00fchrt, folgt Keith Jarretts \u201eEncore from Tokyo\u201c in einer Adaption von Kenny Werner, interessant wie faszinierend gespielt. Danach pr\u00e4sentiert der Pianist eine harmonisch assoziative Eigenkomposition: \u201eFifth Movement\u201c. Nach dem einzigartigen \u201eYou must believe in spring\u201c von Michel Legrand sind mit \u201eTaro\u201c &amp; &#8222;Kiyoko\u201c zwei Kompositionen von Jason Seizer zu h\u00f6ren, gefolgt von einer herrlich inspirierten Version des Standards \u201eIf I should lose you\u201c. Das Album schlie\u00dft mit Werners bewegender Ballade &hellip;<\/p>\n","protected":false},"author":18,"featured_media":17530,"comment_status":"open","ping_status":"closed","sticky":false,"template":"","format":"standard","meta":{"_jetpack_memberships_contains_paid_content":false,"footnotes":"","jetpack_publicize_message":"","jetpack_publicize_feature_enabled":true,"jetpack_social_post_already_shared":false,"jetpack_social_options":{"image_generator_settings":{"template":"highway","default_image_id":0,"font":"","enabled":false},"version":2}},"categories":[1549,1152],"tags":[1959,34,109,1418,339,442,1877,1260],"coauthors":[695],"class_list":["post-17526","post","type-post","status-publish","format-standard","has-post-thumbnail","hentry","category-abgehoert","category-rezension","tag-1959","tag-album","tag-cd","tag-krebs","tag-label","tag-piano","tag-piano-solo","tag-thomas-j-krebs"],"yoast_head":"<!-- This site is optimized with the Yoast SEO plugin v27.5 - https:\/\/yoast.com\/product\/yoast-seo-wordpress\/ -->\n<title>Kenny Werner - &quot;The Space&quot; - JazzZeitung<\/title>\n<meta name=\"robots\" content=\"index, follow, max-snippet:-1, max-image-preview:large, max-video-preview:-1\" \/>\n<link rel=\"canonical\" href=\"https:\/\/www.jazzzeitung.de\/cms\/2018\/11\/kenny-werner-the-space\/\" \/>\n<meta property=\"og:locale\" content=\"de_DE\" \/>\n<meta property=\"og:type\" content=\"article\" \/>\n<meta property=\"og:title\" content=\"Kenny Werner - &quot;The Space&quot; - JazzZeitung\" \/>\n<meta property=\"og:description\" content=\"Was f\u00fcr eine Freude! Endlich erscheint das lang erwartete Piano-Solo-Album von Kenny Werner \u201eThe Space\u201c. Der Titel der Aufnahme ist Programm und l\u00e4sst beim H\u00f6ren der CD Raum f\u00fcr Klang und Assoziationen. Aufgenommen wurde sie im Mai 2016 im Oberhachinger Kyberg Studio \u2013 da kommt dann doch gleich wieder Wehmut auf angesichts der Tatsache, dass das dort beheimatete Label Pirouet produktionstechnisch seit 2016 \u201eeine Pause macht\u201c. Aber zur\u00fcck zu Kenny Werners neuen Soloaufnahme. Entschlossen wie mutig ist die Auswahl der St\u00fccke, die Kenny Werner auf seiner CD \u201eThe Space\u201c versammelt hat. Der Eigenkomposition \u201eThe Space\u201c gleich zu Beginn der CD, einer r\u00e4tselhaften, klanglich abwechslungsreichen wie spannenden Art Suite, die den H\u00f6rer in den \u201eWernerschen\u201c Klangkosmos entf\u00fchrt, folgt Keith Jarretts \u201eEncore from Tokyo\u201c in einer Adaption von Kenny Werner, interessant wie faszinierend gespielt. Danach pr\u00e4sentiert der Pianist eine harmonisch assoziative Eigenkomposition: \u201eFifth Movement\u201c. Nach dem einzigartigen \u201eYou must believe in spring\u201c von Michel Legrand sind mit \u201eTaro\u201c &amp; &#8222;Kiyoko\u201c zwei Kompositionen von Jason Seizer zu h\u00f6ren, gefolgt von einer herrlich inspirierten Version des Standards \u201eIf I should lose you\u201c. Das Album schlie\u00dft mit Werners bewegender Ballade &hellip;\" \/>\n<meta property=\"og:url\" content=\"https:\/\/www.jazzzeitung.de\/cms\/2018\/11\/kenny-werner-the-space\/\" \/>\n<meta property=\"og:site_name\" content=\"JazzZeitung\" \/>\n<meta property=\"article:publisher\" content=\"https:\/\/www.facebook.com\/JazzZeitung\/\" \/>\n<meta property=\"article:published_time\" content=\"2018-11-02T11:12:46+00:00\" \/>\n<meta property=\"og:image\" content=\"https:\/\/i0.wp.com\/www.jazzzeitung.de\/cms\/wp-content\/uploads\/2018\/10\/Werner-The-Space-Cover-e1540219459133.jpg?fit=2850%2C2175&ssl=1\" \/>\n\t<meta property=\"og:image:width\" content=\"2850\" \/>\n\t<meta property=\"og:image:height\" content=\"2175\" \/>\n\t<meta property=\"og:image:type\" content=\"image\/jpeg\" \/>\n<meta name=\"author\" content=\"Redaktion JazzZeitung\" \/>\n<script type=\"application\/ld+json\" class=\"yoast-schema-graph\">{\"@context\":\"https:\\\/\\\/schema.org\",\"@graph\":[{\"@type\":\"Article\",\"@id\":\"https:\\\/\\\/www.jazzzeitung.de\\\/cms\\\/2018\\\/11\\\/kenny-werner-the-space\\\/#article\",\"isPartOf\":{\"@id\":\"https:\\\/\\\/www.jazzzeitung.de\\\/cms\\\/2018\\\/11\\\/kenny-werner-the-space\\\/\"},\"author\":{\"name\":\"Redaktion JazzZeitung\",\"@id\":\"https:\\\/\\\/www.jazzzeitung.de\\\/cms\\\/#\\\/schema\\\/person\\\/2245b36b9cd1d24cea10f01c031fb92b\"},\"headline\":\"Kenny Werner &#8211; &#8222;The Space&#8220;\",\"datePublished\":\"2018-11-02T11:12:46+00:00\",\"mainEntityOfPage\":{\"@id\":\"https:\\\/\\\/www.jazzzeitung.de\\\/cms\\\/2018\\\/11\\\/kenny-werner-the-space\\\/\"},\"wordCount\":312,\"commentCount\":0,\"publisher\":{\"@id\":\"https:\\\/\\\/www.jazzzeitung.de\\\/cms\\\/#organization\"},\"image\":{\"@id\":\"https:\\\/\\\/www.jazzzeitung.de\\\/cms\\\/2018\\\/11\\\/kenny-werner-the-space\\\/#primaryimage\"},\"thumbnailUrl\":\"https:\\\/\\\/i0.wp.com\\\/www.jazzzeitung.de\\\/cms\\\/wp-content\\\/uploads\\\/2018\\\/10\\\/Werner-The-Space-Cover-e1540219459133.jpg?fit=2850%2C2175&ssl=1\",\"keywords\":[\"2018\",\"Album\",\"CD\",\"krebs\",\"Label\",\"Piano\",\"Piano solo\",\"Thomas J. Krebs\"],\"articleSection\":[\"Abgeh\u00f6rt\",\"Rezension\"],\"inLanguage\":\"de\",\"potentialAction\":[{\"@type\":\"CommentAction\",\"name\":\"Comment\",\"target\":[\"https:\\\/\\\/www.jazzzeitung.de\\\/cms\\\/2018\\\/11\\\/kenny-werner-the-space\\\/#respond\"]}]},{\"@type\":\"WebPage\",\"@id\":\"https:\\\/\\\/www.jazzzeitung.de\\\/cms\\\/2018\\\/11\\\/kenny-werner-the-space\\\/\",\"url\":\"https:\\\/\\\/www.jazzzeitung.de\\\/cms\\\/2018\\\/11\\\/kenny-werner-the-space\\\/\",\"name\":\"Kenny Werner - \\\"The Space\\\" - JazzZeitung\",\"isPartOf\":{\"@id\":\"https:\\\/\\\/www.jazzzeitung.de\\\/cms\\\/#website\"},\"primaryImageOfPage\":{\"@id\":\"https:\\\/\\\/www.jazzzeitung.de\\\/cms\\\/2018\\\/11\\\/kenny-werner-the-space\\\/#primaryimage\"},\"image\":{\"@id\":\"https:\\\/\\\/www.jazzzeitung.de\\\/cms\\\/2018\\\/11\\\/kenny-werner-the-space\\\/#primaryimage\"},\"thumbnailUrl\":\"https:\\\/\\\/i0.wp.com\\\/www.jazzzeitung.de\\\/cms\\\/wp-content\\\/uploads\\\/2018\\\/10\\\/Werner-The-Space-Cover-e1540219459133.jpg?fit=2850%2C2175&ssl=1\",\"datePublished\":\"2018-11-02T11:12:46+00:00\",\"breadcrumb\":{\"@id\":\"https:\\\/\\\/www.jazzzeitung.de\\\/cms\\\/2018\\\/11\\\/kenny-werner-the-space\\\/#breadcrumb\"},\"inLanguage\":\"de\",\"potentialAction\":[{\"@type\":\"ReadAction\",\"target\":[\"https:\\\/\\\/www.jazzzeitung.de\\\/cms\\\/2018\\\/11\\\/kenny-werner-the-space\\\/\"]}]},{\"@type\":\"ImageObject\",\"inLanguage\":\"de\",\"@id\":\"https:\\\/\\\/www.jazzzeitung.de\\\/cms\\\/2018\\\/11\\\/kenny-werner-the-space\\\/#primaryimage\",\"url\":\"https:\\\/\\\/i0.wp.com\\\/www.jazzzeitung.de\\\/cms\\\/wp-content\\\/uploads\\\/2018\\\/10\\\/Werner-The-Space-Cover-e1540219459133.jpg?fit=2850%2C2175&ssl=1\",\"contentUrl\":\"https:\\\/\\\/i0.wp.com\\\/www.jazzzeitung.de\\\/cms\\\/wp-content\\\/uploads\\\/2018\\\/10\\\/Werner-The-Space-Cover-e1540219459133.jpg?fit=2850%2C2175&ssl=1\",\"width\":2850,\"height\":2175},{\"@type\":\"BreadcrumbList\",\"@id\":\"https:\\\/\\\/www.jazzzeitung.de\\\/cms\\\/2018\\\/11\\\/kenny-werner-the-space\\\/#breadcrumb\",\"itemListElement\":[{\"@type\":\"ListItem\",\"position\":1,\"name\":\"Startseite\",\"item\":\"https:\\\/\\\/www.jazzzeitung.de\\\/cms\\\/\"},{\"@type\":\"ListItem\",\"position\":2,\"name\":\"Kenny Werner &#8211; &#8222;The Space&#8220;\"}]},{\"@type\":\"WebSite\",\"@id\":\"https:\\\/\\\/www.jazzzeitung.de\\\/cms\\\/#website\",\"url\":\"https:\\\/\\\/www.jazzzeitung.de\\\/cms\\\/\",\"name\":\"JazzZeitung\",\"description\":\"Jazz-News und Jazz-Kontroverses\",\"publisher\":{\"@id\":\"https:\\\/\\\/www.jazzzeitung.de\\\/cms\\\/#organization\"},\"potentialAction\":[{\"@type\":\"SearchAction\",\"target\":{\"@type\":\"EntryPoint\",\"urlTemplate\":\"https:\\\/\\\/www.jazzzeitung.de\\\/cms\\\/?s={search_term_string}\"},\"query-input\":{\"@type\":\"PropertyValueSpecification\",\"valueRequired\":true,\"valueName\":\"search_term_string\"}}],\"inLanguage\":\"de\"},{\"@type\":\"Organization\",\"@id\":\"https:\\\/\\\/www.jazzzeitung.de\\\/cms\\\/#organization\",\"name\":\"JazzZeitung online\",\"url\":\"https:\\\/\\\/www.jazzzeitung.de\\\/cms\\\/\",\"logo\":{\"@type\":\"ImageObject\",\"inLanguage\":\"de\",\"@id\":\"https:\\\/\\\/www.jazzzeitung.de\\\/cms\\\/#\\\/schema\\\/logo\\\/image\\\/\",\"url\":\"https:\\\/\\\/i0.wp.com\\\/www.jazzzeitung.de\\\/cms\\\/wp-content\\\/uploads\\\/2015\\\/08\\\/JAZZZEITUNGDE_Logo_Neu.png?fit=499%2C200&ssl=1\",\"contentUrl\":\"https:\\\/\\\/i0.wp.com\\\/www.jazzzeitung.de\\\/cms\\\/wp-content\\\/uploads\\\/2015\\\/08\\\/JAZZZEITUNGDE_Logo_Neu.png?fit=499%2C200&ssl=1\",\"width\":499,\"height\":200,\"caption\":\"JazzZeitung online\"},\"image\":{\"@id\":\"https:\\\/\\\/www.jazzzeitung.de\\\/cms\\\/#\\\/schema\\\/logo\\\/image\\\/\"},\"sameAs\":[\"https:\\\/\\\/www.facebook.com\\\/JazzZeitung\\\/\"]},{\"@type\":\"Person\",\"@id\":\"https:\\\/\\\/www.jazzzeitung.de\\\/cms\\\/#\\\/schema\\\/person\\\/2245b36b9cd1d24cea10f01c031fb92b\",\"name\":\"Redaktion JazzZeitung\",\"image\":{\"@type\":\"ImageObject\",\"inLanguage\":\"de\",\"@id\":\"https:\\\/\\\/i0.wp.com\\\/www.jazzzeitung.de\\\/cms\\\/wp-content\\\/uploads\\\/2015\\\/08\\\/JAZZZEITUNGDE_Logo_Neu.png?resize=96%2C96&ssl=159975dcacb611b5700bd619b5daf0a7a\",\"url\":\"https:\\\/\\\/i0.wp.com\\\/www.jazzzeitung.de\\\/cms\\\/wp-content\\\/uploads\\\/2015\\\/08\\\/JAZZZEITUNGDE_Logo_Neu.png?resize=96%2C96&ssl=1\",\"contentUrl\":\"https:\\\/\\\/i0.wp.com\\\/www.jazzzeitung.de\\\/cms\\\/wp-content\\\/uploads\\\/2015\\\/08\\\/JAZZZEITUNGDE_Logo_Neu.png?resize=96%2C96&ssl=1\",\"caption\":\"Redaktion JazzZeitung\"},\"description\":\"Artikel der Redaktion der JazzZeitung.\",\"sameAs\":[\"http:\\\/\\\/www.jazzzeitung.de\\\/cms\\\/\"],\"url\":\"https:\\\/\\\/www.jazzzeitung.de\\\/cms\\\/author\\\/redaktion\\\/\"}]}<\/script>\n<!-- \/ Yoast SEO plugin. -->","yoast_head_json":{"title":"Kenny Werner - \"The Space\" - JazzZeitung","robots":{"index":"index","follow":"follow","max-snippet":"max-snippet:-1","max-image-preview":"max-image-preview:large","max-video-preview":"max-video-preview:-1"},"canonical":"https:\/\/www.jazzzeitung.de\/cms\/2018\/11\/kenny-werner-the-space\/","og_locale":"de_DE","og_type":"article","og_title":"Kenny Werner - \"The Space\" - JazzZeitung","og_description":"Was f\u00fcr eine Freude! Endlich erscheint das lang erwartete Piano-Solo-Album von Kenny Werner \u201eThe Space\u201c. Der Titel der Aufnahme ist Programm und l\u00e4sst beim H\u00f6ren der CD Raum f\u00fcr Klang und Assoziationen. Aufgenommen wurde sie im Mai 2016 im Oberhachinger Kyberg Studio \u2013 da kommt dann doch gleich wieder Wehmut auf angesichts der Tatsache, dass das dort beheimatete Label Pirouet produktionstechnisch seit 2016 \u201eeine Pause macht\u201c. Aber zur\u00fcck zu Kenny Werners neuen Soloaufnahme. Entschlossen wie mutig ist die Auswahl der St\u00fccke, die Kenny Werner auf seiner CD \u201eThe Space\u201c versammelt hat. Der Eigenkomposition \u201eThe Space\u201c gleich zu Beginn der CD, einer r\u00e4tselhaften, klanglich abwechslungsreichen wie spannenden Art Suite, die den H\u00f6rer in den \u201eWernerschen\u201c Klangkosmos entf\u00fchrt, folgt Keith Jarretts \u201eEncore from Tokyo\u201c in einer Adaption von Kenny Werner, interessant wie faszinierend gespielt. Danach pr\u00e4sentiert der Pianist eine harmonisch assoziative Eigenkomposition: \u201eFifth Movement\u201c. Nach dem einzigartigen \u201eYou must believe in spring\u201c von Michel Legrand sind mit \u201eTaro\u201c &amp; &#8222;Kiyoko\u201c zwei Kompositionen von Jason Seizer zu h\u00f6ren, gefolgt von einer herrlich inspirierten Version des Standards \u201eIf I should lose you\u201c. Das Album schlie\u00dft mit Werners bewegender Ballade &hellip;","og_url":"https:\/\/www.jazzzeitung.de\/cms\/2018\/11\/kenny-werner-the-space\/","og_site_name":"JazzZeitung","article_publisher":"https:\/\/www.facebook.com\/JazzZeitung\/","article_published_time":"2018-11-02T11:12:46+00:00","og_image":[{"width":2850,"height":2175,"url":"https:\/\/i0.wp.com\/www.jazzzeitung.de\/cms\/wp-content\/uploads\/2018\/10\/Werner-The-Space-Cover-e1540219459133.jpg?fit=2850%2C2175&ssl=1","type":"image\/jpeg"}],"author":"Redaktion JazzZeitung","schema":{"@context":"https:\/\/schema.org","@graph":[{"@type":"Article","@id":"https:\/\/www.jazzzeitung.de\/cms\/2018\/11\/kenny-werner-the-space\/#article","isPartOf":{"@id":"https:\/\/www.jazzzeitung.de\/cms\/2018\/11\/kenny-werner-the-space\/"},"author":{"name":"Redaktion JazzZeitung","@id":"https:\/\/www.jazzzeitung.de\/cms\/#\/schema\/person\/2245b36b9cd1d24cea10f01c031fb92b"},"headline":"Kenny Werner &#8211; &#8222;The Space&#8220;","datePublished":"2018-11-02T11:12:46+00:00","mainEntityOfPage":{"@id":"https:\/\/www.jazzzeitung.de\/cms\/2018\/11\/kenny-werner-the-space\/"},"wordCount":312,"commentCount":0,"publisher":{"@id":"https:\/\/www.jazzzeitung.de\/cms\/#organization"},"image":{"@id":"https:\/\/www.jazzzeitung.de\/cms\/2018\/11\/kenny-werner-the-space\/#primaryimage"},"thumbnailUrl":"https:\/\/i0.wp.com\/www.jazzzeitung.de\/cms\/wp-content\/uploads\/2018\/10\/Werner-The-Space-Cover-e1540219459133.jpg?fit=2850%2C2175&ssl=1","keywords":["2018","Album","CD","krebs","Label","Piano","Piano solo","Thomas J. Krebs"],"articleSection":["Abgeh\u00f6rt","Rezension"],"inLanguage":"de","potentialAction":[{"@type":"CommentAction","name":"Comment","target":["https:\/\/www.jazzzeitung.de\/cms\/2018\/11\/kenny-werner-the-space\/#respond"]}]},{"@type":"WebPage","@id":"https:\/\/www.jazzzeitung.de\/cms\/2018\/11\/kenny-werner-the-space\/","url":"https:\/\/www.jazzzeitung.de\/cms\/2018\/11\/kenny-werner-the-space\/","name":"Kenny Werner - \"The Space\" - JazzZeitung","isPartOf":{"@id":"https:\/\/www.jazzzeitung.de\/cms\/#website"},"primaryImageOfPage":{"@id":"https:\/\/www.jazzzeitung.de\/cms\/2018\/11\/kenny-werner-the-space\/#primaryimage"},"image":{"@id":"https:\/\/www.jazzzeitung.de\/cms\/2018\/11\/kenny-werner-the-space\/#primaryimage"},"thumbnailUrl":"https:\/\/i0.wp.com\/www.jazzzeitung.de\/cms\/wp-content\/uploads\/2018\/10\/Werner-The-Space-Cover-e1540219459133.jpg?fit=2850%2C2175&ssl=1","datePublished":"2018-11-02T11:12:46+00:00","breadcrumb":{"@id":"https:\/\/www.jazzzeitung.de\/cms\/2018\/11\/kenny-werner-the-space\/#breadcrumb"},"inLanguage":"de","potentialAction":[{"@type":"ReadAction","target":["https:\/\/www.jazzzeitung.de\/cms\/2018\/11\/kenny-werner-the-space\/"]}]},{"@type":"ImageObject","inLanguage":"de","@id":"https:\/\/www.jazzzeitung.de\/cms\/2018\/11\/kenny-werner-the-space\/#primaryimage","url":"https:\/\/i0.wp.com\/www.jazzzeitung.de\/cms\/wp-content\/uploads\/2018\/10\/Werner-The-Space-Cover-e1540219459133.jpg?fit=2850%2C2175&ssl=1","contentUrl":"https:\/\/i0.wp.com\/www.jazzzeitung.de\/cms\/wp-content\/uploads\/2018\/10\/Werner-The-Space-Cover-e1540219459133.jpg?fit=2850%2C2175&ssl=1","width":2850,"height":2175},{"@type":"BreadcrumbList","@id":"https:\/\/www.jazzzeitung.de\/cms\/2018\/11\/kenny-werner-the-space\/#breadcrumb","itemListElement":[{"@type":"ListItem","position":1,"name":"Startseite","item":"https:\/\/www.jazzzeitung.de\/cms\/"},{"@type":"ListItem","position":2,"name":"Kenny Werner &#8211; &#8222;The Space&#8220;"}]},{"@type":"WebSite","@id":"https:\/\/www.jazzzeitung.de\/cms\/#website","url":"https:\/\/www.jazzzeitung.de\/cms\/","name":"JazzZeitung","description":"Jazz-News und Jazz-Kontroverses","publisher":{"@id":"https:\/\/www.jazzzeitung.de\/cms\/#organization"},"potentialAction":[{"@type":"SearchAction","target":{"@type":"EntryPoint","urlTemplate":"https:\/\/www.jazzzeitung.de\/cms\/?s={search_term_string}"},"query-input":{"@type":"PropertyValueSpecification","valueRequired":true,"valueName":"search_term_string"}}],"inLanguage":"de"},{"@type":"Organization","@id":"https:\/\/www.jazzzeitung.de\/cms\/#organization","name":"JazzZeitung online","url":"https:\/\/www.jazzzeitung.de\/cms\/","logo":{"@type":"ImageObject","inLanguage":"de","@id":"https:\/\/www.jazzzeitung.de\/cms\/#\/schema\/logo\/image\/","url":"https:\/\/i0.wp.com\/www.jazzzeitung.de\/cms\/wp-content\/uploads\/2015\/08\/JAZZZEITUNGDE_Logo_Neu.png?fit=499%2C200&ssl=1","contentUrl":"https:\/\/i0.wp.com\/www.jazzzeitung.de\/cms\/wp-content\/uploads\/2015\/08\/JAZZZEITUNGDE_Logo_Neu.png?fit=499%2C200&ssl=1","width":499,"height":200,"caption":"JazzZeitung online"},"image":{"@id":"https:\/\/www.jazzzeitung.de\/cms\/#\/schema\/logo\/image\/"},"sameAs":["https:\/\/www.facebook.com\/JazzZeitung\/"]},{"@type":"Person","@id":"https:\/\/www.jazzzeitung.de\/cms\/#\/schema\/person\/2245b36b9cd1d24cea10f01c031fb92b","name":"Redaktion JazzZeitung","image":{"@type":"ImageObject","inLanguage":"de","@id":"https:\/\/i0.wp.com\/www.jazzzeitung.de\/cms\/wp-content\/uploads\/2015\/08\/JAZZZEITUNGDE_Logo_Neu.png?resize=96%2C96&ssl=159975dcacb611b5700bd619b5daf0a7a","url":"https:\/\/i0.wp.com\/www.jazzzeitung.de\/cms\/wp-content\/uploads\/2015\/08\/JAZZZEITUNGDE_Logo_Neu.png?resize=96%2C96&ssl=1","contentUrl":"https:\/\/i0.wp.com\/www.jazzzeitung.de\/cms\/wp-content\/uploads\/2015\/08\/JAZZZEITUNGDE_Logo_Neu.png?resize=96%2C96&ssl=1","caption":"Redaktion JazzZeitung"},"description":"Artikel der Redaktion der JazzZeitung.","sameAs":["http:\/\/www.jazzzeitung.de\/cms\/"],"url":"https:\/\/www.jazzzeitung.de\/cms\/author\/redaktion\/"}]}},"wp-worthy-pixel":{"ignored":false,"public":null,"server":null,"url":null},"wp-worthy-type":"normal","jetpack_publicize_connections":[],"cc_featured_image_caption":{"caption_text":"","source_text":"","source_url":""},"jetpack_featured_media_url":"https:\/\/i0.wp.com\/www.jazzzeitung.de\/cms\/wp-content\/uploads\/2018\/10\/Werner-The-Space-Cover-e1540219459133.jpg?fit=2850%2C2175&ssl=1","jetpack_shortlink":"https:\/\/wp.me\/p3KEcT-4yG","jetpack-related-posts":[{"id":7361,"url":"https:\/\/www.jazzzeitung.de\/cms\/2015\/10\/der-saxophist-kenny-garrett-ottobrunn-konzert-workshop\/","url_meta":{"origin":17526,"position":0},"title":"Der Saxophist Kenny Garrett in Ottobrunn \u2013 Konzert &#038; Workshop","author":"Redaktion JazzZeitung","date":"16. Oktober 2015","format":false,"excerpt":"Das Kenny Garrett Quintett am 30.10.2015 im Konzertsaal des Wolf-Ferrari-Haus - ungew\u00f6hnliche Musikprojekte haben in Ottobrunn seit Jahren Tradition. Veranstalter und Masterminds der erfolgreichen und in der Regel ausverkauften Konzertreihe Ottobrunner-Konzerte sind die beiden Musiker Johannes Tonio Kreusch und Cornelius Claudio Kreusch. Selbst seit Jahrzehnten in der internationalen Musikszene verhaftet\u2026","rel":"","context":"In &quot;News&quot;","block_context":{"text":"News","link":"https:\/\/www.jazzzeitung.de\/cms\/thema\/nachrichten\/"},"img":{"alt_text":"Kenny Garrett. Thomas J. Krebs","src":"https:\/\/i0.wp.com\/www.jazzzeitung.de\/cms\/wp-content\/uploads\/2015\/10\/P1060948-Garrett-TJ-Krebs-Jazzphotoagency-150x150.jpg?resize=350%2C200","width":350,"height":200},"classes":[]},{"id":19215,"url":"https:\/\/www.jazzzeitung.de\/cms\/2019\/04\/elliot-galvin-neues-album-modern-times\/","url_meta":{"origin":17526,"position":1},"title":"Elliot Galvin: Neues Album \u201eModern Times\u201c","author":"Thomas J. Krebs","date":"19. April 2019","format":false,"excerpt":"Elliot Galvins neues Trio Album \u201eModern Times\u201c, erschienen auf Edition Records, ist auf mehrere Weise eine ganz besondere Aufnahme und stellt schon allein mit dem Titel die Produktion auf den Kopf. \u201eModern Times\u201c bietet musikalisch absolut moderne, fesselnde Musik. Aber wie sie zustande gekommen ist und unter welchen Umst\u00e4nden sie\u2026","rel":"","context":"In &quot;Rezension&quot;","block_context":{"text":"Rezension","link":"https:\/\/www.jazzzeitung.de\/cms\/thema\/rezension\/"},"img":{"alt_text":"","src":"https:\/\/i0.wp.com\/www.jazzzeitung.de\/cms\/wp-content\/uploads\/2019\/04\/Galvin-Elliot-Foto-TJ-Krebs.jpg?fit=1200%2C800&ssl=1&resize=350%2C200","width":350,"height":200,"srcset":"https:\/\/i0.wp.com\/www.jazzzeitung.de\/cms\/wp-content\/uploads\/2019\/04\/Galvin-Elliot-Foto-TJ-Krebs.jpg?fit=1200%2C800&ssl=1&resize=350%2C200 1x, https:\/\/i0.wp.com\/www.jazzzeitung.de\/cms\/wp-content\/uploads\/2019\/04\/Galvin-Elliot-Foto-TJ-Krebs.jpg?fit=1200%2C800&ssl=1&resize=525%2C300 1.5x, https:\/\/i0.wp.com\/www.jazzzeitung.de\/cms\/wp-content\/uploads\/2019\/04\/Galvin-Elliot-Foto-TJ-Krebs.jpg?fit=1200%2C800&ssl=1&resize=700%2C400 2x, https:\/\/i0.wp.com\/www.jazzzeitung.de\/cms\/wp-content\/uploads\/2019\/04\/Galvin-Elliot-Foto-TJ-Krebs.jpg?fit=1200%2C800&ssl=1&resize=1050%2C600 3x"},"classes":[]},{"id":7814,"url":"https:\/\/www.jazzzeitung.de\/cms\/2015\/11\/frederik-koester-sebastian-sternal-mit-neuer-cd-canada\/","url_meta":{"origin":17526,"position":2},"title":"Frederik K\u00f6ster &#038; Sebastian Sternal mit neuer CD: Canada","author":"Redaktion JazzZeitung","date":"28. November 2015","format":false,"excerpt":"Frederik K\u00f6ster und Sebastian Sternal geh\u00f6ren zu den gesetzten Vertretern der jungen deutschen Jazzszene, sind gemeinsame Weggef\u00e4hrten und spielen, in verschiedenen Besetzungen, mittlerweile seit gut 10 Jahren zusammen. Auf Einladung von Professor Thilo Schaller, ein Bekannter K\u00f6sters an der University of Lethbridge \/Calgary, ergab sich f\u00fcr die beiden Musiker die\u2026","rel":"","context":"In &quot;Rezension&quot;","block_context":{"text":"Rezension","link":"https:\/\/www.jazzzeitung.de\/cms\/thema\/rezension\/"},"img":{"alt_text":"Cover Sternal K\u00f6ster","src":"https:\/\/i0.wp.com\/www.jazzzeitung.de\/cms\/wp-content\/uploads\/2015\/11\/Cover-Sternal-K%C3%B6ster-150x150.jpg?resize=350%2C200","width":350,"height":200},"classes":[]},{"id":5275,"url":"https:\/\/www.jazzzeitung.de\/cms\/2015\/01\/chris-gall-piano-solo-der-muenchner-unterfahrt\/","url_meta":{"origin":17526,"position":3},"title":"Chris Gall: Piano Solo in der M\u00fcnchner Unterfahrt","author":"Redaktion JazzZeitung","date":"22. Januar 2015","format":false,"excerpt":"Von Thomas J. Krebs - Der 1975 in Bad Aibling geborene Pianist Chris Gall, der \u00fcbrigens vor 15 Jahren zum ersten Mal im M\u00fcnchner Jazzclub Unterfahrt spielte, pr\u00e4sentierte dort am 20.01.2015 vor komplett ausverkauftem Haus seine aktuelle auf dem Label GLM erschiene CD \u201ePiano Solo\u201c. Bereits beim ersten St\u00fcck sprang\u2026","rel":"","context":"In &quot;Bericht&quot;","block_context":{"text":"Bericht","link":"https:\/\/www.jazzzeitung.de\/cms\/thema\/bericht\/"},"img":{"alt_text":"Chris Gall pr\u00e4sentierte in der M\u00fcnchner Unterfahrt sein neues Album Foto: Thomas J. Krebs","src":"https:\/\/i0.wp.com\/www.jazzzeitung.de\/cms\/wp-content\/uploads\/2015\/01\/Chris-gall_mini-150x150.jpg?resize=350%2C200","width":350,"height":200},"classes":[]},{"id":19307,"url":"https:\/\/www.jazzzeitung.de\/cms\/2019\/04\/news-100-konzert-der-jazzit-reihe-in-germering-night-club-im-mai-new-york-im-bayerischen-hof\/","url_meta":{"origin":17526,"position":4},"title":"+++ news +++ 100. Konzert der JazzIt! Reihe in Germering +++ Night Club im Mai: New York im Bayerischen Hof +++","author":"Redaktion JazzZeitung","date":"27. April 2019","format":false,"excerpt":"Am 6. Juni 2019 feiert die Konzertreihe \u201eJazzIt!\u201c in Germering ihr 100. Konzert mit dem israelischen Pianisten Omer Klein. Neben Modern Jazz l\u00e4sst er auch Elemente aus der traditionellen Musik seiner Heimat in seine Musik einflie\u00dfen. \u201eJazzIt!\u201c wurde 2007 von der Stadthalle Germering ins Leben gerufen. In sieben Konzerten pro\u2026","rel":"","context":"In &quot;News&quot;","block_context":{"text":"News","link":"https:\/\/www.jazzzeitung.de\/cms\/thema\/nachrichten\/"},"img":{"alt_text":"","src":"https:\/\/i0.wp.com\/www.jazzzeitung.de\/cms\/wp-content\/uploads\/2019\/04\/P1325226-sw-Cornelius-Claudio-Kreusch-Foto-TJ-Krebs-jazzphotoagency%40web.de_.jpg?fit=1200%2C800&ssl=1&resize=350%2C200","width":350,"height":200,"srcset":"https:\/\/i0.wp.com\/www.jazzzeitung.de\/cms\/wp-content\/uploads\/2019\/04\/P1325226-sw-Cornelius-Claudio-Kreusch-Foto-TJ-Krebs-jazzphotoagency%40web.de_.jpg?fit=1200%2C800&ssl=1&resize=350%2C200 1x, https:\/\/i0.wp.com\/www.jazzzeitung.de\/cms\/wp-content\/uploads\/2019\/04\/P1325226-sw-Cornelius-Claudio-Kreusch-Foto-TJ-Krebs-jazzphotoagency%40web.de_.jpg?fit=1200%2C800&ssl=1&resize=525%2C300 1.5x, https:\/\/i0.wp.com\/www.jazzzeitung.de\/cms\/wp-content\/uploads\/2019\/04\/P1325226-sw-Cornelius-Claudio-Kreusch-Foto-TJ-Krebs-jazzphotoagency%40web.de_.jpg?fit=1200%2C800&ssl=1&resize=700%2C400 2x, https:\/\/i0.wp.com\/www.jazzzeitung.de\/cms\/wp-content\/uploads\/2019\/04\/P1325226-sw-Cornelius-Claudio-Kreusch-Foto-TJ-Krebs-jazzphotoagency%40web.de_.jpg?fit=1200%2C800&ssl=1&resize=1050%2C600 3x"},"classes":[]},{"id":24559,"url":"https:\/\/www.jazzzeitung.de\/cms\/2021\/03\/nik-baertschs-solo-album-entendre\/","url_meta":{"origin":17526,"position":5},"title":"Nik B\u00e4rtschs Solo-Album Entendre","author":"Thomas J. Krebs","date":"19. M\u00e4rz 2021","format":false,"excerpt":"Den Komponisten und Pianisten Nik B\u00e4rtsch verortet man spontan mit den Ensembles Ronin oder Mobile. Auf seiner neuen Aufnahme beschreitet er, zumindest beim Label ECM, dem er seit gut f\u00fcnfzehn Jahre verbunden ist, neue Pfade. Mit \u201eEntendre\u201c erscheint dort ein Piano-Soloalbum, das B\u00e4rtsch im ihm klanglich wohl vertrauten Auditorio Stelio\u2026","rel":"","context":"In &quot;News&quot;","block_context":{"text":"News","link":"https:\/\/www.jazzzeitung.de\/cms\/thema\/nachrichten\/"},"img":{"alt_text":"","src":"https:\/\/i0.wp.com\/www.jazzzeitung.de\/cms\/wp-content\/uploads\/2021\/03\/P1064764-p-Baertsch-Foto-TJ-Krebs.jpg?fit=1200%2C800&ssl=1&resize=350%2C200","width":350,"height":200,"srcset":"https:\/\/i0.wp.com\/www.jazzzeitung.de\/cms\/wp-content\/uploads\/2021\/03\/P1064764-p-Baertsch-Foto-TJ-Krebs.jpg?fit=1200%2C800&ssl=1&resize=350%2C200 1x, https:\/\/i0.wp.com\/www.jazzzeitung.de\/cms\/wp-content\/uploads\/2021\/03\/P1064764-p-Baertsch-Foto-TJ-Krebs.jpg?fit=1200%2C800&ssl=1&resize=525%2C300 1.5x, https:\/\/i0.wp.com\/www.jazzzeitung.de\/cms\/wp-content\/uploads\/2021\/03\/P1064764-p-Baertsch-Foto-TJ-Krebs.jpg?fit=1200%2C800&ssl=1&resize=700%2C400 2x, https:\/\/i0.wp.com\/www.jazzzeitung.de\/cms\/wp-content\/uploads\/2021\/03\/P1064764-p-Baertsch-Foto-TJ-Krebs.jpg?fit=1200%2C800&ssl=1&resize=1050%2C600 3x"},"classes":[]}],"jetpack_sharing_enabled":true,"_links":{"self":[{"href":"https:\/\/www.jazzzeitung.de\/cms\/wp-json\/wp\/v2\/posts\/17526","targetHints":{"allow":["GET"]}}],"collection":[{"href":"https:\/\/www.jazzzeitung.de\/cms\/wp-json\/wp\/v2\/posts"}],"about":[{"href":"https:\/\/www.jazzzeitung.de\/cms\/wp-json\/wp\/v2\/types\/post"}],"author":[{"embeddable":true,"href":"https:\/\/www.jazzzeitung.de\/cms\/wp-json\/wp\/v2\/users\/18"}],"replies":[{"embeddable":true,"href":"https:\/\/www.jazzzeitung.de\/cms\/wp-json\/wp\/v2\/comments?post=17526"}],"version-history":[{"count":5,"href":"https:\/\/www.jazzzeitung.de\/cms\/wp-json\/wp\/v2\/posts\/17526\/revisions"}],"predecessor-version":[{"id":17533,"href":"https:\/\/www.jazzzeitung.de\/cms\/wp-json\/wp\/v2\/posts\/17526\/revisions\/17533"}],"wp:featuredmedia":[{"embeddable":true,"href":"https:\/\/www.jazzzeitung.de\/cms\/wp-json\/wp\/v2\/media\/17530"}],"wp:attachment":[{"href":"https:\/\/www.jazzzeitung.de\/cms\/wp-json\/wp\/v2\/media?parent=17526"}],"wp:term":[{"taxonomy":"category","embeddable":true,"href":"https:\/\/www.jazzzeitung.de\/cms\/wp-json\/wp\/v2\/categories?post=17526"},{"taxonomy":"post_tag","embeddable":true,"href":"https:\/\/www.jazzzeitung.de\/cms\/wp-json\/wp\/v2\/tags?post=17526"},{"taxonomy":"author","embeddable":true,"href":"https:\/\/www.jazzzeitung.de\/cms\/wp-json\/wp\/v2\/coauthors?post=17526"}],"curies":[{"name":"wp","href":"https:\/\/api.w.org\/{rel}","templated":true}]}}