{"id":17510,"date":"2018-10-20T15:05:09","date_gmt":"2018-10-20T13:05:09","guid":{"rendered":"https:\/\/www.jazzzeitung.de\/cms\/?p=17510"},"modified":"2018-10-23T10:57:41","modified_gmt":"2018-10-23T08:57:41","slug":"17510","status":"publish","type":"post","link":"https:\/\/www.jazzzeitung.de\/cms\/2018\/10\/17510\/","title":{"rendered":"Rezension: Keith Jarrett: La Fenice"},"content":{"rendered":"<p>Man wei\u00df nicht so genau, was noch in den Archiven von ECM schlummern mag, aber da scheint es ja in Sachen Jarrett kaum ein Ende zu geben. Nun also eine Aufnahme aus dem \u201eGran Teatro La Fenice\u201c in Venedig. Man schreibt das Jahr 2006. Und Keith Jarrett schreibt eine weitere Improvisation. Von den langen improvisatorischen Gleisen der 70er bis 90er Jahre hat er sich l\u00e4ngst entfernt. Sein Soloabend ist dokumentiert auf zwei CDs und besteht aus acht \u201eParts\u201c und vier Standards; insgesamt 97 Minuten.<\/p>\n<figure id=\"attachment_17512\" aria-describedby=\"caption-attachment-17512\" style=\"width: 150px\" class=\"wp-caption alignright\"><a href=\"https:\/\/i0.wp.com\/www.jazzzeitung.de\/cms\/wp-content\/uploads\/2018\/10\/cd_jarrett_fenice.jpg?ssl=1\"><img data-recalc-dims=\"1\" loading=\"lazy\" decoding=\"async\" data-attachment-id=\"17512\" data-permalink=\"https:\/\/www.jazzzeitung.de\/cms\/2018\/10\/17510\/cd_jarrett_fenice\/\" data-orig-file=\"https:\/\/i0.wp.com\/www.jazzzeitung.de\/cms\/wp-content\/uploads\/2018\/10\/cd_jarrett_fenice.jpg?fit=800%2C800&amp;ssl=1\" data-orig-size=\"800,800\" data-comments-opened=\"1\" data-image-meta=\"{&quot;aperture&quot;:&quot;0&quot;,&quot;credit&quot;:&quot;&quot;,&quot;camera&quot;:&quot;&quot;,&quot;caption&quot;:&quot;&quot;,&quot;created_timestamp&quot;:&quot;0&quot;,&quot;copyright&quot;:&quot;&quot;,&quot;focal_length&quot;:&quot;0&quot;,&quot;iso&quot;:&quot;0&quot;,&quot;shutter_speed&quot;:&quot;0&quot;,&quot;title&quot;:&quot;&quot;,&quot;orientation&quot;:&quot;0&quot;}\" data-image-title=\"Keith Jarrett: La Fenice\" data-image-description=\"&lt;p&gt;Keith Jarrett: La Fenice&lt;\/p&gt;\n\" data-image-caption=\"&lt;p&gt;Keith Jarrett: La Fenice&lt;\/p&gt;\n\" data-large-file=\"https:\/\/i0.wp.com\/www.jazzzeitung.de\/cms\/wp-content\/uploads\/2018\/10\/cd_jarrett_fenice.jpg?fit=600%2C600&amp;ssl=1\" class=\"size-thumbnail wp-image-17512\" src=\"https:\/\/i0.wp.com\/www.jazzzeitung.de\/cms\/wp-content\/uploads\/2018\/10\/cd_jarrett_fenice.jpg?resize=150%2C150&#038;ssl=1\" alt=\"Keith Jarrett: La Fenice\" width=\"150\" height=\"150\" srcset=\"https:\/\/i0.wp.com\/www.jazzzeitung.de\/cms\/wp-content\/uploads\/2018\/10\/cd_jarrett_fenice.jpg?resize=150%2C150&amp;ssl=1 150w, https:\/\/i0.wp.com\/www.jazzzeitung.de\/cms\/wp-content\/uploads\/2018\/10\/cd_jarrett_fenice.jpg?resize=300%2C300&amp;ssl=1 300w, https:\/\/i0.wp.com\/www.jazzzeitung.de\/cms\/wp-content\/uploads\/2018\/10\/cd_jarrett_fenice.jpg?resize=768%2C768&amp;ssl=1 768w, https:\/\/i0.wp.com\/www.jazzzeitung.de\/cms\/wp-content\/uploads\/2018\/10\/cd_jarrett_fenice.jpg?resize=600%2C600&amp;ssl=1 600w, https:\/\/i0.wp.com\/www.jazzzeitung.de\/cms\/wp-content\/uploads\/2018\/10\/cd_jarrett_fenice.jpg?w=800&amp;ssl=1 800w\" sizes=\"auto, (max-width: 150px) 100vw, 150px\" \/><\/a><figcaption id=\"caption-attachment-17512\" class=\"wp-caption-text\">Keith Jarrett: La Fenice<\/figcaption><\/figure>\n<p>Wie schon in anderen Solo-Aufnahmen nach 2000 wirken die Improvisationsgleise bei Jarrett kondensierter als bei den Lang-Improvisationen aus der Zeit davor (beginnend mit <del>dem &#8222;K\u00f6ln Concert&#8220;<\/del> den Konzerten in Lausanne und Bremen (Danke f\u00fcr den Hinweis, Herr Ries) und einstweilen endend mit &#8222;A Multitude of Angels&#8220;) \u2013 oder anders: sie sind schlicht k\u00fcrzer. Zwischen den \u201eParts\u201c wechselt Jarrett die musikalischen Hemisph\u00e4ren wie bei einer Art Solo-Suite. Es gibt nicht gerade allzu viele Pianist*innen, die \u00fcber ein derlei umfangreiches Repertoire an Ausdrucksm\u00f6glichkeiten verf\u00fcgen und es jeweils technisch und praktisch umsetzen k\u00f6nnen: Das reicht in der Aufnahme aus Venedig von 2006 von wild huschender Ein- und Zweistimmigkeit und akkordischen Fl\u00e4chenclustern (Part II) auf engem Raum in unter vier Minuten, \u00fcber rest-ostinate Grooves (Part III) oder liedhaft-balladeske Episoden (Part IV) bis zu blues-folkigen (\u00fcber folkig kann man streiten) Musik(ab-)gr\u00fcnden (Part VIII).<\/p>\n<p>Erg\u00e4nzt wird das alles mit den vier Standard-Interpretationen (\u201eMy Wild Irish Rose\u201c, \u201eStella By Starlight\u201c, \u201eThe Sun Whose Rays\u201c und einem eigenen \u201eBlossom\u201c) \u2013 ganz und gar wie immer ausgeleuchtet: Kenner-Liebhaber-Fan-Musik.<\/p>\n<p>Eine musikalische \u00dcberraschung ist da bei alledem, was Jarrett unterdessen hat aufnehmen lassen, nun nicht. So insgesamt gesehen. Aber es ist andererseits doch so, dass hinter jeder Bewegung jeweils immer eine wartet, erh\u00f6rt und entdeckt zu werden. Man kann in den Spielfluss einsteigen und sich mitziehen lassen. Man kann aber auch auf einem Steg stehen und den Fluss unter sich durchflie\u00dfen lassen. Und man kann fast jeden Moment auch in den Fluss hinabtauchen, der mal mehr von sich preisgibt und mal doch etwas tr\u00fcbe bleibt. Und wahrscheinlich kann man noch viel mehr \u2026 Muss aber auch nicht.<\/p>\n<p>Eine typische Aufnahme f\u00fcr Ihre Zeit.<\/p>\n<p style=\"padding-left: 30px;\"><strong>Keith Jarrett: La Fenice :::<\/strong><br \/>\nECM 2601<\/p>\n<hr \/>\n<p><iframe loading=\"lazy\" src=\"https:\/\/open.spotify.com\/embed\/album\/3GASiWdt6zdYBTkhRYblqM%3Fsi%3Dy4efew6ISnSev5uQnwVdpA\" width=\"300\" height=\"380\" frameborder=\"0\" allowtransparency=\"true\" allow=\"encrypted-media\"><\/iframe><\/p>\n","protected":false},"excerpt":{"rendered":"<p>Man wei\u00df nicht so genau, was noch in den Archiven von ECM schlummern mag, aber da scheint es ja in Sachen Jarrett kaum ein Ende zu geben. Nun also eine Aufnahme aus dem \u201eGran Teatro La Fenice\u201c in Venedig. Man schreibt das Jahr 2006. Und Keith Jarrett schreibt eine weitere Improvisation. Von den langen improvisatorischen Gleisen der 70er bis 90er Jahre hat er sich l\u00e4ngst entfernt. Sein Soloabend ist dokumentiert auf zwei CDs und besteht aus acht \u201eParts\u201c und vier Standards; insgesamt 97 Minuten. Wie schon in anderen Solo-Aufnahmen nach 2000 wirken die Improvisationsgleise bei Jarrett kondensierter als bei den Lang-Improvisationen aus der Zeit davor (beginnend mit dem &#8222;K\u00f6ln Concert&#8220; den Konzerten in Lausanne und Bremen (Danke f\u00fcr den Hinweis, Herr Ries) und einstweilen endend mit &#8222;A Multitude of Angels&#8220;) \u2013 oder anders: sie sind schlicht k\u00fcrzer. Zwischen den \u201eParts\u201c wechselt Jarrett die musikalischen Hemisph\u00e4ren wie bei einer Art Solo-Suite. Es gibt nicht gerade allzu viele Pianist*innen, die \u00fcber ein derlei umfangreiches Repertoire an Ausdrucksm\u00f6glichkeiten verf\u00fcgen und es jeweils technisch und praktisch umsetzen k\u00f6nnen: Das reicht in der Aufnahme aus Venedig von 2006 von wild &hellip;<\/p>\n","protected":false},"author":2,"featured_media":17512,"comment_status":"open","ping_status":"closed","sticky":false,"template":"","format":"standard","meta":{"_jetpack_memberships_contains_paid_content":false,"footnotes":"","jetpack_publicize_message":"","jetpack_publicize_feature_enabled":true,"jetpack_social_post_already_shared":false,"jetpack_social_options":{"image_generator_settings":{"template":"highway","default_image_id":0,"font":"","enabled":false},"version":2}},"categories":[1152],"tags":[158,311,2059,1186],"coauthors":[680],"class_list":["post-17510","post","type-post","status-publish","format-standard","has-post-thumbnail","hentry","category-rezension","tag-ecm","tag-keith-jarrett","tag-la-fenice","tag-rezension"],"yoast_head":"<!-- This site is optimized with the Yoast SEO plugin v27.5 - https:\/\/yoast.com\/product\/yoast-seo-wordpress\/ -->\n<title>Rezension: Keith Jarrett: La Fenice - JazzZeitung<\/title>\n<meta name=\"robots\" content=\"index, follow, max-snippet:-1, max-image-preview:large, max-video-preview:-1\" \/>\n<link rel=\"canonical\" href=\"https:\/\/www.jazzzeitung.de\/cms\/2018\/10\/17510\/\" \/>\n<meta property=\"og:locale\" content=\"de_DE\" \/>\n<meta property=\"og:type\" content=\"article\" \/>\n<meta property=\"og:title\" content=\"Rezension: Keith Jarrett: La Fenice - JazzZeitung\" \/>\n<meta property=\"og:description\" content=\"Man wei\u00df nicht so genau, was noch in den Archiven von ECM schlummern mag, aber da scheint es ja in Sachen Jarrett kaum ein Ende zu geben. Nun also eine Aufnahme aus dem \u201eGran Teatro La Fenice\u201c in Venedig. Man schreibt das Jahr 2006. Und Keith Jarrett schreibt eine weitere Improvisation. Von den langen improvisatorischen Gleisen der 70er bis 90er Jahre hat er sich l\u00e4ngst entfernt. Sein Soloabend ist dokumentiert auf zwei CDs und besteht aus acht \u201eParts\u201c und vier Standards; insgesamt 97 Minuten. Wie schon in anderen Solo-Aufnahmen nach 2000 wirken die Improvisationsgleise bei Jarrett kondensierter als bei den Lang-Improvisationen aus der Zeit davor (beginnend mit dem &#8222;K\u00f6ln Concert&#8220; den Konzerten in Lausanne und Bremen (Danke f\u00fcr den Hinweis, Herr Ries) und einstweilen endend mit &#8222;A Multitude of Angels&#8220;) \u2013 oder anders: sie sind schlicht k\u00fcrzer. Zwischen den \u201eParts\u201c wechselt Jarrett die musikalischen Hemisph\u00e4ren wie bei einer Art Solo-Suite. Es gibt nicht gerade allzu viele Pianist*innen, die \u00fcber ein derlei umfangreiches Repertoire an Ausdrucksm\u00f6glichkeiten verf\u00fcgen und es jeweils technisch und praktisch umsetzen k\u00f6nnen: Das reicht in der Aufnahme aus Venedig von 2006 von wild &hellip;\" \/>\n<meta property=\"og:url\" content=\"https:\/\/www.jazzzeitung.de\/cms\/2018\/10\/17510\/\" \/>\n<meta property=\"og:site_name\" content=\"JazzZeitung\" \/>\n<meta property=\"article:publisher\" content=\"https:\/\/www.facebook.com\/JazzZeitung\/\" \/>\n<meta property=\"article:author\" content=\"https:\/\/www.facebook.com\/hufner\" \/>\n<meta property=\"article:published_time\" content=\"2018-10-20T13:05:09+00:00\" \/>\n<meta property=\"article:modified_time\" content=\"2018-10-23T08:57:41+00:00\" \/>\n<meta property=\"og:image\" content=\"https:\/\/i0.wp.com\/www.jazzzeitung.de\/cms\/wp-content\/uploads\/2018\/10\/cd_jarrett_fenice.jpg?fit=800%2C800&ssl=1\" \/>\n\t<meta property=\"og:image:width\" content=\"800\" \/>\n\t<meta property=\"og:image:height\" content=\"800\" \/>\n\t<meta property=\"og:image:type\" content=\"image\/jpeg\" \/>\n<meta name=\"author\" content=\"Huflaikhan\" \/>\n<script type=\"application\/ld+json\" class=\"yoast-schema-graph\">{\"@context\":\"https:\\\/\\\/schema.org\",\"@graph\":[{\"@type\":\"Article\",\"@id\":\"https:\\\/\\\/www.jazzzeitung.de\\\/cms\\\/2018\\\/10\\\/17510\\\/#article\",\"isPartOf\":{\"@id\":\"https:\\\/\\\/www.jazzzeitung.de\\\/cms\\\/2018\\\/10\\\/17510\\\/\"},\"author\":{\"name\":\"Huflaikhan\",\"@id\":\"https:\\\/\\\/www.jazzzeitung.de\\\/cms\\\/#\\\/schema\\\/person\\\/1ba404714b9455401502bc409a7df45e\"},\"headline\":\"Rezension: Keith Jarrett: La Fenice\",\"datePublished\":\"2018-10-20T13:05:09+00:00\",\"dateModified\":\"2018-10-23T08:57:41+00:00\",\"mainEntityOfPage\":{\"@id\":\"https:\\\/\\\/www.jazzzeitung.de\\\/cms\\\/2018\\\/10\\\/17510\\\/\"},\"wordCount\":400,\"commentCount\":4,\"publisher\":{\"@id\":\"https:\\\/\\\/www.jazzzeitung.de\\\/cms\\\/#organization\"},\"image\":{\"@id\":\"https:\\\/\\\/www.jazzzeitung.de\\\/cms\\\/2018\\\/10\\\/17510\\\/#primaryimage\"},\"thumbnailUrl\":\"https:\\\/\\\/i0.wp.com\\\/www.jazzzeitung.de\\\/cms\\\/wp-content\\\/uploads\\\/2018\\\/10\\\/cd_jarrett_fenice.jpg?fit=800%2C800&ssl=1\",\"keywords\":[\"ECM\",\"Keith Jarrett\",\"La Fenice\",\"Rezension\"],\"articleSection\":[\"Rezension\"],\"inLanguage\":\"de\",\"potentialAction\":[{\"@type\":\"CommentAction\",\"name\":\"Comment\",\"target\":[\"https:\\\/\\\/www.jazzzeitung.de\\\/cms\\\/2018\\\/10\\\/17510\\\/#respond\"]}]},{\"@type\":\"WebPage\",\"@id\":\"https:\\\/\\\/www.jazzzeitung.de\\\/cms\\\/2018\\\/10\\\/17510\\\/\",\"url\":\"https:\\\/\\\/www.jazzzeitung.de\\\/cms\\\/2018\\\/10\\\/17510\\\/\",\"name\":\"Rezension: Keith Jarrett: La Fenice - JazzZeitung\",\"isPartOf\":{\"@id\":\"https:\\\/\\\/www.jazzzeitung.de\\\/cms\\\/#website\"},\"primaryImageOfPage\":{\"@id\":\"https:\\\/\\\/www.jazzzeitung.de\\\/cms\\\/2018\\\/10\\\/17510\\\/#primaryimage\"},\"image\":{\"@id\":\"https:\\\/\\\/www.jazzzeitung.de\\\/cms\\\/2018\\\/10\\\/17510\\\/#primaryimage\"},\"thumbnailUrl\":\"https:\\\/\\\/i0.wp.com\\\/www.jazzzeitung.de\\\/cms\\\/wp-content\\\/uploads\\\/2018\\\/10\\\/cd_jarrett_fenice.jpg?fit=800%2C800&ssl=1\",\"datePublished\":\"2018-10-20T13:05:09+00:00\",\"dateModified\":\"2018-10-23T08:57:41+00:00\",\"breadcrumb\":{\"@id\":\"https:\\\/\\\/www.jazzzeitung.de\\\/cms\\\/2018\\\/10\\\/17510\\\/#breadcrumb\"},\"inLanguage\":\"de\",\"potentialAction\":[{\"@type\":\"ReadAction\",\"target\":[\"https:\\\/\\\/www.jazzzeitung.de\\\/cms\\\/2018\\\/10\\\/17510\\\/\"]}]},{\"@type\":\"ImageObject\",\"inLanguage\":\"de\",\"@id\":\"https:\\\/\\\/www.jazzzeitung.de\\\/cms\\\/2018\\\/10\\\/17510\\\/#primaryimage\",\"url\":\"https:\\\/\\\/i0.wp.com\\\/www.jazzzeitung.de\\\/cms\\\/wp-content\\\/uploads\\\/2018\\\/10\\\/cd_jarrett_fenice.jpg?fit=800%2C800&ssl=1\",\"contentUrl\":\"https:\\\/\\\/i0.wp.com\\\/www.jazzzeitung.de\\\/cms\\\/wp-content\\\/uploads\\\/2018\\\/10\\\/cd_jarrett_fenice.jpg?fit=800%2C800&ssl=1\",\"width\":800,\"height\":800,\"caption\":\"Keith Jarrett: La Fenice\"},{\"@type\":\"BreadcrumbList\",\"@id\":\"https:\\\/\\\/www.jazzzeitung.de\\\/cms\\\/2018\\\/10\\\/17510\\\/#breadcrumb\",\"itemListElement\":[{\"@type\":\"ListItem\",\"position\":1,\"name\":\"Startseite\",\"item\":\"https:\\\/\\\/www.jazzzeitung.de\\\/cms\\\/\"},{\"@type\":\"ListItem\",\"position\":2,\"name\":\"Rezension: Keith Jarrett: La Fenice\"}]},{\"@type\":\"WebSite\",\"@id\":\"https:\\\/\\\/www.jazzzeitung.de\\\/cms\\\/#website\",\"url\":\"https:\\\/\\\/www.jazzzeitung.de\\\/cms\\\/\",\"name\":\"JazzZeitung\",\"description\":\"Jazz-News und Jazz-Kontroverses\",\"publisher\":{\"@id\":\"https:\\\/\\\/www.jazzzeitung.de\\\/cms\\\/#organization\"},\"potentialAction\":[{\"@type\":\"SearchAction\",\"target\":{\"@type\":\"EntryPoint\",\"urlTemplate\":\"https:\\\/\\\/www.jazzzeitung.de\\\/cms\\\/?s={search_term_string}\"},\"query-input\":{\"@type\":\"PropertyValueSpecification\",\"valueRequired\":true,\"valueName\":\"search_term_string\"}}],\"inLanguage\":\"de\"},{\"@type\":\"Organization\",\"@id\":\"https:\\\/\\\/www.jazzzeitung.de\\\/cms\\\/#organization\",\"name\":\"JazzZeitung online\",\"url\":\"https:\\\/\\\/www.jazzzeitung.de\\\/cms\\\/\",\"logo\":{\"@type\":\"ImageObject\",\"inLanguage\":\"de\",\"@id\":\"https:\\\/\\\/www.jazzzeitung.de\\\/cms\\\/#\\\/schema\\\/logo\\\/image\\\/\",\"url\":\"https:\\\/\\\/i0.wp.com\\\/www.jazzzeitung.de\\\/cms\\\/wp-content\\\/uploads\\\/2015\\\/08\\\/JAZZZEITUNGDE_Logo_Neu.png?fit=499%2C200&ssl=1\",\"contentUrl\":\"https:\\\/\\\/i0.wp.com\\\/www.jazzzeitung.de\\\/cms\\\/wp-content\\\/uploads\\\/2015\\\/08\\\/JAZZZEITUNGDE_Logo_Neu.png?fit=499%2C200&ssl=1\",\"width\":499,\"height\":200,\"caption\":\"JazzZeitung online\"},\"image\":{\"@id\":\"https:\\\/\\\/www.jazzzeitung.de\\\/cms\\\/#\\\/schema\\\/logo\\\/image\\\/\"},\"sameAs\":[\"https:\\\/\\\/www.facebook.com\\\/JazzZeitung\\\/\"]},{\"@type\":\"Person\",\"@id\":\"https:\\\/\\\/www.jazzzeitung.de\\\/cms\\\/#\\\/schema\\\/person\\\/1ba404714b9455401502bc409a7df45e\",\"name\":\"Huflaikhan\",\"image\":{\"@type\":\"ImageObject\",\"inLanguage\":\"de\",\"@id\":\"https:\\\/\\\/i0.wp.com\\\/www.jazzzeitung.de\\\/cms\\\/wp-content\\\/uploads\\\/2013\\\/11\\\/huf-06.jpg?resize=96%2C96&ssl=18afacd5aa7627f2840c013425f5a4164\",\"url\":\"https:\\\/\\\/i0.wp.com\\\/www.jazzzeitung.de\\\/cms\\\/wp-content\\\/uploads\\\/2013\\\/11\\\/huf-06.jpg?resize=96%2C96&ssl=1\",\"contentUrl\":\"https:\\\/\\\/i0.wp.com\\\/www.jazzzeitung.de\\\/cms\\\/wp-content\\\/uploads\\\/2013\\\/11\\\/huf-06.jpg?resize=96%2C96&ssl=1\",\"caption\":\"Huflaikhan\"},\"description\":\"Huflaikhan (aka Martin Hufner) hat Musikwissenschaft, Philosophie und Psychologie in Gie\u00dfen studiert und mit einer Arbeit \u00fcber Adorno und die Zw\u00f6lftontechnik promoviert. Seit 1995 ist er freiberuflich als Autor, Fotograf und Netzmacher unterwegs.\",\"sameAs\":[\"https:\\\/\\\/www.kritische-masse.de\\\/logbuch\",\"https:\\\/\\\/www.facebook.com\\\/hufner\"],\"url\":\"https:\\\/\\\/www.jazzzeitung.de\\\/cms\\\/author\\\/hufi\\\/\"}]}<\/script>\n<!-- \/ Yoast SEO plugin. -->","yoast_head_json":{"title":"Rezension: Keith Jarrett: La Fenice - JazzZeitung","robots":{"index":"index","follow":"follow","max-snippet":"max-snippet:-1","max-image-preview":"max-image-preview:large","max-video-preview":"max-video-preview:-1"},"canonical":"https:\/\/www.jazzzeitung.de\/cms\/2018\/10\/17510\/","og_locale":"de_DE","og_type":"article","og_title":"Rezension: Keith Jarrett: La Fenice - JazzZeitung","og_description":"Man wei\u00df nicht so genau, was noch in den Archiven von ECM schlummern mag, aber da scheint es ja in Sachen Jarrett kaum ein Ende zu geben. Nun also eine Aufnahme aus dem \u201eGran Teatro La Fenice\u201c in Venedig. Man schreibt das Jahr 2006. Und Keith Jarrett schreibt eine weitere Improvisation. Von den langen improvisatorischen Gleisen der 70er bis 90er Jahre hat er sich l\u00e4ngst entfernt. Sein Soloabend ist dokumentiert auf zwei CDs und besteht aus acht \u201eParts\u201c und vier Standards; insgesamt 97 Minuten. Wie schon in anderen Solo-Aufnahmen nach 2000 wirken die Improvisationsgleise bei Jarrett kondensierter als bei den Lang-Improvisationen aus der Zeit davor (beginnend mit dem &#8222;K\u00f6ln Concert&#8220; den Konzerten in Lausanne und Bremen (Danke f\u00fcr den Hinweis, Herr Ries) und einstweilen endend mit &#8222;A Multitude of Angels&#8220;) \u2013 oder anders: sie sind schlicht k\u00fcrzer. Zwischen den \u201eParts\u201c wechselt Jarrett die musikalischen Hemisph\u00e4ren wie bei einer Art Solo-Suite. Es gibt nicht gerade allzu viele Pianist*innen, die \u00fcber ein derlei umfangreiches Repertoire an Ausdrucksm\u00f6glichkeiten verf\u00fcgen und es jeweils technisch und praktisch umsetzen k\u00f6nnen: Das reicht in der Aufnahme aus Venedig von 2006 von wild &hellip;","og_url":"https:\/\/www.jazzzeitung.de\/cms\/2018\/10\/17510\/","og_site_name":"JazzZeitung","article_publisher":"https:\/\/www.facebook.com\/JazzZeitung\/","article_author":"https:\/\/www.facebook.com\/hufner","article_published_time":"2018-10-20T13:05:09+00:00","article_modified_time":"2018-10-23T08:57:41+00:00","og_image":[{"width":800,"height":800,"url":"https:\/\/i0.wp.com\/www.jazzzeitung.de\/cms\/wp-content\/uploads\/2018\/10\/cd_jarrett_fenice.jpg?fit=800%2C800&ssl=1","type":"image\/jpeg"}],"author":"Huflaikhan","schema":{"@context":"https:\/\/schema.org","@graph":[{"@type":"Article","@id":"https:\/\/www.jazzzeitung.de\/cms\/2018\/10\/17510\/#article","isPartOf":{"@id":"https:\/\/www.jazzzeitung.de\/cms\/2018\/10\/17510\/"},"author":{"name":"Huflaikhan","@id":"https:\/\/www.jazzzeitung.de\/cms\/#\/schema\/person\/1ba404714b9455401502bc409a7df45e"},"headline":"Rezension: Keith Jarrett: La Fenice","datePublished":"2018-10-20T13:05:09+00:00","dateModified":"2018-10-23T08:57:41+00:00","mainEntityOfPage":{"@id":"https:\/\/www.jazzzeitung.de\/cms\/2018\/10\/17510\/"},"wordCount":400,"commentCount":4,"publisher":{"@id":"https:\/\/www.jazzzeitung.de\/cms\/#organization"},"image":{"@id":"https:\/\/www.jazzzeitung.de\/cms\/2018\/10\/17510\/#primaryimage"},"thumbnailUrl":"https:\/\/i0.wp.com\/www.jazzzeitung.de\/cms\/wp-content\/uploads\/2018\/10\/cd_jarrett_fenice.jpg?fit=800%2C800&ssl=1","keywords":["ECM","Keith Jarrett","La Fenice","Rezension"],"articleSection":["Rezension"],"inLanguage":"de","potentialAction":[{"@type":"CommentAction","name":"Comment","target":["https:\/\/www.jazzzeitung.de\/cms\/2018\/10\/17510\/#respond"]}]},{"@type":"WebPage","@id":"https:\/\/www.jazzzeitung.de\/cms\/2018\/10\/17510\/","url":"https:\/\/www.jazzzeitung.de\/cms\/2018\/10\/17510\/","name":"Rezension: Keith Jarrett: La Fenice - JazzZeitung","isPartOf":{"@id":"https:\/\/www.jazzzeitung.de\/cms\/#website"},"primaryImageOfPage":{"@id":"https:\/\/www.jazzzeitung.de\/cms\/2018\/10\/17510\/#primaryimage"},"image":{"@id":"https:\/\/www.jazzzeitung.de\/cms\/2018\/10\/17510\/#primaryimage"},"thumbnailUrl":"https:\/\/i0.wp.com\/www.jazzzeitung.de\/cms\/wp-content\/uploads\/2018\/10\/cd_jarrett_fenice.jpg?fit=800%2C800&ssl=1","datePublished":"2018-10-20T13:05:09+00:00","dateModified":"2018-10-23T08:57:41+00:00","breadcrumb":{"@id":"https:\/\/www.jazzzeitung.de\/cms\/2018\/10\/17510\/#breadcrumb"},"inLanguage":"de","potentialAction":[{"@type":"ReadAction","target":["https:\/\/www.jazzzeitung.de\/cms\/2018\/10\/17510\/"]}]},{"@type":"ImageObject","inLanguage":"de","@id":"https:\/\/www.jazzzeitung.de\/cms\/2018\/10\/17510\/#primaryimage","url":"https:\/\/i0.wp.com\/www.jazzzeitung.de\/cms\/wp-content\/uploads\/2018\/10\/cd_jarrett_fenice.jpg?fit=800%2C800&ssl=1","contentUrl":"https:\/\/i0.wp.com\/www.jazzzeitung.de\/cms\/wp-content\/uploads\/2018\/10\/cd_jarrett_fenice.jpg?fit=800%2C800&ssl=1","width":800,"height":800,"caption":"Keith Jarrett: La Fenice"},{"@type":"BreadcrumbList","@id":"https:\/\/www.jazzzeitung.de\/cms\/2018\/10\/17510\/#breadcrumb","itemListElement":[{"@type":"ListItem","position":1,"name":"Startseite","item":"https:\/\/www.jazzzeitung.de\/cms\/"},{"@type":"ListItem","position":2,"name":"Rezension: Keith Jarrett: La Fenice"}]},{"@type":"WebSite","@id":"https:\/\/www.jazzzeitung.de\/cms\/#website","url":"https:\/\/www.jazzzeitung.de\/cms\/","name":"JazzZeitung","description":"Jazz-News und Jazz-Kontroverses","publisher":{"@id":"https:\/\/www.jazzzeitung.de\/cms\/#organization"},"potentialAction":[{"@type":"SearchAction","target":{"@type":"EntryPoint","urlTemplate":"https:\/\/www.jazzzeitung.de\/cms\/?s={search_term_string}"},"query-input":{"@type":"PropertyValueSpecification","valueRequired":true,"valueName":"search_term_string"}}],"inLanguage":"de"},{"@type":"Organization","@id":"https:\/\/www.jazzzeitung.de\/cms\/#organization","name":"JazzZeitung online","url":"https:\/\/www.jazzzeitung.de\/cms\/","logo":{"@type":"ImageObject","inLanguage":"de","@id":"https:\/\/www.jazzzeitung.de\/cms\/#\/schema\/logo\/image\/","url":"https:\/\/i0.wp.com\/www.jazzzeitung.de\/cms\/wp-content\/uploads\/2015\/08\/JAZZZEITUNGDE_Logo_Neu.png?fit=499%2C200&ssl=1","contentUrl":"https:\/\/i0.wp.com\/www.jazzzeitung.de\/cms\/wp-content\/uploads\/2015\/08\/JAZZZEITUNGDE_Logo_Neu.png?fit=499%2C200&ssl=1","width":499,"height":200,"caption":"JazzZeitung online"},"image":{"@id":"https:\/\/www.jazzzeitung.de\/cms\/#\/schema\/logo\/image\/"},"sameAs":["https:\/\/www.facebook.com\/JazzZeitung\/"]},{"@type":"Person","@id":"https:\/\/www.jazzzeitung.de\/cms\/#\/schema\/person\/1ba404714b9455401502bc409a7df45e","name":"Huflaikhan","image":{"@type":"ImageObject","inLanguage":"de","@id":"https:\/\/i0.wp.com\/www.jazzzeitung.de\/cms\/wp-content\/uploads\/2013\/11\/huf-06.jpg?resize=96%2C96&ssl=18afacd5aa7627f2840c013425f5a4164","url":"https:\/\/i0.wp.com\/www.jazzzeitung.de\/cms\/wp-content\/uploads\/2013\/11\/huf-06.jpg?resize=96%2C96&ssl=1","contentUrl":"https:\/\/i0.wp.com\/www.jazzzeitung.de\/cms\/wp-content\/uploads\/2013\/11\/huf-06.jpg?resize=96%2C96&ssl=1","caption":"Huflaikhan"},"description":"Huflaikhan (aka Martin Hufner) hat Musikwissenschaft, Philosophie und Psychologie in Gie\u00dfen studiert und mit einer Arbeit \u00fcber Adorno und die Zw\u00f6lftontechnik promoviert. Seit 1995 ist er freiberuflich als Autor, Fotograf und Netzmacher unterwegs.","sameAs":["https:\/\/www.kritische-masse.de\/logbuch","https:\/\/www.facebook.com\/hufner"],"url":"https:\/\/www.jazzzeitung.de\/cms\/author\/hufi\/"}]}},"wp-worthy-pixel":{"ignored":false,"public":"22256f2afb1b441bafd0b652bd8b9f43","server":"vg04.met.vgwort.de","url":"https:\/\/vg04.met.vgwort.de\/na\/22256f2afb1b441bafd0b652bd8b9f43"},"wp-worthy-type":"normal","jetpack_publicize_connections":[],"cc_featured_image_caption":{"caption_text":"Keith Jarrett: La Fenice","source_text":"Keith Jarrett: La Fenice","source_url":""},"jetpack_featured_media_url":"https:\/\/i0.wp.com\/www.jazzzeitung.de\/cms\/wp-content\/uploads\/2018\/10\/cd_jarrett_fenice.jpg?fit=800%2C800&ssl=1","jetpack_shortlink":"https:\/\/wp.me\/s3KEcT-17510","jetpack-related-posts":[{"id":5831,"url":"https:\/\/www.jazzzeitung.de\/cms\/2015\/03\/wolfgang-sander-keith-jarrett-eine-biographie\/","url_meta":{"origin":17510,"position":0},"title":"Wolfgang Sandner: Keith Jarrett. Eine Biographie.","author":"Redaktion JazzZeitung","date":"30. M\u00e4rz 2015","format":false,"excerpt":"Keith Jarrett feiert am 8. Mai diesen Jahres seinen 70. Geburtstag. Das wird nat\u00fcrlich geb\u00fchrend gefeiert. Im Hause ECM werden zu diesem Anlass gleich zwei Aufnahmen erscheinen. Eine klassische Einspielung mit Werken von Samuel Barber & Bela Bartok, sowie eine Solo CD mit Live-Improvisationen aus dem Jahr 2014. Soviel zu\u2026","rel":"","context":"In &quot;Rezension&quot;","block_context":{"text":"Rezension","link":"https:\/\/www.jazzzeitung.de\/cms\/thema\/rezension\/"},"img":{"alt_text":"Wolfgang Sander: Keith Jarrett. Eine Biographie. Rowohlt Berlin Verlag, Berlin 2015 364 Seiten, 22,95\u20ac \/ E-Book 19,99\u20ac","src":"https:\/\/i0.wp.com\/www.jazzzeitung.de\/cms\/wp-content\/uploads\/2015\/03\/Cover_Sandner-Keith-Jarrett.jpg?fit=735%2C1200&ssl=1&resize=350%2C200","width":350,"height":200,"srcset":"https:\/\/i0.wp.com\/www.jazzzeitung.de\/cms\/wp-content\/uploads\/2015\/03\/Cover_Sandner-Keith-Jarrett.jpg?fit=735%2C1200&ssl=1&resize=350%2C200 1x, https:\/\/i0.wp.com\/www.jazzzeitung.de\/cms\/wp-content\/uploads\/2015\/03\/Cover_Sandner-Keith-Jarrett.jpg?fit=735%2C1200&ssl=1&resize=525%2C300 1.5x, https:\/\/i0.wp.com\/www.jazzzeitung.de\/cms\/wp-content\/uploads\/2015\/03\/Cover_Sandner-Keith-Jarrett.jpg?fit=735%2C1200&ssl=1&resize=700%2C400 2x"},"classes":[]},{"id":14437,"url":"https:\/\/www.jazzzeitung.de\/cms\/2017\/11\/wer-ist-eigentlich-dieser-kies-jerry\/","url_meta":{"origin":17510,"position":1},"title":"Wer ist eigentlich dieser Kies Jerry@?","author":"Huflaikhan","date":"30. November 2017","format":false,"excerpt":"Die Ver\u00f6ffentlichung der Aufnahmen des Labels ECM bei zahlreichen Streamingdiensten hat f\u00fcr einiges Aufsehen und -h\u00f6ren gesorgt. Aber nat\u00fcrlich gibt es auch eine Welt jenseits von ECM. Vor allem bei Kies Jerry@ - wie mein \"guter\" Freund \u201eSiri\u201c immer sagt. Es folgt also eine kleine Playlist mit den vermutlich nicht\u2026","rel":"","context":"In &quot;Blog&quot;","block_context":{"text":"Blog","link":"https:\/\/www.jazzzeitung.de\/cms\/thema\/blog\/"},"img":{"alt_text":"Wenn Siri Keith Jarrett versteht. Screenshot","src":"https:\/\/i0.wp.com\/www.jazzzeitung.de\/cms\/wp-content\/uploads\/2017\/11\/keith_jerry.jpg?fit=1200%2C900&ssl=1&resize=350%2C200","width":350,"height":200,"srcset":"https:\/\/i0.wp.com\/www.jazzzeitung.de\/cms\/wp-content\/uploads\/2017\/11\/keith_jerry.jpg?fit=1200%2C900&ssl=1&resize=350%2C200 1x, https:\/\/i0.wp.com\/www.jazzzeitung.de\/cms\/wp-content\/uploads\/2017\/11\/keith_jerry.jpg?fit=1200%2C900&ssl=1&resize=525%2C300 1.5x, https:\/\/i0.wp.com\/www.jazzzeitung.de\/cms\/wp-content\/uploads\/2017\/11\/keith_jerry.jpg?fit=1200%2C900&ssl=1&resize=700%2C400 2x, https:\/\/i0.wp.com\/www.jazzzeitung.de\/cms\/wp-content\/uploads\/2017\/11\/keith_jerry.jpg?fit=1200%2C900&ssl=1&resize=1050%2C600 3x"},"classes":[]},{"id":33283,"url":"https:\/\/www.jazzzeitung.de\/cms\/2025\/10\/zum-tod-des-meistertrommlers-und-komponisten-jack-dejohnette\/","url_meta":{"origin":17510,"position":2},"title":"Zum Tod des Meistertrommlers und Komponisten Jack DeJohnette","author":"Andreas Kolb","date":"29. Oktober 2025","format":false,"excerpt":"Jack DeJohnette hat als Jazzschlagzeuger Musikgeschichte geschrieben. Gr\u00f6\u00dfen wie Miles Davis, Keith Jarrett und John Coltrane geh\u00f6rten zu seinen Partnern. Nun ist der Musiker im Alter von 83 Jahren gestorben, wie sein Label ECM mitteilte. Ornette Coleman, Sonny Rollins, Sun Ra, Jackie McLean, Thelonious Monk, Bill Evans, Stan Getz, Keith\u2026","rel":"","context":"In &quot;Bericht&quot;","block_context":{"text":"Bericht","link":"https:\/\/www.jazzzeitung.de\/cms\/thema\/bericht\/"},"img":{"alt_text":"","src":"https:\/\/i0.wp.com\/www.jazzzeitung.de\/cms\/wp-content\/uploads\/2025\/10\/107-scaled.jpg?fit=1200%2C798&ssl=1&resize=350%2C200","width":350,"height":200,"srcset":"https:\/\/i0.wp.com\/www.jazzzeitung.de\/cms\/wp-content\/uploads\/2025\/10\/107-scaled.jpg?fit=1200%2C798&ssl=1&resize=350%2C200 1x, https:\/\/i0.wp.com\/www.jazzzeitung.de\/cms\/wp-content\/uploads\/2025\/10\/107-scaled.jpg?fit=1200%2C798&ssl=1&resize=525%2C300 1.5x, https:\/\/i0.wp.com\/www.jazzzeitung.de\/cms\/wp-content\/uploads\/2025\/10\/107-scaled.jpg?fit=1200%2C798&ssl=1&resize=700%2C400 2x, https:\/\/i0.wp.com\/www.jazzzeitung.de\/cms\/wp-content\/uploads\/2025\/10\/107-scaled.jpg?fit=1200%2C798&ssl=1&resize=1050%2C600 3x"},"classes":[]},{"id":30366,"url":"https:\/\/www.jazzzeitung.de\/cms\/2023\/12\/repetitionen-und-reisen-noch-frische-jazz-cds-in-der-hoerbar\/","url_meta":{"origin":17510,"position":3},"title":"Repetitionen und Reisen \u2013 Noch frische Jazz-CDs in der H\u00f6rBar","author":"Huflaikhan","date":"7. Dezember 2023","format":false,"excerpt":"F\u00fcnf aktuelle Platten aus dem Jazz + etwas Keith Jarrett und ein niederl\u00e4ndischer Komponist. Repetitionen und Reisen: Die Jazz-Rezensionen in der H\u00f6rBar der neuen musikzeitung. Die vollst\u00e4ndigen Rezensionen gibt es in der H\u00f6rBar bei Klick auf die Links. Hely: Plode Caixa Cubo: Ag\u00f4ra Blick Bassy: M\u00e1dib\u00e1 Tru Cargo Service: Schattenlos\u2026","rel":"","context":"In &quot;Rezension&quot;","block_context":{"text":"Rezension","link":"https:\/\/www.jazzzeitung.de\/cms\/thema\/rezension\/"},"img":{"alt_text":"Caixa Cubo: Ag\u00f4ra","src":"https:\/\/i0.wp.com\/www.jazzzeitung.de\/cms\/wp-content\/uploads\/2023\/12\/caixa_cubo.jpg?fit=1200%2C1200&ssl=1&resize=350%2C200","width":350,"height":200,"srcset":"https:\/\/i0.wp.com\/www.jazzzeitung.de\/cms\/wp-content\/uploads\/2023\/12\/caixa_cubo.jpg?fit=1200%2C1200&ssl=1&resize=350%2C200 1x, https:\/\/i0.wp.com\/www.jazzzeitung.de\/cms\/wp-content\/uploads\/2023\/12\/caixa_cubo.jpg?fit=1200%2C1200&ssl=1&resize=525%2C300 1.5x, https:\/\/i0.wp.com\/www.jazzzeitung.de\/cms\/wp-content\/uploads\/2023\/12\/caixa_cubo.jpg?fit=1200%2C1200&ssl=1&resize=700%2C400 2x, https:\/\/i0.wp.com\/www.jazzzeitung.de\/cms\/wp-content\/uploads\/2023\/12\/caixa_cubo.jpg?fit=1200%2C1200&ssl=1&resize=1050%2C600 3x"},"classes":[]},{"id":28613,"url":"https:\/\/www.jazzzeitung.de\/cms\/2022\/11\/keith-lorenz-und-sebastian-allein-am-klavier-jubilaeum-strukturen-loops-jazz-cds-in-der-hoerbar-okt-2022\/","url_meta":{"origin":17510,"position":4},"title":"Keith, Lorenz und Sebastian allein am Klavier; Jubil\u00e4um, Strukturen, Loops \u2013 Jazz-CDs in der H\u00f6rBar Okt. 2022","author":"Huflaikhan","date":"11. November 2022","format":false,"excerpt":"Sternal, Kellhuber und Jarrett geben ihrem Piano Raum. Christian Muthspiel wird mit zwei Doppel-CDs gefeiert. Das Hornung-Trio w\u00fchlt mit humanoiden Strukturen auf und \u201eOh No Noh\u201c loopt sich froh und gl\u00fccklich. Die Jazz-Rezensionen in der H\u00f6rBar der neuen musikzeitung. Muthspiel \u2013 Diary 1989-2022 Sebastian Sternal \u2013 Thelonia Muthspiel & Orjazztra\u2026","rel":"","context":"In &quot;Rezension&quot;","block_context":{"text":"Rezension","link":"https:\/\/www.jazzzeitung.de\/cms\/thema\/rezension\/"},"img":{"alt_text":"Keith Jarrett \u2013 Bordeaux Concert","src":"https:\/\/i0.wp.com\/www.jazzzeitung.de\/cms\/wp-content\/uploads\/2022\/11\/42_bordeaux.jpg?fit=1200%2C1200&ssl=1&resize=350%2C200","width":350,"height":200,"srcset":"https:\/\/i0.wp.com\/www.jazzzeitung.de\/cms\/wp-content\/uploads\/2022\/11\/42_bordeaux.jpg?fit=1200%2C1200&ssl=1&resize=350%2C200 1x, https:\/\/i0.wp.com\/www.jazzzeitung.de\/cms\/wp-content\/uploads\/2022\/11\/42_bordeaux.jpg?fit=1200%2C1200&ssl=1&resize=525%2C300 1.5x, https:\/\/i0.wp.com\/www.jazzzeitung.de\/cms\/wp-content\/uploads\/2022\/11\/42_bordeaux.jpg?fit=1200%2C1200&ssl=1&resize=700%2C400 2x, https:\/\/i0.wp.com\/www.jazzzeitung.de\/cms\/wp-content\/uploads\/2022\/11\/42_bordeaux.jpg?fit=1200%2C1200&ssl=1&resize=1050%2C600 3x"},"classes":[]},{"id":5916,"url":"https:\/\/www.jazzzeitung.de\/cms\/2015\/04\/11-facebook-freunde-sollt-ihr-sein-2\/","url_meta":{"origin":17510,"position":5},"title":"11 Millionen Facebook-Freunde sollt ihr sein","author":"Martin Hufner","date":"10. April 2015","format":false,"excerpt":"Eher durch einen Zufall und durch Langeweile durchforstete ich das Facebook-Universum, um ein Fan von Keith Jarrett zu werden. Der hat ja bald einen runden Geburtstag. Ich erinnerte mich an eine Sendereihe von Peter R\u00fcedi aus den fr\u00fchen 80er Jahren beim NDR, als der noch so etwas wie einen Kulturkanal\u2026","rel":"","context":"In &quot;Blog&quot;","block_context":{"text":"Blog","link":"https:\/\/www.jazzzeitung.de\/cms\/thema\/blog\/"},"img":{"alt_text":"54.000 Freunde sollt ihr sein.","src":"https:\/\/i0.wp.com\/www.jazzzeitung.de\/cms\/wp-content\/uploads\/2015\/04\/screenshot-www-facebook-com-2015-04-09-18-27-28.png?fit=418%2C434&ssl=1&resize=350%2C200","width":350,"height":200},"classes":[]}],"jetpack_sharing_enabled":true,"_links":{"self":[{"href":"https:\/\/www.jazzzeitung.de\/cms\/wp-json\/wp\/v2\/posts\/17510","targetHints":{"allow":["GET"]}}],"collection":[{"href":"https:\/\/www.jazzzeitung.de\/cms\/wp-json\/wp\/v2\/posts"}],"about":[{"href":"https:\/\/www.jazzzeitung.de\/cms\/wp-json\/wp\/v2\/types\/post"}],"author":[{"embeddable":true,"href":"https:\/\/www.jazzzeitung.de\/cms\/wp-json\/wp\/v2\/users\/2"}],"replies":[{"embeddable":true,"href":"https:\/\/www.jazzzeitung.de\/cms\/wp-json\/wp\/v2\/comments?post=17510"}],"version-history":[{"count":7,"href":"https:\/\/www.jazzzeitung.de\/cms\/wp-json\/wp\/v2\/posts\/17510\/revisions"}],"predecessor-version":[{"id":17552,"href":"https:\/\/www.jazzzeitung.de\/cms\/wp-json\/wp\/v2\/posts\/17510\/revisions\/17552"}],"wp:featuredmedia":[{"embeddable":true,"href":"https:\/\/www.jazzzeitung.de\/cms\/wp-json\/wp\/v2\/media\/17512"}],"wp:attachment":[{"href":"https:\/\/www.jazzzeitung.de\/cms\/wp-json\/wp\/v2\/media?parent=17510"}],"wp:term":[{"taxonomy":"category","embeddable":true,"href":"https:\/\/www.jazzzeitung.de\/cms\/wp-json\/wp\/v2\/categories?post=17510"},{"taxonomy":"post_tag","embeddable":true,"href":"https:\/\/www.jazzzeitung.de\/cms\/wp-json\/wp\/v2\/tags?post=17510"},{"taxonomy":"author","embeddable":true,"href":"https:\/\/www.jazzzeitung.de\/cms\/wp-json\/wp\/v2\/coauthors?post=17510"}],"curies":[{"name":"wp","href":"https:\/\/api.w.org\/{rel}","templated":true}]}}