{"id":17481,"date":"2018-10-21T12:00:05","date_gmt":"2018-10-21T10:00:05","guid":{"rendered":"https:\/\/www.jazzzeitung.de\/cms\/?p=17481"},"modified":"2018-10-15T18:46:04","modified_gmt":"2018-10-15T16:46:04","slug":"die-jazz-radiowoche-vom-22-10-bis-28-10-2018","status":"publish","type":"post","link":"https:\/\/www.jazzzeitung.de\/cms\/2018\/10\/die-jazz-radiowoche-vom-22-10-bis-28-10-2018\/","title":{"rendered":"Die Jazz-Radiowoche vom 22.10. bis 28.10.2018"},"content":{"rendered":"<p>Ein kleiner Blick in die Jazzwoche 44 im Radio. Wieder voll, der Radioterminkalender. In dieser Woche sicher im Zentrum: <strong>49. Deutsches Jazzfestival Frankfurt 2018 mit Live-\u00dcbertragung aus dem hr-Sendesaal.<\/strong><\/p>\n<p>Die \u00dcbersicht zum <a href=\"https:\/\/service.conbrio.de\/service\/download\/278\/\">Download als PDF<\/a>. Alle Angaben ohne Gew\u00e4hr.<\/p>\n<hr \/>\n<h2>Jazz im Radio (Fernsehen)<\/h2>\n<ul>\n<li><strong>SR2<\/strong> \u2013 <u><a href=\"http:\/\/www.sr.de\/sr\/sr2\/sendungen_a-z\/uebersicht\/jazznow\/index.html\">JazzNow<\/a><\/u> \u2013 Sonntags von 20.04 bis 22.30 Uhr<\/li>\n<li><strong>BR-KLASSIK \u2013 <\/strong><u><a href=\"https:\/\/www.br-klassik.de\/themen\/jazz-und-weltmusik\/jazztime-die-ganze-welt-des-jazz-100.html\">Jazztime<\/a><\/u><strong> \u2013 <\/strong>Von Montag bis Freitag t\u00e4glich um 23.05 Uhr<\/li>\n<li><strong>rbb-kulturradio<\/strong> \u2013 <u><a href=\"https:\/\/www.kulturradio.de\/programm\/schema\/sendungen\/late_night_jazz.html\">Late Night Jazz<\/a><\/u> \u2013 Sa und So 23:04 \u2013 24:00 Uhr<\/li>\n<li><strong>hr2-kultur<\/strong> \u2013 <u><a href=\"http:\/\/www.hr2.de\/musik\/jazz\/index.html\">Jazz in hr2-kultur<\/a><\/u> \u2013 t\u00e4glich<\/li>\n<li><strong>SWR2<\/strong> \u2013 <u><a href=\"https:\/\/www.swr.de\/swr2\/programm\/sendungen\/jazz\/startseite-mit-vorschau\/-\/id=659242\/did=13778140\/nid=659242\/13ttn4d\/index.html\">Jazz<\/a><\/u> \u2013 t\u00e4glich<\/li>\n<li><strong>WDR3<\/strong> \u2013 <u><a href=\"http:\/\/www1.wdr.de\/radio\/wdr3\/programm\/sendungen\/wdr3-jazz-world\/index.html\">JAZZ &amp; WORLD<\/a><\/u> \u2013 Improvisiertes zum Tagesausklang \u2013 Montag bis Freitag, 22.04 \u2013 0:00 Uhr<\/li>\n<li><strong>Deutschlandfunk<\/strong> \u2013 <u><a href=\"http:\/\/www.deutschlandfunk.de\/jazz.747.de.html\">Jazz (\u00dcberblick)<\/a><\/u> \u2013 <u><a href=\"http:\/\/www.deutschlandfunk.de\/jazz-live.822.de.html\">Jazz Live<\/a><\/u>, <u><a href=\"http:\/\/www.deutschlandfunk.de\/jazzfacts.824.de.html\">JazzFacts<\/a><\/u> und <u><a href=\"http:\/\/www.deutschlandfunk.de\/milestones.1805.de.html\">Milestones<\/a><\/u><\/li>\n<li><strong>Deutschlandfunk Kultur<\/strong> \u2013 <u><a href=\"http:\/\/www.deutschlandfunkkultur.de\/jazz.1142.de.html\">Jazz<\/a><\/u> \u2013 diverse Sendetermine<\/li>\n<li><strong>ARTE TV<\/strong> \u2013 <u><a href=\"https:\/\/www.arte.tv\/de\/videos\/arte-concert\/jazz\/?xtor=AD-6-%5bMV_CFR_ARTE_DE_Google_GEN_GDN%5d-%5bGDN_GEN_Arte_Concerts_Jazz%5d-C-%5bjazz%20musik%5d\">Jazz<\/a><\/u><\/li>\n<\/ul>\n<hr \/>\n<h2>22.10.2018<\/h2>\n<hr \/>\n<p>17:50 bis 18:00 | SWR 2<br \/>\n<strong>SWR2 Jazz vor Sechs<\/strong><\/p>\n<p>19:04 bis 20:00 | hr2-kultur<br \/>\n<strong>H\u00f6rbar: Musik grenzenlos<\/strong><\/p>\n<p>19:35 bis 20:00 | MDR Kultur<br \/>\n<strong>MDR KULTUR \u2013 Jazz Lounge: Nancy Wilson, Vocals<\/strong><\/p>\n<p>20:04 bis 23:00 | hr2-kultur<br \/>\n<strong>49. Deutsches Jazzfestival Frankfurt 2018 \u2013 Live-\u00dcbertragung aus der Alten Oper Frankfurt<\/strong><\/p>\n<p style=\"padding-left: 30px;\">\u201eHut ab!\u201c \u2013 Albert Mangelsdorff@90 || Das Er\u00f6ffnungskonzert des 49. Deutschen Jazzfestivals Frankfurt feiert Albert Mangelsdorff, der am 5. September 90 Jahre geworden w\u00e4re. Am Mikrofon: Claus Gnichwitz<\/p>\n<p style=\"padding-left: 30px;\">Ein halbes Jahrhundert galt der weltber\u00fchmte Frankfurter als wichtigster Botschafter des Jazz made in Germany und bis heute lebt sein k\u00fcnstlerisches Verm\u00e4chtnis.Das wird nicht zuletzt dieses Konzert zeigen. Gr\u00f6\u00dfen wie Joachim K\u00fchn, Pierre Favre oder Christof Lauer erinnern an ihren musikalischen Weggef\u00e4hrten. Die \u201eTrombirds\u201c Nils Wogram, Stefan Lottermann und Samuel Blaser errichten neue Tongeb\u00e4ude auf dem von Albert Mangelsdorff gelegten Fundament. Mehrstimmiges Spiel auf der Solo-Posaune, Duo-, Trio- und Quintett-Besetzungen garantieren ein abwechslungsreiches Konzerterlebnis. Im zweiten Teil des Konzertabends l\u00e4sst die hr-Bigband Kompositionen von Albert Mangelsdorff im jazzorchestralen Rahmen gl\u00e4nzen, eigens arrangiert von Jim McNeely: \u201eNever let it end!\u201c.<\/p>\n<p style=\"padding-left: 30px;\"><strong>\u201eHut ab!\u201c<\/strong> | Christof Lauer, ts | Stefan Lottermann, tb | Joachim K\u00fchn, p | Bruno Chevillon, b | Daniel Humair, dr |<\/p>\n<p style=\"padding-left: 30px;\"><strong>\u201eTriplicity\u201c (Duo, Trio)<\/strong> | Samuel Blaser, tb | Bruno Chevillon, b | Pierre Favre, dr |<\/p>\n<p style=\"padding-left: 30px;\"><strong>\u201eTrombone Workshop\u201c<\/strong> | Nils Wogram, tb | Samuel Blaser, tb | Stefan Lottermann, tb | G\u00fcnter Bollmann, tb | Tom Schl\u00fcter, p | Bruno Chevillon, b | Pierre Favre, dr |<\/p>\n<p style=\"padding-left: 30px;\"><strong>\u201eTrilogue + 15\u201c<\/strong> | Nils Wogram, tb | hr-Bigband, cond. &amp; arr. by Jim McNeely |<br \/>\nDas legend\u00e4re Album \u201eTrilogue\u201c von Albert Mangelsdorff, Jaco Pastorius und Alphonse Mouzon, eine Begegnung im Trio-Format aus dem Jahre 1977, wird auferstehen, jetzt im jazzorchestralen Zuschnitt. Jim McNeely hat das Original in seiner Tonsetzer-Werkstatt im besten Sinne des Wortes \u201eaufgeblasen\u201c.<\/p>\n<p style=\"padding-left: 30px;\">Konzert\u00fcbertragungen aus der Alten Oper Frankfurt am Main, in den Umbaupausen Interviews und Features mit \/ zu den K\u00fcnstlern des Festivals, weitere Informationen unter: www.hr2.de\/jazzfestival<\/p>\n<p>20:05 bis 22:00 | MDR Kultur<br \/>\n<strong>MDR KULTUR im Konzert: Graham Nash, Steve Earl und andere Americana Helden \u2013 pr\u00e4sentiert von Jan Kubon<\/strong><\/p>\n<p>22:04 bis 00:00 | WDR 3<br \/>\n<strong>WDR 3 Jazz &amp; World: Jazz aus Schwabing<\/strong><\/p>\n<p style=\"padding-left: 30px;\">Fritz Pauer Trio feat. Leo Wright; Fritz Pauer Quartett. Aufnahme vom 10. August 1972 aus dem Domicile, M\u00fcnchen. Power by Pauer<\/p>\n<p>22:05 bis 23:00 | NDR Info<br \/>\n<strong>Play Jazz! Das Jazzmagazin \u2013 Mit Sarah Seidel<\/strong><\/p>\n<p style=\"padding-left: 30px;\">Das Magazin aus der Welt des Jazz. Auf dem Programm stehen aktuelle CDs (darunter das \u201eAlbum der Woche\u201c) und Klassiker, Portr\u00e4ts von K\u00fcnstlern und Plattenfirmen, Konzerte, B\u00fccher und Filme.<\/p>\n<p style=\"padding-left: 30px;\">Play Jazz! sp\u00fcrt Trends nach und erinnert in der Rubrik \u201eRemember\u201c an die gro\u00dfen Momente der Jazzgeschichte. Im \u201eFenster nach Europa\u201c gibt es regelm\u00e4\u00dfig H\u00f6hepunkte von allen bedeutenden europ\u00e4ischen Jazzfestivals.<\/p>\n<p style=\"padding-left: 30px;\">Play Jazz! blickt auf die Jazz Szene im Sendegebiet und informiert in Interviews und Reportagen \u00fcber die Arbeit von Clubs, Jazzinitiativen und Festivals in Norddeutschland.<\/p>\n<p>23:05 bis 00:00 | BR-KLASSIK<br \/>\n<strong>Jazztime: Jazztoday \u2013 Zwei S\u00e4ngerinnen und ein singender Trompeter<\/strong><\/p>\n<p style=\"padding-left: 30px;\">Henning Sieverts pr\u00e4sentiert aktuelle CDs aus Deutschland mit Esther Kaiser, Charlotte Illinger und Matthias Schriefl<\/p>\n<hr \/>\n<h2>23.10.2018<\/h2>\n<hr \/>\n<p>01:05 bis 05:00 | Deutschlandfunk Kultur<br \/>\n<strong>Tonart: Jazz \u2013 Moderation: Manuela Krause<\/strong><\/p>\n<p>17:50 bis 18:00 | SWR 2<br \/>\n<strong>SWR2 Jazz vor Sechs \u2013 \u00a0John Coltrane: Untitled Original 11383 \/ CD: Both Directions at Once \u2013 The Lost Album<\/strong><\/p>\n<p>19:35 bis 20:00 | MDR Kultur<br \/>\n<strong>MDR KULTUR \u2013 Jazz Lounge: Mix<\/strong><\/p>\n<p>21:03 bis 22:00 | SWR 2<br \/>\n<strong>SWR2 Jazz Session: Berlin-London Conversations<\/strong><\/p>\n<p style=\"padding-left: 30px;\">Kit Downes, Philipp Gropper, Lucy Railton und Oliver Steidle beim Jazzfest Berlin 2017. Am Mikrofon: Harry Lachner<\/p>\n<p style=\"padding-left: 30px;\">Unerwartete Klangerfindungen, einander \u00fcberlagernde Rhythmen, ein Spiel zwischen spontaner Idee und klar konturierter Form: Das sind einige der Facetten des Berliner Saxofonisten Philipp Gropper. Wobei gerade die Trennlinie zwischen Komposition und freier Improvisation meist nicht erkennbar ist. Beim Jazzfest Berlin kam es zur geplanten Begegnung der beiden Berliner Gropper und Schlagzeuger Oliver Steidle mit der Cellistin Lucy Railton und dem Pianisten Kit Downes aus Gro\u00dfbritannien. Dabei entstand eine Musik, in der das \u00dcberraschende zum Gestaltungsprinzip wird: Vier Stimmen, die sich souver\u00e4n zwischen individuellem Ausdruck und gemeinsamer Zielsetzung bewegen.<\/p>\n<p>21:05 bis 22:00 | Deutschlandfunk<br \/>\n<strong>Jazz Live: Tigran Hamasyan \u2013 Piano Solo<\/strong><\/p>\n<p style=\"padding-left: 30px;\">Aufnahme vom 25.10.2017 aus dem Beethovenhaus\/Kammermusiksaal in Bonn. Am Mikrofon: Harald Rehmann. Tigran Hamasyan f\u00fchrt uns durch Klangwelten voller \u00dcberraschung und Faszination. Er verbindet die archaische Musiktradition seiner Heimat Armenien mit modernen Stilen in einer Weise, die Geist und Gef\u00fchl positiv bereichert. Spielerisch ist Hamasyan ohnehin l\u00e4ngst auf einem Niveau angelangt, das selbst Herbie Hancock, bei dem Hamasyan kurzzeitig Unterricht hatte, zu dem Ausruf brachte: \u201eJetzt bist Du mein Lehrer!\u201c Gerade im unbegleiteten Vortrag vermag es der nach wie vor in Armenien lebende Pianist, durch gestaltenreiche Klanglandschaften zu f\u00fchren, die mit Verweisen auf seine heimische Musikwelt ebenso aufwarten wie mit Farben und Figuren aus dem Improvisationsreichtum des Jazz. Bei aller Faszination der Musik legt er aber stets auch Wert auf ein gegenseitiges Geben und Nehmen zwischen K\u00fcnstler und Zuh\u00f6rerschaft, das letztlich jedem Erf\u00fcllung bringt.<\/p>\n<p>22:00 bis 00:00 | Bremen Zwei<br \/>\n<strong>Jazz Grooves<\/strong><\/p>\n<p style=\"padding-left: 30px;\">Die ganze Welt des Jazz. Blue Note, Big Band, Neuerscheinungen und bekannte Stars \u2013 und Tipps zum Konzertgeschehen in Bremen und der Region.<\/p>\n<p>22:04 bis 00:00 | WDR 3<br \/>\n<strong>WDR 3 Jazz &amp; World: Shelly Manne and his men \u201ecomplete live at the Black Hawk\u201c<\/strong><\/p>\n<p style=\"padding-left: 30px;\">Aufnahmen vom 22. bis 24. September 1959 aus dem Black Hawk, San Francisco. The Drummin\u00b4 Man<\/p>\n<p>22:05 bis 23:00 | NDR Info<br \/>\n<strong>Play Jazz! Das Jazzmagazin \u2013 Mit Sarah Seidel<\/strong><\/p>\n<p>22:30 bis 23:00 | hr2-kultur<br \/>\n<strong>Jazzgroove: An den R\u00e4ndern des Jazz <\/strong><\/p>\n<p style=\"padding-left: 30px;\">Am Mikrofon: Guenter Hottmann. heute mit: Donny McCaslin: Blow | Th\u00e9o Ceccaldi \u201eFreaks\u201c: Amanda Dakota | Jan Felix May: Red Messiah | Christoph Cech JazzOrchestraProject (CC JOP): Blue \u2013 Live At Porgy &amp; Bess |<\/p>\n<p>23:05 bis 00:00 | BR-KLASSIK<br \/>\n<strong>Jazztime: News &amp; Roots<\/strong><\/p>\n<p style=\"padding-left: 30px;\">Das Bill Evans Trio im \u201eThe Village Vanguard\u201c am 25. Juni 1961. Henning Sieverts pr\u00e4sentiert Highlights aus dieser Sternstunde des Jazz. Mit Bill Evans (Klavier), Scott La Faro (Kontrabass) und Paul Motian (Schlagzeug)<\/p>\n<hr \/>\n<h2>24.10.2018<\/h2>\n<hr \/>\n<p>17:50 bis 18:00 | SWR 2<br \/>\n<strong>SWR2 Jazz vor Sechs<\/strong><\/p>\n<p>19:05 bis 20:00 | BR-KLASSIK<br \/>\n<strong>Classic Sounds in Jazz: Walk tall<\/strong><\/p>\n<p style=\"padding-left: 30px;\">Ber\u00fchmte Jazzaufnahmen von und \u00fcber Menschen, die aufgestanden sind, oder eben nicht. Musik \u00fcber Rosa Parks und andere mutige Menschen von den US-Saxophonisten John Coltrane und Cannonball Adderley, der sizilianischen Pianistin Sade Mangiaracina und anderen. Moderation und Auswahl: Ulrich Habersetzer<\/p>\n<p>19:35 bis 20:00 | MDR Kultur<br \/>\n<strong>MDR KULTUR \u2013 Jazz Lounge: Miles Davis, Trompete<\/strong><\/p>\n<p>20:04 bis 22:30 | WDR 3<br \/>\n<strong>WDR 3 Konzert live: Pure Sounds<\/strong><\/p>\n<p style=\"padding-left: 30px;\">Lucy Woodward, Gesang; WDR Bigband, Arrangement und Leitung: Chris Walden. \u00dcbertragung aus dem Gloria Theater, K\u00f6ln<\/p>\n<p>22:05 bis 23:00 | NDR Info<br \/>\n<strong>Play Jazz! Das Jazzmagazin \u2013 Mit Sarah Seidel<\/strong><\/p>\n<p>22:30 bis 23:00 | hr2-kultur<br \/>\n<strong>Jazzfacts: What\u2019s going on? \u2013 Features, Interviews und was die Szene bewegt<\/strong><\/p>\n<p style=\"padding-left: 30px;\">\u201eAllg\u00e4u\u2019n\u2019India\u201c als blasmusikalische Leitkultur: Matthias Schriefl. \u201eIch glaub, es schrieflt!\u201c \u2013 Enfant terrible Matthias Schriefl macht mit krachlederner Hinterlist und hr-Bigband das Allg\u00e4u zu einer indischen Provinz. Am Mikrofon: Daniella Baumeister<\/p>\n<p>23:05 bis 00:00 | BR-KLASSIK<br \/>\n<strong>Jazztime: Jazz aus N\u00fcrnberg: Studio-Aufnahmen \u2013 Erkundungen in Peter Fuldas musikalischen Geisterwelten<\/strong><\/p>\n<p style=\"padding-left: 30px;\">Mit Peter Fulda (Piano und Komposition), Pegelia Gold (Gesang), Alex Bayer (Bass) und Bill Elgart (Schlagzeug). Aufnahme vom 1. Dezember 2017. Moderation und Auswahl: Beate Sampson<\/p>\n<hr \/>\n<h2>25.10.2018<\/h2>\n<hr \/>\n<p>17:50 bis 18:00 | SWR 2<br \/>\n<strong>SWR2 Jazz vor Sechs<\/strong><\/p>\n<p>19:04 bis 00:00 | hr2-kultur<br \/>\n<strong>49. Deutsches Jazzfestival Frankfurt 2018 \u2013 Live-\u00dcbertragung aus dem hr-Sendesaal<\/strong><\/p>\n<p style=\"padding-left: 30px;\">\u201eThe Big Amithias \u2013 Allg\u00e4u meets India\u201c: hr-Bigband feat. Matthias Schriefl || K\u00f6ster \/ Sternal \/ Burgwinkel Trio || Emile Parisien Quintet \u201eSfumato\u201c. Am Mikrofon: Daniella Baumeister<\/p>\n<p style=\"padding-left: 30px;\"><strong>hr-Bigband feat. Matthias Schriefl: \u201eThe Big Amithias \u2013 Allg\u00e4u meets India\u201c <\/strong>| Matthias Schriefl, brass instruments, alphorn, voc | Amith Nadig, bansuri, konnakkol | Vinod Shyam, mrudangam, tabla, konnakkol | Sunaad Anoor, khanjira, konnakkol | Lars Andreas Haug, alphorn | Sarah Buechi, voc | Sebastian Merk, dr, keyb, perc. g | hr-Bigband, cond. &amp; arr. by Matthias Schriefl |<br \/>\nSchriefls Schabernack bewegt sich immer auf h\u00f6chstem musikantischem Niveau. Gemeinsam mit der hr-Bigband, der renommierten Schweizer S\u00e4ngerin Sarah Buechi und drei indischen Virtuosen wird der msuikalische Tausendsassa Matthias Schriefl eine opulente Begegnung zwischen West und Ost inszenieren. Da trifft das Alphorn auf die Bansuri-Fl\u00f6te, Jazzgrooves auf Kala-Zyklen, abendl\u00e4ndische Harmonik auf Raga-Modi und nicht zuletzt alpenl\u00e4ndische auf fern\u00f6stliche Spiritualit\u00e4t. \u201eEine virtuose Begegnung, die so nur in den himmlischen Gefilden der grenzenlosen, puren Freude an Musik stattfinden kann\u201c, verspricht der Spiritus Rector des Unternehmens. Lustvolles \u201eSchriefln\u201c scheint garantiert.<\/p>\n<p style=\"padding-left: 30px;\"><strong>K\u00f6ster \/ Sternal \/ Burgwinkel Trio<\/strong> | Frederik K\u00f6ster, tp, electronics | Sebastian Sternal, p, rhodes | Jonas Burgwinkel, dr |<br \/>\nDie franz\u00f6sische Trompeterin Airelle Besson, die urspr\u00fcnglich im Trio mit Sebastian Sternal und Jonas Burgwinkel auftreten sollte, musste dieses Konzert kurzfristig schwangerschaftsbedingt absagen. Stattdessen konnte mit Frederik K\u00f6ster ein Musiker gewonnen werden, der vielen als eine der gr\u00f6\u00dften Entdeckungen der letzten Jahre gilt \u2013 und manchem sogar als Deutschlands neuer Trompetenstar. Die drei, K\u00f6ster, Sternal und Burgwinkel, kennen sich aus vielerlei Band-Zusammenh\u00e4ngen, haben allerdings in dieser speziellen Besetzung noch nie zusammen gespielt. Bei der Premiere treffen starke und gleichberechtigte Individualisten aufeinander, die sich gegenseitig viel Raum zur spontanen Ausgestaltung geben. In einem Trio ohne Bass ergibt das \u201euntenrum viel Platz, den man sehr kreativ nutzen kann\u201c, freut sich Jonas Burgwinkel, \u201eund das bringt der Band mehr Leichtigkeit und Flexibilit\u00e4t.\u201c<\/p>\n<p style=\"padding-left: 30px;\"><strong>Emile Parisien Quintet \u201eSfumato\u201c <\/strong>| Emile Parisien, ss | Joachim K\u00fchn, p | Manu Codjia, g | Simon Tailleu, b | Mario Costa, dr |<br \/>\nSchon einmal stand Emile Parisien auf der B\u00fchne des Frankfurter Festivals: 2015 war das, im Duo mit dem Akkordeonisten Vincent Peirani. Gegenseitig \u00fcberboten sich die beiden Shooting-Stars aus Frankreich mit virtuoser Spielfreude und \u00fcberbordender Musikalit\u00e4t. Jetzt tritt Parisien mit seinem neuen Quintett Sfumato an. Schwindelerregende Improvisationen, energiegeladene Grooves, virtuose Themen und die absolute Freiheit von stilistischen Scheuklappen lassen die Auftritte dieser Band zu einem Erlebnis werden. Melodienselige Folklore und die Abstraktion der freien Improvisationen, komplexe Jazzthemen und Passagen mit Pop-Appeal: nichts ist unm\u00f6glich und es wird garantiert nicht langweilig.<\/p>\n<p style=\"padding-left: 30px;\">Konzert\u00fcbertragungen aus dem hr-Sendesaal Frankfurt am Main, in den Umbaupausen Interviews und Features mit \/ zu den K\u00fcnstlern des Festivals, weitere Informationen unter: www.hr2.de\/jazzfestival<\/p>\n<p>19:35 bis 20:00 | MDR Kultur<br \/>\n<strong>MDR KULTUR \u2013 Jazz Lounge: Mix<\/strong><\/p>\n<p>21:00 bis 22:00 | MDR Kultur<br \/>\n<strong>MDR KULTUR \u2013 Jazz: Classics mit Bert Noglik<\/strong><\/p>\n<p>21:05 bis 22:00 | Deutschlandfunk<br \/>\n<strong>JazzFacts: Mit Mut und Z\u00e4rtlichkeit \u2013 Die Pianistin Clara Haberkamp<\/strong><\/p>\n<p style=\"padding-left: 30px;\">Von Odilo Clausnitzer. Schon ihr Deb\u00fct fiel aus dem Rahmen: eine Solo-Vinylplatte mit Standards, Eigenkompositionen und einer Skrjabin-Bearbeitung. Sechs Jahre und drei Trio-CDs weiter ist Clara Haberkamp eine der eigenst\u00e4ndigsten Pianistinnen der deutschen Jazzszene. Clara Haberkamps Kompositionen, so angenehm sie oft zu h\u00f6ren sind, gehen nie in vorhersehbaren Wendungen auf. Eing\u00e4ngig und zugleich sperrig, zart und doch k\u00fchn wirkt ihre Musik. Als Pianistin improvisiert sie filigran und farbenreich. Als S\u00e4ngerin mit unverstellt klarer Diktion verleiht sie ihren mit eigenen Texten versehenen Melodien auch eine ber\u00fchrende Stimme. Nach der Mitgliedschaft im Bundesjazzorchester und dem Studium in Berlin und Hamburg lebt Clara Haberkamp heute in der Bundeshauptstadt. Im Gespr\u00e4ch f\u00fchrt sie durch ihre musikalische Welt.<\/p>\n<p>22:04 bis 00:00 | WDR 3<br \/>\n<strong>WDR 3 Jazz &amp; World: Szene NRW \u2013 Aktuelles aus der Region<\/strong><\/p>\n<p style=\"padding-left: 30px;\">Der K\u00f6lner Trompeter Matthias Schriefl. Preview Jazz: Karl Lippegaus. Preview World: Harald J\u00fcngst<\/p>\n<p>22:05 bis 23:00 | NDR Info<br \/>\n<strong>Play Jazz! Das Jazzmagazin \u2013 Mit Sarah Seidel<\/strong><\/p>\n<p>23:03 bis 00:00 | SWR 2<br \/>\n<strong>SWR2 NOWJazz Session: Twins \u2013 Das Duo Lionel Loueke\/Kevin Hays im Sudhaus, T\u00fcbingen 2018<\/strong><\/p>\n<p style=\"padding-left: 30px;\">Am Mikrofon: Odilo Clausnitzer. Gitarre-Klavier-Duos geh\u00f6ren zu den seltenen Erscheinungen im Jazz. Einzigartig ist das des US-Amerikaners Kevin Hays und des aus Benin stammenden Lionel Loueke. In ihren innigen Dialogen verarbeiten sie aus Jazz-Perspektive auch Musik aus Westafrika, Haiti und Brasilien. Loueke geh\u00f6rt u. a. als langj\u00e4hriger Sideman von Herbie Hancock zu den profiliertesten Gitarristen des zeitgen\u00f6ssischen Jazz. Kevin Hays\u2019 Erfahrungen als Sideman reichen von Sonny Rollins \u00fcber John Scofield bis Chris Potter. Beide gelten als besonders originelle Stilisten auf ihren Instrumenten. Der hier vorgestellte Mitschnitt der SWR-Jazzredaktion fand am 17. M\u00e4rz dieses Jahres im Sudhaus in T\u00fcbingen statt.<\/p>\n<p>23:05 bis 00:00 | BR-KLASSIK<br \/>\n<strong>Jazztime: All that Jazz \u2013 From the Ancient to the Future \u2013 Die Musik des \u201eArt Ensemble of Chicago\u201c<\/strong><\/p>\n<p style=\"padding-left: 30px;\">Mit Protagonisten wie Trompeter Lester Bowie und Saxophonist Roscoe Mitchell in einer Retrospektive. Moderation und Auswahl: Roland Spiegel<\/p>\n<hr \/>\n<h2>26.10.2018<\/h2>\n<hr \/>\n<p>17:50 bis 18:00 | SWR 2<br \/>\n<strong>SWR2 Jazz vor Sechs<\/strong><\/p>\n<p>19:04 bis 00:00 | hr2-kultur<br \/>\n<strong>49. Deutsches Jazzfestival Frankfurt 2018 \u2013 Live-\u00dcbertragung aus dem hr-Sendesaal<\/strong><\/p>\n<p style=\"padding-left: 30px;\">Oddarrang || David Helbock\u2019s Random\/Control || SFJazz Collective Plays The Music Of Miles Davis. Am Mikrofon: Claus Gnichwitz<\/p>\n<p style=\"padding-left: 30px;\"><strong>Oddarrang <\/strong>| Olavi Louhivuori, dr | Ilmari Pohjola, tb | Osmo Ikonen, cello | Lasse Sakara, g |\u00a0 Lasse Lindgren, b |<br \/>\nSchon seit \u00fcber 10 Jahren tourt dieses ungew\u00f6hnlich besetzte Quintett aus Helsinki durch Europa, gastiert bei den gro\u00dfen Jazzfestivals in London, Paris und Glasgow und fasziniert das Publikum allerorten mit seiner einmaligen und eigensinnigen Mischung aus Jazz, World Music, Filmmusikelementen und Postmodern Rock. Der Bandname \u201eOddarrang\u201c ist \u00fcbrigens ein Wortspiel und verbindet \u201eodd\u201c, was so viel wie merkw\u00fcrdig oder seltsam hei\u00dft, mit \u201eArrangement\u201c \u2013 treffender l\u00e4sst sich die einmalige Klangwelt der Finnen kaum bezeichnen<\/p>\n<p style=\"padding-left: 30px;\"><strong>David Helbock\u2019s Random\/Control <\/strong>| David Helbock, p, melodica, perc, electronics | Johannes B\u00e4r, tp, sousaphone, tuba, alphorn, didgeridoo, perc, electronics | Andreas Broger, ss, ts, cl, bcl, fl, flugelhorn, perc |<br \/>\nMehr als zwei Dutzend Instrumente stehen auf der B\u00fchne, wenn das Trio \u201eRandom\/Control\u201c eines seiner spektakul\u00e4ren Konzerte gibt. Gem\u00e4\u00df dem Bandnamen halten die drei musikalischen Irrwische souver\u00e4n die Balance zwischen Zufall und Kontrolle, zwischen Improvisation und Komposition. Mit Alphorn, Didgeridoo, Synthesizern, beatboxenden Stimmen und all dem anderen, was so auf der B\u00fchne steht, bleiben die drei Wirbelwinde von \u201eRandom\/Control\u201c ihrem seit langem konsequent entwickelten ungew\u00f6hnlichen Bandsound treu.<\/p>\n<p style=\"padding-left: 30px;\"><strong>SFJazz Collective Plays The Music Of Miles Davis <\/strong>| Miguel Zen\u00f3n, as | David S\u00e1nchez, ts | Etienne Charles,tp | Robin Eubanks, tb | Warren Wolf, vibes, marimba | Edward Simon, p | Matt Brewer, b | Obed Calvaire, dr |<br \/>\nAuf dem 2017 erschienenen Live-Album \u201eSFJAZZ Collective plays the music of Miles Davis &amp; original compositions\u201c gl\u00e4nzt jedes Bandmitglied mit hochvirtuosen, inspirierten Beitr\u00e4gen. Und das demokratisch organisierte Kollektiv begeistert mit der makellosen Ausf\u00fchrung von Arrangements, die allesamt den Vorlagen neue Farben abgewinnen, ganz egal ob sie wie \u201eSo What\u201c aus Miles akustischer oder wie \u201eBitches Brew\u201c aus dessen elektrischer Phase stammen. Als \u201eeine Art Jazz Messengers der letzten Tage\u201c wurde das SFJAZZ Collective schon bezeichnet. In Frankfurt findet das erste von nur zwei Deutschlandauftritten der Supergroup statt.<\/p>\n<p style=\"padding-left: 30px;\">Konzert\u00fcbertragungen aus dem Sendesaal Frankfurt am Main, in den Umbaupausen Interviews und Features mit \/ zu den K\u00fcnstlern des Festivals, weitere Informationen unter: www.hr2.de\/jazzfestival<\/p>\n<p>19:35 bis 20:00 | MDR Kultur<br \/>\n<strong>MDR KULTUR \u2013 Jazz Lounge: Best Of Big Band<\/strong><\/p>\n<p>22:04 bis 00:00 | WDR 3<br \/>\n<strong>WDR 3 Jazz &amp; World: Spinning Wheel<\/strong><\/p>\n<p style=\"padding-left: 30px;\">Aufnahmen des Albums \u201eLive and Improvised\u201c aus dem Jahr 1975. Die amerikanische Band \u201eBlood, Sweat and Tears\u201c<\/p>\n<p>22:05 bis 23:00 | NDR Info<br \/>\n<strong>Jazz Special: Jazz Talk<\/strong><\/p>\n<p style=\"padding-left: 30px;\">Nabil Atassi im Gespr\u00e4ch mit der neuen k\u00fcnstlerischen Leiterin vom Jazz Fest Berlin Nadin Deventer<\/p>\n<p>23:03 bis 00:00 | SWR 2<br \/>\n<strong>SWR2 NOWJazz Session: Flimmernde Kl\u00e4nge<\/strong><\/p>\n<p style=\"padding-left: 30px;\">Kit Downes und die Trondheim Voices in der Kaiser-Wilhelm-Ged\u00e4chtniskirche beim Jazzfest Berlin 2017. Am Mikrofon: Franziska Buhre<\/p>\n<p style=\"padding-left: 30px;\">Im letzten Jahr seiner k\u00fcnstlerischen Leitung des Jazzfest Berlin hat der Brite Richard Williams seinen Landsmann Kit Downes nach Berlin eingeladen. Der 1986 geborene Pianist pr\u00e4sentiert sich auf un\u00fcblichen Instrumenten \u2013 ein- bis dreimanualigen Kirchenorgeln. Die sieben S\u00e4ngerinnen der Trondheim Voices setzten den Klang der menschlichen Stimme ein, um den Raum der Kaiser-Wilhelm-Ged\u00e4chtnis-Kirche mit einer flirrenden Atmosph\u00e4re auszuf\u00fcllen. In die akustische Durchmessung der Kirche bezogen sie diskret elektronische Effektger\u00e4te mit ein.<\/p>\n<p>23:05 bis 00:00 | BR-KLASSIK<br \/>\n<strong>Jazztime: Das Jazzkonzert \u2013 Freie Bewegung in einer Klanglandschaft<\/strong><\/p>\n<p style=\"padding-left: 30px;\">Das Trio des Schlagzeugers Tyshawn Sorey, Artist in Residence beim Jazzfest Berlin 2018. Mit Tyshawn Sorey (Schlagzeug), Corey Smithe (Klavier) und Chris Tordini (Bass). Aufnahme vom 2. November 2017 im Haus der Berliner Festspiele. Moderation und Auswahl: Roland Spiegel<\/p>\n<hr \/>\n<h2>27.10.2018<\/h2>\n<hr \/>\n<p>17:50 bis 18:00 | SWR 2<br \/>\n<strong>SWR2 Jazz vor Sechs<\/strong><\/p>\n<p>18:05 bis 19:00 | BR-KLASSIK<br \/>\n<strong>Jazz und mehr: Die Seele lebt im Liede<\/strong><\/p>\n<p style=\"padding-left: 30px;\">Mit Aufnahmen von Trygve Seim, Gianmaria Testa, Norma Winstone und anderen. Moderation und Auswahl: Beatrix Gillmann<\/p>\n<p>19:04 bis 00:00 | hr2-kultur<br \/>\n<strong>49. Deutsches Jazzfestival Frankfurt 2018 \u2013 Live-\u00dcbertragung aus dem hr-Sendesaal<\/strong><\/p>\n<p style=\"padding-left: 30px;\">Shake Stew || Yazz Ahmed Band \u2013 La Saboteuse || Mark Guiliana Jazz Quartet. Am Mikrofon: Daniella Baumeister<\/p>\n<p style=\"padding-left: 30px;\"><strong>Shake Stew <\/strong>| Lukas Kranzelbinder, b, guembri | Clemens Salesny, as | Johannes Schleiermacher, ts | Mario Rom, Trumpet | Oliver Potratz, b | Niki Dolp, dr, perc | Mathias Koch, dr, perc |<br \/>\nShake Stew, das ist ein Septett mit zwei B\u00e4ssen, zwei Schlagzeugern, Trompete und zwei Saxophonen \u2013 und alle spielen um ihr Leben. So jedenfalls mag es Lukas Kranzelbinder, Bandleader und Bassist in Personalunion. Ihm geht es immer auch um Spiritualit\u00e4t \u2013 und um Gef\u00fchle. In seinem gesch\u00fcttelten Eintopf, seinem Shake Stew, verkocht Kranzelbinder in geradezu verschwenderischer Freigiebigkeit unterschiedlichste Ingredienzen: etwa federhall-getr\u00e4nkte Surfsounds und mystische Gnawa-Grooves, hypnotische Minimal Music und hymnischen Alpen-Gospel, atmosph\u00e4rische Klangfl\u00e4chen und explosive Kollektivimprovisationen, die an Charles Mingus\u2019 Workshopbands erinnern.<\/p>\n<p style=\"padding-left: 30px;\"><strong>Yazz Ahmed Band \u2013 La Saboteuse <\/strong>| Yazz Ahmed, tp | Ralph Wyld, vibes | Dave Mannington, b | Martin France, dr |<br \/>\n\u201ePsychedelic Arabic Jazz\u201c, so nennt ein algerischer Journalist diesen Stil \u2013 und Yazz Ahmed freut sich \u00fcber diese treffende Einordnung. \u201eIch liebe den Klang arabischer Musik\u201c, sagt sie. \u201eDie Melodien, der Gesang stehen f\u00fcr einen zutiefst humanistischen Ansatz und unterstreichen die Leidenschaft dieser Musik\u201c. Auf bislang zwei CDs hat Yazz Ahmed ihre gelungene Mischung aus britisch gepr\u00e4gtem Jazz mit ihren arabischen Wurzeln pr\u00e4sentiert, dabei u.a. ein speziell entwickeltes viertelt\u00f6niges Fl\u00fcgelhorn eingesetzt, das es ihr erlaubt, den ganz besonderen Skalen der arabischen Musik sehr nahe zu kommen. \u00dcberragende Kritiken und inzwischen weltweite Konzerteinladungen sind die Folge \u2013 und die CD \u201eLa Saboteuse\u201c gilt vielen sogar als \u201eAlbum des Jahres 2017\u201c.<\/p>\n<p style=\"padding-left: 30px;\"><strong>Mark Guiliana Jazz Quartet <\/strong>| Mark Guiliana, dr | Jason Rigby, ts | Fabian Almazan, p | Chris Morrissey, b |<br \/>\n\u201ePossibly the best drummer in the world\u201c, begeistert sich das Londoner Time Out Magazine, meint den Schlagzeuger und Komponisten Mark Guiliana und schreibt weiter: \u201eStell dir vor, man addiert die Meister des Hard Bop wie Elvin Jones und Art Blakey mit einer Roland Drum-Maschine, dividiert das Ergebnis dann durch den Hip Hop eines J Dilla, um das wiederum mit dem Drum\u2019n\u2019Bass-Wirbelsturm von \u201eSquarepusher\u201c zu multiplizieren\u201c. Gemeinsam fasziniert die Band durch ihr traumwandlerisch sicheres, dynamisches Zusammenspiel und entwickelt auf der Basis des klassischen Jazz eine Musik, die eine weit dar\u00fcber hinaus reichende magische Wirkung erzielt. Schlagzeug-Freaks bekommen ganz hei\u00dfe Ohren. Oder wie ein begeisterter Fan im Internet schreibt: \u201eWenn ich gro\u00df bin, m\u00f6chte ich Mark Guiliana sein!\u201c.<\/p>\n<p style=\"padding-left: 30px;\">Konzert\u00fcbertragungen aus dem hr-Sendesaal Frankfurt am Main, in den Umbaupausen Interviews und Features mit \/ zu den K\u00fcnstlern des Festivals, weitere Informationen unter: www.hr2.de\/jazzfestival<\/p>\n<p>20:15 bis 21:00 | NDR Info<br \/>\n<strong>Jazz Klassiker: 60 Jahre NDR Jazzkonzerte: Attila Zoller Quartett<\/strong><\/p>\n<p style=\"padding-left: 30px;\">NDR-Aufnahme vom 14. September 1973 aus dem NDR-Sendesaal in Hannover. Am Mikrofon: Beatrice Gamza<\/p>\n<p>22:03 bis 23:00 | SWR 2<br \/>\n<strong>SWR2 Jazztime: Die letzte Tournee \u2013 Miles Davis und John Coltrane 1960 in Europa<\/strong><\/p>\n<p style=\"padding-left: 30px;\">Von Hans-J\u00fcrgen Schaal. Knapp f\u00fcnf Jahre lang spielte John Coltrane das Tenorsaxofon in der Band des Trompeters Miles Davis. In dieser Zeit \u2013 von 1955 bis 1959 \u2013 machten die beiden zusammen eine ganze Reihe legend\u00e4rer Jazzalben, darunter \u201eRound About Midnight\u201c und \u201eCookin\u2019\u201e. Im Fr\u00fchjahr 1960 gaben Miles und Trane ihre endg\u00fcltige Abschiedstournee als Team. Es ging kreuz und quer durch Europa, gab auch Auftritte in Stuttgart und Ulm. Die Auftritte waren eine Art Retrospektive unter speziellen Vorzeichen.<\/p>\n<p>22:04 bis 00:00 | WDR 3<br \/>\n<strong>WDR 3 Open Sounds: Studio Elektronische Musik \u2013 Frauen und Technik<\/strong><\/p>\n<p style=\"padding-left: 30px;\">Mit Musik von Unsuk Chin, Phantom Chips, Delia Derbyshire, Electric Indigo, Farahnaz Hatam, Christina Kubisch, Julia Mih\u00e1ly, Daphne Oram, Else Marie Pade, Younghi Pagh-Paan, \u00c9liane Radique, Lucy Railton, Elisabeth Schimana und Marta Zapparoli<\/p>\n<p>22:05 bis 23:00 | NDR Info<br \/>\n<strong>Jazz Konzert: See More Jazz Festival Rostock 2018<\/strong><\/p>\n<p style=\"padding-left: 30px;\">Am Mikrofon: Heti Brunzel. Erstsendung am Sonnabend, Wiederholung am Dienstag auf NDR Blue<\/p>\n<hr \/>\n<h2>28.10.2018<\/h2>\n<hr \/>\n<p>00:05 bis 04:00 | Bayern 2<br \/>\n<strong>radioJazznacht \/ ARD-Nachtkonzert \u2013 Ende der Sommerzeit um 3:00 Uhr<\/strong><\/p>\n<p>19:04 bis 20:00 | hr2-kultur<br \/>\n<strong>hr-Bigband<\/strong><\/p>\n<p style=\"padding-left: 30px;\">Konzerte und Produktionen u.a. mit: \u201eO Sen Sen Sen\u201c: Richard Bona &amp; hr-Bigband, cond. &amp; arr. by Michael Philip Mossman, hr-Sendesaal Frankfurt am Main, M\u00e4rz 2018, Teil 1. Am Mikrofon: Claus Gnichwitz<\/p>\n<p>20:04 bis 22:30 | SR2 KulturRadio<br \/>\n<strong>JazzNow: 28. Internationalen St. Wendeler Jazztage \u2013 C\u00e9line Bonacina Quartet<\/strong><\/p>\n<p>22:15 bis 23:00 | NDR Info<br \/>\n<strong>Jazz NDR Bigband: Heinz Erhardt \u2013 Seine Musik<\/strong><\/p>\n","protected":false},"excerpt":{"rendered":"<p>Ein kleiner Blick in die Jazzwoche 44 im Radio. Wieder voll, der Radioterminkalender. In dieser Woche sicher im Zentrum: 49. Deutsches Jazzfestival Frankfurt 2018 mit Live-\u00dcbertragung aus dem hr-Sendesaal. Die \u00dcbersicht zum Download als PDF. Alle Angaben ohne Gew\u00e4hr. Jazz im Radio (Fernsehen) SR2 \u2013 JazzNow \u2013 Sonntags von 20.04 bis 22.30 Uhr BR-KLASSIK \u2013 Jazztime \u2013 Von Montag bis Freitag t\u00e4glich um 23.05 Uhr rbb-kulturradio \u2013 Late Night Jazz \u2013 Sa und So 23:04 \u2013 24:00 Uhr hr2-kultur \u2013 Jazz in hr2-kultur \u2013 t\u00e4glich SWR2 \u2013 Jazz \u2013 t\u00e4glich WDR3 \u2013 JAZZ &amp; WORLD \u2013 Improvisiertes zum Tagesausklang \u2013 Montag bis Freitag, 22.04 \u2013 0:00 Uhr Deutschlandfunk \u2013 Jazz (\u00dcberblick) \u2013 Jazz Live, JazzFacts und Milestones Deutschlandfunk Kultur \u2013 Jazz \u2013 diverse Sendetermine ARTE TV \u2013 Jazz 22.10.2018 17:50 bis 18:00 | SWR 2 SWR2 Jazz vor Sechs 19:04 bis 20:00 | hr2-kultur H\u00f6rbar: Musik grenzenlos 19:35 bis 20:00 | MDR Kultur MDR KULTUR \u2013 Jazz Lounge: Nancy Wilson, Vocals 20:04 bis 23:00 | hr2-kultur 49. Deutsches Jazzfestival Frankfurt 2018 \u2013 Live-\u00dcbertragung aus der Alten Oper Frankfurt \u201eHut ab!\u201c \u2013 Albert Mangelsdorff@90 || Das &hellip;<\/p>\n","protected":false},"author":1,"featured_media":16028,"comment_status":"open","ping_status":"closed","sticky":false,"template":"","format":"standard","meta":{"_jetpack_memberships_contains_paid_content":false,"footnotes":"","jetpack_publicize_message":"","jetpack_publicize_feature_enabled":true,"jetpack_social_post_already_shared":false,"jetpack_social_options":{"image_generator_settings":{"template":"highway","default_image_id":0,"font":"","enabled":false},"version":2}},"categories":[633,452],"tags":[1629],"coauthors":[650],"class_list":["post-17481","post","type-post","status-publish","format-standard","has-post-thumbnail","hentry","category-nachrichten","category-radio","tag-jazz-im-radio"],"yoast_head":"<!-- This site is optimized with the Yoast SEO plugin v27.5 - https:\/\/yoast.com\/product\/yoast-seo-wordpress\/ -->\n<title>Die Jazz-Radiowoche vom 22.10. bis 28.10.2018 - JazzZeitung<\/title>\n<meta name=\"robots\" content=\"index, follow, max-snippet:-1, max-image-preview:large, max-video-preview:-1\" \/>\n<link rel=\"canonical\" href=\"https:\/\/www.jazzzeitung.de\/cms\/2018\/10\/die-jazz-radiowoche-vom-22-10-bis-28-10-2018\/\" \/>\n<meta property=\"og:locale\" content=\"de_DE\" \/>\n<meta property=\"og:type\" content=\"article\" \/>\n<meta property=\"og:title\" content=\"Die Jazz-Radiowoche vom 22.10. bis 28.10.2018 - JazzZeitung\" \/>\n<meta property=\"og:description\" content=\"Ein kleiner Blick in die Jazzwoche 44 im Radio. Wieder voll, der Radioterminkalender. In dieser Woche sicher im Zentrum: 49. Deutsches Jazzfestival Frankfurt 2018 mit Live-\u00dcbertragung aus dem hr-Sendesaal. Die \u00dcbersicht zum Download als PDF. Alle Angaben ohne Gew\u00e4hr. Jazz im Radio (Fernsehen) SR2 \u2013 JazzNow \u2013 Sonntags von 20.04 bis 22.30 Uhr BR-KLASSIK \u2013 Jazztime \u2013 Von Montag bis Freitag t\u00e4glich um 23.05 Uhr rbb-kulturradio \u2013 Late Night Jazz \u2013 Sa und So 23:04 \u2013 24:00 Uhr hr2-kultur \u2013 Jazz in hr2-kultur \u2013 t\u00e4glich SWR2 \u2013 Jazz \u2013 t\u00e4glich WDR3 \u2013 JAZZ &amp; WORLD \u2013 Improvisiertes zum Tagesausklang \u2013 Montag bis Freitag, 22.04 \u2013 0:00 Uhr Deutschlandfunk \u2013 Jazz (\u00dcberblick) \u2013 Jazz Live, JazzFacts und Milestones Deutschlandfunk Kultur \u2013 Jazz \u2013 diverse Sendetermine ARTE TV \u2013 Jazz 22.10.2018 17:50 bis 18:00 | SWR 2 SWR2 Jazz vor Sechs 19:04 bis 20:00 | hr2-kultur H\u00f6rbar: Musik grenzenlos 19:35 bis 20:00 | MDR Kultur MDR KULTUR \u2013 Jazz Lounge: Nancy Wilson, Vocals 20:04 bis 23:00 | hr2-kultur 49. Deutsches Jazzfestival Frankfurt 2018 \u2013 Live-\u00dcbertragung aus der Alten Oper Frankfurt \u201eHut ab!\u201c \u2013 Albert Mangelsdorff@90 || Das &hellip;\" \/>\n<meta property=\"og:url\" content=\"https:\/\/www.jazzzeitung.de\/cms\/2018\/10\/die-jazz-radiowoche-vom-22-10-bis-28-10-2018\/\" \/>\n<meta property=\"og:site_name\" content=\"JazzZeitung\" \/>\n<meta property=\"article:publisher\" content=\"https:\/\/www.facebook.com\/JazzZeitung\/\" \/>\n<meta property=\"article:author\" content=\"https:\/\/www.facebook.com\/hufner\" \/>\n<meta property=\"article:published_time\" content=\"2018-10-21T10:00:05+00:00\" \/>\n<meta property=\"og:image\" content=\"https:\/\/i0.wp.com\/www.jazzzeitung.de\/cms\/wp-content\/uploads\/2018\/05\/radio-jazz_journalisten.jpg?fit=2048%2C1536&ssl=1\" \/>\n\t<meta property=\"og:image:width\" content=\"2048\" \/>\n\t<meta property=\"og:image:height\" content=\"1536\" \/>\n\t<meta property=\"og:image:type\" content=\"image\/jpeg\" \/>\n<meta name=\"author\" content=\"Martin Hufner\" \/>\n<script type=\"application\/ld+json\" class=\"yoast-schema-graph\">{\"@context\":\"https:\\\/\\\/schema.org\",\"@graph\":[{\"@type\":\"Article\",\"@id\":\"https:\\\/\\\/www.jazzzeitung.de\\\/cms\\\/2018\\\/10\\\/die-jazz-radiowoche-vom-22-10-bis-28-10-2018\\\/#article\",\"isPartOf\":{\"@id\":\"https:\\\/\\\/www.jazzzeitung.de\\\/cms\\\/2018\\\/10\\\/die-jazz-radiowoche-vom-22-10-bis-28-10-2018\\\/\"},\"author\":{\"name\":\"Martin Hufner\",\"@id\":\"https:\\\/\\\/www.jazzzeitung.de\\\/cms\\\/#\\\/schema\\\/person\\\/b9a4e5ac765d94fb8f617bfa8f1fc5f7\"},\"headline\":\"Die Jazz-Radiowoche vom 22.10. bis 28.10.2018\",\"datePublished\":\"2018-10-21T10:00:05+00:00\",\"mainEntityOfPage\":{\"@id\":\"https:\\\/\\\/www.jazzzeitung.de\\\/cms\\\/2018\\\/10\\\/die-jazz-radiowoche-vom-22-10-bis-28-10-2018\\\/\"},\"wordCount\":3337,\"commentCount\":0,\"publisher\":{\"@id\":\"https:\\\/\\\/www.jazzzeitung.de\\\/cms\\\/#organization\"},\"image\":{\"@id\":\"https:\\\/\\\/www.jazzzeitung.de\\\/cms\\\/2018\\\/10\\\/die-jazz-radiowoche-vom-22-10-bis-28-10-2018\\\/#primaryimage\"},\"thumbnailUrl\":\"https:\\\/\\\/i0.wp.com\\\/www.jazzzeitung.de\\\/cms\\\/wp-content\\\/uploads\\\/2018\\\/05\\\/radio-jazz_journalisten.jpg?fit=2048%2C1536&ssl=1\",\"keywords\":[\"Jazz im Radio\"],\"articleSection\":[\"News\",\"Radio\"],\"inLanguage\":\"de\",\"potentialAction\":[{\"@type\":\"CommentAction\",\"name\":\"Comment\",\"target\":[\"https:\\\/\\\/www.jazzzeitung.de\\\/cms\\\/2018\\\/10\\\/die-jazz-radiowoche-vom-22-10-bis-28-10-2018\\\/#respond\"]}]},{\"@type\":\"WebPage\",\"@id\":\"https:\\\/\\\/www.jazzzeitung.de\\\/cms\\\/2018\\\/10\\\/die-jazz-radiowoche-vom-22-10-bis-28-10-2018\\\/\",\"url\":\"https:\\\/\\\/www.jazzzeitung.de\\\/cms\\\/2018\\\/10\\\/die-jazz-radiowoche-vom-22-10-bis-28-10-2018\\\/\",\"name\":\"Die Jazz-Radiowoche vom 22.10. bis 28.10.2018 - JazzZeitung\",\"isPartOf\":{\"@id\":\"https:\\\/\\\/www.jazzzeitung.de\\\/cms\\\/#website\"},\"primaryImageOfPage\":{\"@id\":\"https:\\\/\\\/www.jazzzeitung.de\\\/cms\\\/2018\\\/10\\\/die-jazz-radiowoche-vom-22-10-bis-28-10-2018\\\/#primaryimage\"},\"image\":{\"@id\":\"https:\\\/\\\/www.jazzzeitung.de\\\/cms\\\/2018\\\/10\\\/die-jazz-radiowoche-vom-22-10-bis-28-10-2018\\\/#primaryimage\"},\"thumbnailUrl\":\"https:\\\/\\\/i0.wp.com\\\/www.jazzzeitung.de\\\/cms\\\/wp-content\\\/uploads\\\/2018\\\/05\\\/radio-jazz_journalisten.jpg?fit=2048%2C1536&ssl=1\",\"datePublished\":\"2018-10-21T10:00:05+00:00\",\"breadcrumb\":{\"@id\":\"https:\\\/\\\/www.jazzzeitung.de\\\/cms\\\/2018\\\/10\\\/die-jazz-radiowoche-vom-22-10-bis-28-10-2018\\\/#breadcrumb\"},\"inLanguage\":\"de\",\"potentialAction\":[{\"@type\":\"ReadAction\",\"target\":[\"https:\\\/\\\/www.jazzzeitung.de\\\/cms\\\/2018\\\/10\\\/die-jazz-radiowoche-vom-22-10-bis-28-10-2018\\\/\"]}]},{\"@type\":\"ImageObject\",\"inLanguage\":\"de\",\"@id\":\"https:\\\/\\\/www.jazzzeitung.de\\\/cms\\\/2018\\\/10\\\/die-jazz-radiowoche-vom-22-10-bis-28-10-2018\\\/#primaryimage\",\"url\":\"https:\\\/\\\/i0.wp.com\\\/www.jazzzeitung.de\\\/cms\\\/wp-content\\\/uploads\\\/2018\\\/05\\\/radio-jazz_journalisten.jpg?fit=2048%2C1536&ssl=1\",\"contentUrl\":\"https:\\\/\\\/i0.wp.com\\\/www.jazzzeitung.de\\\/cms\\\/wp-content\\\/uploads\\\/2018\\\/05\\\/radio-jazz_journalisten.jpg?fit=2048%2C1536&ssl=1\",\"width\":2048,\"height\":1536,\"caption\":\"Jazz im Radio. Foto\\\/Montage: Hufner\"},{\"@type\":\"BreadcrumbList\",\"@id\":\"https:\\\/\\\/www.jazzzeitung.de\\\/cms\\\/2018\\\/10\\\/die-jazz-radiowoche-vom-22-10-bis-28-10-2018\\\/#breadcrumb\",\"itemListElement\":[{\"@type\":\"ListItem\",\"position\":1,\"name\":\"Startseite\",\"item\":\"https:\\\/\\\/www.jazzzeitung.de\\\/cms\\\/\"},{\"@type\":\"ListItem\",\"position\":2,\"name\":\"Die Jazz-Radiowoche vom 22.10. bis 28.10.2018\"}]},{\"@type\":\"WebSite\",\"@id\":\"https:\\\/\\\/www.jazzzeitung.de\\\/cms\\\/#website\",\"url\":\"https:\\\/\\\/www.jazzzeitung.de\\\/cms\\\/\",\"name\":\"JazzZeitung\",\"description\":\"Jazz-News und Jazz-Kontroverses\",\"publisher\":{\"@id\":\"https:\\\/\\\/www.jazzzeitung.de\\\/cms\\\/#organization\"},\"potentialAction\":[{\"@type\":\"SearchAction\",\"target\":{\"@type\":\"EntryPoint\",\"urlTemplate\":\"https:\\\/\\\/www.jazzzeitung.de\\\/cms\\\/?s={search_term_string}\"},\"query-input\":{\"@type\":\"PropertyValueSpecification\",\"valueRequired\":true,\"valueName\":\"search_term_string\"}}],\"inLanguage\":\"de\"},{\"@type\":\"Organization\",\"@id\":\"https:\\\/\\\/www.jazzzeitung.de\\\/cms\\\/#organization\",\"name\":\"JazzZeitung online\",\"url\":\"https:\\\/\\\/www.jazzzeitung.de\\\/cms\\\/\",\"logo\":{\"@type\":\"ImageObject\",\"inLanguage\":\"de\",\"@id\":\"https:\\\/\\\/www.jazzzeitung.de\\\/cms\\\/#\\\/schema\\\/logo\\\/image\\\/\",\"url\":\"https:\\\/\\\/i0.wp.com\\\/www.jazzzeitung.de\\\/cms\\\/wp-content\\\/uploads\\\/2015\\\/08\\\/JAZZZEITUNGDE_Logo_Neu.png?fit=499%2C200&ssl=1\",\"contentUrl\":\"https:\\\/\\\/i0.wp.com\\\/www.jazzzeitung.de\\\/cms\\\/wp-content\\\/uploads\\\/2015\\\/08\\\/JAZZZEITUNGDE_Logo_Neu.png?fit=499%2C200&ssl=1\",\"width\":499,\"height\":200,\"caption\":\"JazzZeitung online\"},\"image\":{\"@id\":\"https:\\\/\\\/www.jazzzeitung.de\\\/cms\\\/#\\\/schema\\\/logo\\\/image\\\/\"},\"sameAs\":[\"https:\\\/\\\/www.facebook.com\\\/JazzZeitung\\\/\"]},{\"@type\":\"Person\",\"@id\":\"https:\\\/\\\/www.jazzzeitung.de\\\/cms\\\/#\\\/schema\\\/person\\\/b9a4e5ac765d94fb8f617bfa8f1fc5f7\",\"name\":\"Martin Hufner\",\"image\":{\"@type\":\"ImageObject\",\"inLanguage\":\"de\",\"@id\":\"https:\\\/\\\/i0.wp.com\\\/www.jazzzeitung.de\\\/cms\\\/wp-content\\\/uploads\\\/2013\\\/07\\\/huf-06.jpg?resize=96%2C96&ssl=15fcc31aa94540751a3b804516452be00\",\"url\":\"https:\\\/\\\/i0.wp.com\\\/www.jazzzeitung.de\\\/cms\\\/wp-content\\\/uploads\\\/2013\\\/07\\\/huf-06.jpg?resize=96%2C96&ssl=1\",\"contentUrl\":\"https:\\\/\\\/i0.wp.com\\\/www.jazzzeitung.de\\\/cms\\\/wp-content\\\/uploads\\\/2013\\\/07\\\/huf-06.jpg?resize=96%2C96&ssl=1\",\"caption\":\"Martin Hufner\"},\"description\":\"Martin Hufner ist freier Autor der JazzZeitung.\",\"sameAs\":[\"https:\\\/\\\/www.kritische-masse.de\\\/logbuch\",\"https:\\\/\\\/www.facebook.com\\\/hufner\"],\"url\":\"https:\\\/\\\/www.jazzzeitung.de\\\/cms\\\/author\\\/admin\\\/\"}]}<\/script>\n<!-- \/ Yoast SEO plugin. -->","yoast_head_json":{"title":"Die Jazz-Radiowoche vom 22.10. bis 28.10.2018 - JazzZeitung","robots":{"index":"index","follow":"follow","max-snippet":"max-snippet:-1","max-image-preview":"max-image-preview:large","max-video-preview":"max-video-preview:-1"},"canonical":"https:\/\/www.jazzzeitung.de\/cms\/2018\/10\/die-jazz-radiowoche-vom-22-10-bis-28-10-2018\/","og_locale":"de_DE","og_type":"article","og_title":"Die Jazz-Radiowoche vom 22.10. bis 28.10.2018 - JazzZeitung","og_description":"Ein kleiner Blick in die Jazzwoche 44 im Radio. Wieder voll, der Radioterminkalender. In dieser Woche sicher im Zentrum: 49. Deutsches Jazzfestival Frankfurt 2018 mit Live-\u00dcbertragung aus dem hr-Sendesaal. Die \u00dcbersicht zum Download als PDF. Alle Angaben ohne Gew\u00e4hr. Jazz im Radio (Fernsehen) SR2 \u2013 JazzNow \u2013 Sonntags von 20.04 bis 22.30 Uhr BR-KLASSIK \u2013 Jazztime \u2013 Von Montag bis Freitag t\u00e4glich um 23.05 Uhr rbb-kulturradio \u2013 Late Night Jazz \u2013 Sa und So 23:04 \u2013 24:00 Uhr hr2-kultur \u2013 Jazz in hr2-kultur \u2013 t\u00e4glich SWR2 \u2013 Jazz \u2013 t\u00e4glich WDR3 \u2013 JAZZ &amp; WORLD \u2013 Improvisiertes zum Tagesausklang \u2013 Montag bis Freitag, 22.04 \u2013 0:00 Uhr Deutschlandfunk \u2013 Jazz (\u00dcberblick) \u2013 Jazz Live, JazzFacts und Milestones Deutschlandfunk Kultur \u2013 Jazz \u2013 diverse Sendetermine ARTE TV \u2013 Jazz 22.10.2018 17:50 bis 18:00 | SWR 2 SWR2 Jazz vor Sechs 19:04 bis 20:00 | hr2-kultur H\u00f6rbar: Musik grenzenlos 19:35 bis 20:00 | MDR Kultur MDR KULTUR \u2013 Jazz Lounge: Nancy Wilson, Vocals 20:04 bis 23:00 | hr2-kultur 49. Deutsches Jazzfestival Frankfurt 2018 \u2013 Live-\u00dcbertragung aus der Alten Oper Frankfurt \u201eHut ab!\u201c \u2013 Albert Mangelsdorff@90 || Das &hellip;","og_url":"https:\/\/www.jazzzeitung.de\/cms\/2018\/10\/die-jazz-radiowoche-vom-22-10-bis-28-10-2018\/","og_site_name":"JazzZeitung","article_publisher":"https:\/\/www.facebook.com\/JazzZeitung\/","article_author":"https:\/\/www.facebook.com\/hufner","article_published_time":"2018-10-21T10:00:05+00:00","og_image":[{"width":2048,"height":1536,"url":"https:\/\/i0.wp.com\/www.jazzzeitung.de\/cms\/wp-content\/uploads\/2018\/05\/radio-jazz_journalisten.jpg?fit=2048%2C1536&ssl=1","type":"image\/jpeg"}],"author":"Martin Hufner","schema":{"@context":"https:\/\/schema.org","@graph":[{"@type":"Article","@id":"https:\/\/www.jazzzeitung.de\/cms\/2018\/10\/die-jazz-radiowoche-vom-22-10-bis-28-10-2018\/#article","isPartOf":{"@id":"https:\/\/www.jazzzeitung.de\/cms\/2018\/10\/die-jazz-radiowoche-vom-22-10-bis-28-10-2018\/"},"author":{"name":"Martin Hufner","@id":"https:\/\/www.jazzzeitung.de\/cms\/#\/schema\/person\/b9a4e5ac765d94fb8f617bfa8f1fc5f7"},"headline":"Die Jazz-Radiowoche vom 22.10. bis 28.10.2018","datePublished":"2018-10-21T10:00:05+00:00","mainEntityOfPage":{"@id":"https:\/\/www.jazzzeitung.de\/cms\/2018\/10\/die-jazz-radiowoche-vom-22-10-bis-28-10-2018\/"},"wordCount":3337,"commentCount":0,"publisher":{"@id":"https:\/\/www.jazzzeitung.de\/cms\/#organization"},"image":{"@id":"https:\/\/www.jazzzeitung.de\/cms\/2018\/10\/die-jazz-radiowoche-vom-22-10-bis-28-10-2018\/#primaryimage"},"thumbnailUrl":"https:\/\/i0.wp.com\/www.jazzzeitung.de\/cms\/wp-content\/uploads\/2018\/05\/radio-jazz_journalisten.jpg?fit=2048%2C1536&ssl=1","keywords":["Jazz im Radio"],"articleSection":["News","Radio"],"inLanguage":"de","potentialAction":[{"@type":"CommentAction","name":"Comment","target":["https:\/\/www.jazzzeitung.de\/cms\/2018\/10\/die-jazz-radiowoche-vom-22-10-bis-28-10-2018\/#respond"]}]},{"@type":"WebPage","@id":"https:\/\/www.jazzzeitung.de\/cms\/2018\/10\/die-jazz-radiowoche-vom-22-10-bis-28-10-2018\/","url":"https:\/\/www.jazzzeitung.de\/cms\/2018\/10\/die-jazz-radiowoche-vom-22-10-bis-28-10-2018\/","name":"Die Jazz-Radiowoche vom 22.10. bis 28.10.2018 - JazzZeitung","isPartOf":{"@id":"https:\/\/www.jazzzeitung.de\/cms\/#website"},"primaryImageOfPage":{"@id":"https:\/\/www.jazzzeitung.de\/cms\/2018\/10\/die-jazz-radiowoche-vom-22-10-bis-28-10-2018\/#primaryimage"},"image":{"@id":"https:\/\/www.jazzzeitung.de\/cms\/2018\/10\/die-jazz-radiowoche-vom-22-10-bis-28-10-2018\/#primaryimage"},"thumbnailUrl":"https:\/\/i0.wp.com\/www.jazzzeitung.de\/cms\/wp-content\/uploads\/2018\/05\/radio-jazz_journalisten.jpg?fit=2048%2C1536&ssl=1","datePublished":"2018-10-21T10:00:05+00:00","breadcrumb":{"@id":"https:\/\/www.jazzzeitung.de\/cms\/2018\/10\/die-jazz-radiowoche-vom-22-10-bis-28-10-2018\/#breadcrumb"},"inLanguage":"de","potentialAction":[{"@type":"ReadAction","target":["https:\/\/www.jazzzeitung.de\/cms\/2018\/10\/die-jazz-radiowoche-vom-22-10-bis-28-10-2018\/"]}]},{"@type":"ImageObject","inLanguage":"de","@id":"https:\/\/www.jazzzeitung.de\/cms\/2018\/10\/die-jazz-radiowoche-vom-22-10-bis-28-10-2018\/#primaryimage","url":"https:\/\/i0.wp.com\/www.jazzzeitung.de\/cms\/wp-content\/uploads\/2018\/05\/radio-jazz_journalisten.jpg?fit=2048%2C1536&ssl=1","contentUrl":"https:\/\/i0.wp.com\/www.jazzzeitung.de\/cms\/wp-content\/uploads\/2018\/05\/radio-jazz_journalisten.jpg?fit=2048%2C1536&ssl=1","width":2048,"height":1536,"caption":"Jazz im Radio. Foto\/Montage: Hufner"},{"@type":"BreadcrumbList","@id":"https:\/\/www.jazzzeitung.de\/cms\/2018\/10\/die-jazz-radiowoche-vom-22-10-bis-28-10-2018\/#breadcrumb","itemListElement":[{"@type":"ListItem","position":1,"name":"Startseite","item":"https:\/\/www.jazzzeitung.de\/cms\/"},{"@type":"ListItem","position":2,"name":"Die Jazz-Radiowoche vom 22.10. bis 28.10.2018"}]},{"@type":"WebSite","@id":"https:\/\/www.jazzzeitung.de\/cms\/#website","url":"https:\/\/www.jazzzeitung.de\/cms\/","name":"JazzZeitung","description":"Jazz-News und Jazz-Kontroverses","publisher":{"@id":"https:\/\/www.jazzzeitung.de\/cms\/#organization"},"potentialAction":[{"@type":"SearchAction","target":{"@type":"EntryPoint","urlTemplate":"https:\/\/www.jazzzeitung.de\/cms\/?s={search_term_string}"},"query-input":{"@type":"PropertyValueSpecification","valueRequired":true,"valueName":"search_term_string"}}],"inLanguage":"de"},{"@type":"Organization","@id":"https:\/\/www.jazzzeitung.de\/cms\/#organization","name":"JazzZeitung online","url":"https:\/\/www.jazzzeitung.de\/cms\/","logo":{"@type":"ImageObject","inLanguage":"de","@id":"https:\/\/www.jazzzeitung.de\/cms\/#\/schema\/logo\/image\/","url":"https:\/\/i0.wp.com\/www.jazzzeitung.de\/cms\/wp-content\/uploads\/2015\/08\/JAZZZEITUNGDE_Logo_Neu.png?fit=499%2C200&ssl=1","contentUrl":"https:\/\/i0.wp.com\/www.jazzzeitung.de\/cms\/wp-content\/uploads\/2015\/08\/JAZZZEITUNGDE_Logo_Neu.png?fit=499%2C200&ssl=1","width":499,"height":200,"caption":"JazzZeitung online"},"image":{"@id":"https:\/\/www.jazzzeitung.de\/cms\/#\/schema\/logo\/image\/"},"sameAs":["https:\/\/www.facebook.com\/JazzZeitung\/"]},{"@type":"Person","@id":"https:\/\/www.jazzzeitung.de\/cms\/#\/schema\/person\/b9a4e5ac765d94fb8f617bfa8f1fc5f7","name":"Martin Hufner","image":{"@type":"ImageObject","inLanguage":"de","@id":"https:\/\/i0.wp.com\/www.jazzzeitung.de\/cms\/wp-content\/uploads\/2013\/07\/huf-06.jpg?resize=96%2C96&ssl=15fcc31aa94540751a3b804516452be00","url":"https:\/\/i0.wp.com\/www.jazzzeitung.de\/cms\/wp-content\/uploads\/2013\/07\/huf-06.jpg?resize=96%2C96&ssl=1","contentUrl":"https:\/\/i0.wp.com\/www.jazzzeitung.de\/cms\/wp-content\/uploads\/2013\/07\/huf-06.jpg?resize=96%2C96&ssl=1","caption":"Martin Hufner"},"description":"Martin Hufner ist freier Autor der JazzZeitung.","sameAs":["https:\/\/www.kritische-masse.de\/logbuch","https:\/\/www.facebook.com\/hufner"],"url":"https:\/\/www.jazzzeitung.de\/cms\/author\/admin\/"}]}},"wp-worthy-pixel":{"ignored":false,"public":null,"server":null,"url":null},"wp-worthy-type":"normal","jetpack_publicize_connections":[],"cc_featured_image_caption":{"caption_text":"Jazz im Radio","source_text":"Foto\/Montage: Hufner","source_url":"https:\/\/www.musikkritik.org"},"jetpack_featured_media_url":"https:\/\/i0.wp.com\/www.jazzzeitung.de\/cms\/wp-content\/uploads\/2018\/05\/radio-jazz_journalisten.jpg?fit=2048%2C1536&ssl=1","jetpack_shortlink":"https:\/\/wp.me\/p3KEcT-4xX","jetpack-related-posts":[{"id":22236,"url":"https:\/\/www.jazzzeitung.de\/cms\/2020\/03\/die-jazz-radiowoche-vom-30-03-20-bis-05-04-20\/","url_meta":{"origin":17481,"position":0},"title":"Die Jazz-Radiowoche vom 30.03.20 bis 05.04.20","author":"Martin Hufner","date":"29. M\u00e4rz 2020","format":false,"excerpt":"Ein kleiner Blick in die Jazzwoche 14 im Radio. Alle Angaben ohne Gew\u00e4hr. Jazz im Radio (Fernsehen) SR2 \u2013 JazzNow \u2013 Sonntags von 20.04 bis 22.30 Uhr BR-KLASSIK \u2013 Jazztime \u2013 Von Montag bis Freitag t\u00e4glich um 23.05 Uhr rbb-kultur \u2013 Late Night Jazz \u2013 Sa und So 23:04 \u2013\u2026","rel":"","context":"In &quot;News&quot;","block_context":{"text":"News","link":"https:\/\/www.jazzzeitung.de\/cms\/thema\/nachrichten\/"},"img":{"alt_text":"Jazz im Radio. Foto: Hufner","src":"https:\/\/i0.wp.com\/www.jazzzeitung.de\/cms\/wp-content\/uploads\/2019\/03\/jazz_im_radio.jpg?fit=1200%2C773&ssl=1&resize=350%2C200","width":350,"height":200,"srcset":"https:\/\/i0.wp.com\/www.jazzzeitung.de\/cms\/wp-content\/uploads\/2019\/03\/jazz_im_radio.jpg?fit=1200%2C773&ssl=1&resize=350%2C200 1x, https:\/\/i0.wp.com\/www.jazzzeitung.de\/cms\/wp-content\/uploads\/2019\/03\/jazz_im_radio.jpg?fit=1200%2C773&ssl=1&resize=525%2C300 1.5x, https:\/\/i0.wp.com\/www.jazzzeitung.de\/cms\/wp-content\/uploads\/2019\/03\/jazz_im_radio.jpg?fit=1200%2C773&ssl=1&resize=700%2C400 2x, https:\/\/i0.wp.com\/www.jazzzeitung.de\/cms\/wp-content\/uploads\/2019\/03\/jazz_im_radio.jpg?fit=1200%2C773&ssl=1&resize=1050%2C600 3x"},"classes":[]},{"id":23939,"url":"https:\/\/www.jazzzeitung.de\/cms\/2020\/12\/die-jazz-radiowoche-vom-7-12-20-bis-13-12-2020\/","url_meta":{"origin":17481,"position":1},"title":"Die Jazz-Radiowoche vom 7.12.20 bis 13.12.2020","author":"Martin Hufner","date":"6. Dezember 2020","format":false,"excerpt":"Ein kleiner Blick in die Jazzwoche 50 im Radio. Der ist dieses mal so klein, es steht da n\u00e4mlich gar nichts drin.Grund daf\u00fcr: Die Suchmaschine f\u00fcr Radiosendungen der ARD gibt am dem 7.12.2020 keine Ergebnisse heraus. Versuche der Kontaktaufnahme mit der ARD sind ohne Echo verhallt. Aktuell bleibt es bei\u2026","rel":"","context":"In &quot;News&quot;","block_context":{"text":"News","link":"https:\/\/www.jazzzeitung.de\/cms\/thema\/nachrichten\/"},"img":{"alt_text":"Jazz im Radio. Foto: Hufner","src":"https:\/\/i0.wp.com\/www.jazzzeitung.de\/cms\/wp-content\/uploads\/2019\/03\/jazz_im_radio.jpg?fit=1200%2C773&ssl=1&resize=350%2C200","width":350,"height":200,"srcset":"https:\/\/i0.wp.com\/www.jazzzeitung.de\/cms\/wp-content\/uploads\/2019\/03\/jazz_im_radio.jpg?fit=1200%2C773&ssl=1&resize=350%2C200 1x, https:\/\/i0.wp.com\/www.jazzzeitung.de\/cms\/wp-content\/uploads\/2019\/03\/jazz_im_radio.jpg?fit=1200%2C773&ssl=1&resize=525%2C300 1.5x, https:\/\/i0.wp.com\/www.jazzzeitung.de\/cms\/wp-content\/uploads\/2019\/03\/jazz_im_radio.jpg?fit=1200%2C773&ssl=1&resize=700%2C400 2x, https:\/\/i0.wp.com\/www.jazzzeitung.de\/cms\/wp-content\/uploads\/2019\/03\/jazz_im_radio.jpg?fit=1200%2C773&ssl=1&resize=1050%2C600 3x"},"classes":[]},{"id":23982,"url":"https:\/\/www.jazzzeitung.de\/cms\/2020\/12\/die-jazz-radiowoche-vom-14-12-20-bis-31-12-2020\/","url_meta":{"origin":17481,"position":2},"title":"Die Jazz-Radiowoche vom 14.12.20 bis 31.12.2020","author":"Martin Hufner","date":"13. Dezember 2020","format":false,"excerpt":"Ein kleiner Blick in Restmonat. Die Suchmaschine der ARD hat ihren Dienst am 7.12.2020 eingestellt. Nachfragen haben nur gezeigt, dass die Veranwortlichen kein Interesse daran haben, das zu kommunizieren. Weder ist herauszubekommen, wer das veranlasst hat noch warum. Danke ARD! F\u00fcr nichts. Jetzt schauen wir mal, wie es weiter geht.\u2026","rel":"","context":"In &quot;News&quot;","block_context":{"text":"News","link":"https:\/\/www.jazzzeitung.de\/cms\/thema\/nachrichten\/"},"img":{"alt_text":"Jazz im Radio. Foto: Hufner","src":"https:\/\/i0.wp.com\/www.jazzzeitung.de\/cms\/wp-content\/uploads\/2019\/03\/jazz_im_radio.jpg?fit=1200%2C773&ssl=1&resize=350%2C200","width":350,"height":200,"srcset":"https:\/\/i0.wp.com\/www.jazzzeitung.de\/cms\/wp-content\/uploads\/2019\/03\/jazz_im_radio.jpg?fit=1200%2C773&ssl=1&resize=350%2C200 1x, https:\/\/i0.wp.com\/www.jazzzeitung.de\/cms\/wp-content\/uploads\/2019\/03\/jazz_im_radio.jpg?fit=1200%2C773&ssl=1&resize=525%2C300 1.5x, https:\/\/i0.wp.com\/www.jazzzeitung.de\/cms\/wp-content\/uploads\/2019\/03\/jazz_im_radio.jpg?fit=1200%2C773&ssl=1&resize=700%2C400 2x, https:\/\/i0.wp.com\/www.jazzzeitung.de\/cms\/wp-content\/uploads\/2019\/03\/jazz_im_radio.jpg?fit=1200%2C773&ssl=1&resize=1050%2C600 3x"},"classes":[]},{"id":10184,"url":"https:\/\/www.jazzzeitung.de\/cms\/2016\/09\/newsjazz-im-turmjazzfest-berlinbirdland-jazz-club-neuburg\/","url_meta":{"origin":17481,"position":3},"title":"+++ News +++ Jazz im Turm +++ Jazzfest Berlin +++ Birdland Jazz Club Neuburg","author":"Redaktion JazzZeitung","date":"30. September 2016","format":false,"excerpt":"Jazz im Turm Die September-Jam-Session bei Jazz im Turm nahe Glonn, wird am 29.9.16 um 20 Uhr\u00a0 von der S\u00e4ngerin Jasmin Bayer mit ihrer Formation er\u00f6ffnet. Auf dem Programm stehen Lieder ihrer j\u00fcngst erschienenen CD \u201eSummer Melodies\u201c, die sie mit Peter Tuscher (tpt), David Roberts (p), Markus Wagner (b) und\u2026","rel":"","context":"In &quot;News&quot;","block_context":{"text":"News","link":"https:\/\/www.jazzzeitung.de\/cms\/thema\/nachrichten\/"},"img":{"alt_text":"cache_2461745399","src":"https:\/\/i0.wp.com\/www.jazzzeitung.de\/cms\/wp-content\/uploads\/2016\/09\/cache_2461745399-150x150.png?resize=350%2C200","width":350,"height":200},"classes":[]},{"id":21609,"url":"https:\/\/www.jazzzeitung.de\/cms\/2020\/01\/die-jazz-radiowoche-vom-06-01-20-bis-12-01-20-notausgabe\/","url_meta":{"origin":17481,"position":4},"title":"Die Jazz-Radiowoche vom 06.01.20 bis 12.01.20 (Notausgabe)","author":"Martin Hufner","date":"5. Januar 2020","format":false,"excerpt":"Ein kleiner Blick in die Jazzwoche 02 im Radio. Notausgabe! Die \u00dcbersicht zum Download als PDF. Alle Angaben ohne Gew\u00e4hr. Jazz im Radio (Fernsehen) SR2 \u2013 JazzNow \u2013 Sonntags von 20.04 bis 22.30 Uhr BR-KLASSIK \u2013 Jazztime \u2013 Von Montag bis Freitag t\u00e4glich um 23.05 Uhr rbb-kultur \u2013 Late Night\u2026","rel":"","context":"In &quot;News&quot;","block_context":{"text":"News","link":"https:\/\/www.jazzzeitung.de\/cms\/thema\/nachrichten\/"},"img":{"alt_text":"Jazz im Radio. Foto: Hufner","src":"https:\/\/i0.wp.com\/www.jazzzeitung.de\/cms\/wp-content\/uploads\/2019\/03\/jazz_im_radio.jpg?fit=1200%2C773&ssl=1&resize=350%2C200","width":350,"height":200,"srcset":"https:\/\/i0.wp.com\/www.jazzzeitung.de\/cms\/wp-content\/uploads\/2019\/03\/jazz_im_radio.jpg?fit=1200%2C773&ssl=1&resize=350%2C200 1x, https:\/\/i0.wp.com\/www.jazzzeitung.de\/cms\/wp-content\/uploads\/2019\/03\/jazz_im_radio.jpg?fit=1200%2C773&ssl=1&resize=525%2C300 1.5x, https:\/\/i0.wp.com\/www.jazzzeitung.de\/cms\/wp-content\/uploads\/2019\/03\/jazz_im_radio.jpg?fit=1200%2C773&ssl=1&resize=700%2C400 2x, https:\/\/i0.wp.com\/www.jazzzeitung.de\/cms\/wp-content\/uploads\/2019\/03\/jazz_im_radio.jpg?fit=1200%2C773&ssl=1&resize=1050%2C600 3x"},"classes":[]},{"id":14823,"url":"https:\/\/www.jazzzeitung.de\/cms\/2018\/01\/jazz-aus-nuernberg-studio-aufnahmen\/","url_meta":{"origin":17481,"position":5},"title":"Radio-Tipp: Jazz aus N\u00fcrnberg","author":"Redaktion JazzZeitung","date":"23. Januar 2018","format":false,"excerpt":"Am 24. Januar 2017 werden von 23:05 bis 24:00 Uhr neue Aufnahmen des Quartetts des Pianisten Dieter K\u00f6hnlein auf Bayern Klassik gesendet. Die St\u00fccke wurden im Dezember im Studio Franken durch den Bayerischen Rundfunk produziert. Im Rahmen der Sendung \"Jazztime\" f\u00fchrt Moderatorin Beate Sampson nun durch eine Auswahl der aufgenommenen\u2026","rel":"","context":"In &quot;News&quot;","block_context":{"text":"News","link":"https:\/\/www.jazzzeitung.de\/cms\/thema\/nachrichten\/"},"img":{"alt_text":"Jazz im Radio","src":"https:\/\/i0.wp.com\/www.jazzzeitung.de\/cms\/wp-content\/uploads\/2017\/10\/radio-jazz-neu.jpg?fit=1200%2C900&ssl=1&resize=350%2C200","width":350,"height":200,"srcset":"https:\/\/i0.wp.com\/www.jazzzeitung.de\/cms\/wp-content\/uploads\/2017\/10\/radio-jazz-neu.jpg?fit=1200%2C900&ssl=1&resize=350%2C200 1x, https:\/\/i0.wp.com\/www.jazzzeitung.de\/cms\/wp-content\/uploads\/2017\/10\/radio-jazz-neu.jpg?fit=1200%2C900&ssl=1&resize=525%2C300 1.5x, https:\/\/i0.wp.com\/www.jazzzeitung.de\/cms\/wp-content\/uploads\/2017\/10\/radio-jazz-neu.jpg?fit=1200%2C900&ssl=1&resize=700%2C400 2x, https:\/\/i0.wp.com\/www.jazzzeitung.de\/cms\/wp-content\/uploads\/2017\/10\/radio-jazz-neu.jpg?fit=1200%2C900&ssl=1&resize=1050%2C600 3x"},"classes":[]}],"jetpack_sharing_enabled":true,"_links":{"self":[{"href":"https:\/\/www.jazzzeitung.de\/cms\/wp-json\/wp\/v2\/posts\/17481","targetHints":{"allow":["GET"]}}],"collection":[{"href":"https:\/\/www.jazzzeitung.de\/cms\/wp-json\/wp\/v2\/posts"}],"about":[{"href":"https:\/\/www.jazzzeitung.de\/cms\/wp-json\/wp\/v2\/types\/post"}],"author":[{"embeddable":true,"href":"https:\/\/www.jazzzeitung.de\/cms\/wp-json\/wp\/v2\/users\/1"}],"replies":[{"embeddable":true,"href":"https:\/\/www.jazzzeitung.de\/cms\/wp-json\/wp\/v2\/comments?post=17481"}],"version-history":[{"count":1,"href":"https:\/\/www.jazzzeitung.de\/cms\/wp-json\/wp\/v2\/posts\/17481\/revisions"}],"predecessor-version":[{"id":17482,"href":"https:\/\/www.jazzzeitung.de\/cms\/wp-json\/wp\/v2\/posts\/17481\/revisions\/17482"}],"wp:featuredmedia":[{"embeddable":true,"href":"https:\/\/www.jazzzeitung.de\/cms\/wp-json\/wp\/v2\/media\/16028"}],"wp:attachment":[{"href":"https:\/\/www.jazzzeitung.de\/cms\/wp-json\/wp\/v2\/media?parent=17481"}],"wp:term":[{"taxonomy":"category","embeddable":true,"href":"https:\/\/www.jazzzeitung.de\/cms\/wp-json\/wp\/v2\/categories?post=17481"},{"taxonomy":"post_tag","embeddable":true,"href":"https:\/\/www.jazzzeitung.de\/cms\/wp-json\/wp\/v2\/tags?post=17481"},{"taxonomy":"author","embeddable":true,"href":"https:\/\/www.jazzzeitung.de\/cms\/wp-json\/wp\/v2\/coauthors?post=17481"}],"curies":[{"name":"wp","href":"https:\/\/api.w.org\/{rel}","templated":true}]}}