{"id":17437,"date":"2018-10-11T16:22:40","date_gmt":"2018-10-11T14:22:40","guid":{"rendered":"https:\/\/www.jazzzeitung.de\/cms\/?p=17437"},"modified":"2018-10-11T16:31:54","modified_gmt":"2018-10-11T14:31:54","slug":"erklaerung-zur-gleichstellung-von-frauen-im-jazz-ruft-zur-mitzeichnung-auf","status":"publish","type":"post","link":"https:\/\/www.jazzzeitung.de\/cms\/2018\/10\/erklaerung-zur-gleichstellung-von-frauen-im-jazz-ruft-zur-mitzeichnung-auf\/","title":{"rendered":"Erkl\u00e4rung zur Gleichstellung von Frauen im Jazz ruft zur Mitzeichnung auf"},"content":{"rendered":"<div>\n<figure id=\"attachment_17138\" aria-describedby=\"caption-attachment-17138\" style=\"width: 242px\" class=\"wp-caption alignright\"><a href=\"https:\/\/i0.wp.com\/www.jazzzeitung.de\/cms\/wp-content\/uploads\/2018\/09\/DSC07964-Kinga-Glyk.jpg?ssl=1\"><img data-recalc-dims=\"1\" loading=\"lazy\" decoding=\"async\" data-attachment-id=\"17138\" data-permalink=\"https:\/\/www.jazzzeitung.de\/cms\/2018\/09\/lokalmatadore-und-weltklasse-jazz-an-einem-sommerabend-ist-ein-ort-der-begegnung\/dsc07964-kinga-glyk\/\" data-orig-file=\"https:\/\/i0.wp.com\/www.jazzzeitung.de\/cms\/wp-content\/uploads\/2018\/09\/DSC07964-Kinga-Glyk.jpg?fit=3092%2C3828&amp;ssl=1\" data-orig-size=\"3092,3828\" data-comments-opened=\"1\" data-image-meta=\"{&quot;aperture&quot;:&quot;0&quot;,&quot;credit&quot;:&quot;&quot;,&quot;camera&quot;:&quot;&quot;,&quot;caption&quot;:&quot;&quot;,&quot;created_timestamp&quot;:&quot;0&quot;,&quot;copyright&quot;:&quot;&quot;,&quot;focal_length&quot;:&quot;0&quot;,&quot;iso&quot;:&quot;0&quot;,&quot;shutter_speed&quot;:&quot;0&quot;,&quot;title&quot;:&quot;&quot;,&quot;orientation&quot;:&quot;0&quot;}\" data-image-title=\"\" data-image-description=\"\" data-image-caption=\"&lt;p&gt;Eine von wenigen: Jazz-Bassistin Kinga Glyk. Foto: Stefan Pieper&lt;\/p&gt;\n\" data-large-file=\"https:\/\/i0.wp.com\/www.jazzzeitung.de\/cms\/wp-content\/uploads\/2018\/09\/DSC07964-Kinga-Glyk.jpg?fit=485%2C600&amp;ssl=1\" class=\"wp-image-17138 size-medium\" src=\"https:\/\/i0.wp.com\/www.jazzzeitung.de\/cms\/wp-content\/uploads\/2018\/09\/DSC07964-Kinga-Glyk.jpg?resize=242%2C300&#038;ssl=1\" alt=\"\" width=\"242\" height=\"300\" srcset=\"https:\/\/i0.wp.com\/www.jazzzeitung.de\/cms\/wp-content\/uploads\/2018\/09\/DSC07964-Kinga-Glyk.jpg?resize=242%2C300&amp;ssl=1 242w, https:\/\/i0.wp.com\/www.jazzzeitung.de\/cms\/wp-content\/uploads\/2018\/09\/DSC07964-Kinga-Glyk.jpg?resize=768%2C951&amp;ssl=1 768w, https:\/\/i0.wp.com\/www.jazzzeitung.de\/cms\/wp-content\/uploads\/2018\/09\/DSC07964-Kinga-Glyk.jpg?resize=485%2C600&amp;ssl=1 485w, https:\/\/i0.wp.com\/www.jazzzeitung.de\/cms\/wp-content\/uploads\/2018\/09\/DSC07964-Kinga-Glyk.jpg?resize=600%2C743&amp;ssl=1 600w, https:\/\/i0.wp.com\/www.jazzzeitung.de\/cms\/wp-content\/uploads\/2018\/09\/DSC07964-Kinga-Glyk.jpg?w=1680&amp;ssl=1 1680w, https:\/\/i0.wp.com\/www.jazzzeitung.de\/cms\/wp-content\/uploads\/2018\/09\/DSC07964-Kinga-Glyk.jpg?w=2520&amp;ssl=1 2520w\" sizes=\"auto, (max-width: 242px) 100vw, 242px\" \/><\/a><figcaption id=\"caption-attachment-17138\" class=\"wp-caption-text\">Bassistin Kinga Glyk, fotografiert von Stefan Pieper<\/figcaption><\/figure>\n<p>Anl\u00e4sslich ihres 24. Jazzforums, das am 11. und 12. Oktober 2018 im Kulturzentrum Pavillon in Hannover stattfindet,\u00a0 hat die Union Deutscher Jazz-Musiker\/-innen gemeinsam mit zahlreichen Erstunterzeichner\/-innen die \u201eGemeinsame Erkl\u00e4rung zur Gleichstellung von Frauen im Jazz&#8220; ver\u00f6ffentlicht. Wie es in der vierseitigen Erkl\u00e4rung hei\u00dft, ist die Jazzszene Deutschlands &#8222;nach wie vor ma\u00dfgeblich von M\u00e4nnern gepr\u00e4gt. Frauen machen laut der Jazzstudie 2016 nur ein F\u00fcnftel der Jazzmusiker\/-innen in Deutschland aus.&#8220; Obwohl mehr M\u00e4dchen als Jungen an Musikschulen Unterricht nehmen, finden weniger Frauen anschlie\u00dfend in Bands und Ensembles; auch bei weiterer Professionalisierung etwa als Dozent\/in nimmt der Anteil der Frauen ab.<\/p>\n<\/div>\n<div>\n<p>Um diese Umst\u00e4nde zu \u00e4ndern, fordert die Erkl\u00e4rung f\u00fcr eine Gleichstellung der Frauen im Jazz nicht nur die Sensiblisierung f\u00fcr das Thema, sondern steht im Weiteren f\u00fcr eine geschlechtergerechte Sprache ein. Au\u00dferdem verlangt die Darlegung &#8222;eine geschlechterbewusste Unterrichtsp\u00e4dagogik in der musikalischen Bildung&#8220; sowie Kopplung \u00f6ffentlicher Geldmittel an eine angemesse Beteiligung von Frauen. \u00dcberdies sollen Frauen bewusst bei der Vergabe von \u00c4mtern und Funktion\u00e4r\/-innent\u00e4tigkeiten ber\u00fccksichtig werden, wozu auf Quotenregelungen gedr\u00e4ngt wird.<\/p>\n<p>Die von rund 80 Personen und Institutionen unterzeichnete Erkl\u00e4rung soll zum Abschluss des UDJ-Jazzforums am 12. Oktober 2018 im Zentrum stehen, wenn dann die Union Deutscher Jazzmusiker konkrete Ma\u00dfnahmen der Musiker\/-innenvertretung vorstellt. Unter anderem geht es dabei um die Zusammensetzung von Gremien, die Kriterien beim Deutschen Jazzpreis und das neue Programm der \u201eUDJ-Vertrauenskollegin&#8220;. Auf einer anschlie\u00dfenden Podiumsdiskussion diskutieren Friederike Darius (WDR), Erhard Grundl MdB (B\u00fcndnis 90\/Die Gr\u00fcnen), Helge Lindh MdB (SPD), Dr. Cornelie Kunkat (Deutscher Kulturrat) und Birgit Fritzen (bukof) zur &#8222;Chancengleichheit im Jazz&#8220;.<\/p>\n<p>Auf dem Er\u00f6ffnungspanel &#8222;H\u00e4user machen Leute: Wie werden Orte f\u00fcr den Jazz zu Leuchtt\u00fcrmen?&#8220; werden unterschiedliche Ans\u00e4tze und Ideen f\u00fcr Jazzspielst\u00e4tten wie das gemeinsame Konzept f\u00fcr ein &#8222;House of Jazz&#8220; auf Bundesebene, das Vorhaben &#8222;House of Music&#8220; in Hannover oder das &#8222;Zentrum f\u00fcr Jazz und aktuelle Musik&#8220; in K\u00f6ln er\u00f6rtet. Die Union Deutscher Jazzmusiker\/-innen wurde 1973 von renommierten Pers\u00f6nlichkeiten der deutschen Jazzszene ins Leben gerufen und versteht sich seither als Sprachrohr der Jazzmusikerinnen und Jazzmusiker in Deutschland.<\/p>\n<\/div>\n<div>Titelbild: China Moses, fotografiert von Michael Scheiner<\/div>\n<div>\n<p><a href=\"http:\/\/www.u-d-j.de\" target=\"_blank\" rel=\"noopener noreferrer\">www.u-d-j.de<\/a>.<\/p>\n<\/div>\n<div><\/div>\n<div><\/div>\n","protected":false},"excerpt":{"rendered":"<p>Anl\u00e4sslich ihres 24. Jazzforums, das am 11. und 12. Oktober 2018 im Kulturzentrum Pavillon in Hannover stattfindet,\u00a0 hat die Union Deutscher Jazz-Musiker\/-innen gemeinsam mit zahlreichen Erstunterzeichner\/-innen die \u201eGemeinsame Erkl\u00e4rung zur Gleichstellung von Frauen im Jazz&#8220; ver\u00f6ffentlicht. Wie es in der vierseitigen Erkl\u00e4rung hei\u00dft, ist die Jazzszene Deutschlands &#8222;nach wie vor ma\u00dfgeblich von M\u00e4nnern gepr\u00e4gt. Frauen machen laut der Jazzstudie 2016 nur ein F\u00fcnftel der Jazzmusiker\/-innen in Deutschland aus.&#8220; Obwohl mehr M\u00e4dchen als Jungen an Musikschulen Unterricht nehmen, finden weniger Frauen anschlie\u00dfend in Bands und Ensembles; auch bei weiterer Professionalisierung etwa als Dozent\/in nimmt der Anteil der Frauen ab. Um diese Umst\u00e4nde zu \u00e4ndern, fordert die Erkl\u00e4rung f\u00fcr eine Gleichstellung der Frauen im Jazz nicht nur die Sensiblisierung f\u00fcr das Thema, sondern steht im Weiteren f\u00fcr eine geschlechtergerechte Sprache ein. Au\u00dferdem verlangt die Darlegung &#8222;eine geschlechterbewusste Unterrichtsp\u00e4dagogik in der musikalischen Bildung&#8220; sowie Kopplung \u00f6ffentlicher Geldmittel an eine angemesse Beteiligung von Frauen. \u00dcberdies sollen Frauen bewusst bei der Vergabe von \u00c4mtern und Funktion\u00e4r\/-innent\u00e4tigkeiten ber\u00fccksichtig werden, wozu auf Quotenregelungen gedr\u00e4ngt wird. Die von rund 80 Personen und Institutionen unterzeichnete Erkl\u00e4rung soll zum Abschluss des UDJ-Jazzforums am 12. Oktober &hellip;<\/p>\n","protected":false},"author":18,"featured_media":15813,"comment_status":"open","ping_status":"closed","sticky":false,"template":"","format":"standard","meta":{"_jetpack_memberships_contains_paid_content":false,"footnotes":"","jetpack_publicize_message":"","jetpack_publicize_feature_enabled":true,"jetpack_social_post_already_shared":false,"jetpack_social_options":{"image_generator_settings":{"template":"highway","default_image_id":0,"font":"","enabled":false},"version":2}},"categories":[633],"tags":[1959,1467,134,137,185,2049,1876,281,798,1423,1978,1764,852,387,2048,508,1129,565,571,589],"coauthors":[695],"class_list":["post-17437","post","type-post","status-publish","format-standard","has-post-thumbnail","hentry","category-nachrichten","tag-1959","tag-china-moses","tag-deutscher-kulturrat","tag-deutschland","tag-frauen-im-jazz","tag-hannover","tag-jazz","tag-jazzmusiker","tag-jazzmusikerinnen","tag-jazzpreis","tag-jazzszene","tag-kinga-glyk","tag-koeln","tag-michael-scheiner","tag-oktober","tag-spd","tag-stefan-pieper","tag-udj","tag-union-deutscher-jazzmusiker","tag-wdr"],"yoast_head":"<!-- This site is optimized with the Yoast SEO plugin v27.5 - https:\/\/yoast.com\/product\/yoast-seo-wordpress\/ -->\n<title>Erkl\u00e4rung zur Gleichstellung von Frauen im Jazz ruft zur Mitzeichnung auf - JazzZeitung<\/title>\n<meta name=\"robots\" content=\"index, follow, max-snippet:-1, max-image-preview:large, max-video-preview:-1\" \/>\n<link rel=\"canonical\" href=\"https:\/\/www.jazzzeitung.de\/cms\/2018\/10\/erklaerung-zur-gleichstellung-von-frauen-im-jazz-ruft-zur-mitzeichnung-auf\/\" \/>\n<meta property=\"og:locale\" content=\"de_DE\" \/>\n<meta property=\"og:type\" content=\"article\" \/>\n<meta property=\"og:title\" content=\"Erkl\u00e4rung zur Gleichstellung von Frauen im Jazz ruft zur Mitzeichnung auf - JazzZeitung\" \/>\n<meta property=\"og:description\" content=\"Anl\u00e4sslich ihres 24. Jazzforums, das am 11. und 12. Oktober 2018 im Kulturzentrum Pavillon in Hannover stattfindet,\u00a0 hat die Union Deutscher Jazz-Musiker\/-innen gemeinsam mit zahlreichen Erstunterzeichner\/-innen die \u201eGemeinsame Erkl\u00e4rung zur Gleichstellung von Frauen im Jazz&#8220; ver\u00f6ffentlicht. Wie es in der vierseitigen Erkl\u00e4rung hei\u00dft, ist die Jazzszene Deutschlands &#8222;nach wie vor ma\u00dfgeblich von M\u00e4nnern gepr\u00e4gt. Frauen machen laut der Jazzstudie 2016 nur ein F\u00fcnftel der Jazzmusiker\/-innen in Deutschland aus.&#8220; Obwohl mehr M\u00e4dchen als Jungen an Musikschulen Unterricht nehmen, finden weniger Frauen anschlie\u00dfend in Bands und Ensembles; auch bei weiterer Professionalisierung etwa als Dozent\/in nimmt der Anteil der Frauen ab. Um diese Umst\u00e4nde zu \u00e4ndern, fordert die Erkl\u00e4rung f\u00fcr eine Gleichstellung der Frauen im Jazz nicht nur die Sensiblisierung f\u00fcr das Thema, sondern steht im Weiteren f\u00fcr eine geschlechtergerechte Sprache ein. Au\u00dferdem verlangt die Darlegung &#8222;eine geschlechterbewusste Unterrichtsp\u00e4dagogik in der musikalischen Bildung&#8220; sowie Kopplung \u00f6ffentlicher Geldmittel an eine angemesse Beteiligung von Frauen. \u00dcberdies sollen Frauen bewusst bei der Vergabe von \u00c4mtern und Funktion\u00e4r\/-innent\u00e4tigkeiten ber\u00fccksichtig werden, wozu auf Quotenregelungen gedr\u00e4ngt wird. Die von rund 80 Personen und Institutionen unterzeichnete Erkl\u00e4rung soll zum Abschluss des UDJ-Jazzforums am 12. Oktober &hellip;\" \/>\n<meta property=\"og:url\" content=\"https:\/\/www.jazzzeitung.de\/cms\/2018\/10\/erklaerung-zur-gleichstellung-von-frauen-im-jazz-ruft-zur-mitzeichnung-auf\/\" \/>\n<meta property=\"og:site_name\" content=\"JazzZeitung\" \/>\n<meta property=\"article:publisher\" content=\"https:\/\/www.facebook.com\/JazzZeitung\/\" \/>\n<meta property=\"article:published_time\" content=\"2018-10-11T14:22:40+00:00\" \/>\n<meta property=\"article:modified_time\" content=\"2018-10-11T14:31:54+00:00\" \/>\n<meta property=\"og:image\" content=\"https:\/\/www.jazzzeitung.de\/cms\/wp-content\/uploads\/2018\/05\/Moses-china_94-895x600.jpg\" \/>\n\t<meta property=\"og:image:width\" content=\"895\" \/>\n\t<meta property=\"og:image:height\" content=\"600\" \/>\n\t<meta property=\"og:image:type\" content=\"image\/jpeg\" \/>\n<meta name=\"author\" content=\"Redaktion JazzZeitung\" \/>\n<script type=\"application\/ld+json\" class=\"yoast-schema-graph\">{\"@context\":\"https:\\\/\\\/schema.org\",\"@graph\":[{\"@type\":\"Article\",\"@id\":\"https:\\\/\\\/www.jazzzeitung.de\\\/cms\\\/2018\\\/10\\\/erklaerung-zur-gleichstellung-von-frauen-im-jazz-ruft-zur-mitzeichnung-auf\\\/#article\",\"isPartOf\":{\"@id\":\"https:\\\/\\\/www.jazzzeitung.de\\\/cms\\\/2018\\\/10\\\/erklaerung-zur-gleichstellung-von-frauen-im-jazz-ruft-zur-mitzeichnung-auf\\\/\"},\"author\":{\"name\":\"Redaktion JazzZeitung\",\"@id\":\"https:\\\/\\\/www.jazzzeitung.de\\\/cms\\\/#\\\/schema\\\/person\\\/2245b36b9cd1d24cea10f01c031fb92b\"},\"headline\":\"Erkl\u00e4rung zur Gleichstellung von Frauen im Jazz ruft zur Mitzeichnung auf\",\"datePublished\":\"2018-10-11T14:22:40+00:00\",\"dateModified\":\"2018-10-11T14:31:54+00:00\",\"mainEntityOfPage\":{\"@id\":\"https:\\\/\\\/www.jazzzeitung.de\\\/cms\\\/2018\\\/10\\\/erklaerung-zur-gleichstellung-von-frauen-im-jazz-ruft-zur-mitzeichnung-auf\\\/\"},\"wordCount\":402,\"commentCount\":0,\"publisher\":{\"@id\":\"https:\\\/\\\/www.jazzzeitung.de\\\/cms\\\/#organization\"},\"image\":{\"@id\":\"https:\\\/\\\/www.jazzzeitung.de\\\/cms\\\/2018\\\/10\\\/erklaerung-zur-gleichstellung-von-frauen-im-jazz-ruft-zur-mitzeichnung-auf\\\/#primaryimage\"},\"thumbnailUrl\":\"https:\\\/\\\/i0.wp.com\\\/www.jazzzeitung.de\\\/cms\\\/wp-content\\\/uploads\\\/2018\\\/05\\\/Moses-china_94.jpg?fit=2348%2C1574&ssl=1\",\"keywords\":[\"2018\",\"China Moses\",\"Deutscher Kulturrat\",\"Deutschland\",\"Frauen im Jazz\",\"Hannover\",\"Jazz\",\"Jazzmusiker\",\"Jazzmusikerinnen\",\"Jazzpreis\",\"Jazzszene\",\"Kinga Glyk\",\"K\u00f6ln\",\"Michael Scheiner\",\"Oktober\",\"SPD\",\"Stefan Pieper\",\"UdJ\",\"Union deutscher Jazzmusiker\",\"WDR\"],\"articleSection\":[\"News\"],\"inLanguage\":\"de\",\"potentialAction\":[{\"@type\":\"CommentAction\",\"name\":\"Comment\",\"target\":[\"https:\\\/\\\/www.jazzzeitung.de\\\/cms\\\/2018\\\/10\\\/erklaerung-zur-gleichstellung-von-frauen-im-jazz-ruft-zur-mitzeichnung-auf\\\/#respond\"]}]},{\"@type\":\"WebPage\",\"@id\":\"https:\\\/\\\/www.jazzzeitung.de\\\/cms\\\/2018\\\/10\\\/erklaerung-zur-gleichstellung-von-frauen-im-jazz-ruft-zur-mitzeichnung-auf\\\/\",\"url\":\"https:\\\/\\\/www.jazzzeitung.de\\\/cms\\\/2018\\\/10\\\/erklaerung-zur-gleichstellung-von-frauen-im-jazz-ruft-zur-mitzeichnung-auf\\\/\",\"name\":\"Erkl\u00e4rung zur Gleichstellung von Frauen im Jazz ruft zur Mitzeichnung auf - JazzZeitung\",\"isPartOf\":{\"@id\":\"https:\\\/\\\/www.jazzzeitung.de\\\/cms\\\/#website\"},\"primaryImageOfPage\":{\"@id\":\"https:\\\/\\\/www.jazzzeitung.de\\\/cms\\\/2018\\\/10\\\/erklaerung-zur-gleichstellung-von-frauen-im-jazz-ruft-zur-mitzeichnung-auf\\\/#primaryimage\"},\"image\":{\"@id\":\"https:\\\/\\\/www.jazzzeitung.de\\\/cms\\\/2018\\\/10\\\/erklaerung-zur-gleichstellung-von-frauen-im-jazz-ruft-zur-mitzeichnung-auf\\\/#primaryimage\"},\"thumbnailUrl\":\"https:\\\/\\\/i0.wp.com\\\/www.jazzzeitung.de\\\/cms\\\/wp-content\\\/uploads\\\/2018\\\/05\\\/Moses-china_94.jpg?fit=2348%2C1574&ssl=1\",\"datePublished\":\"2018-10-11T14:22:40+00:00\",\"dateModified\":\"2018-10-11T14:31:54+00:00\",\"breadcrumb\":{\"@id\":\"https:\\\/\\\/www.jazzzeitung.de\\\/cms\\\/2018\\\/10\\\/erklaerung-zur-gleichstellung-von-frauen-im-jazz-ruft-zur-mitzeichnung-auf\\\/#breadcrumb\"},\"inLanguage\":\"de\",\"potentialAction\":[{\"@type\":\"ReadAction\",\"target\":[\"https:\\\/\\\/www.jazzzeitung.de\\\/cms\\\/2018\\\/10\\\/erklaerung-zur-gleichstellung-von-frauen-im-jazz-ruft-zur-mitzeichnung-auf\\\/\"]}]},{\"@type\":\"ImageObject\",\"inLanguage\":\"de\",\"@id\":\"https:\\\/\\\/www.jazzzeitung.de\\\/cms\\\/2018\\\/10\\\/erklaerung-zur-gleichstellung-von-frauen-im-jazz-ruft-zur-mitzeichnung-auf\\\/#primaryimage\",\"url\":\"https:\\\/\\\/i0.wp.com\\\/www.jazzzeitung.de\\\/cms\\\/wp-content\\\/uploads\\\/2018\\\/05\\\/Moses-china_94.jpg?fit=2348%2C1574&ssl=1\",\"contentUrl\":\"https:\\\/\\\/i0.wp.com\\\/www.jazzzeitung.de\\\/cms\\\/wp-content\\\/uploads\\\/2018\\\/05\\\/Moses-china_94.jpg?fit=2348%2C1574&ssl=1\",\"width\":2348,\"height\":1574,\"caption\":\"China Moses\"},{\"@type\":\"BreadcrumbList\",\"@id\":\"https:\\\/\\\/www.jazzzeitung.de\\\/cms\\\/2018\\\/10\\\/erklaerung-zur-gleichstellung-von-frauen-im-jazz-ruft-zur-mitzeichnung-auf\\\/#breadcrumb\",\"itemListElement\":[{\"@type\":\"ListItem\",\"position\":1,\"name\":\"Startseite\",\"item\":\"https:\\\/\\\/www.jazzzeitung.de\\\/cms\\\/\"},{\"@type\":\"ListItem\",\"position\":2,\"name\":\"Erkl\u00e4rung zur Gleichstellung von Frauen im Jazz ruft zur Mitzeichnung auf\"}]},{\"@type\":\"WebSite\",\"@id\":\"https:\\\/\\\/www.jazzzeitung.de\\\/cms\\\/#website\",\"url\":\"https:\\\/\\\/www.jazzzeitung.de\\\/cms\\\/\",\"name\":\"JazzZeitung\",\"description\":\"Jazz-News und Jazz-Kontroverses\",\"publisher\":{\"@id\":\"https:\\\/\\\/www.jazzzeitung.de\\\/cms\\\/#organization\"},\"potentialAction\":[{\"@type\":\"SearchAction\",\"target\":{\"@type\":\"EntryPoint\",\"urlTemplate\":\"https:\\\/\\\/www.jazzzeitung.de\\\/cms\\\/?s={search_term_string}\"},\"query-input\":{\"@type\":\"PropertyValueSpecification\",\"valueRequired\":true,\"valueName\":\"search_term_string\"}}],\"inLanguage\":\"de\"},{\"@type\":\"Organization\",\"@id\":\"https:\\\/\\\/www.jazzzeitung.de\\\/cms\\\/#organization\",\"name\":\"JazzZeitung online\",\"url\":\"https:\\\/\\\/www.jazzzeitung.de\\\/cms\\\/\",\"logo\":{\"@type\":\"ImageObject\",\"inLanguage\":\"de\",\"@id\":\"https:\\\/\\\/www.jazzzeitung.de\\\/cms\\\/#\\\/schema\\\/logo\\\/image\\\/\",\"url\":\"https:\\\/\\\/i0.wp.com\\\/www.jazzzeitung.de\\\/cms\\\/wp-content\\\/uploads\\\/2015\\\/08\\\/JAZZZEITUNGDE_Logo_Neu.png?fit=499%2C200&ssl=1\",\"contentUrl\":\"https:\\\/\\\/i0.wp.com\\\/www.jazzzeitung.de\\\/cms\\\/wp-content\\\/uploads\\\/2015\\\/08\\\/JAZZZEITUNGDE_Logo_Neu.png?fit=499%2C200&ssl=1\",\"width\":499,\"height\":200,\"caption\":\"JazzZeitung online\"},\"image\":{\"@id\":\"https:\\\/\\\/www.jazzzeitung.de\\\/cms\\\/#\\\/schema\\\/logo\\\/image\\\/\"},\"sameAs\":[\"https:\\\/\\\/www.facebook.com\\\/JazzZeitung\\\/\"]},{\"@type\":\"Person\",\"@id\":\"https:\\\/\\\/www.jazzzeitung.de\\\/cms\\\/#\\\/schema\\\/person\\\/2245b36b9cd1d24cea10f01c031fb92b\",\"name\":\"Redaktion JazzZeitung\",\"image\":{\"@type\":\"ImageObject\",\"inLanguage\":\"de\",\"@id\":\"https:\\\/\\\/i0.wp.com\\\/www.jazzzeitung.de\\\/cms\\\/wp-content\\\/uploads\\\/2015\\\/08\\\/JAZZZEITUNGDE_Logo_Neu.png?resize=96%2C96&ssl=159975dcacb611b5700bd619b5daf0a7a\",\"url\":\"https:\\\/\\\/i0.wp.com\\\/www.jazzzeitung.de\\\/cms\\\/wp-content\\\/uploads\\\/2015\\\/08\\\/JAZZZEITUNGDE_Logo_Neu.png?resize=96%2C96&ssl=1\",\"contentUrl\":\"https:\\\/\\\/i0.wp.com\\\/www.jazzzeitung.de\\\/cms\\\/wp-content\\\/uploads\\\/2015\\\/08\\\/JAZZZEITUNGDE_Logo_Neu.png?resize=96%2C96&ssl=1\",\"caption\":\"Redaktion JazzZeitung\"},\"description\":\"Artikel der Redaktion der JazzZeitung.\",\"sameAs\":[\"http:\\\/\\\/www.jazzzeitung.de\\\/cms\\\/\"],\"url\":\"https:\\\/\\\/www.jazzzeitung.de\\\/cms\\\/author\\\/redaktion\\\/\"}]}<\/script>\n<!-- \/ Yoast SEO plugin. -->","yoast_head_json":{"title":"Erkl\u00e4rung zur Gleichstellung von Frauen im Jazz ruft zur Mitzeichnung auf - JazzZeitung","robots":{"index":"index","follow":"follow","max-snippet":"max-snippet:-1","max-image-preview":"max-image-preview:large","max-video-preview":"max-video-preview:-1"},"canonical":"https:\/\/www.jazzzeitung.de\/cms\/2018\/10\/erklaerung-zur-gleichstellung-von-frauen-im-jazz-ruft-zur-mitzeichnung-auf\/","og_locale":"de_DE","og_type":"article","og_title":"Erkl\u00e4rung zur Gleichstellung von Frauen im Jazz ruft zur Mitzeichnung auf - JazzZeitung","og_description":"Anl\u00e4sslich ihres 24. Jazzforums, das am 11. und 12. Oktober 2018 im Kulturzentrum Pavillon in Hannover stattfindet,\u00a0 hat die Union Deutscher Jazz-Musiker\/-innen gemeinsam mit zahlreichen Erstunterzeichner\/-innen die \u201eGemeinsame Erkl\u00e4rung zur Gleichstellung von Frauen im Jazz&#8220; ver\u00f6ffentlicht. Wie es in der vierseitigen Erkl\u00e4rung hei\u00dft, ist die Jazzszene Deutschlands &#8222;nach wie vor ma\u00dfgeblich von M\u00e4nnern gepr\u00e4gt. Frauen machen laut der Jazzstudie 2016 nur ein F\u00fcnftel der Jazzmusiker\/-innen in Deutschland aus.&#8220; Obwohl mehr M\u00e4dchen als Jungen an Musikschulen Unterricht nehmen, finden weniger Frauen anschlie\u00dfend in Bands und Ensembles; auch bei weiterer Professionalisierung etwa als Dozent\/in nimmt der Anteil der Frauen ab. Um diese Umst\u00e4nde zu \u00e4ndern, fordert die Erkl\u00e4rung f\u00fcr eine Gleichstellung der Frauen im Jazz nicht nur die Sensiblisierung f\u00fcr das Thema, sondern steht im Weiteren f\u00fcr eine geschlechtergerechte Sprache ein. Au\u00dferdem verlangt die Darlegung &#8222;eine geschlechterbewusste Unterrichtsp\u00e4dagogik in der musikalischen Bildung&#8220; sowie Kopplung \u00f6ffentlicher Geldmittel an eine angemesse Beteiligung von Frauen. \u00dcberdies sollen Frauen bewusst bei der Vergabe von \u00c4mtern und Funktion\u00e4r\/-innent\u00e4tigkeiten ber\u00fccksichtig werden, wozu auf Quotenregelungen gedr\u00e4ngt wird. Die von rund 80 Personen und Institutionen unterzeichnete Erkl\u00e4rung soll zum Abschluss des UDJ-Jazzforums am 12. Oktober &hellip;","og_url":"https:\/\/www.jazzzeitung.de\/cms\/2018\/10\/erklaerung-zur-gleichstellung-von-frauen-im-jazz-ruft-zur-mitzeichnung-auf\/","og_site_name":"JazzZeitung","article_publisher":"https:\/\/www.facebook.com\/JazzZeitung\/","article_published_time":"2018-10-11T14:22:40+00:00","article_modified_time":"2018-10-11T14:31:54+00:00","og_image":[{"width":895,"height":600,"url":"https:\/\/www.jazzzeitung.de\/cms\/wp-content\/uploads\/2018\/05\/Moses-china_94-895x600.jpg","type":"image\/jpeg"}],"author":"Redaktion JazzZeitung","schema":{"@context":"https:\/\/schema.org","@graph":[{"@type":"Article","@id":"https:\/\/www.jazzzeitung.de\/cms\/2018\/10\/erklaerung-zur-gleichstellung-von-frauen-im-jazz-ruft-zur-mitzeichnung-auf\/#article","isPartOf":{"@id":"https:\/\/www.jazzzeitung.de\/cms\/2018\/10\/erklaerung-zur-gleichstellung-von-frauen-im-jazz-ruft-zur-mitzeichnung-auf\/"},"author":{"name":"Redaktion JazzZeitung","@id":"https:\/\/www.jazzzeitung.de\/cms\/#\/schema\/person\/2245b36b9cd1d24cea10f01c031fb92b"},"headline":"Erkl\u00e4rung zur Gleichstellung von Frauen im Jazz ruft zur Mitzeichnung auf","datePublished":"2018-10-11T14:22:40+00:00","dateModified":"2018-10-11T14:31:54+00:00","mainEntityOfPage":{"@id":"https:\/\/www.jazzzeitung.de\/cms\/2018\/10\/erklaerung-zur-gleichstellung-von-frauen-im-jazz-ruft-zur-mitzeichnung-auf\/"},"wordCount":402,"commentCount":0,"publisher":{"@id":"https:\/\/www.jazzzeitung.de\/cms\/#organization"},"image":{"@id":"https:\/\/www.jazzzeitung.de\/cms\/2018\/10\/erklaerung-zur-gleichstellung-von-frauen-im-jazz-ruft-zur-mitzeichnung-auf\/#primaryimage"},"thumbnailUrl":"https:\/\/i0.wp.com\/www.jazzzeitung.de\/cms\/wp-content\/uploads\/2018\/05\/Moses-china_94.jpg?fit=2348%2C1574&ssl=1","keywords":["2018","China Moses","Deutscher Kulturrat","Deutschland","Frauen im Jazz","Hannover","Jazz","Jazzmusiker","Jazzmusikerinnen","Jazzpreis","Jazzszene","Kinga Glyk","K\u00f6ln","Michael Scheiner","Oktober","SPD","Stefan Pieper","UdJ","Union deutscher Jazzmusiker","WDR"],"articleSection":["News"],"inLanguage":"de","potentialAction":[{"@type":"CommentAction","name":"Comment","target":["https:\/\/www.jazzzeitung.de\/cms\/2018\/10\/erklaerung-zur-gleichstellung-von-frauen-im-jazz-ruft-zur-mitzeichnung-auf\/#respond"]}]},{"@type":"WebPage","@id":"https:\/\/www.jazzzeitung.de\/cms\/2018\/10\/erklaerung-zur-gleichstellung-von-frauen-im-jazz-ruft-zur-mitzeichnung-auf\/","url":"https:\/\/www.jazzzeitung.de\/cms\/2018\/10\/erklaerung-zur-gleichstellung-von-frauen-im-jazz-ruft-zur-mitzeichnung-auf\/","name":"Erkl\u00e4rung zur Gleichstellung von Frauen im Jazz ruft zur Mitzeichnung auf - JazzZeitung","isPartOf":{"@id":"https:\/\/www.jazzzeitung.de\/cms\/#website"},"primaryImageOfPage":{"@id":"https:\/\/www.jazzzeitung.de\/cms\/2018\/10\/erklaerung-zur-gleichstellung-von-frauen-im-jazz-ruft-zur-mitzeichnung-auf\/#primaryimage"},"image":{"@id":"https:\/\/www.jazzzeitung.de\/cms\/2018\/10\/erklaerung-zur-gleichstellung-von-frauen-im-jazz-ruft-zur-mitzeichnung-auf\/#primaryimage"},"thumbnailUrl":"https:\/\/i0.wp.com\/www.jazzzeitung.de\/cms\/wp-content\/uploads\/2018\/05\/Moses-china_94.jpg?fit=2348%2C1574&ssl=1","datePublished":"2018-10-11T14:22:40+00:00","dateModified":"2018-10-11T14:31:54+00:00","breadcrumb":{"@id":"https:\/\/www.jazzzeitung.de\/cms\/2018\/10\/erklaerung-zur-gleichstellung-von-frauen-im-jazz-ruft-zur-mitzeichnung-auf\/#breadcrumb"},"inLanguage":"de","potentialAction":[{"@type":"ReadAction","target":["https:\/\/www.jazzzeitung.de\/cms\/2018\/10\/erklaerung-zur-gleichstellung-von-frauen-im-jazz-ruft-zur-mitzeichnung-auf\/"]}]},{"@type":"ImageObject","inLanguage":"de","@id":"https:\/\/www.jazzzeitung.de\/cms\/2018\/10\/erklaerung-zur-gleichstellung-von-frauen-im-jazz-ruft-zur-mitzeichnung-auf\/#primaryimage","url":"https:\/\/i0.wp.com\/www.jazzzeitung.de\/cms\/wp-content\/uploads\/2018\/05\/Moses-china_94.jpg?fit=2348%2C1574&ssl=1","contentUrl":"https:\/\/i0.wp.com\/www.jazzzeitung.de\/cms\/wp-content\/uploads\/2018\/05\/Moses-china_94.jpg?fit=2348%2C1574&ssl=1","width":2348,"height":1574,"caption":"China Moses"},{"@type":"BreadcrumbList","@id":"https:\/\/www.jazzzeitung.de\/cms\/2018\/10\/erklaerung-zur-gleichstellung-von-frauen-im-jazz-ruft-zur-mitzeichnung-auf\/#breadcrumb","itemListElement":[{"@type":"ListItem","position":1,"name":"Startseite","item":"https:\/\/www.jazzzeitung.de\/cms\/"},{"@type":"ListItem","position":2,"name":"Erkl\u00e4rung zur Gleichstellung von Frauen im Jazz ruft zur Mitzeichnung auf"}]},{"@type":"WebSite","@id":"https:\/\/www.jazzzeitung.de\/cms\/#website","url":"https:\/\/www.jazzzeitung.de\/cms\/","name":"JazzZeitung","description":"Jazz-News und Jazz-Kontroverses","publisher":{"@id":"https:\/\/www.jazzzeitung.de\/cms\/#organization"},"potentialAction":[{"@type":"SearchAction","target":{"@type":"EntryPoint","urlTemplate":"https:\/\/www.jazzzeitung.de\/cms\/?s={search_term_string}"},"query-input":{"@type":"PropertyValueSpecification","valueRequired":true,"valueName":"search_term_string"}}],"inLanguage":"de"},{"@type":"Organization","@id":"https:\/\/www.jazzzeitung.de\/cms\/#organization","name":"JazzZeitung online","url":"https:\/\/www.jazzzeitung.de\/cms\/","logo":{"@type":"ImageObject","inLanguage":"de","@id":"https:\/\/www.jazzzeitung.de\/cms\/#\/schema\/logo\/image\/","url":"https:\/\/i0.wp.com\/www.jazzzeitung.de\/cms\/wp-content\/uploads\/2015\/08\/JAZZZEITUNGDE_Logo_Neu.png?fit=499%2C200&ssl=1","contentUrl":"https:\/\/i0.wp.com\/www.jazzzeitung.de\/cms\/wp-content\/uploads\/2015\/08\/JAZZZEITUNGDE_Logo_Neu.png?fit=499%2C200&ssl=1","width":499,"height":200,"caption":"JazzZeitung online"},"image":{"@id":"https:\/\/www.jazzzeitung.de\/cms\/#\/schema\/logo\/image\/"},"sameAs":["https:\/\/www.facebook.com\/JazzZeitung\/"]},{"@type":"Person","@id":"https:\/\/www.jazzzeitung.de\/cms\/#\/schema\/person\/2245b36b9cd1d24cea10f01c031fb92b","name":"Redaktion JazzZeitung","image":{"@type":"ImageObject","inLanguage":"de","@id":"https:\/\/i0.wp.com\/www.jazzzeitung.de\/cms\/wp-content\/uploads\/2015\/08\/JAZZZEITUNGDE_Logo_Neu.png?resize=96%2C96&ssl=159975dcacb611b5700bd619b5daf0a7a","url":"https:\/\/i0.wp.com\/www.jazzzeitung.de\/cms\/wp-content\/uploads\/2015\/08\/JAZZZEITUNGDE_Logo_Neu.png?resize=96%2C96&ssl=1","contentUrl":"https:\/\/i0.wp.com\/www.jazzzeitung.de\/cms\/wp-content\/uploads\/2015\/08\/JAZZZEITUNGDE_Logo_Neu.png?resize=96%2C96&ssl=1","caption":"Redaktion JazzZeitung"},"description":"Artikel der Redaktion der JazzZeitung.","sameAs":["http:\/\/www.jazzzeitung.de\/cms\/"],"url":"https:\/\/www.jazzzeitung.de\/cms\/author\/redaktion\/"}]}},"wp-worthy-pixel":{"ignored":false,"public":null,"server":null,"url":null},"wp-worthy-type":"normal","jetpack_publicize_connections":[],"cc_featured_image_caption":{"caption_text":"","source_text":"","source_url":""},"jetpack_featured_media_url":"https:\/\/i0.wp.com\/www.jazzzeitung.de\/cms\/wp-content\/uploads\/2018\/05\/Moses-china_94.jpg?fit=2348%2C1574&ssl=1","jetpack_shortlink":"https:\/\/wp.me\/p3KEcT-4xf","jetpack-related-posts":[{"id":17487,"url":"https:\/\/www.jazzzeitung.de\/cms\/2018\/10\/nach-erklaerungsveroeffentlichung-jazzmusiker-innen-setzen-massnahmen-zur-gleichstellung-um\/","url_meta":{"origin":17437,"position":0},"title":"Nach Erkl\u00e4rungsver\u00f6ffentlichung: Jazzmusiker\/-innen setzen Ma\u00dfnahmen zur Gleichstellung um","author":"Redaktion JazzZeitung","date":"18. Oktober 2018","format":false,"excerpt":"Jetzt sollen auch Taten folgen: Nach der \u00f6ffentlichen Erkl\u00e4rung zur Gleichstellung der Frauen im Jazz, die die Union Deutscher Jazzmusiker\/-innen vergangene Woche im Rahmen ihres 24. Jazzforums vorgestellt hatten, konkretisierten die jungen Jazzmusikerinnen und -musiker nun die beabsichtigten Ma\u00dfnahmen f\u00fcr eine Gleichberechtigung der Geschlechter. Neben der Aufkl\u00e4rung und der Sensiblisierung\u2026","rel":"","context":"In &quot;News&quot;","block_context":{"text":"News","link":"https:\/\/www.jazzzeitung.de\/cms\/thema\/nachrichten\/"},"img":{"alt_text":"","src":"https:\/\/i0.wp.com\/www.jazzzeitung.de\/cms\/wp-content\/uploads\/2018\/03\/Candy-Dulfer_Vesandgr_Foto_Carolien-Sikkenk_-Photoline-1.jpg?fit=1200%2C800&ssl=1&resize=350%2C200","width":350,"height":200,"srcset":"https:\/\/i0.wp.com\/www.jazzzeitung.de\/cms\/wp-content\/uploads\/2018\/03\/Candy-Dulfer_Vesandgr_Foto_Carolien-Sikkenk_-Photoline-1.jpg?fit=1200%2C800&ssl=1&resize=350%2C200 1x, https:\/\/i0.wp.com\/www.jazzzeitung.de\/cms\/wp-content\/uploads\/2018\/03\/Candy-Dulfer_Vesandgr_Foto_Carolien-Sikkenk_-Photoline-1.jpg?fit=1200%2C800&ssl=1&resize=525%2C300 1.5x, https:\/\/i0.wp.com\/www.jazzzeitung.de\/cms\/wp-content\/uploads\/2018\/03\/Candy-Dulfer_Vesandgr_Foto_Carolien-Sikkenk_-Photoline-1.jpg?fit=1200%2C800&ssl=1&resize=700%2C400 2x, https:\/\/i0.wp.com\/www.jazzzeitung.de\/cms\/wp-content\/uploads\/2018\/03\/Candy-Dulfer_Vesandgr_Foto_Carolien-Sikkenk_-Photoline-1.jpg?fit=1200%2C800&ssl=1&resize=1050%2C600 3x"},"classes":[]},{"id":18903,"url":"https:\/\/www.jazzzeitung.de\/cms\/2019\/03\/laura-block-verstaerkt-udj-geschaeftsstelle-im-bereich-gleichstellung-von-frauen-im-jazz\/","url_meta":{"origin":17437,"position":1},"title":"Laura Block verst\u00e4rkt UDJ-Gesch\u00e4ftsstelle im Bereich Gleichstellung von Frauen im Jazz","author":"Redaktion JazzZeitung","date":"9. M\u00e4rz 2019","format":false,"excerpt":"Gleichstellung von Frauen im Jazz ist aktuell eines der wichtigsten Themen, f\u00fcr die sich die Union Deutscher Jazzmusiker e.V. (UDJ) als \u201eSprachrohr der Jazzmusikerinnen und Jazzmusiker in Deutschland\" einsetzt. Zum Jahresbeginn 2019 hat das Team der Gesch\u00e4ftsstelle in Berlin nun Verst\u00e4rkung bekommen: Die promovierte Sozialwissenschaftlerin Laura Block ist seit Januar\u2026","rel":"","context":"In &quot;News&quot;","block_context":{"text":"News","link":"https:\/\/www.jazzzeitung.de\/cms\/thema\/nachrichten\/"},"img":{"alt_text":"","src":"https:\/\/i0.wp.com\/www.jazzzeitung.de\/cms\/wp-content\/uploads\/2019\/03\/25bc0c91-5930-40a9-9c11-96afc256849a-e1552037230758.jpg?fit=897%2C1200&ssl=1&resize=350%2C200","width":350,"height":200,"srcset":"https:\/\/i0.wp.com\/www.jazzzeitung.de\/cms\/wp-content\/uploads\/2019\/03\/25bc0c91-5930-40a9-9c11-96afc256849a-e1552037230758.jpg?fit=897%2C1200&ssl=1&resize=350%2C200 1x, https:\/\/i0.wp.com\/www.jazzzeitung.de\/cms\/wp-content\/uploads\/2019\/03\/25bc0c91-5930-40a9-9c11-96afc256849a-e1552037230758.jpg?fit=897%2C1200&ssl=1&resize=525%2C300 1.5x, https:\/\/i0.wp.com\/www.jazzzeitung.de\/cms\/wp-content\/uploads\/2019\/03\/25bc0c91-5930-40a9-9c11-96afc256849a-e1552037230758.jpg?fit=897%2C1200&ssl=1&resize=700%2C400 2x"},"classes":[]},{"id":19583,"url":"https:\/\/www.jazzzeitung.de\/cms\/2019\/05\/union-deutscher-jazzmusiker-udj-in-deutsche-jazzunion-umbenannt\/","url_meta":{"origin":17437,"position":2},"title":"\u201eUnion Deutscher Jazzmusiker\u201c (UDJ) in \u201eDeutsche Jazzunion\u201c umbenannt","author":"Redaktion JazzZeitung","date":"27. Mai 2019","format":false,"excerpt":"Berlin, 27.05.2019 | Die Interessenvertretung der Jazzmusikerinnen und -musiker in Deutschland hat einen neuen Namen. Die Mitglieder des 1973 gegr\u00fcndeten Verbands beschlossen auf ihrer Mitgliederversammlung in Bremen, den Namen \u201eUnion Deutscher Jazzmusiker\u201c in \u201eDeutsche Jazzunion\u201c zu \u00e4ndern. Mit der Namens\u00e4nderung will der Verband als Sprachrohr der Jazzmusiker*innen in Deutschland der\u2026","rel":"","context":"In &quot;News&quot;","block_context":{"text":"News","link":"https:\/\/www.jazzzeitung.de\/cms\/thema\/nachrichten\/"},"img":{"alt_text":"Logo der Deutschen Jazzunion","src":"https:\/\/i0.wp.com\/www.jazzzeitung.de\/cms\/wp-content\/uploads\/2019\/05\/DeutscheJazzunion.png?fit=811%2C456&ssl=1&resize=350%2C200","width":350,"height":200,"srcset":"https:\/\/i0.wp.com\/www.jazzzeitung.de\/cms\/wp-content\/uploads\/2019\/05\/DeutscheJazzunion.png?fit=811%2C456&ssl=1&resize=350%2C200 1x, https:\/\/i0.wp.com\/www.jazzzeitung.de\/cms\/wp-content\/uploads\/2019\/05\/DeutscheJazzunion.png?fit=811%2C456&ssl=1&resize=525%2C300 1.5x, https:\/\/i0.wp.com\/www.jazzzeitung.de\/cms\/wp-content\/uploads\/2019\/05\/DeutscheJazzunion.png?fit=811%2C456&ssl=1&resize=700%2C400 2x"},"classes":[]},{"id":17353,"url":"https:\/\/www.jazzzeitung.de\/cms\/2018\/10\/24-udj-jazzforum-am-11-12-oktober-2018-im-kulturzentrum-pavillon-in-hannover\/","url_meta":{"origin":17437,"position":3},"title":"24. UDJ-Jazzforum am 11.\/12. Oktober 2018 im Kulturzentrum Pavillon in Hannover","author":"Redaktion JazzZeitung","date":"2. Oktober 2018","format":false,"excerpt":"Am 11. und 12. Oktober 2018 findet das 24. UDJ-Jazzforum im Kulturzentrum Pavillon in Hannover statt. Unter anderem stehen in diesem Jahr spannende Panels mit viel Prominenz aus Szene und Politik auf dem Programm der zweit\u00e4gigen Tagung, zu der die Union Deutscher Jazzmusiker (UDJ) alle Interessierten bei kostenloser Anmeldung einl\u00e4dt.\u2026","rel":"","context":"In &quot;News&quot;","block_context":{"text":"News","link":"https:\/\/www.jazzzeitung.de\/cms\/thema\/nachrichten\/"},"img":{"alt_text":"","src":"https:\/\/i0.wp.com\/www.jazzzeitung.de\/cms\/wp-content\/uploads\/2018\/10\/240dpi_AMEO_Bandphoto%40Sibylle-Fendt.jpg?fit=1200%2C951&ssl=1&resize=350%2C200","width":350,"height":200,"srcset":"https:\/\/i0.wp.com\/www.jazzzeitung.de\/cms\/wp-content\/uploads\/2018\/10\/240dpi_AMEO_Bandphoto%40Sibylle-Fendt.jpg?fit=1200%2C951&ssl=1&resize=350%2C200 1x, https:\/\/i0.wp.com\/www.jazzzeitung.de\/cms\/wp-content\/uploads\/2018\/10\/240dpi_AMEO_Bandphoto%40Sibylle-Fendt.jpg?fit=1200%2C951&ssl=1&resize=525%2C300 1.5x, https:\/\/i0.wp.com\/www.jazzzeitung.de\/cms\/wp-content\/uploads\/2018\/10\/240dpi_AMEO_Bandphoto%40Sibylle-Fendt.jpg?fit=1200%2C951&ssl=1&resize=700%2C400 2x, https:\/\/i0.wp.com\/www.jazzzeitung.de\/cms\/wp-content\/uploads\/2018\/10\/240dpi_AMEO_Bandphoto%40Sibylle-Fendt.jpg?fit=1200%2C951&ssl=1&resize=1050%2C600 3x"},"classes":[]},{"id":15759,"url":"https:\/\/www.jazzzeitung.de\/cms\/2018\/04\/news-udj-waehlt-saxofonistin-komponistin-christina-fuchs-in-den-vorstandjazz-award-in-gold-fuer-quadro-nuevo-cairo-stepsinternationales-jazz-weekend-unterfoehring\/","url_meta":{"origin":17437,"position":4},"title":"+++News+++ UDJ w\u00e4hlt Saxofonistin &#038; Komponistin Christina Fuchs in den Vorstand+++Jazz Award in Gold f\u00fcr Quadro Nuevo &#038; Cairo Steps+++Internationales Jazz Weekend Unterf\u00f6hring+++","author":"Redaktion JazzZeitung","date":"26. April 2018","format":false,"excerpt":"Union Deutscher Jazzmusiker w\u00e4hlt K\u00f6lner Saxofonistin und Komponistin Christina Fuchs in den Vorstand Bei einer Mitgliederversammlung im Rahmen der jazzahead! 2018 in Bremen wurde die Jazzmusikerin Christina Fuchs am 21. April als Nachfolgerin von Silke Eberhardt in den Vorstand der UDJ gew\u00e4hlt. \u201eWir sch\u00e4tzen uns gl\u00fccklich, mit Christina Fuchs eine\u2026","rel":"","context":"In &quot;News&quot;","block_context":{"text":"News","link":"https:\/\/www.jazzzeitung.de\/cms\/thema\/nachrichten\/"},"img":{"alt_text":"","src":"https:\/\/i0.wp.com\/www.jazzzeitung.de\/cms\/wp-content\/uploads\/2018\/04\/Christina-Fuchs2.jpeg?fit=1200%2C800&ssl=1&resize=350%2C200","width":350,"height":200,"srcset":"https:\/\/i0.wp.com\/www.jazzzeitung.de\/cms\/wp-content\/uploads\/2018\/04\/Christina-Fuchs2.jpeg?fit=1200%2C800&ssl=1&resize=350%2C200 1x, https:\/\/i0.wp.com\/www.jazzzeitung.de\/cms\/wp-content\/uploads\/2018\/04\/Christina-Fuchs2.jpeg?fit=1200%2C800&ssl=1&resize=525%2C300 1.5x, https:\/\/i0.wp.com\/www.jazzzeitung.de\/cms\/wp-content\/uploads\/2018\/04\/Christina-Fuchs2.jpeg?fit=1200%2C800&ssl=1&resize=700%2C400 2x, https:\/\/i0.wp.com\/www.jazzzeitung.de\/cms\/wp-content\/uploads\/2018\/04\/Christina-Fuchs2.jpeg?fit=1200%2C800&ssl=1&resize=1050%2C600 3x"},"classes":[]},{"id":18804,"url":"https:\/\/www.jazzzeitung.de\/cms\/2019\/03\/die-jazzahead-fachmesse-2019-gestaltet-ihren-german-market-komplett-neu\/","url_meta":{"origin":17437,"position":5},"title":"Die jazzahead! Fachmesse 2019 gestaltet ihren German Market komplett neu","author":"Redaktion JazzZeitung","date":"1. M\u00e4rz 2019","format":false,"excerpt":"Die jazzahead! geht vom 25.-28. April in die 14. Runde. Im Zentrum steht dieses Jahr der Jazz in und aus Deutschland und die Bem\u00fchungen der Messe und ihrer Partner, insbesondere der Union Deutscher Jazzmusiker (UDJ), diesen zu mehr Sichtbarkeit im internationalen Kontext zu verhelfen. \u201eSeit dem Jahr 2012 b\u00fcndeln wir\u2026","rel":"","context":"In &quot;News&quot;","block_context":{"text":"News","link":"https:\/\/www.jazzzeitung.de\/cms\/thema\/nachrichten\/"},"img":{"alt_text":"","src":"https:\/\/i0.wp.com\/www.jazzzeitung.de\/cms\/wp-content\/uploads\/2019\/02\/jazzahead2018_cJanRathke_MesseBremen-1.jpg?fit=1200%2C600&ssl=1&resize=350%2C200","width":350,"height":200,"srcset":"https:\/\/i0.wp.com\/www.jazzzeitung.de\/cms\/wp-content\/uploads\/2019\/02\/jazzahead2018_cJanRathke_MesseBremen-1.jpg?fit=1200%2C600&ssl=1&resize=350%2C200 1x, https:\/\/i0.wp.com\/www.jazzzeitung.de\/cms\/wp-content\/uploads\/2019\/02\/jazzahead2018_cJanRathke_MesseBremen-1.jpg?fit=1200%2C600&ssl=1&resize=525%2C300 1.5x, https:\/\/i0.wp.com\/www.jazzzeitung.de\/cms\/wp-content\/uploads\/2019\/02\/jazzahead2018_cJanRathke_MesseBremen-1.jpg?fit=1200%2C600&ssl=1&resize=700%2C400 2x, https:\/\/i0.wp.com\/www.jazzzeitung.de\/cms\/wp-content\/uploads\/2019\/02\/jazzahead2018_cJanRathke_MesseBremen-1.jpg?fit=1200%2C600&ssl=1&resize=1050%2C600 3x"},"classes":[]}],"jetpack_sharing_enabled":true,"_links":{"self":[{"href":"https:\/\/www.jazzzeitung.de\/cms\/wp-json\/wp\/v2\/posts\/17437","targetHints":{"allow":["GET"]}}],"collection":[{"href":"https:\/\/www.jazzzeitung.de\/cms\/wp-json\/wp\/v2\/posts"}],"about":[{"href":"https:\/\/www.jazzzeitung.de\/cms\/wp-json\/wp\/v2\/types\/post"}],"author":[{"embeddable":true,"href":"https:\/\/www.jazzzeitung.de\/cms\/wp-json\/wp\/v2\/users\/18"}],"replies":[{"embeddable":true,"href":"https:\/\/www.jazzzeitung.de\/cms\/wp-json\/wp\/v2\/comments?post=17437"}],"version-history":[{"count":11,"href":"https:\/\/www.jazzzeitung.de\/cms\/wp-json\/wp\/v2\/posts\/17437\/revisions"}],"predecessor-version":[{"id":17451,"href":"https:\/\/www.jazzzeitung.de\/cms\/wp-json\/wp\/v2\/posts\/17437\/revisions\/17451"}],"wp:featuredmedia":[{"embeddable":true,"href":"https:\/\/www.jazzzeitung.de\/cms\/wp-json\/wp\/v2\/media\/15813"}],"wp:attachment":[{"href":"https:\/\/www.jazzzeitung.de\/cms\/wp-json\/wp\/v2\/media?parent=17437"}],"wp:term":[{"taxonomy":"category","embeddable":true,"href":"https:\/\/www.jazzzeitung.de\/cms\/wp-json\/wp\/v2\/categories?post=17437"},{"taxonomy":"post_tag","embeddable":true,"href":"https:\/\/www.jazzzeitung.de\/cms\/wp-json\/wp\/v2\/tags?post=17437"},{"taxonomy":"author","embeddable":true,"href":"https:\/\/www.jazzzeitung.de\/cms\/wp-json\/wp\/v2\/coauthors?post=17437"}],"curies":[{"name":"wp","href":"https:\/\/api.w.org\/{rel}","templated":true}]}}