{"id":17432,"date":"2018-10-12T16:16:51","date_gmt":"2018-10-12T14:16:51","guid":{"rendered":"https:\/\/www.jazzzeitung.de\/cms\/?p=17432"},"modified":"2018-10-12T14:50:36","modified_gmt":"2018-10-12T12:50:36","slug":"news-jim-mullen-group-spielt-in-abensberg-3-tage-jazz-festival-2019-in-saalfelden","status":"publish","type":"post","link":"https:\/\/www.jazzzeitung.de\/cms\/2018\/10\/news-jim-mullen-group-spielt-in-abensberg-3-tage-jazz-festival-2019-in-saalfelden\/","title":{"rendered":"+++ News +++ 3 Tage Jazz Festival 2019 in Saalfelden +++ Jim Mullen Group spielt in Abensberg +++"},"content":{"rendered":"<p><strong>+++ 3 Tage Jazz Festival 2019 in Saalfelden +++<\/strong><\/p>\n<figure id=\"attachment_17433\" aria-describedby=\"caption-attachment-17433\" style=\"width: 300px\" class=\"wp-caption alignleft\"><a href=\"https:\/\/i0.wp.com\/www.jazzzeitung.de\/cms\/wp-content\/uploads\/2018\/10\/Duo_by_Eric_Legret.jpeg?ssl=1\"><img data-recalc-dims=\"1\" loading=\"lazy\" decoding=\"async\" data-attachment-id=\"17433\" data-permalink=\"https:\/\/www.jazzzeitung.de\/cms\/2018\/10\/news-jim-mullen-group-spielt-in-abensberg-3-tage-jazz-festival-2019-in-saalfelden\/duo_by_eric_legret\/\" data-orig-file=\"https:\/\/i0.wp.com\/www.jazzzeitung.de\/cms\/wp-content\/uploads\/2018\/10\/Duo_by_Eric_Legret.jpeg?fit=921%2C768&amp;ssl=1\" data-orig-size=\"921,768\" data-comments-opened=\"1\" data-image-meta=\"{&quot;aperture&quot;:&quot;0&quot;,&quot;credit&quot;:&quot;&quot;,&quot;camera&quot;:&quot;&quot;,&quot;caption&quot;:&quot;&quot;,&quot;created_timestamp&quot;:&quot;0&quot;,&quot;copyright&quot;:&quot;&quot;,&quot;focal_length&quot;:&quot;0&quot;,&quot;iso&quot;:&quot;0&quot;,&quot;shutter_speed&quot;:&quot;0&quot;,&quot;title&quot;:&quot;&quot;,&quot;orientation&quot;:&quot;0&quot;}\" data-image-title=\"Duo_by_Eric_Legret\" data-image-description=\"\" data-image-caption=\"\" data-large-file=\"https:\/\/i0.wp.com\/www.jazzzeitung.de\/cms\/wp-content\/uploads\/2018\/10\/Duo_by_Eric_Legret.jpeg?fit=720%2C600&amp;ssl=1\" class=\"wp-image-17433 size-medium\" src=\"https:\/\/i0.wp.com\/www.jazzzeitung.de\/cms\/wp-content\/uploads\/2018\/10\/Duo_by_Eric_Legret.jpeg?resize=300%2C250&#038;ssl=1\" alt=\"\" width=\"300\" height=\"250\" srcset=\"https:\/\/i0.wp.com\/www.jazzzeitung.de\/cms\/wp-content\/uploads\/2018\/10\/Duo_by_Eric_Legret.jpeg?resize=300%2C250&amp;ssl=1 300w, https:\/\/i0.wp.com\/www.jazzzeitung.de\/cms\/wp-content\/uploads\/2018\/10\/Duo_by_Eric_Legret.jpeg?resize=768%2C640&amp;ssl=1 768w, https:\/\/i0.wp.com\/www.jazzzeitung.de\/cms\/wp-content\/uploads\/2018\/10\/Duo_by_Eric_Legret.jpeg?resize=720%2C600&amp;ssl=1 720w, https:\/\/i0.wp.com\/www.jazzzeitung.de\/cms\/wp-content\/uploads\/2018\/10\/Duo_by_Eric_Legret.jpeg?resize=600%2C500&amp;ssl=1 600w, https:\/\/i0.wp.com\/www.jazzzeitung.de\/cms\/wp-content\/uploads\/2018\/10\/Duo_by_Eric_Legret.jpeg?w=921&amp;ssl=1 921w\" sizes=\"auto, (max-width: 300px) 100vw, 300px\" \/><\/a><figcaption id=\"caption-attachment-17433\" class=\"wp-caption-text\">H\u00e9l\u00e8ne Labarri\u00e8re &amp; Hasse Poulsen. Foto: Eric Legret<\/figcaption><\/figure>\n<p>Im Gegensatz zum Saalfeldener Sommerfestival ist das 3 Tage Jazz Festival in Saalfelden ein kleineres Musikfest, das vom 18. bis 20. Januar 2019, also im tiefsten Winter, inmitten des Salzburger Innergebirgs stattfindet. Bei den aufgestockten neun Konzerten auf drei B\u00fchnen stehen gro\u00dfe Namen der europ\u00e4ischen Jazzszene genauso wie junge Jazzformationen \u00d6sterreichs im Mittelpunkt. Jedes der drei Er\u00f6ffnungskonzerte wird dabei von einer \u00f6sterreichischen Formation bestritten. Unter den Musiker\/-innen aus Frankreich, Holland und Italien findet sich auch Bassist Henri Texier, der im Kunsthaus Nexus mit seinem Sand Quintett seine aktuelle Platte &#8222;Sand Woman&#8220; vorstellt. F\u00fcr programmatische Br\u00fcche sorgen indessen die Musiker H\u00e9l\u00e8ne Labarri\u00e8re &amp; Hasse Poulsen, wenn sie die Hits der Popgeschichte frei interpretieren, w\u00e4hrend die Formation \u201eSudoku Killer\u201c um Bassistin Caterina Palazzi aus Italien Post- und Stoner-Rock-Elemente in den Jazz einweben.<\/p>\n<figure id=\"attachment_17434\" aria-describedby=\"caption-attachment-17434\" style=\"width: 300px\" class=\"wp-caption alignright\"><a href=\"https:\/\/i0.wp.com\/www.jazzzeitung.de\/cms\/wp-content\/uploads\/2018\/10\/asperger_174916_by_Lupi_Spuma.jpeg?ssl=1\"><img data-recalc-dims=\"1\" loading=\"lazy\" decoding=\"async\" data-attachment-id=\"17434\" data-permalink=\"https:\/\/www.jazzzeitung.de\/cms\/2018\/10\/news-jim-mullen-group-spielt-in-abensberg-3-tage-jazz-festival-2019-in-saalfelden\/asperger_174916_by_lupi_spuma\/\" data-orig-file=\"https:\/\/i0.wp.com\/www.jazzzeitung.de\/cms\/wp-content\/uploads\/2018\/10\/asperger_174916_by_Lupi_Spuma.jpeg?fit=1024%2C768&amp;ssl=1\" data-orig-size=\"1024,768\" data-comments-opened=\"1\" data-image-meta=\"{&quot;aperture&quot;:&quot;0&quot;,&quot;credit&quot;:&quot;&quot;,&quot;camera&quot;:&quot;&quot;,&quot;caption&quot;:&quot;&quot;,&quot;created_timestamp&quot;:&quot;0&quot;,&quot;copyright&quot;:&quot;&quot;,&quot;focal_length&quot;:&quot;0&quot;,&quot;iso&quot;:&quot;0&quot;,&quot;shutter_speed&quot;:&quot;0&quot;,&quot;title&quot;:&quot;&quot;,&quot;orientation&quot;:&quot;0&quot;}\" data-image-title=\"asperger_174916_by_Lupi_Spuma\" data-image-description=\"\" data-image-caption=\"\" data-large-file=\"https:\/\/i0.wp.com\/www.jazzzeitung.de\/cms\/wp-content\/uploads\/2018\/10\/asperger_174916_by_Lupi_Spuma.jpeg?fit=800%2C600&amp;ssl=1\" class=\"wp-image-17434 size-medium\" src=\"https:\/\/i0.wp.com\/www.jazzzeitung.de\/cms\/wp-content\/uploads\/2018\/10\/asperger_174916_by_Lupi_Spuma.jpeg?resize=300%2C225&#038;ssl=1\" alt=\"\" width=\"300\" height=\"225\" srcset=\"https:\/\/i0.wp.com\/www.jazzzeitung.de\/cms\/wp-content\/uploads\/2018\/10\/asperger_174916_by_Lupi_Spuma.jpeg?resize=300%2C225&amp;ssl=1 300w, https:\/\/i0.wp.com\/www.jazzzeitung.de\/cms\/wp-content\/uploads\/2018\/10\/asperger_174916_by_Lupi_Spuma.jpeg?resize=768%2C576&amp;ssl=1 768w, https:\/\/i0.wp.com\/www.jazzzeitung.de\/cms\/wp-content\/uploads\/2018\/10\/asperger_174916_by_Lupi_Spuma.jpeg?resize=800%2C600&amp;ssl=1 800w, https:\/\/i0.wp.com\/www.jazzzeitung.de\/cms\/wp-content\/uploads\/2018\/10\/asperger_174916_by_Lupi_Spuma.jpeg?resize=600%2C450&amp;ssl=1 600w, https:\/\/i0.wp.com\/www.jazzzeitung.de\/cms\/wp-content\/uploads\/2018\/10\/asperger_174916_by_Lupi_Spuma.jpeg?w=1024&amp;ssl=1 1024w\" sizes=\"auto, (max-width: 300px) 100vw, 300px\" \/><\/a><figcaption id=\"caption-attachment-17434\" class=\"wp-caption-text\">Sudoku Killer. Foto: Lupi Spuma<\/figcaption><\/figure>\n<p>Am Samstag pr\u00e4sentiert Alex Pinter sein mit Gitarre, Piano und Akkordeon recht eigenwillig besetztes Trio \u201eBirds against Hurricanes\u201c, mit Christian Bacanic solo und dem Streichquartett \u201eViolett Spin\u201c steht der Sonntag im Bergbau- und Gotikmuseum Leogang ganz im Zeichen der \u00f6sterreichischen Musikerinnen und Musiker. Schlie\u00dflich l\u00e4sst das Engel Mayr Trio das Festival beim Gratiskonzert auf der St\u00f6ckalm ausklingen, indem sie rockige Songs im Stile von Jimi Hendrix, ZZ Top und Stevie Ray Vaughan spielen.<\/p>\n<p><a href=\"http:\/\/www.jazzsaalfelden.com\">www.jazzsaalfelden.com<\/a><\/p>\n<p>&nbsp;<\/p>\n<p><strong>+++ Jim Mullen Group spielt in Abensberg +++<\/strong><\/p>\n<figure id=\"attachment_17427\" aria-describedby=\"caption-attachment-17427\" style=\"width: 152px\" class=\"wp-caption alignright\"><a href=\"https:\/\/i0.wp.com\/www.jazzzeitung.de\/cms\/wp-content\/uploads\/2018\/10\/Jim_Cullen_by_Carl_Hyde.jpg?ssl=1\"><img data-recalc-dims=\"1\" loading=\"lazy\" decoding=\"async\" data-attachment-id=\"17427\" data-permalink=\"https:\/\/www.jazzzeitung.de\/cms\/2018\/10\/news-3-landesjazzfestival-bayern-in-wuerzburg-sebastian-gille-stoesst-zum-klaeng-jazzkollektiv-koeln-jazzclub-minden-gibt-konzertreihe-zum-jahresende-bekannt\/jim_cullen_by_carl_hyde\/\" data-orig-file=\"https:\/\/i0.wp.com\/www.jazzzeitung.de\/cms\/wp-content\/uploads\/2018\/10\/Jim_Cullen_by_Carl_Hyde.jpg?fit=152%2C181&amp;ssl=1\" data-orig-size=\"152,181\" data-comments-opened=\"1\" data-image-meta=\"{&quot;aperture&quot;:&quot;0&quot;,&quot;credit&quot;:&quot;&quot;,&quot;camera&quot;:&quot;&quot;,&quot;caption&quot;:&quot;&quot;,&quot;created_timestamp&quot;:&quot;0&quot;,&quot;copyright&quot;:&quot;&quot;,&quot;focal_length&quot;:&quot;0&quot;,&quot;iso&quot;:&quot;0&quot;,&quot;shutter_speed&quot;:&quot;0&quot;,&quot;title&quot;:&quot;&quot;,&quot;orientation&quot;:&quot;0&quot;}\" data-image-title=\"Jim_Cullen_by_Carl_Hyde\" data-image-description=\"\" data-image-caption=\"\" data-large-file=\"https:\/\/i0.wp.com\/www.jazzzeitung.de\/cms\/wp-content\/uploads\/2018\/10\/Jim_Cullen_by_Carl_Hyde.jpg?fit=152%2C181&amp;ssl=1\" class=\"wp-image-17427 size-full\" src=\"https:\/\/i0.wp.com\/www.jazzzeitung.de\/cms\/wp-content\/uploads\/2018\/10\/Jim_Cullen_by_Carl_Hyde.jpg?resize=152%2C181&#038;ssl=1\" alt=\"\" width=\"152\" height=\"181\" \/><\/a><figcaption id=\"caption-attachment-17427\" class=\"wp-caption-text\">Jim Mullen. Foto: Carl Hyde<\/figcaption><\/figure>\n<p>F\u00fcr Kurzentschlossene: Im Rahmen der Veranstaltungsreihe &#8222;Abensberger Novembernebel&#8220; spielt\u00a0die Jim Mullen Group am Montag, 15. Oktober 2018, im Jazzclub der niederbayerischen Kleinstadt. Mullen gilt als einer der herausragendsten Jazz-Gitarristen Europas und wurde bereits mehrfach mit dem britischen Jazz Award ausgezeichnet. F\u00fcr seinen Auftritt in Abensberg steht ihm der Regensburger Komponist und Arrangeuer Helmut Nieberle zur Seite, au\u00dferdem unterst\u00fctzen ihn die S\u00e4ngerin Zoe Francis, Bassist Ernst Techel und Schlagzeuger Scotty Gottwald. Dabei wechseln sich experimentierfreudige Eigenkompositionen mit etablierten Jazz-Standards ab.<\/p>\n<p><a href=\"http:\/\/www.jazzclub-abensberg.de\">www.jazzclub-abensberg.de<\/a><\/p>\n","protected":false},"excerpt":{"rendered":"<p>+++ 3 Tage Jazz Festival 2019 in Saalfelden +++ Im Gegensatz zum Saalfeldener Sommerfestival ist das 3 Tage Jazz Festival in Saalfelden ein kleineres Musikfest, das vom 18. bis 20. Januar 2019, also im tiefsten Winter, inmitten des Salzburger Innergebirgs stattfindet. Bei den aufgestockten neun Konzerten auf drei B\u00fchnen stehen gro\u00dfe Namen der europ\u00e4ischen Jazzszene genauso wie junge Jazzformationen \u00d6sterreichs im Mittelpunkt. Jedes der drei Er\u00f6ffnungskonzerte wird dabei von einer \u00f6sterreichischen Formation bestritten. Unter den Musiker\/-innen aus Frankreich, Holland und Italien findet sich auch Bassist Henri Texier, der im Kunsthaus Nexus mit seinem Sand Quintett seine aktuelle Platte &#8222;Sand Woman&#8220; vorstellt. F\u00fcr programmatische Br\u00fcche sorgen indessen die Musiker H\u00e9l\u00e8ne Labarri\u00e8re &amp; Hasse Poulsen, wenn sie die Hits der Popgeschichte frei interpretieren, w\u00e4hrend die Formation \u201eSudoku Killer\u201c um Bassistin Caterina Palazzi aus Italien Post- und Stoner-Rock-Elemente in den Jazz einweben. Am Samstag pr\u00e4sentiert Alex Pinter sein mit Gitarre, Piano und Akkordeon recht eigenwillig besetztes Trio \u201eBirds against Hurricanes\u201c, mit Christian Bacanic solo und dem Streichquartett \u201eViolett Spin\u201c steht der Sonntag im Bergbau- und Gotikmuseum Leogang ganz im Zeichen der \u00f6sterreichischen Musikerinnen und Musiker. Schlie\u00dflich l\u00e4sst das &hellip;<\/p>\n","protected":false},"author":18,"featured_media":17433,"comment_status":"open","ping_status":"closed","sticky":false,"template":"","format":"standard","meta":{"_jetpack_memberships_contains_paid_content":false,"footnotes":"","jetpack_publicize_message":"","jetpack_publicize_feature_enabled":true,"jetpack_social_post_already_shared":false,"jetpack_social_options":{"image_generator_settings":{"template":"highway","default_image_id":0,"font":"","enabled":false},"version":2}},"categories":[633],"tags":[1959,2019,33,3,714,1876,254,271,1978,1951,2048,442,1250,1459,1356],"coauthors":[695],"class_list":["post-17432","post","type-post","status-publish","format-standard","has-post-thumbnail","hentry","category-nachrichten","tag-1959","tag-2019","tag-akkordeon","tag-festival","tag-helmut-nieberle","tag-jazz","tag-jazz-award","tag-jazzclub","tag-jazzszene","tag-news","tag-oktober","tag-piano","tag-rock","tag-saalfelden","tag-trio"],"yoast_head":"<!-- This site is optimized with the Yoast SEO plugin v27.4 - https:\/\/yoast.com\/product\/yoast-seo-wordpress\/ -->\n<title>+++ News +++ 3 Tage Jazz Festival 2019 in Saalfelden +++ Jim Mullen Group spielt in Abensberg +++ - JazzZeitung<\/title>\n<meta name=\"robots\" content=\"index, follow, max-snippet:-1, max-image-preview:large, max-video-preview:-1\" \/>\n<link rel=\"canonical\" href=\"https:\/\/www.jazzzeitung.de\/cms\/2018\/10\/news-jim-mullen-group-spielt-in-abensberg-3-tage-jazz-festival-2019-in-saalfelden\/\" \/>\n<meta property=\"og:locale\" content=\"de_DE\" \/>\n<meta property=\"og:type\" content=\"article\" \/>\n<meta property=\"og:title\" content=\"+++ News +++ 3 Tage Jazz Festival 2019 in Saalfelden +++ Jim Mullen Group spielt in Abensberg +++ - JazzZeitung\" \/>\n<meta property=\"og:description\" content=\"+++ 3 Tage Jazz Festival 2019 in Saalfelden +++ Im Gegensatz zum Saalfeldener Sommerfestival ist das 3 Tage Jazz Festival in Saalfelden ein kleineres Musikfest, das vom 18. bis 20. Januar 2019, also im tiefsten Winter, inmitten des Salzburger Innergebirgs stattfindet. Bei den aufgestockten neun Konzerten auf drei B\u00fchnen stehen gro\u00dfe Namen der europ\u00e4ischen Jazzszene genauso wie junge Jazzformationen \u00d6sterreichs im Mittelpunkt. Jedes der drei Er\u00f6ffnungskonzerte wird dabei von einer \u00f6sterreichischen Formation bestritten. Unter den Musiker\/-innen aus Frankreich, Holland und Italien findet sich auch Bassist Henri Texier, der im Kunsthaus Nexus mit seinem Sand Quintett seine aktuelle Platte &#8222;Sand Woman&#8220; vorstellt. F\u00fcr programmatische Br\u00fcche sorgen indessen die Musiker H\u00e9l\u00e8ne Labarri\u00e8re &amp; Hasse Poulsen, wenn sie die Hits der Popgeschichte frei interpretieren, w\u00e4hrend die Formation \u201eSudoku Killer\u201c um Bassistin Caterina Palazzi aus Italien Post- und Stoner-Rock-Elemente in den Jazz einweben. Am Samstag pr\u00e4sentiert Alex Pinter sein mit Gitarre, Piano und Akkordeon recht eigenwillig besetztes Trio \u201eBirds against Hurricanes\u201c, mit Christian Bacanic solo und dem Streichquartett \u201eViolett Spin\u201c steht der Sonntag im Bergbau- und Gotikmuseum Leogang ganz im Zeichen der \u00f6sterreichischen Musikerinnen und Musiker. Schlie\u00dflich l\u00e4sst das &hellip;\" \/>\n<meta property=\"og:url\" content=\"https:\/\/www.jazzzeitung.de\/cms\/2018\/10\/news-jim-mullen-group-spielt-in-abensberg-3-tage-jazz-festival-2019-in-saalfelden\/\" \/>\n<meta property=\"og:site_name\" content=\"JazzZeitung\" \/>\n<meta property=\"article:publisher\" content=\"https:\/\/www.facebook.com\/JazzZeitung\/\" \/>\n<meta property=\"article:published_time\" content=\"2018-10-12T14:16:51+00:00\" \/>\n<meta property=\"og:image\" content=\"https:\/\/i0.wp.com\/www.jazzzeitung.de\/cms\/wp-content\/uploads\/2018\/10\/Duo_by_Eric_Legret.jpeg?fit=921%2C768&ssl=1\" \/>\n\t<meta property=\"og:image:width\" content=\"921\" \/>\n\t<meta property=\"og:image:height\" content=\"768\" \/>\n\t<meta property=\"og:image:type\" content=\"image\/jpeg\" \/>\n<meta name=\"author\" content=\"Redaktion JazzZeitung\" \/>\n<script type=\"application\/ld+json\" class=\"yoast-schema-graph\">{\"@context\":\"https:\\\/\\\/schema.org\",\"@graph\":[{\"@type\":\"Article\",\"@id\":\"https:\\\/\\\/www.jazzzeitung.de\\\/cms\\\/2018\\\/10\\\/news-jim-mullen-group-spielt-in-abensberg-3-tage-jazz-festival-2019-in-saalfelden\\\/#article\",\"isPartOf\":{\"@id\":\"https:\\\/\\\/www.jazzzeitung.de\\\/cms\\\/2018\\\/10\\\/news-jim-mullen-group-spielt-in-abensberg-3-tage-jazz-festival-2019-in-saalfelden\\\/\"},\"author\":{\"name\":\"Redaktion JazzZeitung\",\"@id\":\"https:\\\/\\\/www.jazzzeitung.de\\\/cms\\\/#\\\/schema\\\/person\\\/2245b36b9cd1d24cea10f01c031fb92b\"},\"headline\":\"+++ News +++ 3 Tage Jazz Festival 2019 in Saalfelden +++ Jim Mullen Group spielt in Abensberg +++\",\"datePublished\":\"2018-10-12T14:16:51+00:00\",\"mainEntityOfPage\":{\"@id\":\"https:\\\/\\\/www.jazzzeitung.de\\\/cms\\\/2018\\\/10\\\/news-jim-mullen-group-spielt-in-abensberg-3-tage-jazz-festival-2019-in-saalfelden\\\/\"},\"wordCount\":369,\"commentCount\":0,\"publisher\":{\"@id\":\"https:\\\/\\\/www.jazzzeitung.de\\\/cms\\\/#organization\"},\"image\":{\"@id\":\"https:\\\/\\\/www.jazzzeitung.de\\\/cms\\\/2018\\\/10\\\/news-jim-mullen-group-spielt-in-abensberg-3-tage-jazz-festival-2019-in-saalfelden\\\/#primaryimage\"},\"thumbnailUrl\":\"https:\\\/\\\/i0.wp.com\\\/www.jazzzeitung.de\\\/cms\\\/wp-content\\\/uploads\\\/2018\\\/10\\\/Duo_by_Eric_Legret.jpeg?fit=921%2C768&ssl=1\",\"keywords\":[\"2018\",\"2019\",\"Akkordeon\",\"Festival\",\"Helmut Nieberle\",\"Jazz\",\"Jazz Award\",\"Jazzclub\",\"Jazzszene\",\"News\",\"Oktober\",\"Piano\",\"Rock\",\"Saalfelden\",\"trio\"],\"articleSection\":[\"News\"],\"inLanguage\":\"de\",\"potentialAction\":[{\"@type\":\"CommentAction\",\"name\":\"Comment\",\"target\":[\"https:\\\/\\\/www.jazzzeitung.de\\\/cms\\\/2018\\\/10\\\/news-jim-mullen-group-spielt-in-abensberg-3-tage-jazz-festival-2019-in-saalfelden\\\/#respond\"]}]},{\"@type\":\"WebPage\",\"@id\":\"https:\\\/\\\/www.jazzzeitung.de\\\/cms\\\/2018\\\/10\\\/news-jim-mullen-group-spielt-in-abensberg-3-tage-jazz-festival-2019-in-saalfelden\\\/\",\"url\":\"https:\\\/\\\/www.jazzzeitung.de\\\/cms\\\/2018\\\/10\\\/news-jim-mullen-group-spielt-in-abensberg-3-tage-jazz-festival-2019-in-saalfelden\\\/\",\"name\":\"+++ News +++ 3 Tage Jazz Festival 2019 in Saalfelden +++ Jim Mullen Group spielt in Abensberg +++ - JazzZeitung\",\"isPartOf\":{\"@id\":\"https:\\\/\\\/www.jazzzeitung.de\\\/cms\\\/#website\"},\"primaryImageOfPage\":{\"@id\":\"https:\\\/\\\/www.jazzzeitung.de\\\/cms\\\/2018\\\/10\\\/news-jim-mullen-group-spielt-in-abensberg-3-tage-jazz-festival-2019-in-saalfelden\\\/#primaryimage\"},\"image\":{\"@id\":\"https:\\\/\\\/www.jazzzeitung.de\\\/cms\\\/2018\\\/10\\\/news-jim-mullen-group-spielt-in-abensberg-3-tage-jazz-festival-2019-in-saalfelden\\\/#primaryimage\"},\"thumbnailUrl\":\"https:\\\/\\\/i0.wp.com\\\/www.jazzzeitung.de\\\/cms\\\/wp-content\\\/uploads\\\/2018\\\/10\\\/Duo_by_Eric_Legret.jpeg?fit=921%2C768&ssl=1\",\"datePublished\":\"2018-10-12T14:16:51+00:00\",\"breadcrumb\":{\"@id\":\"https:\\\/\\\/www.jazzzeitung.de\\\/cms\\\/2018\\\/10\\\/news-jim-mullen-group-spielt-in-abensberg-3-tage-jazz-festival-2019-in-saalfelden\\\/#breadcrumb\"},\"inLanguage\":\"de\",\"potentialAction\":[{\"@type\":\"ReadAction\",\"target\":[\"https:\\\/\\\/www.jazzzeitung.de\\\/cms\\\/2018\\\/10\\\/news-jim-mullen-group-spielt-in-abensberg-3-tage-jazz-festival-2019-in-saalfelden\\\/\"]}]},{\"@type\":\"ImageObject\",\"inLanguage\":\"de\",\"@id\":\"https:\\\/\\\/www.jazzzeitung.de\\\/cms\\\/2018\\\/10\\\/news-jim-mullen-group-spielt-in-abensberg-3-tage-jazz-festival-2019-in-saalfelden\\\/#primaryimage\",\"url\":\"https:\\\/\\\/i0.wp.com\\\/www.jazzzeitung.de\\\/cms\\\/wp-content\\\/uploads\\\/2018\\\/10\\\/Duo_by_Eric_Legret.jpeg?fit=921%2C768&ssl=1\",\"contentUrl\":\"https:\\\/\\\/i0.wp.com\\\/www.jazzzeitung.de\\\/cms\\\/wp-content\\\/uploads\\\/2018\\\/10\\\/Duo_by_Eric_Legret.jpeg?fit=921%2C768&ssl=1\",\"width\":921,\"height\":768},{\"@type\":\"BreadcrumbList\",\"@id\":\"https:\\\/\\\/www.jazzzeitung.de\\\/cms\\\/2018\\\/10\\\/news-jim-mullen-group-spielt-in-abensberg-3-tage-jazz-festival-2019-in-saalfelden\\\/#breadcrumb\",\"itemListElement\":[{\"@type\":\"ListItem\",\"position\":1,\"name\":\"Startseite\",\"item\":\"https:\\\/\\\/www.jazzzeitung.de\\\/cms\\\/\"},{\"@type\":\"ListItem\",\"position\":2,\"name\":\"+++ News +++ 3 Tage Jazz Festival 2019 in Saalfelden +++ Jim Mullen Group spielt in Abensberg +++\"}]},{\"@type\":\"WebSite\",\"@id\":\"https:\\\/\\\/www.jazzzeitung.de\\\/cms\\\/#website\",\"url\":\"https:\\\/\\\/www.jazzzeitung.de\\\/cms\\\/\",\"name\":\"JazzZeitung\",\"description\":\"Jazz-News und Jazz-Kontroverses\",\"publisher\":{\"@id\":\"https:\\\/\\\/www.jazzzeitung.de\\\/cms\\\/#organization\"},\"potentialAction\":[{\"@type\":\"SearchAction\",\"target\":{\"@type\":\"EntryPoint\",\"urlTemplate\":\"https:\\\/\\\/www.jazzzeitung.de\\\/cms\\\/?s={search_term_string}\"},\"query-input\":{\"@type\":\"PropertyValueSpecification\",\"valueRequired\":true,\"valueName\":\"search_term_string\"}}],\"inLanguage\":\"de\"},{\"@type\":\"Organization\",\"@id\":\"https:\\\/\\\/www.jazzzeitung.de\\\/cms\\\/#organization\",\"name\":\"JazzZeitung online\",\"url\":\"https:\\\/\\\/www.jazzzeitung.de\\\/cms\\\/\",\"logo\":{\"@type\":\"ImageObject\",\"inLanguage\":\"de\",\"@id\":\"https:\\\/\\\/www.jazzzeitung.de\\\/cms\\\/#\\\/schema\\\/logo\\\/image\\\/\",\"url\":\"https:\\\/\\\/i0.wp.com\\\/www.jazzzeitung.de\\\/cms\\\/wp-content\\\/uploads\\\/2015\\\/08\\\/JAZZZEITUNGDE_Logo_Neu.png?fit=499%2C200&ssl=1\",\"contentUrl\":\"https:\\\/\\\/i0.wp.com\\\/www.jazzzeitung.de\\\/cms\\\/wp-content\\\/uploads\\\/2015\\\/08\\\/JAZZZEITUNGDE_Logo_Neu.png?fit=499%2C200&ssl=1\",\"width\":499,\"height\":200,\"caption\":\"JazzZeitung online\"},\"image\":{\"@id\":\"https:\\\/\\\/www.jazzzeitung.de\\\/cms\\\/#\\\/schema\\\/logo\\\/image\\\/\"},\"sameAs\":[\"https:\\\/\\\/www.facebook.com\\\/JazzZeitung\\\/\"]},{\"@type\":\"Person\",\"@id\":\"https:\\\/\\\/www.jazzzeitung.de\\\/cms\\\/#\\\/schema\\\/person\\\/2245b36b9cd1d24cea10f01c031fb92b\",\"name\":\"Redaktion JazzZeitung\",\"image\":{\"@type\":\"ImageObject\",\"inLanguage\":\"de\",\"@id\":\"https:\\\/\\\/i0.wp.com\\\/www.jazzzeitung.de\\\/cms\\\/wp-content\\\/uploads\\\/2015\\\/08\\\/JAZZZEITUNGDE_Logo_Neu.png?resize=96%2C96&ssl=159975dcacb611b5700bd619b5daf0a7a\",\"url\":\"https:\\\/\\\/i0.wp.com\\\/www.jazzzeitung.de\\\/cms\\\/wp-content\\\/uploads\\\/2015\\\/08\\\/JAZZZEITUNGDE_Logo_Neu.png?resize=96%2C96&ssl=1\",\"contentUrl\":\"https:\\\/\\\/i0.wp.com\\\/www.jazzzeitung.de\\\/cms\\\/wp-content\\\/uploads\\\/2015\\\/08\\\/JAZZZEITUNGDE_Logo_Neu.png?resize=96%2C96&ssl=1\",\"caption\":\"Redaktion JazzZeitung\"},\"description\":\"Artikel der Redaktion der JazzZeitung.\",\"sameAs\":[\"http:\\\/\\\/www.jazzzeitung.de\\\/cms\\\/\"],\"url\":\"https:\\\/\\\/www.jazzzeitung.de\\\/cms\\\/author\\\/redaktion\\\/\"}]}<\/script>\n<!-- \/ Yoast SEO plugin. -->","yoast_head_json":{"title":"+++ News +++ 3 Tage Jazz Festival 2019 in Saalfelden +++ Jim Mullen Group spielt in Abensberg +++ - JazzZeitung","robots":{"index":"index","follow":"follow","max-snippet":"max-snippet:-1","max-image-preview":"max-image-preview:large","max-video-preview":"max-video-preview:-1"},"canonical":"https:\/\/www.jazzzeitung.de\/cms\/2018\/10\/news-jim-mullen-group-spielt-in-abensberg-3-tage-jazz-festival-2019-in-saalfelden\/","og_locale":"de_DE","og_type":"article","og_title":"+++ News +++ 3 Tage Jazz Festival 2019 in Saalfelden +++ Jim Mullen Group spielt in Abensberg +++ - JazzZeitung","og_description":"+++ 3 Tage Jazz Festival 2019 in Saalfelden +++ Im Gegensatz zum Saalfeldener Sommerfestival ist das 3 Tage Jazz Festival in Saalfelden ein kleineres Musikfest, das vom 18. bis 20. Januar 2019, also im tiefsten Winter, inmitten des Salzburger Innergebirgs stattfindet. Bei den aufgestockten neun Konzerten auf drei B\u00fchnen stehen gro\u00dfe Namen der europ\u00e4ischen Jazzszene genauso wie junge Jazzformationen \u00d6sterreichs im Mittelpunkt. Jedes der drei Er\u00f6ffnungskonzerte wird dabei von einer \u00f6sterreichischen Formation bestritten. Unter den Musiker\/-innen aus Frankreich, Holland und Italien findet sich auch Bassist Henri Texier, der im Kunsthaus Nexus mit seinem Sand Quintett seine aktuelle Platte &#8222;Sand Woman&#8220; vorstellt. F\u00fcr programmatische Br\u00fcche sorgen indessen die Musiker H\u00e9l\u00e8ne Labarri\u00e8re &amp; Hasse Poulsen, wenn sie die Hits der Popgeschichte frei interpretieren, w\u00e4hrend die Formation \u201eSudoku Killer\u201c um Bassistin Caterina Palazzi aus Italien Post- und Stoner-Rock-Elemente in den Jazz einweben. Am Samstag pr\u00e4sentiert Alex Pinter sein mit Gitarre, Piano und Akkordeon recht eigenwillig besetztes Trio \u201eBirds against Hurricanes\u201c, mit Christian Bacanic solo und dem Streichquartett \u201eViolett Spin\u201c steht der Sonntag im Bergbau- und Gotikmuseum Leogang ganz im Zeichen der \u00f6sterreichischen Musikerinnen und Musiker. Schlie\u00dflich l\u00e4sst das &hellip;","og_url":"https:\/\/www.jazzzeitung.de\/cms\/2018\/10\/news-jim-mullen-group-spielt-in-abensberg-3-tage-jazz-festival-2019-in-saalfelden\/","og_site_name":"JazzZeitung","article_publisher":"https:\/\/www.facebook.com\/JazzZeitung\/","article_published_time":"2018-10-12T14:16:51+00:00","og_image":[{"width":921,"height":768,"url":"https:\/\/i0.wp.com\/www.jazzzeitung.de\/cms\/wp-content\/uploads\/2018\/10\/Duo_by_Eric_Legret.jpeg?fit=921%2C768&ssl=1","type":"image\/jpeg"}],"author":"Redaktion JazzZeitung","schema":{"@context":"https:\/\/schema.org","@graph":[{"@type":"Article","@id":"https:\/\/www.jazzzeitung.de\/cms\/2018\/10\/news-jim-mullen-group-spielt-in-abensberg-3-tage-jazz-festival-2019-in-saalfelden\/#article","isPartOf":{"@id":"https:\/\/www.jazzzeitung.de\/cms\/2018\/10\/news-jim-mullen-group-spielt-in-abensberg-3-tage-jazz-festival-2019-in-saalfelden\/"},"author":{"name":"Redaktion JazzZeitung","@id":"https:\/\/www.jazzzeitung.de\/cms\/#\/schema\/person\/2245b36b9cd1d24cea10f01c031fb92b"},"headline":"+++ News +++ 3 Tage Jazz Festival 2019 in Saalfelden +++ Jim Mullen Group spielt in Abensberg +++","datePublished":"2018-10-12T14:16:51+00:00","mainEntityOfPage":{"@id":"https:\/\/www.jazzzeitung.de\/cms\/2018\/10\/news-jim-mullen-group-spielt-in-abensberg-3-tage-jazz-festival-2019-in-saalfelden\/"},"wordCount":369,"commentCount":0,"publisher":{"@id":"https:\/\/www.jazzzeitung.de\/cms\/#organization"},"image":{"@id":"https:\/\/www.jazzzeitung.de\/cms\/2018\/10\/news-jim-mullen-group-spielt-in-abensberg-3-tage-jazz-festival-2019-in-saalfelden\/#primaryimage"},"thumbnailUrl":"https:\/\/i0.wp.com\/www.jazzzeitung.de\/cms\/wp-content\/uploads\/2018\/10\/Duo_by_Eric_Legret.jpeg?fit=921%2C768&ssl=1","keywords":["2018","2019","Akkordeon","Festival","Helmut Nieberle","Jazz","Jazz Award","Jazzclub","Jazzszene","News","Oktober","Piano","Rock","Saalfelden","trio"],"articleSection":["News"],"inLanguage":"de","potentialAction":[{"@type":"CommentAction","name":"Comment","target":["https:\/\/www.jazzzeitung.de\/cms\/2018\/10\/news-jim-mullen-group-spielt-in-abensberg-3-tage-jazz-festival-2019-in-saalfelden\/#respond"]}]},{"@type":"WebPage","@id":"https:\/\/www.jazzzeitung.de\/cms\/2018\/10\/news-jim-mullen-group-spielt-in-abensberg-3-tage-jazz-festival-2019-in-saalfelden\/","url":"https:\/\/www.jazzzeitung.de\/cms\/2018\/10\/news-jim-mullen-group-spielt-in-abensberg-3-tage-jazz-festival-2019-in-saalfelden\/","name":"+++ News +++ 3 Tage Jazz Festival 2019 in Saalfelden +++ Jim Mullen Group spielt in Abensberg +++ - JazzZeitung","isPartOf":{"@id":"https:\/\/www.jazzzeitung.de\/cms\/#website"},"primaryImageOfPage":{"@id":"https:\/\/www.jazzzeitung.de\/cms\/2018\/10\/news-jim-mullen-group-spielt-in-abensberg-3-tage-jazz-festival-2019-in-saalfelden\/#primaryimage"},"image":{"@id":"https:\/\/www.jazzzeitung.de\/cms\/2018\/10\/news-jim-mullen-group-spielt-in-abensberg-3-tage-jazz-festival-2019-in-saalfelden\/#primaryimage"},"thumbnailUrl":"https:\/\/i0.wp.com\/www.jazzzeitung.de\/cms\/wp-content\/uploads\/2018\/10\/Duo_by_Eric_Legret.jpeg?fit=921%2C768&ssl=1","datePublished":"2018-10-12T14:16:51+00:00","breadcrumb":{"@id":"https:\/\/www.jazzzeitung.de\/cms\/2018\/10\/news-jim-mullen-group-spielt-in-abensberg-3-tage-jazz-festival-2019-in-saalfelden\/#breadcrumb"},"inLanguage":"de","potentialAction":[{"@type":"ReadAction","target":["https:\/\/www.jazzzeitung.de\/cms\/2018\/10\/news-jim-mullen-group-spielt-in-abensberg-3-tage-jazz-festival-2019-in-saalfelden\/"]}]},{"@type":"ImageObject","inLanguage":"de","@id":"https:\/\/www.jazzzeitung.de\/cms\/2018\/10\/news-jim-mullen-group-spielt-in-abensberg-3-tage-jazz-festival-2019-in-saalfelden\/#primaryimage","url":"https:\/\/i0.wp.com\/www.jazzzeitung.de\/cms\/wp-content\/uploads\/2018\/10\/Duo_by_Eric_Legret.jpeg?fit=921%2C768&ssl=1","contentUrl":"https:\/\/i0.wp.com\/www.jazzzeitung.de\/cms\/wp-content\/uploads\/2018\/10\/Duo_by_Eric_Legret.jpeg?fit=921%2C768&ssl=1","width":921,"height":768},{"@type":"BreadcrumbList","@id":"https:\/\/www.jazzzeitung.de\/cms\/2018\/10\/news-jim-mullen-group-spielt-in-abensberg-3-tage-jazz-festival-2019-in-saalfelden\/#breadcrumb","itemListElement":[{"@type":"ListItem","position":1,"name":"Startseite","item":"https:\/\/www.jazzzeitung.de\/cms\/"},{"@type":"ListItem","position":2,"name":"+++ News +++ 3 Tage Jazz Festival 2019 in Saalfelden +++ Jim Mullen Group spielt in Abensberg +++"}]},{"@type":"WebSite","@id":"https:\/\/www.jazzzeitung.de\/cms\/#website","url":"https:\/\/www.jazzzeitung.de\/cms\/","name":"JazzZeitung","description":"Jazz-News und Jazz-Kontroverses","publisher":{"@id":"https:\/\/www.jazzzeitung.de\/cms\/#organization"},"potentialAction":[{"@type":"SearchAction","target":{"@type":"EntryPoint","urlTemplate":"https:\/\/www.jazzzeitung.de\/cms\/?s={search_term_string}"},"query-input":{"@type":"PropertyValueSpecification","valueRequired":true,"valueName":"search_term_string"}}],"inLanguage":"de"},{"@type":"Organization","@id":"https:\/\/www.jazzzeitung.de\/cms\/#organization","name":"JazzZeitung online","url":"https:\/\/www.jazzzeitung.de\/cms\/","logo":{"@type":"ImageObject","inLanguage":"de","@id":"https:\/\/www.jazzzeitung.de\/cms\/#\/schema\/logo\/image\/","url":"https:\/\/i0.wp.com\/www.jazzzeitung.de\/cms\/wp-content\/uploads\/2015\/08\/JAZZZEITUNGDE_Logo_Neu.png?fit=499%2C200&ssl=1","contentUrl":"https:\/\/i0.wp.com\/www.jazzzeitung.de\/cms\/wp-content\/uploads\/2015\/08\/JAZZZEITUNGDE_Logo_Neu.png?fit=499%2C200&ssl=1","width":499,"height":200,"caption":"JazzZeitung online"},"image":{"@id":"https:\/\/www.jazzzeitung.de\/cms\/#\/schema\/logo\/image\/"},"sameAs":["https:\/\/www.facebook.com\/JazzZeitung\/"]},{"@type":"Person","@id":"https:\/\/www.jazzzeitung.de\/cms\/#\/schema\/person\/2245b36b9cd1d24cea10f01c031fb92b","name":"Redaktion JazzZeitung","image":{"@type":"ImageObject","inLanguage":"de","@id":"https:\/\/i0.wp.com\/www.jazzzeitung.de\/cms\/wp-content\/uploads\/2015\/08\/JAZZZEITUNGDE_Logo_Neu.png?resize=96%2C96&ssl=159975dcacb611b5700bd619b5daf0a7a","url":"https:\/\/i0.wp.com\/www.jazzzeitung.de\/cms\/wp-content\/uploads\/2015\/08\/JAZZZEITUNGDE_Logo_Neu.png?resize=96%2C96&ssl=1","contentUrl":"https:\/\/i0.wp.com\/www.jazzzeitung.de\/cms\/wp-content\/uploads\/2015\/08\/JAZZZEITUNGDE_Logo_Neu.png?resize=96%2C96&ssl=1","caption":"Redaktion JazzZeitung"},"description":"Artikel der Redaktion der JazzZeitung.","sameAs":["http:\/\/www.jazzzeitung.de\/cms\/"],"url":"https:\/\/www.jazzzeitung.de\/cms\/author\/redaktion\/"}]}},"wp-worthy-pixel":{"ignored":false,"public":null,"server":null,"url":null},"wp-worthy-type":"normal","jetpack_publicize_connections":[],"cc_featured_image_caption":{"caption_text":"","source_text":"","source_url":""},"jetpack_featured_media_url":"https:\/\/i0.wp.com\/www.jazzzeitung.de\/cms\/wp-content\/uploads\/2018\/10\/Duo_by_Eric_Legret.jpeg?fit=921%2C768&ssl=1","jetpack_shortlink":"https:\/\/wp.me\/p3KEcT-4xa","jetpack-related-posts":[{"id":21326,"url":"https:\/\/www.jazzzeitung.de\/cms\/2019\/11\/3-tage-jazz-festival-saalfelden-leogangjazzfoerderung-in-baden-wuerttemberg-2020\/","url_meta":{"origin":17432,"position":0},"title":"+++ \u201e3 Tage Jazz\u201c Festival Saalfelden Leogang+++Jazzf\u00f6rderung in Baden-W\u00fcrttemberg 2020 +++","author":"Redaktion JazzZeitung","date":"20. November 2019","format":false,"excerpt":"\u201e3 Tage Jazz\u201c Festival Saalfelden Leogang 17.-19. J\u00e4nner 2020 Im Gegensatz zum Saalfeldener Sommerfestival ist das \u201e3 Tage Jazz\u201c ein kleineres Festival, das im tiefsten Winter inmitten des Salzburger Innergebirgs stattfindet. Mit gro\u00dfen Namen der europ\u00e4ischen Jazzszene als auch mit jungen \u00f6sterreichischen Jazzformationen. Neun Konzerte auf drei B\u00fchnen Freitag und\u2026","rel":"","context":"In &quot;News&quot;","block_context":{"text":"News","link":"https:\/\/www.jazzzeitung.de\/cms\/thema\/nachrichten\/"},"img":{"alt_text":"","src":"https:\/\/i0.wp.com\/www.jazzzeitung.de\/cms\/wp-content\/uploads\/2019\/11\/Trio-Air%C3%A9s-by-Photo-Franck-Juery-scaled.jpg?fit=1200%2C801&ssl=1&resize=350%2C200","width":350,"height":200,"srcset":"https:\/\/i0.wp.com\/www.jazzzeitung.de\/cms\/wp-content\/uploads\/2019\/11\/Trio-Air%C3%A9s-by-Photo-Franck-Juery-scaled.jpg?fit=1200%2C801&ssl=1&resize=350%2C200 1x, https:\/\/i0.wp.com\/www.jazzzeitung.de\/cms\/wp-content\/uploads\/2019\/11\/Trio-Air%C3%A9s-by-Photo-Franck-Juery-scaled.jpg?fit=1200%2C801&ssl=1&resize=525%2C300 1.5x, https:\/\/i0.wp.com\/www.jazzzeitung.de\/cms\/wp-content\/uploads\/2019\/11\/Trio-Air%C3%A9s-by-Photo-Franck-Juery-scaled.jpg?fit=1200%2C801&ssl=1&resize=700%2C400 2x, https:\/\/i0.wp.com\/www.jazzzeitung.de\/cms\/wp-content\/uploads\/2019\/11\/Trio-Air%C3%A9s-by-Photo-Franck-Juery-scaled.jpg?fit=1200%2C801&ssl=1&resize=1050%2C600 3x"},"classes":[]},{"id":18436,"url":"https:\/\/www.jazzzeitung.de\/cms\/2019\/01\/news-saalfelden-leogang-feierte-3-tage-jazz-jazzfest-in-rottweil-programm-nahezu-komplett-das-suedtirol-jazzfestival-2019-bespielt-neue-locations\/","url_meta":{"origin":17432,"position":1},"title":"+++ News: +++ Saalfelden Leogang feierte \u201e3 Tage Jazz&#8220; +++ Jazzfest in Rottweil &#8211; Programm nahezu komplett! +++ Das S\u00fcdtirol Jazzfestival 2019 bespielt neue Locations +++","author":"Redaktion JazzZeitung","date":"28. Januar 2019","format":false,"excerpt":"Die ersten \"Drei Tage Jazz\" in der Saalfelden Leogang 2019 Vom 18.-20. Januar 2019 ging das vierte \u201e3 Tage Jazz\" Festival in der Region Saalfelden Leogang\u00a0 inmitten des Salzburger Innergebirgs \u00fcber die B\u00fchne. Das Appetith\u00e4ppchen aufs gro\u00dfe Saalfeldener Sommerfestival ist aber auch schonaus den Kinderschuhen raus und wurde zum neuen\u2026","rel":"","context":"In &quot;News&quot;","block_context":{"text":"News","link":"https:\/\/www.jazzzeitung.de\/cms\/thema\/nachrichten\/"},"img":{"alt_text":"","src":"https:\/\/i0.wp.com\/www.jazzzeitung.de\/cms\/wp-content\/uploads\/2019\/01\/Veranstalter-JazzfestivalcJohannesRadlwimmer.jpg?fit=1200%2C800&ssl=1&resize=350%2C200","width":350,"height":200,"srcset":"https:\/\/i0.wp.com\/www.jazzzeitung.de\/cms\/wp-content\/uploads\/2019\/01\/Veranstalter-JazzfestivalcJohannesRadlwimmer.jpg?fit=1200%2C800&ssl=1&resize=350%2C200 1x, https:\/\/i0.wp.com\/www.jazzzeitung.de\/cms\/wp-content\/uploads\/2019\/01\/Veranstalter-JazzfestivalcJohannesRadlwimmer.jpg?fit=1200%2C800&ssl=1&resize=525%2C300 1.5x, https:\/\/i0.wp.com\/www.jazzzeitung.de\/cms\/wp-content\/uploads\/2019\/01\/Veranstalter-JazzfestivalcJohannesRadlwimmer.jpg?fit=1200%2C800&ssl=1&resize=700%2C400 2x, https:\/\/i0.wp.com\/www.jazzzeitung.de\/cms\/wp-content\/uploads\/2019\/01\/Veranstalter-JazzfestivalcJohannesRadlwimmer.jpg?fit=1200%2C800&ssl=1&resize=1050%2C600 3x"},"classes":[]},{"id":11589,"url":"https:\/\/www.jazzzeitung.de\/cms\/2017\/01\/so-war-das-3-tage-jazz-in-saalfelden\/","url_meta":{"origin":17432,"position":2},"title":"So war das \u201e3 Tage Jazz\u201c in Saalfelden","author":"Redaktion JazzZeitung","date":"25. Januar 2017","format":false,"excerpt":"Fast 40 Jahre ist es her, als das heutige Jazzfestival Saalfelden unter dem Namen \"3 Tage Jazz\" 1978 seine Tore \u00f6ffnete. Nun im Jahr 2017 konnte man schon zum zweiten Mal den unkonventionellen Jazzt\u00f6nen auch im Winter lauschen und so pr\u00e4sentierten wir beim \u201e3 Tage Jazz\u201c von 20.\u00a0 bis 22.\u2026","rel":"","context":"In &quot;Bericht&quot;","block_context":{"text":"Bericht","link":"https:\/\/www.jazzzeitung.de\/cms\/thema\/bericht\/"},"img":{"alt_text":"","src":"https:\/\/i0.wp.com\/www.jazzzeitung.de\/cms\/wp-content\/uploads\/2017\/01\/Gianluigi-Trovesi-%C2%A9-Michael-Gei%C3%9Fler-150x150.jpg?resize=350%2C200","width":350,"height":200},"classes":[]},{"id":18933,"url":"https:\/\/www.jazzzeitung.de\/cms\/2019\/03\/news-joy-life-love-in-graz-sheila-jordan-mit-studierenden-der-kunstuniversitaet-10-jubilaeum-fuer-zettbe-das-magazin-nun-neu-40-internationales-jazzfestival-saalfelden\/","url_meta":{"origin":17432,"position":3},"title":"+++ News: +++ \u201eJoy \u2013 Life \u2013 Love\u201c in Graz: Sheila Jordan mit Studierenden der Kunstuniversit\u00e4t +++ 10. Jubil\u00e4um f\u00fcr Zettbe, das Magazin nun: \u201eNeu\u201c +++ 40. Internationales Jazzfestival Saalfelden +++","author":"Redaktion JazzZeitung","date":"14. M\u00e4rz 2019","format":false,"excerpt":"Artist in Residence: Joy \u2013 Life \u2013 Love an der KUG mit Sheila Jordan in Graz Erneut begr\u00fc\u00dft das Institut f\u00fcr Jazz der Kunstuniversit\u00e4t das KUG-Ehrenmitglied Sheila Jordan als Artist in Residence in Graz. Neben ihren Workshops mit den KUG-Studentinnen und Studenten ist die amerikanische Jazzgr\u00f6\u00dfe am 25. M\u00e4rz Sheila\u2026","rel":"","context":"In &quot;News&quot;","block_context":{"text":"News","link":"https:\/\/www.jazzzeitung.de\/cms\/thema\/nachrichten\/"},"img":{"alt_text":"","src":"https:\/\/i0.wp.com\/www.jazzzeitung.de\/cms\/wp-content\/uploads\/2019\/03\/BeitragsbildKUGJazz_SheilaJordan_JohannesGellner.jpg?fit=1200%2C800&ssl=1&resize=350%2C200","width":350,"height":200,"srcset":"https:\/\/i0.wp.com\/www.jazzzeitung.de\/cms\/wp-content\/uploads\/2019\/03\/BeitragsbildKUGJazz_SheilaJordan_JohannesGellner.jpg?fit=1200%2C800&ssl=1&resize=350%2C200 1x, https:\/\/i0.wp.com\/www.jazzzeitung.de\/cms\/wp-content\/uploads\/2019\/03\/BeitragsbildKUGJazz_SheilaJordan_JohannesGellner.jpg?fit=1200%2C800&ssl=1&resize=525%2C300 1.5x, https:\/\/i0.wp.com\/www.jazzzeitung.de\/cms\/wp-content\/uploads\/2019\/03\/BeitragsbildKUGJazz_SheilaJordan_JohannesGellner.jpg?fit=1200%2C800&ssl=1&resize=700%2C400 2x, https:\/\/i0.wp.com\/www.jazzzeitung.de\/cms\/wp-content\/uploads\/2019\/03\/BeitragsbildKUGJazz_SheilaJordan_JohannesGellner.jpg?fit=1200%2C800&ssl=1&resize=1050%2C600 3x"},"classes":[]},{"id":26117,"url":"https:\/\/www.jazzzeitung.de\/cms\/2021\/11\/classical-beyond-festival-zeigt-stummfilme-mit-live-musik-euphorium-internationales-mini-festival-fuer-zeitgenoessisch-improvisierte-musik-3-tage-jazz-beim-jazzfestival-saalfelden\/","url_meta":{"origin":17432,"position":4},"title":"+++ Classical &#038; Beyond Festival zeigt Stummfilme mit Live-Musik +++ EUPHORIUM: Internationales Mini-Festival f\u00fcr zeitgen\u00f6ssisch improvisierte Musik +++ 3 Tage Jazz beim Jazzfestival Saalfelden +++","author":"Redaktion JazzZeitung","date":"9. November 2021","format":false,"excerpt":"+++ Festival Classical & Beyond in Ottobrunn +++ Beim vierten Classical & Beyond Festival am 12. & 13. November im Wolf-Ferrari Haus in Ottobrunn werden ungew\u00f6hnliche Konzertbesetzungen und kreative K\u00fcnstlerinnen und K\u00fcnstler pr\u00e4sentiert. Dieses Jahr erklingt an den beiden Abenden um jeweils 20 Uhr Live-Musik zu Stummfilmklassikern. Am Freitag, dem\u2026","rel":"","context":"In &quot;News&quot;","block_context":{"text":"News","link":"https:\/\/www.jazzzeitung.de\/cms\/thema\/nachrichten\/"},"img":{"alt_text":"","src":"https:\/\/i0.wp.com\/www.jazzzeitung.de\/cms\/wp-content\/uploads\/2021\/11\/VICTHAMIN-3_Reza-Majdodin-scaled.jpg?fit=1200%2C768&ssl=1&resize=350%2C200","width":350,"height":200,"srcset":"https:\/\/i0.wp.com\/www.jazzzeitung.de\/cms\/wp-content\/uploads\/2021\/11\/VICTHAMIN-3_Reza-Majdodin-scaled.jpg?fit=1200%2C768&ssl=1&resize=350%2C200 1x, https:\/\/i0.wp.com\/www.jazzzeitung.de\/cms\/wp-content\/uploads\/2021\/11\/VICTHAMIN-3_Reza-Majdodin-scaled.jpg?fit=1200%2C768&ssl=1&resize=525%2C300 1.5x, https:\/\/i0.wp.com\/www.jazzzeitung.de\/cms\/wp-content\/uploads\/2021\/11\/VICTHAMIN-3_Reza-Majdodin-scaled.jpg?fit=1200%2C768&ssl=1&resize=700%2C400 2x, https:\/\/i0.wp.com\/www.jazzzeitung.de\/cms\/wp-content\/uploads\/2021\/11\/VICTHAMIN-3_Reza-Majdodin-scaled.jpg?fit=1200%2C768&ssl=1&resize=1050%2C600 3x"},"classes":[]},{"id":28907,"url":"https:\/\/www.jazzzeitung.de\/cms\/2023\/01\/news-koeln-oeffnet-auswahlverfahren-zum-horst-und-gretl-will-stipendium-fuer-jazz-improvisierte-musik-saalfelden-leogang-3-tage-jazz-nach-zwei-jahren-zurueck-will-jacob\/","url_meta":{"origin":17432,"position":5},"title":"News: +++ K\u00f6ln \u00f6ffnet Auswahlverfahren zum Horst und Gretl Will-Stipendium f\u00fcr Jazz\/Improvisierte Musik +++ Saalfelden Leogang: \u201c3 Tage Jazz\u201c nach zwei Jahren zur\u00fcck +++ Will Jacobs (USA\/Berlin) mit Blues-Band in Oberthulba +++","author":"Redaktion JazzZeitung","date":"16. Januar 2023","format":false,"excerpt":"+++ Noch bis zum 28. Februar: Ausschreibung der Stadt K\u00f6ln f\u00fcr das Horst und Gretl Will-Stipendium f\u00fcr Jazz\/Improvisierte Musik +++ Seit 1998 vergibt die Stadt K\u00f6ln das privat finanzierte Horst und Gretl Will-Stipendium f\u00fcr Jazz\/Improvisierte Musik. Zur Teilnahme am Auswahlverfahren ist berechtigt, wer im Verleihungsjahr nicht \u00e4lter als 30 Jahre\u2026","rel":"","context":"In &quot;News&quot;","block_context":{"text":"News","link":"https:\/\/www.jazzzeitung.de\/cms\/thema\/nachrichten\/"},"img":{"alt_text":"","src":"https:\/\/i0.wp.com\/www.jazzzeitung.de\/cms\/wp-content\/uploads\/2023\/01\/3TageJazz_by_MichaelGeissler-3-scaled.jpg?fit=1200%2C800&ssl=1&resize=350%2C200","width":350,"height":200,"srcset":"https:\/\/i0.wp.com\/www.jazzzeitung.de\/cms\/wp-content\/uploads\/2023\/01\/3TageJazz_by_MichaelGeissler-3-scaled.jpg?fit=1200%2C800&ssl=1&resize=350%2C200 1x, https:\/\/i0.wp.com\/www.jazzzeitung.de\/cms\/wp-content\/uploads\/2023\/01\/3TageJazz_by_MichaelGeissler-3-scaled.jpg?fit=1200%2C800&ssl=1&resize=525%2C300 1.5x, https:\/\/i0.wp.com\/www.jazzzeitung.de\/cms\/wp-content\/uploads\/2023\/01\/3TageJazz_by_MichaelGeissler-3-scaled.jpg?fit=1200%2C800&ssl=1&resize=700%2C400 2x, https:\/\/i0.wp.com\/www.jazzzeitung.de\/cms\/wp-content\/uploads\/2023\/01\/3TageJazz_by_MichaelGeissler-3-scaled.jpg?fit=1200%2C800&ssl=1&resize=1050%2C600 3x"},"classes":[]}],"jetpack_sharing_enabled":true,"_links":{"self":[{"href":"https:\/\/www.jazzzeitung.de\/cms\/wp-json\/wp\/v2\/posts\/17432","targetHints":{"allow":["GET"]}}],"collection":[{"href":"https:\/\/www.jazzzeitung.de\/cms\/wp-json\/wp\/v2\/posts"}],"about":[{"href":"https:\/\/www.jazzzeitung.de\/cms\/wp-json\/wp\/v2\/types\/post"}],"author":[{"embeddable":true,"href":"https:\/\/www.jazzzeitung.de\/cms\/wp-json\/wp\/v2\/users\/18"}],"replies":[{"embeddable":true,"href":"https:\/\/www.jazzzeitung.de\/cms\/wp-json\/wp\/v2\/comments?post=17432"}],"version-history":[{"count":5,"href":"https:\/\/www.jazzzeitung.de\/cms\/wp-json\/wp\/v2\/posts\/17432\/revisions"}],"predecessor-version":[{"id":17455,"href":"https:\/\/www.jazzzeitung.de\/cms\/wp-json\/wp\/v2\/posts\/17432\/revisions\/17455"}],"wp:featuredmedia":[{"embeddable":true,"href":"https:\/\/www.jazzzeitung.de\/cms\/wp-json\/wp\/v2\/media\/17433"}],"wp:attachment":[{"href":"https:\/\/www.jazzzeitung.de\/cms\/wp-json\/wp\/v2\/media?parent=17432"}],"wp:term":[{"taxonomy":"category","embeddable":true,"href":"https:\/\/www.jazzzeitung.de\/cms\/wp-json\/wp\/v2\/categories?post=17432"},{"taxonomy":"post_tag","embeddable":true,"href":"https:\/\/www.jazzzeitung.de\/cms\/wp-json\/wp\/v2\/tags?post=17432"},{"taxonomy":"author","embeddable":true,"href":"https:\/\/www.jazzzeitung.de\/cms\/wp-json\/wp\/v2\/coauthors?post=17432"}],"curies":[{"name":"wp","href":"https:\/\/api.w.org\/{rel}","templated":true}]}}