{"id":17357,"date":"2018-10-04T10:10:48","date_gmt":"2018-10-04T08:10:48","guid":{"rendered":"https:\/\/www.jazzzeitung.de\/cms\/?p=17357"},"modified":"2018-10-04T10:10:48","modified_gmt":"2018-10-04T08:10:48","slug":"news-will-jacobs-in-oberthulba-jazz-we-can-in-frankfurt-musikfoerderung-der-initiative-musik","status":"publish","type":"post","link":"https:\/\/www.jazzzeitung.de\/cms\/2018\/10\/news-will-jacobs-in-oberthulba-jazz-we-can-in-frankfurt-musikfoerderung-der-initiative-musik\/","title":{"rendered":"+++ news +++ Will Jacobs in Oberthulba +++ Jazz? We can! in Frankfurt +++ Musikf\u00f6rderung der Initiative Musik +++"},"content":{"rendered":"<h3>+++ Will Jacobs (USA\/Berlin) &amp; Blues-Band am Freitag 19.10.2018 um 20 Uhr, Piano-B\u00fchne, 97723 Oberthulba +++<\/h3>\n<p><a href=\"https:\/\/i0.wp.com\/www.jazzzeitung.de\/cms\/wp-content\/uploads\/2018\/10\/IMG_7113.jpg?ssl=1\"><img data-recalc-dims=\"1\" loading=\"lazy\" decoding=\"async\" data-attachment-id=\"17358\" data-permalink=\"https:\/\/www.jazzzeitung.de\/cms\/2018\/10\/news-will-jacobs-in-oberthulba-jazz-we-can-in-frankfurt-musikfoerderung-der-initiative-musik\/img_7113\/\" data-orig-file=\"https:\/\/i0.wp.com\/www.jazzzeitung.de\/cms\/wp-content\/uploads\/2018\/10\/IMG_7113.jpg?fit=5616%2C3744&amp;ssl=1\" data-orig-size=\"5616,3744\" data-comments-opened=\"1\" data-image-meta=\"{&quot;aperture&quot;:&quot;0&quot;,&quot;credit&quot;:&quot;&quot;,&quot;camera&quot;:&quot;&quot;,&quot;caption&quot;:&quot;&quot;,&quot;created_timestamp&quot;:&quot;0&quot;,&quot;copyright&quot;:&quot;Copyright: Marco Pusch&quot;,&quot;focal_length&quot;:&quot;0&quot;,&quot;iso&quot;:&quot;0&quot;,&quot;shutter_speed&quot;:&quot;0&quot;,&quot;title&quot;:&quot;&quot;,&quot;orientation&quot;:&quot;0&quot;}\" data-image-title=\"IMG_7113\" data-image-description=\"\" data-image-caption=\"\" data-large-file=\"https:\/\/i0.wp.com\/www.jazzzeitung.de\/cms\/wp-content\/uploads\/2018\/10\/IMG_7113.jpg?fit=840%2C560&amp;ssl=1\" class=\"alignleft size-medium wp-image-17358\" src=\"https:\/\/i0.wp.com\/www.jazzzeitung.de\/cms\/wp-content\/uploads\/2018\/10\/IMG_7113.jpg?resize=300%2C200&#038;ssl=1\" alt=\"\" width=\"300\" height=\"200\" srcset=\"https:\/\/i0.wp.com\/www.jazzzeitung.de\/cms\/wp-content\/uploads\/2018\/10\/IMG_7113.jpg?resize=300%2C200&amp;ssl=1 300w, https:\/\/i0.wp.com\/www.jazzzeitung.de\/cms\/wp-content\/uploads\/2018\/10\/IMG_7113.jpg?resize=768%2C512&amp;ssl=1 768w, https:\/\/i0.wp.com\/www.jazzzeitung.de\/cms\/wp-content\/uploads\/2018\/10\/IMG_7113.jpg?resize=900%2C600&amp;ssl=1 900w, https:\/\/i0.wp.com\/www.jazzzeitung.de\/cms\/wp-content\/uploads\/2018\/10\/IMG_7113.jpg?resize=600%2C400&amp;ssl=1 600w, https:\/\/i0.wp.com\/www.jazzzeitung.de\/cms\/wp-content\/uploads\/2018\/10\/IMG_7113.jpg?resize=120%2C80&amp;ssl=1 120w, https:\/\/i0.wp.com\/www.jazzzeitung.de\/cms\/wp-content\/uploads\/2018\/10\/IMG_7113.jpg?w=1680&amp;ssl=1 1680w, https:\/\/i0.wp.com\/www.jazzzeitung.de\/cms\/wp-content\/uploads\/2018\/10\/IMG_7113.jpg?w=2520&amp;ssl=1 2520w\" sizes=\"auto, (max-width: 300px) 100vw, 300px\" \/><\/a>Der junge Ausnahme-Blues-S\u00e4nger und Gitarrist Will Jacobs spielte schon mit zw\u00f6lf Jahren in Chicago in Jazzclubs, mit der High-School-Jazzband gewann er in diesem Alter bereits Grammys. Mit seiner ersten Band \u201eDirty Deal\u201c performte er das Internationale Blues Showcase in Memphisund gewann die Chicago Blues Challenge.\u00a0Seine kraftvolle B\u00fchnenpr\u00e4senz, seine genialen Improvisationen an der Gitarre und der cool , rhythmische Bluesgesang wurden sein Markenzeichen und machten ihn in Amerika sehr bekannt.\u00a0 Sein gro\u00dfes Naturtalent verfeinerte er mit einem Musikstudium am Berklee College of Music in Boston USA.\u00a02016 landete er in Berlin, wo er in k\u00fcrzester Zeit in der Jazz- und Blues-Szene f\u00fcr Aufsehen sorgte. Auftritte in den angesagtesten Clubs in Berlin wie A-Trane, Quasimodo, Yorkschl\u00f6sschen oder Badenscher Hof folgten. Konzerte in Spanien, Polen und Frankreich wurden arrangiert. Der Kontakt zur Piano-B\u00fchne entstand, da Ingrid Arthur den 26-j\u00e4hrigen Will\u00a0 f\u00fcr ihr Konzert im Oktober 2017 in Oberthulba engagierte, wo er eine furiose Blueseinlage an der E-Gitarre zum Besten gab. Nach seinem spektakul\u00e4ren Auftritt vor vollem Haus am 9. M\u00e4rz 2018 kommt er nun auf vielfachen Wunsch der Fans zusammen mit special guest, Gary Wiggins, dem international bekannten Saxophonisten aus Detroit, wieder nach Oberthulba.\u00a0 Gary Wiggins wurde dem deutschen Publikum auch durch den Film\u00a0 \u00fcber das Leben von Udo J\u00fcrgens, \u201eDer Mann mit dem Fagott&#8220;, bekannt, wo er den Bandleader im New Yorker Jazzclub spielte.\u00a0 Die Blues-Legende George Green, S\u00e4nger und ehemaliger Drummer von Ray Charles, wird ebenfalls mit grooven. Eddie Dejean (drums), Lionel Haas (piano\/Rhodes), Simon Horn (Bass) und special guests Gary Wiggins (sax) \u00a0(vocal\/drums) sind Sidemen.<\/p>\n<p>Karten unter Tel. 09736\/657 oder <a href=\"http:\/\/www.piano.de\">www.piano.de<\/a>, <a href=\"http:\/\/www.pianobuehne.de\">www.pianobuehne.de<\/a><\/p>\n<p>Piano-B\u00fchne, Hans-B\u00f6rdlein-Str. 1,\u00a097723 Oberthulba, Tel. 09736\/657,\u00a0<a href=\"mailto:info@piano.de\">info@piano.de<\/a><\/p>\n<h3>+++ Jazz? We can! &#8211; Living Hotel Frankfurt am Main mit neuer Veranstaltungsreihe +++<\/h3>\n<p>(Pressmitteilung des Veranstalters) &#8211; Jazz \u2013 die meisten denken bei diesem Begriff gerne noch an vermeintlich unmelodische\u00a0Akkorde und an Alte-Leute-Musik: an Dixie-Fr\u00fchschoppen, Cocktail-Swing, Bebop oder schlimmstenfalls an unverdaulichen\u00a060er\/70er-Jahre-Freejazz. Und befinden sich dabei total auf dem falschen Dampfer: Die \u00fcberw\u00e4ltigende Mehrheit\u00a0der Musik, die heute unter dem Label Jazz erscheint, h\u00e4tte man vor 20 Jahren niemals Jazz genannt.\u00a0Eine junge Generation von Musikern, die klassisch ausgebildet, vom Jazz-Spirit durchdrungen und mit Rock und Pop aufgewachsen ist, l\u00f6st gerade die alten Swingbop- und Fusion-Zeiten ab. Wirft alle Genre- und Stilgrenzen \u00fcber Bord,\u00a0bedient sich f\u00fcr den jeweils eigenen neuen Weg bei der gesamten Musikgeschichte und macht mal radikal eing\u00e4ngige,\u00a0mal extrem fordernde, aber immer begeisternde junge Musik. Man k\u00f6nnte sogar sagen, der bessere Pop findet heute\u00a0unter dem Jazz-Signet statt. Nicht ohne Grund holen die erfolgreichsten Pop-Musiker von Jan Delay bis Beyonce Jazzer ins Studio und in ihre Bands. Diese neue Jazz-Generation wartet auch nicht mehr, bis das Publikum zu ihr in den guten\u00a0alten Jazzkeller hinabsteigt, sie gehen raus, spielen in den Kulturzentren, okkupieren \u00f6ffentliche R\u00e4ume, erobern die\u00a0Techno-Clubs oder kommen in die Wohnzimmer.<br \/>\nA propos Wohnzimmer. Wer aber hat schon so ein sch\u00f6nes, gro\u00dfes Wohnzimmer, einen Living Room wie das Living\u00a0Hotel Frankfurt? So reifte hier &#8211; nicht zuletzt in der Stadt, die nach dem Krieg jahrzehntelang die deutsche Jazz-Hauptstadt\u00a0war &#8211; die Idee, diesem neuen Jazz ein passendes Forum zu verschaffen: Bei \u201eJazz? We Can!\u201c legen ab 20. Oktober\u00a0diesen Jahres die sechs mit hei\u00dfesten jungen Acts der deutschen Szene los; einmal im Monat; in intimer, entspannter\u00a0Atmosph\u00e4re; bei freiem Eintritt; ausgew\u00e4hlt und pr\u00e4sentiert vom M\u00fcnchner Musikjournalisten (\u201eS\u00fcddeutsche Zeitung\u201c)\u00a0und Jazz-par excellence-Kenner Oliver Hochkeppel.<br \/>\nLos geht es mit dem wildesten Blechbl\u00e4ser der deutschen Musiklandschaft, dem lange in K\u00f6ln lebenden Allg\u00e4uer Tausendsassa\u00a0<strong>Matthias Schriefl,<\/strong> bekannt f\u00fcr seine kunterbunten Outfits, seinen schr\u00e4gen Witz, seine \u00fcberragende Technik\u00a0an Trompete, Fl\u00fcgel-, Wald- oder Alphorn und seine mit Jazz wie Volxmusik aller Art und jeder Herkunft jonglierenden\u00a0St\u00fccke. Spannend wird es bei ihm immer, ob er mit amerikanischen oder europ\u00e4ischen Top-Jazzern spielt, mit neuen\u00a0Volksmusikern aus dem Alpenraum oder wie im Living Hotel mit indischen Karnak-Perkussionisten und Lars Andreas\u00a0Haug an der Tuba.<br \/>\nStarke Stimmen d\u00fcrfen nat\u00fcrlich auch bei \u201eJazz? We Can!\u201c nicht fehlen: Stephanie Bolz singt sich im November im au\u00dfergew\u00f6hnlichen\u00a0Duo <strong>Le Bang Bang<\/strong> mit dem Bassisten Sven Faller auf ganz eigene Pop-Art durch die Musikgeschichte.\u00a0Etwas klassischer liebt es Johanna Schneider in der ersten Jazz Night im Februar 2019 im Duo mit der herausragenden\u00a0Pianistin Laia Genc. Als neuen David Sanborn hat man den Saxofonisten Max Merseny schon gefeiert. Allerdings reichert\u00a0er seinen hippen, hier vom Ausnahmegitarristen Ferdinand Kirner begleiteten Soul-Jazz noch mit beschleunigenden\u00a0aktuellen Zutaten von Electro bis Hip-Hop an.<br \/>\nMit<strong> LBT<\/strong>, dem Trio des Namensgebers Leo Betzl am Klavier, Maximilian Hirning am Bass und Sebastian Wolfgruber am\u00a0Schlagzeug reisen die gro\u00dfen Abr\u00e4umer nach Frankfurt an. Vom Kurt Maas Jazz Award \u00fcber zwei Hansj\u00fcrg-Hensler-Preise\u00a0und den Neuen Deutschen Jazzpreis (als Rhythmusgruppe des Vincent Eberle Quintetts), dazu diverse Ehrungen als Teile\u00a0der Jazzrausch Bigband \u2013 kaum eine namhafte Ehrung, die sie kaum zwei Jahre nach ihrem Studienabschluss noch nicht\u00a0vorzuweisen h\u00e4tten. Mit ihrem Techno-Jazz-Programm, das sie bei \u201eJazz? We Can!\u201c spielen, gewannen sie vor kurzem den\u00a0BMW Welt Jazz Award. Das herausragende Duo zweier bereits etablierter, aber immer noch forscher Virtuosen beendet\u00a0den Reigen im April 2019: Gitarrist Andreas Dombert und Pianist Chris Gall haben ihre bahnbrechende Kreativit\u00e4t zwischen\u00a0sensiblem Minimalismus, Latin Moods und groovendem Urban Jazz schon oft bewiesen. Also: Jazz? Yes, we can!<\/p>\n<p><strong>Wann &amp; Wer:<\/strong><br \/>\nMatthias Schriefl 20.10.18 | Le Bang Bang 14.11.18 | Max Merseny &amp; Ferdinand Kirner 14.12.18 |<br \/>\nJohanna Schneider &amp; Laia Genc 11.2.19 | LBT &#8211; Leo Betzl Trio 19.3.19 |<br \/>\nAndreas Dombert &amp; Chris Gall 12.4.19 | (Bilder der K\u00fcnstler nach Auftritt von li. nach re.)<br \/>\nWer &amp; Was:<br \/>\nhttps:\/\/www.living-hotels.com\/hotel-frankfurt\/jazz-we-can\/ &#8230; viel Spa\u00df beim Reinh\u00f6ren<br \/>\nWo &amp; Wie:<br \/>\nLiving Hotel Frankfurt | Mail\u00e4nder Str. 8 | 60598 Frankfurt | www.living-hotels.com | Eintritt frei<\/p>\n<h3>+++\u00a0Musikf\u00f6rderung: Initiative Musik bewilligt 67\u00a0Projekte von Pop \u00fcber Hip-Hop bis Jazz +++<\/h3>\n<p>\u201eCharlotte Brandi f\u00fchrt auf ihrem Deb\u00fct konsequent fort was sie mit Me &amp; My\u00a0Drummer bereits angedeutet hat. Tolles Songwriting, perfekte Arrangements\u00a0und alles noch mehr auf den Punkt gebracht. \u00b4the magician\u00b4 z\u00e4hlt f\u00fcr mich\u00a0schon jetzt zum Besten was uns 2019 erwarten wird\u201c, erkl\u00e4rt Ueli H\u00e4lfiger. Der\u00a0Musikchef von FluxFM geh\u00f6rt zur Jury f\u00fcr die K\u00fcnstler- und Infrastrukturf\u00f6rderung\u00a0der Initiative Musik, die im Rahmen ihrer 43. F\u00f6rderrunde 62\u00a0K\u00fcnstler- und 5 Infrastrukturprojekte unterst\u00fctzt. Die K\u00fcnstlerf\u00f6rderung der\u00a0Initiative Musik richtet sich an in Deutschland lebende professionelle\u00a0Solok\u00fcnstler und Bands, insbesondere an Newcomer, und unterst\u00fctzt sie beim nachhaltigen Karriereaufbau in Deutschland, wie auch bei ihren ersten<br \/>\nSchritten in ausl\u00e4ndische Territorien.<\/p>\n<p><a href=\"https:\/\/i0.wp.com\/www.jazzzeitung.de\/cms\/wp-content\/uploads\/2018\/10\/Johannes_Enders_Quartett_2.jpg?ssl=1\"><img data-recalc-dims=\"1\" loading=\"lazy\" decoding=\"async\" data-attachment-id=\"17360\" data-permalink=\"https:\/\/www.jazzzeitung.de\/cms\/2018\/10\/news-will-jacobs-in-oberthulba-jazz-we-can-in-frankfurt-musikfoerderung-der-initiative-musik\/johannes_enders_quartett_2\/\" data-orig-file=\"https:\/\/i0.wp.com\/www.jazzzeitung.de\/cms\/wp-content\/uploads\/2018\/10\/Johannes_Enders_Quartett_2.jpg?fit=2126%2C1534&amp;ssl=1\" data-orig-size=\"2126,1534\" data-comments-opened=\"1\" data-image-meta=\"{&quot;aperture&quot;:&quot;3.2&quot;,&quot;credit&quot;:&quot;Michael Felsch&quot;,&quot;camera&quot;:&quot;Canon EOS 6D&quot;,&quot;caption&quot;:&quot;&quot;,&quot;created_timestamp&quot;:&quot;1458696307&quot;,&quot;copyright&quot;:&quot;dunkelkammerpictures - Michael Felsch&quot;,&quot;focal_length&quot;:&quot;28&quot;,&quot;iso&quot;:&quot;3200&quot;,&quot;shutter_speed&quot;:&quot;0.04&quot;,&quot;title&quot;:&quot;&quot;,&quot;orientation&quot;:&quot;0&quot;}\" data-image-title=\"Johannes_Enders_Quartett_2\" data-image-description=\"\" data-image-caption=\"\" data-large-file=\"https:\/\/i0.wp.com\/www.jazzzeitung.de\/cms\/wp-content\/uploads\/2018\/10\/Johannes_Enders_Quartett_2.jpg?fit=832%2C600&amp;ssl=1\" class=\"alignleft size-medium wp-image-17360\" src=\"https:\/\/i0.wp.com\/www.jazzzeitung.de\/cms\/wp-content\/uploads\/2018\/10\/Johannes_Enders_Quartett_2.jpg?resize=300%2C216&#038;ssl=1\" alt=\"\" width=\"300\" height=\"216\" srcset=\"https:\/\/i0.wp.com\/www.jazzzeitung.de\/cms\/wp-content\/uploads\/2018\/10\/Johannes_Enders_Quartett_2.jpg?resize=300%2C216&amp;ssl=1 300w, https:\/\/i0.wp.com\/www.jazzzeitung.de\/cms\/wp-content\/uploads\/2018\/10\/Johannes_Enders_Quartett_2.jpg?resize=768%2C554&amp;ssl=1 768w, https:\/\/i0.wp.com\/www.jazzzeitung.de\/cms\/wp-content\/uploads\/2018\/10\/Johannes_Enders_Quartett_2.jpg?resize=832%2C600&amp;ssl=1 832w, https:\/\/i0.wp.com\/www.jazzzeitung.de\/cms\/wp-content\/uploads\/2018\/10\/Johannes_Enders_Quartett_2.jpg?resize=600%2C433&amp;ssl=1 600w, https:\/\/i0.wp.com\/www.jazzzeitung.de\/cms\/wp-content\/uploads\/2018\/10\/Johannes_Enders_Quartett_2.jpg?w=1680&amp;ssl=1 1680w\" sizes=\"auto, (max-width: 300px) 100vw, 300px\" \/><\/a>Die Auswahl der F\u00f6rderprojekte erfolgt durch eine 12-k\u00f6pfige Jury, in der auch Elke Kuhlen mitwirkt. \u201eIch freue mich, dass wir die K\u00f6lner Band Holygram bei\u00a0ihrer ersten gro\u00dfen US-Supporttour mit 23 Terminen unterst\u00fctzen k\u00f6nnen. Sie\u00a0haben es verdient!\u201c, sagt Kuhlen, die u.a. Herausgeberin des Jungsheft und Festivalleiterin der c\/o pop ist. Musikerinnen und Musiker k\u00f6nnen bei der<br \/>\nInitiative Musik seit 10 Jahren gemeinsam mit ihren Partnern aus der\u00a0Musikwirtschaft finanzielle Unterst\u00fctzung f\u00fcr Albumproduktionen und -ver\u00f6ffentlichungen, Konzerttourneen sowie Promotion und Marketingma\u00dfnahmen\u00a0beantragen. Die Initiative Musik tr\u00e4gt bei einer F\u00f6rderung bis zu\u00a040 Prozent der Projektkosten. Dabei werden Musikerinnen bei gleicher\u00a0Qualifikation bevorzugt gef\u00f6rdert.<br \/>\nDer Auf- und Ausbau von Strukturen f\u00fcr die Popularmusik in Deutschland steht\u00a0im Fokus der Infrastrukturf\u00f6rderung des deutschen F\u00f6rder- und Exportb\u00fcros.\u00a0Unterst\u00fctzt werden zum Beispiel Projekte, die g\u00fcnstige Rahmenbedingungen\u00a0f\u00fcr K\u00fcnstleraufbau und -entwicklung schaffen. Im Rahmen der aktuellen\u00a0F\u00f6rderrunde werden f\u00fcnf Infrastrukturprojekte unterst\u00fctzt, wie z.B. ein Projekt des Hamburger Vereins RockCity: \u201eDas Projekt MusicHHwomen st\u00e4rkt das\u00a0Hamburger Netzwerk f\u00fcr Frauen von Frauen. Ein Ziel ist es, bestehende\u00a0L\u00e4ndernetzwerke miteinander zu verbinden. In erster Linie lebt jeder in dieser\u00a0Branche von seinem Netzwerk und wenn man beim Kern anf\u00e4ngt, sehe ich\u00a0eine gute Chance, dass das Thema Gendergap in Zukunft keine so gro\u00dfe Rolle\u00a0mehr spielen sollte. Mit Top Ladies an Top Jobs &amp; same Pay &amp; Respect.\u201c,\u00a0erkl\u00e4rt das Jurymitglied Michelle Leonard. Die britische S\u00e4ngerin, Songwriterin,\u00a0Dozentin und Verlegerin ist seit 1990 in der Musikwirtschaft aktiv.<br \/>\nDie Projektmittel f\u00fcr die F\u00f6rderprogramme der Initiative Musik stellt die\u00a0Beauftragte der Bundesregierung f\u00fcr Kultur und Medien zur Verf\u00fcgung. Die\u00a0Initiative Musik wird getragen von der Gesellschaft zur Verwertung von\u00a0Leistungsschutzrechten (GVL) und dem Deutschen Musikrat sowie finanziell\u00a0unterst\u00fctzt von GVL und GEMA, die die Gesch\u00e4ftsstelle in Berlin erm\u00f6glichen.<br \/>\nAllein f\u00fcr die K\u00fcnstler-, Infrastrukturf\u00f6rderung und die Eigenprojekte, wie z.B. die\u00a0Kurztourf\u00f6rderung, stehen der Initiative Musik in diesem Jahr insgesamt drei\u00a0Millionen Euro zur Verf\u00fcgung.<br \/>\nDer Abgabeschluss f\u00fcr Antr\u00e4ge zur 44. F\u00f6rderrunde ist der 9. Oktober 2018.<\/p>\n<p>\u00dcbersicht zur 43. F\u00f6rderrunde der Initiative Musik<br \/>\n43. F\u00f6rderrunde, Projektzeitraum vom 24.09.2018 bis 23.09.2019<br \/>\nK\u00fcnstlerf\u00f6rderung<br \/>\n1. 1000 Gram, Berlin, www.1000gram.com<br \/>\n2. Ami Warning, Bayern, www.ami-music.de<br \/>\n3. Amilli, Nordrhein-Westfalen, www.instagram.com\/amilli.official<br \/>\n4. Andreas Dorau, Hamburg, www.fb.com\/andreasdorau<br \/>\n5. anorak., Nordrhein-Westfalen, www.anorakband.org<br \/>\n6. Auletta, Rheinland-Pfalz, www.fb.com\/aulettaband<br \/>\n7. Charlotte Brandi, Berlin, www.charlottebrandi.com<br \/>\n8. Chuckamuck, Berlin, www.chuckamuckband.com<br \/>\n9. Clemens P\u00f6tzsch, Sachsen, www.clemenspoetzsch.de<br \/>\n10. Dead Rabbit, Berlin, www.fb.com\/deadrabbitsound<br \/>\n11. Emily Intsiful, Berlin, www.fb.com\/emilyintsiful<br \/>\n12. Flo Mega, Bremen, www.flomega.de<br \/>\n13. Frittenbude, Berlin, www.schandenschmuck.de<br \/>\n14. Gato Preto, Nordrhein-Westfalen, www.gatopretomusic.com<br \/>\n15. Grillmaster Flash, Bremen, www.grillmaster-flash.de<br \/>\nSeite 3 von 4<br \/>\n16. G\u00fcnter Schickert, Berlin, www.echodrive.gmxhome.de<br \/>\n17. Hannah &amp; Falco, Bayern, www.hannahandfalco.com<br \/>\n18. Hans Anselm Big Band, Berlin, www.bigband.hansanselm.com<br \/>\n19. Hi! Spencer, Niedersachsen, www.hispencer.de<br \/>\n20. Holygram, Nordrhein-Westfalen, www.holygram.band<br \/>\n21. Honig, Nordrhein-Westfalen, www.honigsongs.de<br \/>\n22. J. Lamotta, Berlin, www.jlamotta.de<br \/>\n23. Jaime, Baden-W\u00fcrttemberg, www.fb.com\/jaimemusik<br \/>\n24. Johannes Enders Quartett, Bayern, www.johannes-enders.com<br \/>\n25. JuJu Rogers, Berlin, www.fb.com\/JuJuRogersmusic<br \/>\n26. Jungst\u00f6tter, Berlin, www.fb.com\/jungstoetter<br \/>\n27. Kapote, Bayern, www.toytonics.de<br \/>\n28. Kati von Schwerin, Berlin, www.kativonschwerin.de<br \/>\n29. Katja Aujesky, Berlin, www.katjaaujesky.de<br \/>\n30. Keele, Niedersachsen, www.keele.de<br \/>\n31. Kiddo Kat, Hamburg, www.kiddo-kat.com<br \/>\n32. Kind Kaputt, Sachsen, www.kindkaputt.de<br \/>\n33. La Stampa, Berlin, www.fb.com\/lastampaberlin<br \/>\n34. Leona Berlin, Berlin, www.leonaberlin.com<br \/>\n35. Lionlion, Bayern, www.lionlionmusic.com<br \/>\n36. Liquid &amp; Maniac, Bayern, www.fb.com\/dasistliquid<br \/>\n37. l\u00f9isa, Hamburg, www.listentoluisa.com<br \/>\n38. Malik Harris, Bayern, www.malik-harris.com<br \/>\n39. M\u00e4nni, Nordrhein-Westfalen, www.mnni.de<br \/>\n40. Mantar, Hamburg, www.mantarband.com<br \/>\n41. Mentrix, Berlin, www.mentrixmusic.com<br \/>\n42. Milk Wood, Sachsen, www.matthiasboguth.com<br \/>\n43. Ove, Hamburg, www.ove-kapelle.de<br \/>\n44. Parka, Berlin, www.parka-online.de<br \/>\n45. Peppa, Baden-W\u00fcrttemberg, www.instagram.com\/peppa.ronii<br \/>\n46. Pictures, Hamburg, www.picturesband.com<br \/>\n47. Rogers, Nordrhein-Westfalen, www.rogers.de<br \/>\n48. Romie, Hessen, www.listentoromie.com<br \/>\n49. Roosevelt, Nordrhein-Westfalen, www.iamroosevelt.com<br \/>\n50. Samuel Blaser, Berlin, www.samuelblaser.com<br \/>\n51. Schwarz, Berlin, www.listentoschwarz.com<br \/>\n52. Sea Moya, Nordrhein-Westfalen, www.seamoya.com<br \/>\n53. Severija, Berlin, www.fb.com\/severija.j<br \/>\n54. Sie, Nordrhein-Westfalen, www.iamjerry.de<br \/>\n55. The Ocean, Berlin, www.theoceancollective.com<br \/>\n56. The Trouble Notes, Berlin, www.thetroubenotes.com<br \/>\n57. T\u00fcsn, Berlin, www.tuesn.de<br \/>\n58. Vera Klima, Bayern, www.klimamusik.de<br \/>\n59. White Night, Berlin, www.whitenight-band.com<br \/>\n60. Wucan, Sachsen-Anhalt, www.wucan-music.de<br \/>\n61. Yassin, Berlin, www.normalemusik.de<br \/>\n62. Yeah But No, Berlin, www.yeah-but-no.com<br \/>\nInfrastrukturf\u00f6rderung<br \/>\n1. Bandpool, Baden-W\u00fcrttemberg, www.bandpool.de<br \/>\n2. DICE Conference + Festival (ehem. We Make Waves), Berlin,<br \/>\nwww.dice.berlin<br \/>\n3. Aufbau bundesweiter Netzwerkstrukturen f\u00fcr Festivals durch<br \/>\nLiveMusikKommssion e.V., Hamburg, www.livekomm.org<br \/>\n4. musicHHwomen von RockCity Hamburg e.V., Hamburg,<br \/>\nwww.rockcity.de und www.musicwomen.de<br \/>\n5. TRANSFER.2019 im Rahmen des CTM -festival DISK &#8211; Initiative Bild &amp;<br \/>\nTon e.V., Berlin, www.ctm-festival.de<br \/>\n___________________________________________________<br \/>\nwww.initiative-musik.de<\/p>\n<p>&nbsp;<\/p>\n","protected":false},"excerpt":{"rendered":"<p>+++ Will Jacobs (USA\/Berlin) &amp; Blues-Band am Freitag 19.10.2018 um 20 Uhr, Piano-B\u00fchne, 97723 Oberthulba +++ Der junge Ausnahme-Blues-S\u00e4nger und Gitarrist Will Jacobs spielte schon mit zw\u00f6lf Jahren in Chicago in Jazzclubs, mit der High-School-Jazzband gewann er in diesem Alter bereits Grammys. Mit seiner ersten Band \u201eDirty Deal\u201c performte er das Internationale Blues Showcase in Memphisund gewann die Chicago Blues Challenge.\u00a0Seine kraftvolle B\u00fchnenpr\u00e4senz, seine genialen Improvisationen an der Gitarre und der cool , rhythmische Bluesgesang wurden sein Markenzeichen und machten ihn in Amerika sehr bekannt.\u00a0 Sein gro\u00dfes Naturtalent verfeinerte er mit einem Musikstudium am Berklee College of Music in Boston USA.\u00a02016 landete er in Berlin, wo er in k\u00fcrzester Zeit in der Jazz- und Blues-Szene f\u00fcr Aufsehen sorgte. Auftritte in den angesagtesten Clubs in Berlin wie A-Trane, Quasimodo, Yorkschl\u00f6sschen oder Badenscher Hof folgten. Konzerte in Spanien, Polen und Frankreich wurden arrangiert. Der Kontakt zur Piano-B\u00fchne entstand, da Ingrid Arthur den 26-j\u00e4hrigen Will\u00a0 f\u00fcr ihr Konzert im Oktober 2017 in Oberthulba engagierte, wo er eine furiose Blueseinlage an der E-Gitarre zum Besten gab. Nach seinem spektakul\u00e4ren Auftritt vor vollem Haus am 9. M\u00e4rz 2018 kommt er &hellip;<\/p>\n","protected":false},"author":18,"featured_media":17362,"comment_status":"open","ping_status":"closed","sticky":false,"template":"","format":"standard","meta":{"_jetpack_memberships_contains_paid_content":false,"footnotes":"","jetpack_publicize_message":"","jetpack_publicize_feature_enabled":true,"jetpack_social_post_already_shared":false,"jetpack_social_options":{"image_generator_settings":{"template":"highway","default_image_id":0,"font":"","enabled":false},"version":2}},"categories":[633],"tags":[83,2055,194,241,1876,2054,2057,2056,323,1111,1306,2058,827,403,732,2051,2052,2053],"coauthors":[695],"class_list":["post-17357","post","type-post","status-publish","format-standard","has-post-thumbnail","hentry","category-nachrichten","tag-blues","tag-frankfurt-am-main","tag-gema","tag-initiative-musik","tag-jazz","tag-jazz-we-can","tag-johannes-enders","tag-johannes-enders-quartet","tag-konzerte","tag-le-bangbang","tag-leo-betzl","tag-living-hotel-frankfurt-am-main","tag-matthias-schriefl","tag-musikforderung","tag-newcomer-2","tag-oberthulba","tag-piano-buehne","tag-will-jacobs"],"yoast_head":"<!-- This site is optimized with the Yoast SEO plugin v27.5 - https:\/\/yoast.com\/product\/yoast-seo-wordpress\/ -->\n<title>+++ news +++ Will Jacobs in Oberthulba +++ Jazz? We can! in Frankfurt +++ Musikf\u00f6rderung der Initiative Musik +++ - JazzZeitung<\/title>\n<meta name=\"robots\" content=\"index, follow, max-snippet:-1, max-image-preview:large, max-video-preview:-1\" \/>\n<link rel=\"canonical\" href=\"https:\/\/www.jazzzeitung.de\/cms\/2018\/10\/news-will-jacobs-in-oberthulba-jazz-we-can-in-frankfurt-musikfoerderung-der-initiative-musik\/\" \/>\n<meta property=\"og:locale\" content=\"de_DE\" \/>\n<meta property=\"og:type\" content=\"article\" \/>\n<meta property=\"og:title\" content=\"+++ news +++ Will Jacobs in Oberthulba +++ Jazz? We can! in Frankfurt +++ Musikf\u00f6rderung der Initiative Musik +++ - JazzZeitung\" \/>\n<meta property=\"og:description\" content=\"+++ Will Jacobs (USA\/Berlin) &amp; Blues-Band am Freitag 19.10.2018 um 20 Uhr, Piano-B\u00fchne, 97723 Oberthulba +++ Der junge Ausnahme-Blues-S\u00e4nger und Gitarrist Will Jacobs spielte schon mit zw\u00f6lf Jahren in Chicago in Jazzclubs, mit der High-School-Jazzband gewann er in diesem Alter bereits Grammys. Mit seiner ersten Band \u201eDirty Deal\u201c performte er das Internationale Blues Showcase in Memphisund gewann die Chicago Blues Challenge.\u00a0Seine kraftvolle B\u00fchnenpr\u00e4senz, seine genialen Improvisationen an der Gitarre und der cool , rhythmische Bluesgesang wurden sein Markenzeichen und machten ihn in Amerika sehr bekannt.\u00a0 Sein gro\u00dfes Naturtalent verfeinerte er mit einem Musikstudium am Berklee College of Music in Boston USA.\u00a02016 landete er in Berlin, wo er in k\u00fcrzester Zeit in der Jazz- und Blues-Szene f\u00fcr Aufsehen sorgte. Auftritte in den angesagtesten Clubs in Berlin wie A-Trane, Quasimodo, Yorkschl\u00f6sschen oder Badenscher Hof folgten. Konzerte in Spanien, Polen und Frankreich wurden arrangiert. Der Kontakt zur Piano-B\u00fchne entstand, da Ingrid Arthur den 26-j\u00e4hrigen Will\u00a0 f\u00fcr ihr Konzert im Oktober 2017 in Oberthulba engagierte, wo er eine furiose Blueseinlage an der E-Gitarre zum Besten gab. Nach seinem spektakul\u00e4ren Auftritt vor vollem Haus am 9. M\u00e4rz 2018 kommt er &hellip;\" \/>\n<meta property=\"og:url\" content=\"https:\/\/www.jazzzeitung.de\/cms\/2018\/10\/news-will-jacobs-in-oberthulba-jazz-we-can-in-frankfurt-musikfoerderung-der-initiative-musik\/\" \/>\n<meta property=\"og:site_name\" content=\"JazzZeitung\" \/>\n<meta property=\"article:publisher\" content=\"https:\/\/www.facebook.com\/JazzZeitung\/\" \/>\n<meta property=\"article:published_time\" content=\"2018-10-04T08:10:48+00:00\" \/>\n<meta property=\"og:image\" content=\"https:\/\/i0.wp.com\/www.jazzzeitung.de\/cms\/wp-content\/uploads\/2018\/10\/2_Matthias-Schriefl.jpg?fit=900%2C600&ssl=1\" \/>\n\t<meta property=\"og:image:width\" content=\"900\" \/>\n\t<meta property=\"og:image:height\" content=\"600\" \/>\n\t<meta property=\"og:image:type\" content=\"image\/jpeg\" \/>\n<meta name=\"author\" content=\"Redaktion JazzZeitung\" \/>\n<script type=\"application\/ld+json\" class=\"yoast-schema-graph\">{\"@context\":\"https:\\\/\\\/schema.org\",\"@graph\":[{\"@type\":\"Article\",\"@id\":\"https:\\\/\\\/www.jazzzeitung.de\\\/cms\\\/2018\\\/10\\\/news-will-jacobs-in-oberthulba-jazz-we-can-in-frankfurt-musikfoerderung-der-initiative-musik\\\/#article\",\"isPartOf\":{\"@id\":\"https:\\\/\\\/www.jazzzeitung.de\\\/cms\\\/2018\\\/10\\\/news-will-jacobs-in-oberthulba-jazz-we-can-in-frankfurt-musikfoerderung-der-initiative-musik\\\/\"},\"author\":{\"name\":\"Redaktion JazzZeitung\",\"@id\":\"https:\\\/\\\/www.jazzzeitung.de\\\/cms\\\/#\\\/schema\\\/person\\\/2245b36b9cd1d24cea10f01c031fb92b\"},\"headline\":\"+++ news +++ Will Jacobs in Oberthulba +++ Jazz? We can! in Frankfurt +++ Musikf\u00f6rderung der Initiative Musik +++\",\"datePublished\":\"2018-10-04T08:10:48+00:00\",\"mainEntityOfPage\":{\"@id\":\"https:\\\/\\\/www.jazzzeitung.de\\\/cms\\\/2018\\\/10\\\/news-will-jacobs-in-oberthulba-jazz-we-can-in-frankfurt-musikfoerderung-der-initiative-musik\\\/\"},\"wordCount\":1972,\"commentCount\":1,\"publisher\":{\"@id\":\"https:\\\/\\\/www.jazzzeitung.de\\\/cms\\\/#organization\"},\"image\":{\"@id\":\"https:\\\/\\\/www.jazzzeitung.de\\\/cms\\\/2018\\\/10\\\/news-will-jacobs-in-oberthulba-jazz-we-can-in-frankfurt-musikfoerderung-der-initiative-musik\\\/#primaryimage\"},\"thumbnailUrl\":\"https:\\\/\\\/i0.wp.com\\\/www.jazzzeitung.de\\\/cms\\\/wp-content\\\/uploads\\\/2018\\\/10\\\/2_Matthias-Schriefl.jpg?fit=900%2C600&ssl=1\",\"keywords\":[\"Blues\",\"Frankfurt am Main\",\"GEMA\",\"Initiative Musik\",\"Jazz\",\"Jazz? We can!\",\"Johannes Enders\",\"Johannes Enders Quartet\",\"Konzerte\",\"Le BangBang\",\"Leo Betzl\",\"Living Hotel Frankfurt am Main\",\"Matthias Schriefl\",\"Musikf\u00f6rderung\",\"Newcomer\",\"Oberthulba\",\"Piano-B\u00fchne\",\"Will Jacobs\"],\"articleSection\":[\"News\"],\"inLanguage\":\"de\",\"potentialAction\":[{\"@type\":\"CommentAction\",\"name\":\"Comment\",\"target\":[\"https:\\\/\\\/www.jazzzeitung.de\\\/cms\\\/2018\\\/10\\\/news-will-jacobs-in-oberthulba-jazz-we-can-in-frankfurt-musikfoerderung-der-initiative-musik\\\/#respond\"]}]},{\"@type\":\"WebPage\",\"@id\":\"https:\\\/\\\/www.jazzzeitung.de\\\/cms\\\/2018\\\/10\\\/news-will-jacobs-in-oberthulba-jazz-we-can-in-frankfurt-musikfoerderung-der-initiative-musik\\\/\",\"url\":\"https:\\\/\\\/www.jazzzeitung.de\\\/cms\\\/2018\\\/10\\\/news-will-jacobs-in-oberthulba-jazz-we-can-in-frankfurt-musikfoerderung-der-initiative-musik\\\/\",\"name\":\"+++ news +++ Will Jacobs in Oberthulba +++ Jazz? We can! in Frankfurt +++ Musikf\u00f6rderung der Initiative Musik +++ - JazzZeitung\",\"isPartOf\":{\"@id\":\"https:\\\/\\\/www.jazzzeitung.de\\\/cms\\\/#website\"},\"primaryImageOfPage\":{\"@id\":\"https:\\\/\\\/www.jazzzeitung.de\\\/cms\\\/2018\\\/10\\\/news-will-jacobs-in-oberthulba-jazz-we-can-in-frankfurt-musikfoerderung-der-initiative-musik\\\/#primaryimage\"},\"image\":{\"@id\":\"https:\\\/\\\/www.jazzzeitung.de\\\/cms\\\/2018\\\/10\\\/news-will-jacobs-in-oberthulba-jazz-we-can-in-frankfurt-musikfoerderung-der-initiative-musik\\\/#primaryimage\"},\"thumbnailUrl\":\"https:\\\/\\\/i0.wp.com\\\/www.jazzzeitung.de\\\/cms\\\/wp-content\\\/uploads\\\/2018\\\/10\\\/2_Matthias-Schriefl.jpg?fit=900%2C600&ssl=1\",\"datePublished\":\"2018-10-04T08:10:48+00:00\",\"breadcrumb\":{\"@id\":\"https:\\\/\\\/www.jazzzeitung.de\\\/cms\\\/2018\\\/10\\\/news-will-jacobs-in-oberthulba-jazz-we-can-in-frankfurt-musikfoerderung-der-initiative-musik\\\/#breadcrumb\"},\"inLanguage\":\"de\",\"potentialAction\":[{\"@type\":\"ReadAction\",\"target\":[\"https:\\\/\\\/www.jazzzeitung.de\\\/cms\\\/2018\\\/10\\\/news-will-jacobs-in-oberthulba-jazz-we-can-in-frankfurt-musikfoerderung-der-initiative-musik\\\/\"]}]},{\"@type\":\"ImageObject\",\"inLanguage\":\"de\",\"@id\":\"https:\\\/\\\/www.jazzzeitung.de\\\/cms\\\/2018\\\/10\\\/news-will-jacobs-in-oberthulba-jazz-we-can-in-frankfurt-musikfoerderung-der-initiative-musik\\\/#primaryimage\",\"url\":\"https:\\\/\\\/i0.wp.com\\\/www.jazzzeitung.de\\\/cms\\\/wp-content\\\/uploads\\\/2018\\\/10\\\/2_Matthias-Schriefl.jpg?fit=900%2C600&ssl=1\",\"contentUrl\":\"https:\\\/\\\/i0.wp.com\\\/www.jazzzeitung.de\\\/cms\\\/wp-content\\\/uploads\\\/2018\\\/10\\\/2_Matthias-Schriefl.jpg?fit=900%2C600&ssl=1\",\"width\":900,\"height\":600},{\"@type\":\"BreadcrumbList\",\"@id\":\"https:\\\/\\\/www.jazzzeitung.de\\\/cms\\\/2018\\\/10\\\/news-will-jacobs-in-oberthulba-jazz-we-can-in-frankfurt-musikfoerderung-der-initiative-musik\\\/#breadcrumb\",\"itemListElement\":[{\"@type\":\"ListItem\",\"position\":1,\"name\":\"Startseite\",\"item\":\"https:\\\/\\\/www.jazzzeitung.de\\\/cms\\\/\"},{\"@type\":\"ListItem\",\"position\":2,\"name\":\"+++ news +++ Will Jacobs in Oberthulba +++ Jazz? We can! in Frankfurt +++ Musikf\u00f6rderung der Initiative Musik +++\"}]},{\"@type\":\"WebSite\",\"@id\":\"https:\\\/\\\/www.jazzzeitung.de\\\/cms\\\/#website\",\"url\":\"https:\\\/\\\/www.jazzzeitung.de\\\/cms\\\/\",\"name\":\"JazzZeitung\",\"description\":\"Jazz-News und Jazz-Kontroverses\",\"publisher\":{\"@id\":\"https:\\\/\\\/www.jazzzeitung.de\\\/cms\\\/#organization\"},\"potentialAction\":[{\"@type\":\"SearchAction\",\"target\":{\"@type\":\"EntryPoint\",\"urlTemplate\":\"https:\\\/\\\/www.jazzzeitung.de\\\/cms\\\/?s={search_term_string}\"},\"query-input\":{\"@type\":\"PropertyValueSpecification\",\"valueRequired\":true,\"valueName\":\"search_term_string\"}}],\"inLanguage\":\"de\"},{\"@type\":\"Organization\",\"@id\":\"https:\\\/\\\/www.jazzzeitung.de\\\/cms\\\/#organization\",\"name\":\"JazzZeitung online\",\"url\":\"https:\\\/\\\/www.jazzzeitung.de\\\/cms\\\/\",\"logo\":{\"@type\":\"ImageObject\",\"inLanguage\":\"de\",\"@id\":\"https:\\\/\\\/www.jazzzeitung.de\\\/cms\\\/#\\\/schema\\\/logo\\\/image\\\/\",\"url\":\"https:\\\/\\\/i0.wp.com\\\/www.jazzzeitung.de\\\/cms\\\/wp-content\\\/uploads\\\/2015\\\/08\\\/JAZZZEITUNGDE_Logo_Neu.png?fit=499%2C200&ssl=1\",\"contentUrl\":\"https:\\\/\\\/i0.wp.com\\\/www.jazzzeitung.de\\\/cms\\\/wp-content\\\/uploads\\\/2015\\\/08\\\/JAZZZEITUNGDE_Logo_Neu.png?fit=499%2C200&ssl=1\",\"width\":499,\"height\":200,\"caption\":\"JazzZeitung online\"},\"image\":{\"@id\":\"https:\\\/\\\/www.jazzzeitung.de\\\/cms\\\/#\\\/schema\\\/logo\\\/image\\\/\"},\"sameAs\":[\"https:\\\/\\\/www.facebook.com\\\/JazzZeitung\\\/\"]},{\"@type\":\"Person\",\"@id\":\"https:\\\/\\\/www.jazzzeitung.de\\\/cms\\\/#\\\/schema\\\/person\\\/2245b36b9cd1d24cea10f01c031fb92b\",\"name\":\"Redaktion JazzZeitung\",\"image\":{\"@type\":\"ImageObject\",\"inLanguage\":\"de\",\"@id\":\"https:\\\/\\\/i0.wp.com\\\/www.jazzzeitung.de\\\/cms\\\/wp-content\\\/uploads\\\/2015\\\/08\\\/JAZZZEITUNGDE_Logo_Neu.png?resize=96%2C96&ssl=159975dcacb611b5700bd619b5daf0a7a\",\"url\":\"https:\\\/\\\/i0.wp.com\\\/www.jazzzeitung.de\\\/cms\\\/wp-content\\\/uploads\\\/2015\\\/08\\\/JAZZZEITUNGDE_Logo_Neu.png?resize=96%2C96&ssl=1\",\"contentUrl\":\"https:\\\/\\\/i0.wp.com\\\/www.jazzzeitung.de\\\/cms\\\/wp-content\\\/uploads\\\/2015\\\/08\\\/JAZZZEITUNGDE_Logo_Neu.png?resize=96%2C96&ssl=1\",\"caption\":\"Redaktion JazzZeitung\"},\"description\":\"Artikel der Redaktion der JazzZeitung.\",\"sameAs\":[\"http:\\\/\\\/www.jazzzeitung.de\\\/cms\\\/\"],\"url\":\"https:\\\/\\\/www.jazzzeitung.de\\\/cms\\\/author\\\/redaktion\\\/\"}]}<\/script>\n<!-- \/ Yoast SEO plugin. -->","yoast_head_json":{"title":"+++ news +++ Will Jacobs in Oberthulba +++ Jazz? We can! in Frankfurt +++ Musikf\u00f6rderung der Initiative Musik +++ - JazzZeitung","robots":{"index":"index","follow":"follow","max-snippet":"max-snippet:-1","max-image-preview":"max-image-preview:large","max-video-preview":"max-video-preview:-1"},"canonical":"https:\/\/www.jazzzeitung.de\/cms\/2018\/10\/news-will-jacobs-in-oberthulba-jazz-we-can-in-frankfurt-musikfoerderung-der-initiative-musik\/","og_locale":"de_DE","og_type":"article","og_title":"+++ news +++ Will Jacobs in Oberthulba +++ Jazz? We can! in Frankfurt +++ Musikf\u00f6rderung der Initiative Musik +++ - JazzZeitung","og_description":"+++ Will Jacobs (USA\/Berlin) &amp; Blues-Band am Freitag 19.10.2018 um 20 Uhr, Piano-B\u00fchne, 97723 Oberthulba +++ Der junge Ausnahme-Blues-S\u00e4nger und Gitarrist Will Jacobs spielte schon mit zw\u00f6lf Jahren in Chicago in Jazzclubs, mit der High-School-Jazzband gewann er in diesem Alter bereits Grammys. Mit seiner ersten Band \u201eDirty Deal\u201c performte er das Internationale Blues Showcase in Memphisund gewann die Chicago Blues Challenge.\u00a0Seine kraftvolle B\u00fchnenpr\u00e4senz, seine genialen Improvisationen an der Gitarre und der cool , rhythmische Bluesgesang wurden sein Markenzeichen und machten ihn in Amerika sehr bekannt.\u00a0 Sein gro\u00dfes Naturtalent verfeinerte er mit einem Musikstudium am Berklee College of Music in Boston USA.\u00a02016 landete er in Berlin, wo er in k\u00fcrzester Zeit in der Jazz- und Blues-Szene f\u00fcr Aufsehen sorgte. Auftritte in den angesagtesten Clubs in Berlin wie A-Trane, Quasimodo, Yorkschl\u00f6sschen oder Badenscher Hof folgten. Konzerte in Spanien, Polen und Frankreich wurden arrangiert. Der Kontakt zur Piano-B\u00fchne entstand, da Ingrid Arthur den 26-j\u00e4hrigen Will\u00a0 f\u00fcr ihr Konzert im Oktober 2017 in Oberthulba engagierte, wo er eine furiose Blueseinlage an der E-Gitarre zum Besten gab. Nach seinem spektakul\u00e4ren Auftritt vor vollem Haus am 9. M\u00e4rz 2018 kommt er &hellip;","og_url":"https:\/\/www.jazzzeitung.de\/cms\/2018\/10\/news-will-jacobs-in-oberthulba-jazz-we-can-in-frankfurt-musikfoerderung-der-initiative-musik\/","og_site_name":"JazzZeitung","article_publisher":"https:\/\/www.facebook.com\/JazzZeitung\/","article_published_time":"2018-10-04T08:10:48+00:00","og_image":[{"width":900,"height":600,"url":"https:\/\/i0.wp.com\/www.jazzzeitung.de\/cms\/wp-content\/uploads\/2018\/10\/2_Matthias-Schriefl.jpg?fit=900%2C600&ssl=1","type":"image\/jpeg"}],"author":"Redaktion JazzZeitung","schema":{"@context":"https:\/\/schema.org","@graph":[{"@type":"Article","@id":"https:\/\/www.jazzzeitung.de\/cms\/2018\/10\/news-will-jacobs-in-oberthulba-jazz-we-can-in-frankfurt-musikfoerderung-der-initiative-musik\/#article","isPartOf":{"@id":"https:\/\/www.jazzzeitung.de\/cms\/2018\/10\/news-will-jacobs-in-oberthulba-jazz-we-can-in-frankfurt-musikfoerderung-der-initiative-musik\/"},"author":{"name":"Redaktion JazzZeitung","@id":"https:\/\/www.jazzzeitung.de\/cms\/#\/schema\/person\/2245b36b9cd1d24cea10f01c031fb92b"},"headline":"+++ news +++ Will Jacobs in Oberthulba +++ Jazz? We can! in Frankfurt +++ Musikf\u00f6rderung der Initiative Musik +++","datePublished":"2018-10-04T08:10:48+00:00","mainEntityOfPage":{"@id":"https:\/\/www.jazzzeitung.de\/cms\/2018\/10\/news-will-jacobs-in-oberthulba-jazz-we-can-in-frankfurt-musikfoerderung-der-initiative-musik\/"},"wordCount":1972,"commentCount":1,"publisher":{"@id":"https:\/\/www.jazzzeitung.de\/cms\/#organization"},"image":{"@id":"https:\/\/www.jazzzeitung.de\/cms\/2018\/10\/news-will-jacobs-in-oberthulba-jazz-we-can-in-frankfurt-musikfoerderung-der-initiative-musik\/#primaryimage"},"thumbnailUrl":"https:\/\/i0.wp.com\/www.jazzzeitung.de\/cms\/wp-content\/uploads\/2018\/10\/2_Matthias-Schriefl.jpg?fit=900%2C600&ssl=1","keywords":["Blues","Frankfurt am Main","GEMA","Initiative Musik","Jazz","Jazz? We can!","Johannes Enders","Johannes Enders Quartet","Konzerte","Le BangBang","Leo Betzl","Living Hotel Frankfurt am Main","Matthias Schriefl","Musikf\u00f6rderung","Newcomer","Oberthulba","Piano-B\u00fchne","Will Jacobs"],"articleSection":["News"],"inLanguage":"de","potentialAction":[{"@type":"CommentAction","name":"Comment","target":["https:\/\/www.jazzzeitung.de\/cms\/2018\/10\/news-will-jacobs-in-oberthulba-jazz-we-can-in-frankfurt-musikfoerderung-der-initiative-musik\/#respond"]}]},{"@type":"WebPage","@id":"https:\/\/www.jazzzeitung.de\/cms\/2018\/10\/news-will-jacobs-in-oberthulba-jazz-we-can-in-frankfurt-musikfoerderung-der-initiative-musik\/","url":"https:\/\/www.jazzzeitung.de\/cms\/2018\/10\/news-will-jacobs-in-oberthulba-jazz-we-can-in-frankfurt-musikfoerderung-der-initiative-musik\/","name":"+++ news +++ Will Jacobs in Oberthulba +++ Jazz? We can! in Frankfurt +++ Musikf\u00f6rderung der Initiative Musik +++ - JazzZeitung","isPartOf":{"@id":"https:\/\/www.jazzzeitung.de\/cms\/#website"},"primaryImageOfPage":{"@id":"https:\/\/www.jazzzeitung.de\/cms\/2018\/10\/news-will-jacobs-in-oberthulba-jazz-we-can-in-frankfurt-musikfoerderung-der-initiative-musik\/#primaryimage"},"image":{"@id":"https:\/\/www.jazzzeitung.de\/cms\/2018\/10\/news-will-jacobs-in-oberthulba-jazz-we-can-in-frankfurt-musikfoerderung-der-initiative-musik\/#primaryimage"},"thumbnailUrl":"https:\/\/i0.wp.com\/www.jazzzeitung.de\/cms\/wp-content\/uploads\/2018\/10\/2_Matthias-Schriefl.jpg?fit=900%2C600&ssl=1","datePublished":"2018-10-04T08:10:48+00:00","breadcrumb":{"@id":"https:\/\/www.jazzzeitung.de\/cms\/2018\/10\/news-will-jacobs-in-oberthulba-jazz-we-can-in-frankfurt-musikfoerderung-der-initiative-musik\/#breadcrumb"},"inLanguage":"de","potentialAction":[{"@type":"ReadAction","target":["https:\/\/www.jazzzeitung.de\/cms\/2018\/10\/news-will-jacobs-in-oberthulba-jazz-we-can-in-frankfurt-musikfoerderung-der-initiative-musik\/"]}]},{"@type":"ImageObject","inLanguage":"de","@id":"https:\/\/www.jazzzeitung.de\/cms\/2018\/10\/news-will-jacobs-in-oberthulba-jazz-we-can-in-frankfurt-musikfoerderung-der-initiative-musik\/#primaryimage","url":"https:\/\/i0.wp.com\/www.jazzzeitung.de\/cms\/wp-content\/uploads\/2018\/10\/2_Matthias-Schriefl.jpg?fit=900%2C600&ssl=1","contentUrl":"https:\/\/i0.wp.com\/www.jazzzeitung.de\/cms\/wp-content\/uploads\/2018\/10\/2_Matthias-Schriefl.jpg?fit=900%2C600&ssl=1","width":900,"height":600},{"@type":"BreadcrumbList","@id":"https:\/\/www.jazzzeitung.de\/cms\/2018\/10\/news-will-jacobs-in-oberthulba-jazz-we-can-in-frankfurt-musikfoerderung-der-initiative-musik\/#breadcrumb","itemListElement":[{"@type":"ListItem","position":1,"name":"Startseite","item":"https:\/\/www.jazzzeitung.de\/cms\/"},{"@type":"ListItem","position":2,"name":"+++ news +++ Will Jacobs in Oberthulba +++ Jazz? We can! in Frankfurt +++ Musikf\u00f6rderung der Initiative Musik +++"}]},{"@type":"WebSite","@id":"https:\/\/www.jazzzeitung.de\/cms\/#website","url":"https:\/\/www.jazzzeitung.de\/cms\/","name":"JazzZeitung","description":"Jazz-News und Jazz-Kontroverses","publisher":{"@id":"https:\/\/www.jazzzeitung.de\/cms\/#organization"},"potentialAction":[{"@type":"SearchAction","target":{"@type":"EntryPoint","urlTemplate":"https:\/\/www.jazzzeitung.de\/cms\/?s={search_term_string}"},"query-input":{"@type":"PropertyValueSpecification","valueRequired":true,"valueName":"search_term_string"}}],"inLanguage":"de"},{"@type":"Organization","@id":"https:\/\/www.jazzzeitung.de\/cms\/#organization","name":"JazzZeitung online","url":"https:\/\/www.jazzzeitung.de\/cms\/","logo":{"@type":"ImageObject","inLanguage":"de","@id":"https:\/\/www.jazzzeitung.de\/cms\/#\/schema\/logo\/image\/","url":"https:\/\/i0.wp.com\/www.jazzzeitung.de\/cms\/wp-content\/uploads\/2015\/08\/JAZZZEITUNGDE_Logo_Neu.png?fit=499%2C200&ssl=1","contentUrl":"https:\/\/i0.wp.com\/www.jazzzeitung.de\/cms\/wp-content\/uploads\/2015\/08\/JAZZZEITUNGDE_Logo_Neu.png?fit=499%2C200&ssl=1","width":499,"height":200,"caption":"JazzZeitung online"},"image":{"@id":"https:\/\/www.jazzzeitung.de\/cms\/#\/schema\/logo\/image\/"},"sameAs":["https:\/\/www.facebook.com\/JazzZeitung\/"]},{"@type":"Person","@id":"https:\/\/www.jazzzeitung.de\/cms\/#\/schema\/person\/2245b36b9cd1d24cea10f01c031fb92b","name":"Redaktion JazzZeitung","image":{"@type":"ImageObject","inLanguage":"de","@id":"https:\/\/i0.wp.com\/www.jazzzeitung.de\/cms\/wp-content\/uploads\/2015\/08\/JAZZZEITUNGDE_Logo_Neu.png?resize=96%2C96&ssl=159975dcacb611b5700bd619b5daf0a7a","url":"https:\/\/i0.wp.com\/www.jazzzeitung.de\/cms\/wp-content\/uploads\/2015\/08\/JAZZZEITUNGDE_Logo_Neu.png?resize=96%2C96&ssl=1","contentUrl":"https:\/\/i0.wp.com\/www.jazzzeitung.de\/cms\/wp-content\/uploads\/2015\/08\/JAZZZEITUNGDE_Logo_Neu.png?resize=96%2C96&ssl=1","caption":"Redaktion JazzZeitung"},"description":"Artikel der Redaktion der JazzZeitung.","sameAs":["http:\/\/www.jazzzeitung.de\/cms\/"],"url":"https:\/\/www.jazzzeitung.de\/cms\/author\/redaktion\/"}]}},"wp-worthy-pixel":{"ignored":false,"public":null,"server":null,"url":null},"wp-worthy-type":"normal","jetpack_publicize_connections":[],"cc_featured_image_caption":{"caption_text":"","source_text":"","source_url":""},"jetpack_featured_media_url":"https:\/\/i0.wp.com\/www.jazzzeitung.de\/cms\/wp-content\/uploads\/2018\/10\/2_Matthias-Schriefl.jpg?fit=900%2C600&ssl=1","jetpack_shortlink":"https:\/\/wp.me\/p3KEcT-4vX","jetpack-related-posts":[{"id":32353,"url":"https:\/\/www.jazzzeitung.de\/cms\/2025\/03\/news-hr-bigband-fuer-deutschen-jazzpreis-nominiert-will-jacobs-in-oberthulba\/","url_meta":{"origin":17357,"position":0},"title":"+++ news +++ hr-Bigband f\u00fcr Deutschen Jazzpreis nominiert +++ Will Jacobs in Oberthulba +++","author":"Redaktion JazzZeitung","date":"18. M\u00e4rz 2025","format":false,"excerpt":"+++ hr-Bigband f\u00fcr Deutschen Jazzpreis nominiert +++ Die hr-Bigband ist mit der Produktion \u201eAllg\u00e4u meets India\u201c f\u00fcr den Deutschen Jazzpreis 2025 nominiert. Der 2024 erschienene Konzertmitschnitt der hr-Bigband mit dem Komponisten und Multiinstrumentalisten Matthias Schriefl vom Deutschen Jazzfestival 2018 geht in der Kategorie \u201eRundfunkproduktion des Jahres\u201c an den Start. Der\u2026","rel":"","context":"In &quot;Redaktionelle Nachrichten&quot;","block_context":{"text":"Redaktionelle Nachrichten","link":"https:\/\/www.jazzzeitung.de\/cms\/thema\/redaktion\/"},"img":{"alt_text":"","src":"https:\/\/i0.wp.com\/www.jazzzeitung.de\/cms\/wp-content\/uploads\/2025\/03\/Will-Gary-scaled.jpg?fit=1200%2C800&ssl=1&resize=350%2C200","width":350,"height":200,"srcset":"https:\/\/i0.wp.com\/www.jazzzeitung.de\/cms\/wp-content\/uploads\/2025\/03\/Will-Gary-scaled.jpg?fit=1200%2C800&ssl=1&resize=350%2C200 1x, https:\/\/i0.wp.com\/www.jazzzeitung.de\/cms\/wp-content\/uploads\/2025\/03\/Will-Gary-scaled.jpg?fit=1200%2C800&ssl=1&resize=525%2C300 1.5x, https:\/\/i0.wp.com\/www.jazzzeitung.de\/cms\/wp-content\/uploads\/2025\/03\/Will-Gary-scaled.jpg?fit=1200%2C800&ssl=1&resize=700%2C400 2x, https:\/\/i0.wp.com\/www.jazzzeitung.de\/cms\/wp-content\/uploads\/2025\/03\/Will-Gary-scaled.jpg?fit=1200%2C800&ssl=1&resize=1050%2C600 3x"},"classes":[]},{"id":28907,"url":"https:\/\/www.jazzzeitung.de\/cms\/2023\/01\/news-koeln-oeffnet-auswahlverfahren-zum-horst-und-gretl-will-stipendium-fuer-jazz-improvisierte-musik-saalfelden-leogang-3-tage-jazz-nach-zwei-jahren-zurueck-will-jacob\/","url_meta":{"origin":17357,"position":1},"title":"News: +++ K\u00f6ln \u00f6ffnet Auswahlverfahren zum Horst und Gretl Will-Stipendium f\u00fcr Jazz\/Improvisierte Musik +++ Saalfelden Leogang: \u201c3 Tage Jazz\u201c nach zwei Jahren zur\u00fcck +++ Will Jacobs (USA\/Berlin) mit Blues-Band in Oberthulba +++","author":"Redaktion JazzZeitung","date":"16. Januar 2023","format":false,"excerpt":"+++ Noch bis zum 28. Februar: Ausschreibung der Stadt K\u00f6ln f\u00fcr das Horst und Gretl Will-Stipendium f\u00fcr Jazz\/Improvisierte Musik +++ Seit 1998 vergibt die Stadt K\u00f6ln das privat finanzierte Horst und Gretl Will-Stipendium f\u00fcr Jazz\/Improvisierte Musik. Zur Teilnahme am Auswahlverfahren ist berechtigt, wer im Verleihungsjahr nicht \u00e4lter als 30 Jahre\u2026","rel":"","context":"In &quot;News&quot;","block_context":{"text":"News","link":"https:\/\/www.jazzzeitung.de\/cms\/thema\/nachrichten\/"},"img":{"alt_text":"","src":"https:\/\/i0.wp.com\/www.jazzzeitung.de\/cms\/wp-content\/uploads\/2023\/01\/3TageJazz_by_MichaelGeissler-3-scaled.jpg?fit=1200%2C800&ssl=1&resize=350%2C200","width":350,"height":200,"srcset":"https:\/\/i0.wp.com\/www.jazzzeitung.de\/cms\/wp-content\/uploads\/2023\/01\/3TageJazz_by_MichaelGeissler-3-scaled.jpg?fit=1200%2C800&ssl=1&resize=350%2C200 1x, https:\/\/i0.wp.com\/www.jazzzeitung.de\/cms\/wp-content\/uploads\/2023\/01\/3TageJazz_by_MichaelGeissler-3-scaled.jpg?fit=1200%2C800&ssl=1&resize=525%2C300 1.5x, https:\/\/i0.wp.com\/www.jazzzeitung.de\/cms\/wp-content\/uploads\/2023\/01\/3TageJazz_by_MichaelGeissler-3-scaled.jpg?fit=1200%2C800&ssl=1&resize=700%2C400 2x, https:\/\/i0.wp.com\/www.jazzzeitung.de\/cms\/wp-content\/uploads\/2023\/01\/3TageJazz_by_MichaelGeissler-3-scaled.jpg?fit=1200%2C800&ssl=1&resize=1050%2C600 3x"},"classes":[]},{"id":21670,"url":"https:\/\/www.jazzzeitung.de\/cms\/2020\/01\/news-dienstag-after-work-der-bmw-welt-jazz-award-2020-will-jacobs-in-oberthulba\/","url_meta":{"origin":17357,"position":2},"title":"+++ news +++ Dienstag after work: Der BMW Welt Jazz Award 2020 +++ Will Jacobs in Oberthulba +++","author":"Redaktion JazzZeitung","date":"14. Januar 2020","format":false,"excerpt":"+++ Dienstag after work: Der BMW Welt Jazz Award 2020 +++ Bereits zum 12. Mal findet dieses Jahr der BMW Welt Jazz Award statt: allerdings nicht l\u00e4nger Sonntagvormittag, sondern zwischen 14. Januar und 10. M\u00e4rz an sechs Dienstag-Abenden im Doppelkegel der BMW Welt. Die Veranstalter stellen in diesem Jahr alles\u2026","rel":"","context":"In &quot;News&quot;","block_context":{"text":"News","link":"https:\/\/www.jazzzeitung.de\/cms\/thema\/nachrichten\/"},"img":{"alt_text":"","src":"https:\/\/i0.wp.com\/www.jazzzeitung.de\/cms\/wp-content\/uploads\/2020\/01\/Maciej_Obara-04_12x18_300dpi_c_Pakzad.jpg?fit=1200%2C799&ssl=1&resize=350%2C200","width":350,"height":200,"srcset":"https:\/\/i0.wp.com\/www.jazzzeitung.de\/cms\/wp-content\/uploads\/2020\/01\/Maciej_Obara-04_12x18_300dpi_c_Pakzad.jpg?fit=1200%2C799&ssl=1&resize=350%2C200 1x, https:\/\/i0.wp.com\/www.jazzzeitung.de\/cms\/wp-content\/uploads\/2020\/01\/Maciej_Obara-04_12x18_300dpi_c_Pakzad.jpg?fit=1200%2C799&ssl=1&resize=525%2C300 1.5x, https:\/\/i0.wp.com\/www.jazzzeitung.de\/cms\/wp-content\/uploads\/2020\/01\/Maciej_Obara-04_12x18_300dpi_c_Pakzad.jpg?fit=1200%2C799&ssl=1&resize=700%2C400 2x, https:\/\/i0.wp.com\/www.jazzzeitung.de\/cms\/wp-content\/uploads\/2020\/01\/Maciej_Obara-04_12x18_300dpi_c_Pakzad.jpg?fit=1200%2C799&ssl=1&resize=1050%2C600 3x"},"classes":[]},{"id":17135,"url":"https:\/\/www.jazzzeitung.de\/cms\/2018\/09\/news-will-jacobs-blues-band-spielen-auf-der-piano-buehne-kleinhenz\/","url_meta":{"origin":17357,"position":3},"title":"+++ News +++ Will Jacobs &#038; Blues-Band spielen auf der Piano-B\u00fchne Kleinhenz +++ 12. Deidesheimer Jazz-Wanderung +++ SWR Big Band mit Joo Kraus bei den Ehinger Jazztagen +++","author":"Redaktion JazzZeitung","date":"6. September 2018","format":false,"excerpt":"+++ Will Jacobs & Blues-Band spielen aufder Piano-B\u00fchne Kleinhenz +++ Immer wieder l\u00e4dt das Piano-Center Kleinhenz in Bad Kissingen\/Oberthulba zu Jazz-Konzerten auf der eigenen Piano-B\u00fchne ein. So spielten im aktuellen Jahr bereits unter anderen Adriano Prestel, Garry Wiggins und Will Jacobs inmitten des Fl\u00fcgelsortiments. Letzterer will es am 19. Oktober\u2026","rel":"","context":"In &quot;News&quot;","block_context":{"text":"News","link":"https:\/\/www.jazzzeitung.de\/cms\/thema\/nachrichten\/"},"img":{"alt_text":"","src":"https:\/\/i0.wp.com\/www.jazzzeitung.de\/cms\/wp-content\/uploads\/2018\/09\/36755002-1310726789059841-4253428575631310848-o.jpg?fit=1024%2C683&ssl=1&resize=350%2C200","width":350,"height":200,"srcset":"https:\/\/i0.wp.com\/www.jazzzeitung.de\/cms\/wp-content\/uploads\/2018\/09\/36755002-1310726789059841-4253428575631310848-o.jpg?fit=1024%2C683&ssl=1&resize=350%2C200 1x, https:\/\/i0.wp.com\/www.jazzzeitung.de\/cms\/wp-content\/uploads\/2018\/09\/36755002-1310726789059841-4253428575631310848-o.jpg?fit=1024%2C683&ssl=1&resize=525%2C300 1.5x, https:\/\/i0.wp.com\/www.jazzzeitung.de\/cms\/wp-content\/uploads\/2018\/09\/36755002-1310726789059841-4253428575631310848-o.jpg?fit=1024%2C683&ssl=1&resize=700%2C400 2x"},"classes":[]},{"id":33477,"url":"https:\/\/www.jazzzeitung.de\/cms\/2025\/12\/piano-buehne-oberthulba-wird-25-konzert-mit-al-jones\/","url_meta":{"origin":17357,"position":4},"title":"Piano-B\u00fchne Oberthulba wird 25, Konzert mit Al Jones","author":"Redaktion JazzZeitung","date":"15. Dezember 2025","format":false,"excerpt":"(PM) Die Piano-B\u00fchne von Peter Kleinhenz wird 2026 nun 25 Jahre alt. Die Genres Jazz, Blues, Funky Soul, R&B und Comedy werden vorrangig gespielt.\u00a0Die B\u00fchne wird von Peter und Beatrix Kleinhenz mit viel Leidenschaft und Einsatz zusammen mit Verwandtschaft und angestellten Helfern betrieben. Finanziert wird sie ausschlie\u00dflich \u00fcber die Ticketpreise,\u2026","rel":"","context":"In &quot;News&quot;","block_context":{"text":"News","link":"https:\/\/www.jazzzeitung.de\/cms\/thema\/nachrichten\/"},"img":{"alt_text":"","src":"https:\/\/i0.wp.com\/www.jazzzeitung.de\/cms\/wp-content\/uploads\/2025\/12\/kleinhenz1-scaled.jpg?fit=1200%2C800&ssl=1&resize=350%2C200","width":350,"height":200,"srcset":"https:\/\/i0.wp.com\/www.jazzzeitung.de\/cms\/wp-content\/uploads\/2025\/12\/kleinhenz1-scaled.jpg?fit=1200%2C800&ssl=1&resize=350%2C200 1x, https:\/\/i0.wp.com\/www.jazzzeitung.de\/cms\/wp-content\/uploads\/2025\/12\/kleinhenz1-scaled.jpg?fit=1200%2C800&ssl=1&resize=525%2C300 1.5x, https:\/\/i0.wp.com\/www.jazzzeitung.de\/cms\/wp-content\/uploads\/2025\/12\/kleinhenz1-scaled.jpg?fit=1200%2C800&ssl=1&resize=700%2C400 2x, https:\/\/i0.wp.com\/www.jazzzeitung.de\/cms\/wp-content\/uploads\/2025\/12\/kleinhenz1-scaled.jpg?fit=1200%2C800&ssl=1&resize=1050%2C600 3x"},"classes":[]},{"id":14808,"url":"https:\/\/www.jazzzeitung.de\/cms\/2018\/01\/fuer-schnell-entschlossene-adriano-prestel-5-mann-groove-band\/","url_meta":{"origin":17357,"position":5},"title":"F\u00fcr schnell entschlossene Unterfranken: Adriano Prestel &#038; 5-Mann-Groove-Band","author":"Redaktion JazzZeitung","date":"18. Januar 2018","format":false,"excerpt":"Der junge und angesagte Soul-, Blues-, und Jazz-S\u00e4nger aus M\u00fcnchen, mit seiner \"schwarzen Stimme\" kommt am Freiag, den 19. Januar um 20 Uhr mit seiner 5- Mann-Band wieder auf die Piano-B\u00fchne im unterfr\u00e4nkischen Oberthulba. Der \"Geheimtipp\" \u00a0begeisterte schon einmal im Oktober 2016 das verw\u00f6hnte Publikum der Piano-B\u00fchne. Laut Pressetext garantiert\u00a0\u2026","rel":"","context":"In &quot;News&quot;","block_context":{"text":"News","link":"https:\/\/www.jazzzeitung.de\/cms\/thema\/nachrichten\/"},"img":{"alt_text":"","src":"https:\/\/i0.wp.com\/www.jazzzeitung.de\/cms\/wp-content\/uploads\/2018\/01\/AdrianoPianobuehne.jpg?fit=1200%2C800&ssl=1&resize=350%2C200","width":350,"height":200,"srcset":"https:\/\/i0.wp.com\/www.jazzzeitung.de\/cms\/wp-content\/uploads\/2018\/01\/AdrianoPianobuehne.jpg?fit=1200%2C800&ssl=1&resize=350%2C200 1x, https:\/\/i0.wp.com\/www.jazzzeitung.de\/cms\/wp-content\/uploads\/2018\/01\/AdrianoPianobuehne.jpg?fit=1200%2C800&ssl=1&resize=525%2C300 1.5x, https:\/\/i0.wp.com\/www.jazzzeitung.de\/cms\/wp-content\/uploads\/2018\/01\/AdrianoPianobuehne.jpg?fit=1200%2C800&ssl=1&resize=700%2C400 2x, https:\/\/i0.wp.com\/www.jazzzeitung.de\/cms\/wp-content\/uploads\/2018\/01\/AdrianoPianobuehne.jpg?fit=1200%2C800&ssl=1&resize=1050%2C600 3x"},"classes":[]}],"jetpack_sharing_enabled":true,"_links":{"self":[{"href":"https:\/\/www.jazzzeitung.de\/cms\/wp-json\/wp\/v2\/posts\/17357","targetHints":{"allow":["GET"]}}],"collection":[{"href":"https:\/\/www.jazzzeitung.de\/cms\/wp-json\/wp\/v2\/posts"}],"about":[{"href":"https:\/\/www.jazzzeitung.de\/cms\/wp-json\/wp\/v2\/types\/post"}],"author":[{"embeddable":true,"href":"https:\/\/www.jazzzeitung.de\/cms\/wp-json\/wp\/v2\/users\/18"}],"replies":[{"embeddable":true,"href":"https:\/\/www.jazzzeitung.de\/cms\/wp-json\/wp\/v2\/comments?post=17357"}],"version-history":[{"count":4,"href":"https:\/\/www.jazzzeitung.de\/cms\/wp-json\/wp\/v2\/posts\/17357\/revisions"}],"predecessor-version":[{"id":17364,"href":"https:\/\/www.jazzzeitung.de\/cms\/wp-json\/wp\/v2\/posts\/17357\/revisions\/17364"}],"wp:featuredmedia":[{"embeddable":true,"href":"https:\/\/www.jazzzeitung.de\/cms\/wp-json\/wp\/v2\/media\/17362"}],"wp:attachment":[{"href":"https:\/\/www.jazzzeitung.de\/cms\/wp-json\/wp\/v2\/media?parent=17357"}],"wp:term":[{"taxonomy":"category","embeddable":true,"href":"https:\/\/www.jazzzeitung.de\/cms\/wp-json\/wp\/v2\/categories?post=17357"},{"taxonomy":"post_tag","embeddable":true,"href":"https:\/\/www.jazzzeitung.de\/cms\/wp-json\/wp\/v2\/tags?post=17357"},{"taxonomy":"author","embeddable":true,"href":"https:\/\/www.jazzzeitung.de\/cms\/wp-json\/wp\/v2\/coauthors?post=17357"}],"curies":[{"name":"wp","href":"https:\/\/api.w.org\/{rel}","templated":true}]}}