{"id":17315,"date":"2018-09-28T15:37:18","date_gmt":"2018-09-28T13:37:18","guid":{"rendered":"https:\/\/www.jazzzeitung.de\/cms\/?p=17315"},"modified":"2018-09-27T10:20:37","modified_gmt":"2018-09-27T08:20:37","slug":"gitarre-vom-klassenfeind-im-heulmodus-heiner-reinhardt-helmut-joe-sachse-eroeffnen-neue-konzertsaison-im-jazzclub-regensburg","status":"publish","type":"post","link":"https:\/\/www.jazzzeitung.de\/cms\/2018\/09\/gitarre-vom-klassenfeind-im-heulmodus-heiner-reinhardt-helmut-joe-sachse-eroeffnen-neue-konzertsaison-im-jazzclub-regensburg\/","title":{"rendered":"Gitarre vom Klassenfeind im Heulmodus &#8211; Heiner Reinhardt &#038; Helmut &#8222;Joe&#8220; Sachse er\u00f6ffnen neue Konzertsaison im Jazzclub Regensburg"},"content":{"rendered":"<p>\u201eSchraubenzieher-Tango f\u00fcr Jaroslav Hasek\u201c betitelte der Gitarrist Helmut Joe Sachse eine Komposition auf seinem Soloalbum, das er 1988 noch auf dem staatseigenen Amiga-Label vorgelegt hat. Die musikalische Widmung an den Autoren des Soldaten Schwejk und das skurrile Hilfsmittel deuten bereits an, dass dem in Mittweida gro\u00df gewordenen Chemnitzer \u2013 damals noch Karl-Marx-Stadt \u2013 ebenso der anarchistische Schalk im Nacken hockt, wie dem braven Schwejk. So lie\u00df er Jazzclub-Managerin Ulrike Eilers nach einem furiosen Duokonzert mit dem Bassklarinettisten Heiner Reinhardt in der Garderobe l\u00e4chelnd auflaufen: \u201eGeld? Was, Honorar gibt es hier auch noch?\u201c<\/p>\n<p>Die beiden Musiker stellten das von Sachse erarbeitete und arrangierte Programm \u201eHey Joe\u201c mit Kompositionen von Jimi Hendrix zum Auftakt des Herbstprogramms im Leeren Beutel vor. Es ist gewisserma\u00dfen eine Verneigung vor dem gro\u00dfen Idol und ein Dank, denn der Sachse verdankt dem Gitarren-Heroen seinen zweiten Vornamen. Als der jugendliche Beatfan 1967 mit einer Amateurband auftrat und niemand seinen Namen wusste, feierten ihn seine Kumpel nach dem Gig als \u201eJoe\u201c. Sachse war dem afroamerikanischen Rockgitarristen kurz zuvor in einer Beatclub-Sendung von Radio Bremen hoffnungslos verfallen. An Virtuosit\u00e4t und Vielseitigkeit hat der 69-J\u00e4hrige sein Vorbild, das er bis heute \u00fcberaus sch\u00e4tzt, l\u00e4ngst \u00fcberrundet. Dessen eruptive Energie und Emotionalit\u00e4t aber bleibt selbst in den w\u00fcstesten Akkordorgien, mit denen Sachse regelrechte Klangst\u00fcrme auf der B\u00fchne entfacht, im Prinzip unerreicht. In ausgekl\u00fcgelten und durch die Bank spannenden Arrangements voller unerwarteter Wendungen, schriller Peitschenkl\u00e4nge und ausgefallener Ideen bleibt die Essenz der Hendrixschen Kompositionen erhalten und erkennbar. Dennoch erscheinen \u201eRed House\u201c, das Hin- und Hergeworfensein von \u201eManic Depression\u201c, das sanfte \u201eThe Wind Cries Mary\u201c, \u201ePurple Haze\u201c oder das psychedelische \u201eBurning of The Midnight Lamp\u201c in einem eigenen, manchmal sperrigen Klanggewand. Das expressive, manchmal hektisch-entfesselte Spiel des Saitenmeisters korrespondiert dabei bestens mit dem warmen Sound und den ausdrucksstarken Improvisationen des Bl\u00e4sers, der gelegentlich auch die Bassfunktion \u00fcbernimmt. Etwas mechanistisch wirkt manchmal die skurrile Fussarbeit Sachses. Damit klopft er auf seinem Instrumentenkoffer und einem mikrofonierten Plastiksack den Rhythmus straight durch, &#8222;durchtappt&#8220; m\u00fcsste man eigentlich korrekter formulieren. In Verbindung mit dem exzessiven Klangrausch eine auch physisch enorme Anstrengung, die sich am Schluss im schwei\u00dfgetr\u00e4nkten T-Shirt deutlich und wohlverdient abzeichnet.<\/p>\n<div class=\"tiled-gallery type-rectangular tiled-gallery-unresized\" data-original-width=\"840\" data-carousel-extra='{&quot;blog_id&quot;:1,&quot;permalink&quot;:&quot;https:\\\/\\\/www.jazzzeitung.de\\\/cms\\\/2018\\\/09\\\/gitarre-vom-klassenfeind-im-heulmodus-heiner-reinhardt-helmut-joe-sachse-eroeffnen-neue-konzertsaison-im-jazzclub-regensburg\\\/&quot;,&quot;likes_blog_id&quot;:55446655}' itemscope itemtype=\"http:\/\/schema.org\/ImageGallery\" > <div class=\"gallery-row\" style=\"width: 840px; height: 403px;\" data-original-width=\"840\" data-original-height=\"403\" > <div class=\"gallery-group images-1\" style=\"width: 270px; height: 403px;\" data-original-width=\"270\" data-original-height=\"403\" > <div class=\"tiled-gallery-item tiled-gallery-item-large\" itemprop=\"associatedMedia\" itemscope itemtype=\"http:\/\/schema.org\/ImageObject\"> <a href=\"https:\/\/www.jazzzeitung.de\/cms\/2018\/09\/gitarre-vom-klassenfeind-im-heulmodus-heiner-reinhardt-helmut-joe-sachse-eroeffnen-neue-konzertsaison-im-jazzclub-regensburg\/reinhardt-heiner_34\/\" border=\"0\" itemprop=\"url\"> <meta itemprop=\"width\" content=\"266\"> <meta itemprop=\"height\" content=\"399\"> <img decoding=\"async\" class=\"\" data-attachment-id=\"17341\" data-orig-file=\"https:\/\/www.jazzzeitung.de\/cms\/wp-content\/uploads\/2018\/10\/Reinhardt-heiner_34.jpg\" data-orig-size=\"860,1290\" data-comments-opened=\"1\" data-image-meta=\"{&quot;aperture&quot;:&quot;5.6&quot;,&quot;credit&quot;:&quot;MICHAEL Scheiner&quot;,&quot;camera&quot;:&quot;NIKON D7200&quot;,&quot;caption&quot;:&quot;&quot;,&quot;created_timestamp&quot;:&quot;1537474447&quot;,&quot;copyright&quot;:&quot;Michael Scheiner&quot;,&quot;focal_length&quot;:&quot;62&quot;,&quot;iso&quot;:&quot;3200&quot;,&quot;shutter_speed&quot;:&quot;0.01&quot;,&quot;title&quot;:&quot;&quot;,&quot;orientation&quot;:&quot;1&quot;}\" data-image-title=\"\" data-image-description=\"\" data-medium-file=\"https:\/\/i0.wp.com\/www.jazzzeitung.de\/cms\/wp-content\/uploads\/2018\/10\/Reinhardt-heiner_34.jpg?fit=200%2C300&#038;ssl=1\" data-large-file=\"https:\/\/i0.wp.com\/www.jazzzeitung.de\/cms\/wp-content\/uploads\/2018\/10\/Reinhardt-heiner_34.jpg?fit=400%2C600&#038;ssl=1\" src=\"https:\/\/i0.wp.com\/www.jazzzeitung.de\/cms\/wp-content\/uploads\/2018\/10\/Reinhardt-heiner_34.jpg?w=266&#038;h=399&#038;ssl=1\" srcset=\"https:\/\/i0.wp.com\/www.jazzzeitung.de\/cms\/wp-content\/uploads\/2018\/10\/Reinhardt-heiner_34.jpg?w=860&amp;ssl=1 860w, https:\/\/i0.wp.com\/www.jazzzeitung.de\/cms\/wp-content\/uploads\/2018\/10\/Reinhardt-heiner_34.jpg?resize=200%2C300&amp;ssl=1 200w, https:\/\/i0.wp.com\/www.jazzzeitung.de\/cms\/wp-content\/uploads\/2018\/10\/Reinhardt-heiner_34.jpg?resize=768%2C1152&amp;ssl=1 768w, https:\/\/i0.wp.com\/www.jazzzeitung.de\/cms\/wp-content\/uploads\/2018\/10\/Reinhardt-heiner_34.jpg?resize=400%2C600&amp;ssl=1 400w, https:\/\/i0.wp.com\/www.jazzzeitung.de\/cms\/wp-content\/uploads\/2018\/10\/Reinhardt-heiner_34.jpg?resize=600%2C900&amp;ssl=1 600w\" width=\"266\" height=\"399\" loading=\"lazy\" data-original-width=\"266\" data-original-height=\"399\" itemprop=\"http:\/\/schema.org\/image\" title=\"\" alt=\"Heiner Reinhardt. Foto: Michael Scheiner\" style=\"width: 266px; height: 399px;\" \/> <\/a> <div class=\"tiled-gallery-caption\" itemprop=\"caption description\"> Heiner Reinhardt. Foto: Michael Scheiner <\/div> <\/div> <\/div> <!-- close group --> <div class=\"gallery-group images-2\" style=\"width: 300px; height: 403px;\" data-original-width=\"300\" data-original-height=\"403\" > <div class=\"tiled-gallery-item tiled-gallery-item-large\" itemprop=\"associatedMedia\" itemscope itemtype=\"http:\/\/schema.org\/ImageObject\"> <a href=\"https:\/\/www.jazzzeitung.de\/cms\/2018\/09\/gitarre-vom-klassenfeind-im-heulmodus-heiner-reinhardt-helmut-joe-sachse-eroeffnen-neue-konzertsaison-im-jazzclub-regensburg\/sachse-helmut-joe_03\/\" border=\"0\" itemprop=\"url\"> <meta itemprop=\"width\" content=\"296\"> <meta itemprop=\"height\" content=\"198\"> <img decoding=\"async\" class=\"\" data-attachment-id=\"17344\" data-orig-file=\"https:\/\/www.jazzzeitung.de\/cms\/wp-content\/uploads\/2018\/10\/Sachse-Helmut-Joe_03.jpg\" data-orig-size=\"1935,1290\" data-comments-opened=\"1\" data-image-meta=\"{&quot;aperture&quot;:&quot;5.3&quot;,&quot;credit&quot;:&quot;MICHAEL Scheiner&quot;,&quot;camera&quot;:&quot;NIKON D7200&quot;,&quot;caption&quot;:&quot;&quot;,&quot;created_timestamp&quot;:&quot;1537470438&quot;,&quot;copyright&quot;:&quot;Michael Scheiner&quot;,&quot;focal_length&quot;:&quot;75&quot;,&quot;iso&quot;:&quot;3200&quot;,&quot;shutter_speed&quot;:&quot;0.016666666666667&quot;,&quot;title&quot;:&quot;&quot;,&quot;orientation&quot;:&quot;1&quot;}\" data-image-title=\"\" data-image-description=\"\" data-medium-file=\"https:\/\/i0.wp.com\/www.jazzzeitung.de\/cms\/wp-content\/uploads\/2018\/10\/Sachse-Helmut-Joe_03.jpg?fit=300%2C200&#038;ssl=1\" data-large-file=\"https:\/\/i0.wp.com\/www.jazzzeitung.de\/cms\/wp-content\/uploads\/2018\/10\/Sachse-Helmut-Joe_03.jpg?fit=840%2C560&#038;ssl=1\" src=\"https:\/\/i0.wp.com\/www.jazzzeitung.de\/cms\/wp-content\/uploads\/2018\/10\/Sachse-Helmut-Joe_03.jpg?w=296&#038;h=198&#038;ssl=1\" srcset=\"https:\/\/i0.wp.com\/www.jazzzeitung.de\/cms\/wp-content\/uploads\/2018\/10\/Sachse-Helmut-Joe_03.jpg?w=1935&amp;ssl=1 1935w, https:\/\/i0.wp.com\/www.jazzzeitung.de\/cms\/wp-content\/uploads\/2018\/10\/Sachse-Helmut-Joe_03.jpg?resize=300%2C200&amp;ssl=1 300w, https:\/\/i0.wp.com\/www.jazzzeitung.de\/cms\/wp-content\/uploads\/2018\/10\/Sachse-Helmut-Joe_03.jpg?resize=768%2C512&amp;ssl=1 768w, https:\/\/i0.wp.com\/www.jazzzeitung.de\/cms\/wp-content\/uploads\/2018\/10\/Sachse-Helmut-Joe_03.jpg?resize=900%2C600&amp;ssl=1 900w, https:\/\/i0.wp.com\/www.jazzzeitung.de\/cms\/wp-content\/uploads\/2018\/10\/Sachse-Helmut-Joe_03.jpg?resize=600%2C400&amp;ssl=1 600w, https:\/\/i0.wp.com\/www.jazzzeitung.de\/cms\/wp-content\/uploads\/2018\/10\/Sachse-Helmut-Joe_03.jpg?resize=120%2C80&amp;ssl=1 120w, https:\/\/i0.wp.com\/www.jazzzeitung.de\/cms\/wp-content\/uploads\/2018\/10\/Sachse-Helmut-Joe_03.jpg?w=1680&amp;ssl=1 1680w\" width=\"296\" height=\"198\" loading=\"lazy\" data-original-width=\"296\" data-original-height=\"198\" itemprop=\"http:\/\/schema.org\/image\" title=\"\" alt=\"Helmut &quot;Joe&quot; Sachse. Foto: Michael Scheiner\" style=\"width: 296px; height: 198px;\" \/> <\/a> <div class=\"tiled-gallery-caption\" itemprop=\"caption description\"> Helmut &#8222;Joe&#8220; Sachse. Foto: Michael Scheiner <\/div> <\/div> <div class=\"tiled-gallery-item tiled-gallery-item-large\" itemprop=\"associatedMedia\" itemscope itemtype=\"http:\/\/schema.org\/ImageObject\"> <a href=\"https:\/\/www.jazzzeitung.de\/cms\/2018\/09\/gitarre-vom-klassenfeind-im-heulmodus-heiner-reinhardt-helmut-joe-sachse-eroeffnen-neue-konzertsaison-im-jazzclub-regensburg\/reinhardt-sachse_32\/\" border=\"0\" itemprop=\"url\"> <meta itemprop=\"width\" content=\"296\"> <meta itemprop=\"height\" content=\"197\"> <img decoding=\"async\" class=\"\" data-attachment-id=\"17343\" data-orig-file=\"https:\/\/www.jazzzeitung.de\/cms\/wp-content\/uploads\/2018\/10\/Reinhardt-Sachse_32.jpg\" data-orig-size=\"1940,1290\" data-comments-opened=\"1\" data-image-meta=\"{&quot;aperture&quot;:&quot;5.6&quot;,&quot;credit&quot;:&quot;MICHAEL Scheiner&quot;,&quot;camera&quot;:&quot;NIKON D7200&quot;,&quot;caption&quot;:&quot;&quot;,&quot;created_timestamp&quot;:&quot;1537474395&quot;,&quot;copyright&quot;:&quot;Michael Scheiner&quot;,&quot;focal_length&quot;:&quot;52&quot;,&quot;iso&quot;:&quot;3200&quot;,&quot;shutter_speed&quot;:&quot;0.0125&quot;,&quot;title&quot;:&quot;&quot;,&quot;orientation&quot;:&quot;1&quot;}\" data-image-title=\"\" data-image-description=\"\" data-medium-file=\"https:\/\/i0.wp.com\/www.jazzzeitung.de\/cms\/wp-content\/uploads\/2018\/10\/Reinhardt-Sachse_32.jpg?fit=300%2C199&#038;ssl=1\" data-large-file=\"https:\/\/i0.wp.com\/www.jazzzeitung.de\/cms\/wp-content\/uploads\/2018\/10\/Reinhardt-Sachse_32.jpg?fit=840%2C558&#038;ssl=1\" src=\"https:\/\/i0.wp.com\/www.jazzzeitung.de\/cms\/wp-content\/uploads\/2018\/10\/Reinhardt-Sachse_32.jpg?w=296&#038;h=197&#038;ssl=1\" srcset=\"https:\/\/i0.wp.com\/www.jazzzeitung.de\/cms\/wp-content\/uploads\/2018\/10\/Reinhardt-Sachse_32.jpg?w=1940&amp;ssl=1 1940w, https:\/\/i0.wp.com\/www.jazzzeitung.de\/cms\/wp-content\/uploads\/2018\/10\/Reinhardt-Sachse_32.jpg?resize=300%2C199&amp;ssl=1 300w, https:\/\/i0.wp.com\/www.jazzzeitung.de\/cms\/wp-content\/uploads\/2018\/10\/Reinhardt-Sachse_32.jpg?resize=768%2C511&amp;ssl=1 768w, https:\/\/i0.wp.com\/www.jazzzeitung.de\/cms\/wp-content\/uploads\/2018\/10\/Reinhardt-Sachse_32.jpg?resize=900%2C598&amp;ssl=1 900w, https:\/\/i0.wp.com\/www.jazzzeitung.de\/cms\/wp-content\/uploads\/2018\/10\/Reinhardt-Sachse_32.jpg?resize=600%2C399&amp;ssl=1 600w, https:\/\/i0.wp.com\/www.jazzzeitung.de\/cms\/wp-content\/uploads\/2018\/10\/Reinhardt-Sachse_32.jpg?resize=120%2C80&amp;ssl=1 120w, https:\/\/i0.wp.com\/www.jazzzeitung.de\/cms\/wp-content\/uploads\/2018\/10\/Reinhardt-Sachse_32.jpg?w=1680&amp;ssl=1 1680w\" width=\"296\" height=\"197\" loading=\"lazy\" data-original-width=\"296\" data-original-height=\"197\" itemprop=\"http:\/\/schema.org\/image\" title=\"\" alt=\"Heiner Reinhardt und Helmut &quot;Joe&quot; Sachse. Foto: Michael Scheiner\" style=\"width: 296px; height: 197px;\" \/> <\/a> <div class=\"tiled-gallery-caption\" itemprop=\"caption description\"> Heiner Reinhardt und Helmut &#8222;Joe&#8220; Sachse. Foto: Michael Scheiner <\/div> <\/div> <\/div> <!-- close group --> <div class=\"gallery-group images-1\" style=\"width: 270px; height: 403px;\" data-original-width=\"270\" data-original-height=\"403\" > <div class=\"tiled-gallery-item tiled-gallery-item-large\" itemprop=\"associatedMedia\" itemscope itemtype=\"http:\/\/schema.org\/ImageObject\"> <a href=\"https:\/\/www.jazzzeitung.de\/cms\/2018\/09\/gitarre-vom-klassenfeind-im-heulmodus-heiner-reinhardt-helmut-joe-sachse-eroeffnen-neue-konzertsaison-im-jazzclub-regensburg\/sachse-helmut-joe_44\/\" border=\"0\" itemprop=\"url\"> <meta itemprop=\"width\" content=\"266\"> <meta itemprop=\"height\" content=\"399\"> <img decoding=\"async\" class=\"\" data-attachment-id=\"17345\" data-orig-file=\"https:\/\/www.jazzzeitung.de\/cms\/wp-content\/uploads\/2018\/10\/Sachse-Helmut-Joe_44.jpg\" data-orig-size=\"860,1290\" data-comments-opened=\"1\" data-image-meta=\"{&quot;aperture&quot;:&quot;5.6&quot;,&quot;credit&quot;:&quot;MICHAEL Scheiner&quot;,&quot;camera&quot;:&quot;NIKON D7200&quot;,&quot;caption&quot;:&quot;&quot;,&quot;created_timestamp&quot;:&quot;1537474715&quot;,&quot;copyright&quot;:&quot;Michael Scheiner&quot;,&quot;focal_length&quot;:&quot;62&quot;,&quot;iso&quot;:&quot;3200&quot;,&quot;shutter_speed&quot;:&quot;0.01&quot;,&quot;title&quot;:&quot;&quot;,&quot;orientation&quot;:&quot;1&quot;}\" data-image-title=\"\" data-image-description=\"\" data-medium-file=\"https:\/\/i0.wp.com\/www.jazzzeitung.de\/cms\/wp-content\/uploads\/2018\/10\/Sachse-Helmut-Joe_44.jpg?fit=200%2C300&#038;ssl=1\" data-large-file=\"https:\/\/i0.wp.com\/www.jazzzeitung.de\/cms\/wp-content\/uploads\/2018\/10\/Sachse-Helmut-Joe_44.jpg?fit=400%2C600&#038;ssl=1\" src=\"https:\/\/i0.wp.com\/www.jazzzeitung.de\/cms\/wp-content\/uploads\/2018\/10\/Sachse-Helmut-Joe_44.jpg?w=266&#038;h=399&#038;ssl=1\" srcset=\"https:\/\/i0.wp.com\/www.jazzzeitung.de\/cms\/wp-content\/uploads\/2018\/10\/Sachse-Helmut-Joe_44.jpg?w=860&amp;ssl=1 860w, https:\/\/i0.wp.com\/www.jazzzeitung.de\/cms\/wp-content\/uploads\/2018\/10\/Sachse-Helmut-Joe_44.jpg?resize=200%2C300&amp;ssl=1 200w, https:\/\/i0.wp.com\/www.jazzzeitung.de\/cms\/wp-content\/uploads\/2018\/10\/Sachse-Helmut-Joe_44.jpg?resize=768%2C1152&amp;ssl=1 768w, https:\/\/i0.wp.com\/www.jazzzeitung.de\/cms\/wp-content\/uploads\/2018\/10\/Sachse-Helmut-Joe_44.jpg?resize=400%2C600&amp;ssl=1 400w, https:\/\/i0.wp.com\/www.jazzzeitung.de\/cms\/wp-content\/uploads\/2018\/10\/Sachse-Helmut-Joe_44.jpg?resize=600%2C900&amp;ssl=1 600w\" width=\"266\" height=\"399\" loading=\"lazy\" data-original-width=\"266\" data-original-height=\"399\" itemprop=\"http:\/\/schema.org\/image\" title=\"\" alt=\"Helmut &quot;Joe&quot; Sachse. Foto: Michael Scheiner\" style=\"width: 266px; height: 399px;\" \/> <\/a> <div class=\"tiled-gallery-caption\" itemprop=\"caption description\"> Helmut &#8222;Joe&#8220; Sachse. Foto: Michael Scheiner <\/div> <\/div> <\/div> <!-- close group --> <\/div> <!-- close row --> <div class=\"gallery-row\" style=\"width: 840px; height: 601px;\" data-original-width=\"840\" data-original-height=\"601\" > <div class=\"gallery-group images-2\" style=\"width: 451px; height: 601px;\" data-original-width=\"451\" data-original-height=\"601\" > <div class=\"tiled-gallery-item tiled-gallery-item-large\" itemprop=\"associatedMedia\" itemscope itemtype=\"http:\/\/schema.org\/ImageObject\"> <a href=\"https:\/\/www.jazzzeitung.de\/cms\/2018\/09\/gitarre-vom-klassenfeind-im-heulmodus-heiner-reinhardt-helmut-joe-sachse-eroeffnen-neue-konzertsaison-im-jazzclub-regensburg\/reinhardt-heiner_52\/\" border=\"0\" itemprop=\"url\"> <meta itemprop=\"width\" content=\"447\"> <meta itemprop=\"height\" content=\"298\"> <img decoding=\"async\" class=\"\" data-attachment-id=\"17342\" data-orig-file=\"https:\/\/www.jazzzeitung.de\/cms\/wp-content\/uploads\/2018\/10\/Reinhardt-heiner_52.jpg\" data-orig-size=\"1935,1290\" data-comments-opened=\"1\" data-image-meta=\"{&quot;aperture&quot;:&quot;6.3&quot;,&quot;credit&quot;:&quot;MICHAEL Scheiner&quot;,&quot;camera&quot;:&quot;NIKON D7200&quot;,&quot;caption&quot;:&quot;&quot;,&quot;created_timestamp&quot;:&quot;1537475217&quot;,&quot;copyright&quot;:&quot;Michael Scheiner&quot;,&quot;focal_length&quot;:&quot;185&quot;,&quot;iso&quot;:&quot;3200&quot;,&quot;shutter_speed&quot;:&quot;0.01&quot;,&quot;title&quot;:&quot;&quot;,&quot;orientation&quot;:&quot;1&quot;}\" data-image-title=\"\" data-image-description=\"\" data-medium-file=\"https:\/\/i0.wp.com\/www.jazzzeitung.de\/cms\/wp-content\/uploads\/2018\/10\/Reinhardt-heiner_52.jpg?fit=300%2C200&#038;ssl=1\" data-large-file=\"https:\/\/i0.wp.com\/www.jazzzeitung.de\/cms\/wp-content\/uploads\/2018\/10\/Reinhardt-heiner_52.jpg?fit=840%2C560&#038;ssl=1\" src=\"https:\/\/i0.wp.com\/www.jazzzeitung.de\/cms\/wp-content\/uploads\/2018\/10\/Reinhardt-heiner_52.jpg?w=447&#038;h=298&#038;ssl=1\" srcset=\"https:\/\/i0.wp.com\/www.jazzzeitung.de\/cms\/wp-content\/uploads\/2018\/10\/Reinhardt-heiner_52.jpg?w=1935&amp;ssl=1 1935w, https:\/\/i0.wp.com\/www.jazzzeitung.de\/cms\/wp-content\/uploads\/2018\/10\/Reinhardt-heiner_52.jpg?resize=300%2C200&amp;ssl=1 300w, https:\/\/i0.wp.com\/www.jazzzeitung.de\/cms\/wp-content\/uploads\/2018\/10\/Reinhardt-heiner_52.jpg?resize=768%2C512&amp;ssl=1 768w, https:\/\/i0.wp.com\/www.jazzzeitung.de\/cms\/wp-content\/uploads\/2018\/10\/Reinhardt-heiner_52.jpg?resize=900%2C600&amp;ssl=1 900w, https:\/\/i0.wp.com\/www.jazzzeitung.de\/cms\/wp-content\/uploads\/2018\/10\/Reinhardt-heiner_52.jpg?resize=600%2C400&amp;ssl=1 600w, https:\/\/i0.wp.com\/www.jazzzeitung.de\/cms\/wp-content\/uploads\/2018\/10\/Reinhardt-heiner_52.jpg?resize=120%2C80&amp;ssl=1 120w, https:\/\/i0.wp.com\/www.jazzzeitung.de\/cms\/wp-content\/uploads\/2018\/10\/Reinhardt-heiner_52.jpg?w=1680&amp;ssl=1 1680w\" width=\"447\" height=\"298\" loading=\"lazy\" data-original-width=\"447\" data-original-height=\"298\" itemprop=\"http:\/\/schema.org\/image\" title=\"\" alt=\"Heiner Reinhardt. Foto: Michael Scheiner\" style=\"width: 447px; height: 298px;\" \/> <\/a> <div class=\"tiled-gallery-caption\" itemprop=\"caption description\"> Heiner Reinhardt. Foto: Michael Scheiner <\/div> <\/div> <div class=\"tiled-gallery-item tiled-gallery-item-large\" itemprop=\"associatedMedia\" itemscope itemtype=\"http:\/\/schema.org\/ImageObject\"> <a href=\"https:\/\/www.jazzzeitung.de\/cms\/2018\/09\/gitarre-vom-klassenfeind-im-heulmodus-heiner-reinhardt-helmut-joe-sachse-eroeffnen-neue-konzertsaison-im-jazzclub-regensburg\/sachse-helmut-joe_57\/\" border=\"0\" itemprop=\"url\"> <meta itemprop=\"width\" content=\"447\"> <meta itemprop=\"height\" content=\"295\"> <img decoding=\"async\" class=\"\" data-attachment-id=\"17346\" data-orig-file=\"https:\/\/www.jazzzeitung.de\/cms\/wp-content\/uploads\/2018\/10\/Sachse-Helmut-Joe_57.jpg\" data-orig-size=\"1953,1290\" data-comments-opened=\"1\" data-image-meta=\"{&quot;aperture&quot;:&quot;5.6&quot;,&quot;credit&quot;:&quot;MICHAEL Scheiner&quot;,&quot;camera&quot;:&quot;NIKON D7200&quot;,&quot;caption&quot;:&quot;&quot;,&quot;created_timestamp&quot;:&quot;1537475343&quot;,&quot;copyright&quot;:&quot;Michael Scheiner&quot;,&quot;focal_length&quot;:&quot;105&quot;,&quot;iso&quot;:&quot;3200&quot;,&quot;shutter_speed&quot;:&quot;0.01&quot;,&quot;title&quot;:&quot;&quot;,&quot;orientation&quot;:&quot;1&quot;}\" data-image-title=\"\" data-image-description=\"\" data-medium-file=\"https:\/\/i0.wp.com\/www.jazzzeitung.de\/cms\/wp-content\/uploads\/2018\/10\/Sachse-Helmut-Joe_57.jpg?fit=300%2C198&#038;ssl=1\" data-large-file=\"https:\/\/i0.wp.com\/www.jazzzeitung.de\/cms\/wp-content\/uploads\/2018\/10\/Sachse-Helmut-Joe_57.jpg?fit=840%2C554&#038;ssl=1\" src=\"https:\/\/i0.wp.com\/www.jazzzeitung.de\/cms\/wp-content\/uploads\/2018\/10\/Sachse-Helmut-Joe_57.jpg?w=447&#038;h=295&#038;ssl=1\" srcset=\"https:\/\/i0.wp.com\/www.jazzzeitung.de\/cms\/wp-content\/uploads\/2018\/10\/Sachse-Helmut-Joe_57.jpg?w=1953&amp;ssl=1 1953w, https:\/\/i0.wp.com\/www.jazzzeitung.de\/cms\/wp-content\/uploads\/2018\/10\/Sachse-Helmut-Joe_57.jpg?resize=300%2C198&amp;ssl=1 300w, https:\/\/i0.wp.com\/www.jazzzeitung.de\/cms\/wp-content\/uploads\/2018\/10\/Sachse-Helmut-Joe_57.jpg?resize=768%2C507&amp;ssl=1 768w, https:\/\/i0.wp.com\/www.jazzzeitung.de\/cms\/wp-content\/uploads\/2018\/10\/Sachse-Helmut-Joe_57.jpg?resize=900%2C594&amp;ssl=1 900w, https:\/\/i0.wp.com\/www.jazzzeitung.de\/cms\/wp-content\/uploads\/2018\/10\/Sachse-Helmut-Joe_57.jpg?resize=600%2C396&amp;ssl=1 600w, https:\/\/i0.wp.com\/www.jazzzeitung.de\/cms\/wp-content\/uploads\/2018\/10\/Sachse-Helmut-Joe_57.jpg?resize=120%2C80&amp;ssl=1 120w, https:\/\/i0.wp.com\/www.jazzzeitung.de\/cms\/wp-content\/uploads\/2018\/10\/Sachse-Helmut-Joe_57.jpg?w=1680&amp;ssl=1 1680w\" width=\"447\" height=\"295\" loading=\"lazy\" data-original-width=\"447\" data-original-height=\"295\" itemprop=\"http:\/\/schema.org\/image\" title=\"\" alt=\"Helmut &quot;Joe&quot; Sachse. Foto: Michael Scheiner\" style=\"width: 447px; height: 295px;\" \/> <\/a> <div class=\"tiled-gallery-caption\" itemprop=\"caption description\"> Helmut &#8222;Joe&#8220; Sachse. Foto: Michael Scheiner <\/div> <\/div> <\/div> <!-- close group --> <div class=\"gallery-group images-1\" style=\"width: 389px; height: 601px;\" data-original-width=\"389\" data-original-height=\"601\" > <div class=\"tiled-gallery-item tiled-gallery-item-large\" itemprop=\"associatedMedia\" itemscope itemtype=\"http:\/\/schema.org\/ImageObject\"> <a href=\"https:\/\/www.jazzzeitung.de\/cms\/2018\/09\/gitarre-vom-klassenfeind-im-heulmodus-heiner-reinhardt-helmut-joe-sachse-eroeffnen-neue-konzertsaison-im-jazzclub-regensburg\/sachse-reinhardt_22\/\" border=\"0\" itemprop=\"url\"> <meta itemprop=\"width\" content=\"385\"> <meta itemprop=\"height\" content=\"597\"> <img decoding=\"async\" class=\"\" data-attachment-id=\"17347\" data-orig-file=\"https:\/\/www.jazzzeitung.de\/cms\/wp-content\/uploads\/2018\/10\/Sachse-Reinhardt_22.jpg\" data-orig-size=\"831,1290\" data-comments-opened=\"1\" data-image-meta=\"{&quot;aperture&quot;:&quot;4.5&quot;,&quot;credit&quot;:&quot;MICHAEL Scheiner&quot;,&quot;camera&quot;:&quot;NIKON D7200&quot;,&quot;caption&quot;:&quot;&quot;,&quot;created_timestamp&quot;:&quot;1537474060&quot;,&quot;copyright&quot;:&quot;Michael Scheiner&quot;,&quot;focal_length&quot;:&quot;44&quot;,&quot;iso&quot;:&quot;3200&quot;,&quot;shutter_speed&quot;:&quot;0.016666666666667&quot;,&quot;title&quot;:&quot;&quot;,&quot;orientation&quot;:&quot;1&quot;}\" data-image-title=\"\" data-image-description=\"\" data-medium-file=\"https:\/\/i0.wp.com\/www.jazzzeitung.de\/cms\/wp-content\/uploads\/2018\/10\/Sachse-Reinhardt_22.jpg?fit=193%2C300&#038;ssl=1\" data-large-file=\"https:\/\/i0.wp.com\/www.jazzzeitung.de\/cms\/wp-content\/uploads\/2018\/10\/Sachse-Reinhardt_22.jpg?fit=387%2C600&#038;ssl=1\" src=\"https:\/\/i0.wp.com\/www.jazzzeitung.de\/cms\/wp-content\/uploads\/2018\/10\/Sachse-Reinhardt_22.jpg?w=385&#038;h=597&#038;ssl=1\" srcset=\"https:\/\/i0.wp.com\/www.jazzzeitung.de\/cms\/wp-content\/uploads\/2018\/10\/Sachse-Reinhardt_22.jpg?w=831&amp;ssl=1 831w, https:\/\/i0.wp.com\/www.jazzzeitung.de\/cms\/wp-content\/uploads\/2018\/10\/Sachse-Reinhardt_22.jpg?resize=193%2C300&amp;ssl=1 193w, https:\/\/i0.wp.com\/www.jazzzeitung.de\/cms\/wp-content\/uploads\/2018\/10\/Sachse-Reinhardt_22.jpg?resize=768%2C1192&amp;ssl=1 768w, https:\/\/i0.wp.com\/www.jazzzeitung.de\/cms\/wp-content\/uploads\/2018\/10\/Sachse-Reinhardt_22.jpg?resize=387%2C600&amp;ssl=1 387w, https:\/\/i0.wp.com\/www.jazzzeitung.de\/cms\/wp-content\/uploads\/2018\/10\/Sachse-Reinhardt_22.jpg?resize=600%2C931&amp;ssl=1 600w\" width=\"385\" height=\"597\" loading=\"lazy\" data-original-width=\"385\" data-original-height=\"597\" itemprop=\"http:\/\/schema.org\/image\" title=\"\" alt=\"Heiner Reinhardt und Helmut &quot;Joe&quot; Sachse. Foto: Michael Scheiner\" style=\"width: 385px; height: 597px;\" \/> <\/a> <div class=\"tiled-gallery-caption\" itemprop=\"caption description\"> Heiner Reinhardt und Helmut &#8222;Joe&#8220; Sachse. Foto: Michael Scheiner <\/div> <\/div> <\/div> <!-- close group --> <\/div> <!-- close row --> <\/div>\n<p>Virtuos eingesetztes Fingertapping und Perkussionstechniken auf dem Korpus der mit zus\u00e4tzlichen Tonabnehmern aufgepeppten Gitarre im Wechsel mit rasenden L\u00e4ufen und experimentellen Kl\u00e4ngen sorgen daf\u00fcr, dass manchem Zuh\u00f6rer die Ohren schwirren. W\u00e4hrend der ebenfalls zum Einsatz kommende Schraubenzieher unver\u00e4ndert der gleiche ist, spielt Sachse heute eine Gibson, ein Instrument des fr\u00fcheren Klassenfeindes. H\u00f6hepunkt des gelegentlich durchaus zickigen Klangrausches ist \u201eLittle Wing\u201c, das Sachse im Wechsel von \u00e4therischen Flageolettt\u00f6nen und grellen Akkordausbr\u00fcchen als Solonummer spielt. Als ideenreicher, emotional packender Solist zeigt sich Reinhardt im kryptischen \u201eIf 6 was 9\u201c, ein Song der im Kultfilm \u201eEasy Rider\u201c Ber\u00fchmtheit erlangte. Am Ende des Konzerts erweist Sachse seinem Vorbild noch einmal liebe- und lustvoll Respekt und \u00fcbersteuert die abgelegte Gitarre, bis sie auf dem Stuhl panisch aufheult. Ein gro\u00dfartiger Einstieg in die Herbstsaison, es muss sich nur noch rumsprechen, dass sie bereits begonnen hat.<\/p>\n<p>Von Michael Scheiner<\/p>\n<p><em>Infos: <\/em><a href=\"http:\/\/www.helmut-joe-sachse.de\/\"><em>http:\/\/www.helmut-joe-sachse.de\/<\/em><\/a><\/p>\n","protected":false},"excerpt":{"rendered":"<p>\u201eSchraubenzieher-Tango f\u00fcr Jaroslav Hasek\u201c betitelte der Gitarrist Helmut Joe Sachse eine Komposition auf seinem Soloalbum, das er 1988 noch auf dem staatseigenen Amiga-Label vorgelegt hat. Die musikalische Widmung an den Autoren des Soldaten Schwejk und das skurrile Hilfsmittel deuten bereits an, dass dem in Mittweida gro\u00df gewordenen Chemnitzer \u2013 damals noch Karl-Marx-Stadt \u2013 ebenso der anarchistische Schalk im Nacken hockt, wie dem braven Schwejk. So lie\u00df er Jazzclub-Managerin Ulrike Eilers nach einem furiosen Duokonzert mit dem Bassklarinettisten Heiner Reinhardt in der Garderobe l\u00e4chelnd auflaufen: \u201eGeld? Was, Honorar gibt es hier auch noch?\u201c Die beiden Musiker stellten das von Sachse erarbeitete und arrangierte Programm \u201eHey Joe\u201c mit Kompositionen von Jimi Hendrix zum Auftakt des Herbstprogramms im Leeren Beutel vor. Es ist gewisserma\u00dfen eine Verneigung vor dem gro\u00dfen Idol und ein Dank, denn der Sachse verdankt dem Gitarren-Heroen seinen zweiten Vornamen. Als der jugendliche Beatfan 1967 mit einer Amateurband auftrat und niemand seinen Namen wusste, feierten ihn seine Kumpel nach dem Gig als \u201eJoe\u201c. Sachse war dem afroamerikanischen Rockgitarristen kurz zuvor in einer Beatclub-Sendung von Radio Bremen hoffnungslos verfallen. An Virtuosit\u00e4t und Vielseitigkeit hat der 69-J\u00e4hrige sein &hellip;<\/p>\n","protected":false},"author":18,"featured_media":17343,"comment_status":"open","ping_status":"closed","sticky":false,"template":"","format":"standard","meta":{"_jetpack_memberships_contains_paid_content":false,"footnotes":"","jetpack_publicize_message":"","jetpack_publicize_feature_enabled":true,"jetpack_social_post_already_shared":false,"jetpack_social_options":{"image_generator_settings":{"template":"highway","default_image_id":0,"font":"","enabled":false},"version":2}},"categories":[633],"tags":[95,271,737,322,339,387,1193,1797,462,496],"coauthors":[695],"class_list":["post-17315","post","type-post","status-publish","format-standard","has-post-thumbnail","hentry","category-nachrichten","tag-bremen","tag-jazzclub","tag-jazzclub-regensburg","tag-konzert-2","tag-label","tag-michael-scheiner","tag-radio","tag-regensburg","tag-reinhardt","tag-sendung"],"yoast_head":"<!-- This site is optimized with the Yoast SEO plugin v27.5 - https:\/\/yoast.com\/product\/yoast-seo-wordpress\/ -->\n<title>Gitarre vom Klassenfeind im Heulmodus - Heiner Reinhardt &amp; Helmut &quot;Joe&quot; Sachse er\u00f6ffnen neue Konzertsaison im Jazzclub Regensburg - JazzZeitung<\/title>\n<meta name=\"robots\" content=\"index, follow, max-snippet:-1, max-image-preview:large, max-video-preview:-1\" \/>\n<link rel=\"canonical\" href=\"https:\/\/www.jazzzeitung.de\/cms\/2018\/09\/gitarre-vom-klassenfeind-im-heulmodus-heiner-reinhardt-helmut-joe-sachse-eroeffnen-neue-konzertsaison-im-jazzclub-regensburg\/\" \/>\n<meta property=\"og:locale\" content=\"de_DE\" \/>\n<meta property=\"og:type\" content=\"article\" \/>\n<meta property=\"og:title\" content=\"Gitarre vom Klassenfeind im Heulmodus - Heiner Reinhardt &amp; Helmut &quot;Joe&quot; Sachse er\u00f6ffnen neue Konzertsaison im Jazzclub Regensburg - JazzZeitung\" \/>\n<meta property=\"og:description\" content=\"\u201eSchraubenzieher-Tango f\u00fcr Jaroslav Hasek\u201c betitelte der Gitarrist Helmut Joe Sachse eine Komposition auf seinem Soloalbum, das er 1988 noch auf dem staatseigenen Amiga-Label vorgelegt hat. Die musikalische Widmung an den Autoren des Soldaten Schwejk und das skurrile Hilfsmittel deuten bereits an, dass dem in Mittweida gro\u00df gewordenen Chemnitzer \u2013 damals noch Karl-Marx-Stadt \u2013 ebenso der anarchistische Schalk im Nacken hockt, wie dem braven Schwejk. So lie\u00df er Jazzclub-Managerin Ulrike Eilers nach einem furiosen Duokonzert mit dem Bassklarinettisten Heiner Reinhardt in der Garderobe l\u00e4chelnd auflaufen: \u201eGeld? Was, Honorar gibt es hier auch noch?\u201c Die beiden Musiker stellten das von Sachse erarbeitete und arrangierte Programm \u201eHey Joe\u201c mit Kompositionen von Jimi Hendrix zum Auftakt des Herbstprogramms im Leeren Beutel vor. Es ist gewisserma\u00dfen eine Verneigung vor dem gro\u00dfen Idol und ein Dank, denn der Sachse verdankt dem Gitarren-Heroen seinen zweiten Vornamen. Als der jugendliche Beatfan 1967 mit einer Amateurband auftrat und niemand seinen Namen wusste, feierten ihn seine Kumpel nach dem Gig als \u201eJoe\u201c. Sachse war dem afroamerikanischen Rockgitarristen kurz zuvor in einer Beatclub-Sendung von Radio Bremen hoffnungslos verfallen. An Virtuosit\u00e4t und Vielseitigkeit hat der 69-J\u00e4hrige sein &hellip;\" \/>\n<meta property=\"og:url\" content=\"https:\/\/www.jazzzeitung.de\/cms\/2018\/09\/gitarre-vom-klassenfeind-im-heulmodus-heiner-reinhardt-helmut-joe-sachse-eroeffnen-neue-konzertsaison-im-jazzclub-regensburg\/\" \/>\n<meta property=\"og:site_name\" content=\"JazzZeitung\" \/>\n<meta property=\"article:publisher\" content=\"https:\/\/www.facebook.com\/JazzZeitung\/\" \/>\n<meta property=\"article:published_time\" content=\"2018-09-28T13:37:18+00:00\" \/>\n<meta property=\"og:image\" content=\"https:\/\/i0.wp.com\/www.jazzzeitung.de\/cms\/wp-content\/uploads\/2018\/10\/Reinhardt-Sachse_32.jpg?fit=1940%2C1290&ssl=1\" \/>\n\t<meta property=\"og:image:width\" content=\"1940\" \/>\n\t<meta property=\"og:image:height\" content=\"1290\" \/>\n\t<meta property=\"og:image:type\" content=\"image\/jpeg\" \/>\n<meta name=\"author\" content=\"Redaktion JazzZeitung\" \/>\n<script type=\"application\/ld+json\" class=\"yoast-schema-graph\">{\"@context\":\"https:\\\/\\\/schema.org\",\"@graph\":[{\"@type\":\"Article\",\"@id\":\"https:\\\/\\\/www.jazzzeitung.de\\\/cms\\\/2018\\\/09\\\/gitarre-vom-klassenfeind-im-heulmodus-heiner-reinhardt-helmut-joe-sachse-eroeffnen-neue-konzertsaison-im-jazzclub-regensburg\\\/#article\",\"isPartOf\":{\"@id\":\"https:\\\/\\\/www.jazzzeitung.de\\\/cms\\\/2018\\\/09\\\/gitarre-vom-klassenfeind-im-heulmodus-heiner-reinhardt-helmut-joe-sachse-eroeffnen-neue-konzertsaison-im-jazzclub-regensburg\\\/\"},\"author\":{\"name\":\"Redaktion JazzZeitung\",\"@id\":\"https:\\\/\\\/www.jazzzeitung.de\\\/cms\\\/#\\\/schema\\\/person\\\/2245b36b9cd1d24cea10f01c031fb92b\"},\"headline\":\"Gitarre vom Klassenfeind im Heulmodus &#8211; Heiner Reinhardt &#038; Helmut &#8222;Joe&#8220; Sachse er\u00f6ffnen neue Konzertsaison im Jazzclub Regensburg\",\"datePublished\":\"2018-09-28T13:37:18+00:00\",\"mainEntityOfPage\":{\"@id\":\"https:\\\/\\\/www.jazzzeitung.de\\\/cms\\\/2018\\\/09\\\/gitarre-vom-klassenfeind-im-heulmodus-heiner-reinhardt-helmut-joe-sachse-eroeffnen-neue-konzertsaison-im-jazzclub-regensburg\\\/\"},\"wordCount\":546,\"commentCount\":0,\"publisher\":{\"@id\":\"https:\\\/\\\/www.jazzzeitung.de\\\/cms\\\/#organization\"},\"image\":{\"@id\":\"https:\\\/\\\/www.jazzzeitung.de\\\/cms\\\/2018\\\/09\\\/gitarre-vom-klassenfeind-im-heulmodus-heiner-reinhardt-helmut-joe-sachse-eroeffnen-neue-konzertsaison-im-jazzclub-regensburg\\\/#primaryimage\"},\"thumbnailUrl\":\"https:\\\/\\\/i0.wp.com\\\/www.jazzzeitung.de\\\/cms\\\/wp-content\\\/uploads\\\/2018\\\/10\\\/Reinhardt-Sachse_32.jpg?fit=1940%2C1290&ssl=1\",\"keywords\":[\"Bremen\",\"Jazzclub\",\"Jazzclub Regensburg\",\"Konzert\",\"Label\",\"Michael Scheiner\",\"Radio\",\"Regensburg\",\"reinhardt\",\"Sendung\"],\"articleSection\":[\"News\"],\"inLanguage\":\"de\",\"potentialAction\":[{\"@type\":\"CommentAction\",\"name\":\"Comment\",\"target\":[\"https:\\\/\\\/www.jazzzeitung.de\\\/cms\\\/2018\\\/09\\\/gitarre-vom-klassenfeind-im-heulmodus-heiner-reinhardt-helmut-joe-sachse-eroeffnen-neue-konzertsaison-im-jazzclub-regensburg\\\/#respond\"]}]},{\"@type\":\"WebPage\",\"@id\":\"https:\\\/\\\/www.jazzzeitung.de\\\/cms\\\/2018\\\/09\\\/gitarre-vom-klassenfeind-im-heulmodus-heiner-reinhardt-helmut-joe-sachse-eroeffnen-neue-konzertsaison-im-jazzclub-regensburg\\\/\",\"url\":\"https:\\\/\\\/www.jazzzeitung.de\\\/cms\\\/2018\\\/09\\\/gitarre-vom-klassenfeind-im-heulmodus-heiner-reinhardt-helmut-joe-sachse-eroeffnen-neue-konzertsaison-im-jazzclub-regensburg\\\/\",\"name\":\"Gitarre vom Klassenfeind im Heulmodus - Heiner Reinhardt & Helmut \\\"Joe\\\" Sachse er\u00f6ffnen neue Konzertsaison im Jazzclub Regensburg - JazzZeitung\",\"isPartOf\":{\"@id\":\"https:\\\/\\\/www.jazzzeitung.de\\\/cms\\\/#website\"},\"primaryImageOfPage\":{\"@id\":\"https:\\\/\\\/www.jazzzeitung.de\\\/cms\\\/2018\\\/09\\\/gitarre-vom-klassenfeind-im-heulmodus-heiner-reinhardt-helmut-joe-sachse-eroeffnen-neue-konzertsaison-im-jazzclub-regensburg\\\/#primaryimage\"},\"image\":{\"@id\":\"https:\\\/\\\/www.jazzzeitung.de\\\/cms\\\/2018\\\/09\\\/gitarre-vom-klassenfeind-im-heulmodus-heiner-reinhardt-helmut-joe-sachse-eroeffnen-neue-konzertsaison-im-jazzclub-regensburg\\\/#primaryimage\"},\"thumbnailUrl\":\"https:\\\/\\\/i0.wp.com\\\/www.jazzzeitung.de\\\/cms\\\/wp-content\\\/uploads\\\/2018\\\/10\\\/Reinhardt-Sachse_32.jpg?fit=1940%2C1290&ssl=1\",\"datePublished\":\"2018-09-28T13:37:18+00:00\",\"breadcrumb\":{\"@id\":\"https:\\\/\\\/www.jazzzeitung.de\\\/cms\\\/2018\\\/09\\\/gitarre-vom-klassenfeind-im-heulmodus-heiner-reinhardt-helmut-joe-sachse-eroeffnen-neue-konzertsaison-im-jazzclub-regensburg\\\/#breadcrumb\"},\"inLanguage\":\"de\",\"potentialAction\":[{\"@type\":\"ReadAction\",\"target\":[\"https:\\\/\\\/www.jazzzeitung.de\\\/cms\\\/2018\\\/09\\\/gitarre-vom-klassenfeind-im-heulmodus-heiner-reinhardt-helmut-joe-sachse-eroeffnen-neue-konzertsaison-im-jazzclub-regensburg\\\/\"]}]},{\"@type\":\"ImageObject\",\"inLanguage\":\"de\",\"@id\":\"https:\\\/\\\/www.jazzzeitung.de\\\/cms\\\/2018\\\/09\\\/gitarre-vom-klassenfeind-im-heulmodus-heiner-reinhardt-helmut-joe-sachse-eroeffnen-neue-konzertsaison-im-jazzclub-regensburg\\\/#primaryimage\",\"url\":\"https:\\\/\\\/i0.wp.com\\\/www.jazzzeitung.de\\\/cms\\\/wp-content\\\/uploads\\\/2018\\\/10\\\/Reinhardt-Sachse_32.jpg?fit=1940%2C1290&ssl=1\",\"contentUrl\":\"https:\\\/\\\/i0.wp.com\\\/www.jazzzeitung.de\\\/cms\\\/wp-content\\\/uploads\\\/2018\\\/10\\\/Reinhardt-Sachse_32.jpg?fit=1940%2C1290&ssl=1\",\"width\":1940,\"height\":1290,\"caption\":\"Heiner Reinhardt und Helmut \\\"Joe\\\" Sachse. Foto: Michael Scheiner\"},{\"@type\":\"BreadcrumbList\",\"@id\":\"https:\\\/\\\/www.jazzzeitung.de\\\/cms\\\/2018\\\/09\\\/gitarre-vom-klassenfeind-im-heulmodus-heiner-reinhardt-helmut-joe-sachse-eroeffnen-neue-konzertsaison-im-jazzclub-regensburg\\\/#breadcrumb\",\"itemListElement\":[{\"@type\":\"ListItem\",\"position\":1,\"name\":\"Startseite\",\"item\":\"https:\\\/\\\/www.jazzzeitung.de\\\/cms\\\/\"},{\"@type\":\"ListItem\",\"position\":2,\"name\":\"Gitarre vom Klassenfeind im Heulmodus &#8211; Heiner Reinhardt &#038; Helmut &#8222;Joe&#8220; Sachse er\u00f6ffnen neue Konzertsaison im Jazzclub Regensburg\"}]},{\"@type\":\"WebSite\",\"@id\":\"https:\\\/\\\/www.jazzzeitung.de\\\/cms\\\/#website\",\"url\":\"https:\\\/\\\/www.jazzzeitung.de\\\/cms\\\/\",\"name\":\"JazzZeitung\",\"description\":\"Jazz-News und Jazz-Kontroverses\",\"publisher\":{\"@id\":\"https:\\\/\\\/www.jazzzeitung.de\\\/cms\\\/#organization\"},\"potentialAction\":[{\"@type\":\"SearchAction\",\"target\":{\"@type\":\"EntryPoint\",\"urlTemplate\":\"https:\\\/\\\/www.jazzzeitung.de\\\/cms\\\/?s={search_term_string}\"},\"query-input\":{\"@type\":\"PropertyValueSpecification\",\"valueRequired\":true,\"valueName\":\"search_term_string\"}}],\"inLanguage\":\"de\"},{\"@type\":\"Organization\",\"@id\":\"https:\\\/\\\/www.jazzzeitung.de\\\/cms\\\/#organization\",\"name\":\"JazzZeitung online\",\"url\":\"https:\\\/\\\/www.jazzzeitung.de\\\/cms\\\/\",\"logo\":{\"@type\":\"ImageObject\",\"inLanguage\":\"de\",\"@id\":\"https:\\\/\\\/www.jazzzeitung.de\\\/cms\\\/#\\\/schema\\\/logo\\\/image\\\/\",\"url\":\"https:\\\/\\\/i0.wp.com\\\/www.jazzzeitung.de\\\/cms\\\/wp-content\\\/uploads\\\/2015\\\/08\\\/JAZZZEITUNGDE_Logo_Neu.png?fit=499%2C200&ssl=1\",\"contentUrl\":\"https:\\\/\\\/i0.wp.com\\\/www.jazzzeitung.de\\\/cms\\\/wp-content\\\/uploads\\\/2015\\\/08\\\/JAZZZEITUNGDE_Logo_Neu.png?fit=499%2C200&ssl=1\",\"width\":499,\"height\":200,\"caption\":\"JazzZeitung online\"},\"image\":{\"@id\":\"https:\\\/\\\/www.jazzzeitung.de\\\/cms\\\/#\\\/schema\\\/logo\\\/image\\\/\"},\"sameAs\":[\"https:\\\/\\\/www.facebook.com\\\/JazzZeitung\\\/\"]},{\"@type\":\"Person\",\"@id\":\"https:\\\/\\\/www.jazzzeitung.de\\\/cms\\\/#\\\/schema\\\/person\\\/2245b36b9cd1d24cea10f01c031fb92b\",\"name\":\"Redaktion JazzZeitung\",\"image\":{\"@type\":\"ImageObject\",\"inLanguage\":\"de\",\"@id\":\"https:\\\/\\\/i0.wp.com\\\/www.jazzzeitung.de\\\/cms\\\/wp-content\\\/uploads\\\/2015\\\/08\\\/JAZZZEITUNGDE_Logo_Neu.png?resize=96%2C96&ssl=159975dcacb611b5700bd619b5daf0a7a\",\"url\":\"https:\\\/\\\/i0.wp.com\\\/www.jazzzeitung.de\\\/cms\\\/wp-content\\\/uploads\\\/2015\\\/08\\\/JAZZZEITUNGDE_Logo_Neu.png?resize=96%2C96&ssl=1\",\"contentUrl\":\"https:\\\/\\\/i0.wp.com\\\/www.jazzzeitung.de\\\/cms\\\/wp-content\\\/uploads\\\/2015\\\/08\\\/JAZZZEITUNGDE_Logo_Neu.png?resize=96%2C96&ssl=1\",\"caption\":\"Redaktion JazzZeitung\"},\"description\":\"Artikel der Redaktion der JazzZeitung.\",\"sameAs\":[\"http:\\\/\\\/www.jazzzeitung.de\\\/cms\\\/\"],\"url\":\"https:\\\/\\\/www.jazzzeitung.de\\\/cms\\\/author\\\/redaktion\\\/\"}]}<\/script>\n<!-- \/ Yoast SEO plugin. -->","yoast_head_json":{"title":"Gitarre vom Klassenfeind im Heulmodus - Heiner Reinhardt & Helmut \"Joe\" Sachse er\u00f6ffnen neue Konzertsaison im Jazzclub Regensburg - JazzZeitung","robots":{"index":"index","follow":"follow","max-snippet":"max-snippet:-1","max-image-preview":"max-image-preview:large","max-video-preview":"max-video-preview:-1"},"canonical":"https:\/\/www.jazzzeitung.de\/cms\/2018\/09\/gitarre-vom-klassenfeind-im-heulmodus-heiner-reinhardt-helmut-joe-sachse-eroeffnen-neue-konzertsaison-im-jazzclub-regensburg\/","og_locale":"de_DE","og_type":"article","og_title":"Gitarre vom Klassenfeind im Heulmodus - Heiner Reinhardt & Helmut \"Joe\" Sachse er\u00f6ffnen neue Konzertsaison im Jazzclub Regensburg - JazzZeitung","og_description":"\u201eSchraubenzieher-Tango f\u00fcr Jaroslav Hasek\u201c betitelte der Gitarrist Helmut Joe Sachse eine Komposition auf seinem Soloalbum, das er 1988 noch auf dem staatseigenen Amiga-Label vorgelegt hat. Die musikalische Widmung an den Autoren des Soldaten Schwejk und das skurrile Hilfsmittel deuten bereits an, dass dem in Mittweida gro\u00df gewordenen Chemnitzer \u2013 damals noch Karl-Marx-Stadt \u2013 ebenso der anarchistische Schalk im Nacken hockt, wie dem braven Schwejk. So lie\u00df er Jazzclub-Managerin Ulrike Eilers nach einem furiosen Duokonzert mit dem Bassklarinettisten Heiner Reinhardt in der Garderobe l\u00e4chelnd auflaufen: \u201eGeld? Was, Honorar gibt es hier auch noch?\u201c Die beiden Musiker stellten das von Sachse erarbeitete und arrangierte Programm \u201eHey Joe\u201c mit Kompositionen von Jimi Hendrix zum Auftakt des Herbstprogramms im Leeren Beutel vor. Es ist gewisserma\u00dfen eine Verneigung vor dem gro\u00dfen Idol und ein Dank, denn der Sachse verdankt dem Gitarren-Heroen seinen zweiten Vornamen. Als der jugendliche Beatfan 1967 mit einer Amateurband auftrat und niemand seinen Namen wusste, feierten ihn seine Kumpel nach dem Gig als \u201eJoe\u201c. Sachse war dem afroamerikanischen Rockgitarristen kurz zuvor in einer Beatclub-Sendung von Radio Bremen hoffnungslos verfallen. An Virtuosit\u00e4t und Vielseitigkeit hat der 69-J\u00e4hrige sein &hellip;","og_url":"https:\/\/www.jazzzeitung.de\/cms\/2018\/09\/gitarre-vom-klassenfeind-im-heulmodus-heiner-reinhardt-helmut-joe-sachse-eroeffnen-neue-konzertsaison-im-jazzclub-regensburg\/","og_site_name":"JazzZeitung","article_publisher":"https:\/\/www.facebook.com\/JazzZeitung\/","article_published_time":"2018-09-28T13:37:18+00:00","og_image":[{"width":1940,"height":1290,"url":"https:\/\/i0.wp.com\/www.jazzzeitung.de\/cms\/wp-content\/uploads\/2018\/10\/Reinhardt-Sachse_32.jpg?fit=1940%2C1290&ssl=1","type":"image\/jpeg"}],"author":"Redaktion JazzZeitung","schema":{"@context":"https:\/\/schema.org","@graph":[{"@type":"Article","@id":"https:\/\/www.jazzzeitung.de\/cms\/2018\/09\/gitarre-vom-klassenfeind-im-heulmodus-heiner-reinhardt-helmut-joe-sachse-eroeffnen-neue-konzertsaison-im-jazzclub-regensburg\/#article","isPartOf":{"@id":"https:\/\/www.jazzzeitung.de\/cms\/2018\/09\/gitarre-vom-klassenfeind-im-heulmodus-heiner-reinhardt-helmut-joe-sachse-eroeffnen-neue-konzertsaison-im-jazzclub-regensburg\/"},"author":{"name":"Redaktion JazzZeitung","@id":"https:\/\/www.jazzzeitung.de\/cms\/#\/schema\/person\/2245b36b9cd1d24cea10f01c031fb92b"},"headline":"Gitarre vom Klassenfeind im Heulmodus &#8211; Heiner Reinhardt &#038; Helmut &#8222;Joe&#8220; Sachse er\u00f6ffnen neue Konzertsaison im Jazzclub Regensburg","datePublished":"2018-09-28T13:37:18+00:00","mainEntityOfPage":{"@id":"https:\/\/www.jazzzeitung.de\/cms\/2018\/09\/gitarre-vom-klassenfeind-im-heulmodus-heiner-reinhardt-helmut-joe-sachse-eroeffnen-neue-konzertsaison-im-jazzclub-regensburg\/"},"wordCount":546,"commentCount":0,"publisher":{"@id":"https:\/\/www.jazzzeitung.de\/cms\/#organization"},"image":{"@id":"https:\/\/www.jazzzeitung.de\/cms\/2018\/09\/gitarre-vom-klassenfeind-im-heulmodus-heiner-reinhardt-helmut-joe-sachse-eroeffnen-neue-konzertsaison-im-jazzclub-regensburg\/#primaryimage"},"thumbnailUrl":"https:\/\/i0.wp.com\/www.jazzzeitung.de\/cms\/wp-content\/uploads\/2018\/10\/Reinhardt-Sachse_32.jpg?fit=1940%2C1290&ssl=1","keywords":["Bremen","Jazzclub","Jazzclub Regensburg","Konzert","Label","Michael Scheiner","Radio","Regensburg","reinhardt","Sendung"],"articleSection":["News"],"inLanguage":"de","potentialAction":[{"@type":"CommentAction","name":"Comment","target":["https:\/\/www.jazzzeitung.de\/cms\/2018\/09\/gitarre-vom-klassenfeind-im-heulmodus-heiner-reinhardt-helmut-joe-sachse-eroeffnen-neue-konzertsaison-im-jazzclub-regensburg\/#respond"]}]},{"@type":"WebPage","@id":"https:\/\/www.jazzzeitung.de\/cms\/2018\/09\/gitarre-vom-klassenfeind-im-heulmodus-heiner-reinhardt-helmut-joe-sachse-eroeffnen-neue-konzertsaison-im-jazzclub-regensburg\/","url":"https:\/\/www.jazzzeitung.de\/cms\/2018\/09\/gitarre-vom-klassenfeind-im-heulmodus-heiner-reinhardt-helmut-joe-sachse-eroeffnen-neue-konzertsaison-im-jazzclub-regensburg\/","name":"Gitarre vom Klassenfeind im Heulmodus - Heiner Reinhardt & Helmut \"Joe\" Sachse er\u00f6ffnen neue Konzertsaison im Jazzclub Regensburg - JazzZeitung","isPartOf":{"@id":"https:\/\/www.jazzzeitung.de\/cms\/#website"},"primaryImageOfPage":{"@id":"https:\/\/www.jazzzeitung.de\/cms\/2018\/09\/gitarre-vom-klassenfeind-im-heulmodus-heiner-reinhardt-helmut-joe-sachse-eroeffnen-neue-konzertsaison-im-jazzclub-regensburg\/#primaryimage"},"image":{"@id":"https:\/\/www.jazzzeitung.de\/cms\/2018\/09\/gitarre-vom-klassenfeind-im-heulmodus-heiner-reinhardt-helmut-joe-sachse-eroeffnen-neue-konzertsaison-im-jazzclub-regensburg\/#primaryimage"},"thumbnailUrl":"https:\/\/i0.wp.com\/www.jazzzeitung.de\/cms\/wp-content\/uploads\/2018\/10\/Reinhardt-Sachse_32.jpg?fit=1940%2C1290&ssl=1","datePublished":"2018-09-28T13:37:18+00:00","breadcrumb":{"@id":"https:\/\/www.jazzzeitung.de\/cms\/2018\/09\/gitarre-vom-klassenfeind-im-heulmodus-heiner-reinhardt-helmut-joe-sachse-eroeffnen-neue-konzertsaison-im-jazzclub-regensburg\/#breadcrumb"},"inLanguage":"de","potentialAction":[{"@type":"ReadAction","target":["https:\/\/www.jazzzeitung.de\/cms\/2018\/09\/gitarre-vom-klassenfeind-im-heulmodus-heiner-reinhardt-helmut-joe-sachse-eroeffnen-neue-konzertsaison-im-jazzclub-regensburg\/"]}]},{"@type":"ImageObject","inLanguage":"de","@id":"https:\/\/www.jazzzeitung.de\/cms\/2018\/09\/gitarre-vom-klassenfeind-im-heulmodus-heiner-reinhardt-helmut-joe-sachse-eroeffnen-neue-konzertsaison-im-jazzclub-regensburg\/#primaryimage","url":"https:\/\/i0.wp.com\/www.jazzzeitung.de\/cms\/wp-content\/uploads\/2018\/10\/Reinhardt-Sachse_32.jpg?fit=1940%2C1290&ssl=1","contentUrl":"https:\/\/i0.wp.com\/www.jazzzeitung.de\/cms\/wp-content\/uploads\/2018\/10\/Reinhardt-Sachse_32.jpg?fit=1940%2C1290&ssl=1","width":1940,"height":1290,"caption":"Heiner Reinhardt und Helmut \"Joe\" Sachse. Foto: Michael Scheiner"},{"@type":"BreadcrumbList","@id":"https:\/\/www.jazzzeitung.de\/cms\/2018\/09\/gitarre-vom-klassenfeind-im-heulmodus-heiner-reinhardt-helmut-joe-sachse-eroeffnen-neue-konzertsaison-im-jazzclub-regensburg\/#breadcrumb","itemListElement":[{"@type":"ListItem","position":1,"name":"Startseite","item":"https:\/\/www.jazzzeitung.de\/cms\/"},{"@type":"ListItem","position":2,"name":"Gitarre vom Klassenfeind im Heulmodus &#8211; Heiner Reinhardt &#038; Helmut &#8222;Joe&#8220; Sachse er\u00f6ffnen neue Konzertsaison im Jazzclub Regensburg"}]},{"@type":"WebSite","@id":"https:\/\/www.jazzzeitung.de\/cms\/#website","url":"https:\/\/www.jazzzeitung.de\/cms\/","name":"JazzZeitung","description":"Jazz-News und Jazz-Kontroverses","publisher":{"@id":"https:\/\/www.jazzzeitung.de\/cms\/#organization"},"potentialAction":[{"@type":"SearchAction","target":{"@type":"EntryPoint","urlTemplate":"https:\/\/www.jazzzeitung.de\/cms\/?s={search_term_string}"},"query-input":{"@type":"PropertyValueSpecification","valueRequired":true,"valueName":"search_term_string"}}],"inLanguage":"de"},{"@type":"Organization","@id":"https:\/\/www.jazzzeitung.de\/cms\/#organization","name":"JazzZeitung online","url":"https:\/\/www.jazzzeitung.de\/cms\/","logo":{"@type":"ImageObject","inLanguage":"de","@id":"https:\/\/www.jazzzeitung.de\/cms\/#\/schema\/logo\/image\/","url":"https:\/\/i0.wp.com\/www.jazzzeitung.de\/cms\/wp-content\/uploads\/2015\/08\/JAZZZEITUNGDE_Logo_Neu.png?fit=499%2C200&ssl=1","contentUrl":"https:\/\/i0.wp.com\/www.jazzzeitung.de\/cms\/wp-content\/uploads\/2015\/08\/JAZZZEITUNGDE_Logo_Neu.png?fit=499%2C200&ssl=1","width":499,"height":200,"caption":"JazzZeitung online"},"image":{"@id":"https:\/\/www.jazzzeitung.de\/cms\/#\/schema\/logo\/image\/"},"sameAs":["https:\/\/www.facebook.com\/JazzZeitung\/"]},{"@type":"Person","@id":"https:\/\/www.jazzzeitung.de\/cms\/#\/schema\/person\/2245b36b9cd1d24cea10f01c031fb92b","name":"Redaktion JazzZeitung","image":{"@type":"ImageObject","inLanguage":"de","@id":"https:\/\/i0.wp.com\/www.jazzzeitung.de\/cms\/wp-content\/uploads\/2015\/08\/JAZZZEITUNGDE_Logo_Neu.png?resize=96%2C96&ssl=159975dcacb611b5700bd619b5daf0a7a","url":"https:\/\/i0.wp.com\/www.jazzzeitung.de\/cms\/wp-content\/uploads\/2015\/08\/JAZZZEITUNGDE_Logo_Neu.png?resize=96%2C96&ssl=1","contentUrl":"https:\/\/i0.wp.com\/www.jazzzeitung.de\/cms\/wp-content\/uploads\/2015\/08\/JAZZZEITUNGDE_Logo_Neu.png?resize=96%2C96&ssl=1","caption":"Redaktion JazzZeitung"},"description":"Artikel der Redaktion der JazzZeitung.","sameAs":["http:\/\/www.jazzzeitung.de\/cms\/"],"url":"https:\/\/www.jazzzeitung.de\/cms\/author\/redaktion\/"}]}},"wp-worthy-pixel":{"ignored":false,"public":null,"server":null,"url":null},"wp-worthy-type":"normal","jetpack_publicize_connections":[],"cc_featured_image_caption":{"caption_text":"","source_text":"","source_url":""},"jetpack_featured_media_url":"https:\/\/i0.wp.com\/www.jazzzeitung.de\/cms\/wp-content\/uploads\/2018\/10\/Reinhardt-Sachse_32.jpg?fit=1940%2C1290&ssl=1","jetpack_shortlink":"https:\/\/wp.me\/p3KEcT-4vh","jetpack-related-posts":[{"id":23317,"url":"https:\/\/www.jazzzeitung.de\/cms\/2020\/09\/newseroeffnung-des-jazzclub-erfurt44-leipziger-jazztage\/","url_meta":{"origin":17315,"position":0},"title":"+++News:+++Er\u00f6ffnung des Jazzclub Erfurt+++44. Leipziger Jazztage+++","author":"Redaktion JazzZeitung","date":"3. September 2020","format":false,"excerpt":"Er\u00f6ffnungswochenende des Jazzclub Erfurt Der Jazzclub Erfurt musste nach fast 39-j\u00e4hriger Geschichte Ende des Jahres 2019 seine R\u00e4umlichkeiten unter dem Gildehaus am Fischmarkt aufgeben. Der seit 1998 verwendete Jazzkeller wurde durch die Handwerkskammer Th\u00fcringen gek\u00fcndigt. Mit Hilfe der Stadt Erfurt wurde nun eine neue Spielst\u00e4tte in den R\u00e4umen des Th\u00fcringer\u2026","rel":"","context":"In &quot;Galerie&quot;","block_context":{"text":"Galerie","link":"https:\/\/www.jazzzeitung.de\/cms\/thema\/galerie\/"},"img":{"alt_text":"","src":"https:\/\/i0.wp.com\/www.jazzzeitung.de\/cms\/wp-content\/uploads\/2020\/09\/Sachse-Reinhardt_22-e1599126813279.jpg?fit=782%2C656&ssl=1&resize=350%2C200","width":350,"height":200,"srcset":"https:\/\/i0.wp.com\/www.jazzzeitung.de\/cms\/wp-content\/uploads\/2020\/09\/Sachse-Reinhardt_22-e1599126813279.jpg?fit=782%2C656&ssl=1&resize=350%2C200 1x, https:\/\/i0.wp.com\/www.jazzzeitung.de\/cms\/wp-content\/uploads\/2020\/09\/Sachse-Reinhardt_22-e1599126813279.jpg?fit=782%2C656&ssl=1&resize=525%2C300 1.5x, https:\/\/i0.wp.com\/www.jazzzeitung.de\/cms\/wp-content\/uploads\/2020\/09\/Sachse-Reinhardt_22-e1599126813279.jpg?fit=782%2C656&ssl=1&resize=700%2C400 2x"},"classes":[]},{"id":3016,"url":"https:\/\/www.jazzzeitung.de\/cms\/2013\/11\/jazzclub-des-monats-november-der-jazzclub-regensburg\/","url_meta":{"origin":17315,"position":1},"title":"Jazzclub des Monats November: Der Jazzclub Regensburg","author":"Redaktion JazzZeitung","date":"14. November 2013","format":false,"excerpt":"Der Jazzclub Regensburg wurde vom Staatsminister f\u00fcr Kultur und Medien mit dem Spielst\u00e4ttenprogrammpreis 2013 ausgezeichnet. Aus 320 Einsendungen w\u00e4hlte eine Fachjury 55 Preistr\u00e4ger in drei Kategorien aus. Damit z\u00e4hlt der Jazzclub Regensburg zu insgesamt noch 12 ausgezeichneten Clubs aus Bayern. Unsere Mitarbeiterin Caro Kirsch hat sich den Club n\u00e4her angeschaut.\u2026","rel":"","context":"In &quot;Jazzclub des Monats&quot;","block_context":{"text":"Jazzclub des Monats","link":"https:\/\/www.jazzzeitung.de\/cms\/thema\/clubs\/jazzclub-des-monats\/"},"img":{"alt_text":"Winnie Freisleben nimmt den Spielst\u00e4ttenprogrammpreis aus den H\u00e4nden von Bernd Neumann entgegen","src":"https:\/\/i0.wp.com\/www.jazzzeitung.de\/cms\/wp-content\/uploads\/2013\/11\/61InitiativeMusikgGmbH2013_y-kaufmann-150x150.jpg?resize=350%2C200","width":350,"height":200},"classes":[]},{"id":8537,"url":"https:\/\/www.jazzzeitung.de\/cms\/2016\/02\/malia-gastiert-im-jazzclub-regensburg\/","url_meta":{"origin":17315,"position":2},"title":"Ganz in Gold \u2013 Malia gastiert im Jazzclub Regensburg","author":"Redaktion JazzZeitung","date":"27. Februar 2016","format":false,"excerpt":"Malia im Jazzclub Regensburg \u2013 das hie\u00df ein ausverkaufter Saal mit vielen Fans und Bewunderern. Die Luft knisterte - auff\u00e4llig, dass die Stimmung nie wirklich hochkochte. St\u00e4rker als in fr\u00fcheren, wilden Zeiten, als sie, nur mit Purple Shoes bekleidet, singend durch die Stra\u00dfen Londons ging, kehrte die\u00a0 glamour\u00f6se S\u00e4ngerin aus\u2026","rel":"","context":"In &quot;Bericht&quot;","block_context":{"text":"Bericht","link":"https:\/\/www.jazzzeitung.de\/cms\/thema\/bericht\/"},"img":{"alt_text":"","src":"https:\/\/i0.wp.com\/www.jazzzeitung.de\/cms\/wp-content\/uploads\/2016\/02\/Jazz-Club_Malia_Foto-van-Loon_9.jpg?fit=800%2C1200&ssl=1&resize=350%2C200","width":350,"height":200,"srcset":"https:\/\/i0.wp.com\/www.jazzzeitung.de\/cms\/wp-content\/uploads\/2016\/02\/Jazz-Club_Malia_Foto-van-Loon_9.jpg?fit=800%2C1200&ssl=1&resize=350%2C200 1x, https:\/\/i0.wp.com\/www.jazzzeitung.de\/cms\/wp-content\/uploads\/2016\/02\/Jazz-Club_Malia_Foto-van-Loon_9.jpg?fit=800%2C1200&ssl=1&resize=525%2C300 1.5x, https:\/\/i0.wp.com\/www.jazzzeitung.de\/cms\/wp-content\/uploads\/2016\/02\/Jazz-Club_Malia_Foto-van-Loon_9.jpg?fit=800%2C1200&ssl=1&resize=700%2C400 2x"},"classes":[]},{"id":9278,"url":"https:\/\/www.jazzzeitung.de\/cms\/2016\/05\/erstklassige-vertreter-der-bayerischen-jazzszene-treffen-auf-stars-des-amerikanischen-jazz-neuer-akzent-der-jazzfoerderung\/","url_meta":{"origin":17315,"position":3},"title":"Neuer Akzent in der Jazzf\u00f6rderung &#8211; Das Landesjazzfestival Bayern","author":"Redaktion JazzZeitung","date":"13. Mai 2016","format":"gallery","excerpt":"Vielversprechender Start f\u00fcr Landesjazzfestival Bayern Erstklassige Vertreter der bayerischen Jazzszene treffen auf Stars des amerikanischen Jazz - neuer Akzent in der Jazzf\u00f6rderung Mit dem 1. Bayerischen Landesjazzfestival bekommt die kreative und vielf\u00e4ltige Jazzszene Bayerns im Herbst dieses Jahres erstmals eine eigene Plattform. Neben dem Bayerischen Jazzweekend, das seit 1981 der\u2026","rel":"","context":"In &quot;Galerie&quot;","block_context":{"text":"Galerie","link":"https:\/\/www.jazzzeitung.de\/cms\/thema\/galerie\/"},"img":{"alt_text":"","src":"https:\/\/i0.wp.com\/www.jazzzeitung.de\/cms\/wp-content\/uploads\/2016\/05\/JohnScofieldOrganicTrio_031.jpg?resize=350%2C200","width":350,"height":200,"srcset":"https:\/\/i0.wp.com\/www.jazzzeitung.de\/cms\/wp-content\/uploads\/2016\/05\/JohnScofieldOrganicTrio_031.jpg?resize=350%2C200 1x, https:\/\/i0.wp.com\/www.jazzzeitung.de\/cms\/wp-content\/uploads\/2016\/05\/JohnScofieldOrganicTrio_031.jpg?resize=525%2C300 1.5x, https:\/\/i0.wp.com\/www.jazzzeitung.de\/cms\/wp-content\/uploads\/2016\/05\/JohnScofieldOrganicTrio_031.jpg?resize=700%2C400 2x, https:\/\/i0.wp.com\/www.jazzzeitung.de\/cms\/wp-content\/uploads\/2016\/05\/JohnScofieldOrganicTrio_031.jpg?resize=1050%2C600 3x, https:\/\/i0.wp.com\/www.jazzzeitung.de\/cms\/wp-content\/uploads\/2016\/05\/JohnScofieldOrganicTrio_031.jpg?resize=1400%2C800 4x"},"classes":[]},{"id":4042,"url":"https:\/\/www.jazzzeitung.de\/cms\/2014\/06\/fulminanter-auftritt-des-sun-ra-arkestra-beim-jazzclub-regensburg\/","url_meta":{"origin":17315,"position":4},"title":"Fulminanter Auftritt des Sun Ra Arkestra beim Jazzclub Regensburg","author":"Andreas Kolb","date":"13. Juni 2014","format":false,"excerpt":"Das legend\u00e4re Sun Ra Arkestra gastierte 2014 im Rahmen einer weltweiten Jubilee-Tour anl\u00e4sslich des 100. Geburtstags seines Gr\u00fcnders Sun Ra neben Wien, Salzburg, Amsterdam, und Paris auch in Regensburg. Das Orchester begl\u00fcckte mit einem fulminanten Auftritt beim Jazzclub im Leeren Beutel alle Zuh\u00f6rer und brachte viele zum Tanzen. Michael Scheiner\u2026","rel":"","context":"In &quot;News&quot;","block_context":{"text":"News","link":"https:\/\/www.jazzzeitung.de\/cms\/thema\/nachrichten\/"},"img":{"alt_text":"Foto: Michael Scheiner","src":"https:\/\/i0.wp.com\/www.jazzzeitung.de\/cms\/wp-content\/uploads\/2014\/06\/Allen-Marshall_23.jpg?resize=350%2C200","width":350,"height":200,"srcset":"https:\/\/i0.wp.com\/www.jazzzeitung.de\/cms\/wp-content\/uploads\/2014\/06\/Allen-Marshall_23.jpg?resize=350%2C200 1x, https:\/\/i0.wp.com\/www.jazzzeitung.de\/cms\/wp-content\/uploads\/2014\/06\/Allen-Marshall_23.jpg?resize=525%2C300 1.5x, https:\/\/i0.wp.com\/www.jazzzeitung.de\/cms\/wp-content\/uploads\/2014\/06\/Allen-Marshall_23.jpg?resize=700%2C400 2x, https:\/\/i0.wp.com\/www.jazzzeitung.de\/cms\/wp-content\/uploads\/2014\/06\/Allen-Marshall_23.jpg?resize=1050%2C600 3x, https:\/\/i0.wp.com\/www.jazzzeitung.de\/cms\/wp-content\/uploads\/2014\/06\/Allen-Marshall_23.jpg?resize=1400%2C800 4x"},"classes":[]},{"id":13670,"url":"https:\/\/www.jazzzeitung.de\/cms\/2017\/10\/save-the-date-der-jazzclub-regensburg-wird-30\/","url_meta":{"origin":17315,"position":5},"title":"Save the date: der Jazzclub Regensburg wird 30","author":"Redaktion JazzZeitung","date":"5. Oktober 2017","format":false,"excerpt":"Seit 30 Jahren steht der Jazzclub Regensburg f\u00fcr ein genauso hochkar\u00e4tiges, wie abwechslungsreiches Live-Programm. In diesem Herbst wird die bayerische Musikinstitution 30 Jahre alt \u2013 gefeiert wird im November. Seit 1987 hat der Jazz in Regensburg ein Zuhause \u2013im Jazzclub Regensburg, angesiedelt im historischen Gem\u00e4uer des Kulturzentrums \u201eLeerer Beutel\u201c (Bertoldstra\u00dfe\u2026","rel":"","context":"In &quot;News&quot;","block_context":{"text":"News","link":"https:\/\/www.jazzzeitung.de\/cms\/thema\/nachrichten\/"},"img":{"alt_text":"","src":"https:\/\/i0.wp.com\/www.jazzzeitung.de\/cms\/wp-content\/uploads\/2017\/10\/Pablo-Held-Trio-Wald-73423.jpg?fit=1200%2C800&ssl=1&resize=350%2C200","width":350,"height":200,"srcset":"https:\/\/i0.wp.com\/www.jazzzeitung.de\/cms\/wp-content\/uploads\/2017\/10\/Pablo-Held-Trio-Wald-73423.jpg?fit=1200%2C800&ssl=1&resize=350%2C200 1x, https:\/\/i0.wp.com\/www.jazzzeitung.de\/cms\/wp-content\/uploads\/2017\/10\/Pablo-Held-Trio-Wald-73423.jpg?fit=1200%2C800&ssl=1&resize=525%2C300 1.5x, https:\/\/i0.wp.com\/www.jazzzeitung.de\/cms\/wp-content\/uploads\/2017\/10\/Pablo-Held-Trio-Wald-73423.jpg?fit=1200%2C800&ssl=1&resize=700%2C400 2x, https:\/\/i0.wp.com\/www.jazzzeitung.de\/cms\/wp-content\/uploads\/2017\/10\/Pablo-Held-Trio-Wald-73423.jpg?fit=1200%2C800&ssl=1&resize=1050%2C600 3x"},"classes":[]}],"jetpack_sharing_enabled":true,"_links":{"self":[{"href":"https:\/\/www.jazzzeitung.de\/cms\/wp-json\/wp\/v2\/posts\/17315","targetHints":{"allow":["GET"]}}],"collection":[{"href":"https:\/\/www.jazzzeitung.de\/cms\/wp-json\/wp\/v2\/posts"}],"about":[{"href":"https:\/\/www.jazzzeitung.de\/cms\/wp-json\/wp\/v2\/types\/post"}],"author":[{"embeddable":true,"href":"https:\/\/www.jazzzeitung.de\/cms\/wp-json\/wp\/v2\/users\/18"}],"replies":[{"embeddable":true,"href":"https:\/\/www.jazzzeitung.de\/cms\/wp-json\/wp\/v2\/comments?post=17315"}],"version-history":[{"count":7,"href":"https:\/\/www.jazzzeitung.de\/cms\/wp-json\/wp\/v2\/posts\/17315\/revisions"}],"predecessor-version":[{"id":17335,"href":"https:\/\/www.jazzzeitung.de\/cms\/wp-json\/wp\/v2\/posts\/17315\/revisions\/17335"}],"wp:featuredmedia":[{"embeddable":true,"href":"https:\/\/www.jazzzeitung.de\/cms\/wp-json\/wp\/v2\/media\/17343"}],"wp:attachment":[{"href":"https:\/\/www.jazzzeitung.de\/cms\/wp-json\/wp\/v2\/media?parent=17315"}],"wp:term":[{"taxonomy":"category","embeddable":true,"href":"https:\/\/www.jazzzeitung.de\/cms\/wp-json\/wp\/v2\/categories?post=17315"},{"taxonomy":"post_tag","embeddable":true,"href":"https:\/\/www.jazzzeitung.de\/cms\/wp-json\/wp\/v2\/tags?post=17315"},{"taxonomy":"author","embeddable":true,"href":"https:\/\/www.jazzzeitung.de\/cms\/wp-json\/wp\/v2\/coauthors?post=17315"}],"curies":[{"name":"wp","href":"https:\/\/api.w.org\/{rel}","templated":true}]}}