{"id":17135,"date":"2018-09-06T15:50:04","date_gmt":"2018-09-06T13:50:04","guid":{"rendered":"https:\/\/www.jazzzeitung.de\/cms\/?p=17135"},"modified":"2018-09-04T12:33:05","modified_gmt":"2018-09-04T10:33:05","slug":"news-will-jacobs-blues-band-spielen-auf-der-piano-buehne-kleinhenz","status":"publish","type":"post","link":"https:\/\/www.jazzzeitung.de\/cms\/2018\/09\/news-will-jacobs-blues-band-spielen-auf-der-piano-buehne-kleinhenz\/","title":{"rendered":"+++ News +++ Will Jacobs &#038; Blues-Band spielen auf der Piano-B\u00fchne Kleinhenz +++ 12. Deidesheimer Jazz-Wanderung +++ SWR Big Band mit Joo Kraus bei den Ehinger Jazztagen +++"},"content":{"rendered":"<p><strong>+++ Will Jacobs &amp; Blues-Band spielen aufder Piano-B\u00fchne Kleinhenz +++<\/strong><\/p>\n<figure id=\"attachment_17137\" aria-describedby=\"caption-attachment-17137\" style=\"width: 300px\" class=\"wp-caption alignleft\"><a href=\"https:\/\/i0.wp.com\/www.jazzzeitung.de\/cms\/wp-content\/uploads\/2018\/09\/36755002-1310726789059841-4253428575631310848-o.jpg?ssl=1\"><img data-recalc-dims=\"1\" loading=\"lazy\" decoding=\"async\" data-attachment-id=\"17137\" data-permalink=\"https:\/\/www.jazzzeitung.de\/cms\/2018\/09\/news-will-jacobs-blues-band-spielen-auf-der-piano-buehne-kleinhenz\/36755002-1310726789059841-4253428575631310848-o\/\" data-orig-file=\"https:\/\/i0.wp.com\/www.jazzzeitung.de\/cms\/wp-content\/uploads\/2018\/09\/36755002-1310726789059841-4253428575631310848-o.jpg?fit=1024%2C683&amp;ssl=1\" data-orig-size=\"1024,683\" data-comments-opened=\"1\" data-image-meta=\"{&quot;aperture&quot;:&quot;0&quot;,&quot;credit&quot;:&quot;&quot;,&quot;camera&quot;:&quot;&quot;,&quot;caption&quot;:&quot;&quot;,&quot;created_timestamp&quot;:&quot;0&quot;,&quot;copyright&quot;:&quot;&quot;,&quot;focal_length&quot;:&quot;0&quot;,&quot;iso&quot;:&quot;0&quot;,&quot;shutter_speed&quot;:&quot;0&quot;,&quot;title&quot;:&quot;&quot;,&quot;orientation&quot;:&quot;0&quot;}\" data-image-title=\"36755002-1310726789059841-4253428575631310848-o\" data-image-description=\"\" data-image-caption=\"&lt;p&gt;Will Jacobs. Pressefoto&lt;\/p&gt;\n\" data-large-file=\"https:\/\/i0.wp.com\/www.jazzzeitung.de\/cms\/wp-content\/uploads\/2018\/09\/36755002-1310726789059841-4253428575631310848-o.jpg?fit=840%2C560&amp;ssl=1\" class=\"wp-image-17137 size-medium\" src=\"https:\/\/i0.wp.com\/www.jazzzeitung.de\/cms\/wp-content\/uploads\/2018\/09\/36755002-1310726789059841-4253428575631310848-o.jpg?resize=300%2C200&#038;ssl=1\" alt=\"\" width=\"300\" height=\"200\" srcset=\"https:\/\/i0.wp.com\/www.jazzzeitung.de\/cms\/wp-content\/uploads\/2018\/09\/36755002-1310726789059841-4253428575631310848-o.jpg?resize=300%2C200&amp;ssl=1 300w, https:\/\/i0.wp.com\/www.jazzzeitung.de\/cms\/wp-content\/uploads\/2018\/09\/36755002-1310726789059841-4253428575631310848-o.jpg?resize=768%2C512&amp;ssl=1 768w, https:\/\/i0.wp.com\/www.jazzzeitung.de\/cms\/wp-content\/uploads\/2018\/09\/36755002-1310726789059841-4253428575631310848-o.jpg?resize=900%2C600&amp;ssl=1 900w, https:\/\/i0.wp.com\/www.jazzzeitung.de\/cms\/wp-content\/uploads\/2018\/09\/36755002-1310726789059841-4253428575631310848-o.jpg?resize=600%2C400&amp;ssl=1 600w, https:\/\/i0.wp.com\/www.jazzzeitung.de\/cms\/wp-content\/uploads\/2018\/09\/36755002-1310726789059841-4253428575631310848-o.jpg?resize=120%2C80&amp;ssl=1 120w, https:\/\/i0.wp.com\/www.jazzzeitung.de\/cms\/wp-content\/uploads\/2018\/09\/36755002-1310726789059841-4253428575631310848-o.jpg?w=1024&amp;ssl=1 1024w\" sizes=\"auto, (max-width: 300px) 100vw, 300px\" \/><\/a><figcaption id=\"caption-attachment-17137\" class=\"wp-caption-text\">Will Jacobs. Pressefoto<\/figcaption><\/figure>\n<p>Immer wieder l\u00e4dt das Piano-Center Kleinhenz in Bad Kissingen\/Oberthulba zu Jazz-Konzerten auf der eigenen Piano-B\u00fchne ein. So spielten im aktuellen Jahr bereits unter anderen Adriano Prestel, Garry Wiggins und Will Jacobs inmitten des Fl\u00fcgelsortiments. Letzterer will es am 19. Oktober 2018 nun noch einmal wissen &#8211; der gefeierte Blues-S\u00e4nger und -Gitarrist, der schon mit zw\u00f6lf Jahren in den Chicagoer Jazzclubs auftrat, performte mit seiner ersten Band &#8222;Dirty Deal&#8220; beim Internationalen Blues-Showcase in Memphis\/Tennessee und gewann wenig sp\u00e4ter auch die Chacago Blues Challenge. Nach seinem Musikstudium in Boston machte sich der 26-J\u00e4hrige bald auch mit Auftritten in Europa einen Namen.<\/p>\n<p>F\u00fcr seine Performance in der unterfr\u00e4nkischen Kreisstadt kollaborieren Jacobs &amp; Blues-Band im Rahmen seines Programms &#8222;Every day we have the Blues!&#8220; mit Saxophonist Gary Wiggins und George Green, dem ehemaligen Drummer von Ray Charles. Nach dem Gig ist au\u00dferdem eine Piano-Jam mit Daniel Schulz und weiteren G\u00e4sten geplant.<\/p>\n<p><a href=\"http:\/\/www.pianobuehne.de\">www.pianobuehne.de<\/a><\/p>\n<p><strong>+++ 12. Deidesheimer Jazz-Wanderung +++<\/strong><\/p>\n<figure id=\"attachment_17165\" aria-describedby=\"caption-attachment-17165\" style=\"width: 300px\" class=\"wp-caption alignright\"><a href=\"https:\/\/i0.wp.com\/www.jazzzeitung.de\/cms\/wp-content\/uploads\/2018\/09\/GuG2017-2-1.jpg?ssl=1\"><img data-recalc-dims=\"1\" loading=\"lazy\" decoding=\"async\" data-attachment-id=\"17165\" data-permalink=\"https:\/\/www.jazzzeitung.de\/cms\/2018\/09\/news-will-jacobs-blues-band-spielen-auf-der-piano-buehne-kleinhenz\/gug2017-2-1\/\" data-orig-file=\"https:\/\/i0.wp.com\/www.jazzzeitung.de\/cms\/wp-content\/uploads\/2018\/09\/GuG2017-2-1.jpg?fit=1920%2C1083&amp;ssl=1\" data-orig-size=\"1920,1083\" data-comments-opened=\"1\" data-image-meta=\"{&quot;aperture&quot;:&quot;0&quot;,&quot;credit&quot;:&quot;&quot;,&quot;camera&quot;:&quot;&quot;,&quot;caption&quot;:&quot;&quot;,&quot;created_timestamp&quot;:&quot;0&quot;,&quot;copyright&quot;:&quot;&quot;,&quot;focal_length&quot;:&quot;0&quot;,&quot;iso&quot;:&quot;0&quot;,&quot;shutter_speed&quot;:&quot;0&quot;,&quot;title&quot;:&quot;&quot;,&quot;orientation&quot;:&quot;0&quot;}\" data-image-title=\"GuG2017-2-1\" data-image-description=\"\" data-image-caption=\"\" data-large-file=\"https:\/\/i0.wp.com\/www.jazzzeitung.de\/cms\/wp-content\/uploads\/2018\/09\/GuG2017-2-1.jpg?fit=840%2C474&amp;ssl=1\" class=\"wp-image-17165 size-medium\" src=\"https:\/\/i0.wp.com\/www.jazzzeitung.de\/cms\/wp-content\/uploads\/2018\/09\/GuG2017-2-1.jpg?resize=300%2C169&#038;ssl=1\" alt=\"\" width=\"300\" height=\"169\" srcset=\"https:\/\/i0.wp.com\/www.jazzzeitung.de\/cms\/wp-content\/uploads\/2018\/09\/GuG2017-2-1.jpg?resize=300%2C169&amp;ssl=1 300w, https:\/\/i0.wp.com\/www.jazzzeitung.de\/cms\/wp-content\/uploads\/2018\/09\/GuG2017-2-1.jpg?resize=768%2C433&amp;ssl=1 768w, https:\/\/i0.wp.com\/www.jazzzeitung.de\/cms\/wp-content\/uploads\/2018\/09\/GuG2017-2-1.jpg?resize=900%2C508&amp;ssl=1 900w, https:\/\/i0.wp.com\/www.jazzzeitung.de\/cms\/wp-content\/uploads\/2018\/09\/GuG2017-2-1.jpg?resize=600%2C338&amp;ssl=1 600w, https:\/\/i0.wp.com\/www.jazzzeitung.de\/cms\/wp-content\/uploads\/2018\/09\/GuG2017-2-1.jpg?w=1920&amp;ssl=1 1920w, https:\/\/i0.wp.com\/www.jazzzeitung.de\/cms\/wp-content\/uploads\/2018\/09\/GuG2017-2-1.jpg?w=1680&amp;ssl=1 1680w\" sizes=\"auto, (max-width: 300px) 100vw, 300px\" \/><\/a><figcaption id=\"caption-attachment-17165\" class=\"wp-caption-text\">Gustav und Gerline. Pressefoto<\/figcaption><\/figure>\n<p>Unter dem Motto &#8222;Hab Musik im Ohr und Sonne im Glas&#8220; bietet die 12. Deidesheimer Jazz-Wanderung am 3. Oktober 2018 ein Musikfest der etwas anderen Art: Entlang eines neun bis zw\u00f6lf Kilometer langen Wanderweges durch die Deidesheimer und Ruppertsberger Weinlagen spielen f\u00fcnf Ensembles an vier Jazzpoints auf; zudem steht f\u00fcr die Schlussstation um 18 Uhr eine Jam-Session auf dem Programm. So pr\u00e4sentieren &#8222;Gustav und Gerlinde&#8220; (Tuba &amp; Melodica\/Gesang) jazzige Evergreens und aktuelle Songs, w\u00e4hrend die Heidelberger Jazzband &#8222;So What&#8220; mit der S\u00e4ngerin &#8222;Bo Schmich&#8220; beliebte Standards vortr\u00e4gt. Mit von der Partie sind au\u00dferdem das kultige &#8222;Huub Dutch Duo&#8220; sowie &#8222;Die Jazzpolizei&#8220; aus Berlin, die sich dem humoristischen Hot-Swing-Jazz verschrieben haben. Schlie\u00dflich motiviert Trompeter &#8222;Skotty&#8220; die Wanderer auf der gesamten Strecke mit bekannten Evergreens zum Mitsingen.<\/p>\n<p><a href=\"http:\/\/www.deidesheimer-jazzwanderung.de\/\">www.deidesheimer-jazzwanderung.de<\/a><\/p>\n<p><strong>+++ SWR Big Band mit Joo Kraus bei den Ehinger Jazztagen +++<\/strong><\/p>\n<figure id=\"attachment_17167\" aria-describedby=\"caption-attachment-17167\" style=\"width: 300px\" class=\"wp-caption alignleft\"><a href=\"https:\/\/i0.wp.com\/www.jazzzeitung.de\/cms\/wp-content\/uploads\/2018\/09\/Joo-Kraus.jpg?ssl=1\"><img data-recalc-dims=\"1\" loading=\"lazy\" decoding=\"async\" data-attachment-id=\"17167\" data-permalink=\"https:\/\/www.jazzzeitung.de\/cms\/2018\/09\/news-will-jacobs-blues-band-spielen-auf-der-piano-buehne-kleinhenz\/joo-kraus\/\" data-orig-file=\"https:\/\/i0.wp.com\/www.jazzzeitung.de\/cms\/wp-content\/uploads\/2018\/09\/Joo-Kraus.jpg?fit=1002%2C670&amp;ssl=1\" data-orig-size=\"1002,670\" data-comments-opened=\"1\" data-image-meta=\"{&quot;aperture&quot;:&quot;0&quot;,&quot;credit&quot;:&quot;&quot;,&quot;camera&quot;:&quot;&quot;,&quot;caption&quot;:&quot;&quot;,&quot;created_timestamp&quot;:&quot;0&quot;,&quot;copyright&quot;:&quot;&quot;,&quot;focal_length&quot;:&quot;0&quot;,&quot;iso&quot;:&quot;0&quot;,&quot;shutter_speed&quot;:&quot;0&quot;,&quot;title&quot;:&quot;&quot;,&quot;orientation&quot;:&quot;0&quot;}\" data-image-title=\"\" data-image-description=\"\" data-image-caption=\"&lt;p&gt;Joo Kraus. Pressefoto&lt;\/p&gt;\n\" data-large-file=\"https:\/\/i0.wp.com\/www.jazzzeitung.de\/cms\/wp-content\/uploads\/2018\/09\/Joo-Kraus.jpg?fit=840%2C562&amp;ssl=1\" class=\"size-medium wp-image-17167\" src=\"https:\/\/i0.wp.com\/www.jazzzeitung.de\/cms\/wp-content\/uploads\/2018\/09\/Joo-Kraus.jpg?resize=300%2C201&#038;ssl=1\" alt=\"\" width=\"300\" height=\"201\" srcset=\"https:\/\/i0.wp.com\/www.jazzzeitung.de\/cms\/wp-content\/uploads\/2018\/09\/Joo-Kraus.jpg?resize=300%2C201&amp;ssl=1 300w, https:\/\/i0.wp.com\/www.jazzzeitung.de\/cms\/wp-content\/uploads\/2018\/09\/Joo-Kraus.jpg?resize=768%2C514&amp;ssl=1 768w, https:\/\/i0.wp.com\/www.jazzzeitung.de\/cms\/wp-content\/uploads\/2018\/09\/Joo-Kraus.jpg?resize=897%2C600&amp;ssl=1 897w, https:\/\/i0.wp.com\/www.jazzzeitung.de\/cms\/wp-content\/uploads\/2018\/09\/Joo-Kraus.jpg?resize=600%2C401&amp;ssl=1 600w, https:\/\/i0.wp.com\/www.jazzzeitung.de\/cms\/wp-content\/uploads\/2018\/09\/Joo-Kraus.jpg?resize=120%2C80&amp;ssl=1 120w, https:\/\/i0.wp.com\/www.jazzzeitung.de\/cms\/wp-content\/uploads\/2018\/09\/Joo-Kraus.jpg?w=1002&amp;ssl=1 1002w\" sizes=\"auto, (max-width: 300px) 100vw, 300px\" \/><\/a><figcaption id=\"caption-attachment-17167\" class=\"wp-caption-text\">Joo Kraus. Pressefoto<\/figcaption><\/figure>\n<p>Auch 2018 finden in der s\u00fcddeutschen Stadt an der Donau traditonsgem\u00e4\u00df am zweiten Oktoberwochenende die Ehinger Jazztage statt. Daf\u00fcr setzen die sieben Jazzer der &#8222;New Orleans Experience&#8220; am 12. Oktober 2018 den Startschuss, indem sie die Tradition von Bunk Johnson, George Lewis und Kid Thomas Valentine wieder aufleben lassen. Highlight des Festivals ist sicherlich der Auftritt der SWR Big Band in Kombination mit dem Jazz-Trompeter Joo Kraus: Die 17 Musiker des SWR wurden bereits vier Mal f\u00fcr den Grammy nominiert, w\u00e4hrend der 51-j\u00e4hrige Ulmer schon mit 19 Jahren den 1. Preis bei &#8222;Jugend musiziert&#8220; abr\u00e4umte und seitdem in Bands (&#8222;Tab Two&#8220;) sowie als Solo-K\u00fcnstler auf B\u00fchnen weltweit spielt. Schlie\u00dflich klingt das Wochenende mit einem Jazzgottesdienst am Sonntagvormittag aus.<\/p>\n<p><a href=\"http:\/\/www.jazzclub-ehingen.de\/\">www.jazzclub-ehingen.de\/<\/a><\/p>\n","protected":false},"excerpt":{"rendered":"<p>+++ Will Jacobs &amp; Blues-Band spielen aufder Piano-B\u00fchne Kleinhenz +++ Immer wieder l\u00e4dt das Piano-Center Kleinhenz in Bad Kissingen\/Oberthulba zu Jazz-Konzerten auf der eigenen Piano-B\u00fchne ein. So spielten im aktuellen Jahr bereits unter anderen Adriano Prestel, Garry Wiggins und Will Jacobs inmitten des Fl\u00fcgelsortiments. Letzterer will es am 19. Oktober 2018 nun noch einmal wissen &#8211; der gefeierte Blues-S\u00e4nger und -Gitarrist, der schon mit zw\u00f6lf Jahren in den Chicagoer Jazzclubs auftrat, performte mit seiner ersten Band &#8222;Dirty Deal&#8220; beim Internationalen Blues-Showcase in Memphis\/Tennessee und gewann wenig sp\u00e4ter auch die Chacago Blues Challenge. Nach seinem Musikstudium in Boston machte sich der 26-J\u00e4hrige bald auch mit Auftritten in Europa einen Namen. F\u00fcr seine Performance in der unterfr\u00e4nkischen Kreisstadt kollaborieren Jacobs &amp; Blues-Band im Rahmen seines Programms &#8222;Every day we have the Blues!&#8220; mit Saxophonist Gary Wiggins und George Green, dem ehemaligen Drummer von Ray Charles. Nach dem Gig ist au\u00dferdem eine Piano-Jam mit Daniel Schulz und weiteren G\u00e4sten geplant. www.pianobuehne.de +++ 12. Deidesheimer Jazz-Wanderung +++ Unter dem Motto &#8222;Hab Musik im Ohr und Sonne im Glas&#8220; bietet die 12. Deidesheimer Jazz-Wanderung am 3. Oktober 2018 ein Musikfest &hellip;<\/p>\n","protected":false},"author":18,"featured_media":17137,"comment_status":"open","ping_status":"closed","sticky":false,"template":"","format":"standard","meta":{"_jetpack_memberships_contains_paid_content":false,"footnotes":"","jetpack_publicize_message":"","jetpack_publicize_feature_enabled":true,"jetpack_social_post_already_shared":false,"jetpack_social_options":{"image_generator_settings":{"template":"highway","default_image_id":0,"font":"","enabled":false},"version":2}},"categories":[633],"tags":[1959,66,71,83,1406,682,1211,1422,1811,1876,271,928,1264,1951,442,1502,535,1398],"coauthors":[695],"class_list":["post-17135","post","type-post","status-publish","format-standard","has-post-thumbnail","hentry","category-nachrichten","tag-1959","tag-berlin","tag-big-band","tag-blues","tag-duo","tag-festivals","tag-george-lewis","tag-gesang","tag-grammy","tag-jazz","tag-jazzclub","tag-jazzclubs","tag-jazztage","tag-news","tag-piano","tag-preis","tag-swing","tag-swr"],"yoast_head":"<!-- This site is optimized with the Yoast SEO plugin v27.5 - https:\/\/yoast.com\/product\/yoast-seo-wordpress\/ -->\n<title>+++ News +++ Will Jacobs &amp; Blues-Band spielen auf der Piano-B\u00fchne Kleinhenz +++ 12. Deidesheimer Jazz-Wanderung +++ SWR Big Band mit Joo Kraus bei den Ehinger Jazztagen +++ - JazzZeitung<\/title>\n<meta name=\"robots\" content=\"index, follow, max-snippet:-1, max-image-preview:large, max-video-preview:-1\" \/>\n<link rel=\"canonical\" href=\"https:\/\/www.jazzzeitung.de\/cms\/2018\/09\/news-will-jacobs-blues-band-spielen-auf-der-piano-buehne-kleinhenz\/\" \/>\n<meta property=\"og:locale\" content=\"de_DE\" \/>\n<meta property=\"og:type\" content=\"article\" \/>\n<meta property=\"og:title\" content=\"+++ News +++ Will Jacobs &amp; Blues-Band spielen auf der Piano-B\u00fchne Kleinhenz +++ 12. Deidesheimer Jazz-Wanderung +++ SWR Big Band mit Joo Kraus bei den Ehinger Jazztagen +++ - JazzZeitung\" \/>\n<meta property=\"og:description\" content=\"+++ Will Jacobs &amp; Blues-Band spielen aufder Piano-B\u00fchne Kleinhenz +++ Immer wieder l\u00e4dt das Piano-Center Kleinhenz in Bad Kissingen\/Oberthulba zu Jazz-Konzerten auf der eigenen Piano-B\u00fchne ein. So spielten im aktuellen Jahr bereits unter anderen Adriano Prestel, Garry Wiggins und Will Jacobs inmitten des Fl\u00fcgelsortiments. Letzterer will es am 19. Oktober 2018 nun noch einmal wissen &#8211; der gefeierte Blues-S\u00e4nger und -Gitarrist, der schon mit zw\u00f6lf Jahren in den Chicagoer Jazzclubs auftrat, performte mit seiner ersten Band &#8222;Dirty Deal&#8220; beim Internationalen Blues-Showcase in Memphis\/Tennessee und gewann wenig sp\u00e4ter auch die Chacago Blues Challenge. Nach seinem Musikstudium in Boston machte sich der 26-J\u00e4hrige bald auch mit Auftritten in Europa einen Namen. F\u00fcr seine Performance in der unterfr\u00e4nkischen Kreisstadt kollaborieren Jacobs &amp; Blues-Band im Rahmen seines Programms &#8222;Every day we have the Blues!&#8220; mit Saxophonist Gary Wiggins und George Green, dem ehemaligen Drummer von Ray Charles. Nach dem Gig ist au\u00dferdem eine Piano-Jam mit Daniel Schulz und weiteren G\u00e4sten geplant. www.pianobuehne.de +++ 12. Deidesheimer Jazz-Wanderung +++ Unter dem Motto &#8222;Hab Musik im Ohr und Sonne im Glas&#8220; bietet die 12. Deidesheimer Jazz-Wanderung am 3. Oktober 2018 ein Musikfest &hellip;\" \/>\n<meta property=\"og:url\" content=\"https:\/\/www.jazzzeitung.de\/cms\/2018\/09\/news-will-jacobs-blues-band-spielen-auf-der-piano-buehne-kleinhenz\/\" \/>\n<meta property=\"og:site_name\" content=\"JazzZeitung\" \/>\n<meta property=\"article:publisher\" content=\"https:\/\/www.facebook.com\/JazzZeitung\/\" \/>\n<meta property=\"article:published_time\" content=\"2018-09-06T13:50:04+00:00\" \/>\n<meta property=\"og:image\" content=\"https:\/\/i0.wp.com\/www.jazzzeitung.de\/cms\/wp-content\/uploads\/2018\/09\/36755002-1310726789059841-4253428575631310848-o.jpg?fit=1024%2C683&ssl=1\" \/>\n\t<meta property=\"og:image:width\" content=\"1024\" \/>\n\t<meta property=\"og:image:height\" content=\"683\" \/>\n\t<meta property=\"og:image:type\" content=\"image\/jpeg\" \/>\n<meta name=\"author\" content=\"Redaktion JazzZeitung\" \/>\n<script type=\"application\/ld+json\" class=\"yoast-schema-graph\">{\"@context\":\"https:\\\/\\\/schema.org\",\"@graph\":[{\"@type\":\"Article\",\"@id\":\"https:\\\/\\\/www.jazzzeitung.de\\\/cms\\\/2018\\\/09\\\/news-will-jacobs-blues-band-spielen-auf-der-piano-buehne-kleinhenz\\\/#article\",\"isPartOf\":{\"@id\":\"https:\\\/\\\/www.jazzzeitung.de\\\/cms\\\/2018\\\/09\\\/news-will-jacobs-blues-band-spielen-auf-der-piano-buehne-kleinhenz\\\/\"},\"author\":{\"name\":\"Redaktion JazzZeitung\",\"@id\":\"https:\\\/\\\/www.jazzzeitung.de\\\/cms\\\/#\\\/schema\\\/person\\\/2245b36b9cd1d24cea10f01c031fb92b\"},\"headline\":\"+++ News +++ Will Jacobs &#038; Blues-Band spielen auf der Piano-B\u00fchne Kleinhenz +++ 12. Deidesheimer Jazz-Wanderung +++ SWR Big Band mit Joo Kraus bei den Ehinger Jazztagen +++\",\"datePublished\":\"2018-09-06T13:50:04+00:00\",\"mainEntityOfPage\":{\"@id\":\"https:\\\/\\\/www.jazzzeitung.de\\\/cms\\\/2018\\\/09\\\/news-will-jacobs-blues-band-spielen-auf-der-piano-buehne-kleinhenz\\\/\"},\"wordCount\":493,\"commentCount\":0,\"publisher\":{\"@id\":\"https:\\\/\\\/www.jazzzeitung.de\\\/cms\\\/#organization\"},\"image\":{\"@id\":\"https:\\\/\\\/www.jazzzeitung.de\\\/cms\\\/2018\\\/09\\\/news-will-jacobs-blues-band-spielen-auf-der-piano-buehne-kleinhenz\\\/#primaryimage\"},\"thumbnailUrl\":\"https:\\\/\\\/i0.wp.com\\\/www.jazzzeitung.de\\\/cms\\\/wp-content\\\/uploads\\\/2018\\\/09\\\/36755002-1310726789059841-4253428575631310848-o.jpg?fit=1024%2C683&ssl=1\",\"keywords\":[\"2018\",\"Berlin\",\"Big Band\",\"Blues\",\"duo\",\"Festivals\",\"George Lewis\",\"Gesang\",\"Grammy\",\"Jazz\",\"Jazzclub\",\"Jazzclubs\",\"Jazztage\",\"News\",\"Piano\",\"Preis\",\"Swing\",\"SWR\"],\"articleSection\":[\"News\"],\"inLanguage\":\"de\",\"potentialAction\":[{\"@type\":\"CommentAction\",\"name\":\"Comment\",\"target\":[\"https:\\\/\\\/www.jazzzeitung.de\\\/cms\\\/2018\\\/09\\\/news-will-jacobs-blues-band-spielen-auf-der-piano-buehne-kleinhenz\\\/#respond\"]}]},{\"@type\":\"WebPage\",\"@id\":\"https:\\\/\\\/www.jazzzeitung.de\\\/cms\\\/2018\\\/09\\\/news-will-jacobs-blues-band-spielen-auf-der-piano-buehne-kleinhenz\\\/\",\"url\":\"https:\\\/\\\/www.jazzzeitung.de\\\/cms\\\/2018\\\/09\\\/news-will-jacobs-blues-band-spielen-auf-der-piano-buehne-kleinhenz\\\/\",\"name\":\"+++ News +++ Will Jacobs & Blues-Band spielen auf der Piano-B\u00fchne Kleinhenz +++ 12. Deidesheimer Jazz-Wanderung +++ SWR Big Band mit Joo Kraus bei den Ehinger Jazztagen +++ - JazzZeitung\",\"isPartOf\":{\"@id\":\"https:\\\/\\\/www.jazzzeitung.de\\\/cms\\\/#website\"},\"primaryImageOfPage\":{\"@id\":\"https:\\\/\\\/www.jazzzeitung.de\\\/cms\\\/2018\\\/09\\\/news-will-jacobs-blues-band-spielen-auf-der-piano-buehne-kleinhenz\\\/#primaryimage\"},\"image\":{\"@id\":\"https:\\\/\\\/www.jazzzeitung.de\\\/cms\\\/2018\\\/09\\\/news-will-jacobs-blues-band-spielen-auf-der-piano-buehne-kleinhenz\\\/#primaryimage\"},\"thumbnailUrl\":\"https:\\\/\\\/i0.wp.com\\\/www.jazzzeitung.de\\\/cms\\\/wp-content\\\/uploads\\\/2018\\\/09\\\/36755002-1310726789059841-4253428575631310848-o.jpg?fit=1024%2C683&ssl=1\",\"datePublished\":\"2018-09-06T13:50:04+00:00\",\"breadcrumb\":{\"@id\":\"https:\\\/\\\/www.jazzzeitung.de\\\/cms\\\/2018\\\/09\\\/news-will-jacobs-blues-band-spielen-auf-der-piano-buehne-kleinhenz\\\/#breadcrumb\"},\"inLanguage\":\"de\",\"potentialAction\":[{\"@type\":\"ReadAction\",\"target\":[\"https:\\\/\\\/www.jazzzeitung.de\\\/cms\\\/2018\\\/09\\\/news-will-jacobs-blues-band-spielen-auf-der-piano-buehne-kleinhenz\\\/\"]}]},{\"@type\":\"ImageObject\",\"inLanguage\":\"de\",\"@id\":\"https:\\\/\\\/www.jazzzeitung.de\\\/cms\\\/2018\\\/09\\\/news-will-jacobs-blues-band-spielen-auf-der-piano-buehne-kleinhenz\\\/#primaryimage\",\"url\":\"https:\\\/\\\/i0.wp.com\\\/www.jazzzeitung.de\\\/cms\\\/wp-content\\\/uploads\\\/2018\\\/09\\\/36755002-1310726789059841-4253428575631310848-o.jpg?fit=1024%2C683&ssl=1\",\"contentUrl\":\"https:\\\/\\\/i0.wp.com\\\/www.jazzzeitung.de\\\/cms\\\/wp-content\\\/uploads\\\/2018\\\/09\\\/36755002-1310726789059841-4253428575631310848-o.jpg?fit=1024%2C683&ssl=1\",\"width\":1024,\"height\":683,\"caption\":\"Will Jacobs. Pressefoto\"},{\"@type\":\"BreadcrumbList\",\"@id\":\"https:\\\/\\\/www.jazzzeitung.de\\\/cms\\\/2018\\\/09\\\/news-will-jacobs-blues-band-spielen-auf-der-piano-buehne-kleinhenz\\\/#breadcrumb\",\"itemListElement\":[{\"@type\":\"ListItem\",\"position\":1,\"name\":\"Startseite\",\"item\":\"https:\\\/\\\/www.jazzzeitung.de\\\/cms\\\/\"},{\"@type\":\"ListItem\",\"position\":2,\"name\":\"+++ News +++ Will Jacobs &#038; Blues-Band spielen auf der Piano-B\u00fchne Kleinhenz +++ 12. Deidesheimer Jazz-Wanderung +++ SWR Big Band mit Joo Kraus bei den Ehinger Jazztagen +++\"}]},{\"@type\":\"WebSite\",\"@id\":\"https:\\\/\\\/www.jazzzeitung.de\\\/cms\\\/#website\",\"url\":\"https:\\\/\\\/www.jazzzeitung.de\\\/cms\\\/\",\"name\":\"JazzZeitung\",\"description\":\"Jazz-News und Jazz-Kontroverses\",\"publisher\":{\"@id\":\"https:\\\/\\\/www.jazzzeitung.de\\\/cms\\\/#organization\"},\"potentialAction\":[{\"@type\":\"SearchAction\",\"target\":{\"@type\":\"EntryPoint\",\"urlTemplate\":\"https:\\\/\\\/www.jazzzeitung.de\\\/cms\\\/?s={search_term_string}\"},\"query-input\":{\"@type\":\"PropertyValueSpecification\",\"valueRequired\":true,\"valueName\":\"search_term_string\"}}],\"inLanguage\":\"de\"},{\"@type\":\"Organization\",\"@id\":\"https:\\\/\\\/www.jazzzeitung.de\\\/cms\\\/#organization\",\"name\":\"JazzZeitung online\",\"url\":\"https:\\\/\\\/www.jazzzeitung.de\\\/cms\\\/\",\"logo\":{\"@type\":\"ImageObject\",\"inLanguage\":\"de\",\"@id\":\"https:\\\/\\\/www.jazzzeitung.de\\\/cms\\\/#\\\/schema\\\/logo\\\/image\\\/\",\"url\":\"https:\\\/\\\/i0.wp.com\\\/www.jazzzeitung.de\\\/cms\\\/wp-content\\\/uploads\\\/2015\\\/08\\\/JAZZZEITUNGDE_Logo_Neu.png?fit=499%2C200&ssl=1\",\"contentUrl\":\"https:\\\/\\\/i0.wp.com\\\/www.jazzzeitung.de\\\/cms\\\/wp-content\\\/uploads\\\/2015\\\/08\\\/JAZZZEITUNGDE_Logo_Neu.png?fit=499%2C200&ssl=1\",\"width\":499,\"height\":200,\"caption\":\"JazzZeitung online\"},\"image\":{\"@id\":\"https:\\\/\\\/www.jazzzeitung.de\\\/cms\\\/#\\\/schema\\\/logo\\\/image\\\/\"},\"sameAs\":[\"https:\\\/\\\/www.facebook.com\\\/JazzZeitung\\\/\"]},{\"@type\":\"Person\",\"@id\":\"https:\\\/\\\/www.jazzzeitung.de\\\/cms\\\/#\\\/schema\\\/person\\\/2245b36b9cd1d24cea10f01c031fb92b\",\"name\":\"Redaktion JazzZeitung\",\"image\":{\"@type\":\"ImageObject\",\"inLanguage\":\"de\",\"@id\":\"https:\\\/\\\/i0.wp.com\\\/www.jazzzeitung.de\\\/cms\\\/wp-content\\\/uploads\\\/2015\\\/08\\\/JAZZZEITUNGDE_Logo_Neu.png?resize=96%2C96&ssl=159975dcacb611b5700bd619b5daf0a7a\",\"url\":\"https:\\\/\\\/i0.wp.com\\\/www.jazzzeitung.de\\\/cms\\\/wp-content\\\/uploads\\\/2015\\\/08\\\/JAZZZEITUNGDE_Logo_Neu.png?resize=96%2C96&ssl=1\",\"contentUrl\":\"https:\\\/\\\/i0.wp.com\\\/www.jazzzeitung.de\\\/cms\\\/wp-content\\\/uploads\\\/2015\\\/08\\\/JAZZZEITUNGDE_Logo_Neu.png?resize=96%2C96&ssl=1\",\"caption\":\"Redaktion JazzZeitung\"},\"description\":\"Artikel der Redaktion der JazzZeitung.\",\"sameAs\":[\"http:\\\/\\\/www.jazzzeitung.de\\\/cms\\\/\"],\"url\":\"https:\\\/\\\/www.jazzzeitung.de\\\/cms\\\/author\\\/redaktion\\\/\"}]}<\/script>\n<!-- \/ Yoast SEO plugin. -->","yoast_head_json":{"title":"+++ News +++ Will Jacobs & Blues-Band spielen auf der Piano-B\u00fchne Kleinhenz +++ 12. Deidesheimer Jazz-Wanderung +++ SWR Big Band mit Joo Kraus bei den Ehinger Jazztagen +++ - JazzZeitung","robots":{"index":"index","follow":"follow","max-snippet":"max-snippet:-1","max-image-preview":"max-image-preview:large","max-video-preview":"max-video-preview:-1"},"canonical":"https:\/\/www.jazzzeitung.de\/cms\/2018\/09\/news-will-jacobs-blues-band-spielen-auf-der-piano-buehne-kleinhenz\/","og_locale":"de_DE","og_type":"article","og_title":"+++ News +++ Will Jacobs & Blues-Band spielen auf der Piano-B\u00fchne Kleinhenz +++ 12. Deidesheimer Jazz-Wanderung +++ SWR Big Band mit Joo Kraus bei den Ehinger Jazztagen +++ - JazzZeitung","og_description":"+++ Will Jacobs &amp; Blues-Band spielen aufder Piano-B\u00fchne Kleinhenz +++ Immer wieder l\u00e4dt das Piano-Center Kleinhenz in Bad Kissingen\/Oberthulba zu Jazz-Konzerten auf der eigenen Piano-B\u00fchne ein. So spielten im aktuellen Jahr bereits unter anderen Adriano Prestel, Garry Wiggins und Will Jacobs inmitten des Fl\u00fcgelsortiments. Letzterer will es am 19. Oktober 2018 nun noch einmal wissen &#8211; der gefeierte Blues-S\u00e4nger und -Gitarrist, der schon mit zw\u00f6lf Jahren in den Chicagoer Jazzclubs auftrat, performte mit seiner ersten Band &#8222;Dirty Deal&#8220; beim Internationalen Blues-Showcase in Memphis\/Tennessee und gewann wenig sp\u00e4ter auch die Chacago Blues Challenge. Nach seinem Musikstudium in Boston machte sich der 26-J\u00e4hrige bald auch mit Auftritten in Europa einen Namen. F\u00fcr seine Performance in der unterfr\u00e4nkischen Kreisstadt kollaborieren Jacobs &amp; Blues-Band im Rahmen seines Programms &#8222;Every day we have the Blues!&#8220; mit Saxophonist Gary Wiggins und George Green, dem ehemaligen Drummer von Ray Charles. Nach dem Gig ist au\u00dferdem eine Piano-Jam mit Daniel Schulz und weiteren G\u00e4sten geplant. www.pianobuehne.de +++ 12. Deidesheimer Jazz-Wanderung +++ Unter dem Motto &#8222;Hab Musik im Ohr und Sonne im Glas&#8220; bietet die 12. Deidesheimer Jazz-Wanderung am 3. Oktober 2018 ein Musikfest &hellip;","og_url":"https:\/\/www.jazzzeitung.de\/cms\/2018\/09\/news-will-jacobs-blues-band-spielen-auf-der-piano-buehne-kleinhenz\/","og_site_name":"JazzZeitung","article_publisher":"https:\/\/www.facebook.com\/JazzZeitung\/","article_published_time":"2018-09-06T13:50:04+00:00","og_image":[{"width":1024,"height":683,"url":"https:\/\/i0.wp.com\/www.jazzzeitung.de\/cms\/wp-content\/uploads\/2018\/09\/36755002-1310726789059841-4253428575631310848-o.jpg?fit=1024%2C683&ssl=1","type":"image\/jpeg"}],"author":"Redaktion JazzZeitung","schema":{"@context":"https:\/\/schema.org","@graph":[{"@type":"Article","@id":"https:\/\/www.jazzzeitung.de\/cms\/2018\/09\/news-will-jacobs-blues-band-spielen-auf-der-piano-buehne-kleinhenz\/#article","isPartOf":{"@id":"https:\/\/www.jazzzeitung.de\/cms\/2018\/09\/news-will-jacobs-blues-band-spielen-auf-der-piano-buehne-kleinhenz\/"},"author":{"name":"Redaktion JazzZeitung","@id":"https:\/\/www.jazzzeitung.de\/cms\/#\/schema\/person\/2245b36b9cd1d24cea10f01c031fb92b"},"headline":"+++ News +++ Will Jacobs &#038; Blues-Band spielen auf der Piano-B\u00fchne Kleinhenz +++ 12. Deidesheimer Jazz-Wanderung +++ SWR Big Band mit Joo Kraus bei den Ehinger Jazztagen +++","datePublished":"2018-09-06T13:50:04+00:00","mainEntityOfPage":{"@id":"https:\/\/www.jazzzeitung.de\/cms\/2018\/09\/news-will-jacobs-blues-band-spielen-auf-der-piano-buehne-kleinhenz\/"},"wordCount":493,"commentCount":0,"publisher":{"@id":"https:\/\/www.jazzzeitung.de\/cms\/#organization"},"image":{"@id":"https:\/\/www.jazzzeitung.de\/cms\/2018\/09\/news-will-jacobs-blues-band-spielen-auf-der-piano-buehne-kleinhenz\/#primaryimage"},"thumbnailUrl":"https:\/\/i0.wp.com\/www.jazzzeitung.de\/cms\/wp-content\/uploads\/2018\/09\/36755002-1310726789059841-4253428575631310848-o.jpg?fit=1024%2C683&ssl=1","keywords":["2018","Berlin","Big Band","Blues","duo","Festivals","George Lewis","Gesang","Grammy","Jazz","Jazzclub","Jazzclubs","Jazztage","News","Piano","Preis","Swing","SWR"],"articleSection":["News"],"inLanguage":"de","potentialAction":[{"@type":"CommentAction","name":"Comment","target":["https:\/\/www.jazzzeitung.de\/cms\/2018\/09\/news-will-jacobs-blues-band-spielen-auf-der-piano-buehne-kleinhenz\/#respond"]}]},{"@type":"WebPage","@id":"https:\/\/www.jazzzeitung.de\/cms\/2018\/09\/news-will-jacobs-blues-band-spielen-auf-der-piano-buehne-kleinhenz\/","url":"https:\/\/www.jazzzeitung.de\/cms\/2018\/09\/news-will-jacobs-blues-band-spielen-auf-der-piano-buehne-kleinhenz\/","name":"+++ News +++ Will Jacobs & Blues-Band spielen auf der Piano-B\u00fchne Kleinhenz +++ 12. Deidesheimer Jazz-Wanderung +++ SWR Big Band mit Joo Kraus bei den Ehinger Jazztagen +++ - JazzZeitung","isPartOf":{"@id":"https:\/\/www.jazzzeitung.de\/cms\/#website"},"primaryImageOfPage":{"@id":"https:\/\/www.jazzzeitung.de\/cms\/2018\/09\/news-will-jacobs-blues-band-spielen-auf-der-piano-buehne-kleinhenz\/#primaryimage"},"image":{"@id":"https:\/\/www.jazzzeitung.de\/cms\/2018\/09\/news-will-jacobs-blues-band-spielen-auf-der-piano-buehne-kleinhenz\/#primaryimage"},"thumbnailUrl":"https:\/\/i0.wp.com\/www.jazzzeitung.de\/cms\/wp-content\/uploads\/2018\/09\/36755002-1310726789059841-4253428575631310848-o.jpg?fit=1024%2C683&ssl=1","datePublished":"2018-09-06T13:50:04+00:00","breadcrumb":{"@id":"https:\/\/www.jazzzeitung.de\/cms\/2018\/09\/news-will-jacobs-blues-band-spielen-auf-der-piano-buehne-kleinhenz\/#breadcrumb"},"inLanguage":"de","potentialAction":[{"@type":"ReadAction","target":["https:\/\/www.jazzzeitung.de\/cms\/2018\/09\/news-will-jacobs-blues-band-spielen-auf-der-piano-buehne-kleinhenz\/"]}]},{"@type":"ImageObject","inLanguage":"de","@id":"https:\/\/www.jazzzeitung.de\/cms\/2018\/09\/news-will-jacobs-blues-band-spielen-auf-der-piano-buehne-kleinhenz\/#primaryimage","url":"https:\/\/i0.wp.com\/www.jazzzeitung.de\/cms\/wp-content\/uploads\/2018\/09\/36755002-1310726789059841-4253428575631310848-o.jpg?fit=1024%2C683&ssl=1","contentUrl":"https:\/\/i0.wp.com\/www.jazzzeitung.de\/cms\/wp-content\/uploads\/2018\/09\/36755002-1310726789059841-4253428575631310848-o.jpg?fit=1024%2C683&ssl=1","width":1024,"height":683,"caption":"Will Jacobs. Pressefoto"},{"@type":"BreadcrumbList","@id":"https:\/\/www.jazzzeitung.de\/cms\/2018\/09\/news-will-jacobs-blues-band-spielen-auf-der-piano-buehne-kleinhenz\/#breadcrumb","itemListElement":[{"@type":"ListItem","position":1,"name":"Startseite","item":"https:\/\/www.jazzzeitung.de\/cms\/"},{"@type":"ListItem","position":2,"name":"+++ News +++ Will Jacobs &#038; Blues-Band spielen auf der Piano-B\u00fchne Kleinhenz +++ 12. Deidesheimer Jazz-Wanderung +++ SWR Big Band mit Joo Kraus bei den Ehinger Jazztagen +++"}]},{"@type":"WebSite","@id":"https:\/\/www.jazzzeitung.de\/cms\/#website","url":"https:\/\/www.jazzzeitung.de\/cms\/","name":"JazzZeitung","description":"Jazz-News und Jazz-Kontroverses","publisher":{"@id":"https:\/\/www.jazzzeitung.de\/cms\/#organization"},"potentialAction":[{"@type":"SearchAction","target":{"@type":"EntryPoint","urlTemplate":"https:\/\/www.jazzzeitung.de\/cms\/?s={search_term_string}"},"query-input":{"@type":"PropertyValueSpecification","valueRequired":true,"valueName":"search_term_string"}}],"inLanguage":"de"},{"@type":"Organization","@id":"https:\/\/www.jazzzeitung.de\/cms\/#organization","name":"JazzZeitung online","url":"https:\/\/www.jazzzeitung.de\/cms\/","logo":{"@type":"ImageObject","inLanguage":"de","@id":"https:\/\/www.jazzzeitung.de\/cms\/#\/schema\/logo\/image\/","url":"https:\/\/i0.wp.com\/www.jazzzeitung.de\/cms\/wp-content\/uploads\/2015\/08\/JAZZZEITUNGDE_Logo_Neu.png?fit=499%2C200&ssl=1","contentUrl":"https:\/\/i0.wp.com\/www.jazzzeitung.de\/cms\/wp-content\/uploads\/2015\/08\/JAZZZEITUNGDE_Logo_Neu.png?fit=499%2C200&ssl=1","width":499,"height":200,"caption":"JazzZeitung online"},"image":{"@id":"https:\/\/www.jazzzeitung.de\/cms\/#\/schema\/logo\/image\/"},"sameAs":["https:\/\/www.facebook.com\/JazzZeitung\/"]},{"@type":"Person","@id":"https:\/\/www.jazzzeitung.de\/cms\/#\/schema\/person\/2245b36b9cd1d24cea10f01c031fb92b","name":"Redaktion JazzZeitung","image":{"@type":"ImageObject","inLanguage":"de","@id":"https:\/\/i0.wp.com\/www.jazzzeitung.de\/cms\/wp-content\/uploads\/2015\/08\/JAZZZEITUNGDE_Logo_Neu.png?resize=96%2C96&ssl=159975dcacb611b5700bd619b5daf0a7a","url":"https:\/\/i0.wp.com\/www.jazzzeitung.de\/cms\/wp-content\/uploads\/2015\/08\/JAZZZEITUNGDE_Logo_Neu.png?resize=96%2C96&ssl=1","contentUrl":"https:\/\/i0.wp.com\/www.jazzzeitung.de\/cms\/wp-content\/uploads\/2015\/08\/JAZZZEITUNGDE_Logo_Neu.png?resize=96%2C96&ssl=1","caption":"Redaktion JazzZeitung"},"description":"Artikel der Redaktion der JazzZeitung.","sameAs":["http:\/\/www.jazzzeitung.de\/cms\/"],"url":"https:\/\/www.jazzzeitung.de\/cms\/author\/redaktion\/"}]}},"wp-worthy-pixel":{"ignored":false,"public":null,"server":null,"url":null},"wp-worthy-type":"normal","jetpack_publicize_connections":[],"cc_featured_image_caption":{"caption_text":"","source_text":"","source_url":""},"jetpack_featured_media_url":"https:\/\/i0.wp.com\/www.jazzzeitung.de\/cms\/wp-content\/uploads\/2018\/09\/36755002-1310726789059841-4253428575631310848-o.jpg?fit=1024%2C683&ssl=1","jetpack_shortlink":"https:\/\/wp.me\/p3KEcT-4sn","jetpack-related-posts":[{"id":33477,"url":"https:\/\/www.jazzzeitung.de\/cms\/2025\/12\/piano-buehne-oberthulba-wird-25-konzert-mit-al-jones\/","url_meta":{"origin":17135,"position":0},"title":"Piano-B\u00fchne Oberthulba wird 25, Konzert mit Al Jones","author":"Redaktion JazzZeitung","date":"15. Dezember 2025","format":false,"excerpt":"(PM) Die Piano-B\u00fchne von Peter Kleinhenz wird 2026 nun 25 Jahre alt. Die Genres Jazz, Blues, Funky Soul, R&B und Comedy werden vorrangig gespielt.\u00a0Die B\u00fchne wird von Peter und Beatrix Kleinhenz mit viel Leidenschaft und Einsatz zusammen mit Verwandtschaft und angestellten Helfern betrieben. Finanziert wird sie ausschlie\u00dflich \u00fcber die Ticketpreise,\u2026","rel":"","context":"In &quot;News&quot;","block_context":{"text":"News","link":"https:\/\/www.jazzzeitung.de\/cms\/thema\/nachrichten\/"},"img":{"alt_text":"","src":"https:\/\/i0.wp.com\/www.jazzzeitung.de\/cms\/wp-content\/uploads\/2025\/12\/kleinhenz1-scaled.jpg?fit=1200%2C800&ssl=1&resize=350%2C200","width":350,"height":200,"srcset":"https:\/\/i0.wp.com\/www.jazzzeitung.de\/cms\/wp-content\/uploads\/2025\/12\/kleinhenz1-scaled.jpg?fit=1200%2C800&ssl=1&resize=350%2C200 1x, https:\/\/i0.wp.com\/www.jazzzeitung.de\/cms\/wp-content\/uploads\/2025\/12\/kleinhenz1-scaled.jpg?fit=1200%2C800&ssl=1&resize=525%2C300 1.5x, https:\/\/i0.wp.com\/www.jazzzeitung.de\/cms\/wp-content\/uploads\/2025\/12\/kleinhenz1-scaled.jpg?fit=1200%2C800&ssl=1&resize=700%2C400 2x, https:\/\/i0.wp.com\/www.jazzzeitung.de\/cms\/wp-content\/uploads\/2025\/12\/kleinhenz1-scaled.jpg?fit=1200%2C800&ssl=1&resize=1050%2C600 3x"},"classes":[]},{"id":21670,"url":"https:\/\/www.jazzzeitung.de\/cms\/2020\/01\/news-dienstag-after-work-der-bmw-welt-jazz-award-2020-will-jacobs-in-oberthulba\/","url_meta":{"origin":17135,"position":1},"title":"+++ news +++ Dienstag after work: Der BMW Welt Jazz Award 2020 +++ Will Jacobs in Oberthulba +++","author":"Redaktion JazzZeitung","date":"14. Januar 2020","format":false,"excerpt":"+++ Dienstag after work: Der BMW Welt Jazz Award 2020 +++ Bereits zum 12. Mal findet dieses Jahr der BMW Welt Jazz Award statt: allerdings nicht l\u00e4nger Sonntagvormittag, sondern zwischen 14. Januar und 10. M\u00e4rz an sechs Dienstag-Abenden im Doppelkegel der BMW Welt. Die Veranstalter stellen in diesem Jahr alles\u2026","rel":"","context":"In &quot;News&quot;","block_context":{"text":"News","link":"https:\/\/www.jazzzeitung.de\/cms\/thema\/nachrichten\/"},"img":{"alt_text":"","src":"https:\/\/i0.wp.com\/www.jazzzeitung.de\/cms\/wp-content\/uploads\/2020\/01\/Maciej_Obara-04_12x18_300dpi_c_Pakzad.jpg?fit=1200%2C799&ssl=1&resize=350%2C200","width":350,"height":200,"srcset":"https:\/\/i0.wp.com\/www.jazzzeitung.de\/cms\/wp-content\/uploads\/2020\/01\/Maciej_Obara-04_12x18_300dpi_c_Pakzad.jpg?fit=1200%2C799&ssl=1&resize=350%2C200 1x, https:\/\/i0.wp.com\/www.jazzzeitung.de\/cms\/wp-content\/uploads\/2020\/01\/Maciej_Obara-04_12x18_300dpi_c_Pakzad.jpg?fit=1200%2C799&ssl=1&resize=525%2C300 1.5x, https:\/\/i0.wp.com\/www.jazzzeitung.de\/cms\/wp-content\/uploads\/2020\/01\/Maciej_Obara-04_12x18_300dpi_c_Pakzad.jpg?fit=1200%2C799&ssl=1&resize=700%2C400 2x, https:\/\/i0.wp.com\/www.jazzzeitung.de\/cms\/wp-content\/uploads\/2020\/01\/Maciej_Obara-04_12x18_300dpi_c_Pakzad.jpg?fit=1200%2C799&ssl=1&resize=1050%2C600 3x"},"classes":[]},{"id":28907,"url":"https:\/\/www.jazzzeitung.de\/cms\/2023\/01\/news-koeln-oeffnet-auswahlverfahren-zum-horst-und-gretl-will-stipendium-fuer-jazz-improvisierte-musik-saalfelden-leogang-3-tage-jazz-nach-zwei-jahren-zurueck-will-jacob\/","url_meta":{"origin":17135,"position":2},"title":"News: +++ K\u00f6ln \u00f6ffnet Auswahlverfahren zum Horst und Gretl Will-Stipendium f\u00fcr Jazz\/Improvisierte Musik +++ Saalfelden Leogang: \u201c3 Tage Jazz\u201c nach zwei Jahren zur\u00fcck +++ Will Jacobs (USA\/Berlin) mit Blues-Band in Oberthulba +++","author":"Redaktion JazzZeitung","date":"16. Januar 2023","format":false,"excerpt":"+++ Noch bis zum 28. Februar: Ausschreibung der Stadt K\u00f6ln f\u00fcr das Horst und Gretl Will-Stipendium f\u00fcr Jazz\/Improvisierte Musik +++ Seit 1998 vergibt die Stadt K\u00f6ln das privat finanzierte Horst und Gretl Will-Stipendium f\u00fcr Jazz\/Improvisierte Musik. Zur Teilnahme am Auswahlverfahren ist berechtigt, wer im Verleihungsjahr nicht \u00e4lter als 30 Jahre\u2026","rel":"","context":"In &quot;News&quot;","block_context":{"text":"News","link":"https:\/\/www.jazzzeitung.de\/cms\/thema\/nachrichten\/"},"img":{"alt_text":"","src":"https:\/\/i0.wp.com\/www.jazzzeitung.de\/cms\/wp-content\/uploads\/2023\/01\/3TageJazz_by_MichaelGeissler-3-scaled.jpg?fit=1200%2C800&ssl=1&resize=350%2C200","width":350,"height":200,"srcset":"https:\/\/i0.wp.com\/www.jazzzeitung.de\/cms\/wp-content\/uploads\/2023\/01\/3TageJazz_by_MichaelGeissler-3-scaled.jpg?fit=1200%2C800&ssl=1&resize=350%2C200 1x, https:\/\/i0.wp.com\/www.jazzzeitung.de\/cms\/wp-content\/uploads\/2023\/01\/3TageJazz_by_MichaelGeissler-3-scaled.jpg?fit=1200%2C800&ssl=1&resize=525%2C300 1.5x, https:\/\/i0.wp.com\/www.jazzzeitung.de\/cms\/wp-content\/uploads\/2023\/01\/3TageJazz_by_MichaelGeissler-3-scaled.jpg?fit=1200%2C800&ssl=1&resize=700%2C400 2x, https:\/\/i0.wp.com\/www.jazzzeitung.de\/cms\/wp-content\/uploads\/2023\/01\/3TageJazz_by_MichaelGeissler-3-scaled.jpg?fit=1200%2C800&ssl=1&resize=1050%2C600 3x"},"classes":[]},{"id":15379,"url":"https:\/\/www.jazzzeitung.de\/cms\/2018\/03\/newssuedtirol-jazzfestival-2018junger-muenchner-jazzpreis-2018\/","url_meta":{"origin":17135,"position":3},"title":"+++News+++Axel Zwingenberger und Martin Schmitt auf der Piano-B\u00fchne+++S\u00fcdtirol Jazzfestival 2018+++Junger M\u00fcnchner Jazzpreis 2018+++","author":"Redaktion JazzZeitung","date":"24. M\u00e4rz 2018","format":false,"excerpt":"+++Axel Zwingenberger und Martin Schmitt auf der Piano-B\u00fchne+++ Am Freitag, den 4. Mai 2018 ist auf der Piano-B\u00fchne Kleinhenz ein ganz besonderes Programm geboten. Deutschlands namhaftester Blues & Boogie-Pianist, Axel Zwingenberger, zeigt zusammen mit dem bayerischen Piano-Entertainer Martin Schmitt Blues und Boogie & Woogie Piano-Unterhaltung auf zwei Konzert-Fl\u00fcgeln: ein Steinway\u2026","rel":"","context":"In &quot;News&quot;","block_context":{"text":"News","link":"https:\/\/www.jazzzeitung.de\/cms\/thema\/nachrichten\/"},"img":{"alt_text":"","src":"https:\/\/i0.wp.com\/www.jazzzeitung.de\/cms\/wp-content\/uploads\/2018\/03\/3.jpg?fit=1200%2C800&ssl=1&resize=350%2C200","width":350,"height":200,"srcset":"https:\/\/i0.wp.com\/www.jazzzeitung.de\/cms\/wp-content\/uploads\/2018\/03\/3.jpg?fit=1200%2C800&ssl=1&resize=350%2C200 1x, https:\/\/i0.wp.com\/www.jazzzeitung.de\/cms\/wp-content\/uploads\/2018\/03\/3.jpg?fit=1200%2C800&ssl=1&resize=525%2C300 1.5x, https:\/\/i0.wp.com\/www.jazzzeitung.de\/cms\/wp-content\/uploads\/2018\/03\/3.jpg?fit=1200%2C800&ssl=1&resize=700%2C400 2x, https:\/\/i0.wp.com\/www.jazzzeitung.de\/cms\/wp-content\/uploads\/2018\/03\/3.jpg?fit=1200%2C800&ssl=1&resize=1050%2C600 3x"},"classes":[]},{"id":32353,"url":"https:\/\/www.jazzzeitung.de\/cms\/2025\/03\/news-hr-bigband-fuer-deutschen-jazzpreis-nominiert-will-jacobs-in-oberthulba\/","url_meta":{"origin":17135,"position":4},"title":"+++ news +++ hr-Bigband f\u00fcr Deutschen Jazzpreis nominiert +++ Will Jacobs in Oberthulba +++","author":"Redaktion JazzZeitung","date":"18. M\u00e4rz 2025","format":false,"excerpt":"+++ hr-Bigband f\u00fcr Deutschen Jazzpreis nominiert +++ Die hr-Bigband ist mit der Produktion \u201eAllg\u00e4u meets India\u201c f\u00fcr den Deutschen Jazzpreis 2025 nominiert. Der 2024 erschienene Konzertmitschnitt der hr-Bigband mit dem Komponisten und Multiinstrumentalisten Matthias Schriefl vom Deutschen Jazzfestival 2018 geht in der Kategorie \u201eRundfunkproduktion des Jahres\u201c an den Start. Der\u2026","rel":"","context":"In &quot;Redaktionelle Nachrichten&quot;","block_context":{"text":"Redaktionelle Nachrichten","link":"https:\/\/www.jazzzeitung.de\/cms\/thema\/redaktion\/"},"img":{"alt_text":"","src":"https:\/\/i0.wp.com\/www.jazzzeitung.de\/cms\/wp-content\/uploads\/2025\/03\/Will-Gary-scaled.jpg?fit=1200%2C800&ssl=1&resize=350%2C200","width":350,"height":200,"srcset":"https:\/\/i0.wp.com\/www.jazzzeitung.de\/cms\/wp-content\/uploads\/2025\/03\/Will-Gary-scaled.jpg?fit=1200%2C800&ssl=1&resize=350%2C200 1x, https:\/\/i0.wp.com\/www.jazzzeitung.de\/cms\/wp-content\/uploads\/2025\/03\/Will-Gary-scaled.jpg?fit=1200%2C800&ssl=1&resize=525%2C300 1.5x, https:\/\/i0.wp.com\/www.jazzzeitung.de\/cms\/wp-content\/uploads\/2025\/03\/Will-Gary-scaled.jpg?fit=1200%2C800&ssl=1&resize=700%2C400 2x, https:\/\/i0.wp.com\/www.jazzzeitung.de\/cms\/wp-content\/uploads\/2025\/03\/Will-Gary-scaled.jpg?fit=1200%2C800&ssl=1&resize=1050%2C600 3x"},"classes":[]},{"id":8531,"url":"https:\/\/www.jazzzeitung.de\/cms\/2016\/02\/news-boogie-woogie-blues-piano-die-klaenge-der-anderen-neuer-deutscher-jazzpreis-mannheim-2016\/","url_meta":{"origin":17135,"position":5},"title":"+++ News +++ Boogie &#038; Woogie-Blues-Piano +++ Die Kl\u00e4nge der Anderen +++ Neuer Deutscher Jazzpreis Mannheim 2016 +++","author":"Redaktion JazzZeitung","date":"26. Februar 2016","format":false,"excerpt":"+++ Boogie & Woogie-Blues-Piano +++ Der Hamburger Axel Zwingenberger spielt am Freitag, den 11. M\u00e4rz 2016 Blues und Boogie & Woogie auf der Piano-B\u00fchne Oberthulba. Seit 2001 ist der aus Radio und TV bekannte Pianist Stammgast auf dieser B\u00fchne. Er trat unter anderem mit Llionel Hampton, Ray Briant, Charly Watts\u2026","rel":"","context":"In &quot;News&quot;","block_context":{"text":"News","link":"https:\/\/www.jazzzeitung.de\/cms\/thema\/nachrichten\/"},"img":{"alt_text":"","src":"https:\/\/i0.wp.com\/www.jazzzeitung.de\/cms\/wp-content\/uploads\/2016\/02\/Zwingenberger-300x200.jpg?resize=350%2C200","width":350,"height":200},"classes":[]}],"jetpack_sharing_enabled":true,"_links":{"self":[{"href":"https:\/\/www.jazzzeitung.de\/cms\/wp-json\/wp\/v2\/posts\/17135","targetHints":{"allow":["GET"]}}],"collection":[{"href":"https:\/\/www.jazzzeitung.de\/cms\/wp-json\/wp\/v2\/posts"}],"about":[{"href":"https:\/\/www.jazzzeitung.de\/cms\/wp-json\/wp\/v2\/types\/post"}],"author":[{"embeddable":true,"href":"https:\/\/www.jazzzeitung.de\/cms\/wp-json\/wp\/v2\/users\/18"}],"replies":[{"embeddable":true,"href":"https:\/\/www.jazzzeitung.de\/cms\/wp-json\/wp\/v2\/comments?post=17135"}],"version-history":[{"count":9,"href":"https:\/\/www.jazzzeitung.de\/cms\/wp-json\/wp\/v2\/posts\/17135\/revisions"}],"predecessor-version":[{"id":17164,"href":"https:\/\/www.jazzzeitung.de\/cms\/wp-json\/wp\/v2\/posts\/17135\/revisions\/17164"}],"wp:featuredmedia":[{"embeddable":true,"href":"https:\/\/www.jazzzeitung.de\/cms\/wp-json\/wp\/v2\/media\/17137"}],"wp:attachment":[{"href":"https:\/\/www.jazzzeitung.de\/cms\/wp-json\/wp\/v2\/media?parent=17135"}],"wp:term":[{"taxonomy":"category","embeddable":true,"href":"https:\/\/www.jazzzeitung.de\/cms\/wp-json\/wp\/v2\/categories?post=17135"},{"taxonomy":"post_tag","embeddable":true,"href":"https:\/\/www.jazzzeitung.de\/cms\/wp-json\/wp\/v2\/tags?post=17135"},{"taxonomy":"author","embeddable":true,"href":"https:\/\/www.jazzzeitung.de\/cms\/wp-json\/wp\/v2\/coauthors?post=17135"}],"curies":[{"name":"wp","href":"https:\/\/api.w.org\/{rel}","templated":true}]}}