{"id":17113,"date":"2018-08-31T15:30:54","date_gmt":"2018-08-31T13:30:54","guid":{"rendered":"https:\/\/www.jazzzeitung.de\/cms\/?p=17113"},"modified":"2018-08-30T16:04:35","modified_gmt":"2018-08-30T14:04:35","slug":"stefano-bollanis-napolis-trip-in-der-hamburger-elbphilharmonie","status":"publish","type":"post","link":"https:\/\/www.jazzzeitung.de\/cms\/2018\/08\/stefano-bollanis-napolis-trip-in-der-hamburger-elbphilharmonie\/","title":{"rendered":"Stefano Bollanis &#8222;Napolis Trip&#8220; in der Hamburger Elbphilharmonie"},"content":{"rendered":"<p>Vergangenen Mittwoch gastierte das Stefano Bollani Quartett mit dem Programm \u201eNapoli Trip\u201c in der Hamburger Elbphilharmonie und pr\u00e4sentierte den Zuh\u00f6rern ein abwechslungsreiches, spannungsgeladenes Konzert. Ob Bollani solo am Steinway, im Duo mit dem Klarinettisten Nico Gori, im Quartett am Piano und teilweise parallel am Fender Rhodes, dann wieder im Duo mit seinem Saxophonisten Daniele Sepe oder im Dialog mit Bernardo Guerra am Schlagzeug: \u201eNapoli Trip\u201c ist immer eine musikalische Wundert\u00fcte: was wei\u00df nie was einen am Konzertabend erwartet au\u00dfer, dass es improvisatorisch wie kommunikativ ein spannender Abend mit angeregten wie lustigen Zwiegespr\u00e4chen werden wird.<\/p>\n<p>Bei Bollani steht die ungez\u00fcgelte Freude an der Musik an erster Stelle, und er kann praktisch spielen was er will, es ist und bleibt \u201ebollianisk\u201c. Ob Kompositionen wie \u201eIl Valzer del Cocciolone\u201c, sein Napoli Blues oder die herrliche Solo-Zugabe \u201ePutesse essere allero\u201c von Pino Daniele, Bollani dr\u00fcckt ihnen seinen Stempel auf und \u00fcberzeugte vom ersten bis zum letzten Ton. Das begeisterte Publikum entlockte ihm und seiner Band schlie\u00dflich noch zwei Zugaben.<\/p>\n<p>&nbsp;<\/p>\n<div class=\"tiled-gallery type-rectangular tiled-gallery-unresized\" data-original-width=\"840\" data-carousel-extra='{&quot;blog_id&quot;:1,&quot;permalink&quot;:&quot;https:\\\/\\\/www.jazzzeitung.de\\\/cms\\\/2018\\\/08\\\/stefano-bollanis-napolis-trip-in-der-hamburger-elbphilharmonie\\\/&quot;,&quot;likes_blog_id&quot;:55446655}' itemscope itemtype=\"http:\/\/schema.org\/ImageGallery\" > <div class=\"gallery-row\" style=\"width: 840px; height: 239px;\" data-original-width=\"840\" data-original-height=\"239\" > <div class=\"gallery-group images-1\" style=\"width: 161px; height: 239px;\" data-original-width=\"161\" data-original-height=\"239\" > <div class=\"tiled-gallery-item tiled-gallery-item-small\" itemprop=\"associatedMedia\" itemscope itemtype=\"http:\/\/schema.org\/ImageObject\"> <a href=\"https:\/\/www.jazzzeitung.de\/cms\/2018\/08\/stefano-bollanis-napolis-trip-in-der-hamburger-elbphilharmonie\/p1000039-bernardo-guerra-foto-tj-krebs-jazzphotoagencyweb-de\/\" border=\"0\" itemprop=\"url\"> <meta itemprop=\"width\" content=\"157\"> <meta itemprop=\"height\" content=\"235\"> <img decoding=\"async\" class=\"\" data-attachment-id=\"17114\" data-orig-file=\"https:\/\/www.jazzzeitung.de\/cms\/wp-content\/uploads\/2018\/08\/P1000039-Bernardo-Guerra-Foto-TJ-Krebs-jazzphotoagency@web.de_.jpg\" data-orig-size=\"800,1200\" data-comments-opened=\"1\" data-image-meta=\"{&quot;aperture&quot;:&quot;0&quot;,&quot;credit&quot;:&quot;&quot;,&quot;camera&quot;:&quot;&quot;,&quot;caption&quot;:&quot;&quot;,&quot;created_timestamp&quot;:&quot;0&quot;,&quot;copyright&quot;:&quot;&quot;,&quot;focal_length&quot;:&quot;0&quot;,&quot;iso&quot;:&quot;0&quot;,&quot;shutter_speed&quot;:&quot;0&quot;,&quot;title&quot;:&quot;&quot;,&quot;orientation&quot;:&quot;0&quot;}\" data-image-title=\"\" data-image-description=\"\" data-medium-file=\"https:\/\/i0.wp.com\/www.jazzzeitung.de\/cms\/wp-content\/uploads\/2018\/08\/P1000039-Bernardo-Guerra-Foto-TJ-Krebs-jazzphotoagency%40web.de_.jpg?fit=200%2C300&#038;ssl=1\" data-large-file=\"https:\/\/i0.wp.com\/www.jazzzeitung.de\/cms\/wp-content\/uploads\/2018\/08\/P1000039-Bernardo-Guerra-Foto-TJ-Krebs-jazzphotoagency%40web.de_.jpg?fit=400%2C600&#038;ssl=1\" src=\"https:\/\/i0.wp.com\/www.jazzzeitung.de\/cms\/wp-content\/uploads\/2018\/08\/P1000039-Bernardo-Guerra-Foto-TJ-Krebs-jazzphotoagency%40web.de_.jpg?w=157&#038;h=235&#038;ssl=1\" width=\"157\" height=\"235\" loading=\"lazy\" data-original-width=\"157\" data-original-height=\"235\" itemprop=\"http:\/\/schema.org\/image\" title=\"\" alt=\"Bernardo Guerra. Foto: Thomas J. Krebs\" style=\"width: 157px; height: 235px;\" \/> <\/a> <div class=\"tiled-gallery-caption\" itemprop=\"caption description\"> Bernardo Guerra. Foto: Thomas J. Krebs <\/div> <\/div> <\/div> <!-- close group --> <div class=\"gallery-group images-1\" style=\"width: 161px; height: 239px;\" data-original-width=\"161\" data-original-height=\"239\" > <div class=\"tiled-gallery-item tiled-gallery-item-small\" itemprop=\"associatedMedia\" itemscope itemtype=\"http:\/\/schema.org\/ImageObject\"> <a href=\"https:\/\/www.jazzzeitung.de\/cms\/2018\/08\/stefano-bollanis-napolis-trip-in-der-hamburger-elbphilharmonie\/p1000046-stefano-bollani-foto-tj-krebs-jazzphotoagencyweb-de\/\" border=\"0\" itemprop=\"url\"> <meta itemprop=\"width\" content=\"157\"> <meta itemprop=\"height\" content=\"235\"> <img decoding=\"async\" class=\"\" data-attachment-id=\"17115\" data-orig-file=\"https:\/\/www.jazzzeitung.de\/cms\/wp-content\/uploads\/2018\/08\/P1000046-Stefano-Bollani-Foto-TJ-Krebs-jazzphotoagency@web.de_.jpg\" data-orig-size=\"800,1200\" data-comments-opened=\"1\" data-image-meta=\"{&quot;aperture&quot;:&quot;0&quot;,&quot;credit&quot;:&quot;&quot;,&quot;camera&quot;:&quot;&quot;,&quot;caption&quot;:&quot;&quot;,&quot;created_timestamp&quot;:&quot;0&quot;,&quot;copyright&quot;:&quot;&quot;,&quot;focal_length&quot;:&quot;0&quot;,&quot;iso&quot;:&quot;0&quot;,&quot;shutter_speed&quot;:&quot;0&quot;,&quot;title&quot;:&quot;&quot;,&quot;orientation&quot;:&quot;0&quot;}\" data-image-title=\"\" data-image-description=\"\" data-medium-file=\"https:\/\/i0.wp.com\/www.jazzzeitung.de\/cms\/wp-content\/uploads\/2018\/08\/P1000046-Stefano-Bollani-Foto-TJ-Krebs-jazzphotoagency%40web.de_.jpg?fit=200%2C300&#038;ssl=1\" data-large-file=\"https:\/\/i0.wp.com\/www.jazzzeitung.de\/cms\/wp-content\/uploads\/2018\/08\/P1000046-Stefano-Bollani-Foto-TJ-Krebs-jazzphotoagency%40web.de_.jpg?fit=400%2C600&#038;ssl=1\" src=\"https:\/\/i0.wp.com\/www.jazzzeitung.de\/cms\/wp-content\/uploads\/2018\/08\/P1000046-Stefano-Bollani-Foto-TJ-Krebs-jazzphotoagency%40web.de_.jpg?w=157&#038;h=235&#038;ssl=1\" width=\"157\" height=\"235\" loading=\"lazy\" data-original-width=\"157\" data-original-height=\"235\" itemprop=\"http:\/\/schema.org\/image\" title=\"\" alt=\"Stefano Bollani. Foto: Thomas J. Krebs\" style=\"width: 157px; height: 235px;\" \/> <\/a> <div class=\"tiled-gallery-caption\" itemprop=\"caption description\"> Stefano Bollani. Foto: Thomas J. Krebs <\/div> <\/div> <\/div> <!-- close group --> <div class=\"gallery-group images-1\" style=\"width: 357px; height: 239px;\" data-original-width=\"357\" data-original-height=\"239\" > <div class=\"tiled-gallery-item tiled-gallery-item-large\" itemprop=\"associatedMedia\" itemscope itemtype=\"http:\/\/schema.org\/ImageObject\"> <a href=\"https:\/\/www.jazzzeitung.de\/cms\/2018\/08\/stefano-bollanis-napolis-trip-in-der-hamburger-elbphilharmonie\/p1000066-nico-gori-bernardo-guerra-foto-tj-krebs-jazzphotoagencyweb-de\/\" border=\"0\" itemprop=\"url\"> <meta itemprop=\"width\" content=\"353\"> <meta itemprop=\"height\" content=\"235\"> <img decoding=\"async\" class=\"\" data-attachment-id=\"17116\" data-orig-file=\"https:\/\/www.jazzzeitung.de\/cms\/wp-content\/uploads\/2018\/08\/P1000066-Nico-Gori-Bernardo-Guerra-Foto-TJ-Krebs-jazzphotoagency@web.de_.jpg\" data-orig-size=\"1200,800\" data-comments-opened=\"1\" data-image-meta=\"{&quot;aperture&quot;:&quot;0&quot;,&quot;credit&quot;:&quot;&quot;,&quot;camera&quot;:&quot;&quot;,&quot;caption&quot;:&quot;&quot;,&quot;created_timestamp&quot;:&quot;0&quot;,&quot;copyright&quot;:&quot;&quot;,&quot;focal_length&quot;:&quot;0&quot;,&quot;iso&quot;:&quot;0&quot;,&quot;shutter_speed&quot;:&quot;0&quot;,&quot;title&quot;:&quot;&quot;,&quot;orientation&quot;:&quot;0&quot;}\" data-image-title=\"\" data-image-description=\"\" data-medium-file=\"https:\/\/i0.wp.com\/www.jazzzeitung.de\/cms\/wp-content\/uploads\/2018\/08\/P1000066-Nico-Gori-Bernardo-Guerra-Foto-TJ-Krebs-jazzphotoagency%40web.de_.jpg?fit=300%2C200&#038;ssl=1\" data-large-file=\"https:\/\/i0.wp.com\/www.jazzzeitung.de\/cms\/wp-content\/uploads\/2018\/08\/P1000066-Nico-Gori-Bernardo-Guerra-Foto-TJ-Krebs-jazzphotoagency%40web.de_.jpg?fit=840%2C560&#038;ssl=1\" src=\"https:\/\/i0.wp.com\/www.jazzzeitung.de\/cms\/wp-content\/uploads\/2018\/08\/P1000066-Nico-Gori-Bernardo-Guerra-Foto-TJ-Krebs-jazzphotoagency%40web.de_.jpg?w=353&#038;h=235&#038;ssl=1\" width=\"353\" height=\"235\" loading=\"lazy\" data-original-width=\"353\" data-original-height=\"235\" itemprop=\"http:\/\/schema.org\/image\" title=\"\" alt=\"Nico Gori, Bernardo Guerra. Foto: Thomas J. Krebs\" style=\"width: 353px; height: 235px;\" \/> <\/a> <div class=\"tiled-gallery-caption\" itemprop=\"caption description\"> Nico Gori, Bernardo Guerra. Foto: Thomas J. Krebs <\/div> <\/div> <\/div> <!-- close group --> <div class=\"gallery-group images-1\" style=\"width: 161px; height: 239px;\" data-original-width=\"161\" data-original-height=\"239\" > <div class=\"tiled-gallery-item tiled-gallery-item-small\" itemprop=\"associatedMedia\" itemscope itemtype=\"http:\/\/schema.org\/ImageObject\"> <a href=\"https:\/\/www.jazzzeitung.de\/cms\/2018\/08\/stefano-bollanis-napolis-trip-in-der-hamburger-elbphilharmonie\/p1000076-daniele-sepe-foto-tj-krebs-jazzphotoagencyweb-de\/\" border=\"0\" itemprop=\"url\"> <meta itemprop=\"width\" content=\"157\"> <meta itemprop=\"height\" content=\"235\"> <img decoding=\"async\" class=\"\" data-attachment-id=\"17117\" data-orig-file=\"https:\/\/www.jazzzeitung.de\/cms\/wp-content\/uploads\/2018\/08\/P1000076-Daniele-Sepe-Foto-TJ-Krebs-jazzphotoagency@web.de_.jpg\" data-orig-size=\"800,1200\" data-comments-opened=\"1\" data-image-meta=\"{&quot;aperture&quot;:&quot;0&quot;,&quot;credit&quot;:&quot;&quot;,&quot;camera&quot;:&quot;&quot;,&quot;caption&quot;:&quot;&quot;,&quot;created_timestamp&quot;:&quot;0&quot;,&quot;copyright&quot;:&quot;&quot;,&quot;focal_length&quot;:&quot;0&quot;,&quot;iso&quot;:&quot;0&quot;,&quot;shutter_speed&quot;:&quot;0&quot;,&quot;title&quot;:&quot;&quot;,&quot;orientation&quot;:&quot;0&quot;}\" data-image-title=\"\" data-image-description=\"\" data-medium-file=\"https:\/\/i0.wp.com\/www.jazzzeitung.de\/cms\/wp-content\/uploads\/2018\/08\/P1000076-Daniele-Sepe-Foto-TJ-Krebs-jazzphotoagency%40web.de_.jpg?fit=200%2C300&#038;ssl=1\" data-large-file=\"https:\/\/i0.wp.com\/www.jazzzeitung.de\/cms\/wp-content\/uploads\/2018\/08\/P1000076-Daniele-Sepe-Foto-TJ-Krebs-jazzphotoagency%40web.de_.jpg?fit=400%2C600&#038;ssl=1\" src=\"https:\/\/i0.wp.com\/www.jazzzeitung.de\/cms\/wp-content\/uploads\/2018\/08\/P1000076-Daniele-Sepe-Foto-TJ-Krebs-jazzphotoagency%40web.de_.jpg?w=157&#038;h=235&#038;ssl=1\" width=\"157\" height=\"235\" loading=\"lazy\" data-original-width=\"157\" data-original-height=\"235\" itemprop=\"http:\/\/schema.org\/image\" title=\"\" alt=\"Daniele Sepe. Foto: Thomas J. Krebs\" style=\"width: 157px; height: 235px;\" \/> <\/a> <div class=\"tiled-gallery-caption\" itemprop=\"caption description\"> Daniele Sepe. Foto: Thomas J. Krebs <\/div> <\/div> <\/div> <!-- close group --> <\/div> <!-- close row --> <div class=\"gallery-row\" style=\"width: 840px; height: 296px;\" data-original-width=\"840\" data-original-height=\"296\" > <div class=\"gallery-group images-1\" style=\"width: 199px; height: 296px;\" data-original-width=\"199\" data-original-height=\"296\" > <div class=\"tiled-gallery-item tiled-gallery-item-small\" itemprop=\"associatedMedia\" itemscope itemtype=\"http:\/\/schema.org\/ImageObject\"> <a href=\"https:\/\/www.jazzzeitung.de\/cms\/2018\/08\/stefano-bollanis-napolis-trip-in-der-hamburger-elbphilharmonie\/p1000103-nico-gori-foto-tj-krebs-jazzphotoagencyweb-de\/\" border=\"0\" itemprop=\"url\"> <meta itemprop=\"width\" content=\"195\"> <meta itemprop=\"height\" content=\"292\"> <img decoding=\"async\" class=\"\" data-attachment-id=\"17118\" data-orig-file=\"https:\/\/www.jazzzeitung.de\/cms\/wp-content\/uploads\/2018\/08\/P1000103-Nico-Gori-Foto-TJ-Krebs-jazzphotoagency@web.de_.jpg\" data-orig-size=\"800,1200\" data-comments-opened=\"1\" data-image-meta=\"{&quot;aperture&quot;:&quot;0&quot;,&quot;credit&quot;:&quot;&quot;,&quot;camera&quot;:&quot;&quot;,&quot;caption&quot;:&quot;&quot;,&quot;created_timestamp&quot;:&quot;0&quot;,&quot;copyright&quot;:&quot;&quot;,&quot;focal_length&quot;:&quot;0&quot;,&quot;iso&quot;:&quot;0&quot;,&quot;shutter_speed&quot;:&quot;0&quot;,&quot;title&quot;:&quot;&quot;,&quot;orientation&quot;:&quot;0&quot;}\" data-image-title=\"\" data-image-description=\"\" data-medium-file=\"https:\/\/i0.wp.com\/www.jazzzeitung.de\/cms\/wp-content\/uploads\/2018\/08\/P1000103-Nico-Gori-Foto-TJ-Krebs-jazzphotoagency%40web.de_.jpg?fit=200%2C300&#038;ssl=1\" data-large-file=\"https:\/\/i0.wp.com\/www.jazzzeitung.de\/cms\/wp-content\/uploads\/2018\/08\/P1000103-Nico-Gori-Foto-TJ-Krebs-jazzphotoagency%40web.de_.jpg?fit=400%2C600&#038;ssl=1\" src=\"https:\/\/i0.wp.com\/www.jazzzeitung.de\/cms\/wp-content\/uploads\/2018\/08\/P1000103-Nico-Gori-Foto-TJ-Krebs-jazzphotoagency%40web.de_.jpg?w=195&#038;h=292&#038;ssl=1\" width=\"195\" height=\"292\" loading=\"lazy\" data-original-width=\"195\" data-original-height=\"292\" itemprop=\"http:\/\/schema.org\/image\" title=\"\" alt=\"Nico Gori. Foto: Thomas J. Krebs\" style=\"width: 195px; height: 292px;\" \/> <\/a> <div class=\"tiled-gallery-caption\" itemprop=\"caption description\"> Nico Gori. Foto: Thomas J. Krebs <\/div> <\/div> <\/div> <!-- close group --> <div class=\"gallery-group images-1\" style=\"width: 442px; height: 296px;\" data-original-width=\"442\" data-original-height=\"296\" > <div class=\"tiled-gallery-item tiled-gallery-item-large\" itemprop=\"associatedMedia\" itemscope itemtype=\"http:\/\/schema.org\/ImageObject\"> <a href=\"https:\/\/www.jazzzeitung.de\/cms\/2018\/08\/stefano-bollanis-napolis-trip-in-der-hamburger-elbphilharmonie\/p1000105-stefano-bollani-haende-foto-tj-krebs-jazzphotoagencyweb-de\/\" border=\"0\" itemprop=\"url\"> <meta itemprop=\"width\" content=\"438\"> <meta itemprop=\"height\" content=\"292\"> <img decoding=\"async\" class=\"\" data-attachment-id=\"17119\" data-orig-file=\"https:\/\/www.jazzzeitung.de\/cms\/wp-content\/uploads\/2018\/08\/P1000105-Stefano-Bollani-H\u00e4nde-Foto-TJ-Krebs-jazzphotoagency@web.de_.jpg\" data-orig-size=\"1200,800\" data-comments-opened=\"1\" data-image-meta=\"{&quot;aperture&quot;:&quot;0&quot;,&quot;credit&quot;:&quot;&quot;,&quot;camera&quot;:&quot;&quot;,&quot;caption&quot;:&quot;&quot;,&quot;created_timestamp&quot;:&quot;0&quot;,&quot;copyright&quot;:&quot;&quot;,&quot;focal_length&quot;:&quot;0&quot;,&quot;iso&quot;:&quot;0&quot;,&quot;shutter_speed&quot;:&quot;0&quot;,&quot;title&quot;:&quot;&quot;,&quot;orientation&quot;:&quot;0&quot;}\" data-image-title=\"\" data-image-description=\"\" data-medium-file=\"https:\/\/i0.wp.com\/www.jazzzeitung.de\/cms\/wp-content\/uploads\/2018\/08\/P1000105-Stefano-Bollani-H%C3%A4nde-Foto-TJ-Krebs-jazzphotoagency%40web.de_.jpg?fit=300%2C200&#038;ssl=1\" data-large-file=\"https:\/\/i0.wp.com\/www.jazzzeitung.de\/cms\/wp-content\/uploads\/2018\/08\/P1000105-Stefano-Bollani-H%C3%A4nde-Foto-TJ-Krebs-jazzphotoagency%40web.de_.jpg?fit=840%2C560&#038;ssl=1\" src=\"https:\/\/i0.wp.com\/www.jazzzeitung.de\/cms\/wp-content\/uploads\/2018\/08\/P1000105-Stefano-Bollani-H%C3%A4nde-Foto-TJ-Krebs-jazzphotoagency%40web.de_.jpg?w=438&#038;h=292&#038;ssl=1\" width=\"438\" height=\"292\" loading=\"lazy\" data-original-width=\"438\" data-original-height=\"292\" itemprop=\"http:\/\/schema.org\/image\" title=\"\" alt=\"Stefano Bollani. Foto: Thomas J. Krebs\" style=\"width: 438px; height: 292px;\" \/> <\/a> <div class=\"tiled-gallery-caption\" itemprop=\"caption description\"> Stefano Bollani. Foto: Thomas J. Krebs <\/div> <\/div> <\/div> <!-- close group --> <div class=\"gallery-group images-1\" style=\"width: 199px; height: 296px;\" data-original-width=\"199\" data-original-height=\"296\" > <div class=\"tiled-gallery-item tiled-gallery-item-small\" itemprop=\"associatedMedia\" itemscope itemtype=\"http:\/\/schema.org\/ImageObject\"> <a href=\"https:\/\/www.jazzzeitung.de\/cms\/2018\/08\/stefano-bollanis-napolis-trip-in-der-hamburger-elbphilharmonie\/p1000120-daniele-sepe-foto-tj-krebs-jazzphotoagencyweb-de\/\" border=\"0\" itemprop=\"url\"> <meta itemprop=\"width\" content=\"195\"> <meta itemprop=\"height\" content=\"292\"> <img decoding=\"async\" class=\"\" data-attachment-id=\"17120\" data-orig-file=\"https:\/\/www.jazzzeitung.de\/cms\/wp-content\/uploads\/2018\/08\/P1000120-Daniele-Sepe-Foto-TJ-Krebs-jazzphotoagency@web.de_.jpg\" data-orig-size=\"800,1200\" data-comments-opened=\"1\" data-image-meta=\"{&quot;aperture&quot;:&quot;0&quot;,&quot;credit&quot;:&quot;&quot;,&quot;camera&quot;:&quot;&quot;,&quot;caption&quot;:&quot;&quot;,&quot;created_timestamp&quot;:&quot;0&quot;,&quot;copyright&quot;:&quot;&quot;,&quot;focal_length&quot;:&quot;0&quot;,&quot;iso&quot;:&quot;0&quot;,&quot;shutter_speed&quot;:&quot;0&quot;,&quot;title&quot;:&quot;&quot;,&quot;orientation&quot;:&quot;0&quot;}\" data-image-title=\"\" data-image-description=\"\" data-medium-file=\"https:\/\/i0.wp.com\/www.jazzzeitung.de\/cms\/wp-content\/uploads\/2018\/08\/P1000120-Daniele-Sepe-Foto-TJ-Krebs-jazzphotoagency%40web.de_.jpg?fit=200%2C300&#038;ssl=1\" data-large-file=\"https:\/\/i0.wp.com\/www.jazzzeitung.de\/cms\/wp-content\/uploads\/2018\/08\/P1000120-Daniele-Sepe-Foto-TJ-Krebs-jazzphotoagency%40web.de_.jpg?fit=400%2C600&#038;ssl=1\" src=\"https:\/\/i0.wp.com\/www.jazzzeitung.de\/cms\/wp-content\/uploads\/2018\/08\/P1000120-Daniele-Sepe-Foto-TJ-Krebs-jazzphotoagency%40web.de_.jpg?w=195&#038;h=292&#038;ssl=1\" width=\"195\" height=\"292\" loading=\"lazy\" data-original-width=\"195\" data-original-height=\"292\" itemprop=\"http:\/\/schema.org\/image\" title=\"\" alt=\"Daniele Sepe. Foto: Thomas J. Krebs\" style=\"width: 195px; height: 292px;\" \/> <\/a> <div class=\"tiled-gallery-caption\" itemprop=\"caption description\"> Daniele Sepe. Foto: Thomas J. Krebs <\/div> <\/div> <\/div> <!-- close group --> <\/div> <!-- close row --> <div class=\"gallery-row\" style=\"width: 840px; height: 721px;\" data-original-width=\"840\" data-original-height=\"721\" > <div class=\"gallery-group images-1\" style=\"width: 482px; height: 721px;\" data-original-width=\"482\" data-original-height=\"721\" > <div class=\"tiled-gallery-item tiled-gallery-item-large\" itemprop=\"associatedMedia\" itemscope itemtype=\"http:\/\/schema.org\/ImageObject\"> <a href=\"https:\/\/www.jazzzeitung.de\/cms\/2018\/08\/stefano-bollanis-napolis-trip-in-der-hamburger-elbphilharmonie\/p1000131-stefano-bollani-foto-tj-krebs-jazzphotoagencyweb-de\/\" border=\"0\" itemprop=\"url\"> <meta itemprop=\"width\" content=\"478\"> <meta itemprop=\"height\" content=\"717\"> <img decoding=\"async\" class=\"\" data-attachment-id=\"17121\" data-orig-file=\"https:\/\/www.jazzzeitung.de\/cms\/wp-content\/uploads\/2018\/08\/P1000131-Stefano-Bollani-Foto-TJ-Krebs-jazzphotoagency@web.de_.jpg\" data-orig-size=\"800,1200\" data-comments-opened=\"1\" data-image-meta=\"{&quot;aperture&quot;:&quot;0&quot;,&quot;credit&quot;:&quot;&quot;,&quot;camera&quot;:&quot;&quot;,&quot;caption&quot;:&quot;&quot;,&quot;created_timestamp&quot;:&quot;0&quot;,&quot;copyright&quot;:&quot;&quot;,&quot;focal_length&quot;:&quot;0&quot;,&quot;iso&quot;:&quot;0&quot;,&quot;shutter_speed&quot;:&quot;0&quot;,&quot;title&quot;:&quot;&quot;,&quot;orientation&quot;:&quot;0&quot;}\" data-image-title=\"\" data-image-description=\"\" data-medium-file=\"https:\/\/i0.wp.com\/www.jazzzeitung.de\/cms\/wp-content\/uploads\/2018\/08\/P1000131-Stefano-Bollani-Foto-TJ-Krebs-jazzphotoagency%40web.de_.jpg?fit=200%2C300&#038;ssl=1\" data-large-file=\"https:\/\/i0.wp.com\/www.jazzzeitung.de\/cms\/wp-content\/uploads\/2018\/08\/P1000131-Stefano-Bollani-Foto-TJ-Krebs-jazzphotoagency%40web.de_.jpg?fit=400%2C600&#038;ssl=1\" src=\"https:\/\/i0.wp.com\/www.jazzzeitung.de\/cms\/wp-content\/uploads\/2018\/08\/P1000131-Stefano-Bollani-Foto-TJ-Krebs-jazzphotoagency%40web.de_.jpg?w=478&#038;h=717&#038;ssl=1\" width=\"478\" height=\"717\" loading=\"lazy\" data-original-width=\"478\" data-original-height=\"717\" itemprop=\"http:\/\/schema.org\/image\" title=\"\" alt=\"Stefano Bollani. Foto: Thomas J. Krebs\" style=\"width: 478px; height: 717px;\" \/> <\/a> <div class=\"tiled-gallery-caption\" itemprop=\"caption description\"> Stefano Bollani. Foto: Thomas J. Krebs <\/div> <\/div> <\/div> <!-- close group --> <div class=\"gallery-group images-3\" style=\"width: 358px; height: 721px;\" data-original-width=\"358\" data-original-height=\"721\" > <div class=\"tiled-gallery-item tiled-gallery-item-large\" itemprop=\"associatedMedia\" itemscope itemtype=\"http:\/\/schema.org\/ImageObject\"> <a href=\"https:\/\/www.jazzzeitung.de\/cms\/2018\/08\/stefano-bollanis-napolis-trip-in-der-hamburger-elbphilharmonie\/p1000141-stefano-bollani-quartett-foto-tj-krebs-jazzphotoagencyweb-de\/\" border=\"0\" itemprop=\"url\"> <meta itemprop=\"width\" content=\"354\"> <meta itemprop=\"height\" content=\"237\"> <img decoding=\"async\" class=\"\" data-attachment-id=\"17122\" data-orig-file=\"https:\/\/www.jazzzeitung.de\/cms\/wp-content\/uploads\/2018\/08\/P1000141-Stefano-Bollani-Quartett-Foto-TJ-Krebs-jazzphotoagency@web.de_.jpg\" data-orig-size=\"1200,800\" data-comments-opened=\"1\" data-image-meta=\"{&quot;aperture&quot;:&quot;0&quot;,&quot;credit&quot;:&quot;&quot;,&quot;camera&quot;:&quot;&quot;,&quot;caption&quot;:&quot;&quot;,&quot;created_timestamp&quot;:&quot;0&quot;,&quot;copyright&quot;:&quot;&quot;,&quot;focal_length&quot;:&quot;0&quot;,&quot;iso&quot;:&quot;0&quot;,&quot;shutter_speed&quot;:&quot;0&quot;,&quot;title&quot;:&quot;&quot;,&quot;orientation&quot;:&quot;0&quot;}\" data-image-title=\"\" data-image-description=\"\" data-medium-file=\"https:\/\/i0.wp.com\/www.jazzzeitung.de\/cms\/wp-content\/uploads\/2018\/08\/P1000141-Stefano-Bollani-Quartett-Foto-TJ-Krebs-jazzphotoagency%40web.de_.jpg?fit=300%2C200&#038;ssl=1\" data-large-file=\"https:\/\/i0.wp.com\/www.jazzzeitung.de\/cms\/wp-content\/uploads\/2018\/08\/P1000141-Stefano-Bollani-Quartett-Foto-TJ-Krebs-jazzphotoagency%40web.de_.jpg?fit=840%2C560&#038;ssl=1\" src=\"https:\/\/i0.wp.com\/www.jazzzeitung.de\/cms\/wp-content\/uploads\/2018\/08\/P1000141-Stefano-Bollani-Quartett-Foto-TJ-Krebs-jazzphotoagency%40web.de_.jpg?w=354&#038;h=237&#038;ssl=1\" width=\"354\" height=\"237\" loading=\"lazy\" data-original-width=\"354\" data-original-height=\"237\" itemprop=\"http:\/\/schema.org\/image\" title=\"\" alt=\"Stefano Bollani Quartett. Foto: Thomas J. Krebs\" style=\"width: 354px; height: 237px;\" \/> <\/a> <div class=\"tiled-gallery-caption\" itemprop=\"caption description\"> Stefano Bollani Quartett. Foto: Thomas J. Krebs <\/div> <\/div> <div class=\"tiled-gallery-item tiled-gallery-item-large\" itemprop=\"associatedMedia\" itemscope itemtype=\"http:\/\/schema.org\/ImageObject\"> <a href=\"https:\/\/www.jazzzeitung.de\/cms\/2018\/08\/stefano-bollanis-napolis-trip-in-der-hamburger-elbphilharmonie\/p1000160-nico-gori-stefano-bollani-foto-tj-krebs-jazzphotoagencyweb-de\/\" border=\"0\" itemprop=\"url\"> <meta itemprop=\"width\" content=\"354\"> <meta itemprop=\"height\" content=\"236\"> <img decoding=\"async\" class=\"\" data-attachment-id=\"17123\" data-orig-file=\"https:\/\/www.jazzzeitung.de\/cms\/wp-content\/uploads\/2018\/08\/P1000160-Nico-Gori-Stefano-Bollani-Foto-TJ-Krebs-jazzphotoagency@web.de_.jpg\" data-orig-size=\"1200,800\" data-comments-opened=\"1\" data-image-meta=\"{&quot;aperture&quot;:&quot;0&quot;,&quot;credit&quot;:&quot;&quot;,&quot;camera&quot;:&quot;&quot;,&quot;caption&quot;:&quot;&quot;,&quot;created_timestamp&quot;:&quot;0&quot;,&quot;copyright&quot;:&quot;&quot;,&quot;focal_length&quot;:&quot;0&quot;,&quot;iso&quot;:&quot;0&quot;,&quot;shutter_speed&quot;:&quot;0&quot;,&quot;title&quot;:&quot;&quot;,&quot;orientation&quot;:&quot;0&quot;}\" data-image-title=\"\" data-image-description=\"\" data-medium-file=\"https:\/\/i0.wp.com\/www.jazzzeitung.de\/cms\/wp-content\/uploads\/2018\/08\/P1000160-Nico-Gori-Stefano-Bollani-Foto-TJ-Krebs-jazzphotoagency%40web.de_.jpg?fit=300%2C200&#038;ssl=1\" data-large-file=\"https:\/\/i0.wp.com\/www.jazzzeitung.de\/cms\/wp-content\/uploads\/2018\/08\/P1000160-Nico-Gori-Stefano-Bollani-Foto-TJ-Krebs-jazzphotoagency%40web.de_.jpg?fit=840%2C560&#038;ssl=1\" src=\"https:\/\/i0.wp.com\/www.jazzzeitung.de\/cms\/wp-content\/uploads\/2018\/08\/P1000160-Nico-Gori-Stefano-Bollani-Foto-TJ-Krebs-jazzphotoagency%40web.de_.jpg?w=354&#038;h=236&#038;ssl=1\" width=\"354\" height=\"236\" loading=\"lazy\" data-original-width=\"354\" data-original-height=\"236\" itemprop=\"http:\/\/schema.org\/image\" title=\"\" alt=\"Nico Gori, Stefano Bollani. Foto: Thomas J. Krebs\" style=\"width: 354px; height: 236px;\" \/> <\/a> <div class=\"tiled-gallery-caption\" itemprop=\"caption description\"> Nico Gori, Stefano Bollani. Foto: Thomas J. Krebs <\/div> <\/div> <div class=\"tiled-gallery-item tiled-gallery-item-large\" itemprop=\"associatedMedia\" itemscope itemtype=\"http:\/\/schema.org\/ImageObject\"> <a href=\"https:\/\/www.jazzzeitung.de\/cms\/2018\/08\/stefano-bollanis-napolis-trip-in-der-hamburger-elbphilharmonie\/p1000180-stefano-bollani-quartett-foto-tj-krebs-jazzphotoagencyweb-de\/\" border=\"0\" itemprop=\"url\"> <meta itemprop=\"width\" content=\"354\"> <meta itemprop=\"height\" content=\"236\"> <img decoding=\"async\" class=\"\" data-attachment-id=\"17124\" data-orig-file=\"https:\/\/www.jazzzeitung.de\/cms\/wp-content\/uploads\/2018\/08\/P1000180-Stefano-Bollani-Quartett-Foto-TJ-Krebs-jazzphotoagency@web.de_.jpg\" data-orig-size=\"1200,800\" data-comments-opened=\"1\" data-image-meta=\"{&quot;aperture&quot;:&quot;0&quot;,&quot;credit&quot;:&quot;&quot;,&quot;camera&quot;:&quot;&quot;,&quot;caption&quot;:&quot;&quot;,&quot;created_timestamp&quot;:&quot;0&quot;,&quot;copyright&quot;:&quot;&quot;,&quot;focal_length&quot;:&quot;0&quot;,&quot;iso&quot;:&quot;0&quot;,&quot;shutter_speed&quot;:&quot;0&quot;,&quot;title&quot;:&quot;&quot;,&quot;orientation&quot;:&quot;0&quot;}\" data-image-title=\"\" data-image-description=\"\" data-medium-file=\"https:\/\/i0.wp.com\/www.jazzzeitung.de\/cms\/wp-content\/uploads\/2018\/08\/P1000180-Stefano-Bollani-Quartett-Foto-TJ-Krebs-jazzphotoagency%40web.de_.jpg?fit=300%2C200&#038;ssl=1\" data-large-file=\"https:\/\/i0.wp.com\/www.jazzzeitung.de\/cms\/wp-content\/uploads\/2018\/08\/P1000180-Stefano-Bollani-Quartett-Foto-TJ-Krebs-jazzphotoagency%40web.de_.jpg?fit=840%2C560&#038;ssl=1\" src=\"https:\/\/i0.wp.com\/www.jazzzeitung.de\/cms\/wp-content\/uploads\/2018\/08\/P1000180-Stefano-Bollani-Quartett-Foto-TJ-Krebs-jazzphotoagency%40web.de_.jpg?w=354&#038;h=236&#038;ssl=1\" width=\"354\" height=\"236\" loading=\"lazy\" data-original-width=\"354\" data-original-height=\"236\" itemprop=\"http:\/\/schema.org\/image\" title=\"\" alt=\"Stefano Bollani Quartett. Foto: Thomas J. Krebs\" style=\"width: 354px; height: 236px;\" \/> <\/a> <div class=\"tiled-gallery-caption\" itemprop=\"caption description\"> Stefano Bollani Quartett. Foto: Thomas J. Krebs <\/div> <\/div> <\/div> <!-- close group --> <\/div> <!-- close row --> <\/div>\n<p><strong>Konzerttipp:<\/strong><br \/>\nAm <strong>21.10.2018 um 19:00h<\/strong> (!) gastiert Stefano Bollani mit seinem Quartett und \u201eNapoli Trip\u201c im <strong>Stadttheater Landsberg am Lech<\/strong>.<\/p>\n<p>Karten sind noch erh\u00e4ltlich unter:<br \/>\nTelefon 0 8191 12 83 33<br \/>\nKartenverkauf@landsberg.de<\/p>\n<p>Text &amp; Fotos: Thomas J. Krebs<\/p>\n","protected":false},"excerpt":{"rendered":"<p>Vergangenen Mittwoch gastierte das Stefano Bollani Quartett mit dem Programm \u201eNapoli Trip\u201c in der Hamburger Elbphilharmonie und pr\u00e4sentierte den Zuh\u00f6rern ein abwechslungsreiches, spannungsgeladenes Konzert. Ob Bollani solo am Steinway, im Duo mit dem Klarinettisten Nico Gori, im Quartett am Piano und teilweise parallel am Fender Rhodes, dann wieder im Duo mit seinem Saxophonisten Daniele Sepe oder im Dialog mit Bernardo Guerra am Schlagzeug: \u201eNapoli Trip\u201c ist immer eine musikalische Wundert\u00fcte: was wei\u00df nie was einen am Konzertabend erwartet au\u00dfer, dass es improvisatorisch wie kommunikativ ein spannender Abend mit angeregten wie lustigen Zwiegespr\u00e4chen werden wird. Bei Bollani steht die ungez\u00fcgelte Freude an der Musik an erster Stelle, und er kann praktisch spielen was er will, es ist und bleibt \u201ebollianisk\u201c. Ob Kompositionen wie \u201eIl Valzer del Cocciolone\u201c, sein Napoli Blues oder die herrliche Solo-Zugabe \u201ePutesse essere allero\u201c von Pino Daniele, Bollani dr\u00fcckt ihnen seinen Stempel auf und \u00fcberzeugte vom ersten bis zum letzten Ton. Das begeisterte Publikum entlockte ihm und seiner Band schlie\u00dflich noch zwei Zugaben. &nbsp; Konzerttipp: Am 21.10.2018 um 19:00h (!) gastiert Stefano Bollani mit seinem Quartett und \u201eNapoli Trip\u201c im Stadttheater Landsberg am &hellip;<\/p>\n","protected":false},"author":18,"featured_media":17122,"comment_status":"open","ping_status":"closed","sticky":false,"template":"","format":"standard","meta":{"_jetpack_memberships_contains_paid_content":false,"footnotes":"","jetpack_publicize_message":"","jetpack_publicize_feature_enabled":true,"jetpack_social_post_already_shared":false,"jetpack_social_options":{"image_generator_settings":{"template":"highway","default_image_id":0,"font":"","enabled":false},"version":2}},"categories":[1053,652],"tags":[1959,83,1406,1510,1911,322,1418,442,1965,1564,1260],"coauthors":[695],"class_list":["post-17113","post","type-post","status-publish","format-standard","has-post-thumbnail","hentry","category-bericht","category-galerie","tag-1959","tag-blues","tag-duo","tag-elbphilharmonie","tag-fotos","tag-konzert-2","tag-krebs","tag-piano","tag-quartett","tag-schlagzeug","tag-thomas-j-krebs"],"yoast_head":"<!-- This site is optimized with the Yoast SEO plugin v27.5 - https:\/\/yoast.com\/product\/yoast-seo-wordpress\/ -->\n<title>Stefano Bollanis &quot;Napolis Trip&quot; in der Hamburger Elbphilharmonie - JazzZeitung<\/title>\n<meta name=\"robots\" content=\"index, follow, max-snippet:-1, max-image-preview:large, max-video-preview:-1\" \/>\n<link rel=\"canonical\" href=\"https:\/\/www.jazzzeitung.de\/cms\/2018\/08\/stefano-bollanis-napolis-trip-in-der-hamburger-elbphilharmonie\/\" \/>\n<meta property=\"og:locale\" content=\"de_DE\" \/>\n<meta property=\"og:type\" content=\"article\" \/>\n<meta property=\"og:title\" content=\"Stefano Bollanis &quot;Napolis Trip&quot; in der Hamburger Elbphilharmonie - JazzZeitung\" \/>\n<meta property=\"og:description\" content=\"Vergangenen Mittwoch gastierte das Stefano Bollani Quartett mit dem Programm \u201eNapoli Trip\u201c in der Hamburger Elbphilharmonie und pr\u00e4sentierte den Zuh\u00f6rern ein abwechslungsreiches, spannungsgeladenes Konzert. Ob Bollani solo am Steinway, im Duo mit dem Klarinettisten Nico Gori, im Quartett am Piano und teilweise parallel am Fender Rhodes, dann wieder im Duo mit seinem Saxophonisten Daniele Sepe oder im Dialog mit Bernardo Guerra am Schlagzeug: \u201eNapoli Trip\u201c ist immer eine musikalische Wundert\u00fcte: was wei\u00df nie was einen am Konzertabend erwartet au\u00dfer, dass es improvisatorisch wie kommunikativ ein spannender Abend mit angeregten wie lustigen Zwiegespr\u00e4chen werden wird. Bei Bollani steht die ungez\u00fcgelte Freude an der Musik an erster Stelle, und er kann praktisch spielen was er will, es ist und bleibt \u201ebollianisk\u201c. Ob Kompositionen wie \u201eIl Valzer del Cocciolone\u201c, sein Napoli Blues oder die herrliche Solo-Zugabe \u201ePutesse essere allero\u201c von Pino Daniele, Bollani dr\u00fcckt ihnen seinen Stempel auf und \u00fcberzeugte vom ersten bis zum letzten Ton. Das begeisterte Publikum entlockte ihm und seiner Band schlie\u00dflich noch zwei Zugaben. &nbsp; Konzerttipp: Am 21.10.2018 um 19:00h (!) gastiert Stefano Bollani mit seinem Quartett und \u201eNapoli Trip\u201c im Stadttheater Landsberg am &hellip;\" \/>\n<meta property=\"og:url\" content=\"https:\/\/www.jazzzeitung.de\/cms\/2018\/08\/stefano-bollanis-napolis-trip-in-der-hamburger-elbphilharmonie\/\" \/>\n<meta property=\"og:site_name\" content=\"JazzZeitung\" \/>\n<meta property=\"article:publisher\" content=\"https:\/\/www.facebook.com\/JazzZeitung\/\" \/>\n<meta property=\"article:published_time\" content=\"2018-08-31T13:30:54+00:00\" \/>\n<meta property=\"og:image\" content=\"https:\/\/i0.wp.com\/www.jazzzeitung.de\/cms\/wp-content\/uploads\/2018\/08\/P1000141-Stefano-Bollani-Quartett-Foto-TJ-Krebs-jazzphotoagency@web.de_.jpg?fit=1200%2C800&ssl=1\" \/>\n\t<meta property=\"og:image:width\" content=\"1200\" \/>\n\t<meta property=\"og:image:height\" content=\"800\" \/>\n\t<meta property=\"og:image:type\" content=\"image\/jpeg\" \/>\n<meta name=\"author\" content=\"Redaktion JazzZeitung\" \/>\n<script type=\"application\/ld+json\" class=\"yoast-schema-graph\">{\"@context\":\"https:\\\/\\\/schema.org\",\"@graph\":[{\"@type\":\"Article\",\"@id\":\"https:\\\/\\\/www.jazzzeitung.de\\\/cms\\\/2018\\\/08\\\/stefano-bollanis-napolis-trip-in-der-hamburger-elbphilharmonie\\\/#article\",\"isPartOf\":{\"@id\":\"https:\\\/\\\/www.jazzzeitung.de\\\/cms\\\/2018\\\/08\\\/stefano-bollanis-napolis-trip-in-der-hamburger-elbphilharmonie\\\/\"},\"author\":{\"name\":\"Redaktion JazzZeitung\",\"@id\":\"https:\\\/\\\/www.jazzzeitung.de\\\/cms\\\/#\\\/schema\\\/person\\\/2245b36b9cd1d24cea10f01c031fb92b\"},\"headline\":\"Stefano Bollanis &#8222;Napolis Trip&#8220; in der Hamburger Elbphilharmonie\",\"datePublished\":\"2018-08-31T13:30:54+00:00\",\"mainEntityOfPage\":{\"@id\":\"https:\\\/\\\/www.jazzzeitung.de\\\/cms\\\/2018\\\/08\\\/stefano-bollanis-napolis-trip-in-der-hamburger-elbphilharmonie\\\/\"},\"wordCount\":220,\"commentCount\":0,\"publisher\":{\"@id\":\"https:\\\/\\\/www.jazzzeitung.de\\\/cms\\\/#organization\"},\"image\":{\"@id\":\"https:\\\/\\\/www.jazzzeitung.de\\\/cms\\\/2018\\\/08\\\/stefano-bollanis-napolis-trip-in-der-hamburger-elbphilharmonie\\\/#primaryimage\"},\"thumbnailUrl\":\"https:\\\/\\\/i0.wp.com\\\/www.jazzzeitung.de\\\/cms\\\/wp-content\\\/uploads\\\/2018\\\/08\\\/P1000141-Stefano-Bollani-Quartett-Foto-TJ-Krebs-jazzphotoagency%40web.de_.jpg?fit=1200%2C800&ssl=1\",\"keywords\":[\"2018\",\"Blues\",\"duo\",\"Elbphilharmonie\",\"Fotos\",\"Konzert\",\"krebs\",\"Piano\",\"Quartett\",\"Schlagzeug\",\"Thomas J. Krebs\"],\"articleSection\":[\"Bericht\",\"Galerie\"],\"inLanguage\":\"de\",\"potentialAction\":[{\"@type\":\"CommentAction\",\"name\":\"Comment\",\"target\":[\"https:\\\/\\\/www.jazzzeitung.de\\\/cms\\\/2018\\\/08\\\/stefano-bollanis-napolis-trip-in-der-hamburger-elbphilharmonie\\\/#respond\"]}]},{\"@type\":\"WebPage\",\"@id\":\"https:\\\/\\\/www.jazzzeitung.de\\\/cms\\\/2018\\\/08\\\/stefano-bollanis-napolis-trip-in-der-hamburger-elbphilharmonie\\\/\",\"url\":\"https:\\\/\\\/www.jazzzeitung.de\\\/cms\\\/2018\\\/08\\\/stefano-bollanis-napolis-trip-in-der-hamburger-elbphilharmonie\\\/\",\"name\":\"Stefano Bollanis \\\"Napolis Trip\\\" in der Hamburger Elbphilharmonie - JazzZeitung\",\"isPartOf\":{\"@id\":\"https:\\\/\\\/www.jazzzeitung.de\\\/cms\\\/#website\"},\"primaryImageOfPage\":{\"@id\":\"https:\\\/\\\/www.jazzzeitung.de\\\/cms\\\/2018\\\/08\\\/stefano-bollanis-napolis-trip-in-der-hamburger-elbphilharmonie\\\/#primaryimage\"},\"image\":{\"@id\":\"https:\\\/\\\/www.jazzzeitung.de\\\/cms\\\/2018\\\/08\\\/stefano-bollanis-napolis-trip-in-der-hamburger-elbphilharmonie\\\/#primaryimage\"},\"thumbnailUrl\":\"https:\\\/\\\/i0.wp.com\\\/www.jazzzeitung.de\\\/cms\\\/wp-content\\\/uploads\\\/2018\\\/08\\\/P1000141-Stefano-Bollani-Quartett-Foto-TJ-Krebs-jazzphotoagency%40web.de_.jpg?fit=1200%2C800&ssl=1\",\"datePublished\":\"2018-08-31T13:30:54+00:00\",\"breadcrumb\":{\"@id\":\"https:\\\/\\\/www.jazzzeitung.de\\\/cms\\\/2018\\\/08\\\/stefano-bollanis-napolis-trip-in-der-hamburger-elbphilharmonie\\\/#breadcrumb\"},\"inLanguage\":\"de\",\"potentialAction\":[{\"@type\":\"ReadAction\",\"target\":[\"https:\\\/\\\/www.jazzzeitung.de\\\/cms\\\/2018\\\/08\\\/stefano-bollanis-napolis-trip-in-der-hamburger-elbphilharmonie\\\/\"]}]},{\"@type\":\"ImageObject\",\"inLanguage\":\"de\",\"@id\":\"https:\\\/\\\/www.jazzzeitung.de\\\/cms\\\/2018\\\/08\\\/stefano-bollanis-napolis-trip-in-der-hamburger-elbphilharmonie\\\/#primaryimage\",\"url\":\"https:\\\/\\\/i0.wp.com\\\/www.jazzzeitung.de\\\/cms\\\/wp-content\\\/uploads\\\/2018\\\/08\\\/P1000141-Stefano-Bollani-Quartett-Foto-TJ-Krebs-jazzphotoagency%40web.de_.jpg?fit=1200%2C800&ssl=1\",\"contentUrl\":\"https:\\\/\\\/i0.wp.com\\\/www.jazzzeitung.de\\\/cms\\\/wp-content\\\/uploads\\\/2018\\\/08\\\/P1000141-Stefano-Bollani-Quartett-Foto-TJ-Krebs-jazzphotoagency%40web.de_.jpg?fit=1200%2C800&ssl=1\",\"width\":1200,\"height\":800,\"caption\":\"Stefano Bollani Quartett. Foto: Thomas J. Krebs\"},{\"@type\":\"BreadcrumbList\",\"@id\":\"https:\\\/\\\/www.jazzzeitung.de\\\/cms\\\/2018\\\/08\\\/stefano-bollanis-napolis-trip-in-der-hamburger-elbphilharmonie\\\/#breadcrumb\",\"itemListElement\":[{\"@type\":\"ListItem\",\"position\":1,\"name\":\"Startseite\",\"item\":\"https:\\\/\\\/www.jazzzeitung.de\\\/cms\\\/\"},{\"@type\":\"ListItem\",\"position\":2,\"name\":\"Stefano Bollanis &#8222;Napolis Trip&#8220; in der Hamburger Elbphilharmonie\"}]},{\"@type\":\"WebSite\",\"@id\":\"https:\\\/\\\/www.jazzzeitung.de\\\/cms\\\/#website\",\"url\":\"https:\\\/\\\/www.jazzzeitung.de\\\/cms\\\/\",\"name\":\"JazzZeitung\",\"description\":\"Jazz-News und Jazz-Kontroverses\",\"publisher\":{\"@id\":\"https:\\\/\\\/www.jazzzeitung.de\\\/cms\\\/#organization\"},\"potentialAction\":[{\"@type\":\"SearchAction\",\"target\":{\"@type\":\"EntryPoint\",\"urlTemplate\":\"https:\\\/\\\/www.jazzzeitung.de\\\/cms\\\/?s={search_term_string}\"},\"query-input\":{\"@type\":\"PropertyValueSpecification\",\"valueRequired\":true,\"valueName\":\"search_term_string\"}}],\"inLanguage\":\"de\"},{\"@type\":\"Organization\",\"@id\":\"https:\\\/\\\/www.jazzzeitung.de\\\/cms\\\/#organization\",\"name\":\"JazzZeitung online\",\"url\":\"https:\\\/\\\/www.jazzzeitung.de\\\/cms\\\/\",\"logo\":{\"@type\":\"ImageObject\",\"inLanguage\":\"de\",\"@id\":\"https:\\\/\\\/www.jazzzeitung.de\\\/cms\\\/#\\\/schema\\\/logo\\\/image\\\/\",\"url\":\"https:\\\/\\\/i0.wp.com\\\/www.jazzzeitung.de\\\/cms\\\/wp-content\\\/uploads\\\/2015\\\/08\\\/JAZZZEITUNGDE_Logo_Neu.png?fit=499%2C200&ssl=1\",\"contentUrl\":\"https:\\\/\\\/i0.wp.com\\\/www.jazzzeitung.de\\\/cms\\\/wp-content\\\/uploads\\\/2015\\\/08\\\/JAZZZEITUNGDE_Logo_Neu.png?fit=499%2C200&ssl=1\",\"width\":499,\"height\":200,\"caption\":\"JazzZeitung online\"},\"image\":{\"@id\":\"https:\\\/\\\/www.jazzzeitung.de\\\/cms\\\/#\\\/schema\\\/logo\\\/image\\\/\"},\"sameAs\":[\"https:\\\/\\\/www.facebook.com\\\/JazzZeitung\\\/\"]},{\"@type\":\"Person\",\"@id\":\"https:\\\/\\\/www.jazzzeitung.de\\\/cms\\\/#\\\/schema\\\/person\\\/2245b36b9cd1d24cea10f01c031fb92b\",\"name\":\"Redaktion JazzZeitung\",\"image\":{\"@type\":\"ImageObject\",\"inLanguage\":\"de\",\"@id\":\"https:\\\/\\\/i0.wp.com\\\/www.jazzzeitung.de\\\/cms\\\/wp-content\\\/uploads\\\/2015\\\/08\\\/JAZZZEITUNGDE_Logo_Neu.png?resize=96%2C96&ssl=159975dcacb611b5700bd619b5daf0a7a\",\"url\":\"https:\\\/\\\/i0.wp.com\\\/www.jazzzeitung.de\\\/cms\\\/wp-content\\\/uploads\\\/2015\\\/08\\\/JAZZZEITUNGDE_Logo_Neu.png?resize=96%2C96&ssl=1\",\"contentUrl\":\"https:\\\/\\\/i0.wp.com\\\/www.jazzzeitung.de\\\/cms\\\/wp-content\\\/uploads\\\/2015\\\/08\\\/JAZZZEITUNGDE_Logo_Neu.png?resize=96%2C96&ssl=1\",\"caption\":\"Redaktion JazzZeitung\"},\"description\":\"Artikel der Redaktion der JazzZeitung.\",\"sameAs\":[\"http:\\\/\\\/www.jazzzeitung.de\\\/cms\\\/\"],\"url\":\"https:\\\/\\\/www.jazzzeitung.de\\\/cms\\\/author\\\/redaktion\\\/\"}]}<\/script>\n<!-- \/ Yoast SEO plugin. -->","yoast_head_json":{"title":"Stefano Bollanis \"Napolis Trip\" in der Hamburger Elbphilharmonie - JazzZeitung","robots":{"index":"index","follow":"follow","max-snippet":"max-snippet:-1","max-image-preview":"max-image-preview:large","max-video-preview":"max-video-preview:-1"},"canonical":"https:\/\/www.jazzzeitung.de\/cms\/2018\/08\/stefano-bollanis-napolis-trip-in-der-hamburger-elbphilharmonie\/","og_locale":"de_DE","og_type":"article","og_title":"Stefano Bollanis \"Napolis Trip\" in der Hamburger Elbphilharmonie - JazzZeitung","og_description":"Vergangenen Mittwoch gastierte das Stefano Bollani Quartett mit dem Programm \u201eNapoli Trip\u201c in der Hamburger Elbphilharmonie und pr\u00e4sentierte den Zuh\u00f6rern ein abwechslungsreiches, spannungsgeladenes Konzert. Ob Bollani solo am Steinway, im Duo mit dem Klarinettisten Nico Gori, im Quartett am Piano und teilweise parallel am Fender Rhodes, dann wieder im Duo mit seinem Saxophonisten Daniele Sepe oder im Dialog mit Bernardo Guerra am Schlagzeug: \u201eNapoli Trip\u201c ist immer eine musikalische Wundert\u00fcte: was wei\u00df nie was einen am Konzertabend erwartet au\u00dfer, dass es improvisatorisch wie kommunikativ ein spannender Abend mit angeregten wie lustigen Zwiegespr\u00e4chen werden wird. Bei Bollani steht die ungez\u00fcgelte Freude an der Musik an erster Stelle, und er kann praktisch spielen was er will, es ist und bleibt \u201ebollianisk\u201c. Ob Kompositionen wie \u201eIl Valzer del Cocciolone\u201c, sein Napoli Blues oder die herrliche Solo-Zugabe \u201ePutesse essere allero\u201c von Pino Daniele, Bollani dr\u00fcckt ihnen seinen Stempel auf und \u00fcberzeugte vom ersten bis zum letzten Ton. Das begeisterte Publikum entlockte ihm und seiner Band schlie\u00dflich noch zwei Zugaben. &nbsp; Konzerttipp: Am 21.10.2018 um 19:00h (!) gastiert Stefano Bollani mit seinem Quartett und \u201eNapoli Trip\u201c im Stadttheater Landsberg am &hellip;","og_url":"https:\/\/www.jazzzeitung.de\/cms\/2018\/08\/stefano-bollanis-napolis-trip-in-der-hamburger-elbphilharmonie\/","og_site_name":"JazzZeitung","article_publisher":"https:\/\/www.facebook.com\/JazzZeitung\/","article_published_time":"2018-08-31T13:30:54+00:00","og_image":[{"width":1200,"height":800,"url":"https:\/\/i0.wp.com\/www.jazzzeitung.de\/cms\/wp-content\/uploads\/2018\/08\/P1000141-Stefano-Bollani-Quartett-Foto-TJ-Krebs-jazzphotoagency@web.de_.jpg?fit=1200%2C800&ssl=1","type":"image\/jpeg"}],"author":"Redaktion JazzZeitung","schema":{"@context":"https:\/\/schema.org","@graph":[{"@type":"Article","@id":"https:\/\/www.jazzzeitung.de\/cms\/2018\/08\/stefano-bollanis-napolis-trip-in-der-hamburger-elbphilharmonie\/#article","isPartOf":{"@id":"https:\/\/www.jazzzeitung.de\/cms\/2018\/08\/stefano-bollanis-napolis-trip-in-der-hamburger-elbphilharmonie\/"},"author":{"name":"Redaktion JazzZeitung","@id":"https:\/\/www.jazzzeitung.de\/cms\/#\/schema\/person\/2245b36b9cd1d24cea10f01c031fb92b"},"headline":"Stefano Bollanis &#8222;Napolis Trip&#8220; in der Hamburger Elbphilharmonie","datePublished":"2018-08-31T13:30:54+00:00","mainEntityOfPage":{"@id":"https:\/\/www.jazzzeitung.de\/cms\/2018\/08\/stefano-bollanis-napolis-trip-in-der-hamburger-elbphilharmonie\/"},"wordCount":220,"commentCount":0,"publisher":{"@id":"https:\/\/www.jazzzeitung.de\/cms\/#organization"},"image":{"@id":"https:\/\/www.jazzzeitung.de\/cms\/2018\/08\/stefano-bollanis-napolis-trip-in-der-hamburger-elbphilharmonie\/#primaryimage"},"thumbnailUrl":"https:\/\/i0.wp.com\/www.jazzzeitung.de\/cms\/wp-content\/uploads\/2018\/08\/P1000141-Stefano-Bollani-Quartett-Foto-TJ-Krebs-jazzphotoagency%40web.de_.jpg?fit=1200%2C800&ssl=1","keywords":["2018","Blues","duo","Elbphilharmonie","Fotos","Konzert","krebs","Piano","Quartett","Schlagzeug","Thomas J. Krebs"],"articleSection":["Bericht","Galerie"],"inLanguage":"de","potentialAction":[{"@type":"CommentAction","name":"Comment","target":["https:\/\/www.jazzzeitung.de\/cms\/2018\/08\/stefano-bollanis-napolis-trip-in-der-hamburger-elbphilharmonie\/#respond"]}]},{"@type":"WebPage","@id":"https:\/\/www.jazzzeitung.de\/cms\/2018\/08\/stefano-bollanis-napolis-trip-in-der-hamburger-elbphilharmonie\/","url":"https:\/\/www.jazzzeitung.de\/cms\/2018\/08\/stefano-bollanis-napolis-trip-in-der-hamburger-elbphilharmonie\/","name":"Stefano Bollanis \"Napolis Trip\" in der Hamburger Elbphilharmonie - JazzZeitung","isPartOf":{"@id":"https:\/\/www.jazzzeitung.de\/cms\/#website"},"primaryImageOfPage":{"@id":"https:\/\/www.jazzzeitung.de\/cms\/2018\/08\/stefano-bollanis-napolis-trip-in-der-hamburger-elbphilharmonie\/#primaryimage"},"image":{"@id":"https:\/\/www.jazzzeitung.de\/cms\/2018\/08\/stefano-bollanis-napolis-trip-in-der-hamburger-elbphilharmonie\/#primaryimage"},"thumbnailUrl":"https:\/\/i0.wp.com\/www.jazzzeitung.de\/cms\/wp-content\/uploads\/2018\/08\/P1000141-Stefano-Bollani-Quartett-Foto-TJ-Krebs-jazzphotoagency%40web.de_.jpg?fit=1200%2C800&ssl=1","datePublished":"2018-08-31T13:30:54+00:00","breadcrumb":{"@id":"https:\/\/www.jazzzeitung.de\/cms\/2018\/08\/stefano-bollanis-napolis-trip-in-der-hamburger-elbphilharmonie\/#breadcrumb"},"inLanguage":"de","potentialAction":[{"@type":"ReadAction","target":["https:\/\/www.jazzzeitung.de\/cms\/2018\/08\/stefano-bollanis-napolis-trip-in-der-hamburger-elbphilharmonie\/"]}]},{"@type":"ImageObject","inLanguage":"de","@id":"https:\/\/www.jazzzeitung.de\/cms\/2018\/08\/stefano-bollanis-napolis-trip-in-der-hamburger-elbphilharmonie\/#primaryimage","url":"https:\/\/i0.wp.com\/www.jazzzeitung.de\/cms\/wp-content\/uploads\/2018\/08\/P1000141-Stefano-Bollani-Quartett-Foto-TJ-Krebs-jazzphotoagency%40web.de_.jpg?fit=1200%2C800&ssl=1","contentUrl":"https:\/\/i0.wp.com\/www.jazzzeitung.de\/cms\/wp-content\/uploads\/2018\/08\/P1000141-Stefano-Bollani-Quartett-Foto-TJ-Krebs-jazzphotoagency%40web.de_.jpg?fit=1200%2C800&ssl=1","width":1200,"height":800,"caption":"Stefano Bollani Quartett. Foto: Thomas J. Krebs"},{"@type":"BreadcrumbList","@id":"https:\/\/www.jazzzeitung.de\/cms\/2018\/08\/stefano-bollanis-napolis-trip-in-der-hamburger-elbphilharmonie\/#breadcrumb","itemListElement":[{"@type":"ListItem","position":1,"name":"Startseite","item":"https:\/\/www.jazzzeitung.de\/cms\/"},{"@type":"ListItem","position":2,"name":"Stefano Bollanis &#8222;Napolis Trip&#8220; in der Hamburger Elbphilharmonie"}]},{"@type":"WebSite","@id":"https:\/\/www.jazzzeitung.de\/cms\/#website","url":"https:\/\/www.jazzzeitung.de\/cms\/","name":"JazzZeitung","description":"Jazz-News und Jazz-Kontroverses","publisher":{"@id":"https:\/\/www.jazzzeitung.de\/cms\/#organization"},"potentialAction":[{"@type":"SearchAction","target":{"@type":"EntryPoint","urlTemplate":"https:\/\/www.jazzzeitung.de\/cms\/?s={search_term_string}"},"query-input":{"@type":"PropertyValueSpecification","valueRequired":true,"valueName":"search_term_string"}}],"inLanguage":"de"},{"@type":"Organization","@id":"https:\/\/www.jazzzeitung.de\/cms\/#organization","name":"JazzZeitung online","url":"https:\/\/www.jazzzeitung.de\/cms\/","logo":{"@type":"ImageObject","inLanguage":"de","@id":"https:\/\/www.jazzzeitung.de\/cms\/#\/schema\/logo\/image\/","url":"https:\/\/i0.wp.com\/www.jazzzeitung.de\/cms\/wp-content\/uploads\/2015\/08\/JAZZZEITUNGDE_Logo_Neu.png?fit=499%2C200&ssl=1","contentUrl":"https:\/\/i0.wp.com\/www.jazzzeitung.de\/cms\/wp-content\/uploads\/2015\/08\/JAZZZEITUNGDE_Logo_Neu.png?fit=499%2C200&ssl=1","width":499,"height":200,"caption":"JazzZeitung online"},"image":{"@id":"https:\/\/www.jazzzeitung.de\/cms\/#\/schema\/logo\/image\/"},"sameAs":["https:\/\/www.facebook.com\/JazzZeitung\/"]},{"@type":"Person","@id":"https:\/\/www.jazzzeitung.de\/cms\/#\/schema\/person\/2245b36b9cd1d24cea10f01c031fb92b","name":"Redaktion JazzZeitung","image":{"@type":"ImageObject","inLanguage":"de","@id":"https:\/\/i0.wp.com\/www.jazzzeitung.de\/cms\/wp-content\/uploads\/2015\/08\/JAZZZEITUNGDE_Logo_Neu.png?resize=96%2C96&ssl=159975dcacb611b5700bd619b5daf0a7a","url":"https:\/\/i0.wp.com\/www.jazzzeitung.de\/cms\/wp-content\/uploads\/2015\/08\/JAZZZEITUNGDE_Logo_Neu.png?resize=96%2C96&ssl=1","contentUrl":"https:\/\/i0.wp.com\/www.jazzzeitung.de\/cms\/wp-content\/uploads\/2015\/08\/JAZZZEITUNGDE_Logo_Neu.png?resize=96%2C96&ssl=1","caption":"Redaktion JazzZeitung"},"description":"Artikel der Redaktion der JazzZeitung.","sameAs":["http:\/\/www.jazzzeitung.de\/cms\/"],"url":"https:\/\/www.jazzzeitung.de\/cms\/author\/redaktion\/"}]}},"wp-worthy-pixel":{"ignored":false,"public":null,"server":null,"url":null},"wp-worthy-type":"normal","jetpack_publicize_connections":[],"cc_featured_image_caption":{"caption_text":"","source_text":"","source_url":""},"jetpack_featured_media_url":"https:\/\/i0.wp.com\/www.jazzzeitung.de\/cms\/wp-content\/uploads\/2018\/08\/P1000141-Stefano-Bollani-Quartett-Foto-TJ-Krebs-jazzphotoagency%40web.de_.jpg?fit=1200%2C800&ssl=1","jetpack_shortlink":"https:\/\/wp.me\/p3KEcT-4s1","jetpack-related-posts":[{"id":12804,"url":"https:\/\/www.jazzzeitung.de\/cms\/2017\/06\/stefano-bollani-piano-solo-im-stadttheater-landsberg\/","url_meta":{"origin":17113,"position":0},"title":"Stefano Bollani Piano solo im Stadttheater Landsberg","author":"Redaktion JazzZeitung","date":"27. Juni 2017","format":false,"excerpt":"Bei Piano Solo Konzerten von Stefano Bollani sollte man auf alles gefasst sein. Nichts l\u00e4sst sich vorhersagen; es ist immer spontan, unberechenbar und voller musikalischer \u00dcberraschungen. So auch beim Konzert im Landsberger Stadttheater. Ein Parforceritt durch die Musikstile, sehr spa\u00dfig und mit Augenzwinkern, aber immer hoch konzentriert und virtuos. Die\u2026","rel":"","context":"In &quot;Galerie&quot;","block_context":{"text":"Galerie","link":"https:\/\/www.jazzzeitung.de\/cms\/thema\/galerie\/"},"img":{"alt_text":"","src":"https:\/\/i0.wp.com\/www.jazzzeitung.de\/cms\/wp-content\/uploads\/2017\/06\/P1420370-Bollani-Foto-TJ-Krebs.jpg?resize=350%2C200","width":350,"height":200,"srcset":"https:\/\/i0.wp.com\/www.jazzzeitung.de\/cms\/wp-content\/uploads\/2017\/06\/P1420370-Bollani-Foto-TJ-Krebs.jpg?resize=350%2C200 1x, https:\/\/i0.wp.com\/www.jazzzeitung.de\/cms\/wp-content\/uploads\/2017\/06\/P1420370-Bollani-Foto-TJ-Krebs.jpg?resize=525%2C300 1.5x, https:\/\/i0.wp.com\/www.jazzzeitung.de\/cms\/wp-content\/uploads\/2017\/06\/P1420370-Bollani-Foto-TJ-Krebs.jpg?resize=700%2C400 2x, https:\/\/i0.wp.com\/www.jazzzeitung.de\/cms\/wp-content\/uploads\/2017\/06\/P1420370-Bollani-Foto-TJ-Krebs.jpg?resize=1050%2C600 3x, https:\/\/i0.wp.com\/www.jazzzeitung.de\/cms\/wp-content\/uploads\/2017\/06\/P1420370-Bollani-Foto-TJ-Krebs.jpg?resize=1400%2C800 4x"},"classes":[]},{"id":4639,"url":"https:\/\/www.jazzzeitung.de\/cms\/2014\/10\/bildergalerie-jti-trier-jazz-award-fuer-stefano-bollani\/","url_meta":{"origin":17113,"position":1},"title":"Bildergalerie: JTI Trier Jazz Award f\u00fcr Stefano Bollani","author":"Redaktion JazzZeitung","date":"2. Oktober 2014","format":false,"excerpt":"Fotos von Ralf Dombrowski: Stefano Bollani hat am vergangenen Freitag den mit 10.000 Euro dotierten JTI Trier Jazz Award verliehen bekommen. Er ist damit der f\u00fcnfte Preistr\u00e4ger nach Marilyn Mazur, Oliver Strauch, Toots Thielemans und Pascal Schumacher, der im Wechsel einmal an einen internationalen, einmal an einen interregionalen K\u00fcnstler der\u2026","rel":"","context":"In &quot;Galerie&quot;","block_context":{"text":"Galerie","link":"https:\/\/www.jazzzeitung.de\/cms\/thema\/galerie\/"},"img":{"alt_text":"","src":"https:\/\/i0.wp.com\/www.jazzzeitung.de\/cms\/wp-content\/uploads\/2014\/10\/0K3A3637_Stefano_Bollani_9_dombr.jpg?resize=350%2C200","width":350,"height":200,"srcset":"https:\/\/i0.wp.com\/www.jazzzeitung.de\/cms\/wp-content\/uploads\/2014\/10\/0K3A3637_Stefano_Bollani_9_dombr.jpg?resize=350%2C200 1x, https:\/\/i0.wp.com\/www.jazzzeitung.de\/cms\/wp-content\/uploads\/2014\/10\/0K3A3637_Stefano_Bollani_9_dombr.jpg?resize=525%2C300 1.5x, https:\/\/i0.wp.com\/www.jazzzeitung.de\/cms\/wp-content\/uploads\/2014\/10\/0K3A3637_Stefano_Bollani_9_dombr.jpg?resize=700%2C400 2x, https:\/\/i0.wp.com\/www.jazzzeitung.de\/cms\/wp-content\/uploads\/2014\/10\/0K3A3637_Stefano_Bollani_9_dombr.jpg?resize=1050%2C600 3x"},"classes":[]},{"id":13437,"url":"https:\/\/www.jazzzeitung.de\/cms\/2017\/08\/hamburger-jazz-sommerprogramm-in-der-elbphilharmonie\/","url_meta":{"origin":17113,"position":2},"title":"Hamburger \u201eJazz\u201c- Sommerprogramm in der Elbphilharmonie","author":"Redaktion JazzZeitung","date":"29. August 2017","format":false,"excerpt":"Die Hamburger Elbphilharmonie veranstaltete in den vier Augustwochen einen vielseitigen Konzertsommer: Klassik, World-, Filmmusik & Jazz wechselten sich ab und boten dem Publikum ein spannendes Programm. Im Jazz mit von der Partie u.a. Omar Sosa, die Monika Roscher Big Band und das Andromeda Mega Express Orchestra. Alles im gro\u00dfen Konzertsaal\u2026","rel":"","context":"In &quot;Bericht&quot;","block_context":{"text":"Bericht","link":"https:\/\/www.jazzzeitung.de\/cms\/thema\/bericht\/"},"img":{"alt_text":"Omar Sosa. Foto: Thomas J. Krebs","src":"https:\/\/i0.wp.com\/www.jazzzeitung.de\/cms\/wp-content\/uploads\/2017\/08\/P1530341-Omar-Sosa-Foto-TJ-Krebs-jazzphotoagency%40web.de_.jpg?fit=1200%2C800&ssl=1&resize=350%2C200","width":350,"height":200,"srcset":"https:\/\/i0.wp.com\/www.jazzzeitung.de\/cms\/wp-content\/uploads\/2017\/08\/P1530341-Omar-Sosa-Foto-TJ-Krebs-jazzphotoagency%40web.de_.jpg?fit=1200%2C800&ssl=1&resize=350%2C200 1x, https:\/\/i0.wp.com\/www.jazzzeitung.de\/cms\/wp-content\/uploads\/2017\/08\/P1530341-Omar-Sosa-Foto-TJ-Krebs-jazzphotoagency%40web.de_.jpg?fit=1200%2C800&ssl=1&resize=525%2C300 1.5x, https:\/\/i0.wp.com\/www.jazzzeitung.de\/cms\/wp-content\/uploads\/2017\/08\/P1530341-Omar-Sosa-Foto-TJ-Krebs-jazzphotoagency%40web.de_.jpg?fit=1200%2C800&ssl=1&resize=700%2C400 2x, https:\/\/i0.wp.com\/www.jazzzeitung.de\/cms\/wp-content\/uploads\/2017\/08\/P1530341-Omar-Sosa-Foto-TJ-Krebs-jazzphotoagency%40web.de_.jpg?fit=1200%2C800&ssl=1&resize=1050%2C600 3x"},"classes":[]},{"id":29593,"url":"https:\/\/www.jazzzeitung.de\/cms\/2023\/06\/elbjazz-2023-jazz-dance-unter-der-diskokugel\/","url_meta":{"origin":17113,"position":3},"title":"Elbjazz 2023: Jazz &#038; Dance unter der Diskokugel","author":"Thomas J. Krebs","date":"16. Juni 2023","format":false,"excerpt":"Gleich vorweg: Auch das diesj\u00e4hrige Hamburger Elbjazz war wieder ein voller Erfolg. Bei Temperaturen bis zu 28 Grad und herrlichem Sonnenschein am 10. und 11. Juni waren die wettertechnischen Voraussetzungen optimal, vorausgesetzt man hatte Sonnencreme und Kopfbedeckung dabei. Als vorausschauende Ma\u00dfnahme des Veranstalters wurden kostenlose Trinkwasserstellen aufgestellt, die angesichts der\u2026","rel":"","context":"In &quot;Bericht&quot;","block_context":{"text":"Bericht","link":"https:\/\/www.jazzzeitung.de\/cms\/thema\/bericht\/"},"img":{"alt_text":"","src":"https:\/\/i0.wp.com\/www.jazzzeitung.de\/cms\/wp-content\/uploads\/2023\/06\/P2491318-Tingvall-Trio-Foto-TJ-Krebs.jpg?fit=1200%2C800&ssl=1&resize=350%2C200","width":350,"height":200,"srcset":"https:\/\/i0.wp.com\/www.jazzzeitung.de\/cms\/wp-content\/uploads\/2023\/06\/P2491318-Tingvall-Trio-Foto-TJ-Krebs.jpg?fit=1200%2C800&ssl=1&resize=350%2C200 1x, https:\/\/i0.wp.com\/www.jazzzeitung.de\/cms\/wp-content\/uploads\/2023\/06\/P2491318-Tingvall-Trio-Foto-TJ-Krebs.jpg?fit=1200%2C800&ssl=1&resize=525%2C300 1.5x, https:\/\/i0.wp.com\/www.jazzzeitung.de\/cms\/wp-content\/uploads\/2023\/06\/P2491318-Tingvall-Trio-Foto-TJ-Krebs.jpg?fit=1200%2C800&ssl=1&resize=700%2C400 2x, https:\/\/i0.wp.com\/www.jazzzeitung.de\/cms\/wp-content\/uploads\/2023\/06\/P2491318-Tingvall-Trio-Foto-TJ-Krebs.jpg?fit=1200%2C800&ssl=1&resize=1050%2C600 3x"},"classes":[]},{"id":16264,"url":"https:\/\/www.jazzzeitung.de\/cms\/2018\/06\/besucherrekord-beim-hamburger-elbjazz-festival-2018\/","url_meta":{"origin":17113,"position":4},"title":"Besucherrekord beim Hamburger Elbjazz Festival 2018","author":"Redaktion JazzZeitung","date":"7. Juni 2018","format":false,"excerpt":"Das Elbjazz Festival setzte auch dieses Jahr wieder Ma\u00dfst\u00e4be. Musikalisch wie wetterm\u00e4\u00dfig war in der Tat viel Abwechslung geboten. Mit fast 28.000 Karten im Vorverkauf war das Festival bereits vor Beginn fast ausverkauft, die letzten 2000 Tickets gingen an den Tageskassen weg wie warme Semmeln. Bei einem Programm mit mehr\u2026","rel":"","context":"In &quot;Bericht&quot;","block_context":{"text":"Bericht","link":"https:\/\/www.jazzzeitung.de\/cms\/thema\/bericht\/"},"img":{"alt_text":"","src":"https:\/\/i0.wp.com\/www.jazzzeitung.de\/cms\/wp-content\/uploads\/2018\/06\/Kinga-Glyk-Trio-auf-der-Hauptb%C3%BChne-FOTO-TJ-Krebs-jazzphotoagency%40web.de_.jpg?fit=1200%2C800&ssl=1&resize=350%2C200","width":350,"height":200,"srcset":"https:\/\/i0.wp.com\/www.jazzzeitung.de\/cms\/wp-content\/uploads\/2018\/06\/Kinga-Glyk-Trio-auf-der-Hauptb%C3%BChne-FOTO-TJ-Krebs-jazzphotoagency%40web.de_.jpg?fit=1200%2C800&ssl=1&resize=350%2C200 1x, https:\/\/i0.wp.com\/www.jazzzeitung.de\/cms\/wp-content\/uploads\/2018\/06\/Kinga-Glyk-Trio-auf-der-Hauptb%C3%BChne-FOTO-TJ-Krebs-jazzphotoagency%40web.de_.jpg?fit=1200%2C800&ssl=1&resize=525%2C300 1.5x, https:\/\/i0.wp.com\/www.jazzzeitung.de\/cms\/wp-content\/uploads\/2018\/06\/Kinga-Glyk-Trio-auf-der-Hauptb%C3%BChne-FOTO-TJ-Krebs-jazzphotoagency%40web.de_.jpg?fit=1200%2C800&ssl=1&resize=700%2C400 2x, https:\/\/i0.wp.com\/www.jazzzeitung.de\/cms\/wp-content\/uploads\/2018\/06\/Kinga-Glyk-Trio-auf-der-Hauptb%C3%BChne-FOTO-TJ-Krebs-jazzphotoagency%40web.de_.jpg?fit=1200%2C800&ssl=1&resize=1050%2C600 3x"},"classes":[]},{"id":31073,"url":"https:\/\/www.jazzzeitung.de\/cms\/2024\/05\/der-nicht-gemuetliche-joachim-kuehns-80th-birthday-konzert-in-der-elbphilharmonie-hamburg\/","url_meta":{"origin":17113,"position":5},"title":"Der Nicht-Gem\u00fctliche:  Joachim K\u00fchns \u201e80th Birthday\u201c-Konzert in der Elbphilharmonie Hamburg","author":"Redaktion JazzZeitung","date":"17. Mai 2024","format":false,"excerpt":"Was f\u00fcr ein Applaus! Rauschender Jubel von einem Publikum, das in weiten Teilen stehend applaudiert. Und auf der B\u00fchne ein erfreut strahlender Lockenkopf, der nach allen Seiten zum Abschied winkt \u2013 und dann schwungvoll zum seitlichen B\u00fchnenausgang strebt. So erlebte man jetzt den Pianisten Joachim K\u00fchn \u2013 den vermutlich weltweit\u2026","rel":"","context":"In &quot;Bericht&quot;","block_context":{"text":"Bericht","link":"https:\/\/www.jazzzeitung.de\/cms\/thema\/bericht\/"},"img":{"alt_text":"","src":"https:\/\/i0.wp.com\/www.jazzzeitung.de\/cms\/wp-content\/uploads\/2024\/05\/240515_J-Kuehn_HH_02%40Walter_Schmitz-scaled.jpg?fit=1200%2C787&ssl=1&resize=350%2C200","width":350,"height":200,"srcset":"https:\/\/i0.wp.com\/www.jazzzeitung.de\/cms\/wp-content\/uploads\/2024\/05\/240515_J-Kuehn_HH_02%40Walter_Schmitz-scaled.jpg?fit=1200%2C787&ssl=1&resize=350%2C200 1x, https:\/\/i0.wp.com\/www.jazzzeitung.de\/cms\/wp-content\/uploads\/2024\/05\/240515_J-Kuehn_HH_02%40Walter_Schmitz-scaled.jpg?fit=1200%2C787&ssl=1&resize=525%2C300 1.5x, https:\/\/i0.wp.com\/www.jazzzeitung.de\/cms\/wp-content\/uploads\/2024\/05\/240515_J-Kuehn_HH_02%40Walter_Schmitz-scaled.jpg?fit=1200%2C787&ssl=1&resize=700%2C400 2x, https:\/\/i0.wp.com\/www.jazzzeitung.de\/cms\/wp-content\/uploads\/2024\/05\/240515_J-Kuehn_HH_02%40Walter_Schmitz-scaled.jpg?fit=1200%2C787&ssl=1&resize=1050%2C600 3x"},"classes":[]}],"jetpack_sharing_enabled":true,"_links":{"self":[{"href":"https:\/\/www.jazzzeitung.de\/cms\/wp-json\/wp\/v2\/posts\/17113","targetHints":{"allow":["GET"]}}],"collection":[{"href":"https:\/\/www.jazzzeitung.de\/cms\/wp-json\/wp\/v2\/posts"}],"about":[{"href":"https:\/\/www.jazzzeitung.de\/cms\/wp-json\/wp\/v2\/types\/post"}],"author":[{"embeddable":true,"href":"https:\/\/www.jazzzeitung.de\/cms\/wp-json\/wp\/v2\/users\/18"}],"replies":[{"embeddable":true,"href":"https:\/\/www.jazzzeitung.de\/cms\/wp-json\/wp\/v2\/comments?post=17113"}],"version-history":[{"count":2,"href":"https:\/\/www.jazzzeitung.de\/cms\/wp-json\/wp\/v2\/posts\/17113\/revisions"}],"predecessor-version":[{"id":17126,"href":"https:\/\/www.jazzzeitung.de\/cms\/wp-json\/wp\/v2\/posts\/17113\/revisions\/17126"}],"wp:featuredmedia":[{"embeddable":true,"href":"https:\/\/www.jazzzeitung.de\/cms\/wp-json\/wp\/v2\/media\/17122"}],"wp:attachment":[{"href":"https:\/\/www.jazzzeitung.de\/cms\/wp-json\/wp\/v2\/media?parent=17113"}],"wp:term":[{"taxonomy":"category","embeddable":true,"href":"https:\/\/www.jazzzeitung.de\/cms\/wp-json\/wp\/v2\/categories?post=17113"},{"taxonomy":"post_tag","embeddable":true,"href":"https:\/\/www.jazzzeitung.de\/cms\/wp-json\/wp\/v2\/tags?post=17113"},{"taxonomy":"author","embeddable":true,"href":"https:\/\/www.jazzzeitung.de\/cms\/wp-json\/wp\/v2\/coauthors?post=17113"}],"curies":[{"name":"wp","href":"https:\/\/api.w.org\/{rel}","templated":true}]}}