{"id":17105,"date":"2018-08-30T17:07:56","date_gmt":"2018-08-30T15:07:56","guid":{"rendered":"https:\/\/www.jazzzeitung.de\/cms\/?p=17105"},"modified":"2018-08-30T15:23:01","modified_gmt":"2018-08-30T13:23:01","slug":"premiere-erstes-progressive-chamber-music-festival-in-muenchen","status":"publish","type":"post","link":"https:\/\/www.jazzzeitung.de\/cms\/2018\/08\/premiere-erstes-progressive-chamber-music-festival-in-muenchen\/","title":{"rendered":"Premiere: Erstes Progressive Chamber Music Festival in M\u00fcnchen"},"content":{"rendered":"<p>Das Progressive Chamber Music Festival in M\u00fcnchen feiert seine Premiere. Am 17. und 18. Oktober laden das Sirius Quartet (Bild, v.l.n.r.: Fung Chern Hwei, Jeremy Harman, Ron Lawrence, Gregor Huebner) und die Hochschule f\u00fcr Musik und Theater erstmals in den Live-Club &#8222;Milla&#8220; ein, um mit insgesamt acht kleineren Konzerten die grenz\u00fcberschreitende Kammermusik des 21. Jahrhunderts zu pr\u00e4sentieren. Dabei vermengt das Musikfest verschiedene Genre-Gruppen wie Jazz, Avantgarde, Folklore, Pop oder Hip-Hop mit der zeitgen\u00f6ssischen Kammermusik. Initiator und Gr\u00fcnder des Festivals, das in New York bereits zum dritten Mal dieses Jahr stattfindet, ist das Sirius Quartet; f\u00fcr die M\u00fcnchner Ausgabe zeichnen sich die beiden Komponisten Gregor Huebner und Gerd Baumann verantwortlich.<\/p>\n<p>Den Startschuss f\u00fcr das zweit\u00e4tige Musikfest setzen am Mittwoch Pianist Richard Ruzicka und Nathanel Turban (Violine) alias &#8222;Ruzicka Turban&#8220; mit ihrem kurzen Er\u00f6ffnungskonzert, bevor sich der international gesch\u00e4tzte Cembalist Mahan Esfahani mit dem innovativen Sirius Quartet zusammenschlie\u00dft. Dritter Programmpunkt des Abends stellt das Sextett &#8222;Diskot\u00e4schchen Matthias G\u00f6tz&#8220; dar, das unter<b> <\/b>der Leitung des gleichnamigen Posaunisten f\u00fcr musikalische Fantasielandschaften im Milla sorgt. Die f\u00fcnf jungen Musiker der Band \u201eArk Noir&#8220;, die sich dem Sound des Electronic Jazz verschrieben haben, beschlie\u00dfen die erste H\u00e4lfte.<\/p>\n<p>Der Donnerstagabend beginnt mit den Grooves des &#8222;Paranormal String Quartett&#8220; rund um Geiger und Komponisten Gustavo Strauss, auf die das M\u00fcncher Duo Madsiusovanda (Gesang und Klavier) mit einer klanglichen Mischung aus Pop und Kunst folgt. Anschlie\u00dfend treffen beim Konzert des Sirius Quartets mit Sopranistin Marlis Peterson die Welt der Klassik auf die Welten des Jazz und der Improvisation. Last but not least l\u00e4sst das Munich Composer Collective, ein Zusammenschluss aus (ehemals) Studierenden der Jazz- und Klassikabteilung der Hochschule f\u00fcr Musik und Theater M\u00fcnchen, das Festival mit ausschlie\u00dflich eigenen Kompositionen ausklingen.<\/p>\n<p><a href=\"http:\/\/www.milla-club.de\">www.milla-club.de<\/a><\/p>\n","protected":false},"excerpt":{"rendered":"<p>Das Progressive Chamber Music Festival in M\u00fcnchen feiert seine Premiere. Am 17. und 18. Oktober laden das Sirius Quartet (Bild, v.l.n.r.: Fung Chern Hwei, Jeremy Harman, Ron Lawrence, Gregor Huebner) und die Hochschule f\u00fcr Musik und Theater erstmals in den Live-Club &#8222;Milla&#8220; ein, um mit insgesamt acht kleineren Konzerten die grenz\u00fcberschreitende Kammermusik des 21. Jahrhunderts zu pr\u00e4sentieren. Dabei vermengt das Musikfest verschiedene Genre-Gruppen wie Jazz, Avantgarde, Folklore, Pop oder Hip-Hop mit der zeitgen\u00f6ssischen Kammermusik. Initiator und Gr\u00fcnder des Festivals, das in New York bereits zum dritten Mal dieses Jahr stattfindet, ist das Sirius Quartet; f\u00fcr die M\u00fcnchner Ausgabe zeichnen sich die beiden Komponisten Gregor Huebner und Gerd Baumann verantwortlich. Den Startschuss f\u00fcr das zweit\u00e4tige Musikfest setzen am Mittwoch Pianist Richard Ruzicka und Nathanel Turban (Violine) alias &#8222;Ruzicka Turban&#8220; mit ihrem kurzen Er\u00f6ffnungskonzert, bevor sich der international gesch\u00e4tzte Cembalist Mahan Esfahani mit dem innovativen Sirius Quartet zusammenschlie\u00dft. Dritter Programmpunkt des Abends stellt das Sextett &#8222;Diskot\u00e4schchen Matthias G\u00f6tz&#8220; dar, das unter der Leitung des gleichnamigen Posaunisten f\u00fcr musikalische Fantasielandschaften im Milla sorgt. Die f\u00fcnf jungen Musiker der Band \u201eArk Noir&#8220;, die sich dem Sound des Electronic Jazz &hellip;<\/p>\n","protected":false},"author":18,"featured_media":17108,"comment_status":"open","ping_status":"closed","sticky":false,"template":"","format":"standard","meta":{"_jetpack_memberships_contains_paid_content":false,"footnotes":"","jetpack_publicize_message":"","jetpack_publicize_feature_enabled":true,"jetpack_social_post_already_shared":false,"jetpack_social_options":{"image_generator_settings":{"template":"highway","default_image_id":0,"font":"","enabled":false},"version":2}},"categories":[633],"tags":[1959,120,1192,1406,3,682,1422,226,1007,1876,316,322,323,1672,401,904,775,447,449,1965,1367,548],"coauthors":[695],"class_list":["post-17105","post","type-post","status-publish","format-standard","has-post-thumbnail","hentry","category-nachrichten","tag-1959","tag-club","tag-clubs","tag-duo","tag-festival","tag-festivals","tag-gesang","tag-hochschule-fuer-musik-und-theater","tag-improvisation","tag-jazz","tag-klassik","tag-konzert-2","tag-konzerte","tag-live","tag-muenchen","tag-new-york","tag-open","tag-pop","tag-preise","tag-quartett","tag-steve-reich","tag-tickets"],"yoast_head":"<!-- This site is optimized with the Yoast SEO plugin v27.5 - https:\/\/yoast.com\/product\/yoast-seo-wordpress\/ -->\n<title>Premiere: Erstes Progressive Chamber Music Festival in M\u00fcnchen - JazzZeitung<\/title>\n<meta name=\"robots\" content=\"index, follow, max-snippet:-1, max-image-preview:large, max-video-preview:-1\" \/>\n<link rel=\"canonical\" href=\"https:\/\/www.jazzzeitung.de\/cms\/2018\/08\/premiere-erstes-progressive-chamber-music-festival-in-muenchen\/\" \/>\n<meta property=\"og:locale\" content=\"de_DE\" \/>\n<meta property=\"og:type\" content=\"article\" \/>\n<meta property=\"og:title\" content=\"Premiere: Erstes Progressive Chamber Music Festival in M\u00fcnchen - JazzZeitung\" \/>\n<meta property=\"og:description\" content=\"Das Progressive Chamber Music Festival in M\u00fcnchen feiert seine Premiere. Am 17. und 18. Oktober laden das Sirius Quartet (Bild, v.l.n.r.: Fung Chern Hwei, Jeremy Harman, Ron Lawrence, Gregor Huebner) und die Hochschule f\u00fcr Musik und Theater erstmals in den Live-Club &#8222;Milla&#8220; ein, um mit insgesamt acht kleineren Konzerten die grenz\u00fcberschreitende Kammermusik des 21. Jahrhunderts zu pr\u00e4sentieren. Dabei vermengt das Musikfest verschiedene Genre-Gruppen wie Jazz, Avantgarde, Folklore, Pop oder Hip-Hop mit der zeitgen\u00f6ssischen Kammermusik. Initiator und Gr\u00fcnder des Festivals, das in New York bereits zum dritten Mal dieses Jahr stattfindet, ist das Sirius Quartet; f\u00fcr die M\u00fcnchner Ausgabe zeichnen sich die beiden Komponisten Gregor Huebner und Gerd Baumann verantwortlich. Den Startschuss f\u00fcr das zweit\u00e4tige Musikfest setzen am Mittwoch Pianist Richard Ruzicka und Nathanel Turban (Violine) alias &#8222;Ruzicka Turban&#8220; mit ihrem kurzen Er\u00f6ffnungskonzert, bevor sich der international gesch\u00e4tzte Cembalist Mahan Esfahani mit dem innovativen Sirius Quartet zusammenschlie\u00dft. Dritter Programmpunkt des Abends stellt das Sextett &#8222;Diskot\u00e4schchen Matthias G\u00f6tz&#8220; dar, das unter der Leitung des gleichnamigen Posaunisten f\u00fcr musikalische Fantasielandschaften im Milla sorgt. Die f\u00fcnf jungen Musiker der Band \u201eArk Noir&#8220;, die sich dem Sound des Electronic Jazz &hellip;\" \/>\n<meta property=\"og:url\" content=\"https:\/\/www.jazzzeitung.de\/cms\/2018\/08\/premiere-erstes-progressive-chamber-music-festival-in-muenchen\/\" \/>\n<meta property=\"og:site_name\" content=\"JazzZeitung\" \/>\n<meta property=\"article:publisher\" content=\"https:\/\/www.facebook.com\/JazzZeitung\/\" \/>\n<meta property=\"article:published_time\" content=\"2018-08-30T15:07:56+00:00\" \/>\n<meta property=\"og:image\" content=\"https:\/\/i0.wp.com\/www.jazzzeitung.de\/cms\/wp-content\/uploads\/2018\/08\/Sirius-Quartet.jpg?fit=1882%2C1255&ssl=1\" \/>\n\t<meta property=\"og:image:width\" content=\"1882\" \/>\n\t<meta property=\"og:image:height\" content=\"1255\" \/>\n\t<meta property=\"og:image:type\" content=\"image\/jpeg\" \/>\n<meta name=\"author\" content=\"Redaktion JazzZeitung\" \/>\n<script type=\"application\/ld+json\" class=\"yoast-schema-graph\">{\"@context\":\"https:\\\/\\\/schema.org\",\"@graph\":[{\"@type\":\"Article\",\"@id\":\"https:\\\/\\\/www.jazzzeitung.de\\\/cms\\\/2018\\\/08\\\/premiere-erstes-progressive-chamber-music-festival-in-muenchen\\\/#article\",\"isPartOf\":{\"@id\":\"https:\\\/\\\/www.jazzzeitung.de\\\/cms\\\/2018\\\/08\\\/premiere-erstes-progressive-chamber-music-festival-in-muenchen\\\/\"},\"author\":{\"name\":\"Redaktion JazzZeitung\",\"@id\":\"https:\\\/\\\/www.jazzzeitung.de\\\/cms\\\/#\\\/schema\\\/person\\\/2245b36b9cd1d24cea10f01c031fb92b\"},\"headline\":\"Premiere: Erstes Progressive Chamber Music Festival in M\u00fcnchen\",\"datePublished\":\"2018-08-30T15:07:56+00:00\",\"mainEntityOfPage\":{\"@id\":\"https:\\\/\\\/www.jazzzeitung.de\\\/cms\\\/2018\\\/08\\\/premiere-erstes-progressive-chamber-music-festival-in-muenchen\\\/\"},\"wordCount\":318,\"commentCount\":0,\"publisher\":{\"@id\":\"https:\\\/\\\/www.jazzzeitung.de\\\/cms\\\/#organization\"},\"image\":{\"@id\":\"https:\\\/\\\/www.jazzzeitung.de\\\/cms\\\/2018\\\/08\\\/premiere-erstes-progressive-chamber-music-festival-in-muenchen\\\/#primaryimage\"},\"thumbnailUrl\":\"https:\\\/\\\/i0.wp.com\\\/www.jazzzeitung.de\\\/cms\\\/wp-content\\\/uploads\\\/2018\\\/08\\\/Sirius-Quartet.jpg?fit=1882%2C1255&ssl=1\",\"keywords\":[\"2018\",\"Club\",\"Clubs\",\"duo\",\"Festival\",\"Festivals\",\"Gesang\",\"Hochschule f\u00fcr Musik und Theater\",\"Improvisation\",\"Jazz\",\"Klassik\",\"Konzert\",\"Konzerte\",\"Live\",\"M\u00fcnchen\",\"New York\",\"open\",\"Pop\",\"Preise\",\"Quartett\",\"Steve Reich\",\"Tickets\"],\"articleSection\":[\"News\"],\"inLanguage\":\"de\",\"potentialAction\":[{\"@type\":\"CommentAction\",\"name\":\"Comment\",\"target\":[\"https:\\\/\\\/www.jazzzeitung.de\\\/cms\\\/2018\\\/08\\\/premiere-erstes-progressive-chamber-music-festival-in-muenchen\\\/#respond\"]}]},{\"@type\":\"WebPage\",\"@id\":\"https:\\\/\\\/www.jazzzeitung.de\\\/cms\\\/2018\\\/08\\\/premiere-erstes-progressive-chamber-music-festival-in-muenchen\\\/\",\"url\":\"https:\\\/\\\/www.jazzzeitung.de\\\/cms\\\/2018\\\/08\\\/premiere-erstes-progressive-chamber-music-festival-in-muenchen\\\/\",\"name\":\"Premiere: Erstes Progressive Chamber Music Festival in M\u00fcnchen - JazzZeitung\",\"isPartOf\":{\"@id\":\"https:\\\/\\\/www.jazzzeitung.de\\\/cms\\\/#website\"},\"primaryImageOfPage\":{\"@id\":\"https:\\\/\\\/www.jazzzeitung.de\\\/cms\\\/2018\\\/08\\\/premiere-erstes-progressive-chamber-music-festival-in-muenchen\\\/#primaryimage\"},\"image\":{\"@id\":\"https:\\\/\\\/www.jazzzeitung.de\\\/cms\\\/2018\\\/08\\\/premiere-erstes-progressive-chamber-music-festival-in-muenchen\\\/#primaryimage\"},\"thumbnailUrl\":\"https:\\\/\\\/i0.wp.com\\\/www.jazzzeitung.de\\\/cms\\\/wp-content\\\/uploads\\\/2018\\\/08\\\/Sirius-Quartet.jpg?fit=1882%2C1255&ssl=1\",\"datePublished\":\"2018-08-30T15:07:56+00:00\",\"breadcrumb\":{\"@id\":\"https:\\\/\\\/www.jazzzeitung.de\\\/cms\\\/2018\\\/08\\\/premiere-erstes-progressive-chamber-music-festival-in-muenchen\\\/#breadcrumb\"},\"inLanguage\":\"de\",\"potentialAction\":[{\"@type\":\"ReadAction\",\"target\":[\"https:\\\/\\\/www.jazzzeitung.de\\\/cms\\\/2018\\\/08\\\/premiere-erstes-progressive-chamber-music-festival-in-muenchen\\\/\"]}]},{\"@type\":\"ImageObject\",\"inLanguage\":\"de\",\"@id\":\"https:\\\/\\\/www.jazzzeitung.de\\\/cms\\\/2018\\\/08\\\/premiere-erstes-progressive-chamber-music-festival-in-muenchen\\\/#primaryimage\",\"url\":\"https:\\\/\\\/i0.wp.com\\\/www.jazzzeitung.de\\\/cms\\\/wp-content\\\/uploads\\\/2018\\\/08\\\/Sirius-Quartet.jpg?fit=1882%2C1255&ssl=1\",\"contentUrl\":\"https:\\\/\\\/i0.wp.com\\\/www.jazzzeitung.de\\\/cms\\\/wp-content\\\/uploads\\\/2018\\\/08\\\/Sirius-Quartet.jpg?fit=1882%2C1255&ssl=1\",\"width\":1882,\"height\":1255},{\"@type\":\"BreadcrumbList\",\"@id\":\"https:\\\/\\\/www.jazzzeitung.de\\\/cms\\\/2018\\\/08\\\/premiere-erstes-progressive-chamber-music-festival-in-muenchen\\\/#breadcrumb\",\"itemListElement\":[{\"@type\":\"ListItem\",\"position\":1,\"name\":\"Startseite\",\"item\":\"https:\\\/\\\/www.jazzzeitung.de\\\/cms\\\/\"},{\"@type\":\"ListItem\",\"position\":2,\"name\":\"Premiere: Erstes Progressive Chamber Music Festival in M\u00fcnchen\"}]},{\"@type\":\"WebSite\",\"@id\":\"https:\\\/\\\/www.jazzzeitung.de\\\/cms\\\/#website\",\"url\":\"https:\\\/\\\/www.jazzzeitung.de\\\/cms\\\/\",\"name\":\"JazzZeitung\",\"description\":\"Jazz-News und Jazz-Kontroverses\",\"publisher\":{\"@id\":\"https:\\\/\\\/www.jazzzeitung.de\\\/cms\\\/#organization\"},\"potentialAction\":[{\"@type\":\"SearchAction\",\"target\":{\"@type\":\"EntryPoint\",\"urlTemplate\":\"https:\\\/\\\/www.jazzzeitung.de\\\/cms\\\/?s={search_term_string}\"},\"query-input\":{\"@type\":\"PropertyValueSpecification\",\"valueRequired\":true,\"valueName\":\"search_term_string\"}}],\"inLanguage\":\"de\"},{\"@type\":\"Organization\",\"@id\":\"https:\\\/\\\/www.jazzzeitung.de\\\/cms\\\/#organization\",\"name\":\"JazzZeitung online\",\"url\":\"https:\\\/\\\/www.jazzzeitung.de\\\/cms\\\/\",\"logo\":{\"@type\":\"ImageObject\",\"inLanguage\":\"de\",\"@id\":\"https:\\\/\\\/www.jazzzeitung.de\\\/cms\\\/#\\\/schema\\\/logo\\\/image\\\/\",\"url\":\"https:\\\/\\\/i0.wp.com\\\/www.jazzzeitung.de\\\/cms\\\/wp-content\\\/uploads\\\/2015\\\/08\\\/JAZZZEITUNGDE_Logo_Neu.png?fit=499%2C200&ssl=1\",\"contentUrl\":\"https:\\\/\\\/i0.wp.com\\\/www.jazzzeitung.de\\\/cms\\\/wp-content\\\/uploads\\\/2015\\\/08\\\/JAZZZEITUNGDE_Logo_Neu.png?fit=499%2C200&ssl=1\",\"width\":499,\"height\":200,\"caption\":\"JazzZeitung online\"},\"image\":{\"@id\":\"https:\\\/\\\/www.jazzzeitung.de\\\/cms\\\/#\\\/schema\\\/logo\\\/image\\\/\"},\"sameAs\":[\"https:\\\/\\\/www.facebook.com\\\/JazzZeitung\\\/\"]},{\"@type\":\"Person\",\"@id\":\"https:\\\/\\\/www.jazzzeitung.de\\\/cms\\\/#\\\/schema\\\/person\\\/2245b36b9cd1d24cea10f01c031fb92b\",\"name\":\"Redaktion JazzZeitung\",\"image\":{\"@type\":\"ImageObject\",\"inLanguage\":\"de\",\"@id\":\"https:\\\/\\\/i0.wp.com\\\/www.jazzzeitung.de\\\/cms\\\/wp-content\\\/uploads\\\/2015\\\/08\\\/JAZZZEITUNGDE_Logo_Neu.png?resize=96%2C96&ssl=159975dcacb611b5700bd619b5daf0a7a\",\"url\":\"https:\\\/\\\/i0.wp.com\\\/www.jazzzeitung.de\\\/cms\\\/wp-content\\\/uploads\\\/2015\\\/08\\\/JAZZZEITUNGDE_Logo_Neu.png?resize=96%2C96&ssl=1\",\"contentUrl\":\"https:\\\/\\\/i0.wp.com\\\/www.jazzzeitung.de\\\/cms\\\/wp-content\\\/uploads\\\/2015\\\/08\\\/JAZZZEITUNGDE_Logo_Neu.png?resize=96%2C96&ssl=1\",\"caption\":\"Redaktion JazzZeitung\"},\"description\":\"Artikel der Redaktion der JazzZeitung.\",\"sameAs\":[\"http:\\\/\\\/www.jazzzeitung.de\\\/cms\\\/\"],\"url\":\"https:\\\/\\\/www.jazzzeitung.de\\\/cms\\\/author\\\/redaktion\\\/\"}]}<\/script>\n<!-- \/ Yoast SEO plugin. -->","yoast_head_json":{"title":"Premiere: Erstes Progressive Chamber Music Festival in M\u00fcnchen - JazzZeitung","robots":{"index":"index","follow":"follow","max-snippet":"max-snippet:-1","max-image-preview":"max-image-preview:large","max-video-preview":"max-video-preview:-1"},"canonical":"https:\/\/www.jazzzeitung.de\/cms\/2018\/08\/premiere-erstes-progressive-chamber-music-festival-in-muenchen\/","og_locale":"de_DE","og_type":"article","og_title":"Premiere: Erstes Progressive Chamber Music Festival in M\u00fcnchen - JazzZeitung","og_description":"Das Progressive Chamber Music Festival in M\u00fcnchen feiert seine Premiere. Am 17. und 18. Oktober laden das Sirius Quartet (Bild, v.l.n.r.: Fung Chern Hwei, Jeremy Harman, Ron Lawrence, Gregor Huebner) und die Hochschule f\u00fcr Musik und Theater erstmals in den Live-Club &#8222;Milla&#8220; ein, um mit insgesamt acht kleineren Konzerten die grenz\u00fcberschreitende Kammermusik des 21. Jahrhunderts zu pr\u00e4sentieren. Dabei vermengt das Musikfest verschiedene Genre-Gruppen wie Jazz, Avantgarde, Folklore, Pop oder Hip-Hop mit der zeitgen\u00f6ssischen Kammermusik. Initiator und Gr\u00fcnder des Festivals, das in New York bereits zum dritten Mal dieses Jahr stattfindet, ist das Sirius Quartet; f\u00fcr die M\u00fcnchner Ausgabe zeichnen sich die beiden Komponisten Gregor Huebner und Gerd Baumann verantwortlich. Den Startschuss f\u00fcr das zweit\u00e4tige Musikfest setzen am Mittwoch Pianist Richard Ruzicka und Nathanel Turban (Violine) alias &#8222;Ruzicka Turban&#8220; mit ihrem kurzen Er\u00f6ffnungskonzert, bevor sich der international gesch\u00e4tzte Cembalist Mahan Esfahani mit dem innovativen Sirius Quartet zusammenschlie\u00dft. Dritter Programmpunkt des Abends stellt das Sextett &#8222;Diskot\u00e4schchen Matthias G\u00f6tz&#8220; dar, das unter der Leitung des gleichnamigen Posaunisten f\u00fcr musikalische Fantasielandschaften im Milla sorgt. Die f\u00fcnf jungen Musiker der Band \u201eArk Noir&#8220;, die sich dem Sound des Electronic Jazz &hellip;","og_url":"https:\/\/www.jazzzeitung.de\/cms\/2018\/08\/premiere-erstes-progressive-chamber-music-festival-in-muenchen\/","og_site_name":"JazzZeitung","article_publisher":"https:\/\/www.facebook.com\/JazzZeitung\/","article_published_time":"2018-08-30T15:07:56+00:00","og_image":[{"width":1882,"height":1255,"url":"https:\/\/i0.wp.com\/www.jazzzeitung.de\/cms\/wp-content\/uploads\/2018\/08\/Sirius-Quartet.jpg?fit=1882%2C1255&ssl=1","type":"image\/jpeg"}],"author":"Redaktion JazzZeitung","schema":{"@context":"https:\/\/schema.org","@graph":[{"@type":"Article","@id":"https:\/\/www.jazzzeitung.de\/cms\/2018\/08\/premiere-erstes-progressive-chamber-music-festival-in-muenchen\/#article","isPartOf":{"@id":"https:\/\/www.jazzzeitung.de\/cms\/2018\/08\/premiere-erstes-progressive-chamber-music-festival-in-muenchen\/"},"author":{"name":"Redaktion JazzZeitung","@id":"https:\/\/www.jazzzeitung.de\/cms\/#\/schema\/person\/2245b36b9cd1d24cea10f01c031fb92b"},"headline":"Premiere: Erstes Progressive Chamber Music Festival in M\u00fcnchen","datePublished":"2018-08-30T15:07:56+00:00","mainEntityOfPage":{"@id":"https:\/\/www.jazzzeitung.de\/cms\/2018\/08\/premiere-erstes-progressive-chamber-music-festival-in-muenchen\/"},"wordCount":318,"commentCount":0,"publisher":{"@id":"https:\/\/www.jazzzeitung.de\/cms\/#organization"},"image":{"@id":"https:\/\/www.jazzzeitung.de\/cms\/2018\/08\/premiere-erstes-progressive-chamber-music-festival-in-muenchen\/#primaryimage"},"thumbnailUrl":"https:\/\/i0.wp.com\/www.jazzzeitung.de\/cms\/wp-content\/uploads\/2018\/08\/Sirius-Quartet.jpg?fit=1882%2C1255&ssl=1","keywords":["2018","Club","Clubs","duo","Festival","Festivals","Gesang","Hochschule f\u00fcr Musik und Theater","Improvisation","Jazz","Klassik","Konzert","Konzerte","Live","M\u00fcnchen","New York","open","Pop","Preise","Quartett","Steve Reich","Tickets"],"articleSection":["News"],"inLanguage":"de","potentialAction":[{"@type":"CommentAction","name":"Comment","target":["https:\/\/www.jazzzeitung.de\/cms\/2018\/08\/premiere-erstes-progressive-chamber-music-festival-in-muenchen\/#respond"]}]},{"@type":"WebPage","@id":"https:\/\/www.jazzzeitung.de\/cms\/2018\/08\/premiere-erstes-progressive-chamber-music-festival-in-muenchen\/","url":"https:\/\/www.jazzzeitung.de\/cms\/2018\/08\/premiere-erstes-progressive-chamber-music-festival-in-muenchen\/","name":"Premiere: Erstes Progressive Chamber Music Festival in M\u00fcnchen - JazzZeitung","isPartOf":{"@id":"https:\/\/www.jazzzeitung.de\/cms\/#website"},"primaryImageOfPage":{"@id":"https:\/\/www.jazzzeitung.de\/cms\/2018\/08\/premiere-erstes-progressive-chamber-music-festival-in-muenchen\/#primaryimage"},"image":{"@id":"https:\/\/www.jazzzeitung.de\/cms\/2018\/08\/premiere-erstes-progressive-chamber-music-festival-in-muenchen\/#primaryimage"},"thumbnailUrl":"https:\/\/i0.wp.com\/www.jazzzeitung.de\/cms\/wp-content\/uploads\/2018\/08\/Sirius-Quartet.jpg?fit=1882%2C1255&ssl=1","datePublished":"2018-08-30T15:07:56+00:00","breadcrumb":{"@id":"https:\/\/www.jazzzeitung.de\/cms\/2018\/08\/premiere-erstes-progressive-chamber-music-festival-in-muenchen\/#breadcrumb"},"inLanguage":"de","potentialAction":[{"@type":"ReadAction","target":["https:\/\/www.jazzzeitung.de\/cms\/2018\/08\/premiere-erstes-progressive-chamber-music-festival-in-muenchen\/"]}]},{"@type":"ImageObject","inLanguage":"de","@id":"https:\/\/www.jazzzeitung.de\/cms\/2018\/08\/premiere-erstes-progressive-chamber-music-festival-in-muenchen\/#primaryimage","url":"https:\/\/i0.wp.com\/www.jazzzeitung.de\/cms\/wp-content\/uploads\/2018\/08\/Sirius-Quartet.jpg?fit=1882%2C1255&ssl=1","contentUrl":"https:\/\/i0.wp.com\/www.jazzzeitung.de\/cms\/wp-content\/uploads\/2018\/08\/Sirius-Quartet.jpg?fit=1882%2C1255&ssl=1","width":1882,"height":1255},{"@type":"BreadcrumbList","@id":"https:\/\/www.jazzzeitung.de\/cms\/2018\/08\/premiere-erstes-progressive-chamber-music-festival-in-muenchen\/#breadcrumb","itemListElement":[{"@type":"ListItem","position":1,"name":"Startseite","item":"https:\/\/www.jazzzeitung.de\/cms\/"},{"@type":"ListItem","position":2,"name":"Premiere: Erstes Progressive Chamber Music Festival in M\u00fcnchen"}]},{"@type":"WebSite","@id":"https:\/\/www.jazzzeitung.de\/cms\/#website","url":"https:\/\/www.jazzzeitung.de\/cms\/","name":"JazzZeitung","description":"Jazz-News und Jazz-Kontroverses","publisher":{"@id":"https:\/\/www.jazzzeitung.de\/cms\/#organization"},"potentialAction":[{"@type":"SearchAction","target":{"@type":"EntryPoint","urlTemplate":"https:\/\/www.jazzzeitung.de\/cms\/?s={search_term_string}"},"query-input":{"@type":"PropertyValueSpecification","valueRequired":true,"valueName":"search_term_string"}}],"inLanguage":"de"},{"@type":"Organization","@id":"https:\/\/www.jazzzeitung.de\/cms\/#organization","name":"JazzZeitung online","url":"https:\/\/www.jazzzeitung.de\/cms\/","logo":{"@type":"ImageObject","inLanguage":"de","@id":"https:\/\/www.jazzzeitung.de\/cms\/#\/schema\/logo\/image\/","url":"https:\/\/i0.wp.com\/www.jazzzeitung.de\/cms\/wp-content\/uploads\/2015\/08\/JAZZZEITUNGDE_Logo_Neu.png?fit=499%2C200&ssl=1","contentUrl":"https:\/\/i0.wp.com\/www.jazzzeitung.de\/cms\/wp-content\/uploads\/2015\/08\/JAZZZEITUNGDE_Logo_Neu.png?fit=499%2C200&ssl=1","width":499,"height":200,"caption":"JazzZeitung online"},"image":{"@id":"https:\/\/www.jazzzeitung.de\/cms\/#\/schema\/logo\/image\/"},"sameAs":["https:\/\/www.facebook.com\/JazzZeitung\/"]},{"@type":"Person","@id":"https:\/\/www.jazzzeitung.de\/cms\/#\/schema\/person\/2245b36b9cd1d24cea10f01c031fb92b","name":"Redaktion JazzZeitung","image":{"@type":"ImageObject","inLanguage":"de","@id":"https:\/\/i0.wp.com\/www.jazzzeitung.de\/cms\/wp-content\/uploads\/2015\/08\/JAZZZEITUNGDE_Logo_Neu.png?resize=96%2C96&ssl=159975dcacb611b5700bd619b5daf0a7a","url":"https:\/\/i0.wp.com\/www.jazzzeitung.de\/cms\/wp-content\/uploads\/2015\/08\/JAZZZEITUNGDE_Logo_Neu.png?resize=96%2C96&ssl=1","contentUrl":"https:\/\/i0.wp.com\/www.jazzzeitung.de\/cms\/wp-content\/uploads\/2015\/08\/JAZZZEITUNGDE_Logo_Neu.png?resize=96%2C96&ssl=1","caption":"Redaktion JazzZeitung"},"description":"Artikel der Redaktion der JazzZeitung.","sameAs":["http:\/\/www.jazzzeitung.de\/cms\/"],"url":"https:\/\/www.jazzzeitung.de\/cms\/author\/redaktion\/"}]}},"wp-worthy-pixel":{"ignored":false,"public":null,"server":null,"url":null},"wp-worthy-type":"normal","jetpack_publicize_connections":[],"cc_featured_image_caption":{"caption_text":"","source_text":"","source_url":""},"jetpack_featured_media_url":"https:\/\/i0.wp.com\/www.jazzzeitung.de\/cms\/wp-content\/uploads\/2018\/08\/Sirius-Quartet.jpg?fit=1882%2C1255&ssl=1","jetpack_shortlink":"https:\/\/wp.me\/p3KEcT-4rT","jetpack-related-posts":[{"id":26081,"url":"https:\/\/www.jazzzeitung.de\/cms\/2021\/11\/korrespondenz-zwischen-new-york-und-muenchen-das-progressive-chamber-music-festival-2021\/","url_meta":{"origin":17105,"position":0},"title":"Korrespondenz zwischen New York und M\u00fcnchen: das \u201eProgressive Chamber Music Festival\u201c 2021","author":"Redaktion JazzZeitung","date":"4. November 2021","format":false,"excerpt":"Seit sechs Jahren findet in den Monaten Oktober und November das \u201eProgressive Chamber Music Festival\u201c in New York statt \u2013 seit vier Jahren um eine zweit\u00e4gige Konzertreihe in M\u00fcnchen erweitert. Nach einer coronabedingten Live-Pause im letzten Jahr k\u00f6nnen die Konzerttage diesen Herbst am 10. und 11. November wieder live im\u2026","rel":"","context":"In &quot;News&quot;","block_context":{"text":"News","link":"https:\/\/www.jazzzeitung.de\/cms\/thema\/nachrichten\/"},"img":{"alt_text":"","src":"https:\/\/i0.wp.com\/www.jazzzeitung.de\/cms\/wp-content\/uploads\/2019\/10\/DSC_3885.jpg?fit=1200%2C801&ssl=1&resize=350%2C200","width":350,"height":200,"srcset":"https:\/\/i0.wp.com\/www.jazzzeitung.de\/cms\/wp-content\/uploads\/2019\/10\/DSC_3885.jpg?fit=1200%2C801&ssl=1&resize=350%2C200 1x, https:\/\/i0.wp.com\/www.jazzzeitung.de\/cms\/wp-content\/uploads\/2019\/10\/DSC_3885.jpg?fit=1200%2C801&ssl=1&resize=525%2C300 1.5x, https:\/\/i0.wp.com\/www.jazzzeitung.de\/cms\/wp-content\/uploads\/2019\/10\/DSC_3885.jpg?fit=1200%2C801&ssl=1&resize=700%2C400 2x, https:\/\/i0.wp.com\/www.jazzzeitung.de\/cms\/wp-content\/uploads\/2019\/10\/DSC_3885.jpg?fit=1200%2C801&ssl=1&resize=1050%2C600 3x"},"classes":[]},{"id":21065,"url":"https:\/\/www.jazzzeitung.de\/cms\/2019\/10\/progressive-chamber-music-festival-im-muenchner-milla-club\/","url_meta":{"origin":17105,"position":1},"title":"\u201eProgressive Chamber Music Festival\u201c im M\u00fcnchner Milla Club","author":"Redaktion JazzZeitung","date":"30. Oktober 2019","format":false,"excerpt":"Zum zweiten Mal findet das \u201eProgressive Chamber Music Festival\u201c in M\u00fcnchen statt. Veranstaltungsort ist der Live-Club \u201eMilla\u201c im Glockenbachviertel. An zwei Abenden im November (06. und 07., Beginn jeweils 20.00 Uhr) gibt es insgesamt acht Konzerte im abwechslungsreichen Short-Cut-Format. Jedes Konzert dauert nicht l\u00e4nger als\u00a0 eine Dreiviertelstunde \u2013 jeweils dazwischen\u2026","rel":"","context":"In &quot;News&quot;","block_context":{"text":"News","link":"https:\/\/www.jazzzeitung.de\/cms\/thema\/nachrichten\/"},"img":{"alt_text":"","src":"https:\/\/i0.wp.com\/www.jazzzeitung.de\/cms\/wp-content\/uploads\/2019\/10\/DSC_3885.jpg?fit=1200%2C801&ssl=1&resize=350%2C200","width":350,"height":200,"srcset":"https:\/\/i0.wp.com\/www.jazzzeitung.de\/cms\/wp-content\/uploads\/2019\/10\/DSC_3885.jpg?fit=1200%2C801&ssl=1&resize=350%2C200 1x, https:\/\/i0.wp.com\/www.jazzzeitung.de\/cms\/wp-content\/uploads\/2019\/10\/DSC_3885.jpg?fit=1200%2C801&ssl=1&resize=525%2C300 1.5x, https:\/\/i0.wp.com\/www.jazzzeitung.de\/cms\/wp-content\/uploads\/2019\/10\/DSC_3885.jpg?fit=1200%2C801&ssl=1&resize=700%2C400 2x, https:\/\/i0.wp.com\/www.jazzzeitung.de\/cms\/wp-content\/uploads\/2019\/10\/DSC_3885.jpg?fit=1200%2C801&ssl=1&resize=1050%2C600 3x"},"classes":[]},{"id":23760,"url":"https:\/\/www.jazzzeitung.de\/cms\/2020\/11\/berlin-new-york-new-york-muenchen\/","url_meta":{"origin":17105,"position":2},"title":"New York \u2013 M\u00fcnchen: Das Progressive Chamber Music Festival 2020 als Stream","author":"Redaktion JazzZeitung","date":"10. November 2020","format":false,"excerpt":"Als internationaler Br\u00fcckenbauer zwischen zwei Avantgarde-Szenen pr\u00e4sentierte sich das Jazzfest Berlin in diesen Tagen (6.-8.11.2020). Berlin \u2013 New York war ein zweit\u00e4giger Konzertmarathon mit zw\u00f6lf Projekten in sechs transatlantischen Tandems: je ein Set als Livestream aus der Betonhalle des Silent Green in Berlin und ein Set als Livestream aus dem\u2026","rel":"","context":"In &quot;News&quot;","block_context":{"text":"News","link":"https:\/\/www.jazzzeitung.de\/cms\/thema\/nachrichten\/"},"img":{"alt_text":"","src":"https:\/\/i0.wp.com\/www.jazzzeitung.de\/cms\/wp-content\/uploads\/2020\/11\/SpectrumClubDSC_5407.jpg?fit=1200%2C801&ssl=1&resize=350%2C200","width":350,"height":200,"srcset":"https:\/\/i0.wp.com\/www.jazzzeitung.de\/cms\/wp-content\/uploads\/2020\/11\/SpectrumClubDSC_5407.jpg?fit=1200%2C801&ssl=1&resize=350%2C200 1x, https:\/\/i0.wp.com\/www.jazzzeitung.de\/cms\/wp-content\/uploads\/2020\/11\/SpectrumClubDSC_5407.jpg?fit=1200%2C801&ssl=1&resize=525%2C300 1.5x, https:\/\/i0.wp.com\/www.jazzzeitung.de\/cms\/wp-content\/uploads\/2020\/11\/SpectrumClubDSC_5407.jpg?fit=1200%2C801&ssl=1&resize=700%2C400 2x, https:\/\/i0.wp.com\/www.jazzzeitung.de\/cms\/wp-content\/uploads\/2020\/11\/SpectrumClubDSC_5407.jpg?fit=1200%2C801&ssl=1&resize=1050%2C600 3x"},"classes":[]},{"id":32398,"url":"https:\/\/www.jazzzeitung.de\/cms\/2025\/03\/hochschule-fuer-musik-und-theater-muenchen-beruft-omer-klein-zum-professor-fuer-jazz-klavier\/","url_meta":{"origin":17105,"position":3},"title":"Hochschule f\u00fcr Musik und Theater M\u00fcnchen beruft Omer Klein zum Professor f\u00fcr Jazz-Klavier","author":"Martin Hufner","date":"27. M\u00e4rz 2025","format":false,"excerpt":"Die Hochschule f\u00fcr Musik und Theater M\u00fcnchen (HMTM) beruft Omer Klein zum Professor f\u00fcr Jazz-Klavier. Zum 1. Oktober 2025 wird er seine T\u00e4tigkeit an der HMTM aufnehmen und seine umfassende internationale Erfahrung sowie sein breites K\u00f6nnen als Pianist und Komponist in die Arbeit des Jazz Instituts einbringen. In der Zusammenarbeit\u2026","rel":"","context":"In &quot;News&quot;","block_context":{"text":"News","link":"https:\/\/www.jazzzeitung.de\/cms\/thema\/nachrichten\/"},"img":{"alt_text":"Omer Klein \u00a9 Peter H\u00f6nnemann","src":"https:\/\/i0.wp.com\/www.jazzzeitung.de\/cms\/wp-content\/uploads\/2025\/03\/Omer_Klein_c_Peter-Hoennemann.jpg?fit=1000%2C1107&ssl=1&resize=350%2C200","width":350,"height":200,"srcset":"https:\/\/i0.wp.com\/www.jazzzeitung.de\/cms\/wp-content\/uploads\/2025\/03\/Omer_Klein_c_Peter-Hoennemann.jpg?fit=1000%2C1107&ssl=1&resize=350%2C200 1x, https:\/\/i0.wp.com\/www.jazzzeitung.de\/cms\/wp-content\/uploads\/2025\/03\/Omer_Klein_c_Peter-Hoennemann.jpg?fit=1000%2C1107&ssl=1&resize=525%2C300 1.5x, https:\/\/i0.wp.com\/www.jazzzeitung.de\/cms\/wp-content\/uploads\/2025\/03\/Omer_Klein_c_Peter-Hoennemann.jpg?fit=1000%2C1107&ssl=1&resize=700%2C400 2x"},"classes":[]},{"id":30325,"url":"https:\/\/www.jazzzeitung.de\/cms\/2023\/11\/transatlantisch-progressive-chamber-music-festival-2024-in-der-muenchner-milla\/","url_meta":{"origin":17105,"position":4},"title":"Transatlantisch: Progressive Chamber Music Festival 2024 in der M\u00fcnchner Milla","author":"Redaktion JazzZeitung","date":"21. November 2023","format":false,"excerpt":"Das \u201eProgressive Chamber Music Festival\u201c (PCMF) wird dieses Jahr zum sechsten Mal in der Milla stattfinden, am Mittwoch, 22. und Donnerstag, 23. November, Beginn jeweils um 20.00 Uhr. Kaum ein anderes Festival \u00fcberschreitet so stark die Grenzen zwischen Kammermusik, Jazz, Avantgarde, Folklore, Pop, Hip-Hop und anderer Genres zeitgen\u00f6ssischer Musik wie\u2026","rel":"","context":"In &quot;News&quot;","block_context":{"text":"News","link":"https:\/\/www.jazzzeitung.de\/cms\/thema\/nachrichten\/"},"img":{"alt_text":"","src":"https:\/\/i0.wp.com\/www.jazzzeitung.de\/cms\/wp-content\/uploads\/2023\/11\/Massachusetts-Photography-Studio-Musician-Headshots-Professional-Branding-Portrait-Photographer-Sirius-Quartet-1-copy-e1700567516824.jpg?fit=1200%2C920&ssl=1&resize=350%2C200","width":350,"height":200,"srcset":"https:\/\/i0.wp.com\/www.jazzzeitung.de\/cms\/wp-content\/uploads\/2023\/11\/Massachusetts-Photography-Studio-Musician-Headshots-Professional-Branding-Portrait-Photographer-Sirius-Quartet-1-copy-e1700567516824.jpg?fit=1200%2C920&ssl=1&resize=350%2C200 1x, https:\/\/i0.wp.com\/www.jazzzeitung.de\/cms\/wp-content\/uploads\/2023\/11\/Massachusetts-Photography-Studio-Musician-Headshots-Professional-Branding-Portrait-Photographer-Sirius-Quartet-1-copy-e1700567516824.jpg?fit=1200%2C920&ssl=1&resize=525%2C300 1.5x, https:\/\/i0.wp.com\/www.jazzzeitung.de\/cms\/wp-content\/uploads\/2023\/11\/Massachusetts-Photography-Studio-Musician-Headshots-Professional-Branding-Portrait-Photographer-Sirius-Quartet-1-copy-e1700567516824.jpg?fit=1200%2C920&ssl=1&resize=700%2C400 2x, https:\/\/i0.wp.com\/www.jazzzeitung.de\/cms\/wp-content\/uploads\/2023\/11\/Massachusetts-Photography-Studio-Musician-Headshots-Professional-Branding-Portrait-Photographer-Sirius-Quartet-1-copy-e1700567516824.jpg?fit=1200%2C920&ssl=1&resize=1050%2C600 3x"},"classes":[]},{"id":20254,"url":"https:\/\/www.jazzzeitung.de\/cms\/2019\/08\/ab-nach-paris-diana-syrse-und-maximilian-hoecherl-erhalten-stipendien\/","url_meta":{"origin":17105,"position":5},"title":"Ab nach Paris: Diana Syrse und Maximilian H\u00f6cherl erhalten Stipendien","author":"Redaktion JazzZeitung","date":"2. August 2019","format":false,"excerpt":"Die Komponistin und S\u00e4ngerin Diana Syrse und der Jazzmusiker Maximilian H\u00f6cherl erhalten ein sechsmonatiges Aufenthaltsstipendium an der Cit\u00e9 internationale des arts in Paris. Das gab der bayerische Kunstminister Bernd Sibler am 2.8.19 in M\u00fcnchen bekannt: \u201eMit Auslandsstipendien wollen wir jungen talentierten Musikerinnen und Musikern die M\u00f6glichkeit bieten, sich mit anderen,\u2026","rel":"","context":"In &quot;News&quot;","block_context":{"text":"News","link":"https:\/\/www.jazzzeitung.de\/cms\/thema\/nachrichten\/"},"img":{"alt_text":"","src":"https:\/\/i0.wp.com\/www.jazzzeitung.de\/cms\/wp-content\/uploads\/2019\/08\/H%C3%B6cherl.jpg?fit=605%2C338&ssl=1&resize=350%2C200","width":350,"height":200,"srcset":"https:\/\/i0.wp.com\/www.jazzzeitung.de\/cms\/wp-content\/uploads\/2019\/08\/H%C3%B6cherl.jpg?fit=605%2C338&ssl=1&resize=350%2C200 1x, https:\/\/i0.wp.com\/www.jazzzeitung.de\/cms\/wp-content\/uploads\/2019\/08\/H%C3%B6cherl.jpg?fit=605%2C338&ssl=1&resize=525%2C300 1.5x"},"classes":[]}],"jetpack_sharing_enabled":true,"_links":{"self":[{"href":"https:\/\/www.jazzzeitung.de\/cms\/wp-json\/wp\/v2\/posts\/17105","targetHints":{"allow":["GET"]}}],"collection":[{"href":"https:\/\/www.jazzzeitung.de\/cms\/wp-json\/wp\/v2\/posts"}],"about":[{"href":"https:\/\/www.jazzzeitung.de\/cms\/wp-json\/wp\/v2\/types\/post"}],"author":[{"embeddable":true,"href":"https:\/\/www.jazzzeitung.de\/cms\/wp-json\/wp\/v2\/users\/18"}],"replies":[{"embeddable":true,"href":"https:\/\/www.jazzzeitung.de\/cms\/wp-json\/wp\/v2\/comments?post=17105"}],"version-history":[{"count":6,"href":"https:\/\/www.jazzzeitung.de\/cms\/wp-json\/wp\/v2\/posts\/17105\/revisions"}],"predecessor-version":[{"id":17112,"href":"https:\/\/www.jazzzeitung.de\/cms\/wp-json\/wp\/v2\/posts\/17105\/revisions\/17112"}],"wp:featuredmedia":[{"embeddable":true,"href":"https:\/\/www.jazzzeitung.de\/cms\/wp-json\/wp\/v2\/media\/17108"}],"wp:attachment":[{"href":"https:\/\/www.jazzzeitung.de\/cms\/wp-json\/wp\/v2\/media?parent=17105"}],"wp:term":[{"taxonomy":"category","embeddable":true,"href":"https:\/\/www.jazzzeitung.de\/cms\/wp-json\/wp\/v2\/categories?post=17105"},{"taxonomy":"post_tag","embeddable":true,"href":"https:\/\/www.jazzzeitung.de\/cms\/wp-json\/wp\/v2\/tags?post=17105"},{"taxonomy":"author","embeddable":true,"href":"https:\/\/www.jazzzeitung.de\/cms\/wp-json\/wp\/v2\/coauthors?post=17105"}],"curies":[{"name":"wp","href":"https:\/\/api.w.org\/{rel}","templated":true}]}}