{"id":17001,"date":"2018-08-26T12:00:54","date_gmt":"2018-08-26T10:00:54","guid":{"rendered":"https:\/\/www.jazzzeitung.de\/cms\/?p=17001"},"modified":"2018-08-20T19:06:08","modified_gmt":"2018-08-20T17:06:08","slug":"die-jazz-radiowoche-vom-27-08-bis-02-09-2018","status":"publish","type":"post","link":"https:\/\/www.jazzzeitung.de\/cms\/2018\/08\/die-jazz-radiowoche-vom-27-08-bis-02-09-2018\/","title":{"rendered":"Die Jazz-Radiowoche vom 27.08. bis 02.09.2018"},"content":{"rendered":"<p>Ein kleiner Blick in die Jazzwoche 35 im Radio. Ab jetzt mit dem ARD Radiofestival 2018. Wochentags von 23:35 bis 00:00 auf hr2-kultur | MDR Kultur | NDR Kultur | Bremen Zwei | SR2 KulturRadio | SWR 2 | WDR 3.<\/p>\n<p>Die \u00dcbersicht zum <a href=\"https:\/\/service.conbrio.de\/service\/download\/278\/\">Download als PDF<\/a>. Alle Angaben ohne Gew\u00e4hr.<\/p>\n<hr \/>\n<h2>Jazz im Radio (Fernsehen)<\/h2>\n<ul>\n<li><strong>SR2<\/strong> \u2013 <u><a href=\"http:\/\/www.sr.de\/sr\/sr2\/sendungen_a-z\/uebersicht\/jazznow\/index.html\">JazzNow<\/a><\/u> \u2013 Sonntags von 20.04 bis 22.30 Uhr<\/li>\n<li><strong>BR-KLASSIK \u2013 <\/strong><u><a href=\"https:\/\/www.br-klassik.de\/themen\/jazz-und-weltmusik\/jazztime-die-ganze-welt-des-jazz-100.html\">Jazztime<\/a><\/u><strong> \u2013 <\/strong>Von Montag bis Freitag t\u00e4glich um 23.05 Uhr<\/li>\n<li><strong>rbb-kulturradio<\/strong> \u2013 <u><a href=\"https:\/\/www.kulturradio.de\/programm\/schema\/sendungen\/late_night_jazz.html\">Late Night Jazz<\/a><\/u> \u2013 Sa und So 23:04 \u2013 24:00 Uhr<\/li>\n<li><strong>hr2-kultur<\/strong> \u2013 <u><a href=\"http:\/\/www.hr2.de\/musik\/jazz\/index.html\">Jazz in hr2-kultur<\/a><\/u> \u2013 t\u00e4glich<\/li>\n<li><strong>SWR2<\/strong> \u2013 <u><a href=\"https:\/\/www.swr.de\/swr2\/programm\/sendungen\/jazz\/startseite-mit-vorschau\/-\/id=659242\/did=13778140\/nid=659242\/13ttn4d\/index.html\">Jazz<\/a><\/u> \u2013 t\u00e4glich<\/li>\n<li><strong>WDR3<\/strong> \u2013 <u><a href=\"http:\/\/www1.wdr.de\/radio\/wdr3\/programm\/sendungen\/wdr3-jazz-world\/index.html\">JAZZ &amp; WORLD<\/a><\/u> \u2013 Improvisiertes zum Tagesausklang \u2013 Montag bis Freitag, 22.04 \u2013 0:00 Uhr<\/li>\n<li><strong>Deutschlandfunk<\/strong> \u2013 <u><a href=\"http:\/\/www.deutschlandfunk.de\/jazz.747.de.html\">Jazz (\u00dcberblick)<\/a><\/u> \u2013 <u><a href=\"http:\/\/www.deutschlandfunk.de\/jazz-live.822.de.html\">Jazz Live<\/a><\/u>, <u><a href=\"http:\/\/www.deutschlandfunk.de\/jazzfacts.824.de.html\">JazzFacts<\/a><\/u> und <u><a href=\"http:\/\/www.deutschlandfunk.de\/milestones.1805.de.html\">Milestones<\/a><\/u><\/li>\n<li><strong>Deutschlandfunk Kultur<\/strong> \u2013 <u><a href=\"http:\/\/www.deutschlandfunkkultur.de\/jazz.1142.de.html\">Jazz<\/a><\/u> \u2013 diverse Sendetermine<\/li>\n<li><strong>ARTE TV<\/strong> \u2013 <u><a href=\"https:\/\/www.arte.tv\/de\/videos\/arte-concert\/jazz\/?xtor=AD-6-%5bMV_CFR_ARTE_DE_Google_GEN_GDN%5d-%5bGDN_GEN_Arte_Concerts_Jazz%5d-C-%5bjazz%20musik%5d\">Jazz<\/a><\/u><\/li>\n<\/ul>\n<hr \/>\n<h2>27.08.2018<\/h2>\n<hr \/>\n<p>17:50 bis 18:00 | SWR 2<br \/>\n<strong>SWR2 Jazz vor Sechs \u2013 Galt MacDermot: Ain&#8217;t got no \u2013 I got life,\u00a0 Hair (Musical, 1967)<\/strong><\/p>\n<p>19:04 bis 20:00 | hr2-kultur<br \/>\n<strong>H\u00f6rbar: Musik grenzenlos<\/strong><\/p>\n<p>19:35 bis 20:00 | MDR Kultur<br \/>\n<strong>MDR KULTUR \u2013 Jazz Lounge: Silje Nergaard, Vocal<\/strong><\/p>\n<p>22:05 bis 23:00 | NDR Info<br \/>\n<strong>Play Jazz! Das Jazzmagazin \u2013 Sarah Seidel<\/strong><\/p>\n<p style=\"padding-left: 30px;\">Das Magazin aus der Welt des Jazz. Auf dem Programm stehen aktuelle CDs (darunter das \u201eAlbum der Woche\u201c) und Klassiker, Portr\u00e4ts von K\u00fcnstlern und Plattenfirmen, Konzerte, B\u00fccher und Filme.<\/p>\n<p style=\"padding-left: 30px;\">Play Jazz! sp\u00fcrt Trends nach und erinnert in der Rubrik \u201eRemember\u201c an die gro\u00dfen Momente der Jazzgeschichte. Im \u201eFenster nach Europa\u201c gibt es regelm\u00e4\u00dfig H\u00f6hepunkte von allen bedeutenden europ\u00e4ischen Jazzfestivals.<\/p>\n<p style=\"padding-left: 30px;\">Play Jazz! blickt auf die Jazz Szene im Sendegebiet und informiert in Interviews und Reportagen \u00fcber die Arbeit von Clubs, Jazzinitiativen und Festivals in Norddeutschland.<\/p>\n<p>23:05 bis 00:00 | BR-KLASSIK<br \/>\n<strong>Jazztime: Jazztoday \u2013 Pegasus im Lotussitz: zum 85. Geburtstag von Wayne Shorter (25.08.2018)<\/strong><\/p>\n<p style=\"padding-left: 30px;\">Henning Sieverts pr\u00e4sentiert den ewig jungen amerikanischen Saxophonisten und Komponisten in Aufnahmen aus allen Phasen seiner \u00fcber 60-j\u00e4hrigen Karriere, auch mit H\u00f6rproben von seinem ganz aktuellen Gesamtkunstwerk \u201eEmanon\u201c<\/p>\n<p>23:35 bis 00:00 | hr2-kultur | MDR Kultur | NDR Kultur | Bremen Zwei | SR2 KulturRadio | SWR 2 WDR 3<br \/>\n<strong>Entdecker, Erneuerer, Wegbereiter \u2013 Das Gary-Burton-Quartet 1968 bei den Berliner Jazztagen<\/strong><\/p>\n<p style=\"padding-left: 30px;\">Jazz | ARD Radiofestival 2018. Unter dem Titel \u201eNew Vibe Man In Town\u201c sorgte Gary Burton bereits 1961 \u2013 als 18-J\u00e4hriger \u2013 f\u00fcr Verbl\u00fcffung und Begeisterung, denn er stellte das Vibrafon in einen neuen Jazz-Kontext. 1967 formierte er mit Steve Swallow (b), Roy Haynes (dr) und Larry Coryell (g) ein Quartett, das zum Vorboten des Jazzrock wurde.<\/p>\n<p style=\"padding-left: 30px;\">Vor allem entdeckte und f\u00f6rderte Burton in den folgenden Jahrzehnten immer wieder \u2013 auch als Dozent am Bostoner Berklee College of Music \u2013 junge Gitarristen, die den Sound seiner Bands ma\u00dfgeblich mitpr\u00e4gten: Mick Goodrick, Pat Metheny, Wolfgang Muthspiel oder Kurt Rosenwinkel. Im Quartett, mit dem Gary Burton 1968 bei den Berliner Jazztagen auftrat, spielte neben Swallow und Haynes der 1940 geborene Gitarrist Jerry Hahn. Moderation: Ulf Drechsel<\/p>\n<hr \/>\n<h2>28.08.2018<\/h2>\n<hr \/>\n<p>01:05 bis 05:00 | Deutschlandfunk Kultur<br \/>\n<strong>Tonart: Jazz \u2013 Moderation: Manuela Krause<\/strong><\/p>\n<p>17:50 bis 18:00 | SWR 2<br \/>\n<strong>SWR2 Jazz vor Sechs \u2013 Charles Edward Haden: Blues for Pat<\/strong><\/p>\n<p>19:04 bis 20:00 | hr2-kultur<br \/>\n<strong>H\u00f6rbar: Musik grenzenlos<\/strong><\/p>\n<p>19:35 bis 20:00 | MDR Kultur<br \/>\n<strong>MDR KULTUR \u2013 Jazz Lounge: Mix<\/strong><\/p>\n<p>21:05 bis 22:00 | Deutschlandfunk<br \/>\n<strong>Jazz Live<\/strong><\/p>\n<p style=\"padding-left: 30px;\">Antonio Lizana, Alt- und Sopransaxofon (1\/2). Daniel Garcia, Piano; Jes\u00fas Caparr\u00f3s, E-Bass; Shayan Fathi, Schlagzeug; Jose Maria Castano, Tanz. Aufnahme vom 21.4.2018 aus dem Jazzclub Unterfahrt, M\u00fcnchen. Am Mikrofon: Harald Rehmann. (Teil 2 am 31.8.2018 in On Stage)<\/p>\n<p style=\"padding-left: 30px;\">Im Schnittfeld von Flamenco und Jazz gibt es zahlreiche Begegnungen \u2013 und Antonio Lizanas Ensemble Oriente repr\u00e4sentiert sicherlich eine der faszinierendsten Verschmelzungen beider Klangwelten. Antonio Lizana stammt aus C\u00e1diz, einer Hochburg der andalusischen Folklore, die schon viele Flamencostars hervorgebracht hat, allen voran der S\u00e4nger Camar\u00f3n de la Isla. Er ist eines der Vorbilder von Lizana, der als Vokalist eine ebenso gute Figur macht wie als Saxofonist. Denn es ist der erkl\u00e4rte Wille des 1983 geborenen Andalusiers, musikalische Genre- und Stilgrenzen ad absurdum zu f\u00fchren und zu zeigen, dass sich beispielsweise der urspr\u00fcngliche Flamenco und der Jazz in Struktur und Ausdrucksweise sehr nahestehen. Die Beweisf\u00fchrung dazu gelingt Antonio Lizana und den vorz\u00fcglichen Musikern seines Quintetts Oriente h\u00f6chst eindrucksvoll.<\/p>\n<p>22:05 bis 23:00 | NDR Info<br \/>\n<strong>Play Jazz! Das Jazzmagazin \u2013 Sarah Seidel<\/strong><\/p>\n<p style=\"padding-left: 30px;\">Das Magazin aus der Welt des Jazz. Auf dem Programm stehen aktuelle CDs (darunter das \u201eAlbum der Woche\u201c) und Klassiker, Portr\u00e4ts von K\u00fcnstlern und Plattenfirmen, Konzerte, B\u00fccher und Filme.<\/p>\n<p style=\"padding-left: 30px;\">Play Jazz! sp\u00fcrt Trends nach und erinnert in der Rubrik \u201eRemember\u201c an die gro\u00dfen Momente der Jazzgeschichte. Im \u201eFenster nach Europa\u201c gibt es regelm\u00e4\u00dfig H\u00f6hepunkte von allen bedeutenden europ\u00e4ischen Jazzfestivals.<\/p>\n<p style=\"padding-left: 30px;\">Play Jazz! blickt auf die Jazz Szene im Sendegebiet und informiert in Interviews und Reportagen \u00fcber die Arbeit von Clubs, Jazzinitiativen und Festivals in Norddeutschland.<\/p>\n<p>23:05 bis 00:00 | BR-KLASSIK<br \/>\n<strong>Jazztime: News &amp; Roots \u2013 Neues aus Berlin<\/strong><\/p>\n<p style=\"padding-left: 30px;\">Aktuelle Produktionen mit \u201eKuu!\u201c, Erik Leuth\u00e4user, Marc Schmolling\/Gerhard Gschl\u00f6ssl und \u201eDer Lange Schatten\u201c. Auswahl und Moderation: Henning Sieverts<\/p>\n<p>23:35 bis 00:00 | hr2-kultur | MDR Kultur | NDR Kultur | Bremen Zwei | SR2 KulturRadio | SWR 2 | WDR 3<br \/>\n<strong>Dienst-Jubil\u00e4um \u2013 40 Jahre auf der B\u00fchne: Der Frankfurter Gitarrist Michael Sagmeister<\/strong><\/p>\n<p style=\"padding-left: 30px;\">Jazz | ARD Radiofestival 2018. Um einer der international f\u00fchrenden Gitarristen zu werden, \u00fcbte er schon als Jugendlicher bis zu zehn Stunden am Tag. W\u00e4hrend die anderen Jungs Fu\u00dfball spielten, entschied er sich f\u00fcr eine Karriere als Profi-Musiker. Seit 40 Jahren steht Michael Sagmeister auf der B\u00fchne: Solo oder in den unterschiedlichsten Band-Konstellationen, mitunter auch zusammen mit einem seiner Heroes (wie schon etwa mit Pat Martino oder Larry Coryell), im Moment wieder viel mit seinem Langzeit-Trio, das schon 30 Jahre zusammenh\u00e4lt.<\/p>\n<p style=\"padding-left: 30px;\">Sagmeister spielt mit elektrischer oder akustischer Gitarre, in kleinen Clubs und gr\u00f6\u00dferen Hallen und er freut sich, dass er hierzulande einer der Jazzmusiker ist, die wirklich gut von ihrer Kunst leben k\u00f6nnen. Unpr\u00e4tenti\u00f6s und ehrlich f\u00e4llt die Bilanz seines \u201eDienst-Jubil\u00e4ums\u201c\u00a0 \u201eGitarre, das ist lebensl\u00e4nglich\u201c, sagt der Frankfurter Gitarrist, \u201edu h\u00f6rst nie auf zu lernen und zu spielen. Au\u00dferdem sitzt es sich mit Gitarre so viel bequemer als ohne.\u201c Autorin: Daniella Baumeister<\/p>\n<hr \/>\n<h2>29.08.2018<\/h2>\n<hr \/>\n<p>17:50 bis 18:00 | SWR 2<br \/>\n<strong>SWR2 Jazz vor Sechs \u2013 Robock Staple: Why am I treated so bad<\/strong><\/p>\n<p>19:04 bis 20:00 | hr2-kultur<br \/>\n<strong>H\u00f6rbar: Musik grenzenlos<\/strong><\/p>\n<p>19:15 bis 20:00 | SR2 KulturRadio<br \/>\n<strong>B\u00fccherLese: Neues aus der Welt der Literatur<\/strong><\/p>\n<p>19:35 bis 20:00 | MDR Kultur<br \/>\n<strong>MDR KULTUR \u2013 Jazz Lounge: Stan Getz, Saxophon<\/strong><\/p>\n<p>22:05 bis 23:00 | NDR Info<br \/>\n<strong>Play Jazz! Das Jazzmagazin \u2013 Sarah Seidel<\/strong><\/p>\n<p style=\"padding-left: 30px;\">Das Magazin aus der Welt des Jazz. Auf dem Programm stehen aktuelle CDs (darunter das \u201eAlbum der Woche\u201c) und Klassiker, Portr\u00e4ts von K\u00fcnstlern und Plattenfirmen, Konzerte, B\u00fccher und Filme.<\/p>\n<p style=\"padding-left: 30px;\">Play Jazz! sp\u00fcrt Trends nach und erinnert in der Rubrik \u201eRemember\u201c an die gro\u00dfen Momente der Jazzgeschichte. Im \u201eFenster nach Europa\u201c gibt es regelm\u00e4\u00dfig H\u00f6hepunkte von allen bedeutenden europ\u00e4ischen Jazzfestivals.<\/p>\n<p style=\"padding-left: 30px;\">Play Jazz! blickt auf die Jazz Szene im Sendegebiet und informiert in Interviews und Reportagen \u00fcber die Arbeit von Clubs, Jazzinitiativen und Festivals in Norddeutschland.<\/p>\n<p>23:05 bis 00:00 | BR-KLASSIK<br \/>\n<strong>Jazztime: Jazz aus N\u00fcrnberg: Special \u2013 \u201eVon Franken nach New York\u201c<\/strong><\/p>\n<p style=\"padding-left: 30px;\">Die Schlagzeugerin Mareike Wiening pendelt zwischen den Welten. Moderation und Auswahl: Anja Buchmann. Herzogenaurauch, Mannheim, Kopenhagen und New York: so lauten die musikalischen und pers\u00f6nlichen Stationen der Schlagzeugerin, Bandleaderin und Komponistin Mareike Weining. Ihr erstes Studium beginnt sie in Mannheim bei Michael K\u00fcttner, verbringt daraufhin ein Jahr als Stipendiatin in Kopenhagen \u2013 mit Unterricht unter anderem bei Marilyn Mazur und Django Bates \u2013 um schlie\u00dflich ihr Masterstudium an der New York University zu absolvieren. Und sie tut das, was wenige deutsche Jazzmusiker schaffen: Sie bleibt in New York, nimmt dort das Debutalbum \u201eCrosswalk\u201c mit ihrer amerikanischen Band auf und pflegt weiterhin ihre Verbindungen nach Deutschland. Diese kommen besonders in ihrem Projekt \u201eFree at Last \u2013 von Luther zu Martin Luther King\u201c zur Geltung, in denen die Musikerin Texte des deutschen Reformators und des US-amerikanischen Menschenrechtlers vertont hat. Mareike Wiening \u2013 eine Fr\u00e4nkin in New York, die durch ihr melodisches, leicht\u201ch\u00e4ndiges\u201c und elegantes Spiel besticht, das sowohl hintergr\u00fcndige Impulse als auch vordergr\u00fcndige Virtuosit\u00e4t bietet.<\/p>\n<p>23:35 bis 00:00 | hr2-kultur | MDR Kultur | NDR Kultur | Bremen Zwei | SR2 KulturRadio | SWR 2 | WDR 3<br \/>\n<strong>Die Leichtf\u00fc\u00dfigen \u2013 Bossa Nova, Samba und luftige Harmonien<\/strong><\/p>\n<p style=\"padding-left: 30px;\">Jazz | ARD Radiofestival 2018. Sambarhythmen auf der Gitarre gezupft, Harmonien, die einen leichtf\u00fc\u00dfig davontragen, kombiniert mit poetischen Texten. Mit Aufnahmen von Carminho, Dusko Goykovich, Henri Salvador und anderen.<\/p>\n<p style=\"padding-left: 30px;\">Ende der 1950er Jahre war&#8217;s. Ein neuer Stil aus Samba und Cool Jazz, die \u201eBossa Nova\u201c, eroberte von Brasilien aus die ganze Welt. Und mit diesem Song begann es: mit \u201eChega de saudade\u201c (Schluss mit der Sehnsucht), auch bekannt als \u201eNo more blues\u201c. Geschrieben hat ihn das Komponisten- und Autoren-Duo Ant\u00f4nio Carlos Jobim und Vinicius de Moraes. Der Gitarrist, Chansonnier, Komponist und Schauspieler Henri Salvador hatte neben vielen anderen auch diesen neuen Musikstil in seinem Repertoire, das ihm im Jahr 2000 noch mit \u00fcber achtzig zu einem international bewunderten Comeback verhalf. Und auch heute zollt man dem gro\u00dfen brasilianischen Interpreten, Gitarristen und Komponisten Ant\u00f4nio Carlos Jobim und seinen luftigen Kl\u00e4ngen Tribut, etwa, wenn die 1984 geborene S\u00e4ngerin Carminho die Melancholie des Fado mit der Leichtigkeit der Bossa Nova verkn\u00fcpft.<\/p>\n<p style=\"padding-left: 30px;\">Sanft-schaukelnde Bossa-Rhythmen, Samba und luftige Harmonien kurz vor Mitternacht im ARD Radiofestival Jazz. Moderation: Beatrix Gillmann<\/p>\n<hr \/>\n<h2>30.08.2018<\/h2>\n<hr \/>\n<p>17:50 bis 18:00 | SWR 2<br \/>\n<strong>SWR2 Jazz vor Sechs \u2013 Antonio Carlos Jobim: Girl from Ipanema (Garota de Ipanema)<\/strong><\/p>\n<p>19:04 bis 20:00 | hr2-kultur<br \/>\n<strong>H\u00f6rbar: Musik grenzenlos<\/strong><\/p>\n<p>19:35 bis 20:00 | MDR Kultur<br \/>\n<strong>MDR KULTUR \u2013 Jazz Lounge: Mix<\/strong><\/p>\n<p>21:05 bis 22:00 | Deutschlandfunk<br \/>\n<strong>JazzFacts: Gestaltungswille und langer Atem \u2013 Der Posaunist und Komponist Janning Trumann<\/strong><\/p>\n<p style=\"padding-left: 30px;\">Am Mikrofon: Thomas Loewner. Janning Trumann geh\u00f6rt zu den herausragenden Vertretern der K\u00f6lner Jazzszene. Mit seinen knapp 30 Jahren kann der Posaunist, Komponist, Arrangeur und Bandleader nicht nur ein beeindruckendes Werk vorweisen, er leitet inzwischen auch ein eigenes Label. Nach Jazzstudien bei Nils Landgren in Hamburg und an der K\u00f6lner Hochschule f\u00fcr Musik zeigte Janning Trumann schon fr\u00fch, dass er nicht nur ein vielseitiger und ausdrucksstarker Musiker ist, sondern auch organisatorisches Talent besitzt: Sein Konzertexamen gestaltete er 2014 beispielsweise als Festival. Seitdem hat er als Mitglied gro\u00dfer Ensembles wie dem Cologne Contemporary Jazz Orchestra oder dem Subway Jazz Orchestra, aber auch mit eigenen Bands wie dem Quartett Trumann Doktrin oder dem Doppeltrio Makkro zunehmend f\u00fcr Aufmerksamkeit gesorgt. Ob pr\u00e4zises Satzspiel, freie Improvisation oder komplexe Bandkonzepte mit allerhand rhythmischen und harmonischen Finessen: Janning Trumann beherrscht alle Spielformen des zeitgen\u00f6ssischen Jazz.<\/p>\n<p>22:05 bis 23:00 | NDR Info<br \/>\n<strong>Play Jazz! Das Jazzmagazin \u2013 Sarah Seidel<\/strong><\/p>\n<p style=\"padding-left: 30px;\">Das Magazin aus der Welt des Jazz. Auf dem Programm stehen aktuelle CDs (darunter das \u201eAlbum der Woche\u201c) und Klassiker, Portr\u00e4ts von K\u00fcnstlern und Plattenfirmen, Konzerte, B\u00fccher und Filme.<\/p>\n<p style=\"padding-left: 30px;\">Play Jazz! sp\u00fcrt Trends nach und erinnert in der Rubrik \u201eRemember\u201c an die gro\u00dfen Momente der Jazzgeschichte. Im \u201eFenster nach Europa\u201c gibt es regelm\u00e4\u00dfig H\u00f6hepunkte von allen bedeutenden europ\u00e4ischen Jazzfestivals.<\/p>\n<p style=\"padding-left: 30px;\">Play Jazz! blickt auf die Jazz Szene im Sendegebiet und informiert in Interviews und Reportagen \u00fcber die Arbeit von Clubs, Jazzinitiativen und Festivals in Norddeutschland.<\/p>\n<p>23:05 bis 00:00 | BR-KLASSIK<br \/>\n<strong>Jazztime: All that Jazz \u2013 Junger Jazz aus London, New Orleans, New York, Tel Aviv, Paris und Berlin<\/strong><\/p>\n<p style=\"padding-left: 30px;\">Musik von und mit Shabaka Hutchings, Christian Scott, Gilad Hekselmann, Oded Tsur, Camille Bertault und Julia Kadel. Moderation und Auswahl: Hannah Weiss<\/p>\n<p>23:35 bis 00:00 | hr2-kultur | MDR Kultur | NDR Kultur | Bremen Zwei | SR2 KulturRadio | SWR 2 | WDR 3<br \/>\n<strong>Ein bekannter Unbekannter \u2013 Der Pianist Alan Pasqua im Trio und mit der WDR-Big-Band<\/strong><\/p>\n<p style=\"padding-left: 30px;\">Jazz | ARD Radiofestival 2018. Als einer der meistbesch\u00e4ftigten Studiomusiker ist Alan Pasqua auf unz\u00e4hligen Produktionen zu finden. Dennoch kennen ihn nicht allzu viele. Umso willkommener war ein Doppel-Auftritt des Pianisten beim diesj\u00e4hrigen WDR 3 Jazzfest.<\/p>\n<p style=\"padding-left: 30px;\">The Temptations, Henri Mancini, Carlos Santana, Bob Dylan, Jerry Goldsmith, Rod Stewart, Cher, Kenny Rogers, Ry Cooder, Elton John, Bob Seger \u2013 nur ein verschwindend kleiner Auszug aus seiner Liste musikalischer Dienstleistungen. Vielseitigkeit, Pr\u00e4zision, Einf\u00fchlungsverm\u00f6gen \u2013 unabdingbare Voraussetzungen in diesem Bereich des Musikgesch\u00e4fts. Doch Alan Pasqua zeichnet dar\u00fcber hinaus das aus, was von den Individualk\u00fcnstlern des Jazz erwartet wird: die \u201eeigene Handschrift\u201c. Die zeigte sich bei zwei Konzerten Anfang des Jahres in G\u00fctersloh: Der selten in Europa zu erlebende Pianist pr\u00e4sentierte zun\u00e4chst sein Trio, anschlie\u00dfend trat er mit der WDR Big Band unter der Leitung Vince Mendozas auf \u2013 hier wie dort dabei: sein musikalischer Langzeitpartner Schlagzeuger Peter Erskine. Aufnahmen vom 1. Februar 2018 aus dem Theater G\u00fctersloh. Mit Karsten M\u00fctzelfeldt<\/p>\n<hr \/>\n<h2>31.08.2018<\/h2>\n<hr \/>\n<p>17:50 bis 18:00 | SWR 2<br \/>\n<strong>SWR2 Jazz vor Sechs: James Brown: Ain&#8217;t it funky now \/ Grant Green<\/strong><\/p>\n<p>19:04 bis 20:00 | hr2-kultur<br \/>\n<strong>H\u00f6rbar: Musik grenzenlos<\/strong><\/p>\n<p>19:35 bis 20:00 | MDR Kultur<br \/>\n<strong>MDR KULTUR \u2013 Jazz Lounge \u2013 Larry Goldings, Orgel<\/strong><\/p>\n<p>22:05 bis 23:00 | NDR Info<br \/>\n<strong>Jazz Special Mein Ding! \u2013 Bierbrauen mit den Wasserfuhrs<\/strong><\/p>\n<p style=\"padding-left: 30px;\">Der etwas andere Jazz-Talk auf NDR Info. Mit Jessica Schlage. Alles handgemacht und selbstgemacht \u2013 dieses Credo gilt bei den Wasserfuhr-Br\u00fcdern nicht nur in musikalischer Hinsicht. Trompeter Julian und Pianist Roman Wasserfuhr trinken auch ihr Bier gern aus eigener Craft-Brauerei. Auch hier kommt&#8217;s auf die richtige Qualit\u00e4t der Zutaten, gutes Handwerk in der Produktion und das richtige Timing im Reifeprozess an. Moderatorin Jessica Schlage l\u00e4sst sich von den Herren Wasserfuhr in die Geheimnisse des geschwisterlichen Bierbrauens einweihen.<\/p>\n<p>22:05 bis 22:50 | Deutschlandfunk<br \/>\n<strong>Milestones \u2013 Bluesklassiker: Alright Again!<\/strong><\/p>\n<p style=\"padding-left: 30px;\">Die zweite Karriere des Gitarristen und S\u00e4ngers Clarence \u201eGatemouth\u201c Brown. Am Mikrofon: Odilo Clausnitzer<\/p>\n<p style=\"padding-left: 30px;\">\u201eIch hasse es, in einer Richtung festzuh\u00e4ngen. Ich spiele alles!\u201c sagte Clarence \u201aGatemouth&#8216; Brown von sich selbst. Seine sp\u00e4ten Jahre standen im Zeichen einer gro\u00dfen stilistischen Vielfalt und h\u00e4ufigen N\u00e4he zum Jazz. Der Gitarrist und S\u00e4nger aus Texas hatte in den 50er-Jahren einige bahnbrechende Bluesaufnahmen gemacht \u2013 unter dem Einfluss von T-Bone Walker und Louis Jordan. Dabei hatte Clarence \u201aGatemouth&#8216; Brown schon fr\u00fch auf die Unterst\u00fctzung durch Bl\u00e4ser gesetzt. Nachdem es danach ruhiger um ihn geworden war, markierte die Platte ,Alright Again&#8216; von 1981 Browns Comeback. Sie wurde mit einem Grammy belohnt. In der Folge erhielt er achtmal den W.C. Handy Award, den wohl renommiertesten Blues-Preis der USA. Gatemouths Markenzeichen waren eine virtuose Technik und der Verzicht auf ein Plektrum. Neben der Gitarre beherrschte er auch Geige, Mandoline und Mundharmonika. Aber er spiele auf jedem seiner Instrumente Bl\u00e4serlinien, erkl\u00e4rte er. Die Sendung versammelt Aufnahmen aus seiner zweiten Karriereh\u00e4lfte von 1981 bis zu seinem Tod 2005.<\/p>\n<p>23:05 bis 00:00 | BR-KLASSIK<br \/>\n<strong>Jazztime: Jazz Unlimited \u2013 Djangos Erben<\/strong><\/p>\n<p style=\"padding-left: 30px;\">Unter anderem mit Musik der Gitarristen Philip Catherine und Robin Nolan, die mit anderen Vertretern des Gypsy Swing zusammentrafen<\/p>\n<p style=\"padding-left: 30px;\">Aufnahmen vom International Django Reinhardt Festival 2018 in Augsburg. Moderation und Auswahl: Roland Spiegel<\/p>\n<p>23:35 bis 00:00 | hr2-kultur | MDR Kultur | NDR Kultur | Bremen Zwei | SR2 KulturRadio | SWR 2 | WDR 3<br \/>\n<strong>Preview \u2013 Neuerscheinungen<\/strong><\/p>\n<p style=\"padding-left: 30px;\">Jazz | ARD Radiofestival 2018. \u201eFile Under Jazz\u201c \u2013 mit diesem Hinweis versehen einige Plattenlabels vorsichtshalber ihre Neuver\u00f6ffentlichungen, damit es nicht zu Missverst\u00e4ndnissen kommt in den Verkaufs-Regalen der CD-Gesch\u00e4fte und in den Sparten der Download-Portale.<\/p>\n<p style=\"padding-left: 30px;\">Was dann dort tats\u00e4chlich alles unter \u201eJazz\u201c einsortiert wird, ist nat\u00fcrlich immer noch extrem breit gef\u00e4chert: nicht nur stilistisch, sondern auch qualitativ. Selbst f\u00fcr Jazzfans kann es da schwer sein, sich zu orientieren. Immer freitags pr\u00e4sentieren deshalb die Autorinnen und Autoren des ARD-Radiofestivals in \u201ePreview\u201c die aktuell wirklich wichtigen, spannenden, bemerkenswerten Neuerscheinungen des Jazz. Eine Sendung von Claus Gnichwitz<\/p>\n<hr \/>\n<h2>01.09.2018<\/h2>\n<hr \/>\n<p>17:05 bis 17:55 | Bayern 2<br \/>\n<strong>Jazz &amp; Politik: Politisches Feuilleton<\/strong><\/p>\n<p>19:04 bis 20:00 | hr2-kultur<br \/>\n<strong>Live Jazz: Tigran Hamasyan Solo: \u201eAn Ancient Observer\u201c | Deutsches Jazzfestival Frankfurt 2017<\/strong><\/p>\n<p style=\"padding-left: 30px;\">Tigran Hamasyan Solo: \u201eAn Ancient Observer\u201c | Tigran Hamasyan, p | 48. Deutsches Jazzfestival Frankfurt 2017, hr-Sendesaal Frankfurt, Oktober 2017. Am Mikrofon: Daniella Baumeister<\/p>\n<p>19:30 bis 20:00 | MDR Kultur<br \/>\n<strong>MDR KULTUR \u2013 Jazz Lounge \u2013 Mix<\/strong><\/p>\n<p>20:15 bis 21:00 | NDR Info<br \/>\n<strong>Jazz Klassiker: Zum 90. Geburtstag von Horace Silver<\/strong><\/p>\n<p style=\"padding-left: 30px;\">Mit Bert Noglik. Souljazz und Funk w\u00e4ren ohne Horace Silver kaum denkbar. Mit seinem bluesgetr\u00e4nkten Klavierspiel und seinen Kompositionen hat er den Jazz \u201efunky\u201c gemacht. In seiner Musik sind Lebensfreude, Humor und \u00dcberschw\u00e4nglichkeit jederzeit sp\u00fcrbar. Seine Standards wie \u201eSong For My Father\u201c, \u201eThe Preacher\u201c oder \u201eSister Sadie\u201c sind bis heute regelm\u00e4\u00dfig auf allen Sessions zu h\u00f6ren.<\/p>\n<p>22:05 bis 23:00 | NDR Info<br \/>\n<strong>Jazz Konzert: 60 Jahre NDR Jazzkonzerte: Makiko Hirabayashi 15. \u2013 16. Dezember 2011<\/strong><\/p>\n<p style=\"padding-left: 30px;\">Mit Claudia Schober. Makiko Hirabayashi ist fast so etwas wie die idealtypische, multikulturelle Jazzmusikerin. Sie stammt aus Japan und ist unter anderem in Tokio und Hong Kong aufgewachsen. Seit ihrem vierten Lebensjahr spielt sie Klavier. Man h\u00f6rt bis heute deutlich ihre klassische Ausbildung. Mit 20 bekam sie dann ein Stipendium am Berklee College Of Music in Boston. Seitdem liegt ihr Fokus auf Jazz. Nach ihrem Studium zog sie nach D\u00e4nemark. Mit ihrem Trio war sie 2011 zu Gast im NDR, zusammen mit die fantastischen Percussionistin Marylin Mazur und Bassist Klavs Hovmann.<\/p>\n<hr \/>\n<h2>02.09.2018<\/h2>\n<hr \/>\n<p>00:05 bis 02:00 | Bayern 2<br \/>\n<strong>radioJazznacht<\/strong><\/p>\n<p>19:04 bis 20:00 | hr2-kultur<br \/>\n<strong>hr-Bigband<\/strong><\/p>\n<p style=\"padding-left: 30px;\">Konzerte und Produktionen u.a. mit: \u201eDesesperar Jamais\u201c \u2013 Ivan Lins &amp; hr-Bigband, cond. &amp; arr. by Jim McNeely, hr-Sendesaal Frankfurt, April 2018, Teil 1. Am Mikrofon: Claus Gnichwitz<\/p>\n<p>22:35 bis 23:00 | NDR Info<br \/>\n<strong>Jazz NDR Bigband: Bigband Magazin Vol. 11<\/strong><\/p>\n<p style=\"padding-left: 30px;\">Mit Henry Altmann. Was verbirgt sich hinter einer neuen CD? Welche Konzerte stehen im Kalender? Wer ist zu Gast bei der NDR Bigband und realisiert ein neues musikalisches Konzept? Einmal im Monat blickt Moderator Henry Altmann auf aktuelle und kommende Projekte, Konzerte und CD-Produktionen der NDR Bigband. Dazu spricht er mit Musikern, pr\u00e4sentiert frische Aufnahmen und berichtet \u00fcber Hintergr\u00fcnde. Das NDR Bigband Magazin auf NDR Info.<\/p>\n<p>23:04 bis 00:00 | hr2-kultur<br \/>\n<strong>Musik grenzenlos: H\u00f6rbar | ARD Radiofestival 2018<\/strong><\/p>\n<p style=\"padding-left: 30px;\">An der \u201eH\u00f6rbar\u201c trifft sich Billie Holiday zum Rendezvous mit Jacques Brel, Mariza und Mozart schl\u00fcrfen gemeinsam einen Cuba Libre, w\u00e4hrend die minimalistischen Klanggebilde von Nils Frahm dezent aus den Lautsprechern dringen und 12 Cellisten leise mit einstimmen.<\/p>\n<p style=\"padding-left: 30px;\">Ein paar Hocker weiter sitzt ZAZ mit einem Suze, ins Gespr\u00e4ch vertieft mit dem Kongolesen Lokua Kanza. Daniel Kahn, der Klezmer-Revoluzzer, wurde auch schon gesichtet und zu ganz sp\u00e4ter Stunde will angeblich noch Didier Squiban auftauchen und dem Barpiano akustische Impressionen seiner bretonischen Heimat entlocken.<\/p>\n","protected":false},"excerpt":{"rendered":"<p>Ein kleiner Blick in die Jazzwoche 35 im Radio. Ab jetzt mit dem ARD Radiofestival 2018. Wochentags von 23:35 bis 00:00 auf hr2-kultur | MDR Kultur | NDR Kultur | Bremen Zwei | SR2 KulturRadio | SWR 2 | WDR 3. Die \u00dcbersicht zum Download als PDF. Alle Angaben ohne Gew\u00e4hr. Jazz im Radio (Fernsehen) SR2 \u2013 JazzNow \u2013 Sonntags von 20.04 bis 22.30 Uhr BR-KLASSIK \u2013 Jazztime \u2013 Von Montag bis Freitag t\u00e4glich um 23.05 Uhr rbb-kulturradio \u2013 Late Night Jazz \u2013 Sa und So 23:04 \u2013 24:00 Uhr hr2-kultur \u2013 Jazz in hr2-kultur \u2013 t\u00e4glich SWR2 \u2013 Jazz \u2013 t\u00e4glich WDR3 \u2013 JAZZ &amp; WORLD \u2013 Improvisiertes zum Tagesausklang \u2013 Montag bis Freitag, 22.04 \u2013 0:00 Uhr Deutschlandfunk \u2013 Jazz (\u00dcberblick) \u2013 Jazz Live, JazzFacts und Milestones Deutschlandfunk Kultur \u2013 Jazz \u2013 diverse Sendetermine ARTE TV \u2013 Jazz 27.08.2018 17:50 bis 18:00 | SWR 2 SWR2 Jazz vor Sechs \u2013 Galt MacDermot: Ain&#8217;t got no \u2013 I got life,\u00a0 Hair (Musical, 1967) 19:04 bis 20:00 | hr2-kultur H\u00f6rbar: Musik grenzenlos 19:35 bis 20:00 | MDR Kultur MDR KULTUR \u2013 Jazz Lounge: Silje Nergaard, &hellip;<\/p>\n","protected":false},"author":1,"featured_media":16028,"comment_status":"open","ping_status":"closed","sticky":false,"template":"","format":"standard","meta":{"_jetpack_memberships_contains_paid_content":false,"footnotes":"","jetpack_publicize_message":"","jetpack_publicize_feature_enabled":true,"jetpack_social_post_already_shared":false,"jetpack_social_options":{"image_generator_settings":{"template":"highway","default_image_id":0,"font":"","enabled":false},"version":2}},"categories":[633,452],"tags":[1959,34,1705,46,48,1203,1724,1763,1798,66,1108,71,73,83,1023,94,95,109,752,1732,1192,1890,681,137,145,1637,1174,1406,155,3,682,184,191,1813,790,1318,1811,1632,215,221,1639,1025,1007,251,1876,1629,1482,271,809,751,918,1058,281,1978,290,10,1204,1247,316,322,323,327,706,339,1672,359,374,1076,384,395,401,991,410,1664,904,1951,417,423,431,385,1821,442,14,1502,1965,1193,462,473,1872,1564,496,510,518,1794,1272,535,1398,1217,862,1356,562,573,589,590],"coauthors":[650],"class_list":["post-17001","post","type-post","status-publish","format-standard","has-post-thumbnail","hentry","category-nachrichten","category-radio","tag-1959","tag-album","tag-antonio-carlos-jobim","tag-ard","tag-arte","tag-augsburg","tag-ausbildung","tag-bass","tag-bayern","tag-berlin","tag-bert-noglik","tag-big-band","tag-bigband","tag-blues","tag-bob-dylan","tag-br-klassik","tag-bremen","tag-cd","tag-christian-scott","tag-claus-gnichwitz","tag-clubs","tag-cologne-contemporary-jazz-orchestra","tag-deutsches-jazzfestival-frankfurt","tag-deutschland","tag-django-bates","tag-django-reinhardt","tag-download","tag-duo","tag-dusko-goykovich","tag-festival","tag-festivals","tag-frankfurt","tag-fussball","tag-gary-burton","tag-geburtstag","tag-goldings","tag-grammy","tag-gypsy-swing","tag-hamburg","tag-henning-sieverts","tag-horace-silver","tag-hr-bigband","tag-improvisation","tag-japan","tag-jazz","tag-jazz-im-radio","tag-jazz-unlimited","tag-jazzclub","tag-jazzclub-unterfahrt","tag-jazzfest","tag-jazzfestival","tag-jazzgeschichte","tag-jazzmusiker","tag-jazzszene","tag-jazztime","tag-jubilaeum","tag-julia-kadel","tag-kalender","tag-klassik","tag-konzert-2","tag-konzerte","tag-kultur","tag-kurt-rosenwinkel","tag-label","tag-live","tag-london","tag-mannheim","tag-marc-schmolling","tag-mdr","tag-moderator","tag-muenchen","tag-muthspiel","tag-ndr","tag-ndr-bigband","tag-new-york","tag-news","tag-nils-landgren","tag-nuernberg","tag-paris","tag-metheny","tag-philip-catherine","tag-piano","tag-politik","tag-preis","tag-quartett","tag-radio","tag-reinhardt","tag-roland-spiegel","tag-roman","tag-schlagzeug","tag-sendung","tag-spiegel","tag-stan-getz","tag-steve-swallow","tag-stipendium","tag-swing","tag-swr","tag-tigran-hamasyan","tag-tod","tag-trio","tag-tv","tag-unterfahrt","tag-wdr","tag-wdr-3"],"yoast_head":"<!-- This site is optimized with the Yoast SEO plugin v27.5 - https:\/\/yoast.com\/product\/yoast-seo-wordpress\/ -->\n<title>Die Jazz-Radiowoche vom 27.08. bis 02.09.2018 - JazzZeitung<\/title>\n<meta name=\"robots\" content=\"index, follow, max-snippet:-1, max-image-preview:large, max-video-preview:-1\" \/>\n<link rel=\"canonical\" href=\"https:\/\/www.jazzzeitung.de\/cms\/2018\/08\/die-jazz-radiowoche-vom-27-08-bis-02-09-2018\/\" \/>\n<meta property=\"og:locale\" content=\"de_DE\" \/>\n<meta property=\"og:type\" content=\"article\" \/>\n<meta property=\"og:title\" content=\"Die Jazz-Radiowoche vom 27.08. bis 02.09.2018 - JazzZeitung\" \/>\n<meta property=\"og:description\" content=\"Ein kleiner Blick in die Jazzwoche 35 im Radio. Ab jetzt mit dem ARD Radiofestival 2018. Wochentags von 23:35 bis 00:00 auf hr2-kultur | MDR Kultur | NDR Kultur | Bremen Zwei | SR2 KulturRadio | SWR 2 | WDR 3. Die \u00dcbersicht zum Download als PDF. Alle Angaben ohne Gew\u00e4hr. Jazz im Radio (Fernsehen) SR2 \u2013 JazzNow \u2013 Sonntags von 20.04 bis 22.30 Uhr BR-KLASSIK \u2013 Jazztime \u2013 Von Montag bis Freitag t\u00e4glich um 23.05 Uhr rbb-kulturradio \u2013 Late Night Jazz \u2013 Sa und So 23:04 \u2013 24:00 Uhr hr2-kultur \u2013 Jazz in hr2-kultur \u2013 t\u00e4glich SWR2 \u2013 Jazz \u2013 t\u00e4glich WDR3 \u2013 JAZZ &amp; WORLD \u2013 Improvisiertes zum Tagesausklang \u2013 Montag bis Freitag, 22.04 \u2013 0:00 Uhr Deutschlandfunk \u2013 Jazz (\u00dcberblick) \u2013 Jazz Live, JazzFacts und Milestones Deutschlandfunk Kultur \u2013 Jazz \u2013 diverse Sendetermine ARTE TV \u2013 Jazz 27.08.2018 17:50 bis 18:00 | SWR 2 SWR2 Jazz vor Sechs \u2013 Galt MacDermot: Ain&#8217;t got no \u2013 I got life,\u00a0 Hair (Musical, 1967) 19:04 bis 20:00 | hr2-kultur H\u00f6rbar: Musik grenzenlos 19:35 bis 20:00 | MDR Kultur MDR KULTUR \u2013 Jazz Lounge: Silje Nergaard, &hellip;\" \/>\n<meta property=\"og:url\" content=\"https:\/\/www.jazzzeitung.de\/cms\/2018\/08\/die-jazz-radiowoche-vom-27-08-bis-02-09-2018\/\" \/>\n<meta property=\"og:site_name\" content=\"JazzZeitung\" \/>\n<meta property=\"article:publisher\" content=\"https:\/\/www.facebook.com\/JazzZeitung\/\" \/>\n<meta property=\"article:author\" content=\"https:\/\/www.facebook.com\/hufner\" \/>\n<meta property=\"article:published_time\" content=\"2018-08-26T10:00:54+00:00\" \/>\n<meta property=\"og:image\" content=\"https:\/\/i0.wp.com\/www.jazzzeitung.de\/cms\/wp-content\/uploads\/2018\/05\/radio-jazz_journalisten.jpg?fit=2048%2C1536&ssl=1\" \/>\n\t<meta property=\"og:image:width\" content=\"2048\" \/>\n\t<meta property=\"og:image:height\" content=\"1536\" \/>\n\t<meta property=\"og:image:type\" content=\"image\/jpeg\" \/>\n<meta name=\"author\" content=\"Martin Hufner\" \/>\n<script type=\"application\/ld+json\" class=\"yoast-schema-graph\">{\"@context\":\"https:\\\/\\\/schema.org\",\"@graph\":[{\"@type\":\"Article\",\"@id\":\"https:\\\/\\\/www.jazzzeitung.de\\\/cms\\\/2018\\\/08\\\/die-jazz-radiowoche-vom-27-08-bis-02-09-2018\\\/#article\",\"isPartOf\":{\"@id\":\"https:\\\/\\\/www.jazzzeitung.de\\\/cms\\\/2018\\\/08\\\/die-jazz-radiowoche-vom-27-08-bis-02-09-2018\\\/\"},\"author\":{\"name\":\"Martin Hufner\",\"@id\":\"https:\\\/\\\/www.jazzzeitung.de\\\/cms\\\/#\\\/schema\\\/person\\\/b9a4e5ac765d94fb8f617bfa8f1fc5f7\"},\"headline\":\"Die Jazz-Radiowoche vom 27.08. bis 02.09.2018\",\"datePublished\":\"2018-08-26T10:00:54+00:00\",\"mainEntityOfPage\":{\"@id\":\"https:\\\/\\\/www.jazzzeitung.de\\\/cms\\\/2018\\\/08\\\/die-jazz-radiowoche-vom-27-08-bis-02-09-2018\\\/\"},\"wordCount\":2886,\"commentCount\":0,\"publisher\":{\"@id\":\"https:\\\/\\\/www.jazzzeitung.de\\\/cms\\\/#organization\"},\"image\":{\"@id\":\"https:\\\/\\\/www.jazzzeitung.de\\\/cms\\\/2018\\\/08\\\/die-jazz-radiowoche-vom-27-08-bis-02-09-2018\\\/#primaryimage\"},\"thumbnailUrl\":\"https:\\\/\\\/i0.wp.com\\\/www.jazzzeitung.de\\\/cms\\\/wp-content\\\/uploads\\\/2018\\\/05\\\/radio-jazz_journalisten.jpg?fit=2048%2C1536&ssl=1\",\"keywords\":[\"2018\",\"Album\",\"Ant\u00f4nio Carlos Jobim\",\"ARD\",\"Arte\",\"Augsburg\",\"Ausbildung\",\"Bass\",\"Bayern\",\"Berlin\",\"Bert Noglik\",\"Big Band\",\"Bigband\",\"Blues\",\"Bob Dylan\",\"Br-Klassik\",\"Bremen\",\"CD\",\"Christian Scott\",\"Claus Gnichwitz\",\"Clubs\",\"Cologne Contemporary Jazz Orchestra\",\"Deutsches Jazzfestival Frankfurt\",\"Deutschland\",\"Django Bates\",\"Django Reinhardt\",\"Download\",\"duo\",\"Dusko Goykovich\",\"Festival\",\"Festivals\",\"Frankfurt\",\"Fu\u00dfball\",\"Gary Burton\",\"Geburtstag\",\"goldings\",\"Grammy\",\"Gypsy Swing\",\"Hamburg\",\"Henning Sieverts\",\"Horace Silver\",\"hr-Bigband\",\"Improvisation\",\"Japan\",\"Jazz\",\"Jazz im Radio\",\"Jazz Unlimited\",\"Jazzclub\",\"Jazzclub Unterfahrt\",\"Jazzfest\",\"Jazzfestival\",\"Jazzgeschichte\",\"Jazzmusiker\",\"Jazzszene\",\"jazztime\",\"Jubil\u00e4um\",\"Julia Kadel\",\"Kalender\",\"Klassik\",\"Konzert\",\"Konzerte\",\"Kultur\",\"Kurt Rosenwinkel\",\"Label\",\"Live\",\"London\",\"Mannheim\",\"Marc Schmolling\",\"MDR\",\"Moderator\",\"M\u00fcnchen\",\"Muthspiel\",\"NDR\",\"NDR Bigband\",\"New York\",\"News\",\"Nils Landgren\",\"N\u00fcrnberg\",\"Paris\",\"Pat Metheny\",\"Philip Catherine\",\"Piano\",\"Politik\",\"Preis\",\"Quartett\",\"Radio\",\"reinhardt\",\"Roland Spiegel\",\"Roman\",\"Schlagzeug\",\"Sendung\",\"Spiegel\",\"Stan Getz\",\"Steve Swallow\",\"Stipendium\",\"Swing\",\"SWR\",\"Tigran Hamasyan\",\"Tod\",\"trio\",\"TV\",\"Unterfahrt\",\"WDR\",\"WDR 3\"],\"articleSection\":[\"News\",\"Radio\"],\"inLanguage\":\"de\",\"potentialAction\":[{\"@type\":\"CommentAction\",\"name\":\"Comment\",\"target\":[\"https:\\\/\\\/www.jazzzeitung.de\\\/cms\\\/2018\\\/08\\\/die-jazz-radiowoche-vom-27-08-bis-02-09-2018\\\/#respond\"]}]},{\"@type\":\"WebPage\",\"@id\":\"https:\\\/\\\/www.jazzzeitung.de\\\/cms\\\/2018\\\/08\\\/die-jazz-radiowoche-vom-27-08-bis-02-09-2018\\\/\",\"url\":\"https:\\\/\\\/www.jazzzeitung.de\\\/cms\\\/2018\\\/08\\\/die-jazz-radiowoche-vom-27-08-bis-02-09-2018\\\/\",\"name\":\"Die Jazz-Radiowoche vom 27.08. bis 02.09.2018 - JazzZeitung\",\"isPartOf\":{\"@id\":\"https:\\\/\\\/www.jazzzeitung.de\\\/cms\\\/#website\"},\"primaryImageOfPage\":{\"@id\":\"https:\\\/\\\/www.jazzzeitung.de\\\/cms\\\/2018\\\/08\\\/die-jazz-radiowoche-vom-27-08-bis-02-09-2018\\\/#primaryimage\"},\"image\":{\"@id\":\"https:\\\/\\\/www.jazzzeitung.de\\\/cms\\\/2018\\\/08\\\/die-jazz-radiowoche-vom-27-08-bis-02-09-2018\\\/#primaryimage\"},\"thumbnailUrl\":\"https:\\\/\\\/i0.wp.com\\\/www.jazzzeitung.de\\\/cms\\\/wp-content\\\/uploads\\\/2018\\\/05\\\/radio-jazz_journalisten.jpg?fit=2048%2C1536&ssl=1\",\"datePublished\":\"2018-08-26T10:00:54+00:00\",\"breadcrumb\":{\"@id\":\"https:\\\/\\\/www.jazzzeitung.de\\\/cms\\\/2018\\\/08\\\/die-jazz-radiowoche-vom-27-08-bis-02-09-2018\\\/#breadcrumb\"},\"inLanguage\":\"de\",\"potentialAction\":[{\"@type\":\"ReadAction\",\"target\":[\"https:\\\/\\\/www.jazzzeitung.de\\\/cms\\\/2018\\\/08\\\/die-jazz-radiowoche-vom-27-08-bis-02-09-2018\\\/\"]}]},{\"@type\":\"ImageObject\",\"inLanguage\":\"de\",\"@id\":\"https:\\\/\\\/www.jazzzeitung.de\\\/cms\\\/2018\\\/08\\\/die-jazz-radiowoche-vom-27-08-bis-02-09-2018\\\/#primaryimage\",\"url\":\"https:\\\/\\\/i0.wp.com\\\/www.jazzzeitung.de\\\/cms\\\/wp-content\\\/uploads\\\/2018\\\/05\\\/radio-jazz_journalisten.jpg?fit=2048%2C1536&ssl=1\",\"contentUrl\":\"https:\\\/\\\/i0.wp.com\\\/www.jazzzeitung.de\\\/cms\\\/wp-content\\\/uploads\\\/2018\\\/05\\\/radio-jazz_journalisten.jpg?fit=2048%2C1536&ssl=1\",\"width\":2048,\"height\":1536,\"caption\":\"Jazz im Radio. Foto\\\/Montage: Hufner\"},{\"@type\":\"BreadcrumbList\",\"@id\":\"https:\\\/\\\/www.jazzzeitung.de\\\/cms\\\/2018\\\/08\\\/die-jazz-radiowoche-vom-27-08-bis-02-09-2018\\\/#breadcrumb\",\"itemListElement\":[{\"@type\":\"ListItem\",\"position\":1,\"name\":\"Startseite\",\"item\":\"https:\\\/\\\/www.jazzzeitung.de\\\/cms\\\/\"},{\"@type\":\"ListItem\",\"position\":2,\"name\":\"Die Jazz-Radiowoche vom 27.08. bis 02.09.2018\"}]},{\"@type\":\"WebSite\",\"@id\":\"https:\\\/\\\/www.jazzzeitung.de\\\/cms\\\/#website\",\"url\":\"https:\\\/\\\/www.jazzzeitung.de\\\/cms\\\/\",\"name\":\"JazzZeitung\",\"description\":\"Jazz-News und Jazz-Kontroverses\",\"publisher\":{\"@id\":\"https:\\\/\\\/www.jazzzeitung.de\\\/cms\\\/#organization\"},\"potentialAction\":[{\"@type\":\"SearchAction\",\"target\":{\"@type\":\"EntryPoint\",\"urlTemplate\":\"https:\\\/\\\/www.jazzzeitung.de\\\/cms\\\/?s={search_term_string}\"},\"query-input\":{\"@type\":\"PropertyValueSpecification\",\"valueRequired\":true,\"valueName\":\"search_term_string\"}}],\"inLanguage\":\"de\"},{\"@type\":\"Organization\",\"@id\":\"https:\\\/\\\/www.jazzzeitung.de\\\/cms\\\/#organization\",\"name\":\"JazzZeitung online\",\"url\":\"https:\\\/\\\/www.jazzzeitung.de\\\/cms\\\/\",\"logo\":{\"@type\":\"ImageObject\",\"inLanguage\":\"de\",\"@id\":\"https:\\\/\\\/www.jazzzeitung.de\\\/cms\\\/#\\\/schema\\\/logo\\\/image\\\/\",\"url\":\"https:\\\/\\\/i0.wp.com\\\/www.jazzzeitung.de\\\/cms\\\/wp-content\\\/uploads\\\/2015\\\/08\\\/JAZZZEITUNGDE_Logo_Neu.png?fit=499%2C200&ssl=1\",\"contentUrl\":\"https:\\\/\\\/i0.wp.com\\\/www.jazzzeitung.de\\\/cms\\\/wp-content\\\/uploads\\\/2015\\\/08\\\/JAZZZEITUNGDE_Logo_Neu.png?fit=499%2C200&ssl=1\",\"width\":499,\"height\":200,\"caption\":\"JazzZeitung online\"},\"image\":{\"@id\":\"https:\\\/\\\/www.jazzzeitung.de\\\/cms\\\/#\\\/schema\\\/logo\\\/image\\\/\"},\"sameAs\":[\"https:\\\/\\\/www.facebook.com\\\/JazzZeitung\\\/\"]},{\"@type\":\"Person\",\"@id\":\"https:\\\/\\\/www.jazzzeitung.de\\\/cms\\\/#\\\/schema\\\/person\\\/b9a4e5ac765d94fb8f617bfa8f1fc5f7\",\"name\":\"Martin Hufner\",\"image\":{\"@type\":\"ImageObject\",\"inLanguage\":\"de\",\"@id\":\"https:\\\/\\\/i0.wp.com\\\/www.jazzzeitung.de\\\/cms\\\/wp-content\\\/uploads\\\/2013\\\/07\\\/huf-06.jpg?resize=96%2C96&ssl=15fcc31aa94540751a3b804516452be00\",\"url\":\"https:\\\/\\\/i0.wp.com\\\/www.jazzzeitung.de\\\/cms\\\/wp-content\\\/uploads\\\/2013\\\/07\\\/huf-06.jpg?resize=96%2C96&ssl=1\",\"contentUrl\":\"https:\\\/\\\/i0.wp.com\\\/www.jazzzeitung.de\\\/cms\\\/wp-content\\\/uploads\\\/2013\\\/07\\\/huf-06.jpg?resize=96%2C96&ssl=1\",\"caption\":\"Martin Hufner\"},\"description\":\"Martin Hufner ist freier Autor der JazzZeitung.\",\"sameAs\":[\"https:\\\/\\\/www.kritische-masse.de\\\/logbuch\",\"https:\\\/\\\/www.facebook.com\\\/hufner\"],\"url\":\"https:\\\/\\\/www.jazzzeitung.de\\\/cms\\\/author\\\/admin\\\/\"}]}<\/script>\n<!-- \/ Yoast SEO plugin. -->","yoast_head_json":{"title":"Die Jazz-Radiowoche vom 27.08. bis 02.09.2018 - JazzZeitung","robots":{"index":"index","follow":"follow","max-snippet":"max-snippet:-1","max-image-preview":"max-image-preview:large","max-video-preview":"max-video-preview:-1"},"canonical":"https:\/\/www.jazzzeitung.de\/cms\/2018\/08\/die-jazz-radiowoche-vom-27-08-bis-02-09-2018\/","og_locale":"de_DE","og_type":"article","og_title":"Die Jazz-Radiowoche vom 27.08. bis 02.09.2018 - JazzZeitung","og_description":"Ein kleiner Blick in die Jazzwoche 35 im Radio. Ab jetzt mit dem ARD Radiofestival 2018. Wochentags von 23:35 bis 00:00 auf hr2-kultur | MDR Kultur | NDR Kultur | Bremen Zwei | SR2 KulturRadio | SWR 2 | WDR 3. Die \u00dcbersicht zum Download als PDF. Alle Angaben ohne Gew\u00e4hr. Jazz im Radio (Fernsehen) SR2 \u2013 JazzNow \u2013 Sonntags von 20.04 bis 22.30 Uhr BR-KLASSIK \u2013 Jazztime \u2013 Von Montag bis Freitag t\u00e4glich um 23.05 Uhr rbb-kulturradio \u2013 Late Night Jazz \u2013 Sa und So 23:04 \u2013 24:00 Uhr hr2-kultur \u2013 Jazz in hr2-kultur \u2013 t\u00e4glich SWR2 \u2013 Jazz \u2013 t\u00e4glich WDR3 \u2013 JAZZ &amp; WORLD \u2013 Improvisiertes zum Tagesausklang \u2013 Montag bis Freitag, 22.04 \u2013 0:00 Uhr Deutschlandfunk \u2013 Jazz (\u00dcberblick) \u2013 Jazz Live, JazzFacts und Milestones Deutschlandfunk Kultur \u2013 Jazz \u2013 diverse Sendetermine ARTE TV \u2013 Jazz 27.08.2018 17:50 bis 18:00 | SWR 2 SWR2 Jazz vor Sechs \u2013 Galt MacDermot: Ain&#8217;t got no \u2013 I got life,\u00a0 Hair (Musical, 1967) 19:04 bis 20:00 | hr2-kultur H\u00f6rbar: Musik grenzenlos 19:35 bis 20:00 | MDR Kultur MDR KULTUR \u2013 Jazz Lounge: Silje Nergaard, &hellip;","og_url":"https:\/\/www.jazzzeitung.de\/cms\/2018\/08\/die-jazz-radiowoche-vom-27-08-bis-02-09-2018\/","og_site_name":"JazzZeitung","article_publisher":"https:\/\/www.facebook.com\/JazzZeitung\/","article_author":"https:\/\/www.facebook.com\/hufner","article_published_time":"2018-08-26T10:00:54+00:00","og_image":[{"width":2048,"height":1536,"url":"https:\/\/i0.wp.com\/www.jazzzeitung.de\/cms\/wp-content\/uploads\/2018\/05\/radio-jazz_journalisten.jpg?fit=2048%2C1536&ssl=1","type":"image\/jpeg"}],"author":"Martin Hufner","schema":{"@context":"https:\/\/schema.org","@graph":[{"@type":"Article","@id":"https:\/\/www.jazzzeitung.de\/cms\/2018\/08\/die-jazz-radiowoche-vom-27-08-bis-02-09-2018\/#article","isPartOf":{"@id":"https:\/\/www.jazzzeitung.de\/cms\/2018\/08\/die-jazz-radiowoche-vom-27-08-bis-02-09-2018\/"},"author":{"name":"Martin Hufner","@id":"https:\/\/www.jazzzeitung.de\/cms\/#\/schema\/person\/b9a4e5ac765d94fb8f617bfa8f1fc5f7"},"headline":"Die Jazz-Radiowoche vom 27.08. bis 02.09.2018","datePublished":"2018-08-26T10:00:54+00:00","mainEntityOfPage":{"@id":"https:\/\/www.jazzzeitung.de\/cms\/2018\/08\/die-jazz-radiowoche-vom-27-08-bis-02-09-2018\/"},"wordCount":2886,"commentCount":0,"publisher":{"@id":"https:\/\/www.jazzzeitung.de\/cms\/#organization"},"image":{"@id":"https:\/\/www.jazzzeitung.de\/cms\/2018\/08\/die-jazz-radiowoche-vom-27-08-bis-02-09-2018\/#primaryimage"},"thumbnailUrl":"https:\/\/i0.wp.com\/www.jazzzeitung.de\/cms\/wp-content\/uploads\/2018\/05\/radio-jazz_journalisten.jpg?fit=2048%2C1536&ssl=1","keywords":["2018","Album","Ant\u00f4nio Carlos Jobim","ARD","Arte","Augsburg","Ausbildung","Bass","Bayern","Berlin","Bert Noglik","Big Band","Bigband","Blues","Bob Dylan","Br-Klassik","Bremen","CD","Christian Scott","Claus Gnichwitz","Clubs","Cologne Contemporary Jazz Orchestra","Deutsches Jazzfestival Frankfurt","Deutschland","Django Bates","Django Reinhardt","Download","duo","Dusko Goykovich","Festival","Festivals","Frankfurt","Fu\u00dfball","Gary Burton","Geburtstag","goldings","Grammy","Gypsy Swing","Hamburg","Henning Sieverts","Horace Silver","hr-Bigband","Improvisation","Japan","Jazz","Jazz im Radio","Jazz Unlimited","Jazzclub","Jazzclub Unterfahrt","Jazzfest","Jazzfestival","Jazzgeschichte","Jazzmusiker","Jazzszene","jazztime","Jubil\u00e4um","Julia Kadel","Kalender","Klassik","Konzert","Konzerte","Kultur","Kurt Rosenwinkel","Label","Live","London","Mannheim","Marc Schmolling","MDR","Moderator","M\u00fcnchen","Muthspiel","NDR","NDR Bigband","New York","News","Nils Landgren","N\u00fcrnberg","Paris","Pat Metheny","Philip Catherine","Piano","Politik","Preis","Quartett","Radio","reinhardt","Roland Spiegel","Roman","Schlagzeug","Sendung","Spiegel","Stan Getz","Steve Swallow","Stipendium","Swing","SWR","Tigran Hamasyan","Tod","trio","TV","Unterfahrt","WDR","WDR 3"],"articleSection":["News","Radio"],"inLanguage":"de","potentialAction":[{"@type":"CommentAction","name":"Comment","target":["https:\/\/www.jazzzeitung.de\/cms\/2018\/08\/die-jazz-radiowoche-vom-27-08-bis-02-09-2018\/#respond"]}]},{"@type":"WebPage","@id":"https:\/\/www.jazzzeitung.de\/cms\/2018\/08\/die-jazz-radiowoche-vom-27-08-bis-02-09-2018\/","url":"https:\/\/www.jazzzeitung.de\/cms\/2018\/08\/die-jazz-radiowoche-vom-27-08-bis-02-09-2018\/","name":"Die Jazz-Radiowoche vom 27.08. bis 02.09.2018 - JazzZeitung","isPartOf":{"@id":"https:\/\/www.jazzzeitung.de\/cms\/#website"},"primaryImageOfPage":{"@id":"https:\/\/www.jazzzeitung.de\/cms\/2018\/08\/die-jazz-radiowoche-vom-27-08-bis-02-09-2018\/#primaryimage"},"image":{"@id":"https:\/\/www.jazzzeitung.de\/cms\/2018\/08\/die-jazz-radiowoche-vom-27-08-bis-02-09-2018\/#primaryimage"},"thumbnailUrl":"https:\/\/i0.wp.com\/www.jazzzeitung.de\/cms\/wp-content\/uploads\/2018\/05\/radio-jazz_journalisten.jpg?fit=2048%2C1536&ssl=1","datePublished":"2018-08-26T10:00:54+00:00","breadcrumb":{"@id":"https:\/\/www.jazzzeitung.de\/cms\/2018\/08\/die-jazz-radiowoche-vom-27-08-bis-02-09-2018\/#breadcrumb"},"inLanguage":"de","potentialAction":[{"@type":"ReadAction","target":["https:\/\/www.jazzzeitung.de\/cms\/2018\/08\/die-jazz-radiowoche-vom-27-08-bis-02-09-2018\/"]}]},{"@type":"ImageObject","inLanguage":"de","@id":"https:\/\/www.jazzzeitung.de\/cms\/2018\/08\/die-jazz-radiowoche-vom-27-08-bis-02-09-2018\/#primaryimage","url":"https:\/\/i0.wp.com\/www.jazzzeitung.de\/cms\/wp-content\/uploads\/2018\/05\/radio-jazz_journalisten.jpg?fit=2048%2C1536&ssl=1","contentUrl":"https:\/\/i0.wp.com\/www.jazzzeitung.de\/cms\/wp-content\/uploads\/2018\/05\/radio-jazz_journalisten.jpg?fit=2048%2C1536&ssl=1","width":2048,"height":1536,"caption":"Jazz im Radio. Foto\/Montage: Hufner"},{"@type":"BreadcrumbList","@id":"https:\/\/www.jazzzeitung.de\/cms\/2018\/08\/die-jazz-radiowoche-vom-27-08-bis-02-09-2018\/#breadcrumb","itemListElement":[{"@type":"ListItem","position":1,"name":"Startseite","item":"https:\/\/www.jazzzeitung.de\/cms\/"},{"@type":"ListItem","position":2,"name":"Die Jazz-Radiowoche vom 27.08. bis 02.09.2018"}]},{"@type":"WebSite","@id":"https:\/\/www.jazzzeitung.de\/cms\/#website","url":"https:\/\/www.jazzzeitung.de\/cms\/","name":"JazzZeitung","description":"Jazz-News und Jazz-Kontroverses","publisher":{"@id":"https:\/\/www.jazzzeitung.de\/cms\/#organization"},"potentialAction":[{"@type":"SearchAction","target":{"@type":"EntryPoint","urlTemplate":"https:\/\/www.jazzzeitung.de\/cms\/?s={search_term_string}"},"query-input":{"@type":"PropertyValueSpecification","valueRequired":true,"valueName":"search_term_string"}}],"inLanguage":"de"},{"@type":"Organization","@id":"https:\/\/www.jazzzeitung.de\/cms\/#organization","name":"JazzZeitung online","url":"https:\/\/www.jazzzeitung.de\/cms\/","logo":{"@type":"ImageObject","inLanguage":"de","@id":"https:\/\/www.jazzzeitung.de\/cms\/#\/schema\/logo\/image\/","url":"https:\/\/i0.wp.com\/www.jazzzeitung.de\/cms\/wp-content\/uploads\/2015\/08\/JAZZZEITUNGDE_Logo_Neu.png?fit=499%2C200&ssl=1","contentUrl":"https:\/\/i0.wp.com\/www.jazzzeitung.de\/cms\/wp-content\/uploads\/2015\/08\/JAZZZEITUNGDE_Logo_Neu.png?fit=499%2C200&ssl=1","width":499,"height":200,"caption":"JazzZeitung online"},"image":{"@id":"https:\/\/www.jazzzeitung.de\/cms\/#\/schema\/logo\/image\/"},"sameAs":["https:\/\/www.facebook.com\/JazzZeitung\/"]},{"@type":"Person","@id":"https:\/\/www.jazzzeitung.de\/cms\/#\/schema\/person\/b9a4e5ac765d94fb8f617bfa8f1fc5f7","name":"Martin Hufner","image":{"@type":"ImageObject","inLanguage":"de","@id":"https:\/\/i0.wp.com\/www.jazzzeitung.de\/cms\/wp-content\/uploads\/2013\/07\/huf-06.jpg?resize=96%2C96&ssl=15fcc31aa94540751a3b804516452be00","url":"https:\/\/i0.wp.com\/www.jazzzeitung.de\/cms\/wp-content\/uploads\/2013\/07\/huf-06.jpg?resize=96%2C96&ssl=1","contentUrl":"https:\/\/i0.wp.com\/www.jazzzeitung.de\/cms\/wp-content\/uploads\/2013\/07\/huf-06.jpg?resize=96%2C96&ssl=1","caption":"Martin Hufner"},"description":"Martin Hufner ist freier Autor der JazzZeitung.","sameAs":["https:\/\/www.kritische-masse.de\/logbuch","https:\/\/www.facebook.com\/hufner"],"url":"https:\/\/www.jazzzeitung.de\/cms\/author\/admin\/"}]}},"wp-worthy-pixel":{"ignored":false,"public":null,"server":null,"url":null},"wp-worthy-type":"normal","jetpack_publicize_connections":[],"cc_featured_image_caption":{"caption_text":"Jazz im Radio.","source_text":"Foto\/Montage: Hufner","source_url":"https:\/\/www.musikkritik.org"},"jetpack_featured_media_url":"https:\/\/i0.wp.com\/www.jazzzeitung.de\/cms\/wp-content\/uploads\/2018\/05\/radio-jazz_journalisten.jpg?fit=2048%2C1536&ssl=1","jetpack_shortlink":"https:\/\/wp.me\/p3KEcT-4qd","jetpack-related-posts":[{"id":6963,"url":"https:\/\/www.jazzzeitung.de\/cms\/2015\/10\/jazz-im-radio\/","url_meta":{"origin":17001,"position":0},"title":"Jazz im Radio","author":"Redaktion JazzZeitung","date":"10. Oktober 2015","format":false,"excerpt":"Die Herbstmonate sind Hochsaison, was Live-Acts angeht. Wer dennoch nicht sein Zuhause verlassen will \u2013 denn mit dem Verlassen der eigenen vier W\u00e4nde beginnt ja bekanntlich das gesamte Ungl\u00fcck der Menschheit, f\u00fcr den hat die Jazzzeitung.de -Redaktion ein paar Radio-Empfehlungen ausgesucht. \u00a0 hr2 Live-Jazz SA. 24.1 OKT\/19.05-20.00h HENRY THREADGILL SEXTET\u2026","rel":"","context":"In &quot;News&quot;","block_context":{"text":"News","link":"https:\/\/www.jazzzeitung.de\/cms\/thema\/nachrichten\/"},"img":{"alt_text":"hr-Bigband. Foto: Band","src":"https:\/\/i0.wp.com\/www.jazzzeitung.de\/cms\/wp-content\/uploads\/2015\/10\/hr-Bigband.-Foto-150x150.jpg?resize=350%2C200","width":350,"height":200},"classes":[]},{"id":21609,"url":"https:\/\/www.jazzzeitung.de\/cms\/2020\/01\/die-jazz-radiowoche-vom-06-01-20-bis-12-01-20-notausgabe\/","url_meta":{"origin":17001,"position":1},"title":"Die Jazz-Radiowoche vom 06.01.20 bis 12.01.20 (Notausgabe)","author":"Martin Hufner","date":"5. Januar 2020","format":false,"excerpt":"Ein kleiner Blick in die Jazzwoche 02 im Radio. Notausgabe! Die \u00dcbersicht zum Download als PDF. Alle Angaben ohne Gew\u00e4hr. Jazz im Radio (Fernsehen) SR2 \u2013 JazzNow \u2013 Sonntags von 20.04 bis 22.30 Uhr BR-KLASSIK \u2013 Jazztime \u2013 Von Montag bis Freitag t\u00e4glich um 23.05 Uhr rbb-kultur \u2013 Late Night\u2026","rel":"","context":"In &quot;News&quot;","block_context":{"text":"News","link":"https:\/\/www.jazzzeitung.de\/cms\/thema\/nachrichten\/"},"img":{"alt_text":"Jazz im Radio. Foto: Hufner","src":"https:\/\/i0.wp.com\/www.jazzzeitung.de\/cms\/wp-content\/uploads\/2019\/03\/jazz_im_radio.jpg?fit=1200%2C773&ssl=1&resize=350%2C200","width":350,"height":200,"srcset":"https:\/\/i0.wp.com\/www.jazzzeitung.de\/cms\/wp-content\/uploads\/2019\/03\/jazz_im_radio.jpg?fit=1200%2C773&ssl=1&resize=350%2C200 1x, https:\/\/i0.wp.com\/www.jazzzeitung.de\/cms\/wp-content\/uploads\/2019\/03\/jazz_im_radio.jpg?fit=1200%2C773&ssl=1&resize=525%2C300 1.5x, https:\/\/i0.wp.com\/www.jazzzeitung.de\/cms\/wp-content\/uploads\/2019\/03\/jazz_im_radio.jpg?fit=1200%2C773&ssl=1&resize=700%2C400 2x, https:\/\/i0.wp.com\/www.jazzzeitung.de\/cms\/wp-content\/uploads\/2019\/03\/jazz_im_radio.jpg?fit=1200%2C773&ssl=1&resize=1050%2C600 3x"},"classes":[]},{"id":21679,"url":"https:\/\/www.jazzzeitung.de\/cms\/2020\/01\/die-jazz-radiowoche-vom-20-01-20-bis-26-01-20\/","url_meta":{"origin":17001,"position":2},"title":"Die Jazz-Radiowoche vom 20.01.20 bis 26.01.20","author":"Martin Hufner","date":"19. Januar 2020","format":false,"excerpt":"Ein kleiner Blick in die Jazzwoche 04 im Radio. Die \u00dcbersicht zum Download als PDF. Alle Angaben ohne Gew\u00e4hr. Jazz im Radio (Fernsehen) SR2 \u2013 JazzNow \u2013 Sonntags von 20.04 bis 22.30 Uhr BR-KLASSIK \u2013 Jazztime \u2013 Von Montag bis Freitag t\u00e4glich um 23.05 Uhr rbb-kultur \u2013 Late Night Jazz\u2026","rel":"","context":"In &quot;News&quot;","block_context":{"text":"News","link":"https:\/\/www.jazzzeitung.de\/cms\/thema\/nachrichten\/"},"img":{"alt_text":"Jazz im Radio. Foto: Hufner","src":"https:\/\/i0.wp.com\/www.jazzzeitung.de\/cms\/wp-content\/uploads\/2019\/03\/jazz_im_radio.jpg?fit=1200%2C773&ssl=1&resize=350%2C200","width":350,"height":200,"srcset":"https:\/\/i0.wp.com\/www.jazzzeitung.de\/cms\/wp-content\/uploads\/2019\/03\/jazz_im_radio.jpg?fit=1200%2C773&ssl=1&resize=350%2C200 1x, https:\/\/i0.wp.com\/www.jazzzeitung.de\/cms\/wp-content\/uploads\/2019\/03\/jazz_im_radio.jpg?fit=1200%2C773&ssl=1&resize=525%2C300 1.5x, https:\/\/i0.wp.com\/www.jazzzeitung.de\/cms\/wp-content\/uploads\/2019\/03\/jazz_im_radio.jpg?fit=1200%2C773&ssl=1&resize=700%2C400 2x, https:\/\/i0.wp.com\/www.jazzzeitung.de\/cms\/wp-content\/uploads\/2019\/03\/jazz_im_radio.jpg?fit=1200%2C773&ssl=1&resize=1050%2C600 3x"},"classes":[]},{"id":13658,"url":"https:\/\/www.jazzzeitung.de\/cms\/2017\/10\/die-jazz-radio-woche-vom-10-10-bis-15-10-2017\/","url_meta":{"origin":17001,"position":3},"title":"Die Jazz-Radio-Woche vom 10.10. bis 15.10.2017","author":"Huflaikhan","date":"8. Oktober 2017","format":false,"excerpt":"Ein subjektiver Blick in die Jazzwoche im Radio. Schwerpunkt ist selbstverst\u00e4ndlich Thelonious Monks 100. Geburtstag. Weiters gibt es zum Beispiel: Michel Camilo & Tomatito, Babette Michel, Portr\u00e4t der Saxofonistin und Komponistin Angelika Niescier, Emile Parisien Quartet und das Trio Idioma, John Patitucci, Pianoduo Iana mit Christine Wodrascka und Betty Hovette,\u2026","rel":"","context":"In &quot;Radio&quot;","block_context":{"text":"Radio","link":"https:\/\/www.jazzzeitung.de\/cms\/thema\/radio\/"},"img":{"alt_text":"Jazz im Radio","src":"https:\/\/i0.wp.com\/www.jazzzeitung.de\/cms\/wp-content\/uploads\/2017\/10\/radio-jazz-neu.jpg?fit=1200%2C900&ssl=1&resize=350%2C200","width":350,"height":200,"srcset":"https:\/\/i0.wp.com\/www.jazzzeitung.de\/cms\/wp-content\/uploads\/2017\/10\/radio-jazz-neu.jpg?fit=1200%2C900&ssl=1&resize=350%2C200 1x, https:\/\/i0.wp.com\/www.jazzzeitung.de\/cms\/wp-content\/uploads\/2017\/10\/radio-jazz-neu.jpg?fit=1200%2C900&ssl=1&resize=525%2C300 1.5x, https:\/\/i0.wp.com\/www.jazzzeitung.de\/cms\/wp-content\/uploads\/2017\/10\/radio-jazz-neu.jpg?fit=1200%2C900&ssl=1&resize=700%2C400 2x, https:\/\/i0.wp.com\/www.jazzzeitung.de\/cms\/wp-content\/uploads\/2017\/10\/radio-jazz-neu.jpg?fit=1200%2C900&ssl=1&resize=1050%2C600 3x"},"classes":[]},{"id":22585,"url":"https:\/\/www.jazzzeitung.de\/cms\/2020\/05\/die-jazz-radiowoche-vom-01-06-20-bis-07-06-20\/","url_meta":{"origin":17001,"position":4},"title":"Die Jazz-Radiowoche vom 01.06.20 bis 07.06.20","author":"Martin Hufner","date":"31. Mai 2020","format":false,"excerpt":"Ein kleiner Blick in die Jazzwoche 23 im Radio. Alle Angaben ohne Gew\u00e4hr. Zum 100. Geburtstag des Bigbandleiters Kurt Edelhagen | B\u00fchne frei im Studio 2 f\u00fcr Janning Trumann 4.","rel":"","context":"In &quot;News&quot;","block_context":{"text":"News","link":"https:\/\/www.jazzzeitung.de\/cms\/thema\/nachrichten\/"},"img":{"alt_text":"Jazz im Radio. Foto: Hufner","src":"https:\/\/i0.wp.com\/www.jazzzeitung.de\/cms\/wp-content\/uploads\/2019\/03\/jazz_im_radio.jpg?fit=1200%2C773&ssl=1&resize=350%2C200","width":350,"height":200,"srcset":"https:\/\/i0.wp.com\/www.jazzzeitung.de\/cms\/wp-content\/uploads\/2019\/03\/jazz_im_radio.jpg?fit=1200%2C773&ssl=1&resize=350%2C200 1x, https:\/\/i0.wp.com\/www.jazzzeitung.de\/cms\/wp-content\/uploads\/2019\/03\/jazz_im_radio.jpg?fit=1200%2C773&ssl=1&resize=525%2C300 1.5x, https:\/\/i0.wp.com\/www.jazzzeitung.de\/cms\/wp-content\/uploads\/2019\/03\/jazz_im_radio.jpg?fit=1200%2C773&ssl=1&resize=700%2C400 2x, https:\/\/i0.wp.com\/www.jazzzeitung.de\/cms\/wp-content\/uploads\/2019\/03\/jazz_im_radio.jpg?fit=1200%2C773&ssl=1&resize=1050%2C600 3x"},"classes":[]},{"id":22068,"url":"https:\/\/www.jazzzeitung.de\/cms\/2020\/03\/jazzwoche-kw11\/","url_meta":{"origin":17001,"position":5},"title":"Die Jazz-Radiowoche vom 09.03.20 bis 15.03.20","author":"Martin Hufner","date":"8. M\u00e4rz 2020","format":false,"excerpt":"Ein kleiner Blick in die Jazzwoche 11 im Radio. Die \u00dcbersicht zum Download als PDF. Alle Angaben ohne Gew\u00e4hr. Jazz im Radio (Fernsehen) SR2 \u2013 JazzNow \u2013 Sonntags von 20.04 bis 22.30 Uhr BR-KLASSIK \u2013 Jazztime \u2013 Von Montag bis Freitag t\u00e4glich um 23.05 Uhr rbb-kultur \u2013 Late Night Jazz\u2026","rel":"","context":"In &quot;News&quot;","block_context":{"text":"News","link":"https:\/\/www.jazzzeitung.de\/cms\/thema\/nachrichten\/"},"img":{"alt_text":"Jazz im Radio. Foto: Hufner","src":"https:\/\/i0.wp.com\/www.jazzzeitung.de\/cms\/wp-content\/uploads\/2019\/03\/jazz_im_radio.jpg?fit=1200%2C773&ssl=1&resize=350%2C200","width":350,"height":200,"srcset":"https:\/\/i0.wp.com\/www.jazzzeitung.de\/cms\/wp-content\/uploads\/2019\/03\/jazz_im_radio.jpg?fit=1200%2C773&ssl=1&resize=350%2C200 1x, https:\/\/i0.wp.com\/www.jazzzeitung.de\/cms\/wp-content\/uploads\/2019\/03\/jazz_im_radio.jpg?fit=1200%2C773&ssl=1&resize=525%2C300 1.5x, https:\/\/i0.wp.com\/www.jazzzeitung.de\/cms\/wp-content\/uploads\/2019\/03\/jazz_im_radio.jpg?fit=1200%2C773&ssl=1&resize=700%2C400 2x, https:\/\/i0.wp.com\/www.jazzzeitung.de\/cms\/wp-content\/uploads\/2019\/03\/jazz_im_radio.jpg?fit=1200%2C773&ssl=1&resize=1050%2C600 3x"},"classes":[]}],"jetpack_sharing_enabled":true,"_links":{"self":[{"href":"https:\/\/www.jazzzeitung.de\/cms\/wp-json\/wp\/v2\/posts\/17001","targetHints":{"allow":["GET"]}}],"collection":[{"href":"https:\/\/www.jazzzeitung.de\/cms\/wp-json\/wp\/v2\/posts"}],"about":[{"href":"https:\/\/www.jazzzeitung.de\/cms\/wp-json\/wp\/v2\/types\/post"}],"author":[{"embeddable":true,"href":"https:\/\/www.jazzzeitung.de\/cms\/wp-json\/wp\/v2\/users\/1"}],"replies":[{"embeddable":true,"href":"https:\/\/www.jazzzeitung.de\/cms\/wp-json\/wp\/v2\/comments?post=17001"}],"version-history":[{"count":1,"href":"https:\/\/www.jazzzeitung.de\/cms\/wp-json\/wp\/v2\/posts\/17001\/revisions"}],"predecessor-version":[{"id":17002,"href":"https:\/\/www.jazzzeitung.de\/cms\/wp-json\/wp\/v2\/posts\/17001\/revisions\/17002"}],"wp:featuredmedia":[{"embeddable":true,"href":"https:\/\/www.jazzzeitung.de\/cms\/wp-json\/wp\/v2\/media\/16028"}],"wp:attachment":[{"href":"https:\/\/www.jazzzeitung.de\/cms\/wp-json\/wp\/v2\/media?parent=17001"}],"wp:term":[{"taxonomy":"category","embeddable":true,"href":"https:\/\/www.jazzzeitung.de\/cms\/wp-json\/wp\/v2\/categories?post=17001"},{"taxonomy":"post_tag","embeddable":true,"href":"https:\/\/www.jazzzeitung.de\/cms\/wp-json\/wp\/v2\/tags?post=17001"},{"taxonomy":"author","embeddable":true,"href":"https:\/\/www.jazzzeitung.de\/cms\/wp-json\/wp\/v2\/coauthors?post=17001"}],"curies":[{"name":"wp","href":"https:\/\/api.w.org\/{rel}","templated":true}]}}