{"id":16884,"date":"2018-08-07T13:50:37","date_gmt":"2018-08-07T11:50:37","guid":{"rendered":"https:\/\/www.jazzzeitung.de\/cms\/?p=16884"},"modified":"2018-08-07T11:00:54","modified_gmt":"2018-08-07T09:00:54","slug":"16884","status":"publish","type":"post","link":"https:\/\/www.jazzzeitung.de\/cms\/2018\/08\/16884\/","title":{"rendered":"+++ Cultoursommer Halle l\u00e4utet seine Jazz-Woche ein +++ 2. H\u00f6mma Jazz Festival in Oberhausen +++ Violinenvirtuose Roy Sandro beim JazzBayreuth +++ Holzkirchen pr\u00e4sentiert Jazz, Blues und mehr"},"content":{"rendered":"<p><strong>+++ 6. Cultoursommerwoche +++<br \/>\n<\/strong><\/p>\n<figure id=\"attachment_16887\" aria-describedby=\"caption-attachment-16887\" style=\"width: 300px\" class=\"wp-caption alignleft\"><a href=\"https:\/\/i0.wp.com\/www.jazzzeitung.de\/cms\/wp-content\/uploads\/2018\/08\/Hands-on-Strings_032.jpg?ssl=1\"><img data-recalc-dims=\"1\" loading=\"lazy\" decoding=\"async\" data-attachment-id=\"16887\" data-permalink=\"https:\/\/www.jazzzeitung.de\/cms\/2018\/08\/16884\/hands-on-strings_032\/\" data-orig-file=\"https:\/\/i0.wp.com\/www.jazzzeitung.de\/cms\/wp-content\/uploads\/2018\/08\/Hands-on-Strings_032.jpg?fit=3931%2C2621&amp;ssl=1\" data-orig-size=\"3931,2621\" data-comments-opened=\"1\" data-image-meta=\"{&quot;aperture&quot;:&quot;9&quot;,&quot;credit&quot;:&quot;&quot;,&quot;camera&quot;:&quot;Canon EOS 5D Mark II&quot;,&quot;caption&quot;:&quot;&quot;,&quot;created_timestamp&quot;:&quot;1379585489&quot;,&quot;copyright&quot;:&quot;&quot;,&quot;focal_length&quot;:&quot;44&quot;,&quot;iso&quot;:&quot;100&quot;,&quot;shutter_speed&quot;:&quot;0.00625&quot;,&quot;title&quot;:&quot;&quot;,&quot;orientation&quot;:&quot;1&quot;}\" data-image-title=\"Hands on Strings_032\" data-image-description=\"\" data-image-caption=\"\" data-large-file=\"https:\/\/i0.wp.com\/www.jazzzeitung.de\/cms\/wp-content\/uploads\/2018\/08\/Hands-on-Strings_032.jpg?fit=840%2C560&amp;ssl=1\" class=\"wp-image-16887 size-medium\" src=\"https:\/\/i0.wp.com\/www.jazzzeitung.de\/cms\/wp-content\/uploads\/2018\/08\/Hands-on-Strings_032.jpg?resize=300%2C200&#038;ssl=1\" alt=\"\" width=\"300\" height=\"200\" srcset=\"https:\/\/i0.wp.com\/www.jazzzeitung.de\/cms\/wp-content\/uploads\/2018\/08\/Hands-on-Strings_032.jpg?resize=300%2C200&amp;ssl=1 300w, https:\/\/i0.wp.com\/www.jazzzeitung.de\/cms\/wp-content\/uploads\/2018\/08\/Hands-on-Strings_032.jpg?resize=768%2C512&amp;ssl=1 768w, https:\/\/i0.wp.com\/www.jazzzeitung.de\/cms\/wp-content\/uploads\/2018\/08\/Hands-on-Strings_032.jpg?resize=900%2C600&amp;ssl=1 900w, https:\/\/i0.wp.com\/www.jazzzeitung.de\/cms\/wp-content\/uploads\/2018\/08\/Hands-on-Strings_032.jpg?resize=600%2C400&amp;ssl=1 600w, https:\/\/i0.wp.com\/www.jazzzeitung.de\/cms\/wp-content\/uploads\/2018\/08\/Hands-on-Strings_032.jpg?resize=120%2C80&amp;ssl=1 120w, https:\/\/i0.wp.com\/www.jazzzeitung.de\/cms\/wp-content\/uploads\/2018\/08\/Hands-on-Strings_032.jpg?w=1680&amp;ssl=1 1680w, https:\/\/i0.wp.com\/www.jazzzeitung.de\/cms\/wp-content\/uploads\/2018\/08\/Hands-on-Strings_032.jpg?w=2520&amp;ssl=1 2520w\" sizes=\"auto, (max-width: 300px) 100vw, 300px\" \/><\/a><figcaption id=\"caption-attachment-16887\" class=\"wp-caption-text\">Hand On Strings, Pressefoto<\/figcaption><\/figure>\n<p>Auch in seiner zw\u00f6lften Auflage widmet der Cultoursommer seine letzte Woche traditionsgem\u00e4\u00df dem Jazz. Daf\u00fcr finden sich vom 8. bis 11. August zahlreiche Musiker in Halle an der Saale ein, um das universale Musikfestival mit dem ein oder anderen Standard ausklingen zu lassen. Den Auftakt macht am Mittwoch Soul-Ikone Angelika Weiz, die in den 80er Jahren zur beliebtesten Jazz-S\u00e4ngerin der DDR gew\u00e4hlt wurde und sich nun mit Kollegen wie Chris Lewis, Charlie Eitner und Topo Gioia zusammenschlie\u00dft. Am Donnerstag werden die Besucher von der f\u00fcnfk\u00f6pfigen Combo Java Five \u2013 The Art Of Vocal Swing empfangen, bevor Stephan Bormann und Thomas Fellow alias Hand On Strings mit experimentierfreudigen Gitarrendialogen das Wochenende einl\u00e4uten. Das Abschlusskonzert am Samstagabend bestreitet die Inkspot Swing Band feat Domenica Pottel, die Werke ihres aktuellen Albums \u201eSatin Doll\u201c vorstellt.<\/p>\n<p><a href=\"https:\/\/www.cultoursommer.de\/\">http:\/\/www.cultoursommer.de\/<\/a><\/p>\n<p>&nbsp;<\/p>\n<p><strong>+++ H\u00f6mma Jazz Festival Oberhausen +++<br \/>\n<\/strong><\/p>\n<figure id=\"attachment_16892\" aria-describedby=\"caption-attachment-16892\" style=\"width: 347px\" class=\"wp-caption alignleft\"><a href=\"https:\/\/i0.wp.com\/www.jazzzeitung.de\/cms\/wp-content\/uploads\/2018\/08\/Lizz-Wright-02kl-c-Jesse-Kitt.jpg?ssl=1\"><img data-recalc-dims=\"1\" loading=\"lazy\" decoding=\"async\" data-attachment-id=\"16892\" data-permalink=\"https:\/\/www.jazzzeitung.de\/cms\/2018\/08\/16884\/lizz-wright-02kl-c-jesse-kitt\/\" data-orig-file=\"https:\/\/i0.wp.com\/www.jazzzeitung.de\/cms\/wp-content\/uploads\/2018\/08\/Lizz-Wright-02kl-c-Jesse-Kitt.jpg?fit=1024%2C684&amp;ssl=1\" data-orig-size=\"1024,684\" data-comments-opened=\"1\" data-image-meta=\"{&quot;aperture&quot;:&quot;2.8&quot;,&quot;credit&quot;:&quot;Jesse Kitt&quot;,&quot;camera&quot;:&quot;NIKON D750&quot;,&quot;caption&quot;:&quot;&quot;,&quot;created_timestamp&quot;:&quot;1496239928&quot;,&quot;copyright&quot;:&quot;\\u00a9 Jesse Kitt Photography 2013&quot;,&quot;focal_length&quot;:&quot;29&quot;,&quot;iso&quot;:&quot;3200&quot;,&quot;shutter_speed&quot;:&quot;0.0004&quot;,&quot;title&quot;:&quot;&quot;,&quot;orientation&quot;:&quot;1&quot;}\" data-image-title=\"Lizz Wright 02kl (c) Jesse Kitt\" data-image-description=\"\" data-image-caption=\"\" data-large-file=\"https:\/\/i0.wp.com\/www.jazzzeitung.de\/cms\/wp-content\/uploads\/2018\/08\/Lizz-Wright-02kl-c-Jesse-Kitt.jpg?fit=840%2C561&amp;ssl=1\" class=\"wp-image-16892\" src=\"https:\/\/i0.wp.com\/www.jazzzeitung.de\/cms\/wp-content\/uploads\/2018\/08\/Lizz-Wright-02kl-c-Jesse-Kitt.jpg?resize=347%2C231&#038;ssl=1\" alt=\"\" width=\"347\" height=\"231\" srcset=\"https:\/\/i0.wp.com\/www.jazzzeitung.de\/cms\/wp-content\/uploads\/2018\/08\/Lizz-Wright-02kl-c-Jesse-Kitt.jpg?resize=300%2C200&amp;ssl=1 300w, https:\/\/i0.wp.com\/www.jazzzeitung.de\/cms\/wp-content\/uploads\/2018\/08\/Lizz-Wright-02kl-c-Jesse-Kitt.jpg?resize=768%2C513&amp;ssl=1 768w, https:\/\/i0.wp.com\/www.jazzzeitung.de\/cms\/wp-content\/uploads\/2018\/08\/Lizz-Wright-02kl-c-Jesse-Kitt.jpg?resize=898%2C600&amp;ssl=1 898w, https:\/\/i0.wp.com\/www.jazzzeitung.de\/cms\/wp-content\/uploads\/2018\/08\/Lizz-Wright-02kl-c-Jesse-Kitt.jpg?resize=600%2C401&amp;ssl=1 600w, https:\/\/i0.wp.com\/www.jazzzeitung.de\/cms\/wp-content\/uploads\/2018\/08\/Lizz-Wright-02kl-c-Jesse-Kitt.jpg?resize=120%2C80&amp;ssl=1 120w, https:\/\/i0.wp.com\/www.jazzzeitung.de\/cms\/wp-content\/uploads\/2018\/08\/Lizz-Wright-02kl-c-Jesse-Kitt.jpg?w=1024&amp;ssl=1 1024w\" sizes=\"auto, (max-width: 347px) 100vw, 347px\" \/><\/a><figcaption id=\"caption-attachment-16892\" class=\"wp-caption-text\">Lizz Wright, Foto: Jesse Kitt<\/figcaption><\/figure>\n<p>Zum zweiten Mal m\u00f6chte das H\u00f6mma Jazz Festival in Oberhausen seine Besucher vom 12. bis 16. September mit einer F\u00fclle an Acts zum beschwingten Mitjazzen animieren. \u00a0Zu Beginn tritt am Mittwoch Trompeter Markus Stockhausen mit seiner aktuellen Formation Quadrivium die B\u00fchne, um aktuellen Jazz mit europ\u00e4ischer Kunstmusik zu vermengen. Nach dem \u201cinterkulturellen Mitsingen in der Innenstadt\u201d am Donnerstagnachmittag l\u00e4dt Gitarrist Igor Lazarev (unser Titelbild oben)\u00a0 zu aufregender Instrumentalmusik ein. Nachdem er im vegangenen Jahr mit seiner Project Group f\u00fcr Aufsehen gesorgt hat (Platten-Tipp: &#8222;Shine your Light&#8220;), kommt Lazarev jetzt mit seinem neuen Trio nach Oberhausen. Auch das Trio-Repertoire tr\u00e4gt Lazarevs Handschrift: intelligent gemachter, kraftvoller Fusionjazz mit Rock-, Funk- and Latin-Zutaten. Anschlie\u00dfend, am sp\u00e4ten Abend, pr\u00e4sentiert der deutsche Soul-Jazz-S\u00e4nger Jeff Cascaro\u00a0 sein aktuelles Album \u201eLove &amp; Blues in the City\u201c. Saxofon und Klavier im Duett erwartet die Zuh\u00f6rer am Freitagabend, wenn Johannes Lemke zusammen mit dem indischen Pianisten Jarry Singla unter dem Namen \u201eShatabdi\u201c in der Christuskirche aufspielt. \u201eThe show must blow on\u201d lautet zu sp\u00e4terer Stunde dann das Programm der Bl\u00e4ser-Formation \u201eTalking Horns\u201c. Auch das Wochenende steht ganz im Zeichen der Jazzmusik: Tags\u00fcber ziehen kleinere Combos durch die Innenstadt, bis um 18 Uhr Pianist und S\u00e4nger Manfred Billmann zur gem\u00fctlichen Jazz-Session aufruft. Dazu d\u00fcrfen die Besucher gerne auch ihre eignen Instrumente mitbringen. Am Samstagabend konkurrieren die synchronen Auftritte der brasilianischen Jazz-Folklore-S\u00e4ngerin Rosani Reis sowie des Jazz Pool NRWs (\u201eSketches\u201c) um die Gunst des Publikums. Nach dem nachmitt\u00e4glichen \u201eclassic meets Jazz\u201c der st\u00e4dtischen Musikschule beschlie\u00dft zu guter Letzt die WDR Big Band mit dem warmen Timbre von S\u00e4ngerin Lizz Wright das Festival.<\/p>\n<p><a href=\"http:\/\/www.jazz-in-oberhausen.de\/festival\/\">http:\/\/www.jazz-in-oberhausen.de\/festival\/<\/a><\/p>\n<p>&nbsp;<\/p>\n<p><strong>+++ JazzBayreuth: \u201eModern Gypsy Jazz Quartett\u201c +++<br \/>\n<\/strong><\/p>\n<figure id=\"attachment_16895\" aria-describedby=\"caption-attachment-16895\" style=\"width: 267px\" class=\"wp-caption alignleft\"><a href=\"https:\/\/i0.wp.com\/www.jazzzeitung.de\/cms\/wp-content\/uploads\/2018\/08\/Chrstian-Hartmann-TShirt-sitz-60-1.jpg?ssl=1\"><img data-recalc-dims=\"1\" loading=\"lazy\" decoding=\"async\" data-attachment-id=\"16895\" data-permalink=\"https:\/\/www.jazzzeitung.de\/cms\/2018\/08\/16884\/chrstian-hartmann-tshirt-sitz-60-2\/\" data-orig-file=\"https:\/\/i0.wp.com\/www.jazzzeitung.de\/cms\/wp-content\/uploads\/2018\/08\/Chrstian-Hartmann-TShirt-sitz-60-1.jpg?fit=630%2C472&amp;ssl=1\" data-orig-size=\"630,472\" data-comments-opened=\"1\" data-image-meta=\"{&quot;aperture&quot;:&quot;0&quot;,&quot;credit&quot;:&quot;&quot;,&quot;camera&quot;:&quot;&quot;,&quot;caption&quot;:&quot;&quot;,&quot;created_timestamp&quot;:&quot;0&quot;,&quot;copyright&quot;:&quot;&quot;,&quot;focal_length&quot;:&quot;0&quot;,&quot;iso&quot;:&quot;0&quot;,&quot;shutter_speed&quot;:&quot;0&quot;,&quot;title&quot;:&quot;&quot;,&quot;orientation&quot;:&quot;0&quot;}\" data-image-title=\"Chrstian-Hartmann-TShirt-sitz-60\" data-image-description=\"\" data-image-caption=\"\" data-large-file=\"https:\/\/i0.wp.com\/www.jazzzeitung.de\/cms\/wp-content\/uploads\/2018\/08\/Chrstian-Hartmann-TShirt-sitz-60-1.jpg?fit=630%2C472&amp;ssl=1\" class=\"wp-image-16895\" src=\"https:\/\/i0.wp.com\/www.jazzzeitung.de\/cms\/wp-content\/uploads\/2018\/08\/Chrstian-Hartmann-TShirt-sitz-60-1.jpg?resize=267%2C200&#038;ssl=1\" alt=\"\" width=\"267\" height=\"200\" srcset=\"https:\/\/i0.wp.com\/www.jazzzeitung.de\/cms\/wp-content\/uploads\/2018\/08\/Chrstian-Hartmann-TShirt-sitz-60-1.jpg?resize=300%2C225&amp;ssl=1 300w, https:\/\/i0.wp.com\/www.jazzzeitung.de\/cms\/wp-content\/uploads\/2018\/08\/Chrstian-Hartmann-TShirt-sitz-60-1.jpg?resize=600%2C450&amp;ssl=1 600w, https:\/\/i0.wp.com\/www.jazzzeitung.de\/cms\/wp-content\/uploads\/2018\/08\/Chrstian-Hartmann-TShirt-sitz-60-1.jpg?w=630&amp;ssl=1 630w\" sizes=\"auto, (max-width: 267px) 100vw, 267px\" \/><\/a><figcaption id=\"caption-attachment-16895\" class=\"wp-caption-text\">Sandro Roy, Foto: Christian Hartmann<\/figcaption><\/figure>\n<p>Die Welt des Jazz mit Bayreuth und Oberfranken vernetzen \u2013 das hat sich der rund 200 Mitglieder starke Verein JazzForum Bayreuth auf die Fahnen geschrieben. Im Rahmen seiner Konzertreihe betritt am 22. September auch das Jermaine Landsberger Trio mit Gastviolinisten Sandro Roy die B\u00fchne, die sich unter dem Namen \u201eModern Gypsy Jazz Quartett\u201c vereinen. Pianist Landsberger, der auch Erfahrungen in der US-amerikanischen Jazzszene sammeln konnte, m\u00f6chte den europ\u00e4ischen Jazzstil Modern Gypsy dabei mit transatlantischen Einfl\u00fcssen bereichern.<\/p>\n<p><a href=\"http:\/\/www.jazz-bayreuth.de\">http:\/\/www.jazz-bayreuth.de<\/a><\/p>\n<p>&nbsp;<\/p>\n<p>&nbsp;<\/p>\n<p><strong>+++ Holzkirchner Blues- und Jazztage +++<br \/>\n<\/strong><\/p>\n<figure id=\"attachment_16893\" aria-describedby=\"caption-attachment-16893\" style=\"width: 300px\" class=\"wp-caption alignleft\"><a href=\"https:\/\/i0.wp.com\/www.jazzzeitung.de\/cms\/wp-content\/uploads\/2018\/08\/MAusserbauer-6787-1.jpg?ssl=1\"><img data-recalc-dims=\"1\" loading=\"lazy\" decoding=\"async\" data-attachment-id=\"16893\" data-permalink=\"https:\/\/www.jazzzeitung.de\/cms\/2018\/08\/16884\/mausserbauer-6787-1\/\" data-orig-file=\"https:\/\/i0.wp.com\/www.jazzzeitung.de\/cms\/wp-content\/uploads\/2018\/08\/MAusserbauer-6787-1.jpg?fit=900%2C600&amp;ssl=1\" data-orig-size=\"900,600\" data-comments-opened=\"1\" data-image-meta=\"{&quot;aperture&quot;:&quot;0&quot;,&quot;credit&quot;:&quot;&quot;,&quot;camera&quot;:&quot;&quot;,&quot;caption&quot;:&quot;&quot;,&quot;created_timestamp&quot;:&quot;0&quot;,&quot;copyright&quot;:&quot;&quot;,&quot;focal_length&quot;:&quot;0&quot;,&quot;iso&quot;:&quot;0&quot;,&quot;shutter_speed&quot;:&quot;0&quot;,&quot;title&quot;:&quot;&quot;,&quot;orientation&quot;:&quot;0&quot;}\" data-image-title=\"MAusserbauer-6787-1\" data-image-description=\"\" data-image-caption=\"\" data-large-file=\"https:\/\/i0.wp.com\/www.jazzzeitung.de\/cms\/wp-content\/uploads\/2018\/08\/MAusserbauer-6787-1.jpg?fit=840%2C560&amp;ssl=1\" class=\"wp-image-16893 size-medium\" src=\"https:\/\/i0.wp.com\/www.jazzzeitung.de\/cms\/wp-content\/uploads\/2018\/08\/MAusserbauer-6787-1.jpg?resize=300%2C200&#038;ssl=1\" alt=\"\" width=\"300\" height=\"200\" srcset=\"https:\/\/i0.wp.com\/www.jazzzeitung.de\/cms\/wp-content\/uploads\/2018\/08\/MAusserbauer-6787-1.jpg?resize=300%2C200&amp;ssl=1 300w, https:\/\/i0.wp.com\/www.jazzzeitung.de\/cms\/wp-content\/uploads\/2018\/08\/MAusserbauer-6787-1.jpg?resize=768%2C512&amp;ssl=1 768w, https:\/\/i0.wp.com\/www.jazzzeitung.de\/cms\/wp-content\/uploads\/2018\/08\/MAusserbauer-6787-1.jpg?resize=600%2C400&amp;ssl=1 600w, https:\/\/i0.wp.com\/www.jazzzeitung.de\/cms\/wp-content\/uploads\/2018\/08\/MAusserbauer-6787-1.jpg?resize=120%2C80&amp;ssl=1 120w, https:\/\/i0.wp.com\/www.jazzzeitung.de\/cms\/wp-content\/uploads\/2018\/08\/MAusserbauer-6787-1.jpg?w=900&amp;ssl=1 900w\" sizes=\"auto, (max-width: 300px) 100vw, 300px\" \/><\/a><figcaption id=\"caption-attachment-16893\" class=\"wp-caption-text\">Michael Au\u00dferbauer, Foto: Michael Lang<\/figcaption><\/figure>\n<p>Vom 16. bis 21. Oktober finden die Holzkirchner Blues- und Jazztage in der famili\u00e4ren Atmosph\u00e4re des FoolsTheaters und Umgebung statt. Nach Gerti Raym &amp; The Cats, die mit starker Stimme das Festival er\u00f6ffnen, verschreibt sich die GProject Blues Band am Mittwochabend wieder ganz dem Chicago Blues. Zu Beginn des Hauptprogramms stellen Alicia Viola &amp; The Shades am Donnerstag eine Mischung aus Jazz, Nu Soul und R&amp;B vor. \u00a0Tags darauf erwartet die Besucher mit Yeni Toro Y Su Afroson Latin einen Cocktail aus Jazz, Rumba und Salsa, bevor Tenor Steps die musikalische Bandbreite noch weiter \u00f6ffnen wollen. Daf\u00fcr kombiniert das Quintett um Saxophonist und S\u00e4nger Michael Au\u00dferbauer ungeniert Funk mit Blues und verkauft es schlicht als \u201eAll That Jazz\u201c. Den Samstagmittag \u00a0unterh\u00e4lt die junge HOKI Youth Band, das Festival beschlie\u00dfen wird das Jazz- &amp; Pop-Trio Drei D\u2019Accord, das mit der frischen Besetzung von Harfe, Cello und Saxophon aufwartet.<\/p>\n<p><a href=\"http:\/\/www.h-jazz.de\/\">http:\/\/www.h-jazz.de\/<\/a><\/p>\n","protected":false},"excerpt":{"rendered":"<p>+++ 6. Cultoursommerwoche +++ Auch in seiner zw\u00f6lften Auflage widmet der Cultoursommer seine letzte Woche traditionsgem\u00e4\u00df dem Jazz. Daf\u00fcr finden sich vom 8. bis 11. August zahlreiche Musiker in Halle an der Saale ein, um das universale Musikfestival mit dem ein oder anderen Standard ausklingen zu lassen. Den Auftakt macht am Mittwoch Soul-Ikone Angelika Weiz, die in den 80er Jahren zur beliebtesten Jazz-S\u00e4ngerin der DDR gew\u00e4hlt wurde und sich nun mit Kollegen wie Chris Lewis, Charlie Eitner und Topo Gioia zusammenschlie\u00dft. Am Donnerstag werden die Besucher von der f\u00fcnfk\u00f6pfigen Combo Java Five \u2013 The Art Of Vocal Swing empfangen, bevor Stephan Bormann und Thomas Fellow alias Hand On Strings mit experimentierfreudigen Gitarrendialogen das Wochenende einl\u00e4uten. Das Abschlusskonzert am Samstagabend bestreitet die Inkspot Swing Band feat Domenica Pottel, die Werke ihres aktuellen Albums \u201eSatin Doll\u201c vorstellt. http:\/\/www.cultoursommer.de\/ &nbsp; +++ H\u00f6mma Jazz Festival Oberhausen +++ Zum zweiten Mal m\u00f6chte das H\u00f6mma Jazz Festival in Oberhausen seine Besucher vom 12. bis 16. September mit einer F\u00fclle an Acts zum beschwingten Mitjazzen animieren. \u00a0Zu Beginn tritt am Mittwoch Trompeter Markus Stockhausen mit seiner aktuellen Formation Quadrivium die B\u00fchne, um &hellip;<\/p>\n","protected":false},"author":18,"featured_media":16897,"comment_status":"open","ping_status":"closed","sticky":false,"template":"","format":"standard","meta":{"_jetpack_memberships_contains_paid_content":false,"footnotes":"","jetpack_publicize_message":"","jetpack_publicize_feature_enabled":true,"jetpack_social_post_already_shared":false,"jetpack_social_options":{"image_generator_settings":{"template":"highway","default_image_id":0,"font":"","enabled":false},"version":2}},"categories":[633],"tags":[34,71,83,112,129,3,212,214,1876,1262,1978,1264,1810,447,1273,1965,1250,481,535,1356,589],"coauthors":[695],"class_list":["post-16884","post","type-post","status-publish","format-standard","has-post-thumbnail","hentry","category-nachrichten","tag-album","tag-big-band","tag-blues","tag-chicago","tag-ddr","tag-festival","tag-gypsy-jazz","tag-halle","tag-jazz","tag-jazzforum","tag-jazzszene","tag-jazztage","tag-markus-stockhausen","tag-pop","tag-quadrivium","tag-quartett","tag-rock","tag-saale","tag-swing","tag-trio","tag-wdr"],"yoast_head":"<!-- This site is optimized with the Yoast SEO plugin v27.5 - https:\/\/yoast.com\/product\/yoast-seo-wordpress\/ -->\n<title>+++ Cultoursommer Halle l\u00e4utet seine Jazz-Woche ein +++ 2. H\u00f6mma Jazz Festival in Oberhausen +++ Violinenvirtuose Roy Sandro beim JazzBayreuth +++ Holzkirchen pr\u00e4sentiert Jazz, Blues und mehr - JazzZeitung<\/title>\n<meta name=\"robots\" content=\"index, follow, max-snippet:-1, max-image-preview:large, max-video-preview:-1\" \/>\n<link rel=\"canonical\" href=\"https:\/\/www.jazzzeitung.de\/cms\/2018\/08\/16884\/\" \/>\n<meta property=\"og:locale\" content=\"de_DE\" \/>\n<meta property=\"og:type\" content=\"article\" \/>\n<meta property=\"og:title\" content=\"+++ Cultoursommer Halle l\u00e4utet seine Jazz-Woche ein +++ 2. H\u00f6mma Jazz Festival in Oberhausen +++ Violinenvirtuose Roy Sandro beim JazzBayreuth +++ Holzkirchen pr\u00e4sentiert Jazz, Blues und mehr - JazzZeitung\" \/>\n<meta property=\"og:description\" content=\"+++ 6. Cultoursommerwoche +++ Auch in seiner zw\u00f6lften Auflage widmet der Cultoursommer seine letzte Woche traditionsgem\u00e4\u00df dem Jazz. Daf\u00fcr finden sich vom 8. bis 11. August zahlreiche Musiker in Halle an der Saale ein, um das universale Musikfestival mit dem ein oder anderen Standard ausklingen zu lassen. Den Auftakt macht am Mittwoch Soul-Ikone Angelika Weiz, die in den 80er Jahren zur beliebtesten Jazz-S\u00e4ngerin der DDR gew\u00e4hlt wurde und sich nun mit Kollegen wie Chris Lewis, Charlie Eitner und Topo Gioia zusammenschlie\u00dft. Am Donnerstag werden die Besucher von der f\u00fcnfk\u00f6pfigen Combo Java Five \u2013 The Art Of Vocal Swing empfangen, bevor Stephan Bormann und Thomas Fellow alias Hand On Strings mit experimentierfreudigen Gitarrendialogen das Wochenende einl\u00e4uten. Das Abschlusskonzert am Samstagabend bestreitet die Inkspot Swing Band feat Domenica Pottel, die Werke ihres aktuellen Albums \u201eSatin Doll\u201c vorstellt. http:\/\/www.cultoursommer.de\/ &nbsp; +++ H\u00f6mma Jazz Festival Oberhausen +++ Zum zweiten Mal m\u00f6chte das H\u00f6mma Jazz Festival in Oberhausen seine Besucher vom 12. bis 16. September mit einer F\u00fclle an Acts zum beschwingten Mitjazzen animieren. \u00a0Zu Beginn tritt am Mittwoch Trompeter Markus Stockhausen mit seiner aktuellen Formation Quadrivium die B\u00fchne, um &hellip;\" \/>\n<meta property=\"og:url\" content=\"https:\/\/www.jazzzeitung.de\/cms\/2018\/08\/16884\/\" \/>\n<meta property=\"og:site_name\" content=\"JazzZeitung\" \/>\n<meta property=\"article:publisher\" content=\"https:\/\/www.facebook.com\/JazzZeitung\/\" \/>\n<meta property=\"article:published_time\" content=\"2018-08-07T11:50:37+00:00\" \/>\n<meta property=\"og:image\" content=\"https:\/\/i0.wp.com\/www.jazzzeitung.de\/cms\/wp-content\/uploads\/2018\/08\/Igor-Lazarev-copyright-by-Igor-Lazarev-kl.jpg?fit=1920%2C1280&ssl=1\" \/>\n\t<meta property=\"og:image:width\" content=\"1920\" \/>\n\t<meta property=\"og:image:height\" content=\"1280\" \/>\n\t<meta property=\"og:image:type\" content=\"image\/jpeg\" \/>\n<meta name=\"author\" content=\"Redaktion JazzZeitung\" \/>\n<script type=\"application\/ld+json\" class=\"yoast-schema-graph\">{\"@context\":\"https:\\\/\\\/schema.org\",\"@graph\":[{\"@type\":\"Article\",\"@id\":\"https:\\\/\\\/www.jazzzeitung.de\\\/cms\\\/2018\\\/08\\\/16884\\\/#article\",\"isPartOf\":{\"@id\":\"https:\\\/\\\/www.jazzzeitung.de\\\/cms\\\/2018\\\/08\\\/16884\\\/\"},\"author\":{\"name\":\"Redaktion JazzZeitung\",\"@id\":\"https:\\\/\\\/www.jazzzeitung.de\\\/cms\\\/#\\\/schema\\\/person\\\/2245b36b9cd1d24cea10f01c031fb92b\"},\"headline\":\"+++ Cultoursommer Halle l\u00e4utet seine Jazz-Woche ein +++ 2. H\u00f6mma Jazz Festival in Oberhausen +++ Violinenvirtuose Roy Sandro beim JazzBayreuth +++ Holzkirchen pr\u00e4sentiert Jazz, Blues und mehr\",\"datePublished\":\"2018-08-07T11:50:37+00:00\",\"mainEntityOfPage\":{\"@id\":\"https:\\\/\\\/www.jazzzeitung.de\\\/cms\\\/2018\\\/08\\\/16884\\\/\"},\"wordCount\":760,\"commentCount\":0,\"publisher\":{\"@id\":\"https:\\\/\\\/www.jazzzeitung.de\\\/cms\\\/#organization\"},\"image\":{\"@id\":\"https:\\\/\\\/www.jazzzeitung.de\\\/cms\\\/2018\\\/08\\\/16884\\\/#primaryimage\"},\"thumbnailUrl\":\"https:\\\/\\\/i0.wp.com\\\/www.jazzzeitung.de\\\/cms\\\/wp-content\\\/uploads\\\/2018\\\/08\\\/Igor-Lazarev-copyright-by-Igor-Lazarev-kl.jpg?fit=1920%2C1280&ssl=1\",\"keywords\":[\"Album\",\"Big Band\",\"Blues\",\"Chicago\",\"ddr\",\"Festival\",\"Gypsy Jazz\",\"Halle\",\"Jazz\",\"Jazzforum\",\"Jazzszene\",\"Jazztage\",\"Markus Stockhausen\",\"Pop\",\"Quadrivium\",\"Quartett\",\"Rock\",\"Saale\",\"Swing\",\"trio\",\"WDR\"],\"articleSection\":[\"News\"],\"inLanguage\":\"de\",\"potentialAction\":[{\"@type\":\"CommentAction\",\"name\":\"Comment\",\"target\":[\"https:\\\/\\\/www.jazzzeitung.de\\\/cms\\\/2018\\\/08\\\/16884\\\/#respond\"]}]},{\"@type\":\"WebPage\",\"@id\":\"https:\\\/\\\/www.jazzzeitung.de\\\/cms\\\/2018\\\/08\\\/16884\\\/\",\"url\":\"https:\\\/\\\/www.jazzzeitung.de\\\/cms\\\/2018\\\/08\\\/16884\\\/\",\"name\":\"+++ Cultoursommer Halle l\u00e4utet seine Jazz-Woche ein +++ 2. H\u00f6mma Jazz Festival in Oberhausen +++ Violinenvirtuose Roy Sandro beim JazzBayreuth +++ Holzkirchen pr\u00e4sentiert Jazz, Blues und mehr - JazzZeitung\",\"isPartOf\":{\"@id\":\"https:\\\/\\\/www.jazzzeitung.de\\\/cms\\\/#website\"},\"primaryImageOfPage\":{\"@id\":\"https:\\\/\\\/www.jazzzeitung.de\\\/cms\\\/2018\\\/08\\\/16884\\\/#primaryimage\"},\"image\":{\"@id\":\"https:\\\/\\\/www.jazzzeitung.de\\\/cms\\\/2018\\\/08\\\/16884\\\/#primaryimage\"},\"thumbnailUrl\":\"https:\\\/\\\/i0.wp.com\\\/www.jazzzeitung.de\\\/cms\\\/wp-content\\\/uploads\\\/2018\\\/08\\\/Igor-Lazarev-copyright-by-Igor-Lazarev-kl.jpg?fit=1920%2C1280&ssl=1\",\"datePublished\":\"2018-08-07T11:50:37+00:00\",\"breadcrumb\":{\"@id\":\"https:\\\/\\\/www.jazzzeitung.de\\\/cms\\\/2018\\\/08\\\/16884\\\/#breadcrumb\"},\"inLanguage\":\"de\",\"potentialAction\":[{\"@type\":\"ReadAction\",\"target\":[\"https:\\\/\\\/www.jazzzeitung.de\\\/cms\\\/2018\\\/08\\\/16884\\\/\"]}]},{\"@type\":\"ImageObject\",\"inLanguage\":\"de\",\"@id\":\"https:\\\/\\\/www.jazzzeitung.de\\\/cms\\\/2018\\\/08\\\/16884\\\/#primaryimage\",\"url\":\"https:\\\/\\\/i0.wp.com\\\/www.jazzzeitung.de\\\/cms\\\/wp-content\\\/uploads\\\/2018\\\/08\\\/Igor-Lazarev-copyright-by-Igor-Lazarev-kl.jpg?fit=1920%2C1280&ssl=1\",\"contentUrl\":\"https:\\\/\\\/i0.wp.com\\\/www.jazzzeitung.de\\\/cms\\\/wp-content\\\/uploads\\\/2018\\\/08\\\/Igor-Lazarev-copyright-by-Igor-Lazarev-kl.jpg?fit=1920%2C1280&ssl=1\",\"width\":1920,\"height\":1280,\"caption\":\"Copyright: Igor Lazarev\"},{\"@type\":\"BreadcrumbList\",\"@id\":\"https:\\\/\\\/www.jazzzeitung.de\\\/cms\\\/2018\\\/08\\\/16884\\\/#breadcrumb\",\"itemListElement\":[{\"@type\":\"ListItem\",\"position\":1,\"name\":\"Startseite\",\"item\":\"https:\\\/\\\/www.jazzzeitung.de\\\/cms\\\/\"},{\"@type\":\"ListItem\",\"position\":2,\"name\":\"+++ Cultoursommer Halle l\u00e4utet seine Jazz-Woche ein +++ 2. H\u00f6mma Jazz Festival in Oberhausen +++ Violinenvirtuose Roy Sandro beim JazzBayreuth +++ Holzkirchen pr\u00e4sentiert Jazz, Blues und mehr\"}]},{\"@type\":\"WebSite\",\"@id\":\"https:\\\/\\\/www.jazzzeitung.de\\\/cms\\\/#website\",\"url\":\"https:\\\/\\\/www.jazzzeitung.de\\\/cms\\\/\",\"name\":\"JazzZeitung\",\"description\":\"Jazz-News und Jazz-Kontroverses\",\"publisher\":{\"@id\":\"https:\\\/\\\/www.jazzzeitung.de\\\/cms\\\/#organization\"},\"potentialAction\":[{\"@type\":\"SearchAction\",\"target\":{\"@type\":\"EntryPoint\",\"urlTemplate\":\"https:\\\/\\\/www.jazzzeitung.de\\\/cms\\\/?s={search_term_string}\"},\"query-input\":{\"@type\":\"PropertyValueSpecification\",\"valueRequired\":true,\"valueName\":\"search_term_string\"}}],\"inLanguage\":\"de\"},{\"@type\":\"Organization\",\"@id\":\"https:\\\/\\\/www.jazzzeitung.de\\\/cms\\\/#organization\",\"name\":\"JazzZeitung online\",\"url\":\"https:\\\/\\\/www.jazzzeitung.de\\\/cms\\\/\",\"logo\":{\"@type\":\"ImageObject\",\"inLanguage\":\"de\",\"@id\":\"https:\\\/\\\/www.jazzzeitung.de\\\/cms\\\/#\\\/schema\\\/logo\\\/image\\\/\",\"url\":\"https:\\\/\\\/i0.wp.com\\\/www.jazzzeitung.de\\\/cms\\\/wp-content\\\/uploads\\\/2015\\\/08\\\/JAZZZEITUNGDE_Logo_Neu.png?fit=499%2C200&ssl=1\",\"contentUrl\":\"https:\\\/\\\/i0.wp.com\\\/www.jazzzeitung.de\\\/cms\\\/wp-content\\\/uploads\\\/2015\\\/08\\\/JAZZZEITUNGDE_Logo_Neu.png?fit=499%2C200&ssl=1\",\"width\":499,\"height\":200,\"caption\":\"JazzZeitung online\"},\"image\":{\"@id\":\"https:\\\/\\\/www.jazzzeitung.de\\\/cms\\\/#\\\/schema\\\/logo\\\/image\\\/\"},\"sameAs\":[\"https:\\\/\\\/www.facebook.com\\\/JazzZeitung\\\/\"]},{\"@type\":\"Person\",\"@id\":\"https:\\\/\\\/www.jazzzeitung.de\\\/cms\\\/#\\\/schema\\\/person\\\/2245b36b9cd1d24cea10f01c031fb92b\",\"name\":\"Redaktion JazzZeitung\",\"image\":{\"@type\":\"ImageObject\",\"inLanguage\":\"de\",\"@id\":\"https:\\\/\\\/i0.wp.com\\\/www.jazzzeitung.de\\\/cms\\\/wp-content\\\/uploads\\\/2015\\\/08\\\/JAZZZEITUNGDE_Logo_Neu.png?resize=96%2C96&ssl=159975dcacb611b5700bd619b5daf0a7a\",\"url\":\"https:\\\/\\\/i0.wp.com\\\/www.jazzzeitung.de\\\/cms\\\/wp-content\\\/uploads\\\/2015\\\/08\\\/JAZZZEITUNGDE_Logo_Neu.png?resize=96%2C96&ssl=1\",\"contentUrl\":\"https:\\\/\\\/i0.wp.com\\\/www.jazzzeitung.de\\\/cms\\\/wp-content\\\/uploads\\\/2015\\\/08\\\/JAZZZEITUNGDE_Logo_Neu.png?resize=96%2C96&ssl=1\",\"caption\":\"Redaktion JazzZeitung\"},\"description\":\"Artikel der Redaktion der JazzZeitung.\",\"sameAs\":[\"http:\\\/\\\/www.jazzzeitung.de\\\/cms\\\/\"],\"url\":\"https:\\\/\\\/www.jazzzeitung.de\\\/cms\\\/author\\\/redaktion\\\/\"}]}<\/script>\n<!-- \/ Yoast SEO plugin. -->","yoast_head_json":{"title":"+++ Cultoursommer Halle l\u00e4utet seine Jazz-Woche ein +++ 2. H\u00f6mma Jazz Festival in Oberhausen +++ Violinenvirtuose Roy Sandro beim JazzBayreuth +++ Holzkirchen pr\u00e4sentiert Jazz, Blues und mehr - JazzZeitung","robots":{"index":"index","follow":"follow","max-snippet":"max-snippet:-1","max-image-preview":"max-image-preview:large","max-video-preview":"max-video-preview:-1"},"canonical":"https:\/\/www.jazzzeitung.de\/cms\/2018\/08\/16884\/","og_locale":"de_DE","og_type":"article","og_title":"+++ Cultoursommer Halle l\u00e4utet seine Jazz-Woche ein +++ 2. H\u00f6mma Jazz Festival in Oberhausen +++ Violinenvirtuose Roy Sandro beim JazzBayreuth +++ Holzkirchen pr\u00e4sentiert Jazz, Blues und mehr - JazzZeitung","og_description":"+++ 6. Cultoursommerwoche +++ Auch in seiner zw\u00f6lften Auflage widmet der Cultoursommer seine letzte Woche traditionsgem\u00e4\u00df dem Jazz. Daf\u00fcr finden sich vom 8. bis 11. August zahlreiche Musiker in Halle an der Saale ein, um das universale Musikfestival mit dem ein oder anderen Standard ausklingen zu lassen. Den Auftakt macht am Mittwoch Soul-Ikone Angelika Weiz, die in den 80er Jahren zur beliebtesten Jazz-S\u00e4ngerin der DDR gew\u00e4hlt wurde und sich nun mit Kollegen wie Chris Lewis, Charlie Eitner und Topo Gioia zusammenschlie\u00dft. Am Donnerstag werden die Besucher von der f\u00fcnfk\u00f6pfigen Combo Java Five \u2013 The Art Of Vocal Swing empfangen, bevor Stephan Bormann und Thomas Fellow alias Hand On Strings mit experimentierfreudigen Gitarrendialogen das Wochenende einl\u00e4uten. Das Abschlusskonzert am Samstagabend bestreitet die Inkspot Swing Band feat Domenica Pottel, die Werke ihres aktuellen Albums \u201eSatin Doll\u201c vorstellt. http:\/\/www.cultoursommer.de\/ &nbsp; +++ H\u00f6mma Jazz Festival Oberhausen +++ Zum zweiten Mal m\u00f6chte das H\u00f6mma Jazz Festival in Oberhausen seine Besucher vom 12. bis 16. September mit einer F\u00fclle an Acts zum beschwingten Mitjazzen animieren. \u00a0Zu Beginn tritt am Mittwoch Trompeter Markus Stockhausen mit seiner aktuellen Formation Quadrivium die B\u00fchne, um &hellip;","og_url":"https:\/\/www.jazzzeitung.de\/cms\/2018\/08\/16884\/","og_site_name":"JazzZeitung","article_publisher":"https:\/\/www.facebook.com\/JazzZeitung\/","article_published_time":"2018-08-07T11:50:37+00:00","og_image":[{"width":1920,"height":1280,"url":"https:\/\/i0.wp.com\/www.jazzzeitung.de\/cms\/wp-content\/uploads\/2018\/08\/Igor-Lazarev-copyright-by-Igor-Lazarev-kl.jpg?fit=1920%2C1280&ssl=1","type":"image\/jpeg"}],"author":"Redaktion JazzZeitung","schema":{"@context":"https:\/\/schema.org","@graph":[{"@type":"Article","@id":"https:\/\/www.jazzzeitung.de\/cms\/2018\/08\/16884\/#article","isPartOf":{"@id":"https:\/\/www.jazzzeitung.de\/cms\/2018\/08\/16884\/"},"author":{"name":"Redaktion JazzZeitung","@id":"https:\/\/www.jazzzeitung.de\/cms\/#\/schema\/person\/2245b36b9cd1d24cea10f01c031fb92b"},"headline":"+++ Cultoursommer Halle l\u00e4utet seine Jazz-Woche ein +++ 2. H\u00f6mma Jazz Festival in Oberhausen +++ Violinenvirtuose Roy Sandro beim JazzBayreuth +++ Holzkirchen pr\u00e4sentiert Jazz, Blues und mehr","datePublished":"2018-08-07T11:50:37+00:00","mainEntityOfPage":{"@id":"https:\/\/www.jazzzeitung.de\/cms\/2018\/08\/16884\/"},"wordCount":760,"commentCount":0,"publisher":{"@id":"https:\/\/www.jazzzeitung.de\/cms\/#organization"},"image":{"@id":"https:\/\/www.jazzzeitung.de\/cms\/2018\/08\/16884\/#primaryimage"},"thumbnailUrl":"https:\/\/i0.wp.com\/www.jazzzeitung.de\/cms\/wp-content\/uploads\/2018\/08\/Igor-Lazarev-copyright-by-Igor-Lazarev-kl.jpg?fit=1920%2C1280&ssl=1","keywords":["Album","Big Band","Blues","Chicago","ddr","Festival","Gypsy Jazz","Halle","Jazz","Jazzforum","Jazzszene","Jazztage","Markus Stockhausen","Pop","Quadrivium","Quartett","Rock","Saale","Swing","trio","WDR"],"articleSection":["News"],"inLanguage":"de","potentialAction":[{"@type":"CommentAction","name":"Comment","target":["https:\/\/www.jazzzeitung.de\/cms\/2018\/08\/16884\/#respond"]}]},{"@type":"WebPage","@id":"https:\/\/www.jazzzeitung.de\/cms\/2018\/08\/16884\/","url":"https:\/\/www.jazzzeitung.de\/cms\/2018\/08\/16884\/","name":"+++ Cultoursommer Halle l\u00e4utet seine Jazz-Woche ein +++ 2. H\u00f6mma Jazz Festival in Oberhausen +++ Violinenvirtuose Roy Sandro beim JazzBayreuth +++ Holzkirchen pr\u00e4sentiert Jazz, Blues und mehr - JazzZeitung","isPartOf":{"@id":"https:\/\/www.jazzzeitung.de\/cms\/#website"},"primaryImageOfPage":{"@id":"https:\/\/www.jazzzeitung.de\/cms\/2018\/08\/16884\/#primaryimage"},"image":{"@id":"https:\/\/www.jazzzeitung.de\/cms\/2018\/08\/16884\/#primaryimage"},"thumbnailUrl":"https:\/\/i0.wp.com\/www.jazzzeitung.de\/cms\/wp-content\/uploads\/2018\/08\/Igor-Lazarev-copyright-by-Igor-Lazarev-kl.jpg?fit=1920%2C1280&ssl=1","datePublished":"2018-08-07T11:50:37+00:00","breadcrumb":{"@id":"https:\/\/www.jazzzeitung.de\/cms\/2018\/08\/16884\/#breadcrumb"},"inLanguage":"de","potentialAction":[{"@type":"ReadAction","target":["https:\/\/www.jazzzeitung.de\/cms\/2018\/08\/16884\/"]}]},{"@type":"ImageObject","inLanguage":"de","@id":"https:\/\/www.jazzzeitung.de\/cms\/2018\/08\/16884\/#primaryimage","url":"https:\/\/i0.wp.com\/www.jazzzeitung.de\/cms\/wp-content\/uploads\/2018\/08\/Igor-Lazarev-copyright-by-Igor-Lazarev-kl.jpg?fit=1920%2C1280&ssl=1","contentUrl":"https:\/\/i0.wp.com\/www.jazzzeitung.de\/cms\/wp-content\/uploads\/2018\/08\/Igor-Lazarev-copyright-by-Igor-Lazarev-kl.jpg?fit=1920%2C1280&ssl=1","width":1920,"height":1280,"caption":"Copyright: Igor Lazarev"},{"@type":"BreadcrumbList","@id":"https:\/\/www.jazzzeitung.de\/cms\/2018\/08\/16884\/#breadcrumb","itemListElement":[{"@type":"ListItem","position":1,"name":"Startseite","item":"https:\/\/www.jazzzeitung.de\/cms\/"},{"@type":"ListItem","position":2,"name":"+++ Cultoursommer Halle l\u00e4utet seine Jazz-Woche ein +++ 2. H\u00f6mma Jazz Festival in Oberhausen +++ Violinenvirtuose Roy Sandro beim JazzBayreuth +++ Holzkirchen pr\u00e4sentiert Jazz, Blues und mehr"}]},{"@type":"WebSite","@id":"https:\/\/www.jazzzeitung.de\/cms\/#website","url":"https:\/\/www.jazzzeitung.de\/cms\/","name":"JazzZeitung","description":"Jazz-News und Jazz-Kontroverses","publisher":{"@id":"https:\/\/www.jazzzeitung.de\/cms\/#organization"},"potentialAction":[{"@type":"SearchAction","target":{"@type":"EntryPoint","urlTemplate":"https:\/\/www.jazzzeitung.de\/cms\/?s={search_term_string}"},"query-input":{"@type":"PropertyValueSpecification","valueRequired":true,"valueName":"search_term_string"}}],"inLanguage":"de"},{"@type":"Organization","@id":"https:\/\/www.jazzzeitung.de\/cms\/#organization","name":"JazzZeitung online","url":"https:\/\/www.jazzzeitung.de\/cms\/","logo":{"@type":"ImageObject","inLanguage":"de","@id":"https:\/\/www.jazzzeitung.de\/cms\/#\/schema\/logo\/image\/","url":"https:\/\/i0.wp.com\/www.jazzzeitung.de\/cms\/wp-content\/uploads\/2015\/08\/JAZZZEITUNGDE_Logo_Neu.png?fit=499%2C200&ssl=1","contentUrl":"https:\/\/i0.wp.com\/www.jazzzeitung.de\/cms\/wp-content\/uploads\/2015\/08\/JAZZZEITUNGDE_Logo_Neu.png?fit=499%2C200&ssl=1","width":499,"height":200,"caption":"JazzZeitung online"},"image":{"@id":"https:\/\/www.jazzzeitung.de\/cms\/#\/schema\/logo\/image\/"},"sameAs":["https:\/\/www.facebook.com\/JazzZeitung\/"]},{"@type":"Person","@id":"https:\/\/www.jazzzeitung.de\/cms\/#\/schema\/person\/2245b36b9cd1d24cea10f01c031fb92b","name":"Redaktion JazzZeitung","image":{"@type":"ImageObject","inLanguage":"de","@id":"https:\/\/i0.wp.com\/www.jazzzeitung.de\/cms\/wp-content\/uploads\/2015\/08\/JAZZZEITUNGDE_Logo_Neu.png?resize=96%2C96&ssl=159975dcacb611b5700bd619b5daf0a7a","url":"https:\/\/i0.wp.com\/www.jazzzeitung.de\/cms\/wp-content\/uploads\/2015\/08\/JAZZZEITUNGDE_Logo_Neu.png?resize=96%2C96&ssl=1","contentUrl":"https:\/\/i0.wp.com\/www.jazzzeitung.de\/cms\/wp-content\/uploads\/2015\/08\/JAZZZEITUNGDE_Logo_Neu.png?resize=96%2C96&ssl=1","caption":"Redaktion JazzZeitung"},"description":"Artikel der Redaktion der JazzZeitung.","sameAs":["http:\/\/www.jazzzeitung.de\/cms\/"],"url":"https:\/\/www.jazzzeitung.de\/cms\/author\/redaktion\/"}]}},"wp-worthy-pixel":{"ignored":false,"public":null,"server":null,"url":null},"wp-worthy-type":"normal","jetpack_publicize_connections":[],"cc_featured_image_caption":{"caption_text":"","source_text":"","source_url":""},"jetpack_featured_media_url":"https:\/\/i0.wp.com\/www.jazzzeitung.de\/cms\/wp-content\/uploads\/2018\/08\/Igor-Lazarev-copyright-by-Igor-Lazarev-kl.jpg?fit=1920%2C1280&ssl=1","jetpack_shortlink":"https:\/\/wp.me\/s3KEcT-16884","jetpack-related-posts":[{"id":8673,"url":"https:\/\/www.jazzzeitung.de\/cms\/2016\/03\/crowdfunding-kampagne-zum-buch-10-jahre-women-jazz-gestartet\/","url_meta":{"origin":16884,"position":0},"title":"Crowdfunding-Kampagne zum Buch \u201e10 Jahre WOMEN IN JAZZ\u201c gestartet","author":"Redaktion JazzZeitung","date":"10. M\u00e4rz 2016","format":false,"excerpt":"2015 feierte das Internationale Jazzfestival WOMEN IN JAZZ Halle\/Saale sein 10. Jubil\u00e4um. Diesen Anlass nutzte Festivalfotograf R\u00fcdiger Schestag, der das Festival WOMEN IN JAZZ schon seit der ersten Ausgabe fotografisch begleitet, um einen hochwertigen Bildband \u00fcber die internationale weibliche Jazzszene zu konzipieren. Im Fokus stehen die K\u00fcnstlerinnen, die in den\u2026","rel":"","context":"In &quot;Redaktionelle Nachrichten&quot;","block_context":{"text":"Redaktionelle Nachrichten","link":"https:\/\/www.jazzzeitung.de\/cms\/thema\/redaktion\/"},"img":{"alt_text":"RuedigerSchestag","src":"https:\/\/i0.wp.com\/www.jazzzeitung.de\/cms\/wp-content\/uploads\/2016\/03\/RuedigerSchestag-150x150.jpg?resize=350%2C200","width":350,"height":200},"classes":[]},{"id":2990,"url":"https:\/\/www.jazzzeitung.de\/cms\/2013\/11\/women-jazz-halle-2014\/","url_meta":{"origin":16884,"position":1},"title":"\u201eWomen in Jazz\u201c Halle 2014","author":"Redaktion JazzZeitung","date":"11. November 2013","format":false,"excerpt":"Das 9. Festival \"Women in Jazz\"\u00a0findet vom 1. bis 9. Februar 2014 in Halle (Saale) statt. Wichtige Innovationen im Jazz kamen in den vergangenen Jahren von au\u00dferhalb, von der eher Jazzabgewandten Seite der Welt. Das 9. Festival wird diesem Aspekt seine besondere Aufmerksamkeit widmen und zum Grenzg\u00e4nger werden. Die ausgew\u00e4hlten\u2026","rel":"","context":"In &quot;News&quot;","block_context":{"text":"News","link":"https:\/\/www.jazzzeitung.de\/cms\/thema\/nachrichten\/"},"img":{"alt_text":"Noa","src":"https:\/\/i0.wp.com\/www.jazzzeitung.de\/cms\/wp-content\/uploads\/2013\/11\/Noa_2102_3374-150x150.jpg?resize=350%2C200","width":350,"height":200},"classes":[]},{"id":8349,"url":"https:\/\/www.jazzzeitung.de\/cms\/2016\/02\/news-das-jazzforum-bayreuth-im-maerz-antares-acoustic-trio-mit-poesie-der-wellen-big-chris-barber-band-der-oper-halle\/","url_meta":{"origin":16884,"position":2},"title":"+++ News +++ Das Jazzforum Bayreuth im M\u00e4rz +++ Antares Acoustic Trio mit \u201ePoesie der Wellen\u201d +++ The Big Chris Barber Band in der Oper Halle +++","author":"Redaktion JazzZeitung","date":"8. Februar 2016","format":false,"excerpt":"+++ Das Jazzforum Bayreuth pr\u00e4sentiert im M\u00e4rz 2016 drei ganz besondere Konzert-Highlights +++ \u2028Am 4. M\u00e4rz bringt Kalle Kalima's Long Winding Road eine ganz besondere Jazz-Mischung nach Bayreuth: Neben dem in Berlin lebenden finnischen Gitarristen und Komponisten Kalle Kalima besteht das Trio mit Greg Cohen am Bass noch aus einer\u00a0US-amerikanischen\u2026","rel":"","context":"In &quot;News&quot;","block_context":{"text":"News","link":"https:\/\/www.jazzzeitung.de\/cms\/thema\/nachrichten\/"},"img":{"alt_text":"","src":"https:\/\/i0.wp.com\/www.jazzzeitung.de\/cms\/wp-content\/uploads\/2016\/02\/kalima-e1454679336982-150x150.jpg?resize=350%2C200","width":350,"height":200},"classes":[]},{"id":768,"url":"https:\/\/www.jazzzeitung.de\/cms\/2011\/02\/leserbrief-haendels-groll\/","url_meta":{"origin":16884,"position":3},"title":"Leserbrief: H\u00e4ndels Groll&#8230;","author":"J\u00f6rg Lichtinger","date":"8. Februar 2011","format":false,"excerpt":"Auf unseren Post zum Festival Women in Jazz hat es eine ver\u00e4rgerte Wortmeldung gegeben, deren Absender nicht das Blog zur \u00c4u\u00dferung w\u00e4hlen wollte, da er bef\u00fcrchtet, wir w\u00fcrden seine E-Mailadresse \u00f6ffentlich machen. Ich darf ihm\/ihr und allen anderen potentiellen Kommentatoren versichern, die Mailadressen bei der Anmeldung im Jazzblog werden niemals\u2026","rel":"","context":"In &quot;Blog&quot;","block_context":{"text":"Blog","link":"https:\/\/www.jazzzeitung.de\/cms\/thema\/blog\/"},"img":{"alt_text":"H\u00e4ndel gibt sich dieser Tage satirisch und leicht verstimmt... Foto: H\u00e4ndel selbstpers\u00f6nlich","src":"https:\/\/i0.wp.com\/www.jazzzeitung.de\/cms\/wp-content\/uploads\/2011\/02\/H%C3%A4ndel-191x300.jpg?resize=350%2C200","width":350,"height":200},"classes":[]},{"id":15008,"url":"https:\/\/www.jazzzeitung.de\/cms\/2018\/02\/news-23-festival-leipjazzig13-festival-women-in-jazz-in-halle\/","url_meta":{"origin":16884,"position":4},"title":"+++News+++ 23. Festival LeipJAZZig+++13. Festival WOMEN IN JAZZ in Halle+++","author":"Redaktion JazzZeitung","date":"8. Februar 2018","format":false,"excerpt":"+++23. Festival LeipJAZZig+++ Vom 21. bis zum 24. M\u00e4rz findet das\u00a023. Festival LeipJAZZig statt. Veranstaltungsort f\u00fcr das Konzert am 21.03. ist das UT Connewitz (Wolfgang-Heinze-Str. 12 a). Vom 22.-24.03.\u00a0geht es im\u00a0Schille-Theater in der Otto-Schill-Stra\u00dfe 7 (Hinterhaus) weiter. Die Konzerte beginnen um 20 Uhr. Hier das Festival-Programm im \u00dcberblick: 21.03. (UT\u2026","rel":"","context":"In &quot;News&quot;","block_context":{"text":"News","link":"https:\/\/www.jazzzeitung.de\/cms\/thema\/nachrichten\/"},"img":{"alt_text":"","src":"https:\/\/i0.wp.com\/www.jazzzeitung.de\/cms\/wp-content\/uploads\/2018\/02\/21.03.2018-LeipJAZZig-Orkester-c-Christian-Enger.jpg?fit=1200%2C580&ssl=1&resize=350%2C200","width":350,"height":200,"srcset":"https:\/\/i0.wp.com\/www.jazzzeitung.de\/cms\/wp-content\/uploads\/2018\/02\/21.03.2018-LeipJAZZig-Orkester-c-Christian-Enger.jpg?fit=1200%2C580&ssl=1&resize=350%2C200 1x, https:\/\/i0.wp.com\/www.jazzzeitung.de\/cms\/wp-content\/uploads\/2018\/02\/21.03.2018-LeipJAZZig-Orkester-c-Christian-Enger.jpg?fit=1200%2C580&ssl=1&resize=525%2C300 1.5x, https:\/\/i0.wp.com\/www.jazzzeitung.de\/cms\/wp-content\/uploads\/2018\/02\/21.03.2018-LeipJAZZig-Orkester-c-Christian-Enger.jpg?fit=1200%2C580&ssl=1&resize=700%2C400 2x, https:\/\/i0.wp.com\/www.jazzzeitung.de\/cms\/wp-content\/uploads\/2018\/02\/21.03.2018-LeipJAZZig-Orkester-c-Christian-Enger.jpg?fit=1200%2C580&ssl=1&resize=1050%2C600 3x"},"classes":[]},{"id":10678,"url":"https:\/\/www.jazzzeitung.de\/cms\/2016\/10\/applaus-2016-auszeichnungen-und-foerderungen-fuer-64-herausragende-livemusikprogramme-aus-13-bundeslaendern\/","url_meta":{"origin":16884,"position":5},"title":"APPLAUS 2016 \u2013 Auszeichnungen und F\u00f6rderungen f\u00fcr 64 herausragende Livemusikprogramme aus 13 Bundesl\u00e4ndern","author":"Redaktion JazzZeitung","date":"26. Oktober 2016","format":false,"excerpt":"Hauptpreise gehen an Stadtgarten in K\u00f6ln, Golden Pudel Club in Hamburg und \u201ebiegungen im ausland\u201c in Berlin Kulturstaatsministerin Prof. Monika Gr\u00fctters: \u201eMit ihren ambitionierten und innovativen Programmen, die sie oft mit erheblichem finanziellem Risiko realisieren, sind sie es, die f\u00fcr eine vielf\u00e4ltige Musik- und Clublandschaft in Deutschland sorgen.\u201c Unabh\u00e4ngige Musikclubs\u2026","rel":"","context":"In &quot;News&quot;","block_context":{"text":"News","link":"https:\/\/www.jazzzeitung.de\/cms\/thema\/nachrichten\/"},"img":{"alt_text":"applaus2016_8","src":"https:\/\/i0.wp.com\/www.jazzzeitung.de\/cms\/wp-content\/uploads\/2016\/10\/APPLAUS2016_8-150x150.jpg?resize=350%2C200","width":350,"height":200},"classes":[]}],"jetpack_sharing_enabled":true,"_links":{"self":[{"href":"https:\/\/www.jazzzeitung.de\/cms\/wp-json\/wp\/v2\/posts\/16884","targetHints":{"allow":["GET"]}}],"collection":[{"href":"https:\/\/www.jazzzeitung.de\/cms\/wp-json\/wp\/v2\/posts"}],"about":[{"href":"https:\/\/www.jazzzeitung.de\/cms\/wp-json\/wp\/v2\/types\/post"}],"author":[{"embeddable":true,"href":"https:\/\/www.jazzzeitung.de\/cms\/wp-json\/wp\/v2\/users\/18"}],"replies":[{"embeddable":true,"href":"https:\/\/www.jazzzeitung.de\/cms\/wp-json\/wp\/v2\/comments?post=16884"}],"version-history":[{"count":9,"href":"https:\/\/www.jazzzeitung.de\/cms\/wp-json\/wp\/v2\/posts\/16884\/revisions"}],"predecessor-version":[{"id":16901,"href":"https:\/\/www.jazzzeitung.de\/cms\/wp-json\/wp\/v2\/posts\/16884\/revisions\/16901"}],"wp:featuredmedia":[{"embeddable":true,"href":"https:\/\/www.jazzzeitung.de\/cms\/wp-json\/wp\/v2\/media\/16897"}],"wp:attachment":[{"href":"https:\/\/www.jazzzeitung.de\/cms\/wp-json\/wp\/v2\/media?parent=16884"}],"wp:term":[{"taxonomy":"category","embeddable":true,"href":"https:\/\/www.jazzzeitung.de\/cms\/wp-json\/wp\/v2\/categories?post=16884"},{"taxonomy":"post_tag","embeddable":true,"href":"https:\/\/www.jazzzeitung.de\/cms\/wp-json\/wp\/v2\/tags?post=16884"},{"taxonomy":"author","embeddable":true,"href":"https:\/\/www.jazzzeitung.de\/cms\/wp-json\/wp\/v2\/coauthors?post=16884"}],"curies":[{"name":"wp","href":"https:\/\/api.w.org\/{rel}","templated":true}]}}