{"id":16871,"date":"2018-08-06T14:04:51","date_gmt":"2018-08-06T12:04:51","guid":{"rendered":"https:\/\/www.jazzzeitung.de\/cms\/?p=16871"},"modified":"2018-08-06T16:46:18","modified_gmt":"2018-08-06T14:46:18","slug":"neue-aufnahme-des-bundesjazzorchesters-bujazzo-30","status":"publish","type":"post","link":"https:\/\/www.jazzzeitung.de\/cms\/2018\/08\/neue-aufnahme-des-bundesjazzorchesters-bujazzo-30\/","title":{"rendered":"&#8222;Bujazzo 30&#8220; hei\u00dft die neue Aufnahme des Bundesjazzorchesters"},"content":{"rendered":"<p><a href=\"https:\/\/i0.wp.com\/www.jazzzeitung.de\/cms\/wp-content\/uploads\/2018\/08\/CD-Cover-BUJAZZO-30-e1533298126398.jpg?ssl=1\"><img data-recalc-dims=\"1\" loading=\"lazy\" decoding=\"async\" data-attachment-id=\"16874\" data-permalink=\"https:\/\/www.jazzzeitung.de\/cms\/2018\/08\/neue-aufnahme-des-bundesjazzorchesters-bujazzo-30\/bzo_30_booklet_print-indd\/\" data-orig-file=\"https:\/\/i0.wp.com\/www.jazzzeitung.de\/cms\/wp-content\/uploads\/2018\/08\/CD-Cover-BUJAZZO-30-e1533298126398.jpg?fit=800%2C800&amp;ssl=1\" data-orig-size=\"800,800\" data-comments-opened=\"1\" data-image-meta=\"{&quot;aperture&quot;:&quot;0&quot;,&quot;credit&quot;:&quot;&quot;,&quot;camera&quot;:&quot;&quot;,&quot;caption&quot;:&quot;&quot;,&quot;created_timestamp&quot;:&quot;0&quot;,&quot;copyright&quot;:&quot;&quot;,&quot;focal_length&quot;:&quot;0&quot;,&quot;iso&quot;:&quot;0&quot;,&quot;shutter_speed&quot;:&quot;0&quot;,&quot;title&quot;:&quot;BZO_30_Booklet_print.indd&quot;,&quot;orientation&quot;:&quot;1&quot;}\" data-image-title=\"BZO_30_Booklet_print.indd\" data-image-description=\"\" data-image-caption=\"\" data-large-file=\"https:\/\/i0.wp.com\/www.jazzzeitung.de\/cms\/wp-content\/uploads\/2018\/08\/CD-Cover-BUJAZZO-30-e1533298126398.jpg?fit=600%2C600&amp;ssl=1\" class=\"alignleft size-medium wp-image-16874\" src=\"https:\/\/i0.wp.com\/www.jazzzeitung.de\/cms\/wp-content\/uploads\/2018\/08\/CD-Cover-BUJAZZO-30.jpg?resize=300%2C300&#038;ssl=1\" alt=\"\" width=\"300\" height=\"300\" \/><\/a><\/p>\n<p>Am 3. August hat das Bundesjazzorchester sein neues Werk &#8222;Bujazzo 30&#8220; vorgelegt, mit dem das Ensemble sein 30-j\u00e4hriges Bestehen feiert. W\u00e4hrend Jiggs Whigham und Niels Klein als K\u00fcnstlerische Leiter fungierten, holte sich die Band mit Nils Landgren, Kurt Elling und Wolfgang Niedecken gestandene Gastspieler als Unterst\u00fctzung.<\/p>\n<p>Die Jazzformation setzt als Projekt des deutschen Musikrats auf junge Talente: Es werden lediglich Mitglieder bis zu 22 Jahren im Orchester aufgenommen. Die Musiker k\u00f6nnen bis zu zwei Jahre an der Formation teilnehmen.<\/p>\n<p>Das Bundesjazzorchester rekapituliert auf &#8222;Bujazzo 30&#8220; ihr Repertoire der letzten f\u00fcnf Jahre, das sich zwischen Tradition und Moderne bewegt.<\/p>\n<p><a href=\"http:\/\/www.bundesjazzorchester.de\">www.bundesjazzorchester.de<\/a><\/p>\n","protected":false},"excerpt":{"rendered":"<p>Am 3. August hat das Bundesjazzorchester sein neues Werk &#8222;Bujazzo 30&#8220; vorgelegt, mit dem das Ensemble sein 30-j\u00e4hriges Bestehen feiert. W\u00e4hrend Jiggs Whigham und Niels Klein als K\u00fcnstlerische Leiter fungierten, holte sich die Band mit Nils Landgren, Kurt Elling und Wolfgang Niedecken gestandene Gastspieler als Unterst\u00fctzung. Die Jazzformation setzt als Projekt des deutschen Musikrats auf junge Talente: Es werden lediglich Mitglieder bis zu 22 Jahren im Orchester aufgenommen. Die Musiker k\u00f6nnen bis zu zwei Jahre an der Formation teilnehmen. Das Bundesjazzorchester rekapituliert auf &#8222;Bujazzo 30&#8220; ihr Repertoire der letzten f\u00fcnf Jahre, das sich zwischen Tradition und Moderne bewegt. www.bundesjazzorchester.de<\/p>\n","protected":false},"author":18,"featured_media":16876,"comment_status":"open","ping_status":"closed","sticky":false,"template":"","format":"standard","meta":{"_jetpack_memberships_contains_paid_content":false,"footnotes":"","jetpack_publicize_message":"","jetpack_publicize_feature_enabled":true,"jetpack_social_post_already_shared":false,"jetpack_social_options":{"image_generator_settings":{"template":"highway","default_image_id":0,"font":"","enabled":false},"version":2}},"categories":[633],"tags":[99,1519,1169,336,1858,417,1186],"coauthors":[695],"class_list":["post-16871","post","type-post","status-publish","format-standard","has-post-thumbnail","hentry","category-nachrichten","tag-bujazzo","tag-bundesjazzorchester","tag-jiggs-whigham","tag-kurt-elling","tag-niels-klein","tag-nils-landgren","tag-rezension"],"yoast_head":"<!-- This site is optimized with the Yoast SEO plugin v27.5 - https:\/\/yoast.com\/product\/yoast-seo-wordpress\/ -->\n<title>&quot;Bujazzo 30&quot; hei\u00dft die neue Aufnahme des Bundesjazzorchesters - JazzZeitung<\/title>\n<meta name=\"robots\" content=\"index, follow, max-snippet:-1, max-image-preview:large, max-video-preview:-1\" \/>\n<link rel=\"canonical\" href=\"https:\/\/www.jazzzeitung.de\/cms\/2018\/08\/neue-aufnahme-des-bundesjazzorchesters-bujazzo-30\/\" \/>\n<meta property=\"og:locale\" content=\"de_DE\" \/>\n<meta property=\"og:type\" content=\"article\" \/>\n<meta property=\"og:title\" content=\"&quot;Bujazzo 30&quot; hei\u00dft die neue Aufnahme des Bundesjazzorchesters - JazzZeitung\" \/>\n<meta property=\"og:description\" content=\"Am 3. August hat das Bundesjazzorchester sein neues Werk &#8222;Bujazzo 30&#8220; vorgelegt, mit dem das Ensemble sein 30-j\u00e4hriges Bestehen feiert. W\u00e4hrend Jiggs Whigham und Niels Klein als K\u00fcnstlerische Leiter fungierten, holte sich die Band mit Nils Landgren, Kurt Elling und Wolfgang Niedecken gestandene Gastspieler als Unterst\u00fctzung. Die Jazzformation setzt als Projekt des deutschen Musikrats auf junge Talente: Es werden lediglich Mitglieder bis zu 22 Jahren im Orchester aufgenommen. Die Musiker k\u00f6nnen bis zu zwei Jahre an der Formation teilnehmen. Das Bundesjazzorchester rekapituliert auf &#8222;Bujazzo 30&#8220; ihr Repertoire der letzten f\u00fcnf Jahre, das sich zwischen Tradition und Moderne bewegt. www.bundesjazzorchester.de\" \/>\n<meta property=\"og:url\" content=\"https:\/\/www.jazzzeitung.de\/cms\/2018\/08\/neue-aufnahme-des-bundesjazzorchesters-bujazzo-30\/\" \/>\n<meta property=\"og:site_name\" content=\"JazzZeitung\" \/>\n<meta property=\"article:publisher\" content=\"https:\/\/www.facebook.com\/JazzZeitung\/\" \/>\n<meta property=\"article:published_time\" content=\"2018-08-06T12:04:51+00:00\" \/>\n<meta property=\"article:modified_time\" content=\"2018-08-06T14:46:18+00:00\" \/>\n<meta property=\"og:image\" content=\"https:\/\/i0.wp.com\/www.jazzzeitung.de\/cms\/wp-content\/uploads\/2018\/08\/Bundesjazzorchester_2018_einfache_Besetzung_web__c__DMR__Nico_Pudimat.jpg?fit=1000%2C667&ssl=1\" \/>\n\t<meta property=\"og:image:width\" content=\"1000\" \/>\n\t<meta property=\"og:image:height\" content=\"667\" \/>\n\t<meta property=\"og:image:type\" content=\"image\/jpeg\" \/>\n<meta name=\"author\" content=\"Redaktion JazzZeitung\" \/>\n<script type=\"application\/ld+json\" class=\"yoast-schema-graph\">{\"@context\":\"https:\\\/\\\/schema.org\",\"@graph\":[{\"@type\":\"Article\",\"@id\":\"https:\\\/\\\/www.jazzzeitung.de\\\/cms\\\/2018\\\/08\\\/neue-aufnahme-des-bundesjazzorchesters-bujazzo-30\\\/#article\",\"isPartOf\":{\"@id\":\"https:\\\/\\\/www.jazzzeitung.de\\\/cms\\\/2018\\\/08\\\/neue-aufnahme-des-bundesjazzorchesters-bujazzo-30\\\/\"},\"author\":{\"name\":\"Redaktion JazzZeitung\",\"@id\":\"https:\\\/\\\/www.jazzzeitung.de\\\/cms\\\/#\\\/schema\\\/person\\\/2245b36b9cd1d24cea10f01c031fb92b\"},\"headline\":\"&#8222;Bujazzo 30&#8220; hei\u00dft die neue Aufnahme des Bundesjazzorchesters\",\"datePublished\":\"2018-08-06T12:04:51+00:00\",\"dateModified\":\"2018-08-06T14:46:18+00:00\",\"mainEntityOfPage\":{\"@id\":\"https:\\\/\\\/www.jazzzeitung.de\\\/cms\\\/2018\\\/08\\\/neue-aufnahme-des-bundesjazzorchesters-bujazzo-30\\\/\"},\"wordCount\":111,\"commentCount\":0,\"publisher\":{\"@id\":\"https:\\\/\\\/www.jazzzeitung.de\\\/cms\\\/#organization\"},\"image\":{\"@id\":\"https:\\\/\\\/www.jazzzeitung.de\\\/cms\\\/2018\\\/08\\\/neue-aufnahme-des-bundesjazzorchesters-bujazzo-30\\\/#primaryimage\"},\"thumbnailUrl\":\"https:\\\/\\\/i0.wp.com\\\/www.jazzzeitung.de\\\/cms\\\/wp-content\\\/uploads\\\/2018\\\/08\\\/Bundesjazzorchester_2018_einfache_Besetzung_web__c__DMR__Nico_Pudimat.jpg?fit=1000%2C667&ssl=1\",\"keywords\":[\"Bujazzo\",\"Bundesjazzorchester\",\"Jiggs Whigham\",\"Kurt Elling\",\"Niels Klein\",\"Nils Landgren\",\"Rezension\"],\"articleSection\":[\"News\"],\"inLanguage\":\"de\",\"potentialAction\":[{\"@type\":\"CommentAction\",\"name\":\"Comment\",\"target\":[\"https:\\\/\\\/www.jazzzeitung.de\\\/cms\\\/2018\\\/08\\\/neue-aufnahme-des-bundesjazzorchesters-bujazzo-30\\\/#respond\"]}]},{\"@type\":\"WebPage\",\"@id\":\"https:\\\/\\\/www.jazzzeitung.de\\\/cms\\\/2018\\\/08\\\/neue-aufnahme-des-bundesjazzorchesters-bujazzo-30\\\/\",\"url\":\"https:\\\/\\\/www.jazzzeitung.de\\\/cms\\\/2018\\\/08\\\/neue-aufnahme-des-bundesjazzorchesters-bujazzo-30\\\/\",\"name\":\"\\\"Bujazzo 30\\\" hei\u00dft die neue Aufnahme des Bundesjazzorchesters - JazzZeitung\",\"isPartOf\":{\"@id\":\"https:\\\/\\\/www.jazzzeitung.de\\\/cms\\\/#website\"},\"primaryImageOfPage\":{\"@id\":\"https:\\\/\\\/www.jazzzeitung.de\\\/cms\\\/2018\\\/08\\\/neue-aufnahme-des-bundesjazzorchesters-bujazzo-30\\\/#primaryimage\"},\"image\":{\"@id\":\"https:\\\/\\\/www.jazzzeitung.de\\\/cms\\\/2018\\\/08\\\/neue-aufnahme-des-bundesjazzorchesters-bujazzo-30\\\/#primaryimage\"},\"thumbnailUrl\":\"https:\\\/\\\/i0.wp.com\\\/www.jazzzeitung.de\\\/cms\\\/wp-content\\\/uploads\\\/2018\\\/08\\\/Bundesjazzorchester_2018_einfache_Besetzung_web__c__DMR__Nico_Pudimat.jpg?fit=1000%2C667&ssl=1\",\"datePublished\":\"2018-08-06T12:04:51+00:00\",\"dateModified\":\"2018-08-06T14:46:18+00:00\",\"breadcrumb\":{\"@id\":\"https:\\\/\\\/www.jazzzeitung.de\\\/cms\\\/2018\\\/08\\\/neue-aufnahme-des-bundesjazzorchesters-bujazzo-30\\\/#breadcrumb\"},\"inLanguage\":\"de\",\"potentialAction\":[{\"@type\":\"ReadAction\",\"target\":[\"https:\\\/\\\/www.jazzzeitung.de\\\/cms\\\/2018\\\/08\\\/neue-aufnahme-des-bundesjazzorchesters-bujazzo-30\\\/\"]}]},{\"@type\":\"ImageObject\",\"inLanguage\":\"de\",\"@id\":\"https:\\\/\\\/www.jazzzeitung.de\\\/cms\\\/2018\\\/08\\\/neue-aufnahme-des-bundesjazzorchesters-bujazzo-30\\\/#primaryimage\",\"url\":\"https:\\\/\\\/i0.wp.com\\\/www.jazzzeitung.de\\\/cms\\\/wp-content\\\/uploads\\\/2018\\\/08\\\/Bundesjazzorchester_2018_einfache_Besetzung_web__c__DMR__Nico_Pudimat.jpg?fit=1000%2C667&ssl=1\",\"contentUrl\":\"https:\\\/\\\/i0.wp.com\\\/www.jazzzeitung.de\\\/cms\\\/wp-content\\\/uploads\\\/2018\\\/08\\\/Bundesjazzorchester_2018_einfache_Besetzung_web__c__DMR__Nico_Pudimat.jpg?fit=1000%2C667&ssl=1\",\"width\":1000,\"height\":667,\"caption\":\"Foto: Nico Pudimat\"},{\"@type\":\"BreadcrumbList\",\"@id\":\"https:\\\/\\\/www.jazzzeitung.de\\\/cms\\\/2018\\\/08\\\/neue-aufnahme-des-bundesjazzorchesters-bujazzo-30\\\/#breadcrumb\",\"itemListElement\":[{\"@type\":\"ListItem\",\"position\":1,\"name\":\"Startseite\",\"item\":\"https:\\\/\\\/www.jazzzeitung.de\\\/cms\\\/\"},{\"@type\":\"ListItem\",\"position\":2,\"name\":\"&#8222;Bujazzo 30&#8220; hei\u00dft die neue Aufnahme des Bundesjazzorchesters\"}]},{\"@type\":\"WebSite\",\"@id\":\"https:\\\/\\\/www.jazzzeitung.de\\\/cms\\\/#website\",\"url\":\"https:\\\/\\\/www.jazzzeitung.de\\\/cms\\\/\",\"name\":\"JazzZeitung\",\"description\":\"Jazz-News und Jazz-Kontroverses\",\"publisher\":{\"@id\":\"https:\\\/\\\/www.jazzzeitung.de\\\/cms\\\/#organization\"},\"potentialAction\":[{\"@type\":\"SearchAction\",\"target\":{\"@type\":\"EntryPoint\",\"urlTemplate\":\"https:\\\/\\\/www.jazzzeitung.de\\\/cms\\\/?s={search_term_string}\"},\"query-input\":{\"@type\":\"PropertyValueSpecification\",\"valueRequired\":true,\"valueName\":\"search_term_string\"}}],\"inLanguage\":\"de\"},{\"@type\":\"Organization\",\"@id\":\"https:\\\/\\\/www.jazzzeitung.de\\\/cms\\\/#organization\",\"name\":\"JazzZeitung online\",\"url\":\"https:\\\/\\\/www.jazzzeitung.de\\\/cms\\\/\",\"logo\":{\"@type\":\"ImageObject\",\"inLanguage\":\"de\",\"@id\":\"https:\\\/\\\/www.jazzzeitung.de\\\/cms\\\/#\\\/schema\\\/logo\\\/image\\\/\",\"url\":\"https:\\\/\\\/i0.wp.com\\\/www.jazzzeitung.de\\\/cms\\\/wp-content\\\/uploads\\\/2015\\\/08\\\/JAZZZEITUNGDE_Logo_Neu.png?fit=499%2C200&ssl=1\",\"contentUrl\":\"https:\\\/\\\/i0.wp.com\\\/www.jazzzeitung.de\\\/cms\\\/wp-content\\\/uploads\\\/2015\\\/08\\\/JAZZZEITUNGDE_Logo_Neu.png?fit=499%2C200&ssl=1\",\"width\":499,\"height\":200,\"caption\":\"JazzZeitung online\"},\"image\":{\"@id\":\"https:\\\/\\\/www.jazzzeitung.de\\\/cms\\\/#\\\/schema\\\/logo\\\/image\\\/\"},\"sameAs\":[\"https:\\\/\\\/www.facebook.com\\\/JazzZeitung\\\/\"]},{\"@type\":\"Person\",\"@id\":\"https:\\\/\\\/www.jazzzeitung.de\\\/cms\\\/#\\\/schema\\\/person\\\/2245b36b9cd1d24cea10f01c031fb92b\",\"name\":\"Redaktion JazzZeitung\",\"image\":{\"@type\":\"ImageObject\",\"inLanguage\":\"de\",\"@id\":\"https:\\\/\\\/i0.wp.com\\\/www.jazzzeitung.de\\\/cms\\\/wp-content\\\/uploads\\\/2015\\\/08\\\/JAZZZEITUNGDE_Logo_Neu.png?resize=96%2C96&ssl=159975dcacb611b5700bd619b5daf0a7a\",\"url\":\"https:\\\/\\\/i0.wp.com\\\/www.jazzzeitung.de\\\/cms\\\/wp-content\\\/uploads\\\/2015\\\/08\\\/JAZZZEITUNGDE_Logo_Neu.png?resize=96%2C96&ssl=1\",\"contentUrl\":\"https:\\\/\\\/i0.wp.com\\\/www.jazzzeitung.de\\\/cms\\\/wp-content\\\/uploads\\\/2015\\\/08\\\/JAZZZEITUNGDE_Logo_Neu.png?resize=96%2C96&ssl=1\",\"caption\":\"Redaktion JazzZeitung\"},\"description\":\"Artikel der Redaktion der JazzZeitung.\",\"sameAs\":[\"http:\\\/\\\/www.jazzzeitung.de\\\/cms\\\/\"],\"url\":\"https:\\\/\\\/www.jazzzeitung.de\\\/cms\\\/author\\\/redaktion\\\/\"}]}<\/script>\n<!-- \/ Yoast SEO plugin. -->","yoast_head_json":{"title":"\"Bujazzo 30\" hei\u00dft die neue Aufnahme des Bundesjazzorchesters - JazzZeitung","robots":{"index":"index","follow":"follow","max-snippet":"max-snippet:-1","max-image-preview":"max-image-preview:large","max-video-preview":"max-video-preview:-1"},"canonical":"https:\/\/www.jazzzeitung.de\/cms\/2018\/08\/neue-aufnahme-des-bundesjazzorchesters-bujazzo-30\/","og_locale":"de_DE","og_type":"article","og_title":"\"Bujazzo 30\" hei\u00dft die neue Aufnahme des Bundesjazzorchesters - JazzZeitung","og_description":"Am 3. August hat das Bundesjazzorchester sein neues Werk &#8222;Bujazzo 30&#8220; vorgelegt, mit dem das Ensemble sein 30-j\u00e4hriges Bestehen feiert. W\u00e4hrend Jiggs Whigham und Niels Klein als K\u00fcnstlerische Leiter fungierten, holte sich die Band mit Nils Landgren, Kurt Elling und Wolfgang Niedecken gestandene Gastspieler als Unterst\u00fctzung. Die Jazzformation setzt als Projekt des deutschen Musikrats auf junge Talente: Es werden lediglich Mitglieder bis zu 22 Jahren im Orchester aufgenommen. Die Musiker k\u00f6nnen bis zu zwei Jahre an der Formation teilnehmen. Das Bundesjazzorchester rekapituliert auf &#8222;Bujazzo 30&#8220; ihr Repertoire der letzten f\u00fcnf Jahre, das sich zwischen Tradition und Moderne bewegt. www.bundesjazzorchester.de","og_url":"https:\/\/www.jazzzeitung.de\/cms\/2018\/08\/neue-aufnahme-des-bundesjazzorchesters-bujazzo-30\/","og_site_name":"JazzZeitung","article_publisher":"https:\/\/www.facebook.com\/JazzZeitung\/","article_published_time":"2018-08-06T12:04:51+00:00","article_modified_time":"2018-08-06T14:46:18+00:00","og_image":[{"width":1000,"height":667,"url":"https:\/\/i0.wp.com\/www.jazzzeitung.de\/cms\/wp-content\/uploads\/2018\/08\/Bundesjazzorchester_2018_einfache_Besetzung_web__c__DMR__Nico_Pudimat.jpg?fit=1000%2C667&ssl=1","type":"image\/jpeg"}],"author":"Redaktion JazzZeitung","schema":{"@context":"https:\/\/schema.org","@graph":[{"@type":"Article","@id":"https:\/\/www.jazzzeitung.de\/cms\/2018\/08\/neue-aufnahme-des-bundesjazzorchesters-bujazzo-30\/#article","isPartOf":{"@id":"https:\/\/www.jazzzeitung.de\/cms\/2018\/08\/neue-aufnahme-des-bundesjazzorchesters-bujazzo-30\/"},"author":{"name":"Redaktion JazzZeitung","@id":"https:\/\/www.jazzzeitung.de\/cms\/#\/schema\/person\/2245b36b9cd1d24cea10f01c031fb92b"},"headline":"&#8222;Bujazzo 30&#8220; hei\u00dft die neue Aufnahme des Bundesjazzorchesters","datePublished":"2018-08-06T12:04:51+00:00","dateModified":"2018-08-06T14:46:18+00:00","mainEntityOfPage":{"@id":"https:\/\/www.jazzzeitung.de\/cms\/2018\/08\/neue-aufnahme-des-bundesjazzorchesters-bujazzo-30\/"},"wordCount":111,"commentCount":0,"publisher":{"@id":"https:\/\/www.jazzzeitung.de\/cms\/#organization"},"image":{"@id":"https:\/\/www.jazzzeitung.de\/cms\/2018\/08\/neue-aufnahme-des-bundesjazzorchesters-bujazzo-30\/#primaryimage"},"thumbnailUrl":"https:\/\/i0.wp.com\/www.jazzzeitung.de\/cms\/wp-content\/uploads\/2018\/08\/Bundesjazzorchester_2018_einfache_Besetzung_web__c__DMR__Nico_Pudimat.jpg?fit=1000%2C667&ssl=1","keywords":["Bujazzo","Bundesjazzorchester","Jiggs Whigham","Kurt Elling","Niels Klein","Nils Landgren","Rezension"],"articleSection":["News"],"inLanguage":"de","potentialAction":[{"@type":"CommentAction","name":"Comment","target":["https:\/\/www.jazzzeitung.de\/cms\/2018\/08\/neue-aufnahme-des-bundesjazzorchesters-bujazzo-30\/#respond"]}]},{"@type":"WebPage","@id":"https:\/\/www.jazzzeitung.de\/cms\/2018\/08\/neue-aufnahme-des-bundesjazzorchesters-bujazzo-30\/","url":"https:\/\/www.jazzzeitung.de\/cms\/2018\/08\/neue-aufnahme-des-bundesjazzorchesters-bujazzo-30\/","name":"\"Bujazzo 30\" hei\u00dft die neue Aufnahme des Bundesjazzorchesters - JazzZeitung","isPartOf":{"@id":"https:\/\/www.jazzzeitung.de\/cms\/#website"},"primaryImageOfPage":{"@id":"https:\/\/www.jazzzeitung.de\/cms\/2018\/08\/neue-aufnahme-des-bundesjazzorchesters-bujazzo-30\/#primaryimage"},"image":{"@id":"https:\/\/www.jazzzeitung.de\/cms\/2018\/08\/neue-aufnahme-des-bundesjazzorchesters-bujazzo-30\/#primaryimage"},"thumbnailUrl":"https:\/\/i0.wp.com\/www.jazzzeitung.de\/cms\/wp-content\/uploads\/2018\/08\/Bundesjazzorchester_2018_einfache_Besetzung_web__c__DMR__Nico_Pudimat.jpg?fit=1000%2C667&ssl=1","datePublished":"2018-08-06T12:04:51+00:00","dateModified":"2018-08-06T14:46:18+00:00","breadcrumb":{"@id":"https:\/\/www.jazzzeitung.de\/cms\/2018\/08\/neue-aufnahme-des-bundesjazzorchesters-bujazzo-30\/#breadcrumb"},"inLanguage":"de","potentialAction":[{"@type":"ReadAction","target":["https:\/\/www.jazzzeitung.de\/cms\/2018\/08\/neue-aufnahme-des-bundesjazzorchesters-bujazzo-30\/"]}]},{"@type":"ImageObject","inLanguage":"de","@id":"https:\/\/www.jazzzeitung.de\/cms\/2018\/08\/neue-aufnahme-des-bundesjazzorchesters-bujazzo-30\/#primaryimage","url":"https:\/\/i0.wp.com\/www.jazzzeitung.de\/cms\/wp-content\/uploads\/2018\/08\/Bundesjazzorchester_2018_einfache_Besetzung_web__c__DMR__Nico_Pudimat.jpg?fit=1000%2C667&ssl=1","contentUrl":"https:\/\/i0.wp.com\/www.jazzzeitung.de\/cms\/wp-content\/uploads\/2018\/08\/Bundesjazzorchester_2018_einfache_Besetzung_web__c__DMR__Nico_Pudimat.jpg?fit=1000%2C667&ssl=1","width":1000,"height":667,"caption":"Foto: Nico Pudimat"},{"@type":"BreadcrumbList","@id":"https:\/\/www.jazzzeitung.de\/cms\/2018\/08\/neue-aufnahme-des-bundesjazzorchesters-bujazzo-30\/#breadcrumb","itemListElement":[{"@type":"ListItem","position":1,"name":"Startseite","item":"https:\/\/www.jazzzeitung.de\/cms\/"},{"@type":"ListItem","position":2,"name":"&#8222;Bujazzo 30&#8220; hei\u00dft die neue Aufnahme des Bundesjazzorchesters"}]},{"@type":"WebSite","@id":"https:\/\/www.jazzzeitung.de\/cms\/#website","url":"https:\/\/www.jazzzeitung.de\/cms\/","name":"JazzZeitung","description":"Jazz-News und Jazz-Kontroverses","publisher":{"@id":"https:\/\/www.jazzzeitung.de\/cms\/#organization"},"potentialAction":[{"@type":"SearchAction","target":{"@type":"EntryPoint","urlTemplate":"https:\/\/www.jazzzeitung.de\/cms\/?s={search_term_string}"},"query-input":{"@type":"PropertyValueSpecification","valueRequired":true,"valueName":"search_term_string"}}],"inLanguage":"de"},{"@type":"Organization","@id":"https:\/\/www.jazzzeitung.de\/cms\/#organization","name":"JazzZeitung online","url":"https:\/\/www.jazzzeitung.de\/cms\/","logo":{"@type":"ImageObject","inLanguage":"de","@id":"https:\/\/www.jazzzeitung.de\/cms\/#\/schema\/logo\/image\/","url":"https:\/\/i0.wp.com\/www.jazzzeitung.de\/cms\/wp-content\/uploads\/2015\/08\/JAZZZEITUNGDE_Logo_Neu.png?fit=499%2C200&ssl=1","contentUrl":"https:\/\/i0.wp.com\/www.jazzzeitung.de\/cms\/wp-content\/uploads\/2015\/08\/JAZZZEITUNGDE_Logo_Neu.png?fit=499%2C200&ssl=1","width":499,"height":200,"caption":"JazzZeitung online"},"image":{"@id":"https:\/\/www.jazzzeitung.de\/cms\/#\/schema\/logo\/image\/"},"sameAs":["https:\/\/www.facebook.com\/JazzZeitung\/"]},{"@type":"Person","@id":"https:\/\/www.jazzzeitung.de\/cms\/#\/schema\/person\/2245b36b9cd1d24cea10f01c031fb92b","name":"Redaktion JazzZeitung","image":{"@type":"ImageObject","inLanguage":"de","@id":"https:\/\/i0.wp.com\/www.jazzzeitung.de\/cms\/wp-content\/uploads\/2015\/08\/JAZZZEITUNGDE_Logo_Neu.png?resize=96%2C96&ssl=159975dcacb611b5700bd619b5daf0a7a","url":"https:\/\/i0.wp.com\/www.jazzzeitung.de\/cms\/wp-content\/uploads\/2015\/08\/JAZZZEITUNGDE_Logo_Neu.png?resize=96%2C96&ssl=1","contentUrl":"https:\/\/i0.wp.com\/www.jazzzeitung.de\/cms\/wp-content\/uploads\/2015\/08\/JAZZZEITUNGDE_Logo_Neu.png?resize=96%2C96&ssl=1","caption":"Redaktion JazzZeitung"},"description":"Artikel der Redaktion der JazzZeitung.","sameAs":["http:\/\/www.jazzzeitung.de\/cms\/"],"url":"https:\/\/www.jazzzeitung.de\/cms\/author\/redaktion\/"}]}},"wp-worthy-pixel":{"ignored":false,"public":null,"server":null,"url":null},"wp-worthy-type":"normal","jetpack_publicize_connections":[],"cc_featured_image_caption":{"caption_text":"","source_text":"","source_url":""},"jetpack_featured_media_url":"https:\/\/i0.wp.com\/www.jazzzeitung.de\/cms\/wp-content\/uploads\/2018\/08\/Bundesjazzorchester_2018_einfache_Besetzung_web__c__DMR__Nico_Pudimat.jpg?fit=1000%2C667&ssl=1","jetpack_shortlink":"https:\/\/wp.me\/p3KEcT-4o7","jetpack-related-posts":[{"id":14542,"url":"https:\/\/www.jazzzeitung.de\/cms\/2017\/12\/bujazzo-211-bewerberinnen-und-bewerber-neuer-rekord\/","url_meta":{"origin":16871,"position":0},"title":"BuJazzO: 211 Bewerberinnen und Bewerber &#8211; neuer Rekord!","author":"Redaktion JazzZeitung","date":"13. Dezember 2017","format":false,"excerpt":"Das Bundesjazzorchester, das offizielle Jugendjazzorchester der Bundesrepublik Deutschland, sucht turnusgem\u00e4\u00df wieder Nachwuchs. Vom 3. bis 6. Januar 2018 finden in Bonn Probespiele des Orchesters statt. S\u00e4mtliche Bigband-Instrumente \u2013 Trompeten, Posaunen, Saxofone und Rhythmusgruppe \u2013 und das BuJazzO-Vokalensemble werden 2018 neu besetzt. Im Bundesjazzorchester gibt es alle zwei Jahre eine automatische\u2026","rel":"","context":"In &quot;News&quot;","block_context":{"text":"News","link":"https:\/\/www.jazzzeitung.de\/cms\/thema\/nachrichten\/"},"img":{"alt_text":"BuJazzO 25. Foto: Hufner","src":"https:\/\/i0.wp.com\/www.jazzzeitung.de\/cms\/wp-content\/uploads\/2017\/12\/bujazzo-hufi-2103.jpg?fit=1200%2C512&ssl=1&resize=350%2C200","width":350,"height":200,"srcset":"https:\/\/i0.wp.com\/www.jazzzeitung.de\/cms\/wp-content\/uploads\/2017\/12\/bujazzo-hufi-2103.jpg?fit=1200%2C512&ssl=1&resize=350%2C200 1x, https:\/\/i0.wp.com\/www.jazzzeitung.de\/cms\/wp-content\/uploads\/2017\/12\/bujazzo-hufi-2103.jpg?fit=1200%2C512&ssl=1&resize=525%2C300 1.5x, https:\/\/i0.wp.com\/www.jazzzeitung.de\/cms\/wp-content\/uploads\/2017\/12\/bujazzo-hufi-2103.jpg?fit=1200%2C512&ssl=1&resize=700%2C400 2x, https:\/\/i0.wp.com\/www.jazzzeitung.de\/cms\/wp-content\/uploads\/2017\/12\/bujazzo-hufi-2103.jpg?fit=1200%2C512&ssl=1&resize=1050%2C600 3x"},"classes":[]},{"id":15404,"url":"https:\/\/www.jazzzeitung.de\/cms\/2018\/03\/musikmesse-2018-frankfurter-musikpreis-geht-an-bundesjazzorchester-bujazzo\/","url_meta":{"origin":16871,"position":1},"title":"Musikmesse 2018: Frankfurter Musikpreis geht an Bundesjazzorchester (BuJazzO)","author":"Redaktion JazzZeitung","date":"20. M\u00e4rz 2018","format":false,"excerpt":"Das Bundesjazzorchester (BuJazzO) wird mit dem Frankfurter Musikpreis 2018 geehrt. Die Auszeichnung wird allj\u00e4hrlich im Rahmen der Musikmesse und des Musikmesse Festivals vergeben. Sie pr\u00e4miert Akteure, die durch ihr Wirken einen besonderen Beitrag f\u00fcr die Musikszene und -kultur geleistet haben. Bei der Preisverleihung am 13. April gibt das Bundesjazzorchester unter\u2026","rel":"","context":"In &quot;News&quot;","block_context":{"text":"News","link":"https:\/\/www.jazzzeitung.de\/cms\/thema\/nachrichten\/"},"img":{"alt_text":"","src":"https:\/\/i0.wp.com\/www.jazzzeitung.de\/cms\/wp-content\/uploads\/2018\/03\/Bundesjazzorchester-2018-c-Deutscher-Musikrat-Nico-Pudimat_small.jpg?fit=1200%2C800&ssl=1&resize=350%2C200","width":350,"height":200,"srcset":"https:\/\/i0.wp.com\/www.jazzzeitung.de\/cms\/wp-content\/uploads\/2018\/03\/Bundesjazzorchester-2018-c-Deutscher-Musikrat-Nico-Pudimat_small.jpg?fit=1200%2C800&ssl=1&resize=350%2C200 1x, https:\/\/i0.wp.com\/www.jazzzeitung.de\/cms\/wp-content\/uploads\/2018\/03\/Bundesjazzorchester-2018-c-Deutscher-Musikrat-Nico-Pudimat_small.jpg?fit=1200%2C800&ssl=1&resize=525%2C300 1.5x, https:\/\/i0.wp.com\/www.jazzzeitung.de\/cms\/wp-content\/uploads\/2018\/03\/Bundesjazzorchester-2018-c-Deutscher-Musikrat-Nico-Pudimat_small.jpg?fit=1200%2C800&ssl=1&resize=700%2C400 2x, https:\/\/i0.wp.com\/www.jazzzeitung.de\/cms\/wp-content\/uploads\/2018\/03\/Bundesjazzorchester-2018-c-Deutscher-Musikrat-Nico-Pudimat_small.jpg?fit=1200%2C800&ssl=1&resize=1050%2C600 3x"},"classes":[]},{"id":2327,"url":"https:\/\/www.jazzzeitung.de\/cms\/2013\/09\/aus-den-gletschermassen-des-jazz-herausgebrochen-das-bujazzo-feierte-25jaehriges-bestehen-mit-konzert-berlin\/","url_meta":{"origin":16871,"position":2},"title":"Aus den Gletschermassen des Jazz herausgebrochen \u2013 Das BuJazzO feierte 25j\u00e4hriges Bestehen mit Konzert in Berlin","author":"Huflaikhan","date":"27. September 2013","format":false,"excerpt":"Das Orchester ist zwar erst 25 Jahre alt, aber seine Mitglieder sind nicht \u00e4lter als 24. Es handelt sich um die wahrscheinlich besten jungen Jazz-Musiker Deutschlands, die seit Jahren durch diese BigBand hindurchgeschleust worden sind. Das stellten sie auch in der aktuellen Besetzung klar. Sie spreitzten dabei das Repertoire von\u2026","rel":"","context":"In &quot;Blog&quot;","block_context":{"text":"Blog","link":"https:\/\/www.jazzzeitung.de\/cms\/thema\/blog\/"},"img":{"alt_text":"","src":"https:\/\/i0.wp.com\/www.jazzzeitung.de\/cms\/wp-content\/uploads\/2013\/09\/bujazzo_25_29.jpg?resize=350%2C200","width":350,"height":200,"srcset":"https:\/\/i0.wp.com\/www.jazzzeitung.de\/cms\/wp-content\/uploads\/2013\/09\/bujazzo_25_29.jpg?resize=350%2C200 1x, https:\/\/i0.wp.com\/www.jazzzeitung.de\/cms\/wp-content\/uploads\/2013\/09\/bujazzo_25_29.jpg?resize=525%2C300 1.5x, https:\/\/i0.wp.com\/www.jazzzeitung.de\/cms\/wp-content\/uploads\/2013\/09\/bujazzo_25_29.jpg?resize=700%2C400 2x"},"classes":[]},{"id":9916,"url":"https:\/\/www.jazzzeitung.de\/cms\/2016\/08\/art-chart-58-arbeitsphase-des-bundesjazzorchesters\/","url_meta":{"origin":16871,"position":3},"title":"The Art Of The Chart &#8211; 58. Arbeitsphase des Bundesjazzorchesters","author":"Redaktion JazzZeitung","date":"19. August 2016","format":false,"excerpt":"Am 3.9.16 um 19:30 findet das Abschlusskonzert der 58. Arbeitsphase des Bundesjazzorchesters im Schlosstheater Rheinsberg statt. Das Ensemble wird unter der Leitung von J\u00f6rg Achim Keller, Chefdirigent der NDR Bigband, ein Programm mit dem Titel \u201eThe Art Of The Chart\u201c pr\u00e4sentieren. Das Programm enth\u00e4lt sowohl Sch\u00e4tze aus J\u00f6rg Achim Kellers\u2026","rel":"","context":"In &quot;News&quot;","block_context":{"text":"News","link":"https:\/\/www.jazzzeitung.de\/cms\/thema\/nachrichten\/"},"img":{"alt_text":"Bundesjazzorchester by Henry Mundt","src":"https:\/\/i0.wp.com\/www.jazzzeitung.de\/cms\/wp-content\/uploads\/2016\/08\/2016-9-3-Bundesjazzorchester-by-Henry-Mundt-1-150x150.jpg?resize=350%2C200","width":350,"height":200},"classes":[]},{"id":3117,"url":"https:\/\/www.jazzzeitung.de\/cms\/2013\/12\/auf-der-suche-nach-neuen-talenten-probespiele-des-bundesjazzorchesters-vom-6-bis-9-januar-bonn\/","url_meta":{"origin":16871,"position":4},"title":"Auf der Suche nach neuen Talenten &#8211; Probespiele des Bundesjazzorchesters vom 6. bis 9. Januar in Bonn","author":"Redaktion JazzZeitung","date":"11. Dezember 2013","format":false,"excerpt":"Das Bundesjazzorchester, das offizielle Jugendjazzorchester der Bundesrepublik Deutschland, sucht Nachwuchs. Vom 6. bis 9. Januar finden in Bonn Probespiele des Orchesters statt. Als Veranstaltungsort konnte das Ernst-Moritz-Arndt-Gymnasium in Bonn gewonnen werden, wo im Jahr 1988 das Bundesjazzorchester seinen ersten \u00f6ffentlichen Auftritt hatte. S\u00e4mtliche Bigband-Instrumente \u2013 Trompeten, Posaunen, Saxophone und Rhythmusgruppe\u2026","rel":"","context":"In &quot;News&quot;","block_context":{"text":"News","link":"https:\/\/www.jazzzeitung.de\/cms\/thema\/nachrichten\/"},"img":{"alt_text":"Foto: Jan Karow","src":"https:\/\/i0.wp.com\/www.jazzzeitung.de\/cms\/wp-content\/uploads\/2013\/12\/Bundesjazzorchester_mit_John_Ruocco_c_Jan_Karow-150x150.jpg?resize=350%2C200","width":350,"height":200},"classes":[]},{"id":8821,"url":"https:\/\/www.jazzzeitung.de\/cms\/2016\/03\/das-500-bujazzo-konzert-mit-edelhagen-remembered\/","url_meta":{"origin":16871,"position":5},"title":"Das 500. BuJazzO-Konzert mit \u201eEdelhagen Remembered\u201c","author":"Redaktion JazzZeitung","date":"23. M\u00e4rz 2016","format":false,"excerpt":"Jiggs Whigham, einer der erfahrensten Big Band-Leader und Musiker, seit zwei Jahren neben Niels Klein einer der beiden k\u00fcnstlerischen Leiter des Bundesjazzorchesters, leitete, nein zelebrierte dessen 500. Konzert seit der Gr\u00fcndung des offiziellen Jugendjazzorchesters der Bundesrepublik Deutschland durch den unvergessenen Peter Herbolzheimer im Jahre 1988. Als B\u00fchne f\u00fcr diesen denkw\u00fcrdigen\u2026","rel":"","context":"In &quot;Bericht&quot;","block_context":{"text":"Bericht","link":"https:\/\/www.jazzzeitung.de\/cms\/thema\/bericht\/"},"img":{"alt_text":"DSC_0046","src":"https:\/\/i0.wp.com\/www.jazzzeitung.de\/cms\/wp-content\/uploads\/2016\/03\/DSC_0046-150x150.jpg?resize=350%2C200","width":350,"height":200},"classes":[]}],"jetpack_sharing_enabled":true,"_links":{"self":[{"href":"https:\/\/www.jazzzeitung.de\/cms\/wp-json\/wp\/v2\/posts\/16871","targetHints":{"allow":["GET"]}}],"collection":[{"href":"https:\/\/www.jazzzeitung.de\/cms\/wp-json\/wp\/v2\/posts"}],"about":[{"href":"https:\/\/www.jazzzeitung.de\/cms\/wp-json\/wp\/v2\/types\/post"}],"author":[{"embeddable":true,"href":"https:\/\/www.jazzzeitung.de\/cms\/wp-json\/wp\/v2\/users\/18"}],"replies":[{"embeddable":true,"href":"https:\/\/www.jazzzeitung.de\/cms\/wp-json\/wp\/v2\/comments?post=16871"}],"version-history":[{"count":9,"href":"https:\/\/www.jazzzeitung.de\/cms\/wp-json\/wp\/v2\/posts\/16871\/revisions"}],"predecessor-version":[{"id":16883,"href":"https:\/\/www.jazzzeitung.de\/cms\/wp-json\/wp\/v2\/posts\/16871\/revisions\/16883"}],"wp:featuredmedia":[{"embeddable":true,"href":"https:\/\/www.jazzzeitung.de\/cms\/wp-json\/wp\/v2\/media\/16876"}],"wp:attachment":[{"href":"https:\/\/www.jazzzeitung.de\/cms\/wp-json\/wp\/v2\/media?parent=16871"}],"wp:term":[{"taxonomy":"category","embeddable":true,"href":"https:\/\/www.jazzzeitung.de\/cms\/wp-json\/wp\/v2\/categories?post=16871"},{"taxonomy":"post_tag","embeddable":true,"href":"https:\/\/www.jazzzeitung.de\/cms\/wp-json\/wp\/v2\/tags?post=16871"},{"taxonomy":"author","embeddable":true,"href":"https:\/\/www.jazzzeitung.de\/cms\/wp-json\/wp\/v2\/coauthors?post=16871"}],"curies":[{"name":"wp","href":"https:\/\/api.w.org\/{rel}","templated":true}]}}