{"id":16862,"date":"2018-08-04T10:43:18","date_gmt":"2018-08-04T08:43:18","guid":{"rendered":"https:\/\/www.jazzzeitung.de\/cms\/?p=16862"},"modified":"2018-08-03T13:28:41","modified_gmt":"2018-08-03T11:28:41","slug":"rund-um-den-starnberger-see-jazz-kennt-kein-kirchturmdenken","status":"publish","type":"post","link":"https:\/\/www.jazzzeitung.de\/cms\/2018\/08\/rund-um-den-starnberger-see-jazz-kennt-kein-kirchturmdenken\/","title":{"rendered":"Rund um den Starnberger See \u2013 Jazz kennt kein Kirchturmdenken"},"content":{"rendered":"<h5>Das 6. Starnberger SeeJazz Festival findet vom 11. bis 19. August 2018, und damit erneut in der Ferienzeit statt. Die im Verein verbundenen lokalen Kulturveranstalter der Region Starnberger F\u00fcnf-Seen-Land, Pfaffenwinkel und T\u00f6lzer Land haben sich zusammengefunden, um abseits der Metropole auch in der l\u00e4ndlichen Region lebendiger Kultur Raum zu geben. Entsprechend der Idee der Vereinsgr\u00fcnder werden f\u00fcr das <a href=\"http:\/\/www.seejazz.de\">SeeJazz Festival<\/a> die \u201eGrenzen\u201c der Anrainer-Landkreise Starnberg, Bad T\u00f6lz, Wolfratshausen und Weilheim-Schongau aufgehoben und alle Jazzbegeisterten, seien es Ortsans\u00e4ssige, Urlauber oder auch \u00fcberregionale Musikfreunde zu einer Rundreise um den Starnberger See eingeladen.<\/h5>\n<figure id=\"attachment_16865\" aria-describedby=\"caption-attachment-16865\" style=\"width: 300px\" class=\"wp-caption alignleft\"><a href=\"https:\/\/i0.wp.com\/www.jazzzeitung.de\/cms\/wp-content\/uploads\/2018\/08\/Daniel-Stelter1.jpg?ssl=1\"><img data-recalc-dims=\"1\" loading=\"lazy\" decoding=\"async\" data-attachment-id=\"16865\" data-permalink=\"https:\/\/www.jazzzeitung.de\/cms\/2018\/08\/rund-um-den-starnberger-see-jazz-kennt-kein-kirchturmdenken\/dd-6\/\" data-orig-file=\"https:\/\/i0.wp.com\/www.jazzzeitung.de\/cms\/wp-content\/uploads\/2018\/08\/Daniel-Stelter1-e1533293805419.jpg?fit=900%2C655&amp;ssl=1\" data-orig-size=\"900,655\" data-comments-opened=\"1\" data-image-meta=\"{&quot;aperture&quot;:&quot;0&quot;,&quot;credit&quot;:&quot;&quot;,&quot;camera&quot;:&quot;&quot;,&quot;caption&quot;:&quot;&quot;,&quot;created_timestamp&quot;:&quot;0&quot;,&quot;copyright&quot;:&quot;&quot;,&quot;focal_length&quot;:&quot;0&quot;,&quot;iso&quot;:&quot;0&quot;,&quot;shutter_speed&quot;:&quot;0&quot;,&quot;title&quot;:&quot;dd&quot;,&quot;orientation&quot;:&quot;1&quot;}\" data-image-title=\"dd\" data-image-description=\"\" data-image-caption=\"\" data-large-file=\"https:\/\/i0.wp.com\/www.jazzzeitung.de\/cms\/wp-content\/uploads\/2018\/08\/Daniel-Stelter1-e1533293805419.jpg?fit=825%2C600&amp;ssl=1\" class=\"wp-image-16865 size-medium\" src=\"https:\/\/i0.wp.com\/www.jazzzeitung.de\/cms\/wp-content\/uploads\/2018\/08\/Daniel-Stelter1.jpg?resize=300%2C218&#038;ssl=1\" alt=\"\" width=\"300\" height=\"218\" \/><\/a><figcaption id=\"caption-attachment-16865\" class=\"wp-caption-text\">Daniel Stelter. Foto: Seejazz\/Simon Hegeberg<\/figcaption><\/figure>\n<h5>Die Spielorte im \u00dcberblick:<\/h5>\n<p>Rittersaal im Schloss Kempfenhausen (82335 Berg): Das Schloss in seiner heutigen Form wurde um 1520 in landschaftsbeherrschender Lage auf dem H\u00f6henr\u00fccken von Kempfen hausen erbaut. Die Ausstattung des Rittersaales entspricht dem sp\u00e4ten Historismus und ist am Ende des 18. Jahrhunderts entstanden. Der Saal bietet ein herrschaftliches Ambiente und Platz f\u00fcr max. 60 Personen.<\/p>\n<p>Schlossgut Oberambach in der Remise (82541 M\u00fcnsing): Der Hof Oberambach wurde 1476 erstmalig im Reichsarchiv erw\u00e4hnt, zum Herrensitz ausgebaut und hat sich zum Treffpunkt von K\u00fcnstlern (auch der \u2019Blauen Reiter\u2019), Literaten und Freidenkern entwickelt. Seit 1991 ist das Gut ein Hotel und veranstaltet auf dem Gel\u00e4nde Konzerte und Ausstellungen.<\/p>\n<p>Museumsschiff, Steg im Kustermannpark (82327 Tutzing): An Bord des\u00a0 Museumsschiffs \u201eTutzing\u201c aus dem Jahr 1937 befindet sich eine B\u00fchne.<\/p>\n<p>Seeresidenz Alte Post, Alter Postplatz 1 (82402 Seeshaupt): Die Anlage mit einer architektonisch gelungenen Synthese aus historischer Bausubstanz und modernem Interieur liegt am S\u00fcdufer des Starnberger Sees.<\/p>\n<p>B\u00fcrgersaal im Rathaus Feldafing (82340 Feldafing): In der historischen Wartehalle des ehemals K\u00f6niglichen Bahnhofs Feldafing, bis 2013 denkmalw\u00fcrdig und in reicher Ausstattung wieder hergestellt, haben nicht nur \u00f6ffentliche, sondern vor allem auch kulturelle Veranstaltungen einen angemessenen Rahmen.<\/p>\n<h5>Die Konzerte im \u00dcberblick:<\/h5>\n<p>Trio Vein 11.08., Rittersaal im Schloss Kempfenhausen<\/p>\n<p>Daniel Stelter Quartett 14.08., Museumsschiff Tutzing<\/p>\n<p>Joscho Stephan Quartett 16.08., Seeresidenz Alte Post Seeshaupt<\/p>\n<p>Nick Woodland &amp; Band 18.08.Schlossgut Oberambach<\/p>\n<p>eXtracello feat. Peter Herbert 19.08., B\u00fcrgersaal Feldafing<\/p>\n<p><a href=\"http:\/\/www.seejazz.de\">www.seejazz.de<\/a><\/p>\n","protected":false},"excerpt":{"rendered":"<p>Das 6. Starnberger SeeJazz Festival findet vom 11. bis 19. August 2018, und damit erneut in der Ferienzeit statt. Die im Verein verbundenen lokalen Kulturveranstalter der Region Starnberger F\u00fcnf-Seen-Land, Pfaffenwinkel und T\u00f6lzer Land haben sich zusammengefunden, um abseits der Metropole auch in der l\u00e4ndlichen Region lebendiger Kultur Raum zu geben. Entsprechend der Idee der Vereinsgr\u00fcnder werden f\u00fcr das SeeJazz Festival die \u201eGrenzen\u201c der Anrainer-Landkreise Starnberg, Bad T\u00f6lz, Wolfratshausen und Weilheim-Schongau aufgehoben und alle Jazzbegeisterten, seien es Ortsans\u00e4ssige, Urlauber oder auch \u00fcberregionale Musikfreunde zu einer Rundreise um den Starnberger See eingeladen. Die Spielorte im \u00dcberblick: Rittersaal im Schloss Kempfenhausen (82335 Berg): Das Schloss in seiner heutigen Form wurde um 1520 in landschaftsbeherrschender Lage auf dem H\u00f6henr\u00fccken von Kempfen hausen erbaut. Die Ausstattung des Rittersaales entspricht dem sp\u00e4ten Historismus und ist am Ende des 18. Jahrhunderts entstanden. Der Saal bietet ein herrschaftliches Ambiente und Platz f\u00fcr max. 60 Personen. Schlossgut Oberambach in der Remise (82541 M\u00fcnsing): Der Hof Oberambach wurde 1476 erstmalig im Reichsarchiv erw\u00e4hnt, zum Herrensitz ausgebaut und hat sich zum Treffpunkt von K\u00fcnstlern (auch der \u2019Blauen Reiter\u2019), Literaten und Freidenkern entwickelt. Seit 1991 ist das &hellip;<\/p>\n","protected":false},"author":18,"featured_media":16869,"comment_status":"open","ping_status":"closed","sticky":false,"template":"","format":"standard","meta":{"_jetpack_memberships_contains_paid_content":false,"footnotes":"","jetpack_publicize_message":"","jetpack_publicize_feature_enabled":true,"jetpack_social_post_already_shared":false,"jetpack_social_options":{"image_generator_settings":{"template":"highway","default_image_id":0,"font":"","enabled":false},"version":2}},"categories":[633],"tags":[1959,3,1876,323,327,1965,1356,1622,1976],"coauthors":[695],"class_list":["post-16862","post","type-post","status-publish","format-standard","has-post-thumbnail","hentry","category-nachrichten","tag-1959","tag-festival","tag-jazz","tag-konzerte","tag-kultur","tag-quartett","tag-trio","tag-trio-vein","tag-veranstaltungen"],"yoast_head":"<!-- This site is optimized with the Yoast SEO plugin v27.5 - https:\/\/yoast.com\/product\/yoast-seo-wordpress\/ -->\n<title>Rund um den Starnberger See \u2013 Jazz kennt kein Kirchturmdenken - JazzZeitung<\/title>\n<meta name=\"robots\" content=\"index, follow, max-snippet:-1, max-image-preview:large, max-video-preview:-1\" \/>\n<link rel=\"canonical\" href=\"https:\/\/www.jazzzeitung.de\/cms\/2018\/08\/rund-um-den-starnberger-see-jazz-kennt-kein-kirchturmdenken\/\" \/>\n<meta property=\"og:locale\" content=\"de_DE\" \/>\n<meta property=\"og:type\" content=\"article\" \/>\n<meta property=\"og:title\" content=\"Rund um den Starnberger See \u2013 Jazz kennt kein Kirchturmdenken - JazzZeitung\" \/>\n<meta property=\"og:description\" content=\"Das 6. Starnberger SeeJazz Festival findet vom 11. bis 19. August 2018, und damit erneut in der Ferienzeit statt. Die im Verein verbundenen lokalen Kulturveranstalter der Region Starnberger F\u00fcnf-Seen-Land, Pfaffenwinkel und T\u00f6lzer Land haben sich zusammengefunden, um abseits der Metropole auch in der l\u00e4ndlichen Region lebendiger Kultur Raum zu geben. Entsprechend der Idee der Vereinsgr\u00fcnder werden f\u00fcr das SeeJazz Festival die \u201eGrenzen\u201c der Anrainer-Landkreise Starnberg, Bad T\u00f6lz, Wolfratshausen und Weilheim-Schongau aufgehoben und alle Jazzbegeisterten, seien es Ortsans\u00e4ssige, Urlauber oder auch \u00fcberregionale Musikfreunde zu einer Rundreise um den Starnberger See eingeladen. Die Spielorte im \u00dcberblick: Rittersaal im Schloss Kempfenhausen (82335 Berg): Das Schloss in seiner heutigen Form wurde um 1520 in landschaftsbeherrschender Lage auf dem H\u00f6henr\u00fccken von Kempfen hausen erbaut. Die Ausstattung des Rittersaales entspricht dem sp\u00e4ten Historismus und ist am Ende des 18. Jahrhunderts entstanden. Der Saal bietet ein herrschaftliches Ambiente und Platz f\u00fcr max. 60 Personen. Schlossgut Oberambach in der Remise (82541 M\u00fcnsing): Der Hof Oberambach wurde 1476 erstmalig im Reichsarchiv erw\u00e4hnt, zum Herrensitz ausgebaut und hat sich zum Treffpunkt von K\u00fcnstlern (auch der \u2019Blauen Reiter\u2019), Literaten und Freidenkern entwickelt. Seit 1991 ist das &hellip;\" \/>\n<meta property=\"og:url\" content=\"https:\/\/www.jazzzeitung.de\/cms\/2018\/08\/rund-um-den-starnberger-see-jazz-kennt-kein-kirchturmdenken\/\" \/>\n<meta property=\"og:site_name\" content=\"JazzZeitung\" \/>\n<meta property=\"article:publisher\" content=\"https:\/\/www.facebook.com\/JazzZeitung\/\" \/>\n<meta property=\"article:published_time\" content=\"2018-08-04T08:43:18+00:00\" \/>\n<meta property=\"og:image\" content=\"https:\/\/i0.wp.com\/www.jazzzeitung.de\/cms\/wp-content\/uploads\/2018\/08\/Daniel-Stelter2.jpg?fit=400%2C338&ssl=1\" \/>\n\t<meta property=\"og:image:width\" content=\"400\" \/>\n\t<meta property=\"og:image:height\" content=\"338\" \/>\n\t<meta property=\"og:image:type\" content=\"image\/jpeg\" \/>\n<meta name=\"author\" content=\"Redaktion JazzZeitung\" \/>\n<script type=\"application\/ld+json\" class=\"yoast-schema-graph\">{\"@context\":\"https:\\\/\\\/schema.org\",\"@graph\":[{\"@type\":\"Article\",\"@id\":\"https:\\\/\\\/www.jazzzeitung.de\\\/cms\\\/2018\\\/08\\\/rund-um-den-starnberger-see-jazz-kennt-kein-kirchturmdenken\\\/#article\",\"isPartOf\":{\"@id\":\"https:\\\/\\\/www.jazzzeitung.de\\\/cms\\\/2018\\\/08\\\/rund-um-den-starnberger-see-jazz-kennt-kein-kirchturmdenken\\\/\"},\"author\":{\"name\":\"Redaktion JazzZeitung\",\"@id\":\"https:\\\/\\\/www.jazzzeitung.de\\\/cms\\\/#\\\/schema\\\/person\\\/2245b36b9cd1d24cea10f01c031fb92b\"},\"headline\":\"Rund um den Starnberger See \u2013 Jazz kennt kein Kirchturmdenken\",\"datePublished\":\"2018-08-04T08:43:18+00:00\",\"mainEntityOfPage\":{\"@id\":\"https:\\\/\\\/www.jazzzeitung.de\\\/cms\\\/2018\\\/08\\\/rund-um-den-starnberger-see-jazz-kennt-kein-kirchturmdenken\\\/\"},\"wordCount\":342,\"commentCount\":0,\"publisher\":{\"@id\":\"https:\\\/\\\/www.jazzzeitung.de\\\/cms\\\/#organization\"},\"image\":{\"@id\":\"https:\\\/\\\/www.jazzzeitung.de\\\/cms\\\/2018\\\/08\\\/rund-um-den-starnberger-see-jazz-kennt-kein-kirchturmdenken\\\/#primaryimage\"},\"thumbnailUrl\":\"https:\\\/\\\/i0.wp.com\\\/www.jazzzeitung.de\\\/cms\\\/wp-content\\\/uploads\\\/2018\\\/08\\\/Daniel-Stelter2.jpg?fit=400%2C338&ssl=1\",\"keywords\":[\"2018\",\"Festival\",\"Jazz\",\"Konzerte\",\"Kultur\",\"Quartett\",\"trio\",\"Trio VEIN\",\"Veranstaltungen\"],\"articleSection\":[\"News\"],\"inLanguage\":\"de\",\"potentialAction\":[{\"@type\":\"CommentAction\",\"name\":\"Comment\",\"target\":[\"https:\\\/\\\/www.jazzzeitung.de\\\/cms\\\/2018\\\/08\\\/rund-um-den-starnberger-see-jazz-kennt-kein-kirchturmdenken\\\/#respond\"]}]},{\"@type\":\"WebPage\",\"@id\":\"https:\\\/\\\/www.jazzzeitung.de\\\/cms\\\/2018\\\/08\\\/rund-um-den-starnberger-see-jazz-kennt-kein-kirchturmdenken\\\/\",\"url\":\"https:\\\/\\\/www.jazzzeitung.de\\\/cms\\\/2018\\\/08\\\/rund-um-den-starnberger-see-jazz-kennt-kein-kirchturmdenken\\\/\",\"name\":\"Rund um den Starnberger See \u2013 Jazz kennt kein Kirchturmdenken - JazzZeitung\",\"isPartOf\":{\"@id\":\"https:\\\/\\\/www.jazzzeitung.de\\\/cms\\\/#website\"},\"primaryImageOfPage\":{\"@id\":\"https:\\\/\\\/www.jazzzeitung.de\\\/cms\\\/2018\\\/08\\\/rund-um-den-starnberger-see-jazz-kennt-kein-kirchturmdenken\\\/#primaryimage\"},\"image\":{\"@id\":\"https:\\\/\\\/www.jazzzeitung.de\\\/cms\\\/2018\\\/08\\\/rund-um-den-starnberger-see-jazz-kennt-kein-kirchturmdenken\\\/#primaryimage\"},\"thumbnailUrl\":\"https:\\\/\\\/i0.wp.com\\\/www.jazzzeitung.de\\\/cms\\\/wp-content\\\/uploads\\\/2018\\\/08\\\/Daniel-Stelter2.jpg?fit=400%2C338&ssl=1\",\"datePublished\":\"2018-08-04T08:43:18+00:00\",\"breadcrumb\":{\"@id\":\"https:\\\/\\\/www.jazzzeitung.de\\\/cms\\\/2018\\\/08\\\/rund-um-den-starnberger-see-jazz-kennt-kein-kirchturmdenken\\\/#breadcrumb\"},\"inLanguage\":\"de\",\"potentialAction\":[{\"@type\":\"ReadAction\",\"target\":[\"https:\\\/\\\/www.jazzzeitung.de\\\/cms\\\/2018\\\/08\\\/rund-um-den-starnberger-see-jazz-kennt-kein-kirchturmdenken\\\/\"]}]},{\"@type\":\"ImageObject\",\"inLanguage\":\"de\",\"@id\":\"https:\\\/\\\/www.jazzzeitung.de\\\/cms\\\/2018\\\/08\\\/rund-um-den-starnberger-see-jazz-kennt-kein-kirchturmdenken\\\/#primaryimage\",\"url\":\"https:\\\/\\\/i0.wp.com\\\/www.jazzzeitung.de\\\/cms\\\/wp-content\\\/uploads\\\/2018\\\/08\\\/Daniel-Stelter2.jpg?fit=400%2C338&ssl=1\",\"contentUrl\":\"https:\\\/\\\/i0.wp.com\\\/www.jazzzeitung.de\\\/cms\\\/wp-content\\\/uploads\\\/2018\\\/08\\\/Daniel-Stelter2.jpg?fit=400%2C338&ssl=1\",\"width\":400,\"height\":338},{\"@type\":\"BreadcrumbList\",\"@id\":\"https:\\\/\\\/www.jazzzeitung.de\\\/cms\\\/2018\\\/08\\\/rund-um-den-starnberger-see-jazz-kennt-kein-kirchturmdenken\\\/#breadcrumb\",\"itemListElement\":[{\"@type\":\"ListItem\",\"position\":1,\"name\":\"Startseite\",\"item\":\"https:\\\/\\\/www.jazzzeitung.de\\\/cms\\\/\"},{\"@type\":\"ListItem\",\"position\":2,\"name\":\"Rund um den Starnberger See \u2013 Jazz kennt kein Kirchturmdenken\"}]},{\"@type\":\"WebSite\",\"@id\":\"https:\\\/\\\/www.jazzzeitung.de\\\/cms\\\/#website\",\"url\":\"https:\\\/\\\/www.jazzzeitung.de\\\/cms\\\/\",\"name\":\"JazzZeitung\",\"description\":\"Jazz-News und Jazz-Kontroverses\",\"publisher\":{\"@id\":\"https:\\\/\\\/www.jazzzeitung.de\\\/cms\\\/#organization\"},\"potentialAction\":[{\"@type\":\"SearchAction\",\"target\":{\"@type\":\"EntryPoint\",\"urlTemplate\":\"https:\\\/\\\/www.jazzzeitung.de\\\/cms\\\/?s={search_term_string}\"},\"query-input\":{\"@type\":\"PropertyValueSpecification\",\"valueRequired\":true,\"valueName\":\"search_term_string\"}}],\"inLanguage\":\"de\"},{\"@type\":\"Organization\",\"@id\":\"https:\\\/\\\/www.jazzzeitung.de\\\/cms\\\/#organization\",\"name\":\"JazzZeitung online\",\"url\":\"https:\\\/\\\/www.jazzzeitung.de\\\/cms\\\/\",\"logo\":{\"@type\":\"ImageObject\",\"inLanguage\":\"de\",\"@id\":\"https:\\\/\\\/www.jazzzeitung.de\\\/cms\\\/#\\\/schema\\\/logo\\\/image\\\/\",\"url\":\"https:\\\/\\\/i0.wp.com\\\/www.jazzzeitung.de\\\/cms\\\/wp-content\\\/uploads\\\/2015\\\/08\\\/JAZZZEITUNGDE_Logo_Neu.png?fit=499%2C200&ssl=1\",\"contentUrl\":\"https:\\\/\\\/i0.wp.com\\\/www.jazzzeitung.de\\\/cms\\\/wp-content\\\/uploads\\\/2015\\\/08\\\/JAZZZEITUNGDE_Logo_Neu.png?fit=499%2C200&ssl=1\",\"width\":499,\"height\":200,\"caption\":\"JazzZeitung online\"},\"image\":{\"@id\":\"https:\\\/\\\/www.jazzzeitung.de\\\/cms\\\/#\\\/schema\\\/logo\\\/image\\\/\"},\"sameAs\":[\"https:\\\/\\\/www.facebook.com\\\/JazzZeitung\\\/\"]},{\"@type\":\"Person\",\"@id\":\"https:\\\/\\\/www.jazzzeitung.de\\\/cms\\\/#\\\/schema\\\/person\\\/2245b36b9cd1d24cea10f01c031fb92b\",\"name\":\"Redaktion JazzZeitung\",\"image\":{\"@type\":\"ImageObject\",\"inLanguage\":\"de\",\"@id\":\"https:\\\/\\\/i0.wp.com\\\/www.jazzzeitung.de\\\/cms\\\/wp-content\\\/uploads\\\/2015\\\/08\\\/JAZZZEITUNGDE_Logo_Neu.png?resize=96%2C96&ssl=159975dcacb611b5700bd619b5daf0a7a\",\"url\":\"https:\\\/\\\/i0.wp.com\\\/www.jazzzeitung.de\\\/cms\\\/wp-content\\\/uploads\\\/2015\\\/08\\\/JAZZZEITUNGDE_Logo_Neu.png?resize=96%2C96&ssl=1\",\"contentUrl\":\"https:\\\/\\\/i0.wp.com\\\/www.jazzzeitung.de\\\/cms\\\/wp-content\\\/uploads\\\/2015\\\/08\\\/JAZZZEITUNGDE_Logo_Neu.png?resize=96%2C96&ssl=1\",\"caption\":\"Redaktion JazzZeitung\"},\"description\":\"Artikel der Redaktion der JazzZeitung.\",\"sameAs\":[\"http:\\\/\\\/www.jazzzeitung.de\\\/cms\\\/\"],\"url\":\"https:\\\/\\\/www.jazzzeitung.de\\\/cms\\\/author\\\/redaktion\\\/\"}]}<\/script>\n<!-- \/ Yoast SEO plugin. -->","yoast_head_json":{"title":"Rund um den Starnberger See \u2013 Jazz kennt kein Kirchturmdenken - JazzZeitung","robots":{"index":"index","follow":"follow","max-snippet":"max-snippet:-1","max-image-preview":"max-image-preview:large","max-video-preview":"max-video-preview:-1"},"canonical":"https:\/\/www.jazzzeitung.de\/cms\/2018\/08\/rund-um-den-starnberger-see-jazz-kennt-kein-kirchturmdenken\/","og_locale":"de_DE","og_type":"article","og_title":"Rund um den Starnberger See \u2013 Jazz kennt kein Kirchturmdenken - JazzZeitung","og_description":"Das 6. Starnberger SeeJazz Festival findet vom 11. bis 19. August 2018, und damit erneut in der Ferienzeit statt. Die im Verein verbundenen lokalen Kulturveranstalter der Region Starnberger F\u00fcnf-Seen-Land, Pfaffenwinkel und T\u00f6lzer Land haben sich zusammengefunden, um abseits der Metropole auch in der l\u00e4ndlichen Region lebendiger Kultur Raum zu geben. Entsprechend der Idee der Vereinsgr\u00fcnder werden f\u00fcr das SeeJazz Festival die \u201eGrenzen\u201c der Anrainer-Landkreise Starnberg, Bad T\u00f6lz, Wolfratshausen und Weilheim-Schongau aufgehoben und alle Jazzbegeisterten, seien es Ortsans\u00e4ssige, Urlauber oder auch \u00fcberregionale Musikfreunde zu einer Rundreise um den Starnberger See eingeladen. Die Spielorte im \u00dcberblick: Rittersaal im Schloss Kempfenhausen (82335 Berg): Das Schloss in seiner heutigen Form wurde um 1520 in landschaftsbeherrschender Lage auf dem H\u00f6henr\u00fccken von Kempfen hausen erbaut. Die Ausstattung des Rittersaales entspricht dem sp\u00e4ten Historismus und ist am Ende des 18. Jahrhunderts entstanden. Der Saal bietet ein herrschaftliches Ambiente und Platz f\u00fcr max. 60 Personen. Schlossgut Oberambach in der Remise (82541 M\u00fcnsing): Der Hof Oberambach wurde 1476 erstmalig im Reichsarchiv erw\u00e4hnt, zum Herrensitz ausgebaut und hat sich zum Treffpunkt von K\u00fcnstlern (auch der \u2019Blauen Reiter\u2019), Literaten und Freidenkern entwickelt. Seit 1991 ist das &hellip;","og_url":"https:\/\/www.jazzzeitung.de\/cms\/2018\/08\/rund-um-den-starnberger-see-jazz-kennt-kein-kirchturmdenken\/","og_site_name":"JazzZeitung","article_publisher":"https:\/\/www.facebook.com\/JazzZeitung\/","article_published_time":"2018-08-04T08:43:18+00:00","og_image":[{"width":400,"height":338,"url":"https:\/\/i0.wp.com\/www.jazzzeitung.de\/cms\/wp-content\/uploads\/2018\/08\/Daniel-Stelter2.jpg?fit=400%2C338&ssl=1","type":"image\/jpeg"}],"author":"Redaktion JazzZeitung","schema":{"@context":"https:\/\/schema.org","@graph":[{"@type":"Article","@id":"https:\/\/www.jazzzeitung.de\/cms\/2018\/08\/rund-um-den-starnberger-see-jazz-kennt-kein-kirchturmdenken\/#article","isPartOf":{"@id":"https:\/\/www.jazzzeitung.de\/cms\/2018\/08\/rund-um-den-starnberger-see-jazz-kennt-kein-kirchturmdenken\/"},"author":{"name":"Redaktion JazzZeitung","@id":"https:\/\/www.jazzzeitung.de\/cms\/#\/schema\/person\/2245b36b9cd1d24cea10f01c031fb92b"},"headline":"Rund um den Starnberger See \u2013 Jazz kennt kein Kirchturmdenken","datePublished":"2018-08-04T08:43:18+00:00","mainEntityOfPage":{"@id":"https:\/\/www.jazzzeitung.de\/cms\/2018\/08\/rund-um-den-starnberger-see-jazz-kennt-kein-kirchturmdenken\/"},"wordCount":342,"commentCount":0,"publisher":{"@id":"https:\/\/www.jazzzeitung.de\/cms\/#organization"},"image":{"@id":"https:\/\/www.jazzzeitung.de\/cms\/2018\/08\/rund-um-den-starnberger-see-jazz-kennt-kein-kirchturmdenken\/#primaryimage"},"thumbnailUrl":"https:\/\/i0.wp.com\/www.jazzzeitung.de\/cms\/wp-content\/uploads\/2018\/08\/Daniel-Stelter2.jpg?fit=400%2C338&ssl=1","keywords":["2018","Festival","Jazz","Konzerte","Kultur","Quartett","trio","Trio VEIN","Veranstaltungen"],"articleSection":["News"],"inLanguage":"de","potentialAction":[{"@type":"CommentAction","name":"Comment","target":["https:\/\/www.jazzzeitung.de\/cms\/2018\/08\/rund-um-den-starnberger-see-jazz-kennt-kein-kirchturmdenken\/#respond"]}]},{"@type":"WebPage","@id":"https:\/\/www.jazzzeitung.de\/cms\/2018\/08\/rund-um-den-starnberger-see-jazz-kennt-kein-kirchturmdenken\/","url":"https:\/\/www.jazzzeitung.de\/cms\/2018\/08\/rund-um-den-starnberger-see-jazz-kennt-kein-kirchturmdenken\/","name":"Rund um den Starnberger See \u2013 Jazz kennt kein Kirchturmdenken - JazzZeitung","isPartOf":{"@id":"https:\/\/www.jazzzeitung.de\/cms\/#website"},"primaryImageOfPage":{"@id":"https:\/\/www.jazzzeitung.de\/cms\/2018\/08\/rund-um-den-starnberger-see-jazz-kennt-kein-kirchturmdenken\/#primaryimage"},"image":{"@id":"https:\/\/www.jazzzeitung.de\/cms\/2018\/08\/rund-um-den-starnberger-see-jazz-kennt-kein-kirchturmdenken\/#primaryimage"},"thumbnailUrl":"https:\/\/i0.wp.com\/www.jazzzeitung.de\/cms\/wp-content\/uploads\/2018\/08\/Daniel-Stelter2.jpg?fit=400%2C338&ssl=1","datePublished":"2018-08-04T08:43:18+00:00","breadcrumb":{"@id":"https:\/\/www.jazzzeitung.de\/cms\/2018\/08\/rund-um-den-starnberger-see-jazz-kennt-kein-kirchturmdenken\/#breadcrumb"},"inLanguage":"de","potentialAction":[{"@type":"ReadAction","target":["https:\/\/www.jazzzeitung.de\/cms\/2018\/08\/rund-um-den-starnberger-see-jazz-kennt-kein-kirchturmdenken\/"]}]},{"@type":"ImageObject","inLanguage":"de","@id":"https:\/\/www.jazzzeitung.de\/cms\/2018\/08\/rund-um-den-starnberger-see-jazz-kennt-kein-kirchturmdenken\/#primaryimage","url":"https:\/\/i0.wp.com\/www.jazzzeitung.de\/cms\/wp-content\/uploads\/2018\/08\/Daniel-Stelter2.jpg?fit=400%2C338&ssl=1","contentUrl":"https:\/\/i0.wp.com\/www.jazzzeitung.de\/cms\/wp-content\/uploads\/2018\/08\/Daniel-Stelter2.jpg?fit=400%2C338&ssl=1","width":400,"height":338},{"@type":"BreadcrumbList","@id":"https:\/\/www.jazzzeitung.de\/cms\/2018\/08\/rund-um-den-starnberger-see-jazz-kennt-kein-kirchturmdenken\/#breadcrumb","itemListElement":[{"@type":"ListItem","position":1,"name":"Startseite","item":"https:\/\/www.jazzzeitung.de\/cms\/"},{"@type":"ListItem","position":2,"name":"Rund um den Starnberger See \u2013 Jazz kennt kein Kirchturmdenken"}]},{"@type":"WebSite","@id":"https:\/\/www.jazzzeitung.de\/cms\/#website","url":"https:\/\/www.jazzzeitung.de\/cms\/","name":"JazzZeitung","description":"Jazz-News und Jazz-Kontroverses","publisher":{"@id":"https:\/\/www.jazzzeitung.de\/cms\/#organization"},"potentialAction":[{"@type":"SearchAction","target":{"@type":"EntryPoint","urlTemplate":"https:\/\/www.jazzzeitung.de\/cms\/?s={search_term_string}"},"query-input":{"@type":"PropertyValueSpecification","valueRequired":true,"valueName":"search_term_string"}}],"inLanguage":"de"},{"@type":"Organization","@id":"https:\/\/www.jazzzeitung.de\/cms\/#organization","name":"JazzZeitung online","url":"https:\/\/www.jazzzeitung.de\/cms\/","logo":{"@type":"ImageObject","inLanguage":"de","@id":"https:\/\/www.jazzzeitung.de\/cms\/#\/schema\/logo\/image\/","url":"https:\/\/i0.wp.com\/www.jazzzeitung.de\/cms\/wp-content\/uploads\/2015\/08\/JAZZZEITUNGDE_Logo_Neu.png?fit=499%2C200&ssl=1","contentUrl":"https:\/\/i0.wp.com\/www.jazzzeitung.de\/cms\/wp-content\/uploads\/2015\/08\/JAZZZEITUNGDE_Logo_Neu.png?fit=499%2C200&ssl=1","width":499,"height":200,"caption":"JazzZeitung online"},"image":{"@id":"https:\/\/www.jazzzeitung.de\/cms\/#\/schema\/logo\/image\/"},"sameAs":["https:\/\/www.facebook.com\/JazzZeitung\/"]},{"@type":"Person","@id":"https:\/\/www.jazzzeitung.de\/cms\/#\/schema\/person\/2245b36b9cd1d24cea10f01c031fb92b","name":"Redaktion JazzZeitung","image":{"@type":"ImageObject","inLanguage":"de","@id":"https:\/\/i0.wp.com\/www.jazzzeitung.de\/cms\/wp-content\/uploads\/2015\/08\/JAZZZEITUNGDE_Logo_Neu.png?resize=96%2C96&ssl=159975dcacb611b5700bd619b5daf0a7a","url":"https:\/\/i0.wp.com\/www.jazzzeitung.de\/cms\/wp-content\/uploads\/2015\/08\/JAZZZEITUNGDE_Logo_Neu.png?resize=96%2C96&ssl=1","contentUrl":"https:\/\/i0.wp.com\/www.jazzzeitung.de\/cms\/wp-content\/uploads\/2015\/08\/JAZZZEITUNGDE_Logo_Neu.png?resize=96%2C96&ssl=1","caption":"Redaktion JazzZeitung"},"description":"Artikel der Redaktion der JazzZeitung.","sameAs":["http:\/\/www.jazzzeitung.de\/cms\/"],"url":"https:\/\/www.jazzzeitung.de\/cms\/author\/redaktion\/"}]}},"wp-worthy-pixel":{"ignored":false,"public":null,"server":null,"url":null},"wp-worthy-type":"normal","jetpack_publicize_connections":[],"cc_featured_image_caption":{"caption_text":"","source_text":"","source_url":""},"jetpack_featured_media_url":"https:\/\/i0.wp.com\/www.jazzzeitung.de\/cms\/wp-content\/uploads\/2018\/08\/Daniel-Stelter2.jpg?fit=400%2C338&ssl=1","jetpack_shortlink":"https:\/\/wp.me\/p3KEcT-4nY","jetpack-related-posts":[{"id":29883,"url":"https:\/\/www.jazzzeitung.de\/cms\/2023\/08\/kultur-und-konzert-am-starnberger-see\/","url_meta":{"origin":16862,"position":0},"title":"Kultur und Konzert am Starnberger See und im Schwere Reiter","author":"Redaktion JazzZeitung","date":"2. August 2023","format":false,"excerpt":"SeeJazz Festival rund um den See Vom 5. bis 14. August findet zum 11. Mal die sommerliche Konzertreihe SeeJazz rund um den Starnberger See statt. Die im Verein Seejazz verbundenen lokalen Kulturveranstalter der Region Starnberger F\u00fcnf-Seen-Land, Pfaffenwinkel und T\u00f6lzer Land geben f\u00fcr ihr SeeJazz Festival weiterhin die die \u201eGrenzen\u201c der\u2026","rel":"","context":"In &quot;News&quot;","block_context":{"text":"News","link":"https:\/\/www.jazzzeitung.de\/cms\/thema\/nachrichten\/"},"img":{"alt_text":"","src":"https:\/\/i0.wp.com\/www.jazzzeitung.de\/cms\/wp-content\/uploads\/2017\/07\/ChrisHopkinsFarbPortraitFotoSaschaKletzsch.jpg?fit=1200%2C794&ssl=1&resize=350%2C200","width":350,"height":200,"srcset":"https:\/\/i0.wp.com\/www.jazzzeitung.de\/cms\/wp-content\/uploads\/2017\/07\/ChrisHopkinsFarbPortraitFotoSaschaKletzsch.jpg?fit=1200%2C794&ssl=1&resize=350%2C200 1x, https:\/\/i0.wp.com\/www.jazzzeitung.de\/cms\/wp-content\/uploads\/2017\/07\/ChrisHopkinsFarbPortraitFotoSaschaKletzsch.jpg?fit=1200%2C794&ssl=1&resize=525%2C300 1.5x, https:\/\/i0.wp.com\/www.jazzzeitung.de\/cms\/wp-content\/uploads\/2017\/07\/ChrisHopkinsFarbPortraitFotoSaschaKletzsch.jpg?fit=1200%2C794&ssl=1&resize=700%2C400 2x, https:\/\/i0.wp.com\/www.jazzzeitung.de\/cms\/wp-content\/uploads\/2017\/07\/ChrisHopkinsFarbPortraitFotoSaschaKletzsch.jpg?fit=1200%2C794&ssl=1&resize=1050%2C600 3x"},"classes":[]},{"id":13085,"url":"https:\/\/www.jazzzeitung.de\/cms\/2017\/07\/5-starnberger-seejazz-festival-vom-12-bis-20-august-2017\/","url_meta":{"origin":16862,"position":1},"title":"5. Starnberger SeeJazz Festival vom 12. bis 20. August 2017","author":"Redaktion JazzZeitung","date":"21. Juli 2017","format":false,"excerpt":"Das 5. Starnberger SeeJazz Festival findet bereits zum 5. Mal vom 12. bis 20. August 2017 rund um den nahe M\u00fcnchen gelegenen bayerischen See statt. Mit der Liebe zur Kunst und der Begeisterung f\u00fcr Jazz wurde im M\u00e4rz 2012 wurde der gemeinn\u00fctzige Verein SeeJazz e.V. gegr\u00fcndet. Zweck des Vereins ist\u2026","rel":"","context":"In &quot;News&quot;","block_context":{"text":"News","link":"https:\/\/www.jazzzeitung.de\/cms\/thema\/nachrichten\/"},"img":{"alt_text":"","src":"https:\/\/i0.wp.com\/www.jazzzeitung.de\/cms\/wp-content\/uploads\/2017\/07\/ILG24x16-03-2013-150x150.jpg?resize=350%2C200&ssl=1","width":350,"height":200},"classes":[]},{"id":9829,"url":"https:\/\/www.jazzzeitung.de\/cms\/2016\/08\/das-seejazz-festival-2016\/","url_meta":{"origin":16862,"position":2},"title":"Das &#8222;SeeJazz-Festival&#8220; 2016","author":"Redaktion JazzZeitung","date":"10. August 2016","format":false,"excerpt":"Das 4. \u201e SeeJazz-Festival\u201c findet vom 13. \u2013 20.8.16 rund um den Starnberger See statt. Jan Lundgren, Torsten Goods & Band, Jazz Police, Allotria Jazzband und das Quartet Saxofour bespielen die ausgew\u00e4hlten Konzertorte. Organisiert wird das Festival vom gemeinn\u00fctzigen Verein SeeJazz e.V., der die F\u00f6rderung von Kunst und Kultur, insbesondere\u2026","rel":"","context":"In &quot;News&quot;","block_context":{"text":"News","link":"https:\/\/www.jazzzeitung.de\/cms\/thema\/nachrichten\/"},"img":{"alt_text":"","src":"https:\/\/i0.wp.com\/www.jazzzeitung.de\/cms\/wp-content\/uploads\/2016\/08\/jazzbild-hochkant-150x150.jpg?resize=350%2C200","width":350,"height":200},"classes":[]},{"id":4069,"url":"https:\/\/www.jazzzeitung.de\/cms\/2014\/06\/zweite-ausgabe-des-starnberger-jazz-festivals-2014\/","url_meta":{"origin":16862,"position":3},"title":"Zweite Ausgabe des Starnberger SeeJazz-Festivals 2014","author":"Andreas Kolb","date":"20. Juni 2014","format":false,"excerpt":"Nach dem Debut im letzten Jahr pr\u00e4sentiert sich das Starnberger See Jazz Festival 2014 mit seiner zweiten Ausgabe. F\u00fcnf international bekannte Gruppen treten im Zeitraum vom 9. bis zum 16. August in f\u00fcnf Locations rund um den Starnberger See auf. Die Veranstaltungsorte lassen erahnen, dass die Besucher neben der Musik\u2026","rel":"","context":"In &quot;News&quot;","block_context":{"text":"News","link":"https:\/\/www.jazzzeitung.de\/cms\/thema\/nachrichten\/"},"img":{"alt_text":"SeeJazz2014Plakat","src":"https:\/\/i0.wp.com\/www.jazzzeitung.de\/cms\/wp-content\/uploads\/2014\/06\/SeeJazz2014Plakat-251x300.jpg?resize=350%2C200","width":350,"height":200},"classes":[]},{"id":20304,"url":"https:\/\/www.jazzzeitung.de\/cms\/2019\/08\/siebte-runde-jazz-am-see-starnberger-seejazz-festival-2019\/","url_meta":{"origin":16862,"position":4},"title":"Siebte Runde Jazz am See &#8211; Starnberger SeeJazz-Festival 2019","author":"Redaktion JazzZeitung","date":"7. August 2019","format":false,"excerpt":"Zum siebten Mal f\u00fcllen sich die B\u00fchnen am Starnberger See mit Musik. Vom 10. bis 17. August versammeln sich K\u00fcnstlerinnen und K\u00fcnstler mit der \u201eLiebe zur Kunst und der Begeisterung f\u00fcr Jazz\u201c. Dieses Motto f\u00fchrte den gemeinn\u00fctzigen Verein SeeJazz e.V. bereits 2012 zusammen. Insbesondere sollen die unterschiedlichen Stilrichtungen des Genres\u2026","rel":"","context":"In &quot;News&quot;","block_context":{"text":"News","link":"https:\/\/www.jazzzeitung.de\/cms\/thema\/nachrichten\/"},"img":{"alt_text":"","src":"https:\/\/i0.wp.com\/www.jazzzeitung.de\/cms\/wp-content\/uploads\/2019\/08\/Prettyboys-e1565178320802.jpg?fit=1000%2C617&ssl=1&resize=350%2C200","width":350,"height":200,"srcset":"https:\/\/i0.wp.com\/www.jazzzeitung.de\/cms\/wp-content\/uploads\/2019\/08\/Prettyboys-e1565178320802.jpg?fit=1000%2C617&ssl=1&resize=350%2C200 1x, https:\/\/i0.wp.com\/www.jazzzeitung.de\/cms\/wp-content\/uploads\/2019\/08\/Prettyboys-e1565178320802.jpg?fit=1000%2C617&ssl=1&resize=525%2C300 1.5x, https:\/\/i0.wp.com\/www.jazzzeitung.de\/cms\/wp-content\/uploads\/2019\/08\/Prettyboys-e1565178320802.jpg?fit=1000%2C617&ssl=1&resize=700%2C400 2x"},"classes":[]},{"id":31452,"url":"https:\/\/www.jazzzeitung.de\/cms\/2024\/08\/das-12-seejazz-festival-will-den-starnberger-see-zum-swingen-bringen\/","url_meta":{"origin":16862,"position":5},"title":"Das 12. \u201eSeeJazz\u201c-Festival will den Starnberger See zum Swingen bringen","author":"Redaktion JazzZeitung","date":"8. August 2024","format":false,"excerpt":"Zum 12. Mal bringt das \u201eSeeJazz\u201c-Festival Stars wie Torsten Zwingenberger, Joo Kraus, Wolfgang Haffner oder Nils Landgren an die sch\u00f6nsten Spielorte rund um den Starnberger See. 2012 schlossen sich acht Jazz-affine Macher rund um den Starnberger See, angef\u00fchrt vom Feldafinger B\u00fcrgermeister und Jazz-Fan Bernhard zum Verein \u201eSeeJazz\u201c zusammen, um \u201edem\u2026","rel":"","context":"In &quot;Bericht&quot;","block_context":{"text":"Bericht","link":"https:\/\/www.jazzzeitung.de\/cms\/thema\/bericht\/"},"img":{"alt_text":"","src":"https:\/\/i0.wp.com\/www.jazzzeitung.de\/cms\/wp-content\/uploads\/2024\/08\/JooKraus2_OliverHochkeppel210224-scaled.jpg?fit=1200%2C795&ssl=1&resize=350%2C200","width":350,"height":200,"srcset":"https:\/\/i0.wp.com\/www.jazzzeitung.de\/cms\/wp-content\/uploads\/2024\/08\/JooKraus2_OliverHochkeppel210224-scaled.jpg?fit=1200%2C795&ssl=1&resize=350%2C200 1x, https:\/\/i0.wp.com\/www.jazzzeitung.de\/cms\/wp-content\/uploads\/2024\/08\/JooKraus2_OliverHochkeppel210224-scaled.jpg?fit=1200%2C795&ssl=1&resize=525%2C300 1.5x, https:\/\/i0.wp.com\/www.jazzzeitung.de\/cms\/wp-content\/uploads\/2024\/08\/JooKraus2_OliverHochkeppel210224-scaled.jpg?fit=1200%2C795&ssl=1&resize=700%2C400 2x, https:\/\/i0.wp.com\/www.jazzzeitung.de\/cms\/wp-content\/uploads\/2024\/08\/JooKraus2_OliverHochkeppel210224-scaled.jpg?fit=1200%2C795&ssl=1&resize=1050%2C600 3x"},"classes":[]}],"jetpack_sharing_enabled":true,"_links":{"self":[{"href":"https:\/\/www.jazzzeitung.de\/cms\/wp-json\/wp\/v2\/posts\/16862","targetHints":{"allow":["GET"]}}],"collection":[{"href":"https:\/\/www.jazzzeitung.de\/cms\/wp-json\/wp\/v2\/posts"}],"about":[{"href":"https:\/\/www.jazzzeitung.de\/cms\/wp-json\/wp\/v2\/types\/post"}],"author":[{"embeddable":true,"href":"https:\/\/www.jazzzeitung.de\/cms\/wp-json\/wp\/v2\/users\/18"}],"replies":[{"embeddable":true,"href":"https:\/\/www.jazzzeitung.de\/cms\/wp-json\/wp\/v2\/comments?post=16862"}],"version-history":[{"count":5,"href":"https:\/\/www.jazzzeitung.de\/cms\/wp-json\/wp\/v2\/posts\/16862\/revisions"}],"predecessor-version":[{"id":16870,"href":"https:\/\/www.jazzzeitung.de\/cms\/wp-json\/wp\/v2\/posts\/16862\/revisions\/16870"}],"wp:featuredmedia":[{"embeddable":true,"href":"https:\/\/www.jazzzeitung.de\/cms\/wp-json\/wp\/v2\/media\/16869"}],"wp:attachment":[{"href":"https:\/\/www.jazzzeitung.de\/cms\/wp-json\/wp\/v2\/media?parent=16862"}],"wp:term":[{"taxonomy":"category","embeddable":true,"href":"https:\/\/www.jazzzeitung.de\/cms\/wp-json\/wp\/v2\/categories?post=16862"},{"taxonomy":"post_tag","embeddable":true,"href":"https:\/\/www.jazzzeitung.de\/cms\/wp-json\/wp\/v2\/tags?post=16862"},{"taxonomy":"author","embeddable":true,"href":"https:\/\/www.jazzzeitung.de\/cms\/wp-json\/wp\/v2\/coauthors?post=16862"}],"curies":[{"name":"wp","href":"https:\/\/api.w.org\/{rel}","templated":true}]}}