{"id":16621,"date":"2018-07-12T12:08:47","date_gmt":"2018-07-12T10:08:47","guid":{"rendered":"https:\/\/www.jazzzeitung.de\/cms\/?p=16621"},"modified":"2018-07-11T10:27:40","modified_gmt":"2018-07-11T08:27:40","slug":"setzt-massstaebe-ottobrunner-jazzfest-2018","status":"publish","type":"post","link":"https:\/\/www.jazzzeitung.de\/cms\/2018\/07\/setzt-massstaebe-ottobrunner-jazzfest-2018\/","title":{"rendered":"Setzt Ma\u00dfst\u00e4be: Ottobrunner Jazzfest 2018"},"content":{"rendered":"<div class=\"tiled-gallery type-rectangular tiled-gallery-unresized\" data-original-width=\"840\" data-carousel-extra='{&quot;blog_id&quot;:1,&quot;permalink&quot;:&quot;https:\\\/\\\/www.jazzzeitung.de\\\/cms\\\/2018\\\/07\\\/setzt-massstaebe-ottobrunner-jazzfest-2018\\\/&quot;,&quot;likes_blog_id&quot;:55446655}' itemscope itemtype=\"http:\/\/schema.org\/ImageGallery\" > <div class=\"gallery-row\" style=\"width: 840px; height: 593px;\" data-original-width=\"840\" data-original-height=\"593\" > <div class=\"gallery-group images-2\" style=\"width: 443px; height: 593px;\" data-original-width=\"443\" data-original-height=\"593\" > <div class=\"tiled-gallery-item tiled-gallery-item-large\" itemprop=\"associatedMedia\" itemscope itemtype=\"http:\/\/schema.org\/ImageObject\"> <a href=\"https:\/\/www.jazzzeitung.de\/cms\/2018\/07\/setzt-massstaebe-ottobrunner-jazzfest-2018\/bang-aarset-mazur-molvaer-foto-tj-krebs-jazzphotoagencyweb-de\/\" border=\"0\" itemprop=\"url\"> <meta itemprop=\"width\" content=\"439\"> <meta itemprop=\"height\" content=\"293\"> <img decoding=\"async\" class=\"\" data-attachment-id=\"16623\" data-orig-file=\"https:\/\/www.jazzzeitung.de\/cms\/wp-content\/uploads\/2018\/07\/Bang-Aarset-Mazur-Molvaer-Foto-TJ-Krebs-jazzphotoagency@web.de_.jpg\" data-orig-size=\"1800,1200\" data-comments-opened=\"1\" data-image-meta=\"{&quot;aperture&quot;:&quot;0&quot;,&quot;credit&quot;:&quot;&quot;,&quot;camera&quot;:&quot;&quot;,&quot;caption&quot;:&quot;&quot;,&quot;created_timestamp&quot;:&quot;0&quot;,&quot;copyright&quot;:&quot;&quot;,&quot;focal_length&quot;:&quot;0&quot;,&quot;iso&quot;:&quot;0&quot;,&quot;shutter_speed&quot;:&quot;0&quot;,&quot;title&quot;:&quot;&quot;,&quot;orientation&quot;:&quot;0&quot;}\" data-image-title=\"Bang, Aarset, Mazur &amp;#038; Molvaer &amp;#8211; Foto TJ Krebs jazzphotoagency@web.de\" data-image-description=\"\" data-medium-file=\"https:\/\/i0.wp.com\/www.jazzzeitung.de\/cms\/wp-content\/uploads\/2018\/07\/Bang-Aarset-Mazur-Molvaer-Foto-TJ-Krebs-jazzphotoagency%40web.de_.jpg?fit=300%2C200&#038;ssl=1\" data-large-file=\"https:\/\/i0.wp.com\/www.jazzzeitung.de\/cms\/wp-content\/uploads\/2018\/07\/Bang-Aarset-Mazur-Molvaer-Foto-TJ-Krebs-jazzphotoagency%40web.de_.jpg?fit=840%2C560&#038;ssl=1\" src=\"https:\/\/i0.wp.com\/www.jazzzeitung.de\/cms\/wp-content\/uploads\/2018\/07\/Bang-Aarset-Mazur-Molvaer-Foto-TJ-Krebs-jazzphotoagency%40web.de_.jpg?w=439&#038;h=293&#038;ssl=1\" width=\"439\" height=\"293\" loading=\"lazy\" data-original-width=\"439\" data-original-height=\"293\" itemprop=\"http:\/\/schema.org\/image\" title=\"Bang, Aarset, Mazur &amp; Molvaer - Foto TJ Krebs jazzphotoagency@web.de\" alt=\"Bang, Aarset, Mazur &amp; Molvae. Foto: TJ Krebs jazzphotoagency@web.de\" style=\"width: 439px; height: 293px;\" \/> <\/a> <div class=\"tiled-gallery-caption\" itemprop=\"caption description\"> Bang, Aarset, Mazur &#038; Molvae. Foto: TJ Krebs jazzphotoagency@web.de <\/div> <\/div> <div class=\"tiled-gallery-item tiled-gallery-item-large\" itemprop=\"associatedMedia\" itemscope itemtype=\"http:\/\/schema.org\/ImageObject\"> <a href=\"https:\/\/www.jazzzeitung.de\/cms\/2018\/07\/setzt-massstaebe-ottobrunner-jazzfest-2018\/eivind-aarset-hand-foto-tj-krebs-jazzphotoagencyweb-de\/\" border=\"0\" itemprop=\"url\"> <meta itemprop=\"width\" content=\"439\"> <meta itemprop=\"height\" content=\"292\"> <img decoding=\"async\" class=\"\" data-attachment-id=\"16624\" data-orig-file=\"https:\/\/www.jazzzeitung.de\/cms\/wp-content\/uploads\/2018\/07\/Eivind-Aarset-Hand-Foto-TJ-Krebs-jazzphotoagency@web.de_.jpg\" data-orig-size=\"1800,1200\" data-comments-opened=\"1\" data-image-meta=\"{&quot;aperture&quot;:&quot;0&quot;,&quot;credit&quot;:&quot;&quot;,&quot;camera&quot;:&quot;&quot;,&quot;caption&quot;:&quot;&quot;,&quot;created_timestamp&quot;:&quot;0&quot;,&quot;copyright&quot;:&quot;&quot;,&quot;focal_length&quot;:&quot;0&quot;,&quot;iso&quot;:&quot;0&quot;,&quot;shutter_speed&quot;:&quot;0&quot;,&quot;title&quot;:&quot;&quot;,&quot;orientation&quot;:&quot;0&quot;}\" data-image-title=\"Eivind Aarset &amp;#8211; Hand &amp;#8211; Foto TJ Krebs jazzphotoagency@web.de\" data-image-description=\"\" data-medium-file=\"https:\/\/i0.wp.com\/www.jazzzeitung.de\/cms\/wp-content\/uploads\/2018\/07\/Eivind-Aarset-Hand-Foto-TJ-Krebs-jazzphotoagency%40web.de_.jpg?fit=300%2C200&#038;ssl=1\" data-large-file=\"https:\/\/i0.wp.com\/www.jazzzeitung.de\/cms\/wp-content\/uploads\/2018\/07\/Eivind-Aarset-Hand-Foto-TJ-Krebs-jazzphotoagency%40web.de_.jpg?fit=840%2C560&#038;ssl=1\" src=\"https:\/\/i0.wp.com\/www.jazzzeitung.de\/cms\/wp-content\/uploads\/2018\/07\/Eivind-Aarset-Hand-Foto-TJ-Krebs-jazzphotoagency%40web.de_.jpg?w=439&#038;h=292&#038;ssl=1\" width=\"439\" height=\"292\" loading=\"lazy\" data-original-width=\"439\" data-original-height=\"292\" itemprop=\"http:\/\/schema.org\/image\" title=\"Eivind Aarset - Hand - Foto TJ Krebs jazzphotoagency@web.de\" alt=\"Hand: Eivind Aarset - Foto TJ Krebs jazzphotoagency@web.de.jpg\" style=\"width: 439px; height: 292px;\" \/> <\/a> <div class=\"tiled-gallery-caption\" itemprop=\"caption description\"> Hand: Eivind Aarset &#8211; Foto TJ Krebs jazzphotoagency@web.de.jpg <\/div> <\/div> <\/div> <!-- close group --> <div class=\"gallery-group images-1\" style=\"width: 397px; height: 593px;\" data-original-width=\"397\" data-original-height=\"593\" > <div class=\"tiled-gallery-item tiled-gallery-item-large\" itemprop=\"associatedMedia\" itemscope itemtype=\"http:\/\/schema.org\/ImageObject\"> <a href=\"https:\/\/www.jazzzeitung.de\/cms\/2018\/07\/setzt-massstaebe-ottobrunner-jazzfest-2018\/filigrane-gitarrenklaenge-eivind-aarset-foto-tj-krebs-jazzphotoagencyweb-de\/\" border=\"0\" itemprop=\"url\"> <meta itemprop=\"width\" content=\"393\"> <meta itemprop=\"height\" content=\"589\"> <img decoding=\"async\" class=\"\" data-attachment-id=\"16625\" data-orig-file=\"https:\/\/www.jazzzeitung.de\/cms\/wp-content\/uploads\/2018\/07\/Filigrane-Gitarrenkl\u00e4nge-Eivind-Aarset-Foto-TJ-Krebs-jazzphotoagency@web.de_.jpg\" data-orig-size=\"1200,1800\" data-comments-opened=\"1\" data-image-meta=\"{&quot;aperture&quot;:&quot;0&quot;,&quot;credit&quot;:&quot;&quot;,&quot;camera&quot;:&quot;&quot;,&quot;caption&quot;:&quot;&quot;,&quot;created_timestamp&quot;:&quot;0&quot;,&quot;copyright&quot;:&quot;&quot;,&quot;focal_length&quot;:&quot;0&quot;,&quot;iso&quot;:&quot;0&quot;,&quot;shutter_speed&quot;:&quot;0&quot;,&quot;title&quot;:&quot;&quot;,&quot;orientation&quot;:&quot;0&quot;}\" data-image-title=\"Filigrane Gitarrenkl\u00e4nge &amp;#8211; Eivind Aarset &amp;#8211; Foto TJ Krebs jazzphotoagency@web.de\" data-image-description=\"\" data-medium-file=\"https:\/\/i0.wp.com\/www.jazzzeitung.de\/cms\/wp-content\/uploads\/2018\/07\/Filigrane-Gitarrenkl%C3%A4nge-Eivind-Aarset-Foto-TJ-Krebs-jazzphotoagency%40web.de_.jpg?fit=200%2C300&#038;ssl=1\" data-large-file=\"https:\/\/i0.wp.com\/www.jazzzeitung.de\/cms\/wp-content\/uploads\/2018\/07\/Filigrane-Gitarrenkl%C3%A4nge-Eivind-Aarset-Foto-TJ-Krebs-jazzphotoagency%40web.de_.jpg?fit=400%2C600&#038;ssl=1\" src=\"https:\/\/i0.wp.com\/www.jazzzeitung.de\/cms\/wp-content\/uploads\/2018\/07\/Filigrane-Gitarrenkl%C3%A4nge-Eivind-Aarset-Foto-TJ-Krebs-jazzphotoagency%40web.de_.jpg?w=393&#038;h=589&#038;ssl=1\" width=\"393\" height=\"589\" loading=\"lazy\" data-original-width=\"393\" data-original-height=\"589\" itemprop=\"http:\/\/schema.org\/image\" title=\"Filigrane Gitarrenkl\u00e4nge - Eivind Aarset - Foto TJ Krebs jazzphotoagency@web.de\" alt=\"Filigrane Gitarrenkl\u00e4nge - Eivind Aarset - Foto TJ Krebs jazzphotoagency@web.de.jpg\" style=\"width: 393px; height: 589px;\" \/> <\/a> <div class=\"tiled-gallery-caption\" itemprop=\"caption description\"> Filigrane Gitarrenkl\u00e4nge &#8211; Eivind Aarset &#8211; Foto TJ Krebs jazzphotoagency@web.de.jpg <\/div> <\/div> <\/div> <!-- close group --> <\/div> <!-- close row --> <div class=\"gallery-row\" style=\"width: 840px; height: 388px;\" data-original-width=\"840\" data-original-height=\"388\" > <div class=\"gallery-group images-1\" style=\"width: 580px; height: 388px;\" data-original-width=\"580\" data-original-height=\"388\" > <div class=\"tiled-gallery-item tiled-gallery-item-large\" itemprop=\"associatedMedia\" itemscope itemtype=\"http:\/\/schema.org\/ImageObject\"> <a href=\"https:\/\/www.jazzzeitung.de\/cms\/2018\/07\/setzt-massstaebe-ottobrunner-jazzfest-2018\/jan-bang-im-vordergrund-n-p-molvaer-foto-tj-krebs-jazzphotoagencyweb-de\/\" border=\"0\" itemprop=\"url\"> <meta itemprop=\"width\" content=\"576\"> <meta itemprop=\"height\" content=\"384\"> <img decoding=\"async\" class=\"\" data-attachment-id=\"16626\" data-orig-file=\"https:\/\/www.jazzzeitung.de\/cms\/wp-content\/uploads\/2018\/07\/Jan-Bang-im-Vordergrund-N.P.-Molvaer-Foto-TJ-Krebs-jazzphotoagency@web.de_.jpg\" data-orig-size=\"1800,1200\" data-comments-opened=\"1\" data-image-meta=\"{&quot;aperture&quot;:&quot;0&quot;,&quot;credit&quot;:&quot;&quot;,&quot;camera&quot;:&quot;&quot;,&quot;caption&quot;:&quot;&quot;,&quot;created_timestamp&quot;:&quot;0&quot;,&quot;copyright&quot;:&quot;&quot;,&quot;focal_length&quot;:&quot;0&quot;,&quot;iso&quot;:&quot;0&quot;,&quot;shutter_speed&quot;:&quot;0&quot;,&quot;title&quot;:&quot;&quot;,&quot;orientation&quot;:&quot;0&quot;}\" data-image-title=\"Jan Bang &amp;#8211; im Vordergrund N.P. Molvaer &amp;#8211; Foto TJ Krebs jazzphotoagency@web.de\" data-image-description=\"\" data-medium-file=\"https:\/\/i0.wp.com\/www.jazzzeitung.de\/cms\/wp-content\/uploads\/2018\/07\/Jan-Bang-im-Vordergrund-N.P.-Molvaer-Foto-TJ-Krebs-jazzphotoagency%40web.de_.jpg?fit=300%2C200&#038;ssl=1\" data-large-file=\"https:\/\/i0.wp.com\/www.jazzzeitung.de\/cms\/wp-content\/uploads\/2018\/07\/Jan-Bang-im-Vordergrund-N.P.-Molvaer-Foto-TJ-Krebs-jazzphotoagency%40web.de_.jpg?fit=840%2C560&#038;ssl=1\" src=\"https:\/\/i0.wp.com\/www.jazzzeitung.de\/cms\/wp-content\/uploads\/2018\/07\/Jan-Bang-im-Vordergrund-N.P.-Molvaer-Foto-TJ-Krebs-jazzphotoagency%40web.de_.jpg?w=576&#038;h=384&#038;ssl=1\" width=\"576\" height=\"384\" loading=\"lazy\" data-original-width=\"576\" data-original-height=\"384\" itemprop=\"http:\/\/schema.org\/image\" title=\"Jan Bang - im Vordergrund N.P. Molvaer - Foto TJ Krebs jazzphotoagency@web.de\" alt=\"Jan Bang - im Vordergrund N.P. Molvaer - Foto TJ Krebs jazzphotoagency@web.de\" style=\"width: 576px; height: 384px;\" \/> <\/a> <div class=\"tiled-gallery-caption\" itemprop=\"caption description\"> Jan Bang &#8211; im Vordergrund N.P. Molvaer &#8211; Foto TJ Krebs jazzphotoagency@web.de <\/div> <\/div> <\/div> <!-- close group --> <div class=\"gallery-group images-1\" style=\"width: 260px; height: 388px;\" data-original-width=\"260\" data-original-height=\"388\" > <div class=\"tiled-gallery-item tiled-gallery-item-large\" itemprop=\"associatedMedia\" itemscope itemtype=\"http:\/\/schema.org\/ImageObject\"> <a href=\"https:\/\/www.jazzzeitung.de\/cms\/2018\/07\/setzt-massstaebe-ottobrunner-jazzfest-2018\/jan-bang-through-cymblals-foto-tj-krebs-jazzphotoagencyweb-de\/\" border=\"0\" itemprop=\"url\"> <meta itemprop=\"width\" content=\"256\"> <meta itemprop=\"height\" content=\"384\"> <img decoding=\"async\" class=\"\" data-attachment-id=\"16627\" data-orig-file=\"https:\/\/www.jazzzeitung.de\/cms\/wp-content\/uploads\/2018\/07\/Jan-Bang-through-Cymblals-Foto-TJ-Krebs-jazzphotoagency@web.de_.jpg\" data-orig-size=\"1200,1800\" data-comments-opened=\"1\" data-image-meta=\"{&quot;aperture&quot;:&quot;0&quot;,&quot;credit&quot;:&quot;&quot;,&quot;camera&quot;:&quot;&quot;,&quot;caption&quot;:&quot;&quot;,&quot;created_timestamp&quot;:&quot;0&quot;,&quot;copyright&quot;:&quot;&quot;,&quot;focal_length&quot;:&quot;0&quot;,&quot;iso&quot;:&quot;0&quot;,&quot;shutter_speed&quot;:&quot;0&quot;,&quot;title&quot;:&quot;&quot;,&quot;orientation&quot;:&quot;0&quot;}\" data-image-title=\"Jan Bang &amp;#8211; through Cymblals &amp;#8211; Foto TJ Krebs jazzphotoagency@web.de\" data-image-description=\"\" data-medium-file=\"https:\/\/i0.wp.com\/www.jazzzeitung.de\/cms\/wp-content\/uploads\/2018\/07\/Jan-Bang-through-Cymblals-Foto-TJ-Krebs-jazzphotoagency%40web.de_.jpg?fit=200%2C300&#038;ssl=1\" data-large-file=\"https:\/\/i0.wp.com\/www.jazzzeitung.de\/cms\/wp-content\/uploads\/2018\/07\/Jan-Bang-through-Cymblals-Foto-TJ-Krebs-jazzphotoagency%40web.de_.jpg?fit=400%2C600&#038;ssl=1\" src=\"https:\/\/i0.wp.com\/www.jazzzeitung.de\/cms\/wp-content\/uploads\/2018\/07\/Jan-Bang-through-Cymblals-Foto-TJ-Krebs-jazzphotoagency%40web.de_.jpg?w=256&#038;h=384&#038;ssl=1\" width=\"256\" height=\"384\" loading=\"lazy\" data-original-width=\"256\" data-original-height=\"384\" itemprop=\"http:\/\/schema.org\/image\" title=\"Jan Bang - through Cymblals - Foto TJ Krebs jazzphotoagency@web.de\" alt=\"Jan Bang. Foto: TJ Krebs jazzphotoagency@web.de\" style=\"width: 256px; height: 384px;\" \/> <\/a> <div class=\"tiled-gallery-caption\" itemprop=\"caption description\"> Jan Bang. Foto: TJ Krebs jazzphotoagency@web.de <\/div> <\/div> <\/div> <!-- close group --> <\/div> <!-- close row --> <div class=\"gallery-row\" style=\"width: 840px; height: 194px;\" data-original-width=\"840\" data-original-height=\"194\" > <div class=\"gallery-group images-1\" style=\"width: 289px; height: 194px;\" data-original-width=\"289\" data-original-height=\"194\" > <div class=\"tiled-gallery-item tiled-gallery-item-large\" itemprop=\"associatedMedia\" itemscope itemtype=\"http:\/\/schema.org\/ImageObject\"> <a href=\"https:\/\/www.jazzzeitung.de\/cms\/2018\/07\/setzt-massstaebe-ottobrunner-jazzfest-2018\/konzentriertes-spiel-n-p-molvaer-foto-tj-krebs-jazzphotoagencyweb-de\/\" border=\"0\" itemprop=\"url\"> <meta itemprop=\"width\" content=\"285\"> <meta itemprop=\"height\" content=\"190\"> <img decoding=\"async\" class=\"\" data-attachment-id=\"16628\" data-orig-file=\"https:\/\/www.jazzzeitung.de\/cms\/wp-content\/uploads\/2018\/07\/Konzentriertes-Spiel-N.P.-Molvaer-Foto-TJ-Krebs-jazzphotoagency@web.de_.jpg\" data-orig-size=\"1800,1200\" data-comments-opened=\"1\" data-image-meta=\"{&quot;aperture&quot;:&quot;0&quot;,&quot;credit&quot;:&quot;&quot;,&quot;camera&quot;:&quot;&quot;,&quot;caption&quot;:&quot;&quot;,&quot;created_timestamp&quot;:&quot;0&quot;,&quot;copyright&quot;:&quot;&quot;,&quot;focal_length&quot;:&quot;0&quot;,&quot;iso&quot;:&quot;0&quot;,&quot;shutter_speed&quot;:&quot;0&quot;,&quot;title&quot;:&quot;&quot;,&quot;orientation&quot;:&quot;0&quot;}\" data-image-title=\"Konzentriertes Spiel &amp;#8211; N.P. Molvaer &amp;#8211; Foto TJ Krebs jazzphotoagency@web.de\" data-image-description=\"\" data-medium-file=\"https:\/\/i0.wp.com\/www.jazzzeitung.de\/cms\/wp-content\/uploads\/2018\/07\/Konzentriertes-Spiel-N.P.-Molvaer-Foto-TJ-Krebs-jazzphotoagency%40web.de_.jpg?fit=300%2C200&#038;ssl=1\" data-large-file=\"https:\/\/i0.wp.com\/www.jazzzeitung.de\/cms\/wp-content\/uploads\/2018\/07\/Konzentriertes-Spiel-N.P.-Molvaer-Foto-TJ-Krebs-jazzphotoagency%40web.de_.jpg?fit=840%2C560&#038;ssl=1\" src=\"https:\/\/i0.wp.com\/www.jazzzeitung.de\/cms\/wp-content\/uploads\/2018\/07\/Konzentriertes-Spiel-N.P.-Molvaer-Foto-TJ-Krebs-jazzphotoagency%40web.de_.jpg?w=285&#038;h=190&#038;ssl=1\" width=\"285\" height=\"190\" loading=\"lazy\" data-original-width=\"285\" data-original-height=\"190\" itemprop=\"http:\/\/schema.org\/image\" title=\"Konzentriertes Spiel - N.P. Molvaer - Foto TJ Krebs jazzphotoagency@web.de\" alt=\"N.P. Molvaer. Foto: TJ Krebs jazzphotoagency@web.de\" style=\"width: 285px; height: 190px;\" \/> <\/a> <div class=\"tiled-gallery-caption\" itemprop=\"caption description\"> N.P. Molvaer. Foto: TJ Krebs jazzphotoagency@web.de <\/div> <\/div> <\/div> <!-- close group --> <div class=\"gallery-group images-1\" style=\"width: 289px; height: 194px;\" data-original-width=\"289\" data-original-height=\"194\" > <div class=\"tiled-gallery-item tiled-gallery-item-large\" itemprop=\"associatedMedia\" itemscope itemtype=\"http:\/\/schema.org\/ImageObject\"> <a href=\"https:\/\/www.jazzzeitung.de\/cms\/2018\/07\/setzt-massstaebe-ottobrunner-jazzfest-2018\/marilyn-mazur-an-verschiedensten-cymbals-foto-tj-krebs-jazzphotoagencyweb-de\/\" border=\"0\" itemprop=\"url\"> <meta itemprop=\"width\" content=\"285\"> <meta itemprop=\"height\" content=\"190\"> <img decoding=\"async\" class=\"\" data-attachment-id=\"16629\" data-orig-file=\"https:\/\/www.jazzzeitung.de\/cms\/wp-content\/uploads\/2018\/07\/Marilyn-Mazur-an-verschiedensten-Cymbals-Foto-TJ-Krebs-jazzphotoagency@web.de_.jpg\" data-orig-size=\"1800,1200\" data-comments-opened=\"1\" data-image-meta=\"{&quot;aperture&quot;:&quot;0&quot;,&quot;credit&quot;:&quot;&quot;,&quot;camera&quot;:&quot;&quot;,&quot;caption&quot;:&quot;&quot;,&quot;created_timestamp&quot;:&quot;0&quot;,&quot;copyright&quot;:&quot;&quot;,&quot;focal_length&quot;:&quot;0&quot;,&quot;iso&quot;:&quot;0&quot;,&quot;shutter_speed&quot;:&quot;0&quot;,&quot;title&quot;:&quot;&quot;,&quot;orientation&quot;:&quot;0&quot;}\" data-image-title=\"Marilyn Mazur an verschiedensten Cymbals &amp;#8211; Foto TJ Krebs jazzphotoagency@web.de\" data-image-description=\"\" data-medium-file=\"https:\/\/i0.wp.com\/www.jazzzeitung.de\/cms\/wp-content\/uploads\/2018\/07\/Marilyn-Mazur-an-verschiedensten-Cymbals-Foto-TJ-Krebs-jazzphotoagency%40web.de_.jpg?fit=300%2C200&#038;ssl=1\" data-large-file=\"https:\/\/i0.wp.com\/www.jazzzeitung.de\/cms\/wp-content\/uploads\/2018\/07\/Marilyn-Mazur-an-verschiedensten-Cymbals-Foto-TJ-Krebs-jazzphotoagency%40web.de_.jpg?fit=840%2C560&#038;ssl=1\" src=\"https:\/\/i0.wp.com\/www.jazzzeitung.de\/cms\/wp-content\/uploads\/2018\/07\/Marilyn-Mazur-an-verschiedensten-Cymbals-Foto-TJ-Krebs-jazzphotoagency%40web.de_.jpg?w=285&#038;h=190&#038;ssl=1\" width=\"285\" height=\"190\" loading=\"lazy\" data-original-width=\"285\" data-original-height=\"190\" itemprop=\"http:\/\/schema.org\/image\" title=\"Marilyn Mazur an verschiedensten Cymbals - Foto TJ Krebs jazzphotoagency@web.de\" alt=\"Marilyn Mazur an verschiedensten Cymbals. Foto: TJ Krebs jazzphotoagency@web.de\" style=\"width: 285px; height: 190px;\" \/> <\/a> <div class=\"tiled-gallery-caption\" itemprop=\"caption description\"> Marilyn Mazur an verschiedensten Cymbals. Foto: TJ Krebs jazzphotoagency@web.de <\/div> <\/div> <\/div> <!-- close group --> <div class=\"gallery-group images-1\" style=\"width: 131px; height: 194px;\" data-original-width=\"131\" data-original-height=\"194\" > <div class=\"tiled-gallery-item tiled-gallery-item-small\" itemprop=\"associatedMedia\" itemscope itemtype=\"http:\/\/schema.org\/ImageObject\"> <a href=\"https:\/\/www.jazzzeitung.de\/cms\/2018\/07\/setzt-massstaebe-ottobrunner-jazzfest-2018\/marilyn-mazur-in-aktion-foto-tj-krebs-jazzphotoagencyweb-de\/\" border=\"0\" itemprop=\"url\"> <meta itemprop=\"width\" content=\"127\"> <meta itemprop=\"height\" content=\"190\"> <img decoding=\"async\" class=\"\" data-attachment-id=\"16630\" data-orig-file=\"https:\/\/www.jazzzeitung.de\/cms\/wp-content\/uploads\/2018\/07\/Marilyn-Mazur-in-Aktion-Foto-TJ-Krebs-jazzphotoagency@web.de_.jpg\" data-orig-size=\"1200,1800\" data-comments-opened=\"1\" data-image-meta=\"{&quot;aperture&quot;:&quot;0&quot;,&quot;credit&quot;:&quot;&quot;,&quot;camera&quot;:&quot;&quot;,&quot;caption&quot;:&quot;&quot;,&quot;created_timestamp&quot;:&quot;0&quot;,&quot;copyright&quot;:&quot;&quot;,&quot;focal_length&quot;:&quot;0&quot;,&quot;iso&quot;:&quot;0&quot;,&quot;shutter_speed&quot;:&quot;0&quot;,&quot;title&quot;:&quot;&quot;,&quot;orientation&quot;:&quot;0&quot;}\" data-image-title=\"Marilyn Mazur in Aktion &amp;#8211; Foto TJ Krebs jazzphotoagency@web.de\" data-image-description=\"\" data-medium-file=\"https:\/\/i0.wp.com\/www.jazzzeitung.de\/cms\/wp-content\/uploads\/2018\/07\/Marilyn-Mazur-in-Aktion-Foto-TJ-Krebs-jazzphotoagency%40web.de_.jpg?fit=200%2C300&#038;ssl=1\" data-large-file=\"https:\/\/i0.wp.com\/www.jazzzeitung.de\/cms\/wp-content\/uploads\/2018\/07\/Marilyn-Mazur-in-Aktion-Foto-TJ-Krebs-jazzphotoagency%40web.de_.jpg?fit=400%2C600&#038;ssl=1\" src=\"https:\/\/i0.wp.com\/www.jazzzeitung.de\/cms\/wp-content\/uploads\/2018\/07\/Marilyn-Mazur-in-Aktion-Foto-TJ-Krebs-jazzphotoagency%40web.de_.jpg?w=127&#038;h=190&#038;ssl=1\" width=\"127\" height=\"190\" loading=\"lazy\" data-original-width=\"127\" data-original-height=\"190\" itemprop=\"http:\/\/schema.org\/image\" title=\"Marilyn Mazur in Aktion - Foto TJ Krebs jazzphotoagency@web.de\" alt=\"Marilyn Mazur. Foto: TJ Krebs jazzphotoagency@web.de\" style=\"width: 127px; height: 190px;\" \/> <\/a> <div class=\"tiled-gallery-caption\" itemprop=\"caption description\"> Marilyn Mazur. Foto: TJ Krebs jazzphotoagency@web.de <\/div> <\/div> <\/div> <!-- close group --> <div class=\"gallery-group images-1\" style=\"width: 131px; height: 194px;\" data-original-width=\"131\" data-original-height=\"194\" > <div class=\"tiled-gallery-item tiled-gallery-item-small\" itemprop=\"associatedMedia\" itemscope itemtype=\"http:\/\/schema.org\/ImageObject\"> <a href=\"https:\/\/www.jazzzeitung.de\/cms\/2018\/07\/setzt-massstaebe-ottobrunner-jazzfest-2018\/n-p-molvaer-an-der-trompete-foto-tj-krebs-jazzphotoagencyweb-de\/\" border=\"0\" itemprop=\"url\"> <meta itemprop=\"width\" content=\"127\"> <meta itemprop=\"height\" content=\"190\"> <img decoding=\"async\" class=\"\" data-attachment-id=\"16632\" data-orig-file=\"https:\/\/www.jazzzeitung.de\/cms\/wp-content\/uploads\/2018\/07\/N.P.-Molvaer-an-der-Trompete-Foto-TJ-Krebs-jazzphotoagency@web.de_.jpg\" data-orig-size=\"1200,1800\" data-comments-opened=\"1\" data-image-meta=\"{&quot;aperture&quot;:&quot;0&quot;,&quot;credit&quot;:&quot;&quot;,&quot;camera&quot;:&quot;&quot;,&quot;caption&quot;:&quot;&quot;,&quot;created_timestamp&quot;:&quot;0&quot;,&quot;copyright&quot;:&quot;&quot;,&quot;focal_length&quot;:&quot;0&quot;,&quot;iso&quot;:&quot;0&quot;,&quot;shutter_speed&quot;:&quot;0&quot;,&quot;title&quot;:&quot;&quot;,&quot;orientation&quot;:&quot;0&quot;}\" data-image-title=\"N.P. Molvaer an der Trompete &amp;#8211; Foto TJ Krebs jazzphotoagency@web.de\" data-image-description=\"\" data-medium-file=\"https:\/\/i0.wp.com\/www.jazzzeitung.de\/cms\/wp-content\/uploads\/2018\/07\/N.P.-Molvaer-an-der-Trompete-Foto-TJ-Krebs-jazzphotoagency%40web.de_.jpg?fit=200%2C300&#038;ssl=1\" data-large-file=\"https:\/\/i0.wp.com\/www.jazzzeitung.de\/cms\/wp-content\/uploads\/2018\/07\/N.P.-Molvaer-an-der-Trompete-Foto-TJ-Krebs-jazzphotoagency%40web.de_.jpg?fit=400%2C600&#038;ssl=1\" src=\"https:\/\/i0.wp.com\/www.jazzzeitung.de\/cms\/wp-content\/uploads\/2018\/07\/N.P.-Molvaer-an-der-Trompete-Foto-TJ-Krebs-jazzphotoagency%40web.de_.jpg?w=127&#038;h=190&#038;ssl=1\" width=\"127\" height=\"190\" loading=\"lazy\" data-original-width=\"127\" data-original-height=\"190\" itemprop=\"http:\/\/schema.org\/image\" title=\"N.P. Molvaer an der Trompete - Foto TJ Krebs jazzphotoagency@web.de\" alt=\"N.P. Molvaer. Foto: TJ Krebs jazzphotoagency@web.de\" style=\"width: 127px; height: 190px;\" \/> <\/a> <div class=\"tiled-gallery-caption\" itemprop=\"caption description\"> N.P. Molvaer. Foto: TJ Krebs jazzphotoagency@web.de <\/div> <\/div> <\/div> <!-- close group --> <\/div> <!-- close row --> <\/div>\n<p>Im Rahmen des 2. Ottobrunner Jazzfests spielte ein ungemein spannendes Quartett auf und zog das Publikum mit einem komplett improvisierten Programm in seinen Bann. Die Perkussionistin Marilyn Mazur, Gitarrent\u00fcftler Eivind Aarset, Nils Petter Molvaer an der Trompete und Jang Bang mit Live-Samples bewiesen eindrucksvoll, dass ein Zusammenspiel im Quartett auch ohne Absprachen, Kompositionen oder Jazz-Standards funktioniert, wenn man auf den anderen h\u00f6rt, dessen Ideen aufnimmt und dabei gleichzeitig alles im Fluss bleibt. Nat\u00fcrlich braucht auch so eine Entwicklung Zeit. Viele Konzerte, Produktionen und gemeinsame Erfahrungen verbinden diese vier Ausnahmemusiker, die klanglich immer wieder aus dem Vollen sch\u00f6pfen und damit neue Wege gehen. Der Konzertsaal im Ottobrunner Wolf-Ferrari- Haus mit seiner wunderbaren Akustik war wie geschaffen f\u00fcr dieses wunderbare Klangabenteuer.<\/p>\n<p>Thomas J. Krebs hat mit seiner Kamera fesselnde Momente des Abends eingefangen.<\/p>\n<p>Fotos &amp; Text: Thomas J. Krebs<\/p>\n","protected":false},"excerpt":{"rendered":"<p>Im Rahmen des 2. Ottobrunner Jazzfests spielte ein ungemein spannendes Quartett auf und zog das Publikum mit einem komplett improvisierten Programm in seinen Bann. Die Perkussionistin Marilyn Mazur, Gitarrent\u00fcftler Eivind Aarset, Nils Petter Molvaer an der Trompete und Jang Bang mit Live-Samples bewiesen eindrucksvoll, dass ein Zusammenspiel im Quartett auch ohne Absprachen, Kompositionen oder Jazz-Standards funktioniert, wenn man auf den anderen h\u00f6rt, dessen Ideen aufnimmt und dabei gleichzeitig alles im Fluss bleibt. Nat\u00fcrlich braucht auch so eine Entwicklung Zeit. Viele Konzerte, Produktionen und gemeinsame Erfahrungen verbinden diese vier Ausnahmemusiker, die klanglich immer wieder aus dem Vollen sch\u00f6pfen und damit neue Wege gehen. Der Konzertsaal im Ottobrunner Wolf-Ferrari- Haus mit seiner wunderbaren Akustik war wie geschaffen f\u00fcr dieses wunderbare Klangabenteuer. Thomas J. Krebs hat mit seiner Kamera fesselnde Momente des Abends eingefangen. Fotos &amp; Text: Thomas J. Krebs<\/p>\n","protected":false},"author":18,"featured_media":16623,"comment_status":"open","ping_status":"closed","sticky":false,"template":"","format":"standard","meta":{"_jetpack_memberships_contains_paid_content":false,"footnotes":"","jetpack_publicize_message":"","jetpack_publicize_feature_enabled":true,"jetpack_social_post_already_shared":false,"jetpack_social_options":{"image_generator_settings":{"template":"highway","default_image_id":0,"font":"","enabled":false},"version":2}},"categories":[1053,652],"tags":[1959,1667,1911,1876,751,323,1418,1672,419,1965,1260],"coauthors":[695,1602],"class_list":["post-16621","post","type-post","status-publish","format-standard","has-post-thumbnail","hentry","category-bericht","category-galerie","tag-1959","tag-eivind-aarset","tag-fotos","tag-jazz","tag-jazzfest","tag-konzerte","tag-krebs","tag-live","tag-nils-petter-molvaer","tag-quartett","tag-thomas-j-krebs"],"yoast_head":"<!-- This site is optimized with the Yoast SEO plugin v27.5 - https:\/\/yoast.com\/product\/yoast-seo-wordpress\/ -->\n<title>Setzt Ma\u00dfst\u00e4be: Ottobrunner Jazzfest 2018 - JazzZeitung<\/title>\n<meta name=\"robots\" content=\"index, follow, max-snippet:-1, max-image-preview:large, max-video-preview:-1\" \/>\n<link rel=\"canonical\" href=\"https:\/\/www.jazzzeitung.de\/cms\/2018\/07\/setzt-massstaebe-ottobrunner-jazzfest-2018\/\" \/>\n<meta property=\"og:locale\" content=\"de_DE\" \/>\n<meta property=\"og:type\" content=\"article\" \/>\n<meta property=\"og:title\" content=\"Setzt Ma\u00dfst\u00e4be: Ottobrunner Jazzfest 2018 - JazzZeitung\" \/>\n<meta property=\"og:description\" content=\"Im Rahmen des 2. Ottobrunner Jazzfests spielte ein ungemein spannendes Quartett auf und zog das Publikum mit einem komplett improvisierten Programm in seinen Bann. Die Perkussionistin Marilyn Mazur, Gitarrent\u00fcftler Eivind Aarset, Nils Petter Molvaer an der Trompete und Jang Bang mit Live-Samples bewiesen eindrucksvoll, dass ein Zusammenspiel im Quartett auch ohne Absprachen, Kompositionen oder Jazz-Standards funktioniert, wenn man auf den anderen h\u00f6rt, dessen Ideen aufnimmt und dabei gleichzeitig alles im Fluss bleibt. Nat\u00fcrlich braucht auch so eine Entwicklung Zeit. Viele Konzerte, Produktionen und gemeinsame Erfahrungen verbinden diese vier Ausnahmemusiker, die klanglich immer wieder aus dem Vollen sch\u00f6pfen und damit neue Wege gehen. Der Konzertsaal im Ottobrunner Wolf-Ferrari- Haus mit seiner wunderbaren Akustik war wie geschaffen f\u00fcr dieses wunderbare Klangabenteuer. Thomas J. Krebs hat mit seiner Kamera fesselnde Momente des Abends eingefangen. Fotos &amp; Text: Thomas J. Krebs\" \/>\n<meta property=\"og:url\" content=\"https:\/\/www.jazzzeitung.de\/cms\/2018\/07\/setzt-massstaebe-ottobrunner-jazzfest-2018\/\" \/>\n<meta property=\"og:site_name\" content=\"JazzZeitung\" \/>\n<meta property=\"article:publisher\" content=\"https:\/\/www.facebook.com\/JazzZeitung\/\" \/>\n<meta property=\"article:published_time\" content=\"2018-07-12T10:08:47+00:00\" \/>\n<meta property=\"og:image\" content=\"https:\/\/i0.wp.com\/www.jazzzeitung.de\/cms\/wp-content\/uploads\/2018\/07\/Bang-Aarset-Mazur-Molvaer-Foto-TJ-Krebs-jazzphotoagency@web.de_.jpg?fit=1800%2C1200&ssl=1\" \/>\n\t<meta property=\"og:image:width\" content=\"1800\" \/>\n\t<meta property=\"og:image:height\" content=\"1200\" \/>\n\t<meta property=\"og:image:type\" content=\"image\/jpeg\" \/>\n<meta name=\"author\" content=\"Redaktion JazzZeitung, Thomas J. Krebs\" \/>\n<script type=\"application\/ld+json\" class=\"yoast-schema-graph\">{\"@context\":\"https:\\\/\\\/schema.org\",\"@graph\":[{\"@type\":\"Article\",\"@id\":\"https:\\\/\\\/www.jazzzeitung.de\\\/cms\\\/2018\\\/07\\\/setzt-massstaebe-ottobrunner-jazzfest-2018\\\/#article\",\"isPartOf\":{\"@id\":\"https:\\\/\\\/www.jazzzeitung.de\\\/cms\\\/2018\\\/07\\\/setzt-massstaebe-ottobrunner-jazzfest-2018\\\/\"},\"author\":{\"name\":\"Redaktion JazzZeitung\",\"@id\":\"https:\\\/\\\/www.jazzzeitung.de\\\/cms\\\/#\\\/schema\\\/person\\\/2245b36b9cd1d24cea10f01c031fb92b\"},\"headline\":\"Setzt Ma\u00dfst\u00e4be: Ottobrunner Jazzfest 2018\",\"datePublished\":\"2018-07-12T10:08:47+00:00\",\"mainEntityOfPage\":{\"@id\":\"https:\\\/\\\/www.jazzzeitung.de\\\/cms\\\/2018\\\/07\\\/setzt-massstaebe-ottobrunner-jazzfest-2018\\\/\"},\"wordCount\":151,\"commentCount\":0,\"publisher\":{\"@id\":\"https:\\\/\\\/www.jazzzeitung.de\\\/cms\\\/#organization\"},\"image\":{\"@id\":\"https:\\\/\\\/www.jazzzeitung.de\\\/cms\\\/2018\\\/07\\\/setzt-massstaebe-ottobrunner-jazzfest-2018\\\/#primaryimage\"},\"thumbnailUrl\":\"https:\\\/\\\/i0.wp.com\\\/www.jazzzeitung.de\\\/cms\\\/wp-content\\\/uploads\\\/2018\\\/07\\\/Bang-Aarset-Mazur-Molvaer-Foto-TJ-Krebs-jazzphotoagency%40web.de_.jpg?fit=1800%2C1200&ssl=1\",\"keywords\":[\"2018\",\"Eivind Aarset\",\"Fotos\",\"Jazz\",\"Jazzfest\",\"Konzerte\",\"krebs\",\"Live\",\"Nils Petter Molvaer\",\"Quartett\",\"Thomas J. Krebs\"],\"articleSection\":[\"Bericht\",\"Galerie\"],\"inLanguage\":\"de\",\"potentialAction\":[{\"@type\":\"CommentAction\",\"name\":\"Comment\",\"target\":[\"https:\\\/\\\/www.jazzzeitung.de\\\/cms\\\/2018\\\/07\\\/setzt-massstaebe-ottobrunner-jazzfest-2018\\\/#respond\"]}]},{\"@type\":\"WebPage\",\"@id\":\"https:\\\/\\\/www.jazzzeitung.de\\\/cms\\\/2018\\\/07\\\/setzt-massstaebe-ottobrunner-jazzfest-2018\\\/\",\"url\":\"https:\\\/\\\/www.jazzzeitung.de\\\/cms\\\/2018\\\/07\\\/setzt-massstaebe-ottobrunner-jazzfest-2018\\\/\",\"name\":\"Setzt Ma\u00dfst\u00e4be: Ottobrunner Jazzfest 2018 - JazzZeitung\",\"isPartOf\":{\"@id\":\"https:\\\/\\\/www.jazzzeitung.de\\\/cms\\\/#website\"},\"primaryImageOfPage\":{\"@id\":\"https:\\\/\\\/www.jazzzeitung.de\\\/cms\\\/2018\\\/07\\\/setzt-massstaebe-ottobrunner-jazzfest-2018\\\/#primaryimage\"},\"image\":{\"@id\":\"https:\\\/\\\/www.jazzzeitung.de\\\/cms\\\/2018\\\/07\\\/setzt-massstaebe-ottobrunner-jazzfest-2018\\\/#primaryimage\"},\"thumbnailUrl\":\"https:\\\/\\\/i0.wp.com\\\/www.jazzzeitung.de\\\/cms\\\/wp-content\\\/uploads\\\/2018\\\/07\\\/Bang-Aarset-Mazur-Molvaer-Foto-TJ-Krebs-jazzphotoagency%40web.de_.jpg?fit=1800%2C1200&ssl=1\",\"datePublished\":\"2018-07-12T10:08:47+00:00\",\"breadcrumb\":{\"@id\":\"https:\\\/\\\/www.jazzzeitung.de\\\/cms\\\/2018\\\/07\\\/setzt-massstaebe-ottobrunner-jazzfest-2018\\\/#breadcrumb\"},\"inLanguage\":\"de\",\"potentialAction\":[{\"@type\":\"ReadAction\",\"target\":[\"https:\\\/\\\/www.jazzzeitung.de\\\/cms\\\/2018\\\/07\\\/setzt-massstaebe-ottobrunner-jazzfest-2018\\\/\"]}]},{\"@type\":\"ImageObject\",\"inLanguage\":\"de\",\"@id\":\"https:\\\/\\\/www.jazzzeitung.de\\\/cms\\\/2018\\\/07\\\/setzt-massstaebe-ottobrunner-jazzfest-2018\\\/#primaryimage\",\"url\":\"https:\\\/\\\/i0.wp.com\\\/www.jazzzeitung.de\\\/cms\\\/wp-content\\\/uploads\\\/2018\\\/07\\\/Bang-Aarset-Mazur-Molvaer-Foto-TJ-Krebs-jazzphotoagency%40web.de_.jpg?fit=1800%2C1200&ssl=1\",\"contentUrl\":\"https:\\\/\\\/i0.wp.com\\\/www.jazzzeitung.de\\\/cms\\\/wp-content\\\/uploads\\\/2018\\\/07\\\/Bang-Aarset-Mazur-Molvaer-Foto-TJ-Krebs-jazzphotoagency%40web.de_.jpg?fit=1800%2C1200&ssl=1\",\"width\":1800,\"height\":1200,\"caption\":\"Bang, Aarset, Mazur & Molvae. Foto: TJ Krebs jazzphotoagency@web.de\"},{\"@type\":\"BreadcrumbList\",\"@id\":\"https:\\\/\\\/www.jazzzeitung.de\\\/cms\\\/2018\\\/07\\\/setzt-massstaebe-ottobrunner-jazzfest-2018\\\/#breadcrumb\",\"itemListElement\":[{\"@type\":\"ListItem\",\"position\":1,\"name\":\"Startseite\",\"item\":\"https:\\\/\\\/www.jazzzeitung.de\\\/cms\\\/\"},{\"@type\":\"ListItem\",\"position\":2,\"name\":\"Setzt Ma\u00dfst\u00e4be: Ottobrunner Jazzfest 2018\"}]},{\"@type\":\"WebSite\",\"@id\":\"https:\\\/\\\/www.jazzzeitung.de\\\/cms\\\/#website\",\"url\":\"https:\\\/\\\/www.jazzzeitung.de\\\/cms\\\/\",\"name\":\"JazzZeitung\",\"description\":\"Jazz-News und Jazz-Kontroverses\",\"publisher\":{\"@id\":\"https:\\\/\\\/www.jazzzeitung.de\\\/cms\\\/#organization\"},\"potentialAction\":[{\"@type\":\"SearchAction\",\"target\":{\"@type\":\"EntryPoint\",\"urlTemplate\":\"https:\\\/\\\/www.jazzzeitung.de\\\/cms\\\/?s={search_term_string}\"},\"query-input\":{\"@type\":\"PropertyValueSpecification\",\"valueRequired\":true,\"valueName\":\"search_term_string\"}}],\"inLanguage\":\"de\"},{\"@type\":\"Organization\",\"@id\":\"https:\\\/\\\/www.jazzzeitung.de\\\/cms\\\/#organization\",\"name\":\"JazzZeitung online\",\"url\":\"https:\\\/\\\/www.jazzzeitung.de\\\/cms\\\/\",\"logo\":{\"@type\":\"ImageObject\",\"inLanguage\":\"de\",\"@id\":\"https:\\\/\\\/www.jazzzeitung.de\\\/cms\\\/#\\\/schema\\\/logo\\\/image\\\/\",\"url\":\"https:\\\/\\\/i0.wp.com\\\/www.jazzzeitung.de\\\/cms\\\/wp-content\\\/uploads\\\/2015\\\/08\\\/JAZZZEITUNGDE_Logo_Neu.png?fit=499%2C200&ssl=1\",\"contentUrl\":\"https:\\\/\\\/i0.wp.com\\\/www.jazzzeitung.de\\\/cms\\\/wp-content\\\/uploads\\\/2015\\\/08\\\/JAZZZEITUNGDE_Logo_Neu.png?fit=499%2C200&ssl=1\",\"width\":499,\"height\":200,\"caption\":\"JazzZeitung online\"},\"image\":{\"@id\":\"https:\\\/\\\/www.jazzzeitung.de\\\/cms\\\/#\\\/schema\\\/logo\\\/image\\\/\"},\"sameAs\":[\"https:\\\/\\\/www.facebook.com\\\/JazzZeitung\\\/\"]},{\"@type\":\"Person\",\"@id\":\"https:\\\/\\\/www.jazzzeitung.de\\\/cms\\\/#\\\/schema\\\/person\\\/2245b36b9cd1d24cea10f01c031fb92b\",\"name\":\"Redaktion JazzZeitung\",\"image\":{\"@type\":\"ImageObject\",\"inLanguage\":\"de\",\"@id\":\"https:\\\/\\\/i0.wp.com\\\/www.jazzzeitung.de\\\/cms\\\/wp-content\\\/uploads\\\/2015\\\/08\\\/JAZZZEITUNGDE_Logo_Neu.png?resize=96%2C96&ssl=159975dcacb611b5700bd619b5daf0a7a\",\"url\":\"https:\\\/\\\/i0.wp.com\\\/www.jazzzeitung.de\\\/cms\\\/wp-content\\\/uploads\\\/2015\\\/08\\\/JAZZZEITUNGDE_Logo_Neu.png?resize=96%2C96&ssl=1\",\"contentUrl\":\"https:\\\/\\\/i0.wp.com\\\/www.jazzzeitung.de\\\/cms\\\/wp-content\\\/uploads\\\/2015\\\/08\\\/JAZZZEITUNGDE_Logo_Neu.png?resize=96%2C96&ssl=1\",\"caption\":\"Redaktion JazzZeitung\"},\"description\":\"Artikel der Redaktion der JazzZeitung.\",\"sameAs\":[\"http:\\\/\\\/www.jazzzeitung.de\\\/cms\\\/\"],\"url\":\"https:\\\/\\\/www.jazzzeitung.de\\\/cms\\\/author\\\/redaktion\\\/\"}]}<\/script>\n<!-- \/ Yoast SEO plugin. -->","yoast_head_json":{"title":"Setzt Ma\u00dfst\u00e4be: Ottobrunner Jazzfest 2018 - JazzZeitung","robots":{"index":"index","follow":"follow","max-snippet":"max-snippet:-1","max-image-preview":"max-image-preview:large","max-video-preview":"max-video-preview:-1"},"canonical":"https:\/\/www.jazzzeitung.de\/cms\/2018\/07\/setzt-massstaebe-ottobrunner-jazzfest-2018\/","og_locale":"de_DE","og_type":"article","og_title":"Setzt Ma\u00dfst\u00e4be: Ottobrunner Jazzfest 2018 - JazzZeitung","og_description":"Im Rahmen des 2. Ottobrunner Jazzfests spielte ein ungemein spannendes Quartett auf und zog das Publikum mit einem komplett improvisierten Programm in seinen Bann. Die Perkussionistin Marilyn Mazur, Gitarrent\u00fcftler Eivind Aarset, Nils Petter Molvaer an der Trompete und Jang Bang mit Live-Samples bewiesen eindrucksvoll, dass ein Zusammenspiel im Quartett auch ohne Absprachen, Kompositionen oder Jazz-Standards funktioniert, wenn man auf den anderen h\u00f6rt, dessen Ideen aufnimmt und dabei gleichzeitig alles im Fluss bleibt. Nat\u00fcrlich braucht auch so eine Entwicklung Zeit. Viele Konzerte, Produktionen und gemeinsame Erfahrungen verbinden diese vier Ausnahmemusiker, die klanglich immer wieder aus dem Vollen sch\u00f6pfen und damit neue Wege gehen. Der Konzertsaal im Ottobrunner Wolf-Ferrari- Haus mit seiner wunderbaren Akustik war wie geschaffen f\u00fcr dieses wunderbare Klangabenteuer. Thomas J. Krebs hat mit seiner Kamera fesselnde Momente des Abends eingefangen. Fotos &amp; Text: Thomas J. Krebs","og_url":"https:\/\/www.jazzzeitung.de\/cms\/2018\/07\/setzt-massstaebe-ottobrunner-jazzfest-2018\/","og_site_name":"JazzZeitung","article_publisher":"https:\/\/www.facebook.com\/JazzZeitung\/","article_published_time":"2018-07-12T10:08:47+00:00","og_image":[{"width":1800,"height":1200,"url":"https:\/\/i0.wp.com\/www.jazzzeitung.de\/cms\/wp-content\/uploads\/2018\/07\/Bang-Aarset-Mazur-Molvaer-Foto-TJ-Krebs-jazzphotoagency@web.de_.jpg?fit=1800%2C1200&ssl=1","type":"image\/jpeg"}],"author":"Redaktion JazzZeitung, Thomas J. Krebs","schema":{"@context":"https:\/\/schema.org","@graph":[{"@type":"Article","@id":"https:\/\/www.jazzzeitung.de\/cms\/2018\/07\/setzt-massstaebe-ottobrunner-jazzfest-2018\/#article","isPartOf":{"@id":"https:\/\/www.jazzzeitung.de\/cms\/2018\/07\/setzt-massstaebe-ottobrunner-jazzfest-2018\/"},"author":{"name":"Redaktion JazzZeitung","@id":"https:\/\/www.jazzzeitung.de\/cms\/#\/schema\/person\/2245b36b9cd1d24cea10f01c031fb92b"},"headline":"Setzt Ma\u00dfst\u00e4be: Ottobrunner Jazzfest 2018","datePublished":"2018-07-12T10:08:47+00:00","mainEntityOfPage":{"@id":"https:\/\/www.jazzzeitung.de\/cms\/2018\/07\/setzt-massstaebe-ottobrunner-jazzfest-2018\/"},"wordCount":151,"commentCount":0,"publisher":{"@id":"https:\/\/www.jazzzeitung.de\/cms\/#organization"},"image":{"@id":"https:\/\/www.jazzzeitung.de\/cms\/2018\/07\/setzt-massstaebe-ottobrunner-jazzfest-2018\/#primaryimage"},"thumbnailUrl":"https:\/\/i0.wp.com\/www.jazzzeitung.de\/cms\/wp-content\/uploads\/2018\/07\/Bang-Aarset-Mazur-Molvaer-Foto-TJ-Krebs-jazzphotoagency%40web.de_.jpg?fit=1800%2C1200&ssl=1","keywords":["2018","Eivind Aarset","Fotos","Jazz","Jazzfest","Konzerte","krebs","Live","Nils Petter Molvaer","Quartett","Thomas J. Krebs"],"articleSection":["Bericht","Galerie"],"inLanguage":"de","potentialAction":[{"@type":"CommentAction","name":"Comment","target":["https:\/\/www.jazzzeitung.de\/cms\/2018\/07\/setzt-massstaebe-ottobrunner-jazzfest-2018\/#respond"]}]},{"@type":"WebPage","@id":"https:\/\/www.jazzzeitung.de\/cms\/2018\/07\/setzt-massstaebe-ottobrunner-jazzfest-2018\/","url":"https:\/\/www.jazzzeitung.de\/cms\/2018\/07\/setzt-massstaebe-ottobrunner-jazzfest-2018\/","name":"Setzt Ma\u00dfst\u00e4be: Ottobrunner Jazzfest 2018 - JazzZeitung","isPartOf":{"@id":"https:\/\/www.jazzzeitung.de\/cms\/#website"},"primaryImageOfPage":{"@id":"https:\/\/www.jazzzeitung.de\/cms\/2018\/07\/setzt-massstaebe-ottobrunner-jazzfest-2018\/#primaryimage"},"image":{"@id":"https:\/\/www.jazzzeitung.de\/cms\/2018\/07\/setzt-massstaebe-ottobrunner-jazzfest-2018\/#primaryimage"},"thumbnailUrl":"https:\/\/i0.wp.com\/www.jazzzeitung.de\/cms\/wp-content\/uploads\/2018\/07\/Bang-Aarset-Mazur-Molvaer-Foto-TJ-Krebs-jazzphotoagency%40web.de_.jpg?fit=1800%2C1200&ssl=1","datePublished":"2018-07-12T10:08:47+00:00","breadcrumb":{"@id":"https:\/\/www.jazzzeitung.de\/cms\/2018\/07\/setzt-massstaebe-ottobrunner-jazzfest-2018\/#breadcrumb"},"inLanguage":"de","potentialAction":[{"@type":"ReadAction","target":["https:\/\/www.jazzzeitung.de\/cms\/2018\/07\/setzt-massstaebe-ottobrunner-jazzfest-2018\/"]}]},{"@type":"ImageObject","inLanguage":"de","@id":"https:\/\/www.jazzzeitung.de\/cms\/2018\/07\/setzt-massstaebe-ottobrunner-jazzfest-2018\/#primaryimage","url":"https:\/\/i0.wp.com\/www.jazzzeitung.de\/cms\/wp-content\/uploads\/2018\/07\/Bang-Aarset-Mazur-Molvaer-Foto-TJ-Krebs-jazzphotoagency%40web.de_.jpg?fit=1800%2C1200&ssl=1","contentUrl":"https:\/\/i0.wp.com\/www.jazzzeitung.de\/cms\/wp-content\/uploads\/2018\/07\/Bang-Aarset-Mazur-Molvaer-Foto-TJ-Krebs-jazzphotoagency%40web.de_.jpg?fit=1800%2C1200&ssl=1","width":1800,"height":1200,"caption":"Bang, Aarset, Mazur & Molvae. Foto: TJ Krebs jazzphotoagency@web.de"},{"@type":"BreadcrumbList","@id":"https:\/\/www.jazzzeitung.de\/cms\/2018\/07\/setzt-massstaebe-ottobrunner-jazzfest-2018\/#breadcrumb","itemListElement":[{"@type":"ListItem","position":1,"name":"Startseite","item":"https:\/\/www.jazzzeitung.de\/cms\/"},{"@type":"ListItem","position":2,"name":"Setzt Ma\u00dfst\u00e4be: Ottobrunner Jazzfest 2018"}]},{"@type":"WebSite","@id":"https:\/\/www.jazzzeitung.de\/cms\/#website","url":"https:\/\/www.jazzzeitung.de\/cms\/","name":"JazzZeitung","description":"Jazz-News und Jazz-Kontroverses","publisher":{"@id":"https:\/\/www.jazzzeitung.de\/cms\/#organization"},"potentialAction":[{"@type":"SearchAction","target":{"@type":"EntryPoint","urlTemplate":"https:\/\/www.jazzzeitung.de\/cms\/?s={search_term_string}"},"query-input":{"@type":"PropertyValueSpecification","valueRequired":true,"valueName":"search_term_string"}}],"inLanguage":"de"},{"@type":"Organization","@id":"https:\/\/www.jazzzeitung.de\/cms\/#organization","name":"JazzZeitung online","url":"https:\/\/www.jazzzeitung.de\/cms\/","logo":{"@type":"ImageObject","inLanguage":"de","@id":"https:\/\/www.jazzzeitung.de\/cms\/#\/schema\/logo\/image\/","url":"https:\/\/i0.wp.com\/www.jazzzeitung.de\/cms\/wp-content\/uploads\/2015\/08\/JAZZZEITUNGDE_Logo_Neu.png?fit=499%2C200&ssl=1","contentUrl":"https:\/\/i0.wp.com\/www.jazzzeitung.de\/cms\/wp-content\/uploads\/2015\/08\/JAZZZEITUNGDE_Logo_Neu.png?fit=499%2C200&ssl=1","width":499,"height":200,"caption":"JazzZeitung online"},"image":{"@id":"https:\/\/www.jazzzeitung.de\/cms\/#\/schema\/logo\/image\/"},"sameAs":["https:\/\/www.facebook.com\/JazzZeitung\/"]},{"@type":"Person","@id":"https:\/\/www.jazzzeitung.de\/cms\/#\/schema\/person\/2245b36b9cd1d24cea10f01c031fb92b","name":"Redaktion JazzZeitung","image":{"@type":"ImageObject","inLanguage":"de","@id":"https:\/\/i0.wp.com\/www.jazzzeitung.de\/cms\/wp-content\/uploads\/2015\/08\/JAZZZEITUNGDE_Logo_Neu.png?resize=96%2C96&ssl=159975dcacb611b5700bd619b5daf0a7a","url":"https:\/\/i0.wp.com\/www.jazzzeitung.de\/cms\/wp-content\/uploads\/2015\/08\/JAZZZEITUNGDE_Logo_Neu.png?resize=96%2C96&ssl=1","contentUrl":"https:\/\/i0.wp.com\/www.jazzzeitung.de\/cms\/wp-content\/uploads\/2015\/08\/JAZZZEITUNGDE_Logo_Neu.png?resize=96%2C96&ssl=1","caption":"Redaktion JazzZeitung"},"description":"Artikel der Redaktion der JazzZeitung.","sameAs":["http:\/\/www.jazzzeitung.de\/cms\/"],"url":"https:\/\/www.jazzzeitung.de\/cms\/author\/redaktion\/"}]}},"wp-worthy-pixel":{"ignored":false,"public":null,"server":null,"url":null},"wp-worthy-type":"normal","jetpack_publicize_connections":[],"cc_featured_image_caption":{"caption_text":"","source_text":"","source_url":""},"jetpack_featured_media_url":"https:\/\/i0.wp.com\/www.jazzzeitung.de\/cms\/wp-content\/uploads\/2018\/07\/Bang-Aarset-Mazur-Molvaer-Foto-TJ-Krebs-jazzphotoagency%40web.de_.jpg?fit=1800%2C1200&ssl=1","jetpack_shortlink":"https:\/\/wp.me\/p3KEcT-4k5","jetpack-related-posts":[{"id":16756,"url":"https:\/\/www.jazzzeitung.de\/cms\/2018\/07\/bildergalerie-molvaer-shakespeare-dunbar-aarset-und-delay-mit-nordub\/","url_meta":{"origin":16621,"position":0},"title":"Bildergalerie: Molvaer, Shakespeare, Dunbar, Aarset und Delay mit &#8222;Nordub&#8220;","author":"Redaktion JazzZeitung","date":"28. Juli 2018","format":false,"excerpt":"Nils Petter Molvaer (tp), Robbie Shakespeare (b), Sly Dunbar (dr), Eivind Aarset (g), Vladislav Delay (electronics) und ihr Projekt \"Nordub\" in der M\u00fcnchner Unterfahrt:\u00a0Dub the Reggae. Die Jamaikaner Sly + Robbie tummeln sich schon seit den fr\u00fchen 70er-Jahren in diversen Reggaebands. Als Rhythmusgruppe ihrer Band Black Uhuru erhielten sie 1985\u2026","rel":"","context":"In &quot;Galerie&quot;","block_context":{"text":"Galerie","link":"https:\/\/www.jazzzeitung.de\/cms\/thema\/galerie\/"},"img":{"alt_text":"","src":"https:\/\/i0.wp.com\/www.jazzzeitung.de\/cms\/wp-content\/uploads\/2018\/07\/0K3A5251-Molvaer-Delay-c-Ralf-Dombrowski.jpg?fit=1200%2C857&ssl=1&resize=350%2C200","width":350,"height":200,"srcset":"https:\/\/i0.wp.com\/www.jazzzeitung.de\/cms\/wp-content\/uploads\/2018\/07\/0K3A5251-Molvaer-Delay-c-Ralf-Dombrowski.jpg?fit=1200%2C857&ssl=1&resize=350%2C200 1x, https:\/\/i0.wp.com\/www.jazzzeitung.de\/cms\/wp-content\/uploads\/2018\/07\/0K3A5251-Molvaer-Delay-c-Ralf-Dombrowski.jpg?fit=1200%2C857&ssl=1&resize=525%2C300 1.5x, https:\/\/i0.wp.com\/www.jazzzeitung.de\/cms\/wp-content\/uploads\/2018\/07\/0K3A5251-Molvaer-Delay-c-Ralf-Dombrowski.jpg?fit=1200%2C857&ssl=1&resize=700%2C400 2x, https:\/\/i0.wp.com\/www.jazzzeitung.de\/cms\/wp-content\/uploads\/2018\/07\/0K3A5251-Molvaer-Delay-c-Ralf-Dombrowski.jpg?fit=1200%2C857&ssl=1&resize=1050%2C600 3x"},"classes":[]},{"id":7232,"url":"https:\/\/www.jazzzeitung.de\/cms\/2015\/10\/jazzprogramm-im-oktober\/","url_meta":{"origin":16621,"position":1},"title":"+++ News +++ Jazz in Frankfurt, Stuttgart und Leipzig +++","author":"Redaktion JazzZeitung","date":"8. Oktober 2015","format":false,"excerpt":"Jazzinitiative Frankfurt Am Sonntag, den 25. Oktober 2015 um 20.30 Uhr pr\u00e4sentiert die Jazzinitiative Frankfurt das Diego Pi\u00f1era Quartet im Club Voltaire. Hier steht ein gro\u00dfartiger junger Drummer, Percussionist und Komponist kurz vor seinem Durchbruch. Diego Pi\u00f1era war f\u00fcr den ECHO JAZZ 2015 unter der Kategorie \"Instrumentalist des Jahres\" nominiert.\u2026","rel":"","context":"In &quot;News&quot;","block_context":{"text":"News","link":"https:\/\/www.jazzzeitung.de\/cms\/thema\/nachrichten\/"},"img":{"alt_text":"Diego Pi\u00f1era in Aktion. Foto: Band","src":"https:\/\/i0.wp.com\/www.jazzzeitung.de\/cms\/wp-content\/uploads\/2015\/10\/diegopinera_Action-150x150.jpg?resize=350%2C200","width":350,"height":200},"classes":[]},{"id":9720,"url":"https:\/\/www.jazzzeitung.de\/cms\/2016\/07\/der-jazz-sommer-im-bayerischen-hof-eine-fotografische-nachlese\/","url_meta":{"origin":16621,"position":2},"title":"Der Jazz Sommer im Bayerischen Hof &#8211; eine fotografische Nachlese","author":"Redaktion JazzZeitung","date":"26. Juli 2016","format":false,"excerpt":"Text und Fotos: TJ Krebs - Gut eine Woche gaben sich internationale Jazz Gr\u00f6\u00dfen die Klinke in die Hand und verwandelten das M\u00fcnchner Hotel Bayerischer Hof in ein Jazz-Mekka zu dem die Fans pilgerten. Angefangen von Marcus Miller, der den Festsaal zum Kochen brachte, \u00fcber bluesige Kl\u00e4nge von Robben Ford\u2026","rel":"","context":"In &quot;Galerie&quot;","block_context":{"text":"Galerie","link":"https:\/\/www.jazzzeitung.de\/cms\/thema\/galerie\/"},"img":{"alt_text":"","src":"https:\/\/i0.wp.com\/www.jazzzeitung.de\/cms\/wp-content\/uploads\/2016\/07\/01-P1130165-Marcus-Miller-Foto-TJ-Krebs-1.jpg?resize=350%2C200","width":350,"height":200,"srcset":"https:\/\/i0.wp.com\/www.jazzzeitung.de\/cms\/wp-content\/uploads\/2016\/07\/01-P1130165-Marcus-Miller-Foto-TJ-Krebs-1.jpg?resize=350%2C200 1x, https:\/\/i0.wp.com\/www.jazzzeitung.de\/cms\/wp-content\/uploads\/2016\/07\/01-P1130165-Marcus-Miller-Foto-TJ-Krebs-1.jpg?resize=525%2C300 1.5x"},"classes":[]},{"id":17554,"url":"https:\/\/www.jazzzeitung.de\/cms\/2018\/10\/nachlese-jazz-the-city-salzburg-2018\/","url_meta":{"origin":16621,"position":3},"title":"Nachlese: Jazz &#038; The City Salzburg 2018","author":"Redaktion JazzZeitung","date":"25. Oktober 2018","format":false,"excerpt":"Text und Fotos von Ralf Dombrowski. Schon faszinierend, eine Stadt, der man architektonisch anmerkt, dass sie Musik mag. Ein Saal wie das Solit\u00e4r im Neubau des Mozarteums mit gro\u00dfem Panoramafenster Richtung M\u00f6nchsberg w\u00e4re andernorts wom\u00f6glich Immobilienspekulanten zum Opfer gefallen, denn exklusiver geht es kaum. Salzburg aber leistet sich Musik, angedockt\u2026","rel":"","context":"In &quot;Galerie&quot;","block_context":{"text":"Galerie","link":"https:\/\/www.jazzzeitung.de\/cms\/thema\/galerie\/"},"img":{"alt_text":"","src":"https:\/\/i0.wp.com\/www.jazzzeitung.de\/cms\/wp-content\/uploads\/2018\/10\/DSC06776-Samb-c-Ralf-Dombrowski.jpg?fit=1200%2C803&ssl=1&resize=350%2C200","width":350,"height":200,"srcset":"https:\/\/i0.wp.com\/www.jazzzeitung.de\/cms\/wp-content\/uploads\/2018\/10\/DSC06776-Samb-c-Ralf-Dombrowski.jpg?fit=1200%2C803&ssl=1&resize=350%2C200 1x, https:\/\/i0.wp.com\/www.jazzzeitung.de\/cms\/wp-content\/uploads\/2018\/10\/DSC06776-Samb-c-Ralf-Dombrowski.jpg?fit=1200%2C803&ssl=1&resize=525%2C300 1.5x, https:\/\/i0.wp.com\/www.jazzzeitung.de\/cms\/wp-content\/uploads\/2018\/10\/DSC06776-Samb-c-Ralf-Dombrowski.jpg?fit=1200%2C803&ssl=1&resize=700%2C400 2x, https:\/\/i0.wp.com\/www.jazzzeitung.de\/cms\/wp-content\/uploads\/2018\/10\/DSC06776-Samb-c-Ralf-Dombrowski.jpg?fit=1200%2C803&ssl=1&resize=1050%2C600 3x"},"classes":[]},{"id":7022,"url":"https:\/\/www.jazzzeitung.de\/cms\/2015\/09\/zweite-ausgabe-der-montreux-jazz-aacademy-vom-5-bis-11-oktober-2015\/","url_meta":{"origin":16621,"position":4},"title":"Zweite Ausgabe der Montreux Jazz Academy vom 5. bis 11. Oktober 2015","author":"Redaktion JazzZeitung","date":"13. September 2015","format":false,"excerpt":"Anl\u00e4sslich der zweiten Ausgabe vom 5.-11. Oktober 2015 sind bei der Montreux Jazz Academy zehn junge Musiker aus der ganzen Welt zu Gast.\u00a0 Yaron Herman, Al Jarreau, Ziv Ravitz, Nils Petter Molv\u00e6r, Kurt Rosenwinkel und Joe Sanders werden als Mentoren anwesend sein. Das Publikum kann dabei t\u00e4glich und kostenlos von\u2026","rel":"","context":"In &quot;News&quot;","block_context":{"text":"News","link":"https:\/\/www.jazzzeitung.de\/cms\/thema\/nachrichten\/"},"img":{"alt_text":"Die sechs Mentoren (v.li.oben): Yaron Herman, Al Jarreau, Ziv Ravitz, Nils Petter Molvaer, Kurt Rosenwinkel und Joe Sanders. Foto: Montreux Jazz Academy","src":"https:\/\/i0.wp.com\/www.jazzzeitung.de\/cms\/wp-content\/uploads\/2015\/09\/Montreux-150x150.jpg?resize=350%2C200","width":350,"height":200},"classes":[]},{"id":32663,"url":"https:\/\/www.jazzzeitung.de\/cms\/2025\/06\/grosses-kinoaugsburger-jazzsommerunterfoehringer-jazz-weekendjazz-sommer-im-bayerischen-hof\/","url_meta":{"origin":16621,"position":5},"title":"+++ Gro\u00dfes Kino: +++ Augsburger Jazzsommer +++ Unterf\u00f6hringer Jazz-Weekend +++ Jazz Sommer im Bayerischen Hof","author":"Thomas J. Krebs","date":"17. Juni 2025","format":false,"excerpt":"Sommerzeit ist Festivalzeit, nicht nur im Rockbereich, sondern auch im Jazz und das hierzulande mit einer jahrzehntelangen Tradition.\u00a0 Das bedeutet gerade im Monat Juli eine pr\u00e4zise Terminplanung. Gl\u00fccklicherweise gibt es dieses Jahr wenig \u00dcberschneidungen, was die bevorstehenden Konzerte in Augsburg, Unterf\u00f6hring und M\u00fcnchen betrifft. Die Qual der Wahl hat man\u2026","rel":"","context":"In &quot;News&quot;","block_context":{"text":"News","link":"https:\/\/www.jazzzeitung.de\/cms\/thema\/nachrichten\/"},"img":{"alt_text":"","src":"https:\/\/i0.wp.com\/www.jazzzeitung.de\/cms\/wp-content\/uploads\/2025\/06\/P1188820-McBride-Foto-TJ-Krebs.jpg?fit=1200%2C833&ssl=1&resize=350%2C200","width":350,"height":200,"srcset":"https:\/\/i0.wp.com\/www.jazzzeitung.de\/cms\/wp-content\/uploads\/2025\/06\/P1188820-McBride-Foto-TJ-Krebs.jpg?fit=1200%2C833&ssl=1&resize=350%2C200 1x, https:\/\/i0.wp.com\/www.jazzzeitung.de\/cms\/wp-content\/uploads\/2025\/06\/P1188820-McBride-Foto-TJ-Krebs.jpg?fit=1200%2C833&ssl=1&resize=525%2C300 1.5x, https:\/\/i0.wp.com\/www.jazzzeitung.de\/cms\/wp-content\/uploads\/2025\/06\/P1188820-McBride-Foto-TJ-Krebs.jpg?fit=1200%2C833&ssl=1&resize=700%2C400 2x, https:\/\/i0.wp.com\/www.jazzzeitung.de\/cms\/wp-content\/uploads\/2025\/06\/P1188820-McBride-Foto-TJ-Krebs.jpg?fit=1200%2C833&ssl=1&resize=1050%2C600 3x"},"classes":[]}],"jetpack_sharing_enabled":true,"_links":{"self":[{"href":"https:\/\/www.jazzzeitung.de\/cms\/wp-json\/wp\/v2\/posts\/16621","targetHints":{"allow":["GET"]}}],"collection":[{"href":"https:\/\/www.jazzzeitung.de\/cms\/wp-json\/wp\/v2\/posts"}],"about":[{"href":"https:\/\/www.jazzzeitung.de\/cms\/wp-json\/wp\/v2\/types\/post"}],"author":[{"embeddable":true,"href":"https:\/\/www.jazzzeitung.de\/cms\/wp-json\/wp\/v2\/users\/18"}],"replies":[{"embeddable":true,"href":"https:\/\/www.jazzzeitung.de\/cms\/wp-json\/wp\/v2\/comments?post=16621"}],"version-history":[{"count":3,"href":"https:\/\/www.jazzzeitung.de\/cms\/wp-json\/wp\/v2\/posts\/16621\/revisions"}],"predecessor-version":[{"id":16634,"href":"https:\/\/www.jazzzeitung.de\/cms\/wp-json\/wp\/v2\/posts\/16621\/revisions\/16634"}],"wp:featuredmedia":[{"embeddable":true,"href":"https:\/\/www.jazzzeitung.de\/cms\/wp-json\/wp\/v2\/media\/16623"}],"wp:attachment":[{"href":"https:\/\/www.jazzzeitung.de\/cms\/wp-json\/wp\/v2\/media?parent=16621"}],"wp:term":[{"taxonomy":"category","embeddable":true,"href":"https:\/\/www.jazzzeitung.de\/cms\/wp-json\/wp\/v2\/categories?post=16621"},{"taxonomy":"post_tag","embeddable":true,"href":"https:\/\/www.jazzzeitung.de\/cms\/wp-json\/wp\/v2\/tags?post=16621"},{"taxonomy":"author","embeddable":true,"href":"https:\/\/www.jazzzeitung.de\/cms\/wp-json\/wp\/v2\/coauthors?post=16621"}],"curies":[{"name":"wp","href":"https:\/\/api.w.org\/{rel}","templated":true}]}}